{"id":121243,"date":"2026-05-02T10:15:18","date_gmt":"2026-05-02T13:15:18","guid":{"rendered":"https:\/\/ubirataonline.com.br\/un-foro-sobre-derechos-de-inmigracion-empodera-a-la-comunidad-del-condado-de-imperial\/"},"modified":"2026-05-02T10:15:20","modified_gmt":"2026-05-02T13:15:20","slug":"un-foro-sobre-derechos-de-inmigracion-empodera-a-la-comunidad-del-condado-de-imperial","status":"publish","type":"post","link":"https:\/\/ubirataonline.com.br\/en\/un-foro-sobre-derechos-de-inmigracion-empodera-a-la-comunidad-del-condado-de-imperial\/","title":{"rendered":"Un foro sobre derechos de inmigraci\u00f3n empodera a la comunidad del Condado de Imperial"},"content":{"rendered":"<p><br \/>\n<\/p>\n<div>\n<p>EL CENTRO \u2014 Los Amigos De La Comunidad, una organizaci\u00f3n sin fines de lucro, organiz\u00f3 un panel sobre inmigraci\u00f3n y un foro informativo, en colaboraci\u00f3n con otras organizaciones de defensa de los derechos de los inmigrantes, con el objetivo de empoderar a las familias para que logren obtener un estatus legal y aprendan a prepararse ante las crecientes injusticias.<\/p>\n<p>El foro, celebrado en la Biblioteca P\u00fablica de El Centro el viernes 24 de abril, cont\u00f3 con la participaci\u00f3n de organizaciones que ofrecen recursos para inmigrantes, tales como TODEC (Training Occupational Development Educating Communities), el Consulado de M\u00e9xico y Agxibel Barajas, una abogada con sede en Indio.<\/p>\n<p>\u201cNuestro foro sobre inmigraci\u00f3n y ciudadan\u00eda se basa en la solidaridad. Cuando un miembro de nuestra comunidad se siente inseguro o ignorado, todos lo sentimos\u201d, dijo Peter Martinez, coorganizador del foro. \u201cOfrecer este foro de forma gratuita fue un acto de generosidad; nos aseguramos de que todos, independientemente de sus circunstancias, tengan un lugar donde encontrar respuestas y esperanza.\u201d<\/p>\n<p>Cada organizaci\u00f3n participante realiz\u00f3 una presentaci\u00f3n ante los asistentes acerca de los recursos que ofrecen a los inmigrantes y a los residentes legales; un tema recurrente en todas las presentaciones fue que incluso los residentes que cuentan con la documentaci\u00f3n adecuada han sido objeto de perfilamiento racial y han visto vulnerados sus derechos por parte de las agencias de control de inmigraci\u00f3n.<\/p>\n<figure class=\"wp-block-image size-large\"><a href=\"https:\/\/calexicochronicle.com\/wp-content\/uploads\/2026\/04\/IMG_5297-1-scaled.jpg\"><img loading=\"lazy\" decoding=\"async\" width=\"1024\" height=\"768\" src=\"https:\/\/calexicochronicle.com\/wp-content\/uploads\/2026\/04\/IMG_5297-1-1024x768.jpg\" alt=\"\" class=\"wp-image-208442 lazyload\" srcset=\"https:\/\/calexicochronicle.com\/wp-content\/uploads\/2026\/04\/IMG_5297-1-1024x768.jpg 1024w, https:\/\/calexicochronicle.com\/wp-content\/uploads\/2026\/04\/IMG_5297-1-300x225.jpg 300w, https:\/\/calexicochronicle.com\/wp-content\/uploads\/2026\/04\/IMG_5297-1-849x637.jpg 849w, https:\/\/calexicochronicle.com\/wp-content\/uploads\/2026\/04\/IMG_5297-1-1536x1152.jpg 1536w, https:\/\/calexicochronicle.com\/wp-content\/uploads\/2026\/04\/IMG_5297-1-372x279.jpg 372w, https:\/\/calexicochronicle.com\/wp-content\/uploads\/2026\/04\/IMG_5297-1-1479x1109.jpg 1479w, https:\/\/calexicochronicle.com\/wp-content\/uploads\/2026\/04\/IMG_5297-1-scaled.jpg 1200w\" sizes=\"auto, (max-width: 1024px) 100vw, 1024px\"\/><\/a><figcaption class=\"wp-element-caption\">Frances Beope realiza una presentaci\u00f3n en el \u00abPanel de Inmigraci\u00f3n y Foro de Recursos\u00bb, abordando el impacto de las operaciones del ICE en California, en la Biblioteca P\u00fablica de El Centro, el viernes 24 de abril. | FOTO DE YAMIR AGUILAR<\/figcaption><\/figure>\n<p>\u201cEl aumento de las actividades migratorias por parte del ICE y la cobertura medi\u00e1tica al respecto han afectado a nuestra comunidad, a nuestras familias y, lo que es m\u00e1s preocupante, a los ni\u00f1os, que son quienes m\u00e1s sufren las consecuencias. Esta es nuestra manera de apoyar a esa comunidad vulnerable en estos tiempos dif\u00edciles\u201d, declar\u00f3 Isabel Solis, presidenta de Los Amigos De La Comunidad.<\/p>\n<p>Hist\u00f3ricamente, TODEC ha prestado servicios en el Valle de Coachella y en Riverside, pero tambi\u00e9n ofrece sus servicios en todo el estado de California, incluido el Condado de Imperial.<\/p>\n<p>Ismael Cruz, coordinador de participaci\u00f3n c\u00edvica en TODEC, present\u00f3 los servicios del centro legal, los cuales incluyen asistencia jur\u00eddica gratuita para casos de inmigraci\u00f3n. Cruz explic\u00f3 que el hecho de que los residentes obtengan un estatus legal constituye un gran paso; sin embargo, el objetivo fundamental es lograr obtener la ciudadan\u00eda.<\/p>\n<p>\u201cLes ense\u00f1amos sus derechos b\u00e1sicos garantizados por la Constituci\u00f3n, a tener un plan en caso de que los detenga inmigraci\u00f3n, \u00bfqu\u00e9 pasa si tienen hijos?\u201d, dijo Cruz. \u00abNecesitamos contar con un plan familiar para este tipo de emergencias\u00bb.<\/p>\n<p>TODEC no solo brinda asistencia para la obtenci\u00f3n de la ciudadan\u00eda, sino que tambi\u00e9n apoya a las personas ofreci\u00e9ndoles asistencia legal gratuita en relaci\u00f3n con el programa DACA (Acci\u00f3n Diferida para los Llegados en la Infancia), con el fin de asegurar que puedan continuar con sus estudios.<\/p>\n<figure class=\"wp-block-image size-large\"><a href=\"https:\/\/calexicochronicle.com\/wp-content\/uploads\/2026\/04\/IMG_5318-1-scaled.jpg\"><img decoding=\"async\" src=\"https:\/\/calexicochronicle.com\/wp-content\/uploads\/2026\/04\/IMG_5318-1-1024x768.jpg\" alt=\"\" class=\"wp-image-208443 lazyload\"\/><img loading=\"lazy\" decoding=\"async\" width=\"1024\" height=\"768\" src=\"https:\/\/calexicochronicle.com\/wp-content\/uploads\/2026\/04\/IMG_5318-1-1024x768.jpg\" alt=\"\" class=\"wp-image-208443 lazyload\" srcset=\"https:\/\/calexicochronicle.com\/wp-content\/uploads\/2026\/04\/IMG_5318-1-1024x768.jpg 1024w, https:\/\/calexicochronicle.com\/wp-content\/uploads\/2026\/04\/IMG_5318-1-300x225.jpg 300w, https:\/\/calexicochronicle.com\/wp-content\/uploads\/2026\/04\/IMG_5318-1-849x637.jpg 849w, https:\/\/calexicochronicle.com\/wp-content\/uploads\/2026\/04\/IMG_5318-1-1536x1152.jpg 1536w, https:\/\/calexicochronicle.com\/wp-content\/uploads\/2026\/04\/IMG_5318-1-372x279.jpg 372w, https:\/\/calexicochronicle.com\/wp-content\/uploads\/2026\/04\/IMG_5318-1-1479x1109.jpg 1479w, https:\/\/calexicochronicle.com\/wp-content\/uploads\/2026\/04\/IMG_5318-1-scaled.jpg 1200w\" sizes=\"auto, (max-width: 1024px) 100vw, 1024px\"\/><\/a><figcaption class=\"wp-element-caption\">La abogada Agxibel Barajas ofrece una charla informativa sobre las medidas que los inmigrantes pueden adoptar para prepararse ante la posible intervenci\u00f3n de las autoridades de inmigraci\u00f3n y para avanzar en su proceso hacia la obtenci\u00f3n de la ciudadan\u00eda; viernes 24 de abril. | FOTO DE YAMIR AGUILAR<\/figcaption><\/figure>\n<p>\u201cSabemos que DACA se est\u00e1 debatiendo en la Corte Suprema; hay muchas preguntas sobre lo que suceder\u00e1, mucha incertidumbre, pero en TODEC seguimos trabajando con estudiantes universitarios y pagando sus cuotas de renovaci\u00f3n de DACA\u201d, dijo Cruz.<\/p>\n<p>DACA, creado en 2012, tiene como objetivo proteger de la deportaci\u00f3n a los j\u00f3venes que llegaron a los Estados Unidos de manera indocumentada antes de 2007. Sin embargo, una decisi\u00f3n reciente publicada el viernes 24 de abril por la Junta de Apelaciones de Inmigraci\u00f3n sent\u00f3 un precedente preocupante al establecer que ser beneficiario de DACA no es suficiente para evitar la deportaci\u00f3n.<\/p>\n<p>Cruz tambi\u00e9n present\u00f3 una l\u00ednea de emergencia disponible las 24 horas del d\u00eda, los 7 d\u00edas de la semana, para acceder a asesor\u00eda legal gratuita destinada a personas detenidas o en riesgo de serlo, as\u00ed como para que los miembros de la comunidad reporten y confirmen actividades del ICE. Esta l\u00ednea de emergencia presta servicio al Valle de Coachella y al Inland Empire a trav\u00e9s del n\u00famero 951-388-2008.<\/p>\n<p>Frances Beope, activista comunitaria, habl\u00f3 sobre las violaciones de derechos humanos y legales de la Operaci\u00f3n Devoluci\u00f3n al Remitente, una operaci\u00f3n del ICE en 2025 que result\u00f3 en redadas masivas de presuntos inmigrantes.<\/p>\n<p>\u201cLa raza, el origen \u00e9tnico o la ocupaci\u00f3n de una persona no pueden justificar una detenci\u00f3n, ni tampoco su negativa a responder preguntas voluntarias\u201d, dijo Beope. \u201cLa operaci\u00f3n \u2018Devoluci\u00f3n al remitente\u2019 ignor\u00f3 deliberadamente estos mandatos legales.\u201d<\/p>\n<p>La operaci\u00f3n tuvo como objetivo y detuvo a personas de color que aparentaban ser trabajadores agr\u00edcolas, independientemente de su estatus migratorio, explic\u00f3 Beope. La Patrulla Fronteriza inform\u00f3 haber realizado 78 detenciones durante la operaci\u00f3n de enero de 2025, de las cuales solo una correspond\u00eda a una persona con antecedentes penales previos.<\/p>\n<p>\u201cEn la ma\u00f1ana del 8 de enero de 2025, un agente de la Patrulla Fronteriza detuvo a un ciudadano estadounidense que trabajaba como jardinero y transportaba un remolque lleno de herramientas de jardiner\u00eda. Cuando se neg\u00f3 a entregar las llaves de su camioneta al agente que lo hab\u00eda detenido, este le pinch\u00f3 las llantas\u201d, relat\u00f3 Beope.<\/p>\n<p>\u201cCuando su pasajero no abri\u00f3 inmediatamente la puerta del lado del pasajero, el agente amenaz\u00f3 con romper la ventanilla. Cuando el pasajero baj\u00f3 la ventanilla, el agente lo sac\u00f3 a rastras del veh\u00edculo.\u201d<\/p>\n<p>\u201cComo comunidad, debemos apoyarnos mutuamente; esto nunca termina\u201d, dijo Beope al concluir su presentaci\u00f3n. La abogada Agxibel Barajas, fundadora de The Barajas Law Firm, APC, comenz\u00f3 su presentaci\u00f3n conteniendo las l\u00e1grimas, conmovida por el apoyo comunitario manifestado en el foro y al escuchar los relatos sobre las dificultades que enfrentan los inmigrantes debido a la intensa aplicaci\u00f3n de las leyes de inmigraci\u00f3n.<\/p>\n<p>Barajas, quien ha ejercido la abogac\u00eda durante 13 a\u00f1os, explic\u00f3 que los \u00faltimos a\u00f1os \u2014marcados por una mayor atenci\u00f3n y perjuicios hacia los inmigrantes\u2014 han sido los m\u00e1s dif\u00edciles de su carrera.<\/p>\n<p>\u201cMe gustar\u00eda decirles que el gobierno est\u00e1 cumpliendo la ley, pero no es as\u00ed\u201d, afirm\u00f3 Barajas. \u201cMe gustar\u00eda decirles que tenemos derechos y que esos derechos ser\u00e1n respetados; sin embargo, acabamos de ver a Frances darnos un ejemplo v\u00edvido de la realidad que muchos est\u00e1n viviendo\u201d.<\/p>\n<div class=\"inline-post clearfix\">\n<p>See also<\/p>\n<div id=\"block-wrap-15439\" class=\"block-wrap-native block-wrap block-wrap-23 block-css-15439 block-wrap-classic columns__m--1 elements-design-2 block-ani block-skin-0 tipi-box block-wrap-thumbnail ppl-m-1 clearfix\" data-id=\"15439\" data-base=\"0\">\n<div class=\"tipi-row-inner-style clearfix\">\n<div class=\"tipi-row-inner-box contents sticky--wrap\">\n<div class=\"block block-23 clearfix\">\n<article class=\"tipi-xs-12 clearfix with-fi ani-base tipi-xs-typo split-1 split-design-1 loop-0 preview-thumbnail preview-23 elements-design-2 post-208333 post type-post status-publish format-standard has-post-thumbnail hentry category-es\">\n<div class=\"preview-mini-wrap clearfix\">\n<div class=\"mask\"><a href=\"https:\/\/calexicochronicle.com\/2026\/04\/22\/mesa-redonda-ofrece-informacion-sobre-temas-relacionados-con-el-valle-del-litio\/\" class=\"mask-img\"><img loading=\"lazy\" decoding=\"async\" width=\"100\" height=\"100\" class=\"attachment-thumbnail size-thumbnail wp-post-image lazyload\" alt=\"\" src=\"https:\/\/calexicochronicle.com\/wp-content\/uploads\/2026\/04\/lithium-1-1479x1109-1-100x100.jpg\" srcset=\"https:\/\/calexicochronicle.com\/wp-content\/uploads\/2026\/04\/lithium-1-1479x1109-1-100x100.jpg 100w, https:\/\/calexicochronicle.com\/wp-content\/uploads\/2026\/04\/lithium-1-1479x1109-1-293x293.jpg 293w, https:\/\/calexicochronicle.com\/wp-content\/uploads\/2026\/04\/lithium-1-1479x1109-1-372x372.jpg 372w, https:\/\/calexicochronicle.com\/wp-content\/uploads\/2026\/04\/lithium-1-1479x1109-1-469x469.jpg 469w, https:\/\/calexicochronicle.com\/wp-content\/uploads\/2026\/04\/lithium-1-1479x1109-1-664x664.jpg 664w, https:\/\/calexicochronicle.com\/wp-content\/uploads\/2026\/04\/lithium-1-1479x1109-1-979x979.jpg 979w\" data-sizes=\"auto\" data-eio-rwidth=\"100\" data-eio-rheight=\"100\"\/><img loading=\"lazy\" decoding=\"async\" width=\"100\" height=\"100\" src=\"https:\/\/calexicochronicle.com\/wp-content\/uploads\/2026\/04\/lithium-1-1479x1109-1-100x100.jpg\" class=\"attachment-thumbnail size-thumbnail wp-post-image\" alt=\"\" srcset=\"https:\/\/calexicochronicle.com\/wp-content\/uploads\/2026\/04\/lithium-1-1479x1109-1-100x100.jpg 100w, https:\/\/calexicochronicle.com\/wp-content\/uploads\/2026\/04\/lithium-1-1479x1109-1-293x293.jpg 293w, https:\/\/calexicochronicle.com\/wp-content\/uploads\/2026\/04\/lithium-1-1479x1109-1-372x372.jpg 372w, https:\/\/calexicochronicle.com\/wp-content\/uploads\/2026\/04\/lithium-1-1479x1109-1-469x469.jpg 469w, https:\/\/calexicochronicle.com\/wp-content\/uploads\/2026\/04\/lithium-1-1479x1109-1-664x664.jpg 664w, https:\/\/calexicochronicle.com\/wp-content\/uploads\/2026\/04\/lithium-1-1479x1109-1-979x979.jpg 979w\" sizes=\"auto, (max-width: 100px) 100vw, 100px\" data-eio=\"l\"\/><\/a><\/div>\n<\/div>\n<\/article>\n<\/div>\n<\/div>\n<\/div>\n<\/div>\n<\/div>\n<p>Barajas ofreci\u00f3 una presentaci\u00f3n detallada sobre los diversos procesos que las personas pueden seguir para obtener la ciudadan\u00eda y sobre sus derechos b\u00e1sicos, con el fin de que sepan c\u00f3mo interactuar con las agencias de inmigraci\u00f3n.<\/p>\n<p>Barajas hizo hincapi\u00e9 en que las personas deben estar preparadas para situaciones de emergencia, en caso de ser detenidas y arrestadas por el ICE.<\/p>\n<p>Un buen plan para garantizar la asistencia legal m\u00e1s eficaz en caso de arresto consiste en tener preparados y organizados de antemano todos los documentos pertinentes, incluidos aquellos que acrediten la identidad, la permanencia en los Estados Unidos, as\u00ed como cualquier prueba m\u00e9dica o evidencia de dificultades extraordinarias.<\/p>\n<p>Barajas continu\u00f3 explicando que las personas tambi\u00e9n deber\u00edan designar a un familiar o amigo que pueda actuar con rapidez para localizar los documentos y contactar a un abogado.<\/p>\n<p>Asimismo, explic\u00f3 las formas en que los inmigrantes pueden minimizar los motivos por los cuales se les podr\u00eda denegar una solicitud de ciudadan\u00eda, lo que incluye ser conscientes de su huella digital.<\/p>\n<p>\u201cAsume que todo lo que publiques puede usarse en tu contra en cualquier momento. Las redes sociales pueden acarrear muchos problemas, ya sea que afecten la petici\u00f3n de un familiar o una solicitud de naturalizaci\u00f3n\u201d, dijo Barajas. Si compartes un meme pol\u00edtico sobre nuestro presidente, eso podr\u00eda interpretarse como una agresi\u00f3n contra el gobierno de Estados Unidos; eso es motivo suficiente para negarte la ciudadan\u00eda. Piensa antes de compartir. Michael Antonio Morales, uno de los asistentes al foro, coment\u00f3 que se march\u00f3 del evento bien informado, se\u00f1alando que mantenerse al d\u00eda es una necesidad para todos, ya sean ciudadanos de pleno derecho o personas que se encuentran en proceso de obtener la ciudadan\u00eda.<\/p>\n<p>\u201cVine con el prop\u00f3sito de obtener la mayor cantidad de informaci\u00f3n posible, no solo para mi beneficio, sino para poder compartirla con otras personas\u201d, dijo Morales. \u201cSi bien es posible que no haya logrado asimilarlo todo, al menos s\u00e9 a qui\u00e9n puedo remitir a los dem\u00e1s. Con suerte, esto servir\u00e1 de ayuda para alguien y, ya saben, nos brindar\u00e1 a todos una mayor tranquilidad \u2014aunque sea solo un poco\u2014, pues ahora contamos con el empoderamiento que otorga la educaci\u00f3n\u201d.<\/p>\n<p>Solis comparti\u00f3 que, si bien muchos miembros de la comunidad interactuaron con los anuncios en l\u00ednea publicados por la organizaci\u00f3n \u00abLos Amigos De La Comunidad\u00bb en los d\u00edas previos al evento, un n\u00famero considerable opt\u00f3 por no asistir al foro debido al temor de ser interceptados por las autoridades de inmigraci\u00f3n. A pesar de que muchos residentes se mostraron reacios a asistir en persona, un buen n\u00famero de ellos sigui\u00f3 las presentaciones y accedi\u00f3 a la informaci\u00f3n a trav\u00e9s de una transmisi\u00f3n en vivo del foro realizada en Facebook.<\/p>\n<p>Eric Montoya Reyes, director ejecutivo de \u201cLos Amigos De La Comunidad\u201d, sostiene la siguiente convicci\u00f3n: \u201cLa fortaleza de una comunidad se mide por su capacidad para brindar apoyo a sus sectores m\u00e1s vulnerables. Este foro representa nuestro esfuerzo colectivo por fortalecer a la comunidad inmigrante, la cual se enfrenta actualmente a la incertidumbre, a la toma de decisiones dif\u00edciles y a la duda sobre en qui\u00e9n confiar para obtener la informaci\u00f3n y los recursos que necesita\u201d.<\/p>\n<\/p><\/div>\n<p><script>\n  !function(f,b,e,v,n,t,s)\n  {if(f.fbq)return;n=f.fbq=function(){n.callMethod?\n  n.callMethod.apply(n,arguments):n.queue.push(arguments)};\n  if(!f._fbq)f._fbq=n;n.push=n;n.loaded=!0;n.version='2.0';\n  n.queue=[];t=b.createElement(e);t.async=!0;\n  t.src=v;s=b.getElementsByTagName(e)[0];\n  s.parentNode.insertBefore(t,s)}(window, document,'script',\n  'https:\/\/connect.facebook.net\/en_US\/fbevents.js');\n  fbq('init', '502023807663205');\n  fbq('track', 'PageView');\n<\/script><script>(function(d, s, id) {\n\t\tvar js, fjs = d.getElementsByTagName(s)[0];\n\t\tif (d.getElementById(id)) return;\n\t\tjs = d.createElement(s); js.id = id;\n\t\tjs.src=\"https:\/\/connect.facebook.net\/en_US\/sdk.js#xfbml=1&version=v3.2\";\n\t  fjs.parentNode.insertBefore(js, fjs);\n\t}(document, 'script', 'facebook-jssdk'));<\/script><br \/>\n<br \/><br \/>\n<br \/><a href=\"https:\/\/calexicochronicle.com\/2026\/04\/29\/un-foro-sobre-derechos-de-inmigracion-empodera-a-la-comunidad-del-condado-de-imperial\/\">Source link <\/a><\/p>\n","protected":false},"excerpt":{"rendered":"<p>EL CENTRO \u2014 Los Amigos De La Comunidad, una organizaci\u00f3n sin fines de lucro, organiz\u00f3 un panel sobre inmigraci\u00f3n y un foro informativo, en colaboraci\u00f3n con otras organizaciones de defensa de los derechos de los inmigrantes, con el objetivo de empoderar a las familias para que logren obtener un estatus legal y aprendan a prepararse [&hellip;]<\/p>\n","protected":false},"author":1,"featured_media":121244,"comment_status":"closed","ping_status":"","sticky":false,"template":"","format":"standard","meta":{"googlesitekit_rrm_CAow2JLhCw:productID":"","_gspb_post_css":"","maa_idioma":"","maa_pais":"","footnotes":""},"categories":[1],"tags":[32972,32973,4161,21759,32971,32969,27462,32970,3203],"class_list":["post-121243","post","type-post","status-publish","format-standard","has-post-thumbnail","hentry","category-ubirata","tag-comunidad","tag-condado","tag-del","tag-derechos","tag-empodera","tag-foro","tag-imperial","tag-inmigracion","tag-sobre"],"blocksy_meta":[],"yoast_head":"<!-- This site is optimized with the Yoast SEO Premium plugin v27.6 (Yoast SEO v27.6) - https:\/\/yoast.com\/product\/yoast-seo-premium-wordpress\/ -->\n<title>Un foro sobre derechos de inmigraci\u00f3n empodera a la comunidad del Condado de Imperial - Ubirat\u00e3 Online Not\u00edcias - A realidade ao seu alcance!<\/title>\n<meta name=\"description\" content=\"EL CENTRO \u2014 Los Amigos De La Comunidad, una organizaci\u00f3n sin fines de lucro, organiz\u00f3 un panel sobre inmigraci\u00f3n y un foro informativo, en colaboraci\u00f3n\" \/>\n<meta name=\"robots\" content=\"index, follow, max-snippet:-1, max-image-preview:large, max-video-preview:-1\" \/>\n<link rel=\"canonical\" href=\"https:\/\/ubirataonline.com.br\/en\/un-foro-sobre-derechos-de-inmigracion-empodera-a-la-comunidad-del-condado-de-imperial\/\" \/>\n<meta property=\"og:locale\" content=\"en_US\" \/>\n<meta property=\"og:type\" content=\"article\" \/>\n<meta property=\"og:title\" content=\"Un foro sobre derechos de inmigraci\u00f3n empodera a la comunidad del Condado de Imperial\" \/>\n<meta property=\"og:description\" content=\"EL CENTRO \u2014 Los Amigos De La Comunidad, una organizaci\u00f3n sin fines de lucro, organiz\u00f3 un panel sobre inmigraci\u00f3n y un foro informativo, en colaboraci\u00f3n\" \/>\n<meta property=\"og:url\" content=\"https:\/\/ubirataonline.com.br\/en\/un-foro-sobre-derechos-de-inmigracion-empodera-a-la-comunidad-del-condado-de-imperial\/\" \/>\n<meta property=\"og:site_name\" content=\"Ubirat\u00e3 Online Not\u00edcias - A realidade ao seu alcance!\" \/>\n<meta property=\"article:publisher\" content=\"https:\/\/www.facebook.com\/portalubirataonline\" \/>\n<meta property=\"article:author\" content=\"https:\/\/www.facebook.com\/portalubirataonline\" \/>\n<meta property=\"article:published_time\" content=\"2026-05-02T13:15:18+00:00\" \/>\n<meta property=\"article:modified_time\" content=\"2026-05-02T13:15:20+00:00\" \/>\n<meta property=\"og:image\" content=\"https:\/\/ubirataonline.com.br\/wp-content\/uploads\/2026\/05\/Un-foro-sobre-derechos-de-inmigracion-empodera-a-la-comunidad.jpg\" \/>\n\t<meta property=\"og:image:width\" content=\"1200\" \/>\n\t<meta property=\"og:image:height\" content=\"900\" \/>\n\t<meta property=\"og:image:type\" content=\"image\/jpeg\" \/>\n<meta name=\"author\" content=\"REDA\u00c7\u00c3O: UBIRAT\u00c3 ONLINE - F\u00c1BIO AUGUSTO CELESTINO\" \/>\n<meta name=\"twitter:card\" content=\"summary_large_image\" \/>\n<meta name=\"twitter:creator\" content=\"@x.com\/ubirataonline\" \/>\n<meta name=\"twitter:site\" content=\"@ubirataonline\" \/>\n<meta name=\"twitter:label1\" content=\"Written by\" \/>\n\t<meta name=\"twitter:data1\" content=\"REDA\u00c7\u00c3O: UBIRAT\u00c3 ONLINE - F\u00c1BIO AUGUSTO CELESTINO\" \/>\n\t<meta name=\"twitter:label2\" content=\"Est. reading time\" \/>\n\t<meta name=\"twitter:data2\" content=\"9 minutes\" \/>\n<script type=\"application\/ld+json\" class=\"yoast-schema-graph\">{\"@context\":\"https:\\\/\\\/schema.org\",\"@graph\":[{\"@type\":\"NewsArticle\",\"@id\":\"https:\\\/\\\/ubirataonline.com.br\\\/un-foro-sobre-derechos-de-inmigracion-empodera-a-la-comunidad-del-condado-de-imperial\\\/#article\",\"isPartOf\":{\"@id\":\"https:\\\/\\\/ubirataonline.com.br\\\/un-foro-sobre-derechos-de-inmigracion-empodera-a-la-comunidad-del-condado-de-imperial\\\/\"},\"author\":{\"name\":\"REDA\u00c7\u00c3O: UBIRAT\u00c3 ONLINE - F\u00c1BIO AUGUSTO CELESTINO\",\"@id\":\"https:\\\/\\\/ubirataonline.com.br\\\/#\\\/schema\\\/person\\\/372f87bbd3fdd79b8556b84c98d0bc1c\"},\"headline\":\"Un foro sobre derechos de inmigraci\u00f3n empodera a la comunidad del Condado de Imperial\",\"datePublished\":\"2026-05-02T13:15:18+00:00\",\"dateModified\":\"2026-05-02T13:15:20+00:00\",\"mainEntityOfPage\":{\"@id\":\"https:\\\/\\\/ubirataonline.com.br\\\/un-foro-sobre-derechos-de-inmigracion-empodera-a-la-comunidad-del-condado-de-imperial\\\/\"},\"wordCount\":1716,\"publisher\":{\"@id\":\"https:\\\/\\\/ubirataonline.com.br\\\/#organization\"},\"image\":{\"@id\":\"https:\\\/\\\/ubirataonline.com.br\\\/un-foro-sobre-derechos-de-inmigracion-empodera-a-la-comunidad-del-condado-de-imperial\\\/#primaryimage\"},\"thumbnailUrl\":\"https:\\\/\\\/ubirataonline.com.br\\\/wp-content\\\/uploads\\\/2026\\\/05\\\/Un-foro-sobre-derechos-de-inmigracion-empodera-a-la-comunidad.jpg\",\"keywords\":[\"comunidad\",\"Condado\",\"del\",\"derechos\",\"empodera\",\"foro\",\"Imperial\",\"inmigraci\u00f3n\",\"sobre\"],\"articleSection\":[\"Ubirat\u00e3\"],\"inLanguage\":\"en-US\",\"copyrightYear\":\"2026\",\"copyrightHolder\":{\"@id\":\"https:\\\/\\\/ubirataonline.com.br\\\/en\\\/#organization\"}},{\"@type\":\"WebPage\",\"@id\":\"https:\\\/\\\/ubirataonline.com.br\\\/un-foro-sobre-derechos-de-inmigracion-empodera-a-la-comunidad-del-condado-de-imperial\\\/\",\"url\":\"https:\\\/\\\/ubirataonline.com.br\\\/un-foro-sobre-derechos-de-inmigracion-empodera-a-la-comunidad-del-condado-de-imperial\\\/\",\"name\":\"Un foro sobre derechos de inmigraci\u00f3n empodera a la comunidad del Condado de Imperial - Ubirat\u00e3 Online Not\u00edcias - A realidade ao seu alcance!\",\"isPartOf\":{\"@id\":\"https:\\\/\\\/ubirataonline.com.br\\\/#website\"},\"primaryImageOfPage\":{\"@id\":\"https:\\\/\\\/ubirataonline.com.br\\\/un-foro-sobre-derechos-de-inmigracion-empodera-a-la-comunidad-del-condado-de-imperial\\\/#primaryimage\"},\"image\":{\"@id\":\"https:\\\/\\\/ubirataonline.com.br\\\/un-foro-sobre-derechos-de-inmigracion-empodera-a-la-comunidad-del-condado-de-imperial\\\/#primaryimage\"},\"thumbnailUrl\":\"https:\\\/\\\/ubirataonline.com.br\\\/wp-content\\\/uploads\\\/2026\\\/05\\\/Un-foro-sobre-derechos-de-inmigracion-empodera-a-la-comunidad.jpg\",\"datePublished\":\"2026-05-02T13:15:18+00:00\",\"dateModified\":\"2026-05-02T13:15:20+00:00\",\"description\":\"EL CENTRO \u2014 Los Amigos De La Comunidad, una organizaci\u00f3n sin fines de lucro, organiz\u00f3 un panel sobre inmigraci\u00f3n y un foro informativo, en colaboraci\u00f3n\",\"breadcrumb\":{\"@id\":\"https:\\\/\\\/ubirataonline.com.br\\\/un-foro-sobre-derechos-de-inmigracion-empodera-a-la-comunidad-del-condado-de-imperial\\\/#breadcrumb\"},\"inLanguage\":\"en-US\",\"potentialAction\":[{\"@type\":\"ReadAction\",\"target\":[\"https:\\\/\\\/ubirataonline.com.br\\\/un-foro-sobre-derechos-de-inmigracion-empodera-a-la-comunidad-del-condado-de-imperial\\\/\"]}]},{\"@type\":\"ImageObject\",\"inLanguage\":\"en-US\",\"@id\":\"https:\\\/\\\/ubirataonline.com.br\\\/un-foro-sobre-derechos-de-inmigracion-empodera-a-la-comunidad-del-condado-de-imperial\\\/#primaryimage\",\"url\":\"https:\\\/\\\/ubirataonline.com.br\\\/wp-content\\\/uploads\\\/2026\\\/05\\\/Un-foro-sobre-derechos-de-inmigracion-empodera-a-la-comunidad.jpg\",\"contentUrl\":\"https:\\\/\\\/ubirataonline.com.br\\\/wp-content\\\/uploads\\\/2026\\\/05\\\/Un-foro-sobre-derechos-de-inmigracion-empodera-a-la-comunidad.jpg\",\"width\":1200,\"height\":900,\"caption\":\"Frances Beope realiza una presentaci\u00f3n en el \u00abPanel de Inmigraci\u00f3n y Foro de Recursos\u00bb, abordando el impacto de las operaciones del ICE en California, en la Biblioteca P\u00fablica de El Centro, el viernes 24 de abril. | FOTO DE YAMIR AGUILAR\"},{\"@type\":\"BreadcrumbList\",\"@id\":\"https:\\\/\\\/ubirataonline.com.br\\\/un-foro-sobre-derechos-de-inmigracion-empodera-a-la-comunidad-del-condado-de-imperial\\\/#breadcrumb\",\"itemListElement\":[{\"@type\":\"ListItem\",\"position\":1,\"name\":\"In\u00edcio\",\"item\":\"https:\\\/\\\/ubirataonline.com.br\\\/\"},{\"@type\":\"ListItem\",\"position\":2,\"name\":\"Un foro sobre derechos de inmigraci\u00f3n empodera a la comunidad del Condado de Imperial\"}]},{\"@type\":\"WebSite\",\"@id\":\"https:\\\/\\\/ubirataonline.com.br\\\/#website\",\"url\":\"https:\\\/\\\/ubirataonline.com.br\\\/\",\"name\":\"Ubirat\u00e3 Online Not\u00edcias\",\"description\":\"Not\u00edcias de Ubirat\u00e3, regi\u00e3o, Brasil e mundo, com informa\u00e7\u00e3o atualizada e compromisso com o leitor.\",\"publisher\":{\"@id\":\"https:\\\/\\\/ubirataonline.com.br\\\/#organization\"},\"alternateName\":\"Ubirat\u00e3 Online\",\"potentialAction\":[{\"@type\":\"SearchAction\",\"target\":{\"@type\":\"EntryPoint\",\"urlTemplate\":\"https:\\\/\\\/ubirataonline.com.br\\\/?s={search_term_string}\"},\"query-input\":{\"@type\":\"PropertyValueSpecification\",\"valueRequired\":true,\"valueName\":\"search_term_string\"}}],\"inLanguage\":\"en-US\"},{\"@type\":[\"Organization\",\"Place\"],\"@id\":\"https:\\\/\\\/ubirataonline.com.br\\\/#organization\",\"name\":\"Ubirat\u00e3 Online Not\u00edcias\",\"alternateName\":\"Ubirat\u00e3 Online\",\"url\":\"https:\\\/\\\/ubirataonline.com.br\\\/\",\"logo\":{\"@id\":\"https:\\\/\\\/ubirataonline.com.br\\\/un-foro-sobre-derechos-de-inmigracion-empodera-a-la-comunidad-del-condado-de-imperial\\\/#local-main-organization-logo\"},\"image\":{\"@id\":\"https:\\\/\\\/ubirataonline.com.br\\\/un-foro-sobre-derechos-de-inmigracion-empodera-a-la-comunidad-del-condado-de-imperial\\\/#local-main-organization-logo\"},\"sameAs\":[\"https:\\\/\\\/www.facebook.com\\\/portalubirataonline\",\"https:\\\/\\\/x.com\\\/ubirataonline\",\"https:\\\/\\\/mastodon.social\\\/@ubirataonline\",\"https:\\\/\\\/www.facebook.com\\\/groups\\\/311144672285604\",\"https:\\\/\\\/www.facebook.com\\\/UBTAOnline\",\"https:\\\/\\\/www.instagram.com\\\/portalubirataonline\\\/\",\"https:\\\/\\\/twitter.com\\\/ubirataonline\"],\"description\":\"Somos um portal de not\u00edcias independente, criado em 5 de janeiro de 2009, com o objetivo de informar, conectar e valorizar a nossa comunidade de Ubirat\u00e3 e toda aregi\u00e3o. Com conte\u00fado atualizado, confi\u00e1vel e relevante, o Ubirat\u00e3 Online \u00e9 o seu espa\u00e7o para ficar por dentro dos principais acontecimentos locais, regionais, Brasil, Mundo e de interesse geral. Nosso compromisso \u00e9 com a verdade, a transpar\u00eancia e o respeito ao leitor.\",\"legalName\":\"UBIRATA ONLINE NOT\u00cdCIAS\",\"foundingDate\":\"2009-01-05\",\"numberOfEmployees\":{\"@type\":\"QuantitativeValue\",\"minValue\":\"1\",\"maxValue\":\"10\"},\"publishingPrinciples\":\"https:\\\/\\\/ubirataonline.com.br\\\/faq\\\/\",\"address\":{\"@id\":\"https:\\\/\\\/ubirataonline.com.br\\\/un-foro-sobre-derechos-de-inmigracion-empodera-a-la-comunidad-del-condado-de-imperial\\\/#local-main-place-address\"},\"geo\":{\"@type\":\"GeoCoordinates\",\"latitude\":\"-24.5361401\",\"longitude\":\"-52.9921776\"},\"telephone\":[\"+5544998308235\"],\"contactPoint\":{\"@type\":\"ContactPoint\",\"email\":\"contato@ubirataonline.com.br\"},\"openingHoursSpecification\":{\"@type\":\"OpeningHoursSpecification\",\"dayOfWeek\":[\"Monday\",\"Tuesday\",\"Wednesday\",\"Thursday\",\"Friday\",\"Saturday\",\"Sunday\"],\"opens\":\"00:00\",\"closes\":\"23:59\"},\"email\":\"contato@ubirataonline.com.br\",\"vatID\":\"47.621.418\\\/0001-80\"},{\"@type\":\"Person\",\"@id\":\"https:\\\/\\\/ubirataonline.com.br\\\/#\\\/schema\\\/person\\\/372f87bbd3fdd79b8556b84c98d0bc1c\",\"name\":\"REDA\u00c7\u00c3O: UBIRAT\u00c3 ONLINE - F\u00c1BIO AUGUSTO CELESTINO\",\"pronouns\":\"Ele\",\"description\":\"Desde 2003 trabalhando com not\u00edcias.\",\"sameAs\":[\"http:\\\/\\\/ubirataoline.com.br\",\"https:\\\/\\\/www.facebook.com\\\/portalubirataonline\",\"https:\\\/\\\/www.instagram.com\\\/ubirataonline_oficial\",\"https:\\\/\\\/x.com\\\/x.com\\\/ubirataonline\"],\"honorificPrefix\":\"Mr.\",\"honorificSuffix\":\"MD\",\"birthDate\":\"1980-06-16\",\"gender\":\"masculino\",\"award\":[\"V\u00e1rios pr\u00eamios de melhor portal da cidade\"],\"jobTitle\":\"Diretor\",\"url\":\"https:\\\/\\\/ubirataonline.com.br\\\/en\\\/author\\\/ubirataonline\\\/\"},{\"@type\":\"PostalAddress\",\"@id\":\"https:\\\/\\\/ubirataonline.com.br\\\/un-foro-sobre-derechos-de-inmigracion-empodera-a-la-comunidad-del-condado-de-imperial\\\/#local-main-place-address\",\"streetAddress\":\"Rua dos Coqueiros, 104 - Bairro Boa Vista, Rua dos Coqueiros, 104 Bairro Boa Vista\",\"addressLocality\":\"UBIRATA\",\"postalCode\":\"85440-000\",\"addressRegion\":\"PR\",\"addressCountry\":\"BR\"},{\"@type\":\"ImageObject\",\"inLanguage\":\"en-US\",\"@id\":\"https:\\\/\\\/ubirataonline.com.br\\\/un-foro-sobre-derechos-de-inmigracion-empodera-a-la-comunidad-del-condado-de-imperial\\\/#local-main-organization-logo\",\"url\":\"https:\\\/\\\/ubirataonline.com.br\\\/wp-content\\\/uploads\\\/2026\\\/06\\\/logoubirataonline-1.webp\",\"contentUrl\":\"https:\\\/\\\/ubirataonline.com.br\\\/wp-content\\\/uploads\\\/2026\\\/06\\\/logoubirataonline-1.webp\",\"width\":500,\"height\":500,\"caption\":\"Ubirat\u00e3 Online Not\u00edcias\"}]}<\/script>\n<meta name=\"geo.placename\" content=\"UBIRATA\" \/>\n<meta name=\"geo.position\" content=\"-24.5361401;-52.9921776\" \/>\n<meta name=\"geo.region\" content=\"Brazil\" \/>\n<!-- \/ Yoast SEO Premium plugin. -->","yoast_head_json":{"title":"Un foro sobre derechos de inmigraci\u00f3n empodera a la comunidad del Condado de Imperial - Ubirat\u00e3 Online Not\u00edcias - A realidade ao seu alcance!","description":"EL CENTRO \u2014 Los Amigos De La Comunidad, una organizaci\u00f3n sin fines de lucro, organiz\u00f3 un panel sobre inmigraci\u00f3n y un foro informativo, en colaboraci\u00f3n","robots":{"index":"index","follow":"follow","max-snippet":"max-snippet:-1","max-image-preview":"max-image-preview:large","max-video-preview":"max-video-preview:-1"},"canonical":"https:\/\/ubirataonline.com.br\/en\/un-foro-sobre-derechos-de-inmigracion-empodera-a-la-comunidad-del-condado-de-imperial\/","og_locale":"en_US","og_type":"article","og_title":"Un foro sobre derechos de inmigraci\u00f3n empodera a la comunidad del Condado de Imperial","og_description":"EL CENTRO \u2014 Los Amigos De La Comunidad, una organizaci\u00f3n sin fines de lucro, organiz\u00f3 un panel sobre inmigraci\u00f3n y un foro informativo, en colaboraci\u00f3n","og_url":"https:\/\/ubirataonline.com.br\/en\/un-foro-sobre-derechos-de-inmigracion-empodera-a-la-comunidad-del-condado-de-imperial\/","og_site_name":"Ubirat\u00e3 Online Not\u00edcias - A realidade ao seu alcance!","article_publisher":"https:\/\/www.facebook.com\/portalubirataonline","article_author":"https:\/\/www.facebook.com\/portalubirataonline","article_published_time":"2026-05-02T13:15:18+00:00","article_modified_time":"2026-05-02T13:15:20+00:00","og_image":[{"width":1200,"height":900,"url":"https:\/\/ubirataonline.com.br\/wp-content\/uploads\/2026\/05\/Un-foro-sobre-derechos-de-inmigracion-empodera-a-la-comunidad.jpg","type":"image\/jpeg"}],"author":"REDA\u00c7\u00c3O: UBIRAT\u00c3 ONLINE - F\u00c1BIO AUGUSTO CELESTINO","twitter_card":"summary_large_image","twitter_creator":"@x.com\/ubirataonline","twitter_site":"@ubirataonline","twitter_misc":{"Written by":"REDA\u00c7\u00c3O: UBIRAT\u00c3 ONLINE - F\u00c1BIO AUGUSTO CELESTINO","Est. reading time":"9 minutes"},"schema":{"@context":"https:\/\/schema.org","@graph":[{"@type":"NewsArticle","@id":"https:\/\/ubirataonline.com.br\/un-foro-sobre-derechos-de-inmigracion-empodera-a-la-comunidad-del-condado-de-imperial\/#article","isPartOf":{"@id":"https:\/\/ubirataonline.com.br\/un-foro-sobre-derechos-de-inmigracion-empodera-a-la-comunidad-del-condado-de-imperial\/"},"author":{"name":"REDA\u00c7\u00c3O: UBIRAT\u00c3 ONLINE - F\u00c1BIO AUGUSTO CELESTINO","@id":"https:\/\/ubirataonline.com.br\/#\/schema\/person\/372f87bbd3fdd79b8556b84c98d0bc1c"},"headline":"Un foro sobre derechos de inmigraci\u00f3n empodera a la comunidad del Condado de Imperial","datePublished":"2026-05-02T13:15:18+00:00","dateModified":"2026-05-02T13:15:20+00:00","mainEntityOfPage":{"@id":"https:\/\/ubirataonline.com.br\/un-foro-sobre-derechos-de-inmigracion-empodera-a-la-comunidad-del-condado-de-imperial\/"},"wordCount":1716,"publisher":{"@id":"https:\/\/ubirataonline.com.br\/#organization"},"image":{"@id":"https:\/\/ubirataonline.com.br\/un-foro-sobre-derechos-de-inmigracion-empodera-a-la-comunidad-del-condado-de-imperial\/#primaryimage"},"thumbnailUrl":"https:\/\/ubirataonline.com.br\/wp-content\/uploads\/2026\/05\/Un-foro-sobre-derechos-de-inmigracion-empodera-a-la-comunidad.jpg","keywords":["comunidad","Condado","del","derechos","empodera","foro","Imperial","inmigraci\u00f3n","sobre"],"articleSection":["Ubirat\u00e3"],"inLanguage":"en-US","copyrightYear":"2026","copyrightHolder":{"@id":"https:\/\/ubirataonline.com.br\/en\/#organization"}},{"@type":"WebPage","@id":"https:\/\/ubirataonline.com.br\/un-foro-sobre-derechos-de-inmigracion-empodera-a-la-comunidad-del-condado-de-imperial\/","url":"https:\/\/ubirataonline.com.br\/un-foro-sobre-derechos-de-inmigracion-empodera-a-la-comunidad-del-condado-de-imperial\/","name":"Un foro sobre derechos de inmigraci\u00f3n empodera a la comunidad del Condado de Imperial - Ubirat\u00e3 Online Not\u00edcias - A realidade ao seu alcance!","isPartOf":{"@id":"https:\/\/ubirataonline.com.br\/#website"},"primaryImageOfPage":{"@id":"https:\/\/ubirataonline.com.br\/un-foro-sobre-derechos-de-inmigracion-empodera-a-la-comunidad-del-condado-de-imperial\/#primaryimage"},"image":{"@id":"https:\/\/ubirataonline.com.br\/un-foro-sobre-derechos-de-inmigracion-empodera-a-la-comunidad-del-condado-de-imperial\/#primaryimage"},"thumbnailUrl":"https:\/\/ubirataonline.com.br\/wp-content\/uploads\/2026\/05\/Un-foro-sobre-derechos-de-inmigracion-empodera-a-la-comunidad.jpg","datePublished":"2026-05-02T13:15:18+00:00","dateModified":"2026-05-02T13:15:20+00:00","description":"EL CENTRO \u2014 Los Amigos De La Comunidad, una organizaci\u00f3n sin fines de lucro, organiz\u00f3 un panel sobre inmigraci\u00f3n y un foro informativo, en colaboraci\u00f3n","breadcrumb":{"@id":"https:\/\/ubirataonline.com.br\/un-foro-sobre-derechos-de-inmigracion-empodera-a-la-comunidad-del-condado-de-imperial\/#breadcrumb"},"inLanguage":"en-US","potentialAction":[{"@type":"ReadAction","target":["https:\/\/ubirataonline.com.br\/un-foro-sobre-derechos-de-inmigracion-empodera-a-la-comunidad-del-condado-de-imperial\/"]}]},{"@type":"ImageObject","inLanguage":"en-US","@id":"https:\/\/ubirataonline.com.br\/un-foro-sobre-derechos-de-inmigracion-empodera-a-la-comunidad-del-condado-de-imperial\/#primaryimage","url":"https:\/\/ubirataonline.com.br\/wp-content\/uploads\/2026\/05\/Un-foro-sobre-derechos-de-inmigracion-empodera-a-la-comunidad.jpg","contentUrl":"https:\/\/ubirataonline.com.br\/wp-content\/uploads\/2026\/05\/Un-foro-sobre-derechos-de-inmigracion-empodera-a-la-comunidad.jpg","width":1200,"height":900,"caption":"Frances Beope realiza una presentaci\u00f3n en el \u00abPanel de Inmigraci\u00f3n y Foro de Recursos\u00bb, abordando el impacto de las operaciones del ICE en California, en la Biblioteca P\u00fablica de El Centro, el viernes 24 de abril. | FOTO DE YAMIR AGUILAR"},{"@type":"BreadcrumbList","@id":"https:\/\/ubirataonline.com.br\/un-foro-sobre-derechos-de-inmigracion-empodera-a-la-comunidad-del-condado-de-imperial\/#breadcrumb","itemListElement":[{"@type":"ListItem","position":1,"name":"In\u00edcio","item":"https:\/\/ubirataonline.com.br\/"},{"@type":"ListItem","position":2,"name":"Un foro sobre derechos de inmigraci\u00f3n empodera a la comunidad del Condado de Imperial"}]},{"@type":"WebSite","@id":"https:\/\/ubirataonline.com.br\/#website","url":"https:\/\/ubirataonline.com.br\/","name":"Ubirat\u00e3 Online Not\u00edcias","description":"Not\u00edcias de Ubirat\u00e3, regi\u00e3o, Brasil e mundo, com informa\u00e7\u00e3o atualizada e compromisso com o leitor.","publisher":{"@id":"https:\/\/ubirataonline.com.br\/#organization"},"alternateName":"Ubirat\u00e3 Online","potentialAction":[{"@type":"SearchAction","target":{"@type":"EntryPoint","urlTemplate":"https:\/\/ubirataonline.com.br\/?s={search_term_string}"},"query-input":{"@type":"PropertyValueSpecification","valueRequired":true,"valueName":"search_term_string"}}],"inLanguage":"en-US"},{"@type":["Organization","Place"],"@id":"https:\/\/ubirataonline.com.br\/#organization","name":"Ubirat\u00e3 Online Not\u00edcias","alternateName":"Ubirat\u00e3 Online","url":"https:\/\/ubirataonline.com.br\/","logo":{"@id":"https:\/\/ubirataonline.com.br\/un-foro-sobre-derechos-de-inmigracion-empodera-a-la-comunidad-del-condado-de-imperial\/#local-main-organization-logo"},"image":{"@id":"https:\/\/ubirataonline.com.br\/un-foro-sobre-derechos-de-inmigracion-empodera-a-la-comunidad-del-condado-de-imperial\/#local-main-organization-logo"},"sameAs":["https:\/\/www.facebook.com\/portalubirataonline","https:\/\/x.com\/ubirataonline","https:\/\/mastodon.social\/@ubirataonline","https:\/\/www.facebook.com\/groups\/311144672285604","https:\/\/www.facebook.com\/UBTAOnline","https:\/\/www.instagram.com\/portalubirataonline\/","https:\/\/twitter.com\/ubirataonline"],"description":"Somos um portal de not\u00edcias independente, criado em 5 de janeiro de 2009, com o objetivo de informar, conectar e valorizar a nossa comunidade de Ubirat\u00e3 e toda aregi\u00e3o. Com conte\u00fado atualizado, confi\u00e1vel e relevante, o Ubirat\u00e3 Online \u00e9 o seu espa\u00e7o para ficar por dentro dos principais acontecimentos locais, regionais, Brasil, Mundo e de interesse geral. Nosso compromisso \u00e9 com a verdade, a transpar\u00eancia e o respeito ao leitor.","legalName":"UBIRATA ONLINE NOT\u00cdCIAS","foundingDate":"2009-01-05","numberOfEmployees":{"@type":"QuantitativeValue","minValue":"1","maxValue":"10"},"publishingPrinciples":"https:\/\/ubirataonline.com.br\/faq\/","address":{"@id":"https:\/\/ubirataonline.com.br\/un-foro-sobre-derechos-de-inmigracion-empodera-a-la-comunidad-del-condado-de-imperial\/#local-main-place-address"},"geo":{"@type":"GeoCoordinates","latitude":"-24.5361401","longitude":"-52.9921776"},"telephone":["+5544998308235"],"contactPoint":{"@type":"ContactPoint","email":"contato@ubirataonline.com.br"},"openingHoursSpecification":{"@type":"OpeningHoursSpecification","dayOfWeek":["Monday","Tuesday","Wednesday","Thursday","Friday","Saturday","Sunday"],"opens":"00:00","closes":"23:59"},"email":"contato@ubirataonline.com.br","vatID":"47.621.418\/0001-80"},{"@type":"Person","@id":"https:\/\/ubirataonline.com.br\/#\/schema\/person\/372f87bbd3fdd79b8556b84c98d0bc1c","name":"REDA\u00c7\u00c3O: UBIRAT\u00c3 ONLINE - F\u00c1BIO AUGUSTO CELESTINO","pronouns":"Ele","description":"Desde 2003 trabalhando com not\u00edcias.","sameAs":["http:\/\/ubirataoline.com.br","https:\/\/www.facebook.com\/portalubirataonline","https:\/\/www.instagram.com\/ubirataonline_oficial","https:\/\/x.com\/x.com\/ubirataonline"],"honorificPrefix":"Mr.","honorificSuffix":"MD","birthDate":"1980-06-16","gender":"masculino","award":["V\u00e1rios pr\u00eamios de melhor portal da cidade"],"jobTitle":"Diretor","url":"https:\/\/ubirataonline.com.br\/en\/author\/ubirataonline\/"},{"@type":"PostalAddress","@id":"https:\/\/ubirataonline.com.br\/un-foro-sobre-derechos-de-inmigracion-empodera-a-la-comunidad-del-condado-de-imperial\/#local-main-place-address","streetAddress":"Rua dos Coqueiros, 104 - Bairro Boa Vista, Rua dos Coqueiros, 104 Bairro Boa Vista","addressLocality":"UBIRATA","postalCode":"85440-000","addressRegion":"PR","addressCountry":"BR"},{"@type":"ImageObject","inLanguage":"en-US","@id":"https:\/\/ubirataonline.com.br\/un-foro-sobre-derechos-de-inmigracion-empodera-a-la-comunidad-del-condado-de-imperial\/#local-main-organization-logo","url":"https:\/\/ubirataonline.com.br\/wp-content\/uploads\/2026\/06\/logoubirataonline-1.webp","contentUrl":"https:\/\/ubirataonline.com.br\/wp-content\/uploads\/2026\/06\/logoubirataonline-1.webp","width":500,"height":500,"caption":"Ubirat\u00e3 Online Not\u00edcias"}]},"geo.placename":"UBIRATA","geo.position":{"lat":"-24.5361401","long":"-52.9921776"},"geo.region":"Brazil"},"_links":{"self":[{"href":"https:\/\/ubirataonline.com.br\/en\/wp-json\/wp\/v2\/posts\/121243","targetHints":{"allow":["GET"]}}],"collection":[{"href":"https:\/\/ubirataonline.com.br\/en\/wp-json\/wp\/v2\/posts"}],"about":[{"href":"https:\/\/ubirataonline.com.br\/en\/wp-json\/wp\/v2\/types\/post"}],"author":[{"embeddable":true,"href":"https:\/\/ubirataonline.com.br\/en\/wp-json\/wp\/v2\/users\/1"}],"replies":[{"embeddable":true,"href":"https:\/\/ubirataonline.com.br\/en\/wp-json\/wp\/v2\/comments?post=121243"}],"version-history":[{"count":0,"href":"https:\/\/ubirataonline.com.br\/en\/wp-json\/wp\/v2\/posts\/121243\/revisions"}],"wp:featuredmedia":[{"embeddable":true,"href":"https:\/\/ubirataonline.com.br\/en\/wp-json\/wp\/v2\/media\/121244"}],"wp:attachment":[{"href":"https:\/\/ubirataonline.com.br\/en\/wp-json\/wp\/v2\/media?parent=121243"}],"wp:term":[{"taxonomy":"category","embeddable":true,"href":"https:\/\/ubirataonline.com.br\/en\/wp-json\/wp\/v2\/categories?post=121243"},{"taxonomy":"post_tag","embeddable":true,"href":"https:\/\/ubirataonline.com.br\/en\/wp-json\/wp\/v2\/tags?post=121243"}],"curies":[{"name":"wp","href":"https:\/\/api.w.org\/{rel}","templated":true}]}}