{"id":121246,"date":"2026-05-02T10:16:42","date_gmt":"2026-05-02T13:16:42","guid":{"rendered":"https:\/\/ubirataonline.com.br\/zack-short-returns-from-washington-nationals\/"},"modified":"2026-05-02T10:16:45","modified_gmt":"2026-05-02T13:16:45","slug":"zack-short-returns-from-washington-nationals","status":"publish","type":"post","link":"https:\/\/ubirataonline.com.br\/en\/zack-short-returns-from-washington-nationals\/","title":{"rendered":"Zack Short returns from Washington Nationals"},"content":{"rendered":"<p><br \/>\n<\/p>\n<div id=\"\">\n<div id=\"videoWrap\" class=\"spacer-large videoWrap\" style=\"position:relative\"><media-video video-id=\"5359262001\" title=\"Detroit Tigers' Zack Short 'blacked out' after first MLB home run\" poster=\"https:\/\/www.gannett-cdn.com\/presto\/2021\/06\/26\/PDTF\/588f8db6-4f06-4f9b-9bc9-f1112c887780-06a0a7ca-42d4-4100-b0f8-4e7b43b2796f_thumbnail.png\" util-module-path=\"elements\/media\" placement=\"snow-video-story-priority\"><\/p>\n<div id=\"uwVideoPlaceholder\" slot=\"placeholder\" style=\"z-index:19;width:100%;padding-bottom:56.25%;position:relative\">\n<div class=\"vidplaybtn\" style=\"display:-moz-box;display:-ms-flexbox;display:-webkit-flex;display:flex;background-color:rgba(0,0,0,.4);border:2px solid #fff;border-radius:80px;cursor:pointer;height:80px;width:80px;position:absolute;top:50%;left:50%;transform:translate(-50%,-50%);z-index:10\"><img decoding=\"async\" class=\"vidplayicon\" src=\"https:\/\/www.gannett-cdn.com\/appservices\/universal-web\/universal\/icons\/icon-play-alt-white.svg\" alt=\"play\" style=\"height:40px;margin:auto 18px auto 27px;width:40px\"\/><\/div>\n<\/div>\n<div slot=\"videoDetails\" id=\"videoDetails\" class=\"videoDetails\" style=\"padding-top:8px;padding-bottom:8px\">\n<div id=\"videoDetailsContainer\" class=\"videoDetailsContainer\" hidden=\"\">\n<p>Detroit Tigers&#8217; Zack Short &#8216;blacked out&#8217; after first MLB home run<\/p>\n<p>Detroit Tigers shortstop Zack Short talks Saturday, June 26, 2021, after hitting his first MLB home run in a 3-1 win over the Houston Astros.<\/p>\n<p>Evan Petzold, Detroit Free Press<\/p>\n<\/div>\n<\/div>\n<p><\/media-video><\/div>\n<p>An old friend has returned.<\/p>\n<partner-banner util-module-path=\"elements\/partner\" class=\"spacer-large\" min-height=\"600\" fluid=\"\" outstream=\"\" momentum=\"\"\/>\n<p>The <a href=\"https:\/\/www.freep.com\/sports\/tigers\/\">Detroit Tigers<\/a> acquired infielder <a href=\"https:\/\/www.baseball-reference.com\/players\/s\/shortza01.shtml\">Zack Short<\/a> on Friday, May 1, in a trade with the <a target=\"_blank\" href=\"https:\/\/sportsdata.usatoday.com\/baseball\/mlb\/teams\/washington-nationals\/244\" data-autotag=\"d824fe8d-5874-4238-ba4a-104173106c3f\">Washington Nationals<\/a> in exchange for cash considerations or a player to be named later. The 30-year-old has been assigned to Triple-A Toledo.<\/p>\n<p>Short made his MLB debut with the Tigers on April 21, 2021.<\/p>\n<p>&#8220;I talked to him and welcomed him back,&#8221; manager <a href=\"https:\/\/www.freep.com\/story\/sports\/mlb\/tigers\/2025\/03\/27\/detroit-tigers-aj-hinch-one-of-the-best-managers-in-the-game\/82642967007\/\">A.J. Hinch<\/a> said before Friday&#8217;s opener of a three-game series against the Texas Rangers at Comerica Park. &#8220;We&#8217;ll see how we configure our roster and whether he&#8217;s an option or not.&#8221;<\/p>\n<p class=\"related-link\"><span class=\"exclude-from-newsgate\"><strong style=\"margin-right:3px\">WELCOME TO DETROIT: <\/strong><a href=\"https:\/\/www.freep.com\/story\/sports\/mlb\/tigers\/2026\/04\/30\/detroit-tigers-kyle-hendricks-special-assistant-scott-harris\/89865976007\/\" rel=\"noreferrer\" target=\"_blank\">Tigers hire Kyle Hendricks as special assistant in front office<\/a><\/span><\/p>\n<p><media-image image-set=\"https:\/\/www.gannett-cdn.com\/authoring\/authoring-images\/2026\/04\/06\/PROC\/89485647007-sd-040326-red-wings-zack-short-2.jpg bestCrop, https:\/\/www.gannett-cdn.com\/authoring\/authoring-images\/2026\/04\/06\/PROC\/89485647007-sd-040326-red-wings-zack-short-2.jpg?crop=3285,2464,x62,y2 4:3, https:\/\/www.gannett-cdn.com\/authoring\/authoring-images\/2026\/04\/06\/PROC\/89485647007-sd-040326-red-wings-zack-short-2.jpg?crop=1849,2464,x979,y0 3:4, https:\/\/www.gannett-cdn.com\/authoring\/authoring-images\/2026\/04\/06\/PROC\/89485647007-sd-040326-red-wings-zack-short-2.jpg?crop=3495,1966,x0,y0 16:9\" image-alt=\"\" credit=\"Shawn Dowd\/Rochester Democrat and Chronicle\" caption=\"Red Wings shortstop Zack Short eyes in a grounder to short during the first game of a doubleheader against Scranton\/Wilkes-Barre Friday, April 3, 2026 at ESL Ballpark in Rochester.\" orientation=\"horizontal\" class=\"spacer-large\" util-module-path=\"elements\/media\"\/><\/p>\n<p>In 2026, Short played 21 games for Triple-A Rochester in the Nationals&#8217; organization. He hit .200 with one home run, eight walks and 17 strikeouts. He played all 155\u2153 innings at shortstop, which is his primary position.<\/p>\n<p>The Tigers acquired Short for shortstop depth.<\/p>\n<p>Over the past two weeks, the Tigers lost two of their three shortstop options to the injured list: <a href=\"https:\/\/www.baseball-reference.com\/players\/m\/mckinza01.shtml\">Zach McKinstry<\/a> on April 16 with left hip\/abdominal inflammation and <a href=\"https:\/\/www.baseball-reference.com\/players\/b\/baezja01.shtml\">Javier B\u00e1ez<\/a> on Wednesday with a right ankle sprain.<\/p>\n<partner-banner util-module-path=\"elements\/partner\" fluid=\"\" bottom=\"\" lazy=\"\" class=\"spacer-large\" min-height=\"390\" outstream=\"\"\/>\n<p>Those injuries leave <a href=\"https:\/\/www.baseball-reference.com\/players\/m\/mcgonke01.shtml\">Kevin McGonigle<\/a> as the only healthy shortstop available, with <a href=\"https:\/\/www.baseball-reference.com\/players\/l\/leeha02.shtml\">Hao-Yu Lee<\/a> as the emergency backup.<\/p>\n<p>&#8220;We acquired him given what we&#8217;ve gone through the last week,&#8221; Hinch said, referencing the B\u00e1ez injury. &#8220;We know we can trust him. We love him as a teammate.&#8221;<\/p>\n<p><cta-atoms-container-inline util-module-path=\"elements\/cta\" class=\"spacer-large\"\/><\/p>\n<p class=\"related-link\"><span class=\"exclude-from-newsgate\"><strong style=\"margin-right:3px\">BIG ARMS: <\/strong><a href=\"https:\/\/www.freep.com\/story\/sports\/mlb\/tigers\/2026\/05\/01\/detroit-tigers-will-vest-injury-kenley-jansen-bullpen\/89898810007\/\" rel=\"noreferrer\" target=\"_blank\">Will Vest &#8216;not 100%&#8217; as Kenley Jansen headlines Tigers&#8217; bullpen woes<\/a><\/span><\/p>\n<p><media-oembed util-module-path=\"elements\/media\" provider-name=\"\" class=\"column ten-column no-gutter spacer-large\"\/><\/p>\n<p>Along with shortstop, Short has experience at second base, third base, center field, left field and right field throughout his professional career.<\/p>\n<partner-inline util-module-path=\"elements\/partner\" class=\"spacer-large\" placement=\"native-article_link\" sizes=\"[[300, 250], [3, 3]]\" min-height=\"250\" fluid=\"\" outstream=\"\"\/>\n<p>Short is a .172 hitter across his five-year MLB career, registering 15 home runs, an 11.8% walk rate and a 29% strikeout rate with a .567 OPS. He is worth minus-2 defensive runs saved in 784\u2154 innings at shortstop.<\/p>\n<partner-banner util-module-path=\"elements\/partner\" fluid=\"\" bottom=\"\" lazy=\"\" class=\"spacer-large\" min-height=\"600\" outstream=\"\" momentum=\"\"\/>\n<p>He played for the Tigers from 2021-23.<\/p>\n<p>The New York Mets claimed Short off waivers from the Tigers on Nov. 6, 2023 \u2013\u00a0and 907 days later, he has returned to the Tigers.<\/p>\n<p><em>Contact Evan Petzold at\u00a0<a href=\"mailto:epetzold@freepress.com\" target=\"_blank\" rel=\"noreferrer noopener\">epetzold@freepress.com<\/a>\u00a0or follow him\u00a0<a href=\"https:\/\/twitter.com\/EvanPetzold\" target=\"_blank\" rel=\"noreferrer noopener\">@EvanPetzold<\/a><\/em>.<\/p>\n<lit-timestamp class=\"column ten-column no-gutter spacer-small\" slot=\"timestamp\" publishdate=\"2026-05-01 19:05:10.824153426 +0000 UTC\" updatedate=\"2026-05-01 23:54:14.096156204 +0000 UTC\"\/><\/div>\n<p><script async src=\"\/\/platform.twitter.com\/widgets.js\" charset=\"utf-8\"><\/script><br \/>\n<br \/><br \/>\n<br \/><a href=\"https:\/\/www.freep.com\/story\/sports\/mlb\/tigers\/2026\/05\/01\/detroit-tigers-zack-short-trade-washington-nationals\/89895397007\/\">Source link <\/a><\/p>\n","protected":false},"excerpt":{"rendered":"<p>Detroit Tigers&#8217; Zack Short &#8216;blacked out&#8217; after first MLB home run Detroit Tigers shortstop Zack Short talks Saturday, June 26, 2021, after hitting his first MLB home run in a 3-1 win over the Houston Astros. Evan Petzold, Detroit Free Press An old friend has returned. The Detroit Tigers acquired infielder Zack Short on Friday, [&hellip;]<\/p>\n","protected":false},"author":1,"featured_media":121247,"comment_status":"closed","ping_status":"","sticky":false,"template":"","format":"standard","meta":{"googlesitekit_rrm_CAow2JLhCw:productID":"","_gspb_post_css":"","maa_idioma":"","maa_pais":"","footnotes":""},"categories":[1],"tags":[7957,7634,12487,7539,25635],"class_list":["post-121246","post","type-post","status-publish","format-standard","has-post-thumbnail","hentry","category-ubirata","tag-nationals","tag-returns","tag-short","tag-washington","tag-zack"],"blocksy_meta":[],"yoast_head":"<!-- This site is optimized with the Yoast SEO Premium plugin v27.6 (Yoast SEO v27.6) - https:\/\/yoast.com\/product\/yoast-seo-premium-wordpress\/ -->\n<title>Zack Short returns from Washington Nationals - Ubirat\u00e3 Online Not\u00edcias - A realidade ao seu alcance!<\/title>\n<meta name=\"description\" content=\"Detroit Tigers&#039; Zack Short &#039;blacked out&#039; after first MLB home runDetroit Tigers shortstop Zack Short talks Saturday, June 26, 2021, after hitting his\" \/>\n<meta name=\"robots\" content=\"index, follow, max-snippet:-1, max-image-preview:large, max-video-preview:-1\" \/>\n<link rel=\"canonical\" href=\"https:\/\/ubirataonline.com.br\/en\/zack-short-returns-from-washington-nationals\/\" \/>\n<meta property=\"og:locale\" content=\"en_US\" \/>\n<meta property=\"og:type\" content=\"article\" \/>\n<meta property=\"og:title\" content=\"Zack Short returns from Washington Nationals\" \/>\n<meta property=\"og:description\" content=\"Detroit Tigers&#039; Zack Short &#039;blacked out&#039; after first MLB home runDetroit Tigers shortstop Zack Short talks Saturday, June 26, 2021, after hitting his\" \/>\n<meta property=\"og:url\" content=\"https:\/\/ubirataonline.com.br\/en\/zack-short-returns-from-washington-nationals\/\" \/>\n<meta property=\"og:site_name\" content=\"Ubirat\u00e3 Online Not\u00edcias - A realidade ao seu alcance!\" \/>\n<meta property=\"article:publisher\" content=\"https:\/\/www.facebook.com\/portalubirataonline\" \/>\n<meta property=\"article:author\" content=\"https:\/\/www.facebook.com\/portalubirataonline\" \/>\n<meta property=\"article:published_time\" content=\"2026-05-02T13:16:42+00:00\" \/>\n<meta property=\"article:modified_time\" content=\"2026-05-02T13:16:45+00:00\" \/>\n<meta property=\"og:image\" content=\"https:\/\/ubirataonline.com.br\/wp-content\/uploads\/2026\/05\/Zack-Short-returns-from-Washington-Nationals.jpg\" \/>\n\t<meta property=\"og:image:width\" content=\"1200\" \/>\n\t<meta property=\"og:image:height\" content=\"675\" \/>\n\t<meta property=\"og:image:type\" content=\"image\/jpeg\" \/>\n<meta name=\"author\" content=\"REDA\u00c7\u00c3O: UBIRAT\u00c3 ONLINE - F\u00c1BIO AUGUSTO CELESTINO\" \/>\n<meta name=\"twitter:card\" content=\"summary_large_image\" \/>\n<meta name=\"twitter:creator\" content=\"@x.com\/ubirataonline\" \/>\n<meta name=\"twitter:site\" content=\"@ubirataonline\" \/>\n<meta name=\"twitter:label1\" content=\"Written by\" \/>\n\t<meta name=\"twitter:data1\" content=\"REDA\u00c7\u00c3O: UBIRAT\u00c3 ONLINE - F\u00c1BIO AUGUSTO CELESTINO\" \/>\n\t<meta name=\"twitter:label2\" content=\"Est. reading time\" \/>\n\t<meta name=\"twitter:data2\" content=\"2 minutes\" \/>\n<script type=\"application\/ld+json\" class=\"yoast-schema-graph\">{\"@context\":\"https:\\\/\\\/schema.org\",\"@graph\":[{\"@type\":\"NewsArticle\",\"@id\":\"https:\\\/\\\/ubirataonline.com.br\\\/zack-short-returns-from-washington-nationals\\\/#article\",\"isPartOf\":{\"@id\":\"https:\\\/\\\/ubirataonline.com.br\\\/zack-short-returns-from-washington-nationals\\\/\"},\"author\":{\"name\":\"REDA\u00c7\u00c3O: UBIRAT\u00c3 ONLINE - F\u00c1BIO AUGUSTO CELESTINO\",\"@id\":\"https:\\\/\\\/ubirataonline.com.br\\\/#\\\/schema\\\/person\\\/372f87bbd3fdd79b8556b84c98d0bc1c\"},\"headline\":\"Zack Short returns from Washington Nationals\",\"datePublished\":\"2026-05-02T13:16:42+00:00\",\"dateModified\":\"2026-05-02T13:16:45+00:00\",\"mainEntityOfPage\":{\"@id\":\"https:\\\/\\\/ubirataonline.com.br\\\/zack-short-returns-from-washington-nationals\\\/\"},\"wordCount\":391,\"publisher\":{\"@id\":\"https:\\\/\\\/ubirataonline.com.br\\\/#organization\"},\"image\":{\"@id\":\"https:\\\/\\\/ubirataonline.com.br\\\/zack-short-returns-from-washington-nationals\\\/#primaryimage\"},\"thumbnailUrl\":\"https:\\\/\\\/ubirataonline.com.br\\\/wp-content\\\/uploads\\\/2026\\\/05\\\/Zack-Short-returns-from-Washington-Nationals.jpg\",\"keywords\":[\"Nationals\",\"returns\",\"short\",\"Washington\",\"Zack\"],\"articleSection\":[\"Ubirat\u00e3\"],\"inLanguage\":\"en-US\",\"copyrightYear\":\"2026\",\"copyrightHolder\":{\"@id\":\"https:\\\/\\\/ubirataonline.com.br\\\/en\\\/#organization\"}},{\"@type\":\"WebPage\",\"@id\":\"https:\\\/\\\/ubirataonline.com.br\\\/zack-short-returns-from-washington-nationals\\\/\",\"url\":\"https:\\\/\\\/ubirataonline.com.br\\\/zack-short-returns-from-washington-nationals\\\/\",\"name\":\"Zack Short returns from Washington Nationals - Ubirat\u00e3 Online Not\u00edcias - A realidade ao seu alcance!\",\"isPartOf\":{\"@id\":\"https:\\\/\\\/ubirataonline.com.br\\\/#website\"},\"primaryImageOfPage\":{\"@id\":\"https:\\\/\\\/ubirataonline.com.br\\\/zack-short-returns-from-washington-nationals\\\/#primaryimage\"},\"image\":{\"@id\":\"https:\\\/\\\/ubirataonline.com.br\\\/zack-short-returns-from-washington-nationals\\\/#primaryimage\"},\"thumbnailUrl\":\"https:\\\/\\\/ubirataonline.com.br\\\/wp-content\\\/uploads\\\/2026\\\/05\\\/Zack-Short-returns-from-Washington-Nationals.jpg\",\"datePublished\":\"2026-05-02T13:16:42+00:00\",\"dateModified\":\"2026-05-02T13:16:45+00:00\",\"description\":\"Detroit Tigers' Zack Short 'blacked out' after first MLB home runDetroit Tigers shortstop Zack Short talks Saturday, June 26, 2021, after hitting his\",\"breadcrumb\":{\"@id\":\"https:\\\/\\\/ubirataonline.com.br\\\/zack-short-returns-from-washington-nationals\\\/#breadcrumb\"},\"inLanguage\":\"en-US\",\"potentialAction\":[{\"@type\":\"ReadAction\",\"target\":[\"https:\\\/\\\/ubirataonline.com.br\\\/zack-short-returns-from-washington-nationals\\\/\"]}]},{\"@type\":\"ImageObject\",\"inLanguage\":\"en-US\",\"@id\":\"https:\\\/\\\/ubirataonline.com.br\\\/zack-short-returns-from-washington-nationals\\\/#primaryimage\",\"url\":\"https:\\\/\\\/ubirataonline.com.br\\\/wp-content\\\/uploads\\\/2026\\\/05\\\/Zack-Short-returns-from-Washington-Nationals.jpg\",\"contentUrl\":\"https:\\\/\\\/ubirataonline.com.br\\\/wp-content\\\/uploads\\\/2026\\\/05\\\/Zack-Short-returns-from-Washington-Nationals.jpg\",\"width\":1200,\"height\":675,\"caption\":\"Zack Short returns from Washington Nationals\"},{\"@type\":\"BreadcrumbList\",\"@id\":\"https:\\\/\\\/ubirataonline.com.br\\\/zack-short-returns-from-washington-nationals\\\/#breadcrumb\",\"itemListElement\":[{\"@type\":\"ListItem\",\"position\":1,\"name\":\"In\u00edcio\",\"item\":\"https:\\\/\\\/ubirataonline.com.br\\\/\"},{\"@type\":\"ListItem\",\"position\":2,\"name\":\"Zack Short returns from Washington Nationals\"}]},{\"@type\":\"WebSite\",\"@id\":\"https:\\\/\\\/ubirataonline.com.br\\\/#website\",\"url\":\"https:\\\/\\\/ubirataonline.com.br\\\/\",\"name\":\"Ubirat\u00e3 Online Not\u00edcias\",\"description\":\"Not\u00edcias de Ubirat\u00e3, regi\u00e3o, Brasil e mundo, com informa\u00e7\u00e3o atualizada e compromisso com o leitor.\",\"publisher\":{\"@id\":\"https:\\\/\\\/ubirataonline.com.br\\\/#organization\"},\"alternateName\":\"Ubirat\u00e3 Online\",\"potentialAction\":[{\"@type\":\"SearchAction\",\"target\":{\"@type\":\"EntryPoint\",\"urlTemplate\":\"https:\\\/\\\/ubirataonline.com.br\\\/?s={search_term_string}\"},\"query-input\":{\"@type\":\"PropertyValueSpecification\",\"valueRequired\":true,\"valueName\":\"search_term_string\"}}],\"inLanguage\":\"en-US\"},{\"@type\":[\"Organization\",\"Place\"],\"@id\":\"https:\\\/\\\/ubirataonline.com.br\\\/#organization\",\"name\":\"Ubirat\u00e3 Online Not\u00edcias\",\"alternateName\":\"Ubirat\u00e3 Online\",\"url\":\"https:\\\/\\\/ubirataonline.com.br\\\/\",\"logo\":{\"@id\":\"https:\\\/\\\/ubirataonline.com.br\\\/zack-short-returns-from-washington-nationals\\\/#local-main-organization-logo\"},\"image\":{\"@id\":\"https:\\\/\\\/ubirataonline.com.br\\\/zack-short-returns-from-washington-nationals\\\/#local-main-organization-logo\"},\"sameAs\":[\"https:\\\/\\\/www.facebook.com\\\/portalubirataonline\",\"https:\\\/\\\/x.com\\\/ubirataonline\",\"https:\\\/\\\/mastodon.social\\\/@ubirataonline\",\"https:\\\/\\\/www.facebook.com\\\/groups\\\/311144672285604\",\"https:\\\/\\\/www.facebook.com\\\/UBTAOnline\",\"https:\\\/\\\/www.instagram.com\\\/portalubirataonline\\\/\",\"https:\\\/\\\/twitter.com\\\/ubirataonline\"],\"description\":\"Somos um portal de not\u00edcias independente, criado em 5 de janeiro de 2009, com o objetivo de informar, conectar e valorizar a nossa comunidade de Ubirat\u00e3 e toda aregi\u00e3o. Com conte\u00fado atualizado, confi\u00e1vel e relevante, o Ubirat\u00e3 Online \u00e9 o seu espa\u00e7o para ficar por dentro dos principais acontecimentos locais, regionais, Brasil, Mundo e de interesse geral. Nosso compromisso \u00e9 com a verdade, a transpar\u00eancia e o respeito ao leitor.\",\"legalName\":\"UBIRATA ONLINE NOT\u00cdCIAS\",\"foundingDate\":\"2009-01-05\",\"numberOfEmployees\":{\"@type\":\"QuantitativeValue\",\"minValue\":\"1\",\"maxValue\":\"10\"},\"publishingPrinciples\":\"https:\\\/\\\/ubirataonline.com.br\\\/faq\\\/\",\"address\":{\"@id\":\"https:\\\/\\\/ubirataonline.com.br\\\/zack-short-returns-from-washington-nationals\\\/#local-main-place-address\"},\"geo\":{\"@type\":\"GeoCoordinates\",\"latitude\":\"-24.5361401\",\"longitude\":\"-52.9921776\"},\"telephone\":[\"+5544998308235\"],\"contactPoint\":{\"@type\":\"ContactPoint\",\"email\":\"contato@ubirataonline.com.br\"},\"openingHoursSpecification\":{\"@type\":\"OpeningHoursSpecification\",\"dayOfWeek\":[\"Monday\",\"Tuesday\",\"Wednesday\",\"Thursday\",\"Friday\",\"Saturday\",\"Sunday\"],\"opens\":\"00:00\",\"closes\":\"23:59\"},\"email\":\"contato@ubirataonline.com.br\",\"vatID\":\"47.621.418\\\/0001-80\"},{\"@type\":\"Person\",\"@id\":\"https:\\\/\\\/ubirataonline.com.br\\\/#\\\/schema\\\/person\\\/372f87bbd3fdd79b8556b84c98d0bc1c\",\"name\":\"REDA\u00c7\u00c3O: UBIRAT\u00c3 ONLINE - F\u00c1BIO AUGUSTO CELESTINO\",\"pronouns\":\"Ele\",\"description\":\"Desde 2003 trabalhando com not\u00edcias.\",\"sameAs\":[\"http:\\\/\\\/ubirataoline.com.br\",\"https:\\\/\\\/www.facebook.com\\\/portalubirataonline\",\"https:\\\/\\\/www.instagram.com\\\/ubirataonline_oficial\",\"https:\\\/\\\/x.com\\\/x.com\\\/ubirataonline\"],\"honorificPrefix\":\"Mr.\",\"honorificSuffix\":\"MD\",\"birthDate\":\"1980-06-16\",\"gender\":\"masculino\",\"award\":[\"V\u00e1rios pr\u00eamios de melhor portal da cidade\"],\"jobTitle\":\"Diretor\",\"url\":\"https:\\\/\\\/ubirataonline.com.br\\\/en\\\/author\\\/ubirataonline\\\/\"},{\"@type\":\"PostalAddress\",\"@id\":\"https:\\\/\\\/ubirataonline.com.br\\\/zack-short-returns-from-washington-nationals\\\/#local-main-place-address\",\"streetAddress\":\"Rua dos Coqueiros, 104 - Bairro Boa Vista, Rua dos Coqueiros, 104 Bairro Boa Vista\",\"addressLocality\":\"UBIRATA\",\"postalCode\":\"85440-000\",\"addressRegion\":\"PR\",\"addressCountry\":\"BR\"},{\"@type\":\"ImageObject\",\"inLanguage\":\"en-US\",\"@id\":\"https:\\\/\\\/ubirataonline.com.br\\\/zack-short-returns-from-washington-nationals\\\/#local-main-organization-logo\",\"url\":\"https:\\\/\\\/ubirataonline.com.br\\\/wp-content\\\/uploads\\\/2026\\\/06\\\/logoubirataonline-1.webp\",\"contentUrl\":\"https:\\\/\\\/ubirataonline.com.br\\\/wp-content\\\/uploads\\\/2026\\\/06\\\/logoubirataonline-1.webp\",\"width\":500,\"height\":500,\"caption\":\"Ubirat\u00e3 Online Not\u00edcias\"}]}<\/script>\n<meta name=\"geo.placename\" content=\"UBIRATA\" \/>\n<meta name=\"geo.position\" content=\"-24.5361401;-52.9921776\" \/>\n<meta name=\"geo.region\" content=\"Brazil\" \/>\n<!-- \/ Yoast SEO Premium plugin. -->","yoast_head_json":{"title":"Zack Short returns from Washington Nationals - Ubirat\u00e3 Online Not\u00edcias - A realidade ao seu alcance!","description":"Detroit Tigers' Zack Short 'blacked out' after first MLB home runDetroit Tigers shortstop Zack Short talks Saturday, June 26, 2021, after hitting his","robots":{"index":"index","follow":"follow","max-snippet":"max-snippet:-1","max-image-preview":"max-image-preview:large","max-video-preview":"max-video-preview:-1"},"canonical":"https:\/\/ubirataonline.com.br\/en\/zack-short-returns-from-washington-nationals\/","og_locale":"en_US","og_type":"article","og_title":"Zack Short returns from Washington Nationals","og_description":"Detroit Tigers' Zack Short 'blacked out' after first MLB home runDetroit Tigers shortstop Zack Short talks Saturday, June 26, 2021, after hitting his","og_url":"https:\/\/ubirataonline.com.br\/en\/zack-short-returns-from-washington-nationals\/","og_site_name":"Ubirat\u00e3 Online Not\u00edcias - A realidade ao seu alcance!","article_publisher":"https:\/\/www.facebook.com\/portalubirataonline","article_author":"https:\/\/www.facebook.com\/portalubirataonline","article_published_time":"2026-05-02T13:16:42+00:00","article_modified_time":"2026-05-02T13:16:45+00:00","og_image":[{"width":1200,"height":675,"url":"https:\/\/ubirataonline.com.br\/wp-content\/uploads\/2026\/05\/Zack-Short-returns-from-Washington-Nationals.jpg","type":"image\/jpeg"}],"author":"REDA\u00c7\u00c3O: UBIRAT\u00c3 ONLINE - F\u00c1BIO AUGUSTO CELESTINO","twitter_card":"summary_large_image","twitter_creator":"@x.com\/ubirataonline","twitter_site":"@ubirataonline","twitter_misc":{"Written by":"REDA\u00c7\u00c3O: UBIRAT\u00c3 ONLINE - F\u00c1BIO AUGUSTO CELESTINO","Est. reading time":"2 minutes"},"schema":{"@context":"https:\/\/schema.org","@graph":[{"@type":"NewsArticle","@id":"https:\/\/ubirataonline.com.br\/zack-short-returns-from-washington-nationals\/#article","isPartOf":{"@id":"https:\/\/ubirataonline.com.br\/zack-short-returns-from-washington-nationals\/"},"author":{"name":"REDA\u00c7\u00c3O: UBIRAT\u00c3 ONLINE - F\u00c1BIO AUGUSTO CELESTINO","@id":"https:\/\/ubirataonline.com.br\/#\/schema\/person\/372f87bbd3fdd79b8556b84c98d0bc1c"},"headline":"Zack Short returns from Washington Nationals","datePublished":"2026-05-02T13:16:42+00:00","dateModified":"2026-05-02T13:16:45+00:00","mainEntityOfPage":{"@id":"https:\/\/ubirataonline.com.br\/zack-short-returns-from-washington-nationals\/"},"wordCount":391,"publisher":{"@id":"https:\/\/ubirataonline.com.br\/#organization"},"image":{"@id":"https:\/\/ubirataonline.com.br\/zack-short-returns-from-washington-nationals\/#primaryimage"},"thumbnailUrl":"https:\/\/ubirataonline.com.br\/wp-content\/uploads\/2026\/05\/Zack-Short-returns-from-Washington-Nationals.jpg","keywords":["Nationals","returns","short","Washington","Zack"],"articleSection":["Ubirat\u00e3"],"inLanguage":"en-US","copyrightYear":"2026","copyrightHolder":{"@id":"https:\/\/ubirataonline.com.br\/en\/#organization"}},{"@type":"WebPage","@id":"https:\/\/ubirataonline.com.br\/zack-short-returns-from-washington-nationals\/","url":"https:\/\/ubirataonline.com.br\/zack-short-returns-from-washington-nationals\/","name":"Zack Short returns from Washington Nationals - Ubirat\u00e3 Online Not\u00edcias - A realidade ao seu alcance!","isPartOf":{"@id":"https:\/\/ubirataonline.com.br\/#website"},"primaryImageOfPage":{"@id":"https:\/\/ubirataonline.com.br\/zack-short-returns-from-washington-nationals\/#primaryimage"},"image":{"@id":"https:\/\/ubirataonline.com.br\/zack-short-returns-from-washington-nationals\/#primaryimage"},"thumbnailUrl":"https:\/\/ubirataonline.com.br\/wp-content\/uploads\/2026\/05\/Zack-Short-returns-from-Washington-Nationals.jpg","datePublished":"2026-05-02T13:16:42+00:00","dateModified":"2026-05-02T13:16:45+00:00","description":"Detroit Tigers' Zack Short 'blacked out' after first MLB home runDetroit Tigers shortstop Zack Short talks Saturday, June 26, 2021, after hitting his","breadcrumb":{"@id":"https:\/\/ubirataonline.com.br\/zack-short-returns-from-washington-nationals\/#breadcrumb"},"inLanguage":"en-US","potentialAction":[{"@type":"ReadAction","target":["https:\/\/ubirataonline.com.br\/zack-short-returns-from-washington-nationals\/"]}]},{"@type":"ImageObject","inLanguage":"en-US","@id":"https:\/\/ubirataonline.com.br\/zack-short-returns-from-washington-nationals\/#primaryimage","url":"https:\/\/ubirataonline.com.br\/wp-content\/uploads\/2026\/05\/Zack-Short-returns-from-Washington-Nationals.jpg","contentUrl":"https:\/\/ubirataonline.com.br\/wp-content\/uploads\/2026\/05\/Zack-Short-returns-from-Washington-Nationals.jpg","width":1200,"height":675,"caption":"Zack Short returns from Washington Nationals"},{"@type":"BreadcrumbList","@id":"https:\/\/ubirataonline.com.br\/zack-short-returns-from-washington-nationals\/#breadcrumb","itemListElement":[{"@type":"ListItem","position":1,"name":"In\u00edcio","item":"https:\/\/ubirataonline.com.br\/"},{"@type":"ListItem","position":2,"name":"Zack Short returns from Washington Nationals"}]},{"@type":"WebSite","@id":"https:\/\/ubirataonline.com.br\/#website","url":"https:\/\/ubirataonline.com.br\/","name":"Ubirat\u00e3 Online Not\u00edcias","description":"Not\u00edcias de Ubirat\u00e3, regi\u00e3o, Brasil e mundo, com informa\u00e7\u00e3o atualizada e compromisso com o leitor.","publisher":{"@id":"https:\/\/ubirataonline.com.br\/#organization"},"alternateName":"Ubirat\u00e3 Online","potentialAction":[{"@type":"SearchAction","target":{"@type":"EntryPoint","urlTemplate":"https:\/\/ubirataonline.com.br\/?s={search_term_string}"},"query-input":{"@type":"PropertyValueSpecification","valueRequired":true,"valueName":"search_term_string"}}],"inLanguage":"en-US"},{"@type":["Organization","Place"],"@id":"https:\/\/ubirataonline.com.br\/#organization","name":"Ubirat\u00e3 Online Not\u00edcias","alternateName":"Ubirat\u00e3 Online","url":"https:\/\/ubirataonline.com.br\/","logo":{"@id":"https:\/\/ubirataonline.com.br\/zack-short-returns-from-washington-nationals\/#local-main-organization-logo"},"image":{"@id":"https:\/\/ubirataonline.com.br\/zack-short-returns-from-washington-nationals\/#local-main-organization-logo"},"sameAs":["https:\/\/www.facebook.com\/portalubirataonline","https:\/\/x.com\/ubirataonline","https:\/\/mastodon.social\/@ubirataonline","https:\/\/www.facebook.com\/groups\/311144672285604","https:\/\/www.facebook.com\/UBTAOnline","https:\/\/www.instagram.com\/portalubirataonline\/","https:\/\/twitter.com\/ubirataonline"],"description":"Somos um portal de not\u00edcias independente, criado em 5 de janeiro de 2009, com o objetivo de informar, conectar e valorizar a nossa comunidade de Ubirat\u00e3 e toda aregi\u00e3o. Com conte\u00fado atualizado, confi\u00e1vel e relevante, o Ubirat\u00e3 Online \u00e9 o seu espa\u00e7o para ficar por dentro dos principais acontecimentos locais, regionais, Brasil, Mundo e de interesse geral. Nosso compromisso \u00e9 com a verdade, a transpar\u00eancia e o respeito ao leitor.","legalName":"UBIRATA ONLINE NOT\u00cdCIAS","foundingDate":"2009-01-05","numberOfEmployees":{"@type":"QuantitativeValue","minValue":"1","maxValue":"10"},"publishingPrinciples":"https:\/\/ubirataonline.com.br\/faq\/","address":{"@id":"https:\/\/ubirataonline.com.br\/zack-short-returns-from-washington-nationals\/#local-main-place-address"},"geo":{"@type":"GeoCoordinates","latitude":"-24.5361401","longitude":"-52.9921776"},"telephone":["+5544998308235"],"contactPoint":{"@type":"ContactPoint","email":"contato@ubirataonline.com.br"},"openingHoursSpecification":{"@type":"OpeningHoursSpecification","dayOfWeek":["Monday","Tuesday","Wednesday","Thursday","Friday","Saturday","Sunday"],"opens":"00:00","closes":"23:59"},"email":"contato@ubirataonline.com.br","vatID":"47.621.418\/0001-80"},{"@type":"Person","@id":"https:\/\/ubirataonline.com.br\/#\/schema\/person\/372f87bbd3fdd79b8556b84c98d0bc1c","name":"REDA\u00c7\u00c3O: UBIRAT\u00c3 ONLINE - F\u00c1BIO AUGUSTO CELESTINO","pronouns":"Ele","description":"Desde 2003 trabalhando com not\u00edcias.","sameAs":["http:\/\/ubirataoline.com.br","https:\/\/www.facebook.com\/portalubirataonline","https:\/\/www.instagram.com\/ubirataonline_oficial","https:\/\/x.com\/x.com\/ubirataonline"],"honorificPrefix":"Mr.","honorificSuffix":"MD","birthDate":"1980-06-16","gender":"masculino","award":["V\u00e1rios pr\u00eamios de melhor portal da cidade"],"jobTitle":"Diretor","url":"https:\/\/ubirataonline.com.br\/en\/author\/ubirataonline\/"},{"@type":"PostalAddress","@id":"https:\/\/ubirataonline.com.br\/zack-short-returns-from-washington-nationals\/#local-main-place-address","streetAddress":"Rua dos Coqueiros, 104 - Bairro Boa Vista, Rua dos Coqueiros, 104 Bairro Boa Vista","addressLocality":"UBIRATA","postalCode":"85440-000","addressRegion":"PR","addressCountry":"BR"},{"@type":"ImageObject","inLanguage":"en-US","@id":"https:\/\/ubirataonline.com.br\/zack-short-returns-from-washington-nationals\/#local-main-organization-logo","url":"https:\/\/ubirataonline.com.br\/wp-content\/uploads\/2026\/06\/logoubirataonline-1.webp","contentUrl":"https:\/\/ubirataonline.com.br\/wp-content\/uploads\/2026\/06\/logoubirataonline-1.webp","width":500,"height":500,"caption":"Ubirat\u00e3 Online Not\u00edcias"}]},"geo.placename":"UBIRATA","geo.position":{"lat":"-24.5361401","long":"-52.9921776"},"geo.region":"Brazil"},"_links":{"self":[{"href":"https:\/\/ubirataonline.com.br\/en\/wp-json\/wp\/v2\/posts\/121246","targetHints":{"allow":["GET"]}}],"collection":[{"href":"https:\/\/ubirataonline.com.br\/en\/wp-json\/wp\/v2\/posts"}],"about":[{"href":"https:\/\/ubirataonline.com.br\/en\/wp-json\/wp\/v2\/types\/post"}],"author":[{"embeddable":true,"href":"https:\/\/ubirataonline.com.br\/en\/wp-json\/wp\/v2\/users\/1"}],"replies":[{"embeddable":true,"href":"https:\/\/ubirataonline.com.br\/en\/wp-json\/wp\/v2\/comments?post=121246"}],"version-history":[{"count":0,"href":"https:\/\/ubirataonline.com.br\/en\/wp-json\/wp\/v2\/posts\/121246\/revisions"}],"wp:featuredmedia":[{"embeddable":true,"href":"https:\/\/ubirataonline.com.br\/en\/wp-json\/wp\/v2\/media\/121247"}],"wp:attachment":[{"href":"https:\/\/ubirataonline.com.br\/en\/wp-json\/wp\/v2\/media?parent=121246"}],"wp:term":[{"taxonomy":"category","embeddable":true,"href":"https:\/\/ubirataonline.com.br\/en\/wp-json\/wp\/v2\/categories?post=121246"},{"taxonomy":"post_tag","embeddable":true,"href":"https:\/\/ubirataonline.com.br\/en\/wp-json\/wp\/v2\/tags?post=121246"}],"curies":[{"name":"wp","href":"https:\/\/api.w.org\/{rel}","templated":true}]}}