{"id":121333,"date":"2026-05-02T13:03:08","date_gmt":"2026-05-02T16:03:08","guid":{"rendered":"https:\/\/ubirataonline.com.br\/mother-charged-with-involuntary-manslaughter-over-teen-sons-alleged-e-motorcycle-crash\/"},"modified":"2026-05-02T13:03:12","modified_gmt":"2026-05-02T16:03:12","slug":"mother-charged-with-involuntary-manslaughter-over-teen-sons-alleged-e-motorcycle-crash","status":"publish","type":"post","link":"https:\/\/ubirataonline.com.br\/en\/mother-charged-with-involuntary-manslaughter-over-teen-sons-alleged-e-motorcycle-crash\/","title":{"rendered":"Mother charged with involuntary manslaughter over teen son&#8217;s alleged e-motorcycle crash"},"content":{"rendered":"<p><br \/>\n<\/p>\n<div data-testid=\"prism-article-body\">\n<p class=\"EkqkG IGXmU nlgHS yuUao MvWXB TjIXL aGjvy ebVHC\">A California mother has been charged with involuntary manslaughter after her 14-year-old child <a class=\"zZygg UbGlr iFzkS qdXbA WCDhQ DbOXS tqUtK GpWVU iJYzE\" data-testid=\"prism-linkbase\" href=\"https:\/\/abcnews.com\/GMA\/News\/mother-charged-after-teen-son-allegedly-hits-injures\/story?id=132283010\" dir=\"ltr\">allegedly hit an 81-year-old veteran<\/a> while doing wheelies on an e-motorcycle and the man later died, officials said Friday.<!-- -->\u00a0<\/p>\n<p class=\"EkqkG IGXmU nlgHS yuUao lqtkC TjIXL aGjvy\">Tommi Jo Mejer, 50, was &#8220;repeatedly warned&#8221; of the risk involved with her son riding the e-motorcycle but allegedly allowed the teen to continue to illegally ride it, according to the Orange County District Attorney&#8217;s Office.<\/p>\n<p class=\"EkqkG IGXmU nlgHS yuUao lqtkC TjIXL aGjvy\">Her son was allegedly riding the e-motorcycle on April 16 when he struck Ed Ashman while the 81-year-old substitute teacher was walking home from work in Lake Forest, according to prosecutors. The Surron e-motorcycle rider fled the scene, authorities said.<!-- -->\u00a0<\/p>\n<p class=\"EkqkG IGXmU nlgHS yuUao lqtkC TjIXL aGjvy\">Hours after the collision, Mejer allegedly told authorities investigating the crash that neither she nor her son owned or had access to a Surron.<\/p>\n<p class=\"EkqkG IGXmU nlgHS yuUao lqtkC TjIXL aGjvy\">Mejer was arrested on April 21 and initially charged with felony counts of child endangerment and accessory after the fact to a crime.<\/p>\n<p class=\"EkqkG IGXmU nlgHS yuUao lqtkC TjIXL aGjvy\">Ashman, who was critically injured in the collision, died on Thursday, according to the Orange County District Attorney&#8217;s Office, which has now upgraded Mejer&#8217;s charges to include involuntary manslaughter.<\/p>\n<div class=\"oLzSq QrHMO fnRUo pvsTF EhJPu vPlOC zNYgW OsTsW RMeqy daRVX ISNQ sKyCY eRftA acPPc MENS nFwaT MCnQE mEeeY SmBjI xegrY rPLsU iulOd NIuqO zzscu lzDCc aHUBM IEgzD OjMNy eQqcx SVqKB GQmdz jaoD VWDdR ONJdw vrZxD OnRTz gbbfF roDbV GPGwb oMlSS gfNzt oJhud eXZcf zhVlX\">\n<div>\n<div class=\"InlineImage GpQCA lZur asrEW\" data-testid=\"prism-inline-image\">\n<figure class=\"kzIjN GNmeK pYrtp dSqFO\" data-testid=\"prism-figure\">\n<div class=\"GpQCA lZur Rnci\" data-testid=\"prism-ratio-frame\">\n<div class=\"FvQLF iLTd NqeUA UzzHi iWsMV\"><picture data-testid=\"prism-picture\"><source media=\"(max-width: 414px)\" srcset=\"https:\/\/i.abcnewsfe.com\/a\/017f9e61-b0d0-47a8-aae4-c40410a19d28\/ed-ashman-ht-jt-260501_1777676210973_hpMain_16x9.jpg?w=375, https:\/\/i.abcnewsfe.com\/a\/017f9e61-b0d0-47a8-aae4-c40410a19d28\/ed-ashman-ht-jt-260501_1777676210973_hpMain_16x9.jpg?w=750 2x\"\/><source media=\"(min-width: 415px)\" srcset=\"https:\/\/i.abcnewsfe.com\/a\/017f9e61-b0d0-47a8-aae4-c40410a19d28\/ed-ashman-ht-jt-260501_1777676210973_hpMain_16x9.jpg?w=750, https:\/\/i.abcnewsfe.com\/a\/017f9e61-b0d0-47a8-aae4-c40410a19d28\/ed-ashman-ht-jt-260501_1777676210973_hpMain_16x9.jpg?w=1500 2x\"\/><\/picture><\/div>\n<\/div><figcaption>\n<div class=\"nMMea bNYiy Mjgpa dGwha DDmxa jgKNG RGHCC aBIU PriDW aiQHS lZur\" data-testid=\"prism-caption\">\n<p><span class=\"hsDdd OOSI GpQCA lZur VlFaz\" data-testid=\"prism-truncate\"><span><span class=\"gtOSm FbbUW tUtYa vOCwz EQwFq yCufu eEak Qmvg nyTIa SRXVc vzLa jgBfc WXDas CiUCW kqbG zrdEG txGfn ygKVe BbezD UOtxr CVfpq xijV soGRS XgdC sEIlf daWqJ\">Ed Ashman is seen in an undated photo.<\/span><\/span><\/span><\/p>\n<p><span class=\"gtOSm FbbUW tUtYa vOCwz EQwFq yCufu eEak Qmvg nyTIa SRXVc vzLa jgBfc WXDas CiUCW kqbG zrdEG txGfn ygKVe BbezD UOtxr CVfpq xijV soGRS XgdC sEIlf daWqJ YNujN JGtjI aZFDu rkKLh\">GoFundMe<\/span><\/p>\n<\/div>\n<\/figcaption><\/figure>\n<\/div>\n<\/div>\n<\/div>\n<p class=\"EkqkG IGXmU nlgHS yuUao lqtkC TjIXL aGjvy\">Mejer has also been charged with contributing to the delinquency of a minor and providing false information to a peace officer, both misdemeanors, and an infraction for permitting an unlicensed minor under the age of 18 to drive a motor vehicle.<\/p>\n<p class=\"EkqkG IGXmU nlgHS yuUao lqtkC TjIXL aGjvy\">&#8220;An American hero who survived flying combat missions in Vietnam could not survive walking across the street in Lake Forest because of a 14-year-old child who was allowed to ride an e-motorcycle that he should have never been riding,&#8221; Orange County District Attorney Todd Spitzer said in a statement. &#8220;This mother essentially handed her 14-year-old son a deadly weapon, and despite multiple warnings of the dangers, continued to let him illegally ride an e-motorcycle until he finally killed someone.&#8221;<!-- -->\u00a0<\/p>\n<p class=\"EkqkG IGXmU nlgHS yuUao lqtkC TjIXL aGjvy\">According to prosecutors, Mejer had contacted the Orange County Sheriff&#8217;s Department nearly a year before the collision, in June 2025, to complain about someone posting photos of her son riding an e-motorcycle. During the interaction, Mejer &#8220;admitted that she purchased her son a Surron e-motorcycle and knew that he drove it recklessly,&#8221; the district attorney&#8217;s office said in a press release.<\/p>\n<p class=\"EkqkG IGXmU nlgHS yuUao lqtkC TjIXL aGjvy\">The deputies warned her that &#8220;she could face potential criminal charges if she continued to allow him to ride the e-motorcycle, which he could not legally ride,&#8221; the office said. Riders of this class of e-motorcycle must be 16 years of age and possess a motorcycle license, according to the district attorney&#8217;s office.<\/p>\n<p class=\"EkqkG IGXmU nlgHS yuUao lqtkC TjIXL aGjvy\">Mejer faces a maximum sentence of seven years and eight months in state prison if convicted on all counts, prosecutors said. She is scheduled to be arraigned on May 21. It is unclear if she has an attorney.<\/p>\n<p class=\"EkqkG IGXmU nlgHS yuUao lqtkC TjIXL aGjvy\">The district attorney&#8217;s office said it is barred by state law from identifying the juvenile involved or discussing the investigation involving him.<\/p>\n<p class=\"EkqkG IGXmU nlgHS yuUao lqtkC TjIXL aGjvy\">Ashman served as a captain in the U.S. Marine Corps and flew combat missions in Vietnam, the district attorney&#8217;s office said.<\/p>\n<p class=\"EkqkG IGXmU nlgHS yuUao lqtkC TjIXL aGjvy\">&#8220;This is a tragedy for the family of Ed Ashman and for everyone who loved a man who committed himself to his country and his community, and it is a tragedy for our society that we have gotten to a point where parents are refusing to hold their children &#8212; and themselves &#8212; accountable for endangering the lives of other people,&#8221; Spitzer said. &#8220;If parents aren&#8217;t going to hold their children accountable, then I am going to hold parents accountable for hurting and killing innocent people while riding illegal motor vehicles.&#8221;<\/p>\n<p class=\"EkqkG IGXmU nlgHS yuUao lqtkC TjIXL aGjvy\"><em class=\"\">ABC News&#8217; <\/em><em class=\"\">Mason Leib contributed to this report.<\/em><\/p>\n<\/div>\n<p><br \/>\n<br \/><a href=\"https:\/\/abcnews.com\/US\/mother-charged-involuntary-manslaughter-teen-sons-alleged-motorcycle\/story?id=132586911\">Source link <\/a><\/p>","protected":false},"excerpt":{"rendered":"<p>A California mother has been charged with involuntary manslaughter after her 14-year-old child allegedly hit an 81-year-old veteran while doing wheelies on an e-motorcycle and the man later died, officials said Friday.\u00a0 Tommi Jo Mejer, 50, was &#8220;repeatedly warned&#8221; of the risk involved with her son riding the e-motorcycle but allegedly allowed the teen to [&hellip;]<\/p>\n","protected":false},"author":1,"featured_media":121334,"comment_status":"closed","ping_status":"","sticky":false,"template":"","format":"standard","meta":{"googlesitekit_rrm_CAow2JLhCw:productID":"","_gspb_post_css":"","maa_idioma":"","maa_pais":"","footnotes":""},"categories":[1],"tags":[8317,9008,5867,33012,33010,33011,19900,10143,12041],"class_list":["post-121333","post","type-post","status-publish","format-standard","has-post-thumbnail","hentry","category-ubirata","tag-alleged","tag-charged","tag-crash","tag-emotorcycle","tag-involuntary","tag-manslaughter","tag-mother","tag-sons","tag-teen"],"blocksy_meta":[],"yoast_head":"<!-- This site is optimized with the Yoast SEO Premium plugin v27.6 (Yoast SEO v27.6) - https:\/\/yoast.com\/product\/yoast-seo-premium-wordpress\/ -->\n<title>Mother charged with involuntary manslaughter over teen son&#039;s alleged e-motorcycle crash - Ubirat\u00e3 Online Not\u00edcias - A realidade ao seu alcance!<\/title>\n<meta name=\"description\" content=\"A California mother has been charged with involuntary manslaughter after her 14-year-old child allegedly hit an 81-year-old veteran while doing wheelies\" \/>\n<meta name=\"robots\" content=\"index, follow, max-snippet:-1, max-image-preview:large, max-video-preview:-1\" \/>\n<link rel=\"canonical\" href=\"https:\/\/ubirataonline.com.br\/en\/mother-charged-with-involuntary-manslaughter-over-teen-sons-alleged-e-motorcycle-crash\/\" \/>\n<meta property=\"og:locale\" content=\"en_US\" \/>\n<meta property=\"og:type\" content=\"article\" \/>\n<meta property=\"og:title\" content=\"Mother charged with involuntary manslaughter over teen son&#039;s alleged e-motorcycle crash\" \/>\n<meta property=\"og:description\" content=\"A California mother has been charged with involuntary manslaughter after her 14-year-old child allegedly hit an 81-year-old veteran while doing wheelies\" \/>\n<meta property=\"og:url\" content=\"https:\/\/ubirataonline.com.br\/en\/mother-charged-with-involuntary-manslaughter-over-teen-sons-alleged-e-motorcycle-crash\/\" \/>\n<meta property=\"og:site_name\" content=\"Ubirat\u00e3 Online Not\u00edcias - A realidade ao seu alcance!\" \/>\n<meta property=\"article:publisher\" content=\"https:\/\/www.facebook.com\/portalubirataonline\" \/>\n<meta property=\"article:author\" content=\"https:\/\/www.facebook.com\/portalubirataonline\" \/>\n<meta property=\"article:published_time\" content=\"2026-05-02T16:03:08+00:00\" \/>\n<meta property=\"article:modified_time\" content=\"2026-05-02T16:03:12+00:00\" \/>\n<meta property=\"og:image\" content=\"https:\/\/ubirataonline.com.br\/wp-content\/uploads\/2026\/05\/Mother-charged-with-involuntary-manslaughter-over-teen-sons-alleged-e-motorcycle.jpg\" \/>\n\t<meta property=\"og:image:width\" content=\"1600\" \/>\n\t<meta property=\"og:image:height\" content=\"900\" \/>\n\t<meta property=\"og:image:type\" content=\"image\/jpeg\" \/>\n<meta name=\"author\" content=\"REDA\u00c7\u00c3O: UBIRAT\u00c3 ONLINE - F\u00c1BIO AUGUSTO CELESTINO\" \/>\n<meta name=\"twitter:card\" content=\"summary_large_image\" \/>\n<meta name=\"twitter:creator\" content=\"@x.com\/ubirataonline\" \/>\n<meta name=\"twitter:site\" content=\"@ubirataonline\" \/>\n<meta name=\"twitter:label1\" content=\"Written by\" \/>\n\t<meta name=\"twitter:data1\" content=\"REDA\u00c7\u00c3O: UBIRAT\u00c3 ONLINE - F\u00c1BIO AUGUSTO CELESTINO\" \/>\n\t<meta name=\"twitter:label2\" content=\"Est. reading time\" \/>\n\t<meta name=\"twitter:data2\" content=\"3 minutes\" \/>\n<script type=\"application\/ld+json\" class=\"yoast-schema-graph\">{\"@context\":\"https:\\\/\\\/schema.org\",\"@graph\":[{\"@type\":\"NewsArticle\",\"@id\":\"https:\\\/\\\/ubirataonline.com.br\\\/mother-charged-with-involuntary-manslaughter-over-teen-sons-alleged-e-motorcycle-crash\\\/#article\",\"isPartOf\":{\"@id\":\"https:\\\/\\\/ubirataonline.com.br\\\/mother-charged-with-involuntary-manslaughter-over-teen-sons-alleged-e-motorcycle-crash\\\/\"},\"author\":{\"name\":\"REDA\u00c7\u00c3O: UBIRAT\u00c3 ONLINE - F\u00c1BIO AUGUSTO CELESTINO\",\"@id\":\"https:\\\/\\\/ubirataonline.com.br\\\/#\\\/schema\\\/person\\\/372f87bbd3fdd79b8556b84c98d0bc1c\"},\"headline\":\"Mother charged with involuntary manslaughter over teen son&#8217;s alleged e-motorcycle crash\",\"datePublished\":\"2026-05-02T16:03:08+00:00\",\"dateModified\":\"2026-05-02T16:03:12+00:00\",\"mainEntityOfPage\":{\"@id\":\"https:\\\/\\\/ubirataonline.com.br\\\/mother-charged-with-involuntary-manslaughter-over-teen-sons-alleged-e-motorcycle-crash\\\/\"},\"wordCount\":626,\"publisher\":{\"@id\":\"https:\\\/\\\/ubirataonline.com.br\\\/#organization\"},\"image\":{\"@id\":\"https:\\\/\\\/ubirataonline.com.br\\\/mother-charged-with-involuntary-manslaughter-over-teen-sons-alleged-e-motorcycle-crash\\\/#primaryimage\"},\"thumbnailUrl\":\"https:\\\/\\\/ubirataonline.com.br\\\/wp-content\\\/uploads\\\/2026\\\/05\\\/Mother-charged-with-involuntary-manslaughter-over-teen-sons-alleged-e-motorcycle.jpg\",\"keywords\":[\"Alleged\",\"charged\",\"Crash\",\"emotorcycle\",\"involuntary\",\"manslaughter\",\"mother\",\"sons\",\"Teen\"],\"articleSection\":[\"Ubirat\u00e3\"],\"inLanguage\":\"en-US\",\"copyrightYear\":\"2026\",\"copyrightHolder\":{\"@id\":\"https:\\\/\\\/ubirataonline.com.br\\\/en\\\/#organization\"}},{\"@type\":\"WebPage\",\"@id\":\"https:\\\/\\\/ubirataonline.com.br\\\/mother-charged-with-involuntary-manslaughter-over-teen-sons-alleged-e-motorcycle-crash\\\/\",\"url\":\"https:\\\/\\\/ubirataonline.com.br\\\/mother-charged-with-involuntary-manslaughter-over-teen-sons-alleged-e-motorcycle-crash\\\/\",\"name\":\"Mother charged with involuntary manslaughter over teen son's alleged e-motorcycle crash - Ubirat\u00e3 Online Not\u00edcias - A realidade ao seu alcance!\",\"isPartOf\":{\"@id\":\"https:\\\/\\\/ubirataonline.com.br\\\/#website\"},\"primaryImageOfPage\":{\"@id\":\"https:\\\/\\\/ubirataonline.com.br\\\/mother-charged-with-involuntary-manslaughter-over-teen-sons-alleged-e-motorcycle-crash\\\/#primaryimage\"},\"image\":{\"@id\":\"https:\\\/\\\/ubirataonline.com.br\\\/mother-charged-with-involuntary-manslaughter-over-teen-sons-alleged-e-motorcycle-crash\\\/#primaryimage\"},\"thumbnailUrl\":\"https:\\\/\\\/ubirataonline.com.br\\\/wp-content\\\/uploads\\\/2026\\\/05\\\/Mother-charged-with-involuntary-manslaughter-over-teen-sons-alleged-e-motorcycle.jpg\",\"datePublished\":\"2026-05-02T16:03:08+00:00\",\"dateModified\":\"2026-05-02T16:03:12+00:00\",\"description\":\"A California mother has been charged with involuntary manslaughter after her 14-year-old child allegedly hit an 81-year-old veteran while doing wheelies\",\"breadcrumb\":{\"@id\":\"https:\\\/\\\/ubirataonline.com.br\\\/mother-charged-with-involuntary-manslaughter-over-teen-sons-alleged-e-motorcycle-crash\\\/#breadcrumb\"},\"inLanguage\":\"en-US\",\"potentialAction\":[{\"@type\":\"ReadAction\",\"target\":[\"https:\\\/\\\/ubirataonline.com.br\\\/mother-charged-with-involuntary-manslaughter-over-teen-sons-alleged-e-motorcycle-crash\\\/\"]}]},{\"@type\":\"ImageObject\",\"inLanguage\":\"en-US\",\"@id\":\"https:\\\/\\\/ubirataonline.com.br\\\/mother-charged-with-involuntary-manslaughter-over-teen-sons-alleged-e-motorcycle-crash\\\/#primaryimage\",\"url\":\"https:\\\/\\\/ubirataonline.com.br\\\/wp-content\\\/uploads\\\/2026\\\/05\\\/Mother-charged-with-involuntary-manslaughter-over-teen-sons-alleged-e-motorcycle.jpg\",\"contentUrl\":\"https:\\\/\\\/ubirataonline.com.br\\\/wp-content\\\/uploads\\\/2026\\\/05\\\/Mother-charged-with-involuntary-manslaughter-over-teen-sons-alleged-e-motorcycle.jpg\",\"width\":1600,\"height\":900,\"caption\":\"Ed Ashman is seen in an undated photo. GoFundMe\"},{\"@type\":\"BreadcrumbList\",\"@id\":\"https:\\\/\\\/ubirataonline.com.br\\\/mother-charged-with-involuntary-manslaughter-over-teen-sons-alleged-e-motorcycle-crash\\\/#breadcrumb\",\"itemListElement\":[{\"@type\":\"ListItem\",\"position\":1,\"name\":\"In\u00edcio\",\"item\":\"https:\\\/\\\/ubirataonline.com.br\\\/\"},{\"@type\":\"ListItem\",\"position\":2,\"name\":\"Mother charged with involuntary manslaughter over teen son&#8217;s alleged e-motorcycle crash\"}]},{\"@type\":\"WebSite\",\"@id\":\"https:\\\/\\\/ubirataonline.com.br\\\/#website\",\"url\":\"https:\\\/\\\/ubirataonline.com.br\\\/\",\"name\":\"Ubirat\u00e3 Online Not\u00edcias\",\"description\":\"Not\u00edcias de Ubirat\u00e3, regi\u00e3o, Brasil e mundo, com informa\u00e7\u00e3o atualizada e compromisso com o leitor.\",\"publisher\":{\"@id\":\"https:\\\/\\\/ubirataonline.com.br\\\/#organization\"},\"alternateName\":\"Ubirat\u00e3 Online\",\"potentialAction\":[{\"@type\":\"SearchAction\",\"target\":{\"@type\":\"EntryPoint\",\"urlTemplate\":\"https:\\\/\\\/ubirataonline.com.br\\\/?s={search_term_string}\"},\"query-input\":{\"@type\":\"PropertyValueSpecification\",\"valueRequired\":true,\"valueName\":\"search_term_string\"}}],\"inLanguage\":\"en-US\"},{\"@type\":[\"Organization\",\"Place\"],\"@id\":\"https:\\\/\\\/ubirataonline.com.br\\\/#organization\",\"name\":\"Ubirat\u00e3 Online Not\u00edcias\",\"alternateName\":\"Ubirat\u00e3 Online\",\"url\":\"https:\\\/\\\/ubirataonline.com.br\\\/\",\"logo\":{\"@id\":\"https:\\\/\\\/ubirataonline.com.br\\\/mother-charged-with-involuntary-manslaughter-over-teen-sons-alleged-e-motorcycle-crash\\\/#local-main-organization-logo\"},\"image\":{\"@id\":\"https:\\\/\\\/ubirataonline.com.br\\\/mother-charged-with-involuntary-manslaughter-over-teen-sons-alleged-e-motorcycle-crash\\\/#local-main-organization-logo\"},\"sameAs\":[\"https:\\\/\\\/www.facebook.com\\\/portalubirataonline\",\"https:\\\/\\\/x.com\\\/ubirataonline\",\"https:\\\/\\\/mastodon.social\\\/@ubirataonline\",\"https:\\\/\\\/www.facebook.com\\\/groups\\\/311144672285604\",\"https:\\\/\\\/www.facebook.com\\\/UBTAOnline\",\"https:\\\/\\\/www.instagram.com\\\/portalubirataonline\\\/\",\"https:\\\/\\\/twitter.com\\\/ubirataonline\"],\"description\":\"Somos um portal de not\u00edcias independente, criado em 5 de janeiro de 2009, com o objetivo de informar, conectar e valorizar a nossa comunidade de Ubirat\u00e3 e toda aregi\u00e3o. Com conte\u00fado atualizado, confi\u00e1vel e relevante, o Ubirat\u00e3 Online \u00e9 o seu espa\u00e7o para ficar por dentro dos principais acontecimentos locais, regionais, Brasil, Mundo e de interesse geral. Nosso compromisso \u00e9 com a verdade, a transpar\u00eancia e o respeito ao leitor.\",\"legalName\":\"UBIRATA ONLINE NOT\u00cdCIAS\",\"foundingDate\":\"2009-01-05\",\"numberOfEmployees\":{\"@type\":\"QuantitativeValue\",\"minValue\":\"1\",\"maxValue\":\"10\"},\"publishingPrinciples\":\"https:\\\/\\\/ubirataonline.com.br\\\/faq\\\/\",\"address\":{\"@id\":\"https:\\\/\\\/ubirataonline.com.br\\\/mother-charged-with-involuntary-manslaughter-over-teen-sons-alleged-e-motorcycle-crash\\\/#local-main-place-address\"},\"geo\":{\"@type\":\"GeoCoordinates\",\"latitude\":\"-24.5361401\",\"longitude\":\"-52.9921776\"},\"telephone\":[\"+5544998308235\"],\"contactPoint\":{\"@type\":\"ContactPoint\",\"email\":\"contato@ubirataonline.com.br\"},\"openingHoursSpecification\":{\"@type\":\"OpeningHoursSpecification\",\"dayOfWeek\":[\"Monday\",\"Tuesday\",\"Wednesday\",\"Thursday\",\"Friday\",\"Saturday\",\"Sunday\"],\"opens\":\"00:00\",\"closes\":\"23:59\"},\"email\":\"contato@ubirataonline.com.br\",\"vatID\":\"47.621.418\\\/0001-80\"},{\"@type\":\"Person\",\"@id\":\"https:\\\/\\\/ubirataonline.com.br\\\/#\\\/schema\\\/person\\\/372f87bbd3fdd79b8556b84c98d0bc1c\",\"name\":\"REDA\u00c7\u00c3O: UBIRAT\u00c3 ONLINE - F\u00c1BIO AUGUSTO CELESTINO\",\"pronouns\":\"Ele\",\"description\":\"Desde 2003 trabalhando com not\u00edcias.\",\"sameAs\":[\"http:\\\/\\\/ubirataoline.com.br\",\"https:\\\/\\\/www.facebook.com\\\/portalubirataonline\",\"https:\\\/\\\/www.instagram.com\\\/ubirataonline_oficial\",\"https:\\\/\\\/x.com\\\/x.com\\\/ubirataonline\"],\"honorificPrefix\":\"Mr.\",\"honorificSuffix\":\"MD\",\"birthDate\":\"1980-06-16\",\"gender\":\"masculino\",\"award\":[\"V\u00e1rios pr\u00eamios de melhor portal da cidade\"],\"jobTitle\":\"Diretor\",\"url\":\"https:\\\/\\\/ubirataonline.com.br\\\/en\\\/author\\\/ubirataonline\\\/\"},{\"@type\":\"PostalAddress\",\"@id\":\"https:\\\/\\\/ubirataonline.com.br\\\/mother-charged-with-involuntary-manslaughter-over-teen-sons-alleged-e-motorcycle-crash\\\/#local-main-place-address\",\"streetAddress\":\"Rua dos Coqueiros, 104 - Bairro Boa Vista, Rua dos Coqueiros, 104 Bairro Boa Vista\",\"addressLocality\":\"UBIRATA\",\"postalCode\":\"85440-000\",\"addressRegion\":\"PR\",\"addressCountry\":\"BR\"},{\"@type\":\"ImageObject\",\"inLanguage\":\"en-US\",\"@id\":\"https:\\\/\\\/ubirataonline.com.br\\\/mother-charged-with-involuntary-manslaughter-over-teen-sons-alleged-e-motorcycle-crash\\\/#local-main-organization-logo\",\"url\":\"https:\\\/\\\/ubirataonline.com.br\\\/wp-content\\\/uploads\\\/2026\\\/06\\\/logoubirataonline-1.webp\",\"contentUrl\":\"https:\\\/\\\/ubirataonline.com.br\\\/wp-content\\\/uploads\\\/2026\\\/06\\\/logoubirataonline-1.webp\",\"width\":500,\"height\":500,\"caption\":\"Ubirat\u00e3 Online Not\u00edcias\"}]}<\/script>\n<meta name=\"geo.placename\" content=\"UBIRATA\" \/>\n<meta name=\"geo.position\" content=\"-24.5361401;-52.9921776\" \/>\n<meta name=\"geo.region\" content=\"Brazil\" \/>\n<!-- \/ Yoast SEO Premium plugin. -->","yoast_head_json":{"title":"Mother charged with involuntary manslaughter over teen son's alleged e-motorcycle crash - Ubirat\u00e3 Online Not\u00edcias - A realidade ao seu alcance!","description":"A California mother has been charged with involuntary manslaughter after her 14-year-old child allegedly hit an 81-year-old veteran while doing wheelies","robots":{"index":"index","follow":"follow","max-snippet":"max-snippet:-1","max-image-preview":"max-image-preview:large","max-video-preview":"max-video-preview:-1"},"canonical":"https:\/\/ubirataonline.com.br\/en\/mother-charged-with-involuntary-manslaughter-over-teen-sons-alleged-e-motorcycle-crash\/","og_locale":"en_US","og_type":"article","og_title":"Mother charged with involuntary manslaughter over teen son's alleged e-motorcycle crash","og_description":"A California mother has been charged with involuntary manslaughter after her 14-year-old child allegedly hit an 81-year-old veteran while doing wheelies","og_url":"https:\/\/ubirataonline.com.br\/en\/mother-charged-with-involuntary-manslaughter-over-teen-sons-alleged-e-motorcycle-crash\/","og_site_name":"Ubirat\u00e3 Online Not\u00edcias - A realidade ao seu alcance!","article_publisher":"https:\/\/www.facebook.com\/portalubirataonline","article_author":"https:\/\/www.facebook.com\/portalubirataonline","article_published_time":"2026-05-02T16:03:08+00:00","article_modified_time":"2026-05-02T16:03:12+00:00","og_image":[{"width":1600,"height":900,"url":"https:\/\/ubirataonline.com.br\/wp-content\/uploads\/2026\/05\/Mother-charged-with-involuntary-manslaughter-over-teen-sons-alleged-e-motorcycle.jpg","type":"image\/jpeg"}],"author":"REDA\u00c7\u00c3O: UBIRAT\u00c3 ONLINE - F\u00c1BIO AUGUSTO CELESTINO","twitter_card":"summary_large_image","twitter_creator":"@x.com\/ubirataonline","twitter_site":"@ubirataonline","twitter_misc":{"Written by":"REDA\u00c7\u00c3O: UBIRAT\u00c3 ONLINE - F\u00c1BIO AUGUSTO CELESTINO","Est. reading time":"3 minutes"},"schema":{"@context":"https:\/\/schema.org","@graph":[{"@type":"NewsArticle","@id":"https:\/\/ubirataonline.com.br\/mother-charged-with-involuntary-manslaughter-over-teen-sons-alleged-e-motorcycle-crash\/#article","isPartOf":{"@id":"https:\/\/ubirataonline.com.br\/mother-charged-with-involuntary-manslaughter-over-teen-sons-alleged-e-motorcycle-crash\/"},"author":{"name":"REDA\u00c7\u00c3O: UBIRAT\u00c3 ONLINE - F\u00c1BIO AUGUSTO CELESTINO","@id":"https:\/\/ubirataonline.com.br\/#\/schema\/person\/372f87bbd3fdd79b8556b84c98d0bc1c"},"headline":"Mother charged with involuntary manslaughter over teen son&#8217;s alleged e-motorcycle crash","datePublished":"2026-05-02T16:03:08+00:00","dateModified":"2026-05-02T16:03:12+00:00","mainEntityOfPage":{"@id":"https:\/\/ubirataonline.com.br\/mother-charged-with-involuntary-manslaughter-over-teen-sons-alleged-e-motorcycle-crash\/"},"wordCount":626,"publisher":{"@id":"https:\/\/ubirataonline.com.br\/#organization"},"image":{"@id":"https:\/\/ubirataonline.com.br\/mother-charged-with-involuntary-manslaughter-over-teen-sons-alleged-e-motorcycle-crash\/#primaryimage"},"thumbnailUrl":"https:\/\/ubirataonline.com.br\/wp-content\/uploads\/2026\/05\/Mother-charged-with-involuntary-manslaughter-over-teen-sons-alleged-e-motorcycle.jpg","keywords":["Alleged","charged","Crash","emotorcycle","involuntary","manslaughter","mother","sons","Teen"],"articleSection":["Ubirat\u00e3"],"inLanguage":"en-US","copyrightYear":"2026","copyrightHolder":{"@id":"https:\/\/ubirataonline.com.br\/en\/#organization"}},{"@type":"WebPage","@id":"https:\/\/ubirataonline.com.br\/mother-charged-with-involuntary-manslaughter-over-teen-sons-alleged-e-motorcycle-crash\/","url":"https:\/\/ubirataonline.com.br\/mother-charged-with-involuntary-manslaughter-over-teen-sons-alleged-e-motorcycle-crash\/","name":"Mother charged with involuntary manslaughter over teen son's alleged e-motorcycle crash - Ubirat\u00e3 Online Not\u00edcias - A realidade ao seu alcance!","isPartOf":{"@id":"https:\/\/ubirataonline.com.br\/#website"},"primaryImageOfPage":{"@id":"https:\/\/ubirataonline.com.br\/mother-charged-with-involuntary-manslaughter-over-teen-sons-alleged-e-motorcycle-crash\/#primaryimage"},"image":{"@id":"https:\/\/ubirataonline.com.br\/mother-charged-with-involuntary-manslaughter-over-teen-sons-alleged-e-motorcycle-crash\/#primaryimage"},"thumbnailUrl":"https:\/\/ubirataonline.com.br\/wp-content\/uploads\/2026\/05\/Mother-charged-with-involuntary-manslaughter-over-teen-sons-alleged-e-motorcycle.jpg","datePublished":"2026-05-02T16:03:08+00:00","dateModified":"2026-05-02T16:03:12+00:00","description":"A California mother has been charged with involuntary manslaughter after her 14-year-old child allegedly hit an 81-year-old veteran while doing wheelies","breadcrumb":{"@id":"https:\/\/ubirataonline.com.br\/mother-charged-with-involuntary-manslaughter-over-teen-sons-alleged-e-motorcycle-crash\/#breadcrumb"},"inLanguage":"en-US","potentialAction":[{"@type":"ReadAction","target":["https:\/\/ubirataonline.com.br\/mother-charged-with-involuntary-manslaughter-over-teen-sons-alleged-e-motorcycle-crash\/"]}]},{"@type":"ImageObject","inLanguage":"en-US","@id":"https:\/\/ubirataonline.com.br\/mother-charged-with-involuntary-manslaughter-over-teen-sons-alleged-e-motorcycle-crash\/#primaryimage","url":"https:\/\/ubirataonline.com.br\/wp-content\/uploads\/2026\/05\/Mother-charged-with-involuntary-manslaughter-over-teen-sons-alleged-e-motorcycle.jpg","contentUrl":"https:\/\/ubirataonline.com.br\/wp-content\/uploads\/2026\/05\/Mother-charged-with-involuntary-manslaughter-over-teen-sons-alleged-e-motorcycle.jpg","width":1600,"height":900,"caption":"Ed Ashman is seen in an undated photo. GoFundMe"},{"@type":"BreadcrumbList","@id":"https:\/\/ubirataonline.com.br\/mother-charged-with-involuntary-manslaughter-over-teen-sons-alleged-e-motorcycle-crash\/#breadcrumb","itemListElement":[{"@type":"ListItem","position":1,"name":"In\u00edcio","item":"https:\/\/ubirataonline.com.br\/"},{"@type":"ListItem","position":2,"name":"Mother charged with involuntary manslaughter over teen son&#8217;s alleged e-motorcycle crash"}]},{"@type":"WebSite","@id":"https:\/\/ubirataonline.com.br\/#website","url":"https:\/\/ubirataonline.com.br\/","name":"Ubirat\u00e3 Online Not\u00edcias","description":"Not\u00edcias de Ubirat\u00e3, regi\u00e3o, Brasil e mundo, com informa\u00e7\u00e3o atualizada e compromisso com o leitor.","publisher":{"@id":"https:\/\/ubirataonline.com.br\/#organization"},"alternateName":"Ubirat\u00e3 Online","potentialAction":[{"@type":"SearchAction","target":{"@type":"EntryPoint","urlTemplate":"https:\/\/ubirataonline.com.br\/?s={search_term_string}"},"query-input":{"@type":"PropertyValueSpecification","valueRequired":true,"valueName":"search_term_string"}}],"inLanguage":"en-US"},{"@type":["Organization","Place"],"@id":"https:\/\/ubirataonline.com.br\/#organization","name":"Ubirat\u00e3 Online Not\u00edcias","alternateName":"Ubirat\u00e3 Online","url":"https:\/\/ubirataonline.com.br\/","logo":{"@id":"https:\/\/ubirataonline.com.br\/mother-charged-with-involuntary-manslaughter-over-teen-sons-alleged-e-motorcycle-crash\/#local-main-organization-logo"},"image":{"@id":"https:\/\/ubirataonline.com.br\/mother-charged-with-involuntary-manslaughter-over-teen-sons-alleged-e-motorcycle-crash\/#local-main-organization-logo"},"sameAs":["https:\/\/www.facebook.com\/portalubirataonline","https:\/\/x.com\/ubirataonline","https:\/\/mastodon.social\/@ubirataonline","https:\/\/www.facebook.com\/groups\/311144672285604","https:\/\/www.facebook.com\/UBTAOnline","https:\/\/www.instagram.com\/portalubirataonline\/","https:\/\/twitter.com\/ubirataonline"],"description":"Somos um portal de not\u00edcias independente, criado em 5 de janeiro de 2009, com o objetivo de informar, conectar e valorizar a nossa comunidade de Ubirat\u00e3 e toda aregi\u00e3o. Com conte\u00fado atualizado, confi\u00e1vel e relevante, o Ubirat\u00e3 Online \u00e9 o seu espa\u00e7o para ficar por dentro dos principais acontecimentos locais, regionais, Brasil, Mundo e de interesse geral. Nosso compromisso \u00e9 com a verdade, a transpar\u00eancia e o respeito ao leitor.","legalName":"UBIRATA ONLINE NOT\u00cdCIAS","foundingDate":"2009-01-05","numberOfEmployees":{"@type":"QuantitativeValue","minValue":"1","maxValue":"10"},"publishingPrinciples":"https:\/\/ubirataonline.com.br\/faq\/","address":{"@id":"https:\/\/ubirataonline.com.br\/mother-charged-with-involuntary-manslaughter-over-teen-sons-alleged-e-motorcycle-crash\/#local-main-place-address"},"geo":{"@type":"GeoCoordinates","latitude":"-24.5361401","longitude":"-52.9921776"},"telephone":["+5544998308235"],"contactPoint":{"@type":"ContactPoint","email":"contato@ubirataonline.com.br"},"openingHoursSpecification":{"@type":"OpeningHoursSpecification","dayOfWeek":["Monday","Tuesday","Wednesday","Thursday","Friday","Saturday","Sunday"],"opens":"00:00","closes":"23:59"},"email":"contato@ubirataonline.com.br","vatID":"47.621.418\/0001-80"},{"@type":"Person","@id":"https:\/\/ubirataonline.com.br\/#\/schema\/person\/372f87bbd3fdd79b8556b84c98d0bc1c","name":"REDA\u00c7\u00c3O: UBIRAT\u00c3 ONLINE - F\u00c1BIO AUGUSTO CELESTINO","pronouns":"Ele","description":"Desde 2003 trabalhando com not\u00edcias.","sameAs":["http:\/\/ubirataoline.com.br","https:\/\/www.facebook.com\/portalubirataonline","https:\/\/www.instagram.com\/ubirataonline_oficial","https:\/\/x.com\/x.com\/ubirataonline"],"honorificPrefix":"Mr.","honorificSuffix":"MD","birthDate":"1980-06-16","gender":"masculino","award":["V\u00e1rios pr\u00eamios de melhor portal da cidade"],"jobTitle":"Diretor","url":"https:\/\/ubirataonline.com.br\/en\/author\/ubirataonline\/"},{"@type":"PostalAddress","@id":"https:\/\/ubirataonline.com.br\/mother-charged-with-involuntary-manslaughter-over-teen-sons-alleged-e-motorcycle-crash\/#local-main-place-address","streetAddress":"Rua dos Coqueiros, 104 - Bairro Boa Vista, Rua dos Coqueiros, 104 Bairro Boa Vista","addressLocality":"UBIRATA","postalCode":"85440-000","addressRegion":"PR","addressCountry":"BR"},{"@type":"ImageObject","inLanguage":"en-US","@id":"https:\/\/ubirataonline.com.br\/mother-charged-with-involuntary-manslaughter-over-teen-sons-alleged-e-motorcycle-crash\/#local-main-organization-logo","url":"https:\/\/ubirataonline.com.br\/wp-content\/uploads\/2026\/06\/logoubirataonline-1.webp","contentUrl":"https:\/\/ubirataonline.com.br\/wp-content\/uploads\/2026\/06\/logoubirataonline-1.webp","width":500,"height":500,"caption":"Ubirat\u00e3 Online Not\u00edcias"}]},"geo.placename":"UBIRATA","geo.position":{"lat":"-24.5361401","long":"-52.9921776"},"geo.region":"Brazil"},"_links":{"self":[{"href":"https:\/\/ubirataonline.com.br\/en\/wp-json\/wp\/v2\/posts\/121333","targetHints":{"allow":["GET"]}}],"collection":[{"href":"https:\/\/ubirataonline.com.br\/en\/wp-json\/wp\/v2\/posts"}],"about":[{"href":"https:\/\/ubirataonline.com.br\/en\/wp-json\/wp\/v2\/types\/post"}],"author":[{"embeddable":true,"href":"https:\/\/ubirataonline.com.br\/en\/wp-json\/wp\/v2\/users\/1"}],"replies":[{"embeddable":true,"href":"https:\/\/ubirataonline.com.br\/en\/wp-json\/wp\/v2\/comments?post=121333"}],"version-history":[{"count":0,"href":"https:\/\/ubirataonline.com.br\/en\/wp-json\/wp\/v2\/posts\/121333\/revisions"}],"wp:featuredmedia":[{"embeddable":true,"href":"https:\/\/ubirataonline.com.br\/en\/wp-json\/wp\/v2\/media\/121334"}],"wp:attachment":[{"href":"https:\/\/ubirataonline.com.br\/en\/wp-json\/wp\/v2\/media?parent=121333"}],"wp:term":[{"taxonomy":"category","embeddable":true,"href":"https:\/\/ubirataonline.com.br\/en\/wp-json\/wp\/v2\/categories?post=121333"},{"taxonomy":"post_tag","embeddable":true,"href":"https:\/\/ubirataonline.com.br\/en\/wp-json\/wp\/v2\/tags?post=121333"}],"curies":[{"name":"wp","href":"https:\/\/api.w.org\/{rel}","templated":true}]}}