{"id":121462,"date":"2026-05-02T16:08:23","date_gmt":"2026-05-02T19:08:23","guid":{"rendered":"https:\/\/ubirataonline.com.br\/vanessa-bryant-honors-daughter-gianna-on-her-birthday\/"},"modified":"2026-05-02T16:08:26","modified_gmt":"2026-05-02T19:08:26","slug":"vanessa-bryant-honors-daughter-gianna-on-her-birthday","status":"publish","type":"post","link":"https:\/\/ubirataonline.com.br\/en\/vanessa-bryant-honors-daughter-gianna-on-her-birthday\/","title":{"rendered":"Vanessa Bryant honors daughter Gianna on her birthday"},"content":{"rendered":"<p><br \/>\n<\/p>\n<div id=\"\"><media-video-playlist class=\"column twelve-column no-gutter spacer-large\" playlist-id=\"4587367002\" placement=\"snow-playlist-story-inline\" util-module-path=\"elements\/media\"\/><\/p>\n<p>Vanessa Bryant posted a photograph of her daughter, <a href=\"https:\/\/www.usatoday.com\/story\/sports\/nba\/lakers\/2025\/01\/25\/kobe-bryant-lakers-final-interview\/77943622007\/\">Gianna<\/a>, on Instagram Friday on what would have been Gianna&#8217;s 20th birthday.<\/p>\n<partner-banner util-module-path=\"elements\/partner\" class=\"spacer-large\" min-height=\"600\" fluid=\"\" outstream=\"\" momentum=\"\"\/>\n<p>\u201cHappy birthday to my sweet baby angel, Gianna,&#8221; <a href=\"https:\/\/www.instagram.com\/p\/DXzZ9K4lDXR\/\" target=\"_blank\" rel=\"noreferrer noopener\">Vanessa said in the post<\/a>. &#8220;Words can\u2019t express how much I love and miss you mamacita. Mommy loves you so much!&#8221;<\/p>\n<p>Gianna Bryant was killed in a helicopter crash six years ago along with eight other passengers, including her father, <a href=\"https:\/\/www.usatoday.com\/story\/sports\/nba\/2025\/01\/26\/kobe-bryant-legacy-grows-five-years-after-helicopter-crash\/77948192007\/\">Kobe Bryant<\/a>.<\/p>\n<p><media-gallery-promo asset-id=\"85679878007\" class=\"column ten-column no-gutter spacer-large\"\/><\/p>\n<p>The crash happened en route to Kobe Bryant&#8217;s Mamba Sports Academy in Newbury Park, California, where he was scheduled to coach his daughter&#8217;s team.<\/p>\n<partner-banner util-module-path=\"elements\/partner\" fluid=\"\" bottom=\"\" lazy=\"\" class=\"spacer-large\" min-height=\"390\" outstream=\"\"\/>\n<p>Vanessa Bryant&#8217;s post had comments with heart emojis from basketball players such as <a target=\"_blank\" href=\"https:\/\/sportsdata.usatoday.com\/basketball\/nba\/teams\/los-angeles-lakers\/13\/\" data-autotag=\"4d34a300-3059-4ec4-a4d3-4d636ac95816\">Los Angeles Lakers<\/a> star LeBron James and New York Liberty star Sabrina Ionescu.<\/p>\n<p><media-oembed util-module-path=\"elements\/media\" provider-name=\"Twitter\" class=\"column ten-column no-gutter spacer-large\"\/><\/p>\n<p>Other notable names such as Olivia Munn, Ciara and Kelly Rowland also left comments of support.<\/p>\n<p>Kobe and Gianna have been honored with a statue that sits in front of Crypto.com Arena, which was unveiled in August 2024.<\/p>\n<p><media-oembed util-module-path=\"elements\/media\" provider-name=\"Instagram\" class=\"column ten-column no-gutter spacer-large\"\/><\/p>\n<p>Vanessa Bryant founded the <a href=\"https:\/\/www.instagram.com\/reel\/DXzd8dMv19Z\/?utm_source=ig_web_copy_link&amp;igsh=NTc4MTIwNjQ2YQ==\">Mamba &amp; Mambacita Sports Foundation<\/a> in memory of Kobe and Gianna. In honor of Gianna\u2019s birthday, the non-profit announced its scholarship recipients, which were made up of 20 student-athletes from Los Angeles and Orange County.<\/p>\n<lit-timestamp class=\"column ten-column no-gutter spacer-small\" slot=\"timestamp\" publishdate=\"2026-05-02 01:43:17.345661118 +0000 UTC\" updatedate=\"2026-05-02 11:55:35.343506129 +0000 UTC\"\/><\/div>\n<p><script async src=\"\/\/www.instagram.com\/embed.js\"><\/script><br \/>\n<br \/><br \/>\n<br \/><a href=\"https:\/\/www.usatoday.com\/story\/sports\/nba\/lakers\/2026\/05\/01\/vanessa-bryant-honors-daughter-gianna-bryant-birthday\/89901971007\/\">Source link <\/a><\/p>","protected":false},"excerpt":{"rendered":"<p>Vanessa Bryant posted a photograph of her daughter, Gianna, on Instagram Friday on what would have been Gianna&#8217;s 20th birthday. \u201cHappy birthday to my sweet baby angel, Gianna,&#8221; Vanessa said in the post. &#8220;Words can\u2019t express how much I love and miss you mamacita. Mommy loves you so much!&#8221; Gianna Bryant was killed in a [&hellip;]<\/p>\n","protected":false},"author":1,"featured_media":121463,"comment_status":"closed","ping_status":"","sticky":false,"template":"","format":"standard","meta":{"googlesitekit_rrm_CAow2JLhCw:productID":"","_gspb_post_css":"","maa_idioma":"","maa_pais":"","footnotes":""},"categories":[2725],"tags":[7566,16458,6598,33070,17900,33069],"class_list":["post-121462","post","type-post","status-publish","format-standard","has-post-thumbnail","hentry","category-europe","tag-birthday","tag-bryant","tag-daughter","tag-gianna","tag-honors","tag-vanessa"],"blocksy_meta":[],"yoast_head":"<!-- This site is optimized with the Yoast SEO Premium plugin v27.6 (Yoast SEO v27.6) - https:\/\/yoast.com\/product\/yoast-seo-premium-wordpress\/ -->\n<title>Vanessa Bryant honors daughter Gianna on her birthday - Ubirat\u00e3 Online Not\u00edcias - A realidade ao seu alcance!<\/title>\n<meta name=\"description\" content=\"Vanessa Bryant posted a photograph of her daughter, Gianna, on Instagram Friday on what would have been Gianna&#039;s 20th birthday.\u201cHappy birthday to my sweet\" \/>\n<meta name=\"robots\" content=\"index, follow, max-snippet:-1, max-image-preview:large, max-video-preview:-1\" \/>\n<link rel=\"canonical\" href=\"https:\/\/ubirataonline.com.br\/en\/vanessa-bryant-honors-daughter-gianna-on-her-birthday\/\" \/>\n<meta property=\"og:locale\" content=\"en_US\" \/>\n<meta property=\"og:type\" content=\"article\" \/>\n<meta property=\"og:title\" content=\"Vanessa Bryant honors daughter Gianna on her birthday\" \/>\n<meta property=\"og:description\" content=\"Vanessa Bryant posted a photograph of her daughter, Gianna, on Instagram Friday on what would have been Gianna&#039;s 20th birthday.\u201cHappy birthday to my sweet\" \/>\n<meta property=\"og:url\" content=\"https:\/\/ubirataonline.com.br\/en\/vanessa-bryant-honors-daughter-gianna-on-her-birthday\/\" \/>\n<meta property=\"og:site_name\" content=\"Ubirat\u00e3 Online Not\u00edcias - A realidade ao seu alcance!\" \/>\n<meta property=\"article:publisher\" content=\"https:\/\/www.facebook.com\/portalubirataonline\" \/>\n<meta property=\"article:author\" content=\"https:\/\/www.facebook.com\/portalubirataonline\" \/>\n<meta property=\"article:published_time\" content=\"2026-05-02T19:08:23+00:00\" \/>\n<meta property=\"article:modified_time\" content=\"2026-05-02T19:08:26+00:00\" \/>\n<meta property=\"og:image\" content=\"https:\/\/ubirataonline.com.br\/wp-content\/uploads\/2026\/05\/Vanessa-Bryant-honors-daughter-Gianna-on-her-birthday.jpg\" \/>\n\t<meta property=\"og:image:width\" content=\"1200\" \/>\n\t<meta property=\"og:image:height\" content=\"675\" \/>\n\t<meta property=\"og:image:type\" content=\"image\/jpeg\" \/>\n<meta name=\"author\" content=\"REDA\u00c7\u00c3O: UBIRAT\u00c3 ONLINE - F\u00c1BIO AUGUSTO CELESTINO\" \/>\n<meta name=\"twitter:card\" content=\"summary_large_image\" \/>\n<meta name=\"twitter:creator\" content=\"@x.com\/ubirataonline\" \/>\n<meta name=\"twitter:site\" content=\"@ubirataonline\" \/>\n<meta name=\"twitter:label1\" content=\"Written by\" \/>\n\t<meta name=\"twitter:data1\" content=\"REDA\u00c7\u00c3O: UBIRAT\u00c3 ONLINE - F\u00c1BIO AUGUSTO CELESTINO\" \/>\n\t<meta name=\"twitter:label2\" content=\"Est. reading time\" \/>\n\t<meta name=\"twitter:data2\" content=\"1 minute\" \/>\n<script type=\"application\/ld+json\" class=\"yoast-schema-graph\">{\"@context\":\"https:\\\/\\\/schema.org\",\"@graph\":[{\"@type\":\"NewsArticle\",\"@id\":\"https:\\\/\\\/ubirataonline.com.br\\\/vanessa-bryant-honors-daughter-gianna-on-her-birthday\\\/#article\",\"isPartOf\":{\"@id\":\"https:\\\/\\\/ubirataonline.com.br\\\/vanessa-bryant-honors-daughter-gianna-on-her-birthday\\\/\"},\"author\":{\"name\":\"REDA\u00c7\u00c3O: UBIRAT\u00c3 ONLINE - F\u00c1BIO AUGUSTO CELESTINO\",\"@id\":\"https:\\\/\\\/ubirataonline.com.br\\\/#\\\/schema\\\/person\\\/372f87bbd3fdd79b8556b84c98d0bc1c\"},\"headline\":\"Vanessa Bryant honors daughter Gianna on her birthday\",\"datePublished\":\"2026-05-02T19:08:23+00:00\",\"dateModified\":\"2026-05-02T19:08:26+00:00\",\"mainEntityOfPage\":{\"@id\":\"https:\\\/\\\/ubirataonline.com.br\\\/vanessa-bryant-honors-daughter-gianna-on-her-birthday\\\/\"},\"wordCount\":214,\"publisher\":{\"@id\":\"https:\\\/\\\/ubirataonline.com.br\\\/#organization\"},\"image\":{\"@id\":\"https:\\\/\\\/ubirataonline.com.br\\\/vanessa-bryant-honors-daughter-gianna-on-her-birthday\\\/#primaryimage\"},\"thumbnailUrl\":\"https:\\\/\\\/ubirataonline.com.br\\\/wp-content\\\/uploads\\\/2026\\\/05\\\/Vanessa-Bryant-honors-daughter-Gianna-on-her-birthday.jpg\",\"keywords\":[\"birthday\",\"Bryant\",\"daughter\",\"Gianna\",\"Honors\",\"Vanessa\"],\"articleSection\":[\"Europe\"],\"inLanguage\":\"en-US\",\"copyrightYear\":\"2026\",\"copyrightHolder\":{\"@id\":\"https:\\\/\\\/ubirataonline.com.br\\\/en\\\/#organization\"}},{\"@type\":\"WebPage\",\"@id\":\"https:\\\/\\\/ubirataonline.com.br\\\/vanessa-bryant-honors-daughter-gianna-on-her-birthday\\\/\",\"url\":\"https:\\\/\\\/ubirataonline.com.br\\\/vanessa-bryant-honors-daughter-gianna-on-her-birthday\\\/\",\"name\":\"Vanessa Bryant honors daughter Gianna on her birthday - Ubirat\u00e3 Online Not\u00edcias - A realidade ao seu alcance!\",\"isPartOf\":{\"@id\":\"https:\\\/\\\/ubirataonline.com.br\\\/#website\"},\"primaryImageOfPage\":{\"@id\":\"https:\\\/\\\/ubirataonline.com.br\\\/vanessa-bryant-honors-daughter-gianna-on-her-birthday\\\/#primaryimage\"},\"image\":{\"@id\":\"https:\\\/\\\/ubirataonline.com.br\\\/vanessa-bryant-honors-daughter-gianna-on-her-birthday\\\/#primaryimage\"},\"thumbnailUrl\":\"https:\\\/\\\/ubirataonline.com.br\\\/wp-content\\\/uploads\\\/2026\\\/05\\\/Vanessa-Bryant-honors-daughter-Gianna-on-her-birthday.jpg\",\"datePublished\":\"2026-05-02T19:08:23+00:00\",\"dateModified\":\"2026-05-02T19:08:26+00:00\",\"description\":\"Vanessa Bryant posted a photograph of her daughter, Gianna, on Instagram Friday on what would have been Gianna's 20th birthday.\u201cHappy birthday to my sweet\",\"breadcrumb\":{\"@id\":\"https:\\\/\\\/ubirataonline.com.br\\\/vanessa-bryant-honors-daughter-gianna-on-her-birthday\\\/#breadcrumb\"},\"inLanguage\":\"en-US\",\"potentialAction\":[{\"@type\":\"ReadAction\",\"target\":[\"https:\\\/\\\/ubirataonline.com.br\\\/vanessa-bryant-honors-daughter-gianna-on-her-birthday\\\/\"]}]},{\"@type\":\"ImageObject\",\"inLanguage\":\"en-US\",\"@id\":\"https:\\\/\\\/ubirataonline.com.br\\\/vanessa-bryant-honors-daughter-gianna-on-her-birthday\\\/#primaryimage\",\"url\":\"https:\\\/\\\/ubirataonline.com.br\\\/wp-content\\\/uploads\\\/2026\\\/05\\\/Vanessa-Bryant-honors-daughter-Gianna-on-her-birthday.jpg\",\"contentUrl\":\"https:\\\/\\\/ubirataonline.com.br\\\/wp-content\\\/uploads\\\/2026\\\/05\\\/Vanessa-Bryant-honors-daughter-Gianna-on-her-birthday.jpg\",\"width\":1200,\"height\":675,\"caption\":\"Vanessa Bryant honors daughter Gianna on her birthday\"},{\"@type\":\"BreadcrumbList\",\"@id\":\"https:\\\/\\\/ubirataonline.com.br\\\/vanessa-bryant-honors-daughter-gianna-on-her-birthday\\\/#breadcrumb\",\"itemListElement\":[{\"@type\":\"ListItem\",\"position\":1,\"name\":\"In\u00edcio\",\"item\":\"https:\\\/\\\/ubirataonline.com.br\\\/\"},{\"@type\":\"ListItem\",\"position\":2,\"name\":\"Vanessa Bryant honors daughter Gianna on her birthday\"}]},{\"@type\":\"WebSite\",\"@id\":\"https:\\\/\\\/ubirataonline.com.br\\\/#website\",\"url\":\"https:\\\/\\\/ubirataonline.com.br\\\/\",\"name\":\"Ubirat\u00e3 Online Not\u00edcias\",\"description\":\"Not\u00edcias de Ubirat\u00e3, regi\u00e3o, Brasil e mundo, com informa\u00e7\u00e3o atualizada e compromisso com o leitor.\",\"publisher\":{\"@id\":\"https:\\\/\\\/ubirataonline.com.br\\\/#organization\"},\"alternateName\":\"Ubirat\u00e3 Online\",\"potentialAction\":[{\"@type\":\"SearchAction\",\"target\":{\"@type\":\"EntryPoint\",\"urlTemplate\":\"https:\\\/\\\/ubirataonline.com.br\\\/?s={search_term_string}\"},\"query-input\":{\"@type\":\"PropertyValueSpecification\",\"valueRequired\":true,\"valueName\":\"search_term_string\"}}],\"inLanguage\":\"en-US\"},{\"@type\":[\"Organization\",\"Place\"],\"@id\":\"https:\\\/\\\/ubirataonline.com.br\\\/#organization\",\"name\":\"Ubirat\u00e3 Online Not\u00edcias\",\"alternateName\":\"Ubirat\u00e3 Online\",\"url\":\"https:\\\/\\\/ubirataonline.com.br\\\/\",\"logo\":{\"@id\":\"https:\\\/\\\/ubirataonline.com.br\\\/vanessa-bryant-honors-daughter-gianna-on-her-birthday\\\/#local-main-organization-logo\"},\"image\":{\"@id\":\"https:\\\/\\\/ubirataonline.com.br\\\/vanessa-bryant-honors-daughter-gianna-on-her-birthday\\\/#local-main-organization-logo\"},\"sameAs\":[\"https:\\\/\\\/www.facebook.com\\\/portalubirataonline\",\"https:\\\/\\\/x.com\\\/ubirataonline\",\"https:\\\/\\\/mastodon.social\\\/@ubirataonline\",\"https:\\\/\\\/www.facebook.com\\\/groups\\\/311144672285604\",\"https:\\\/\\\/www.facebook.com\\\/UBTAOnline\",\"https:\\\/\\\/www.instagram.com\\\/portalubirataonline\\\/\",\"https:\\\/\\\/twitter.com\\\/ubirataonline\"],\"description\":\"Somos um portal de not\u00edcias independente, criado em 5 de janeiro de 2009, com o objetivo de informar, conectar e valorizar a nossa comunidade de Ubirat\u00e3 e toda aregi\u00e3o. Com conte\u00fado atualizado, confi\u00e1vel e relevante, o Ubirat\u00e3 Online \u00e9 o seu espa\u00e7o para ficar por dentro dos principais acontecimentos locais, regionais, Brasil, Mundo e de interesse geral. Nosso compromisso \u00e9 com a verdade, a transpar\u00eancia e o respeito ao leitor.\",\"legalName\":\"UBIRATA ONLINE NOT\u00cdCIAS\",\"foundingDate\":\"2009-01-05\",\"numberOfEmployees\":{\"@type\":\"QuantitativeValue\",\"minValue\":\"1\",\"maxValue\":\"10\"},\"publishingPrinciples\":\"https:\\\/\\\/ubirataonline.com.br\\\/faq\\\/\",\"address\":{\"@id\":\"https:\\\/\\\/ubirataonline.com.br\\\/vanessa-bryant-honors-daughter-gianna-on-her-birthday\\\/#local-main-place-address\"},\"geo\":{\"@type\":\"GeoCoordinates\",\"latitude\":\"-24.5361401\",\"longitude\":\"-52.9921776\"},\"telephone\":[\"+5544998308235\"],\"contactPoint\":{\"@type\":\"ContactPoint\",\"email\":\"contato@ubirataonline.com.br\"},\"openingHoursSpecification\":{\"@type\":\"OpeningHoursSpecification\",\"dayOfWeek\":[\"Monday\",\"Tuesday\",\"Wednesday\",\"Thursday\",\"Friday\",\"Saturday\",\"Sunday\"],\"opens\":\"00:00\",\"closes\":\"23:59\"},\"email\":\"contato@ubirataonline.com.br\",\"vatID\":\"47.621.418\\\/0001-80\"},{\"@type\":\"Person\",\"@id\":\"https:\\\/\\\/ubirataonline.com.br\\\/#\\\/schema\\\/person\\\/372f87bbd3fdd79b8556b84c98d0bc1c\",\"name\":\"REDA\u00c7\u00c3O: UBIRAT\u00c3 ONLINE - F\u00c1BIO AUGUSTO CELESTINO\",\"pronouns\":\"Ele\",\"description\":\"Desde 2003 trabalhando com not\u00edcias.\",\"sameAs\":[\"http:\\\/\\\/ubirataoline.com.br\",\"https:\\\/\\\/www.facebook.com\\\/portalubirataonline\",\"https:\\\/\\\/www.instagram.com\\\/ubirataonline_oficial\",\"https:\\\/\\\/x.com\\\/x.com\\\/ubirataonline\"],\"honorificPrefix\":\"Mr.\",\"honorificSuffix\":\"MD\",\"birthDate\":\"1980-06-16\",\"gender\":\"masculino\",\"award\":[\"V\u00e1rios pr\u00eamios de melhor portal da cidade\"],\"jobTitle\":\"Diretor\",\"url\":\"https:\\\/\\\/ubirataonline.com.br\\\/en\\\/author\\\/ubirataonline\\\/\"},{\"@type\":\"PostalAddress\",\"@id\":\"https:\\\/\\\/ubirataonline.com.br\\\/vanessa-bryant-honors-daughter-gianna-on-her-birthday\\\/#local-main-place-address\",\"streetAddress\":\"Rua dos Coqueiros, 104 - Bairro Boa Vista, Rua dos Coqueiros, 104 Bairro Boa Vista\",\"addressLocality\":\"UBIRATA\",\"postalCode\":\"85440-000\",\"addressRegion\":\"PR\",\"addressCountry\":\"BR\"},{\"@type\":\"ImageObject\",\"inLanguage\":\"en-US\",\"@id\":\"https:\\\/\\\/ubirataonline.com.br\\\/vanessa-bryant-honors-daughter-gianna-on-her-birthday\\\/#local-main-organization-logo\",\"url\":\"https:\\\/\\\/ubirataonline.com.br\\\/wp-content\\\/uploads\\\/2026\\\/06\\\/logoubirataonline-1.webp\",\"contentUrl\":\"https:\\\/\\\/ubirataonline.com.br\\\/wp-content\\\/uploads\\\/2026\\\/06\\\/logoubirataonline-1.webp\",\"width\":500,\"height\":500,\"caption\":\"Ubirat\u00e3 Online Not\u00edcias\"}]}<\/script>\n<meta name=\"geo.placename\" content=\"UBIRATA\" \/>\n<meta name=\"geo.position\" content=\"-24.5361401;-52.9921776\" \/>\n<meta name=\"geo.region\" content=\"Brazil\" \/>\n<!-- \/ Yoast SEO Premium plugin. -->","yoast_head_json":{"title":"Vanessa Bryant honors daughter Gianna on her birthday - Ubirat\u00e3 Online Not\u00edcias - A realidade ao seu alcance!","description":"Vanessa Bryant posted a photograph of her daughter, Gianna, on Instagram Friday on what would have been Gianna's 20th birthday.\u201cHappy birthday to my sweet","robots":{"index":"index","follow":"follow","max-snippet":"max-snippet:-1","max-image-preview":"max-image-preview:large","max-video-preview":"max-video-preview:-1"},"canonical":"https:\/\/ubirataonline.com.br\/en\/vanessa-bryant-honors-daughter-gianna-on-her-birthday\/","og_locale":"en_US","og_type":"article","og_title":"Vanessa Bryant honors daughter Gianna on her birthday","og_description":"Vanessa Bryant posted a photograph of her daughter, Gianna, on Instagram Friday on what would have been Gianna's 20th birthday.\u201cHappy birthday to my sweet","og_url":"https:\/\/ubirataonline.com.br\/en\/vanessa-bryant-honors-daughter-gianna-on-her-birthday\/","og_site_name":"Ubirat\u00e3 Online Not\u00edcias - A realidade ao seu alcance!","article_publisher":"https:\/\/www.facebook.com\/portalubirataonline","article_author":"https:\/\/www.facebook.com\/portalubirataonline","article_published_time":"2026-05-02T19:08:23+00:00","article_modified_time":"2026-05-02T19:08:26+00:00","og_image":[{"width":1200,"height":675,"url":"https:\/\/ubirataonline.com.br\/wp-content\/uploads\/2026\/05\/Vanessa-Bryant-honors-daughter-Gianna-on-her-birthday.jpg","type":"image\/jpeg"}],"author":"REDA\u00c7\u00c3O: UBIRAT\u00c3 ONLINE - F\u00c1BIO AUGUSTO CELESTINO","twitter_card":"summary_large_image","twitter_creator":"@x.com\/ubirataonline","twitter_site":"@ubirataonline","twitter_misc":{"Written by":"REDA\u00c7\u00c3O: UBIRAT\u00c3 ONLINE - F\u00c1BIO AUGUSTO CELESTINO","Est. reading time":"1 minute"},"schema":{"@context":"https:\/\/schema.org","@graph":[{"@type":"NewsArticle","@id":"https:\/\/ubirataonline.com.br\/vanessa-bryant-honors-daughter-gianna-on-her-birthday\/#article","isPartOf":{"@id":"https:\/\/ubirataonline.com.br\/vanessa-bryant-honors-daughter-gianna-on-her-birthday\/"},"author":{"name":"REDA\u00c7\u00c3O: UBIRAT\u00c3 ONLINE - F\u00c1BIO AUGUSTO CELESTINO","@id":"https:\/\/ubirataonline.com.br\/#\/schema\/person\/372f87bbd3fdd79b8556b84c98d0bc1c"},"headline":"Vanessa Bryant honors daughter Gianna on her birthday","datePublished":"2026-05-02T19:08:23+00:00","dateModified":"2026-05-02T19:08:26+00:00","mainEntityOfPage":{"@id":"https:\/\/ubirataonline.com.br\/vanessa-bryant-honors-daughter-gianna-on-her-birthday\/"},"wordCount":214,"publisher":{"@id":"https:\/\/ubirataonline.com.br\/#organization"},"image":{"@id":"https:\/\/ubirataonline.com.br\/vanessa-bryant-honors-daughter-gianna-on-her-birthday\/#primaryimage"},"thumbnailUrl":"https:\/\/ubirataonline.com.br\/wp-content\/uploads\/2026\/05\/Vanessa-Bryant-honors-daughter-Gianna-on-her-birthday.jpg","keywords":["birthday","Bryant","daughter","Gianna","Honors","Vanessa"],"articleSection":["Europe"],"inLanguage":"en-US","copyrightYear":"2026","copyrightHolder":{"@id":"https:\/\/ubirataonline.com.br\/en\/#organization"}},{"@type":"WebPage","@id":"https:\/\/ubirataonline.com.br\/vanessa-bryant-honors-daughter-gianna-on-her-birthday\/","url":"https:\/\/ubirataonline.com.br\/vanessa-bryant-honors-daughter-gianna-on-her-birthday\/","name":"Vanessa Bryant honors daughter Gianna on her birthday - Ubirat\u00e3 Online Not\u00edcias - A realidade ao seu alcance!","isPartOf":{"@id":"https:\/\/ubirataonline.com.br\/#website"},"primaryImageOfPage":{"@id":"https:\/\/ubirataonline.com.br\/vanessa-bryant-honors-daughter-gianna-on-her-birthday\/#primaryimage"},"image":{"@id":"https:\/\/ubirataonline.com.br\/vanessa-bryant-honors-daughter-gianna-on-her-birthday\/#primaryimage"},"thumbnailUrl":"https:\/\/ubirataonline.com.br\/wp-content\/uploads\/2026\/05\/Vanessa-Bryant-honors-daughter-Gianna-on-her-birthday.jpg","datePublished":"2026-05-02T19:08:23+00:00","dateModified":"2026-05-02T19:08:26+00:00","description":"Vanessa Bryant posted a photograph of her daughter, Gianna, on Instagram Friday on what would have been Gianna's 20th birthday.\u201cHappy birthday to my sweet","breadcrumb":{"@id":"https:\/\/ubirataonline.com.br\/vanessa-bryant-honors-daughter-gianna-on-her-birthday\/#breadcrumb"},"inLanguage":"en-US","potentialAction":[{"@type":"ReadAction","target":["https:\/\/ubirataonline.com.br\/vanessa-bryant-honors-daughter-gianna-on-her-birthday\/"]}]},{"@type":"ImageObject","inLanguage":"en-US","@id":"https:\/\/ubirataonline.com.br\/vanessa-bryant-honors-daughter-gianna-on-her-birthday\/#primaryimage","url":"https:\/\/ubirataonline.com.br\/wp-content\/uploads\/2026\/05\/Vanessa-Bryant-honors-daughter-Gianna-on-her-birthday.jpg","contentUrl":"https:\/\/ubirataonline.com.br\/wp-content\/uploads\/2026\/05\/Vanessa-Bryant-honors-daughter-Gianna-on-her-birthday.jpg","width":1200,"height":675,"caption":"Vanessa Bryant honors daughter Gianna on her birthday"},{"@type":"BreadcrumbList","@id":"https:\/\/ubirataonline.com.br\/vanessa-bryant-honors-daughter-gianna-on-her-birthday\/#breadcrumb","itemListElement":[{"@type":"ListItem","position":1,"name":"In\u00edcio","item":"https:\/\/ubirataonline.com.br\/"},{"@type":"ListItem","position":2,"name":"Vanessa Bryant honors daughter Gianna on her birthday"}]},{"@type":"WebSite","@id":"https:\/\/ubirataonline.com.br\/#website","url":"https:\/\/ubirataonline.com.br\/","name":"Ubirat\u00e3 Online Not\u00edcias","description":"Not\u00edcias de Ubirat\u00e3, regi\u00e3o, Brasil e mundo, com informa\u00e7\u00e3o atualizada e compromisso com o leitor.","publisher":{"@id":"https:\/\/ubirataonline.com.br\/#organization"},"alternateName":"Ubirat\u00e3 Online","potentialAction":[{"@type":"SearchAction","target":{"@type":"EntryPoint","urlTemplate":"https:\/\/ubirataonline.com.br\/?s={search_term_string}"},"query-input":{"@type":"PropertyValueSpecification","valueRequired":true,"valueName":"search_term_string"}}],"inLanguage":"en-US"},{"@type":["Organization","Place"],"@id":"https:\/\/ubirataonline.com.br\/#organization","name":"Ubirat\u00e3 Online Not\u00edcias","alternateName":"Ubirat\u00e3 Online","url":"https:\/\/ubirataonline.com.br\/","logo":{"@id":"https:\/\/ubirataonline.com.br\/vanessa-bryant-honors-daughter-gianna-on-her-birthday\/#local-main-organization-logo"},"image":{"@id":"https:\/\/ubirataonline.com.br\/vanessa-bryant-honors-daughter-gianna-on-her-birthday\/#local-main-organization-logo"},"sameAs":["https:\/\/www.facebook.com\/portalubirataonline","https:\/\/x.com\/ubirataonline","https:\/\/mastodon.social\/@ubirataonline","https:\/\/www.facebook.com\/groups\/311144672285604","https:\/\/www.facebook.com\/UBTAOnline","https:\/\/www.instagram.com\/portalubirataonline\/","https:\/\/twitter.com\/ubirataonline"],"description":"Somos um portal de not\u00edcias independente, criado em 5 de janeiro de 2009, com o objetivo de informar, conectar e valorizar a nossa comunidade de Ubirat\u00e3 e toda aregi\u00e3o. Com conte\u00fado atualizado, confi\u00e1vel e relevante, o Ubirat\u00e3 Online \u00e9 o seu espa\u00e7o para ficar por dentro dos principais acontecimentos locais, regionais, Brasil, Mundo e de interesse geral. Nosso compromisso \u00e9 com a verdade, a transpar\u00eancia e o respeito ao leitor.","legalName":"UBIRATA ONLINE NOT\u00cdCIAS","foundingDate":"2009-01-05","numberOfEmployees":{"@type":"QuantitativeValue","minValue":"1","maxValue":"10"},"publishingPrinciples":"https:\/\/ubirataonline.com.br\/faq\/","address":{"@id":"https:\/\/ubirataonline.com.br\/vanessa-bryant-honors-daughter-gianna-on-her-birthday\/#local-main-place-address"},"geo":{"@type":"GeoCoordinates","latitude":"-24.5361401","longitude":"-52.9921776"},"telephone":["+5544998308235"],"contactPoint":{"@type":"ContactPoint","email":"contato@ubirataonline.com.br"},"openingHoursSpecification":{"@type":"OpeningHoursSpecification","dayOfWeek":["Monday","Tuesday","Wednesday","Thursday","Friday","Saturday","Sunday"],"opens":"00:00","closes":"23:59"},"email":"contato@ubirataonline.com.br","vatID":"47.621.418\/0001-80"},{"@type":"Person","@id":"https:\/\/ubirataonline.com.br\/#\/schema\/person\/372f87bbd3fdd79b8556b84c98d0bc1c","name":"REDA\u00c7\u00c3O: UBIRAT\u00c3 ONLINE - F\u00c1BIO AUGUSTO CELESTINO","pronouns":"Ele","description":"Desde 2003 trabalhando com not\u00edcias.","sameAs":["http:\/\/ubirataoline.com.br","https:\/\/www.facebook.com\/portalubirataonline","https:\/\/www.instagram.com\/ubirataonline_oficial","https:\/\/x.com\/x.com\/ubirataonline"],"honorificPrefix":"Mr.","honorificSuffix":"MD","birthDate":"1980-06-16","gender":"masculino","award":["V\u00e1rios pr\u00eamios de melhor portal da cidade"],"jobTitle":"Diretor","url":"https:\/\/ubirataonline.com.br\/en\/author\/ubirataonline\/"},{"@type":"PostalAddress","@id":"https:\/\/ubirataonline.com.br\/vanessa-bryant-honors-daughter-gianna-on-her-birthday\/#local-main-place-address","streetAddress":"Rua dos Coqueiros, 104 - Bairro Boa Vista, Rua dos Coqueiros, 104 Bairro Boa Vista","addressLocality":"UBIRATA","postalCode":"85440-000","addressRegion":"PR","addressCountry":"BR"},{"@type":"ImageObject","inLanguage":"en-US","@id":"https:\/\/ubirataonline.com.br\/vanessa-bryant-honors-daughter-gianna-on-her-birthday\/#local-main-organization-logo","url":"https:\/\/ubirataonline.com.br\/wp-content\/uploads\/2026\/06\/logoubirataonline-1.webp","contentUrl":"https:\/\/ubirataonline.com.br\/wp-content\/uploads\/2026\/06\/logoubirataonline-1.webp","width":500,"height":500,"caption":"Ubirat\u00e3 Online Not\u00edcias"}]},"geo.placename":"UBIRATA","geo.position":{"lat":"-24.5361401","long":"-52.9921776"},"geo.region":"Brazil"},"_links":{"self":[{"href":"https:\/\/ubirataonline.com.br\/en\/wp-json\/wp\/v2\/posts\/121462","targetHints":{"allow":["GET"]}}],"collection":[{"href":"https:\/\/ubirataonline.com.br\/en\/wp-json\/wp\/v2\/posts"}],"about":[{"href":"https:\/\/ubirataonline.com.br\/en\/wp-json\/wp\/v2\/types\/post"}],"author":[{"embeddable":true,"href":"https:\/\/ubirataonline.com.br\/en\/wp-json\/wp\/v2\/users\/1"}],"replies":[{"embeddable":true,"href":"https:\/\/ubirataonline.com.br\/en\/wp-json\/wp\/v2\/comments?post=121462"}],"version-history":[{"count":0,"href":"https:\/\/ubirataonline.com.br\/en\/wp-json\/wp\/v2\/posts\/121462\/revisions"}],"wp:featuredmedia":[{"embeddable":true,"href":"https:\/\/ubirataonline.com.br\/en\/wp-json\/wp\/v2\/media\/121463"}],"wp:attachment":[{"href":"https:\/\/ubirataonline.com.br\/en\/wp-json\/wp\/v2\/media?parent=121462"}],"wp:term":[{"taxonomy":"category","embeddable":true,"href":"https:\/\/ubirataonline.com.br\/en\/wp-json\/wp\/v2\/categories?post=121462"},{"taxonomy":"post_tag","embeddable":true,"href":"https:\/\/ubirataonline.com.br\/en\/wp-json\/wp\/v2\/tags?post=121462"}],"curies":[{"name":"wp","href":"https:\/\/api.w.org\/{rel}","templated":true}]}}