{"id":121544,"date":"2026-05-02T18:03:14","date_gmt":"2026-05-02T21:03:14","guid":{"rendered":"https:\/\/ubirataonline.com.br\/were-finally-battling-with-the-cars-we-want-to-battle-max-verstappen-and-lewis-hamilton-reflect-on-their-miami-sprint-clash\/"},"modified":"2026-05-02T18:03:16","modified_gmt":"2026-05-02T21:03:16","slug":"were-finally-battling-with-the-cars-we-want-to-battle-max-verstappen-and-lewis-hamilton-reflect-on-their-miami-sprint-clash","status":"publish","type":"post","link":"https:\/\/ubirataonline.com.br\/en\/were-finally-battling-with-the-cars-we-want-to-battle-max-verstappen-and-lewis-hamilton-reflect-on-their-miami-sprint-clash\/","title":{"rendered":"\u2018We\u2019re finally battling with the cars we want to battle\u2019 \u2013 Max Verstappen and Lewis Hamilton reflect on their Miami Sprint clash"},"content":{"rendered":"<p><br \/>\n<\/p>\n<div>\n<div class=\"flex flex-col gap-rem-12 md:gap-rem-16 lg:gap-rem-24\">\n<p class=\"typography-module_body-s-regular__ul7F5 typography-module_md_body-m-regular__d9VRg typography-module_lg_body-l-regular__dPa5z\"><span class=\"typography-module_body-s-bold__FIoxj typography-module_md_body-m-bold__K8ZVr typography-module_lg_body-l-bold__WMAlJ\">Max Verstappen and Lewis Hamilton got stuck into an exhilarating battle for P6 in the Sprint at the Miami Grand Prix, but were both left with more questions than answers as car issues impacted their respective running.<\/span><\/p>\n<p class=\"typography-module_body-s-regular__ul7F5 typography-module_md_body-m-regular__d9VRg typography-module_lg_body-l-regular__dPa5z\">The <a class=\"text-brand-hot-red underline decoration-1 hover:decoration-[3px]\" data-f1rd-a7s-click=\"rich_text_atom_click\" data-f1rd-a7s-context=\"eyJhY3Rpb25UeXBlIjoicmVkX2J1bGxfbGlua19jbGlja2VkIiwiY2xpY2tUZXh0Ijp0cnVlLCJwYXRoIjoiaHR0cHM6Ly93d3cuZm9ybXVsYTEuY29tL2VuL3RlYW1zL3JlZC1idWxsLXJhY2luZyIsInBhdGhUeXBlIjoiaW50ZXJuYWwifQ==\" href=\"https:\/\/www.formula1.com\/en\/teams\/red-bull-racing\">Red Bull<\/a> driver started the Sprint in P5 with Hamilton close behind in seventh before they nearly came together on the opening lap, going three-wide with Alpine\u2019s <a class=\"text-brand-hot-red underline decoration-1 hover:decoration-[3px]\" data-f1rd-a7s-click=\"rich_text_atom_click\" data-f1rd-a7s-context=\"eyJhY3Rpb25UeXBlIjoiZnJhbmNvX2NvbGFwaW50b19saW5rX2NsaWNrZWQiLCJjbGlja1RleHQiOnRydWUsInBhdGgiOiJodHRwczovL3d3dy5mb3JtdWxhMS5jb20vZW4vZHJpdmVycy9mcmFuY28tY29sYXBpbnRvIiwicGF0aFR5cGUiOiJpbnRlcm5hbCJ9\" href=\"https:\/\/www.formula1.com\/en\/drivers\/franco-colapinto\">Franco Colapinto<\/a> in a tense moment.<\/p>\n<\/div>\n<\/div>\n<div>\n<div class=\"flex flex-col gap-rem-12 md:gap-rem-16 lg:gap-rem-24\">\n<p class=\"typography-module_body-s-regular__ul7F5 typography-module_md_body-m-regular__d9VRg typography-module_lg_body-l-regular__dPa5z\">Although the Briton momentarily came out on top, the contest between the historic rivals didn\u2019t end there as <a class=\"text-brand-hot-red underline decoration-1 hover:decoration-[3px]\" data-f1rd-a7s-click=\"rich_text_atom_click\" data-f1rd-a7s-context=\"eyJhY3Rpb25UeXBlIjoidmVyc3RhcHBlbl9saW5rX2NsaWNrZWQiLCJjbGlja1RleHQiOnRydWUsInBhdGgiOiJodHRwczovL3d3dy5mb3JtdWxhMS5jb20vZW4vZHJpdmVycy9tYXgtdmVyc3RhcHBlbiIsInBhdGhUeXBlIjoiaW50ZXJuYWwifQ==\" href=\"https:\/\/www.formula1.com\/en\/drivers\/max-verstappen\">Verstappen<\/a> looked to reclaim the position on Lap 9, which led to the duo running wide over track limits.<\/p>\n<p class=\"typography-module_body-s-regular__ul7F5 typography-module_md_body-m-regular__d9VRg typography-module_lg_body-l-regular__dPa5z\">Verstappen was forced to give the place back but quickly made a more lasting overtake on <a class=\"text-brand-hot-red underline decoration-1 hover:decoration-[3px]\" data-f1rd-a7s-click=\"rich_text_atom_click\" data-f1rd-a7s-context=\"eyJhY3Rpb25UeXBlIjoiaGFtaWx0b25fbGlua19jbGlja2VkIiwiY2xpY2tUZXh0Ijp0cnVlLCJwYXRoIjoiaHR0cHM6Ly93d3cuZm9ybXVsYTEuY29tL2VuL2RyaXZlcnMvbGV3aXMtaGFtaWx0b24iLCJwYXRoVHlwZSI6ImludGVybmFsIn0=\" href=\"https:\/\/www.formula1.com\/en\/drivers\/lewis-hamilton\">Hamilton<\/a>, and later gained another spot thanks to Kimi Antonelli\u2019s five-second time penalty to wind up in fifth \u2013 his highest finish of the season so far.<\/p>\n<\/div>\n<\/div>\n<div>\n<div class=\"flex flex-col gap-rem-12 md:gap-rem-16 lg:gap-rem-24\">\n<p class=\"typography-module_body-s-regular__ul7F5 typography-module_md_body-m-regular__d9VRg typography-module_lg_body-l-regular__dPa5z\">Offering his verdict on Red Bull\u2019s improvement from the first three rounds, Verstappen said: \u201cI think overall it was a lot more positive. We\u2019re finally battling a bit more with the cars that we want to battle, even considering all the issues that I had.<\/p>\n<p class=\"typography-module_body-s-regular__ul7F5 typography-module_md_body-m-regular__d9VRg typography-module_lg_body-l-regular__dPa5z\">\u201cAt the start, again something went wrong, and then at the end of the first lap I also had no battery release out of the last corner, so that\u2019s why I got passed.<\/p>\n<p class=\"typography-module_body-s-regular__ul7F5 typography-module_md_body-m-regular__d9VRg typography-module_lg_body-l-regular__dPa5z\">\u201cAfter that, once I was in clean air a bit, the pace was okay. There are still a few problems with the car that I want to sort out and we\u2019ll go from there.\u201d<\/p>\n<\/div>\n<\/div>\n<div>\n<div class=\"flex flex-col gap-rem-12 md:gap-rem-16 lg:gap-rem-24\">\n<p class=\"typography-module_body-s-regular__ul7F5 typography-module_md_body-m-regular__d9VRg typography-module_lg_body-l-regular__dPa5z\">While the Dutchman was primarily struggling with braking issues, Hamilton was left to rue the set-up of his <a class=\"text-brand-hot-red underline decoration-1 hover:decoration-[3px]\" data-f1rd-a7s-click=\"rich_text_atom_click\" data-f1rd-a7s-context=\"eyJhY3Rpb25UeXBlIjoiZmVycmFyaV9saW5rX2NsaWNrZWQiLCJjbGlja1RleHQiOnRydWUsInBhdGgiOiJodHRwczovL3d3dy5mb3JtdWxhMS5jb20vZW4vdGVhbXMvZmVycmFyaSIsInBhdGhUeXBlIjoiaW50ZXJuYWwifQ==\" href=\"https:\/\/www.formula1.com\/en\/teams\/ferrari\">Ferrari<\/a> as he could only secure two points in P7, while his team mate <a class=\"text-brand-hot-red underline decoration-1 hover:decoration-[3px]\" data-f1rd-a7s-click=\"rich_text_atom_click\" data-f1rd-a7s-context=\"eyJhY3Rpb25UeXBlIjoiY2hhcmxlc19sZWNsZXJjX2xpbmtfY2xpY2tlZCIsImNsaWNrVGV4dCI6dHJ1ZSwicGF0aCI6Imh0dHBzOi8vd3d3LmZvcm11bGExLmNvbS9lbi9kcml2ZXJzL2NoYXJsZXMtbGVjbGVyYyIsInBhdGhUeXBlIjoiaW50ZXJuYWwifQ==\" href=\"https:\/\/www.formula1.com\/en\/drivers\/charles-leclerc\">Charles Leclerc<\/a> ended up <a class=\"text-brand-hot-red underline decoration-1 hover:decoration-[3px]\" data-f1rd-a7s-click=\"rich_text_atom_click\" data-f1rd-a7s-context=\"eyJhY3Rpb25UeXBlIjoib25fdGhlX3BvZGl1bV9saW5rX2NsaWNrZWQiLCJjbGlja1RleHQiOnRydWUsInBhdGgiOiJodHRwczovL3d3dy5mb3JtdWxhMS5jb20vZW4vbGF0ZXN0L2FydGljbGUvbGVjbGVyYy1hZG1pdHMtaGVzLW5vdC1zYXRpc2ZpZWQtd2l0aC1wMy1hZnRlci1sb3Npbmctb3V0LXRvLXBpYXN0cmktaW4tbWlhbWktc3ByaW50LlBlV09NelVpTzdGYWN1ME5vd2ZIZSIsInBhdGhUeXBlIjoiaW50ZXJuYWwifQ==\" href=\"https:\/\/www.formula1.com\/en\/latest\/article\/leclerc-admits-hes-not-satisfied-with-p3-after-losing-out-to-piastri-in-miami-sprint.PeWOMzUiO7Facu0NowfHe\">on the podium<\/a>.<\/p>\n<p class=\"typography-module_body-s-regular__ul7F5 typography-module_md_body-m-regular__d9VRg typography-module_lg_body-l-regular__dPa5z\">Asked by <em>Sky Sports<\/em> what needs to be adjusted ahead of Qualifying, he replied: \u201cI\u2019m hoping that we can change a lot. I think yesterday I lost three-tenths just because the software wasn\u2019t working properly.<\/p>\n<p class=\"typography-module_body-s-regular__ul7F5 typography-module_md_body-m-regular__d9VRg typography-module_lg_body-l-regular__dPa5z\">\u201cI was driving the same but losing down the straights. In the [Sprint], it seemed that that continued from [Sprint] Qualifying so I think they\u2019re going to have to do some software changes or something to make sure that doesn\u2019t happen going into Qualifying.<\/p>\n<p class=\"typography-module_body-s-regular__ul7F5 typography-module_md_body-m-regular__d9VRg typography-module_lg_body-l-regular__dPa5z\">\u201cHopefully we\u2019ll have slightly better deployment. The set-up is in the wrong place so definitely will make some big changes going into Qualifying.\u201d<\/p>\n<\/div>\n<\/div>\n<p><br \/>\n<br \/><a href=\"https:\/\/www.formula1.com\/en\/latest\/article\/were-finally-battling-with-the-cars-we-want-to-battle-verstappen-and-hamilton-reflect-on-their-miami-sprint-clash.4zDRtQZP1KRD0ksg5gvuDy\">Source link <\/a><\/p>\n","protected":false},"excerpt":{"rendered":"<p>Max Verstappen and Lewis Hamilton got stuck into an exhilarating battle for P6 in the Sprint at the Miami Grand Prix, but were both left with more questions than answers as car issues impacted their respective running. The Red Bull driver started the Sprint in P5 with Hamilton close behind in seventh before they nearly [&hellip;]<\/p>\n","protected":false},"author":1,"featured_media":121545,"comment_status":"closed","ping_status":"","sticky":false,"template":"","format":"standard","meta":{"googlesitekit_rrm_CAow2JLhCw:productID":"","_gspb_post_css":"","maa_idioma":"","maa_pais":"","footnotes":""},"categories":[2725],"tags":[6732,15793,7890,3394,12489,17706,12681,5479,2950,27199,6659,6742],"class_list":["post-121544","post","type-post","status-publish","format-standard","has-post-thumbnail","hentry","category-europe","tag-battle","tag-battling","tag-cars","tag-clash","tag-finally","tag-hamilton","tag-lewis","tag-max","tag-miami","tag-reflect","tag-sprint","tag-verstappen"],"blocksy_meta":[],"yoast_head":"<!-- This site is optimized with the Yoast SEO Premium plugin v27.6 (Yoast SEO v27.6) - https:\/\/yoast.com\/product\/yoast-seo-premium-wordpress\/ -->\n<title>\u2018We\u2019re finally battling with the cars we want to battle\u2019 \u2013 Max Verstappen and Lewis Hamilton reflect on their Miami Sprint clash - Ubirat\u00e3 Online Not\u00edcias - A realidade ao seu alcance!<\/title>\n<meta name=\"description\" content=\"Max Verstappen and Lewis Hamilton got stuck into an exhilarating battle for P6 in the Sprint at the Miami Grand Prix, but were both left with more\" \/>\n<meta name=\"robots\" content=\"index, follow, max-snippet:-1, max-image-preview:large, max-video-preview:-1\" \/>\n<link rel=\"canonical\" href=\"https:\/\/ubirataonline.com.br\/en\/were-finally-battling-with-the-cars-we-want-to-battle-max-verstappen-and-lewis-hamilton-reflect-on-their-miami-sprint-clash\/\" \/>\n<meta property=\"og:locale\" content=\"en_US\" \/>\n<meta property=\"og:type\" content=\"article\" \/>\n<meta property=\"og:title\" content=\"\u2018We\u2019re finally battling with the cars we want to battle\u2019 \u2013 Max Verstappen and Lewis Hamilton reflect on their Miami Sprint clash\" \/>\n<meta property=\"og:description\" content=\"Max Verstappen and Lewis Hamilton got stuck into an exhilarating battle for P6 in the Sprint at the Miami Grand Prix, but were both left with more\" \/>\n<meta property=\"og:url\" content=\"https:\/\/ubirataonline.com.br\/en\/were-finally-battling-with-the-cars-we-want-to-battle-max-verstappen-and-lewis-hamilton-reflect-on-their-miami-sprint-clash\/\" \/>\n<meta property=\"og:site_name\" content=\"Ubirat\u00e3 Online Not\u00edcias - A realidade ao seu alcance!\" \/>\n<meta property=\"article:publisher\" content=\"https:\/\/www.facebook.com\/portalubirataonline\" \/>\n<meta property=\"article:author\" content=\"https:\/\/www.facebook.com\/portalubirataonline\" \/>\n<meta property=\"article:published_time\" content=\"2026-05-02T21:03:14+00:00\" \/>\n<meta property=\"article:modified_time\" content=\"2026-05-02T21:03:16+00:00\" \/>\n<meta property=\"og:image\" content=\"https:\/\/ubirataonline.com.br\/wp-content\/uploads\/2026\/05\/\u2018Were-finally-battling-with-the-cars-we-want-to-battle.webp.webp\" \/>\n\t<meta property=\"og:image:width\" content=\"2048\" \/>\n\t<meta property=\"og:image:height\" content=\"1152\" \/>\n\t<meta property=\"og:image:type\" content=\"image\/webp\" \/>\n<meta name=\"author\" content=\"REDA\u00c7\u00c3O: UBIRAT\u00c3 ONLINE - F\u00c1BIO AUGUSTO CELESTINO\" \/>\n<meta name=\"twitter:card\" content=\"summary_large_image\" \/>\n<meta name=\"twitter:creator\" content=\"@x.com\/ubirataonline\" \/>\n<meta name=\"twitter:site\" content=\"@ubirataonline\" \/>\n<meta name=\"twitter:label1\" content=\"Written by\" \/>\n\t<meta name=\"twitter:data1\" content=\"REDA\u00c7\u00c3O: UBIRAT\u00c3 ONLINE - F\u00c1BIO AUGUSTO CELESTINO\" \/>\n\t<meta name=\"twitter:label2\" content=\"Est. reading time\" \/>\n\t<meta name=\"twitter:data2\" content=\"2 minutes\" \/>\n<script type=\"application\/ld+json\" class=\"yoast-schema-graph\">{\"@context\":\"https:\\\/\\\/schema.org\",\"@graph\":[{\"@type\":\"NewsArticle\",\"@id\":\"https:\\\/\\\/ubirataonline.com.br\\\/were-finally-battling-with-the-cars-we-want-to-battle-max-verstappen-and-lewis-hamilton-reflect-on-their-miami-sprint-clash\\\/#article\",\"isPartOf\":{\"@id\":\"https:\\\/\\\/ubirataonline.com.br\\\/were-finally-battling-with-the-cars-we-want-to-battle-max-verstappen-and-lewis-hamilton-reflect-on-their-miami-sprint-clash\\\/\"},\"author\":{\"name\":\"REDA\u00c7\u00c3O: UBIRAT\u00c3 ONLINE - F\u00c1BIO AUGUSTO CELESTINO\",\"@id\":\"https:\\\/\\\/ubirataonline.com.br\\\/#\\\/schema\\\/person\\\/372f87bbd3fdd79b8556b84c98d0bc1c\"},\"headline\":\"\u2018We\u2019re finally battling with the cars we want to battle\u2019 \u2013 Max Verstappen and Lewis Hamilton reflect on their Miami Sprint clash\",\"datePublished\":\"2026-05-02T21:03:14+00:00\",\"dateModified\":\"2026-05-02T21:03:16+00:00\",\"mainEntityOfPage\":{\"@id\":\"https:\\\/\\\/ubirataonline.com.br\\\/were-finally-battling-with-the-cars-we-want-to-battle-max-verstappen-and-lewis-hamilton-reflect-on-their-miami-sprint-clash\\\/\"},\"wordCount\":440,\"publisher\":{\"@id\":\"https:\\\/\\\/ubirataonline.com.br\\\/#organization\"},\"image\":{\"@id\":\"https:\\\/\\\/ubirataonline.com.br\\\/were-finally-battling-with-the-cars-we-want-to-battle-max-verstappen-and-lewis-hamilton-reflect-on-their-miami-sprint-clash\\\/#primaryimage\"},\"thumbnailUrl\":\"https:\\\/\\\/ubirataonline.com.br\\\/wp-content\\\/uploads\\\/2026\\\/05\\\/\u2018Were-finally-battling-with-the-cars-we-want-to-battle.webp.webp\",\"keywords\":[\"battle\",\"Battling\",\"cars\",\"clash\",\"finally\",\"Hamilton\",\"Lewis\",\"Max\",\"Miami\",\"Reflect\",\"Sprint\",\"Verstappen\"],\"articleSection\":[\"Europe\"],\"inLanguage\":\"en-US\",\"copyrightYear\":\"2026\",\"copyrightHolder\":{\"@id\":\"https:\\\/\\\/ubirataonline.com.br\\\/en\\\/#organization\"}},{\"@type\":\"WebPage\",\"@id\":\"https:\\\/\\\/ubirataonline.com.br\\\/were-finally-battling-with-the-cars-we-want-to-battle-max-verstappen-and-lewis-hamilton-reflect-on-their-miami-sprint-clash\\\/\",\"url\":\"https:\\\/\\\/ubirataonline.com.br\\\/were-finally-battling-with-the-cars-we-want-to-battle-max-verstappen-and-lewis-hamilton-reflect-on-their-miami-sprint-clash\\\/\",\"name\":\"\u2018We\u2019re finally battling with the cars we want to battle\u2019 \u2013 Max Verstappen and Lewis Hamilton reflect on their Miami Sprint clash - Ubirat\u00e3 Online Not\u00edcias - A realidade ao seu alcance!\",\"isPartOf\":{\"@id\":\"https:\\\/\\\/ubirataonline.com.br\\\/#website\"},\"primaryImageOfPage\":{\"@id\":\"https:\\\/\\\/ubirataonline.com.br\\\/were-finally-battling-with-the-cars-we-want-to-battle-max-verstappen-and-lewis-hamilton-reflect-on-their-miami-sprint-clash\\\/#primaryimage\"},\"image\":{\"@id\":\"https:\\\/\\\/ubirataonline.com.br\\\/were-finally-battling-with-the-cars-we-want-to-battle-max-verstappen-and-lewis-hamilton-reflect-on-their-miami-sprint-clash\\\/#primaryimage\"},\"thumbnailUrl\":\"https:\\\/\\\/ubirataonline.com.br\\\/wp-content\\\/uploads\\\/2026\\\/05\\\/\u2018Were-finally-battling-with-the-cars-we-want-to-battle.webp.webp\",\"datePublished\":\"2026-05-02T21:03:14+00:00\",\"dateModified\":\"2026-05-02T21:03:16+00:00\",\"description\":\"Max Verstappen and Lewis Hamilton got stuck into an exhilarating battle for P6 in the Sprint at the Miami Grand Prix, but were both left with more\",\"breadcrumb\":{\"@id\":\"https:\\\/\\\/ubirataonline.com.br\\\/were-finally-battling-with-the-cars-we-want-to-battle-max-verstappen-and-lewis-hamilton-reflect-on-their-miami-sprint-clash\\\/#breadcrumb\"},\"inLanguage\":\"en-US\",\"potentialAction\":[{\"@type\":\"ReadAction\",\"target\":[\"https:\\\/\\\/ubirataonline.com.br\\\/were-finally-battling-with-the-cars-we-want-to-battle-max-verstappen-and-lewis-hamilton-reflect-on-their-miami-sprint-clash\\\/\"]}]},{\"@type\":\"ImageObject\",\"inLanguage\":\"en-US\",\"@id\":\"https:\\\/\\\/ubirataonline.com.br\\\/were-finally-battling-with-the-cars-we-want-to-battle-max-verstappen-and-lewis-hamilton-reflect-on-their-miami-sprint-clash\\\/#primaryimage\",\"url\":\"https:\\\/\\\/ubirataonline.com.br\\\/wp-content\\\/uploads\\\/2026\\\/05\\\/\u2018Were-finally-battling-with-the-cars-we-want-to-battle.webp.webp\",\"contentUrl\":\"https:\\\/\\\/ubirataonline.com.br\\\/wp-content\\\/uploads\\\/2026\\\/05\\\/\u2018Were-finally-battling-with-the-cars-we-want-to-battle.webp.webp\",\"width\":2048,\"height\":1152,\"caption\":\"\u2018We\u2019re finally battling with the cars we want to battle\u2019 \u2013 Max Verstappen and Lewis Hamilton reflect on their Miami Sprint clash\"},{\"@type\":\"BreadcrumbList\",\"@id\":\"https:\\\/\\\/ubirataonline.com.br\\\/were-finally-battling-with-the-cars-we-want-to-battle-max-verstappen-and-lewis-hamilton-reflect-on-their-miami-sprint-clash\\\/#breadcrumb\",\"itemListElement\":[{\"@type\":\"ListItem\",\"position\":1,\"name\":\"In\u00edcio\",\"item\":\"https:\\\/\\\/ubirataonline.com.br\\\/\"},{\"@type\":\"ListItem\",\"position\":2,\"name\":\"\u2018We\u2019re finally battling with the cars we want to battle\u2019 \u2013 Max Verstappen and Lewis Hamilton reflect on their Miami Sprint clash\"}]},{\"@type\":\"WebSite\",\"@id\":\"https:\\\/\\\/ubirataonline.com.br\\\/#website\",\"url\":\"https:\\\/\\\/ubirataonline.com.br\\\/\",\"name\":\"Ubirat\u00e3 Online Not\u00edcias\",\"description\":\"Not\u00edcias de Ubirat\u00e3, regi\u00e3o, Brasil e mundo, com informa\u00e7\u00e3o atualizada e compromisso com o leitor.\",\"publisher\":{\"@id\":\"https:\\\/\\\/ubirataonline.com.br\\\/#organization\"},\"alternateName\":\"Ubirat\u00e3 Online\",\"potentialAction\":[{\"@type\":\"SearchAction\",\"target\":{\"@type\":\"EntryPoint\",\"urlTemplate\":\"https:\\\/\\\/ubirataonline.com.br\\\/?s={search_term_string}\"},\"query-input\":{\"@type\":\"PropertyValueSpecification\",\"valueRequired\":true,\"valueName\":\"search_term_string\"}}],\"inLanguage\":\"en-US\"},{\"@type\":[\"Organization\",\"Place\"],\"@id\":\"https:\\\/\\\/ubirataonline.com.br\\\/#organization\",\"name\":\"Ubirat\u00e3 Online Not\u00edcias\",\"alternateName\":\"Ubirat\u00e3 Online\",\"url\":\"https:\\\/\\\/ubirataonline.com.br\\\/\",\"logo\":{\"@id\":\"https:\\\/\\\/ubirataonline.com.br\\\/were-finally-battling-with-the-cars-we-want-to-battle-max-verstappen-and-lewis-hamilton-reflect-on-their-miami-sprint-clash\\\/#local-main-organization-logo\"},\"image\":{\"@id\":\"https:\\\/\\\/ubirataonline.com.br\\\/were-finally-battling-with-the-cars-we-want-to-battle-max-verstappen-and-lewis-hamilton-reflect-on-their-miami-sprint-clash\\\/#local-main-organization-logo\"},\"sameAs\":[\"https:\\\/\\\/www.facebook.com\\\/portalubirataonline\",\"https:\\\/\\\/x.com\\\/ubirataonline\",\"https:\\\/\\\/mastodon.social\\\/@ubirataonline\",\"https:\\\/\\\/www.facebook.com\\\/groups\\\/311144672285604\",\"https:\\\/\\\/www.facebook.com\\\/UBTAOnline\",\"https:\\\/\\\/www.instagram.com\\\/portalubirataonline\\\/\",\"https:\\\/\\\/twitter.com\\\/ubirataonline\"],\"description\":\"Somos um portal de not\u00edcias independente, criado em 5 de janeiro de 2009, com o objetivo de informar, conectar e valorizar a nossa comunidade de Ubirat\u00e3 e toda aregi\u00e3o. Com conte\u00fado atualizado, confi\u00e1vel e relevante, o Ubirat\u00e3 Online \u00e9 o seu espa\u00e7o para ficar por dentro dos principais acontecimentos locais, regionais, Brasil, Mundo e de interesse geral. Nosso compromisso \u00e9 com a verdade, a transpar\u00eancia e o respeito ao leitor.\",\"legalName\":\"UBIRATA ONLINE NOT\u00cdCIAS\",\"foundingDate\":\"2009-01-05\",\"numberOfEmployees\":{\"@type\":\"QuantitativeValue\",\"minValue\":\"1\",\"maxValue\":\"10\"},\"publishingPrinciples\":\"https:\\\/\\\/ubirataonline.com.br\\\/faq\\\/\",\"address\":{\"@id\":\"https:\\\/\\\/ubirataonline.com.br\\\/were-finally-battling-with-the-cars-we-want-to-battle-max-verstappen-and-lewis-hamilton-reflect-on-their-miami-sprint-clash\\\/#local-main-place-address\"},\"geo\":{\"@type\":\"GeoCoordinates\",\"latitude\":\"-24.5361401\",\"longitude\":\"-52.9921776\"},\"telephone\":[\"+5544998308235\"],\"contactPoint\":{\"@type\":\"ContactPoint\",\"email\":\"contato@ubirataonline.com.br\"},\"openingHoursSpecification\":{\"@type\":\"OpeningHoursSpecification\",\"dayOfWeek\":[\"Monday\",\"Tuesday\",\"Wednesday\",\"Thursday\",\"Friday\",\"Saturday\",\"Sunday\"],\"opens\":\"00:00\",\"closes\":\"23:59\"},\"email\":\"contato@ubirataonline.com.br\",\"vatID\":\"47.621.418\\\/0001-80\"},{\"@type\":\"Person\",\"@id\":\"https:\\\/\\\/ubirataonline.com.br\\\/#\\\/schema\\\/person\\\/372f87bbd3fdd79b8556b84c98d0bc1c\",\"name\":\"REDA\u00c7\u00c3O: UBIRAT\u00c3 ONLINE - F\u00c1BIO AUGUSTO CELESTINO\",\"pronouns\":\"Ele\",\"description\":\"Desde 2003 trabalhando com not\u00edcias.\",\"sameAs\":[\"http:\\\/\\\/ubirataoline.com.br\",\"https:\\\/\\\/www.facebook.com\\\/portalubirataonline\",\"https:\\\/\\\/www.instagram.com\\\/ubirataonline_oficial\",\"https:\\\/\\\/x.com\\\/x.com\\\/ubirataonline\"],\"honorificPrefix\":\"Mr.\",\"honorificSuffix\":\"MD\",\"birthDate\":\"1980-06-16\",\"gender\":\"masculino\",\"award\":[\"V\u00e1rios pr\u00eamios de melhor portal da cidade\"],\"jobTitle\":\"Diretor\",\"url\":\"https:\\\/\\\/ubirataonline.com.br\\\/en\\\/author\\\/ubirataonline\\\/\"},{\"@type\":\"PostalAddress\",\"@id\":\"https:\\\/\\\/ubirataonline.com.br\\\/were-finally-battling-with-the-cars-we-want-to-battle-max-verstappen-and-lewis-hamilton-reflect-on-their-miami-sprint-clash\\\/#local-main-place-address\",\"streetAddress\":\"Rua dos Coqueiros, 104 - Bairro Boa Vista, Rua dos Coqueiros, 104 Bairro Boa Vista\",\"addressLocality\":\"UBIRATA\",\"postalCode\":\"85440-000\",\"addressRegion\":\"PR\",\"addressCountry\":\"BR\"},{\"@type\":\"ImageObject\",\"inLanguage\":\"en-US\",\"@id\":\"https:\\\/\\\/ubirataonline.com.br\\\/were-finally-battling-with-the-cars-we-want-to-battle-max-verstappen-and-lewis-hamilton-reflect-on-their-miami-sprint-clash\\\/#local-main-organization-logo\",\"url\":\"https:\\\/\\\/ubirataonline.com.br\\\/wp-content\\\/uploads\\\/2026\\\/06\\\/logoubirataonline-1.webp\",\"contentUrl\":\"https:\\\/\\\/ubirataonline.com.br\\\/wp-content\\\/uploads\\\/2026\\\/06\\\/logoubirataonline-1.webp\",\"width\":500,\"height\":500,\"caption\":\"Ubirat\u00e3 Online Not\u00edcias\"}]}<\/script>\n<meta name=\"geo.placename\" content=\"UBIRATA\" \/>\n<meta name=\"geo.position\" content=\"-24.5361401;-52.9921776\" \/>\n<meta name=\"geo.region\" content=\"Brazil\" \/>\n<!-- \/ Yoast SEO Premium plugin. -->","yoast_head_json":{"title":"\u2018We\u2019re finally battling with the cars we want to battle\u2019 \u2013 Max Verstappen and Lewis Hamilton reflect on their Miami Sprint clash - Ubirat\u00e3 Online Not\u00edcias - A realidade ao seu alcance!","description":"Max Verstappen and Lewis Hamilton got stuck into an exhilarating battle for P6 in the Sprint at the Miami Grand Prix, but were both left with more","robots":{"index":"index","follow":"follow","max-snippet":"max-snippet:-1","max-image-preview":"max-image-preview:large","max-video-preview":"max-video-preview:-1"},"canonical":"https:\/\/ubirataonline.com.br\/en\/were-finally-battling-with-the-cars-we-want-to-battle-max-verstappen-and-lewis-hamilton-reflect-on-their-miami-sprint-clash\/","og_locale":"en_US","og_type":"article","og_title":"\u2018We\u2019re finally battling with the cars we want to battle\u2019 \u2013 Max Verstappen and Lewis Hamilton reflect on their Miami Sprint clash","og_description":"Max Verstappen and Lewis Hamilton got stuck into an exhilarating battle for P6 in the Sprint at the Miami Grand Prix, but were both left with more","og_url":"https:\/\/ubirataonline.com.br\/en\/were-finally-battling-with-the-cars-we-want-to-battle-max-verstappen-and-lewis-hamilton-reflect-on-their-miami-sprint-clash\/","og_site_name":"Ubirat\u00e3 Online Not\u00edcias - A realidade ao seu alcance!","article_publisher":"https:\/\/www.facebook.com\/portalubirataonline","article_author":"https:\/\/www.facebook.com\/portalubirataonline","article_published_time":"2026-05-02T21:03:14+00:00","article_modified_time":"2026-05-02T21:03:16+00:00","og_image":[{"width":2048,"height":1152,"url":"https:\/\/ubirataonline.com.br\/wp-content\/uploads\/2026\/05\/\u2018Were-finally-battling-with-the-cars-we-want-to-battle.webp.webp","type":"image\/webp"}],"author":"REDA\u00c7\u00c3O: UBIRAT\u00c3 ONLINE - F\u00c1BIO AUGUSTO CELESTINO","twitter_card":"summary_large_image","twitter_creator":"@x.com\/ubirataonline","twitter_site":"@ubirataonline","twitter_misc":{"Written by":"REDA\u00c7\u00c3O: UBIRAT\u00c3 ONLINE - F\u00c1BIO AUGUSTO CELESTINO","Est. reading time":"2 minutes"},"schema":{"@context":"https:\/\/schema.org","@graph":[{"@type":"NewsArticle","@id":"https:\/\/ubirataonline.com.br\/were-finally-battling-with-the-cars-we-want-to-battle-max-verstappen-and-lewis-hamilton-reflect-on-their-miami-sprint-clash\/#article","isPartOf":{"@id":"https:\/\/ubirataonline.com.br\/were-finally-battling-with-the-cars-we-want-to-battle-max-verstappen-and-lewis-hamilton-reflect-on-their-miami-sprint-clash\/"},"author":{"name":"REDA\u00c7\u00c3O: UBIRAT\u00c3 ONLINE - F\u00c1BIO AUGUSTO CELESTINO","@id":"https:\/\/ubirataonline.com.br\/#\/schema\/person\/372f87bbd3fdd79b8556b84c98d0bc1c"},"headline":"\u2018We\u2019re finally battling with the cars we want to battle\u2019 \u2013 Max Verstappen and Lewis Hamilton reflect on their Miami Sprint clash","datePublished":"2026-05-02T21:03:14+00:00","dateModified":"2026-05-02T21:03:16+00:00","mainEntityOfPage":{"@id":"https:\/\/ubirataonline.com.br\/were-finally-battling-with-the-cars-we-want-to-battle-max-verstappen-and-lewis-hamilton-reflect-on-their-miami-sprint-clash\/"},"wordCount":440,"publisher":{"@id":"https:\/\/ubirataonline.com.br\/#organization"},"image":{"@id":"https:\/\/ubirataonline.com.br\/were-finally-battling-with-the-cars-we-want-to-battle-max-verstappen-and-lewis-hamilton-reflect-on-their-miami-sprint-clash\/#primaryimage"},"thumbnailUrl":"https:\/\/ubirataonline.com.br\/wp-content\/uploads\/2026\/05\/\u2018Were-finally-battling-with-the-cars-we-want-to-battle.webp.webp","keywords":["battle","Battling","cars","clash","finally","Hamilton","Lewis","Max","Miami","Reflect","Sprint","Verstappen"],"articleSection":["Europe"],"inLanguage":"en-US","copyrightYear":"2026","copyrightHolder":{"@id":"https:\/\/ubirataonline.com.br\/en\/#organization"}},{"@type":"WebPage","@id":"https:\/\/ubirataonline.com.br\/were-finally-battling-with-the-cars-we-want-to-battle-max-verstappen-and-lewis-hamilton-reflect-on-their-miami-sprint-clash\/","url":"https:\/\/ubirataonline.com.br\/were-finally-battling-with-the-cars-we-want-to-battle-max-verstappen-and-lewis-hamilton-reflect-on-their-miami-sprint-clash\/","name":"\u2018We\u2019re finally battling with the cars we want to battle\u2019 \u2013 Max Verstappen and Lewis Hamilton reflect on their Miami Sprint clash - Ubirat\u00e3 Online Not\u00edcias - A realidade ao seu alcance!","isPartOf":{"@id":"https:\/\/ubirataonline.com.br\/#website"},"primaryImageOfPage":{"@id":"https:\/\/ubirataonline.com.br\/were-finally-battling-with-the-cars-we-want-to-battle-max-verstappen-and-lewis-hamilton-reflect-on-their-miami-sprint-clash\/#primaryimage"},"image":{"@id":"https:\/\/ubirataonline.com.br\/were-finally-battling-with-the-cars-we-want-to-battle-max-verstappen-and-lewis-hamilton-reflect-on-their-miami-sprint-clash\/#primaryimage"},"thumbnailUrl":"https:\/\/ubirataonline.com.br\/wp-content\/uploads\/2026\/05\/\u2018Were-finally-battling-with-the-cars-we-want-to-battle.webp.webp","datePublished":"2026-05-02T21:03:14+00:00","dateModified":"2026-05-02T21:03:16+00:00","description":"Max Verstappen and Lewis Hamilton got stuck into an exhilarating battle for P6 in the Sprint at the Miami Grand Prix, but were both left with more","breadcrumb":{"@id":"https:\/\/ubirataonline.com.br\/were-finally-battling-with-the-cars-we-want-to-battle-max-verstappen-and-lewis-hamilton-reflect-on-their-miami-sprint-clash\/#breadcrumb"},"inLanguage":"en-US","potentialAction":[{"@type":"ReadAction","target":["https:\/\/ubirataonline.com.br\/were-finally-battling-with-the-cars-we-want-to-battle-max-verstappen-and-lewis-hamilton-reflect-on-their-miami-sprint-clash\/"]}]},{"@type":"ImageObject","inLanguage":"en-US","@id":"https:\/\/ubirataonline.com.br\/were-finally-battling-with-the-cars-we-want-to-battle-max-verstappen-and-lewis-hamilton-reflect-on-their-miami-sprint-clash\/#primaryimage","url":"https:\/\/ubirataonline.com.br\/wp-content\/uploads\/2026\/05\/\u2018Were-finally-battling-with-the-cars-we-want-to-battle.webp.webp","contentUrl":"https:\/\/ubirataonline.com.br\/wp-content\/uploads\/2026\/05\/\u2018Were-finally-battling-with-the-cars-we-want-to-battle.webp.webp","width":2048,"height":1152,"caption":"\u2018We\u2019re finally battling with the cars we want to battle\u2019 \u2013 Max Verstappen and Lewis Hamilton reflect on their Miami Sprint clash"},{"@type":"BreadcrumbList","@id":"https:\/\/ubirataonline.com.br\/were-finally-battling-with-the-cars-we-want-to-battle-max-verstappen-and-lewis-hamilton-reflect-on-their-miami-sprint-clash\/#breadcrumb","itemListElement":[{"@type":"ListItem","position":1,"name":"In\u00edcio","item":"https:\/\/ubirataonline.com.br\/"},{"@type":"ListItem","position":2,"name":"\u2018We\u2019re finally battling with the cars we want to battle\u2019 \u2013 Max Verstappen and Lewis Hamilton reflect on their Miami Sprint clash"}]},{"@type":"WebSite","@id":"https:\/\/ubirataonline.com.br\/#website","url":"https:\/\/ubirataonline.com.br\/","name":"Ubirat\u00e3 Online Not\u00edcias","description":"Not\u00edcias de Ubirat\u00e3, regi\u00e3o, Brasil e mundo, com informa\u00e7\u00e3o atualizada e compromisso com o leitor.","publisher":{"@id":"https:\/\/ubirataonline.com.br\/#organization"},"alternateName":"Ubirat\u00e3 Online","potentialAction":[{"@type":"SearchAction","target":{"@type":"EntryPoint","urlTemplate":"https:\/\/ubirataonline.com.br\/?s={search_term_string}"},"query-input":{"@type":"PropertyValueSpecification","valueRequired":true,"valueName":"search_term_string"}}],"inLanguage":"en-US"},{"@type":["Organization","Place"],"@id":"https:\/\/ubirataonline.com.br\/#organization","name":"Ubirat\u00e3 Online Not\u00edcias","alternateName":"Ubirat\u00e3 Online","url":"https:\/\/ubirataonline.com.br\/","logo":{"@id":"https:\/\/ubirataonline.com.br\/were-finally-battling-with-the-cars-we-want-to-battle-max-verstappen-and-lewis-hamilton-reflect-on-their-miami-sprint-clash\/#local-main-organization-logo"},"image":{"@id":"https:\/\/ubirataonline.com.br\/were-finally-battling-with-the-cars-we-want-to-battle-max-verstappen-and-lewis-hamilton-reflect-on-their-miami-sprint-clash\/#local-main-organization-logo"},"sameAs":["https:\/\/www.facebook.com\/portalubirataonline","https:\/\/x.com\/ubirataonline","https:\/\/mastodon.social\/@ubirataonline","https:\/\/www.facebook.com\/groups\/311144672285604","https:\/\/www.facebook.com\/UBTAOnline","https:\/\/www.instagram.com\/portalubirataonline\/","https:\/\/twitter.com\/ubirataonline"],"description":"Somos um portal de not\u00edcias independente, criado em 5 de janeiro de 2009, com o objetivo de informar, conectar e valorizar a nossa comunidade de Ubirat\u00e3 e toda aregi\u00e3o. Com conte\u00fado atualizado, confi\u00e1vel e relevante, o Ubirat\u00e3 Online \u00e9 o seu espa\u00e7o para ficar por dentro dos principais acontecimentos locais, regionais, Brasil, Mundo e de interesse geral. Nosso compromisso \u00e9 com a verdade, a transpar\u00eancia e o respeito ao leitor.","legalName":"UBIRATA ONLINE NOT\u00cdCIAS","foundingDate":"2009-01-05","numberOfEmployees":{"@type":"QuantitativeValue","minValue":"1","maxValue":"10"},"publishingPrinciples":"https:\/\/ubirataonline.com.br\/faq\/","address":{"@id":"https:\/\/ubirataonline.com.br\/were-finally-battling-with-the-cars-we-want-to-battle-max-verstappen-and-lewis-hamilton-reflect-on-their-miami-sprint-clash\/#local-main-place-address"},"geo":{"@type":"GeoCoordinates","latitude":"-24.5361401","longitude":"-52.9921776"},"telephone":["+5544998308235"],"contactPoint":{"@type":"ContactPoint","email":"contato@ubirataonline.com.br"},"openingHoursSpecification":{"@type":"OpeningHoursSpecification","dayOfWeek":["Monday","Tuesday","Wednesday","Thursday","Friday","Saturday","Sunday"],"opens":"00:00","closes":"23:59"},"email":"contato@ubirataonline.com.br","vatID":"47.621.418\/0001-80"},{"@type":"Person","@id":"https:\/\/ubirataonline.com.br\/#\/schema\/person\/372f87bbd3fdd79b8556b84c98d0bc1c","name":"REDA\u00c7\u00c3O: UBIRAT\u00c3 ONLINE - F\u00c1BIO AUGUSTO CELESTINO","pronouns":"Ele","description":"Desde 2003 trabalhando com not\u00edcias.","sameAs":["http:\/\/ubirataoline.com.br","https:\/\/www.facebook.com\/portalubirataonline","https:\/\/www.instagram.com\/ubirataonline_oficial","https:\/\/x.com\/x.com\/ubirataonline"],"honorificPrefix":"Mr.","honorificSuffix":"MD","birthDate":"1980-06-16","gender":"masculino","award":["V\u00e1rios pr\u00eamios de melhor portal da cidade"],"jobTitle":"Diretor","url":"https:\/\/ubirataonline.com.br\/en\/author\/ubirataonline\/"},{"@type":"PostalAddress","@id":"https:\/\/ubirataonline.com.br\/were-finally-battling-with-the-cars-we-want-to-battle-max-verstappen-and-lewis-hamilton-reflect-on-their-miami-sprint-clash\/#local-main-place-address","streetAddress":"Rua dos Coqueiros, 104 - Bairro Boa Vista, Rua dos Coqueiros, 104 Bairro Boa Vista","addressLocality":"UBIRATA","postalCode":"85440-000","addressRegion":"PR","addressCountry":"BR"},{"@type":"ImageObject","inLanguage":"en-US","@id":"https:\/\/ubirataonline.com.br\/were-finally-battling-with-the-cars-we-want-to-battle-max-verstappen-and-lewis-hamilton-reflect-on-their-miami-sprint-clash\/#local-main-organization-logo","url":"https:\/\/ubirataonline.com.br\/wp-content\/uploads\/2026\/06\/logoubirataonline-1.webp","contentUrl":"https:\/\/ubirataonline.com.br\/wp-content\/uploads\/2026\/06\/logoubirataonline-1.webp","width":500,"height":500,"caption":"Ubirat\u00e3 Online Not\u00edcias"}]},"geo.placename":"UBIRATA","geo.position":{"lat":"-24.5361401","long":"-52.9921776"},"geo.region":"Brazil"},"_links":{"self":[{"href":"https:\/\/ubirataonline.com.br\/en\/wp-json\/wp\/v2\/posts\/121544","targetHints":{"allow":["GET"]}}],"collection":[{"href":"https:\/\/ubirataonline.com.br\/en\/wp-json\/wp\/v2\/posts"}],"about":[{"href":"https:\/\/ubirataonline.com.br\/en\/wp-json\/wp\/v2\/types\/post"}],"author":[{"embeddable":true,"href":"https:\/\/ubirataonline.com.br\/en\/wp-json\/wp\/v2\/users\/1"}],"replies":[{"embeddable":true,"href":"https:\/\/ubirataonline.com.br\/en\/wp-json\/wp\/v2\/comments?post=121544"}],"version-history":[{"count":0,"href":"https:\/\/ubirataonline.com.br\/en\/wp-json\/wp\/v2\/posts\/121544\/revisions"}],"wp:featuredmedia":[{"embeddable":true,"href":"https:\/\/ubirataonline.com.br\/en\/wp-json\/wp\/v2\/media\/121545"}],"wp:attachment":[{"href":"https:\/\/ubirataonline.com.br\/en\/wp-json\/wp\/v2\/media?parent=121544"}],"wp:term":[{"taxonomy":"category","embeddable":true,"href":"https:\/\/ubirataonline.com.br\/en\/wp-json\/wp\/v2\/categories?post=121544"},{"taxonomy":"post_tag","embeddable":true,"href":"https:\/\/ubirataonline.com.br\/en\/wp-json\/wp\/v2\/tags?post=121544"}],"curies":[{"name":"wp","href":"https:\/\/api.w.org\/{rel}","templated":true}]}}