{"id":122586,"date":"2026-05-06T15:33:11","date_gmt":"2026-05-06T18:33:11","guid":{"rendered":"https:\/\/ubirataonline.com.br\/man-of-tomorrow-adds-matthew-lillard-to-cast\/"},"modified":"2026-05-06T15:33:13","modified_gmt":"2026-05-06T18:33:13","slug":"man-of-tomorrow-adds-matthew-lillard-to-cast","status":"publish","type":"post","link":"https:\/\/ubirataonline.com.br\/en\/man-of-tomorrow-adds-matthew-lillard-to-cast\/","title":{"rendered":"Man of Tomorrow&#8217; Adds Matthew Lillard To Cast"},"content":{"rendered":"<p><\/p>\n<div>\n\t\t\t\t\t<!-- do not apply CSS styles to this element! --><\/p>\n<div class=\"pmc-paywall\">\n<p class=\"paragraph larva \/\/ lrv-u-margin-lr-auto\">\n\t<strong>EXCLUSIVE: <\/strong><a href=\"https:\/\/deadline.com\/tag\/matthew-lillard\/\" id=\"auto-tag_matthew-lillard\" data-tag=\"matthew-lillard\">Matthew Lillard<\/a> continues to build on what has already been a busy year as sources tell Deadline he is set to join the <em>Superman <\/em>sequel <em><a href=\"https:\/\/deadline.com\/tag\/man-of-tomorrow\/\" id=\"auto-tag_man-of-tomorrow\" data-tag=\"man-of-tomorrow\">Man Of Tomorrow<\/a> <\/em>from DC Studios. James Gunn is directing, producing and penned the script, with David Corenswet back as the Man of Steel.<\/p>\n<p class=\"paragraph larva \/\/ lrv-u-margin-lr-auto\">\n\tDC Studios had no comment. It is unknown who Lillard will be playing in the movie.<\/p>\n<p class=\"paragraph larva \/\/ lrv-u-margin-lr-auto\">\n\tLillard\u00a0joins an ensemble that includes\u00a0<a href=\"https:\/\/deadline.com\/2024\/10\/nicholas-hoult-teases-lex-luthor-role-superman-1236160215\/\">Nicholas Hoult playing Lex Luthor<\/a>,\u00a0<a href=\"https:\/\/deadline.com\/2025\/12\/man-of-tomorrow-superman-lars-eidinger-brainiac-1236654321\/\">Lars Eidinger as Brainiac<\/a>, Rachel Brosnahan as Lois Lane, Skyler Gisondo as Jimmy Olsen, Sara Sampaio as Eve Teschmacher, Isabela Merced as Hawkgirl, Nathon Fillion as Guy Gardner and Edi Gathegi as Mister Terrific. Adria Arjona is also on board to play Maxima and Aaron Pierre is also in the pic.<\/p>\n<p class=\"paragraph larva \/\/ lrv-u-margin-lr-auto\">\n\tThe film is currently in production and is set to bow on July 9, 2027.<\/p>\n<p class=\"paragraph larva \/\/ lrv-u-margin-lr-auto\">\n\t<em>Superman <\/em>hit theaters July 11 and opened to $125 million at the domestic box office, eventually becoming the first DC movie to cross the $300 million mark at the domestic box office since 2022\u2019s\u00a0<em>The Batman<\/em>.<\/p>\n<p class=\"paragraph larva \/\/ lrv-u-margin-lr-auto\">\n\tAs for Lillard, he has had a busy couple months that began with his return to the <em>Scream <\/em>franchise with <em><a href=\"https:\/\/deadline.com\/tag\/scream-7\/\" id=\"auto-tag_scream-7\" data-tag=\"scream-7\">Scream 7<\/a> <\/em>reprising his role of Stu Macher. He followed that up with a role in the second season of <em>Cross <\/em>and was also recently seen in the second season of <em>Daredevil: Born Again, <\/em>which just had its season finale on DIsney+.<\/p>\n<p class=\"paragraph larva \/\/ lrv-u-margin-lr-auto\">\n\tNext up he can be seen in A24\u2019s <em>Carrie <\/em>series. He is repped by Verve and Strand Entertainment.<\/p>\n<\/div><\/div>\n<p><a href=\"https:\/\/deadline.com\/2026\/05\/superman-2-man-of-tomorrow-matthew-lillard-1236883112\/\">Source link <\/a><\/p>","protected":false},"excerpt":{"rendered":"<p>EXCLUSIVE: Matthew Lillard continues to build on what has already been a busy year as sources tell Deadline he is set to join the Superman sequel Man Of Tomorrow from DC Studios. James Gunn is directing, producing and penned the script, with David Corenswet back as the Man of Steel. DC Studios had no comment. [&hellip;]<\/p>\n","protected":false},"author":1,"featured_media":122587,"comment_status":"closed","ping_status":"","sticky":false,"template":"","format":"standard","meta":{"googlesitekit_rrm_CAow2JLhCw:productID":"","_gspb_post_css":"","maa_idioma":"","maa_pais":"","footnotes":""},"categories":[1],"tags":[10756,5665,25979,3129,13131,21534],"class_list":["post-122586","post","type-post","status-publish","format-standard","has-post-thumbnail","hentry","category-ubirata","tag-adds","tag-cast","tag-lillard","tag-man","tag-matthew","tag-tomorrow"],"blocksy_meta":[],"yoast_head":"<!-- This site is optimized with the Yoast SEO Premium plugin v27.6 (Yoast SEO v27.6) - https:\/\/yoast.com\/product\/yoast-seo-premium-wordpress\/ -->\n<title>Man of Tomorrow&#039; Adds Matthew Lillard To Cast - Ubirat\u00e3 Online Not\u00edcias - A realidade ao seu alcance!<\/title>\n<meta name=\"description\" content=\"EXCLUSIVE: Matthew Lillard continues to build on what has already been a busy year as sources tell Deadline he is set to join the Superman sequel Man Of\" \/>\n<meta name=\"robots\" content=\"index, follow, max-snippet:-1, max-image-preview:large, max-video-preview:-1\" \/>\n<link rel=\"canonical\" href=\"https:\/\/ubirataonline.com.br\/en\/man-of-tomorrow-adds-matthew-lillard-to-cast\/\" \/>\n<meta property=\"og:locale\" content=\"en_US\" \/>\n<meta property=\"og:type\" content=\"article\" \/>\n<meta property=\"og:title\" content=\"Man of Tomorrow&#039; Adds Matthew Lillard To Cast\" \/>\n<meta property=\"og:description\" content=\"EXCLUSIVE: Matthew Lillard continues to build on what has already been a busy year as sources tell Deadline he is set to join the Superman sequel Man Of\" \/>\n<meta property=\"og:url\" content=\"https:\/\/ubirataonline.com.br\/en\/man-of-tomorrow-adds-matthew-lillard-to-cast\/\" \/>\n<meta property=\"og:site_name\" content=\"Ubirat\u00e3 Online Not\u00edcias - A realidade ao seu alcance!\" \/>\n<meta property=\"article:publisher\" content=\"https:\/\/www.facebook.com\/portalubirataonline\" \/>\n<meta property=\"article:author\" content=\"https:\/\/www.facebook.com\/portalubirataonline\" \/>\n<meta property=\"article:published_time\" content=\"2026-05-06T18:33:11+00:00\" \/>\n<meta property=\"article:modified_time\" content=\"2026-05-06T18:33:13+00:00\" \/>\n<meta property=\"og:image\" content=\"https:\/\/ubirataonline.com.br\/wp-content\/uploads\/2026\/05\/Man-of-Tomorrow-Adds-Matthew-Lillard-To-Cast.jpg\" \/>\n\t<meta property=\"og:image:width\" content=\"1024\" \/>\n\t<meta property=\"og:image:height\" content=\"682\" \/>\n\t<meta property=\"og:image:type\" content=\"image\/jpeg\" \/>\n<meta name=\"author\" content=\"REDA\u00c7\u00c3O: UBIRAT\u00c3 ONLINE - F\u00c1BIO AUGUSTO CELESTINO\" \/>\n<meta name=\"twitter:card\" content=\"summary_large_image\" \/>\n<meta name=\"twitter:creator\" content=\"@x.com\/ubirataonline\" \/>\n<meta name=\"twitter:site\" content=\"@ubirataonline\" \/>\n<meta name=\"twitter:label1\" content=\"Written by\" \/>\n\t<meta name=\"twitter:data1\" content=\"REDA\u00c7\u00c3O: UBIRAT\u00c3 ONLINE - F\u00c1BIO AUGUSTO CELESTINO\" \/>\n\t<meta name=\"twitter:label2\" content=\"Est. reading time\" \/>\n\t<meta name=\"twitter:data2\" content=\"1 minute\" \/>\n<script type=\"application\/ld+json\" class=\"yoast-schema-graph\">{\"@context\":\"https:\\\/\\\/schema.org\",\"@graph\":[{\"@type\":\"NewsArticle\",\"@id\":\"https:\\\/\\\/ubirataonline.com.br\\\/man-of-tomorrow-adds-matthew-lillard-to-cast\\\/#article\",\"isPartOf\":{\"@id\":\"https:\\\/\\\/ubirataonline.com.br\\\/man-of-tomorrow-adds-matthew-lillard-to-cast\\\/\"},\"author\":{\"name\":\"REDA\u00c7\u00c3O: UBIRAT\u00c3 ONLINE - F\u00c1BIO AUGUSTO CELESTINO\",\"@id\":\"https:\\\/\\\/ubirataonline.com.br\\\/#\\\/schema\\\/person\\\/372f87bbd3fdd79b8556b84c98d0bc1c\"},\"headline\":\"Man of Tomorrow&#8217; Adds Matthew Lillard To Cast\",\"datePublished\":\"2026-05-06T18:33:11+00:00\",\"dateModified\":\"2026-05-06T18:33:13+00:00\",\"mainEntityOfPage\":{\"@id\":\"https:\\\/\\\/ubirataonline.com.br\\\/man-of-tomorrow-adds-matthew-lillard-to-cast\\\/\"},\"wordCount\":264,\"publisher\":{\"@id\":\"https:\\\/\\\/ubirataonline.com.br\\\/#organization\"},\"image\":{\"@id\":\"https:\\\/\\\/ubirataonline.com.br\\\/man-of-tomorrow-adds-matthew-lillard-to-cast\\\/#primaryimage\"},\"thumbnailUrl\":\"https:\\\/\\\/ubirataonline.com.br\\\/wp-content\\\/uploads\\\/2026\\\/05\\\/Man-of-Tomorrow-Adds-Matthew-Lillard-To-Cast.jpg\",\"keywords\":[\"Adds\",\"Cast\",\"Lillard\",\"Man\",\"Matthew\",\"tomorrow\"],\"articleSection\":[\"Ubirat\u00e3\"],\"inLanguage\":\"en-US\",\"copyrightYear\":\"2026\",\"copyrightHolder\":{\"@id\":\"https:\\\/\\\/ubirataonline.com.br\\\/en\\\/#organization\"}},{\"@type\":\"WebPage\",\"@id\":\"https:\\\/\\\/ubirataonline.com.br\\\/man-of-tomorrow-adds-matthew-lillard-to-cast\\\/\",\"url\":\"https:\\\/\\\/ubirataonline.com.br\\\/man-of-tomorrow-adds-matthew-lillard-to-cast\\\/\",\"name\":\"Man of Tomorrow' Adds Matthew Lillard To Cast - Ubirat\u00e3 Online Not\u00edcias - A realidade ao seu alcance!\",\"isPartOf\":{\"@id\":\"https:\\\/\\\/ubirataonline.com.br\\\/#website\"},\"primaryImageOfPage\":{\"@id\":\"https:\\\/\\\/ubirataonline.com.br\\\/man-of-tomorrow-adds-matthew-lillard-to-cast\\\/#primaryimage\"},\"image\":{\"@id\":\"https:\\\/\\\/ubirataonline.com.br\\\/man-of-tomorrow-adds-matthew-lillard-to-cast\\\/#primaryimage\"},\"thumbnailUrl\":\"https:\\\/\\\/ubirataonline.com.br\\\/wp-content\\\/uploads\\\/2026\\\/05\\\/Man-of-Tomorrow-Adds-Matthew-Lillard-To-Cast.jpg\",\"datePublished\":\"2026-05-06T18:33:11+00:00\",\"dateModified\":\"2026-05-06T18:33:13+00:00\",\"description\":\"EXCLUSIVE: Matthew Lillard continues to build on what has already been a busy year as sources tell Deadline he is set to join the Superman sequel Man Of\",\"breadcrumb\":{\"@id\":\"https:\\\/\\\/ubirataonline.com.br\\\/man-of-tomorrow-adds-matthew-lillard-to-cast\\\/#breadcrumb\"},\"inLanguage\":\"en-US\",\"potentialAction\":[{\"@type\":\"ReadAction\",\"target\":[\"https:\\\/\\\/ubirataonline.com.br\\\/man-of-tomorrow-adds-matthew-lillard-to-cast\\\/\"]}]},{\"@type\":\"ImageObject\",\"inLanguage\":\"en-US\",\"@id\":\"https:\\\/\\\/ubirataonline.com.br\\\/man-of-tomorrow-adds-matthew-lillard-to-cast\\\/#primaryimage\",\"url\":\"https:\\\/\\\/ubirataonline.com.br\\\/wp-content\\\/uploads\\\/2026\\\/05\\\/Man-of-Tomorrow-Adds-Matthew-Lillard-To-Cast.jpg\",\"contentUrl\":\"https:\\\/\\\/ubirataonline.com.br\\\/wp-content\\\/uploads\\\/2026\\\/05\\\/Man-of-Tomorrow-Adds-Matthew-Lillard-To-Cast.jpg\",\"width\":1024,\"height\":682,\"caption\":\"Matthew Lillard Frazer Harrison\\\/Getty Images\"},{\"@type\":\"BreadcrumbList\",\"@id\":\"https:\\\/\\\/ubirataonline.com.br\\\/man-of-tomorrow-adds-matthew-lillard-to-cast\\\/#breadcrumb\",\"itemListElement\":[{\"@type\":\"ListItem\",\"position\":1,\"name\":\"In\u00edcio\",\"item\":\"https:\\\/\\\/ubirataonline.com.br\\\/\"},{\"@type\":\"ListItem\",\"position\":2,\"name\":\"Man of Tomorrow&#8217; Adds Matthew Lillard To Cast\"}]},{\"@type\":\"WebSite\",\"@id\":\"https:\\\/\\\/ubirataonline.com.br\\\/#website\",\"url\":\"https:\\\/\\\/ubirataonline.com.br\\\/\",\"name\":\"Ubirat\u00e3 Online Not\u00edcias\",\"description\":\"Not\u00edcias de Ubirat\u00e3, regi\u00e3o, Brasil e mundo, com informa\u00e7\u00e3o atualizada e compromisso com o leitor.\",\"publisher\":{\"@id\":\"https:\\\/\\\/ubirataonline.com.br\\\/#organization\"},\"alternateName\":\"Ubirat\u00e3 Online\",\"potentialAction\":[{\"@type\":\"SearchAction\",\"target\":{\"@type\":\"EntryPoint\",\"urlTemplate\":\"https:\\\/\\\/ubirataonline.com.br\\\/?s={search_term_string}\"},\"query-input\":{\"@type\":\"PropertyValueSpecification\",\"valueRequired\":true,\"valueName\":\"search_term_string\"}}],\"inLanguage\":\"en-US\"},{\"@type\":[\"Organization\",\"Place\"],\"@id\":\"https:\\\/\\\/ubirataonline.com.br\\\/#organization\",\"name\":\"Ubirat\u00e3 Online Not\u00edcias\",\"alternateName\":\"Ubirat\u00e3 Online\",\"url\":\"https:\\\/\\\/ubirataonline.com.br\\\/\",\"logo\":{\"@id\":\"https:\\\/\\\/ubirataonline.com.br\\\/man-of-tomorrow-adds-matthew-lillard-to-cast\\\/#local-main-organization-logo\"},\"image\":{\"@id\":\"https:\\\/\\\/ubirataonline.com.br\\\/man-of-tomorrow-adds-matthew-lillard-to-cast\\\/#local-main-organization-logo\"},\"sameAs\":[\"https:\\\/\\\/www.facebook.com\\\/portalubirataonline\",\"https:\\\/\\\/x.com\\\/ubirataonline\",\"https:\\\/\\\/mastodon.social\\\/@ubirataonline\",\"https:\\\/\\\/www.facebook.com\\\/groups\\\/311144672285604\",\"https:\\\/\\\/www.facebook.com\\\/UBTAOnline\",\"https:\\\/\\\/www.instagram.com\\\/portalubirataonline\\\/\",\"https:\\\/\\\/twitter.com\\\/ubirataonline\"],\"description\":\"Somos um portal de not\u00edcias independente, criado em 5 de janeiro de 2009, com o objetivo de informar, conectar e valorizar a nossa comunidade de Ubirat\u00e3 e toda aregi\u00e3o. Com conte\u00fado atualizado, confi\u00e1vel e relevante, o Ubirat\u00e3 Online \u00e9 o seu espa\u00e7o para ficar por dentro dos principais acontecimentos locais, regionais, Brasil, Mundo e de interesse geral. Nosso compromisso \u00e9 com a verdade, a transpar\u00eancia e o respeito ao leitor.\",\"legalName\":\"UBIRATA ONLINE NOT\u00cdCIAS\",\"foundingDate\":\"2009-01-05\",\"numberOfEmployees\":{\"@type\":\"QuantitativeValue\",\"minValue\":\"1\",\"maxValue\":\"10\"},\"publishingPrinciples\":\"https:\\\/\\\/ubirataonline.com.br\\\/faq\\\/\",\"address\":{\"@id\":\"https:\\\/\\\/ubirataonline.com.br\\\/man-of-tomorrow-adds-matthew-lillard-to-cast\\\/#local-main-place-address\"},\"geo\":{\"@type\":\"GeoCoordinates\",\"latitude\":\"-24.5361401\",\"longitude\":\"-52.9921776\"},\"telephone\":[\"+5544998308235\"],\"contactPoint\":{\"@type\":\"ContactPoint\",\"email\":\"contato@ubirataonline.com.br\"},\"openingHoursSpecification\":{\"@type\":\"OpeningHoursSpecification\",\"dayOfWeek\":[\"Monday\",\"Tuesday\",\"Wednesday\",\"Thursday\",\"Friday\",\"Saturday\",\"Sunday\"],\"opens\":\"00:00\",\"closes\":\"23:59\"},\"email\":\"contato@ubirataonline.com.br\",\"vatID\":\"47.621.418\\\/0001-80\"},{\"@type\":\"Person\",\"@id\":\"https:\\\/\\\/ubirataonline.com.br\\\/#\\\/schema\\\/person\\\/372f87bbd3fdd79b8556b84c98d0bc1c\",\"name\":\"REDA\u00c7\u00c3O: UBIRAT\u00c3 ONLINE - F\u00c1BIO AUGUSTO CELESTINO\",\"pronouns\":\"Ele\",\"description\":\"Desde 2003 trabalhando com not\u00edcias.\",\"sameAs\":[\"http:\\\/\\\/ubirataoline.com.br\",\"https:\\\/\\\/www.facebook.com\\\/portalubirataonline\",\"https:\\\/\\\/www.instagram.com\\\/ubirataonline_oficial\",\"https:\\\/\\\/x.com\\\/x.com\\\/ubirataonline\"],\"honorificPrefix\":\"Mr.\",\"honorificSuffix\":\"MD\",\"birthDate\":\"1980-06-16\",\"gender\":\"masculino\",\"award\":[\"V\u00e1rios pr\u00eamios de melhor portal da cidade\"],\"jobTitle\":\"Diretor\",\"url\":\"https:\\\/\\\/ubirataonline.com.br\\\/en\\\/author\\\/ubirataonline\\\/\"},{\"@type\":\"PostalAddress\",\"@id\":\"https:\\\/\\\/ubirataonline.com.br\\\/man-of-tomorrow-adds-matthew-lillard-to-cast\\\/#local-main-place-address\",\"streetAddress\":\"Rua dos Coqueiros, 104 - Bairro Boa Vista, Rua dos Coqueiros, 104 Bairro Boa Vista\",\"addressLocality\":\"UBIRATA\",\"postalCode\":\"85440-000\",\"addressRegion\":\"PR\",\"addressCountry\":\"BR\"},{\"@type\":\"ImageObject\",\"inLanguage\":\"en-US\",\"@id\":\"https:\\\/\\\/ubirataonline.com.br\\\/man-of-tomorrow-adds-matthew-lillard-to-cast\\\/#local-main-organization-logo\",\"url\":\"https:\\\/\\\/ubirataonline.com.br\\\/wp-content\\\/uploads\\\/2026\\\/06\\\/logoubirataonline-1.webp\",\"contentUrl\":\"https:\\\/\\\/ubirataonline.com.br\\\/wp-content\\\/uploads\\\/2026\\\/06\\\/logoubirataonline-1.webp\",\"width\":500,\"height\":500,\"caption\":\"Ubirat\u00e3 Online Not\u00edcias\"}]}<\/script>\n<meta name=\"geo.placename\" content=\"UBIRATA\" \/>\n<meta name=\"geo.position\" content=\"-24.5361401;-52.9921776\" \/>\n<meta name=\"geo.region\" content=\"Brazil\" \/>\n<!-- \/ Yoast SEO Premium plugin. -->","yoast_head_json":{"title":"Man of Tomorrow' Adds Matthew Lillard To Cast - Ubirat\u00e3 Online Not\u00edcias - A realidade ao seu alcance!","description":"EXCLUSIVE: Matthew Lillard continues to build on what has already been a busy year as sources tell Deadline he is set to join the Superman sequel Man Of","robots":{"index":"index","follow":"follow","max-snippet":"max-snippet:-1","max-image-preview":"max-image-preview:large","max-video-preview":"max-video-preview:-1"},"canonical":"https:\/\/ubirataonline.com.br\/en\/man-of-tomorrow-adds-matthew-lillard-to-cast\/","og_locale":"en_US","og_type":"article","og_title":"Man of Tomorrow' Adds Matthew Lillard To Cast","og_description":"EXCLUSIVE: Matthew Lillard continues to build on what has already been a busy year as sources tell Deadline he is set to join the Superman sequel Man Of","og_url":"https:\/\/ubirataonline.com.br\/en\/man-of-tomorrow-adds-matthew-lillard-to-cast\/","og_site_name":"Ubirat\u00e3 Online Not\u00edcias - A realidade ao seu alcance!","article_publisher":"https:\/\/www.facebook.com\/portalubirataonline","article_author":"https:\/\/www.facebook.com\/portalubirataonline","article_published_time":"2026-05-06T18:33:11+00:00","article_modified_time":"2026-05-06T18:33:13+00:00","og_image":[{"width":1024,"height":682,"url":"https:\/\/ubirataonline.com.br\/wp-content\/uploads\/2026\/05\/Man-of-Tomorrow-Adds-Matthew-Lillard-To-Cast.jpg","type":"image\/jpeg"}],"author":"REDA\u00c7\u00c3O: UBIRAT\u00c3 ONLINE - F\u00c1BIO AUGUSTO CELESTINO","twitter_card":"summary_large_image","twitter_creator":"@x.com\/ubirataonline","twitter_site":"@ubirataonline","twitter_misc":{"Written by":"REDA\u00c7\u00c3O: UBIRAT\u00c3 ONLINE - F\u00c1BIO AUGUSTO CELESTINO","Est. reading time":"1 minute"},"schema":{"@context":"https:\/\/schema.org","@graph":[{"@type":"NewsArticle","@id":"https:\/\/ubirataonline.com.br\/man-of-tomorrow-adds-matthew-lillard-to-cast\/#article","isPartOf":{"@id":"https:\/\/ubirataonline.com.br\/man-of-tomorrow-adds-matthew-lillard-to-cast\/"},"author":{"name":"REDA\u00c7\u00c3O: UBIRAT\u00c3 ONLINE - F\u00c1BIO AUGUSTO CELESTINO","@id":"https:\/\/ubirataonline.com.br\/#\/schema\/person\/372f87bbd3fdd79b8556b84c98d0bc1c"},"headline":"Man of Tomorrow&#8217; Adds Matthew Lillard To Cast","datePublished":"2026-05-06T18:33:11+00:00","dateModified":"2026-05-06T18:33:13+00:00","mainEntityOfPage":{"@id":"https:\/\/ubirataonline.com.br\/man-of-tomorrow-adds-matthew-lillard-to-cast\/"},"wordCount":264,"publisher":{"@id":"https:\/\/ubirataonline.com.br\/#organization"},"image":{"@id":"https:\/\/ubirataonline.com.br\/man-of-tomorrow-adds-matthew-lillard-to-cast\/#primaryimage"},"thumbnailUrl":"https:\/\/ubirataonline.com.br\/wp-content\/uploads\/2026\/05\/Man-of-Tomorrow-Adds-Matthew-Lillard-To-Cast.jpg","keywords":["Adds","Cast","Lillard","Man","Matthew","tomorrow"],"articleSection":["Ubirat\u00e3"],"inLanguage":"en-US","copyrightYear":"2026","copyrightHolder":{"@id":"https:\/\/ubirataonline.com.br\/en\/#organization"}},{"@type":"WebPage","@id":"https:\/\/ubirataonline.com.br\/man-of-tomorrow-adds-matthew-lillard-to-cast\/","url":"https:\/\/ubirataonline.com.br\/man-of-tomorrow-adds-matthew-lillard-to-cast\/","name":"Man of Tomorrow' Adds Matthew Lillard To Cast - Ubirat\u00e3 Online Not\u00edcias - A realidade ao seu alcance!","isPartOf":{"@id":"https:\/\/ubirataonline.com.br\/#website"},"primaryImageOfPage":{"@id":"https:\/\/ubirataonline.com.br\/man-of-tomorrow-adds-matthew-lillard-to-cast\/#primaryimage"},"image":{"@id":"https:\/\/ubirataonline.com.br\/man-of-tomorrow-adds-matthew-lillard-to-cast\/#primaryimage"},"thumbnailUrl":"https:\/\/ubirataonline.com.br\/wp-content\/uploads\/2026\/05\/Man-of-Tomorrow-Adds-Matthew-Lillard-To-Cast.jpg","datePublished":"2026-05-06T18:33:11+00:00","dateModified":"2026-05-06T18:33:13+00:00","description":"EXCLUSIVE: Matthew Lillard continues to build on what has already been a busy year as sources tell Deadline he is set to join the Superman sequel Man Of","breadcrumb":{"@id":"https:\/\/ubirataonline.com.br\/man-of-tomorrow-adds-matthew-lillard-to-cast\/#breadcrumb"},"inLanguage":"en-US","potentialAction":[{"@type":"ReadAction","target":["https:\/\/ubirataonline.com.br\/man-of-tomorrow-adds-matthew-lillard-to-cast\/"]}]},{"@type":"ImageObject","inLanguage":"en-US","@id":"https:\/\/ubirataonline.com.br\/man-of-tomorrow-adds-matthew-lillard-to-cast\/#primaryimage","url":"https:\/\/ubirataonline.com.br\/wp-content\/uploads\/2026\/05\/Man-of-Tomorrow-Adds-Matthew-Lillard-To-Cast.jpg","contentUrl":"https:\/\/ubirataonline.com.br\/wp-content\/uploads\/2026\/05\/Man-of-Tomorrow-Adds-Matthew-Lillard-To-Cast.jpg","width":1024,"height":682,"caption":"Matthew Lillard Frazer Harrison\/Getty Images"},{"@type":"BreadcrumbList","@id":"https:\/\/ubirataonline.com.br\/man-of-tomorrow-adds-matthew-lillard-to-cast\/#breadcrumb","itemListElement":[{"@type":"ListItem","position":1,"name":"In\u00edcio","item":"https:\/\/ubirataonline.com.br\/"},{"@type":"ListItem","position":2,"name":"Man of Tomorrow&#8217; Adds Matthew Lillard To Cast"}]},{"@type":"WebSite","@id":"https:\/\/ubirataonline.com.br\/#website","url":"https:\/\/ubirataonline.com.br\/","name":"Ubirat\u00e3 Online Not\u00edcias","description":"Not\u00edcias de Ubirat\u00e3, regi\u00e3o, Brasil e mundo, com informa\u00e7\u00e3o atualizada e compromisso com o leitor.","publisher":{"@id":"https:\/\/ubirataonline.com.br\/#organization"},"alternateName":"Ubirat\u00e3 Online","potentialAction":[{"@type":"SearchAction","target":{"@type":"EntryPoint","urlTemplate":"https:\/\/ubirataonline.com.br\/?s={search_term_string}"},"query-input":{"@type":"PropertyValueSpecification","valueRequired":true,"valueName":"search_term_string"}}],"inLanguage":"en-US"},{"@type":["Organization","Place"],"@id":"https:\/\/ubirataonline.com.br\/#organization","name":"Ubirat\u00e3 Online Not\u00edcias","alternateName":"Ubirat\u00e3 Online","url":"https:\/\/ubirataonline.com.br\/","logo":{"@id":"https:\/\/ubirataonline.com.br\/man-of-tomorrow-adds-matthew-lillard-to-cast\/#local-main-organization-logo"},"image":{"@id":"https:\/\/ubirataonline.com.br\/man-of-tomorrow-adds-matthew-lillard-to-cast\/#local-main-organization-logo"},"sameAs":["https:\/\/www.facebook.com\/portalubirataonline","https:\/\/x.com\/ubirataonline","https:\/\/mastodon.social\/@ubirataonline","https:\/\/www.facebook.com\/groups\/311144672285604","https:\/\/www.facebook.com\/UBTAOnline","https:\/\/www.instagram.com\/portalubirataonline\/","https:\/\/twitter.com\/ubirataonline"],"description":"Somos um portal de not\u00edcias independente, criado em 5 de janeiro de 2009, com o objetivo de informar, conectar e valorizar a nossa comunidade de Ubirat\u00e3 e toda aregi\u00e3o. Com conte\u00fado atualizado, confi\u00e1vel e relevante, o Ubirat\u00e3 Online \u00e9 o seu espa\u00e7o para ficar por dentro dos principais acontecimentos locais, regionais, Brasil, Mundo e de interesse geral. Nosso compromisso \u00e9 com a verdade, a transpar\u00eancia e o respeito ao leitor.","legalName":"UBIRATA ONLINE NOT\u00cdCIAS","foundingDate":"2009-01-05","numberOfEmployees":{"@type":"QuantitativeValue","minValue":"1","maxValue":"10"},"publishingPrinciples":"https:\/\/ubirataonline.com.br\/faq\/","address":{"@id":"https:\/\/ubirataonline.com.br\/man-of-tomorrow-adds-matthew-lillard-to-cast\/#local-main-place-address"},"geo":{"@type":"GeoCoordinates","latitude":"-24.5361401","longitude":"-52.9921776"},"telephone":["+5544998308235"],"contactPoint":{"@type":"ContactPoint","email":"contato@ubirataonline.com.br"},"openingHoursSpecification":{"@type":"OpeningHoursSpecification","dayOfWeek":["Monday","Tuesday","Wednesday","Thursday","Friday","Saturday","Sunday"],"opens":"00:00","closes":"23:59"},"email":"contato@ubirataonline.com.br","vatID":"47.621.418\/0001-80"},{"@type":"Person","@id":"https:\/\/ubirataonline.com.br\/#\/schema\/person\/372f87bbd3fdd79b8556b84c98d0bc1c","name":"REDA\u00c7\u00c3O: UBIRAT\u00c3 ONLINE - F\u00c1BIO AUGUSTO CELESTINO","pronouns":"Ele","description":"Desde 2003 trabalhando com not\u00edcias.","sameAs":["http:\/\/ubirataoline.com.br","https:\/\/www.facebook.com\/portalubirataonline","https:\/\/www.instagram.com\/ubirataonline_oficial","https:\/\/x.com\/x.com\/ubirataonline"],"honorificPrefix":"Mr.","honorificSuffix":"MD","birthDate":"1980-06-16","gender":"masculino","award":["V\u00e1rios pr\u00eamios de melhor portal da cidade"],"jobTitle":"Diretor","url":"https:\/\/ubirataonline.com.br\/en\/author\/ubirataonline\/"},{"@type":"PostalAddress","@id":"https:\/\/ubirataonline.com.br\/man-of-tomorrow-adds-matthew-lillard-to-cast\/#local-main-place-address","streetAddress":"Rua dos Coqueiros, 104 - Bairro Boa Vista, Rua dos Coqueiros, 104 Bairro Boa Vista","addressLocality":"UBIRATA","postalCode":"85440-000","addressRegion":"PR","addressCountry":"BR"},{"@type":"ImageObject","inLanguage":"en-US","@id":"https:\/\/ubirataonline.com.br\/man-of-tomorrow-adds-matthew-lillard-to-cast\/#local-main-organization-logo","url":"https:\/\/ubirataonline.com.br\/wp-content\/uploads\/2026\/06\/logoubirataonline-1.webp","contentUrl":"https:\/\/ubirataonline.com.br\/wp-content\/uploads\/2026\/06\/logoubirataonline-1.webp","width":500,"height":500,"caption":"Ubirat\u00e3 Online Not\u00edcias"}]},"geo.placename":"UBIRATA","geo.position":{"lat":"-24.5361401","long":"-52.9921776"},"geo.region":"Brazil"},"_links":{"self":[{"href":"https:\/\/ubirataonline.com.br\/en\/wp-json\/wp\/v2\/posts\/122586","targetHints":{"allow":["GET"]}}],"collection":[{"href":"https:\/\/ubirataonline.com.br\/en\/wp-json\/wp\/v2\/posts"}],"about":[{"href":"https:\/\/ubirataonline.com.br\/en\/wp-json\/wp\/v2\/types\/post"}],"author":[{"embeddable":true,"href":"https:\/\/ubirataonline.com.br\/en\/wp-json\/wp\/v2\/users\/1"}],"replies":[{"embeddable":true,"href":"https:\/\/ubirataonline.com.br\/en\/wp-json\/wp\/v2\/comments?post=122586"}],"version-history":[{"count":0,"href":"https:\/\/ubirataonline.com.br\/en\/wp-json\/wp\/v2\/posts\/122586\/revisions"}],"wp:featuredmedia":[{"embeddable":true,"href":"https:\/\/ubirataonline.com.br\/en\/wp-json\/wp\/v2\/media\/122587"}],"wp:attachment":[{"href":"https:\/\/ubirataonline.com.br\/en\/wp-json\/wp\/v2\/media?parent=122586"}],"wp:term":[{"taxonomy":"category","embeddable":true,"href":"https:\/\/ubirataonline.com.br\/en\/wp-json\/wp\/v2\/categories?post=122586"},{"taxonomy":"post_tag","embeddable":true,"href":"https:\/\/ubirataonline.com.br\/en\/wp-json\/wp\/v2\/tags?post=122586"}],"curies":[{"name":"wp","href":"https:\/\/api.w.org\/{rel}","templated":true}]}}