{"id":122602,"date":"2026-05-06T15:49:14","date_gmt":"2026-05-06T18:49:14","guid":{"rendered":"https:\/\/ubirataonline.com.br\/unipar-reestrutura-curso-de-medicina-apos-nota-baixa-no-enamed\/"},"modified":"2026-05-06T15:49:18","modified_gmt":"2026-05-06T18:49:18","slug":"unipar-reestrutura-curso-de-medicina-apos-nota-baixa-no-enamed","status":"publish","type":"post","link":"https:\/\/ubirataonline.com.br\/en\/unipar-reestrutura-curso-de-medicina-apos-nota-baixa-no-enamed\/","title":{"rendered":"Unipar reestrutura curso de Medicina ap\u00f3s nota baixa no Enamed"},"content":{"rendered":"<p><\/p>\n<div id=\"post-content\">\n<p>Tr\u00eas meses ap\u00f3s a divulga\u00e7\u00e3o dos resultados do <strong>Exame Nacional de Avalia\u00e7\u00e3o da Forma\u00e7\u00e3o M\u00e9dica (Enamed)<\/strong>, que funciona como um term\u00f4metro da qualidade da forma\u00e7\u00e3o dos futuros m\u00e9dicos, duas institui\u00e7\u00f5es privadas do Paran\u00e1 com desempenho considerado insatisfat\u00f3rio come\u00e7am a lidar com os impactos da avalia\u00e7\u00e3o.<\/p>\n<p>A Universidade Paranaense (Unipar), em Umuarama, e o <strong>Centro Universit\u00e1rio Ing\u00e1 (Uning\u00e1), de Maring\u00e1<\/strong>, receberam nota dois \u2014 faixa abaixo do esperado numa escala que vai at\u00e9 cinco \u2014 e integram o grupo de mais de 100 cursos no pa\u00eds com desempenho negativo.<\/p>\n<p>Com conceito dois e profici\u00eancia entre 40% e 50%, as institui\u00e7\u00f5es passaram a sofrer efeitos regulat\u00f3rios do Enamed, como a <strong>redu\u00e7\u00e3o de at\u00e9 25% das vagas autorizadas<\/strong>, a suspens\u00e3o de novos contratos do Fies, o impedimento de participa\u00e7\u00e3o no ProUni e a proibi\u00e7\u00e3o de ampliar a oferta de vagas. As medidas seguem v\u00e1lidas at\u00e9 a pr\u00f3xima edi\u00e7\u00e3o do exame, prevista para outubro de 2026.<\/p>\n<h2 class=\"wp-block-heading\" id=\"h-crm-sinal-de-alerta\">CRM: sinal de alerta<\/h2>\n<p>Para o Conselho Regional de Medicina do Paran\u00e1 (CRM-PR), o desempenho no estado acende um sinal de alerta, especialmente pelos resultados de cursos privados como os da Unipar e da Uning\u00e1. De acordo com o conselheiro e representante do Paran\u00e1 no Conselho Federal de Medicina (CFM), Alcindo Cerci Neto, \u201co Enamed mostra um raio-x do ensino m\u00e9dico no Brasil, marcado por uma <strong>expans\u00e3o desordenada, principalmente em institui\u00e7\u00f5es privadas<\/strong>, que concentram os <strong>piores desempenhos<\/strong>\u201d.<\/p>\n<p>Segundo ele, o impacto vai al\u00e9m da avalia\u00e7\u00e3o acad\u00eamica e <strong>pode refletir diretamente na assist\u00eancia \u00e0 popula\u00e7\u00e3o<\/strong>. \u201cUm m\u00e9dico mal formado gera um risco muito grande para a sa\u00fade p\u00fablica, porque pode ter dificuldade de diagn\u00f3stico, solicitar exames em excesso ou comprometer a preven\u00e7\u00e3o. Ele tamb\u00e9m critica o perfil de parte dos cursos. \u201cH\u00e1 um car\u00e1ter muito mercadol\u00f3gico, com foco econ\u00f4mico acima da qualidade, o que exige mais fiscaliza\u00e7\u00e3o dos \u00f3rg\u00e3os competentes\u201d, finaliza Cerci Neto.<\/p>\n<p>No Paran\u00e1, 21 cursos de Medicina de institui\u00e7\u00f5es p\u00fablicas e privadas foram avaliados. Nenhum recebeu nota um, mas tr\u00eas tiveram conceito dois \u2014 entre eles, Unipar, <strong>Uning\u00e1<\/strong> e Universidade Federal da Integra\u00e7\u00e3o Latino-Americana (Unila), de Foz do Igua\u00e7u. Outros tr\u00eas cursos ficaram com conceito tr\u00eas, nove alcan\u00e7aram nota quatro e seis obtiveram a nota m\u00e1xima, cinco.<\/p>\n<h2 class=\"wp-block-heading\" id=\"h-reestruturacao-na-unipar\">Reestrutura\u00e7\u00e3o na Unipar<\/h2>\n<p>No caso da Unipar, o resultado do Enamed 2025, divulgado em janeiro deste ano, desencadeou um<strong> processo de reorganiza\u00e7\u00e3o interna<\/strong>. O curso, criado em 2018 e com cerca de 332 m\u00e9dicos formados, entrou em uma nova fase em 2026, com mudan\u00e7as na gest\u00e3o, revis\u00e3o de pr\u00e1ticas pedag\u00f3gicas e maior integra\u00e7\u00e3o entre ensino, pr\u00e1tica e avalia\u00e7\u00e3o.<\/p>\n<p>Como parte desse processo, a dire\u00e7\u00e3o do curso foi reestruturada e passou a ser conduzida por<strong> Adriana Pelizzari<\/strong>, doutora em Biotecnologia, com mais de 30 anos de experi\u00eancia em gest\u00e3o educacional. A institui\u00e7\u00e3o tamb\u00e9m ampliou a equipe de gest\u00e3o, com a cria\u00e7\u00e3o de uma nova coordena\u00e7\u00e3o espec\u00edfica para o internato, etapa final da forma\u00e7\u00e3o m\u00e9dica.<\/p>\n<p>Segundo a universidade, o foco tem sido aproximar ainda mais a forma\u00e7\u00e3o acad\u00eamica das <strong>exig\u00eancias do exame<\/strong> e da atua\u00e7\u00e3o profissional no Sistema \u00danico de Sa\u00fade (SUS).<\/p>\n<p>\u201cAp\u00f3s an\u00e1lises dos resultados do exame, estamos promovendo uma revis\u00e3o estruturada do curso, com foco na<strong> integra\u00e7\u00e3o entre teoria e pr\u00e1tica<\/strong> e no fortalecimento das compet\u00eancias exigidas na forma\u00e7\u00e3o m\u00e9dica. Nosso compromisso \u00e9 com a qualidade do ensino e a forma\u00e7\u00e3o de profissionais preparados para atuar no sistema de sa\u00fade\u201d, afirma Adriana.<\/p>\n<p>A universidade tamb\u00e9m diz ter refor\u00e7ado o uso de estruturas como o centro de simula\u00e7\u00e3o e ampliado estrat\u00e9gias de <strong>acompanhamento pedag\u00f3gico individual <\/strong>do desempenho dos estudantes ao longo do curso. <\/p>\n<p>A coordena\u00e7\u00e3o informou que neste ano h\u00e1 aproximadamente <strong>700 acad\u00eamicos matriculados no curso de Medicina<\/strong>, que realizam est\u00e1gios em espa\u00e7os com parceria com o poder p\u00fablico, ampliando a viv\u00eancia pr\u00e1tica na rede de sa\u00fade.<\/p>\n<h2 class=\"wp-block-heading\" id=\"h-posicao-da-uninga\">Posi\u00e7\u00e3o da Uning\u00e1<\/h2>\n<p>J\u00e1 o <strong>Centro Universit\u00e1rio Ing\u00e1 (Uning\u00e1)<\/strong>, em Maring\u00e1, informou por meio de sua assessoria de imprensa que \u201ca <strong>Uning\u00e1 n\u00e3o se pronunciar\u00e1 sobre o tema<\/strong>\u201d.<\/p>\n<p>O curso de Medicina teve in\u00edcio em 2007 e completa 19 anos em 2026, sendo um dos pioneiros no interior do Paran\u00e1, conforme informa\u00e7\u00f5es divulgadas pela pr\u00f3pria universidade. A implanta\u00e7\u00e3o, por\u00e9m, foi marcada por <strong>disputas judiciais<\/strong>: ap\u00f3s indeferimento do Conselho Nacional de Educa\u00e7\u00e3o (CNE), a institui\u00e7\u00e3o obteve liminar para abrir 100 vagas, posteriormente suspensa pelo Tribunal Regional Federal da 1\u00aa Regi\u00e3o (TRF-1).<\/p>\n<p>\u00c0 \u00e9poca, conforme nota do Conselho Regional de Medicina (CRM), o Minist\u00e9rio da Educa\u00e7\u00e3o apontou que a <strong>autoriza\u00e7\u00e3o ocorreu sem avalia\u00e7\u00e3o pr\u00e9via<\/strong>, em meio a mudan\u00e7as nos crit\u00e9rios de regula\u00e7\u00e3o. O hist\u00f3rico do curso tamb\u00e9m \u00e9 relatado pelo portal Escolas M\u00e9dicas do Brasil. A gradua\u00e7\u00e3o foi posteriormente regularizada e reconhecida oficialmente pelo MEC em 2019.<\/p>\n<h2 class=\"wp-block-heading\" id=\"h-entidades-questionam-o-enamed\">Entidades questionam o Enamed<\/h2>\n<p>No campo institucional, a <strong>Associa\u00e7\u00e3o Nacional das Universidades Particulares<\/strong> (ANUP) e a Associa\u00e7\u00e3o Brasileira de Mantenedoras de Ensino Superior (ABMES) \u2014 entidade que representa mais de 5.300 unidades educacionais privadas de educa\u00e7\u00e3o superior \u2014 acompanham os desdobramentos do exame e defendem ajustes em sua metodologia.<\/p>\n<p>A ANUP afirma que tem atuado de forma mais ampla, analisando os dados e defendendo aperfei\u00e7oamentos para garantir maior precis\u00e3o e equil\u00edbrio na avalia\u00e7\u00e3o dos cursos, al\u00e9m de destacar a <strong>autonomia <\/strong>das institui\u00e7\u00f5es na interpreta\u00e7\u00e3o dos resultados.<\/p>\n<p>J\u00e1 a ABMES<strong> ingressou na Justi\u00e7a contra o Minist\u00e9rio da Educa\u00e7\u00e3o (MEC) <\/strong>e o Instituto Nacional de Estudos e Pesquisas Educacionais An\u00edsio Teixeira (Inep) no dia 12 de fevereiro de 2026, questionando pontos centrais do Enamed e as medidas regulat\u00f3rias aplicadas ap\u00f3s sua primeira edi\u00e7\u00e3o.<\/p>\n<p>Segundo a associa\u00e7\u00e3o, a defini\u00e7\u00e3o e divulga\u00e7\u00e3o da nota de corte apenas ap\u00f3s a realiza\u00e7\u00e3o da prova comprometeram a previsibilidade e a seguran\u00e7a jur\u00eddica do processo. A a\u00e7\u00e3o foi discutida em audi\u00eancia de concilia\u00e7\u00e3o no in\u00edcio de abril, <strong>sem acordo<\/strong>.<\/p>\n<p>A entidade afirma que <strong>n\u00e3o contesta a avalia\u00e7\u00e3o em si<\/strong>, mas a forma como as regras e consequ\u00eancias foram estabelecidas, e defende crit\u00e9rios mais transparentes, destacando ainda o papel do setor privado como parceiro hist\u00f3rico do ensino superior no pa\u00eds.<\/p>\n<section class=\"virals\">\n<article class=\"cardnews cardnews--post cardnews--has-thumbnail cardnews--editorial-noticias\"> <a href=\"https:\/\/www.tribunapr.com.br\/noticias\/parana\/conheca-mel-raro-interior-parana-floradas-especiais-sabor-suave\/?utm_source=noticias-virais-rodape&amp;utm_medium=internal-tribuna&amp;utm_campaign=tribuna\" class=\"cardnews__postlink\"> <\/p>\n<div class=\"cardnews__image\" is-api-thumb=\"\"><\/div>\n<div class=\"cardnews__content cardhome__content\">\n<div class=\"cardnews__content-wrapper\">\n<p> <span style=\"\"> Denomina\u00e7\u00e3o de Origem <\/span> <\/p>\n<p>Conhe\u00e7a o mel raro do interior do Paran\u00e1 que nasce de floradas especiais e tem sabor suave<\/p>\n<\/p><\/div>\n<\/p><\/div>\n<p> <\/a> <\/article>\n<article class=\"cardnews cardnews--post cardnews--has-thumbnail cardnews--editorial-noticias\"> <a href=\"https:\/\/www.tribunapr.com.br\/noticias\/curitiba-regiao\/curitiba-e-a-nova-miami-capital-e-a-que-mais-recebe-cubanos-do-brasil\/?utm_source=noticias-virais-rodape&amp;utm_medium=internal-tribuna&amp;utm_campaign=tribuna\" class=\"cardnews__postlink\"> <\/p>\n<div class=\"cardnews__image\" is-api-thumb=\"\"><img decoding=\"async\" src=\"https:\/\/www.tribunapr.com.br\/wp-content\/uploads\/2026\/04\/02194022\/centro-de-Curitiba-370x210.jpg\" loading=\"lazy\" alt=\"Curitiba \u00e9 a nova Miami: capital paranaense \u00e9 a que mais recebe cubanos do Brasil\"\/><\/div>\n<div class=\"cardnews__content cardhome__content\">\n<div class=\"cardnews__content-wrapper\">\n<p> <span style=\"\"> Imigra\u00e7\u00e3o <\/span> <\/p>\n<p>Curitiba \u00e9 a nova Miami: capital paranaense \u00e9 a que mais recebe cubanos do Brasil<\/p>\n<\/p><\/div>\n<\/p><\/div>\n<p> <\/a> <\/article>\n<article class=\"cardnews cardnews--post cardnews--has-thumbnail cardnews--editorial-noticias\"> <a href=\"https:\/\/www.tribunapr.com.br\/noticias\/parana\/futebol-ajuda-imigrantes-venezuelanos-reconstruir-vinculos-curitiba\/?utm_source=noticias-virais-rodape&amp;utm_medium=internal-tribuna&amp;utm_campaign=tribuna\" class=\"cardnews__postlink\"> <\/p>\n<div class=\"cardnews__image\" is-api-thumb=\"\"><img decoding=\"async\" src=\"https:\/\/www.tribunapr.com.br\/wp-content\/uploads\/2026\/04\/12141044\/liga-venezuela-370x210.jpg\" loading=\"lazy\" alt=\"Futebol ajuda imigrantes venezuelanos a reconstruir v\u00ednculos em Curitiba\"\/><\/div>\n<div class=\"cardnews__content cardhome__content\">\n<div class=\"cardnews__content-wrapper\">\n<p> <span style=\"\"> Paix\u00e3o compartilhada <\/span> <\/p>\n<p>Futebol ajuda imigrantes venezuelanos a reconstruir v\u00ednculos em Curitiba<\/p>\n<\/p><\/div>\n<\/p><\/div>\n<p> <\/a> <\/article>\n<\/section>\n<div id=\"tribuna-follow-cta\">\n<p> <span class=\"cta-title\">Siga a <span class=\"tribuna-color\">Tribuna<\/span> no Google, e acompanhe as \u00faltimas not\u00edcias de Curitiba e regi\u00e3o!<\/span> <\/p>\n<p> <a href=\"https:\/\/profile.google.com\/cp\/CgwvZy8xMmxxajUzM3Mac2h0dHBzOi8vd3d3LnRyaWJ1bmFwci5jb20uYnIvdml2YS92aXRyaW5lL2dpZ2FudGUtZG8tdmVzdHVhcmlvLXJlaW5hdWd1cmEtbG9qYS1lbS1zaG9wcGluZy10cmFkaWNpb25hbC1kZS1jdXJpdGliYS8iElRyaWJ1bmEgZG8gUGFyYW7DoSqAAwrHAWh0dHBzOi8vZW5jcnlwdGVkLXRibjIuZ3N0YXRpYy5jb20vZmF2aWNvbi10Ym4_cT10Ym46QU5kOUdjUVJPbjVDRjR6TzJPbkUwTXZrRlRCRTY2U0g1bGlaVDRaZTV3bWNKeU5GRm1BSnluM01nNU9PR3BXY1pYMzZwYU5HUWtsZ09JVEFLTTNNZVNGbTc1aWp6M3k2ajUtQ3M2b25kX2JUcFFQQkVLd3RsUjBsTmJESnUtVHhrNXQtbFlCNlVpOWZSVVFjT2cSswFodHRwczovL2VuY3J5cHRlZC10Ym4zLmdzdGF0aWMuY29tL2Zhdmljb24tdGJuP3E9dGJuJTNBQU5kOUdjU0FMaWJ2eFF0YXdFMFRueVdWWmVKRS1MZEdRZjVTUi1OZ2RMazhyZzIwVy1nM0JuQ1F4VDNKZFBjRXR2THdBeVRxUDJEdHVycEdVR29CQkxpYzM5al9wSmFxRERaMHNCYW05WEVhSGVsMmZTQmdKdlF4WWVyMw\" target=\"_blank\" title=\"Seguir a Tribuna no Google\">  <\/a> <\/div>\n<\/p><\/div>\n<p><a href=\"https:\/\/www.tribunapr.com.br\/noticias\/parana\/unipar-reestrutura-medicina-apos-nota-baixa-exame-nacional-uninga-silencia\/\">Fonte do Artigo <\/a><\/p>","protected":false},"excerpt":{"rendered":"<p>Tr\u00eas meses ap\u00f3s a divulga\u00e7\u00e3o dos resultados do Exame Nacional de Avalia\u00e7\u00e3o da Forma\u00e7\u00e3o M\u00e9dica (Enamed), que funciona como um term\u00f4metro da qualidade da forma\u00e7\u00e3o dos futuros m\u00e9dicos, duas institui\u00e7\u00f5es privadas do Paran\u00e1 com desempenho considerado insatisfat\u00f3rio come\u00e7am a lidar com os impactos da avalia\u00e7\u00e3o. A Universidade Paranaense (Unipar), em Umuarama, e o Centro Universit\u00e1rio [&hellip;]<\/p>\n","protected":false},"author":1,"featured_media":122603,"comment_status":"closed","ping_status":"","sticky":false,"template":"","format":"standard","meta":{"googlesitekit_rrm_CAow2JLhCw:productID":"","_gspb_post_css":"","maa_idioma":"","maa_pais":"","footnotes":""},"categories":[1],"tags":[3140,8929,6455,33434,15385,5975,20194,33433],"class_list":["post-122602","post","type-post","status-publish","format-standard","has-post-thumbnail","hentry","category-ubirata","tag-apos","tag-baixa","tag-curso","tag-enamed","tag-medicina","tag-nota","tag-reestrutura","tag-unipar"],"blocksy_meta":[],"yoast_head":"<!-- This site is optimized with the Yoast SEO Premium plugin v27.6 (Yoast SEO v27.6) - https:\/\/yoast.com\/product\/yoast-seo-premium-wordpress\/ -->\n<title>Unipar reestrutura curso de Medicina ap\u00f3s nota baixa no Enamed - Ubirat\u00e3 Online Not\u00edcias - A realidade ao seu alcance!<\/title>\n<meta name=\"description\" content=\"Tr\u00eas meses ap\u00f3s a divulga\u00e7\u00e3o dos resultados do Exame Nacional de Avalia\u00e7\u00e3o da Forma\u00e7\u00e3o M\u00e9dica (Enamed), que funciona como um term\u00f4metro da qualidade da\" \/>\n<meta name=\"robots\" content=\"index, follow, max-snippet:-1, max-image-preview:large, max-video-preview:-1\" \/>\n<link rel=\"canonical\" href=\"https:\/\/ubirataonline.com.br\/en\/unipar-reestrutura-curso-de-medicina-apos-nota-baixa-no-enamed\/\" \/>\n<meta property=\"og:locale\" content=\"en_US\" \/>\n<meta property=\"og:type\" content=\"article\" \/>\n<meta property=\"og:title\" content=\"Unipar reestrutura curso de Medicina ap\u00f3s nota baixa no Enamed\" \/>\n<meta property=\"og:description\" content=\"Tr\u00eas meses ap\u00f3s a divulga\u00e7\u00e3o dos resultados do Exame Nacional de Avalia\u00e7\u00e3o da Forma\u00e7\u00e3o M\u00e9dica (Enamed), que funciona como um term\u00f4metro da qualidade da\" \/>\n<meta property=\"og:url\" content=\"https:\/\/ubirataonline.com.br\/en\/unipar-reestrutura-curso-de-medicina-apos-nota-baixa-no-enamed\/\" \/>\n<meta property=\"og:site_name\" content=\"Ubirat\u00e3 Online Not\u00edcias - A realidade ao seu alcance!\" \/>\n<meta property=\"article:publisher\" content=\"https:\/\/www.facebook.com\/portalubirataonline\" \/>\n<meta property=\"article:author\" content=\"https:\/\/www.facebook.com\/portalubirataonline\" \/>\n<meta property=\"article:published_time\" content=\"2026-05-06T18:49:14+00:00\" \/>\n<meta property=\"article:modified_time\" content=\"2026-05-06T18:49:18+00:00\" \/>\n<meta property=\"og:image\" content=\"https:\/\/ubirataonline.com.br\/wp-content\/uploads\/2026\/05\/Unipar-reestrutura-curso-de-Medicina-apos-nota-baixa-no-Enamed.jpg\" \/>\n\t<meta property=\"og:image:width\" content=\"2560\" \/>\n\t<meta property=\"og:image:height\" content=\"1709\" \/>\n\t<meta property=\"og:image:type\" content=\"image\/jpeg\" \/>\n<meta name=\"author\" content=\"REDA\u00c7\u00c3O: UBIRAT\u00c3 ONLINE - F\u00c1BIO AUGUSTO CELESTINO\" \/>\n<meta name=\"twitter:card\" content=\"summary_large_image\" \/>\n<meta name=\"twitter:creator\" content=\"@x.com\/ubirataonline\" \/>\n<meta name=\"twitter:site\" content=\"@ubirataonline\" \/>\n<meta name=\"twitter:label1\" content=\"Written by\" \/>\n\t<meta name=\"twitter:data1\" content=\"REDA\u00c7\u00c3O: UBIRAT\u00c3 ONLINE - F\u00c1BIO AUGUSTO CELESTINO\" \/>\n\t<meta name=\"twitter:label2\" content=\"Est. reading time\" \/>\n\t<meta name=\"twitter:data2\" content=\"6 minutes\" \/>\n<script type=\"application\/ld+json\" class=\"yoast-schema-graph\">{\"@context\":\"https:\\\/\\\/schema.org\",\"@graph\":[{\"@type\":\"NewsArticle\",\"@id\":\"https:\\\/\\\/ubirataonline.com.br\\\/unipar-reestrutura-curso-de-medicina-apos-nota-baixa-no-enamed\\\/#article\",\"isPartOf\":{\"@id\":\"https:\\\/\\\/ubirataonline.com.br\\\/unipar-reestrutura-curso-de-medicina-apos-nota-baixa-no-enamed\\\/\"},\"author\":{\"name\":\"REDA\u00c7\u00c3O: UBIRAT\u00c3 ONLINE - F\u00c1BIO AUGUSTO CELESTINO\",\"@id\":\"https:\\\/\\\/ubirataonline.com.br\\\/#\\\/schema\\\/person\\\/372f87bbd3fdd79b8556b84c98d0bc1c\"},\"headline\":\"Unipar reestrutura curso de Medicina ap\u00f3s nota baixa no Enamed\",\"datePublished\":\"2026-05-06T18:49:14+00:00\",\"dateModified\":\"2026-05-06T18:49:18+00:00\",\"mainEntityOfPage\":{\"@id\":\"https:\\\/\\\/ubirataonline.com.br\\\/unipar-reestrutura-curso-de-medicina-apos-nota-baixa-no-enamed\\\/\"},\"wordCount\":1183,\"publisher\":{\"@id\":\"https:\\\/\\\/ubirataonline.com.br\\\/#organization\"},\"image\":{\"@id\":\"https:\\\/\\\/ubirataonline.com.br\\\/unipar-reestrutura-curso-de-medicina-apos-nota-baixa-no-enamed\\\/#primaryimage\"},\"thumbnailUrl\":\"https:\\\/\\\/ubirataonline.com.br\\\/wp-content\\\/uploads\\\/2026\\\/05\\\/Unipar-reestrutura-curso-de-Medicina-apos-nota-baixa-no-Enamed.jpg\",\"keywords\":[\"ap\u00f3s\",\"baixa\",\"curso\",\"Enamed\",\"medicina\",\"Nota\",\"reestrutura\",\"Unipar\"],\"articleSection\":[\"Ubirat\u00e3\"],\"inLanguage\":\"en-US\",\"copyrightYear\":\"2026\",\"copyrightHolder\":{\"@id\":\"https:\\\/\\\/ubirataonline.com.br\\\/en\\\/#organization\"}},{\"@type\":\"WebPage\",\"@id\":\"https:\\\/\\\/ubirataonline.com.br\\\/unipar-reestrutura-curso-de-medicina-apos-nota-baixa-no-enamed\\\/\",\"url\":\"https:\\\/\\\/ubirataonline.com.br\\\/unipar-reestrutura-curso-de-medicina-apos-nota-baixa-no-enamed\\\/\",\"name\":\"Unipar reestrutura curso de Medicina ap\u00f3s nota baixa no Enamed - Ubirat\u00e3 Online Not\u00edcias - A realidade ao seu alcance!\",\"isPartOf\":{\"@id\":\"https:\\\/\\\/ubirataonline.com.br\\\/#website\"},\"primaryImageOfPage\":{\"@id\":\"https:\\\/\\\/ubirataonline.com.br\\\/unipar-reestrutura-curso-de-medicina-apos-nota-baixa-no-enamed\\\/#primaryimage\"},\"image\":{\"@id\":\"https:\\\/\\\/ubirataonline.com.br\\\/unipar-reestrutura-curso-de-medicina-apos-nota-baixa-no-enamed\\\/#primaryimage\"},\"thumbnailUrl\":\"https:\\\/\\\/ubirataonline.com.br\\\/wp-content\\\/uploads\\\/2026\\\/05\\\/Unipar-reestrutura-curso-de-Medicina-apos-nota-baixa-no-Enamed.jpg\",\"datePublished\":\"2026-05-06T18:49:14+00:00\",\"dateModified\":\"2026-05-06T18:49:18+00:00\",\"description\":\"Tr\u00eas meses ap\u00f3s a divulga\u00e7\u00e3o dos resultados do Exame Nacional de Avalia\u00e7\u00e3o da Forma\u00e7\u00e3o M\u00e9dica (Enamed), que funciona como um term\u00f4metro da qualidade da\",\"breadcrumb\":{\"@id\":\"https:\\\/\\\/ubirataonline.com.br\\\/unipar-reestrutura-curso-de-medicina-apos-nota-baixa-no-enamed\\\/#breadcrumb\"},\"inLanguage\":\"en-US\",\"potentialAction\":[{\"@type\":\"ReadAction\",\"target\":[\"https:\\\/\\\/ubirataonline.com.br\\\/unipar-reestrutura-curso-de-medicina-apos-nota-baixa-no-enamed\\\/\"]}]},{\"@type\":\"ImageObject\",\"inLanguage\":\"en-US\",\"@id\":\"https:\\\/\\\/ubirataonline.com.br\\\/unipar-reestrutura-curso-de-medicina-apos-nota-baixa-no-enamed\\\/#primaryimage\",\"url\":\"https:\\\/\\\/ubirataonline.com.br\\\/wp-content\\\/uploads\\\/2026\\\/05\\\/Unipar-reestrutura-curso-de-Medicina-apos-nota-baixa-no-Enamed.jpg\",\"contentUrl\":\"https:\\\/\\\/ubirataonline.com.br\\\/wp-content\\\/uploads\\\/2026\\\/05\\\/Unipar-reestrutura-curso-de-Medicina-apos-nota-baixa-no-Enamed.jpg\",\"width\":2560,\"height\":1709,\"caption\":\"Para o Conselho Regional de Medicina do Paran\u00e1 (CRM-PR), o desempenho no estado acende um sinal de alerta, especialmente pelos resultados de cursos privados como os da Unipar e da Uning\u00e1. Foto: fernando zhiminaicela por Pixabay\"},{\"@type\":\"BreadcrumbList\",\"@id\":\"https:\\\/\\\/ubirataonline.com.br\\\/unipar-reestrutura-curso-de-medicina-apos-nota-baixa-no-enamed\\\/#breadcrumb\",\"itemListElement\":[{\"@type\":\"ListItem\",\"position\":1,\"name\":\"In\u00edcio\",\"item\":\"https:\\\/\\\/ubirataonline.com.br\\\/\"},{\"@type\":\"ListItem\",\"position\":2,\"name\":\"Unipar reestrutura curso de Medicina ap\u00f3s nota baixa no Enamed\"}]},{\"@type\":\"WebSite\",\"@id\":\"https:\\\/\\\/ubirataonline.com.br\\\/#website\",\"url\":\"https:\\\/\\\/ubirataonline.com.br\\\/\",\"name\":\"Ubirat\u00e3 Online Not\u00edcias\",\"description\":\"Not\u00edcias de Ubirat\u00e3, regi\u00e3o, Brasil e mundo, com informa\u00e7\u00e3o atualizada e compromisso com o leitor.\",\"publisher\":{\"@id\":\"https:\\\/\\\/ubirataonline.com.br\\\/#organization\"},\"alternateName\":\"Ubirat\u00e3 Online\",\"potentialAction\":[{\"@type\":\"SearchAction\",\"target\":{\"@type\":\"EntryPoint\",\"urlTemplate\":\"https:\\\/\\\/ubirataonline.com.br\\\/?s={search_term_string}\"},\"query-input\":{\"@type\":\"PropertyValueSpecification\",\"valueRequired\":true,\"valueName\":\"search_term_string\"}}],\"inLanguage\":\"en-US\"},{\"@type\":[\"Organization\",\"Place\"],\"@id\":\"https:\\\/\\\/ubirataonline.com.br\\\/#organization\",\"name\":\"Ubirat\u00e3 Online Not\u00edcias\",\"alternateName\":\"Ubirat\u00e3 Online\",\"url\":\"https:\\\/\\\/ubirataonline.com.br\\\/\",\"logo\":{\"@id\":\"https:\\\/\\\/ubirataonline.com.br\\\/unipar-reestrutura-curso-de-medicina-apos-nota-baixa-no-enamed\\\/#local-main-organization-logo\"},\"image\":{\"@id\":\"https:\\\/\\\/ubirataonline.com.br\\\/unipar-reestrutura-curso-de-medicina-apos-nota-baixa-no-enamed\\\/#local-main-organization-logo\"},\"sameAs\":[\"https:\\\/\\\/www.facebook.com\\\/portalubirataonline\",\"https:\\\/\\\/x.com\\\/ubirataonline\",\"https:\\\/\\\/mastodon.social\\\/@ubirataonline\",\"https:\\\/\\\/www.facebook.com\\\/groups\\\/311144672285604\",\"https:\\\/\\\/www.facebook.com\\\/UBTAOnline\",\"https:\\\/\\\/www.instagram.com\\\/portalubirataonline\\\/\",\"https:\\\/\\\/twitter.com\\\/ubirataonline\"],\"description\":\"Somos um portal de not\u00edcias independente, criado em 5 de janeiro de 2009, com o objetivo de informar, conectar e valorizar a nossa comunidade de Ubirat\u00e3 e toda aregi\u00e3o. Com conte\u00fado atualizado, confi\u00e1vel e relevante, o Ubirat\u00e3 Online \u00e9 o seu espa\u00e7o para ficar por dentro dos principais acontecimentos locais, regionais, Brasil, Mundo e de interesse geral. Nosso compromisso \u00e9 com a verdade, a transpar\u00eancia e o respeito ao leitor.\",\"legalName\":\"UBIRATA ONLINE NOT\u00cdCIAS\",\"foundingDate\":\"2009-01-05\",\"numberOfEmployees\":{\"@type\":\"QuantitativeValue\",\"minValue\":\"1\",\"maxValue\":\"10\"},\"publishingPrinciples\":\"https:\\\/\\\/ubirataonline.com.br\\\/faq\\\/\",\"address\":{\"@id\":\"https:\\\/\\\/ubirataonline.com.br\\\/unipar-reestrutura-curso-de-medicina-apos-nota-baixa-no-enamed\\\/#local-main-place-address\"},\"geo\":{\"@type\":\"GeoCoordinates\",\"latitude\":\"-24.5361401\",\"longitude\":\"-52.9921776\"},\"telephone\":[\"+5544998308235\"],\"contactPoint\":{\"@type\":\"ContactPoint\",\"email\":\"contato@ubirataonline.com.br\"},\"openingHoursSpecification\":{\"@type\":\"OpeningHoursSpecification\",\"dayOfWeek\":[\"Monday\",\"Tuesday\",\"Wednesday\",\"Thursday\",\"Friday\",\"Saturday\",\"Sunday\"],\"opens\":\"00:00\",\"closes\":\"23:59\"},\"email\":\"contato@ubirataonline.com.br\",\"vatID\":\"47.621.418\\\/0001-80\"},{\"@type\":\"Person\",\"@id\":\"https:\\\/\\\/ubirataonline.com.br\\\/#\\\/schema\\\/person\\\/372f87bbd3fdd79b8556b84c98d0bc1c\",\"name\":\"REDA\u00c7\u00c3O: UBIRAT\u00c3 ONLINE - F\u00c1BIO AUGUSTO CELESTINO\",\"pronouns\":\"Ele\",\"description\":\"Desde 2003 trabalhando com not\u00edcias.\",\"sameAs\":[\"http:\\\/\\\/ubirataoline.com.br\",\"https:\\\/\\\/www.facebook.com\\\/portalubirataonline\",\"https:\\\/\\\/www.instagram.com\\\/ubirataonline_oficial\",\"https:\\\/\\\/x.com\\\/x.com\\\/ubirataonline\"],\"honorificPrefix\":\"Mr.\",\"honorificSuffix\":\"MD\",\"birthDate\":\"1980-06-16\",\"gender\":\"masculino\",\"award\":[\"V\u00e1rios pr\u00eamios de melhor portal da cidade\"],\"jobTitle\":\"Diretor\",\"url\":\"https:\\\/\\\/ubirataonline.com.br\\\/en\\\/author\\\/ubirataonline\\\/\"},{\"@type\":\"PostalAddress\",\"@id\":\"https:\\\/\\\/ubirataonline.com.br\\\/unipar-reestrutura-curso-de-medicina-apos-nota-baixa-no-enamed\\\/#local-main-place-address\",\"streetAddress\":\"Rua dos Coqueiros, 104 - Bairro Boa Vista, Rua dos Coqueiros, 104 Bairro Boa Vista\",\"addressLocality\":\"UBIRATA\",\"postalCode\":\"85440-000\",\"addressRegion\":\"PR\",\"addressCountry\":\"BR\"},{\"@type\":\"ImageObject\",\"inLanguage\":\"en-US\",\"@id\":\"https:\\\/\\\/ubirataonline.com.br\\\/unipar-reestrutura-curso-de-medicina-apos-nota-baixa-no-enamed\\\/#local-main-organization-logo\",\"url\":\"https:\\\/\\\/ubirataonline.com.br\\\/wp-content\\\/uploads\\\/2026\\\/06\\\/logoubirataonline-1.webp\",\"contentUrl\":\"https:\\\/\\\/ubirataonline.com.br\\\/wp-content\\\/uploads\\\/2026\\\/06\\\/logoubirataonline-1.webp\",\"width\":500,\"height\":500,\"caption\":\"Ubirat\u00e3 Online Not\u00edcias\"}]}<\/script>\n<meta name=\"geo.placename\" content=\"UBIRATA\" \/>\n<meta name=\"geo.position\" content=\"-24.5361401;-52.9921776\" \/>\n<meta name=\"geo.region\" content=\"Brazil\" \/>\n<!-- \/ Yoast SEO Premium plugin. -->","yoast_head_json":{"title":"Unipar reestrutura curso de Medicina ap\u00f3s nota baixa no Enamed - Ubirat\u00e3 Online Not\u00edcias - A realidade ao seu alcance!","description":"Tr\u00eas meses ap\u00f3s a divulga\u00e7\u00e3o dos resultados do Exame Nacional de Avalia\u00e7\u00e3o da Forma\u00e7\u00e3o M\u00e9dica (Enamed), que funciona como um term\u00f4metro da qualidade da","robots":{"index":"index","follow":"follow","max-snippet":"max-snippet:-1","max-image-preview":"max-image-preview:large","max-video-preview":"max-video-preview:-1"},"canonical":"https:\/\/ubirataonline.com.br\/en\/unipar-reestrutura-curso-de-medicina-apos-nota-baixa-no-enamed\/","og_locale":"en_US","og_type":"article","og_title":"Unipar reestrutura curso de Medicina ap\u00f3s nota baixa no Enamed","og_description":"Tr\u00eas meses ap\u00f3s a divulga\u00e7\u00e3o dos resultados do Exame Nacional de Avalia\u00e7\u00e3o da Forma\u00e7\u00e3o M\u00e9dica (Enamed), que funciona como um term\u00f4metro da qualidade da","og_url":"https:\/\/ubirataonline.com.br\/en\/unipar-reestrutura-curso-de-medicina-apos-nota-baixa-no-enamed\/","og_site_name":"Ubirat\u00e3 Online Not\u00edcias - A realidade ao seu alcance!","article_publisher":"https:\/\/www.facebook.com\/portalubirataonline","article_author":"https:\/\/www.facebook.com\/portalubirataonline","article_published_time":"2026-05-06T18:49:14+00:00","article_modified_time":"2026-05-06T18:49:18+00:00","og_image":[{"width":2560,"height":1709,"url":"https:\/\/ubirataonline.com.br\/wp-content\/uploads\/2026\/05\/Unipar-reestrutura-curso-de-Medicina-apos-nota-baixa-no-Enamed.jpg","type":"image\/jpeg"}],"author":"REDA\u00c7\u00c3O: UBIRAT\u00c3 ONLINE - F\u00c1BIO AUGUSTO CELESTINO","twitter_card":"summary_large_image","twitter_creator":"@x.com\/ubirataonline","twitter_site":"@ubirataonline","twitter_misc":{"Written by":"REDA\u00c7\u00c3O: UBIRAT\u00c3 ONLINE - F\u00c1BIO AUGUSTO CELESTINO","Est. reading time":"6 minutes"},"schema":{"@context":"https:\/\/schema.org","@graph":[{"@type":"NewsArticle","@id":"https:\/\/ubirataonline.com.br\/unipar-reestrutura-curso-de-medicina-apos-nota-baixa-no-enamed\/#article","isPartOf":{"@id":"https:\/\/ubirataonline.com.br\/unipar-reestrutura-curso-de-medicina-apos-nota-baixa-no-enamed\/"},"author":{"name":"REDA\u00c7\u00c3O: UBIRAT\u00c3 ONLINE - F\u00c1BIO AUGUSTO CELESTINO","@id":"https:\/\/ubirataonline.com.br\/#\/schema\/person\/372f87bbd3fdd79b8556b84c98d0bc1c"},"headline":"Unipar reestrutura curso de Medicina ap\u00f3s nota baixa no Enamed","datePublished":"2026-05-06T18:49:14+00:00","dateModified":"2026-05-06T18:49:18+00:00","mainEntityOfPage":{"@id":"https:\/\/ubirataonline.com.br\/unipar-reestrutura-curso-de-medicina-apos-nota-baixa-no-enamed\/"},"wordCount":1183,"publisher":{"@id":"https:\/\/ubirataonline.com.br\/#organization"},"image":{"@id":"https:\/\/ubirataonline.com.br\/unipar-reestrutura-curso-de-medicina-apos-nota-baixa-no-enamed\/#primaryimage"},"thumbnailUrl":"https:\/\/ubirataonline.com.br\/wp-content\/uploads\/2026\/05\/Unipar-reestrutura-curso-de-Medicina-apos-nota-baixa-no-Enamed.jpg","keywords":["ap\u00f3s","baixa","curso","Enamed","medicina","Nota","reestrutura","Unipar"],"articleSection":["Ubirat\u00e3"],"inLanguage":"en-US","copyrightYear":"2026","copyrightHolder":{"@id":"https:\/\/ubirataonline.com.br\/en\/#organization"}},{"@type":"WebPage","@id":"https:\/\/ubirataonline.com.br\/unipar-reestrutura-curso-de-medicina-apos-nota-baixa-no-enamed\/","url":"https:\/\/ubirataonline.com.br\/unipar-reestrutura-curso-de-medicina-apos-nota-baixa-no-enamed\/","name":"Unipar reestrutura curso de Medicina ap\u00f3s nota baixa no Enamed - Ubirat\u00e3 Online Not\u00edcias - A realidade ao seu alcance!","isPartOf":{"@id":"https:\/\/ubirataonline.com.br\/#website"},"primaryImageOfPage":{"@id":"https:\/\/ubirataonline.com.br\/unipar-reestrutura-curso-de-medicina-apos-nota-baixa-no-enamed\/#primaryimage"},"image":{"@id":"https:\/\/ubirataonline.com.br\/unipar-reestrutura-curso-de-medicina-apos-nota-baixa-no-enamed\/#primaryimage"},"thumbnailUrl":"https:\/\/ubirataonline.com.br\/wp-content\/uploads\/2026\/05\/Unipar-reestrutura-curso-de-Medicina-apos-nota-baixa-no-Enamed.jpg","datePublished":"2026-05-06T18:49:14+00:00","dateModified":"2026-05-06T18:49:18+00:00","description":"Tr\u00eas meses ap\u00f3s a divulga\u00e7\u00e3o dos resultados do Exame Nacional de Avalia\u00e7\u00e3o da Forma\u00e7\u00e3o M\u00e9dica (Enamed), que funciona como um term\u00f4metro da qualidade da","breadcrumb":{"@id":"https:\/\/ubirataonline.com.br\/unipar-reestrutura-curso-de-medicina-apos-nota-baixa-no-enamed\/#breadcrumb"},"inLanguage":"en-US","potentialAction":[{"@type":"ReadAction","target":["https:\/\/ubirataonline.com.br\/unipar-reestrutura-curso-de-medicina-apos-nota-baixa-no-enamed\/"]}]},{"@type":"ImageObject","inLanguage":"en-US","@id":"https:\/\/ubirataonline.com.br\/unipar-reestrutura-curso-de-medicina-apos-nota-baixa-no-enamed\/#primaryimage","url":"https:\/\/ubirataonline.com.br\/wp-content\/uploads\/2026\/05\/Unipar-reestrutura-curso-de-Medicina-apos-nota-baixa-no-Enamed.jpg","contentUrl":"https:\/\/ubirataonline.com.br\/wp-content\/uploads\/2026\/05\/Unipar-reestrutura-curso-de-Medicina-apos-nota-baixa-no-Enamed.jpg","width":2560,"height":1709,"caption":"Para o Conselho Regional de Medicina do Paran\u00e1 (CRM-PR), o desempenho no estado acende um sinal de alerta, especialmente pelos resultados de cursos privados como os da Unipar e da Uning\u00e1. Foto: fernando zhiminaicela por Pixabay"},{"@type":"BreadcrumbList","@id":"https:\/\/ubirataonline.com.br\/unipar-reestrutura-curso-de-medicina-apos-nota-baixa-no-enamed\/#breadcrumb","itemListElement":[{"@type":"ListItem","position":1,"name":"In\u00edcio","item":"https:\/\/ubirataonline.com.br\/"},{"@type":"ListItem","position":2,"name":"Unipar reestrutura curso de Medicina ap\u00f3s nota baixa no Enamed"}]},{"@type":"WebSite","@id":"https:\/\/ubirataonline.com.br\/#website","url":"https:\/\/ubirataonline.com.br\/","name":"Ubirat\u00e3 Online Not\u00edcias","description":"Not\u00edcias de Ubirat\u00e3, regi\u00e3o, Brasil e mundo, com informa\u00e7\u00e3o atualizada e compromisso com o leitor.","publisher":{"@id":"https:\/\/ubirataonline.com.br\/#organization"},"alternateName":"Ubirat\u00e3 Online","potentialAction":[{"@type":"SearchAction","target":{"@type":"EntryPoint","urlTemplate":"https:\/\/ubirataonline.com.br\/?s={search_term_string}"},"query-input":{"@type":"PropertyValueSpecification","valueRequired":true,"valueName":"search_term_string"}}],"inLanguage":"en-US"},{"@type":["Organization","Place"],"@id":"https:\/\/ubirataonline.com.br\/#organization","name":"Ubirat\u00e3 Online Not\u00edcias","alternateName":"Ubirat\u00e3 Online","url":"https:\/\/ubirataonline.com.br\/","logo":{"@id":"https:\/\/ubirataonline.com.br\/unipar-reestrutura-curso-de-medicina-apos-nota-baixa-no-enamed\/#local-main-organization-logo"},"image":{"@id":"https:\/\/ubirataonline.com.br\/unipar-reestrutura-curso-de-medicina-apos-nota-baixa-no-enamed\/#local-main-organization-logo"},"sameAs":["https:\/\/www.facebook.com\/portalubirataonline","https:\/\/x.com\/ubirataonline","https:\/\/mastodon.social\/@ubirataonline","https:\/\/www.facebook.com\/groups\/311144672285604","https:\/\/www.facebook.com\/UBTAOnline","https:\/\/www.instagram.com\/portalubirataonline\/","https:\/\/twitter.com\/ubirataonline"],"description":"Somos um portal de not\u00edcias independente, criado em 5 de janeiro de 2009, com o objetivo de informar, conectar e valorizar a nossa comunidade de Ubirat\u00e3 e toda aregi\u00e3o. Com conte\u00fado atualizado, confi\u00e1vel e relevante, o Ubirat\u00e3 Online \u00e9 o seu espa\u00e7o para ficar por dentro dos principais acontecimentos locais, regionais, Brasil, Mundo e de interesse geral. Nosso compromisso \u00e9 com a verdade, a transpar\u00eancia e o respeito ao leitor.","legalName":"UBIRATA ONLINE NOT\u00cdCIAS","foundingDate":"2009-01-05","numberOfEmployees":{"@type":"QuantitativeValue","minValue":"1","maxValue":"10"},"publishingPrinciples":"https:\/\/ubirataonline.com.br\/faq\/","address":{"@id":"https:\/\/ubirataonline.com.br\/unipar-reestrutura-curso-de-medicina-apos-nota-baixa-no-enamed\/#local-main-place-address"},"geo":{"@type":"GeoCoordinates","latitude":"-24.5361401","longitude":"-52.9921776"},"telephone":["+5544998308235"],"contactPoint":{"@type":"ContactPoint","email":"contato@ubirataonline.com.br"},"openingHoursSpecification":{"@type":"OpeningHoursSpecification","dayOfWeek":["Monday","Tuesday","Wednesday","Thursday","Friday","Saturday","Sunday"],"opens":"00:00","closes":"23:59"},"email":"contato@ubirataonline.com.br","vatID":"47.621.418\/0001-80"},{"@type":"Person","@id":"https:\/\/ubirataonline.com.br\/#\/schema\/person\/372f87bbd3fdd79b8556b84c98d0bc1c","name":"REDA\u00c7\u00c3O: UBIRAT\u00c3 ONLINE - F\u00c1BIO AUGUSTO CELESTINO","pronouns":"Ele","description":"Desde 2003 trabalhando com not\u00edcias.","sameAs":["http:\/\/ubirataoline.com.br","https:\/\/www.facebook.com\/portalubirataonline","https:\/\/www.instagram.com\/ubirataonline_oficial","https:\/\/x.com\/x.com\/ubirataonline"],"honorificPrefix":"Mr.","honorificSuffix":"MD","birthDate":"1980-06-16","gender":"masculino","award":["V\u00e1rios pr\u00eamios de melhor portal da cidade"],"jobTitle":"Diretor","url":"https:\/\/ubirataonline.com.br\/en\/author\/ubirataonline\/"},{"@type":"PostalAddress","@id":"https:\/\/ubirataonline.com.br\/unipar-reestrutura-curso-de-medicina-apos-nota-baixa-no-enamed\/#local-main-place-address","streetAddress":"Rua dos Coqueiros, 104 - Bairro Boa Vista, Rua dos Coqueiros, 104 Bairro Boa Vista","addressLocality":"UBIRATA","postalCode":"85440-000","addressRegion":"PR","addressCountry":"BR"},{"@type":"ImageObject","inLanguage":"en-US","@id":"https:\/\/ubirataonline.com.br\/unipar-reestrutura-curso-de-medicina-apos-nota-baixa-no-enamed\/#local-main-organization-logo","url":"https:\/\/ubirataonline.com.br\/wp-content\/uploads\/2026\/06\/logoubirataonline-1.webp","contentUrl":"https:\/\/ubirataonline.com.br\/wp-content\/uploads\/2026\/06\/logoubirataonline-1.webp","width":500,"height":500,"caption":"Ubirat\u00e3 Online Not\u00edcias"}]},"geo.placename":"UBIRATA","geo.position":{"lat":"-24.5361401","long":"-52.9921776"},"geo.region":"Brazil"},"_links":{"self":[{"href":"https:\/\/ubirataonline.com.br\/en\/wp-json\/wp\/v2\/posts\/122602","targetHints":{"allow":["GET"]}}],"collection":[{"href":"https:\/\/ubirataonline.com.br\/en\/wp-json\/wp\/v2\/posts"}],"about":[{"href":"https:\/\/ubirataonline.com.br\/en\/wp-json\/wp\/v2\/types\/post"}],"author":[{"embeddable":true,"href":"https:\/\/ubirataonline.com.br\/en\/wp-json\/wp\/v2\/users\/1"}],"replies":[{"embeddable":true,"href":"https:\/\/ubirataonline.com.br\/en\/wp-json\/wp\/v2\/comments?post=122602"}],"version-history":[{"count":0,"href":"https:\/\/ubirataonline.com.br\/en\/wp-json\/wp\/v2\/posts\/122602\/revisions"}],"wp:featuredmedia":[{"embeddable":true,"href":"https:\/\/ubirataonline.com.br\/en\/wp-json\/wp\/v2\/media\/122603"}],"wp:attachment":[{"href":"https:\/\/ubirataonline.com.br\/en\/wp-json\/wp\/v2\/media?parent=122602"}],"wp:term":[{"taxonomy":"category","embeddable":true,"href":"https:\/\/ubirataonline.com.br\/en\/wp-json\/wp\/v2\/categories?post=122602"},{"taxonomy":"post_tag","embeddable":true,"href":"https:\/\/ubirataonline.com.br\/en\/wp-json\/wp\/v2\/tags?post=122602"}],"curies":[{"name":"wp","href":"https:\/\/api.w.org\/{rel}","templated":true}]}}