{"id":122625,"date":"2026-05-06T16:18:14","date_gmt":"2026-05-06T19:18:14","guid":{"rendered":"https:\/\/ubirataonline.com.br\/32-restaurant-executives-on-the-move-in-april\/"},"modified":"2026-05-06T16:18:19","modified_gmt":"2026-05-06T19:18:19","slug":"32-restaurant-executives-on-the-move-in-april","status":"publish","type":"post","link":"https:\/\/ubirataonline.com.br\/en\/32-restaurant-executives-on-the-move-in-april\/","title":{"rendered":"32 restaurant executives on the move in April"},"content":{"rendered":"<p><\/p>\n<div data-module=\"content\">\n<p class=\"ContentParagraph ContentParagraph_align_left\" data-testid=\"content-paragraph\"><span class=\"ContentText ContentText_variant_bodyNormal\" data-testid=\"content-text\">April was a busy month in restaurant company C-suites after a relatively quieter March.\u00a0<\/span><\/p>\n<p class=\"ContentParagraph ContentParagraph_align_left\" data-testid=\"content-paragraph\"><span class=\"ContentText ContentText_variant_bodyNormal\" data-testid=\"content-text\">Three chains named new chief executives: Bagels &amp; Co. promoted an executive, Jeni\u2019s Splendid Ice Creams brought in the former leader of Ben &amp; Jerry\u2019s, and Denny\u2019s named a successor for Kelli Valade.<\/span><\/p>\n<p class=\"ContentParagraph ContentParagraph_align_left\" data-testid=\"content-paragraph\"><span class=\"ContentText ContentText_variant_bodyNormal\" data-testid=\"content-text\">Development hiring remained hot, with new chiefs at Sweetgreen, Chicken Salad Chick, GoTo Foods, and Ford\u2019s Garage signaling unit expansion, format optimization, and stronger pipelines.\u00a0<\/span><\/p>\n<p class=\"ContentParagraph ContentParagraph_align_left\" data-testid=\"content-paragraph\"><span class=\"ContentText ContentText_variant_bodyNormal\" data-testid=\"content-text\">On the finance front, Red Robin, Mountain Mike\u2019s, and Firebirds added CFOs, while Fogo de Ch\u00e3o\u2019s longtime CFO retired.<\/span><\/p>\n<p class=\"ContentParagraph ContentParagraph_align_left\" data-testid=\"content-paragraph\"><span class=\"ContentText ContentText_variant_bodyNormal\" data-testid=\"content-text\">Marketing and brand leadership is in the spotlight as Chipotle tapped Fernando Machado, Ford\u2019s Garage named its first CMO, and the Women\u2019s Foodservice Forum appointed a chief brand officer.\u00a0<\/span><\/p>\n<p class=\"ContentParagraph ContentParagraph_align_left\" data-testid=\"content-paragraph\"><span class=\"ContentText ContentText_variant_bodyNormal\" data-testid=\"content-text\">Digital and technology investment is accelerating with Topgolf\u2019s new chief information officer and GoTo Foods\u2019 first chief digital officer.\u00a0<\/span><\/p>\n<p data-component=\"related-article\" class=\"RelatedArticle\"><span data-testid=\"related-article-title\" class=\"RelatedArticle-Title\">Related:<\/span><a class=\"RelatedArticle-RelatedContent\" href=\"https:\/\/www.nrn.com\/restaurant-executives\/24-restaurant-executives-on-the-move-in-march-2026-including-new-leaders-at-mcdonald-s-brinker-and-inspire\" target=\"_self\" data-discover=\"true\">24 restaurant executives on the move in March 2026, including new leaders at McDonald\u2019s, Brinker, and Inspire<\/a><\/p>\n<p class=\"ContentParagraph ContentParagraph_align_left\" data-testid=\"content-paragraph\"><span class=\"ContentText ContentText_variant_bodyNormal\" data-testid=\"content-text\">Franchisee and operator alignment also advanced, with Diversified Restaurant Group redefining operations roles to scale execution.\u00a0<\/span><\/p>\n<p class=\"ContentParagraph ContentParagraph_align_left\" data-testid=\"content-paragraph\"><span class=\"ContentText ContentText_variant_bodyNormal\" data-testid=\"content-text\">Board refreshes at Jack in the Box and Yum Brands bring seasoned growth and finance expertise to guide strategy.\u00a0<\/span><\/p>\n<p class=\"ContentParagraph ContentParagraph_align_left\" data-testid=\"content-paragraph\"><span class=\"ContentText ContentText_variant_bodyNormal\" data-testid=\"content-text\">Meet all of the restaurant executives on the move in the above slideshow.<\/span><\/p>\n<\/div>\n<p><script defer=\"\" async=\"\" src=\"https:\/\/connect.facebook.net\/en_US\/sdk.js#xfbml=1&amp;version=v18.0\" data-ot-ignore=\"true\"><\/script><\/p>\n<p><a href=\"https:\/\/www.nrn.com\/restaurant-executives\/32-restaurant-executives-on-the-move-in-april-including-new-ceos-at-denny-s-jeni-s-and-bagels-co-\">Source link <\/a><\/p>","protected":false},"excerpt":{"rendered":"<p>April was a busy month in restaurant company C-suites after a relatively quieter March.\u00a0 Three chains named new chief executives: Bagels &amp; Co. promoted an executive, Jeni\u2019s Splendid Ice Creams brought in the former leader of Ben &amp; Jerry\u2019s, and Denny\u2019s named a successor for Kelli Valade. Development hiring remained hot, with new chiefs at [&hellip;]<\/p>\n","protected":false},"author":1,"featured_media":122626,"comment_status":"closed","ping_status":"","sticky":false,"template":"","format":"standard","meta":{"googlesitekit_rrm_CAow2JLhCw:productID":"","_gspb_post_css":"","maa_idioma":"","maa_pais":"","footnotes":""},"categories":[1],"tags":[17218,13483,4947,27536],"class_list":["post-122625","post","type-post","status-publish","format-standard","has-post-thumbnail","hentry","category-ubirata","tag-april","tag-executives","tag-move","tag-restaurant"],"blocksy_meta":[],"yoast_head":"<!-- This site is optimized with the Yoast SEO Premium plugin v27.6 (Yoast SEO v27.6) - https:\/\/yoast.com\/product\/yoast-seo-premium-wordpress\/ -->\n<title>32 restaurant executives on the move in April - Ubirat\u00e3 Online Not\u00edcias - A realidade ao seu alcance!<\/title>\n<meta name=\"description\" content=\"April was a busy month in restaurant company C-suites after a relatively quieter March.\u00a0Three chains named new chief executives: Bagels &amp; Co. promoted\" \/>\n<meta name=\"robots\" content=\"index, follow, max-snippet:-1, max-image-preview:large, max-video-preview:-1\" \/>\n<link rel=\"canonical\" href=\"https:\/\/ubirataonline.com.br\/en\/32-restaurant-executives-on-the-move-in-april\/\" \/>\n<meta property=\"og:locale\" content=\"en_US\" \/>\n<meta property=\"og:type\" content=\"article\" \/>\n<meta property=\"og:title\" content=\"32 restaurant executives on the move in April\" \/>\n<meta property=\"og:description\" content=\"April was a busy month in restaurant company C-suites after a relatively quieter March.\u00a0Three chains named new chief executives: Bagels &amp; Co. promoted\" \/>\n<meta property=\"og:url\" content=\"https:\/\/ubirataonline.com.br\/en\/32-restaurant-executives-on-the-move-in-april\/\" \/>\n<meta property=\"og:site_name\" content=\"Ubirat\u00e3 Online Not\u00edcias - A realidade ao seu alcance!\" \/>\n<meta property=\"article:publisher\" content=\"https:\/\/www.facebook.com\/portalubirataonline\" \/>\n<meta property=\"article:author\" content=\"https:\/\/www.facebook.com\/portalubirataonline\" \/>\n<meta property=\"article:published_time\" content=\"2026-05-06T19:18:14+00:00\" \/>\n<meta property=\"article:modified_time\" content=\"2026-05-06T19:18:19+00:00\" \/>\n<meta property=\"og:image\" content=\"https:\/\/ubirataonline.com.br\/wp-content\/uploads\/2026\/05\/32-restaurant-executives-on-the-move-in-April.png\" \/>\n\t<meta property=\"og:image:width\" content=\"1200\" \/>\n\t<meta property=\"og:image:height\" content=\"630\" \/>\n\t<meta property=\"og:image:type\" content=\"image\/png\" \/>\n<meta name=\"author\" content=\"REDA\u00c7\u00c3O: UBIRAT\u00c3 ONLINE - F\u00c1BIO AUGUSTO CELESTINO\" \/>\n<meta name=\"twitter:card\" content=\"summary_large_image\" \/>\n<meta name=\"twitter:creator\" content=\"@x.com\/ubirataonline\" \/>\n<meta name=\"twitter:site\" content=\"@ubirataonline\" \/>\n<meta name=\"twitter:label1\" content=\"Written by\" \/>\n\t<meta name=\"twitter:data1\" content=\"REDA\u00c7\u00c3O: UBIRAT\u00c3 ONLINE - F\u00c1BIO AUGUSTO CELESTINO\" \/>\n\t<meta name=\"twitter:label2\" content=\"Est. reading time\" \/>\n\t<meta name=\"twitter:data2\" content=\"1 minute\" \/>\n<script type=\"application\/ld+json\" class=\"yoast-schema-graph\">{\"@context\":\"https:\\\/\\\/schema.org\",\"@graph\":[{\"@type\":\"NewsArticle\",\"@id\":\"https:\\\/\\\/ubirataonline.com.br\\\/32-restaurant-executives-on-the-move-in-april\\\/#article\",\"isPartOf\":{\"@id\":\"https:\\\/\\\/ubirataonline.com.br\\\/32-restaurant-executives-on-the-move-in-april\\\/\"},\"author\":{\"name\":\"REDA\u00c7\u00c3O: UBIRAT\u00c3 ONLINE - F\u00c1BIO AUGUSTO CELESTINO\",\"@id\":\"https:\\\/\\\/ubirataonline.com.br\\\/#\\\/schema\\\/person\\\/372f87bbd3fdd79b8556b84c98d0bc1c\"},\"headline\":\"32 restaurant executives on the move in April\",\"datePublished\":\"2026-05-06T19:18:14+00:00\",\"dateModified\":\"2026-05-06T19:18:19+00:00\",\"mainEntityOfPage\":{\"@id\":\"https:\\\/\\\/ubirataonline.com.br\\\/32-restaurant-executives-on-the-move-in-april\\\/\"},\"wordCount\":223,\"publisher\":{\"@id\":\"https:\\\/\\\/ubirataonline.com.br\\\/#organization\"},\"image\":{\"@id\":\"https:\\\/\\\/ubirataonline.com.br\\\/32-restaurant-executives-on-the-move-in-april\\\/#primaryimage\"},\"thumbnailUrl\":\"https:\\\/\\\/ubirataonline.com.br\\\/wp-content\\\/uploads\\\/2026\\\/05\\\/32-restaurant-executives-on-the-move-in-April.png\",\"keywords\":[\"April\",\"executives\",\"move\",\"restaurant\"],\"articleSection\":[\"Ubirat\u00e3\"],\"inLanguage\":\"en-US\",\"copyrightYear\":\"2026\",\"copyrightHolder\":{\"@id\":\"https:\\\/\\\/ubirataonline.com.br\\\/en\\\/#organization\"}},{\"@type\":\"WebPage\",\"@id\":\"https:\\\/\\\/ubirataonline.com.br\\\/32-restaurant-executives-on-the-move-in-april\\\/\",\"url\":\"https:\\\/\\\/ubirataonline.com.br\\\/32-restaurant-executives-on-the-move-in-april\\\/\",\"name\":\"32 restaurant executives on the move in April - Ubirat\u00e3 Online Not\u00edcias - A realidade ao seu alcance!\",\"isPartOf\":{\"@id\":\"https:\\\/\\\/ubirataonline.com.br\\\/#website\"},\"primaryImageOfPage\":{\"@id\":\"https:\\\/\\\/ubirataonline.com.br\\\/32-restaurant-executives-on-the-move-in-april\\\/#primaryimage\"},\"image\":{\"@id\":\"https:\\\/\\\/ubirataonline.com.br\\\/32-restaurant-executives-on-the-move-in-april\\\/#primaryimage\"},\"thumbnailUrl\":\"https:\\\/\\\/ubirataonline.com.br\\\/wp-content\\\/uploads\\\/2026\\\/05\\\/32-restaurant-executives-on-the-move-in-April.png\",\"datePublished\":\"2026-05-06T19:18:14+00:00\",\"dateModified\":\"2026-05-06T19:18:19+00:00\",\"description\":\"April was a busy month in restaurant company C-suites after a relatively quieter March.\u00a0Three chains named new chief executives: Bagels &amp; Co. promoted\",\"breadcrumb\":{\"@id\":\"https:\\\/\\\/ubirataonline.com.br\\\/32-restaurant-executives-on-the-move-in-april\\\/#breadcrumb\"},\"inLanguage\":\"en-US\",\"potentialAction\":[{\"@type\":\"ReadAction\",\"target\":[\"https:\\\/\\\/ubirataonline.com.br\\\/32-restaurant-executives-on-the-move-in-april\\\/\"]}]},{\"@type\":\"ImageObject\",\"inLanguage\":\"en-US\",\"@id\":\"https:\\\/\\\/ubirataonline.com.br\\\/32-restaurant-executives-on-the-move-in-april\\\/#primaryimage\",\"url\":\"https:\\\/\\\/ubirataonline.com.br\\\/wp-content\\\/uploads\\\/2026\\\/05\\\/32-restaurant-executives-on-the-move-in-April.png\",\"contentUrl\":\"https:\\\/\\\/ubirataonline.com.br\\\/wp-content\\\/uploads\\\/2026\\\/05\\\/32-restaurant-executives-on-the-move-in-April.png\",\"width\":1200,\"height\":630,\"caption\":\"32 restaurant executives on the move in April\"},{\"@type\":\"BreadcrumbList\",\"@id\":\"https:\\\/\\\/ubirataonline.com.br\\\/32-restaurant-executives-on-the-move-in-april\\\/#breadcrumb\",\"itemListElement\":[{\"@type\":\"ListItem\",\"position\":1,\"name\":\"In\u00edcio\",\"item\":\"https:\\\/\\\/ubirataonline.com.br\\\/\"},{\"@type\":\"ListItem\",\"position\":2,\"name\":\"32 restaurant executives on the move in April\"}]},{\"@type\":\"WebSite\",\"@id\":\"https:\\\/\\\/ubirataonline.com.br\\\/#website\",\"url\":\"https:\\\/\\\/ubirataonline.com.br\\\/\",\"name\":\"Ubirat\u00e3 Online Not\u00edcias\",\"description\":\"Not\u00edcias de Ubirat\u00e3, regi\u00e3o, Brasil e mundo, com informa\u00e7\u00e3o atualizada e compromisso com o leitor.\",\"publisher\":{\"@id\":\"https:\\\/\\\/ubirataonline.com.br\\\/#organization\"},\"alternateName\":\"Ubirat\u00e3 Online\",\"potentialAction\":[{\"@type\":\"SearchAction\",\"target\":{\"@type\":\"EntryPoint\",\"urlTemplate\":\"https:\\\/\\\/ubirataonline.com.br\\\/?s={search_term_string}\"},\"query-input\":{\"@type\":\"PropertyValueSpecification\",\"valueRequired\":true,\"valueName\":\"search_term_string\"}}],\"inLanguage\":\"en-US\"},{\"@type\":[\"Organization\",\"Place\"],\"@id\":\"https:\\\/\\\/ubirataonline.com.br\\\/#organization\",\"name\":\"Ubirat\u00e3 Online Not\u00edcias\",\"alternateName\":\"Ubirat\u00e3 Online\",\"url\":\"https:\\\/\\\/ubirataonline.com.br\\\/\",\"logo\":{\"@id\":\"https:\\\/\\\/ubirataonline.com.br\\\/32-restaurant-executives-on-the-move-in-april\\\/#local-main-organization-logo\"},\"image\":{\"@id\":\"https:\\\/\\\/ubirataonline.com.br\\\/32-restaurant-executives-on-the-move-in-april\\\/#local-main-organization-logo\"},\"sameAs\":[\"https:\\\/\\\/www.facebook.com\\\/portalubirataonline\",\"https:\\\/\\\/x.com\\\/ubirataonline\",\"https:\\\/\\\/mastodon.social\\\/@ubirataonline\",\"https:\\\/\\\/www.facebook.com\\\/groups\\\/311144672285604\",\"https:\\\/\\\/www.facebook.com\\\/UBTAOnline\",\"https:\\\/\\\/www.instagram.com\\\/portalubirataonline\\\/\",\"https:\\\/\\\/twitter.com\\\/ubirataonline\"],\"description\":\"Somos um portal de not\u00edcias independente, criado em 5 de janeiro de 2009, com o objetivo de informar, conectar e valorizar a nossa comunidade de Ubirat\u00e3 e toda aregi\u00e3o. Com conte\u00fado atualizado, confi\u00e1vel e relevante, o Ubirat\u00e3 Online \u00e9 o seu espa\u00e7o para ficar por dentro dos principais acontecimentos locais, regionais, Brasil, Mundo e de interesse geral. Nosso compromisso \u00e9 com a verdade, a transpar\u00eancia e o respeito ao leitor.\",\"legalName\":\"UBIRATA ONLINE NOT\u00cdCIAS\",\"foundingDate\":\"2009-01-05\",\"numberOfEmployees\":{\"@type\":\"QuantitativeValue\",\"minValue\":\"1\",\"maxValue\":\"10\"},\"publishingPrinciples\":\"https:\\\/\\\/ubirataonline.com.br\\\/faq\\\/\",\"address\":{\"@id\":\"https:\\\/\\\/ubirataonline.com.br\\\/32-restaurant-executives-on-the-move-in-april\\\/#local-main-place-address\"},\"geo\":{\"@type\":\"GeoCoordinates\",\"latitude\":\"-24.5361401\",\"longitude\":\"-52.9921776\"},\"telephone\":[\"+5544998308235\"],\"contactPoint\":{\"@type\":\"ContactPoint\",\"email\":\"contato@ubirataonline.com.br\"},\"openingHoursSpecification\":{\"@type\":\"OpeningHoursSpecification\",\"dayOfWeek\":[\"Monday\",\"Tuesday\",\"Wednesday\",\"Thursday\",\"Friday\",\"Saturday\",\"Sunday\"],\"opens\":\"00:00\",\"closes\":\"23:59\"},\"email\":\"contato@ubirataonline.com.br\",\"vatID\":\"47.621.418\\\/0001-80\"},{\"@type\":\"Person\",\"@id\":\"https:\\\/\\\/ubirataonline.com.br\\\/#\\\/schema\\\/person\\\/372f87bbd3fdd79b8556b84c98d0bc1c\",\"name\":\"REDA\u00c7\u00c3O: UBIRAT\u00c3 ONLINE - F\u00c1BIO AUGUSTO CELESTINO\",\"pronouns\":\"Ele\",\"description\":\"Desde 2003 trabalhando com not\u00edcias.\",\"sameAs\":[\"http:\\\/\\\/ubirataoline.com.br\",\"https:\\\/\\\/www.facebook.com\\\/portalubirataonline\",\"https:\\\/\\\/www.instagram.com\\\/ubirataonline_oficial\",\"https:\\\/\\\/x.com\\\/x.com\\\/ubirataonline\"],\"honorificPrefix\":\"Mr.\",\"honorificSuffix\":\"MD\",\"birthDate\":\"1980-06-16\",\"gender\":\"masculino\",\"award\":[\"V\u00e1rios pr\u00eamios de melhor portal da cidade\"],\"jobTitle\":\"Diretor\",\"url\":\"https:\\\/\\\/ubirataonline.com.br\\\/en\\\/author\\\/ubirataonline\\\/\"},{\"@type\":\"PostalAddress\",\"@id\":\"https:\\\/\\\/ubirataonline.com.br\\\/32-restaurant-executives-on-the-move-in-april\\\/#local-main-place-address\",\"streetAddress\":\"Rua dos Coqueiros, 104 - Bairro Boa Vista, Rua dos Coqueiros, 104 Bairro Boa Vista\",\"addressLocality\":\"UBIRATA\",\"postalCode\":\"85440-000\",\"addressRegion\":\"PR\",\"addressCountry\":\"BR\"},{\"@type\":\"ImageObject\",\"inLanguage\":\"en-US\",\"@id\":\"https:\\\/\\\/ubirataonline.com.br\\\/32-restaurant-executives-on-the-move-in-april\\\/#local-main-organization-logo\",\"url\":\"https:\\\/\\\/ubirataonline.com.br\\\/wp-content\\\/uploads\\\/2026\\\/06\\\/logoubirataonline-1.webp\",\"contentUrl\":\"https:\\\/\\\/ubirataonline.com.br\\\/wp-content\\\/uploads\\\/2026\\\/06\\\/logoubirataonline-1.webp\",\"width\":500,\"height\":500,\"caption\":\"Ubirat\u00e3 Online Not\u00edcias\"}]}<\/script>\n<meta name=\"geo.placename\" content=\"UBIRATA\" \/>\n<meta name=\"geo.position\" content=\"-24.5361401;-52.9921776\" \/>\n<meta name=\"geo.region\" content=\"Brazil\" \/>\n<!-- \/ Yoast SEO Premium plugin. -->","yoast_head_json":{"title":"32 restaurant executives on the move in April - Ubirat\u00e3 Online Not\u00edcias - A realidade ao seu alcance!","description":"April was a busy month in restaurant company C-suites after a relatively quieter March.\u00a0Three chains named new chief executives: Bagels &amp; Co. promoted","robots":{"index":"index","follow":"follow","max-snippet":"max-snippet:-1","max-image-preview":"max-image-preview:large","max-video-preview":"max-video-preview:-1"},"canonical":"https:\/\/ubirataonline.com.br\/en\/32-restaurant-executives-on-the-move-in-april\/","og_locale":"en_US","og_type":"article","og_title":"32 restaurant executives on the move in April","og_description":"April was a busy month in restaurant company C-suites after a relatively quieter March.\u00a0Three chains named new chief executives: Bagels &amp; Co. promoted","og_url":"https:\/\/ubirataonline.com.br\/en\/32-restaurant-executives-on-the-move-in-april\/","og_site_name":"Ubirat\u00e3 Online Not\u00edcias - A realidade ao seu alcance!","article_publisher":"https:\/\/www.facebook.com\/portalubirataonline","article_author":"https:\/\/www.facebook.com\/portalubirataonline","article_published_time":"2026-05-06T19:18:14+00:00","article_modified_time":"2026-05-06T19:18:19+00:00","og_image":[{"width":1200,"height":630,"url":"https:\/\/ubirataonline.com.br\/wp-content\/uploads\/2026\/05\/32-restaurant-executives-on-the-move-in-April.png","type":"image\/png"}],"author":"REDA\u00c7\u00c3O: UBIRAT\u00c3 ONLINE - F\u00c1BIO AUGUSTO CELESTINO","twitter_card":"summary_large_image","twitter_creator":"@x.com\/ubirataonline","twitter_site":"@ubirataonline","twitter_misc":{"Written by":"REDA\u00c7\u00c3O: UBIRAT\u00c3 ONLINE - F\u00c1BIO AUGUSTO CELESTINO","Est. reading time":"1 minute"},"schema":{"@context":"https:\/\/schema.org","@graph":[{"@type":"NewsArticle","@id":"https:\/\/ubirataonline.com.br\/32-restaurant-executives-on-the-move-in-april\/#article","isPartOf":{"@id":"https:\/\/ubirataonline.com.br\/32-restaurant-executives-on-the-move-in-april\/"},"author":{"name":"REDA\u00c7\u00c3O: UBIRAT\u00c3 ONLINE - F\u00c1BIO AUGUSTO CELESTINO","@id":"https:\/\/ubirataonline.com.br\/#\/schema\/person\/372f87bbd3fdd79b8556b84c98d0bc1c"},"headline":"32 restaurant executives on the move in April","datePublished":"2026-05-06T19:18:14+00:00","dateModified":"2026-05-06T19:18:19+00:00","mainEntityOfPage":{"@id":"https:\/\/ubirataonline.com.br\/32-restaurant-executives-on-the-move-in-april\/"},"wordCount":223,"publisher":{"@id":"https:\/\/ubirataonline.com.br\/#organization"},"image":{"@id":"https:\/\/ubirataonline.com.br\/32-restaurant-executives-on-the-move-in-april\/#primaryimage"},"thumbnailUrl":"https:\/\/ubirataonline.com.br\/wp-content\/uploads\/2026\/05\/32-restaurant-executives-on-the-move-in-April.png","keywords":["April","executives","move","restaurant"],"articleSection":["Ubirat\u00e3"],"inLanguage":"en-US","copyrightYear":"2026","copyrightHolder":{"@id":"https:\/\/ubirataonline.com.br\/en\/#organization"}},{"@type":"WebPage","@id":"https:\/\/ubirataonline.com.br\/32-restaurant-executives-on-the-move-in-april\/","url":"https:\/\/ubirataonline.com.br\/32-restaurant-executives-on-the-move-in-april\/","name":"32 restaurant executives on the move in April - Ubirat\u00e3 Online Not\u00edcias - A realidade ao seu alcance!","isPartOf":{"@id":"https:\/\/ubirataonline.com.br\/#website"},"primaryImageOfPage":{"@id":"https:\/\/ubirataonline.com.br\/32-restaurant-executives-on-the-move-in-april\/#primaryimage"},"image":{"@id":"https:\/\/ubirataonline.com.br\/32-restaurant-executives-on-the-move-in-april\/#primaryimage"},"thumbnailUrl":"https:\/\/ubirataonline.com.br\/wp-content\/uploads\/2026\/05\/32-restaurant-executives-on-the-move-in-April.png","datePublished":"2026-05-06T19:18:14+00:00","dateModified":"2026-05-06T19:18:19+00:00","description":"April was a busy month in restaurant company C-suites after a relatively quieter March.\u00a0Three chains named new chief executives: Bagels &amp; Co. promoted","breadcrumb":{"@id":"https:\/\/ubirataonline.com.br\/32-restaurant-executives-on-the-move-in-april\/#breadcrumb"},"inLanguage":"en-US","potentialAction":[{"@type":"ReadAction","target":["https:\/\/ubirataonline.com.br\/32-restaurant-executives-on-the-move-in-april\/"]}]},{"@type":"ImageObject","inLanguage":"en-US","@id":"https:\/\/ubirataonline.com.br\/32-restaurant-executives-on-the-move-in-april\/#primaryimage","url":"https:\/\/ubirataonline.com.br\/wp-content\/uploads\/2026\/05\/32-restaurant-executives-on-the-move-in-April.png","contentUrl":"https:\/\/ubirataonline.com.br\/wp-content\/uploads\/2026\/05\/32-restaurant-executives-on-the-move-in-April.png","width":1200,"height":630,"caption":"32 restaurant executives on the move in April"},{"@type":"BreadcrumbList","@id":"https:\/\/ubirataonline.com.br\/32-restaurant-executives-on-the-move-in-april\/#breadcrumb","itemListElement":[{"@type":"ListItem","position":1,"name":"In\u00edcio","item":"https:\/\/ubirataonline.com.br\/"},{"@type":"ListItem","position":2,"name":"32 restaurant executives on the move in April"}]},{"@type":"WebSite","@id":"https:\/\/ubirataonline.com.br\/#website","url":"https:\/\/ubirataonline.com.br\/","name":"Ubirat\u00e3 Online Not\u00edcias","description":"Not\u00edcias de Ubirat\u00e3, regi\u00e3o, Brasil e mundo, com informa\u00e7\u00e3o atualizada e compromisso com o leitor.","publisher":{"@id":"https:\/\/ubirataonline.com.br\/#organization"},"alternateName":"Ubirat\u00e3 Online","potentialAction":[{"@type":"SearchAction","target":{"@type":"EntryPoint","urlTemplate":"https:\/\/ubirataonline.com.br\/?s={search_term_string}"},"query-input":{"@type":"PropertyValueSpecification","valueRequired":true,"valueName":"search_term_string"}}],"inLanguage":"en-US"},{"@type":["Organization","Place"],"@id":"https:\/\/ubirataonline.com.br\/#organization","name":"Ubirat\u00e3 Online Not\u00edcias","alternateName":"Ubirat\u00e3 Online","url":"https:\/\/ubirataonline.com.br\/","logo":{"@id":"https:\/\/ubirataonline.com.br\/32-restaurant-executives-on-the-move-in-april\/#local-main-organization-logo"},"image":{"@id":"https:\/\/ubirataonline.com.br\/32-restaurant-executives-on-the-move-in-april\/#local-main-organization-logo"},"sameAs":["https:\/\/www.facebook.com\/portalubirataonline","https:\/\/x.com\/ubirataonline","https:\/\/mastodon.social\/@ubirataonline","https:\/\/www.facebook.com\/groups\/311144672285604","https:\/\/www.facebook.com\/UBTAOnline","https:\/\/www.instagram.com\/portalubirataonline\/","https:\/\/twitter.com\/ubirataonline"],"description":"Somos um portal de not\u00edcias independente, criado em 5 de janeiro de 2009, com o objetivo de informar, conectar e valorizar a nossa comunidade de Ubirat\u00e3 e toda aregi\u00e3o. Com conte\u00fado atualizado, confi\u00e1vel e relevante, o Ubirat\u00e3 Online \u00e9 o seu espa\u00e7o para ficar por dentro dos principais acontecimentos locais, regionais, Brasil, Mundo e de interesse geral. Nosso compromisso \u00e9 com a verdade, a transpar\u00eancia e o respeito ao leitor.","legalName":"UBIRATA ONLINE NOT\u00cdCIAS","foundingDate":"2009-01-05","numberOfEmployees":{"@type":"QuantitativeValue","minValue":"1","maxValue":"10"},"publishingPrinciples":"https:\/\/ubirataonline.com.br\/faq\/","address":{"@id":"https:\/\/ubirataonline.com.br\/32-restaurant-executives-on-the-move-in-april\/#local-main-place-address"},"geo":{"@type":"GeoCoordinates","latitude":"-24.5361401","longitude":"-52.9921776"},"telephone":["+5544998308235"],"contactPoint":{"@type":"ContactPoint","email":"contato@ubirataonline.com.br"},"openingHoursSpecification":{"@type":"OpeningHoursSpecification","dayOfWeek":["Monday","Tuesday","Wednesday","Thursday","Friday","Saturday","Sunday"],"opens":"00:00","closes":"23:59"},"email":"contato@ubirataonline.com.br","vatID":"47.621.418\/0001-80"},{"@type":"Person","@id":"https:\/\/ubirataonline.com.br\/#\/schema\/person\/372f87bbd3fdd79b8556b84c98d0bc1c","name":"REDA\u00c7\u00c3O: UBIRAT\u00c3 ONLINE - F\u00c1BIO AUGUSTO CELESTINO","pronouns":"Ele","description":"Desde 2003 trabalhando com not\u00edcias.","sameAs":["http:\/\/ubirataoline.com.br","https:\/\/www.facebook.com\/portalubirataonline","https:\/\/www.instagram.com\/ubirataonline_oficial","https:\/\/x.com\/x.com\/ubirataonline"],"honorificPrefix":"Mr.","honorificSuffix":"MD","birthDate":"1980-06-16","gender":"masculino","award":["V\u00e1rios pr\u00eamios de melhor portal da cidade"],"jobTitle":"Diretor","url":"https:\/\/ubirataonline.com.br\/en\/author\/ubirataonline\/"},{"@type":"PostalAddress","@id":"https:\/\/ubirataonline.com.br\/32-restaurant-executives-on-the-move-in-april\/#local-main-place-address","streetAddress":"Rua dos Coqueiros, 104 - Bairro Boa Vista, Rua dos Coqueiros, 104 Bairro Boa Vista","addressLocality":"UBIRATA","postalCode":"85440-000","addressRegion":"PR","addressCountry":"BR"},{"@type":"ImageObject","inLanguage":"en-US","@id":"https:\/\/ubirataonline.com.br\/32-restaurant-executives-on-the-move-in-april\/#local-main-organization-logo","url":"https:\/\/ubirataonline.com.br\/wp-content\/uploads\/2026\/06\/logoubirataonline-1.webp","contentUrl":"https:\/\/ubirataonline.com.br\/wp-content\/uploads\/2026\/06\/logoubirataonline-1.webp","width":500,"height":500,"caption":"Ubirat\u00e3 Online Not\u00edcias"}]},"geo.placename":"UBIRATA","geo.position":{"lat":"-24.5361401","long":"-52.9921776"},"geo.region":"Brazil"},"_links":{"self":[{"href":"https:\/\/ubirataonline.com.br\/en\/wp-json\/wp\/v2\/posts\/122625","targetHints":{"allow":["GET"]}}],"collection":[{"href":"https:\/\/ubirataonline.com.br\/en\/wp-json\/wp\/v2\/posts"}],"about":[{"href":"https:\/\/ubirataonline.com.br\/en\/wp-json\/wp\/v2\/types\/post"}],"author":[{"embeddable":true,"href":"https:\/\/ubirataonline.com.br\/en\/wp-json\/wp\/v2\/users\/1"}],"replies":[{"embeddable":true,"href":"https:\/\/ubirataonline.com.br\/en\/wp-json\/wp\/v2\/comments?post=122625"}],"version-history":[{"count":0,"href":"https:\/\/ubirataonline.com.br\/en\/wp-json\/wp\/v2\/posts\/122625\/revisions"}],"wp:featuredmedia":[{"embeddable":true,"href":"https:\/\/ubirataonline.com.br\/en\/wp-json\/wp\/v2\/media\/122626"}],"wp:attachment":[{"href":"https:\/\/ubirataonline.com.br\/en\/wp-json\/wp\/v2\/media?parent=122625"}],"wp:term":[{"taxonomy":"category","embeddable":true,"href":"https:\/\/ubirataonline.com.br\/en\/wp-json\/wp\/v2\/categories?post=122625"},{"taxonomy":"post_tag","embeddable":true,"href":"https:\/\/ubirataonline.com.br\/en\/wp-json\/wp\/v2\/tags?post=122625"}],"curies":[{"name":"wp","href":"https:\/\/api.w.org\/{rel}","templated":true}]}}