{"id":122729,"date":"2026-05-06T18:34:12","date_gmt":"2026-05-06T21:34:12","guid":{"rendered":"https:\/\/ubirataonline.com.br\/matthew-boyd-to-undergo-meniscus-surgery\/"},"modified":"2026-05-06T18:34:15","modified_gmt":"2026-05-06T21:34:15","slug":"matthew-boyd-to-undergo-meniscus-surgery","status":"publish","type":"post","link":"https:\/\/ubirataonline.com.br\/en\/matthew-boyd-to-undergo-meniscus-surgery\/","title":{"rendered":"Matthew Boyd To Undergo Meniscus Surgery"},"content":{"rendered":"<p><\/p>\n<div id=\"content\">\n<div class=\"page-content\">\n<p class=\"byline\">\n  By <a href=\"https:\/\/www.mlbtraderumors.com\/author\/darragh\" title=\"Posts by Darragh McDonald\" rel=\"author\">Darragh McDonald<\/a> |<br \/>\n  at May 6, 2026 4:25pm CDT  <\/p>\n<div class=\"entry-content\">\n<p>Cubs left-hander <strong><a href=\"https:\/\/www.baseball-reference.com\/search\/search.fcgi?pid=boydma01,boyd--002mat&amp;search=Matthew+Boyd&amp;utm_medium=linker&amp;utm_source=www.mlbtraderumors.com&amp;utm_campaign=2026-05-06_br\" target=\"_blank\" rel=\"nofollow noopener\">Matthew Boyd<\/a><\/strong> is going to undergo surgery to address an injury to the meniscus in his left knee. His current timetable is unknown. Manager <strong><a href=\"https:\/\/www.baseball-reference.com\/players\/c\/counscr01.shtml?utm_medium=linker&amp;utm_source=www.mlbtraderumors.com&amp;utm_campaign=2026-05-06_br\" target=\"_blank\" rel=\"nofollow noopener\">Craig Counsell<\/a><\/strong> provided the update to reporters, including <a target=\"_blank\" href=\"https:\/\/x.com\/JesseRogersESPN\/status\/2052135010178597221?s=20\">Jesse Rogers of ESPN<\/a>. Right-hander Trent Thornton will be selected to the roster when Boyd hits the injured list, per <a target=\"_blank\" href=\"https:\/\/bsky.app\/profile\/bastianmlb.bsky.social\/post\/3ml7nbtsaqc2q\">Jordan Bastian of MLB.com<\/a>. The Cubs will need to open a 40-man spot for Thornton.<\/p>\n<p><em>More to come.<\/em><\/p>\n<\/p><\/div>\n<\/p><\/div>\n<\/div>\n<p><a href=\"https:\/\/www.mlbtraderumors.com\/2026\/05\/matthew-boyd-to-undergo-meniscus-surgery.html\">Source link <\/a><\/p>","protected":false},"excerpt":{"rendered":"<p>By Darragh McDonald | at May 6, 2026 4:25pm CDT Cubs left-hander Matthew Boyd is going to undergo surgery to address an injury to the meniscus in his left knee. His current timetable is unknown. Manager Craig Counsell provided the update to reporters, including Jesse Rogers of ESPN. Right-hander Trent Thornton will be selected to [&hellip;]<\/p>\n","protected":false},"author":1,"featured_media":122730,"comment_status":"closed","ping_status":"","sticky":false,"template":"","format":"standard","meta":{"googlesitekit_rrm_CAow2JLhCw:productID":"","_gspb_post_css":"","maa_idioma":"","maa_pais":"","footnotes":""},"categories":[1],"tags":[30102,13131,29368,7653,25459],"class_list":["post-122729","post","type-post","status-publish","format-standard","has-post-thumbnail","hentry","category-ubirata","tag-boyd","tag-matthew","tag-meniscus","tag-surgery","tag-undergo"],"blocksy_meta":[],"yoast_head":"<!-- This site is optimized with the Yoast SEO Premium plugin v27.6 (Yoast SEO v27.6) - https:\/\/yoast.com\/product\/yoast-seo-premium-wordpress\/ -->\n<title>Matthew Boyd To Undergo Meniscus Surgery - Ubirat\u00e3 Online Not\u00edcias - A realidade ao seu alcance!<\/title>\n<meta name=\"description\" content=\"By Darragh McDonald | at May 6, 2026 4:25pm CDT Cubs left-hander Matthew Boyd is going to undergo surgery to address an injury to the meniscus in his left\" \/>\n<meta name=\"robots\" content=\"index, follow, max-snippet:-1, max-image-preview:large, max-video-preview:-1\" \/>\n<link rel=\"canonical\" href=\"https:\/\/ubirataonline.com.br\/en\/matthew-boyd-to-undergo-meniscus-surgery\/\" \/>\n<meta property=\"og:locale\" content=\"en_US\" \/>\n<meta property=\"og:type\" content=\"article\" \/>\n<meta property=\"og:title\" content=\"Matthew Boyd To Undergo Meniscus Surgery\" \/>\n<meta property=\"og:description\" content=\"By Darragh McDonald | at May 6, 2026 4:25pm CDT Cubs left-hander Matthew Boyd is going to undergo surgery to address an injury to the meniscus in his left\" \/>\n<meta property=\"og:url\" content=\"https:\/\/ubirataonline.com.br\/en\/matthew-boyd-to-undergo-meniscus-surgery\/\" \/>\n<meta property=\"og:site_name\" content=\"Ubirat\u00e3 Online Not\u00edcias - A realidade ao seu alcance!\" \/>\n<meta property=\"article:publisher\" content=\"https:\/\/www.facebook.com\/portalubirataonline\" \/>\n<meta property=\"article:author\" content=\"https:\/\/www.facebook.com\/portalubirataonline\" \/>\n<meta property=\"article:published_time\" content=\"2026-05-06T21:34:12+00:00\" \/>\n<meta property=\"article:modified_time\" content=\"2026-05-06T21:34:15+00:00\" \/>\n<meta property=\"og:image\" content=\"https:\/\/ubirataonline.com.br\/wp-content\/uploads\/2026\/05\/Matthew-Boyd-To-Undergo-Meniscus-Surgery.jpg\" \/>\n\t<meta property=\"og:image:width\" content=\"1024\" \/>\n\t<meta property=\"og:image:height\" content=\"683\" \/>\n\t<meta property=\"og:image:type\" content=\"image\/jpeg\" \/>\n<meta name=\"author\" content=\"REDA\u00c7\u00c3O: UBIRAT\u00c3 ONLINE - F\u00c1BIO AUGUSTO CELESTINO\" \/>\n<meta name=\"twitter:card\" content=\"summary_large_image\" \/>\n<meta name=\"twitter:creator\" content=\"@x.com\/ubirataonline\" \/>\n<meta name=\"twitter:site\" content=\"@ubirataonline\" \/>\n<meta name=\"twitter:label1\" content=\"Written by\" \/>\n\t<meta name=\"twitter:data1\" content=\"REDA\u00c7\u00c3O: UBIRAT\u00c3 ONLINE - F\u00c1BIO AUGUSTO CELESTINO\" \/>\n<script type=\"application\/ld+json\" class=\"yoast-schema-graph\">{\"@context\":\"https:\\\/\\\/schema.org\",\"@graph\":[{\"@type\":\"NewsArticle\",\"@id\":\"https:\\\/\\\/ubirataonline.com.br\\\/matthew-boyd-to-undergo-meniscus-surgery\\\/#article\",\"isPartOf\":{\"@id\":\"https:\\\/\\\/ubirataonline.com.br\\\/matthew-boyd-to-undergo-meniscus-surgery\\\/\"},\"author\":{\"name\":\"REDA\u00c7\u00c3O: UBIRAT\u00c3 ONLINE - F\u00c1BIO AUGUSTO CELESTINO\",\"@id\":\"https:\\\/\\\/ubirataonline.com.br\\\/#\\\/schema\\\/person\\\/372f87bbd3fdd79b8556b84c98d0bc1c\"},\"headline\":\"Matthew Boyd To Undergo Meniscus Surgery\",\"datePublished\":\"2026-05-06T21:34:12+00:00\",\"dateModified\":\"2026-05-06T21:34:15+00:00\",\"mainEntityOfPage\":{\"@id\":\"https:\\\/\\\/ubirataonline.com.br\\\/matthew-boyd-to-undergo-meniscus-surgery\\\/\"},\"wordCount\":88,\"publisher\":{\"@id\":\"https:\\\/\\\/ubirataonline.com.br\\\/#organization\"},\"image\":{\"@id\":\"https:\\\/\\\/ubirataonline.com.br\\\/matthew-boyd-to-undergo-meniscus-surgery\\\/#primaryimage\"},\"thumbnailUrl\":\"https:\\\/\\\/ubirataonline.com.br\\\/wp-content\\\/uploads\\\/2026\\\/05\\\/Matthew-Boyd-To-Undergo-Meniscus-Surgery.jpg\",\"keywords\":[\"Boyd\",\"Matthew\",\"meniscus\",\"surgery\",\"Undergo\"],\"articleSection\":[\"Ubirat\u00e3\"],\"inLanguage\":\"en-US\",\"copyrightYear\":\"2026\",\"copyrightHolder\":{\"@id\":\"https:\\\/\\\/ubirataonline.com.br\\\/en\\\/#organization\"}},{\"@type\":\"WebPage\",\"@id\":\"https:\\\/\\\/ubirataonline.com.br\\\/matthew-boyd-to-undergo-meniscus-surgery\\\/\",\"url\":\"https:\\\/\\\/ubirataonline.com.br\\\/matthew-boyd-to-undergo-meniscus-surgery\\\/\",\"name\":\"Matthew Boyd To Undergo Meniscus Surgery - Ubirat\u00e3 Online Not\u00edcias - A realidade ao seu alcance!\",\"isPartOf\":{\"@id\":\"https:\\\/\\\/ubirataonline.com.br\\\/#website\"},\"primaryImageOfPage\":{\"@id\":\"https:\\\/\\\/ubirataonline.com.br\\\/matthew-boyd-to-undergo-meniscus-surgery\\\/#primaryimage\"},\"image\":{\"@id\":\"https:\\\/\\\/ubirataonline.com.br\\\/matthew-boyd-to-undergo-meniscus-surgery\\\/#primaryimage\"},\"thumbnailUrl\":\"https:\\\/\\\/ubirataonline.com.br\\\/wp-content\\\/uploads\\\/2026\\\/05\\\/Matthew-Boyd-To-Undergo-Meniscus-Surgery.jpg\",\"datePublished\":\"2026-05-06T21:34:12+00:00\",\"dateModified\":\"2026-05-06T21:34:15+00:00\",\"description\":\"By Darragh McDonald | at May 6, 2026 4:25pm CDT Cubs left-hander Matthew Boyd is going to undergo surgery to address an injury to the meniscus in his left\",\"breadcrumb\":{\"@id\":\"https:\\\/\\\/ubirataonline.com.br\\\/matthew-boyd-to-undergo-meniscus-surgery\\\/#breadcrumb\"},\"inLanguage\":\"en-US\",\"potentialAction\":[{\"@type\":\"ReadAction\",\"target\":[\"https:\\\/\\\/ubirataonline.com.br\\\/matthew-boyd-to-undergo-meniscus-surgery\\\/\"]}]},{\"@type\":\"ImageObject\",\"inLanguage\":\"en-US\",\"@id\":\"https:\\\/\\\/ubirataonline.com.br\\\/matthew-boyd-to-undergo-meniscus-surgery\\\/#primaryimage\",\"url\":\"https:\\\/\\\/ubirataonline.com.br\\\/wp-content\\\/uploads\\\/2026\\\/05\\\/Matthew-Boyd-To-Undergo-Meniscus-Surgery.jpg\",\"contentUrl\":\"https:\\\/\\\/ubirataonline.com.br\\\/wp-content\\\/uploads\\\/2026\\\/05\\\/Matthew-Boyd-To-Undergo-Meniscus-Surgery.jpg\",\"width\":1024,\"height\":683,\"caption\":\"Matthew Boyd To Undergo Meniscus Surgery\"},{\"@type\":\"BreadcrumbList\",\"@id\":\"https:\\\/\\\/ubirataonline.com.br\\\/matthew-boyd-to-undergo-meniscus-surgery\\\/#breadcrumb\",\"itemListElement\":[{\"@type\":\"ListItem\",\"position\":1,\"name\":\"In\u00edcio\",\"item\":\"https:\\\/\\\/ubirataonline.com.br\\\/\"},{\"@type\":\"ListItem\",\"position\":2,\"name\":\"Matthew Boyd To Undergo Meniscus Surgery\"}]},{\"@type\":\"WebSite\",\"@id\":\"https:\\\/\\\/ubirataonline.com.br\\\/#website\",\"url\":\"https:\\\/\\\/ubirataonline.com.br\\\/\",\"name\":\"Ubirat\u00e3 Online Not\u00edcias\",\"description\":\"Not\u00edcias de Ubirat\u00e3, regi\u00e3o, Brasil e mundo, com informa\u00e7\u00e3o atualizada e compromisso com o leitor.\",\"publisher\":{\"@id\":\"https:\\\/\\\/ubirataonline.com.br\\\/#organization\"},\"alternateName\":\"Ubirat\u00e3 Online\",\"potentialAction\":[{\"@type\":\"SearchAction\",\"target\":{\"@type\":\"EntryPoint\",\"urlTemplate\":\"https:\\\/\\\/ubirataonline.com.br\\\/?s={search_term_string}\"},\"query-input\":{\"@type\":\"PropertyValueSpecification\",\"valueRequired\":true,\"valueName\":\"search_term_string\"}}],\"inLanguage\":\"en-US\"},{\"@type\":[\"Organization\",\"Place\"],\"@id\":\"https:\\\/\\\/ubirataonline.com.br\\\/#organization\",\"name\":\"Ubirat\u00e3 Online Not\u00edcias\",\"alternateName\":\"Ubirat\u00e3 Online\",\"url\":\"https:\\\/\\\/ubirataonline.com.br\\\/\",\"logo\":{\"@id\":\"https:\\\/\\\/ubirataonline.com.br\\\/matthew-boyd-to-undergo-meniscus-surgery\\\/#local-main-organization-logo\"},\"image\":{\"@id\":\"https:\\\/\\\/ubirataonline.com.br\\\/matthew-boyd-to-undergo-meniscus-surgery\\\/#local-main-organization-logo\"},\"sameAs\":[\"https:\\\/\\\/www.facebook.com\\\/portalubirataonline\",\"https:\\\/\\\/x.com\\\/ubirataonline\",\"https:\\\/\\\/mastodon.social\\\/@ubirataonline\",\"https:\\\/\\\/www.facebook.com\\\/groups\\\/311144672285604\",\"https:\\\/\\\/www.facebook.com\\\/UBTAOnline\",\"https:\\\/\\\/www.instagram.com\\\/portalubirataonline\\\/\",\"https:\\\/\\\/twitter.com\\\/ubirataonline\"],\"description\":\"Somos um portal de not\u00edcias independente, criado em 5 de janeiro de 2009, com o objetivo de informar, conectar e valorizar a nossa comunidade de Ubirat\u00e3 e toda aregi\u00e3o. Com conte\u00fado atualizado, confi\u00e1vel e relevante, o Ubirat\u00e3 Online \u00e9 o seu espa\u00e7o para ficar por dentro dos principais acontecimentos locais, regionais, Brasil, Mundo e de interesse geral. Nosso compromisso \u00e9 com a verdade, a transpar\u00eancia e o respeito ao leitor.\",\"legalName\":\"UBIRATA ONLINE NOT\u00cdCIAS\",\"foundingDate\":\"2009-01-05\",\"numberOfEmployees\":{\"@type\":\"QuantitativeValue\",\"minValue\":\"1\",\"maxValue\":\"10\"},\"publishingPrinciples\":\"https:\\\/\\\/ubirataonline.com.br\\\/faq\\\/\",\"address\":{\"@id\":\"https:\\\/\\\/ubirataonline.com.br\\\/matthew-boyd-to-undergo-meniscus-surgery\\\/#local-main-place-address\"},\"geo\":{\"@type\":\"GeoCoordinates\",\"latitude\":\"-24.5361401\",\"longitude\":\"-52.9921776\"},\"telephone\":[\"+5544998308235\"],\"contactPoint\":{\"@type\":\"ContactPoint\",\"email\":\"contato@ubirataonline.com.br\"},\"openingHoursSpecification\":{\"@type\":\"OpeningHoursSpecification\",\"dayOfWeek\":[\"Monday\",\"Tuesday\",\"Wednesday\",\"Thursday\",\"Friday\",\"Saturday\",\"Sunday\"],\"opens\":\"00:00\",\"closes\":\"23:59\"},\"email\":\"contato@ubirataonline.com.br\",\"vatID\":\"47.621.418\\\/0001-80\"},{\"@type\":\"Person\",\"@id\":\"https:\\\/\\\/ubirataonline.com.br\\\/#\\\/schema\\\/person\\\/372f87bbd3fdd79b8556b84c98d0bc1c\",\"name\":\"REDA\u00c7\u00c3O: UBIRAT\u00c3 ONLINE - F\u00c1BIO AUGUSTO CELESTINO\",\"pronouns\":\"Ele\",\"description\":\"Desde 2003 trabalhando com not\u00edcias.\",\"sameAs\":[\"http:\\\/\\\/ubirataoline.com.br\",\"https:\\\/\\\/www.facebook.com\\\/portalubirataonline\",\"https:\\\/\\\/www.instagram.com\\\/ubirataonline_oficial\",\"https:\\\/\\\/x.com\\\/x.com\\\/ubirataonline\"],\"honorificPrefix\":\"Mr.\",\"honorificSuffix\":\"MD\",\"birthDate\":\"1980-06-16\",\"gender\":\"masculino\",\"award\":[\"V\u00e1rios pr\u00eamios de melhor portal da cidade\"],\"jobTitle\":\"Diretor\",\"url\":\"https:\\\/\\\/ubirataonline.com.br\\\/en\\\/author\\\/ubirataonline\\\/\"},{\"@type\":\"PostalAddress\",\"@id\":\"https:\\\/\\\/ubirataonline.com.br\\\/matthew-boyd-to-undergo-meniscus-surgery\\\/#local-main-place-address\",\"streetAddress\":\"Rua dos Coqueiros, 104 - Bairro Boa Vista, Rua dos Coqueiros, 104 Bairro Boa Vista\",\"addressLocality\":\"UBIRATA\",\"postalCode\":\"85440-000\",\"addressRegion\":\"PR\",\"addressCountry\":\"BR\"},{\"@type\":\"ImageObject\",\"inLanguage\":\"en-US\",\"@id\":\"https:\\\/\\\/ubirataonline.com.br\\\/matthew-boyd-to-undergo-meniscus-surgery\\\/#local-main-organization-logo\",\"url\":\"https:\\\/\\\/ubirataonline.com.br\\\/wp-content\\\/uploads\\\/2026\\\/06\\\/logoubirataonline-1.webp\",\"contentUrl\":\"https:\\\/\\\/ubirataonline.com.br\\\/wp-content\\\/uploads\\\/2026\\\/06\\\/logoubirataonline-1.webp\",\"width\":500,\"height\":500,\"caption\":\"Ubirat\u00e3 Online Not\u00edcias\"}]}<\/script>\n<meta name=\"geo.placename\" content=\"UBIRATA\" \/>\n<meta name=\"geo.position\" content=\"-24.5361401;-52.9921776\" \/>\n<meta name=\"geo.region\" content=\"Brazil\" \/>\n<!-- \/ Yoast SEO Premium plugin. -->","yoast_head_json":{"title":"Matthew Boyd To Undergo Meniscus Surgery - Ubirat\u00e3 Online Not\u00edcias - A realidade ao seu alcance!","description":"By Darragh McDonald | at May 6, 2026 4:25pm CDT Cubs left-hander Matthew Boyd is going to undergo surgery to address an injury to the meniscus in his left","robots":{"index":"index","follow":"follow","max-snippet":"max-snippet:-1","max-image-preview":"max-image-preview:large","max-video-preview":"max-video-preview:-1"},"canonical":"https:\/\/ubirataonline.com.br\/en\/matthew-boyd-to-undergo-meniscus-surgery\/","og_locale":"en_US","og_type":"article","og_title":"Matthew Boyd To Undergo Meniscus Surgery","og_description":"By Darragh McDonald | at May 6, 2026 4:25pm CDT Cubs left-hander Matthew Boyd is going to undergo surgery to address an injury to the meniscus in his left","og_url":"https:\/\/ubirataonline.com.br\/en\/matthew-boyd-to-undergo-meniscus-surgery\/","og_site_name":"Ubirat\u00e3 Online Not\u00edcias - A realidade ao seu alcance!","article_publisher":"https:\/\/www.facebook.com\/portalubirataonline","article_author":"https:\/\/www.facebook.com\/portalubirataonline","article_published_time":"2026-05-06T21:34:12+00:00","article_modified_time":"2026-05-06T21:34:15+00:00","og_image":[{"width":1024,"height":683,"url":"https:\/\/ubirataonline.com.br\/wp-content\/uploads\/2026\/05\/Matthew-Boyd-To-Undergo-Meniscus-Surgery.jpg","type":"image\/jpeg"}],"author":"REDA\u00c7\u00c3O: UBIRAT\u00c3 ONLINE - F\u00c1BIO AUGUSTO CELESTINO","twitter_card":"summary_large_image","twitter_creator":"@x.com\/ubirataonline","twitter_site":"@ubirataonline","twitter_misc":{"Written by":"REDA\u00c7\u00c3O: UBIRAT\u00c3 ONLINE - F\u00c1BIO AUGUSTO CELESTINO"},"schema":{"@context":"https:\/\/schema.org","@graph":[{"@type":"NewsArticle","@id":"https:\/\/ubirataonline.com.br\/matthew-boyd-to-undergo-meniscus-surgery\/#article","isPartOf":{"@id":"https:\/\/ubirataonline.com.br\/matthew-boyd-to-undergo-meniscus-surgery\/"},"author":{"name":"REDA\u00c7\u00c3O: UBIRAT\u00c3 ONLINE - F\u00c1BIO AUGUSTO CELESTINO","@id":"https:\/\/ubirataonline.com.br\/#\/schema\/person\/372f87bbd3fdd79b8556b84c98d0bc1c"},"headline":"Matthew Boyd To Undergo Meniscus Surgery","datePublished":"2026-05-06T21:34:12+00:00","dateModified":"2026-05-06T21:34:15+00:00","mainEntityOfPage":{"@id":"https:\/\/ubirataonline.com.br\/matthew-boyd-to-undergo-meniscus-surgery\/"},"wordCount":88,"publisher":{"@id":"https:\/\/ubirataonline.com.br\/#organization"},"image":{"@id":"https:\/\/ubirataonline.com.br\/matthew-boyd-to-undergo-meniscus-surgery\/#primaryimage"},"thumbnailUrl":"https:\/\/ubirataonline.com.br\/wp-content\/uploads\/2026\/05\/Matthew-Boyd-To-Undergo-Meniscus-Surgery.jpg","keywords":["Boyd","Matthew","meniscus","surgery","Undergo"],"articleSection":["Ubirat\u00e3"],"inLanguage":"en-US","copyrightYear":"2026","copyrightHolder":{"@id":"https:\/\/ubirataonline.com.br\/en\/#organization"}},{"@type":"WebPage","@id":"https:\/\/ubirataonline.com.br\/matthew-boyd-to-undergo-meniscus-surgery\/","url":"https:\/\/ubirataonline.com.br\/matthew-boyd-to-undergo-meniscus-surgery\/","name":"Matthew Boyd To Undergo Meniscus Surgery - Ubirat\u00e3 Online Not\u00edcias - A realidade ao seu alcance!","isPartOf":{"@id":"https:\/\/ubirataonline.com.br\/#website"},"primaryImageOfPage":{"@id":"https:\/\/ubirataonline.com.br\/matthew-boyd-to-undergo-meniscus-surgery\/#primaryimage"},"image":{"@id":"https:\/\/ubirataonline.com.br\/matthew-boyd-to-undergo-meniscus-surgery\/#primaryimage"},"thumbnailUrl":"https:\/\/ubirataonline.com.br\/wp-content\/uploads\/2026\/05\/Matthew-Boyd-To-Undergo-Meniscus-Surgery.jpg","datePublished":"2026-05-06T21:34:12+00:00","dateModified":"2026-05-06T21:34:15+00:00","description":"By Darragh McDonald | at May 6, 2026 4:25pm CDT Cubs left-hander Matthew Boyd is going to undergo surgery to address an injury to the meniscus in his left","breadcrumb":{"@id":"https:\/\/ubirataonline.com.br\/matthew-boyd-to-undergo-meniscus-surgery\/#breadcrumb"},"inLanguage":"en-US","potentialAction":[{"@type":"ReadAction","target":["https:\/\/ubirataonline.com.br\/matthew-boyd-to-undergo-meniscus-surgery\/"]}]},{"@type":"ImageObject","inLanguage":"en-US","@id":"https:\/\/ubirataonline.com.br\/matthew-boyd-to-undergo-meniscus-surgery\/#primaryimage","url":"https:\/\/ubirataonline.com.br\/wp-content\/uploads\/2026\/05\/Matthew-Boyd-To-Undergo-Meniscus-Surgery.jpg","contentUrl":"https:\/\/ubirataonline.com.br\/wp-content\/uploads\/2026\/05\/Matthew-Boyd-To-Undergo-Meniscus-Surgery.jpg","width":1024,"height":683,"caption":"Matthew Boyd To Undergo Meniscus Surgery"},{"@type":"BreadcrumbList","@id":"https:\/\/ubirataonline.com.br\/matthew-boyd-to-undergo-meniscus-surgery\/#breadcrumb","itemListElement":[{"@type":"ListItem","position":1,"name":"In\u00edcio","item":"https:\/\/ubirataonline.com.br\/"},{"@type":"ListItem","position":2,"name":"Matthew Boyd To Undergo Meniscus Surgery"}]},{"@type":"WebSite","@id":"https:\/\/ubirataonline.com.br\/#website","url":"https:\/\/ubirataonline.com.br\/","name":"Ubirat\u00e3 Online Not\u00edcias","description":"Not\u00edcias de Ubirat\u00e3, regi\u00e3o, Brasil e mundo, com informa\u00e7\u00e3o atualizada e compromisso com o leitor.","publisher":{"@id":"https:\/\/ubirataonline.com.br\/#organization"},"alternateName":"Ubirat\u00e3 Online","potentialAction":[{"@type":"SearchAction","target":{"@type":"EntryPoint","urlTemplate":"https:\/\/ubirataonline.com.br\/?s={search_term_string}"},"query-input":{"@type":"PropertyValueSpecification","valueRequired":true,"valueName":"search_term_string"}}],"inLanguage":"en-US"},{"@type":["Organization","Place"],"@id":"https:\/\/ubirataonline.com.br\/#organization","name":"Ubirat\u00e3 Online Not\u00edcias","alternateName":"Ubirat\u00e3 Online","url":"https:\/\/ubirataonline.com.br\/","logo":{"@id":"https:\/\/ubirataonline.com.br\/matthew-boyd-to-undergo-meniscus-surgery\/#local-main-organization-logo"},"image":{"@id":"https:\/\/ubirataonline.com.br\/matthew-boyd-to-undergo-meniscus-surgery\/#local-main-organization-logo"},"sameAs":["https:\/\/www.facebook.com\/portalubirataonline","https:\/\/x.com\/ubirataonline","https:\/\/mastodon.social\/@ubirataonline","https:\/\/www.facebook.com\/groups\/311144672285604","https:\/\/www.facebook.com\/UBTAOnline","https:\/\/www.instagram.com\/portalubirataonline\/","https:\/\/twitter.com\/ubirataonline"],"description":"Somos um portal de not\u00edcias independente, criado em 5 de janeiro de 2009, com o objetivo de informar, conectar e valorizar a nossa comunidade de Ubirat\u00e3 e toda aregi\u00e3o. Com conte\u00fado atualizado, confi\u00e1vel e relevante, o Ubirat\u00e3 Online \u00e9 o seu espa\u00e7o para ficar por dentro dos principais acontecimentos locais, regionais, Brasil, Mundo e de interesse geral. Nosso compromisso \u00e9 com a verdade, a transpar\u00eancia e o respeito ao leitor.","legalName":"UBIRATA ONLINE NOT\u00cdCIAS","foundingDate":"2009-01-05","numberOfEmployees":{"@type":"QuantitativeValue","minValue":"1","maxValue":"10"},"publishingPrinciples":"https:\/\/ubirataonline.com.br\/faq\/","address":{"@id":"https:\/\/ubirataonline.com.br\/matthew-boyd-to-undergo-meniscus-surgery\/#local-main-place-address"},"geo":{"@type":"GeoCoordinates","latitude":"-24.5361401","longitude":"-52.9921776"},"telephone":["+5544998308235"],"contactPoint":{"@type":"ContactPoint","email":"contato@ubirataonline.com.br"},"openingHoursSpecification":{"@type":"OpeningHoursSpecification","dayOfWeek":["Monday","Tuesday","Wednesday","Thursday","Friday","Saturday","Sunday"],"opens":"00:00","closes":"23:59"},"email":"contato@ubirataonline.com.br","vatID":"47.621.418\/0001-80"},{"@type":"Person","@id":"https:\/\/ubirataonline.com.br\/#\/schema\/person\/372f87bbd3fdd79b8556b84c98d0bc1c","name":"REDA\u00c7\u00c3O: UBIRAT\u00c3 ONLINE - F\u00c1BIO AUGUSTO CELESTINO","pronouns":"Ele","description":"Desde 2003 trabalhando com not\u00edcias.","sameAs":["http:\/\/ubirataoline.com.br","https:\/\/www.facebook.com\/portalubirataonline","https:\/\/www.instagram.com\/ubirataonline_oficial","https:\/\/x.com\/x.com\/ubirataonline"],"honorificPrefix":"Mr.","honorificSuffix":"MD","birthDate":"1980-06-16","gender":"masculino","award":["V\u00e1rios pr\u00eamios de melhor portal da cidade"],"jobTitle":"Diretor","url":"https:\/\/ubirataonline.com.br\/en\/author\/ubirataonline\/"},{"@type":"PostalAddress","@id":"https:\/\/ubirataonline.com.br\/matthew-boyd-to-undergo-meniscus-surgery\/#local-main-place-address","streetAddress":"Rua dos Coqueiros, 104 - Bairro Boa Vista, Rua dos Coqueiros, 104 Bairro Boa Vista","addressLocality":"UBIRATA","postalCode":"85440-000","addressRegion":"PR","addressCountry":"BR"},{"@type":"ImageObject","inLanguage":"en-US","@id":"https:\/\/ubirataonline.com.br\/matthew-boyd-to-undergo-meniscus-surgery\/#local-main-organization-logo","url":"https:\/\/ubirataonline.com.br\/wp-content\/uploads\/2026\/06\/logoubirataonline-1.webp","contentUrl":"https:\/\/ubirataonline.com.br\/wp-content\/uploads\/2026\/06\/logoubirataonline-1.webp","width":500,"height":500,"caption":"Ubirat\u00e3 Online Not\u00edcias"}]},"geo.placename":"UBIRATA","geo.position":{"lat":"-24.5361401","long":"-52.9921776"},"geo.region":"Brazil"},"_links":{"self":[{"href":"https:\/\/ubirataonline.com.br\/en\/wp-json\/wp\/v2\/posts\/122729","targetHints":{"allow":["GET"]}}],"collection":[{"href":"https:\/\/ubirataonline.com.br\/en\/wp-json\/wp\/v2\/posts"}],"about":[{"href":"https:\/\/ubirataonline.com.br\/en\/wp-json\/wp\/v2\/types\/post"}],"author":[{"embeddable":true,"href":"https:\/\/ubirataonline.com.br\/en\/wp-json\/wp\/v2\/users\/1"}],"replies":[{"embeddable":true,"href":"https:\/\/ubirataonline.com.br\/en\/wp-json\/wp\/v2\/comments?post=122729"}],"version-history":[{"count":0,"href":"https:\/\/ubirataonline.com.br\/en\/wp-json\/wp\/v2\/posts\/122729\/revisions"}],"wp:featuredmedia":[{"embeddable":true,"href":"https:\/\/ubirataonline.com.br\/en\/wp-json\/wp\/v2\/media\/122730"}],"wp:attachment":[{"href":"https:\/\/ubirataonline.com.br\/en\/wp-json\/wp\/v2\/media?parent=122729"}],"wp:term":[{"taxonomy":"category","embeddable":true,"href":"https:\/\/ubirataonline.com.br\/en\/wp-json\/wp\/v2\/categories?post=122729"},{"taxonomy":"post_tag","embeddable":true,"href":"https:\/\/ubirataonline.com.br\/en\/wp-json\/wp\/v2\/tags?post=122729"}],"curies":[{"name":"wp","href":"https:\/\/api.w.org\/{rel}","templated":true}]}}