{"id":122738,"date":"2026-05-06T18:47:12","date_gmt":"2026-05-06T21:47:12","guid":{"rendered":"https:\/\/ubirataonline.com.br\/se-define-la-gran-final-de-la-champions-league-arsenal-vs-psg\/"},"modified":"2026-05-06T18:47:15","modified_gmt":"2026-05-06T21:47:15","slug":"se-define-la-gran-final-de-la-champions-league-arsenal-vs-psg","status":"publish","type":"post","link":"https:\/\/ubirataonline.com.br\/en\/se-define-la-gran-final-de-la-champions-league-arsenal-vs-psg\/","title":{"rendered":"Se define la gran final de la Champions League: Arsenal vs PSG"},"content":{"rendered":"<p><br \/>\n<\/p>\n<div>\n<p id=\"anchor-6b3390\" class=\"body-graf\">\u00a1Todo listo! La <strong>final de la UEFA Champions League<\/strong> <strong>2025-2026<\/strong> ser\u00e1 protagonizada por el <strong>Arsenal y el PSG <\/strong>el pr\u00f3ximo s\u00e1bado 30 de mayo, con un espect\u00e1culo que nadie querr\u00e1 perderse, considerando que los dos mejores equipos de Europa se enfrentan en un partido \u00fanico para definir al monarca de la competici\u00f3n.<\/p>\n<p id=\"anchor-44bf8f\" class=\"body-graf\">Se podr\u00eda decir que la historia de estos clubes en la <strong>Champions <\/strong>todav\u00eda es muy breve.<strong> Arsenal nunca ha podido ganarla<\/strong> y solamente ha llegado a una final (en 2006) en donde cay\u00f3 ante Barcelona. Por su parte, el <strong>PSG solo ha ganado la Champions en una ocasi\u00f3n,<\/strong> en el 2025, y anteriormente lleg\u00f3 a una final (en 2020) donde perdi\u00f3 contra el Bayern M\u00fanich. <\/p>\n<section id=\"anchor-6bb37f\" class=\"embed-widget embedWidget embed-widget--medium\" data-testid=\"embed-widget\"\/>\n<p id=\"anchor-7443ef\" class=\"body-graf\"><a href=\"https:\/\/t.co\/melczPBRUZ\" target=\"_blank\"><strong>MANTENTE AL D\u00cdA CON TODO LO \u00daLTIMO EN NUESTRO CANAL DE WHATSAPP<\/strong><\/a><\/p>\n<p id=\"anchor-80fb90\" class=\"body-graf\"><em><strong>Telemundo<\/strong><\/em><em> es el canal oficial de la <\/em><a href=\"https:\/\/www.telemundo.com\/deportes\/mas-deporte\/julian-alvarez-se-pronuncia-tras-la-eliminacion-del-atleti-hablo-del-p-rcna196343\" target=\"_blank\"><em><strong>Premier League<\/strong><\/em><\/a><em> en Estados Unidos en espa\u00f1ol y la casa de la <\/em><a href=\"https:\/\/www.telemundo.com\/deportes\/copa-mundial-de-la-fifa-2026\" target=\"_blank\"><em><strong>Copa Mundial de la FIFA<\/strong><\/em><\/a><\/p>\n<h2 id=\"anchor-00d23a\" class=\"body-heading\">Arsenal vs PSG, final in\u00e9dita para la Champions League<\/h2>\n<p id=\"anchor-e59b43\" class=\"body-graf\">Cada a\u00f1o confirmamos que los equipos m\u00e1s ricos son los \u00fanicos que pueden seguir compitiendo en lo m\u00e1s alto de Europa. En est\u00e1 ocasi\u00f3n, veremos un choque entre <strong>dos equipos que han invertido millones en los \u00faltimos a\u00f1os<\/strong>, precisamente con el objetivo de llegar a estos partidos y coronar su proyecto deportivo.<\/p>\n<p id=\"anchor-3d4349\" class=\"body-graf\">El<strong> PSG quiere demostrar que puede ser el nuevo coloso de Europa<\/strong> y conseguir su segunda Champions League, algo que los har\u00eda bicampeones del torneo y confirmar\u00eda a su equipo actual como uno de los mejores en la historia. <\/p>\n<p id=\"anchor-642f63\" class=\"body-graf\">Y el <strong>Arsenal tiene el objetivo claro: ganar su primera Champions. <\/strong>Son el \u00fanico equipo grande de Inglaterra que todav\u00eda no ha ganado la \u2018Orejona\u2019 y este t\u00edtulo es lo que necesita el proyecto de Mikel Arteta para consolidarse. <\/p>\n<h2 id=\"anchor-c165ec\" class=\"body-heading\">El camino del Arsenal para llegar a la final<\/h2>\n<p id=\"anchor-16adf3\" class=\"body-graf\">Podemos decir que los \u2018Gunners\u2019 tuvieron una tarea m\u00e1s sencilla para llegar a la final. En los octavos de final vencieron al Bayer Leverkusen 2-0 y en los cuartos de final 1-0 al Sporting Lisboa. El compromiso m\u00e1s complicado lleg\u00f3 en las semifinales, en donde se impusieron 2-1 al Atl\u00e9tico de Madrid en una serie muy cerrada. <\/p>\n<section id=\"anchor-dc4cbb\" class=\"embed-widget embedWidget embed-widget--medium\" data-testid=\"embed-widget\"\/>\n<h2 id=\"anchor-bba8f2\" class=\"body-heading\">El camino del PSG para llegar a la final<\/h2>\n<p id=\"anchor-140451\" class=\"body-graf\">Por su parte, los de Par\u00eds tuvieron compromisos m\u00e1s complicados para llegar a la \u00faltima instancia. De hecho, tuvieron que jugar la ronda de repechaje, en donde vencieron 5-4 al M\u00f3naco. Despu\u00e9s, en octavos de final eliminaron al Chelsea por un global de 8-2 y despu\u00e9s en cuartos dejaron fuera al Liverpool por un global de 4-0. En las semifinales, protagonizaron una de las mejores series en la historia de la Champions League, eliminando al Bayern M\u00fanich por un global de 6-5. <\/p>\n<section id=\"anchor-b321d5\" class=\"embed-widget embedWidget embed-widget--medium\" data-testid=\"embed-widget\"\/>\n<p id=\"anchor-1f01ce\" class=\"body-graf\"><strong>TAMBI\u00c9N TE PODR\u00cdA INTERESAR:<\/strong><\/p>\n<section id=\"anchor-1df369\" class=\"embed-widget embedWidget embed-widget--medium\" data-testid=\"embed-widget\"\/>\n<section id=\"anchor-6a73ed\" class=\"embed-widget embedWidget embedded-endmark embed-widget--medium\" data-testid=\"embed-widget\"\/><\/div>\n<p><br \/>\n<br \/><a href=\"https:\/\/www.telemundo.com\/deportes\/uefa-champions-league\/se-define-la-gran-final-de-la-champions-league-arsenal-vs-psg-rcna343940\">Source link <\/a><\/p>","protected":false},"excerpt":{"rendered":"<p>\u00a1Todo listo! La final de la UEFA Champions League 2025-2026 ser\u00e1 protagonizada por el Arsenal y el PSG el pr\u00f3ximo s\u00e1bado 30 de mayo, con un espect\u00e1culo que nadie querr\u00e1 perderse, considerando que los dos mejores equipos de Europa se enfrentan en un partido \u00fanico para definir al monarca de la competici\u00f3n. Se podr\u00eda decir [&hellip;]<\/p>\n","protected":false},"author":1,"featured_media":122739,"comment_status":"closed","ping_status":"","sticky":false,"template":"","format":"standard","meta":{"googlesitekit_rrm_CAow2JLhCw:productID":"","_gspb_post_css":"","maa_idioma":"","maa_pais":"","footnotes":""},"categories":[1],"tags":[4710,3695,3504,2942,3957,3091,8097],"class_list":["post-122738","post","type-post","status-publish","format-standard","has-post-thumbnail","hentry","category-ubirata","tag-arsenal","tag-champions","tag-define","tag-final","tag-gran","tag-league","tag-psg"],"blocksy_meta":[],"yoast_head":"<!-- This site is optimized with the Yoast SEO Premium plugin v27.6 (Yoast SEO v27.6) - https:\/\/yoast.com\/product\/yoast-seo-premium-wordpress\/ -->\n<title>Se define la gran final de la Champions League: Arsenal vs PSG - Ubirat\u00e3 Online Not\u00edcias - A realidade ao seu alcance!<\/title>\n<meta name=\"description\" content=\"\u00a1Todo listo! La final de la UEFA Champions League 2025-2026 ser\u00e1 protagonizada por el Arsenal y el PSG el pr\u00f3ximo s\u00e1bado 30 de mayo, con un espect\u00e1culo\" \/>\n<meta name=\"robots\" content=\"index, follow, max-snippet:-1, max-image-preview:large, max-video-preview:-1\" \/>\n<link rel=\"canonical\" href=\"https:\/\/ubirataonline.com.br\/en\/se-define-la-gran-final-de-la-champions-league-arsenal-vs-psg\/\" \/>\n<meta property=\"og:locale\" content=\"en_US\" \/>\n<meta property=\"og:type\" content=\"article\" \/>\n<meta property=\"og:title\" content=\"Se define la gran final de la Champions League: Arsenal vs PSG\" \/>\n<meta property=\"og:description\" content=\"\u00a1Todo listo! La final de la UEFA Champions League 2025-2026 ser\u00e1 protagonizada por el Arsenal y el PSG el pr\u00f3ximo s\u00e1bado 30 de mayo, con un espect\u00e1culo\" \/>\n<meta property=\"og:url\" content=\"https:\/\/ubirataonline.com.br\/en\/se-define-la-gran-final-de-la-champions-league-arsenal-vs-psg\/\" \/>\n<meta property=\"og:site_name\" content=\"Ubirat\u00e3 Online Not\u00edcias - A realidade ao seu alcance!\" \/>\n<meta property=\"article:publisher\" content=\"https:\/\/www.facebook.com\/portalubirataonline\" \/>\n<meta property=\"article:author\" content=\"https:\/\/www.facebook.com\/portalubirataonline\" \/>\n<meta property=\"article:published_time\" content=\"2026-05-06T21:47:12+00:00\" \/>\n<meta property=\"article:modified_time\" content=\"2026-05-06T21:47:15+00:00\" \/>\n<meta property=\"og:image\" content=\"https:\/\/ubirataonline.com.br\/wp-content\/uploads\/2026\/05\/Se-define-la-gran-final-de-la-Champions-League-Arsenal.jpg\" \/>\n\t<meta property=\"og:image:width\" content=\"1200\" \/>\n\t<meta property=\"og:image:height\" content=\"630\" \/>\n\t<meta property=\"og:image:type\" content=\"image\/jpeg\" \/>\n<meta name=\"author\" content=\"REDA\u00c7\u00c3O: UBIRAT\u00c3 ONLINE - F\u00c1BIO AUGUSTO CELESTINO\" \/>\n<meta name=\"twitter:card\" content=\"summary_large_image\" \/>\n<meta name=\"twitter:creator\" content=\"@x.com\/ubirataonline\" \/>\n<meta name=\"twitter:site\" content=\"@ubirataonline\" \/>\n<meta name=\"twitter:label1\" content=\"Written by\" \/>\n\t<meta name=\"twitter:data1\" content=\"REDA\u00c7\u00c3O: UBIRAT\u00c3 ONLINE - F\u00c1BIO AUGUSTO CELESTINO\" \/>\n\t<meta name=\"twitter:label2\" content=\"Est. reading time\" \/>\n\t<meta name=\"twitter:data2\" content=\"2 minutes\" \/>\n<script type=\"application\/ld+json\" class=\"yoast-schema-graph\">{\"@context\":\"https:\\\/\\\/schema.org\",\"@graph\":[{\"@type\":\"NewsArticle\",\"@id\":\"https:\\\/\\\/ubirataonline.com.br\\\/se-define-la-gran-final-de-la-champions-league-arsenal-vs-psg\\\/#article\",\"isPartOf\":{\"@id\":\"https:\\\/\\\/ubirataonline.com.br\\\/se-define-la-gran-final-de-la-champions-league-arsenal-vs-psg\\\/\"},\"author\":{\"name\":\"REDA\u00c7\u00c3O: UBIRAT\u00c3 ONLINE - F\u00c1BIO AUGUSTO CELESTINO\",\"@id\":\"https:\\\/\\\/ubirataonline.com.br\\\/#\\\/schema\\\/person\\\/372f87bbd3fdd79b8556b84c98d0bc1c\"},\"headline\":\"Se define la gran final de la Champions League: Arsenal vs PSG\",\"datePublished\":\"2026-05-06T21:47:12+00:00\",\"dateModified\":\"2026-05-06T21:47:15+00:00\",\"mainEntityOfPage\":{\"@id\":\"https:\\\/\\\/ubirataonline.com.br\\\/se-define-la-gran-final-de-la-champions-league-arsenal-vs-psg\\\/\"},\"wordCount\":496,\"publisher\":{\"@id\":\"https:\\\/\\\/ubirataonline.com.br\\\/#organization\"},\"image\":{\"@id\":\"https:\\\/\\\/ubirataonline.com.br\\\/se-define-la-gran-final-de-la-champions-league-arsenal-vs-psg\\\/#primaryimage\"},\"thumbnailUrl\":\"https:\\\/\\\/ubirataonline.com.br\\\/wp-content\\\/uploads\\\/2026\\\/05\\\/Se-define-la-gran-final-de-la-Champions-League-Arsenal.jpg\",\"keywords\":[\"Arsenal\",\"Champions\",\"define\",\"final\",\"gran\",\"League\",\"PSG\"],\"articleSection\":[\"Ubirat\u00e3\"],\"inLanguage\":\"en-US\",\"copyrightYear\":\"2026\",\"copyrightHolder\":{\"@id\":\"https:\\\/\\\/ubirataonline.com.br\\\/en\\\/#organization\"}},{\"@type\":\"WebPage\",\"@id\":\"https:\\\/\\\/ubirataonline.com.br\\\/se-define-la-gran-final-de-la-champions-league-arsenal-vs-psg\\\/\",\"url\":\"https:\\\/\\\/ubirataonline.com.br\\\/se-define-la-gran-final-de-la-champions-league-arsenal-vs-psg\\\/\",\"name\":\"Se define la gran final de la Champions League: Arsenal vs PSG - Ubirat\u00e3 Online Not\u00edcias - A realidade ao seu alcance!\",\"isPartOf\":{\"@id\":\"https:\\\/\\\/ubirataonline.com.br\\\/#website\"},\"primaryImageOfPage\":{\"@id\":\"https:\\\/\\\/ubirataonline.com.br\\\/se-define-la-gran-final-de-la-champions-league-arsenal-vs-psg\\\/#primaryimage\"},\"image\":{\"@id\":\"https:\\\/\\\/ubirataonline.com.br\\\/se-define-la-gran-final-de-la-champions-league-arsenal-vs-psg\\\/#primaryimage\"},\"thumbnailUrl\":\"https:\\\/\\\/ubirataonline.com.br\\\/wp-content\\\/uploads\\\/2026\\\/05\\\/Se-define-la-gran-final-de-la-Champions-League-Arsenal.jpg\",\"datePublished\":\"2026-05-06T21:47:12+00:00\",\"dateModified\":\"2026-05-06T21:47:15+00:00\",\"description\":\"\u00a1Todo listo! La final de la UEFA Champions League 2025-2026 ser\u00e1 protagonizada por el Arsenal y el PSG el pr\u00f3ximo s\u00e1bado 30 de mayo, con un espect\u00e1culo\",\"breadcrumb\":{\"@id\":\"https:\\\/\\\/ubirataonline.com.br\\\/se-define-la-gran-final-de-la-champions-league-arsenal-vs-psg\\\/#breadcrumb\"},\"inLanguage\":\"en-US\",\"potentialAction\":[{\"@type\":\"ReadAction\",\"target\":[\"https:\\\/\\\/ubirataonline.com.br\\\/se-define-la-gran-final-de-la-champions-league-arsenal-vs-psg\\\/\"]}]},{\"@type\":\"ImageObject\",\"inLanguage\":\"en-US\",\"@id\":\"https:\\\/\\\/ubirataonline.com.br\\\/se-define-la-gran-final-de-la-champions-league-arsenal-vs-psg\\\/#primaryimage\",\"url\":\"https:\\\/\\\/ubirataonline.com.br\\\/wp-content\\\/uploads\\\/2026\\\/05\\\/Se-define-la-gran-final-de-la-Champions-League-Arsenal.jpg\",\"contentUrl\":\"https:\\\/\\\/ubirataonline.com.br\\\/wp-content\\\/uploads\\\/2026\\\/05\\\/Se-define-la-gran-final-de-la-Champions-League-Arsenal.jpg\",\"width\":1200,\"height\":630,\"caption\":\"06 May 2026, Bavaria, Munich: Soccer, men: Champions League, Bayern Munich - Paris Saint-Germain, knockout round, semi-final, second leg, Allianz Arena, Berni, Bayern&#x27;s mascot, holds the match ball before the game. Photo: Sven Hoppe\\\/dpa (Photo by Sven Hoppe\\\/picture alliance via Getty Images)picture alliance \\\/ Getty\"},{\"@type\":\"BreadcrumbList\",\"@id\":\"https:\\\/\\\/ubirataonline.com.br\\\/se-define-la-gran-final-de-la-champions-league-arsenal-vs-psg\\\/#breadcrumb\",\"itemListElement\":[{\"@type\":\"ListItem\",\"position\":1,\"name\":\"In\u00edcio\",\"item\":\"https:\\\/\\\/ubirataonline.com.br\\\/\"},{\"@type\":\"ListItem\",\"position\":2,\"name\":\"Se define la gran final de la Champions League: Arsenal vs PSG\"}]},{\"@type\":\"WebSite\",\"@id\":\"https:\\\/\\\/ubirataonline.com.br\\\/#website\",\"url\":\"https:\\\/\\\/ubirataonline.com.br\\\/\",\"name\":\"Ubirat\u00e3 Online Not\u00edcias\",\"description\":\"Not\u00edcias de Ubirat\u00e3, regi\u00e3o, Brasil e mundo, com informa\u00e7\u00e3o atualizada e compromisso com o leitor.\",\"publisher\":{\"@id\":\"https:\\\/\\\/ubirataonline.com.br\\\/#organization\"},\"alternateName\":\"Ubirat\u00e3 Online\",\"potentialAction\":[{\"@type\":\"SearchAction\",\"target\":{\"@type\":\"EntryPoint\",\"urlTemplate\":\"https:\\\/\\\/ubirataonline.com.br\\\/?s={search_term_string}\"},\"query-input\":{\"@type\":\"PropertyValueSpecification\",\"valueRequired\":true,\"valueName\":\"search_term_string\"}}],\"inLanguage\":\"en-US\"},{\"@type\":[\"Organization\",\"Place\"],\"@id\":\"https:\\\/\\\/ubirataonline.com.br\\\/#organization\",\"name\":\"Ubirat\u00e3 Online Not\u00edcias\",\"alternateName\":\"Ubirat\u00e3 Online\",\"url\":\"https:\\\/\\\/ubirataonline.com.br\\\/\",\"logo\":{\"@id\":\"https:\\\/\\\/ubirataonline.com.br\\\/se-define-la-gran-final-de-la-champions-league-arsenal-vs-psg\\\/#local-main-organization-logo\"},\"image\":{\"@id\":\"https:\\\/\\\/ubirataonline.com.br\\\/se-define-la-gran-final-de-la-champions-league-arsenal-vs-psg\\\/#local-main-organization-logo\"},\"sameAs\":[\"https:\\\/\\\/www.facebook.com\\\/portalubirataonline\",\"https:\\\/\\\/x.com\\\/ubirataonline\",\"https:\\\/\\\/mastodon.social\\\/@ubirataonline\",\"https:\\\/\\\/www.facebook.com\\\/groups\\\/311144672285604\",\"https:\\\/\\\/www.facebook.com\\\/UBTAOnline\",\"https:\\\/\\\/www.instagram.com\\\/portalubirataonline\\\/\",\"https:\\\/\\\/twitter.com\\\/ubirataonline\"],\"description\":\"Somos um portal de not\u00edcias independente, criado em 5 de janeiro de 2009, com o objetivo de informar, conectar e valorizar a nossa comunidade de Ubirat\u00e3 e toda aregi\u00e3o. Com conte\u00fado atualizado, confi\u00e1vel e relevante, o Ubirat\u00e3 Online \u00e9 o seu espa\u00e7o para ficar por dentro dos principais acontecimentos locais, regionais, Brasil, Mundo e de interesse geral. Nosso compromisso \u00e9 com a verdade, a transpar\u00eancia e o respeito ao leitor.\",\"legalName\":\"UBIRATA ONLINE NOT\u00cdCIAS\",\"foundingDate\":\"2009-01-05\",\"numberOfEmployees\":{\"@type\":\"QuantitativeValue\",\"minValue\":\"1\",\"maxValue\":\"10\"},\"publishingPrinciples\":\"https:\\\/\\\/ubirataonline.com.br\\\/faq\\\/\",\"address\":{\"@id\":\"https:\\\/\\\/ubirataonline.com.br\\\/se-define-la-gran-final-de-la-champions-league-arsenal-vs-psg\\\/#local-main-place-address\"},\"geo\":{\"@type\":\"GeoCoordinates\",\"latitude\":\"-24.5361401\",\"longitude\":\"-52.9921776\"},\"telephone\":[\"+5544998308235\"],\"contactPoint\":{\"@type\":\"ContactPoint\",\"email\":\"contato@ubirataonline.com.br\"},\"openingHoursSpecification\":{\"@type\":\"OpeningHoursSpecification\",\"dayOfWeek\":[\"Monday\",\"Tuesday\",\"Wednesday\",\"Thursday\",\"Friday\",\"Saturday\",\"Sunday\"],\"opens\":\"00:00\",\"closes\":\"23:59\"},\"email\":\"contato@ubirataonline.com.br\",\"vatID\":\"47.621.418\\\/0001-80\"},{\"@type\":\"Person\",\"@id\":\"https:\\\/\\\/ubirataonline.com.br\\\/#\\\/schema\\\/person\\\/372f87bbd3fdd79b8556b84c98d0bc1c\",\"name\":\"REDA\u00c7\u00c3O: UBIRAT\u00c3 ONLINE - F\u00c1BIO AUGUSTO CELESTINO\",\"pronouns\":\"Ele\",\"description\":\"Desde 2003 trabalhando com not\u00edcias.\",\"sameAs\":[\"http:\\\/\\\/ubirataoline.com.br\",\"https:\\\/\\\/www.facebook.com\\\/portalubirataonline\",\"https:\\\/\\\/www.instagram.com\\\/ubirataonline_oficial\",\"https:\\\/\\\/x.com\\\/x.com\\\/ubirataonline\"],\"honorificPrefix\":\"Mr.\",\"honorificSuffix\":\"MD\",\"birthDate\":\"1980-06-16\",\"gender\":\"masculino\",\"award\":[\"V\u00e1rios pr\u00eamios de melhor portal da cidade\"],\"jobTitle\":\"Diretor\",\"url\":\"https:\\\/\\\/ubirataonline.com.br\\\/en\\\/author\\\/ubirataonline\\\/\"},{\"@type\":\"PostalAddress\",\"@id\":\"https:\\\/\\\/ubirataonline.com.br\\\/se-define-la-gran-final-de-la-champions-league-arsenal-vs-psg\\\/#local-main-place-address\",\"streetAddress\":\"Rua dos Coqueiros, 104 - Bairro Boa Vista, Rua dos Coqueiros, 104 Bairro Boa Vista\",\"addressLocality\":\"UBIRATA\",\"postalCode\":\"85440-000\",\"addressRegion\":\"PR\",\"addressCountry\":\"BR\"},{\"@type\":\"ImageObject\",\"inLanguage\":\"en-US\",\"@id\":\"https:\\\/\\\/ubirataonline.com.br\\\/se-define-la-gran-final-de-la-champions-league-arsenal-vs-psg\\\/#local-main-organization-logo\",\"url\":\"https:\\\/\\\/ubirataonline.com.br\\\/wp-content\\\/uploads\\\/2026\\\/06\\\/logoubirataonline-1.webp\",\"contentUrl\":\"https:\\\/\\\/ubirataonline.com.br\\\/wp-content\\\/uploads\\\/2026\\\/06\\\/logoubirataonline-1.webp\",\"width\":500,\"height\":500,\"caption\":\"Ubirat\u00e3 Online Not\u00edcias\"}]}<\/script>\n<meta name=\"geo.placename\" content=\"UBIRATA\" \/>\n<meta name=\"geo.position\" content=\"-24.5361401;-52.9921776\" \/>\n<meta name=\"geo.region\" content=\"Brazil\" \/>\n<!-- \/ Yoast SEO Premium plugin. -->","yoast_head_json":{"title":"Se define la gran final de la Champions League: Arsenal vs PSG - Ubirat\u00e3 Online Not\u00edcias - A realidade ao seu alcance!","description":"\u00a1Todo listo! La final de la UEFA Champions League 2025-2026 ser\u00e1 protagonizada por el Arsenal y el PSG el pr\u00f3ximo s\u00e1bado 30 de mayo, con un espect\u00e1culo","robots":{"index":"index","follow":"follow","max-snippet":"max-snippet:-1","max-image-preview":"max-image-preview:large","max-video-preview":"max-video-preview:-1"},"canonical":"https:\/\/ubirataonline.com.br\/en\/se-define-la-gran-final-de-la-champions-league-arsenal-vs-psg\/","og_locale":"en_US","og_type":"article","og_title":"Se define la gran final de la Champions League: Arsenal vs PSG","og_description":"\u00a1Todo listo! La final de la UEFA Champions League 2025-2026 ser\u00e1 protagonizada por el Arsenal y el PSG el pr\u00f3ximo s\u00e1bado 30 de mayo, con un espect\u00e1culo","og_url":"https:\/\/ubirataonline.com.br\/en\/se-define-la-gran-final-de-la-champions-league-arsenal-vs-psg\/","og_site_name":"Ubirat\u00e3 Online Not\u00edcias - A realidade ao seu alcance!","article_publisher":"https:\/\/www.facebook.com\/portalubirataonline","article_author":"https:\/\/www.facebook.com\/portalubirataonline","article_published_time":"2026-05-06T21:47:12+00:00","article_modified_time":"2026-05-06T21:47:15+00:00","og_image":[{"width":1200,"height":630,"url":"https:\/\/ubirataonline.com.br\/wp-content\/uploads\/2026\/05\/Se-define-la-gran-final-de-la-Champions-League-Arsenal.jpg","type":"image\/jpeg"}],"author":"REDA\u00c7\u00c3O: UBIRAT\u00c3 ONLINE - F\u00c1BIO AUGUSTO CELESTINO","twitter_card":"summary_large_image","twitter_creator":"@x.com\/ubirataonline","twitter_site":"@ubirataonline","twitter_misc":{"Written by":"REDA\u00c7\u00c3O: UBIRAT\u00c3 ONLINE - F\u00c1BIO AUGUSTO CELESTINO","Est. reading time":"2 minutes"},"schema":{"@context":"https:\/\/schema.org","@graph":[{"@type":"NewsArticle","@id":"https:\/\/ubirataonline.com.br\/se-define-la-gran-final-de-la-champions-league-arsenal-vs-psg\/#article","isPartOf":{"@id":"https:\/\/ubirataonline.com.br\/se-define-la-gran-final-de-la-champions-league-arsenal-vs-psg\/"},"author":{"name":"REDA\u00c7\u00c3O: UBIRAT\u00c3 ONLINE - F\u00c1BIO AUGUSTO CELESTINO","@id":"https:\/\/ubirataonline.com.br\/#\/schema\/person\/372f87bbd3fdd79b8556b84c98d0bc1c"},"headline":"Se define la gran final de la Champions League: Arsenal vs PSG","datePublished":"2026-05-06T21:47:12+00:00","dateModified":"2026-05-06T21:47:15+00:00","mainEntityOfPage":{"@id":"https:\/\/ubirataonline.com.br\/se-define-la-gran-final-de-la-champions-league-arsenal-vs-psg\/"},"wordCount":496,"publisher":{"@id":"https:\/\/ubirataonline.com.br\/#organization"},"image":{"@id":"https:\/\/ubirataonline.com.br\/se-define-la-gran-final-de-la-champions-league-arsenal-vs-psg\/#primaryimage"},"thumbnailUrl":"https:\/\/ubirataonline.com.br\/wp-content\/uploads\/2026\/05\/Se-define-la-gran-final-de-la-Champions-League-Arsenal.jpg","keywords":["Arsenal","Champions","define","final","gran","League","PSG"],"articleSection":["Ubirat\u00e3"],"inLanguage":"en-US","copyrightYear":"2026","copyrightHolder":{"@id":"https:\/\/ubirataonline.com.br\/en\/#organization"}},{"@type":"WebPage","@id":"https:\/\/ubirataonline.com.br\/se-define-la-gran-final-de-la-champions-league-arsenal-vs-psg\/","url":"https:\/\/ubirataonline.com.br\/se-define-la-gran-final-de-la-champions-league-arsenal-vs-psg\/","name":"Se define la gran final de la Champions League: Arsenal vs PSG - Ubirat\u00e3 Online Not\u00edcias - A realidade ao seu alcance!","isPartOf":{"@id":"https:\/\/ubirataonline.com.br\/#website"},"primaryImageOfPage":{"@id":"https:\/\/ubirataonline.com.br\/se-define-la-gran-final-de-la-champions-league-arsenal-vs-psg\/#primaryimage"},"image":{"@id":"https:\/\/ubirataonline.com.br\/se-define-la-gran-final-de-la-champions-league-arsenal-vs-psg\/#primaryimage"},"thumbnailUrl":"https:\/\/ubirataonline.com.br\/wp-content\/uploads\/2026\/05\/Se-define-la-gran-final-de-la-Champions-League-Arsenal.jpg","datePublished":"2026-05-06T21:47:12+00:00","dateModified":"2026-05-06T21:47:15+00:00","description":"\u00a1Todo listo! La final de la UEFA Champions League 2025-2026 ser\u00e1 protagonizada por el Arsenal y el PSG el pr\u00f3ximo s\u00e1bado 30 de mayo, con un espect\u00e1culo","breadcrumb":{"@id":"https:\/\/ubirataonline.com.br\/se-define-la-gran-final-de-la-champions-league-arsenal-vs-psg\/#breadcrumb"},"inLanguage":"en-US","potentialAction":[{"@type":"ReadAction","target":["https:\/\/ubirataonline.com.br\/se-define-la-gran-final-de-la-champions-league-arsenal-vs-psg\/"]}]},{"@type":"ImageObject","inLanguage":"en-US","@id":"https:\/\/ubirataonline.com.br\/se-define-la-gran-final-de-la-champions-league-arsenal-vs-psg\/#primaryimage","url":"https:\/\/ubirataonline.com.br\/wp-content\/uploads\/2026\/05\/Se-define-la-gran-final-de-la-Champions-League-Arsenal.jpg","contentUrl":"https:\/\/ubirataonline.com.br\/wp-content\/uploads\/2026\/05\/Se-define-la-gran-final-de-la-Champions-League-Arsenal.jpg","width":1200,"height":630,"caption":"06 May 2026, Bavaria, Munich: Soccer, men: Champions League, Bayern Munich - Paris Saint-Germain, knockout round, semi-final, second leg, Allianz Arena, Berni, Bayern&#x27;s mascot, holds the match ball before the game. Photo: Sven Hoppe\/dpa (Photo by Sven Hoppe\/picture alliance via Getty Images)picture alliance \/ Getty"},{"@type":"BreadcrumbList","@id":"https:\/\/ubirataonline.com.br\/se-define-la-gran-final-de-la-champions-league-arsenal-vs-psg\/#breadcrumb","itemListElement":[{"@type":"ListItem","position":1,"name":"In\u00edcio","item":"https:\/\/ubirataonline.com.br\/"},{"@type":"ListItem","position":2,"name":"Se define la gran final de la Champions League: Arsenal vs PSG"}]},{"@type":"WebSite","@id":"https:\/\/ubirataonline.com.br\/#website","url":"https:\/\/ubirataonline.com.br\/","name":"Ubirat\u00e3 Online Not\u00edcias","description":"Not\u00edcias de Ubirat\u00e3, regi\u00e3o, Brasil e mundo, com informa\u00e7\u00e3o atualizada e compromisso com o leitor.","publisher":{"@id":"https:\/\/ubirataonline.com.br\/#organization"},"alternateName":"Ubirat\u00e3 Online","potentialAction":[{"@type":"SearchAction","target":{"@type":"EntryPoint","urlTemplate":"https:\/\/ubirataonline.com.br\/?s={search_term_string}"},"query-input":{"@type":"PropertyValueSpecification","valueRequired":true,"valueName":"search_term_string"}}],"inLanguage":"en-US"},{"@type":["Organization","Place"],"@id":"https:\/\/ubirataonline.com.br\/#organization","name":"Ubirat\u00e3 Online Not\u00edcias","alternateName":"Ubirat\u00e3 Online","url":"https:\/\/ubirataonline.com.br\/","logo":{"@id":"https:\/\/ubirataonline.com.br\/se-define-la-gran-final-de-la-champions-league-arsenal-vs-psg\/#local-main-organization-logo"},"image":{"@id":"https:\/\/ubirataonline.com.br\/se-define-la-gran-final-de-la-champions-league-arsenal-vs-psg\/#local-main-organization-logo"},"sameAs":["https:\/\/www.facebook.com\/portalubirataonline","https:\/\/x.com\/ubirataonline","https:\/\/mastodon.social\/@ubirataonline","https:\/\/www.facebook.com\/groups\/311144672285604","https:\/\/www.facebook.com\/UBTAOnline","https:\/\/www.instagram.com\/portalubirataonline\/","https:\/\/twitter.com\/ubirataonline"],"description":"Somos um portal de not\u00edcias independente, criado em 5 de janeiro de 2009, com o objetivo de informar, conectar e valorizar a nossa comunidade de Ubirat\u00e3 e toda aregi\u00e3o. Com conte\u00fado atualizado, confi\u00e1vel e relevante, o Ubirat\u00e3 Online \u00e9 o seu espa\u00e7o para ficar por dentro dos principais acontecimentos locais, regionais, Brasil, Mundo e de interesse geral. Nosso compromisso \u00e9 com a verdade, a transpar\u00eancia e o respeito ao leitor.","legalName":"UBIRATA ONLINE NOT\u00cdCIAS","foundingDate":"2009-01-05","numberOfEmployees":{"@type":"QuantitativeValue","minValue":"1","maxValue":"10"},"publishingPrinciples":"https:\/\/ubirataonline.com.br\/faq\/","address":{"@id":"https:\/\/ubirataonline.com.br\/se-define-la-gran-final-de-la-champions-league-arsenal-vs-psg\/#local-main-place-address"},"geo":{"@type":"GeoCoordinates","latitude":"-24.5361401","longitude":"-52.9921776"},"telephone":["+5544998308235"],"contactPoint":{"@type":"ContactPoint","email":"contato@ubirataonline.com.br"},"openingHoursSpecification":{"@type":"OpeningHoursSpecification","dayOfWeek":["Monday","Tuesday","Wednesday","Thursday","Friday","Saturday","Sunday"],"opens":"00:00","closes":"23:59"},"email":"contato@ubirataonline.com.br","vatID":"47.621.418\/0001-80"},{"@type":"Person","@id":"https:\/\/ubirataonline.com.br\/#\/schema\/person\/372f87bbd3fdd79b8556b84c98d0bc1c","name":"REDA\u00c7\u00c3O: UBIRAT\u00c3 ONLINE - F\u00c1BIO AUGUSTO CELESTINO","pronouns":"Ele","description":"Desde 2003 trabalhando com not\u00edcias.","sameAs":["http:\/\/ubirataoline.com.br","https:\/\/www.facebook.com\/portalubirataonline","https:\/\/www.instagram.com\/ubirataonline_oficial","https:\/\/x.com\/x.com\/ubirataonline"],"honorificPrefix":"Mr.","honorificSuffix":"MD","birthDate":"1980-06-16","gender":"masculino","award":["V\u00e1rios pr\u00eamios de melhor portal da cidade"],"jobTitle":"Diretor","url":"https:\/\/ubirataonline.com.br\/en\/author\/ubirataonline\/"},{"@type":"PostalAddress","@id":"https:\/\/ubirataonline.com.br\/se-define-la-gran-final-de-la-champions-league-arsenal-vs-psg\/#local-main-place-address","streetAddress":"Rua dos Coqueiros, 104 - Bairro Boa Vista, Rua dos Coqueiros, 104 Bairro Boa Vista","addressLocality":"UBIRATA","postalCode":"85440-000","addressRegion":"PR","addressCountry":"BR"},{"@type":"ImageObject","inLanguage":"en-US","@id":"https:\/\/ubirataonline.com.br\/se-define-la-gran-final-de-la-champions-league-arsenal-vs-psg\/#local-main-organization-logo","url":"https:\/\/ubirataonline.com.br\/wp-content\/uploads\/2026\/06\/logoubirataonline-1.webp","contentUrl":"https:\/\/ubirataonline.com.br\/wp-content\/uploads\/2026\/06\/logoubirataonline-1.webp","width":500,"height":500,"caption":"Ubirat\u00e3 Online Not\u00edcias"}]},"geo.placename":"UBIRATA","geo.position":{"lat":"-24.5361401","long":"-52.9921776"},"geo.region":"Brazil"},"_links":{"self":[{"href":"https:\/\/ubirataonline.com.br\/en\/wp-json\/wp\/v2\/posts\/122738","targetHints":{"allow":["GET"]}}],"collection":[{"href":"https:\/\/ubirataonline.com.br\/en\/wp-json\/wp\/v2\/posts"}],"about":[{"href":"https:\/\/ubirataonline.com.br\/en\/wp-json\/wp\/v2\/types\/post"}],"author":[{"embeddable":true,"href":"https:\/\/ubirataonline.com.br\/en\/wp-json\/wp\/v2\/users\/1"}],"replies":[{"embeddable":true,"href":"https:\/\/ubirataonline.com.br\/en\/wp-json\/wp\/v2\/comments?post=122738"}],"version-history":[{"count":0,"href":"https:\/\/ubirataonline.com.br\/en\/wp-json\/wp\/v2\/posts\/122738\/revisions"}],"wp:featuredmedia":[{"embeddable":true,"href":"https:\/\/ubirataonline.com.br\/en\/wp-json\/wp\/v2\/media\/122739"}],"wp:attachment":[{"href":"https:\/\/ubirataonline.com.br\/en\/wp-json\/wp\/v2\/media?parent=122738"}],"wp:term":[{"taxonomy":"category","embeddable":true,"href":"https:\/\/ubirataonline.com.br\/en\/wp-json\/wp\/v2\/categories?post=122738"},{"taxonomy":"post_tag","embeddable":true,"href":"https:\/\/ubirataonline.com.br\/en\/wp-json\/wp\/v2\/tags?post=122738"}],"curies":[{"name":"wp","href":"https:\/\/api.w.org\/{rel}","templated":true}]}}