{"id":122744,"date":"2026-05-06T18:52:16","date_gmt":"2026-05-06T21:52:16","guid":{"rendered":"https:\/\/ubirataonline.com.br\/a-legfontosabb-szempont-hogy-a-jatekosok-elvezzek-a-merkozes-minden-pillanatat\/"},"modified":"2026-05-06T18:52:19","modified_gmt":"2026-05-06T21:52:19","slug":"a-legfontosabb-szempont-hogy-a-jatekosok-elvezzek-a-merkozes-minden-pillanatat","status":"publish","type":"post","link":"https:\/\/ubirataonline.com.br\/en\/a-legfontosabb-szempont-hogy-a-jatekosok-elvezzek-a-merkozes-minden-pillanatat\/","title":{"rendered":"A legfontosabb szempont, hogy a j\u00e1t\u00e9kosok \u00e9lvezz\u00e9k a m\u00e9rk\u0151z\u00e9s minden pillanat\u00e1t"},"content":{"rendered":"<p><br \/>\n<\/p>\n<div _ngcontent-ng-c2229333731=\"\" trarticlefilelink=\"\" trrunscripts=\"\">\n<p><strong>\u2013 Kupaspecialist\u00e1nak sz\u00e1m\u00edt, hiszen j\u00e1t\u00e9kosk\u00e9nt, p\u00e1lyaedz\u0151k\u00e9nt \u00e9s vezet\u0151edz\u0151k\u00e9nt is szerepelt m\u00e1r d\u00f6nt\u0151ben. Szombaton itt a k\u00f6vetkez\u0151: a Pusk\u00e1s Ar\u00e9n\u00e1ban a Ferencv\u00e1ros lesz az ellenf\u00e9l. \u00a0 \u00a0\u2006<\/strong><br \/><strong>\u2013 <\/strong>A Fradi elleni Magyar Kupa-d\u00f6nt\u0151 lesz a hetedik fin\u00e1l\u00e9m<strong> \u2013 <\/strong>mondta lapunknak <strong>Nuno Campos<\/strong>, a ZTE portug\u00e1l vezet\u0151edz\u0151je. <strong>\u2013 <\/strong>Az biztos, hogy a j\u00e1t\u00e9kosok a f\u0151szerepl\u0151k, \u0151k a legfontosabbak. Kies\u00e9ses rendszer\u0171 lebonyol\u00edt\u00e1sban az apr\u00f3s\u00e1gok is d\u00f6nt\u0151 jelent\u0151s\u00e9g\u0171ek lehetnek, \u00e9n pedig olyan edz\u0151nek tartom magam, aki minden r\u00e9szletre odafigyel. Tal\u00e1n ez is hozz\u00e1j\u00e1rul ahhoz, hogy most d\u00f6nt\u0151t j\u00e1tszhatunk.<\/p>\n<p><strong>\u2013 \u200aMenj\u00fcnk sorban: j\u00e1t\u00e9kosk\u00e9nt 1999-ben az SC Campomaiorens\u00e9vel j\u00e1tszott Portug\u00e1l Kupa-d\u00f6nt\u0151t, de kikaptak a Beira Mart\u00f3l. \u00a0 \u00a0\u2006<\/strong><br \/><strong>\u2013 <\/strong>Tudni kell, hogy a Campomaiorense kicsi egyes\u00fclet volt, m\u00e1r nem is m\u0171k\u00f6dik, \u00e9vekkel ezel\u0151tt megsz\u0171nt. Sajnos olyan r\u00e9gi\u00f3ban volt, ahol abszol\u00fat nem fejlesztett\u00e9k \u00e9s t\u00e1mogatt\u00e1k a futballt. Nagy nap volt a d\u00f6nt\u0151 a klub, a rajong\u00f3k, a j\u00e1t\u00e9kosok \u00e9let\u00e9ben, \u00e9s att\u00f3l f\u00fcggetlen\u00fcl, hogy elvesz\u00edtett\u00fck, a szurkol\u00f3kkal egy\u00fctt b\u00fcszk\u00e9k \u00e9s boldogok voltunk a teljes\u00edtm\u00e9ny\u00fcnk miatt.<\/p>\n<p><strong>\u2013 M\u00e1sodedz\u0151k\u00e9nt rengeteg sz\u00e9p sikert \u00e9rt el Paulo Fonseca mellett, a Sahtar Doneckkel Ukrajn\u00e1ban h\u00e1romszor, a Brag\u00e1val Portug\u00e1li\u00e1ban egyszer nyert kup\u00e1t. \u00a0 \u00a0\u2006<\/strong><br \/>\u2013 Amikor meg\u00e9rkezt\u00fcnk a Sahtarhoz, m\u00e1r k\u00e9t \u00e9ve nem tudott kup\u00e1t nyerni a klub, az azt k\u00f6vet\u0151 h\u00e1romban pedig dupl\u00e1ztunk, azaz rendre megnyert\u00fck a bajnoki c\u00edmmel egy\u00fctt. A donecki csapatn\u00e1l mag\u00e1t\u00f3l \u00e9rtet\u0151d\u0151 volt a kupad\u00f6nt\u0151be jut\u00e1s, viszont a Brag\u00e1n\u00e1l \u00f3ri\u00e1si eredm\u00e9nynek sz\u00e1m\u00edtott. Mi 2016-ban nyert\u00fck meg a Portug\u00e1l Kup\u00e1t, azt megel\u0151z\u0151en a klub \u00e9ppen \u00f6tven esztendeje, 1966-ban lett arany\u00e9rmes. Elk\u00e9peszt\u0151 siker volt hatalmas \u00fcnnepl\u00e9ssel, a szok\u00e1snak megfelel\u0151en nyitott tetej\u0171 busszal ment\u00fcnk v\u00e9gig a v\u00e1roson a szurkol\u00f3ink k\u00f6z\u00f6tt. Ez a legeml\u00e9kezetesebb kupasikerem.<\/p>\n<p><strong>\u2013 Vezet\u0151edz\u0151k\u00e9nt n\u00e9gy \u00e9ve a Tondel\u00e1val maradt alul a Port\u00f3val szemben a d\u00f6nt\u0151ben. \u00a0 \u00a0\u2006<\/strong><br \/>\u2013 A Tondela t\u00f6rt\u00e9net\u00e9ben el\u0151sz\u00f6r jutott Portug\u00e1l Kupa-d\u00f6nt\u0151be, s b\u00e1r kikaptunk, eml\u00e9kezetes marad a meccs. A Porto volt a toronymagas es\u00e9lyes, \u00f6v\u00e9 lett a tr\u00f3fea, \u00e1m a szurkol\u00f3ink a veres\u00e9g ellen\u00e9re is gy\u0151ztesk\u00e9nt \u00fcnnepeltek minket.<\/p>\n<p>\u2013 <strong>Ha valaki augusztusban azt mondja, MK-fin\u00e1l\u00e9ba jut a ZTE-vel, mit sz\u00f3lt volna hozz\u00e1? \u00a0 \u00a0\u2006<\/strong><br \/>\u2013 Akkor tal\u00e1n senki sem gondolta, hogy ilyen sikeres id\u00e9ny\u00fcnk lesz \u2013 m\u00e9g \u00e9n sem. De tett\u00fcnk \u00e9rte, rengeteget dolgoztunk, \u00e9s most a kupad\u00f6nt\u0151 hatalmas lehet\u0151s\u00e9g sz\u00e1munkra.<\/p>\n<p><strong>\u2013 Sokan azt mondj\u00e1k, szerencs\u00e9j\u00fck volt a sorsol\u00e1ssal, mert csak alacsonyabb oszt\u00e1ly\u00fa ellenfelet kaptak a d\u00f6nt\u0151ig vezet\u0151 \u00faton. Igaz, a Vasas \u00e9s a Budapest Honv\u00e9d id\u0151k\u00f6zben feljutott az NB I-be, \u00edgy m\u00e1r-m\u00e1r \u00e9lvonalbelinek sz\u00e1m\u00edt. \u00a0 \u00a0\u2006<\/strong><br \/>\u2013 Egy\u00e1ltal\u00e1n nem voltunk k\u00f6nny\u0171 helyzetben. Tudni kell, hogy a Vasas \u00e9s a Honv\u00e9d is m\u00e1r NB I-es sz\u00ednvonalat k\u00e9pvisel. Egy-egy kupameccsen k\u00fcl\u00f6nben is b\u00e1rmi megt\u00f6rt\u00e9nhet, ki\u00e9lezett csat\u00e1k ezek, minden ellenf\u00e9llel szemben maxim\u00e1lis koncentr\u00e1ci\u00f3 sz\u00fcks\u00e9ges a tov\u00e1bbjut\u00e1shoz. Mi megoldottuk a feladatainkat, meg\u00e9rdemelten jutottunk d\u00f6nt\u0151be.<\/p>\n<p><strong>\u2013 \u200aEur\u00f3pa legalacsonyabb \u00e1tlag\u00e9letkor\u00fa \u00e9lvonalbeli csapata a ZTE, hossz\u00fa \u00e9s s\u0171r\u0171 volt ez az id\u00e9ny. A fiatalok milyen er\u0151nl\u00e9ti \u00e9s ment\u00e1lis \u00e1llapotban v\u00e1rj\u00e1k a d\u00f6nt\u0151t? \u00a0 \u00a0\u2006<\/strong><br \/>\u2013 Nem k\u00e9rd\u00e9s, hogy kem\u00e9ny, megterhel\u0151 \u00e9vad ez nekik, de mozg\u00f3s\u00edtaniuk kell az utols\u00f3 er\u0151tartal\u00e9kaikat, hiszen kiv\u00e9teles lehet\u0151s\u00e9g el\u0151tt \u00e1llnak. Elmondtam nekik: el\u0151fordulhat, hogy sokuknak ez lesz az egyetlen kupad\u00f6nt\u0151j\u00fck p\u00e1lyafut\u00e1suk sor\u00e1n, \u00fagyhogy felt\u00e9tlen\u00fcl \u00e9lvezni kell a pillanatot. A szakmai st\u00e1b minden szempontb\u00f3l megfelel\u0151en felk\u00e9sz\u00edti a futballist\u00e1kat, nagy siker kapuj\u00e1ban \u00e1llunk, b\u00e1r tudjuk, nagyon neh\u00e9z lesz nek\u00fcnk ez a d\u00f6nt\u0151.<\/p>\n<p><strong>\u2013 A Pusk\u00e1s Ar\u00e9n\u00e1ban t\u00f6bb t\u00edzezer szurkol\u00f3 el\u0151tt j\u00e1tszhatnak a tr\u00f3fe\u00e1\u00e9rt: nem lesz t\u00fal nagy a nyom\u00e1s a fiatalokon? \u00a0 \u00a0\u2006<\/strong><br \/>\u2013 \u00c9n is fiatalon szerepeltem kupad\u00f6nt\u0151ben, az akkor szerzett tapasztalataimat szint\u00e9n hasznos\u00edthatom, van n\u00e9h\u00e1ny praktik\u00e1m. Nyilv\u00e1n lesz nyom\u00e1s a labdar\u00fag\u00f3kon, de a legfontosabb, hogy \u00e9lvezz\u00e9k a d\u00f6nt\u0151 minden pillanat\u00e1t, \u00e9s csak a feladatukra \u00f6sszpontos\u00edtsanak. Minden m\u00e1st ki kell z\u00e1rni, hiszen felesleges azzal foglalkozni, amit nem tudunk ir\u00e1ny\u00edtani.<\/p>\n<p><strong>\u2013 \u200aTal\u00e1n mondhatjuk, hogy a rutin \u00e9s a tud\u00e1s ter\u00e9n a ferencv\u00e1rosiak el\u0151r\u00e9bb j\u00e1rnak. De mi lehet a Zalaegerszeg es\u00e9lye? \u00a0 \u00a0\u2006<\/strong><br \/>\u2013 Val\u00f3 igaz, az FTC j\u00e1t\u00e9kosai tapasztaltabbak, a csapat kerete m\u00e9lyebb, a klub j\u00f3val t\u00f6bb p\u00e9nzb\u0151l gazd\u00e1lkodik, de nek\u00fcnk is vannak er\u00e9nyeink. Meg akarjuk mutatni, mit k\u00e9pvisel \u00e9s milyen felfog\u00e1s\u00fa csapat ZTE. A legf\u0151bb c\u00e9lunk, hogy a r\u00e1nk jellemz\u0151 futballal rukkoljunk ki a d\u00f6nt\u0151ben.<\/p>\n<p><strong>\u2013 A bajnoks\u00e1gban oda-vissza legy\u0151zt\u00e9k a Fradit: ebb\u0151l le lehet vonni b\u00e1rmilyen k\u00f6vetkeztet\u00e9st? \u00a0 \u00a0\u2006<\/strong><br \/>\u2013 Egy d\u00f6nt\u0151ben nem lehet arra alapozni, hogy mi t\u00f6rt\u00e9nt a kor\u00e1bbi m\u00e9rk\u0151z\u00e9seken. Persze j\u00f3, hogy m\u00e1r k\u00e9tszer megvert\u00fck a Ferencv\u00e1rost, tal\u00e1n \u00f6nbizalmat is ad, de \u00faj nap \u00e9s \u00faj meccs lesz, r\u00e1ad\u00e1sul semleges p\u00e1ly\u00e1n.<\/p>\n<p><strong>\u2013 Milyen m\u00e9rk\u0151z\u00e9sre sz\u00e1m\u00edt szombat este a Pusk\u00e1s Ar\u00e9n\u00e1ban? \u00a0 \u00a0\u2006<\/strong><br \/>\u2013 A d\u00f6nt\u0151ket \u00e1ltal\u00e1ban a taktik\u00e1k hat\u00e1rozz\u00e1k meg, de p\u00e9ld\u00e1ul egy korai g\u00f3l azonnal \u00e1t\u00edrhatja a terveket, megv\u00e1ltoztathatja a j\u00e1t\u00e9k menet\u00e9t, az \u00faj helyzet pedig \u00fajabb edz\u0151i h\u00faz\u00e1sokat sz\u00fclhet \u2013 a taktik\u00e1nak szerintem ez\u00fattal k\u00fcl\u00f6n\u00f6sen fontos szerepe lesz.<\/p>\n<p><strong>\u2013 Hov\u00e1 soroln\u00e1 p\u00e1lyafut\u00e1s\u00e1ban a Magyar Kupa megnyer\u00e9s\u00e9t? \u00a0 \u00a0\u2006<\/strong><br \/>\u2013 Egy\u00e9rtelm\u0171en az els\u0151 helyre, a Brag\u00e1val elh\u00f3d\u00edtott tr\u00f3fea mell\u00e9. Sokat dolgozva \u00f3ri\u00e1sit k\u00fczd\u00f6tt\u00fcnk az id\u00e9nyben, ennek \u00a0megkoron\u00e1z\u00e1sa lehet a kupagy\u0151zelem. Szenz\u00e1ci\u00f3s eredm\u00e9ny lenne a zalaegerszegi klubnak, a v\u00e1rosnak, a szurkol\u00f3knak \u2013 \u00e9s mondhatom, hogy nekem is.<\/p>\n<p><span style=\"color:rgb(0,0,0);\"><strong>MOL MAGYAR KUPA<\/strong><\/span><br \/><span style=\"color:rgb(0,0,0);\"><strong>D\u00d6NT\u0150<\/strong><\/span><br \/><span style=\"color:rgb(0,0,0);\"><strong>M\u00c1JUS 9., SZOMBAT<\/strong><\/span><br \/><span style=\"color:rgb(0,0,0);\"><strong>18.00: <\/strong><\/span><span style=\"background-color:rgb(255,255,255);color:rgb(0,0,0);\">Ferencv\u00e1rosi TC<\/span><span style=\"color:rgb(0,0,0);\">\u2013<\/span><span style=\"background-color:rgb(255,255,255);color:rgb(0,0,0);\">Zalaegerszegi TE FC, Budapest, Pusk\u00e1s Ar\u00e9na (<strong>Tv:<\/strong> M4 Sport) <\/span><span style=\"color:rgb(0,0,0);\">\u2013 <strong>\u00e9l\u0151ben az NSO-n \u00e9s a Nemzeti Sportr\u00e1di\u00f3ban!<\/strong><\/span><br \/><span style=\"color:rgb(0,0,0);\"><strong>AMAT\u0150R KUPA<\/strong><\/span><br \/><span style=\"color:rgb(0,0,0);\"><strong>13.00: <\/strong><\/span><span style=\"background-color:rgb(255,255,255);color:rgb(0,0,0);\">Mez\u0151\u00f6rs KSE<\/span><span style=\"color:rgb(0,0,0);\">\u2013<\/span><span style=\"background-color:rgb(255,255,255);color:rgb(0,0,0);\">Kelen SC, Budapest,\u00a0Illovszky Rudolf Stadion (<strong>Tv:<\/strong> M4 Sport)<\/span><\/p>\n<\/div>\n<p><br \/>\n<br \/><a href=\"https:\/\/www.nemzetisport.hu\/labdarugo-nb-i\/2026\/05\/nuno-campos-a-legfontosabb-szempont-hogy-a-jatekosok-elvezzek-a-merkozes-minden-pillanatat\">Source link <\/a><\/p>","protected":false},"excerpt":{"rendered":"<p>\u2013 Kupaspecialist\u00e1nak sz\u00e1m\u00edt, hiszen j\u00e1t\u00e9kosk\u00e9nt, p\u00e1lyaedz\u0151k\u00e9nt \u00e9s vezet\u0151edz\u0151k\u00e9nt is szerepelt m\u00e1r d\u00f6nt\u0151ben. Szombaton itt a k\u00f6vetkez\u0151: a Pusk\u00e1s Ar\u00e9n\u00e1ban a Ferencv\u00e1ros lesz az ellenf\u00e9l. \u00a0 \u00a0\u2006\u2013 A Fradi elleni Magyar Kupa-d\u00f6nt\u0151 lesz a hetedik fin\u00e1l\u00e9m \u2013 mondta lapunknak Nuno Campos, a ZTE portug\u00e1l vezet\u0151edz\u0151je. \u2013 Az biztos, hogy a j\u00e1t\u00e9kosok a f\u0151szerepl\u0151k, \u0151k a legfontosabbak. [&hellip;]<\/p>\n","protected":false},"author":1,"featured_media":122745,"comment_status":"closed","ping_status":"","sticky":false,"template":"","format":"standard","meta":{"googlesitekit_rrm_CAow2JLhCw:productID":"","_gspb_post_css":"","maa_idioma":"","maa_pais":"","footnotes":""},"categories":[2725],"tags":[33474,33472,33473,33470,33475,33476,33477,33471],"class_list":["post-122744","post","type-post","status-publish","format-standard","has-post-thumbnail","hentry","category-europe","tag-elvezzek","tag-hogy","tag-jatekosok","tag-legfontosabb","tag-merkozes","tag-minden","tag-pillanatat","tag-szempont"],"blocksy_meta":[],"yoast_head":"<!-- This site is optimized with the Yoast SEO Premium plugin v27.6 (Yoast SEO v27.6) - https:\/\/yoast.com\/product\/yoast-seo-premium-wordpress\/ -->\n<title>A legfontosabb szempont, hogy a j\u00e1t\u00e9kosok \u00e9lvezz\u00e9k a m\u00e9rk\u0151z\u00e9s minden pillanat\u00e1t - Ubirat\u00e3 Online Not\u00edcias - A realidade ao seu alcance!<\/title>\n<meta name=\"description\" content=\"\u2013 Kupaspecialist\u00e1nak sz\u00e1m\u00edt, hiszen j\u00e1t\u00e9kosk\u00e9nt, p\u00e1lyaedz\u0151k\u00e9nt \u00e9s vezet\u0151edz\u0151k\u00e9nt is szerepelt m\u00e1r d\u00f6nt\u0151ben. Szombaton itt a k\u00f6vetkez\u0151: a Pusk\u00e1s Ar\u00e9n\u00e1ban a\" \/>\n<meta name=\"robots\" content=\"index, follow, max-snippet:-1, max-image-preview:large, max-video-preview:-1\" \/>\n<link rel=\"canonical\" href=\"https:\/\/ubirataonline.com.br\/en\/a-legfontosabb-szempont-hogy-a-jatekosok-elvezzek-a-merkozes-minden-pillanatat\/\" \/>\n<meta property=\"og:locale\" content=\"en_US\" \/>\n<meta property=\"og:type\" content=\"article\" \/>\n<meta property=\"og:title\" content=\"A legfontosabb szempont, hogy a j\u00e1t\u00e9kosok \u00e9lvezz\u00e9k a m\u00e9rk\u0151z\u00e9s minden pillanat\u00e1t\" \/>\n<meta property=\"og:description\" content=\"\u2013 Kupaspecialist\u00e1nak sz\u00e1m\u00edt, hiszen j\u00e1t\u00e9kosk\u00e9nt, p\u00e1lyaedz\u0151k\u00e9nt \u00e9s vezet\u0151edz\u0151k\u00e9nt is szerepelt m\u00e1r d\u00f6nt\u0151ben. Szombaton itt a k\u00f6vetkez\u0151: a Pusk\u00e1s Ar\u00e9n\u00e1ban a\" \/>\n<meta property=\"og:url\" content=\"https:\/\/ubirataonline.com.br\/en\/a-legfontosabb-szempont-hogy-a-jatekosok-elvezzek-a-merkozes-minden-pillanatat\/\" \/>\n<meta property=\"og:site_name\" content=\"Ubirat\u00e3 Online Not\u00edcias - A realidade ao seu alcance!\" \/>\n<meta property=\"article:publisher\" content=\"https:\/\/www.facebook.com\/portalubirataonline\" \/>\n<meta property=\"article:author\" content=\"https:\/\/www.facebook.com\/portalubirataonline\" \/>\n<meta property=\"article:published_time\" content=\"2026-05-06T21:52:16+00:00\" \/>\n<meta property=\"article:modified_time\" content=\"2026-05-06T21:52:19+00:00\" \/>\n<meta property=\"og:image\" content=\"https:\/\/ubirataonline.com.br\/wp-content\/uploads\/2026\/05\/A-legfontosabb-szempont-hogy-a-jatekosok-elvezzek-a-merkozes-minden.webp\" \/>\n\t<meta property=\"og:image:width\" content=\"1200\" \/>\n\t<meta property=\"og:image:height\" content=\"675\" \/>\n\t<meta property=\"og:image:type\" content=\"image\/webp\" \/>\n<meta name=\"author\" content=\"REDA\u00c7\u00c3O: UBIRAT\u00c3 ONLINE - F\u00c1BIO AUGUSTO CELESTINO\" \/>\n<meta name=\"twitter:card\" content=\"summary_large_image\" \/>\n<meta name=\"twitter:creator\" content=\"@x.com\/ubirataonline\" \/>\n<meta name=\"twitter:site\" content=\"@ubirataonline\" \/>\n<meta name=\"twitter:label1\" content=\"Written by\" \/>\n\t<meta name=\"twitter:data1\" content=\"REDA\u00c7\u00c3O: UBIRAT\u00c3 ONLINE - F\u00c1BIO AUGUSTO CELESTINO\" \/>\n\t<meta name=\"twitter:label2\" content=\"Est. reading time\" \/>\n\t<meta name=\"twitter:data2\" content=\"6 minutes\" \/>\n<script type=\"application\/ld+json\" class=\"yoast-schema-graph\">{\"@context\":\"https:\\\/\\\/schema.org\",\"@graph\":[{\"@type\":\"NewsArticle\",\"@id\":\"https:\\\/\\\/ubirataonline.com.br\\\/a-legfontosabb-szempont-hogy-a-jatekosok-elvezzek-a-merkozes-minden-pillanatat\\\/#article\",\"isPartOf\":{\"@id\":\"https:\\\/\\\/ubirataonline.com.br\\\/a-legfontosabb-szempont-hogy-a-jatekosok-elvezzek-a-merkozes-minden-pillanatat\\\/\"},\"author\":{\"name\":\"REDA\u00c7\u00c3O: UBIRAT\u00c3 ONLINE - F\u00c1BIO AUGUSTO CELESTINO\",\"@id\":\"https:\\\/\\\/ubirataonline.com.br\\\/#\\\/schema\\\/person\\\/372f87bbd3fdd79b8556b84c98d0bc1c\"},\"headline\":\"A legfontosabb szempont, hogy a j\u00e1t\u00e9kosok \u00e9lvezz\u00e9k a m\u00e9rk\u0151z\u00e9s minden pillanat\u00e1t\",\"datePublished\":\"2026-05-06T21:52:16+00:00\",\"dateModified\":\"2026-05-06T21:52:19+00:00\",\"mainEntityOfPage\":{\"@id\":\"https:\\\/\\\/ubirataonline.com.br\\\/a-legfontosabb-szempont-hogy-a-jatekosok-elvezzek-a-merkozes-minden-pillanatat\\\/\"},\"wordCount\":1206,\"publisher\":{\"@id\":\"https:\\\/\\\/ubirataonline.com.br\\\/#organization\"},\"image\":{\"@id\":\"https:\\\/\\\/ubirataonline.com.br\\\/a-legfontosabb-szempont-hogy-a-jatekosok-elvezzek-a-merkozes-minden-pillanatat\\\/#primaryimage\"},\"thumbnailUrl\":\"https:\\\/\\\/ubirataonline.com.br\\\/wp-content\\\/uploads\\\/2026\\\/05\\\/A-legfontosabb-szempont-hogy-a-jatekosok-elvezzek-a-merkozes-minden.webp\",\"keywords\":[\"\u00e9lvezz\u00e9k\",\"hogy\",\"j\u00e1t\u00e9kosok\",\"legfontosabb\",\"m\u00e9rk\u0151z\u00e9s\",\"minden\",\"pillanat\u00e1t\",\"szempont\"],\"articleSection\":[\"Europe\"],\"inLanguage\":\"en-US\",\"copyrightYear\":\"2026\",\"copyrightHolder\":{\"@id\":\"https:\\\/\\\/ubirataonline.com.br\\\/en\\\/#organization\"}},{\"@type\":\"WebPage\",\"@id\":\"https:\\\/\\\/ubirataonline.com.br\\\/a-legfontosabb-szempont-hogy-a-jatekosok-elvezzek-a-merkozes-minden-pillanatat\\\/\",\"url\":\"https:\\\/\\\/ubirataonline.com.br\\\/a-legfontosabb-szempont-hogy-a-jatekosok-elvezzek-a-merkozes-minden-pillanatat\\\/\",\"name\":\"A legfontosabb szempont, hogy a j\u00e1t\u00e9kosok \u00e9lvezz\u00e9k a m\u00e9rk\u0151z\u00e9s minden pillanat\u00e1t - Ubirat\u00e3 Online Not\u00edcias - A realidade ao seu alcance!\",\"isPartOf\":{\"@id\":\"https:\\\/\\\/ubirataonline.com.br\\\/#website\"},\"primaryImageOfPage\":{\"@id\":\"https:\\\/\\\/ubirataonline.com.br\\\/a-legfontosabb-szempont-hogy-a-jatekosok-elvezzek-a-merkozes-minden-pillanatat\\\/#primaryimage\"},\"image\":{\"@id\":\"https:\\\/\\\/ubirataonline.com.br\\\/a-legfontosabb-szempont-hogy-a-jatekosok-elvezzek-a-merkozes-minden-pillanatat\\\/#primaryimage\"},\"thumbnailUrl\":\"https:\\\/\\\/ubirataonline.com.br\\\/wp-content\\\/uploads\\\/2026\\\/05\\\/A-legfontosabb-szempont-hogy-a-jatekosok-elvezzek-a-merkozes-minden.webp\",\"datePublished\":\"2026-05-06T21:52:16+00:00\",\"dateModified\":\"2026-05-06T21:52:19+00:00\",\"description\":\"\u2013 Kupaspecialist\u00e1nak sz\u00e1m\u00edt, hiszen j\u00e1t\u00e9kosk\u00e9nt, p\u00e1lyaedz\u0151k\u00e9nt \u00e9s vezet\u0151edz\u0151k\u00e9nt is szerepelt m\u00e1r d\u00f6nt\u0151ben. Szombaton itt a k\u00f6vetkez\u0151: a Pusk\u00e1s Ar\u00e9n\u00e1ban a\",\"breadcrumb\":{\"@id\":\"https:\\\/\\\/ubirataonline.com.br\\\/a-legfontosabb-szempont-hogy-a-jatekosok-elvezzek-a-merkozes-minden-pillanatat\\\/#breadcrumb\"},\"inLanguage\":\"en-US\",\"potentialAction\":[{\"@type\":\"ReadAction\",\"target\":[\"https:\\\/\\\/ubirataonline.com.br\\\/a-legfontosabb-szempont-hogy-a-jatekosok-elvezzek-a-merkozes-minden-pillanatat\\\/\"]}]},{\"@type\":\"ImageObject\",\"inLanguage\":\"en-US\",\"@id\":\"https:\\\/\\\/ubirataonline.com.br\\\/a-legfontosabb-szempont-hogy-a-jatekosok-elvezzek-a-merkozes-minden-pillanatat\\\/#primaryimage\",\"url\":\"https:\\\/\\\/ubirataonline.com.br\\\/wp-content\\\/uploads\\\/2026\\\/05\\\/A-legfontosabb-szempont-hogy-a-jatekosok-elvezzek-a-merkozes-minden.webp\",\"contentUrl\":\"https:\\\/\\\/ubirataonline.com.br\\\/wp-content\\\/uploads\\\/2026\\\/05\\\/A-legfontosabb-szempont-hogy-a-jatekosok-elvezzek-a-merkozes-minden.webp\",\"width\":1200,\"height\":675,\"caption\":\"A legfontosabb szempont, hogy a j\u00e1t\u00e9kosok \u00e9lvezz\u00e9k a m\u00e9rk\u0151z\u00e9s minden pillanat\u00e1t\"},{\"@type\":\"BreadcrumbList\",\"@id\":\"https:\\\/\\\/ubirataonline.com.br\\\/a-legfontosabb-szempont-hogy-a-jatekosok-elvezzek-a-merkozes-minden-pillanatat\\\/#breadcrumb\",\"itemListElement\":[{\"@type\":\"ListItem\",\"position\":1,\"name\":\"In\u00edcio\",\"item\":\"https:\\\/\\\/ubirataonline.com.br\\\/\"},{\"@type\":\"ListItem\",\"position\":2,\"name\":\"A legfontosabb szempont, hogy a j\u00e1t\u00e9kosok \u00e9lvezz\u00e9k a m\u00e9rk\u0151z\u00e9s minden pillanat\u00e1t\"}]},{\"@type\":\"WebSite\",\"@id\":\"https:\\\/\\\/ubirataonline.com.br\\\/#website\",\"url\":\"https:\\\/\\\/ubirataonline.com.br\\\/\",\"name\":\"Ubirat\u00e3 Online Not\u00edcias\",\"description\":\"Not\u00edcias de Ubirat\u00e3, regi\u00e3o, Brasil e mundo, com informa\u00e7\u00e3o atualizada e compromisso com o leitor.\",\"publisher\":{\"@id\":\"https:\\\/\\\/ubirataonline.com.br\\\/#organization\"},\"alternateName\":\"Ubirat\u00e3 Online\",\"potentialAction\":[{\"@type\":\"SearchAction\",\"target\":{\"@type\":\"EntryPoint\",\"urlTemplate\":\"https:\\\/\\\/ubirataonline.com.br\\\/?s={search_term_string}\"},\"query-input\":{\"@type\":\"PropertyValueSpecification\",\"valueRequired\":true,\"valueName\":\"search_term_string\"}}],\"inLanguage\":\"en-US\"},{\"@type\":[\"Organization\",\"Place\"],\"@id\":\"https:\\\/\\\/ubirataonline.com.br\\\/#organization\",\"name\":\"Ubirat\u00e3 Online Not\u00edcias\",\"alternateName\":\"Ubirat\u00e3 Online\",\"url\":\"https:\\\/\\\/ubirataonline.com.br\\\/\",\"logo\":{\"@id\":\"https:\\\/\\\/ubirataonline.com.br\\\/a-legfontosabb-szempont-hogy-a-jatekosok-elvezzek-a-merkozes-minden-pillanatat\\\/#local-main-organization-logo\"},\"image\":{\"@id\":\"https:\\\/\\\/ubirataonline.com.br\\\/a-legfontosabb-szempont-hogy-a-jatekosok-elvezzek-a-merkozes-minden-pillanatat\\\/#local-main-organization-logo\"},\"sameAs\":[\"https:\\\/\\\/www.facebook.com\\\/portalubirataonline\",\"https:\\\/\\\/x.com\\\/ubirataonline\",\"https:\\\/\\\/mastodon.social\\\/@ubirataonline\",\"https:\\\/\\\/www.facebook.com\\\/groups\\\/311144672285604\",\"https:\\\/\\\/www.facebook.com\\\/UBTAOnline\",\"https:\\\/\\\/www.instagram.com\\\/portalubirataonline\\\/\",\"https:\\\/\\\/twitter.com\\\/ubirataonline\"],\"description\":\"Somos um portal de not\u00edcias independente, criado em 5 de janeiro de 2009, com o objetivo de informar, conectar e valorizar a nossa comunidade de Ubirat\u00e3 e toda aregi\u00e3o. Com conte\u00fado atualizado, confi\u00e1vel e relevante, o Ubirat\u00e3 Online \u00e9 o seu espa\u00e7o para ficar por dentro dos principais acontecimentos locais, regionais, Brasil, Mundo e de interesse geral. Nosso compromisso \u00e9 com a verdade, a transpar\u00eancia e o respeito ao leitor.\",\"legalName\":\"UBIRATA ONLINE NOT\u00cdCIAS\",\"foundingDate\":\"2009-01-05\",\"numberOfEmployees\":{\"@type\":\"QuantitativeValue\",\"minValue\":\"1\",\"maxValue\":\"10\"},\"publishingPrinciples\":\"https:\\\/\\\/ubirataonline.com.br\\\/faq\\\/\",\"address\":{\"@id\":\"https:\\\/\\\/ubirataonline.com.br\\\/a-legfontosabb-szempont-hogy-a-jatekosok-elvezzek-a-merkozes-minden-pillanatat\\\/#local-main-place-address\"},\"geo\":{\"@type\":\"GeoCoordinates\",\"latitude\":\"-24.5361401\",\"longitude\":\"-52.9921776\"},\"telephone\":[\"+5544998308235\"],\"contactPoint\":{\"@type\":\"ContactPoint\",\"email\":\"contato@ubirataonline.com.br\"},\"openingHoursSpecification\":{\"@type\":\"OpeningHoursSpecification\",\"dayOfWeek\":[\"Monday\",\"Tuesday\",\"Wednesday\",\"Thursday\",\"Friday\",\"Saturday\",\"Sunday\"],\"opens\":\"00:00\",\"closes\":\"23:59\"},\"email\":\"contato@ubirataonline.com.br\",\"vatID\":\"47.621.418\\\/0001-80\"},{\"@type\":\"Person\",\"@id\":\"https:\\\/\\\/ubirataonline.com.br\\\/#\\\/schema\\\/person\\\/372f87bbd3fdd79b8556b84c98d0bc1c\",\"name\":\"REDA\u00c7\u00c3O: UBIRAT\u00c3 ONLINE - F\u00c1BIO AUGUSTO CELESTINO\",\"pronouns\":\"Ele\",\"description\":\"Desde 2003 trabalhando com not\u00edcias.\",\"sameAs\":[\"http:\\\/\\\/ubirataoline.com.br\",\"https:\\\/\\\/www.facebook.com\\\/portalubirataonline\",\"https:\\\/\\\/www.instagram.com\\\/ubirataonline_oficial\",\"https:\\\/\\\/x.com\\\/x.com\\\/ubirataonline\"],\"honorificPrefix\":\"Mr.\",\"honorificSuffix\":\"MD\",\"birthDate\":\"1980-06-16\",\"gender\":\"masculino\",\"award\":[\"V\u00e1rios pr\u00eamios de melhor portal da cidade\"],\"jobTitle\":\"Diretor\",\"url\":\"https:\\\/\\\/ubirataonline.com.br\\\/en\\\/author\\\/ubirataonline\\\/\"},{\"@type\":\"PostalAddress\",\"@id\":\"https:\\\/\\\/ubirataonline.com.br\\\/a-legfontosabb-szempont-hogy-a-jatekosok-elvezzek-a-merkozes-minden-pillanatat\\\/#local-main-place-address\",\"streetAddress\":\"Rua dos Coqueiros, 104 - Bairro Boa Vista, Rua dos Coqueiros, 104 Bairro Boa Vista\",\"addressLocality\":\"UBIRATA\",\"postalCode\":\"85440-000\",\"addressRegion\":\"PR\",\"addressCountry\":\"BR\"},{\"@type\":\"ImageObject\",\"inLanguage\":\"en-US\",\"@id\":\"https:\\\/\\\/ubirataonline.com.br\\\/a-legfontosabb-szempont-hogy-a-jatekosok-elvezzek-a-merkozes-minden-pillanatat\\\/#local-main-organization-logo\",\"url\":\"https:\\\/\\\/ubirataonline.com.br\\\/wp-content\\\/uploads\\\/2026\\\/06\\\/logoubirataonline-1.webp\",\"contentUrl\":\"https:\\\/\\\/ubirataonline.com.br\\\/wp-content\\\/uploads\\\/2026\\\/06\\\/logoubirataonline-1.webp\",\"width\":500,\"height\":500,\"caption\":\"Ubirat\u00e3 Online Not\u00edcias\"}]}<\/script>\n<meta name=\"geo.placename\" content=\"UBIRATA\" \/>\n<meta name=\"geo.position\" content=\"-24.5361401;-52.9921776\" \/>\n<meta name=\"geo.region\" content=\"Brazil\" \/>\n<!-- \/ Yoast SEO Premium plugin. -->","yoast_head_json":{"title":"A legfontosabb szempont, hogy a j\u00e1t\u00e9kosok \u00e9lvezz\u00e9k a m\u00e9rk\u0151z\u00e9s minden pillanat\u00e1t - Ubirat\u00e3 Online Not\u00edcias - A realidade ao seu alcance!","description":"\u2013 Kupaspecialist\u00e1nak sz\u00e1m\u00edt, hiszen j\u00e1t\u00e9kosk\u00e9nt, p\u00e1lyaedz\u0151k\u00e9nt \u00e9s vezet\u0151edz\u0151k\u00e9nt is szerepelt m\u00e1r d\u00f6nt\u0151ben. Szombaton itt a k\u00f6vetkez\u0151: a Pusk\u00e1s Ar\u00e9n\u00e1ban a","robots":{"index":"index","follow":"follow","max-snippet":"max-snippet:-1","max-image-preview":"max-image-preview:large","max-video-preview":"max-video-preview:-1"},"canonical":"https:\/\/ubirataonline.com.br\/en\/a-legfontosabb-szempont-hogy-a-jatekosok-elvezzek-a-merkozes-minden-pillanatat\/","og_locale":"en_US","og_type":"article","og_title":"A legfontosabb szempont, hogy a j\u00e1t\u00e9kosok \u00e9lvezz\u00e9k a m\u00e9rk\u0151z\u00e9s minden pillanat\u00e1t","og_description":"\u2013 Kupaspecialist\u00e1nak sz\u00e1m\u00edt, hiszen j\u00e1t\u00e9kosk\u00e9nt, p\u00e1lyaedz\u0151k\u00e9nt \u00e9s vezet\u0151edz\u0151k\u00e9nt is szerepelt m\u00e1r d\u00f6nt\u0151ben. Szombaton itt a k\u00f6vetkez\u0151: a Pusk\u00e1s Ar\u00e9n\u00e1ban a","og_url":"https:\/\/ubirataonline.com.br\/en\/a-legfontosabb-szempont-hogy-a-jatekosok-elvezzek-a-merkozes-minden-pillanatat\/","og_site_name":"Ubirat\u00e3 Online Not\u00edcias - A realidade ao seu alcance!","article_publisher":"https:\/\/www.facebook.com\/portalubirataonline","article_author":"https:\/\/www.facebook.com\/portalubirataonline","article_published_time":"2026-05-06T21:52:16+00:00","article_modified_time":"2026-05-06T21:52:19+00:00","og_image":[{"width":1200,"height":675,"url":"https:\/\/ubirataonline.com.br\/wp-content\/uploads\/2026\/05\/A-legfontosabb-szempont-hogy-a-jatekosok-elvezzek-a-merkozes-minden.webp","type":"image\/webp"}],"author":"REDA\u00c7\u00c3O: UBIRAT\u00c3 ONLINE - F\u00c1BIO AUGUSTO CELESTINO","twitter_card":"summary_large_image","twitter_creator":"@x.com\/ubirataonline","twitter_site":"@ubirataonline","twitter_misc":{"Written by":"REDA\u00c7\u00c3O: UBIRAT\u00c3 ONLINE - F\u00c1BIO AUGUSTO CELESTINO","Est. reading time":"6 minutes"},"schema":{"@context":"https:\/\/schema.org","@graph":[{"@type":"NewsArticle","@id":"https:\/\/ubirataonline.com.br\/a-legfontosabb-szempont-hogy-a-jatekosok-elvezzek-a-merkozes-minden-pillanatat\/#article","isPartOf":{"@id":"https:\/\/ubirataonline.com.br\/a-legfontosabb-szempont-hogy-a-jatekosok-elvezzek-a-merkozes-minden-pillanatat\/"},"author":{"name":"REDA\u00c7\u00c3O: UBIRAT\u00c3 ONLINE - F\u00c1BIO AUGUSTO CELESTINO","@id":"https:\/\/ubirataonline.com.br\/#\/schema\/person\/372f87bbd3fdd79b8556b84c98d0bc1c"},"headline":"A legfontosabb szempont, hogy a j\u00e1t\u00e9kosok \u00e9lvezz\u00e9k a m\u00e9rk\u0151z\u00e9s minden pillanat\u00e1t","datePublished":"2026-05-06T21:52:16+00:00","dateModified":"2026-05-06T21:52:19+00:00","mainEntityOfPage":{"@id":"https:\/\/ubirataonline.com.br\/a-legfontosabb-szempont-hogy-a-jatekosok-elvezzek-a-merkozes-minden-pillanatat\/"},"wordCount":1206,"publisher":{"@id":"https:\/\/ubirataonline.com.br\/#organization"},"image":{"@id":"https:\/\/ubirataonline.com.br\/a-legfontosabb-szempont-hogy-a-jatekosok-elvezzek-a-merkozes-minden-pillanatat\/#primaryimage"},"thumbnailUrl":"https:\/\/ubirataonline.com.br\/wp-content\/uploads\/2026\/05\/A-legfontosabb-szempont-hogy-a-jatekosok-elvezzek-a-merkozes-minden.webp","keywords":["\u00e9lvezz\u00e9k","hogy","j\u00e1t\u00e9kosok","legfontosabb","m\u00e9rk\u0151z\u00e9s","minden","pillanat\u00e1t","szempont"],"articleSection":["Europe"],"inLanguage":"en-US","copyrightYear":"2026","copyrightHolder":{"@id":"https:\/\/ubirataonline.com.br\/en\/#organization"}},{"@type":"WebPage","@id":"https:\/\/ubirataonline.com.br\/a-legfontosabb-szempont-hogy-a-jatekosok-elvezzek-a-merkozes-minden-pillanatat\/","url":"https:\/\/ubirataonline.com.br\/a-legfontosabb-szempont-hogy-a-jatekosok-elvezzek-a-merkozes-minden-pillanatat\/","name":"A legfontosabb szempont, hogy a j\u00e1t\u00e9kosok \u00e9lvezz\u00e9k a m\u00e9rk\u0151z\u00e9s minden pillanat\u00e1t - Ubirat\u00e3 Online Not\u00edcias - A realidade ao seu alcance!","isPartOf":{"@id":"https:\/\/ubirataonline.com.br\/#website"},"primaryImageOfPage":{"@id":"https:\/\/ubirataonline.com.br\/a-legfontosabb-szempont-hogy-a-jatekosok-elvezzek-a-merkozes-minden-pillanatat\/#primaryimage"},"image":{"@id":"https:\/\/ubirataonline.com.br\/a-legfontosabb-szempont-hogy-a-jatekosok-elvezzek-a-merkozes-minden-pillanatat\/#primaryimage"},"thumbnailUrl":"https:\/\/ubirataonline.com.br\/wp-content\/uploads\/2026\/05\/A-legfontosabb-szempont-hogy-a-jatekosok-elvezzek-a-merkozes-minden.webp","datePublished":"2026-05-06T21:52:16+00:00","dateModified":"2026-05-06T21:52:19+00:00","description":"\u2013 Kupaspecialist\u00e1nak sz\u00e1m\u00edt, hiszen j\u00e1t\u00e9kosk\u00e9nt, p\u00e1lyaedz\u0151k\u00e9nt \u00e9s vezet\u0151edz\u0151k\u00e9nt is szerepelt m\u00e1r d\u00f6nt\u0151ben. Szombaton itt a k\u00f6vetkez\u0151: a Pusk\u00e1s Ar\u00e9n\u00e1ban a","breadcrumb":{"@id":"https:\/\/ubirataonline.com.br\/a-legfontosabb-szempont-hogy-a-jatekosok-elvezzek-a-merkozes-minden-pillanatat\/#breadcrumb"},"inLanguage":"en-US","potentialAction":[{"@type":"ReadAction","target":["https:\/\/ubirataonline.com.br\/a-legfontosabb-szempont-hogy-a-jatekosok-elvezzek-a-merkozes-minden-pillanatat\/"]}]},{"@type":"ImageObject","inLanguage":"en-US","@id":"https:\/\/ubirataonline.com.br\/a-legfontosabb-szempont-hogy-a-jatekosok-elvezzek-a-merkozes-minden-pillanatat\/#primaryimage","url":"https:\/\/ubirataonline.com.br\/wp-content\/uploads\/2026\/05\/A-legfontosabb-szempont-hogy-a-jatekosok-elvezzek-a-merkozes-minden.webp","contentUrl":"https:\/\/ubirataonline.com.br\/wp-content\/uploads\/2026\/05\/A-legfontosabb-szempont-hogy-a-jatekosok-elvezzek-a-merkozes-minden.webp","width":1200,"height":675,"caption":"A legfontosabb szempont, hogy a j\u00e1t\u00e9kosok \u00e9lvezz\u00e9k a m\u00e9rk\u0151z\u00e9s minden pillanat\u00e1t"},{"@type":"BreadcrumbList","@id":"https:\/\/ubirataonline.com.br\/a-legfontosabb-szempont-hogy-a-jatekosok-elvezzek-a-merkozes-minden-pillanatat\/#breadcrumb","itemListElement":[{"@type":"ListItem","position":1,"name":"In\u00edcio","item":"https:\/\/ubirataonline.com.br\/"},{"@type":"ListItem","position":2,"name":"A legfontosabb szempont, hogy a j\u00e1t\u00e9kosok \u00e9lvezz\u00e9k a m\u00e9rk\u0151z\u00e9s minden pillanat\u00e1t"}]},{"@type":"WebSite","@id":"https:\/\/ubirataonline.com.br\/#website","url":"https:\/\/ubirataonline.com.br\/","name":"Ubirat\u00e3 Online Not\u00edcias","description":"Not\u00edcias de Ubirat\u00e3, regi\u00e3o, Brasil e mundo, com informa\u00e7\u00e3o atualizada e compromisso com o leitor.","publisher":{"@id":"https:\/\/ubirataonline.com.br\/#organization"},"alternateName":"Ubirat\u00e3 Online","potentialAction":[{"@type":"SearchAction","target":{"@type":"EntryPoint","urlTemplate":"https:\/\/ubirataonline.com.br\/?s={search_term_string}"},"query-input":{"@type":"PropertyValueSpecification","valueRequired":true,"valueName":"search_term_string"}}],"inLanguage":"en-US"},{"@type":["Organization","Place"],"@id":"https:\/\/ubirataonline.com.br\/#organization","name":"Ubirat\u00e3 Online Not\u00edcias","alternateName":"Ubirat\u00e3 Online","url":"https:\/\/ubirataonline.com.br\/","logo":{"@id":"https:\/\/ubirataonline.com.br\/a-legfontosabb-szempont-hogy-a-jatekosok-elvezzek-a-merkozes-minden-pillanatat\/#local-main-organization-logo"},"image":{"@id":"https:\/\/ubirataonline.com.br\/a-legfontosabb-szempont-hogy-a-jatekosok-elvezzek-a-merkozes-minden-pillanatat\/#local-main-organization-logo"},"sameAs":["https:\/\/www.facebook.com\/portalubirataonline","https:\/\/x.com\/ubirataonline","https:\/\/mastodon.social\/@ubirataonline","https:\/\/www.facebook.com\/groups\/311144672285604","https:\/\/www.facebook.com\/UBTAOnline","https:\/\/www.instagram.com\/portalubirataonline\/","https:\/\/twitter.com\/ubirataonline"],"description":"Somos um portal de not\u00edcias independente, criado em 5 de janeiro de 2009, com o objetivo de informar, conectar e valorizar a nossa comunidade de Ubirat\u00e3 e toda aregi\u00e3o. Com conte\u00fado atualizado, confi\u00e1vel e relevante, o Ubirat\u00e3 Online \u00e9 o seu espa\u00e7o para ficar por dentro dos principais acontecimentos locais, regionais, Brasil, Mundo e de interesse geral. Nosso compromisso \u00e9 com a verdade, a transpar\u00eancia e o respeito ao leitor.","legalName":"UBIRATA ONLINE NOT\u00cdCIAS","foundingDate":"2009-01-05","numberOfEmployees":{"@type":"QuantitativeValue","minValue":"1","maxValue":"10"},"publishingPrinciples":"https:\/\/ubirataonline.com.br\/faq\/","address":{"@id":"https:\/\/ubirataonline.com.br\/a-legfontosabb-szempont-hogy-a-jatekosok-elvezzek-a-merkozes-minden-pillanatat\/#local-main-place-address"},"geo":{"@type":"GeoCoordinates","latitude":"-24.5361401","longitude":"-52.9921776"},"telephone":["+5544998308235"],"contactPoint":{"@type":"ContactPoint","email":"contato@ubirataonline.com.br"},"openingHoursSpecification":{"@type":"OpeningHoursSpecification","dayOfWeek":["Monday","Tuesday","Wednesday","Thursday","Friday","Saturday","Sunday"],"opens":"00:00","closes":"23:59"},"email":"contato@ubirataonline.com.br","vatID":"47.621.418\/0001-80"},{"@type":"Person","@id":"https:\/\/ubirataonline.com.br\/#\/schema\/person\/372f87bbd3fdd79b8556b84c98d0bc1c","name":"REDA\u00c7\u00c3O: UBIRAT\u00c3 ONLINE - F\u00c1BIO AUGUSTO CELESTINO","pronouns":"Ele","description":"Desde 2003 trabalhando com not\u00edcias.","sameAs":["http:\/\/ubirataoline.com.br","https:\/\/www.facebook.com\/portalubirataonline","https:\/\/www.instagram.com\/ubirataonline_oficial","https:\/\/x.com\/x.com\/ubirataonline"],"honorificPrefix":"Mr.","honorificSuffix":"MD","birthDate":"1980-06-16","gender":"masculino","award":["V\u00e1rios pr\u00eamios de melhor portal da cidade"],"jobTitle":"Diretor","url":"https:\/\/ubirataonline.com.br\/en\/author\/ubirataonline\/"},{"@type":"PostalAddress","@id":"https:\/\/ubirataonline.com.br\/a-legfontosabb-szempont-hogy-a-jatekosok-elvezzek-a-merkozes-minden-pillanatat\/#local-main-place-address","streetAddress":"Rua dos Coqueiros, 104 - Bairro Boa Vista, Rua dos Coqueiros, 104 Bairro Boa Vista","addressLocality":"UBIRATA","postalCode":"85440-000","addressRegion":"PR","addressCountry":"BR"},{"@type":"ImageObject","inLanguage":"en-US","@id":"https:\/\/ubirataonline.com.br\/a-legfontosabb-szempont-hogy-a-jatekosok-elvezzek-a-merkozes-minden-pillanatat\/#local-main-organization-logo","url":"https:\/\/ubirataonline.com.br\/wp-content\/uploads\/2026\/06\/logoubirataonline-1.webp","contentUrl":"https:\/\/ubirataonline.com.br\/wp-content\/uploads\/2026\/06\/logoubirataonline-1.webp","width":500,"height":500,"caption":"Ubirat\u00e3 Online Not\u00edcias"}]},"geo.placename":"UBIRATA","geo.position":{"lat":"-24.5361401","long":"-52.9921776"},"geo.region":"Brazil"},"_links":{"self":[{"href":"https:\/\/ubirataonline.com.br\/en\/wp-json\/wp\/v2\/posts\/122744","targetHints":{"allow":["GET"]}}],"collection":[{"href":"https:\/\/ubirataonline.com.br\/en\/wp-json\/wp\/v2\/posts"}],"about":[{"href":"https:\/\/ubirataonline.com.br\/en\/wp-json\/wp\/v2\/types\/post"}],"author":[{"embeddable":true,"href":"https:\/\/ubirataonline.com.br\/en\/wp-json\/wp\/v2\/users\/1"}],"replies":[{"embeddable":true,"href":"https:\/\/ubirataonline.com.br\/en\/wp-json\/wp\/v2\/comments?post=122744"}],"version-history":[{"count":0,"href":"https:\/\/ubirataonline.com.br\/en\/wp-json\/wp\/v2\/posts\/122744\/revisions"}],"wp:featuredmedia":[{"embeddable":true,"href":"https:\/\/ubirataonline.com.br\/en\/wp-json\/wp\/v2\/media\/122745"}],"wp:attachment":[{"href":"https:\/\/ubirataonline.com.br\/en\/wp-json\/wp\/v2\/media?parent=122744"}],"wp:term":[{"taxonomy":"category","embeddable":true,"href":"https:\/\/ubirataonline.com.br\/en\/wp-json\/wp\/v2\/categories?post=122744"},{"taxonomy":"post_tag","embeddable":true,"href":"https:\/\/ubirataonline.com.br\/en\/wp-json\/wp\/v2\/tags?post=122744"}],"curies":[{"name":"wp","href":"https:\/\/api.w.org\/{rel}","templated":true}]}}