{"id":122786,"date":"2026-05-06T19:58:12","date_gmt":"2026-05-06T22:58:12","guid":{"rendered":"https:\/\/ubirataonline.com.br\/craig-melvin-set-to-keynote-villanova-university-2026-commencement\/"},"modified":"2026-05-06T19:58:15","modified_gmt":"2026-05-06T22:58:15","slug":"craig-melvin-set-to-keynote-villanova-university-2026-commencement","status":"publish","type":"post","link":"https:\/\/ubirataonline.com.br\/en\/craig-melvin-set-to-keynote-villanova-university-2026-commencement\/","title":{"rendered":"Craig Melvin Set to Keynote Villanova University 2026 Commencement"},"content":{"rendered":"<p><br \/>\n<\/p>\n<div>\n<p>Villanova University officials announced that NBC TODAY co-anchor Craig Melvin will deliver the commencement address for the Class of 2026 on Tuesday, May 19. The ceremony is scheduled for 2:30 p.m. at Villanova Stadium, where the veteran journalist will also receive an honorary Doctor of Humane Letters degree.<\/p>\n<p>The 183rd commencement marks a significant milestone for the university, honoring Melvin for his 25-year career in <a href=\"https:\/\/www.asatunews.co.id\/en\/tag\/journalism\" title=\"Journalism\">journalism<\/a>. According to Villanova University, the event will move to the Finneran Pavilion as a contingency plan if the area experiences severe weather conditions.<\/p>\n<p><!-- setelah paragraf 2 --><\/p>\n<p>Melvin currently serves as a co-anchor for the third hour of TODAY and hosts Dateline NBC. His professional background includes extensive reporting on national political conventions and major criminal cases, following his start at WIS-TV in Columbia, South Carolina, and WRC in Washington, D.C.<\/p>\n<aside class=\"oduu-widget oduu-posts-related\" role=\"complementary\" aria-label=\"Also Read\">&#13;<\/p>\n<div class=\"oduu-widget-content\">\n<div class=\"oduu-article-item\">\n<div class=\"oduu-article-image\"><\/div>\n<\/p><\/div>\n<\/p><\/div>\n<p>&#13;<br \/>\n            <\/aside>\n<figure><figcaption>Craig Melvin Career Milestones<\/figcaption><table>\n<thead>\n<tr>\n<th>Career Milestone<\/th>\n<th>Details<\/th>\n<\/tr>\n<\/thead>\n<tbody>\n<tr>\n<td>Birth Date<\/td>\n<td>May 20, 1979 (age 46)<\/td>\n<\/tr>\n<tr>\n<td>College<\/td>\n<td>Wofford College, BA in Government, 2001<\/td>\n<\/tr>\n<tr>\n<td>Start at NBC<\/td>\n<td>July 2011 (MSNBC and NBC News)<\/td>\n<\/tr>\n<tr>\n<td>TODAY Role<\/td>\n<td>Co-anchor (August 2018 to present), Third Hour co-host<\/td>\n<\/tr>\n<\/tbody>\n<\/table>\n<\/figure>\n<p>The journalist expressed his enthusiasm for the upcoming event through a public statement regarding his selection as the keynote speaker for the graduating class.<\/p>\n<p>&#8220;Honored and truly excited to share that I\u2019ll be delivering the commencement address at Villanova University for the Class of 2026. See you in May, Wildcats,&#8221; stated Craig Melvin, NBC News TODAY co-anchor.<\/p>\n<p>Beyond his television roles, Melvin is an author of two books and serves on the board of the Colorectal Cancer Alliance. His appointment aligns with Villanova&#8217;s Augustinian Catholic tradition of ethical leadership, as reported by the university&#8217;s official press release.<\/p>\n<aside class=\"oduu-widget oduu-posts-related\" role=\"complementary\" aria-label=\"Also Read\">&#13;<\/p>\n<div class=\"oduu-widget-content\">\n<div class=\"oduu-article-item\">\n<div class=\"oduu-article-image\">\n                            <img src=\"https:\/\/cdn.asatunews.co.id\/media\/images\/2026\/05\/eWvpqsrLzb.jpeg?location=1&amp;width=75&amp;height=75&amp;quality=90\" alt=\"Journalists Face Growing Legal Threats Prior to Article Publication\" width=\"75\" height=\"75\" loading=\"lazy\" decoding=\"async\" fetchpriority=\"low\"\/>\n                        <\/div>\n<\/p><\/div>\n<\/p><\/div>\n<p>&#13;<br \/>\n            <\/aside>\n<p>The commencement proceedings will be accessible to a global audience through a live online stream. University officials noted that the two-day graduation schedule spans May 19 and 20, 2026.<\/p>\n<p>                <!-- AdSpaces - Post Content Sticky (After Content) --><\/p><\/div>\n<p><br \/>\n<br \/><a href=\"https:\/\/www.asatunews.co.id\/en\/craig-melvin-villanova-commencement-speaker\">Source link <\/a><\/p>","protected":false},"excerpt":{"rendered":"<p>Villanova University officials announced that NBC TODAY co-anchor Craig Melvin will deliver the commencement address for the Class of 2026 on Tuesday, May 19. The ceremony is scheduled for 2:30 p.m. at Villanova Stadium, where the veteran journalist will also receive an honorary Doctor of Humane Letters degree. The 183rd commencement marks a significant milestone [&hellip;]<\/p>\n","protected":false},"author":1,"featured_media":122787,"comment_status":"closed","ping_status":"","sticky":false,"template":"","format":"standard","meta":{"googlesitekit_rrm_CAow2JLhCw:productID":"","_gspb_post_css":"","maa_idioma":"","maa_pais":"","footnotes":""},"categories":[1],"tags":[20322,9394,20092,33495,3476,7083,16635],"class_list":["post-122786","post","type-post","status-publish","format-standard","has-post-thumbnail","hentry","category-ubirata","tag-commencement","tag-craig","tag-keynote","tag-melvin","tag-set","tag-university","tag-villanova"],"blocksy_meta":[],"yoast_head":"<!-- This site is optimized with the Yoast SEO Premium plugin v27.6 (Yoast SEO v27.6) - https:\/\/yoast.com\/product\/yoast-seo-premium-wordpress\/ -->\n<title>Craig Melvin Set to Keynote Villanova University 2026 Commencement - Ubirat\u00e3 Online Not\u00edcias - A realidade ao seu alcance!<\/title>\n<meta name=\"description\" content=\"Villanova University officials announced that NBC TODAY co-anchor Craig Melvin will deliver the commencement address for the Class of 2026 on Tuesday, May\" \/>\n<meta name=\"robots\" content=\"index, follow, max-snippet:-1, max-image-preview:large, max-video-preview:-1\" \/>\n<link rel=\"canonical\" href=\"https:\/\/ubirataonline.com.br\/en\/craig-melvin-set-to-keynote-villanova-university-2026-commencement\/\" \/>\n<meta property=\"og:locale\" content=\"en_US\" \/>\n<meta property=\"og:type\" content=\"article\" \/>\n<meta property=\"og:title\" content=\"Craig Melvin Set to Keynote Villanova University 2026 Commencement\" \/>\n<meta property=\"og:description\" content=\"Villanova University officials announced that NBC TODAY co-anchor Craig Melvin will deliver the commencement address for the Class of 2026 on Tuesday, May\" \/>\n<meta property=\"og:url\" content=\"https:\/\/ubirataonline.com.br\/en\/craig-melvin-set-to-keynote-villanova-university-2026-commencement\/\" \/>\n<meta property=\"og:site_name\" content=\"Ubirat\u00e3 Online Not\u00edcias - A realidade ao seu alcance!\" \/>\n<meta property=\"article:publisher\" content=\"https:\/\/www.facebook.com\/portalubirataonline\" \/>\n<meta property=\"article:author\" content=\"https:\/\/www.facebook.com\/portalubirataonline\" \/>\n<meta property=\"article:published_time\" content=\"2026-05-06T22:58:12+00:00\" \/>\n<meta property=\"article:modified_time\" content=\"2026-05-06T22:58:15+00:00\" \/>\n<meta property=\"og:image\" content=\"https:\/\/ubirataonline.com.br\/wp-content\/uploads\/2026\/05\/Craig-Melvin-Set-to-Keynote-Villanova-University-2026-Commencement.jpeg\" \/>\n\t<meta property=\"og:image:width\" content=\"1200\" \/>\n\t<meta property=\"og:image:height\" content=\"674\" \/>\n\t<meta property=\"og:image:type\" content=\"image\/jpeg\" \/>\n<meta name=\"author\" content=\"REDA\u00c7\u00c3O: UBIRAT\u00c3 ONLINE - F\u00c1BIO AUGUSTO CELESTINO\" \/>\n<meta name=\"twitter:card\" content=\"summary_large_image\" \/>\n<meta name=\"twitter:creator\" content=\"@x.com\/ubirataonline\" \/>\n<meta name=\"twitter:site\" content=\"@ubirataonline\" \/>\n<meta name=\"twitter:label1\" content=\"Written by\" \/>\n\t<meta name=\"twitter:data1\" content=\"REDA\u00c7\u00c3O: UBIRAT\u00c3 ONLINE - F\u00c1BIO AUGUSTO CELESTINO\" \/>\n\t<meta name=\"twitter:label2\" content=\"Est. reading time\" \/>\n\t<meta name=\"twitter:data2\" content=\"1 minute\" \/>\n<script type=\"application\/ld+json\" class=\"yoast-schema-graph\">{\"@context\":\"https:\\\/\\\/schema.org\",\"@graph\":[{\"@type\":\"NewsArticle\",\"@id\":\"https:\\\/\\\/ubirataonline.com.br\\\/craig-melvin-set-to-keynote-villanova-university-2026-commencement\\\/#article\",\"isPartOf\":{\"@id\":\"https:\\\/\\\/ubirataonline.com.br\\\/craig-melvin-set-to-keynote-villanova-university-2026-commencement\\\/\"},\"author\":{\"name\":\"REDA\u00c7\u00c3O: UBIRAT\u00c3 ONLINE - F\u00c1BIO AUGUSTO CELESTINO\",\"@id\":\"https:\\\/\\\/ubirataonline.com.br\\\/#\\\/schema\\\/person\\\/372f87bbd3fdd79b8556b84c98d0bc1c\"},\"headline\":\"Craig Melvin Set to Keynote Villanova University 2026 Commencement\",\"datePublished\":\"2026-05-06T22:58:12+00:00\",\"dateModified\":\"2026-05-06T22:58:15+00:00\",\"mainEntityOfPage\":{\"@id\":\"https:\\\/\\\/ubirataonline.com.br\\\/craig-melvin-set-to-keynote-villanova-university-2026-commencement\\\/\"},\"wordCount\":303,\"publisher\":{\"@id\":\"https:\\\/\\\/ubirataonline.com.br\\\/#organization\"},\"image\":{\"@id\":\"https:\\\/\\\/ubirataonline.com.br\\\/craig-melvin-set-to-keynote-villanova-university-2026-commencement\\\/#primaryimage\"},\"thumbnailUrl\":\"https:\\\/\\\/ubirataonline.com.br\\\/wp-content\\\/uploads\\\/2026\\\/05\\\/Craig-Melvin-Set-to-Keynote-Villanova-University-2026-Commencement.jpeg\",\"keywords\":[\"commencement\",\"Craig\",\"keynote\",\"Melvin\",\"set\",\"University\",\"Villanova\"],\"articleSection\":[\"Ubirat\u00e3\"],\"inLanguage\":\"en-US\",\"copyrightYear\":\"2026\",\"copyrightHolder\":{\"@id\":\"https:\\\/\\\/ubirataonline.com.br\\\/en\\\/#organization\"}},{\"@type\":\"WebPage\",\"@id\":\"https:\\\/\\\/ubirataonline.com.br\\\/craig-melvin-set-to-keynote-villanova-university-2026-commencement\\\/\",\"url\":\"https:\\\/\\\/ubirataonline.com.br\\\/craig-melvin-set-to-keynote-villanova-university-2026-commencement\\\/\",\"name\":\"Craig Melvin Set to Keynote Villanova University 2026 Commencement - Ubirat\u00e3 Online Not\u00edcias - A realidade ao seu alcance!\",\"isPartOf\":{\"@id\":\"https:\\\/\\\/ubirataonline.com.br\\\/#website\"},\"primaryImageOfPage\":{\"@id\":\"https:\\\/\\\/ubirataonline.com.br\\\/craig-melvin-set-to-keynote-villanova-university-2026-commencement\\\/#primaryimage\"},\"image\":{\"@id\":\"https:\\\/\\\/ubirataonline.com.br\\\/craig-melvin-set-to-keynote-villanova-university-2026-commencement\\\/#primaryimage\"},\"thumbnailUrl\":\"https:\\\/\\\/ubirataonline.com.br\\\/wp-content\\\/uploads\\\/2026\\\/05\\\/Craig-Melvin-Set-to-Keynote-Villanova-University-2026-Commencement.jpeg\",\"datePublished\":\"2026-05-06T22:58:12+00:00\",\"dateModified\":\"2026-05-06T22:58:15+00:00\",\"description\":\"Villanova University officials announced that NBC TODAY co-anchor Craig Melvin will deliver the commencement address for the Class of 2026 on Tuesday, May\",\"breadcrumb\":{\"@id\":\"https:\\\/\\\/ubirataonline.com.br\\\/craig-melvin-set-to-keynote-villanova-university-2026-commencement\\\/#breadcrumb\"},\"inLanguage\":\"en-US\",\"potentialAction\":[{\"@type\":\"ReadAction\",\"target\":[\"https:\\\/\\\/ubirataonline.com.br\\\/craig-melvin-set-to-keynote-villanova-university-2026-commencement\\\/\"]}]},{\"@type\":\"ImageObject\",\"inLanguage\":\"en-US\",\"@id\":\"https:\\\/\\\/ubirataonline.com.br\\\/craig-melvin-set-to-keynote-villanova-university-2026-commencement\\\/#primaryimage\",\"url\":\"https:\\\/\\\/ubirataonline.com.br\\\/wp-content\\\/uploads\\\/2026\\\/05\\\/Craig-Melvin-Set-to-Keynote-Villanova-University-2026-Commencement.jpeg\",\"contentUrl\":\"https:\\\/\\\/ubirataonline.com.br\\\/wp-content\\\/uploads\\\/2026\\\/05\\\/Craig-Melvin-Set-to-Keynote-Villanova-University-2026-Commencement.jpeg\",\"width\":1200,\"height\":674,\"caption\":\"\u00a9 Craig Melvin to deliver Villanova University&#039;s commencement address on May 19\"},{\"@type\":\"BreadcrumbList\",\"@id\":\"https:\\\/\\\/ubirataonline.com.br\\\/craig-melvin-set-to-keynote-villanova-university-2026-commencement\\\/#breadcrumb\",\"itemListElement\":[{\"@type\":\"ListItem\",\"position\":1,\"name\":\"In\u00edcio\",\"item\":\"https:\\\/\\\/ubirataonline.com.br\\\/\"},{\"@type\":\"ListItem\",\"position\":2,\"name\":\"Craig Melvin Set to Keynote Villanova University 2026 Commencement\"}]},{\"@type\":\"WebSite\",\"@id\":\"https:\\\/\\\/ubirataonline.com.br\\\/#website\",\"url\":\"https:\\\/\\\/ubirataonline.com.br\\\/\",\"name\":\"Ubirat\u00e3 Online Not\u00edcias\",\"description\":\"Not\u00edcias de Ubirat\u00e3, regi\u00e3o, Brasil e mundo, com informa\u00e7\u00e3o atualizada e compromisso com o leitor.\",\"publisher\":{\"@id\":\"https:\\\/\\\/ubirataonline.com.br\\\/#organization\"},\"alternateName\":\"Ubirat\u00e3 Online\",\"potentialAction\":[{\"@type\":\"SearchAction\",\"target\":{\"@type\":\"EntryPoint\",\"urlTemplate\":\"https:\\\/\\\/ubirataonline.com.br\\\/?s={search_term_string}\"},\"query-input\":{\"@type\":\"PropertyValueSpecification\",\"valueRequired\":true,\"valueName\":\"search_term_string\"}}],\"inLanguage\":\"en-US\"},{\"@type\":[\"Organization\",\"Place\"],\"@id\":\"https:\\\/\\\/ubirataonline.com.br\\\/#organization\",\"name\":\"Ubirat\u00e3 Online Not\u00edcias\",\"alternateName\":\"Ubirat\u00e3 Online\",\"url\":\"https:\\\/\\\/ubirataonline.com.br\\\/\",\"logo\":{\"@id\":\"https:\\\/\\\/ubirataonline.com.br\\\/craig-melvin-set-to-keynote-villanova-university-2026-commencement\\\/#local-main-organization-logo\"},\"image\":{\"@id\":\"https:\\\/\\\/ubirataonline.com.br\\\/craig-melvin-set-to-keynote-villanova-university-2026-commencement\\\/#local-main-organization-logo\"},\"sameAs\":[\"https:\\\/\\\/www.facebook.com\\\/portalubirataonline\",\"https:\\\/\\\/x.com\\\/ubirataonline\",\"https:\\\/\\\/mastodon.social\\\/@ubirataonline\",\"https:\\\/\\\/www.facebook.com\\\/groups\\\/311144672285604\",\"https:\\\/\\\/www.facebook.com\\\/UBTAOnline\",\"https:\\\/\\\/www.instagram.com\\\/portalubirataonline\\\/\",\"https:\\\/\\\/twitter.com\\\/ubirataonline\"],\"description\":\"Somos um portal de not\u00edcias independente, criado em 5 de janeiro de 2009, com o objetivo de informar, conectar e valorizar a nossa comunidade de Ubirat\u00e3 e toda aregi\u00e3o. Com conte\u00fado atualizado, confi\u00e1vel e relevante, o Ubirat\u00e3 Online \u00e9 o seu espa\u00e7o para ficar por dentro dos principais acontecimentos locais, regionais, Brasil, Mundo e de interesse geral. Nosso compromisso \u00e9 com a verdade, a transpar\u00eancia e o respeito ao leitor.\",\"legalName\":\"UBIRATA ONLINE NOT\u00cdCIAS\",\"foundingDate\":\"2009-01-05\",\"numberOfEmployees\":{\"@type\":\"QuantitativeValue\",\"minValue\":\"1\",\"maxValue\":\"10\"},\"publishingPrinciples\":\"https:\\\/\\\/ubirataonline.com.br\\\/faq\\\/\",\"address\":{\"@id\":\"https:\\\/\\\/ubirataonline.com.br\\\/craig-melvin-set-to-keynote-villanova-university-2026-commencement\\\/#local-main-place-address\"},\"geo\":{\"@type\":\"GeoCoordinates\",\"latitude\":\"-24.5361401\",\"longitude\":\"-52.9921776\"},\"telephone\":[\"+5544998308235\"],\"contactPoint\":{\"@type\":\"ContactPoint\",\"email\":\"contato@ubirataonline.com.br\"},\"openingHoursSpecification\":{\"@type\":\"OpeningHoursSpecification\",\"dayOfWeek\":[\"Monday\",\"Tuesday\",\"Wednesday\",\"Thursday\",\"Friday\",\"Saturday\",\"Sunday\"],\"opens\":\"00:00\",\"closes\":\"23:59\"},\"email\":\"contato@ubirataonline.com.br\",\"vatID\":\"47.621.418\\\/0001-80\"},{\"@type\":\"Person\",\"@id\":\"https:\\\/\\\/ubirataonline.com.br\\\/#\\\/schema\\\/person\\\/372f87bbd3fdd79b8556b84c98d0bc1c\",\"name\":\"REDA\u00c7\u00c3O: UBIRAT\u00c3 ONLINE - F\u00c1BIO AUGUSTO CELESTINO\",\"pronouns\":\"Ele\",\"description\":\"Desde 2003 trabalhando com not\u00edcias.\",\"sameAs\":[\"http:\\\/\\\/ubirataoline.com.br\",\"https:\\\/\\\/www.facebook.com\\\/portalubirataonline\",\"https:\\\/\\\/www.instagram.com\\\/ubirataonline_oficial\",\"https:\\\/\\\/x.com\\\/x.com\\\/ubirataonline\"],\"honorificPrefix\":\"Mr.\",\"honorificSuffix\":\"MD\",\"birthDate\":\"1980-06-16\",\"gender\":\"masculino\",\"award\":[\"V\u00e1rios pr\u00eamios de melhor portal da cidade\"],\"jobTitle\":\"Diretor\",\"url\":\"https:\\\/\\\/ubirataonline.com.br\\\/en\\\/author\\\/ubirataonline\\\/\"},{\"@type\":\"PostalAddress\",\"@id\":\"https:\\\/\\\/ubirataonline.com.br\\\/craig-melvin-set-to-keynote-villanova-university-2026-commencement\\\/#local-main-place-address\",\"streetAddress\":\"Rua dos Coqueiros, 104 - Bairro Boa Vista, Rua dos Coqueiros, 104 Bairro Boa Vista\",\"addressLocality\":\"UBIRATA\",\"postalCode\":\"85440-000\",\"addressRegion\":\"PR\",\"addressCountry\":\"BR\"},{\"@type\":\"ImageObject\",\"inLanguage\":\"en-US\",\"@id\":\"https:\\\/\\\/ubirataonline.com.br\\\/craig-melvin-set-to-keynote-villanova-university-2026-commencement\\\/#local-main-organization-logo\",\"url\":\"https:\\\/\\\/ubirataonline.com.br\\\/wp-content\\\/uploads\\\/2026\\\/06\\\/logoubirataonline-1.webp\",\"contentUrl\":\"https:\\\/\\\/ubirataonline.com.br\\\/wp-content\\\/uploads\\\/2026\\\/06\\\/logoubirataonline-1.webp\",\"width\":500,\"height\":500,\"caption\":\"Ubirat\u00e3 Online Not\u00edcias\"}]}<\/script>\n<meta name=\"geo.placename\" content=\"UBIRATA\" \/>\n<meta name=\"geo.position\" content=\"-24.5361401;-52.9921776\" \/>\n<meta name=\"geo.region\" content=\"Brazil\" \/>\n<!-- \/ Yoast SEO Premium plugin. -->","yoast_head_json":{"title":"Craig Melvin Set to Keynote Villanova University 2026 Commencement - Ubirat\u00e3 Online Not\u00edcias - A realidade ao seu alcance!","description":"Villanova University officials announced that NBC TODAY co-anchor Craig Melvin will deliver the commencement address for the Class of 2026 on Tuesday, May","robots":{"index":"index","follow":"follow","max-snippet":"max-snippet:-1","max-image-preview":"max-image-preview:large","max-video-preview":"max-video-preview:-1"},"canonical":"https:\/\/ubirataonline.com.br\/en\/craig-melvin-set-to-keynote-villanova-university-2026-commencement\/","og_locale":"en_US","og_type":"article","og_title":"Craig Melvin Set to Keynote Villanova University 2026 Commencement","og_description":"Villanova University officials announced that NBC TODAY co-anchor Craig Melvin will deliver the commencement address for the Class of 2026 on Tuesday, May","og_url":"https:\/\/ubirataonline.com.br\/en\/craig-melvin-set-to-keynote-villanova-university-2026-commencement\/","og_site_name":"Ubirat\u00e3 Online Not\u00edcias - A realidade ao seu alcance!","article_publisher":"https:\/\/www.facebook.com\/portalubirataonline","article_author":"https:\/\/www.facebook.com\/portalubirataonline","article_published_time":"2026-05-06T22:58:12+00:00","article_modified_time":"2026-05-06T22:58:15+00:00","og_image":[{"width":1200,"height":674,"url":"https:\/\/ubirataonline.com.br\/wp-content\/uploads\/2026\/05\/Craig-Melvin-Set-to-Keynote-Villanova-University-2026-Commencement.jpeg","type":"image\/jpeg"}],"author":"REDA\u00c7\u00c3O: UBIRAT\u00c3 ONLINE - F\u00c1BIO AUGUSTO CELESTINO","twitter_card":"summary_large_image","twitter_creator":"@x.com\/ubirataonline","twitter_site":"@ubirataonline","twitter_misc":{"Written by":"REDA\u00c7\u00c3O: UBIRAT\u00c3 ONLINE - F\u00c1BIO AUGUSTO CELESTINO","Est. reading time":"1 minute"},"schema":{"@context":"https:\/\/schema.org","@graph":[{"@type":"NewsArticle","@id":"https:\/\/ubirataonline.com.br\/craig-melvin-set-to-keynote-villanova-university-2026-commencement\/#article","isPartOf":{"@id":"https:\/\/ubirataonline.com.br\/craig-melvin-set-to-keynote-villanova-university-2026-commencement\/"},"author":{"name":"REDA\u00c7\u00c3O: UBIRAT\u00c3 ONLINE - F\u00c1BIO AUGUSTO CELESTINO","@id":"https:\/\/ubirataonline.com.br\/#\/schema\/person\/372f87bbd3fdd79b8556b84c98d0bc1c"},"headline":"Craig Melvin Set to Keynote Villanova University 2026 Commencement","datePublished":"2026-05-06T22:58:12+00:00","dateModified":"2026-05-06T22:58:15+00:00","mainEntityOfPage":{"@id":"https:\/\/ubirataonline.com.br\/craig-melvin-set-to-keynote-villanova-university-2026-commencement\/"},"wordCount":303,"publisher":{"@id":"https:\/\/ubirataonline.com.br\/#organization"},"image":{"@id":"https:\/\/ubirataonline.com.br\/craig-melvin-set-to-keynote-villanova-university-2026-commencement\/#primaryimage"},"thumbnailUrl":"https:\/\/ubirataonline.com.br\/wp-content\/uploads\/2026\/05\/Craig-Melvin-Set-to-Keynote-Villanova-University-2026-Commencement.jpeg","keywords":["commencement","Craig","keynote","Melvin","set","University","Villanova"],"articleSection":["Ubirat\u00e3"],"inLanguage":"en-US","copyrightYear":"2026","copyrightHolder":{"@id":"https:\/\/ubirataonline.com.br\/en\/#organization"}},{"@type":"WebPage","@id":"https:\/\/ubirataonline.com.br\/craig-melvin-set-to-keynote-villanova-university-2026-commencement\/","url":"https:\/\/ubirataonline.com.br\/craig-melvin-set-to-keynote-villanova-university-2026-commencement\/","name":"Craig Melvin Set to Keynote Villanova University 2026 Commencement - Ubirat\u00e3 Online Not\u00edcias - A realidade ao seu alcance!","isPartOf":{"@id":"https:\/\/ubirataonline.com.br\/#website"},"primaryImageOfPage":{"@id":"https:\/\/ubirataonline.com.br\/craig-melvin-set-to-keynote-villanova-university-2026-commencement\/#primaryimage"},"image":{"@id":"https:\/\/ubirataonline.com.br\/craig-melvin-set-to-keynote-villanova-university-2026-commencement\/#primaryimage"},"thumbnailUrl":"https:\/\/ubirataonline.com.br\/wp-content\/uploads\/2026\/05\/Craig-Melvin-Set-to-Keynote-Villanova-University-2026-Commencement.jpeg","datePublished":"2026-05-06T22:58:12+00:00","dateModified":"2026-05-06T22:58:15+00:00","description":"Villanova University officials announced that NBC TODAY co-anchor Craig Melvin will deliver the commencement address for the Class of 2026 on Tuesday, May","breadcrumb":{"@id":"https:\/\/ubirataonline.com.br\/craig-melvin-set-to-keynote-villanova-university-2026-commencement\/#breadcrumb"},"inLanguage":"en-US","potentialAction":[{"@type":"ReadAction","target":["https:\/\/ubirataonline.com.br\/craig-melvin-set-to-keynote-villanova-university-2026-commencement\/"]}]},{"@type":"ImageObject","inLanguage":"en-US","@id":"https:\/\/ubirataonline.com.br\/craig-melvin-set-to-keynote-villanova-university-2026-commencement\/#primaryimage","url":"https:\/\/ubirataonline.com.br\/wp-content\/uploads\/2026\/05\/Craig-Melvin-Set-to-Keynote-Villanova-University-2026-Commencement.jpeg","contentUrl":"https:\/\/ubirataonline.com.br\/wp-content\/uploads\/2026\/05\/Craig-Melvin-Set-to-Keynote-Villanova-University-2026-Commencement.jpeg","width":1200,"height":674,"caption":"\u00a9 Craig Melvin to deliver Villanova University&#039;s commencement address on May 19"},{"@type":"BreadcrumbList","@id":"https:\/\/ubirataonline.com.br\/craig-melvin-set-to-keynote-villanova-university-2026-commencement\/#breadcrumb","itemListElement":[{"@type":"ListItem","position":1,"name":"In\u00edcio","item":"https:\/\/ubirataonline.com.br\/"},{"@type":"ListItem","position":2,"name":"Craig Melvin Set to Keynote Villanova University 2026 Commencement"}]},{"@type":"WebSite","@id":"https:\/\/ubirataonline.com.br\/#website","url":"https:\/\/ubirataonline.com.br\/","name":"Ubirat\u00e3 Online Not\u00edcias","description":"Not\u00edcias de Ubirat\u00e3, regi\u00e3o, Brasil e mundo, com informa\u00e7\u00e3o atualizada e compromisso com o leitor.","publisher":{"@id":"https:\/\/ubirataonline.com.br\/#organization"},"alternateName":"Ubirat\u00e3 Online","potentialAction":[{"@type":"SearchAction","target":{"@type":"EntryPoint","urlTemplate":"https:\/\/ubirataonline.com.br\/?s={search_term_string}"},"query-input":{"@type":"PropertyValueSpecification","valueRequired":true,"valueName":"search_term_string"}}],"inLanguage":"en-US"},{"@type":["Organization","Place"],"@id":"https:\/\/ubirataonline.com.br\/#organization","name":"Ubirat\u00e3 Online Not\u00edcias","alternateName":"Ubirat\u00e3 Online","url":"https:\/\/ubirataonline.com.br\/","logo":{"@id":"https:\/\/ubirataonline.com.br\/craig-melvin-set-to-keynote-villanova-university-2026-commencement\/#local-main-organization-logo"},"image":{"@id":"https:\/\/ubirataonline.com.br\/craig-melvin-set-to-keynote-villanova-university-2026-commencement\/#local-main-organization-logo"},"sameAs":["https:\/\/www.facebook.com\/portalubirataonline","https:\/\/x.com\/ubirataonline","https:\/\/mastodon.social\/@ubirataonline","https:\/\/www.facebook.com\/groups\/311144672285604","https:\/\/www.facebook.com\/UBTAOnline","https:\/\/www.instagram.com\/portalubirataonline\/","https:\/\/twitter.com\/ubirataonline"],"description":"Somos um portal de not\u00edcias independente, criado em 5 de janeiro de 2009, com o objetivo de informar, conectar e valorizar a nossa comunidade de Ubirat\u00e3 e toda aregi\u00e3o. Com conte\u00fado atualizado, confi\u00e1vel e relevante, o Ubirat\u00e3 Online \u00e9 o seu espa\u00e7o para ficar por dentro dos principais acontecimentos locais, regionais, Brasil, Mundo e de interesse geral. Nosso compromisso \u00e9 com a verdade, a transpar\u00eancia e o respeito ao leitor.","legalName":"UBIRATA ONLINE NOT\u00cdCIAS","foundingDate":"2009-01-05","numberOfEmployees":{"@type":"QuantitativeValue","minValue":"1","maxValue":"10"},"publishingPrinciples":"https:\/\/ubirataonline.com.br\/faq\/","address":{"@id":"https:\/\/ubirataonline.com.br\/craig-melvin-set-to-keynote-villanova-university-2026-commencement\/#local-main-place-address"},"geo":{"@type":"GeoCoordinates","latitude":"-24.5361401","longitude":"-52.9921776"},"telephone":["+5544998308235"],"contactPoint":{"@type":"ContactPoint","email":"contato@ubirataonline.com.br"},"openingHoursSpecification":{"@type":"OpeningHoursSpecification","dayOfWeek":["Monday","Tuesday","Wednesday","Thursday","Friday","Saturday","Sunday"],"opens":"00:00","closes":"23:59"},"email":"contato@ubirataonline.com.br","vatID":"47.621.418\/0001-80"},{"@type":"Person","@id":"https:\/\/ubirataonline.com.br\/#\/schema\/person\/372f87bbd3fdd79b8556b84c98d0bc1c","name":"REDA\u00c7\u00c3O: UBIRAT\u00c3 ONLINE - F\u00c1BIO AUGUSTO CELESTINO","pronouns":"Ele","description":"Desde 2003 trabalhando com not\u00edcias.","sameAs":["http:\/\/ubirataoline.com.br","https:\/\/www.facebook.com\/portalubirataonline","https:\/\/www.instagram.com\/ubirataonline_oficial","https:\/\/x.com\/x.com\/ubirataonline"],"honorificPrefix":"Mr.","honorificSuffix":"MD","birthDate":"1980-06-16","gender":"masculino","award":["V\u00e1rios pr\u00eamios de melhor portal da cidade"],"jobTitle":"Diretor","url":"https:\/\/ubirataonline.com.br\/en\/author\/ubirataonline\/"},{"@type":"PostalAddress","@id":"https:\/\/ubirataonline.com.br\/craig-melvin-set-to-keynote-villanova-university-2026-commencement\/#local-main-place-address","streetAddress":"Rua dos Coqueiros, 104 - Bairro Boa Vista, Rua dos Coqueiros, 104 Bairro Boa Vista","addressLocality":"UBIRATA","postalCode":"85440-000","addressRegion":"PR","addressCountry":"BR"},{"@type":"ImageObject","inLanguage":"en-US","@id":"https:\/\/ubirataonline.com.br\/craig-melvin-set-to-keynote-villanova-university-2026-commencement\/#local-main-organization-logo","url":"https:\/\/ubirataonline.com.br\/wp-content\/uploads\/2026\/06\/logoubirataonline-1.webp","contentUrl":"https:\/\/ubirataonline.com.br\/wp-content\/uploads\/2026\/06\/logoubirataonline-1.webp","width":500,"height":500,"caption":"Ubirat\u00e3 Online Not\u00edcias"}]},"geo.placename":"UBIRATA","geo.position":{"lat":"-24.5361401","long":"-52.9921776"},"geo.region":"Brazil"},"_links":{"self":[{"href":"https:\/\/ubirataonline.com.br\/en\/wp-json\/wp\/v2\/posts\/122786","targetHints":{"allow":["GET"]}}],"collection":[{"href":"https:\/\/ubirataonline.com.br\/en\/wp-json\/wp\/v2\/posts"}],"about":[{"href":"https:\/\/ubirataonline.com.br\/en\/wp-json\/wp\/v2\/types\/post"}],"author":[{"embeddable":true,"href":"https:\/\/ubirataonline.com.br\/en\/wp-json\/wp\/v2\/users\/1"}],"replies":[{"embeddable":true,"href":"https:\/\/ubirataonline.com.br\/en\/wp-json\/wp\/v2\/comments?post=122786"}],"version-history":[{"count":0,"href":"https:\/\/ubirataonline.com.br\/en\/wp-json\/wp\/v2\/posts\/122786\/revisions"}],"wp:featuredmedia":[{"embeddable":true,"href":"https:\/\/ubirataonline.com.br\/en\/wp-json\/wp\/v2\/media\/122787"}],"wp:attachment":[{"href":"https:\/\/ubirataonline.com.br\/en\/wp-json\/wp\/v2\/media?parent=122786"}],"wp:term":[{"taxonomy":"category","embeddable":true,"href":"https:\/\/ubirataonline.com.br\/en\/wp-json\/wp\/v2\/categories?post=122786"},{"taxonomy":"post_tag","embeddable":true,"href":"https:\/\/ubirataonline.com.br\/en\/wp-json\/wp\/v2\/tags?post=122786"}],"curies":[{"name":"wp","href":"https:\/\/api.w.org\/{rel}","templated":true}]}}