{"id":122908,"date":"2026-05-06T22:43:14","date_gmt":"2026-05-07T01:43:14","guid":{"rendered":"https:\/\/ubirataonline.com.br\/el-poder-oculto-de-amaury-llevo-a-javier-aguirre-al-paredon\/"},"modified":"2026-05-06T22:43:16","modified_gmt":"2026-05-07T01:43:16","slug":"el-poder-oculto-de-amaury-llevo-a-javier-aguirre-al-paredon","status":"publish","type":"post","link":"https:\/\/ubirataonline.com.br\/en\/el-poder-oculto-de-amaury-llevo-a-javier-aguirre-al-paredon\/","title":{"rendered":"El poder oculto de Amaury llev\u00f3 a Javier Aguirre al pared\u00f3n"},"content":{"rendered":"<p><br \/>\n<\/p>\n<p>LOS \u00c1NGELES &#8212; Hay un fren\u00e9tico amor por el rid\u00edculo en la Federaci\u00f3n Mexicana de Futbol. Y todo se origina porque<strong> Mikel Arriola<\/strong>, comisionado impuesto al frente de la FMF, <strong>autoriz\u00f3 al <a href=\"https:\/\/espndeportes.espn.com\/futbol\/equipo\/_\/id\/223\/toluca\">Toluca <\/a><\/strong>para que <strong><a data-player-guid=\"c28d8740-32b5-7de8-820f-cfdc8a49dcbf\" href=\"https:\/\/espndeportes.espn.com\/futbol\/jugador\/_\/id\/229487\/alexis-vega\">Alexis Vega<\/a><\/strong> y <strong><a data-player-guid=\"27cd0387-3c42-0317-e247-80010e593a3d\" href=\"https:\/\/espndeportes.espn.com\/futbol\/jugador\/_\/id\/132098\/jesus-gallardo\">Jes\u00fas Gallardo<\/a><\/strong> jugaran la <a href=\"https:\/\/espndeportes.espn.com\/futbol\/mexico\/nota\/_\/id\/16674508\/toluca-por-que-vega-y-gallardo-no-jugaran-concacaf-champions-cup\">Semifinal de Vuelta <\/a>de la <strong><a href=\"https:\/\/espndeportes.espn.com\/futbol\/liga\/_\/nombre\/concacaf.champions\">Concacaf Champions Cup<\/a><\/strong>.<\/p>\n<div id=\"\">\n<p>Arriola no consult\u00f3 con nadie. Ni siquiera con el tipo que le sujeta la correa desde hace a\u00f1os desde el Sal\u00f3n Oval de Televisa.<\/p>\n<p>Como retaliaci\u00f3n a los privilegios dados a Toluca, <strong><a href=\"https:\/\/espndeportes.espn.com\/futbol\/mexico\/nota\/_\/id\/16672933\/chivas-liga-mx-amaury-vergara-regreso-jugadores-mexico-mundial-2026\">Amaury Vergara<\/a><\/strong>, en un poderoso acto de dignidad, respondi\u00f3 en las primeras horas de este mi\u00e9rcoles, al citar a sus cinco seleccionados mexicanos a integrarse con <strong><a href=\"https:\/\/espndeportes.espn.com\/futbol\/equipo\/_\/id\/219\/guadalajara\">Chivas <\/a><\/strong>en Verde Valle e ignorar el llamado a la concentraci\u00f3n final de la <strong><a data-clubhouse-guid=\"9e213fae-5b9d-d331-8b4b-33abdaf57b4f\" href=\"https:\/\/espndeportes.espn.com\/futbol\/equipo?id=203\">Selecci\u00f3n Mexicana de Futbol<\/a><\/strong> de cara a la <a data-league-guid=\"34f478c4-cf9a-35da-abd5-33db021e09d2\" href=\"https:\/\/espndeportes.espn.com\/futbol\/liga\/_\/nombre\/FIFA.WORLD\">Copa del Mundo<\/a>.<\/p>\n<p>Gran diferencia: Toluca anuncia c\u00ednicamente que contar\u00e1 con Alexis Vega y Jes\u00fas Gallardo para el juego ante el <a data-clubhouse-guid=\"090bf04b-bafb-ac27-0cc5-3fee8a7375ca\" href=\"https:\/\/espndeportes.espn.com\/futbol\/equipo?id=18966\">LAFC<\/a> y no pasa nada.<\/p>\n<aside class=\"inline inline-photo full\">\n<figure><picture><source data-srcset=\"https:\/\/a1.espncdn.com\/combiner\/i?img=%2Fphoto%2F2026%2F0303%2Fr1622432_1296x729_16%2D9.jpg&amp;w=570&amp;format=jpg, https:\/\/a1.espncdn.com\/combiner\/i?img=%2Fphoto%2F2026%2F0303%2Fr1622432_1296x729_16%2D9.jpg&amp;w=1140&amp;cquality=40&amp;format=jpg 2x\" media=\"(min-width: 376px)\"><source data-srcset=\"https:\/\/a1.espncdn.com\/combiner\/i?img=%2Fphoto%2F2026%2F0303%2Fr1622432_1296x729_16%2D9.jpg&amp;w=375, https:\/\/a1.espncdn.com\/combiner\/i?img=%2Fphoto%2F2026%2F0303%2Fr1622432_1296x729_16%2D9.jpg&amp;w=750&amp;cquality=40&amp;format=jpg 2x\" media=\"(max-width: 375px)\"><img class=\"lazyload lazyload\" data-image-container=\".inline-photo\" height=\"320\" width=\"570\"\/><\/source><\/source><\/picture><figcaption class=\"photoCaption\">Amaury Vergara\u00a0<cite>Imago7<\/cite><\/figcaption><\/figure>\n<\/aside>\n<p>Chivas llama a la rebeli\u00f3n y se trastorna medi\u00e1tica y organizativamente el futbol mexicano. Ojal\u00e1 Amaury entienda el poder de su equipo y la capacidad que tiene de provocar cismas y sismos.<\/p>\n<aside class=\"inline editorial float-r\" data-behavior=\"article_related\">\n<h2 class=\"editorial-title\">Selecciones Editoriales<\/h2>\n<p>2 Relacionado<\/p>\n<\/aside>\n<p>Al final fue, coloquialmente, una llamarada de petate. Seguramente Emilio Azc\u00e1rraga Jean recluy\u00f3 a Arriola y pidi\u00f3 a Javier Aguirre que dieran la cara ante los medios. Y la llamarada de petate se apag\u00f3, puntualmente y disc\u00falpeseme la expresi\u00f3n, con un vulgar, anodino, opaco, gastado, escupitajo de menos de diez minutos, y sin derecho a preguntas.<\/p>\n<h2>\u00bfQu\u00e9 deja de lecci\u00f3n este zafarrancho que s\u00f3lo provoc\u00f3 una sacudida intrascendente en la Selecci\u00f3n Mexicana?<\/h2>\n<p>1.- El poder de un equipo. Si Chivas alza la voz, con autoridad, con severidad, el fr\u00e1gil universo del futbol mexicano se consterna.<\/p>\n<p>2.- El vac\u00edo de poder en la FMF. Revise el organigrama: Arriola, un pol\u00edtico fracasado, con expedientes desaparecidos en el IMSS; Ivar Sisniega, un ex pentatleta que estercol\u00f3 siempre el futbol profesional de M\u00e9xico, hasta que le cay\u00f3 un jugoso hueso en su plato; Duilio Davino, un dirigente poco h\u00e1bil, poco astuto, poco orgulloso, poco soberano, que usurpa las labores de una taquimecan\u00f3grafa.<\/p>\n<p>3.- La supina ignorancia de la #YuntaDeDue\u00f1os (dixit Sven-Goran Eriksson). Aprobaron la concentraci\u00f3n temprana del Tri, afectando Liguilla y Concachampions, porque ninguno de ellos pidi\u00f3, en su momento, en su juicio, en su lucidez, tiempo para que gente que s\u00ed sabe de futbol en sus clubes, estudiara la propuesta del Vasco. Claro, no nos olvidemos, el proyecto de Aguirre era una imposici\u00f3n impl\u00edcita por parte de Azc\u00e1rraga Jean.<\/p>\n<div data-behavior=\"video_scroll\" class=\"contentItem__content contentItem__content--media-card contentItem__content--fullWidth contentItem__content--inline\">\n<figure data-video=\"watch,640,360,16674968\" data-cerebro-id=\"69fb85a3f795f455a4a07c7d\" data-title=\"Javier Aguirre: \" nadie=\"\" ha=\"\" roto=\"\" el=\"\" pacto=\"\" estamos=\"\" preparando=\"\" algo=\"\" importante=\"\" class=\"media-wrapper_image video\" data-source=\"deportes\"><picture class=\"media-wrapper_image\"><source data-srcset=\"https:\/\/a4.espncdn.com\/combiner\/i?img=%2Fmedia%2Fmotion%2Ffastclipper%2F2026%2F0506%2Fevc__20260506_no_event_name_bfbba198_c26f_4e0d_abe0_8e5364ae463b_11262%2Fevc__20260506_no_event_name_bfbba198_c26f_4e0d_abe0_8e5364ae463b_11262.jpg&amp;w=640&amp;h=360&amp;cquality=80&amp;format=jpg\" media=\"(min-width: 376px)\"><source data-srcset=\"https:\/\/a4.espncdn.com\/combiner\/i?img=%2Fmedia%2Fmotion%2Ffastclipper%2F2026%2F0506%2Fevc__20260506_no_event_name_bfbba198_c26f_4e0d_abe0_8e5364ae463b_11262%2Fevc__20260506_no_event_name_bfbba198_c26f_4e0d_abe0_8e5364ae463b_11262.jpg&amp;w=335&amp;cquality=80, https:\/\/a4.espncdn.com\/combiner\/i?img=%2Fmedia%2Fmotion%2Ffastclipper%2F2026%2F0506%2Fevc__20260506_no_event_name_bfbba198_c26f_4e0d_abe0_8e5364ae463b_11262%2Fevc__20260506_no_event_name_bfbba198_c26f_4e0d_abe0_8e5364ae463b_11262.jpg&amp;w=670&amp;cquality=40&amp;format=jpg 2x\" media=\"(max-width: 375px)\"><img class=\"lazyload lazyload\"\/><\/source><\/source><\/picture><span class=\"video-play-button\" data-id=\"16674968\">play<\/span><figcaption class=\"media-caption\">\n<p>2:11<\/p>\n<\/figcaption><\/figure>\n<div class=\"contentItem__contentWrapper\">\n<p>Javier Aguirre: &#8220;Nadie ha roto el pacto; estamos preparando algo importante&#8221;<\/p>\n<p class=\"contentItem__subhead\">El t\u00e9cnico de la Selecci\u00f3n Mexicana recalc\u00f3 que el acuerdo de jugar la liguilla sin seleccionados se ha cumplido y asegura que la concentraci\u00f3n tricolor es para buscar una buena presentaci\u00f3n en el Mundial.<\/p>\n<\/div>\n<\/div>\n<p>4.- La falta de solidaridad de los due\u00f1os de equipos. Toluca anuncia que utilizar\u00e1 a Jes\u00fas Gallardo y a Alexis Vega. Y Chivas decide concentrar a sus seleccionados para la vuelta ante Tigres. Y en lugar de buscar apoyo, en lugar de generar respaldo en otros clubes afectados, simplemente encuentra estatuas de piedra, incapaces de reaccionar, de manifestarse, de solidarizarse. S\u00ed, en el futbol mexicano ning\u00fan directivo da la mano, porque prefiere agarrarse \u2013perd\u00f3n por la vulgarizaci\u00f3n\u2013, de una pata.<\/p>\n<p><inline2><\/p>\n<p>En su comparecencia emergente, hist\u00e9rica casi, Javier Aguirre fue escueto, lac\u00f3nico. Sin dejar fisuras para especulaciones. Muchos a\u00f1os en el pared\u00f3n.<\/p>\n<p>1.- Los jugadores deben estar a las ocho de la noche en el Centro de Alto Rendimiento para cenar, o no van al Mundial.<\/p>\n<p>2.- El proyecto sigue con la colaboraci\u00f3n absoluta de todos los involucrados, y obviamente el agradecimiento a cada uno de ellos.<\/p>\n<p>3.- \u201cEstamos preparando algo muy especial\u201d, dijo, tal vez en referencia a su promesa de que M\u00e9xico tenga un mundial hist\u00f3rico, esperando que no sea tan hist\u00f3rico como el de Argentina \u201978 o el de Qatar 2022.<\/p>\n<p>4.- A su lado, Duilio Davino fue una triste comparsa. Cuando, desde su presunto puesto y su presunto fuero, debi\u00f3 ser contundente y no complaciente.<\/p>\n<p>5.- Las verdades ocultas, siempre ser\u00e1n mentiras manifiestas. Ocultar c\u00f3mo, qui\u00e9n, por qu\u00e9 y cu\u00e1ndo, alguien de la FMF le autoriz\u00f3 a Toluca a utilizar a Gallardo y a Vega, convierte a Aguirre y a Davino en c\u00f3mplices de este escandalito.<\/p>\n<p>\u00bfD\u00f3nde te vas a esconder Mikel Arriola? O mejor dicho, d\u00f3nde te va a esconder la mano que jala tu correa.<\/p>\n<div data-behavior=\"video_scroll\" class=\"contentItem__content contentItem__content--media-card contentItem__content--fullWidth contentItem__content--inline\">\n<figure data-video=\"watch,640,360,16674931\" data-cerebro-id=\"69fb83e6a8bf55036d06a737\" data-title=\"Javier Aguirre: \" el=\"\" comunicado=\"\" es=\"\" claro:=\"\" quien=\"\" no=\"\" venga=\"\" va=\"\" al=\"\" mundial=\"\" class=\"media-wrapper_image video\" data-source=\"deportes\"><picture class=\"media-wrapper_image\"><source data-srcset=\"https:\/\/a4.espncdn.com\/combiner\/i?img=%2Fmedia%2Fmotion%2Ffastclipper%2F2026%2F0506%2Fevc__20260506_no_event_name_e58fce35_8202_406d_9828_006e5da58413_11262%2Fevc__20260506_no_event_name_e58fce35_8202_406d_9828_006e5da58413_11262.jpg&amp;w=640&amp;h=360&amp;cquality=80&amp;format=jpg\" media=\"(min-width: 376px)\"><source data-srcset=\"https:\/\/a4.espncdn.com\/combiner\/i?img=%2Fmedia%2Fmotion%2Ffastclipper%2F2026%2F0506%2Fevc__20260506_no_event_name_e58fce35_8202_406d_9828_006e5da58413_11262%2Fevc__20260506_no_event_name_e58fce35_8202_406d_9828_006e5da58413_11262.jpg&amp;w=335&amp;cquality=80, https:\/\/a4.espncdn.com\/combiner\/i?img=%2Fmedia%2Fmotion%2Ffastclipper%2F2026%2F0506%2Fevc__20260506_no_event_name_e58fce35_8202_406d_9828_006e5da58413_11262%2Fevc__20260506_no_event_name_e58fce35_8202_406d_9828_006e5da58413_11262.jpg&amp;w=670&amp;cquality=40&amp;format=jpg 2x\" media=\"(max-width: 375px)\"><img class=\"lazyload lazyload\"\/><\/source><\/source><\/picture><span class=\"video-play-button\" data-id=\"16674931\">play<\/span><figcaption class=\"media-caption\">\n<p>1:46<\/p>\n<\/figcaption><\/figure>\n<div class=\"contentItem__contentWrapper\">\n<p>Javier Aguirre: &#8220;El comunicado es claro: quien no venga no va al Mundial&#8221;<\/p>\n<p class=\"contentItem__subhead\">Luego de que los jugadores del Toluca hab\u00edan recibido un permiso especial para jugar en Concachampions, el t\u00e9cnico de la Selecci\u00f3n Mexicana recalc\u00f3 que la concentraci\u00f3n tricolor ya inici\u00f3 y quien no se presente no ser\u00e1 contemplado para el Mundial.<\/p>\n<\/div>\n<\/div>\n<p>Lo fascinante de todo esto, es que no hay un solo proceso de selecciones nacionales que no termine infectado de una u otra manera. Haga cuentas.<\/p>\n<p>Quede claro, la selecci\u00f3n mexicana no ganar\u00e1 nada valioso, pero c\u00f3mo divierte. Si hubiera un Mundial del Morbo y el Esc\u00e1ndalo, que se cuide el universo.<\/p>\n<aside class=\"inline float-r inline-track\">\n<h2 class=\"img-title\">Lleva ESPN a todos lados<\/h2>\n<p>Si quieres recibir la mejor informaci\u00f3n del mundo deportivo, descarga la App ahora.<br \/><a href=\"http:\/\/www.espn.com\/espn\/apps\/espn\">espn.com\/app \u00bb <\/a><\/p>\n<\/aside>\n<p>2022.- Gerardo Martino llevando lisiados (<a data-player-guid=\"81f229c1-4f38-e66d-55b6-d88a225f9b10\" href=\"https:\/\/espndeportes.espn.com\/futbol\/jugador\/_\/id\/143362\/rogelio-funes-mori\">Rogelio Funes Mori<\/a> y <a data-player-guid=\"aa2d1dd3-cef0-1f75-9e2a-69a395a1d82c\" href=\"https:\/\/espndeportes.espn.com\/futbol\/jugador\/_\/id\/167060\/raul-jimenez\">Ra\u00fal Jim\u00e9nez<\/a>) al Mundial y dejando fuera, por ejemplo, a <a data-player-guid=\"5ddb2773-0aec-8a3a-8e60-61e5b0771078\" href=\"https:\/\/espndeportes.espn.com\/futbol\/jugador\/_\/id\/260775\/santiago-gimenez\">Santi Gimenez<\/a>. Y esa extra\u00f1\u00edsima alineaci\u00f3n ante Argentina, con los casi pr\u00f3fugos del asilo, <a data-player-guid=\"1eb017e9-5258-4e95-eb09-49e4cf849b05\" href=\"https:\/\/espndeportes.espn.com\/futbol\/jugador\/_\/id\/76932\/andres-guardado\">Andr\u00e9s Guardado<\/a> y <a data-player-guid=\"d7391271-47c6-c9e3-269c-fba7df713275\" href=\"https:\/\/espndeportes.espn.com\/futbol\/jugador\/_\/id\/146866\/hector-herrera\">H\u00e9ctor Herrera<\/a>, y marginando a <a data-player-guid=\"4a07bb00-f93c-ea1b-9392-35ced8638c9d\" href=\"https:\/\/espndeportes.espn.com\/futbol\/jugador\/_\/id\/241627\/edson-alvarez\">Edson \u00c1lvarez<\/a>. M\u00e1s los escandalitos de Javier Hern\u00e1ndez y <a data-player-guid=\"693220b6-bb0c-62e4-1e9d-065b9001a448\" href=\"https:\/\/espndeportes.espn.com\/futbol\/jugador\/_\/id\/212824\/alejandro-zendejas\">Alejandro Zendejas<\/a>. Y claro, el absoluto yugo que le impusieron <a data-clubhouse-guid=\"e6b65d49-258c-b730-b7db-df75c6b1f714\" href=\"https:\/\/espndeportes.espn.com\/futbol\/equipo?id=660\">Estados Unidos<\/a> y <a data-clubhouse-guid=\"c09eeeeb-7c2d-23f9-1bbf-153ff7e59905\" href=\"https:\/\/espndeportes.espn.com\/futbol\/equipo?id=206\">Canad\u00e1<\/a>.<\/p>\n<p>2018.- Juan Carlos Osorio, con n\u00fameros rid\u00edculos en torneos internacionales, y adem\u00e1s fomentando aquella famosa encerrona de despedida, a d\u00edas del Mundial, en la casona con una treintena de escorts. Aparte claro, todas esas aventuras amorosas tras las paredes del mism\u00edsimo CAR.<\/p>\n<p>2014.- El desfile de entrenadores, con sus traiciones correspondientes, cortes\u00eda de Justino Compe\u00e1n, hasta la llegada del Piojo Herrera.<\/p>\n<div data-behavior=\"video_scroll\" class=\"contentItem__content contentItem__content--media-card contentItem__content--fullWidth contentItem__content--inline\">\n<figure data-video=\"watch,640,360,16674330\" data-cerebro-id=\"69fb633c2bd3e6350c892ae2\" data-title=\"Javier Aguirre se pone rudo con los clubes\" class=\"media-wrapper_image video\" data-source=\"deportes\"><picture class=\"media-wrapper_image\"><source data-srcset=\"https:\/\/a1.espncdn.com\/combiner\/i?img=%2Fmedia%2Fmotion%2F2026%2F0506%2FHu_260506_deportes_mas_seleccion_mexicana%2FHu_260506_deportes_mas_seleccion_mexicana.jpg&amp;w=640&amp;h=360&amp;cquality=80&amp;format=jpg\" media=\"(min-width: 376px)\"><source data-srcset=\"https:\/\/a1.espncdn.com\/combiner\/i?img=%2Fmedia%2Fmotion%2F2026%2F0506%2FHu_260506_deportes_mas_seleccion_mexicana%2FHu_260506_deportes_mas_seleccion_mexicana.jpg&amp;w=335&amp;cquality=80, https:\/\/a1.espncdn.com\/combiner\/i?img=%2Fmedia%2Fmotion%2F2026%2F0506%2FHu_260506_deportes_mas_seleccion_mexicana%2FHu_260506_deportes_mas_seleccion_mexicana.jpg&amp;w=670&amp;cquality=40&amp;format=jpg 2x\" media=\"(max-width: 375px)\"><img class=\"lazyload lazyload\"\/><\/source><\/source><\/picture><span class=\"video-play-button\" data-id=\"16674330\">play<\/span><figcaption class=\"media-caption\">\n<p>2:37<\/p>\n<\/figcaption><\/figure>\n<div class=\"contentItem__contentWrapper\">\n<p>Javier Aguirre se pone rudo con los clubes<\/p>\n<p class=\"contentItem__subhead\">La Federaci\u00f3n Mexicana de Futbol fue incapaz de contener la molestia de los clubes por el permiso otorgado a los jugadores de Toluca, y se hizo un esc\u00e1ndalo.<\/p>\n<\/div>\n<\/div>\n<p>2010.- Otra pasarela de t\u00e9cnicos. Y despu\u00e9s los deslices del mismo Javier Aguirre con decisiones extra\u00f1as como alinear a Cuauht\u00e9moc Blanco ante <a data-clubhouse-guid=\"881562ef-95fb-355a-edd7-7e40e04b51c2\" href=\"https:\/\/espndeportes.espn.com\/futbol\/equipo?id=212\">Uruguay<\/a> y al Bofo Bautista ante <a href=\"https:\/\/espndeportes.espn.com\/futbol\/equipo?id=202\">Argentina<\/a>, decisiones que dejaron en claro el desconocimiento del estado f\u00edsico y mental de ambos futbolistas.<\/p>\n<p>Y podr\u00eda seguirse el recuento. S\u00ed, una selecci\u00f3n que no portar\u00e1 jam\u00e1s guirnaldas de olivo ni trofeos prestigiosos, pero eso s\u00ed, podr\u00e1 personificar como botarga de deliciosas escandaleras.<\/p>\n<div data-behavior=\"video_scroll\" class=\"contentItem__content contentItem__content--media-card contentItem__content--fullWidth contentItem__content--inline\">\n<figure data-video=\"watch,640,360,16672728\" data-cerebro-id=\"69fabacfa8bf55036d05e388\" data-title=\"Ricardo Ferretti afirma que Chivas debe inconformarse\" class=\"media-wrapper_image video\" data-source=\"deportes\"><picture class=\"media-wrapper_image\"><source data-srcset=\"https:\/\/a3.espncdn.com\/combiner\/i?img=%2Fmedia%2Fmotion%2Ffastclipper%2F2026%2F0505%2Fevc__20260505_no_event_name_187142e0_8598_4ca7_8971_a5b62c98e3f3_11262%2Fevc__20260505_no_event_name_187142e0_8598_4ca7_8971_a5b62c98e3f3_11262.jpg&amp;w=640&amp;h=360&amp;cquality=80&amp;format=jpg\" media=\"(min-width: 376px)\"><source data-srcset=\"https:\/\/a3.espncdn.com\/combiner\/i?img=%2Fmedia%2Fmotion%2Ffastclipper%2F2026%2F0505%2Fevc__20260505_no_event_name_187142e0_8598_4ca7_8971_a5b62c98e3f3_11262%2Fevc__20260505_no_event_name_187142e0_8598_4ca7_8971_a5b62c98e3f3_11262.jpg&amp;w=335&amp;cquality=80, https:\/\/a3.espncdn.com\/combiner\/i?img=%2Fmedia%2Fmotion%2Ffastclipper%2F2026%2F0505%2Fevc__20260505_no_event_name_187142e0_8598_4ca7_8971_a5b62c98e3f3_11262%2Fevc__20260505_no_event_name_187142e0_8598_4ca7_8971_a5b62c98e3f3_11262.jpg&amp;w=670&amp;cquality=40&amp;format=jpg 2x\" media=\"(max-width: 375px)\"><img class=\"lazyload lazyload\"\/><\/source><\/source><\/picture><span class=\"video-play-button\" data-id=\"16672728\">play<\/span><figcaption class=\"media-caption\">\n<p>3:09<\/p>\n<\/figcaption><\/figure>\n<div class=\"contentItem__contentWrapper\">\n<p>Ricardo Ferretti afirma que Chivas debe inconformarse<\/p>\n<p class=\"contentItem__subhead\">La mesa de Futbol Picante analiza la situaci\u00f3n que vive Javier Aguirre tras la noticia de que Alexis Vega y Jes\u00fas Gallardo podr\u00edan tener minutos el d\u00eda de ma\u00f1ana contra el LAFC.<\/p>\n<\/div>\n<\/div>\n<p>Garcias Mikel. Ya nos estaba aburriendo el momento de parsimonia del Tri.<\/p>\n<p>(P.D. \u00bfSe ha dado cuenta Usted, lector, de todos los c\u00e1nceres que dej\u00f3 Juan Carlos La Bomba Rodr\u00edguez? Tras su renuncia, se fortaleci\u00f3 Mikel Arriola; ah\u00ed, lucran y lacran Ivar Sisiniega y Duilio Davino; y la peor crisis del arbitraje con Juan Manuel Herrero al frente de los nazarenos. Gracias tambi\u00e9n Bomba, por tant\u00edsimo esparcimiento).<\/p>\n<p><\/inline2><\/div>\n<p><br \/>\n<br \/><a href=\"https:\/\/espndeportes.espn.com\/futbol\/mundial\/nota\/_\/id\/16675426\/mexico-seleccion-mundial-2026-javier-aguirre-amaury-vergara\">Source link <\/a><\/p>","protected":false},"excerpt":{"rendered":"<p>LOS \u00c1NGELES &#8212; Hay un fren\u00e9tico amor por el rid\u00edculo en la Federaci\u00f3n Mexicana de Futbol. Y todo se origina porque Mikel Arriola, comisionado impuesto al frente de la FMF, autoriz\u00f3 al Toluca para que Alexis Vega y Jes\u00fas Gallardo jugaran la Semifinal de Vuelta de la Concacaf Champions Cup. Arriola no consult\u00f3 con nadie. [&hellip;]<\/p>\n","protected":false},"author":1,"featured_media":122909,"comment_status":"closed","ping_status":"","sticky":false,"template":"","format":"standard","meta":{"googlesitekit_rrm_CAow2JLhCw:productID":"","_gspb_post_css":"","maa_idioma":"","maa_pais":"","footnotes":""},"categories":[2725],"tags":[18960,33521,8561,33522,33520,33523,4767],"class_list":["post-122908","post","type-post","status-publish","format-standard","has-post-thumbnail","hentry","category-europe","tag-aguirre","tag-amaury","tag-javier","tag-llevo","tag-oculto","tag-paredon","tag-poder"],"blocksy_meta":[],"yoast_head":"<!-- This site is optimized with the Yoast SEO Premium plugin v27.6 (Yoast SEO v27.6) - https:\/\/yoast.com\/product\/yoast-seo-premium-wordpress\/ -->\n<title>El poder oculto de Amaury llev\u00f3 a Javier Aguirre al pared\u00f3n - Ubirat\u00e3 Online Not\u00edcias - A realidade ao seu alcance!<\/title>\n<meta name=\"description\" content=\"LOS \u00c1NGELES -- Hay un fren\u00e9tico amor por el rid\u00edculo en la Federaci\u00f3n Mexicana de Futbol. Y todo se origina porque Mikel Arriola, comisionado impuesto al\" \/>\n<meta name=\"robots\" content=\"index, follow, max-snippet:-1, max-image-preview:large, max-video-preview:-1\" \/>\n<link rel=\"canonical\" href=\"https:\/\/ubirataonline.com.br\/en\/el-poder-oculto-de-amaury-llevo-a-javier-aguirre-al-paredon\/\" \/>\n<meta property=\"og:locale\" content=\"en_US\" \/>\n<meta property=\"og:type\" content=\"article\" \/>\n<meta property=\"og:title\" content=\"El poder oculto de Amaury llev\u00f3 a Javier Aguirre al pared\u00f3n\" \/>\n<meta property=\"og:description\" content=\"LOS \u00c1NGELES -- Hay un fren\u00e9tico amor por el rid\u00edculo en la Federaci\u00f3n Mexicana de Futbol. Y todo se origina porque Mikel Arriola, comisionado impuesto al\" \/>\n<meta property=\"og:url\" content=\"https:\/\/ubirataonline.com.br\/en\/el-poder-oculto-de-amaury-llevo-a-javier-aguirre-al-paredon\/\" \/>\n<meta property=\"og:site_name\" content=\"Ubirat\u00e3 Online Not\u00edcias - A realidade ao seu alcance!\" \/>\n<meta property=\"article:publisher\" content=\"https:\/\/www.facebook.com\/portalubirataonline\" \/>\n<meta property=\"article:author\" content=\"https:\/\/www.facebook.com\/portalubirataonline\" \/>\n<meta property=\"article:published_time\" content=\"2026-05-07T01:43:14+00:00\" \/>\n<meta property=\"article:modified_time\" content=\"2026-05-07T01:43:16+00:00\" \/>\n<meta property=\"og:image\" content=\"https:\/\/ubirataonline.com.br\/wp-content\/uploads\/2026\/05\/El-poder-oculto-de-Amaury-llevo-a-Javier-Aguirre-al.jpeg\" \/>\n\t<meta property=\"og:image:width\" content=\"1296\" \/>\n\t<meta property=\"og:image:height\" content=\"729\" \/>\n\t<meta property=\"og:image:type\" content=\"image\/jpeg\" \/>\n<meta name=\"author\" content=\"REDA\u00c7\u00c3O: UBIRAT\u00c3 ONLINE - F\u00c1BIO AUGUSTO CELESTINO\" \/>\n<meta name=\"twitter:card\" content=\"summary_large_image\" \/>\n<meta name=\"twitter:creator\" content=\"@x.com\/ubirataonline\" \/>\n<meta name=\"twitter:site\" content=\"@ubirataonline\" \/>\n<meta name=\"twitter:label1\" content=\"Written by\" \/>\n\t<meta name=\"twitter:data1\" content=\"REDA\u00c7\u00c3O: UBIRAT\u00c3 ONLINE - F\u00c1BIO AUGUSTO CELESTINO\" \/>\n\t<meta name=\"twitter:label2\" content=\"Est. reading time\" \/>\n\t<meta name=\"twitter:data2\" content=\"7 minutes\" \/>\n<script type=\"application\/ld+json\" class=\"yoast-schema-graph\">{\"@context\":\"https:\\\/\\\/schema.org\",\"@graph\":[{\"@type\":\"NewsArticle\",\"@id\":\"https:\\\/\\\/ubirataonline.com.br\\\/el-poder-oculto-de-amaury-llevo-a-javier-aguirre-al-paredon\\\/#article\",\"isPartOf\":{\"@id\":\"https:\\\/\\\/ubirataonline.com.br\\\/el-poder-oculto-de-amaury-llevo-a-javier-aguirre-al-paredon\\\/\"},\"author\":{\"name\":\"REDA\u00c7\u00c3O: UBIRAT\u00c3 ONLINE - F\u00c1BIO AUGUSTO CELESTINO\",\"@id\":\"https:\\\/\\\/ubirataonline.com.br\\\/#\\\/schema\\\/person\\\/372f87bbd3fdd79b8556b84c98d0bc1c\"},\"headline\":\"El poder oculto de Amaury llev\u00f3 a Javier Aguirre al pared\u00f3n\",\"datePublished\":\"2026-05-07T01:43:14+00:00\",\"dateModified\":\"2026-05-07T01:43:16+00:00\",\"mainEntityOfPage\":{\"@id\":\"https:\\\/\\\/ubirataonline.com.br\\\/el-poder-oculto-de-amaury-llevo-a-javier-aguirre-al-paredon\\\/\"},\"wordCount\":1317,\"publisher\":{\"@id\":\"https:\\\/\\\/ubirataonline.com.br\\\/#organization\"},\"image\":{\"@id\":\"https:\\\/\\\/ubirataonline.com.br\\\/el-poder-oculto-de-amaury-llevo-a-javier-aguirre-al-paredon\\\/#primaryimage\"},\"thumbnailUrl\":\"https:\\\/\\\/ubirataonline.com.br\\\/wp-content\\\/uploads\\\/2026\\\/05\\\/El-poder-oculto-de-Amaury-llevo-a-Javier-Aguirre-al.jpeg\",\"keywords\":[\"Aguirre\",\"Amaury\",\"Javier\",\"llev\u00f3\",\"oculto\",\"pared\u00f3n\",\"poder\"],\"articleSection\":[\"Europe\"],\"inLanguage\":\"en-US\",\"copyrightYear\":\"2026\",\"copyrightHolder\":{\"@id\":\"https:\\\/\\\/ubirataonline.com.br\\\/en\\\/#organization\"}},{\"@type\":\"WebPage\",\"@id\":\"https:\\\/\\\/ubirataonline.com.br\\\/el-poder-oculto-de-amaury-llevo-a-javier-aguirre-al-paredon\\\/\",\"url\":\"https:\\\/\\\/ubirataonline.com.br\\\/el-poder-oculto-de-amaury-llevo-a-javier-aguirre-al-paredon\\\/\",\"name\":\"El poder oculto de Amaury llev\u00f3 a Javier Aguirre al pared\u00f3n - Ubirat\u00e3 Online Not\u00edcias - A realidade ao seu alcance!\",\"isPartOf\":{\"@id\":\"https:\\\/\\\/ubirataonline.com.br\\\/#website\"},\"primaryImageOfPage\":{\"@id\":\"https:\\\/\\\/ubirataonline.com.br\\\/el-poder-oculto-de-amaury-llevo-a-javier-aguirre-al-paredon\\\/#primaryimage\"},\"image\":{\"@id\":\"https:\\\/\\\/ubirataonline.com.br\\\/el-poder-oculto-de-amaury-llevo-a-javier-aguirre-al-paredon\\\/#primaryimage\"},\"thumbnailUrl\":\"https:\\\/\\\/ubirataonline.com.br\\\/wp-content\\\/uploads\\\/2026\\\/05\\\/El-poder-oculto-de-Amaury-llevo-a-Javier-Aguirre-al.jpeg\",\"datePublished\":\"2026-05-07T01:43:14+00:00\",\"dateModified\":\"2026-05-07T01:43:16+00:00\",\"description\":\"LOS \u00c1NGELES -- Hay un fren\u00e9tico amor por el rid\u00edculo en la Federaci\u00f3n Mexicana de Futbol. Y todo se origina porque Mikel Arriola, comisionado impuesto al\",\"breadcrumb\":{\"@id\":\"https:\\\/\\\/ubirataonline.com.br\\\/el-poder-oculto-de-amaury-llevo-a-javier-aguirre-al-paredon\\\/#breadcrumb\"},\"inLanguage\":\"en-US\",\"potentialAction\":[{\"@type\":\"ReadAction\",\"target\":[\"https:\\\/\\\/ubirataonline.com.br\\\/el-poder-oculto-de-amaury-llevo-a-javier-aguirre-al-paredon\\\/\"]}]},{\"@type\":\"ImageObject\",\"inLanguage\":\"en-US\",\"@id\":\"https:\\\/\\\/ubirataonline.com.br\\\/el-poder-oculto-de-amaury-llevo-a-javier-aguirre-al-paredon\\\/#primaryimage\",\"url\":\"https:\\\/\\\/ubirataonline.com.br\\\/wp-content\\\/uploads\\\/2026\\\/05\\\/El-poder-oculto-de-Amaury-llevo-a-Javier-Aguirre-al.jpeg\",\"contentUrl\":\"https:\\\/\\\/ubirataonline.com.br\\\/wp-content\\\/uploads\\\/2026\\\/05\\\/El-poder-oculto-de-Amaury-llevo-a-Javier-Aguirre-al.jpeg\",\"width\":1296,\"height\":729,\"caption\":\"Amaury Vergara hace bien en protestar (5:21)Rafa Ramos hace un recuento de todos los hechos que han cimbrado a la selecci\u00f3n mexicana en las \u00faltimas horas. (5:21)\"},{\"@type\":\"BreadcrumbList\",\"@id\":\"https:\\\/\\\/ubirataonline.com.br\\\/el-poder-oculto-de-amaury-llevo-a-javier-aguirre-al-paredon\\\/#breadcrumb\",\"itemListElement\":[{\"@type\":\"ListItem\",\"position\":1,\"name\":\"In\u00edcio\",\"item\":\"https:\\\/\\\/ubirataonline.com.br\\\/\"},{\"@type\":\"ListItem\",\"position\":2,\"name\":\"El poder oculto de Amaury llev\u00f3 a Javier Aguirre al pared\u00f3n\"}]},{\"@type\":\"WebSite\",\"@id\":\"https:\\\/\\\/ubirataonline.com.br\\\/#website\",\"url\":\"https:\\\/\\\/ubirataonline.com.br\\\/\",\"name\":\"Ubirat\u00e3 Online Not\u00edcias\",\"description\":\"Not\u00edcias de Ubirat\u00e3, regi\u00e3o, Brasil e mundo, com informa\u00e7\u00e3o atualizada e compromisso com o leitor.\",\"publisher\":{\"@id\":\"https:\\\/\\\/ubirataonline.com.br\\\/#organization\"},\"alternateName\":\"Ubirat\u00e3 Online\",\"potentialAction\":[{\"@type\":\"SearchAction\",\"target\":{\"@type\":\"EntryPoint\",\"urlTemplate\":\"https:\\\/\\\/ubirataonline.com.br\\\/?s={search_term_string}\"},\"query-input\":{\"@type\":\"PropertyValueSpecification\",\"valueRequired\":true,\"valueName\":\"search_term_string\"}}],\"inLanguage\":\"en-US\"},{\"@type\":[\"Organization\",\"Place\"],\"@id\":\"https:\\\/\\\/ubirataonline.com.br\\\/#organization\",\"name\":\"Ubirat\u00e3 Online Not\u00edcias\",\"alternateName\":\"Ubirat\u00e3 Online\",\"url\":\"https:\\\/\\\/ubirataonline.com.br\\\/\",\"logo\":{\"@id\":\"https:\\\/\\\/ubirataonline.com.br\\\/el-poder-oculto-de-amaury-llevo-a-javier-aguirre-al-paredon\\\/#local-main-organization-logo\"},\"image\":{\"@id\":\"https:\\\/\\\/ubirataonline.com.br\\\/el-poder-oculto-de-amaury-llevo-a-javier-aguirre-al-paredon\\\/#local-main-organization-logo\"},\"sameAs\":[\"https:\\\/\\\/www.facebook.com\\\/portalubirataonline\",\"https:\\\/\\\/x.com\\\/ubirataonline\",\"https:\\\/\\\/mastodon.social\\\/@ubirataonline\",\"https:\\\/\\\/www.facebook.com\\\/groups\\\/311144672285604\",\"https:\\\/\\\/www.facebook.com\\\/UBTAOnline\",\"https:\\\/\\\/www.instagram.com\\\/portalubirataonline\\\/\",\"https:\\\/\\\/twitter.com\\\/ubirataonline\"],\"description\":\"Somos um portal de not\u00edcias independente, criado em 5 de janeiro de 2009, com o objetivo de informar, conectar e valorizar a nossa comunidade de Ubirat\u00e3 e toda aregi\u00e3o. Com conte\u00fado atualizado, confi\u00e1vel e relevante, o Ubirat\u00e3 Online \u00e9 o seu espa\u00e7o para ficar por dentro dos principais acontecimentos locais, regionais, Brasil, Mundo e de interesse geral. Nosso compromisso \u00e9 com a verdade, a transpar\u00eancia e o respeito ao leitor.\",\"legalName\":\"UBIRATA ONLINE NOT\u00cdCIAS\",\"foundingDate\":\"2009-01-05\",\"numberOfEmployees\":{\"@type\":\"QuantitativeValue\",\"minValue\":\"1\",\"maxValue\":\"10\"},\"publishingPrinciples\":\"https:\\\/\\\/ubirataonline.com.br\\\/faq\\\/\",\"address\":{\"@id\":\"https:\\\/\\\/ubirataonline.com.br\\\/el-poder-oculto-de-amaury-llevo-a-javier-aguirre-al-paredon\\\/#local-main-place-address\"},\"geo\":{\"@type\":\"GeoCoordinates\",\"latitude\":\"-24.5361401\",\"longitude\":\"-52.9921776\"},\"telephone\":[\"+5544998308235\"],\"contactPoint\":{\"@type\":\"ContactPoint\",\"email\":\"contato@ubirataonline.com.br\"},\"openingHoursSpecification\":{\"@type\":\"OpeningHoursSpecification\",\"dayOfWeek\":[\"Monday\",\"Tuesday\",\"Wednesday\",\"Thursday\",\"Friday\",\"Saturday\",\"Sunday\"],\"opens\":\"00:00\",\"closes\":\"23:59\"},\"email\":\"contato@ubirataonline.com.br\",\"vatID\":\"47.621.418\\\/0001-80\"},{\"@type\":\"Person\",\"@id\":\"https:\\\/\\\/ubirataonline.com.br\\\/#\\\/schema\\\/person\\\/372f87bbd3fdd79b8556b84c98d0bc1c\",\"name\":\"REDA\u00c7\u00c3O: UBIRAT\u00c3 ONLINE - F\u00c1BIO AUGUSTO CELESTINO\",\"pronouns\":\"Ele\",\"description\":\"Desde 2003 trabalhando com not\u00edcias.\",\"sameAs\":[\"http:\\\/\\\/ubirataoline.com.br\",\"https:\\\/\\\/www.facebook.com\\\/portalubirataonline\",\"https:\\\/\\\/www.instagram.com\\\/ubirataonline_oficial\",\"https:\\\/\\\/x.com\\\/x.com\\\/ubirataonline\"],\"honorificPrefix\":\"Mr.\",\"honorificSuffix\":\"MD\",\"birthDate\":\"1980-06-16\",\"gender\":\"masculino\",\"award\":[\"V\u00e1rios pr\u00eamios de melhor portal da cidade\"],\"jobTitle\":\"Diretor\",\"url\":\"https:\\\/\\\/ubirataonline.com.br\\\/en\\\/author\\\/ubirataonline\\\/\"},{\"@type\":\"PostalAddress\",\"@id\":\"https:\\\/\\\/ubirataonline.com.br\\\/el-poder-oculto-de-amaury-llevo-a-javier-aguirre-al-paredon\\\/#local-main-place-address\",\"streetAddress\":\"Rua dos Coqueiros, 104 - Bairro Boa Vista, Rua dos Coqueiros, 104 Bairro Boa Vista\",\"addressLocality\":\"UBIRATA\",\"postalCode\":\"85440-000\",\"addressRegion\":\"PR\",\"addressCountry\":\"BR\"},{\"@type\":\"ImageObject\",\"inLanguage\":\"en-US\",\"@id\":\"https:\\\/\\\/ubirataonline.com.br\\\/el-poder-oculto-de-amaury-llevo-a-javier-aguirre-al-paredon\\\/#local-main-organization-logo\",\"url\":\"https:\\\/\\\/ubirataonline.com.br\\\/wp-content\\\/uploads\\\/2026\\\/06\\\/logoubirataonline-1.webp\",\"contentUrl\":\"https:\\\/\\\/ubirataonline.com.br\\\/wp-content\\\/uploads\\\/2026\\\/06\\\/logoubirataonline-1.webp\",\"width\":500,\"height\":500,\"caption\":\"Ubirat\u00e3 Online Not\u00edcias\"}]}<\/script>\n<meta name=\"geo.placename\" content=\"UBIRATA\" \/>\n<meta name=\"geo.position\" content=\"-24.5361401;-52.9921776\" \/>\n<meta name=\"geo.region\" content=\"Brazil\" \/>\n<!-- \/ Yoast SEO Premium plugin. -->","yoast_head_json":{"title":"El poder oculto de Amaury llev\u00f3 a Javier Aguirre al pared\u00f3n - Ubirat\u00e3 Online Not\u00edcias - A realidade ao seu alcance!","description":"LOS \u00c1NGELES -- Hay un fren\u00e9tico amor por el rid\u00edculo en la Federaci\u00f3n Mexicana de Futbol. Y todo se origina porque Mikel Arriola, comisionado impuesto al","robots":{"index":"index","follow":"follow","max-snippet":"max-snippet:-1","max-image-preview":"max-image-preview:large","max-video-preview":"max-video-preview:-1"},"canonical":"https:\/\/ubirataonline.com.br\/en\/el-poder-oculto-de-amaury-llevo-a-javier-aguirre-al-paredon\/","og_locale":"en_US","og_type":"article","og_title":"El poder oculto de Amaury llev\u00f3 a Javier Aguirre al pared\u00f3n","og_description":"LOS \u00c1NGELES -- Hay un fren\u00e9tico amor por el rid\u00edculo en la Federaci\u00f3n Mexicana de Futbol. Y todo se origina porque Mikel Arriola, comisionado impuesto al","og_url":"https:\/\/ubirataonline.com.br\/en\/el-poder-oculto-de-amaury-llevo-a-javier-aguirre-al-paredon\/","og_site_name":"Ubirat\u00e3 Online Not\u00edcias - A realidade ao seu alcance!","article_publisher":"https:\/\/www.facebook.com\/portalubirataonline","article_author":"https:\/\/www.facebook.com\/portalubirataonline","article_published_time":"2026-05-07T01:43:14+00:00","article_modified_time":"2026-05-07T01:43:16+00:00","og_image":[{"width":1296,"height":729,"url":"https:\/\/ubirataonline.com.br\/wp-content\/uploads\/2026\/05\/El-poder-oculto-de-Amaury-llevo-a-Javier-Aguirre-al.jpeg","type":"image\/jpeg"}],"author":"REDA\u00c7\u00c3O: UBIRAT\u00c3 ONLINE - F\u00c1BIO AUGUSTO CELESTINO","twitter_card":"summary_large_image","twitter_creator":"@x.com\/ubirataonline","twitter_site":"@ubirataonline","twitter_misc":{"Written by":"REDA\u00c7\u00c3O: UBIRAT\u00c3 ONLINE - F\u00c1BIO AUGUSTO CELESTINO","Est. reading time":"7 minutes"},"schema":{"@context":"https:\/\/schema.org","@graph":[{"@type":"NewsArticle","@id":"https:\/\/ubirataonline.com.br\/el-poder-oculto-de-amaury-llevo-a-javier-aguirre-al-paredon\/#article","isPartOf":{"@id":"https:\/\/ubirataonline.com.br\/el-poder-oculto-de-amaury-llevo-a-javier-aguirre-al-paredon\/"},"author":{"name":"REDA\u00c7\u00c3O: UBIRAT\u00c3 ONLINE - F\u00c1BIO AUGUSTO CELESTINO","@id":"https:\/\/ubirataonline.com.br\/#\/schema\/person\/372f87bbd3fdd79b8556b84c98d0bc1c"},"headline":"El poder oculto de Amaury llev\u00f3 a Javier Aguirre al pared\u00f3n","datePublished":"2026-05-07T01:43:14+00:00","dateModified":"2026-05-07T01:43:16+00:00","mainEntityOfPage":{"@id":"https:\/\/ubirataonline.com.br\/el-poder-oculto-de-amaury-llevo-a-javier-aguirre-al-paredon\/"},"wordCount":1317,"publisher":{"@id":"https:\/\/ubirataonline.com.br\/#organization"},"image":{"@id":"https:\/\/ubirataonline.com.br\/el-poder-oculto-de-amaury-llevo-a-javier-aguirre-al-paredon\/#primaryimage"},"thumbnailUrl":"https:\/\/ubirataonline.com.br\/wp-content\/uploads\/2026\/05\/El-poder-oculto-de-Amaury-llevo-a-Javier-Aguirre-al.jpeg","keywords":["Aguirre","Amaury","Javier","llev\u00f3","oculto","pared\u00f3n","poder"],"articleSection":["Europe"],"inLanguage":"en-US","copyrightYear":"2026","copyrightHolder":{"@id":"https:\/\/ubirataonline.com.br\/en\/#organization"}},{"@type":"WebPage","@id":"https:\/\/ubirataonline.com.br\/el-poder-oculto-de-amaury-llevo-a-javier-aguirre-al-paredon\/","url":"https:\/\/ubirataonline.com.br\/el-poder-oculto-de-amaury-llevo-a-javier-aguirre-al-paredon\/","name":"El poder oculto de Amaury llev\u00f3 a Javier Aguirre al pared\u00f3n - Ubirat\u00e3 Online Not\u00edcias - A realidade ao seu alcance!","isPartOf":{"@id":"https:\/\/ubirataonline.com.br\/#website"},"primaryImageOfPage":{"@id":"https:\/\/ubirataonline.com.br\/el-poder-oculto-de-amaury-llevo-a-javier-aguirre-al-paredon\/#primaryimage"},"image":{"@id":"https:\/\/ubirataonline.com.br\/el-poder-oculto-de-amaury-llevo-a-javier-aguirre-al-paredon\/#primaryimage"},"thumbnailUrl":"https:\/\/ubirataonline.com.br\/wp-content\/uploads\/2026\/05\/El-poder-oculto-de-Amaury-llevo-a-Javier-Aguirre-al.jpeg","datePublished":"2026-05-07T01:43:14+00:00","dateModified":"2026-05-07T01:43:16+00:00","description":"LOS \u00c1NGELES -- Hay un fren\u00e9tico amor por el rid\u00edculo en la Federaci\u00f3n Mexicana de Futbol. Y todo se origina porque Mikel Arriola, comisionado impuesto al","breadcrumb":{"@id":"https:\/\/ubirataonline.com.br\/el-poder-oculto-de-amaury-llevo-a-javier-aguirre-al-paredon\/#breadcrumb"},"inLanguage":"en-US","potentialAction":[{"@type":"ReadAction","target":["https:\/\/ubirataonline.com.br\/el-poder-oculto-de-amaury-llevo-a-javier-aguirre-al-paredon\/"]}]},{"@type":"ImageObject","inLanguage":"en-US","@id":"https:\/\/ubirataonline.com.br\/el-poder-oculto-de-amaury-llevo-a-javier-aguirre-al-paredon\/#primaryimage","url":"https:\/\/ubirataonline.com.br\/wp-content\/uploads\/2026\/05\/El-poder-oculto-de-Amaury-llevo-a-Javier-Aguirre-al.jpeg","contentUrl":"https:\/\/ubirataonline.com.br\/wp-content\/uploads\/2026\/05\/El-poder-oculto-de-Amaury-llevo-a-Javier-Aguirre-al.jpeg","width":1296,"height":729,"caption":"Amaury Vergara hace bien en protestar (5:21)Rafa Ramos hace un recuento de todos los hechos que han cimbrado a la selecci\u00f3n mexicana en las \u00faltimas horas. (5:21)"},{"@type":"BreadcrumbList","@id":"https:\/\/ubirataonline.com.br\/el-poder-oculto-de-amaury-llevo-a-javier-aguirre-al-paredon\/#breadcrumb","itemListElement":[{"@type":"ListItem","position":1,"name":"In\u00edcio","item":"https:\/\/ubirataonline.com.br\/"},{"@type":"ListItem","position":2,"name":"El poder oculto de Amaury llev\u00f3 a Javier Aguirre al pared\u00f3n"}]},{"@type":"WebSite","@id":"https:\/\/ubirataonline.com.br\/#website","url":"https:\/\/ubirataonline.com.br\/","name":"Ubirat\u00e3 Online Not\u00edcias","description":"Not\u00edcias de Ubirat\u00e3, regi\u00e3o, Brasil e mundo, com informa\u00e7\u00e3o atualizada e compromisso com o leitor.","publisher":{"@id":"https:\/\/ubirataonline.com.br\/#organization"},"alternateName":"Ubirat\u00e3 Online","potentialAction":[{"@type":"SearchAction","target":{"@type":"EntryPoint","urlTemplate":"https:\/\/ubirataonline.com.br\/?s={search_term_string}"},"query-input":{"@type":"PropertyValueSpecification","valueRequired":true,"valueName":"search_term_string"}}],"inLanguage":"en-US"},{"@type":["Organization","Place"],"@id":"https:\/\/ubirataonline.com.br\/#organization","name":"Ubirat\u00e3 Online Not\u00edcias","alternateName":"Ubirat\u00e3 Online","url":"https:\/\/ubirataonline.com.br\/","logo":{"@id":"https:\/\/ubirataonline.com.br\/el-poder-oculto-de-amaury-llevo-a-javier-aguirre-al-paredon\/#local-main-organization-logo"},"image":{"@id":"https:\/\/ubirataonline.com.br\/el-poder-oculto-de-amaury-llevo-a-javier-aguirre-al-paredon\/#local-main-organization-logo"},"sameAs":["https:\/\/www.facebook.com\/portalubirataonline","https:\/\/x.com\/ubirataonline","https:\/\/mastodon.social\/@ubirataonline","https:\/\/www.facebook.com\/groups\/311144672285604","https:\/\/www.facebook.com\/UBTAOnline","https:\/\/www.instagram.com\/portalubirataonline\/","https:\/\/twitter.com\/ubirataonline"],"description":"Somos um portal de not\u00edcias independente, criado em 5 de janeiro de 2009, com o objetivo de informar, conectar e valorizar a nossa comunidade de Ubirat\u00e3 e toda aregi\u00e3o. Com conte\u00fado atualizado, confi\u00e1vel e relevante, o Ubirat\u00e3 Online \u00e9 o seu espa\u00e7o para ficar por dentro dos principais acontecimentos locais, regionais, Brasil, Mundo e de interesse geral. Nosso compromisso \u00e9 com a verdade, a transpar\u00eancia e o respeito ao leitor.","legalName":"UBIRATA ONLINE NOT\u00cdCIAS","foundingDate":"2009-01-05","numberOfEmployees":{"@type":"QuantitativeValue","minValue":"1","maxValue":"10"},"publishingPrinciples":"https:\/\/ubirataonline.com.br\/faq\/","address":{"@id":"https:\/\/ubirataonline.com.br\/el-poder-oculto-de-amaury-llevo-a-javier-aguirre-al-paredon\/#local-main-place-address"},"geo":{"@type":"GeoCoordinates","latitude":"-24.5361401","longitude":"-52.9921776"},"telephone":["+5544998308235"],"contactPoint":{"@type":"ContactPoint","email":"contato@ubirataonline.com.br"},"openingHoursSpecification":{"@type":"OpeningHoursSpecification","dayOfWeek":["Monday","Tuesday","Wednesday","Thursday","Friday","Saturday","Sunday"],"opens":"00:00","closes":"23:59"},"email":"contato@ubirataonline.com.br","vatID":"47.621.418\/0001-80"},{"@type":"Person","@id":"https:\/\/ubirataonline.com.br\/#\/schema\/person\/372f87bbd3fdd79b8556b84c98d0bc1c","name":"REDA\u00c7\u00c3O: UBIRAT\u00c3 ONLINE - F\u00c1BIO AUGUSTO CELESTINO","pronouns":"Ele","description":"Desde 2003 trabalhando com not\u00edcias.","sameAs":["http:\/\/ubirataoline.com.br","https:\/\/www.facebook.com\/portalubirataonline","https:\/\/www.instagram.com\/ubirataonline_oficial","https:\/\/x.com\/x.com\/ubirataonline"],"honorificPrefix":"Mr.","honorificSuffix":"MD","birthDate":"1980-06-16","gender":"masculino","award":["V\u00e1rios pr\u00eamios de melhor portal da cidade"],"jobTitle":"Diretor","url":"https:\/\/ubirataonline.com.br\/en\/author\/ubirataonline\/"},{"@type":"PostalAddress","@id":"https:\/\/ubirataonline.com.br\/el-poder-oculto-de-amaury-llevo-a-javier-aguirre-al-paredon\/#local-main-place-address","streetAddress":"Rua dos Coqueiros, 104 - Bairro Boa Vista, Rua dos Coqueiros, 104 Bairro Boa Vista","addressLocality":"UBIRATA","postalCode":"85440-000","addressRegion":"PR","addressCountry":"BR"},{"@type":"ImageObject","inLanguage":"en-US","@id":"https:\/\/ubirataonline.com.br\/el-poder-oculto-de-amaury-llevo-a-javier-aguirre-al-paredon\/#local-main-organization-logo","url":"https:\/\/ubirataonline.com.br\/wp-content\/uploads\/2026\/06\/logoubirataonline-1.webp","contentUrl":"https:\/\/ubirataonline.com.br\/wp-content\/uploads\/2026\/06\/logoubirataonline-1.webp","width":500,"height":500,"caption":"Ubirat\u00e3 Online Not\u00edcias"}]},"geo.placename":"UBIRATA","geo.position":{"lat":"-24.5361401","long":"-52.9921776"},"geo.region":"Brazil"},"_links":{"self":[{"href":"https:\/\/ubirataonline.com.br\/en\/wp-json\/wp\/v2\/posts\/122908","targetHints":{"allow":["GET"]}}],"collection":[{"href":"https:\/\/ubirataonline.com.br\/en\/wp-json\/wp\/v2\/posts"}],"about":[{"href":"https:\/\/ubirataonline.com.br\/en\/wp-json\/wp\/v2\/types\/post"}],"author":[{"embeddable":true,"href":"https:\/\/ubirataonline.com.br\/en\/wp-json\/wp\/v2\/users\/1"}],"replies":[{"embeddable":true,"href":"https:\/\/ubirataonline.com.br\/en\/wp-json\/wp\/v2\/comments?post=122908"}],"version-history":[{"count":0,"href":"https:\/\/ubirataonline.com.br\/en\/wp-json\/wp\/v2\/posts\/122908\/revisions"}],"wp:featuredmedia":[{"embeddable":true,"href":"https:\/\/ubirataonline.com.br\/en\/wp-json\/wp\/v2\/media\/122909"}],"wp:attachment":[{"href":"https:\/\/ubirataonline.com.br\/en\/wp-json\/wp\/v2\/media?parent=122908"}],"wp:term":[{"taxonomy":"category","embeddable":true,"href":"https:\/\/ubirataonline.com.br\/en\/wp-json\/wp\/v2\/categories?post=122908"},{"taxonomy":"post_tag","embeddable":true,"href":"https:\/\/ubirataonline.com.br\/en\/wp-json\/wp\/v2\/tags?post=122908"}],"curies":[{"name":"wp","href":"https:\/\/api.w.org\/{rel}","templated":true}]}}