{"id":122917,"date":"2026-05-06T23:02:14","date_gmt":"2026-05-07T02:02:14","guid":{"rendered":"https:\/\/ubirataonline.com.br\/tejay-antone-recalled-emilio-pagan-placed-on-il\/"},"modified":"2026-05-06T23:02:17","modified_gmt":"2026-05-07T02:02:17","slug":"tejay-antone-recalled-emilio-pagan-placed-on-il","status":"publish","type":"post","link":"https:\/\/ubirataonline.com.br\/en\/tejay-antone-recalled-emilio-pagan-placed-on-il\/","title":{"rendered":"Tejay Antone recalled, Emilio Pag\u00e1n placed on IL"},"content":{"rendered":"<p><br \/>\n<\/p>\n<div>\n<div class=\"Styles__MarkdownContainer-dxqlie-0 iMsGag\">\n<p>CHICAGO \u2013 As the Reds try to move forward for an extended period without injured closer Emilio Pag\u00e1n after he strained his left hamstring on Tuesday vs. the Cubs, manager Terry Francona was cheered up when <a href=\"https:\/\/www.mlb.com\/player\/622088\" target=\"_blank\" rel=\"tag\">Tejay Antone<\/a> arrived at his office Wednesday.<\/p>\n<\/div>\n<\/div>\n<div>\n<div class=\"Styles__MarkdownContainer-dxqlie-0 iMsGag\">\n<p>\u201c[Antone] walked in today and I said, \u2018On the heels of kind of a [crappy] night, seeing you walk through that door was kind of uplifting.\u2019 It\u2019s good for him. I hope it\u2019s really good for us, but that\u2019s a pretty cool story,&#8221; Francona said.<\/p>\n<\/div>\n<\/div>\n<div>\n<div class=\"Styles__MarkdownContainer-dxqlie-0 iMsGag\">\n<p>The story of Antone is a rarity that lacks many comparisons. The 32-year-old, who had his contract selected from Triple-A Louisville, has come back to the big leagues after a third Tommy John surgery on his right elbow.<\/p>\n<\/div>\n<\/div>\n<div>\n<div class=\"Styles__MarkdownContainer-dxqlie-0 iMsGag\">\n<p><a href=\"https:\/\/www.mlb.com\/news\/tejay-antone-writes-book-about-tommy-john-surgeries\" target=\"_blank\">Antone had the procedure for the third time<\/a> following a tear of his ulnar collateral ligament while facing the Mets on April 7, 2024. The only other pitchers known to make it all the way back to the Majors from three such procedures were Jonny Venters and Jason Isringhausen.<\/p>\n<\/div>\n<\/div>\n<div>\n<div class=\"Styles__MarkdownContainer-dxqlie-0 iMsGag\">\n<p>Re-signed to a Minor League contract in November and a non-roster invite at Spring Training before being cut, Antone was 1-1 with a 2.25 ERA in 12 appearances this season with Louisville.<\/p>\n<\/div>\n<\/div>\n<div>\n<div class=\"Styles__MarkdownContainer-dxqlie-0 iMsGag\">\n<p>Antone appeared emotional discussing his return to the Major Leagues.<\/p>\n<\/div>\n<\/div>\n<div>\n<div class=\"Styles__MarkdownContainer-dxqlie-0 iMsGag\">\n<p>\u201cI really wanted to come back but I don\u2019t want to say I was expecting [it],&#8221; he said. &#8220;I wasn\u2019t on the [40-man] roster. I was just pitching the best I could just hoping for an opportunity. I went out there and threw really well for the first month of the season and the Reds have given me this opportunity. I couldn\u2019t be happier.\u201d<\/p>\n<\/div>\n<\/div>\n<div>\n<div class=\"Styles__MarkdownContainer-dxqlie-0 iMsGag\">\n<p>Much of the Reds roster has turned over since Antone first debuted in the Major Leagues in 2020 but their longest-tenured player, catcher Tyler Stephenson, has seen all of the comebacks \u2013 and all of the heartbreak \u2013 the reliever has been through.<\/p>\n<\/div>\n<\/div>\n<div>\n<div class=\"Styles__MarkdownContainer-dxqlie-0 iMsGag\">\n<p>Antone underwent ulnar collateral ligament surgery for the first time in 2017 as a Minor Leaguer. The second time <a href=\"https:\/\/www.mlb.com\/reds\/news\/tejay-antone-to-undergo-tommy-john-surgery\" target=\"_blank\">came in the midst of his stellar 2021 season<\/a>, his first full year in the Major Leagues. The rehab and some setbacks from that procedure kept him from returning until 2024.<\/p>\n<\/div>\n<\/div>\n<div>\n<div class=\"Styles__MarkdownContainer-dxqlie-0 iMsGag\">\n<p>\u201cWe were in the Minor Leagues together and we debuted an inning apart,&#8221; Stephenson said. &#8220;It just shows a lot of who he is to go through the surgery three times and never giving up on the goal and making his way back. He\u2019s done that, he\u2019s proven that, and he\u2019s earned the right.\u201d<\/p>\n<\/div>\n<\/div>\n<div>\n<div class=\"Styles__MarkdownContainer-dxqlie-0 iMsGag\">\n<p>Limited to only 45 Major League appearances since debuting because of his injury history, Antone entered the day with a 2.47 career ERA.<\/p>\n<\/div>\n<\/div>\n<div>\n<div class=\"Styles__MarkdownContainer-dxqlie-0 iMsGag\">\n<p>When Antone first arrived, he had a fastball that could reach triple-digit velocity and a devastating curveball. That type of velocity is long gone and replaced by stuff in the low-to-mid 90&#8217;s. He added a sweeper and cutter to his pitch selection during the last offseason.<\/p>\n<\/div>\n<\/div>\n<div>\n<div class=\"Styles__MarkdownContainer-dxqlie-0 iMsGag\">\n<p>\u201cIt\u2019s not completely shelved,&#8221; Antone said of his curveball. &#8220;Captain Hook has still got it. It\u2019s definitely lower on the tier-list, for sure.<\/p>\n<\/div>\n<\/div>\n<div>\n<div class=\"Styles__MarkdownContainer-dxqlie-0 iMsGag\">\n<p>&#8220;Being able to pound the zone with stuff I have confidence in is really important. It gives me confidence to be in the zone more because I\u2019m getting good swing-and-miss, getting mis-hits.&#8221;<\/p>\n<\/div>\n<\/div>\n<div>\n<div class=\"Styles__MarkdownContainer-dxqlie-0 iMsGag\">\n<p>By adding pitches, it underscored Antone&#8217;s desire to throw without fear and not just play it safe.<\/p>\n<\/div>\n<\/div>\n<div>\n<div class=\"Styles__MarkdownContainer-dxqlie-0 iMsGag\">\n<p>\u201cThis was my last chance. No one is going to sign a guy with four Tommy Johns, right?&#8221; Antone said.<\/p>\n<\/div>\n<\/div>\n<div>\n<div class=\"Styles__MarkdownContainer-dxqlie-0 iMsGag\">\n<p>The Reds knew immediately that Pag\u00e1n would require a stint on the injured list and after a 3-2 loss in 10 innings, Francona, pitching coach Derek Johnson and general manager Brad Meador huddled in the manager&#8217;s office to discuss whom to add to a bullpen that&#8217;s struggled over the past week. Phone calls were made to player development director Jeremy Farrell and Louisville manager Pat Kelly, and they endorsed Antone as the call-up.<\/p>\n<\/div>\n<\/div>\n<div>\n<div class=\"Styles__MarkdownContainer-dxqlie-0 iMsGag\">\n<p>\u201cWe sat here for a long time last night and tried to figure it out,&#8221; Francona said. &#8220;I think you kind of have to listen to their thoughts because they\u2019re hands on with those guys.\u201d<\/p>\n<\/div>\n<\/div>\n<div>\n<div class=\"Styles__MarkdownContainer-dxqlie-0 iMsGag\">\n<p>After talking to Francona Wednesday afternoon, Antone went outside by the first-base dugout at Wrigley Field and took it all in.<\/p>\n<\/div>\n<\/div>\n<div>\n<div class=\"Styles__MarkdownContainer-dxqlie-0 iMsGag\">\n<p>\u201cIt\u2019s awesome, man. It\u2019s really cool,&#8221; Antone said. &#8220;I went out on the field, took a little recording for the phone and sent it to my family. Wrigley\u2019s a really cool ballpark, really iconic. It\u2019s really cool to be back, it\u2019s been a long time. I\u2019m excited to be back.\u201d<\/p>\n<\/div>\n<\/div>\n<p><br \/>\n<br \/><a href=\"https:\/\/www.mlb.com\/news\/tejay-antone-called-up-by-reds\">Source link <\/a><\/p>\n","protected":false},"excerpt":{"rendered":"<p>CHICAGO \u2013 As the Reds try to move forward for an extended period without injured closer Emilio Pag\u00e1n after he strained his left hamstring on Tuesday vs. the Cubs, manager Terry Francona was cheered up when Tejay Antone arrived at his office Wednesday. \u201c[Antone] walked in today and I said, \u2018On the heels of kind [&hellip;]<\/p>\n","protected":false},"author":1,"featured_media":122918,"comment_status":"closed","ping_status":"","sticky":false,"template":"","format":"standard","meta":{"googlesitekit_rrm_CAow2JLhCw:productID":"","_gspb_post_css":"","maa_idioma":"","maa_pais":"","footnotes":""},"categories":[2725],"tags":[33528,13409,33529,8769,33527],"class_list":["post-122917","post","type-post","status-publish","format-standard","has-post-thumbnail","hentry","category-europe","tag-antone","tag-emilio","tag-pagan","tag-recalled","tag-tejay"],"blocksy_meta":[],"yoast_head":"<!-- This site is optimized with the Yoast SEO Premium plugin v27.6 (Yoast SEO v27.6) - https:\/\/yoast.com\/product\/yoast-seo-premium-wordpress\/ -->\n<title>Tejay Antone recalled, Emilio Pag\u00e1n placed on IL - Ubirat\u00e3 Online Not\u00edcias - A realidade ao seu alcance!<\/title>\n<meta name=\"description\" content=\"CHICAGO \u2013 As the Reds try to move forward for an extended period without injured closer Emilio Pag\u00e1n after he strained his left hamstring on Tuesday vs.\" \/>\n<meta name=\"robots\" content=\"index, follow, max-snippet:-1, max-image-preview:large, max-video-preview:-1\" \/>\n<link rel=\"canonical\" href=\"https:\/\/ubirataonline.com.br\/en\/tejay-antone-recalled-emilio-pagan-placed-on-il\/\" \/>\n<meta property=\"og:locale\" content=\"en_US\" \/>\n<meta property=\"og:type\" content=\"article\" \/>\n<meta property=\"og:title\" content=\"Tejay Antone recalled, Emilio Pag\u00e1n placed on IL\" \/>\n<meta property=\"og:description\" content=\"CHICAGO \u2013 As the Reds try to move forward for an extended period without injured closer Emilio Pag\u00e1n after he strained his left hamstring on Tuesday vs.\" \/>\n<meta property=\"og:url\" content=\"https:\/\/ubirataonline.com.br\/en\/tejay-antone-recalled-emilio-pagan-placed-on-il\/\" \/>\n<meta property=\"og:site_name\" content=\"Ubirat\u00e3 Online Not\u00edcias - A realidade ao seu alcance!\" \/>\n<meta property=\"article:publisher\" content=\"https:\/\/www.facebook.com\/portalubirataonline\" \/>\n<meta property=\"article:author\" content=\"https:\/\/www.facebook.com\/portalubirataonline\" \/>\n<meta property=\"article:published_time\" content=\"2026-05-07T02:02:14+00:00\" \/>\n<meta property=\"article:modified_time\" content=\"2026-05-07T02:02:17+00:00\" \/>\n<meta property=\"og:image\" content=\"https:\/\/ubirataonline.com.br\/wp-content\/uploads\/2026\/05\/Tejay-Antone-recalled-Emilio-Pagan-placed-on-IL.jpg\" \/>\n\t<meta property=\"og:image:width\" content=\"1536\" \/>\n\t<meta property=\"og:image:height\" content=\"768\" \/>\n\t<meta property=\"og:image:type\" content=\"image\/jpeg\" \/>\n<meta name=\"author\" content=\"REDA\u00c7\u00c3O: UBIRAT\u00c3 ONLINE - F\u00c1BIO AUGUSTO CELESTINO\" \/>\n<meta name=\"twitter:card\" content=\"summary_large_image\" \/>\n<meta name=\"twitter:creator\" content=\"@x.com\/ubirataonline\" \/>\n<meta name=\"twitter:site\" content=\"@ubirataonline\" \/>\n<meta name=\"twitter:label1\" content=\"Written by\" \/>\n\t<meta name=\"twitter:data1\" content=\"REDA\u00c7\u00c3O: UBIRAT\u00c3 ONLINE - F\u00c1BIO AUGUSTO CELESTINO\" \/>\n\t<meta name=\"twitter:label2\" content=\"Est. reading time\" \/>\n\t<meta name=\"twitter:data2\" content=\"4 minutes\" \/>\n<script type=\"application\/ld+json\" class=\"yoast-schema-graph\">{\"@context\":\"https:\\\/\\\/schema.org\",\"@graph\":[{\"@type\":\"NewsArticle\",\"@id\":\"https:\\\/\\\/ubirataonline.com.br\\\/tejay-antone-recalled-emilio-pagan-placed-on-il\\\/#article\",\"isPartOf\":{\"@id\":\"https:\\\/\\\/ubirataonline.com.br\\\/tejay-antone-recalled-emilio-pagan-placed-on-il\\\/\"},\"author\":{\"name\":\"REDA\u00c7\u00c3O: UBIRAT\u00c3 ONLINE - F\u00c1BIO AUGUSTO CELESTINO\",\"@id\":\"https:\\\/\\\/ubirataonline.com.br\\\/#\\\/schema\\\/person\\\/372f87bbd3fdd79b8556b84c98d0bc1c\"},\"headline\":\"Tejay Antone recalled, Emilio Pag\u00e1n placed on IL\",\"datePublished\":\"2026-05-07T02:02:14+00:00\",\"dateModified\":\"2026-05-07T02:02:17+00:00\",\"mainEntityOfPage\":{\"@id\":\"https:\\\/\\\/ubirataonline.com.br\\\/tejay-antone-recalled-emilio-pagan-placed-on-il\\\/\"},\"wordCount\":791,\"publisher\":{\"@id\":\"https:\\\/\\\/ubirataonline.com.br\\\/#organization\"},\"image\":{\"@id\":\"https:\\\/\\\/ubirataonline.com.br\\\/tejay-antone-recalled-emilio-pagan-placed-on-il\\\/#primaryimage\"},\"thumbnailUrl\":\"https:\\\/\\\/ubirataonline.com.br\\\/wp-content\\\/uploads\\\/2026\\\/05\\\/Tejay-Antone-recalled-Emilio-Pagan-placed-on-IL.jpg\",\"keywords\":[\"Antone\",\"Emilio\",\"Pag\u00e1n\",\"recalled\",\"Tejay\"],\"articleSection\":[\"Europe\"],\"inLanguage\":\"en-US\",\"copyrightYear\":\"2026\",\"copyrightHolder\":{\"@id\":\"https:\\\/\\\/ubirataonline.com.br\\\/en\\\/#organization\"}},{\"@type\":\"WebPage\",\"@id\":\"https:\\\/\\\/ubirataonline.com.br\\\/tejay-antone-recalled-emilio-pagan-placed-on-il\\\/\",\"url\":\"https:\\\/\\\/ubirataonline.com.br\\\/tejay-antone-recalled-emilio-pagan-placed-on-il\\\/\",\"name\":\"Tejay Antone recalled, Emilio Pag\u00e1n placed on IL - Ubirat\u00e3 Online Not\u00edcias - A realidade ao seu alcance!\",\"isPartOf\":{\"@id\":\"https:\\\/\\\/ubirataonline.com.br\\\/#website\"},\"primaryImageOfPage\":{\"@id\":\"https:\\\/\\\/ubirataonline.com.br\\\/tejay-antone-recalled-emilio-pagan-placed-on-il\\\/#primaryimage\"},\"image\":{\"@id\":\"https:\\\/\\\/ubirataonline.com.br\\\/tejay-antone-recalled-emilio-pagan-placed-on-il\\\/#primaryimage\"},\"thumbnailUrl\":\"https:\\\/\\\/ubirataonline.com.br\\\/wp-content\\\/uploads\\\/2026\\\/05\\\/Tejay-Antone-recalled-Emilio-Pagan-placed-on-IL.jpg\",\"datePublished\":\"2026-05-07T02:02:14+00:00\",\"dateModified\":\"2026-05-07T02:02:17+00:00\",\"description\":\"CHICAGO \u2013 As the Reds try to move forward for an extended period without injured closer Emilio Pag\u00e1n after he strained his left hamstring on Tuesday vs.\",\"breadcrumb\":{\"@id\":\"https:\\\/\\\/ubirataonline.com.br\\\/tejay-antone-recalled-emilio-pagan-placed-on-il\\\/#breadcrumb\"},\"inLanguage\":\"en-US\",\"potentialAction\":[{\"@type\":\"ReadAction\",\"target\":[\"https:\\\/\\\/ubirataonline.com.br\\\/tejay-antone-recalled-emilio-pagan-placed-on-il\\\/\"]}]},{\"@type\":\"ImageObject\",\"inLanguage\":\"en-US\",\"@id\":\"https:\\\/\\\/ubirataonline.com.br\\\/tejay-antone-recalled-emilio-pagan-placed-on-il\\\/#primaryimage\",\"url\":\"https:\\\/\\\/ubirataonline.com.br\\\/wp-content\\\/uploads\\\/2026\\\/05\\\/Tejay-Antone-recalled-Emilio-Pagan-placed-on-IL.jpg\",\"contentUrl\":\"https:\\\/\\\/ubirataonline.com.br\\\/wp-content\\\/uploads\\\/2026\\\/05\\\/Tejay-Antone-recalled-Emilio-Pagan-placed-on-IL.jpg\",\"width\":1536,\"height\":768,\"caption\":\"Tejay Antone recalled, Emilio Pag\u00e1n placed on IL\"},{\"@type\":\"BreadcrumbList\",\"@id\":\"https:\\\/\\\/ubirataonline.com.br\\\/tejay-antone-recalled-emilio-pagan-placed-on-il\\\/#breadcrumb\",\"itemListElement\":[{\"@type\":\"ListItem\",\"position\":1,\"name\":\"In\u00edcio\",\"item\":\"https:\\\/\\\/ubirataonline.com.br\\\/\"},{\"@type\":\"ListItem\",\"position\":2,\"name\":\"Tejay Antone recalled, Emilio Pag\u00e1n placed on IL\"}]},{\"@type\":\"WebSite\",\"@id\":\"https:\\\/\\\/ubirataonline.com.br\\\/#website\",\"url\":\"https:\\\/\\\/ubirataonline.com.br\\\/\",\"name\":\"Ubirat\u00e3 Online Not\u00edcias\",\"description\":\"Not\u00edcias de Ubirat\u00e3, regi\u00e3o, Brasil e mundo, com informa\u00e7\u00e3o atualizada e compromisso com o leitor.\",\"publisher\":{\"@id\":\"https:\\\/\\\/ubirataonline.com.br\\\/#organization\"},\"alternateName\":\"Ubirat\u00e3 Online\",\"potentialAction\":[{\"@type\":\"SearchAction\",\"target\":{\"@type\":\"EntryPoint\",\"urlTemplate\":\"https:\\\/\\\/ubirataonline.com.br\\\/?s={search_term_string}\"},\"query-input\":{\"@type\":\"PropertyValueSpecification\",\"valueRequired\":true,\"valueName\":\"search_term_string\"}}],\"inLanguage\":\"en-US\"},{\"@type\":[\"Organization\",\"Place\"],\"@id\":\"https:\\\/\\\/ubirataonline.com.br\\\/#organization\",\"name\":\"Ubirat\u00e3 Online Not\u00edcias\",\"alternateName\":\"Ubirat\u00e3 Online\",\"url\":\"https:\\\/\\\/ubirataonline.com.br\\\/\",\"logo\":{\"@id\":\"https:\\\/\\\/ubirataonline.com.br\\\/tejay-antone-recalled-emilio-pagan-placed-on-il\\\/#local-main-organization-logo\"},\"image\":{\"@id\":\"https:\\\/\\\/ubirataonline.com.br\\\/tejay-antone-recalled-emilio-pagan-placed-on-il\\\/#local-main-organization-logo\"},\"sameAs\":[\"https:\\\/\\\/www.facebook.com\\\/portalubirataonline\",\"https:\\\/\\\/x.com\\\/ubirataonline\",\"https:\\\/\\\/mastodon.social\\\/@ubirataonline\",\"https:\\\/\\\/www.facebook.com\\\/groups\\\/311144672285604\",\"https:\\\/\\\/www.facebook.com\\\/UBTAOnline\",\"https:\\\/\\\/www.instagram.com\\\/portalubirataonline\\\/\",\"https:\\\/\\\/twitter.com\\\/ubirataonline\"],\"description\":\"Somos um portal de not\u00edcias independente, criado em 5 de janeiro de 2009, com o objetivo de informar, conectar e valorizar a nossa comunidade de Ubirat\u00e3 e toda aregi\u00e3o. Com conte\u00fado atualizado, confi\u00e1vel e relevante, o Ubirat\u00e3 Online \u00e9 o seu espa\u00e7o para ficar por dentro dos principais acontecimentos locais, regionais, Brasil, Mundo e de interesse geral. Nosso compromisso \u00e9 com a verdade, a transpar\u00eancia e o respeito ao leitor.\",\"legalName\":\"UBIRATA ONLINE NOT\u00cdCIAS\",\"foundingDate\":\"2009-01-05\",\"numberOfEmployees\":{\"@type\":\"QuantitativeValue\",\"minValue\":\"1\",\"maxValue\":\"10\"},\"publishingPrinciples\":\"https:\\\/\\\/ubirataonline.com.br\\\/faq\\\/\",\"address\":{\"@id\":\"https:\\\/\\\/ubirataonline.com.br\\\/tejay-antone-recalled-emilio-pagan-placed-on-il\\\/#local-main-place-address\"},\"geo\":{\"@type\":\"GeoCoordinates\",\"latitude\":\"-24.5361401\",\"longitude\":\"-52.9921776\"},\"telephone\":[\"+5544998308235\"],\"contactPoint\":{\"@type\":\"ContactPoint\",\"email\":\"contato@ubirataonline.com.br\"},\"openingHoursSpecification\":{\"@type\":\"OpeningHoursSpecification\",\"dayOfWeek\":[\"Monday\",\"Tuesday\",\"Wednesday\",\"Thursday\",\"Friday\",\"Saturday\",\"Sunday\"],\"opens\":\"00:00\",\"closes\":\"23:59\"},\"email\":\"contato@ubirataonline.com.br\",\"vatID\":\"47.621.418\\\/0001-80\"},{\"@type\":\"Person\",\"@id\":\"https:\\\/\\\/ubirataonline.com.br\\\/#\\\/schema\\\/person\\\/372f87bbd3fdd79b8556b84c98d0bc1c\",\"name\":\"REDA\u00c7\u00c3O: UBIRAT\u00c3 ONLINE - F\u00c1BIO AUGUSTO CELESTINO\",\"pronouns\":\"Ele\",\"description\":\"Desde 2003 trabalhando com not\u00edcias.\",\"sameAs\":[\"http:\\\/\\\/ubirataoline.com.br\",\"https:\\\/\\\/www.facebook.com\\\/portalubirataonline\",\"https:\\\/\\\/www.instagram.com\\\/ubirataonline_oficial\",\"https:\\\/\\\/x.com\\\/x.com\\\/ubirataonline\"],\"honorificPrefix\":\"Mr.\",\"honorificSuffix\":\"MD\",\"birthDate\":\"1980-06-16\",\"gender\":\"masculino\",\"award\":[\"V\u00e1rios pr\u00eamios de melhor portal da cidade\"],\"jobTitle\":\"Diretor\",\"url\":\"https:\\\/\\\/ubirataonline.com.br\\\/en\\\/author\\\/ubirataonline\\\/\"},{\"@type\":\"PostalAddress\",\"@id\":\"https:\\\/\\\/ubirataonline.com.br\\\/tejay-antone-recalled-emilio-pagan-placed-on-il\\\/#local-main-place-address\",\"streetAddress\":\"Rua dos Coqueiros, 104 - Bairro Boa Vista, Rua dos Coqueiros, 104 Bairro Boa Vista\",\"addressLocality\":\"UBIRATA\",\"postalCode\":\"85440-000\",\"addressRegion\":\"PR\",\"addressCountry\":\"BR\"},{\"@type\":\"ImageObject\",\"inLanguage\":\"en-US\",\"@id\":\"https:\\\/\\\/ubirataonline.com.br\\\/tejay-antone-recalled-emilio-pagan-placed-on-il\\\/#local-main-organization-logo\",\"url\":\"https:\\\/\\\/ubirataonline.com.br\\\/wp-content\\\/uploads\\\/2026\\\/06\\\/logoubirataonline-1.webp\",\"contentUrl\":\"https:\\\/\\\/ubirataonline.com.br\\\/wp-content\\\/uploads\\\/2026\\\/06\\\/logoubirataonline-1.webp\",\"width\":500,\"height\":500,\"caption\":\"Ubirat\u00e3 Online Not\u00edcias\"}]}<\/script>\n<meta name=\"geo.placename\" content=\"UBIRATA\" \/>\n<meta name=\"geo.position\" content=\"-24.5361401;-52.9921776\" \/>\n<meta name=\"geo.region\" content=\"Brazil\" \/>\n<!-- \/ Yoast SEO Premium plugin. -->","yoast_head_json":{"title":"Tejay Antone recalled, Emilio Pag\u00e1n placed on IL - Ubirat\u00e3 Online Not\u00edcias - A realidade ao seu alcance!","description":"CHICAGO \u2013 As the Reds try to move forward for an extended period without injured closer Emilio Pag\u00e1n after he strained his left hamstring on Tuesday vs.","robots":{"index":"index","follow":"follow","max-snippet":"max-snippet:-1","max-image-preview":"max-image-preview:large","max-video-preview":"max-video-preview:-1"},"canonical":"https:\/\/ubirataonline.com.br\/en\/tejay-antone-recalled-emilio-pagan-placed-on-il\/","og_locale":"en_US","og_type":"article","og_title":"Tejay Antone recalled, Emilio Pag\u00e1n placed on IL","og_description":"CHICAGO \u2013 As the Reds try to move forward for an extended period without injured closer Emilio Pag\u00e1n after he strained his left hamstring on Tuesday vs.","og_url":"https:\/\/ubirataonline.com.br\/en\/tejay-antone-recalled-emilio-pagan-placed-on-il\/","og_site_name":"Ubirat\u00e3 Online Not\u00edcias - A realidade ao seu alcance!","article_publisher":"https:\/\/www.facebook.com\/portalubirataonline","article_author":"https:\/\/www.facebook.com\/portalubirataonline","article_published_time":"2026-05-07T02:02:14+00:00","article_modified_time":"2026-05-07T02:02:17+00:00","og_image":[{"width":1536,"height":768,"url":"https:\/\/ubirataonline.com.br\/wp-content\/uploads\/2026\/05\/Tejay-Antone-recalled-Emilio-Pagan-placed-on-IL.jpg","type":"image\/jpeg"}],"author":"REDA\u00c7\u00c3O: UBIRAT\u00c3 ONLINE - F\u00c1BIO AUGUSTO CELESTINO","twitter_card":"summary_large_image","twitter_creator":"@x.com\/ubirataonline","twitter_site":"@ubirataonline","twitter_misc":{"Written by":"REDA\u00c7\u00c3O: UBIRAT\u00c3 ONLINE - F\u00c1BIO AUGUSTO CELESTINO","Est. reading time":"4 minutes"},"schema":{"@context":"https:\/\/schema.org","@graph":[{"@type":"NewsArticle","@id":"https:\/\/ubirataonline.com.br\/tejay-antone-recalled-emilio-pagan-placed-on-il\/#article","isPartOf":{"@id":"https:\/\/ubirataonline.com.br\/tejay-antone-recalled-emilio-pagan-placed-on-il\/"},"author":{"name":"REDA\u00c7\u00c3O: UBIRAT\u00c3 ONLINE - F\u00c1BIO AUGUSTO CELESTINO","@id":"https:\/\/ubirataonline.com.br\/#\/schema\/person\/372f87bbd3fdd79b8556b84c98d0bc1c"},"headline":"Tejay Antone recalled, Emilio Pag\u00e1n placed on IL","datePublished":"2026-05-07T02:02:14+00:00","dateModified":"2026-05-07T02:02:17+00:00","mainEntityOfPage":{"@id":"https:\/\/ubirataonline.com.br\/tejay-antone-recalled-emilio-pagan-placed-on-il\/"},"wordCount":791,"publisher":{"@id":"https:\/\/ubirataonline.com.br\/#organization"},"image":{"@id":"https:\/\/ubirataonline.com.br\/tejay-antone-recalled-emilio-pagan-placed-on-il\/#primaryimage"},"thumbnailUrl":"https:\/\/ubirataonline.com.br\/wp-content\/uploads\/2026\/05\/Tejay-Antone-recalled-Emilio-Pagan-placed-on-IL.jpg","keywords":["Antone","Emilio","Pag\u00e1n","recalled","Tejay"],"articleSection":["Europe"],"inLanguage":"en-US","copyrightYear":"2026","copyrightHolder":{"@id":"https:\/\/ubirataonline.com.br\/en\/#organization"}},{"@type":"WebPage","@id":"https:\/\/ubirataonline.com.br\/tejay-antone-recalled-emilio-pagan-placed-on-il\/","url":"https:\/\/ubirataonline.com.br\/tejay-antone-recalled-emilio-pagan-placed-on-il\/","name":"Tejay Antone recalled, Emilio Pag\u00e1n placed on IL - Ubirat\u00e3 Online Not\u00edcias - A realidade ao seu alcance!","isPartOf":{"@id":"https:\/\/ubirataonline.com.br\/#website"},"primaryImageOfPage":{"@id":"https:\/\/ubirataonline.com.br\/tejay-antone-recalled-emilio-pagan-placed-on-il\/#primaryimage"},"image":{"@id":"https:\/\/ubirataonline.com.br\/tejay-antone-recalled-emilio-pagan-placed-on-il\/#primaryimage"},"thumbnailUrl":"https:\/\/ubirataonline.com.br\/wp-content\/uploads\/2026\/05\/Tejay-Antone-recalled-Emilio-Pagan-placed-on-IL.jpg","datePublished":"2026-05-07T02:02:14+00:00","dateModified":"2026-05-07T02:02:17+00:00","description":"CHICAGO \u2013 As the Reds try to move forward for an extended period without injured closer Emilio Pag\u00e1n after he strained his left hamstring on Tuesday vs.","breadcrumb":{"@id":"https:\/\/ubirataonline.com.br\/tejay-antone-recalled-emilio-pagan-placed-on-il\/#breadcrumb"},"inLanguage":"en-US","potentialAction":[{"@type":"ReadAction","target":["https:\/\/ubirataonline.com.br\/tejay-antone-recalled-emilio-pagan-placed-on-il\/"]}]},{"@type":"ImageObject","inLanguage":"en-US","@id":"https:\/\/ubirataonline.com.br\/tejay-antone-recalled-emilio-pagan-placed-on-il\/#primaryimage","url":"https:\/\/ubirataonline.com.br\/wp-content\/uploads\/2026\/05\/Tejay-Antone-recalled-Emilio-Pagan-placed-on-IL.jpg","contentUrl":"https:\/\/ubirataonline.com.br\/wp-content\/uploads\/2026\/05\/Tejay-Antone-recalled-Emilio-Pagan-placed-on-IL.jpg","width":1536,"height":768,"caption":"Tejay Antone recalled, Emilio Pag\u00e1n placed on IL"},{"@type":"BreadcrumbList","@id":"https:\/\/ubirataonline.com.br\/tejay-antone-recalled-emilio-pagan-placed-on-il\/#breadcrumb","itemListElement":[{"@type":"ListItem","position":1,"name":"In\u00edcio","item":"https:\/\/ubirataonline.com.br\/"},{"@type":"ListItem","position":2,"name":"Tejay Antone recalled, Emilio Pag\u00e1n placed on IL"}]},{"@type":"WebSite","@id":"https:\/\/ubirataonline.com.br\/#website","url":"https:\/\/ubirataonline.com.br\/","name":"Ubirat\u00e3 Online Not\u00edcias","description":"Not\u00edcias de Ubirat\u00e3, regi\u00e3o, Brasil e mundo, com informa\u00e7\u00e3o atualizada e compromisso com o leitor.","publisher":{"@id":"https:\/\/ubirataonline.com.br\/#organization"},"alternateName":"Ubirat\u00e3 Online","potentialAction":[{"@type":"SearchAction","target":{"@type":"EntryPoint","urlTemplate":"https:\/\/ubirataonline.com.br\/?s={search_term_string}"},"query-input":{"@type":"PropertyValueSpecification","valueRequired":true,"valueName":"search_term_string"}}],"inLanguage":"en-US"},{"@type":["Organization","Place"],"@id":"https:\/\/ubirataonline.com.br\/#organization","name":"Ubirat\u00e3 Online Not\u00edcias","alternateName":"Ubirat\u00e3 Online","url":"https:\/\/ubirataonline.com.br\/","logo":{"@id":"https:\/\/ubirataonline.com.br\/tejay-antone-recalled-emilio-pagan-placed-on-il\/#local-main-organization-logo"},"image":{"@id":"https:\/\/ubirataonline.com.br\/tejay-antone-recalled-emilio-pagan-placed-on-il\/#local-main-organization-logo"},"sameAs":["https:\/\/www.facebook.com\/portalubirataonline","https:\/\/x.com\/ubirataonline","https:\/\/mastodon.social\/@ubirataonline","https:\/\/www.facebook.com\/groups\/311144672285604","https:\/\/www.facebook.com\/UBTAOnline","https:\/\/www.instagram.com\/portalubirataonline\/","https:\/\/twitter.com\/ubirataonline"],"description":"Somos um portal de not\u00edcias independente, criado em 5 de janeiro de 2009, com o objetivo de informar, conectar e valorizar a nossa comunidade de Ubirat\u00e3 e toda aregi\u00e3o. Com conte\u00fado atualizado, confi\u00e1vel e relevante, o Ubirat\u00e3 Online \u00e9 o seu espa\u00e7o para ficar por dentro dos principais acontecimentos locais, regionais, Brasil, Mundo e de interesse geral. Nosso compromisso \u00e9 com a verdade, a transpar\u00eancia e o respeito ao leitor.","legalName":"UBIRATA ONLINE NOT\u00cdCIAS","foundingDate":"2009-01-05","numberOfEmployees":{"@type":"QuantitativeValue","minValue":"1","maxValue":"10"},"publishingPrinciples":"https:\/\/ubirataonline.com.br\/faq\/","address":{"@id":"https:\/\/ubirataonline.com.br\/tejay-antone-recalled-emilio-pagan-placed-on-il\/#local-main-place-address"},"geo":{"@type":"GeoCoordinates","latitude":"-24.5361401","longitude":"-52.9921776"},"telephone":["+5544998308235"],"contactPoint":{"@type":"ContactPoint","email":"contato@ubirataonline.com.br"},"openingHoursSpecification":{"@type":"OpeningHoursSpecification","dayOfWeek":["Monday","Tuesday","Wednesday","Thursday","Friday","Saturday","Sunday"],"opens":"00:00","closes":"23:59"},"email":"contato@ubirataonline.com.br","vatID":"47.621.418\/0001-80"},{"@type":"Person","@id":"https:\/\/ubirataonline.com.br\/#\/schema\/person\/372f87bbd3fdd79b8556b84c98d0bc1c","name":"REDA\u00c7\u00c3O: UBIRAT\u00c3 ONLINE - F\u00c1BIO AUGUSTO CELESTINO","pronouns":"Ele","description":"Desde 2003 trabalhando com not\u00edcias.","sameAs":["http:\/\/ubirataoline.com.br","https:\/\/www.facebook.com\/portalubirataonline","https:\/\/www.instagram.com\/ubirataonline_oficial","https:\/\/x.com\/x.com\/ubirataonline"],"honorificPrefix":"Mr.","honorificSuffix":"MD","birthDate":"1980-06-16","gender":"masculino","award":["V\u00e1rios pr\u00eamios de melhor portal da cidade"],"jobTitle":"Diretor","url":"https:\/\/ubirataonline.com.br\/en\/author\/ubirataonline\/"},{"@type":"PostalAddress","@id":"https:\/\/ubirataonline.com.br\/tejay-antone-recalled-emilio-pagan-placed-on-il\/#local-main-place-address","streetAddress":"Rua dos Coqueiros, 104 - Bairro Boa Vista, Rua dos Coqueiros, 104 Bairro Boa Vista","addressLocality":"UBIRATA","postalCode":"85440-000","addressRegion":"PR","addressCountry":"BR"},{"@type":"ImageObject","inLanguage":"en-US","@id":"https:\/\/ubirataonline.com.br\/tejay-antone-recalled-emilio-pagan-placed-on-il\/#local-main-organization-logo","url":"https:\/\/ubirataonline.com.br\/wp-content\/uploads\/2026\/06\/logoubirataonline-1.webp","contentUrl":"https:\/\/ubirataonline.com.br\/wp-content\/uploads\/2026\/06\/logoubirataonline-1.webp","width":500,"height":500,"caption":"Ubirat\u00e3 Online Not\u00edcias"}]},"geo.placename":"UBIRATA","geo.position":{"lat":"-24.5361401","long":"-52.9921776"},"geo.region":"Brazil"},"_links":{"self":[{"href":"https:\/\/ubirataonline.com.br\/en\/wp-json\/wp\/v2\/posts\/122917","targetHints":{"allow":["GET"]}}],"collection":[{"href":"https:\/\/ubirataonline.com.br\/en\/wp-json\/wp\/v2\/posts"}],"about":[{"href":"https:\/\/ubirataonline.com.br\/en\/wp-json\/wp\/v2\/types\/post"}],"author":[{"embeddable":true,"href":"https:\/\/ubirataonline.com.br\/en\/wp-json\/wp\/v2\/users\/1"}],"replies":[{"embeddable":true,"href":"https:\/\/ubirataonline.com.br\/en\/wp-json\/wp\/v2\/comments?post=122917"}],"version-history":[{"count":0,"href":"https:\/\/ubirataonline.com.br\/en\/wp-json\/wp\/v2\/posts\/122917\/revisions"}],"wp:featuredmedia":[{"embeddable":true,"href":"https:\/\/ubirataonline.com.br\/en\/wp-json\/wp\/v2\/media\/122918"}],"wp:attachment":[{"href":"https:\/\/ubirataonline.com.br\/en\/wp-json\/wp\/v2\/media?parent=122917"}],"wp:term":[{"taxonomy":"category","embeddable":true,"href":"https:\/\/ubirataonline.com.br\/en\/wp-json\/wp\/v2\/categories?post=122917"},{"taxonomy":"post_tag","embeddable":true,"href":"https:\/\/ubirataonline.com.br\/en\/wp-json\/wp\/v2\/tags?post=122917"}],"curies":[{"name":"wp","href":"https:\/\/api.w.org\/{rel}","templated":true}]}}