{"id":122947,"date":"2026-05-06T23:43:09","date_gmt":"2026-05-07T02:43:09","guid":{"rendered":"https:\/\/ubirataonline.com.br\/cubs-matthew-boyd-injures-meniscus-while-playing-with-his-kids\/"},"modified":"2026-05-06T23:43:11","modified_gmt":"2026-05-07T02:43:11","slug":"cubs-matthew-boyd-injures-meniscus-while-playing-with-his-kids","status":"publish","type":"post","link":"https:\/\/ubirataonline.com.br\/en\/cubs-matthew-boyd-injures-meniscus-while-playing-with-his-kids\/","title":{"rendered":"Cubs&#8217; Matthew Boyd injures meniscus while playing with his kids"},"content":{"rendered":"<p><\/p>\n<div>\n<div class=\"article-meta\">\n<div class=\"byline-wrap\">\n<ul class=\"authors byline-authors\">\n<li class=\"single-author mugshot-shown\">\n<div class=\"author-img\"><\/div>\n<p>Jesse Rogers<span class=\"timestamp\">May 6, 2026, 06:46 PM ET<\/span><\/p>\n<div class=\"author-overlay\"><a class=\"icon-font-after icon-close-solid-after\" href=\"#\">Close<\/a><\/p>\n<ul>Jesse joined ESPN Chicago in September 2009 and covers MLB for ESPN.com.<\/ul>\n<\/div>\n<\/li>\n<\/ul>\n<p>Multiple Authors<\/p>\n<\/div>\n<\/div>\n<p>CHICAGO &#8212; The first-place <a data-clubhouse-guid=\"5cda5067-7075-66b1-4b94-2333ab8d9807\" href=\"https:\/\/www.espn.com\/mlb\/team\/_\/name\/chc\/chicago-cubs\">Chicago Cubs<\/a> suffered another blow to their pitching staff after lefty <a data-player-guid=\"18179f89-dcb9-9d42-a7ec-99aa1c26c5fb\" href=\"https:\/\/www.espn.com\/mlb\/player\/_\/id\/34401\/matthew-boyd\">Matthew Boyd<\/a> injured his left meniscus while playing with his kids at home Wednesday morning.<\/p>\n<p>Boyd, 35, will undergo surgery and be out for an undetermined amount of time, though the team does expect him back this season.<\/p>\n<p>&#8220;Kind of an innocent, going down to the ground and getting back up,&#8221; manager Craig Counsell said about the injury. &#8220;He woke up this morning a healthy player. He&#8217;s just trying to process it and get all the information from the doctors to figure out what&#8217;s next.&#8221;<\/p>\n<aside class=\"inline inline-photo full\">\n<figure><picture><source data-srcset=\"https:\/\/a4.espncdn.com\/combiner\/i?img=%2Fphoto%2F2025%2F1004%2Fr1555621_1296x729_16%2D9.jpg&amp;w=570&amp;format=jpg, https:\/\/a4.espncdn.com\/combiner\/i?img=%2Fphoto%2F2025%2F1004%2Fr1555621_1296x729_16%2D9.jpg&amp;w=1140&amp;cquality=40&amp;format=jpg 2x\" media=\"(min-width: 376px)\"><source data-srcset=\"https:\/\/a4.espncdn.com\/combiner\/i?img=%2Fphoto%2F2025%2F1004%2Fr1555621_1296x729_16%2D9.jpg&amp;w=375, https:\/\/a4.espncdn.com\/combiner\/i?img=%2Fphoto%2F2025%2F1004%2Fr1555621_1296x729_16%2D9.jpg&amp;w=750&amp;cquality=40&amp;format=jpg 2x\" media=\"(max-width: 375px)\"><img class=\"lazyload lazyload\" data-image-container=\".inline-photo\" height=\"320\" width=\"570\"\/><\/source><\/source><\/picture><figcaption class=\"photoCaption\">Cubs pitcher Matthew Boyd is heading to the injured list for the second time this season after he was hurt while playing with his kids on Wednesday. He&#8217;ll have surgery, and the team expects him to return this season.\u00a0<cite>Benny Sieu-Imagn Images<\/cite><\/figcaption><\/figure>\n<\/aside>\n<p>Boyd, who made 31 starts in 2025 and participated in the World Baseball Classic during spring training, is going on the 15-day injured list for the second time this season. He is 2-1 with a 6.00 ERA in five games this season.<\/p>\n<p>Counsell said the team will have a clearer idea of how much time Boyd will miss following surgery.<\/p>\n<p>&#8220;It&#8217;ll be more than the minimum,&#8221; Counsell said.<\/p>\n<aside class=\"inline editorial float-r\" data-behavior=\"article_related\">\n<h2 class=\"editorial-title\">Editor&#8217;s Picks<\/h2>\n<p>2 Related<\/p>\n<\/aside>\n<p>Boyd joins top-end starters <a data-player-guid=\"3e57eb1b-fa85-6d99-1bae-704764ee9d9f\" href=\"https:\/\/www.espn.com\/mlb\/player\/_\/id\/41022\/justin-steele\">Justin Steele<\/a> (elbow) and <a data-player-guid=\"0fb7a375-aa88-3a2d-a8ec-698f8f1949a8\" href=\"https:\/\/www.espn.com\/mlb\/player\/_\/id\/4692526\/cade-horton\">Cade Horton<\/a> (elbow) on the IL. Steele is expected back later this summer, but Horton is out until next year.<\/p>\n<p>&#8220;It&#8217;s unexpected news, for sure,&#8221; Counsell said. &#8220;We&#8217;re going to have to fill in around him. That&#8217;s going to be our task.&#8221;<\/p>\n<p>The Cubs thought they added enough pitching depth in the offseason after trading for righty <a data-player-guid=\"de267d58-fbaf-a33a-4842-526ae031aec5\" href=\"https:\/\/www.espn.com\/mlb\/player\/_\/id\/40944\/edward-cabrera\">Edward Cabrera<\/a> and re-signing lefty <a data-player-guid=\"af1ec5d4-41a0-3097-9cb4-9e32ec6250a2\" href=\"https:\/\/www.espn.com\/mlb\/player\/_\/id\/5134630\/shota-imanaga\">Shota Imanaga<\/a>. Now they&#8217;ll have to navigate without one of their best pitchers for the foreseeable future.<\/p>\n<p>Counsell stopped short of naming righty <a data-player-guid=\"2041a02c-f442-32f2-9113-46727181011a\" href=\"https:\/\/www.espn.com\/mlb\/player\/_\/id\/5002950\/javier-assad\">Javier Assad<\/a> as Boyd&#8217;s replacement as the Cubs are running out of healthy options. The team has &#8220;loose&#8221; plans for Boyd&#8217;s next start, which comes Friday vs. the <a data-clubhouse-guid=\"4fa2cf46-09fc-255f-74a1-2a8857b0e671\" href=\"https:\/\/www.espn.com\/mlb\/team\/_\/name\/tex\/texas-rangers\">Texas Rangers<\/a>.<\/p>\n<p>The Cubs have overcome their pitching injuries so far this season thanks to a deep offense, which ranks third in scoring at 5.4 runs per game. They&#8217;ve won seven in a row heading into Wednesday&#8217;s game against the <a data-clubhouse-guid=\"04b65a0b-3cca-d795-0e21-23606470418a\" href=\"https:\/\/www.espn.com\/mlb\/team\/_\/name\/cin\/cincinnati-reds\">Cincinnati Reds<\/a> after compiling a 10-game win streak earlier this season.<\/p>\n<\/div>\n<p><a href=\"https:\/\/www.espn.com\/mlb\/story\/_\/id\/48697258\/cubs-matthew-boyd-injures-meniscus-playing-kids\">Source link <\/a><\/p>","protected":false},"excerpt":{"rendered":"<p>Jesse RogersMay 6, 2026, 06:46 PM ET Close Jesse joined ESPN Chicago in September 2009 and covers MLB for ESPN.com. Multiple Authors CHICAGO &#8212; The first-place Chicago Cubs suffered another blow to their pitching staff after lefty Matthew Boyd injured his left meniscus while playing with his kids at home Wednesday morning. Boyd, 35, will [&hellip;]<\/p>\n","protected":false},"author":1,"featured_media":122948,"comment_status":"closed","ping_status":"","sticky":false,"template":"","format":"standard","meta":{"googlesitekit_rrm_CAow2JLhCw:productID":"","_gspb_post_css":"","maa_idioma":"","maa_pais":"","footnotes":""},"categories":[1],"tags":[30102,10186,10561,8957,13131,29368,5306],"class_list":["post-122947","post","type-post","status-publish","format-standard","has-post-thumbnail","hentry","category-ubirata","tag-boyd","tag-cubs","tag-injures","tag-kids","tag-matthew","tag-meniscus","tag-playing"],"blocksy_meta":[],"yoast_head":"<!-- This site is optimized with the Yoast SEO Premium plugin v27.6 (Yoast SEO v27.6) - https:\/\/yoast.com\/product\/yoast-seo-premium-wordpress\/ -->\n<title>Cubs&#039; Matthew Boyd injures meniscus while playing with his kids - Ubirat\u00e3 Online Not\u00edcias - A realidade ao seu alcance!<\/title>\n<meta name=\"description\" content=\"Jesse RogersMay 6, 2026, 06:46 PM ETCloseJesse joined ESPN Chicago in September 2009 and covers MLB for ESPN.com.Multiple AuthorsCHICAGO -- The\" \/>\n<meta name=\"robots\" content=\"index, follow, max-snippet:-1, max-image-preview:large, max-video-preview:-1\" \/>\n<link rel=\"canonical\" href=\"https:\/\/ubirataonline.com.br\/en\/cubs-matthew-boyd-injures-meniscus-while-playing-with-his-kids\/\" \/>\n<meta property=\"og:locale\" content=\"en_US\" \/>\n<meta property=\"og:type\" content=\"article\" \/>\n<meta property=\"og:title\" content=\"Cubs&#039; Matthew Boyd injures meniscus while playing with his kids\" \/>\n<meta property=\"og:description\" content=\"Jesse RogersMay 6, 2026, 06:46 PM ETCloseJesse joined ESPN Chicago in September 2009 and covers MLB for ESPN.com.Multiple AuthorsCHICAGO -- The\" \/>\n<meta property=\"og:url\" content=\"https:\/\/ubirataonline.com.br\/en\/cubs-matthew-boyd-injures-meniscus-while-playing-with-his-kids\/\" \/>\n<meta property=\"og:site_name\" content=\"Ubirat\u00e3 Online Not\u00edcias - A realidade ao seu alcance!\" \/>\n<meta property=\"article:publisher\" content=\"https:\/\/www.facebook.com\/portalubirataonline\" \/>\n<meta property=\"article:author\" content=\"https:\/\/www.facebook.com\/portalubirataonline\" \/>\n<meta property=\"article:published_time\" content=\"2026-05-07T02:43:09+00:00\" \/>\n<meta property=\"article:modified_time\" content=\"2026-05-07T02:43:11+00:00\" \/>\n<meta property=\"og:image\" content=\"https:\/\/ubirataonline.com.br\/wp-content\/uploads\/2026\/05\/Cubs-Matthew-Boyd-injures-meniscus-while-playing-with-his-kids.jpeg\" \/>\n\t<meta property=\"og:image:width\" content=\"1296\" \/>\n\t<meta property=\"og:image:height\" content=\"729\" \/>\n\t<meta property=\"og:image:type\" content=\"image\/jpeg\" \/>\n<meta name=\"author\" content=\"REDA\u00c7\u00c3O: UBIRAT\u00c3 ONLINE - F\u00c1BIO AUGUSTO CELESTINO\" \/>\n<meta name=\"twitter:card\" content=\"summary_large_image\" \/>\n<meta name=\"twitter:creator\" content=\"@x.com\/ubirataonline\" \/>\n<meta name=\"twitter:site\" content=\"@ubirataonline\" \/>\n<meta name=\"twitter:label1\" content=\"Written by\" \/>\n\t<meta name=\"twitter:data1\" content=\"REDA\u00c7\u00c3O: UBIRAT\u00c3 ONLINE - F\u00c1BIO AUGUSTO CELESTINO\" \/>\n\t<meta name=\"twitter:label2\" content=\"Est. reading time\" \/>\n\t<meta name=\"twitter:data2\" content=\"2 minutes\" \/>\n<script type=\"application\/ld+json\" class=\"yoast-schema-graph\">{\"@context\":\"https:\\\/\\\/schema.org\",\"@graph\":[{\"@type\":\"NewsArticle\",\"@id\":\"https:\\\/\\\/ubirataonline.com.br\\\/cubs-matthew-boyd-injures-meniscus-while-playing-with-his-kids\\\/#article\",\"isPartOf\":{\"@id\":\"https:\\\/\\\/ubirataonline.com.br\\\/cubs-matthew-boyd-injures-meniscus-while-playing-with-his-kids\\\/\"},\"author\":{\"name\":\"REDA\u00c7\u00c3O: UBIRAT\u00c3 ONLINE - F\u00c1BIO AUGUSTO CELESTINO\",\"@id\":\"https:\\\/\\\/ubirataonline.com.br\\\/#\\\/schema\\\/person\\\/372f87bbd3fdd79b8556b84c98d0bc1c\"},\"headline\":\"Cubs&#8217; Matthew Boyd injures meniscus while playing with his kids\",\"datePublished\":\"2026-05-07T02:43:09+00:00\",\"dateModified\":\"2026-05-07T02:43:11+00:00\",\"mainEntityOfPage\":{\"@id\":\"https:\\\/\\\/ubirataonline.com.br\\\/cubs-matthew-boyd-injures-meniscus-while-playing-with-his-kids\\\/\"},\"wordCount\":424,\"publisher\":{\"@id\":\"https:\\\/\\\/ubirataonline.com.br\\\/#organization\"},\"image\":{\"@id\":\"https:\\\/\\\/ubirataonline.com.br\\\/cubs-matthew-boyd-injures-meniscus-while-playing-with-his-kids\\\/#primaryimage\"},\"thumbnailUrl\":\"https:\\\/\\\/ubirataonline.com.br\\\/wp-content\\\/uploads\\\/2026\\\/05\\\/Cubs-Matthew-Boyd-injures-meniscus-while-playing-with-his-kids.jpeg\",\"keywords\":[\"Boyd\",\"Cubs\",\"Injures\",\"Kids\",\"Matthew\",\"meniscus\",\"playing\"],\"articleSection\":[\"Ubirat\u00e3\"],\"inLanguage\":\"en-US\",\"copyrightYear\":\"2026\",\"copyrightHolder\":{\"@id\":\"https:\\\/\\\/ubirataonline.com.br\\\/en\\\/#organization\"}},{\"@type\":\"WebPage\",\"@id\":\"https:\\\/\\\/ubirataonline.com.br\\\/cubs-matthew-boyd-injures-meniscus-while-playing-with-his-kids\\\/\",\"url\":\"https:\\\/\\\/ubirataonline.com.br\\\/cubs-matthew-boyd-injures-meniscus-while-playing-with-his-kids\\\/\",\"name\":\"Cubs' Matthew Boyd injures meniscus while playing with his kids - Ubirat\u00e3 Online Not\u00edcias - A realidade ao seu alcance!\",\"isPartOf\":{\"@id\":\"https:\\\/\\\/ubirataonline.com.br\\\/#website\"},\"primaryImageOfPage\":{\"@id\":\"https:\\\/\\\/ubirataonline.com.br\\\/cubs-matthew-boyd-injures-meniscus-while-playing-with-his-kids\\\/#primaryimage\"},\"image\":{\"@id\":\"https:\\\/\\\/ubirataonline.com.br\\\/cubs-matthew-boyd-injures-meniscus-while-playing-with-his-kids\\\/#primaryimage\"},\"thumbnailUrl\":\"https:\\\/\\\/ubirataonline.com.br\\\/wp-content\\\/uploads\\\/2026\\\/05\\\/Cubs-Matthew-Boyd-injures-meniscus-while-playing-with-his-kids.jpeg\",\"datePublished\":\"2026-05-07T02:43:09+00:00\",\"dateModified\":\"2026-05-07T02:43:11+00:00\",\"description\":\"Jesse RogersMay 6, 2026, 06:46 PM ETCloseJesse joined ESPN Chicago in September 2009 and covers MLB for ESPN.com.Multiple AuthorsCHICAGO -- The\",\"breadcrumb\":{\"@id\":\"https:\\\/\\\/ubirataonline.com.br\\\/cubs-matthew-boyd-injures-meniscus-while-playing-with-his-kids\\\/#breadcrumb\"},\"inLanguage\":\"en-US\",\"potentialAction\":[{\"@type\":\"ReadAction\",\"target\":[\"https:\\\/\\\/ubirataonline.com.br\\\/cubs-matthew-boyd-injures-meniscus-while-playing-with-his-kids\\\/\"]}]},{\"@type\":\"ImageObject\",\"inLanguage\":\"en-US\",\"@id\":\"https:\\\/\\\/ubirataonline.com.br\\\/cubs-matthew-boyd-injures-meniscus-while-playing-with-his-kids\\\/#primaryimage\",\"url\":\"https:\\\/\\\/ubirataonline.com.br\\\/wp-content\\\/uploads\\\/2026\\\/05\\\/Cubs-Matthew-Boyd-injures-meniscus-while-playing-with-his-kids.jpeg\",\"contentUrl\":\"https:\\\/\\\/ubirataonline.com.br\\\/wp-content\\\/uploads\\\/2026\\\/05\\\/Cubs-Matthew-Boyd-injures-meniscus-while-playing-with-his-kids.jpeg\",\"width\":1296,\"height\":729,\"caption\":\"Craig Counsell provides update on Matthew Boyd's injury (0:54)Cubs manager Craig Counsell details Matthew Boyd's meniscus injury and lays out a potential timetable for his recovery. (0:54)\"},{\"@type\":\"BreadcrumbList\",\"@id\":\"https:\\\/\\\/ubirataonline.com.br\\\/cubs-matthew-boyd-injures-meniscus-while-playing-with-his-kids\\\/#breadcrumb\",\"itemListElement\":[{\"@type\":\"ListItem\",\"position\":1,\"name\":\"In\u00edcio\",\"item\":\"https:\\\/\\\/ubirataonline.com.br\\\/\"},{\"@type\":\"ListItem\",\"position\":2,\"name\":\"Cubs&#8217; Matthew Boyd injures meniscus while playing with his kids\"}]},{\"@type\":\"WebSite\",\"@id\":\"https:\\\/\\\/ubirataonline.com.br\\\/#website\",\"url\":\"https:\\\/\\\/ubirataonline.com.br\\\/\",\"name\":\"Ubirat\u00e3 Online Not\u00edcias\",\"description\":\"Not\u00edcias de Ubirat\u00e3, regi\u00e3o, Brasil e mundo, com informa\u00e7\u00e3o atualizada e compromisso com o leitor.\",\"publisher\":{\"@id\":\"https:\\\/\\\/ubirataonline.com.br\\\/#organization\"},\"alternateName\":\"Ubirat\u00e3 Online\",\"potentialAction\":[{\"@type\":\"SearchAction\",\"target\":{\"@type\":\"EntryPoint\",\"urlTemplate\":\"https:\\\/\\\/ubirataonline.com.br\\\/?s={search_term_string}\"},\"query-input\":{\"@type\":\"PropertyValueSpecification\",\"valueRequired\":true,\"valueName\":\"search_term_string\"}}],\"inLanguage\":\"en-US\"},{\"@type\":[\"Organization\",\"Place\"],\"@id\":\"https:\\\/\\\/ubirataonline.com.br\\\/#organization\",\"name\":\"Ubirat\u00e3 Online Not\u00edcias\",\"alternateName\":\"Ubirat\u00e3 Online\",\"url\":\"https:\\\/\\\/ubirataonline.com.br\\\/\",\"logo\":{\"@id\":\"https:\\\/\\\/ubirataonline.com.br\\\/cubs-matthew-boyd-injures-meniscus-while-playing-with-his-kids\\\/#local-main-organization-logo\"},\"image\":{\"@id\":\"https:\\\/\\\/ubirataonline.com.br\\\/cubs-matthew-boyd-injures-meniscus-while-playing-with-his-kids\\\/#local-main-organization-logo\"},\"sameAs\":[\"https:\\\/\\\/www.facebook.com\\\/portalubirataonline\",\"https:\\\/\\\/x.com\\\/ubirataonline\",\"https:\\\/\\\/mastodon.social\\\/@ubirataonline\",\"https:\\\/\\\/www.facebook.com\\\/groups\\\/311144672285604\",\"https:\\\/\\\/www.facebook.com\\\/UBTAOnline\",\"https:\\\/\\\/www.instagram.com\\\/portalubirataonline\\\/\",\"https:\\\/\\\/twitter.com\\\/ubirataonline\"],\"description\":\"Somos um portal de not\u00edcias independente, criado em 5 de janeiro de 2009, com o objetivo de informar, conectar e valorizar a nossa comunidade de Ubirat\u00e3 e toda aregi\u00e3o. Com conte\u00fado atualizado, confi\u00e1vel e relevante, o Ubirat\u00e3 Online \u00e9 o seu espa\u00e7o para ficar por dentro dos principais acontecimentos locais, regionais, Brasil, Mundo e de interesse geral. Nosso compromisso \u00e9 com a verdade, a transpar\u00eancia e o respeito ao leitor.\",\"legalName\":\"UBIRATA ONLINE NOT\u00cdCIAS\",\"foundingDate\":\"2009-01-05\",\"numberOfEmployees\":{\"@type\":\"QuantitativeValue\",\"minValue\":\"1\",\"maxValue\":\"10\"},\"publishingPrinciples\":\"https:\\\/\\\/ubirataonline.com.br\\\/faq\\\/\",\"address\":{\"@id\":\"https:\\\/\\\/ubirataonline.com.br\\\/cubs-matthew-boyd-injures-meniscus-while-playing-with-his-kids\\\/#local-main-place-address\"},\"geo\":{\"@type\":\"GeoCoordinates\",\"latitude\":\"-24.5361401\",\"longitude\":\"-52.9921776\"},\"telephone\":[\"+5544998308235\"],\"contactPoint\":{\"@type\":\"ContactPoint\",\"email\":\"contato@ubirataonline.com.br\"},\"openingHoursSpecification\":{\"@type\":\"OpeningHoursSpecification\",\"dayOfWeek\":[\"Monday\",\"Tuesday\",\"Wednesday\",\"Thursday\",\"Friday\",\"Saturday\",\"Sunday\"],\"opens\":\"00:00\",\"closes\":\"23:59\"},\"email\":\"contato@ubirataonline.com.br\",\"vatID\":\"47.621.418\\\/0001-80\"},{\"@type\":\"Person\",\"@id\":\"https:\\\/\\\/ubirataonline.com.br\\\/#\\\/schema\\\/person\\\/372f87bbd3fdd79b8556b84c98d0bc1c\",\"name\":\"REDA\u00c7\u00c3O: UBIRAT\u00c3 ONLINE - F\u00c1BIO AUGUSTO CELESTINO\",\"pronouns\":\"Ele\",\"description\":\"Desde 2003 trabalhando com not\u00edcias.\",\"sameAs\":[\"http:\\\/\\\/ubirataoline.com.br\",\"https:\\\/\\\/www.facebook.com\\\/portalubirataonline\",\"https:\\\/\\\/www.instagram.com\\\/ubirataonline_oficial\",\"https:\\\/\\\/x.com\\\/x.com\\\/ubirataonline\"],\"honorificPrefix\":\"Mr.\",\"honorificSuffix\":\"MD\",\"birthDate\":\"1980-06-16\",\"gender\":\"masculino\",\"award\":[\"V\u00e1rios pr\u00eamios de melhor portal da cidade\"],\"jobTitle\":\"Diretor\",\"url\":\"https:\\\/\\\/ubirataonline.com.br\\\/en\\\/author\\\/ubirataonline\\\/\"},{\"@type\":\"PostalAddress\",\"@id\":\"https:\\\/\\\/ubirataonline.com.br\\\/cubs-matthew-boyd-injures-meniscus-while-playing-with-his-kids\\\/#local-main-place-address\",\"streetAddress\":\"Rua dos Coqueiros, 104 - Bairro Boa Vista, Rua dos Coqueiros, 104 Bairro Boa Vista\",\"addressLocality\":\"UBIRATA\",\"postalCode\":\"85440-000\",\"addressRegion\":\"PR\",\"addressCountry\":\"BR\"},{\"@type\":\"ImageObject\",\"inLanguage\":\"en-US\",\"@id\":\"https:\\\/\\\/ubirataonline.com.br\\\/cubs-matthew-boyd-injures-meniscus-while-playing-with-his-kids\\\/#local-main-organization-logo\",\"url\":\"https:\\\/\\\/ubirataonline.com.br\\\/wp-content\\\/uploads\\\/2026\\\/06\\\/logoubirataonline-1.webp\",\"contentUrl\":\"https:\\\/\\\/ubirataonline.com.br\\\/wp-content\\\/uploads\\\/2026\\\/06\\\/logoubirataonline-1.webp\",\"width\":500,\"height\":500,\"caption\":\"Ubirat\u00e3 Online Not\u00edcias\"}]}<\/script>\n<meta name=\"geo.placename\" content=\"UBIRATA\" \/>\n<meta name=\"geo.position\" content=\"-24.5361401;-52.9921776\" \/>\n<meta name=\"geo.region\" content=\"Brazil\" \/>\n<!-- \/ Yoast SEO Premium plugin. -->","yoast_head_json":{"title":"Cubs' Matthew Boyd injures meniscus while playing with his kids - Ubirat\u00e3 Online Not\u00edcias - A realidade ao seu alcance!","description":"Jesse RogersMay 6, 2026, 06:46 PM ETCloseJesse joined ESPN Chicago in September 2009 and covers MLB for ESPN.com.Multiple AuthorsCHICAGO -- The","robots":{"index":"index","follow":"follow","max-snippet":"max-snippet:-1","max-image-preview":"max-image-preview:large","max-video-preview":"max-video-preview:-1"},"canonical":"https:\/\/ubirataonline.com.br\/en\/cubs-matthew-boyd-injures-meniscus-while-playing-with-his-kids\/","og_locale":"en_US","og_type":"article","og_title":"Cubs' Matthew Boyd injures meniscus while playing with his kids","og_description":"Jesse RogersMay 6, 2026, 06:46 PM ETCloseJesse joined ESPN Chicago in September 2009 and covers MLB for ESPN.com.Multiple AuthorsCHICAGO -- The","og_url":"https:\/\/ubirataonline.com.br\/en\/cubs-matthew-boyd-injures-meniscus-while-playing-with-his-kids\/","og_site_name":"Ubirat\u00e3 Online Not\u00edcias - A realidade ao seu alcance!","article_publisher":"https:\/\/www.facebook.com\/portalubirataonline","article_author":"https:\/\/www.facebook.com\/portalubirataonline","article_published_time":"2026-05-07T02:43:09+00:00","article_modified_time":"2026-05-07T02:43:11+00:00","og_image":[{"width":1296,"height":729,"url":"https:\/\/ubirataonline.com.br\/wp-content\/uploads\/2026\/05\/Cubs-Matthew-Boyd-injures-meniscus-while-playing-with-his-kids.jpeg","type":"image\/jpeg"}],"author":"REDA\u00c7\u00c3O: UBIRAT\u00c3 ONLINE - F\u00c1BIO AUGUSTO CELESTINO","twitter_card":"summary_large_image","twitter_creator":"@x.com\/ubirataonline","twitter_site":"@ubirataonline","twitter_misc":{"Written by":"REDA\u00c7\u00c3O: UBIRAT\u00c3 ONLINE - F\u00c1BIO AUGUSTO CELESTINO","Est. reading time":"2 minutes"},"schema":{"@context":"https:\/\/schema.org","@graph":[{"@type":"NewsArticle","@id":"https:\/\/ubirataonline.com.br\/cubs-matthew-boyd-injures-meniscus-while-playing-with-his-kids\/#article","isPartOf":{"@id":"https:\/\/ubirataonline.com.br\/cubs-matthew-boyd-injures-meniscus-while-playing-with-his-kids\/"},"author":{"name":"REDA\u00c7\u00c3O: UBIRAT\u00c3 ONLINE - F\u00c1BIO AUGUSTO CELESTINO","@id":"https:\/\/ubirataonline.com.br\/#\/schema\/person\/372f87bbd3fdd79b8556b84c98d0bc1c"},"headline":"Cubs&#8217; Matthew Boyd injures meniscus while playing with his kids","datePublished":"2026-05-07T02:43:09+00:00","dateModified":"2026-05-07T02:43:11+00:00","mainEntityOfPage":{"@id":"https:\/\/ubirataonline.com.br\/cubs-matthew-boyd-injures-meniscus-while-playing-with-his-kids\/"},"wordCount":424,"publisher":{"@id":"https:\/\/ubirataonline.com.br\/#organization"},"image":{"@id":"https:\/\/ubirataonline.com.br\/cubs-matthew-boyd-injures-meniscus-while-playing-with-his-kids\/#primaryimage"},"thumbnailUrl":"https:\/\/ubirataonline.com.br\/wp-content\/uploads\/2026\/05\/Cubs-Matthew-Boyd-injures-meniscus-while-playing-with-his-kids.jpeg","keywords":["Boyd","Cubs","Injures","Kids","Matthew","meniscus","playing"],"articleSection":["Ubirat\u00e3"],"inLanguage":"en-US","copyrightYear":"2026","copyrightHolder":{"@id":"https:\/\/ubirataonline.com.br\/en\/#organization"}},{"@type":"WebPage","@id":"https:\/\/ubirataonline.com.br\/cubs-matthew-boyd-injures-meniscus-while-playing-with-his-kids\/","url":"https:\/\/ubirataonline.com.br\/cubs-matthew-boyd-injures-meniscus-while-playing-with-his-kids\/","name":"Cubs' Matthew Boyd injures meniscus while playing with his kids - Ubirat\u00e3 Online Not\u00edcias - A realidade ao seu alcance!","isPartOf":{"@id":"https:\/\/ubirataonline.com.br\/#website"},"primaryImageOfPage":{"@id":"https:\/\/ubirataonline.com.br\/cubs-matthew-boyd-injures-meniscus-while-playing-with-his-kids\/#primaryimage"},"image":{"@id":"https:\/\/ubirataonline.com.br\/cubs-matthew-boyd-injures-meniscus-while-playing-with-his-kids\/#primaryimage"},"thumbnailUrl":"https:\/\/ubirataonline.com.br\/wp-content\/uploads\/2026\/05\/Cubs-Matthew-Boyd-injures-meniscus-while-playing-with-his-kids.jpeg","datePublished":"2026-05-07T02:43:09+00:00","dateModified":"2026-05-07T02:43:11+00:00","description":"Jesse RogersMay 6, 2026, 06:46 PM ETCloseJesse joined ESPN Chicago in September 2009 and covers MLB for ESPN.com.Multiple AuthorsCHICAGO -- The","breadcrumb":{"@id":"https:\/\/ubirataonline.com.br\/cubs-matthew-boyd-injures-meniscus-while-playing-with-his-kids\/#breadcrumb"},"inLanguage":"en-US","potentialAction":[{"@type":"ReadAction","target":["https:\/\/ubirataonline.com.br\/cubs-matthew-boyd-injures-meniscus-while-playing-with-his-kids\/"]}]},{"@type":"ImageObject","inLanguage":"en-US","@id":"https:\/\/ubirataonline.com.br\/cubs-matthew-boyd-injures-meniscus-while-playing-with-his-kids\/#primaryimage","url":"https:\/\/ubirataonline.com.br\/wp-content\/uploads\/2026\/05\/Cubs-Matthew-Boyd-injures-meniscus-while-playing-with-his-kids.jpeg","contentUrl":"https:\/\/ubirataonline.com.br\/wp-content\/uploads\/2026\/05\/Cubs-Matthew-Boyd-injures-meniscus-while-playing-with-his-kids.jpeg","width":1296,"height":729,"caption":"Craig Counsell provides update on Matthew Boyd's injury (0:54)Cubs manager Craig Counsell details Matthew Boyd's meniscus injury and lays out a potential timetable for his recovery. (0:54)"},{"@type":"BreadcrumbList","@id":"https:\/\/ubirataonline.com.br\/cubs-matthew-boyd-injures-meniscus-while-playing-with-his-kids\/#breadcrumb","itemListElement":[{"@type":"ListItem","position":1,"name":"In\u00edcio","item":"https:\/\/ubirataonline.com.br\/"},{"@type":"ListItem","position":2,"name":"Cubs&#8217; Matthew Boyd injures meniscus while playing with his kids"}]},{"@type":"WebSite","@id":"https:\/\/ubirataonline.com.br\/#website","url":"https:\/\/ubirataonline.com.br\/","name":"Ubirat\u00e3 Online Not\u00edcias","description":"Not\u00edcias de Ubirat\u00e3, regi\u00e3o, Brasil e mundo, com informa\u00e7\u00e3o atualizada e compromisso com o leitor.","publisher":{"@id":"https:\/\/ubirataonline.com.br\/#organization"},"alternateName":"Ubirat\u00e3 Online","potentialAction":[{"@type":"SearchAction","target":{"@type":"EntryPoint","urlTemplate":"https:\/\/ubirataonline.com.br\/?s={search_term_string}"},"query-input":{"@type":"PropertyValueSpecification","valueRequired":true,"valueName":"search_term_string"}}],"inLanguage":"en-US"},{"@type":["Organization","Place"],"@id":"https:\/\/ubirataonline.com.br\/#organization","name":"Ubirat\u00e3 Online Not\u00edcias","alternateName":"Ubirat\u00e3 Online","url":"https:\/\/ubirataonline.com.br\/","logo":{"@id":"https:\/\/ubirataonline.com.br\/cubs-matthew-boyd-injures-meniscus-while-playing-with-his-kids\/#local-main-organization-logo"},"image":{"@id":"https:\/\/ubirataonline.com.br\/cubs-matthew-boyd-injures-meniscus-while-playing-with-his-kids\/#local-main-organization-logo"},"sameAs":["https:\/\/www.facebook.com\/portalubirataonline","https:\/\/x.com\/ubirataonline","https:\/\/mastodon.social\/@ubirataonline","https:\/\/www.facebook.com\/groups\/311144672285604","https:\/\/www.facebook.com\/UBTAOnline","https:\/\/www.instagram.com\/portalubirataonline\/","https:\/\/twitter.com\/ubirataonline"],"description":"Somos um portal de not\u00edcias independente, criado em 5 de janeiro de 2009, com o objetivo de informar, conectar e valorizar a nossa comunidade de Ubirat\u00e3 e toda aregi\u00e3o. Com conte\u00fado atualizado, confi\u00e1vel e relevante, o Ubirat\u00e3 Online \u00e9 o seu espa\u00e7o para ficar por dentro dos principais acontecimentos locais, regionais, Brasil, Mundo e de interesse geral. Nosso compromisso \u00e9 com a verdade, a transpar\u00eancia e o respeito ao leitor.","legalName":"UBIRATA ONLINE NOT\u00cdCIAS","foundingDate":"2009-01-05","numberOfEmployees":{"@type":"QuantitativeValue","minValue":"1","maxValue":"10"},"publishingPrinciples":"https:\/\/ubirataonline.com.br\/faq\/","address":{"@id":"https:\/\/ubirataonline.com.br\/cubs-matthew-boyd-injures-meniscus-while-playing-with-his-kids\/#local-main-place-address"},"geo":{"@type":"GeoCoordinates","latitude":"-24.5361401","longitude":"-52.9921776"},"telephone":["+5544998308235"],"contactPoint":{"@type":"ContactPoint","email":"contato@ubirataonline.com.br"},"openingHoursSpecification":{"@type":"OpeningHoursSpecification","dayOfWeek":["Monday","Tuesday","Wednesday","Thursday","Friday","Saturday","Sunday"],"opens":"00:00","closes":"23:59"},"email":"contato@ubirataonline.com.br","vatID":"47.621.418\/0001-80"},{"@type":"Person","@id":"https:\/\/ubirataonline.com.br\/#\/schema\/person\/372f87bbd3fdd79b8556b84c98d0bc1c","name":"REDA\u00c7\u00c3O: UBIRAT\u00c3 ONLINE - F\u00c1BIO AUGUSTO CELESTINO","pronouns":"Ele","description":"Desde 2003 trabalhando com not\u00edcias.","sameAs":["http:\/\/ubirataoline.com.br","https:\/\/www.facebook.com\/portalubirataonline","https:\/\/www.instagram.com\/ubirataonline_oficial","https:\/\/x.com\/x.com\/ubirataonline"],"honorificPrefix":"Mr.","honorificSuffix":"MD","birthDate":"1980-06-16","gender":"masculino","award":["V\u00e1rios pr\u00eamios de melhor portal da cidade"],"jobTitle":"Diretor","url":"https:\/\/ubirataonline.com.br\/en\/author\/ubirataonline\/"},{"@type":"PostalAddress","@id":"https:\/\/ubirataonline.com.br\/cubs-matthew-boyd-injures-meniscus-while-playing-with-his-kids\/#local-main-place-address","streetAddress":"Rua dos Coqueiros, 104 - Bairro Boa Vista, Rua dos Coqueiros, 104 Bairro Boa Vista","addressLocality":"UBIRATA","postalCode":"85440-000","addressRegion":"PR","addressCountry":"BR"},{"@type":"ImageObject","inLanguage":"en-US","@id":"https:\/\/ubirataonline.com.br\/cubs-matthew-boyd-injures-meniscus-while-playing-with-his-kids\/#local-main-organization-logo","url":"https:\/\/ubirataonline.com.br\/wp-content\/uploads\/2026\/06\/logoubirataonline-1.webp","contentUrl":"https:\/\/ubirataonline.com.br\/wp-content\/uploads\/2026\/06\/logoubirataonline-1.webp","width":500,"height":500,"caption":"Ubirat\u00e3 Online Not\u00edcias"}]},"geo.placename":"UBIRATA","geo.position":{"lat":"-24.5361401","long":"-52.9921776"},"geo.region":"Brazil"},"_links":{"self":[{"href":"https:\/\/ubirataonline.com.br\/en\/wp-json\/wp\/v2\/posts\/122947","targetHints":{"allow":["GET"]}}],"collection":[{"href":"https:\/\/ubirataonline.com.br\/en\/wp-json\/wp\/v2\/posts"}],"about":[{"href":"https:\/\/ubirataonline.com.br\/en\/wp-json\/wp\/v2\/types\/post"}],"author":[{"embeddable":true,"href":"https:\/\/ubirataonline.com.br\/en\/wp-json\/wp\/v2\/users\/1"}],"replies":[{"embeddable":true,"href":"https:\/\/ubirataonline.com.br\/en\/wp-json\/wp\/v2\/comments?post=122947"}],"version-history":[{"count":0,"href":"https:\/\/ubirataonline.com.br\/en\/wp-json\/wp\/v2\/posts\/122947\/revisions"}],"wp:featuredmedia":[{"embeddable":true,"href":"https:\/\/ubirataonline.com.br\/en\/wp-json\/wp\/v2\/media\/122948"}],"wp:attachment":[{"href":"https:\/\/ubirataonline.com.br\/en\/wp-json\/wp\/v2\/media?parent=122947"}],"wp:term":[{"taxonomy":"category","embeddable":true,"href":"https:\/\/ubirataonline.com.br\/en\/wp-json\/wp\/v2\/categories?post=122947"},{"taxonomy":"post_tag","embeddable":true,"href":"https:\/\/ubirataonline.com.br\/en\/wp-json\/wp\/v2\/tags?post=122947"}],"curies":[{"name":"wp","href":"https:\/\/api.w.org\/{rel}","templated":true}]}}