{"id":122965,"date":"2026-05-07T00:13:10","date_gmt":"2026-05-07T03:13:10","guid":{"rendered":"https:\/\/ubirataonline.com.br\/reds-closer-emilio-pagan-carted-off-with-hamstring-injury\/"},"modified":"2026-05-07T00:13:13","modified_gmt":"2026-05-07T03:13:13","slug":"reds-closer-emilio-pagan-carted-off-with-hamstring-injury","status":"publish","type":"post","link":"https:\/\/ubirataonline.com.br\/en\/reds-closer-emilio-pagan-carted-off-with-hamstring-injury\/","title":{"rendered":"Reds closer Emilio Pagan carted off with hamstring injury"},"content":{"rendered":"<p><\/p>\n<div>\n<div class=\"article-meta\">\n<div class=\"byline-wrap\">\n<ul class=\"authors byline-authors\">\n<li class=\"single-author mugshot-shown\">\n<div class=\"author-img\"><\/div>\n<p>Jesse Rogers<span class=\"timestamp\">May 6, 2026, 12:16 AM ET<\/span><\/p>\n<div class=\"author-overlay\"><a class=\"icon-font-after icon-close-solid-after\" href=\"#\">Close<\/a><\/p>\n<ul>Jesse joined ESPN Chicago in September 2009 and covers MLB for ESPN.com.<\/ul>\n<\/div>\n<\/li>\n<\/ul>\n<p>Multiple Authors<\/p>\n<\/div>\n<\/div>\n<p>CHICAGO &#8212; <a data-clubhouse-guid=\"04b65a0b-3cca-d795-0e21-23606470418a\" href=\"https:\/\/www.espn.com\/mlb\/team\/_\/name\/cin\/cincinnati-reds\">Cincinnati Reds<\/a> closer <a data-player-guid=\"5141b9cb-187f-c953-898a-ff8b818224ed\" href=\"https:\/\/www.espn.com\/mlb\/player\/_\/id\/33403\/emilio-pagan\">Emilio Pagan<\/a> will be put on the injured list after leaving Tuesday&#8217;s game against the <a data-clubhouse-guid=\"5cda5067-7075-66b1-4b94-2333ab8d9807\" href=\"https:\/\/www.espn.com\/mlb\/team\/_\/name\/chc\/chicago-cubs\">Chicago Cubs<\/a> because of a left hamstring injury.<\/p>\n<p>Pagan, 34, will undergo additional tests Wednesday to determine the severity of the injury.<\/p>\n<p>&#8220;He&#8217;s going to get scanned in the morning,&#8221; manager Terry Francona said after the team&#8217;s <a href=\"https:\/\/www.espn.com\/mlb\/game\/_\/gameId\/401815220\/reds-cubs\" target=\"_blank\">3-2 loss in 10 innings<\/a>. &#8220;We just have to see the extent of how bad he did it. You could see by his reaction he was struggling.&#8221;<\/p>\n<p>Pagan fell to the ground after throwing the first pitch of the ninth inning, immediately grabbing the back of his left leg. He stayed on the grass near the mound for several minutes before being carted off. Right-hander <a data-player-guid=\"6d4a5cc4-c0da-3ccd-a812-6ca0f7dc3c7f\" href=\"https:\/\/www.espn.com\/mlb\/player\/_\/id\/5332124\/jose-franco\">Jose Franco<\/a> took his place, walking two hitters before getting out of the inning.<\/p>\n<aside class=\"inline editorial float-r\" data-behavior=\"article_related\">\n<h2 class=\"editorial-title\">Editor&#8217;s Picks<\/h2>\n<p>2 Related<\/p>\n<\/aside>\n<p>The Reds lost the game one inning later, their fifth consecutive defeat.<\/p>\n<p>Afterward, all thoughts were with Pagan, who has struggled this season. He has six saves to go along with a 6.43 ERA after he got walked off Monday when he gave up the tying, then winning, run in the ninth.<\/p>\n<p>&#8220;He&#8217;s a big piece of this,&#8221; catcher <a data-player-guid=\"1726f184-b3fd-552d-09b1-e8efafb52265\" href=\"https:\/\/www.espn.com\/mlb\/player\/_\/id\/35268\/jose-trevino\">Jose Trevino<\/a> said. &#8220;It didn&#8217;t look good. It&#8217;s tough, but we&#8217;ll be resilient about it.&#8221;<\/p>\n<p>Cubs manager Craig Counsell added: &#8220;You never feel good about that for a player. That&#8217;s a bad feeling for everybody.&#8221;<\/p>\n<p>The Cubs scored single runs in the seventh, eighth and 10th innings to snatch their 13th consecutive win at home. It was their second walk-off in a row, the first time that has happened in exactly five years &#8212; May 4 and 5, 2021.<\/p>\n<p>Meanwhile, the Reds have lost three consecutive one-run games after starting the season 7-0 in one-run affairs.<\/p>\n<p>&#8220;Things are going to happen,&#8221; Trevino said. &#8220;Baseball is unpredictable. Things like this are going to happen to our team. It&#8217;s up to our team to keep playing.&#8221;<\/p>\n<\/div>\n<p><a href=\"https:\/\/www.espn.com\/mlb\/story\/_\/id\/48690538\/cincinnati-reds-closer-emilio-pagan-carted-hamstring-injury\">Source link <\/a><\/p>","protected":false},"excerpt":{"rendered":"<p>Jesse RogersMay 6, 2026, 12:16 AM ET Close Jesse joined ESPN Chicago in September 2009 and covers MLB for ESPN.com. Multiple Authors CHICAGO &#8212; Cincinnati Reds closer Emilio Pagan will be put on the injured list after leaving Tuesday&#8217;s game against the Chicago Cubs because of a left hamstring injury. Pagan, 34, will undergo additional [&hellip;]<\/p>\n","protected":false},"author":1,"featured_media":122966,"comment_status":"closed","ping_status":"","sticky":false,"template":"","format":"standard","meta":{"googlesitekit_rrm_CAow2JLhCw:productID":"","_gspb_post_css":"","maa_idioma":"","maa_pais":"","footnotes":""},"categories":[1],"tags":[4602,4948,13409,10783,3007,33529,18887],"class_list":["post-122965","post","type-post","status-publish","format-standard","has-post-thumbnail","hentry","category-ubirata","tag-carted","tag-closer","tag-emilio","tag-hamstring","tag-injury","tag-pagan","tag-reds"],"blocksy_meta":[],"yoast_head":"<!-- This site is optimized with the Yoast SEO Premium plugin v27.6 (Yoast SEO v27.6) - https:\/\/yoast.com\/product\/yoast-seo-premium-wordpress\/ -->\n<title>Reds closer Emilio Pagan carted off with hamstring injury - Ubirat\u00e3 Online Not\u00edcias - A realidade ao seu alcance!<\/title>\n<meta name=\"description\" content=\"Jesse RogersMay 6, 2026, 12:16 AM ETCloseJesse joined ESPN Chicago in September 2009 and covers MLB for ESPN.com.Multiple AuthorsCHICAGO -- Cincinnati\" \/>\n<meta name=\"robots\" content=\"index, follow, max-snippet:-1, max-image-preview:large, max-video-preview:-1\" \/>\n<link rel=\"canonical\" href=\"https:\/\/ubirataonline.com.br\/en\/reds-closer-emilio-pagan-carted-off-with-hamstring-injury\/\" \/>\n<meta property=\"og:locale\" content=\"en_US\" \/>\n<meta property=\"og:type\" content=\"article\" \/>\n<meta property=\"og:title\" content=\"Reds closer Emilio Pagan carted off with hamstring injury\" \/>\n<meta property=\"og:description\" content=\"Jesse RogersMay 6, 2026, 12:16 AM ETCloseJesse joined ESPN Chicago in September 2009 and covers MLB for ESPN.com.Multiple AuthorsCHICAGO -- Cincinnati\" \/>\n<meta property=\"og:url\" content=\"https:\/\/ubirataonline.com.br\/en\/reds-closer-emilio-pagan-carted-off-with-hamstring-injury\/\" \/>\n<meta property=\"og:site_name\" content=\"Ubirat\u00e3 Online Not\u00edcias - A realidade ao seu alcance!\" \/>\n<meta property=\"article:publisher\" content=\"https:\/\/www.facebook.com\/portalubirataonline\" \/>\n<meta property=\"article:author\" content=\"https:\/\/www.facebook.com\/portalubirataonline\" \/>\n<meta property=\"article:published_time\" content=\"2026-05-07T03:13:10+00:00\" \/>\n<meta property=\"article:modified_time\" content=\"2026-05-07T03:13:13+00:00\" \/>\n<meta property=\"og:image\" content=\"https:\/\/ubirataonline.com.br\/wp-content\/uploads\/2026\/05\/Reds-closer-Emilio-Pagan-carted-off-with-hamstring-injury.jpeg\" \/>\n\t<meta property=\"og:image:width\" content=\"1296\" \/>\n\t<meta property=\"og:image:height\" content=\"729\" \/>\n\t<meta property=\"og:image:type\" content=\"image\/jpeg\" \/>\n<meta name=\"author\" content=\"REDA\u00c7\u00c3O: UBIRAT\u00c3 ONLINE - F\u00c1BIO AUGUSTO CELESTINO\" \/>\n<meta name=\"twitter:card\" content=\"summary_large_image\" \/>\n<meta name=\"twitter:creator\" content=\"@x.com\/ubirataonline\" \/>\n<meta name=\"twitter:site\" content=\"@ubirataonline\" \/>\n<meta name=\"twitter:label1\" content=\"Written by\" \/>\n\t<meta name=\"twitter:data1\" content=\"REDA\u00c7\u00c3O: UBIRAT\u00c3 ONLINE - F\u00c1BIO AUGUSTO CELESTINO\" \/>\n\t<meta name=\"twitter:label2\" content=\"Est. reading time\" \/>\n\t<meta name=\"twitter:data2\" content=\"2 minutes\" \/>\n<script type=\"application\/ld+json\" class=\"yoast-schema-graph\">{\"@context\":\"https:\\\/\\\/schema.org\",\"@graph\":[{\"@type\":\"NewsArticle\",\"@id\":\"https:\\\/\\\/ubirataonline.com.br\\\/reds-closer-emilio-pagan-carted-off-with-hamstring-injury\\\/#article\",\"isPartOf\":{\"@id\":\"https:\\\/\\\/ubirataonline.com.br\\\/reds-closer-emilio-pagan-carted-off-with-hamstring-injury\\\/\"},\"author\":{\"name\":\"REDA\u00c7\u00c3O: UBIRAT\u00c3 ONLINE - F\u00c1BIO AUGUSTO CELESTINO\",\"@id\":\"https:\\\/\\\/ubirataonline.com.br\\\/#\\\/schema\\\/person\\\/372f87bbd3fdd79b8556b84c98d0bc1c\"},\"headline\":\"Reds closer Emilio Pagan carted off with hamstring injury\",\"datePublished\":\"2026-05-07T03:13:10+00:00\",\"dateModified\":\"2026-05-07T03:13:13+00:00\",\"mainEntityOfPage\":{\"@id\":\"https:\\\/\\\/ubirataonline.com.br\\\/reds-closer-emilio-pagan-carted-off-with-hamstring-injury\\\/\"},\"wordCount\":356,\"publisher\":{\"@id\":\"https:\\\/\\\/ubirataonline.com.br\\\/#organization\"},\"image\":{\"@id\":\"https:\\\/\\\/ubirataonline.com.br\\\/reds-closer-emilio-pagan-carted-off-with-hamstring-injury\\\/#primaryimage\"},\"thumbnailUrl\":\"https:\\\/\\\/ubirataonline.com.br\\\/wp-content\\\/uploads\\\/2026\\\/05\\\/Reds-closer-Emilio-Pagan-carted-off-with-hamstring-injury.jpeg\",\"keywords\":[\"carted\",\"closer\",\"Emilio\",\"hamstring\",\"injury\",\"Pag\u00e1n\",\"Reds\"],\"articleSection\":[\"Ubirat\u00e3\"],\"inLanguage\":\"en-US\",\"copyrightYear\":\"2026\",\"copyrightHolder\":{\"@id\":\"https:\\\/\\\/ubirataonline.com.br\\\/en\\\/#organization\"}},{\"@type\":\"WebPage\",\"@id\":\"https:\\\/\\\/ubirataonline.com.br\\\/reds-closer-emilio-pagan-carted-off-with-hamstring-injury\\\/\",\"url\":\"https:\\\/\\\/ubirataonline.com.br\\\/reds-closer-emilio-pagan-carted-off-with-hamstring-injury\\\/\",\"name\":\"Reds closer Emilio Pagan carted off with hamstring injury - Ubirat\u00e3 Online Not\u00edcias - A realidade ao seu alcance!\",\"isPartOf\":{\"@id\":\"https:\\\/\\\/ubirataonline.com.br\\\/#website\"},\"primaryImageOfPage\":{\"@id\":\"https:\\\/\\\/ubirataonline.com.br\\\/reds-closer-emilio-pagan-carted-off-with-hamstring-injury\\\/#primaryimage\"},\"image\":{\"@id\":\"https:\\\/\\\/ubirataonline.com.br\\\/reds-closer-emilio-pagan-carted-off-with-hamstring-injury\\\/#primaryimage\"},\"thumbnailUrl\":\"https:\\\/\\\/ubirataonline.com.br\\\/wp-content\\\/uploads\\\/2026\\\/05\\\/Reds-closer-Emilio-Pagan-carted-off-with-hamstring-injury.jpeg\",\"datePublished\":\"2026-05-07T03:13:10+00:00\",\"dateModified\":\"2026-05-07T03:13:13+00:00\",\"description\":\"Jesse RogersMay 6, 2026, 12:16 AM ETCloseJesse joined ESPN Chicago in September 2009 and covers MLB for ESPN.com.Multiple AuthorsCHICAGO -- Cincinnati\",\"breadcrumb\":{\"@id\":\"https:\\\/\\\/ubirataonline.com.br\\\/reds-closer-emilio-pagan-carted-off-with-hamstring-injury\\\/#breadcrumb\"},\"inLanguage\":\"en-US\",\"potentialAction\":[{\"@type\":\"ReadAction\",\"target\":[\"https:\\\/\\\/ubirataonline.com.br\\\/reds-closer-emilio-pagan-carted-off-with-hamstring-injury\\\/\"]}]},{\"@type\":\"ImageObject\",\"inLanguage\":\"en-US\",\"@id\":\"https:\\\/\\\/ubirataonline.com.br\\\/reds-closer-emilio-pagan-carted-off-with-hamstring-injury\\\/#primaryimage\",\"url\":\"https:\\\/\\\/ubirataonline.com.br\\\/wp-content\\\/uploads\\\/2026\\\/05\\\/Reds-closer-Emilio-Pagan-carted-off-with-hamstring-injury.jpeg\",\"contentUrl\":\"https:\\\/\\\/ubirataonline.com.br\\\/wp-content\\\/uploads\\\/2026\\\/05\\\/Reds-closer-Emilio-Pagan-carted-off-with-hamstring-injury.jpeg\",\"width\":1296,\"height\":729,\"caption\":\"Reds closer Emilio Pagan carted off with hamstring injury\"},{\"@type\":\"BreadcrumbList\",\"@id\":\"https:\\\/\\\/ubirataonline.com.br\\\/reds-closer-emilio-pagan-carted-off-with-hamstring-injury\\\/#breadcrumb\",\"itemListElement\":[{\"@type\":\"ListItem\",\"position\":1,\"name\":\"In\u00edcio\",\"item\":\"https:\\\/\\\/ubirataonline.com.br\\\/\"},{\"@type\":\"ListItem\",\"position\":2,\"name\":\"Reds closer Emilio Pagan carted off with hamstring injury\"}]},{\"@type\":\"WebSite\",\"@id\":\"https:\\\/\\\/ubirataonline.com.br\\\/#website\",\"url\":\"https:\\\/\\\/ubirataonline.com.br\\\/\",\"name\":\"Ubirat\u00e3 Online Not\u00edcias\",\"description\":\"Not\u00edcias de Ubirat\u00e3, regi\u00e3o, Brasil e mundo, com informa\u00e7\u00e3o atualizada e compromisso com o leitor.\",\"publisher\":{\"@id\":\"https:\\\/\\\/ubirataonline.com.br\\\/#organization\"},\"alternateName\":\"Ubirat\u00e3 Online\",\"potentialAction\":[{\"@type\":\"SearchAction\",\"target\":{\"@type\":\"EntryPoint\",\"urlTemplate\":\"https:\\\/\\\/ubirataonline.com.br\\\/?s={search_term_string}\"},\"query-input\":{\"@type\":\"PropertyValueSpecification\",\"valueRequired\":true,\"valueName\":\"search_term_string\"}}],\"inLanguage\":\"en-US\"},{\"@type\":[\"Organization\",\"Place\"],\"@id\":\"https:\\\/\\\/ubirataonline.com.br\\\/#organization\",\"name\":\"Ubirat\u00e3 Online Not\u00edcias\",\"alternateName\":\"Ubirat\u00e3 Online\",\"url\":\"https:\\\/\\\/ubirataonline.com.br\\\/\",\"logo\":{\"@id\":\"https:\\\/\\\/ubirataonline.com.br\\\/reds-closer-emilio-pagan-carted-off-with-hamstring-injury\\\/#local-main-organization-logo\"},\"image\":{\"@id\":\"https:\\\/\\\/ubirataonline.com.br\\\/reds-closer-emilio-pagan-carted-off-with-hamstring-injury\\\/#local-main-organization-logo\"},\"sameAs\":[\"https:\\\/\\\/www.facebook.com\\\/portalubirataonline\",\"https:\\\/\\\/x.com\\\/ubirataonline\",\"https:\\\/\\\/mastodon.social\\\/@ubirataonline\",\"https:\\\/\\\/www.facebook.com\\\/groups\\\/311144672285604\",\"https:\\\/\\\/www.facebook.com\\\/UBTAOnline\",\"https:\\\/\\\/www.instagram.com\\\/portalubirataonline\\\/\",\"https:\\\/\\\/twitter.com\\\/ubirataonline\"],\"description\":\"Somos um portal de not\u00edcias independente, criado em 5 de janeiro de 2009, com o objetivo de informar, conectar e valorizar a nossa comunidade de Ubirat\u00e3 e toda aregi\u00e3o. Com conte\u00fado atualizado, confi\u00e1vel e relevante, o Ubirat\u00e3 Online \u00e9 o seu espa\u00e7o para ficar por dentro dos principais acontecimentos locais, regionais, Brasil, Mundo e de interesse geral. Nosso compromisso \u00e9 com a verdade, a transpar\u00eancia e o respeito ao leitor.\",\"legalName\":\"UBIRATA ONLINE NOT\u00cdCIAS\",\"foundingDate\":\"2009-01-05\",\"numberOfEmployees\":{\"@type\":\"QuantitativeValue\",\"minValue\":\"1\",\"maxValue\":\"10\"},\"publishingPrinciples\":\"https:\\\/\\\/ubirataonline.com.br\\\/faq\\\/\",\"address\":{\"@id\":\"https:\\\/\\\/ubirataonline.com.br\\\/reds-closer-emilio-pagan-carted-off-with-hamstring-injury\\\/#local-main-place-address\"},\"geo\":{\"@type\":\"GeoCoordinates\",\"latitude\":\"-24.5361401\",\"longitude\":\"-52.9921776\"},\"telephone\":[\"+5544998308235\"],\"contactPoint\":{\"@type\":\"ContactPoint\",\"email\":\"contato@ubirataonline.com.br\"},\"openingHoursSpecification\":{\"@type\":\"OpeningHoursSpecification\",\"dayOfWeek\":[\"Monday\",\"Tuesday\",\"Wednesday\",\"Thursday\",\"Friday\",\"Saturday\",\"Sunday\"],\"opens\":\"00:00\",\"closes\":\"23:59\"},\"email\":\"contato@ubirataonline.com.br\",\"vatID\":\"47.621.418\\\/0001-80\"},{\"@type\":\"Person\",\"@id\":\"https:\\\/\\\/ubirataonline.com.br\\\/#\\\/schema\\\/person\\\/372f87bbd3fdd79b8556b84c98d0bc1c\",\"name\":\"REDA\u00c7\u00c3O: UBIRAT\u00c3 ONLINE - F\u00c1BIO AUGUSTO CELESTINO\",\"pronouns\":\"Ele\",\"description\":\"Desde 2003 trabalhando com not\u00edcias.\",\"sameAs\":[\"http:\\\/\\\/ubirataoline.com.br\",\"https:\\\/\\\/www.facebook.com\\\/portalubirataonline\",\"https:\\\/\\\/www.instagram.com\\\/ubirataonline_oficial\",\"https:\\\/\\\/x.com\\\/x.com\\\/ubirataonline\"],\"honorificPrefix\":\"Mr.\",\"honorificSuffix\":\"MD\",\"birthDate\":\"1980-06-16\",\"gender\":\"masculino\",\"award\":[\"V\u00e1rios pr\u00eamios de melhor portal da cidade\"],\"jobTitle\":\"Diretor\",\"url\":\"https:\\\/\\\/ubirataonline.com.br\\\/en\\\/author\\\/ubirataonline\\\/\"},{\"@type\":\"PostalAddress\",\"@id\":\"https:\\\/\\\/ubirataonline.com.br\\\/reds-closer-emilio-pagan-carted-off-with-hamstring-injury\\\/#local-main-place-address\",\"streetAddress\":\"Rua dos Coqueiros, 104 - Bairro Boa Vista, Rua dos Coqueiros, 104 Bairro Boa Vista\",\"addressLocality\":\"UBIRATA\",\"postalCode\":\"85440-000\",\"addressRegion\":\"PR\",\"addressCountry\":\"BR\"},{\"@type\":\"ImageObject\",\"inLanguage\":\"en-US\",\"@id\":\"https:\\\/\\\/ubirataonline.com.br\\\/reds-closer-emilio-pagan-carted-off-with-hamstring-injury\\\/#local-main-organization-logo\",\"url\":\"https:\\\/\\\/ubirataonline.com.br\\\/wp-content\\\/uploads\\\/2026\\\/06\\\/logoubirataonline-1.webp\",\"contentUrl\":\"https:\\\/\\\/ubirataonline.com.br\\\/wp-content\\\/uploads\\\/2026\\\/06\\\/logoubirataonline-1.webp\",\"width\":500,\"height\":500,\"caption\":\"Ubirat\u00e3 Online Not\u00edcias\"}]}<\/script>\n<meta name=\"geo.placename\" content=\"UBIRATA\" \/>\n<meta name=\"geo.position\" content=\"-24.5361401;-52.9921776\" \/>\n<meta name=\"geo.region\" content=\"Brazil\" \/>\n<!-- \/ Yoast SEO Premium plugin. -->","yoast_head_json":{"title":"Reds closer Emilio Pagan carted off with hamstring injury - Ubirat\u00e3 Online Not\u00edcias - A realidade ao seu alcance!","description":"Jesse RogersMay 6, 2026, 12:16 AM ETCloseJesse joined ESPN Chicago in September 2009 and covers MLB for ESPN.com.Multiple AuthorsCHICAGO -- Cincinnati","robots":{"index":"index","follow":"follow","max-snippet":"max-snippet:-1","max-image-preview":"max-image-preview:large","max-video-preview":"max-video-preview:-1"},"canonical":"https:\/\/ubirataonline.com.br\/en\/reds-closer-emilio-pagan-carted-off-with-hamstring-injury\/","og_locale":"en_US","og_type":"article","og_title":"Reds closer Emilio Pagan carted off with hamstring injury","og_description":"Jesse RogersMay 6, 2026, 12:16 AM ETCloseJesse joined ESPN Chicago in September 2009 and covers MLB for ESPN.com.Multiple AuthorsCHICAGO -- Cincinnati","og_url":"https:\/\/ubirataonline.com.br\/en\/reds-closer-emilio-pagan-carted-off-with-hamstring-injury\/","og_site_name":"Ubirat\u00e3 Online Not\u00edcias - A realidade ao seu alcance!","article_publisher":"https:\/\/www.facebook.com\/portalubirataonline","article_author":"https:\/\/www.facebook.com\/portalubirataonline","article_published_time":"2026-05-07T03:13:10+00:00","article_modified_time":"2026-05-07T03:13:13+00:00","og_image":[{"width":1296,"height":729,"url":"https:\/\/ubirataonline.com.br\/wp-content\/uploads\/2026\/05\/Reds-closer-Emilio-Pagan-carted-off-with-hamstring-injury.jpeg","type":"image\/jpeg"}],"author":"REDA\u00c7\u00c3O: UBIRAT\u00c3 ONLINE - F\u00c1BIO AUGUSTO CELESTINO","twitter_card":"summary_large_image","twitter_creator":"@x.com\/ubirataonline","twitter_site":"@ubirataonline","twitter_misc":{"Written by":"REDA\u00c7\u00c3O: UBIRAT\u00c3 ONLINE - F\u00c1BIO AUGUSTO CELESTINO","Est. reading time":"2 minutes"},"schema":{"@context":"https:\/\/schema.org","@graph":[{"@type":"NewsArticle","@id":"https:\/\/ubirataonline.com.br\/reds-closer-emilio-pagan-carted-off-with-hamstring-injury\/#article","isPartOf":{"@id":"https:\/\/ubirataonline.com.br\/reds-closer-emilio-pagan-carted-off-with-hamstring-injury\/"},"author":{"name":"REDA\u00c7\u00c3O: UBIRAT\u00c3 ONLINE - F\u00c1BIO AUGUSTO CELESTINO","@id":"https:\/\/ubirataonline.com.br\/#\/schema\/person\/372f87bbd3fdd79b8556b84c98d0bc1c"},"headline":"Reds closer Emilio Pagan carted off with hamstring injury","datePublished":"2026-05-07T03:13:10+00:00","dateModified":"2026-05-07T03:13:13+00:00","mainEntityOfPage":{"@id":"https:\/\/ubirataonline.com.br\/reds-closer-emilio-pagan-carted-off-with-hamstring-injury\/"},"wordCount":356,"publisher":{"@id":"https:\/\/ubirataonline.com.br\/#organization"},"image":{"@id":"https:\/\/ubirataonline.com.br\/reds-closer-emilio-pagan-carted-off-with-hamstring-injury\/#primaryimage"},"thumbnailUrl":"https:\/\/ubirataonline.com.br\/wp-content\/uploads\/2026\/05\/Reds-closer-Emilio-Pagan-carted-off-with-hamstring-injury.jpeg","keywords":["carted","closer","Emilio","hamstring","injury","Pag\u00e1n","Reds"],"articleSection":["Ubirat\u00e3"],"inLanguage":"en-US","copyrightYear":"2026","copyrightHolder":{"@id":"https:\/\/ubirataonline.com.br\/en\/#organization"}},{"@type":"WebPage","@id":"https:\/\/ubirataonline.com.br\/reds-closer-emilio-pagan-carted-off-with-hamstring-injury\/","url":"https:\/\/ubirataonline.com.br\/reds-closer-emilio-pagan-carted-off-with-hamstring-injury\/","name":"Reds closer Emilio Pagan carted off with hamstring injury - Ubirat\u00e3 Online Not\u00edcias - A realidade ao seu alcance!","isPartOf":{"@id":"https:\/\/ubirataonline.com.br\/#website"},"primaryImageOfPage":{"@id":"https:\/\/ubirataonline.com.br\/reds-closer-emilio-pagan-carted-off-with-hamstring-injury\/#primaryimage"},"image":{"@id":"https:\/\/ubirataonline.com.br\/reds-closer-emilio-pagan-carted-off-with-hamstring-injury\/#primaryimage"},"thumbnailUrl":"https:\/\/ubirataonline.com.br\/wp-content\/uploads\/2026\/05\/Reds-closer-Emilio-Pagan-carted-off-with-hamstring-injury.jpeg","datePublished":"2026-05-07T03:13:10+00:00","dateModified":"2026-05-07T03:13:13+00:00","description":"Jesse RogersMay 6, 2026, 12:16 AM ETCloseJesse joined ESPN Chicago in September 2009 and covers MLB for ESPN.com.Multiple AuthorsCHICAGO -- Cincinnati","breadcrumb":{"@id":"https:\/\/ubirataonline.com.br\/reds-closer-emilio-pagan-carted-off-with-hamstring-injury\/#breadcrumb"},"inLanguage":"en-US","potentialAction":[{"@type":"ReadAction","target":["https:\/\/ubirataonline.com.br\/reds-closer-emilio-pagan-carted-off-with-hamstring-injury\/"]}]},{"@type":"ImageObject","inLanguage":"en-US","@id":"https:\/\/ubirataonline.com.br\/reds-closer-emilio-pagan-carted-off-with-hamstring-injury\/#primaryimage","url":"https:\/\/ubirataonline.com.br\/wp-content\/uploads\/2026\/05\/Reds-closer-Emilio-Pagan-carted-off-with-hamstring-injury.jpeg","contentUrl":"https:\/\/ubirataonline.com.br\/wp-content\/uploads\/2026\/05\/Reds-closer-Emilio-Pagan-carted-off-with-hamstring-injury.jpeg","width":1296,"height":729,"caption":"Reds closer Emilio Pagan carted off with hamstring injury"},{"@type":"BreadcrumbList","@id":"https:\/\/ubirataonline.com.br\/reds-closer-emilio-pagan-carted-off-with-hamstring-injury\/#breadcrumb","itemListElement":[{"@type":"ListItem","position":1,"name":"In\u00edcio","item":"https:\/\/ubirataonline.com.br\/"},{"@type":"ListItem","position":2,"name":"Reds closer Emilio Pagan carted off with hamstring injury"}]},{"@type":"WebSite","@id":"https:\/\/ubirataonline.com.br\/#website","url":"https:\/\/ubirataonline.com.br\/","name":"Ubirat\u00e3 Online Not\u00edcias","description":"Not\u00edcias de Ubirat\u00e3, regi\u00e3o, Brasil e mundo, com informa\u00e7\u00e3o atualizada e compromisso com o leitor.","publisher":{"@id":"https:\/\/ubirataonline.com.br\/#organization"},"alternateName":"Ubirat\u00e3 Online","potentialAction":[{"@type":"SearchAction","target":{"@type":"EntryPoint","urlTemplate":"https:\/\/ubirataonline.com.br\/?s={search_term_string}"},"query-input":{"@type":"PropertyValueSpecification","valueRequired":true,"valueName":"search_term_string"}}],"inLanguage":"en-US"},{"@type":["Organization","Place"],"@id":"https:\/\/ubirataonline.com.br\/#organization","name":"Ubirat\u00e3 Online Not\u00edcias","alternateName":"Ubirat\u00e3 Online","url":"https:\/\/ubirataonline.com.br\/","logo":{"@id":"https:\/\/ubirataonline.com.br\/reds-closer-emilio-pagan-carted-off-with-hamstring-injury\/#local-main-organization-logo"},"image":{"@id":"https:\/\/ubirataonline.com.br\/reds-closer-emilio-pagan-carted-off-with-hamstring-injury\/#local-main-organization-logo"},"sameAs":["https:\/\/www.facebook.com\/portalubirataonline","https:\/\/x.com\/ubirataonline","https:\/\/mastodon.social\/@ubirataonline","https:\/\/www.facebook.com\/groups\/311144672285604","https:\/\/www.facebook.com\/UBTAOnline","https:\/\/www.instagram.com\/portalubirataonline\/","https:\/\/twitter.com\/ubirataonline"],"description":"Somos um portal de not\u00edcias independente, criado em 5 de janeiro de 2009, com o objetivo de informar, conectar e valorizar a nossa comunidade de Ubirat\u00e3 e toda aregi\u00e3o. Com conte\u00fado atualizado, confi\u00e1vel e relevante, o Ubirat\u00e3 Online \u00e9 o seu espa\u00e7o para ficar por dentro dos principais acontecimentos locais, regionais, Brasil, Mundo e de interesse geral. Nosso compromisso \u00e9 com a verdade, a transpar\u00eancia e o respeito ao leitor.","legalName":"UBIRATA ONLINE NOT\u00cdCIAS","foundingDate":"2009-01-05","numberOfEmployees":{"@type":"QuantitativeValue","minValue":"1","maxValue":"10"},"publishingPrinciples":"https:\/\/ubirataonline.com.br\/faq\/","address":{"@id":"https:\/\/ubirataonline.com.br\/reds-closer-emilio-pagan-carted-off-with-hamstring-injury\/#local-main-place-address"},"geo":{"@type":"GeoCoordinates","latitude":"-24.5361401","longitude":"-52.9921776"},"telephone":["+5544998308235"],"contactPoint":{"@type":"ContactPoint","email":"contato@ubirataonline.com.br"},"openingHoursSpecification":{"@type":"OpeningHoursSpecification","dayOfWeek":["Monday","Tuesday","Wednesday","Thursday","Friday","Saturday","Sunday"],"opens":"00:00","closes":"23:59"},"email":"contato@ubirataonline.com.br","vatID":"47.621.418\/0001-80"},{"@type":"Person","@id":"https:\/\/ubirataonline.com.br\/#\/schema\/person\/372f87bbd3fdd79b8556b84c98d0bc1c","name":"REDA\u00c7\u00c3O: UBIRAT\u00c3 ONLINE - F\u00c1BIO AUGUSTO CELESTINO","pronouns":"Ele","description":"Desde 2003 trabalhando com not\u00edcias.","sameAs":["http:\/\/ubirataoline.com.br","https:\/\/www.facebook.com\/portalubirataonline","https:\/\/www.instagram.com\/ubirataonline_oficial","https:\/\/x.com\/x.com\/ubirataonline"],"honorificPrefix":"Mr.","honorificSuffix":"MD","birthDate":"1980-06-16","gender":"masculino","award":["V\u00e1rios pr\u00eamios de melhor portal da cidade"],"jobTitle":"Diretor","url":"https:\/\/ubirataonline.com.br\/en\/author\/ubirataonline\/"},{"@type":"PostalAddress","@id":"https:\/\/ubirataonline.com.br\/reds-closer-emilio-pagan-carted-off-with-hamstring-injury\/#local-main-place-address","streetAddress":"Rua dos Coqueiros, 104 - Bairro Boa Vista, Rua dos Coqueiros, 104 Bairro Boa Vista","addressLocality":"UBIRATA","postalCode":"85440-000","addressRegion":"PR","addressCountry":"BR"},{"@type":"ImageObject","inLanguage":"en-US","@id":"https:\/\/ubirataonline.com.br\/reds-closer-emilio-pagan-carted-off-with-hamstring-injury\/#local-main-organization-logo","url":"https:\/\/ubirataonline.com.br\/wp-content\/uploads\/2026\/06\/logoubirataonline-1.webp","contentUrl":"https:\/\/ubirataonline.com.br\/wp-content\/uploads\/2026\/06\/logoubirataonline-1.webp","width":500,"height":500,"caption":"Ubirat\u00e3 Online Not\u00edcias"}]},"geo.placename":"UBIRATA","geo.position":{"lat":"-24.5361401","long":"-52.9921776"},"geo.region":"Brazil"},"_links":{"self":[{"href":"https:\/\/ubirataonline.com.br\/en\/wp-json\/wp\/v2\/posts\/122965","targetHints":{"allow":["GET"]}}],"collection":[{"href":"https:\/\/ubirataonline.com.br\/en\/wp-json\/wp\/v2\/posts"}],"about":[{"href":"https:\/\/ubirataonline.com.br\/en\/wp-json\/wp\/v2\/types\/post"}],"author":[{"embeddable":true,"href":"https:\/\/ubirataonline.com.br\/en\/wp-json\/wp\/v2\/users\/1"}],"replies":[{"embeddable":true,"href":"https:\/\/ubirataonline.com.br\/en\/wp-json\/wp\/v2\/comments?post=122965"}],"version-history":[{"count":0,"href":"https:\/\/ubirataonline.com.br\/en\/wp-json\/wp\/v2\/posts\/122965\/revisions"}],"wp:featuredmedia":[{"embeddable":true,"href":"https:\/\/ubirataonline.com.br\/en\/wp-json\/wp\/v2\/media\/122966"}],"wp:attachment":[{"href":"https:\/\/ubirataonline.com.br\/en\/wp-json\/wp\/v2\/media?parent=122965"}],"wp:term":[{"taxonomy":"category","embeddable":true,"href":"https:\/\/ubirataonline.com.br\/en\/wp-json\/wp\/v2\/categories?post=122965"},{"taxonomy":"post_tag","embeddable":true,"href":"https:\/\/ubirataonline.com.br\/en\/wp-json\/wp\/v2\/tags?post=122965"}],"curies":[{"name":"wp","href":"https:\/\/api.w.org\/{rel}","templated":true}]}}