{"id":122983,"date":"2026-05-07T00:34:11","date_gmt":"2026-05-07T03:34:11","guid":{"rendered":"https:\/\/ubirataonline.com.br\/beyonce-brings-blue-ivy-for-her-met-gala-debut\/"},"modified":"2026-05-07T00:34:13","modified_gmt":"2026-05-07T03:34:13","slug":"beyonce-brings-blue-ivy-for-her-met-gala-debut","status":"publish","type":"post","link":"https:\/\/ubirataonline.com.br\/en\/beyonce-brings-blue-ivy-for-her-met-gala-debut\/","title":{"rendered":"Beyonc\u00e9 brings Blue Ivy for her Met Gala debut"},"content":{"rendered":"<p><\/p>\n<div data-editable=\"content\" itemprop=\"articleBody\" data-reorderable=\"content\">\n<p data-uri=\"cms.cnn.com\/_components\/editor-note\/instances\/cmos13d8y00003b65jn9amp1h@published\" data-editable=\"text\" data-component-name=\"editor-note\" class=\"editor-note-elevate vossi-editor-note_elevate inline-placeholder\" data-article-gutter=\"true\">\n    <span class=\"editor-note__prefix vossi-editor-note_elevate__prefix\">EDITOR\u2019S NOTE:<\/span>\u00a0 Featuring the good, the bad and the ugly, <a href=\"https:\/\/www.cnn.com\/style\/look-of-the-week\">\u2018Look of the Week\u2019<\/a> is a regular series dedicated to unpacking the most talked about outfit of the last seven days.\n<\/p>\n<p class=\"paragraph-elevate inline-placeholder vossi-paragraph_elevate\" data-uri=\"cms.cnn.com\/_components\/paragraph\/instances\/cmorxnye0005o27qhdwxz3zfk@published\" data-editable=\"text\" data-component-name=\"paragraph\" data-article-gutter=\"true\">\n            When Beyonc\u00e9 was announced as a co-chair of this year\u2019s Met Gala, it signaled the end of her decade-long hiatus away from the annual Costume Institute fundraiser \u2014 which became a globally watched phenomenon in the 2010s thanks to appearances from superstars like her.\n    <\/p>\n<p class=\"paragraph-elevate inline-placeholder vossi-paragraph_elevate\" data-uri=\"cms.cnn.com\/_components\/paragraph\/instances\/cmorxw3u300063b6q29zr39j7@published\" data-editable=\"text\" data-component-name=\"paragraph\" data-article-gutter=\"true\">\n            It wasn\u2019t a surprise then that the singer arrived at the steps of the Metropolitan Museum of Art in a look that combined the illusion of a naked dress with an unfathomable number of crystals, a headpiece, and a feathered train that took six people to carry. After all, those are the hallmarks of a Beyonc\u00e9 Met Gala look. What was more unexpected was her oldest daughter, Blue Ivy, stepping out just behind her for her very first Met Gala appearance.\n    <\/p>\n<p class=\"paragraph-elevate inline-placeholder vossi-paragraph_elevate\" data-uri=\"cms.cnn.com\/_components\/paragraph\/instances\/cmory5dqr00083b6qrcwix8my@published\" data-editable=\"text\" data-component-name=\"paragraph\" data-article-gutter=\"true\">\n            \u201cIt feels surreal because my daughter is here. She looks so beautiful. It\u2019s incredible to share it with her. She is ready,\u201d Beyonc\u00e9 told Vogue on the red carpet. What she was looking forward to most: \u201cJust experiencing this through the eyes of Blue.\u201d\n    <\/p>\n<p class=\"paragraph-elevate inline-placeholder vossi-paragraph_elevate\" data-uri=\"cms.cnn.com\/_components\/paragraph\/instances\/cmory6rmb000a3b6q5wmwbaym@published\" data-editable=\"text\" data-component-name=\"paragraph\" data-article-gutter=\"true\">\n            Throughout<strong> <\/strong>last year\u2019s Cowboy Carter Tour, the teen shadowed her mom in looks coordinated for the shows, which, along with her sweet moments with younger sister Rumi, quickly became one of the most talked-about highlights.\n    <\/p>\n<div data-uri=\"cms.cnn.com\/_components\/image\/instances\/cmos0dq1o00053b6qlggzzn2c@published\" class=\"image-elevate vossi-image_elevate  image__hide-placeholder\" data-image-variation=\"image\" data-name=\"DSCF1122.jpg\" data-component-name=\"image\" data-observe-resizes=\"\" data-breakpoints=\"{\" image--eq-extra-small=\"\" data-original-ratio=\"0.6668\" data-original-height=\"1667\" data-original-width=\"2500\" data-url=\"https:\/\/media.cnn.com\/api\/v1\/images\/stellar\/prod\/dscf1122-20260505012533602-20260505012534524.jpg?c=original\" data-editable=\"settings\">\n<div class=\"image__container\" data-image-variation=\"image\" data-breakpoints=\"{\" image--eq-extra-small=\"\">\n       <picture class=\"image__picture\"><source height=\"undefined\" width=\"679\" media=\"(max-width: 479px)\" srcset=\"https:\/\/media.cnn.com\/api\/v1\/images\/stellar\/prod\/dscf1122-20260505012533602-20260505012534524.jpg?c=original&amp;q=w_679,c_fill\/f_webp\" type=\"image\/webp\"><source height=\"undefined\" width=\"967\" media=\"(min-width: 480px) and (max-width: 767px)\" srcset=\"https:\/\/media.cnn.com\/api\/v1\/images\/stellar\/prod\/dscf1122-20260505012533602-20260505012534524.jpg?c=original&amp;q=w_967,c_fill\/f_webp\" type=\"image\/webp\"><source height=\"undefined\" width=\"1159\" media=\"(min-width: 768px) and (max-width: 1023px)\" srcset=\"https:\/\/media.cnn.com\/api\/v1\/images\/stellar\/prod\/dscf1122-20260505012533602-20260505012534524.jpg?c=original&amp;q=w_1159,c_fill\/f_webp\" type=\"image\/webp\"><source height=\"undefined\" width=\"1093\" media=\"(min-width: 1024px) and (max-width: 1279px)\" srcset=\"https:\/\/media.cnn.com\/api\/v1\/images\/stellar\/prod\/dscf1122-20260505012533602-20260505012534524.jpg?c=original&amp;q=w_1093,c_fill\/f_webp\" type=\"image\/webp\"><source height=\"undefined\" width=\"1316\" media=\"(min-width: 1280px)\" srcset=\"https:\/\/media.cnn.com\/api\/v1\/images\/stellar\/prod\/dscf1122-20260505012533602-20260505012534524.jpg?c=original&amp;q=w_1316,c_fill\/f_webp\" type=\"image\/webp\"><\/source><\/source><\/source><\/source><\/source><\/picture>\n    <\/div>\n<\/div>\n<p class=\"paragraph-elevate inline-placeholder vossi-paragraph_elevate\" data-uri=\"cms.cnn.com\/_components\/paragraph\/instances\/cmorya3xg000c3b6q40ej6nlx@published\" data-editable=\"text\" data-component-name=\"paragraph\" data-article-gutter=\"true\">\n            But at the Met Gala, Blue Ivy charted her own path. Beyonc\u00e9\u2019s showstopping ensemble, designed by Olivier Rousteing, who stepped down from Balmain last year, was quite literally an opulent skeleton \u2014 part armor, part gown, with ombre feathers trailing behind her. Next to her, Blue Ivy opted for crisp white Balenciaga, wearing a wide-lapeled bomber jacket over a corseted bubble-hemmed gown, along with a pair of shades. Beyonc\u00e9 often relies on her longtime collaborators like Rousteing, and the garments came together with styling by Ty Hunter, who has worked with her since her Destiny\u2019s Child days and appeared next to her on the red carpet. Blue Ivy is still stepping into her style, opting for Pierpaolo Piccioli\u2019s new vision for Balenciaga.\n    <\/p>\n<div data-uri=\"cms.cnn.com\/_components\/image\/instances\/cmos0dzql00073b6q08jnnoa6@published\" class=\"image_large-elevate vossi-image_large-elevate  portrait image_large__hide-placeholder\" data-image-variation=\"image_large\" data-name=\"DSCF1171.jpg\" data-component-name=\"image\" data-observe-resizes=\"\" data-breakpoints=\"{\" image_large--eq-extra-small=\"\" data-original-ratio=\"1.25\" data-original-height=\"3125\" data-original-width=\"2500\" data-url=\"https:\/\/media.cnn.com\/api\/v1\/images\/stellar\/prod\/dscf1171-20260505020714121.jpg?c=original\" data-editable=\"settings\" data-article-gutter=\"true\">\n<div class=\"image_large__container\" data-image-variation=\"image_large\" data-breakpoints=\"{\" image_large--eq-extra-small=\"\">\n       <picture class=\"image_large__picture\"><source height=\"undefined\" width=\"679\" media=\"(max-width: 479px)\" srcset=\"https:\/\/media.cnn.com\/api\/v1\/images\/stellar\/prod\/dscf1171-20260505020714121.jpg?c=original&amp;q=w_679,c_fill\/f_webp\" type=\"image\/webp\"><source height=\"undefined\" width=\"967\" media=\"(min-width: 480px) and (max-width: 767px)\" srcset=\"https:\/\/media.cnn.com\/api\/v1\/images\/stellar\/prod\/dscf1171-20260505020714121.jpg?c=original&amp;q=w_967,c_fill\/f_webp\" type=\"image\/webp\"><source height=\"undefined\" width=\"860\" media=\"(min-width: 768px) and (max-width: 1023px)\" srcset=\"https:\/\/media.cnn.com\/api\/v1\/images\/stellar\/prod\/dscf1171-20260505020714121.jpg?c=original&amp;q=w_860,c_fill\/f_webp\" type=\"image\/webp\"><source height=\"undefined\" width=\"860\" media=\"(min-width: 1024px) and (max-width: 1279px)\" srcset=\"https:\/\/media.cnn.com\/api\/v1\/images\/stellar\/prod\/dscf1171-20260505020714121.jpg?c=original&amp;q=w_860,c_fill\/f_webp\" type=\"image\/webp\"><source height=\"undefined\" width=\"860\" media=\"(min-width: 1280px)\" srcset=\"https:\/\/media.cnn.com\/api\/v1\/images\/stellar\/prod\/dscf1171-20260505020714121.jpg?c=original&amp;q=w_860,c_fill\/f_webp\" type=\"image\/webp\"><img decoding=\"async\" src=\"https:\/\/media.cnn.com\/api\/v1\/images\/stellar\/prod\/dscf1171-20260505020714121.jpg?c=original&amp;q=w_860,c_fill\" alt=\"Jay-Z in Louis Vuitton and Blue Ivy in Balenciaga for her Met Gala debut.\" class=\"image_large__dam-img image_large__dam-img--loading\" onload=\"this.classList.remove('image_large__dam-img--loading')\" onerror=\"imageLoadError(this)\" height=\"3125\" width=\"2500\" loading=\"lazy\"\/><\/source><\/source><\/source><\/source><\/source><\/picture>\n    <\/div>\n<\/div>\n<p class=\"paragraph-elevate inline-placeholder vossi-paragraph_elevate\" data-uri=\"cms.cnn.com\/_components\/paragraph\/instances\/cmorynmvb000e3b6qa3kptfgw@published\" data-editable=\"text\" data-component-name=\"paragraph\" data-article-gutter=\"true\">\n            The Carter family (yes, Jay-Z was there, too \u2014 in Louis Vuitton) were not the last to arrive, since that honor usually goes to Rihanna, who knows how to make <em>the<\/em> final entrance. But they did cap the night with a Big Moment, after a dizzying number of guest arrivals and interpretations all hoped to best interpret the theme \u201cFashion is Art.\u201d\n    <\/p>\n<div data-uri=\"cms.cnn.com\/_components\/factbox\/instances\/cmoseoj7k00063b6qof91w661@published\" data-component-name=\"factbox\" data-article-gutter=\"true\" class=\"factbox-elevate vossi-factbox_elevate factbox__\">\n<h3 class=\"factbox-elevate__title vossi-factbox_elevate__title inline-placeholder\" data-editable=\"title\">\n    Big Style: Where culture meets clothing<br \/>\n  <\/h3>\n<ul data-editable=\"items\" class=\"factbox__items factbox__items--ul\">\n<li data-editable=\"items.0.text\" class=\"factbox-elevate__item vossi-factbox_elevate__item inline-placeholder\">CNN senior style reporter and advanced outfit anthropologist <a href=\"https:\/\/www.cnn.com\/profiles\/rachel-tashjian\">Rachel Tashjian<\/a> excavates the stylish amusements and contextualizes the world of fashion \u2013 all in your inbox. Sign up for Big Style <a href=\"https:\/\/www.cnn.com\/newsletters\/big-style-newsletter-landing-page\">here<\/a>.<\/li>\n<\/ul>\n<\/div>\n<p class=\"paragraph-elevate inline-placeholder vossi-paragraph_elevate\" data-uri=\"cms.cnn.com\/_components\/paragraph\/instances\/cmorzqf3q000g3b6qk44kyps4@published\" data-editable=\"text\" data-component-name=\"paragraph\" data-article-gutter=\"true\">\n            It was an open brief, and while there was plenty of Klimt-inspired gold, soft-hued Grecian draping and even a splash of \u201cJudith-beheading-Holofernes\u201d red (as interpreted by Lena Dunham), many celebrities chose to focus on the overarching theme throughout the exhibition of the interplay between the body and fashion as a form of art. And<strong> <\/strong>Rousteing has spent years creating sculptural tour costumes for the singer that do just that. At the Met Gala, her gown was about \u201ccelebrating what God gave you,\u201d she explained on the red carpet \u2014 down to the last glittering finger bone.\n    <\/p>\n<\/p><\/div>\n<p><a href=\"https:\/\/www.cnn.com\/2026\/05\/04\/style\/beyonce-blue-ivy-met-gala-lotw\">Fonte do Artigo <\/a><\/p>","protected":false},"excerpt":{"rendered":"<p>EDITOR\u2019S NOTE:\u00a0 Featuring the good, the bad and the ugly, \u2018Look of the Week\u2019 is a regular series dedicated to unpacking the most talked about outfit of the last seven days. When Beyonc\u00e9 was announced as a co-chair of this year\u2019s Met Gala, it signaled the end of her decade-long hiatus away from the annual [&hellip;]<\/p>\n","protected":false},"author":1,"featured_media":122984,"comment_status":"closed","ping_status":"","sticky":false,"template":"","format":"standard","meta":{"googlesitekit_rrm_CAow2JLhCw:productID":"","_gspb_post_css":"","maa_idioma":"","maa_pais":"","footnotes":""},"categories":[4],"tags":[29507,3540,10430,12753,5787,33542,16112],"class_list":["post-122983","post","type-post","status-publish","format-standard","has-post-thumbnail","hentry","category-brasil","tag-beyonce","tag-blue","tag-brings","tag-debut","tag-gala","tag-ivy","tag-met"],"blocksy_meta":[],"yoast_head":"<!-- This site is optimized with the Yoast SEO Premium plugin v27.6 (Yoast SEO v27.6) - https:\/\/yoast.com\/product\/yoast-seo-premium-wordpress\/ -->\n<title>Beyonc\u00e9 brings Blue Ivy for her Met Gala debut - Ubirat\u00e3 Online Not\u00edcias - A realidade ao seu alcance!<\/title>\n<meta name=\"description\" content=\"EDITOR\u2019S NOTE:\u00a0 Featuring the good, the bad and the ugly, \u2018Look of the Week\u2019 is a regular series dedicated to unpacking the most talked about outfit of\" \/>\n<meta name=\"robots\" content=\"index, follow, max-snippet:-1, max-image-preview:large, max-video-preview:-1\" \/>\n<link rel=\"canonical\" href=\"https:\/\/ubirataonline.com.br\/en\/beyonce-brings-blue-ivy-for-her-met-gala-debut\/\" \/>\n<meta property=\"og:locale\" content=\"en_US\" \/>\n<meta property=\"og:type\" content=\"article\" \/>\n<meta property=\"og:title\" content=\"Beyonc\u00e9 brings Blue Ivy for her Met Gala debut\" \/>\n<meta property=\"og:description\" content=\"EDITOR\u2019S NOTE:\u00a0 Featuring the good, the bad and the ugly, \u2018Look of the Week\u2019 is a regular series dedicated to unpacking the most talked about outfit of\" \/>\n<meta property=\"og:url\" content=\"https:\/\/ubirataonline.com.br\/en\/beyonce-brings-blue-ivy-for-her-met-gala-debut\/\" \/>\n<meta property=\"og:site_name\" content=\"Ubirat\u00e3 Online Not\u00edcias - A realidade ao seu alcance!\" \/>\n<meta property=\"article:publisher\" content=\"https:\/\/www.facebook.com\/portalubirataonline\" \/>\n<meta property=\"article:author\" content=\"https:\/\/www.facebook.com\/portalubirataonline\" \/>\n<meta property=\"article:published_time\" content=\"2026-05-07T03:34:11+00:00\" \/>\n<meta property=\"article:modified_time\" content=\"2026-05-07T03:34:13+00:00\" \/>\n<meta property=\"og:image\" content=\"https:\/\/ubirataonline.com.br\/wp-content\/uploads\/2026\/05\/Beyonce-brings-Blue-Ivy-for-her-Met-Gala-debut.jpg\" \/>\n\t<meta property=\"og:image:width\" content=\"800\" \/>\n\t<meta property=\"og:image:height\" content=\"450\" \/>\n\t<meta property=\"og:image:type\" content=\"image\/jpeg\" \/>\n<meta name=\"author\" content=\"REDA\u00c7\u00c3O: UBIRAT\u00c3 ONLINE - F\u00c1BIO AUGUSTO CELESTINO\" \/>\n<meta name=\"twitter:card\" content=\"summary_large_image\" \/>\n<meta name=\"twitter:creator\" content=\"@x.com\/ubirataonline\" \/>\n<meta name=\"twitter:site\" content=\"@ubirataonline\" \/>\n<meta name=\"twitter:label1\" content=\"Written by\" \/>\n\t<meta name=\"twitter:data1\" content=\"REDA\u00c7\u00c3O: UBIRAT\u00c3 ONLINE - F\u00c1BIO AUGUSTO CELESTINO\" \/>\n\t<meta name=\"twitter:label2\" content=\"Est. reading time\" \/>\n\t<meta name=\"twitter:data2\" content=\"3 minutes\" \/>\n<script type=\"application\/ld+json\" class=\"yoast-schema-graph\">{\"@context\":\"https:\\\/\\\/schema.org\",\"@graph\":[{\"@type\":\"NewsArticle\",\"@id\":\"https:\\\/\\\/ubirataonline.com.br\\\/beyonce-brings-blue-ivy-for-her-met-gala-debut\\\/#article\",\"isPartOf\":{\"@id\":\"https:\\\/\\\/ubirataonline.com.br\\\/beyonce-brings-blue-ivy-for-her-met-gala-debut\\\/\"},\"author\":{\"name\":\"REDA\u00c7\u00c3O: UBIRAT\u00c3 ONLINE - F\u00c1BIO AUGUSTO CELESTINO\",\"@id\":\"https:\\\/\\\/ubirataonline.com.br\\\/#\\\/schema\\\/person\\\/372f87bbd3fdd79b8556b84c98d0bc1c\"},\"headline\":\"Beyonc\u00e9 brings Blue Ivy for her Met Gala debut\",\"datePublished\":\"2026-05-07T03:34:11+00:00\",\"dateModified\":\"2026-05-07T03:34:13+00:00\",\"mainEntityOfPage\":{\"@id\":\"https:\\\/\\\/ubirataonline.com.br\\\/beyonce-brings-blue-ivy-for-her-met-gala-debut\\\/\"},\"wordCount\":567,\"publisher\":{\"@id\":\"https:\\\/\\\/ubirataonline.com.br\\\/#organization\"},\"image\":{\"@id\":\"https:\\\/\\\/ubirataonline.com.br\\\/beyonce-brings-blue-ivy-for-her-met-gala-debut\\\/#primaryimage\"},\"thumbnailUrl\":\"https:\\\/\\\/ubirataonline.com.br\\\/wp-content\\\/uploads\\\/2026\\\/05\\\/Beyonce-brings-Blue-Ivy-for-her-Met-Gala-debut.jpg\",\"keywords\":[\"Beyonc\u00e9\",\"Blue\",\"brings\",\"Debut\",\"Gala\",\"Ivy\",\"Met\"],\"articleSection\":[\"Brasil\"],\"inLanguage\":\"en-US\",\"copyrightYear\":\"2026\",\"copyrightHolder\":{\"@id\":\"https:\\\/\\\/ubirataonline.com.br\\\/en\\\/#organization\"}},{\"@type\":\"WebPage\",\"@id\":\"https:\\\/\\\/ubirataonline.com.br\\\/beyonce-brings-blue-ivy-for-her-met-gala-debut\\\/\",\"url\":\"https:\\\/\\\/ubirataonline.com.br\\\/beyonce-brings-blue-ivy-for-her-met-gala-debut\\\/\",\"name\":\"Beyonc\u00e9 brings Blue Ivy for her Met Gala debut - Ubirat\u00e3 Online Not\u00edcias - A realidade ao seu alcance!\",\"isPartOf\":{\"@id\":\"https:\\\/\\\/ubirataonline.com.br\\\/#website\"},\"primaryImageOfPage\":{\"@id\":\"https:\\\/\\\/ubirataonline.com.br\\\/beyonce-brings-blue-ivy-for-her-met-gala-debut\\\/#primaryimage\"},\"image\":{\"@id\":\"https:\\\/\\\/ubirataonline.com.br\\\/beyonce-brings-blue-ivy-for-her-met-gala-debut\\\/#primaryimage\"},\"thumbnailUrl\":\"https:\\\/\\\/ubirataonline.com.br\\\/wp-content\\\/uploads\\\/2026\\\/05\\\/Beyonce-brings-Blue-Ivy-for-her-Met-Gala-debut.jpg\",\"datePublished\":\"2026-05-07T03:34:11+00:00\",\"dateModified\":\"2026-05-07T03:34:13+00:00\",\"description\":\"EDITOR\u2019S NOTE:\u00a0 Featuring the good, the bad and the ugly, \u2018Look of the Week\u2019 is a regular series dedicated to unpacking the most talked about outfit of\",\"breadcrumb\":{\"@id\":\"https:\\\/\\\/ubirataonline.com.br\\\/beyonce-brings-blue-ivy-for-her-met-gala-debut\\\/#breadcrumb\"},\"inLanguage\":\"en-US\",\"potentialAction\":[{\"@type\":\"ReadAction\",\"target\":[\"https:\\\/\\\/ubirataonline.com.br\\\/beyonce-brings-blue-ivy-for-her-met-gala-debut\\\/\"]}]},{\"@type\":\"ImageObject\",\"inLanguage\":\"en-US\",\"@id\":\"https:\\\/\\\/ubirataonline.com.br\\\/beyonce-brings-blue-ivy-for-her-met-gala-debut\\\/#primaryimage\",\"url\":\"https:\\\/\\\/ubirataonline.com.br\\\/wp-content\\\/uploads\\\/2026\\\/05\\\/Beyonce-brings-Blue-Ivy-for-her-Met-Gala-debut.jpg\",\"contentUrl\":\"https:\\\/\\\/ubirataonline.com.br\\\/wp-content\\\/uploads\\\/2026\\\/05\\\/Beyonce-brings-Blue-Ivy-for-her-Met-Gala-debut.jpg\",\"width\":800,\"height\":450,\"caption\":\"Jamie McCarthy\\\/Getty Images\"},{\"@type\":\"BreadcrumbList\",\"@id\":\"https:\\\/\\\/ubirataonline.com.br\\\/beyonce-brings-blue-ivy-for-her-met-gala-debut\\\/#breadcrumb\",\"itemListElement\":[{\"@type\":\"ListItem\",\"position\":1,\"name\":\"In\u00edcio\",\"item\":\"https:\\\/\\\/ubirataonline.com.br\\\/\"},{\"@type\":\"ListItem\",\"position\":2,\"name\":\"Beyonc\u00e9 brings Blue Ivy for her Met Gala debut\"}]},{\"@type\":\"WebSite\",\"@id\":\"https:\\\/\\\/ubirataonline.com.br\\\/#website\",\"url\":\"https:\\\/\\\/ubirataonline.com.br\\\/\",\"name\":\"Ubirat\u00e3 Online Not\u00edcias\",\"description\":\"Not\u00edcias de Ubirat\u00e3, regi\u00e3o, Brasil e mundo, com informa\u00e7\u00e3o atualizada e compromisso com o leitor.\",\"publisher\":{\"@id\":\"https:\\\/\\\/ubirataonline.com.br\\\/#organization\"},\"alternateName\":\"Ubirat\u00e3 Online\",\"potentialAction\":[{\"@type\":\"SearchAction\",\"target\":{\"@type\":\"EntryPoint\",\"urlTemplate\":\"https:\\\/\\\/ubirataonline.com.br\\\/?s={search_term_string}\"},\"query-input\":{\"@type\":\"PropertyValueSpecification\",\"valueRequired\":true,\"valueName\":\"search_term_string\"}}],\"inLanguage\":\"en-US\"},{\"@type\":[\"Organization\",\"Place\"],\"@id\":\"https:\\\/\\\/ubirataonline.com.br\\\/#organization\",\"name\":\"Ubirat\u00e3 Online Not\u00edcias\",\"alternateName\":\"Ubirat\u00e3 Online\",\"url\":\"https:\\\/\\\/ubirataonline.com.br\\\/\",\"logo\":{\"@id\":\"https:\\\/\\\/ubirataonline.com.br\\\/beyonce-brings-blue-ivy-for-her-met-gala-debut\\\/#local-main-organization-logo\"},\"image\":{\"@id\":\"https:\\\/\\\/ubirataonline.com.br\\\/beyonce-brings-blue-ivy-for-her-met-gala-debut\\\/#local-main-organization-logo\"},\"sameAs\":[\"https:\\\/\\\/www.facebook.com\\\/portalubirataonline\",\"https:\\\/\\\/x.com\\\/ubirataonline\",\"https:\\\/\\\/mastodon.social\\\/@ubirataonline\",\"https:\\\/\\\/www.facebook.com\\\/groups\\\/311144672285604\",\"https:\\\/\\\/www.facebook.com\\\/UBTAOnline\",\"https:\\\/\\\/www.instagram.com\\\/portalubirataonline\\\/\",\"https:\\\/\\\/twitter.com\\\/ubirataonline\"],\"description\":\"Somos um portal de not\u00edcias independente, criado em 5 de janeiro de 2009, com o objetivo de informar, conectar e valorizar a nossa comunidade de Ubirat\u00e3 e toda aregi\u00e3o. Com conte\u00fado atualizado, confi\u00e1vel e relevante, o Ubirat\u00e3 Online \u00e9 o seu espa\u00e7o para ficar por dentro dos principais acontecimentos locais, regionais, Brasil, Mundo e de interesse geral. Nosso compromisso \u00e9 com a verdade, a transpar\u00eancia e o respeito ao leitor.\",\"legalName\":\"UBIRATA ONLINE NOT\u00cdCIAS\",\"foundingDate\":\"2009-01-05\",\"numberOfEmployees\":{\"@type\":\"QuantitativeValue\",\"minValue\":\"1\",\"maxValue\":\"10\"},\"publishingPrinciples\":\"https:\\\/\\\/ubirataonline.com.br\\\/faq\\\/\",\"address\":{\"@id\":\"https:\\\/\\\/ubirataonline.com.br\\\/beyonce-brings-blue-ivy-for-her-met-gala-debut\\\/#local-main-place-address\"},\"geo\":{\"@type\":\"GeoCoordinates\",\"latitude\":\"-24.5361401\",\"longitude\":\"-52.9921776\"},\"telephone\":[\"+5544998308235\"],\"contactPoint\":{\"@type\":\"ContactPoint\",\"email\":\"contato@ubirataonline.com.br\"},\"openingHoursSpecification\":{\"@type\":\"OpeningHoursSpecification\",\"dayOfWeek\":[\"Monday\",\"Tuesday\",\"Wednesday\",\"Thursday\",\"Friday\",\"Saturday\",\"Sunday\"],\"opens\":\"00:00\",\"closes\":\"23:59\"},\"email\":\"contato@ubirataonline.com.br\",\"vatID\":\"47.621.418\\\/0001-80\"},{\"@type\":\"Person\",\"@id\":\"https:\\\/\\\/ubirataonline.com.br\\\/#\\\/schema\\\/person\\\/372f87bbd3fdd79b8556b84c98d0bc1c\",\"name\":\"REDA\u00c7\u00c3O: UBIRAT\u00c3 ONLINE - F\u00c1BIO AUGUSTO CELESTINO\",\"pronouns\":\"Ele\",\"description\":\"Desde 2003 trabalhando com not\u00edcias.\",\"sameAs\":[\"http:\\\/\\\/ubirataoline.com.br\",\"https:\\\/\\\/www.facebook.com\\\/portalubirataonline\",\"https:\\\/\\\/www.instagram.com\\\/ubirataonline_oficial\",\"https:\\\/\\\/x.com\\\/x.com\\\/ubirataonline\"],\"honorificPrefix\":\"Mr.\",\"honorificSuffix\":\"MD\",\"birthDate\":\"1980-06-16\",\"gender\":\"masculino\",\"award\":[\"V\u00e1rios pr\u00eamios de melhor portal da cidade\"],\"jobTitle\":\"Diretor\",\"url\":\"https:\\\/\\\/ubirataonline.com.br\\\/en\\\/author\\\/ubirataonline\\\/\"},{\"@type\":\"PostalAddress\",\"@id\":\"https:\\\/\\\/ubirataonline.com.br\\\/beyonce-brings-blue-ivy-for-her-met-gala-debut\\\/#local-main-place-address\",\"streetAddress\":\"Rua dos Coqueiros, 104 - Bairro Boa Vista, Rua dos Coqueiros, 104 Bairro Boa Vista\",\"addressLocality\":\"UBIRATA\",\"postalCode\":\"85440-000\",\"addressRegion\":\"PR\",\"addressCountry\":\"BR\"},{\"@type\":\"ImageObject\",\"inLanguage\":\"en-US\",\"@id\":\"https:\\\/\\\/ubirataonline.com.br\\\/beyonce-brings-blue-ivy-for-her-met-gala-debut\\\/#local-main-organization-logo\",\"url\":\"https:\\\/\\\/ubirataonline.com.br\\\/wp-content\\\/uploads\\\/2026\\\/06\\\/logoubirataonline-1.webp\",\"contentUrl\":\"https:\\\/\\\/ubirataonline.com.br\\\/wp-content\\\/uploads\\\/2026\\\/06\\\/logoubirataonline-1.webp\",\"width\":500,\"height\":500,\"caption\":\"Ubirat\u00e3 Online Not\u00edcias\"}]}<\/script>\n<meta name=\"geo.placename\" content=\"UBIRATA\" \/>\n<meta name=\"geo.position\" content=\"-24.5361401;-52.9921776\" \/>\n<meta name=\"geo.region\" content=\"Brazil\" \/>\n<!-- \/ Yoast SEO Premium plugin. -->","yoast_head_json":{"title":"Beyonc\u00e9 brings Blue Ivy for her Met Gala debut - Ubirat\u00e3 Online Not\u00edcias - A realidade ao seu alcance!","description":"EDITOR\u2019S NOTE:\u00a0 Featuring the good, the bad and the ugly, \u2018Look of the Week\u2019 is a regular series dedicated to unpacking the most talked about outfit of","robots":{"index":"index","follow":"follow","max-snippet":"max-snippet:-1","max-image-preview":"max-image-preview:large","max-video-preview":"max-video-preview:-1"},"canonical":"https:\/\/ubirataonline.com.br\/en\/beyonce-brings-blue-ivy-for-her-met-gala-debut\/","og_locale":"en_US","og_type":"article","og_title":"Beyonc\u00e9 brings Blue Ivy for her Met Gala debut","og_description":"EDITOR\u2019S NOTE:\u00a0 Featuring the good, the bad and the ugly, \u2018Look of the Week\u2019 is a regular series dedicated to unpacking the most talked about outfit of","og_url":"https:\/\/ubirataonline.com.br\/en\/beyonce-brings-blue-ivy-for-her-met-gala-debut\/","og_site_name":"Ubirat\u00e3 Online Not\u00edcias - A realidade ao seu alcance!","article_publisher":"https:\/\/www.facebook.com\/portalubirataonline","article_author":"https:\/\/www.facebook.com\/portalubirataonline","article_published_time":"2026-05-07T03:34:11+00:00","article_modified_time":"2026-05-07T03:34:13+00:00","og_image":[{"width":800,"height":450,"url":"https:\/\/ubirataonline.com.br\/wp-content\/uploads\/2026\/05\/Beyonce-brings-Blue-Ivy-for-her-Met-Gala-debut.jpg","type":"image\/jpeg"}],"author":"REDA\u00c7\u00c3O: UBIRAT\u00c3 ONLINE - F\u00c1BIO AUGUSTO CELESTINO","twitter_card":"summary_large_image","twitter_creator":"@x.com\/ubirataonline","twitter_site":"@ubirataonline","twitter_misc":{"Written by":"REDA\u00c7\u00c3O: UBIRAT\u00c3 ONLINE - F\u00c1BIO AUGUSTO CELESTINO","Est. reading time":"3 minutes"},"schema":{"@context":"https:\/\/schema.org","@graph":[{"@type":"NewsArticle","@id":"https:\/\/ubirataonline.com.br\/beyonce-brings-blue-ivy-for-her-met-gala-debut\/#article","isPartOf":{"@id":"https:\/\/ubirataonline.com.br\/beyonce-brings-blue-ivy-for-her-met-gala-debut\/"},"author":{"name":"REDA\u00c7\u00c3O: UBIRAT\u00c3 ONLINE - F\u00c1BIO AUGUSTO CELESTINO","@id":"https:\/\/ubirataonline.com.br\/#\/schema\/person\/372f87bbd3fdd79b8556b84c98d0bc1c"},"headline":"Beyonc\u00e9 brings Blue Ivy for her Met Gala debut","datePublished":"2026-05-07T03:34:11+00:00","dateModified":"2026-05-07T03:34:13+00:00","mainEntityOfPage":{"@id":"https:\/\/ubirataonline.com.br\/beyonce-brings-blue-ivy-for-her-met-gala-debut\/"},"wordCount":567,"publisher":{"@id":"https:\/\/ubirataonline.com.br\/#organization"},"image":{"@id":"https:\/\/ubirataonline.com.br\/beyonce-brings-blue-ivy-for-her-met-gala-debut\/#primaryimage"},"thumbnailUrl":"https:\/\/ubirataonline.com.br\/wp-content\/uploads\/2026\/05\/Beyonce-brings-Blue-Ivy-for-her-Met-Gala-debut.jpg","keywords":["Beyonc\u00e9","Blue","brings","Debut","Gala","Ivy","Met"],"articleSection":["Brasil"],"inLanguage":"en-US","copyrightYear":"2026","copyrightHolder":{"@id":"https:\/\/ubirataonline.com.br\/en\/#organization"}},{"@type":"WebPage","@id":"https:\/\/ubirataonline.com.br\/beyonce-brings-blue-ivy-for-her-met-gala-debut\/","url":"https:\/\/ubirataonline.com.br\/beyonce-brings-blue-ivy-for-her-met-gala-debut\/","name":"Beyonc\u00e9 brings Blue Ivy for her Met Gala debut - Ubirat\u00e3 Online Not\u00edcias - A realidade ao seu alcance!","isPartOf":{"@id":"https:\/\/ubirataonline.com.br\/#website"},"primaryImageOfPage":{"@id":"https:\/\/ubirataonline.com.br\/beyonce-brings-blue-ivy-for-her-met-gala-debut\/#primaryimage"},"image":{"@id":"https:\/\/ubirataonline.com.br\/beyonce-brings-blue-ivy-for-her-met-gala-debut\/#primaryimage"},"thumbnailUrl":"https:\/\/ubirataonline.com.br\/wp-content\/uploads\/2026\/05\/Beyonce-brings-Blue-Ivy-for-her-Met-Gala-debut.jpg","datePublished":"2026-05-07T03:34:11+00:00","dateModified":"2026-05-07T03:34:13+00:00","description":"EDITOR\u2019S NOTE:\u00a0 Featuring the good, the bad and the ugly, \u2018Look of the Week\u2019 is a regular series dedicated to unpacking the most talked about outfit of","breadcrumb":{"@id":"https:\/\/ubirataonline.com.br\/beyonce-brings-blue-ivy-for-her-met-gala-debut\/#breadcrumb"},"inLanguage":"en-US","potentialAction":[{"@type":"ReadAction","target":["https:\/\/ubirataonline.com.br\/beyonce-brings-blue-ivy-for-her-met-gala-debut\/"]}]},{"@type":"ImageObject","inLanguage":"en-US","@id":"https:\/\/ubirataonline.com.br\/beyonce-brings-blue-ivy-for-her-met-gala-debut\/#primaryimage","url":"https:\/\/ubirataonline.com.br\/wp-content\/uploads\/2026\/05\/Beyonce-brings-Blue-Ivy-for-her-Met-Gala-debut.jpg","contentUrl":"https:\/\/ubirataonline.com.br\/wp-content\/uploads\/2026\/05\/Beyonce-brings-Blue-Ivy-for-her-Met-Gala-debut.jpg","width":800,"height":450,"caption":"Jamie McCarthy\/Getty Images"},{"@type":"BreadcrumbList","@id":"https:\/\/ubirataonline.com.br\/beyonce-brings-blue-ivy-for-her-met-gala-debut\/#breadcrumb","itemListElement":[{"@type":"ListItem","position":1,"name":"In\u00edcio","item":"https:\/\/ubirataonline.com.br\/"},{"@type":"ListItem","position":2,"name":"Beyonc\u00e9 brings Blue Ivy for her Met Gala debut"}]},{"@type":"WebSite","@id":"https:\/\/ubirataonline.com.br\/#website","url":"https:\/\/ubirataonline.com.br\/","name":"Ubirat\u00e3 Online Not\u00edcias","description":"Not\u00edcias de Ubirat\u00e3, regi\u00e3o, Brasil e mundo, com informa\u00e7\u00e3o atualizada e compromisso com o leitor.","publisher":{"@id":"https:\/\/ubirataonline.com.br\/#organization"},"alternateName":"Ubirat\u00e3 Online","potentialAction":[{"@type":"SearchAction","target":{"@type":"EntryPoint","urlTemplate":"https:\/\/ubirataonline.com.br\/?s={search_term_string}"},"query-input":{"@type":"PropertyValueSpecification","valueRequired":true,"valueName":"search_term_string"}}],"inLanguage":"en-US"},{"@type":["Organization","Place"],"@id":"https:\/\/ubirataonline.com.br\/#organization","name":"Ubirat\u00e3 Online Not\u00edcias","alternateName":"Ubirat\u00e3 Online","url":"https:\/\/ubirataonline.com.br\/","logo":{"@id":"https:\/\/ubirataonline.com.br\/beyonce-brings-blue-ivy-for-her-met-gala-debut\/#local-main-organization-logo"},"image":{"@id":"https:\/\/ubirataonline.com.br\/beyonce-brings-blue-ivy-for-her-met-gala-debut\/#local-main-organization-logo"},"sameAs":["https:\/\/www.facebook.com\/portalubirataonline","https:\/\/x.com\/ubirataonline","https:\/\/mastodon.social\/@ubirataonline","https:\/\/www.facebook.com\/groups\/311144672285604","https:\/\/www.facebook.com\/UBTAOnline","https:\/\/www.instagram.com\/portalubirataonline\/","https:\/\/twitter.com\/ubirataonline"],"description":"Somos um portal de not\u00edcias independente, criado em 5 de janeiro de 2009, com o objetivo de informar, conectar e valorizar a nossa comunidade de Ubirat\u00e3 e toda aregi\u00e3o. Com conte\u00fado atualizado, confi\u00e1vel e relevante, o Ubirat\u00e3 Online \u00e9 o seu espa\u00e7o para ficar por dentro dos principais acontecimentos locais, regionais, Brasil, Mundo e de interesse geral. Nosso compromisso \u00e9 com a verdade, a transpar\u00eancia e o respeito ao leitor.","legalName":"UBIRATA ONLINE NOT\u00cdCIAS","foundingDate":"2009-01-05","numberOfEmployees":{"@type":"QuantitativeValue","minValue":"1","maxValue":"10"},"publishingPrinciples":"https:\/\/ubirataonline.com.br\/faq\/","address":{"@id":"https:\/\/ubirataonline.com.br\/beyonce-brings-blue-ivy-for-her-met-gala-debut\/#local-main-place-address"},"geo":{"@type":"GeoCoordinates","latitude":"-24.5361401","longitude":"-52.9921776"},"telephone":["+5544998308235"],"contactPoint":{"@type":"ContactPoint","email":"contato@ubirataonline.com.br"},"openingHoursSpecification":{"@type":"OpeningHoursSpecification","dayOfWeek":["Monday","Tuesday","Wednesday","Thursday","Friday","Saturday","Sunday"],"opens":"00:00","closes":"23:59"},"email":"contato@ubirataonline.com.br","vatID":"47.621.418\/0001-80"},{"@type":"Person","@id":"https:\/\/ubirataonline.com.br\/#\/schema\/person\/372f87bbd3fdd79b8556b84c98d0bc1c","name":"REDA\u00c7\u00c3O: UBIRAT\u00c3 ONLINE - F\u00c1BIO AUGUSTO CELESTINO","pronouns":"Ele","description":"Desde 2003 trabalhando com not\u00edcias.","sameAs":["http:\/\/ubirataoline.com.br","https:\/\/www.facebook.com\/portalubirataonline","https:\/\/www.instagram.com\/ubirataonline_oficial","https:\/\/x.com\/x.com\/ubirataonline"],"honorificPrefix":"Mr.","honorificSuffix":"MD","birthDate":"1980-06-16","gender":"masculino","award":["V\u00e1rios pr\u00eamios de melhor portal da cidade"],"jobTitle":"Diretor","url":"https:\/\/ubirataonline.com.br\/en\/author\/ubirataonline\/"},{"@type":"PostalAddress","@id":"https:\/\/ubirataonline.com.br\/beyonce-brings-blue-ivy-for-her-met-gala-debut\/#local-main-place-address","streetAddress":"Rua dos Coqueiros, 104 - Bairro Boa Vista, Rua dos Coqueiros, 104 Bairro Boa Vista","addressLocality":"UBIRATA","postalCode":"85440-000","addressRegion":"PR","addressCountry":"BR"},{"@type":"ImageObject","inLanguage":"en-US","@id":"https:\/\/ubirataonline.com.br\/beyonce-brings-blue-ivy-for-her-met-gala-debut\/#local-main-organization-logo","url":"https:\/\/ubirataonline.com.br\/wp-content\/uploads\/2026\/06\/logoubirataonline-1.webp","contentUrl":"https:\/\/ubirataonline.com.br\/wp-content\/uploads\/2026\/06\/logoubirataonline-1.webp","width":500,"height":500,"caption":"Ubirat\u00e3 Online Not\u00edcias"}]},"geo.placename":"UBIRATA","geo.position":{"lat":"-24.5361401","long":"-52.9921776"},"geo.region":"Brazil"},"_links":{"self":[{"href":"https:\/\/ubirataonline.com.br\/en\/wp-json\/wp\/v2\/posts\/122983","targetHints":{"allow":["GET"]}}],"collection":[{"href":"https:\/\/ubirataonline.com.br\/en\/wp-json\/wp\/v2\/posts"}],"about":[{"href":"https:\/\/ubirataonline.com.br\/en\/wp-json\/wp\/v2\/types\/post"}],"author":[{"embeddable":true,"href":"https:\/\/ubirataonline.com.br\/en\/wp-json\/wp\/v2\/users\/1"}],"replies":[{"embeddable":true,"href":"https:\/\/ubirataonline.com.br\/en\/wp-json\/wp\/v2\/comments?post=122983"}],"version-history":[{"count":0,"href":"https:\/\/ubirataonline.com.br\/en\/wp-json\/wp\/v2\/posts\/122983\/revisions"}],"wp:featuredmedia":[{"embeddable":true,"href":"https:\/\/ubirataonline.com.br\/en\/wp-json\/wp\/v2\/media\/122984"}],"wp:attachment":[{"href":"https:\/\/ubirataonline.com.br\/en\/wp-json\/wp\/v2\/media?parent=122983"}],"wp:term":[{"taxonomy":"category","embeddable":true,"href":"https:\/\/ubirataonline.com.br\/en\/wp-json\/wp\/v2\/categories?post=122983"},{"taxonomy":"post_tag","embeddable":true,"href":"https:\/\/ubirataonline.com.br\/en\/wp-json\/wp\/v2\/tags?post=122983"}],"curies":[{"name":"wp","href":"https:\/\/api.w.org\/{rel}","templated":true}]}}