{"id":123057,"date":"2026-05-07T02:59:11","date_gmt":"2026-05-07T05:59:11","guid":{"rendered":"https:\/\/ubirataonline.com.br\/daredevil-born-again-season-2-finale-whats-next-for-matt-murdock\/"},"modified":"2026-05-07T02:59:14","modified_gmt":"2026-05-07T05:59:14","slug":"daredevil-born-again-season-2-finale-whats-next-for-matt-murdock","status":"publish","type":"post","link":"https:\/\/ubirataonline.com.br\/en\/daredevil-born-again-season-2-finale-whats-next-for-matt-murdock\/","title":{"rendered":"&#8216;Daredevil: Born Again&#8217; Season 2 finale: What&#8217;s next for Matt Murdock"},"content":{"rendered":"<p><\/p>\n<div data-element=\"story-body\" data-subscriber-content=\"\">\n<p><i>This story includes spoilers for Episode 8 of \u201cDaredevil: Born Again\u201d Season 2.<\/i><\/p>\n<p>By the end of \u201cDaredevil: Born Again\u2019s\u201d first season, showrunner Dario Scardapane knew they were heading toward Matt Murdock\u2019s big reveal in Season 2.<\/p>\n<p>The second season finale of the Marvel series, out now on Disney+, sees Murdock (played by Charlie Cox) declare to the world that he\u2019s the vigilante Daredevil.<\/p>\n<p>\u201cComing in with Season 1, I wish I could say I knew exactly where we were going,\u201d says Scardapane during a recent video call. \u201cBut I knew that moment in the courtroom where Daredevil outs himself, we were definitely heading towards that.\u201d<\/p>\n<p>Iain B. MacDonald, who directed Episodes 7 and 8, said that everybody involved understood that it \u201cwas going to be a super significant moment\u201d while they were filming the scene.<\/p>\n<p>\u201cWhen that\u2019s out, that\u2019s out,\u201d MacDonald says. \u201cThat moment clearly has a domino effect for the rest of the episode. \u2026 I\u2019m super excited to just to see how that\u2019s received by the fans \u2026 because as a director, you want to deal with big moments in what you direct, and that is, for me, one of them.\u201d<\/p>\n<p>A continuation of Netflix\u2019s \u201c<a class=\"link\" href=\"https:\/\/www.latimes.com\/entertainment\/tv\/la-et-st-daredevil-review-20150409-column.html\">Daredevil<\/a>,\u201d which initially <a class=\"link\" href=\"https:\/\/www.latimes.com\/entertainment\/tv\/la-et-ms-netflix-marvel-cancel-punisher-jessica-20190218-story.html\">concluded in 2018<\/a>, \u201cBorn Again\u201d has followed <a class=\"link\" href=\"https:\/\/www.latimes.com\/entertainment-arts\/tv\/story\/2025-03-04\/daredevil-born-again-disney-vincent-donofrio-mayor-fisk-episode-1-2\">Wilson Fisk\u2019s (Vincent D\u2019Onofrio)<\/a> rise from criminal kingpin to the supposedly reformed mayor of New York. Fisk\u2019s authoritarian tactics and campaign targeting vigilantes pushes Daredevil underground to try to assemble allies in order to bring the Kingpin down.<\/p>\n<div class=\"enhancement\" data-click=\"enhancement\" data-align-center=\"\">\n<figure class=\"figure m-0\"> <picture><source type=\"image\/webp\" srcset=\"https:\/\/ca-times.brightspotcdn.com\/dims4\/default\/0755f03\/2147483647\/strip\/true\/crop\/8256x5504+0+0\/resize\/320x213!\/format\/webp\/quality\/75\/?url=https%3A%2F%2Fcalifornia-times-brightspot.s3.amazonaws.com%2F61%2F4d%2F8401ac634085b6a4497e1fef77e5%2Fotk-207-29772-r.jpg 320w,https:\/\/ca-times.brightspotcdn.com\/dims4\/default\/282d81c\/2147483647\/strip\/true\/crop\/8256x5504+0+0\/resize\/568x379!\/format\/webp\/quality\/75\/?url=https%3A%2F%2Fcalifornia-times-brightspot.s3.amazonaws.com%2F61%2F4d%2F8401ac634085b6a4497e1fef77e5%2Fotk-207-29772-r.jpg 568w,https:\/\/ca-times.brightspotcdn.com\/dims4\/default\/8070de4\/2147483647\/strip\/true\/crop\/8256x5504+0+0\/resize\/768x512!\/format\/webp\/quality\/75\/?url=https%3A%2F%2Fcalifornia-times-brightspot.s3.amazonaws.com%2F61%2F4d%2F8401ac634085b6a4497e1fef77e5%2Fotk-207-29772-r.jpg 768w,https:\/\/ca-times.brightspotcdn.com\/dims4\/default\/49990dd\/2147483647\/strip\/true\/crop\/8256x5504+0+0\/resize\/1024x683!\/format\/webp\/quality\/75\/?url=https%3A%2F%2Fcalifornia-times-brightspot.s3.amazonaws.com%2F61%2F4d%2F8401ac634085b6a4497e1fef77e5%2Fotk-207-29772-r.jpg 1024w,https:\/\/ca-times.brightspotcdn.com\/dims4\/default\/a0c9ba7\/2147483647\/strip\/true\/crop\/8256x5504+0+0\/resize\/1200x800!\/format\/webp\/quality\/75\/?url=https%3A%2F%2Fcalifornia-times-brightspot.s3.amazonaws.com%2F61%2F4d%2F8401ac634085b6a4497e1fef77e5%2Fotk-207-29772-r.jpg 1200w\" sizes=\"100vw\"\/><\/picture>\n<div class=\"figure-content\">\n<p>Matt Murdock (Charlie Cox) returned to the courtroom to make his case. <\/p>\n<p>(JoJo Whilden \/ Marvel)<\/p>\n<\/p><\/div>\n<\/figure><\/div>\n<p>Their much anticipated showdown occurs in a courtroom in the season finale during the trial of Karen Page (Deborah Ann Woll).<\/p>\n<p>\u201cMyself and my DP [director of photography], Jeffrey Waldron, looked at a lot of courtroom dramas, just to really think about how we can tell those courtroom stories really well, and do it creatively and imaginatively \u2026 and in the language of \u2018Daredevil,\u2019 \u201d said MacDonald. \u201cIt was a challenge, for sure, [but] I really, really enjoyed shooting them.\u201d<\/p>\n<p>While Murdock may have triumphed in the courtroom, his revelation has consequences as teased in the episode. Scardapane says those consequences will be explored in Season 3.<\/p>\n<p>\u201cThat last scene in Season 2 tells you where we\u2019re going,\u201d says Scardapane. \u201cIf the question is, are we doing a specific comic book run that is beloved by all, including me, I think that it\u2019s pretty obvious what we\u2019re doing in that last scene.\u201d<\/p>\n<p>The fallout for Murdock, as seen in the episode, is his arrest and imprisonment. In the final moments of the finale, the Man Without Fear is shown getting locked up at Rikers Island. Murdock appears to have accepted his fate, but a glimmer of smile hints that this is not the end of his story.<\/p>\n<p>\u201cCharlie and I talked about [the scene], and we knew that we wanted to end on that close-up of his face,\u201d MacDonald says. \u201cHe said we can do two things here, one which is like acceptance of circumstances, like he\u2019s resigned. He has made the sacrifice of outing himself to the world about who he really is [and] he has put himself away in service of the greater good \u2026 as well as have that little moment of a hint of a smile to say, this is a beginning. This is a new adventure. This is a new challenge.\u201d<\/p>\n<p>In a conversation edited for clarity and length, Scardapane discussed Murdock and Fisk\u2019s arcs in Season 2, \u201cDaredevil: Born Again\u2019s\u201d timely political themes and what to expect in Season 3.<\/p>\n<div class=\"enhancement\" data-click=\"enhancement\" data-align-center=\"\">\n<figure class=\"figure m-0\"> <picture><source type=\"image\/webp\" srcset=\"https:\/\/ca-times.brightspotcdn.com\/dims4\/default\/9ac5bb8\/2147483647\/strip\/true\/crop\/6000x4000+0+0\/resize\/320x213!\/format\/webp\/quality\/75\/?url=https%3A%2F%2Fcalifornia-times-brightspot.s3.amazonaws.com%2F2c%2Fce%2Fa032cc91477b9b798183b7899547%2Fotk-208-32229-r.jpg 320w,https:\/\/ca-times.brightspotcdn.com\/dims4\/default\/e4b6957\/2147483647\/strip\/true\/crop\/6000x4000+0+0\/resize\/568x379!\/format\/webp\/quality\/75\/?url=https%3A%2F%2Fcalifornia-times-brightspot.s3.amazonaws.com%2F2c%2Fce%2Fa032cc91477b9b798183b7899547%2Fotk-208-32229-r.jpg 568w,https:\/\/ca-times.brightspotcdn.com\/dims4\/default\/cf86205\/2147483647\/strip\/true\/crop\/6000x4000+0+0\/resize\/768x512!\/format\/webp\/quality\/75\/?url=https%3A%2F%2Fcalifornia-times-brightspot.s3.amazonaws.com%2F2c%2Fce%2Fa032cc91477b9b798183b7899547%2Fotk-208-32229-r.jpg 768w,https:\/\/ca-times.brightspotcdn.com\/dims4\/default\/800029f\/2147483647\/strip\/true\/crop\/6000x4000+0+0\/resize\/1024x683!\/format\/webp\/quality\/75\/?url=https%3A%2F%2Fcalifornia-times-brightspot.s3.amazonaws.com%2F2c%2Fce%2Fa032cc91477b9b798183b7899547%2Fotk-208-32229-r.jpg 1024w,https:\/\/ca-times.brightspotcdn.com\/dims4\/default\/3223e0e\/2147483647\/strip\/true\/crop\/6000x4000+0+0\/resize\/1200x800!\/format\/webp\/quality\/75\/?url=https%3A%2F%2Fcalifornia-times-brightspot.s3.amazonaws.com%2F2c%2Fce%2Fa032cc91477b9b798183b7899547%2Fotk-208-32229-r.jpg 1200w\" sizes=\"100vw\"\/><img class=\"image\" alt=\"Karen Page and Matt Murdock sitting at a restaurant table surrounded by lights\" srcset=\"https:\/\/ca-times.brightspotcdn.com\/dims4\/default\/9824a16\/2147483647\/strip\/true\/crop\/6000x4000+0+0\/resize\/320x213!\/quality\/75\/?url=https%3A%2F%2Fcalifornia-times-brightspot.s3.amazonaws.com%2F2c%2Fce%2Fa032cc91477b9b798183b7899547%2Fotk-208-32229-r.jpg 320w,https:\/\/ca-times.brightspotcdn.com\/dims4\/default\/e4f7dc2\/2147483647\/strip\/true\/crop\/6000x4000+0+0\/resize\/568x379!\/quality\/75\/?url=https%3A%2F%2Fcalifornia-times-brightspot.s3.amazonaws.com%2F2c%2Fce%2Fa032cc91477b9b798183b7899547%2Fotk-208-32229-r.jpg 568w,https:\/\/ca-times.brightspotcdn.com\/dims4\/default\/c932716\/2147483647\/strip\/true\/crop\/6000x4000+0+0\/resize\/768x512!\/quality\/75\/?url=https%3A%2F%2Fcalifornia-times-brightspot.s3.amazonaws.com%2F2c%2Fce%2Fa032cc91477b9b798183b7899547%2Fotk-208-32229-r.jpg 768w,https:\/\/ca-times.brightspotcdn.com\/dims4\/default\/a282fac\/2147483647\/strip\/true\/crop\/6000x4000+0+0\/resize\/1024x683!\/quality\/75\/?url=https%3A%2F%2Fcalifornia-times-brightspot.s3.amazonaws.com%2F2c%2Fce%2Fa032cc91477b9b798183b7899547%2Fotk-208-32229-r.jpg 1024w,https:\/\/ca-times.brightspotcdn.com\/dims4\/default\/446f241\/2147483647\/strip\/true\/crop\/6000x4000+0+0\/resize\/1200x800!\/quality\/75\/?url=https%3A%2F%2Fcalifornia-times-brightspot.s3.amazonaws.com%2F2c%2Fce%2Fa032cc91477b9b798183b7899547%2Fotk-208-32229-r.jpg 1200w\" sizes=\"auto, 100vw\" width=\"1200\" height=\"800\" src=\"https:\/\/ca-times.brightspotcdn.com\/dims4\/default\/446f241\/2147483647\/strip\/true\/crop\/6000x4000+0+0\/resize\/1200x800!\/quality\/75\/?url=https%3A%2F%2Fcalifornia-times-brightspot.s3.amazonaws.com%2F2c%2Fce%2Fa032cc91477b9b798183b7899547%2Fotk-208-32229-r.jpg\" decoding=\"async\" loading=\"lazy\"\/>   <\/picture>\n<div class=\"figure-content\">\n<p>Karen Page (Deborah Ann Woll) and Matt Murdock (Charlie Cox) get a chance to celebrate in the \u201cDaredevil: Born Again\u201d Season 2 finale. <\/p>\n<p>(JoJo Whilden \/ Marvel)<\/p>\n<\/p><\/div>\n<\/figure><\/div>\n<p><b>At what point did you know that what you were building toward in Season 2 would end with Matt Murdock in jail?<\/b><\/p>\n<p>It\u2019s kind of a process that snowballs. They had started before me. They were doing the Mayor Fisk run. It was much more procedural, much different tone. They did six episodes, and I came in, and we moved it more in line as a continuation of the Netflix series. When Fisk becomes the mayor of New York, you put the villain at a really, really elevated place. So, Season 1 was the rise of Fisk. Season 2 has got to be the rise of that which takes him down \u2014 the resistance.<\/p>\n<p>That moment that Matt stands up in court and says, \u201cI am Daredevil,\u201d that\u2019s like the record scratch. Everything has changed from this moment on. At the end of Season 1, beginning of Season 2, we knew we were heading toward that moment. That moment\u2019s consequences, for Matt and for Fisk, are kind of the fodder for Season 3.<\/p>\n<p>There are comic book runs that I shall not name \u2014 although they\u2019ve been named \u2014 that take that dilemma that Matt put himself in and go to really great places with it. Coming in with Season 1, I wish I could say I knew exactly where we were going. But I knew at the very beginning, that moment in the courtroom where Daredevil outs himself, we were definitely heading toward that.<\/p>\n<p><b>It felt significant that Matt and Fisk\u2019s big showdown this season happened in a courtroom.<\/b><\/p>\n<p>The fun of Daredevil since the comics started is here you have a lawyer who really believes in the justice system who goes out and breaks bones at night. He\u2019s a vigilante lawyer. That\u2019s such a dichotomy. When the villain takes power, when the villain is the police \u2014 this situation, the villain is the Anti-Vigilante Task Force \u2014 the villain has now become the power structure of New York and has become the justice system. How does Matt fight back? He fights back as a vigilante until it gets to a crucial moment where Karen is pulled into this flawed justice system. Now there\u2019s nowhere he could go. He\u2019s put in this place where both his personas have to integrate, have to kind of collide, for him to beat Fisk. I think that Charlie\u2019s performance in that courtroom scene is his best courtroom performance in any episode of \u201cDaredevil\u201d ever. Building to that moment of Fisk and Matt facing off in court, it was pretty important because all four of them are in court there: Wilson Fisk, Kingpin, Matt Murdock and Daredevil are all there in that scene.<\/p>\n<div class=\"enhancement\" data-click=\"enhancement\" data-align-center=\"\">\n<figure class=\"figure m-0\"> <picture><source type=\"image\/webp\" srcset=\"https:\/\/ca-times.brightspotcdn.com\/dims4\/default\/b74ecb6\/2147483647\/strip\/true\/crop\/8256x5504+0+0\/resize\/320x213!\/format\/webp\/quality\/75\/?url=https%3A%2F%2Fcalifornia-times-brightspot.s3.amazonaws.com%2Fcb%2F6d%2F423741aa4b12857850aca7117385%2Fotk-201-01966-r.jpg 320w,https:\/\/ca-times.brightspotcdn.com\/dims4\/default\/27d2f1c\/2147483647\/strip\/true\/crop\/8256x5504+0+0\/resize\/568x379!\/format\/webp\/quality\/75\/?url=https%3A%2F%2Fcalifornia-times-brightspot.s3.amazonaws.com%2Fcb%2F6d%2F423741aa4b12857850aca7117385%2Fotk-201-01966-r.jpg 568w,https:\/\/ca-times.brightspotcdn.com\/dims4\/default\/fe6c936\/2147483647\/strip\/true\/crop\/8256x5504+0+0\/resize\/768x512!\/format\/webp\/quality\/75\/?url=https%3A%2F%2Fcalifornia-times-brightspot.s3.amazonaws.com%2Fcb%2F6d%2F423741aa4b12857850aca7117385%2Fotk-201-01966-r.jpg 768w,https:\/\/ca-times.brightspotcdn.com\/dims4\/default\/0781f4a\/2147483647\/strip\/true\/crop\/8256x5504+0+0\/resize\/1024x683!\/format\/webp\/quality\/75\/?url=https%3A%2F%2Fcalifornia-times-brightspot.s3.amazonaws.com%2Fcb%2F6d%2F423741aa4b12857850aca7117385%2Fotk-201-01966-r.jpg 1024w,https:\/\/ca-times.brightspotcdn.com\/dims4\/default\/f5e3d5d\/2147483647\/strip\/true\/crop\/8256x5504+0+0\/resize\/1200x800!\/format\/webp\/quality\/75\/?url=https%3A%2F%2Fcalifornia-times-brightspot.s3.amazonaws.com%2Fcb%2F6d%2F423741aa4b12857850aca7117385%2Fotk-201-01966-r.jpg 1200w\" sizes=\"100vw\"\/><img class=\"image\" alt=\"Wilson Fisk in a white suit sitting at a desk\" srcset=\"https:\/\/ca-times.brightspotcdn.com\/dims4\/default\/7cd8016\/2147483647\/strip\/true\/crop\/8256x5504+0+0\/resize\/320x213!\/quality\/75\/?url=https%3A%2F%2Fcalifornia-times-brightspot.s3.amazonaws.com%2Fcb%2F6d%2F423741aa4b12857850aca7117385%2Fotk-201-01966-r.jpg 320w,https:\/\/ca-times.brightspotcdn.com\/dims4\/default\/fcc31e1\/2147483647\/strip\/true\/crop\/8256x5504+0+0\/resize\/568x379!\/quality\/75\/?url=https%3A%2F%2Fcalifornia-times-brightspot.s3.amazonaws.com%2Fcb%2F6d%2F423741aa4b12857850aca7117385%2Fotk-201-01966-r.jpg 568w,https:\/\/ca-times.brightspotcdn.com\/dims4\/default\/d308d43\/2147483647\/strip\/true\/crop\/8256x5504+0+0\/resize\/768x512!\/quality\/75\/?url=https%3A%2F%2Fcalifornia-times-brightspot.s3.amazonaws.com%2Fcb%2F6d%2F423741aa4b12857850aca7117385%2Fotk-201-01966-r.jpg 768w,https:\/\/ca-times.brightspotcdn.com\/dims4\/default\/1102d44\/2147483647\/strip\/true\/crop\/8256x5504+0+0\/resize\/1024x683!\/quality\/75\/?url=https%3A%2F%2Fcalifornia-times-brightspot.s3.amazonaws.com%2Fcb%2F6d%2F423741aa4b12857850aca7117385%2Fotk-201-01966-r.jpg 1024w,https:\/\/ca-times.brightspotcdn.com\/dims4\/default\/f19148e\/2147483647\/strip\/true\/crop\/8256x5504+0+0\/resize\/1200x800!\/quality\/75\/?url=https%3A%2F%2Fcalifornia-times-brightspot.s3.amazonaws.com%2Fcb%2F6d%2F423741aa4b12857850aca7117385%2Fotk-201-01966-r.jpg 1200w\" sizes=\"auto, 100vw\" width=\"1200\" height=\"800\" src=\"https:\/\/ca-times.brightspotcdn.com\/dims4\/default\/f19148e\/2147483647\/strip\/true\/crop\/8256x5504+0+0\/resize\/1200x800!\/quality\/75\/?url=https%3A%2F%2Fcalifornia-times-brightspot.s3.amazonaws.com%2Fcb%2F6d%2F423741aa4b12857850aca7117385%2Fotk-201-01966-r.jpg\" decoding=\"async\" loading=\"lazy\"\/>   <\/picture>\n<div class=\"figure-content\">\n<p>Wilson Fisk\u2019s (Vincent D\u2019Onofrio) ambitions are thwarted in \u201cDaredevil: Born Again\u201d Season 2. <\/p>\n<p>(JoJo Whilden \/ Marvel)<\/p>\n<\/p><\/div>\n<\/figure><\/div>\n<p><b>Fisk, the villain, ultimately loses this battle. Can you speak a bit about his arc this season?<\/b><\/p>\n<p>One of the joys of this job is working with Vincent D\u2019Onofrio, full stop. He\u2019s done such a good job of humanizing a monster. I don\u2019t write Fisk as a villain. I don\u2019t think Vincent plays him as a villain. And that\u2019s where the fun comes in.<\/p>\n<p>Building up a man whose appetite, whose isolation, whose just general hunger to dominate, making that character and then giving him this one lifeline to humanity in Vanessa \u2014 that\u2019s all calculated. We knew in Season 1 when Foggy was killed that Vanessa was going to be the cost for Fisk. The idea that Vanessa set up Foggy to die using Bullseye, and Bullseye ended up inadvertently killing Vanessa, that was 100% in the DNA from jump. Vanessa passed away in the comic books in two different ways, but that takes Fisk now into a place where, for me, all bets are off. I think that the Fisk that Vincent is playing in Episode 6, 7 and 8 and beyond are a different animal entirely. We just finished a very special episode that is pretty much all Fisk in this new incarnation and it was pretty exciting. Vincent\u2019s in rare form in Season 3.<\/p>\n<p><b>I understand that the Anti-Vigilante Task Force stuff was shot before the the story and imagery became extremely timely.<\/b><\/p>\n<p>It\u2019s really strange because there\u2019s footage in the finale that\u2019s intentionally supposed to reflect <a class=\"link\" href=\"https:\/\/www.latimes.com\/world-nation\/story\/2026-01-06\/fifth-anniversary-of-jan-6-attack-brings-fresh-division-to-capitol\">certain events<\/a>. One of the things that I really wanted to do with this story, when you\u2019re dealing with politics and everything, is we\u2019re living in a time where these values of mutual respect, mutual listening, mutual live and let live &#8230; what I would say, democratic values are being thrown out the window when you\u2019re dealing with the other side. If somebody doesn\u2019t share your beliefs, it\u2019s free game. And I\u2019ve never really seen a time like that. So we took that story, where the mayor\u2019s side has no quarter for the vigilante side and the vigilante side has no quarter for the mayor\u2019s side. When they storm the rotunda, it looks very familiar. That is intentional. I\u2019m not going to dodge that. Because it\u2019s the idea that everybody sees themselves as a hero of this story, where they\u2019re treating the people on the other side horribly. There\u2019s no lesson there. It\u2019s just the idea that when mobs get involved, when large groups of people get involved, the higher morals and higher sense of humanity falls apart.<\/p>\n<p><b>You\u2019ve mentioned that in writing and filming this show, you were looking at history. But what was it like when the present star<\/b><b>t<\/b><b>ed mirroring what you already made based on the past?<\/b><\/p>\n<p>The sequence in Episode 2, when the bodega is raided and people are dragged away by the Anti-Vigilante Task Force, that was filmed <a class=\"link\" href=\"https:\/\/www.latimes.com\/california\/story\/2026-01-29\/how-immigration-enforcement-tactics-have-changed-in-los-angeles\">before Los Angeles<\/a>, before <a class=\"link\" href=\"https:\/\/www.latimes.com\/world-nation\/story\/2026-01-30\/homeland-security-ramps-up-surveillance-in-immigration-raids-sweeping-in-citizens\">Minnesota<\/a> \u2014 before all of it. The whole thing got really strange in that the real world started to feel cartoony, and I don\u2019t mean that in a positive way.<\/p>\n<p>I think we were, as writers and directors, tapping into an unease and a malaise that\u2019s just out there. Having it look exactly like things that then happened on the news, that was chilling. It was really hard to get my head around it. It was hard for the people involved, the directors, the fact that some of those sequences in our show, of people being dragged away and thrown into vans, looked exactly like what we were seeing on the news.<\/p>\n<p><b>There have been other touch points, like the affinity some Task Force officers have for the Punisher logo, that crosses from the fictional into reality.<\/b><\/p>\n<p>I\u2019ve been wrestling with this since working on \u201cThe Punisher.\u201d The map of what you do when you want to be an autocrat: You form a militia, you empower them beyond, you target a group that you want to make scapegoats, you round them up. When <a class=\"link\" href=\"https:\/\/www.marvel.com\/articles\/comics\/daredevil-storming-city-hall\" target=\"_blank\">Charles Soule<\/a> was doing the Mayor Fisk run in the comic books, that\u2019s what he was thinking about. S\u2014, <a class=\"link\" href=\"https:\/\/www.latimes.com\/entertainment-arts\/awards\/story\/2025-07-15\/emmys-2025-nomination-andor-tony-gilroy\">Tony Gilroy<\/a> did it in \u201c<a class=\"link\" href=\"https:\/\/www.latimes.com\/entertainment-arts\/tv\/story\/2022-11-22\/andor-star-wars-disney-plus-must-see-tv-politics\">Andor<\/a>.\u201d When you build any kind of story about an autocrat, it follows the same script. Weirdly, the script\u2019s now playing out outside our door, and that\u2019s become really hard to deal with. The funny thing about this show in these times is, no matter what I say, somebody\u2019s gonna get all like, \u201cOh, they put politics in our comics\u201d and \u201cthey\u2019re trying to teach us a lesson.\u201d Nobody\u2019s trying to teach you a lesson. We\u2019re just laying out a story about a guy who\u2019s a criminal who becomes a mayor and a guy who\u2019s a lawyer who tries to take him down. But does that have echoes in what\u2019s going on outside our window? Yes, it does.<\/p>\n<p><b>There is a sect of the audience that gets very vocal about the MCU getting <\/b><b>\u201d<\/b><b>too woke<\/b><b>\u201d<\/b><b> or comic books and superheroes <\/b><b>\u201d<\/b><b>becoming political.<\/b><b>\u201d<\/b><\/p>\n<p>One thing that just broke me when we started Season 3, I posted a picture of our writers room, and it\u2019s just some of the best genre writers in the television business. I posted it [on <a class=\"link\" href=\"https:\/\/www.instagram.com\/p\/DPrlTx5EqeS\/?img_index=1\" target=\"_blank\">Instagram<\/a>] and I said \u201cso stoked to get into it with these guys.\u201d The first comment was, \u201cLooks like a pretty woke room. Don\u2019t ruin the show.\u201d How does a room look woke? Oh, so you\u2019re looking at the makeup of the people in that room, and you\u2019re saying that that is something you don\u2019t like? I can\u2019t help you [with that]. I\u2019ve just got to go into that room and write stories.<\/p>\n<p><b>It\u2019s also not like superhero comic books haven\u2019t had storylines about marginalized communities or interrogating people in power.<\/b><\/p>\n<p>Guys, comic books are political. They\u2019ve always been political. The first graphic novel that ever won a Pulitzer Prize was \u201c<a class=\"link\" href=\"https:\/\/www.latimes.com\/entertainment-arts\/books\/story\/2022-01-28\/art-spiegelman-maus-book-ban-tennessee-schools\">Maus<\/a>.\u201d<\/p>\n<div class=\"enhancement\" data-click=\"enhancement\" data-align-center=\"\">\n<figure class=\"figure m-0\"> <picture><source type=\"image\/webp\" srcset=\"https:\/\/ca-times.brightspotcdn.com\/dims4\/default\/c931a24\/2147483647\/strip\/true\/crop\/6000x4000+0+0\/resize\/320x213!\/format\/webp\/quality\/75\/?url=https%3A%2F%2Fcalifornia-times-brightspot.s3.amazonaws.com%2Fd3%2Faf%2F2463835c4465ab9cc94201cb854a%2Fotk-208-38150-r.jpg 320w,https:\/\/ca-times.brightspotcdn.com\/dims4\/default\/feb139e\/2147483647\/strip\/true\/crop\/6000x4000+0+0\/resize\/568x379!\/format\/webp\/quality\/75\/?url=https%3A%2F%2Fcalifornia-times-brightspot.s3.amazonaws.com%2Fd3%2Faf%2F2463835c4465ab9cc94201cb854a%2Fotk-208-38150-r.jpg 568w,https:\/\/ca-times.brightspotcdn.com\/dims4\/default\/77af75a\/2147483647\/strip\/true\/crop\/6000x4000+0+0\/resize\/768x512!\/format\/webp\/quality\/75\/?url=https%3A%2F%2Fcalifornia-times-brightspot.s3.amazonaws.com%2Fd3%2Faf%2F2463835c4465ab9cc94201cb854a%2Fotk-208-38150-r.jpg 768w,https:\/\/ca-times.brightspotcdn.com\/dims4\/default\/9c6b69e\/2147483647\/strip\/true\/crop\/6000x4000+0+0\/resize\/1024x683!\/format\/webp\/quality\/75\/?url=https%3A%2F%2Fcalifornia-times-brightspot.s3.amazonaws.com%2Fd3%2Faf%2F2463835c4465ab9cc94201cb854a%2Fotk-208-38150-r.jpg 1024w,https:\/\/ca-times.brightspotcdn.com\/dims4\/default\/7b2a20f\/2147483647\/strip\/true\/crop\/6000x4000+0+0\/resize\/1200x800!\/format\/webp\/quality\/75\/?url=https%3A%2F%2Fcalifornia-times-brightspot.s3.amazonaws.com%2Fd3%2Faf%2F2463835c4465ab9cc94201cb854a%2Fotk-208-38150-r.jpg 1200w\" sizes=\"100vw\"\/><img class=\"image\" alt=\"Jessica Jones stands near a masked mob\" srcset=\"https:\/\/ca-times.brightspotcdn.com\/dims4\/default\/c0430dd\/2147483647\/strip\/true\/crop\/6000x4000+0+0\/resize\/320x213!\/quality\/75\/?url=https%3A%2F%2Fcalifornia-times-brightspot.s3.amazonaws.com%2Fd3%2Faf%2F2463835c4465ab9cc94201cb854a%2Fotk-208-38150-r.jpg 320w,https:\/\/ca-times.brightspotcdn.com\/dims4\/default\/9011817\/2147483647\/strip\/true\/crop\/6000x4000+0+0\/resize\/568x379!\/quality\/75\/?url=https%3A%2F%2Fcalifornia-times-brightspot.s3.amazonaws.com%2Fd3%2Faf%2F2463835c4465ab9cc94201cb854a%2Fotk-208-38150-r.jpg 568w,https:\/\/ca-times.brightspotcdn.com\/dims4\/default\/8e7a396\/2147483647\/strip\/true\/crop\/6000x4000+0+0\/resize\/768x512!\/quality\/75\/?url=https%3A%2F%2Fcalifornia-times-brightspot.s3.amazonaws.com%2Fd3%2Faf%2F2463835c4465ab9cc94201cb854a%2Fotk-208-38150-r.jpg 768w,https:\/\/ca-times.brightspotcdn.com\/dims4\/default\/cc2b02e\/2147483647\/strip\/true\/crop\/6000x4000+0+0\/resize\/1024x683!\/quality\/75\/?url=https%3A%2F%2Fcalifornia-times-brightspot.s3.amazonaws.com%2Fd3%2Faf%2F2463835c4465ab9cc94201cb854a%2Fotk-208-38150-r.jpg 1024w,https:\/\/ca-times.brightspotcdn.com\/dims4\/default\/013b353\/2147483647\/strip\/true\/crop\/6000x4000+0+0\/resize\/1200x800!\/quality\/75\/?url=https%3A%2F%2Fcalifornia-times-brightspot.s3.amazonaws.com%2Fd3%2Faf%2F2463835c4465ab9cc94201cb854a%2Fotk-208-38150-r.jpg 1200w\" sizes=\"auto, 100vw\" width=\"1200\" height=\"800\" src=\"https:\/\/ca-times.brightspotcdn.com\/dims4\/default\/013b353\/2147483647\/strip\/true\/crop\/6000x4000+0+0\/resize\/1200x800!\/quality\/75\/?url=https%3A%2F%2Fcalifornia-times-brightspot.s3.amazonaws.com%2Fd3%2Faf%2F2463835c4465ab9cc94201cb854a%2Fotk-208-38150-r.jpg\" decoding=\"async\" loading=\"lazy\"\/>   <\/picture>\n<div class=\"figure-content\">\n<p>Jessica Jones (Krysten Ritter) gets in on the action. <\/p>\n<p>(JoJo Whilden \/ Marvel)<\/p>\n<\/p><\/div>\n<\/figure><\/div>\n<p><b>I think I\u2019ve waited long enough to ask about Luke Cage, played by <\/b><b>Mike Colter<\/b><b>, showing up in the finale. How did all of that come together?<\/b><\/p>\n<p>One of the things that I\u2019ve said a bunch about this show is we lean into the idea that these characters have grown up. The time that has passed between the end of the Netflix shows and the beginning of this show, we acknowledge and we lean into. Their lives have matured. As anybody knows, in the comics, Luke and Jessica had a child, Danielle. Now for me, as a writer, that\u2019s just great story. We have a family of two very interesting people who were made iconic by the performances of <a class=\"link\" href=\"https:\/\/www.latimes.com\/entertainment-arts\/books\/story\/2025-03-25\/krysten-ritter-novel-writing-psychological-thrillers\">Krysten Ritter<\/a> and <a class=\"link\" href=\"https:\/\/www.latimes.com\/entertainment\/herocomplex\/la-et-hc-mike-colter-20151229-story.html\">Mike Colter<\/a>. What does that little family look like moving forward? So that tease at the end has seeds for acres and acres of stories. There\u2019s a world that I\u2019m super interested in, that a lot of the characters from the Netflix shows live in, that I\u2019d love to see go forward. A lot of that\u2019s out of my hands. But Mike and Jessica and that family are important to these stories.<\/p>\n<p><b>Can you say anything more about what Luke has been up to since audiences last saw him?<\/b><\/p>\n<p>Luke went to do some work for Mr. Charles. That\u2019s a little bit of an Easter egg, a storyline that will play out in the future. Mr. Charles\u2019s interest in alternatively abled people, or people who can do special things, that interest has long tentacles. It touched Luke and Jessica. It touches Bullseye at the end of the season, and that moves forward.<\/p>\n<p><b>I think everybody\u2019s been curious since Charlie Cox\u2019s return. Matt\u2019s back. Now Jessica and Luke are back. Are we going to see all of the Netflix era heroes assembled?<\/b><\/p>\n<p>The best way I can answer that question is that we take comic book runs, fan desires and unfinished business. On \u201cPunisher,\u201d we were planning for a Season 3. I know [\u201cDaredevil\u201d showrunner] Erik Oleson was getting ready to work on a Season 4. That all ended very abruptly. None of the shows really got an ending that brought it all together. I wouldn\u2019t say that \u201cDefenders\u201d was an ending that brought it all together. There\u2019s so much unfinished business in those Netflix shows. We definitely, definitely knew from way back, how the ending of the Mayor Fisk rise and fall, where that was going to go next. And it\u2019s funny because I\u2019m talking to you as we\u2019re trying to end where it goes next, and we\u2019re thinking about, \u201cOK, now what happens after that?\u201d<\/p>\n<p><b>I\u2019m just going to throw it out there that I\u2019d like to see Misty Knight and Colleen Wing back also.<\/b><\/p>\n<p>[<a class=\"link\" href=\"https:\/\/www.latimes.com\/entertainment-arts\/movies\/story\/2026-02-18\/how-to-make-a-killing-review-glen-powell-margaret-qualley-jessica-henwick\">Jessica Henwick<\/a>, who plays] Colleen has <a class=\"link\" href=\"https:\/\/www.hollywoodreporter.com\/movies\/movie-features\/jessica-henwick-how-to-make-a-killing-daredevil-1236510830\/\" target=\"_blank\">already said<\/a> that she is not in Season 3, and that\u2019s a real sad thing for us. It was not for lack of trying. I want to do Daughters of the Dragon, come on! That was teed up in \u201c<a class=\"link\" href=\"https:\/\/www.latimes.com\/entertainment\/tv\/la-et-st-marvels-the-defenders-review-20170817-story.html\">The Defenders<\/a>.\u201d<\/p>\n<p>I wish I could be more forthright, but I have to save some some secrets for Season 3. But I do believe that we set a launching pad at the end of Season 2 that takes us into some pretty fun places that we\u2019re in right now, and I gotta go finish that.<\/p>\n<\/p><\/div>\n<p><script async src=\"\/\/www.instagram.com\/embed.js\"><\/script><\/p>\n<p><a href=\"https:\/\/www.latimes.com\/entertainment-arts\/tv\/story\/2026-05-06\/daredevil-born-again-season-2-finale-matt-murdock-explained\">Source link <\/a><\/p>\n","protected":false},"excerpt":{"rendered":"<p>This story includes spoilers for Episode 8 of \u201cDaredevil: Born Again\u201d Season 2. By the end of \u201cDaredevil: Born Again\u2019s\u201d first season, showrunner Dario Scardapane knew they were heading toward Matt Murdock\u2019s big reveal in Season 2. The second season finale of the Marvel series, out now on Disney+, sees Murdock (played by Charlie Cox) [&hellip;]<\/p>\n","protected":false},"author":1,"featured_media":123058,"comment_status":"closed","ping_status":"","sticky":false,"template":"","format":"standard","meta":{"googlesitekit_rrm_CAow2JLhCw:productID":"","_gspb_post_css":"","maa_idioma":"","maa_pais":"","footnotes":""},"categories":[1],"tags":[16072,25980,8711,3793,33557,2955,3722],"class_list":["post-123057","post","type-post","status-publish","format-standard","has-post-thumbnail","hentry","category-ubirata","tag-born","tag-daredevil","tag-finale","tag-matt","tag-murdock","tag-season","tag-whats"],"blocksy_meta":[],"yoast_head":"<!-- This site is optimized with the Yoast SEO Premium plugin v27.6 (Yoast SEO v27.6) - https:\/\/yoast.com\/product\/yoast-seo-premium-wordpress\/ -->\n<title>&#039;Daredevil: Born Again&#039; Season 2 finale: What&#039;s next for Matt Murdock - Ubirat\u00e3 Online Not\u00edcias - A realidade ao seu alcance!<\/title>\n<meta name=\"description\" content=\"This story includes spoilers for Episode 8 of \u201cDaredevil: Born Again\u201d Season 2.By the end of \u201cDaredevil: Born Again\u2019s\u201d first season, showrunner Dario\" \/>\n<meta name=\"robots\" content=\"index, follow, max-snippet:-1, max-image-preview:large, max-video-preview:-1\" \/>\n<link rel=\"canonical\" href=\"https:\/\/ubirataonline.com.br\/en\/daredevil-born-again-season-2-finale-whats-next-for-matt-murdock\/\" \/>\n<meta property=\"og:locale\" content=\"en_US\" \/>\n<meta property=\"og:type\" content=\"article\" \/>\n<meta property=\"og:title\" content=\"&#039;Daredevil: Born Again&#039; Season 2 finale: What&#039;s next for Matt Murdock\" \/>\n<meta property=\"og:description\" content=\"This story includes spoilers for Episode 8 of \u201cDaredevil: Born Again\u201d Season 2.By the end of \u201cDaredevil: Born Again\u2019s\u201d first season, showrunner Dario\" \/>\n<meta property=\"og:url\" content=\"https:\/\/ubirataonline.com.br\/en\/daredevil-born-again-season-2-finale-whats-next-for-matt-murdock\/\" \/>\n<meta property=\"og:site_name\" content=\"Ubirat\u00e3 Online Not\u00edcias - A realidade ao seu alcance!\" \/>\n<meta property=\"article:publisher\" content=\"https:\/\/www.facebook.com\/portalubirataonline\" \/>\n<meta property=\"article:author\" content=\"https:\/\/www.facebook.com\/portalubirataonline\" \/>\n<meta property=\"article:published_time\" content=\"2026-05-07T05:59:11+00:00\" \/>\n<meta property=\"article:modified_time\" content=\"2026-05-07T05:59:14+00:00\" \/>\n<meta property=\"og:image\" content=\"https:\/\/ubirataonline.com.br\/wp-content\/uploads\/2026\/05\/Daredevil-Born-Again-Season-2-finale-Whats-next-for-Matt.com2F402F502F83fdee41481cb5317faf30e2.jpeg\" \/>\n\t<meta property=\"og:image:width\" content=\"1200\" \/>\n\t<meta property=\"og:image:height\" content=\"630\" \/>\n\t<meta property=\"og:image:type\" content=\"image\/jpeg\" \/>\n<meta name=\"author\" content=\"REDA\u00c7\u00c3O: UBIRAT\u00c3 ONLINE - F\u00c1BIO AUGUSTO CELESTINO\" \/>\n<meta name=\"twitter:card\" content=\"summary_large_image\" \/>\n<meta name=\"twitter:creator\" content=\"@x.com\/ubirataonline\" \/>\n<meta name=\"twitter:site\" content=\"@ubirataonline\" \/>\n<meta name=\"twitter:label1\" content=\"Written by\" \/>\n\t<meta name=\"twitter:data1\" content=\"REDA\u00c7\u00c3O: UBIRAT\u00c3 ONLINE - F\u00c1BIO AUGUSTO CELESTINO\" \/>\n\t<meta name=\"twitter:label2\" content=\"Est. reading time\" \/>\n\t<meta name=\"twitter:data2\" content=\"13 minutes\" \/>\n<script type=\"application\/ld+json\" class=\"yoast-schema-graph\">{\"@context\":\"https:\\\/\\\/schema.org\",\"@graph\":[{\"@type\":\"NewsArticle\",\"@id\":\"https:\\\/\\\/ubirataonline.com.br\\\/daredevil-born-again-season-2-finale-whats-next-for-matt-murdock\\\/#article\",\"isPartOf\":{\"@id\":\"https:\\\/\\\/ubirataonline.com.br\\\/daredevil-born-again-season-2-finale-whats-next-for-matt-murdock\\\/\"},\"author\":{\"name\":\"REDA\u00c7\u00c3O: UBIRAT\u00c3 ONLINE - F\u00c1BIO AUGUSTO CELESTINO\",\"@id\":\"https:\\\/\\\/ubirataonline.com.br\\\/#\\\/schema\\\/person\\\/372f87bbd3fdd79b8556b84c98d0bc1c\"},\"headline\":\"&#8216;Daredevil: Born Again&#8217; Season 2 finale: What&#8217;s next for Matt Murdock\",\"datePublished\":\"2026-05-07T05:59:11+00:00\",\"dateModified\":\"2026-05-07T05:59:14+00:00\",\"mainEntityOfPage\":{\"@id\":\"https:\\\/\\\/ubirataonline.com.br\\\/daredevil-born-again-season-2-finale-whats-next-for-matt-murdock\\\/\"},\"wordCount\":2710,\"publisher\":{\"@id\":\"https:\\\/\\\/ubirataonline.com.br\\\/#organization\"},\"image\":{\"@id\":\"https:\\\/\\\/ubirataonline.com.br\\\/daredevil-born-again-season-2-finale-whats-next-for-matt-murdock\\\/#primaryimage\"},\"thumbnailUrl\":\"https:\\\/\\\/ubirataonline.com.br\\\/wp-content\\\/uploads\\\/2026\\\/05\\\/Daredevil-Born-Again-Season-2-finale-Whats-next-for-Matt.com2F402F502F83fdee41481cb5317faf30e2.jpeg\",\"keywords\":[\"Born\",\"Daredevil\",\"finale\",\"Matt\",\"Murdock\",\"season\",\"Whats\"],\"articleSection\":[\"Ubirat\u00e3\"],\"inLanguage\":\"en-US\",\"copyrightYear\":\"2026\",\"copyrightHolder\":{\"@id\":\"https:\\\/\\\/ubirataonline.com.br\\\/en\\\/#organization\"}},{\"@type\":\"WebPage\",\"@id\":\"https:\\\/\\\/ubirataonline.com.br\\\/daredevil-born-again-season-2-finale-whats-next-for-matt-murdock\\\/\",\"url\":\"https:\\\/\\\/ubirataonline.com.br\\\/daredevil-born-again-season-2-finale-whats-next-for-matt-murdock\\\/\",\"name\":\"'Daredevil: Born Again' Season 2 finale: What's next for Matt Murdock - Ubirat\u00e3 Online Not\u00edcias - A realidade ao seu alcance!\",\"isPartOf\":{\"@id\":\"https:\\\/\\\/ubirataonline.com.br\\\/#website\"},\"primaryImageOfPage\":{\"@id\":\"https:\\\/\\\/ubirataonline.com.br\\\/daredevil-born-again-season-2-finale-whats-next-for-matt-murdock\\\/#primaryimage\"},\"image\":{\"@id\":\"https:\\\/\\\/ubirataonline.com.br\\\/daredevil-born-again-season-2-finale-whats-next-for-matt-murdock\\\/#primaryimage\"},\"thumbnailUrl\":\"https:\\\/\\\/ubirataonline.com.br\\\/wp-content\\\/uploads\\\/2026\\\/05\\\/Daredevil-Born-Again-Season-2-finale-Whats-next-for-Matt.com2F402F502F83fdee41481cb5317faf30e2.jpeg\",\"datePublished\":\"2026-05-07T05:59:11+00:00\",\"dateModified\":\"2026-05-07T05:59:14+00:00\",\"description\":\"This story includes spoilers for Episode 8 of \u201cDaredevil: Born Again\u201d Season 2.By the end of \u201cDaredevil: Born Again\u2019s\u201d first season, showrunner Dario\",\"breadcrumb\":{\"@id\":\"https:\\\/\\\/ubirataonline.com.br\\\/daredevil-born-again-season-2-finale-whats-next-for-matt-murdock\\\/#breadcrumb\"},\"inLanguage\":\"en-US\",\"potentialAction\":[{\"@type\":\"ReadAction\",\"target\":[\"https:\\\/\\\/ubirataonline.com.br\\\/daredevil-born-again-season-2-finale-whats-next-for-matt-murdock\\\/\"]}]},{\"@type\":\"ImageObject\",\"inLanguage\":\"en-US\",\"@id\":\"https:\\\/\\\/ubirataonline.com.br\\\/daredevil-born-again-season-2-finale-whats-next-for-matt-murdock\\\/#primaryimage\",\"url\":\"https:\\\/\\\/ubirataonline.com.br\\\/wp-content\\\/uploads\\\/2026\\\/05\\\/Daredevil-Born-Again-Season-2-finale-Whats-next-for-Matt.com2F402F502F83fdee41481cb5317faf30e2.jpeg\",\"contentUrl\":\"https:\\\/\\\/ubirataonline.com.br\\\/wp-content\\\/uploads\\\/2026\\\/05\\\/Daredevil-Born-Again-Season-2-finale-Whats-next-for-Matt.com2F402F502F83fdee41481cb5317faf30e2.jpeg\",\"width\":1200,\"height\":630,\"caption\":\"'Daredevil: Born Again' Season 2 finale: What's next for Matt Murdock\"},{\"@type\":\"BreadcrumbList\",\"@id\":\"https:\\\/\\\/ubirataonline.com.br\\\/daredevil-born-again-season-2-finale-whats-next-for-matt-murdock\\\/#breadcrumb\",\"itemListElement\":[{\"@type\":\"ListItem\",\"position\":1,\"name\":\"In\u00edcio\",\"item\":\"https:\\\/\\\/ubirataonline.com.br\\\/\"},{\"@type\":\"ListItem\",\"position\":2,\"name\":\"&#8216;Daredevil: Born Again&#8217; Season 2 finale: What&#8217;s next for Matt Murdock\"}]},{\"@type\":\"WebSite\",\"@id\":\"https:\\\/\\\/ubirataonline.com.br\\\/#website\",\"url\":\"https:\\\/\\\/ubirataonline.com.br\\\/\",\"name\":\"Ubirat\u00e3 Online Not\u00edcias\",\"description\":\"Not\u00edcias de Ubirat\u00e3, regi\u00e3o, Brasil e mundo, com informa\u00e7\u00e3o atualizada e compromisso com o leitor.\",\"publisher\":{\"@id\":\"https:\\\/\\\/ubirataonline.com.br\\\/#organization\"},\"alternateName\":\"Ubirat\u00e3 Online\",\"potentialAction\":[{\"@type\":\"SearchAction\",\"target\":{\"@type\":\"EntryPoint\",\"urlTemplate\":\"https:\\\/\\\/ubirataonline.com.br\\\/?s={search_term_string}\"},\"query-input\":{\"@type\":\"PropertyValueSpecification\",\"valueRequired\":true,\"valueName\":\"search_term_string\"}}],\"inLanguage\":\"en-US\"},{\"@type\":[\"Organization\",\"Place\"],\"@id\":\"https:\\\/\\\/ubirataonline.com.br\\\/#organization\",\"name\":\"Ubirat\u00e3 Online Not\u00edcias\",\"alternateName\":\"Ubirat\u00e3 Online\",\"url\":\"https:\\\/\\\/ubirataonline.com.br\\\/\",\"logo\":{\"@id\":\"https:\\\/\\\/ubirataonline.com.br\\\/daredevil-born-again-season-2-finale-whats-next-for-matt-murdock\\\/#local-main-organization-logo\"},\"image\":{\"@id\":\"https:\\\/\\\/ubirataonline.com.br\\\/daredevil-born-again-season-2-finale-whats-next-for-matt-murdock\\\/#local-main-organization-logo\"},\"sameAs\":[\"https:\\\/\\\/www.facebook.com\\\/portalubirataonline\",\"https:\\\/\\\/x.com\\\/ubirataonline\",\"https:\\\/\\\/mastodon.social\\\/@ubirataonline\",\"https:\\\/\\\/www.facebook.com\\\/groups\\\/311144672285604\",\"https:\\\/\\\/www.facebook.com\\\/UBTAOnline\",\"https:\\\/\\\/www.instagram.com\\\/portalubirataonline\\\/\",\"https:\\\/\\\/twitter.com\\\/ubirataonline\"],\"description\":\"Somos um portal de not\u00edcias independente, criado em 5 de janeiro de 2009, com o objetivo de informar, conectar e valorizar a nossa comunidade de Ubirat\u00e3 e toda aregi\u00e3o. Com conte\u00fado atualizado, confi\u00e1vel e relevante, o Ubirat\u00e3 Online \u00e9 o seu espa\u00e7o para ficar por dentro dos principais acontecimentos locais, regionais, Brasil, Mundo e de interesse geral. Nosso compromisso \u00e9 com a verdade, a transpar\u00eancia e o respeito ao leitor.\",\"legalName\":\"UBIRATA ONLINE NOT\u00cdCIAS\",\"foundingDate\":\"2009-01-05\",\"numberOfEmployees\":{\"@type\":\"QuantitativeValue\",\"minValue\":\"1\",\"maxValue\":\"10\"},\"publishingPrinciples\":\"https:\\\/\\\/ubirataonline.com.br\\\/faq\\\/\",\"address\":{\"@id\":\"https:\\\/\\\/ubirataonline.com.br\\\/daredevil-born-again-season-2-finale-whats-next-for-matt-murdock\\\/#local-main-place-address\"},\"geo\":{\"@type\":\"GeoCoordinates\",\"latitude\":\"-24.5361401\",\"longitude\":\"-52.9921776\"},\"telephone\":[\"+5544998308235\"],\"contactPoint\":{\"@type\":\"ContactPoint\",\"email\":\"contato@ubirataonline.com.br\"},\"openingHoursSpecification\":{\"@type\":\"OpeningHoursSpecification\",\"dayOfWeek\":[\"Monday\",\"Tuesday\",\"Wednesday\",\"Thursday\",\"Friday\",\"Saturday\",\"Sunday\"],\"opens\":\"00:00\",\"closes\":\"23:59\"},\"email\":\"contato@ubirataonline.com.br\",\"vatID\":\"47.621.418\\\/0001-80\"},{\"@type\":\"Person\",\"@id\":\"https:\\\/\\\/ubirataonline.com.br\\\/#\\\/schema\\\/person\\\/372f87bbd3fdd79b8556b84c98d0bc1c\",\"name\":\"REDA\u00c7\u00c3O: UBIRAT\u00c3 ONLINE - F\u00c1BIO AUGUSTO CELESTINO\",\"pronouns\":\"Ele\",\"description\":\"Desde 2003 trabalhando com not\u00edcias.\",\"sameAs\":[\"http:\\\/\\\/ubirataoline.com.br\",\"https:\\\/\\\/www.facebook.com\\\/portalubirataonline\",\"https:\\\/\\\/www.instagram.com\\\/ubirataonline_oficial\",\"https:\\\/\\\/x.com\\\/x.com\\\/ubirataonline\"],\"honorificPrefix\":\"Mr.\",\"honorificSuffix\":\"MD\",\"birthDate\":\"1980-06-16\",\"gender\":\"masculino\",\"award\":[\"V\u00e1rios pr\u00eamios de melhor portal da cidade\"],\"jobTitle\":\"Diretor\",\"url\":\"https:\\\/\\\/ubirataonline.com.br\\\/en\\\/author\\\/ubirataonline\\\/\"},{\"@type\":\"PostalAddress\",\"@id\":\"https:\\\/\\\/ubirataonline.com.br\\\/daredevil-born-again-season-2-finale-whats-next-for-matt-murdock\\\/#local-main-place-address\",\"streetAddress\":\"Rua dos Coqueiros, 104 - Bairro Boa Vista, Rua dos Coqueiros, 104 Bairro Boa Vista\",\"addressLocality\":\"UBIRATA\",\"postalCode\":\"85440-000\",\"addressRegion\":\"PR\",\"addressCountry\":\"BR\"},{\"@type\":\"ImageObject\",\"inLanguage\":\"en-US\",\"@id\":\"https:\\\/\\\/ubirataonline.com.br\\\/daredevil-born-again-season-2-finale-whats-next-for-matt-murdock\\\/#local-main-organization-logo\",\"url\":\"https:\\\/\\\/ubirataonline.com.br\\\/wp-content\\\/uploads\\\/2026\\\/06\\\/logoubirataonline-1.webp\",\"contentUrl\":\"https:\\\/\\\/ubirataonline.com.br\\\/wp-content\\\/uploads\\\/2026\\\/06\\\/logoubirataonline-1.webp\",\"width\":500,\"height\":500,\"caption\":\"Ubirat\u00e3 Online Not\u00edcias\"}]}<\/script>\n<meta name=\"geo.placename\" content=\"UBIRATA\" \/>\n<meta name=\"geo.position\" content=\"-24.5361401;-52.9921776\" \/>\n<meta name=\"geo.region\" content=\"Brazil\" \/>\n<!-- \/ Yoast SEO Premium plugin. -->","yoast_head_json":{"title":"'Daredevil: Born Again' Season 2 finale: What's next for Matt Murdock - Ubirat\u00e3 Online Not\u00edcias - A realidade ao seu alcance!","description":"This story includes spoilers for Episode 8 of \u201cDaredevil: Born Again\u201d Season 2.By the end of \u201cDaredevil: Born Again\u2019s\u201d first season, showrunner Dario","robots":{"index":"index","follow":"follow","max-snippet":"max-snippet:-1","max-image-preview":"max-image-preview:large","max-video-preview":"max-video-preview:-1"},"canonical":"https:\/\/ubirataonline.com.br\/en\/daredevil-born-again-season-2-finale-whats-next-for-matt-murdock\/","og_locale":"en_US","og_type":"article","og_title":"'Daredevil: Born Again' Season 2 finale: What's next for Matt Murdock","og_description":"This story includes spoilers for Episode 8 of \u201cDaredevil: Born Again\u201d Season 2.By the end of \u201cDaredevil: Born Again\u2019s\u201d first season, showrunner Dario","og_url":"https:\/\/ubirataonline.com.br\/en\/daredevil-born-again-season-2-finale-whats-next-for-matt-murdock\/","og_site_name":"Ubirat\u00e3 Online Not\u00edcias - A realidade ao seu alcance!","article_publisher":"https:\/\/www.facebook.com\/portalubirataonline","article_author":"https:\/\/www.facebook.com\/portalubirataonline","article_published_time":"2026-05-07T05:59:11+00:00","article_modified_time":"2026-05-07T05:59:14+00:00","og_image":[{"width":1200,"height":630,"url":"https:\/\/ubirataonline.com.br\/wp-content\/uploads\/2026\/05\/Daredevil-Born-Again-Season-2-finale-Whats-next-for-Matt.com2F402F502F83fdee41481cb5317faf30e2.jpeg","type":"image\/jpeg"}],"author":"REDA\u00c7\u00c3O: UBIRAT\u00c3 ONLINE - F\u00c1BIO AUGUSTO CELESTINO","twitter_card":"summary_large_image","twitter_creator":"@x.com\/ubirataonline","twitter_site":"@ubirataonline","twitter_misc":{"Written by":"REDA\u00c7\u00c3O: UBIRAT\u00c3 ONLINE - F\u00c1BIO AUGUSTO CELESTINO","Est. reading time":"13 minutes"},"schema":{"@context":"https:\/\/schema.org","@graph":[{"@type":"NewsArticle","@id":"https:\/\/ubirataonline.com.br\/daredevil-born-again-season-2-finale-whats-next-for-matt-murdock\/#article","isPartOf":{"@id":"https:\/\/ubirataonline.com.br\/daredevil-born-again-season-2-finale-whats-next-for-matt-murdock\/"},"author":{"name":"REDA\u00c7\u00c3O: UBIRAT\u00c3 ONLINE - F\u00c1BIO AUGUSTO CELESTINO","@id":"https:\/\/ubirataonline.com.br\/#\/schema\/person\/372f87bbd3fdd79b8556b84c98d0bc1c"},"headline":"&#8216;Daredevil: Born Again&#8217; Season 2 finale: What&#8217;s next for Matt Murdock","datePublished":"2026-05-07T05:59:11+00:00","dateModified":"2026-05-07T05:59:14+00:00","mainEntityOfPage":{"@id":"https:\/\/ubirataonline.com.br\/daredevil-born-again-season-2-finale-whats-next-for-matt-murdock\/"},"wordCount":2710,"publisher":{"@id":"https:\/\/ubirataonline.com.br\/#organization"},"image":{"@id":"https:\/\/ubirataonline.com.br\/daredevil-born-again-season-2-finale-whats-next-for-matt-murdock\/#primaryimage"},"thumbnailUrl":"https:\/\/ubirataonline.com.br\/wp-content\/uploads\/2026\/05\/Daredevil-Born-Again-Season-2-finale-Whats-next-for-Matt.com2F402F502F83fdee41481cb5317faf30e2.jpeg","keywords":["Born","Daredevil","finale","Matt","Murdock","season","Whats"],"articleSection":["Ubirat\u00e3"],"inLanguage":"en-US","copyrightYear":"2026","copyrightHolder":{"@id":"https:\/\/ubirataonline.com.br\/en\/#organization"}},{"@type":"WebPage","@id":"https:\/\/ubirataonline.com.br\/daredevil-born-again-season-2-finale-whats-next-for-matt-murdock\/","url":"https:\/\/ubirataonline.com.br\/daredevil-born-again-season-2-finale-whats-next-for-matt-murdock\/","name":"'Daredevil: Born Again' Season 2 finale: What's next for Matt Murdock - Ubirat\u00e3 Online Not\u00edcias - A realidade ao seu alcance!","isPartOf":{"@id":"https:\/\/ubirataonline.com.br\/#website"},"primaryImageOfPage":{"@id":"https:\/\/ubirataonline.com.br\/daredevil-born-again-season-2-finale-whats-next-for-matt-murdock\/#primaryimage"},"image":{"@id":"https:\/\/ubirataonline.com.br\/daredevil-born-again-season-2-finale-whats-next-for-matt-murdock\/#primaryimage"},"thumbnailUrl":"https:\/\/ubirataonline.com.br\/wp-content\/uploads\/2026\/05\/Daredevil-Born-Again-Season-2-finale-Whats-next-for-Matt.com2F402F502F83fdee41481cb5317faf30e2.jpeg","datePublished":"2026-05-07T05:59:11+00:00","dateModified":"2026-05-07T05:59:14+00:00","description":"This story includes spoilers for Episode 8 of \u201cDaredevil: Born Again\u201d Season 2.By the end of \u201cDaredevil: Born Again\u2019s\u201d first season, showrunner Dario","breadcrumb":{"@id":"https:\/\/ubirataonline.com.br\/daredevil-born-again-season-2-finale-whats-next-for-matt-murdock\/#breadcrumb"},"inLanguage":"en-US","potentialAction":[{"@type":"ReadAction","target":["https:\/\/ubirataonline.com.br\/daredevil-born-again-season-2-finale-whats-next-for-matt-murdock\/"]}]},{"@type":"ImageObject","inLanguage":"en-US","@id":"https:\/\/ubirataonline.com.br\/daredevil-born-again-season-2-finale-whats-next-for-matt-murdock\/#primaryimage","url":"https:\/\/ubirataonline.com.br\/wp-content\/uploads\/2026\/05\/Daredevil-Born-Again-Season-2-finale-Whats-next-for-Matt.com2F402F502F83fdee41481cb5317faf30e2.jpeg","contentUrl":"https:\/\/ubirataonline.com.br\/wp-content\/uploads\/2026\/05\/Daredevil-Born-Again-Season-2-finale-Whats-next-for-Matt.com2F402F502F83fdee41481cb5317faf30e2.jpeg","width":1200,"height":630,"caption":"'Daredevil: Born Again' Season 2 finale: What's next for Matt Murdock"},{"@type":"BreadcrumbList","@id":"https:\/\/ubirataonline.com.br\/daredevil-born-again-season-2-finale-whats-next-for-matt-murdock\/#breadcrumb","itemListElement":[{"@type":"ListItem","position":1,"name":"In\u00edcio","item":"https:\/\/ubirataonline.com.br\/"},{"@type":"ListItem","position":2,"name":"&#8216;Daredevil: Born Again&#8217; Season 2 finale: What&#8217;s next for Matt Murdock"}]},{"@type":"WebSite","@id":"https:\/\/ubirataonline.com.br\/#website","url":"https:\/\/ubirataonline.com.br\/","name":"Ubirat\u00e3 Online Not\u00edcias","description":"Not\u00edcias de Ubirat\u00e3, regi\u00e3o, Brasil e mundo, com informa\u00e7\u00e3o atualizada e compromisso com o leitor.","publisher":{"@id":"https:\/\/ubirataonline.com.br\/#organization"},"alternateName":"Ubirat\u00e3 Online","potentialAction":[{"@type":"SearchAction","target":{"@type":"EntryPoint","urlTemplate":"https:\/\/ubirataonline.com.br\/?s={search_term_string}"},"query-input":{"@type":"PropertyValueSpecification","valueRequired":true,"valueName":"search_term_string"}}],"inLanguage":"en-US"},{"@type":["Organization","Place"],"@id":"https:\/\/ubirataonline.com.br\/#organization","name":"Ubirat\u00e3 Online Not\u00edcias","alternateName":"Ubirat\u00e3 Online","url":"https:\/\/ubirataonline.com.br\/","logo":{"@id":"https:\/\/ubirataonline.com.br\/daredevil-born-again-season-2-finale-whats-next-for-matt-murdock\/#local-main-organization-logo"},"image":{"@id":"https:\/\/ubirataonline.com.br\/daredevil-born-again-season-2-finale-whats-next-for-matt-murdock\/#local-main-organization-logo"},"sameAs":["https:\/\/www.facebook.com\/portalubirataonline","https:\/\/x.com\/ubirataonline","https:\/\/mastodon.social\/@ubirataonline","https:\/\/www.facebook.com\/groups\/311144672285604","https:\/\/www.facebook.com\/UBTAOnline","https:\/\/www.instagram.com\/portalubirataonline\/","https:\/\/twitter.com\/ubirataonline"],"description":"Somos um portal de not\u00edcias independente, criado em 5 de janeiro de 2009, com o objetivo de informar, conectar e valorizar a nossa comunidade de Ubirat\u00e3 e toda aregi\u00e3o. Com conte\u00fado atualizado, confi\u00e1vel e relevante, o Ubirat\u00e3 Online \u00e9 o seu espa\u00e7o para ficar por dentro dos principais acontecimentos locais, regionais, Brasil, Mundo e de interesse geral. Nosso compromisso \u00e9 com a verdade, a transpar\u00eancia e o respeito ao leitor.","legalName":"UBIRATA ONLINE NOT\u00cdCIAS","foundingDate":"2009-01-05","numberOfEmployees":{"@type":"QuantitativeValue","minValue":"1","maxValue":"10"},"publishingPrinciples":"https:\/\/ubirataonline.com.br\/faq\/","address":{"@id":"https:\/\/ubirataonline.com.br\/daredevil-born-again-season-2-finale-whats-next-for-matt-murdock\/#local-main-place-address"},"geo":{"@type":"GeoCoordinates","latitude":"-24.5361401","longitude":"-52.9921776"},"telephone":["+5544998308235"],"contactPoint":{"@type":"ContactPoint","email":"contato@ubirataonline.com.br"},"openingHoursSpecification":{"@type":"OpeningHoursSpecification","dayOfWeek":["Monday","Tuesday","Wednesday","Thursday","Friday","Saturday","Sunday"],"opens":"00:00","closes":"23:59"},"email":"contato@ubirataonline.com.br","vatID":"47.621.418\/0001-80"},{"@type":"Person","@id":"https:\/\/ubirataonline.com.br\/#\/schema\/person\/372f87bbd3fdd79b8556b84c98d0bc1c","name":"REDA\u00c7\u00c3O: UBIRAT\u00c3 ONLINE - F\u00c1BIO AUGUSTO CELESTINO","pronouns":"Ele","description":"Desde 2003 trabalhando com not\u00edcias.","sameAs":["http:\/\/ubirataoline.com.br","https:\/\/www.facebook.com\/portalubirataonline","https:\/\/www.instagram.com\/ubirataonline_oficial","https:\/\/x.com\/x.com\/ubirataonline"],"honorificPrefix":"Mr.","honorificSuffix":"MD","birthDate":"1980-06-16","gender":"masculino","award":["V\u00e1rios pr\u00eamios de melhor portal da cidade"],"jobTitle":"Diretor","url":"https:\/\/ubirataonline.com.br\/en\/author\/ubirataonline\/"},{"@type":"PostalAddress","@id":"https:\/\/ubirataonline.com.br\/daredevil-born-again-season-2-finale-whats-next-for-matt-murdock\/#local-main-place-address","streetAddress":"Rua dos Coqueiros, 104 - Bairro Boa Vista, Rua dos Coqueiros, 104 Bairro Boa Vista","addressLocality":"UBIRATA","postalCode":"85440-000","addressRegion":"PR","addressCountry":"BR"},{"@type":"ImageObject","inLanguage":"en-US","@id":"https:\/\/ubirataonline.com.br\/daredevil-born-again-season-2-finale-whats-next-for-matt-murdock\/#local-main-organization-logo","url":"https:\/\/ubirataonline.com.br\/wp-content\/uploads\/2026\/06\/logoubirataonline-1.webp","contentUrl":"https:\/\/ubirataonline.com.br\/wp-content\/uploads\/2026\/06\/logoubirataonline-1.webp","width":500,"height":500,"caption":"Ubirat\u00e3 Online Not\u00edcias"}]},"geo.placename":"UBIRATA","geo.position":{"lat":"-24.5361401","long":"-52.9921776"},"geo.region":"Brazil"},"_links":{"self":[{"href":"https:\/\/ubirataonline.com.br\/en\/wp-json\/wp\/v2\/posts\/123057","targetHints":{"allow":["GET"]}}],"collection":[{"href":"https:\/\/ubirataonline.com.br\/en\/wp-json\/wp\/v2\/posts"}],"about":[{"href":"https:\/\/ubirataonline.com.br\/en\/wp-json\/wp\/v2\/types\/post"}],"author":[{"embeddable":true,"href":"https:\/\/ubirataonline.com.br\/en\/wp-json\/wp\/v2\/users\/1"}],"replies":[{"embeddable":true,"href":"https:\/\/ubirataonline.com.br\/en\/wp-json\/wp\/v2\/comments?post=123057"}],"version-history":[{"count":0,"href":"https:\/\/ubirataonline.com.br\/en\/wp-json\/wp\/v2\/posts\/123057\/revisions"}],"wp:featuredmedia":[{"embeddable":true,"href":"https:\/\/ubirataonline.com.br\/en\/wp-json\/wp\/v2\/media\/123058"}],"wp:attachment":[{"href":"https:\/\/ubirataonline.com.br\/en\/wp-json\/wp\/v2\/media?parent=123057"}],"wp:term":[{"taxonomy":"category","embeddable":true,"href":"https:\/\/ubirataonline.com.br\/en\/wp-json\/wp\/v2\/categories?post=123057"},{"taxonomy":"post_tag","embeddable":true,"href":"https:\/\/ubirataonline.com.br\/en\/wp-json\/wp\/v2\/tags?post=123057"}],"curies":[{"name":"wp","href":"https:\/\/api.w.org\/{rel}","templated":true}]}}