{"id":123144,"date":"2026-05-07T06:41:11","date_gmt":"2026-05-07T09:41:11","guid":{"rendered":"https:\/\/ubirataonline.com.br\/djokovic-jodar-musetti-gli-ostacoli-di-sinner-agli-internazionali-di-tennis\/"},"modified":"2026-05-07T06:41:15","modified_gmt":"2026-05-07T09:41:15","slug":"djokovic-jodar-musetti-gli-ostacoli-di-sinner-agli-internazionali-di-tennis","status":"publish","type":"post","link":"https:\/\/ubirataonline.com.br\/en\/djokovic-jodar-musetti-gli-ostacoli-di-sinner-agli-internazionali-di-tennis\/","title":{"rendered":"Djokovic, Jodar, Musetti: gli ostacoli di Sinner agli Internazionali di tennis"},"content":{"rendered":"<p><\/p>\n<div>\n<p><h2 class=\"is-subtitle\">Con Alcaraz grande assente agli Internazionali restano pochi nomi in grado di impensierire la corsa del numero uno<\/h2>\n<\/p>\n<div class=\"bck-author-signature gz-hide-in-editor\">\n<div class=\"author-signature__content\">\n<figure>\n            <a class=\"image is-50x50\" href=\"https:\/\/www.gazzetta.it\/redazione\/marco-iaria\/\"><\/p>\n<p>            <\/a><br \/>\n        <\/figure>\n<div class=\"author-block\">\n<p>Giornalista<\/p>\n<p>\n                <time class=\"article-date xlk\" content=\"2026-05-06T12:56:49+02:00\" data-time=\"2026-05-06\"><br \/>\n                    6 maggio &#8211; 12:56  <span class=\"from-location\">&#8211; MILANO<\/span><br \/>\n                <\/time>\n            <\/p>\n<\/p><\/div>\n<\/p><\/div>\n<\/div>\n<div class=\"content \" id=\"m5858-5857-5859\">\n<p class=\"paragraph\" spellcheck=\"true\">Non si tratta semplicemente dei favori del pronostico ascritti alla testa di serie numero 1. \u00c8 che, scorrendo il tabellone di Roma si fa fatica a ravvisare quale possa essere un vero ostacolo sulla strada di Jannik Sinner. L\u2019assenza di Alcaraz, il rendimento offerto dall\u2019azzurro negli ultimi due mesi, la concorrenza che si scioglie come neve al sole quando si trova davanti il totem: tutto questo crea un gap enorme tra il battistrada e il resto del gruppo. Fa impressione la sequela di risultati contro avversari di rango, diciamo dal n. 30 del ranking in su: dalla trasferta americana, Sinner non solo li ha battuti tutti, ma non ha perso nemmeno un set, lasciando tre game a Tien e, nell\u2019ultima sfida di Madrid, a Zverev; quattro a Tiafoe; sei a Fils; sette ad Auger-Aliassime; otto a Lehecka.\u00a0<\/p>\n<\/div>\n<div class=\"content \" id=\"m5863-5862-5864\">\n<h2 class=\"native-summary-content paragraph-summary is-h5 is-uppercase is-mr-r-4 is-inline \" spellcheck=\"true\" id=\"m5932-5931-5933\">Emergenti<\/h2>\n<p>\u2014 \u00a0<\/p>\n<p class=\"paragraph\" spellcheck=\"true\">Uno dei giocatori pi\u00f9 in forma del circuito \u00e8, senza dubbio, il francese Arthur Fils, risalito dal 42\u00b0 al 17\u00b0 posto dopo sei mesi di stop, con due finali, due semifinali e due quarti nel 2026. Ma il confronto con Sinner di qualche giorno fa in Spagna \u00e8 stato impietoso. Detto che il ceco Mensik, l\u2019ultimo a battere Jannik a Doha, potrebbe ritrovarselo al terzo turno (Berrettini permettendo), i giocatori di un certo standing che di recente lo hanno pi\u00f9 messo in difficolt\u00e0 sono stati Rafael Jodar, Daniil Medvedev e Joao Fonseca. Lo spagnolo \u00e8 l\u2019astro nascente del tour: al primo anno da professionista, il 19enne si \u00e8 gi\u00e0 issato al 34\u00b0 posto, inanellando sulla terra la finale a Marrakech, la semifinale a Barcellona e i quarti a Madrid, dove ha lottato alla pari con Jannik nel secondo set (6-2 7-6). Longilineo, potente da fondo, calviniano nell\u2019approccio al tennis, Jodar \u00e8 un Sinner in miniatura: testa di serie n. 32 al Foro, si trova sul lato opposto del tabellone e potrebbe incrociare Zverev nei quarti. Medvedev ha avuto il suo apice nel 2026 a Indian Wells, perdendo in finale da Sinner con un doppio tie-break, ma sulla terra \u00e8 stato gi\u00e0 giustiziato da Berrettini (addirittura doppio 6-0 a Montecarlo) e Cobolli. Quanto a Fonseca, anche lui ha lottato punto a punto con Jannik a Indian Wells (7-6 7-6 come col russo), ma finora la stagione non gli ha riservato grandi sussulti. Coetaneo di Jodar, accompagnato da grandi aspettative, rischia di essere sorpassato dallo spagnolo nelle gerarchie. A Roma \u00e8 n. 27 del seeding e non ha un cammino per niente facile verso un\u2019ipotetica semifinale con Sinner.\u00a0<\/p>\n<\/div>\n<div class=\"content is-partner-link\">\n<p><a class=\"is-partner-link\" href=\"https:\/\/ad.doubleclick.net\/ddm\/trackclk\/N1792338.340088CAIRORCSMEDIAS.P.\/B35025367.439884924;dc_trk_aid=632943189;dc_trk_cid=249314339;dc_dbm_token=%24%7bDC_DBM_TOKEN%7d;dc_lat=;dc_rdid=;tag_for_child_directed_treatment=;tfua=;gdpr=%24%7bGDPR%7d;gdpr_consent=%24%7bGDPR_CONSENT_755%7d;ltd=;dc_tdv=1\" rel=\"nofollow\" target=\"_blank\">Guarda gli Internazionali BNL d&#8217;Italia dal 5 al 17 maggio in streaming su NOW! Attiva il Pass Sport da 19,99\u20ac al mese<\/a><\/p>\n<\/div>\n<p><!--@ESI generic START--><!--@ REQUEST URI :  \/fe-includes\/2019\/SSI\/external-template\/gazzetta\/generic.shtml?env=prd&device=desktop&cmsType=xalok&type=article&path=\/service-includes\/2019\/SSI\/adv\/component\/bottom1\/default.shtml--><!--@GLOBAL CONFIG prd--><!--@ fe-include \/fe-includes\/2019\/SSI--><!--@ service-include \/service-includes\/2019\/SSI--><!--@ Type: article--><!--@ Device: desktop--><!--@ LANG: it-IT--><!--@ LANG_SHORT: it--><!--@ CRITICAL_CSS: (none)--><!--@ESI for [\/service-includes\/2019\/SSI\/adv\/component\/bottom1\/default.shtml] --><!--@ESI @querystring=[env=prd&device=desktop&cmsType=xalok&type=article&path=\/service-includes\/2019\/SSI\/adv\/component\/bottom1\/default.shtml]@ --><!--@ESI generic END--><\/p>\n<div class=\"content \" id=\"m5894-5893-5895\">\n<h2 class=\"native-summary-content paragraph-summary is-h5 is-uppercase is-mr-r-4 is-inline \" spellcheck=\"true\" id=\"m5947-5946-5948\">Nole<\/h2>\n<p>\u2014 \u00a0<\/p>\n<p class=\"paragraph\" spellcheck=\"true\">Discorso a parte per un monumento: Novak Djokovic non gioca da quasi due mesi (ultima partita il 12 marzo, ko con Draper a Indian Wells). Qualche guaio fisico, ma soprattutto la volont\u00e0 di centellinare la presenza nel tour, a 38 anni e con 24 Slam in bacheca. A Roma, testa di serie n. 3, pu\u00f2 essere una scheggia impazzita. Semmai arrivasse in finale con Jannik, la Volpe potrebbe chiudere il cerchio su due fronti: la rivincita di Melbourne e il primo titolo italiano 50 anni dopo Panatta. Certo, per il popolo tricolore non ci sarebbe niente di meglio che un derby domenica 17 maggio tra top ten azzurri: Lorenzo Musetti, gi\u00e0 semifinalista l\u2019anno scorso, se gioca come sa pu\u00f2 farsi largo. E poi, occhio a Flavio Cobolli, che quando ha il tifo di casa (vedi Bologna in Davis) veste i panni di Hulk.<\/p>\n<\/div>\n<p>    <!--@ESI generic START--><!--@ REQUEST URI :  \/fe-includes\/2019\/SSI\/external-template\/gazzetta\/generic.shtml?env=prd&device=desktop&cmsType=xalok&articleCategory=Varie%2FTennis&currentArticleId=83ac4a12-d2da-46db-ad60-342daf946xlk&type=article&path=\/fe-includes\/2019\/SSI\/components\/leggi-anche\/default.shtml--><!--@GLOBAL CONFIG prd--><!--@ fe-include \/fe-includes\/2019\/SSI--><!--@ service-include \/service-includes\/2019\/SSI--><!--@ OVERRIDDEN PATH: \/fe-includes\/2019\/SSI\/components\/leggi-anche\/default.shtml--><!--@ Type: article--><!--@ Device: desktop--><!--@ LANG: it-IT--><!--@ LANG_SHORT: it--><!--@ CRITICAL_CSS: (none)--><!--@ESI for [\/fe-includes\/2019\/SSI\/components\/leggi-anche\/default.shtml] --><!--@ESI @querystring=[env=prd&device=desktop&cmsType=xalok&articleCategory=Varie%2FTennis&currentArticleId=83ac4a12-d2da-46db-ad60-342daf946xlk&type=article&path=\/fe-includes\/2019\/SSI\/components\/leggi-anche\/default.shtml]@ --><!--@ESI generic END--><\/p>\n<div class=\"container-last-content-desktop\">\n<div class=\"content not-selectable-js fxr-left-center\">\n<div class=\"bck-copyright\">\n<p class=\"is-copyright\">\u00a9 RIPRODUZIONE RISERVATA<\/p>\n<\/div><\/div>\n<p>                                        <!-- include virtual=\"$SERVICE_PATH\/taboola\/default.shtml\" --><br \/>\n                                    <!--@ESI generic START--><!--@ REQUEST URI :  \/fe-includes\/2019\/SSI\/external-template\/gazzetta\/generic.shtml?env=prd&device=desktop&cmsType=xalok&section_lev1=tennis&section_lev2=default&section_lev3=default&section_lev4=default&type=article&ext=tennis&path=\/service-includes\/2019\/SSI\/taboola\/default.shtml--><!--@GLOBAL CONFIG prd--><!--@ fe-include \/fe-includes\/2019\/SSI--><!--@ service-include \/service-includes\/2019\/SSI--><!--@Section_levl1: tennis--><!--@Section_levl2: default--><!--@Section_levl3: default--><!--@Section_levl4: default--><!--@ Type: article--><!--@ Device: desktop--><!--@ LANG: it-IT--><!--@ LANG_SHORT: it--><!--@ CRITICAL_CSS: (none)--><!--@ESI for EXT [tennis] --><!--@ESI for [\/service-includes\/2019\/SSI\/taboola\/default.shtml] --><!--@ESI @querystring=[env=prd&device=desktop&cmsType=xalok&section_lev1=tennis&section_lev2=default&section_lev3=default&section_lev4=default&type=article&ext=tennis&path=\/service-includes\/2019\/SSI\/taboola\/default.shtml]@ --><!--@ESI generic END--><\/p>\n<p>                                        <!-- include virtual=\"$SSI_PATH\/components\/comments\/list\/default.shtml\" --><br \/>\n                                    <!--@ESI generic START--><!--@ REQUEST URI :  \/fe-includes\/2019\/SSI\/external-template\/gazzetta\/generic.shtml?env=prd&device=desktop&cmsType=xalok&section_lev1=tennis&section_lev2=default&section_lev3=default&section_lev4=default&type=article&ext=tennis&EXT_COMMENTS=xalok&EXT_COMMENT_CLOSED=false&path=\/fe-includes\/2019\/SSI\/components\/comments\/list\/default.shtml--><!--@GLOBAL CONFIG prd--><!--@ fe-include \/fe-includes\/2019\/SSI--><!--@ service-include \/service-includes\/2019\/SSI--><!--@ OVERRIDDEN PATH: \/fe-includes\/2019\/SSI\/components\/comments\/list\/default.shtml--><!--@Section_levl1: tennis--><!--@Section_levl2: default--><!--@Section_levl3: default--><!--@Section_levl4: default--><!--@ Type: article--><!--@ Device: desktop--><!--@ LANG: it-IT--><!--@ LANG_SHORT: it--><!--@ CRITICAL_CSS: (none)--><!--@ESI for EXT [tennis] --><!--@ESI for [\/fe-includes\/2019\/SSI\/components\/comments\/list\/default.shtml] --><!--@ESI @querystring=[env=prd&device=desktop&cmsType=xalok&section_lev1=tennis&section_lev2=default&section_lev3=default&section_lev4=default&type=article&ext=tennis&EXT_COMMENTS=xalok&EXT_COMMENT_CLOSED=false&path=\/fe-includes\/2019\/SSI\/components\/comments\/list\/default.shtml]@ --><!--@ESI generic END--><\/p><\/div>\n<\/div>\n<p><a href=\"https:\/\/www.gazzetta.it\/Tennis\/06-05-2026\/djokovic-jodar-musetti-gli-ostacoli-di-sinner-agli-internazionali-di-tennis.shtml\">Fonte do Artigo <\/a><\/p>\n","protected":false},"excerpt":{"rendered":"<p>Con Alcaraz grande assente agli Internazionali restano pochi nomi in grado di impensierire la corsa del numero uno Giornalista 6 maggio &#8211; 12:56 &#8211; MILANO Non si tratta semplicemente dei favori del pronostico ascritti alla testa di serie numero 1. \u00c8 che, scorrendo il tabellone di Roma si fa fatica a ravvisare quale possa essere [&hellip;]<\/p>\n","protected":false},"author":1,"featured_media":123145,"comment_status":"closed","ping_status":"","sticky":false,"template":"","format":"standard","meta":{"googlesitekit_rrm_CAow2JLhCw:productID":"","_gspb_post_css":"","maa_idioma":"","maa_pais":"","footnotes":""},"categories":[4],"tags":[33596,14629,15842,33597,20254,3659,33595,2941,3363],"class_list":["post-123144","post","type-post","status-publish","format-standard","has-post-thumbnail","hentry","category-brasil","tag-agli","tag-djokovic","tag-gli","tag-internazionali","tag-jodar","tag-musetti","tag-ostacoli","tag-sinner","tag-tennis"],"blocksy_meta":[],"yoast_head":"<!-- This site is optimized with the Yoast SEO Premium plugin v27.6 (Yoast SEO v27.6) - https:\/\/yoast.com\/product\/yoast-seo-premium-wordpress\/ -->\n<title>Djokovic, Jodar, Musetti: gli ostacoli di Sinner agli Internazionali di tennis - Ubirat\u00e3 Online Not\u00edcias - A realidade ao seu alcance!<\/title>\n<meta name=\"description\" content=\"Con Alcaraz grande assente agli Internazionali restano pochi nomi in grado di impensierire la corsa del numero uno Giornalista 6 maggio - 12:56 - MILANO\" \/>\n<meta name=\"robots\" content=\"index, follow, max-snippet:-1, max-image-preview:large, max-video-preview:-1\" \/>\n<link rel=\"canonical\" href=\"https:\/\/ubirataonline.com.br\/en\/djokovic-jodar-musetti-gli-ostacoli-di-sinner-agli-internazionali-di-tennis\/\" \/>\n<meta property=\"og:locale\" content=\"en_US\" \/>\n<meta property=\"og:type\" content=\"article\" \/>\n<meta property=\"og:title\" content=\"Djokovic, Jodar, Musetti: gli ostacoli di Sinner agli Internazionali di tennis\" \/>\n<meta property=\"og:description\" content=\"Con Alcaraz grande assente agli Internazionali restano pochi nomi in grado di impensierire la corsa del numero uno Giornalista 6 maggio - 12:56 - MILANO\" \/>\n<meta property=\"og:url\" content=\"https:\/\/ubirataonline.com.br\/en\/djokovic-jodar-musetti-gli-ostacoli-di-sinner-agli-internazionali-di-tennis\/\" \/>\n<meta property=\"og:site_name\" content=\"Ubirat\u00e3 Online Not\u00edcias - A realidade ao seu alcance!\" \/>\n<meta property=\"article:publisher\" content=\"https:\/\/www.facebook.com\/portalubirataonline\" \/>\n<meta property=\"article:author\" content=\"https:\/\/www.facebook.com\/portalubirataonline\" \/>\n<meta property=\"article:published_time\" content=\"2026-05-07T09:41:11+00:00\" \/>\n<meta property=\"article:modified_time\" content=\"2026-05-07T09:41:15+00:00\" \/>\n<meta property=\"og:image\" content=\"https:\/\/ubirataonline.com.br\/wp-content\/uploads\/2026\/05\/Djokovic-Jodar-Musetti-gli-ostacoli-di-Sinner-agli-Internazionali-di.jpeg\" \/>\n\t<meta property=\"og:image:width\" content=\"1200\" \/>\n\t<meta property=\"og:image:height\" content=\"675\" \/>\n\t<meta property=\"og:image:type\" content=\"image\/jpeg\" \/>\n<meta name=\"author\" content=\"REDA\u00c7\u00c3O: UBIRAT\u00c3 ONLINE - F\u00c1BIO AUGUSTO CELESTINO\" \/>\n<meta name=\"twitter:card\" content=\"summary_large_image\" \/>\n<meta name=\"twitter:creator\" content=\"@x.com\/ubirataonline\" \/>\n<meta name=\"twitter:site\" content=\"@ubirataonline\" \/>\n<meta name=\"twitter:label1\" content=\"Written by\" \/>\n\t<meta name=\"twitter:data1\" content=\"REDA\u00c7\u00c3O: UBIRAT\u00c3 ONLINE - F\u00c1BIO AUGUSTO CELESTINO\" \/>\n\t<meta name=\"twitter:label2\" content=\"Est. reading time\" \/>\n\t<meta name=\"twitter:data2\" content=\"3 minutes\" \/>\n<script type=\"application\/ld+json\" class=\"yoast-schema-graph\">{\"@context\":\"https:\\\/\\\/schema.org\",\"@graph\":[{\"@type\":\"NewsArticle\",\"@id\":\"https:\\\/\\\/ubirataonline.com.br\\\/djokovic-jodar-musetti-gli-ostacoli-di-sinner-agli-internazionali-di-tennis\\\/#article\",\"isPartOf\":{\"@id\":\"https:\\\/\\\/ubirataonline.com.br\\\/djokovic-jodar-musetti-gli-ostacoli-di-sinner-agli-internazionali-di-tennis\\\/\"},\"author\":{\"name\":\"REDA\u00c7\u00c3O: UBIRAT\u00c3 ONLINE - F\u00c1BIO AUGUSTO CELESTINO\",\"@id\":\"https:\\\/\\\/ubirataonline.com.br\\\/#\\\/schema\\\/person\\\/372f87bbd3fdd79b8556b84c98d0bc1c\"},\"headline\":\"Djokovic, Jodar, Musetti: gli ostacoli di Sinner agli Internazionali di tennis\",\"datePublished\":\"2026-05-07T09:41:11+00:00\",\"dateModified\":\"2026-05-07T09:41:15+00:00\",\"mainEntityOfPage\":{\"@id\":\"https:\\\/\\\/ubirataonline.com.br\\\/djokovic-jodar-musetti-gli-ostacoli-di-sinner-agli-internazionali-di-tennis\\\/\"},\"wordCount\":602,\"publisher\":{\"@id\":\"https:\\\/\\\/ubirataonline.com.br\\\/#organization\"},\"image\":{\"@id\":\"https:\\\/\\\/ubirataonline.com.br\\\/djokovic-jodar-musetti-gli-ostacoli-di-sinner-agli-internazionali-di-tennis\\\/#primaryimage\"},\"thumbnailUrl\":\"https:\\\/\\\/ubirataonline.com.br\\\/wp-content\\\/uploads\\\/2026\\\/05\\\/Djokovic-Jodar-Musetti-gli-ostacoli-di-Sinner-agli-Internazionali-di.jpeg\",\"keywords\":[\"agli\",\"Djokovic\",\"Gli\",\"Internazionali\",\"J\u00f3dar\",\"Musetti\",\"ostacoli\",\"Sinner\",\"tennis\"],\"articleSection\":[\"Brasil\"],\"inLanguage\":\"en-US\",\"copyrightYear\":\"2026\",\"copyrightHolder\":{\"@id\":\"https:\\\/\\\/ubirataonline.com.br\\\/en\\\/#organization\"}},{\"@type\":\"WebPage\",\"@id\":\"https:\\\/\\\/ubirataonline.com.br\\\/djokovic-jodar-musetti-gli-ostacoli-di-sinner-agli-internazionali-di-tennis\\\/\",\"url\":\"https:\\\/\\\/ubirataonline.com.br\\\/djokovic-jodar-musetti-gli-ostacoli-di-sinner-agli-internazionali-di-tennis\\\/\",\"name\":\"Djokovic, Jodar, Musetti: gli ostacoli di Sinner agli Internazionali di tennis - Ubirat\u00e3 Online Not\u00edcias - A realidade ao seu alcance!\",\"isPartOf\":{\"@id\":\"https:\\\/\\\/ubirataonline.com.br\\\/#website\"},\"primaryImageOfPage\":{\"@id\":\"https:\\\/\\\/ubirataonline.com.br\\\/djokovic-jodar-musetti-gli-ostacoli-di-sinner-agli-internazionali-di-tennis\\\/#primaryimage\"},\"image\":{\"@id\":\"https:\\\/\\\/ubirataonline.com.br\\\/djokovic-jodar-musetti-gli-ostacoli-di-sinner-agli-internazionali-di-tennis\\\/#primaryimage\"},\"thumbnailUrl\":\"https:\\\/\\\/ubirataonline.com.br\\\/wp-content\\\/uploads\\\/2026\\\/05\\\/Djokovic-Jodar-Musetti-gli-ostacoli-di-Sinner-agli-Internazionali-di.jpeg\",\"datePublished\":\"2026-05-07T09:41:11+00:00\",\"dateModified\":\"2026-05-07T09:41:15+00:00\",\"description\":\"Con Alcaraz grande assente agli Internazionali restano pochi nomi in grado di impensierire la corsa del numero uno Giornalista 6 maggio - 12:56 - MILANO\",\"breadcrumb\":{\"@id\":\"https:\\\/\\\/ubirataonline.com.br\\\/djokovic-jodar-musetti-gli-ostacoli-di-sinner-agli-internazionali-di-tennis\\\/#breadcrumb\"},\"inLanguage\":\"en-US\",\"potentialAction\":[{\"@type\":\"ReadAction\",\"target\":[\"https:\\\/\\\/ubirataonline.com.br\\\/djokovic-jodar-musetti-gli-ostacoli-di-sinner-agli-internazionali-di-tennis\\\/\"]}]},{\"@type\":\"ImageObject\",\"inLanguage\":\"en-US\",\"@id\":\"https:\\\/\\\/ubirataonline.com.br\\\/djokovic-jodar-musetti-gli-ostacoli-di-sinner-agli-internazionali-di-tennis\\\/#primaryimage\",\"url\":\"https:\\\/\\\/ubirataonline.com.br\\\/wp-content\\\/uploads\\\/2026\\\/05\\\/Djokovic-Jodar-Musetti-gli-ostacoli-di-Sinner-agli-Internazionali-di.jpeg\",\"contentUrl\":\"https:\\\/\\\/ubirataonline.com.br\\\/wp-content\\\/uploads\\\/2026\\\/05\\\/Djokovic-Jodar-Musetti-gli-ostacoli-di-Sinner-agli-Internazionali-di.jpeg\",\"width\":1200,\"height\":675,\"caption\":\"Djokovic, Jodar, Musetti: gli ostacoli di Sinner agli Internazionali di tennis\"},{\"@type\":\"BreadcrumbList\",\"@id\":\"https:\\\/\\\/ubirataonline.com.br\\\/djokovic-jodar-musetti-gli-ostacoli-di-sinner-agli-internazionali-di-tennis\\\/#breadcrumb\",\"itemListElement\":[{\"@type\":\"ListItem\",\"position\":1,\"name\":\"In\u00edcio\",\"item\":\"https:\\\/\\\/ubirataonline.com.br\\\/\"},{\"@type\":\"ListItem\",\"position\":2,\"name\":\"Djokovic, Jodar, Musetti: gli ostacoli di Sinner agli Internazionali di tennis\"}]},{\"@type\":\"WebSite\",\"@id\":\"https:\\\/\\\/ubirataonline.com.br\\\/#website\",\"url\":\"https:\\\/\\\/ubirataonline.com.br\\\/\",\"name\":\"Ubirat\u00e3 Online Not\u00edcias\",\"description\":\"Not\u00edcias de Ubirat\u00e3, regi\u00e3o, Brasil e mundo, com informa\u00e7\u00e3o atualizada e compromisso com o leitor.\",\"publisher\":{\"@id\":\"https:\\\/\\\/ubirataonline.com.br\\\/#organization\"},\"alternateName\":\"Ubirat\u00e3 Online\",\"potentialAction\":[{\"@type\":\"SearchAction\",\"target\":{\"@type\":\"EntryPoint\",\"urlTemplate\":\"https:\\\/\\\/ubirataonline.com.br\\\/?s={search_term_string}\"},\"query-input\":{\"@type\":\"PropertyValueSpecification\",\"valueRequired\":true,\"valueName\":\"search_term_string\"}}],\"inLanguage\":\"en-US\"},{\"@type\":[\"Organization\",\"Place\"],\"@id\":\"https:\\\/\\\/ubirataonline.com.br\\\/#organization\",\"name\":\"Ubirat\u00e3 Online Not\u00edcias\",\"alternateName\":\"Ubirat\u00e3 Online\",\"url\":\"https:\\\/\\\/ubirataonline.com.br\\\/\",\"logo\":{\"@id\":\"https:\\\/\\\/ubirataonline.com.br\\\/djokovic-jodar-musetti-gli-ostacoli-di-sinner-agli-internazionali-di-tennis\\\/#local-main-organization-logo\"},\"image\":{\"@id\":\"https:\\\/\\\/ubirataonline.com.br\\\/djokovic-jodar-musetti-gli-ostacoli-di-sinner-agli-internazionali-di-tennis\\\/#local-main-organization-logo\"},\"sameAs\":[\"https:\\\/\\\/www.facebook.com\\\/portalubirataonline\",\"https:\\\/\\\/x.com\\\/ubirataonline\",\"https:\\\/\\\/mastodon.social\\\/@ubirataonline\",\"https:\\\/\\\/www.facebook.com\\\/groups\\\/311144672285604\",\"https:\\\/\\\/www.facebook.com\\\/UBTAOnline\",\"https:\\\/\\\/www.instagram.com\\\/portalubirataonline\\\/\",\"https:\\\/\\\/twitter.com\\\/ubirataonline\"],\"description\":\"Somos um portal de not\u00edcias independente, criado em 5 de janeiro de 2009, com o objetivo de informar, conectar e valorizar a nossa comunidade de Ubirat\u00e3 e toda aregi\u00e3o. Com conte\u00fado atualizado, confi\u00e1vel e relevante, o Ubirat\u00e3 Online \u00e9 o seu espa\u00e7o para ficar por dentro dos principais acontecimentos locais, regionais, Brasil, Mundo e de interesse geral. Nosso compromisso \u00e9 com a verdade, a transpar\u00eancia e o respeito ao leitor.\",\"legalName\":\"UBIRATA ONLINE NOT\u00cdCIAS\",\"foundingDate\":\"2009-01-05\",\"numberOfEmployees\":{\"@type\":\"QuantitativeValue\",\"minValue\":\"1\",\"maxValue\":\"10\"},\"publishingPrinciples\":\"https:\\\/\\\/ubirataonline.com.br\\\/faq\\\/\",\"address\":{\"@id\":\"https:\\\/\\\/ubirataonline.com.br\\\/djokovic-jodar-musetti-gli-ostacoli-di-sinner-agli-internazionali-di-tennis\\\/#local-main-place-address\"},\"geo\":{\"@type\":\"GeoCoordinates\",\"latitude\":\"-24.5361401\",\"longitude\":\"-52.9921776\"},\"telephone\":[\"+5544998308235\"],\"contactPoint\":{\"@type\":\"ContactPoint\",\"email\":\"contato@ubirataonline.com.br\"},\"openingHoursSpecification\":{\"@type\":\"OpeningHoursSpecification\",\"dayOfWeek\":[\"Monday\",\"Tuesday\",\"Wednesday\",\"Thursday\",\"Friday\",\"Saturday\",\"Sunday\"],\"opens\":\"00:00\",\"closes\":\"23:59\"},\"email\":\"contato@ubirataonline.com.br\",\"vatID\":\"47.621.418\\\/0001-80\"},{\"@type\":\"Person\",\"@id\":\"https:\\\/\\\/ubirataonline.com.br\\\/#\\\/schema\\\/person\\\/372f87bbd3fdd79b8556b84c98d0bc1c\",\"name\":\"REDA\u00c7\u00c3O: UBIRAT\u00c3 ONLINE - F\u00c1BIO AUGUSTO CELESTINO\",\"pronouns\":\"Ele\",\"description\":\"Desde 2003 trabalhando com not\u00edcias.\",\"sameAs\":[\"http:\\\/\\\/ubirataoline.com.br\",\"https:\\\/\\\/www.facebook.com\\\/portalubirataonline\",\"https:\\\/\\\/www.instagram.com\\\/ubirataonline_oficial\",\"https:\\\/\\\/x.com\\\/x.com\\\/ubirataonline\"],\"honorificPrefix\":\"Mr.\",\"honorificSuffix\":\"MD\",\"birthDate\":\"1980-06-16\",\"gender\":\"masculino\",\"award\":[\"V\u00e1rios pr\u00eamios de melhor portal da cidade\"],\"jobTitle\":\"Diretor\",\"url\":\"https:\\\/\\\/ubirataonline.com.br\\\/en\\\/author\\\/ubirataonline\\\/\"},{\"@type\":\"PostalAddress\",\"@id\":\"https:\\\/\\\/ubirataonline.com.br\\\/djokovic-jodar-musetti-gli-ostacoli-di-sinner-agli-internazionali-di-tennis\\\/#local-main-place-address\",\"streetAddress\":\"Rua dos Coqueiros, 104 - Bairro Boa Vista, Rua dos Coqueiros, 104 Bairro Boa Vista\",\"addressLocality\":\"UBIRATA\",\"postalCode\":\"85440-000\",\"addressRegion\":\"PR\",\"addressCountry\":\"BR\"},{\"@type\":\"ImageObject\",\"inLanguage\":\"en-US\",\"@id\":\"https:\\\/\\\/ubirataonline.com.br\\\/djokovic-jodar-musetti-gli-ostacoli-di-sinner-agli-internazionali-di-tennis\\\/#local-main-organization-logo\",\"url\":\"https:\\\/\\\/ubirataonline.com.br\\\/wp-content\\\/uploads\\\/2026\\\/06\\\/logoubirataonline-1.webp\",\"contentUrl\":\"https:\\\/\\\/ubirataonline.com.br\\\/wp-content\\\/uploads\\\/2026\\\/06\\\/logoubirataonline-1.webp\",\"width\":500,\"height\":500,\"caption\":\"Ubirat\u00e3 Online Not\u00edcias\"}]}<\/script>\n<meta name=\"geo.placename\" content=\"UBIRATA\" \/>\n<meta name=\"geo.position\" content=\"-24.5361401;-52.9921776\" \/>\n<meta name=\"geo.region\" content=\"Brazil\" \/>\n<!-- \/ Yoast SEO Premium plugin. -->","yoast_head_json":{"title":"Djokovic, Jodar, Musetti: gli ostacoli di Sinner agli Internazionali di tennis - Ubirat\u00e3 Online Not\u00edcias - A realidade ao seu alcance!","description":"Con Alcaraz grande assente agli Internazionali restano pochi nomi in grado di impensierire la corsa del numero uno Giornalista 6 maggio - 12:56 - MILANO","robots":{"index":"index","follow":"follow","max-snippet":"max-snippet:-1","max-image-preview":"max-image-preview:large","max-video-preview":"max-video-preview:-1"},"canonical":"https:\/\/ubirataonline.com.br\/en\/djokovic-jodar-musetti-gli-ostacoli-di-sinner-agli-internazionali-di-tennis\/","og_locale":"en_US","og_type":"article","og_title":"Djokovic, Jodar, Musetti: gli ostacoli di Sinner agli Internazionali di tennis","og_description":"Con Alcaraz grande assente agli Internazionali restano pochi nomi in grado di impensierire la corsa del numero uno Giornalista 6 maggio - 12:56 - MILANO","og_url":"https:\/\/ubirataonline.com.br\/en\/djokovic-jodar-musetti-gli-ostacoli-di-sinner-agli-internazionali-di-tennis\/","og_site_name":"Ubirat\u00e3 Online Not\u00edcias - A realidade ao seu alcance!","article_publisher":"https:\/\/www.facebook.com\/portalubirataonline","article_author":"https:\/\/www.facebook.com\/portalubirataonline","article_published_time":"2026-05-07T09:41:11+00:00","article_modified_time":"2026-05-07T09:41:15+00:00","og_image":[{"width":1200,"height":675,"url":"https:\/\/ubirataonline.com.br\/wp-content\/uploads\/2026\/05\/Djokovic-Jodar-Musetti-gli-ostacoli-di-Sinner-agli-Internazionali-di.jpeg","type":"image\/jpeg"}],"author":"REDA\u00c7\u00c3O: UBIRAT\u00c3 ONLINE - F\u00c1BIO AUGUSTO CELESTINO","twitter_card":"summary_large_image","twitter_creator":"@x.com\/ubirataonline","twitter_site":"@ubirataonline","twitter_misc":{"Written by":"REDA\u00c7\u00c3O: UBIRAT\u00c3 ONLINE - F\u00c1BIO AUGUSTO CELESTINO","Est. reading time":"3 minutes"},"schema":{"@context":"https:\/\/schema.org","@graph":[{"@type":"NewsArticle","@id":"https:\/\/ubirataonline.com.br\/djokovic-jodar-musetti-gli-ostacoli-di-sinner-agli-internazionali-di-tennis\/#article","isPartOf":{"@id":"https:\/\/ubirataonline.com.br\/djokovic-jodar-musetti-gli-ostacoli-di-sinner-agli-internazionali-di-tennis\/"},"author":{"name":"REDA\u00c7\u00c3O: UBIRAT\u00c3 ONLINE - F\u00c1BIO AUGUSTO CELESTINO","@id":"https:\/\/ubirataonline.com.br\/#\/schema\/person\/372f87bbd3fdd79b8556b84c98d0bc1c"},"headline":"Djokovic, Jodar, Musetti: gli ostacoli di Sinner agli Internazionali di tennis","datePublished":"2026-05-07T09:41:11+00:00","dateModified":"2026-05-07T09:41:15+00:00","mainEntityOfPage":{"@id":"https:\/\/ubirataonline.com.br\/djokovic-jodar-musetti-gli-ostacoli-di-sinner-agli-internazionali-di-tennis\/"},"wordCount":602,"publisher":{"@id":"https:\/\/ubirataonline.com.br\/#organization"},"image":{"@id":"https:\/\/ubirataonline.com.br\/djokovic-jodar-musetti-gli-ostacoli-di-sinner-agli-internazionali-di-tennis\/#primaryimage"},"thumbnailUrl":"https:\/\/ubirataonline.com.br\/wp-content\/uploads\/2026\/05\/Djokovic-Jodar-Musetti-gli-ostacoli-di-Sinner-agli-Internazionali-di.jpeg","keywords":["agli","Djokovic","Gli","Internazionali","J\u00f3dar","Musetti","ostacoli","Sinner","tennis"],"articleSection":["Brasil"],"inLanguage":"en-US","copyrightYear":"2026","copyrightHolder":{"@id":"https:\/\/ubirataonline.com.br\/en\/#organization"}},{"@type":"WebPage","@id":"https:\/\/ubirataonline.com.br\/djokovic-jodar-musetti-gli-ostacoli-di-sinner-agli-internazionali-di-tennis\/","url":"https:\/\/ubirataonline.com.br\/djokovic-jodar-musetti-gli-ostacoli-di-sinner-agli-internazionali-di-tennis\/","name":"Djokovic, Jodar, Musetti: gli ostacoli di Sinner agli Internazionali di tennis - Ubirat\u00e3 Online Not\u00edcias - A realidade ao seu alcance!","isPartOf":{"@id":"https:\/\/ubirataonline.com.br\/#website"},"primaryImageOfPage":{"@id":"https:\/\/ubirataonline.com.br\/djokovic-jodar-musetti-gli-ostacoli-di-sinner-agli-internazionali-di-tennis\/#primaryimage"},"image":{"@id":"https:\/\/ubirataonline.com.br\/djokovic-jodar-musetti-gli-ostacoli-di-sinner-agli-internazionali-di-tennis\/#primaryimage"},"thumbnailUrl":"https:\/\/ubirataonline.com.br\/wp-content\/uploads\/2026\/05\/Djokovic-Jodar-Musetti-gli-ostacoli-di-Sinner-agli-Internazionali-di.jpeg","datePublished":"2026-05-07T09:41:11+00:00","dateModified":"2026-05-07T09:41:15+00:00","description":"Con Alcaraz grande assente agli Internazionali restano pochi nomi in grado di impensierire la corsa del numero uno Giornalista 6 maggio - 12:56 - MILANO","breadcrumb":{"@id":"https:\/\/ubirataonline.com.br\/djokovic-jodar-musetti-gli-ostacoli-di-sinner-agli-internazionali-di-tennis\/#breadcrumb"},"inLanguage":"en-US","potentialAction":[{"@type":"ReadAction","target":["https:\/\/ubirataonline.com.br\/djokovic-jodar-musetti-gli-ostacoli-di-sinner-agli-internazionali-di-tennis\/"]}]},{"@type":"ImageObject","inLanguage":"en-US","@id":"https:\/\/ubirataonline.com.br\/djokovic-jodar-musetti-gli-ostacoli-di-sinner-agli-internazionali-di-tennis\/#primaryimage","url":"https:\/\/ubirataonline.com.br\/wp-content\/uploads\/2026\/05\/Djokovic-Jodar-Musetti-gli-ostacoli-di-Sinner-agli-Internazionali-di.jpeg","contentUrl":"https:\/\/ubirataonline.com.br\/wp-content\/uploads\/2026\/05\/Djokovic-Jodar-Musetti-gli-ostacoli-di-Sinner-agli-Internazionali-di.jpeg","width":1200,"height":675,"caption":"Djokovic, Jodar, Musetti: gli ostacoli di Sinner agli Internazionali di tennis"},{"@type":"BreadcrumbList","@id":"https:\/\/ubirataonline.com.br\/djokovic-jodar-musetti-gli-ostacoli-di-sinner-agli-internazionali-di-tennis\/#breadcrumb","itemListElement":[{"@type":"ListItem","position":1,"name":"In\u00edcio","item":"https:\/\/ubirataonline.com.br\/"},{"@type":"ListItem","position":2,"name":"Djokovic, Jodar, Musetti: gli ostacoli di Sinner agli Internazionali di tennis"}]},{"@type":"WebSite","@id":"https:\/\/ubirataonline.com.br\/#website","url":"https:\/\/ubirataonline.com.br\/","name":"Ubirat\u00e3 Online Not\u00edcias","description":"Not\u00edcias de Ubirat\u00e3, regi\u00e3o, Brasil e mundo, com informa\u00e7\u00e3o atualizada e compromisso com o leitor.","publisher":{"@id":"https:\/\/ubirataonline.com.br\/#organization"},"alternateName":"Ubirat\u00e3 Online","potentialAction":[{"@type":"SearchAction","target":{"@type":"EntryPoint","urlTemplate":"https:\/\/ubirataonline.com.br\/?s={search_term_string}"},"query-input":{"@type":"PropertyValueSpecification","valueRequired":true,"valueName":"search_term_string"}}],"inLanguage":"en-US"},{"@type":["Organization","Place"],"@id":"https:\/\/ubirataonline.com.br\/#organization","name":"Ubirat\u00e3 Online Not\u00edcias","alternateName":"Ubirat\u00e3 Online","url":"https:\/\/ubirataonline.com.br\/","logo":{"@id":"https:\/\/ubirataonline.com.br\/djokovic-jodar-musetti-gli-ostacoli-di-sinner-agli-internazionali-di-tennis\/#local-main-organization-logo"},"image":{"@id":"https:\/\/ubirataonline.com.br\/djokovic-jodar-musetti-gli-ostacoli-di-sinner-agli-internazionali-di-tennis\/#local-main-organization-logo"},"sameAs":["https:\/\/www.facebook.com\/portalubirataonline","https:\/\/x.com\/ubirataonline","https:\/\/mastodon.social\/@ubirataonline","https:\/\/www.facebook.com\/groups\/311144672285604","https:\/\/www.facebook.com\/UBTAOnline","https:\/\/www.instagram.com\/portalubirataonline\/","https:\/\/twitter.com\/ubirataonline"],"description":"Somos um portal de not\u00edcias independente, criado em 5 de janeiro de 2009, com o objetivo de informar, conectar e valorizar a nossa comunidade de Ubirat\u00e3 e toda aregi\u00e3o. Com conte\u00fado atualizado, confi\u00e1vel e relevante, o Ubirat\u00e3 Online \u00e9 o seu espa\u00e7o para ficar por dentro dos principais acontecimentos locais, regionais, Brasil, Mundo e de interesse geral. Nosso compromisso \u00e9 com a verdade, a transpar\u00eancia e o respeito ao leitor.","legalName":"UBIRATA ONLINE NOT\u00cdCIAS","foundingDate":"2009-01-05","numberOfEmployees":{"@type":"QuantitativeValue","minValue":"1","maxValue":"10"},"publishingPrinciples":"https:\/\/ubirataonline.com.br\/faq\/","address":{"@id":"https:\/\/ubirataonline.com.br\/djokovic-jodar-musetti-gli-ostacoli-di-sinner-agli-internazionali-di-tennis\/#local-main-place-address"},"geo":{"@type":"GeoCoordinates","latitude":"-24.5361401","longitude":"-52.9921776"},"telephone":["+5544998308235"],"contactPoint":{"@type":"ContactPoint","email":"contato@ubirataonline.com.br"},"openingHoursSpecification":{"@type":"OpeningHoursSpecification","dayOfWeek":["Monday","Tuesday","Wednesday","Thursday","Friday","Saturday","Sunday"],"opens":"00:00","closes":"23:59"},"email":"contato@ubirataonline.com.br","vatID":"47.621.418\/0001-80"},{"@type":"Person","@id":"https:\/\/ubirataonline.com.br\/#\/schema\/person\/372f87bbd3fdd79b8556b84c98d0bc1c","name":"REDA\u00c7\u00c3O: UBIRAT\u00c3 ONLINE - F\u00c1BIO AUGUSTO CELESTINO","pronouns":"Ele","description":"Desde 2003 trabalhando com not\u00edcias.","sameAs":["http:\/\/ubirataoline.com.br","https:\/\/www.facebook.com\/portalubirataonline","https:\/\/www.instagram.com\/ubirataonline_oficial","https:\/\/x.com\/x.com\/ubirataonline"],"honorificPrefix":"Mr.","honorificSuffix":"MD","birthDate":"1980-06-16","gender":"masculino","award":["V\u00e1rios pr\u00eamios de melhor portal da cidade"],"jobTitle":"Diretor","url":"https:\/\/ubirataonline.com.br\/en\/author\/ubirataonline\/"},{"@type":"PostalAddress","@id":"https:\/\/ubirataonline.com.br\/djokovic-jodar-musetti-gli-ostacoli-di-sinner-agli-internazionali-di-tennis\/#local-main-place-address","streetAddress":"Rua dos Coqueiros, 104 - Bairro Boa Vista, Rua dos Coqueiros, 104 Bairro Boa Vista","addressLocality":"UBIRATA","postalCode":"85440-000","addressRegion":"PR","addressCountry":"BR"},{"@type":"ImageObject","inLanguage":"en-US","@id":"https:\/\/ubirataonline.com.br\/djokovic-jodar-musetti-gli-ostacoli-di-sinner-agli-internazionali-di-tennis\/#local-main-organization-logo","url":"https:\/\/ubirataonline.com.br\/wp-content\/uploads\/2026\/06\/logoubirataonline-1.webp","contentUrl":"https:\/\/ubirataonline.com.br\/wp-content\/uploads\/2026\/06\/logoubirataonline-1.webp","width":500,"height":500,"caption":"Ubirat\u00e3 Online Not\u00edcias"}]},"geo.placename":"UBIRATA","geo.position":{"lat":"-24.5361401","long":"-52.9921776"},"geo.region":"Brazil"},"_links":{"self":[{"href":"https:\/\/ubirataonline.com.br\/en\/wp-json\/wp\/v2\/posts\/123144","targetHints":{"allow":["GET"]}}],"collection":[{"href":"https:\/\/ubirataonline.com.br\/en\/wp-json\/wp\/v2\/posts"}],"about":[{"href":"https:\/\/ubirataonline.com.br\/en\/wp-json\/wp\/v2\/types\/post"}],"author":[{"embeddable":true,"href":"https:\/\/ubirataonline.com.br\/en\/wp-json\/wp\/v2\/users\/1"}],"replies":[{"embeddable":true,"href":"https:\/\/ubirataonline.com.br\/en\/wp-json\/wp\/v2\/comments?post=123144"}],"version-history":[{"count":0,"href":"https:\/\/ubirataonline.com.br\/en\/wp-json\/wp\/v2\/posts\/123144\/revisions"}],"wp:featuredmedia":[{"embeddable":true,"href":"https:\/\/ubirataonline.com.br\/en\/wp-json\/wp\/v2\/media\/123145"}],"wp:attachment":[{"href":"https:\/\/ubirataonline.com.br\/en\/wp-json\/wp\/v2\/media?parent=123144"}],"wp:term":[{"taxonomy":"category","embeddable":true,"href":"https:\/\/ubirataonline.com.br\/en\/wp-json\/wp\/v2\/categories?post=123144"},{"taxonomy":"post_tag","embeddable":true,"href":"https:\/\/ubirataonline.com.br\/en\/wp-json\/wp\/v2\/tags?post=123144"}],"curies":[{"name":"wp","href":"https:\/\/api.w.org\/{rel}","templated":true}]}}