{"id":123187,"date":"2026-05-07T07:42:10","date_gmt":"2026-05-07T10:42:10","guid":{"rendered":"https:\/\/ubirataonline.com.br\/nasa-pede-que-o-mundo-se-prepare-para-o-que-vai-acontecer-no-ceu-em-31-05\/"},"modified":"2026-05-07T07:42:14","modified_gmt":"2026-05-07T10:42:14","slug":"nasa-pede-que-o-mundo-se-prepare-para-o-que-vai-acontecer-no-ceu-em-31-05","status":"publish","type":"post","link":"https:\/\/ubirataonline.com.br\/en\/nasa-pede-que-o-mundo-se-prepare-para-o-que-vai-acontecer-no-ceu-em-31-05\/","title":{"rendered":"NASA pede que o mundo se prepare para o que vai acontecer no c\u00e9u em 31\/05"},"content":{"rendered":"<p><\/p>\n<p>O fim de maio reserva um fen\u00f4meno astron\u00f4mico que costuma gerar curiosidade \u2014 e at\u00e9 confus\u00e3o. De acordo com a NASA, o dia 31 ser\u00e1 marcado pela chamada \u201cLua Azul\u201d, um evento raro no calend\u00e1rio lunar, mas que pode ser observado sem equipamentos especiais.<\/p>\n<div id=\"al-locked-wrapper\" style=\"position: relative;\">\n<p>Apesar do nome chamativo, o fen\u00f4meno n\u00e3o tem rela\u00e7\u00e3o com mudan\u00e7a de cor. A Lua n\u00e3o ficar\u00e1 azul. O termo \u00e9 usado para descrever a segunda lua cheia dentro de um mesmo m\u00eas, algo que ocorre porque o ciclo lunar dura cerca de 29,5 dias \u2014 um pouco menos que a maioria dos meses do calend\u00e1rio.<\/p>\n<h2 class=\"wp-block-heading\">O que \u00e9 a Lua Azul e por que ela chama aten\u00e7\u00e3o<\/h2>\n<p>Na pr\u00e1tica, quando uma lua cheia acontece logo nos primeiros dias do m\u00eas, h\u00e1 tempo suficiente para que outra se forme antes do m\u00eas terminar. \u00c9 exatamente isso que acontece em maio, criando a chamada Lua Azul no dia 31.<\/p>\n<p>Segundo a NASA, o evento \u00e9 considerado incomum, mas n\u00e3o excepcional. Ele ocorre, em m\u00e9dia, a cada dois ou tr\u00eas anos. Ainda assim, costuma despertar interesse por ser um fen\u00f4meno f\u00e1cil de observar e associado a express\u00f5es populares, como \u201cuma vez a cada Lua Azul\u201d, usada para indicar algo raro.<\/p>\n<p>A observa\u00e7\u00e3o pode ser feita a olho nu, desde que as condi\u00e7\u00f5es do tempo colaborem. C\u00e9u limpo, pouca nebulosidade e baixa polui\u00e7\u00e3o luminosa aumentam as chances de visualiza\u00e7\u00e3o, principalmente em \u00e1reas afastadas de grandes cidades.<\/p>\n<p>O evento encerra um m\u00eas j\u00e1 movimentado para os observadores do c\u00e9u, que tamb\u00e9m acompanharam a chuva de meteoros Eta Aquar\u00eddeos no in\u00edcio de maio. Agora, a expectativa se volta para a \u00faltima noite do m\u00eas, quando a Lua cheia volta a dominar o c\u00e9u \u2014 mesmo sem mudar de cor, mas com significado especial para a astronomia.<\/p>\n<div id=\"al-adwall-ui\" class=\"adwall\" style=\"display: none; top: 0; bottom: 0; left: 0; width: 100%; height: 100%;\">\n<div class=\"adwall-content\"><span>Caro leitor,<\/span><\/p>\n<p class=\"adwall-content-text\">O acesso ao conte\u00fado ser\u00e1 liberado imediatamente ap\u00f3s o an\u00fancio.<\/p>\n<p><button id=\"adwall-btn\" type=\"button\" disabled=\"disabled\" style=\"cursor:not-allowed; opacity:0.7;\"><span class=\"spinner\"\/> Por favor, aguarde<\/button><\/div>\n<\/div>\n<\/div>\n<p><a href=\"https:\/\/www.tnh1.com.br\/variedades\/nasa-pede-que-o-mundo-se-prepare-para-o-que-vai-acontecer-no-ceu-em-31-05\/\">Fonte do Artigo <\/a><\/p>","protected":false},"excerpt":{"rendered":"<p>O fim de maio reserva um fen\u00f4meno astron\u00f4mico que costuma gerar curiosidade \u2014 e at\u00e9 confus\u00e3o. De acordo com a NASA, o dia 31 ser\u00e1 marcado pela chamada \u201cLua Azul\u201d, um evento raro no calend\u00e1rio lunar, mas que pode ser observado sem equipamentos especiais. Apesar do nome chamativo, o fen\u00f4meno n\u00e3o tem rela\u00e7\u00e3o com mudan\u00e7a [&hellip;]<\/p>\n","protected":false},"author":1,"featured_media":123188,"comment_status":"closed","ping_status":"","sticky":false,"template":"","format":"standard","meta":{"googlesitekit_rrm_CAow2JLhCw:productID":"","_gspb_post_css":"","maa_idioma":"","maa_pais":"","footnotes":""},"categories":[4],"tags":[33614,5157,67,83,2904,3237,10929,3346],"class_list":["post-123187","post","type-post","status-publish","format-standard","has-post-thumbnail","hentry","category-brasil","tag-acontecer","tag-ceu","tag-mundo","tag-nasa","tag-para","tag-pede","tag-prepare","tag-vai"],"blocksy_meta":[],"yoast_head":"<!-- This site is optimized with the Yoast SEO Premium plugin v27.6 (Yoast SEO v27.6) - https:\/\/yoast.com\/product\/yoast-seo-premium-wordpress\/ -->\n<title>NASA pede que o mundo se prepare para o que vai acontecer no c\u00e9u em 31\/05 - Ubirat\u00e3 Online Not\u00edcias - A realidade ao seu alcance!<\/title>\n<meta name=\"description\" content=\"O fim de maio reserva um fen\u00f4meno astron\u00f4mico que costuma gerar curiosidade \u2014 e at\u00e9 confus\u00e3o. De acordo com a NASA, o dia 31 ser\u00e1 marcado pela chamada\" \/>\n<meta name=\"robots\" content=\"index, follow, max-snippet:-1, max-image-preview:large, max-video-preview:-1\" \/>\n<link rel=\"canonical\" href=\"https:\/\/ubirataonline.com.br\/en\/nasa-pede-que-o-mundo-se-prepare-para-o-que-vai-acontecer-no-ceu-em-31-05\/\" \/>\n<meta property=\"og:locale\" content=\"en_US\" \/>\n<meta property=\"og:type\" content=\"article\" \/>\n<meta property=\"og:title\" content=\"NASA pede que o mundo se prepare para o que vai acontecer no c\u00e9u em 31\/05\" \/>\n<meta property=\"og:description\" content=\"O fim de maio reserva um fen\u00f4meno astron\u00f4mico que costuma gerar curiosidade \u2014 e at\u00e9 confus\u00e3o. De acordo com a NASA, o dia 31 ser\u00e1 marcado pela chamada\" \/>\n<meta property=\"og:url\" content=\"https:\/\/ubirataonline.com.br\/en\/nasa-pede-que-o-mundo-se-prepare-para-o-que-vai-acontecer-no-ceu-em-31-05\/\" \/>\n<meta property=\"og:site_name\" content=\"Ubirat\u00e3 Online Not\u00edcias - A realidade ao seu alcance!\" \/>\n<meta property=\"article:publisher\" content=\"https:\/\/www.facebook.com\/portalubirataonline\" \/>\n<meta property=\"article:author\" content=\"https:\/\/www.facebook.com\/portalubirataonline\" \/>\n<meta property=\"article:published_time\" content=\"2026-05-07T10:42:10+00:00\" \/>\n<meta property=\"article:modified_time\" content=\"2026-05-07T10:42:14+00:00\" \/>\n<meta property=\"og:image\" content=\"https:\/\/ubirataonline.com.br\/wp-content\/uploads\/2026\/05\/NASA-pede-que-o-mundo-se-prepare-para-o-que.png\" \/>\n\t<meta property=\"og:image:width\" content=\"1200\" \/>\n\t<meta property=\"og:image:height\" content=\"800\" \/>\n\t<meta property=\"og:image:type\" content=\"image\/png\" \/>\n<meta name=\"author\" content=\"REDA\u00c7\u00c3O: UBIRAT\u00c3 ONLINE - F\u00c1BIO AUGUSTO CELESTINO\" \/>\n<meta name=\"twitter:card\" content=\"summary_large_image\" \/>\n<meta name=\"twitter:creator\" content=\"@x.com\/ubirataonline\" \/>\n<meta name=\"twitter:site\" content=\"@ubirataonline\" \/>\n<meta name=\"twitter:label1\" content=\"Written by\" \/>\n\t<meta name=\"twitter:data1\" content=\"REDA\u00c7\u00c3O: UBIRAT\u00c3 ONLINE - F\u00c1BIO AUGUSTO CELESTINO\" \/>\n\t<meta name=\"twitter:label2\" content=\"Est. reading time\" \/>\n\t<meta name=\"twitter:data2\" content=\"2 minutes\" \/>\n<script type=\"application\/ld+json\" class=\"yoast-schema-graph\">{\"@context\":\"https:\\\/\\\/schema.org\",\"@graph\":[{\"@type\":\"NewsArticle\",\"@id\":\"https:\\\/\\\/ubirataonline.com.br\\\/nasa-pede-que-o-mundo-se-prepare-para-o-que-vai-acontecer-no-ceu-em-31-05\\\/#article\",\"isPartOf\":{\"@id\":\"https:\\\/\\\/ubirataonline.com.br\\\/nasa-pede-que-o-mundo-se-prepare-para-o-que-vai-acontecer-no-ceu-em-31-05\\\/\"},\"author\":{\"name\":\"REDA\u00c7\u00c3O: UBIRAT\u00c3 ONLINE - F\u00c1BIO AUGUSTO CELESTINO\",\"@id\":\"https:\\\/\\\/ubirataonline.com.br\\\/#\\\/schema\\\/person\\\/372f87bbd3fdd79b8556b84c98d0bc1c\"},\"headline\":\"NASA pede que o mundo se prepare para o que vai acontecer no c\u00e9u em 31\\\/05\",\"datePublished\":\"2026-05-07T10:42:10+00:00\",\"dateModified\":\"2026-05-07T10:42:14+00:00\",\"mainEntityOfPage\":{\"@id\":\"https:\\\/\\\/ubirataonline.com.br\\\/nasa-pede-que-o-mundo-se-prepare-para-o-que-vai-acontecer-no-ceu-em-31-05\\\/\"},\"wordCount\":355,\"publisher\":{\"@id\":\"https:\\\/\\\/ubirataonline.com.br\\\/#organization\"},\"image\":{\"@id\":\"https:\\\/\\\/ubirataonline.com.br\\\/nasa-pede-que-o-mundo-se-prepare-para-o-que-vai-acontecer-no-ceu-em-31-05\\\/#primaryimage\"},\"thumbnailUrl\":\"https:\\\/\\\/ubirataonline.com.br\\\/wp-content\\\/uploads\\\/2026\\\/05\\\/NASA-pede-que-o-mundo-se-prepare-para-o-que.png\",\"keywords\":[\"acontecer\",\"c\u00e9u\",\"Mundo\",\"Nasa\",\"para\",\"pede\",\"prepare\",\"vai\"],\"articleSection\":[\"Brasil\"],\"inLanguage\":\"en-US\",\"copyrightYear\":\"2026\",\"copyrightHolder\":{\"@id\":\"https:\\\/\\\/ubirataonline.com.br\\\/en\\\/#organization\"}},{\"@type\":\"WebPage\",\"@id\":\"https:\\\/\\\/ubirataonline.com.br\\\/nasa-pede-que-o-mundo-se-prepare-para-o-que-vai-acontecer-no-ceu-em-31-05\\\/\",\"url\":\"https:\\\/\\\/ubirataonline.com.br\\\/nasa-pede-que-o-mundo-se-prepare-para-o-que-vai-acontecer-no-ceu-em-31-05\\\/\",\"name\":\"NASA pede que o mundo se prepare para o que vai acontecer no c\u00e9u em 31\\\/05 - Ubirat\u00e3 Online Not\u00edcias - A realidade ao seu alcance!\",\"isPartOf\":{\"@id\":\"https:\\\/\\\/ubirataonline.com.br\\\/#website\"},\"primaryImageOfPage\":{\"@id\":\"https:\\\/\\\/ubirataonline.com.br\\\/nasa-pede-que-o-mundo-se-prepare-para-o-que-vai-acontecer-no-ceu-em-31-05\\\/#primaryimage\"},\"image\":{\"@id\":\"https:\\\/\\\/ubirataonline.com.br\\\/nasa-pede-que-o-mundo-se-prepare-para-o-que-vai-acontecer-no-ceu-em-31-05\\\/#primaryimage\"},\"thumbnailUrl\":\"https:\\\/\\\/ubirataonline.com.br\\\/wp-content\\\/uploads\\\/2026\\\/05\\\/NASA-pede-que-o-mundo-se-prepare-para-o-que.png\",\"datePublished\":\"2026-05-07T10:42:10+00:00\",\"dateModified\":\"2026-05-07T10:42:14+00:00\",\"description\":\"O fim de maio reserva um fen\u00f4meno astron\u00f4mico que costuma gerar curiosidade \u2014 e at\u00e9 confus\u00e3o. De acordo com a NASA, o dia 31 ser\u00e1 marcado pela chamada\",\"breadcrumb\":{\"@id\":\"https:\\\/\\\/ubirataonline.com.br\\\/nasa-pede-que-o-mundo-se-prepare-para-o-que-vai-acontecer-no-ceu-em-31-05\\\/#breadcrumb\"},\"inLanguage\":\"en-US\",\"potentialAction\":[{\"@type\":\"ReadAction\",\"target\":[\"https:\\\/\\\/ubirataonline.com.br\\\/nasa-pede-que-o-mundo-se-prepare-para-o-que-vai-acontecer-no-ceu-em-31-05\\\/\"]}]},{\"@type\":\"ImageObject\",\"inLanguage\":\"en-US\",\"@id\":\"https:\\\/\\\/ubirataonline.com.br\\\/nasa-pede-que-o-mundo-se-prepare-para-o-que-vai-acontecer-no-ceu-em-31-05\\\/#primaryimage\",\"url\":\"https:\\\/\\\/ubirataonline.com.br\\\/wp-content\\\/uploads\\\/2026\\\/05\\\/NASA-pede-que-o-mundo-se-prepare-para-o-que.png\",\"contentUrl\":\"https:\\\/\\\/ubirataonline.com.br\\\/wp-content\\\/uploads\\\/2026\\\/05\\\/NASA-pede-que-o-mundo-se-prepare-para-o-que.png\",\"width\":1200,\"height\":800,\"caption\":\"NASA pede que o mundo se prepare para o que vai acontecer no c\u00e9u em 31\\\/05\"},{\"@type\":\"BreadcrumbList\",\"@id\":\"https:\\\/\\\/ubirataonline.com.br\\\/nasa-pede-que-o-mundo-se-prepare-para-o-que-vai-acontecer-no-ceu-em-31-05\\\/#breadcrumb\",\"itemListElement\":[{\"@type\":\"ListItem\",\"position\":1,\"name\":\"In\u00edcio\",\"item\":\"https:\\\/\\\/ubirataonline.com.br\\\/\"},{\"@type\":\"ListItem\",\"position\":2,\"name\":\"NASA pede que o mundo se prepare para o que vai acontecer no c\u00e9u em 31\\\/05\"}]},{\"@type\":\"WebSite\",\"@id\":\"https:\\\/\\\/ubirataonline.com.br\\\/#website\",\"url\":\"https:\\\/\\\/ubirataonline.com.br\\\/\",\"name\":\"Ubirat\u00e3 Online Not\u00edcias\",\"description\":\"Not\u00edcias de Ubirat\u00e3, regi\u00e3o, Brasil e mundo, com informa\u00e7\u00e3o atualizada e compromisso com o leitor.\",\"publisher\":{\"@id\":\"https:\\\/\\\/ubirataonline.com.br\\\/#organization\"},\"alternateName\":\"Ubirat\u00e3 Online\",\"potentialAction\":[{\"@type\":\"SearchAction\",\"target\":{\"@type\":\"EntryPoint\",\"urlTemplate\":\"https:\\\/\\\/ubirataonline.com.br\\\/?s={search_term_string}\"},\"query-input\":{\"@type\":\"PropertyValueSpecification\",\"valueRequired\":true,\"valueName\":\"search_term_string\"}}],\"inLanguage\":\"en-US\"},{\"@type\":[\"Organization\",\"Place\"],\"@id\":\"https:\\\/\\\/ubirataonline.com.br\\\/#organization\",\"name\":\"Ubirat\u00e3 Online Not\u00edcias\",\"alternateName\":\"Ubirat\u00e3 Online\",\"url\":\"https:\\\/\\\/ubirataonline.com.br\\\/\",\"logo\":{\"@id\":\"https:\\\/\\\/ubirataonline.com.br\\\/nasa-pede-que-o-mundo-se-prepare-para-o-que-vai-acontecer-no-ceu-em-31-05\\\/#local-main-organization-logo\"},\"image\":{\"@id\":\"https:\\\/\\\/ubirataonline.com.br\\\/nasa-pede-que-o-mundo-se-prepare-para-o-que-vai-acontecer-no-ceu-em-31-05\\\/#local-main-organization-logo\"},\"sameAs\":[\"https:\\\/\\\/www.facebook.com\\\/portalubirataonline\",\"https:\\\/\\\/x.com\\\/ubirataonline\",\"https:\\\/\\\/mastodon.social\\\/@ubirataonline\",\"https:\\\/\\\/www.facebook.com\\\/groups\\\/311144672285604\",\"https:\\\/\\\/www.facebook.com\\\/UBTAOnline\",\"https:\\\/\\\/www.instagram.com\\\/portalubirataonline\\\/\",\"https:\\\/\\\/twitter.com\\\/ubirataonline\"],\"description\":\"Somos um portal de not\u00edcias independente, criado em 5 de janeiro de 2009, com o objetivo de informar, conectar e valorizar a nossa comunidade de Ubirat\u00e3 e toda aregi\u00e3o. Com conte\u00fado atualizado, confi\u00e1vel e relevante, o Ubirat\u00e3 Online \u00e9 o seu espa\u00e7o para ficar por dentro dos principais acontecimentos locais, regionais, Brasil, Mundo e de interesse geral. Nosso compromisso \u00e9 com a verdade, a transpar\u00eancia e o respeito ao leitor.\",\"legalName\":\"UBIRATA ONLINE NOT\u00cdCIAS\",\"foundingDate\":\"2009-01-05\",\"numberOfEmployees\":{\"@type\":\"QuantitativeValue\",\"minValue\":\"1\",\"maxValue\":\"10\"},\"publishingPrinciples\":\"https:\\\/\\\/ubirataonline.com.br\\\/faq\\\/\",\"address\":{\"@id\":\"https:\\\/\\\/ubirataonline.com.br\\\/nasa-pede-que-o-mundo-se-prepare-para-o-que-vai-acontecer-no-ceu-em-31-05\\\/#local-main-place-address\"},\"geo\":{\"@type\":\"GeoCoordinates\",\"latitude\":\"-24.5361401\",\"longitude\":\"-52.9921776\"},\"telephone\":[\"+5544998308235\"],\"contactPoint\":{\"@type\":\"ContactPoint\",\"email\":\"contato@ubirataonline.com.br\"},\"openingHoursSpecification\":{\"@type\":\"OpeningHoursSpecification\",\"dayOfWeek\":[\"Monday\",\"Tuesday\",\"Wednesday\",\"Thursday\",\"Friday\",\"Saturday\",\"Sunday\"],\"opens\":\"00:00\",\"closes\":\"23:59\"},\"email\":\"contato@ubirataonline.com.br\",\"vatID\":\"47.621.418\\\/0001-80\"},{\"@type\":\"Person\",\"@id\":\"https:\\\/\\\/ubirataonline.com.br\\\/#\\\/schema\\\/person\\\/372f87bbd3fdd79b8556b84c98d0bc1c\",\"name\":\"REDA\u00c7\u00c3O: UBIRAT\u00c3 ONLINE - F\u00c1BIO AUGUSTO CELESTINO\",\"pronouns\":\"Ele\",\"description\":\"Desde 2003 trabalhando com not\u00edcias.\",\"sameAs\":[\"http:\\\/\\\/ubirataoline.com.br\",\"https:\\\/\\\/www.facebook.com\\\/portalubirataonline\",\"https:\\\/\\\/www.instagram.com\\\/ubirataonline_oficial\",\"https:\\\/\\\/x.com\\\/x.com\\\/ubirataonline\"],\"honorificPrefix\":\"Mr.\",\"honorificSuffix\":\"MD\",\"birthDate\":\"1980-06-16\",\"gender\":\"masculino\",\"award\":[\"V\u00e1rios pr\u00eamios de melhor portal da cidade\"],\"jobTitle\":\"Diretor\",\"url\":\"https:\\\/\\\/ubirataonline.com.br\\\/en\\\/author\\\/ubirataonline\\\/\"},{\"@type\":\"PostalAddress\",\"@id\":\"https:\\\/\\\/ubirataonline.com.br\\\/nasa-pede-que-o-mundo-se-prepare-para-o-que-vai-acontecer-no-ceu-em-31-05\\\/#local-main-place-address\",\"streetAddress\":\"Rua dos Coqueiros, 104 - Bairro Boa Vista, Rua dos Coqueiros, 104 Bairro Boa Vista\",\"addressLocality\":\"UBIRATA\",\"postalCode\":\"85440-000\",\"addressRegion\":\"PR\",\"addressCountry\":\"BR\"},{\"@type\":\"ImageObject\",\"inLanguage\":\"en-US\",\"@id\":\"https:\\\/\\\/ubirataonline.com.br\\\/nasa-pede-que-o-mundo-se-prepare-para-o-que-vai-acontecer-no-ceu-em-31-05\\\/#local-main-organization-logo\",\"url\":\"https:\\\/\\\/ubirataonline.com.br\\\/wp-content\\\/uploads\\\/2026\\\/06\\\/logoubirataonline-1.webp\",\"contentUrl\":\"https:\\\/\\\/ubirataonline.com.br\\\/wp-content\\\/uploads\\\/2026\\\/06\\\/logoubirataonline-1.webp\",\"width\":500,\"height\":500,\"caption\":\"Ubirat\u00e3 Online Not\u00edcias\"}]}<\/script>\n<meta name=\"geo.placename\" content=\"UBIRATA\" \/>\n<meta name=\"geo.position\" content=\"-24.5361401;-52.9921776\" \/>\n<meta name=\"geo.region\" content=\"Brazil\" \/>\n<!-- \/ Yoast SEO Premium plugin. -->","yoast_head_json":{"title":"NASA pede que o mundo se prepare para o que vai acontecer no c\u00e9u em 31\/05 - Ubirat\u00e3 Online Not\u00edcias - A realidade ao seu alcance!","description":"O fim de maio reserva um fen\u00f4meno astron\u00f4mico que costuma gerar curiosidade \u2014 e at\u00e9 confus\u00e3o. De acordo com a NASA, o dia 31 ser\u00e1 marcado pela chamada","robots":{"index":"index","follow":"follow","max-snippet":"max-snippet:-1","max-image-preview":"max-image-preview:large","max-video-preview":"max-video-preview:-1"},"canonical":"https:\/\/ubirataonline.com.br\/en\/nasa-pede-que-o-mundo-se-prepare-para-o-que-vai-acontecer-no-ceu-em-31-05\/","og_locale":"en_US","og_type":"article","og_title":"NASA pede que o mundo se prepare para o que vai acontecer no c\u00e9u em 31\/05","og_description":"O fim de maio reserva um fen\u00f4meno astron\u00f4mico que costuma gerar curiosidade \u2014 e at\u00e9 confus\u00e3o. De acordo com a NASA, o dia 31 ser\u00e1 marcado pela chamada","og_url":"https:\/\/ubirataonline.com.br\/en\/nasa-pede-que-o-mundo-se-prepare-para-o-que-vai-acontecer-no-ceu-em-31-05\/","og_site_name":"Ubirat\u00e3 Online Not\u00edcias - A realidade ao seu alcance!","article_publisher":"https:\/\/www.facebook.com\/portalubirataonline","article_author":"https:\/\/www.facebook.com\/portalubirataonline","article_published_time":"2026-05-07T10:42:10+00:00","article_modified_time":"2026-05-07T10:42:14+00:00","og_image":[{"width":1200,"height":800,"url":"https:\/\/ubirataonline.com.br\/wp-content\/uploads\/2026\/05\/NASA-pede-que-o-mundo-se-prepare-para-o-que.png","type":"image\/png"}],"author":"REDA\u00c7\u00c3O: UBIRAT\u00c3 ONLINE - F\u00c1BIO AUGUSTO CELESTINO","twitter_card":"summary_large_image","twitter_creator":"@x.com\/ubirataonline","twitter_site":"@ubirataonline","twitter_misc":{"Written by":"REDA\u00c7\u00c3O: UBIRAT\u00c3 ONLINE - F\u00c1BIO AUGUSTO CELESTINO","Est. reading time":"2 minutes"},"schema":{"@context":"https:\/\/schema.org","@graph":[{"@type":"NewsArticle","@id":"https:\/\/ubirataonline.com.br\/nasa-pede-que-o-mundo-se-prepare-para-o-que-vai-acontecer-no-ceu-em-31-05\/#article","isPartOf":{"@id":"https:\/\/ubirataonline.com.br\/nasa-pede-que-o-mundo-se-prepare-para-o-que-vai-acontecer-no-ceu-em-31-05\/"},"author":{"name":"REDA\u00c7\u00c3O: UBIRAT\u00c3 ONLINE - F\u00c1BIO AUGUSTO CELESTINO","@id":"https:\/\/ubirataonline.com.br\/#\/schema\/person\/372f87bbd3fdd79b8556b84c98d0bc1c"},"headline":"NASA pede que o mundo se prepare para o que vai acontecer no c\u00e9u em 31\/05","datePublished":"2026-05-07T10:42:10+00:00","dateModified":"2026-05-07T10:42:14+00:00","mainEntityOfPage":{"@id":"https:\/\/ubirataonline.com.br\/nasa-pede-que-o-mundo-se-prepare-para-o-que-vai-acontecer-no-ceu-em-31-05\/"},"wordCount":355,"publisher":{"@id":"https:\/\/ubirataonline.com.br\/#organization"},"image":{"@id":"https:\/\/ubirataonline.com.br\/nasa-pede-que-o-mundo-se-prepare-para-o-que-vai-acontecer-no-ceu-em-31-05\/#primaryimage"},"thumbnailUrl":"https:\/\/ubirataonline.com.br\/wp-content\/uploads\/2026\/05\/NASA-pede-que-o-mundo-se-prepare-para-o-que.png","keywords":["acontecer","c\u00e9u","Mundo","Nasa","para","pede","prepare","vai"],"articleSection":["Brasil"],"inLanguage":"en-US","copyrightYear":"2026","copyrightHolder":{"@id":"https:\/\/ubirataonline.com.br\/en\/#organization"}},{"@type":"WebPage","@id":"https:\/\/ubirataonline.com.br\/nasa-pede-que-o-mundo-se-prepare-para-o-que-vai-acontecer-no-ceu-em-31-05\/","url":"https:\/\/ubirataonline.com.br\/nasa-pede-que-o-mundo-se-prepare-para-o-que-vai-acontecer-no-ceu-em-31-05\/","name":"NASA pede que o mundo se prepare para o que vai acontecer no c\u00e9u em 31\/05 - Ubirat\u00e3 Online Not\u00edcias - A realidade ao seu alcance!","isPartOf":{"@id":"https:\/\/ubirataonline.com.br\/#website"},"primaryImageOfPage":{"@id":"https:\/\/ubirataonline.com.br\/nasa-pede-que-o-mundo-se-prepare-para-o-que-vai-acontecer-no-ceu-em-31-05\/#primaryimage"},"image":{"@id":"https:\/\/ubirataonline.com.br\/nasa-pede-que-o-mundo-se-prepare-para-o-que-vai-acontecer-no-ceu-em-31-05\/#primaryimage"},"thumbnailUrl":"https:\/\/ubirataonline.com.br\/wp-content\/uploads\/2026\/05\/NASA-pede-que-o-mundo-se-prepare-para-o-que.png","datePublished":"2026-05-07T10:42:10+00:00","dateModified":"2026-05-07T10:42:14+00:00","description":"O fim de maio reserva um fen\u00f4meno astron\u00f4mico que costuma gerar curiosidade \u2014 e at\u00e9 confus\u00e3o. De acordo com a NASA, o dia 31 ser\u00e1 marcado pela chamada","breadcrumb":{"@id":"https:\/\/ubirataonline.com.br\/nasa-pede-que-o-mundo-se-prepare-para-o-que-vai-acontecer-no-ceu-em-31-05\/#breadcrumb"},"inLanguage":"en-US","potentialAction":[{"@type":"ReadAction","target":["https:\/\/ubirataonline.com.br\/nasa-pede-que-o-mundo-se-prepare-para-o-que-vai-acontecer-no-ceu-em-31-05\/"]}]},{"@type":"ImageObject","inLanguage":"en-US","@id":"https:\/\/ubirataonline.com.br\/nasa-pede-que-o-mundo-se-prepare-para-o-que-vai-acontecer-no-ceu-em-31-05\/#primaryimage","url":"https:\/\/ubirataonline.com.br\/wp-content\/uploads\/2026\/05\/NASA-pede-que-o-mundo-se-prepare-para-o-que.png","contentUrl":"https:\/\/ubirataonline.com.br\/wp-content\/uploads\/2026\/05\/NASA-pede-que-o-mundo-se-prepare-para-o-que.png","width":1200,"height":800,"caption":"NASA pede que o mundo se prepare para o que vai acontecer no c\u00e9u em 31\/05"},{"@type":"BreadcrumbList","@id":"https:\/\/ubirataonline.com.br\/nasa-pede-que-o-mundo-se-prepare-para-o-que-vai-acontecer-no-ceu-em-31-05\/#breadcrumb","itemListElement":[{"@type":"ListItem","position":1,"name":"In\u00edcio","item":"https:\/\/ubirataonline.com.br\/"},{"@type":"ListItem","position":2,"name":"NASA pede que o mundo se prepare para o que vai acontecer no c\u00e9u em 31\/05"}]},{"@type":"WebSite","@id":"https:\/\/ubirataonline.com.br\/#website","url":"https:\/\/ubirataonline.com.br\/","name":"Ubirat\u00e3 Online Not\u00edcias","description":"Not\u00edcias de Ubirat\u00e3, regi\u00e3o, Brasil e mundo, com informa\u00e7\u00e3o atualizada e compromisso com o leitor.","publisher":{"@id":"https:\/\/ubirataonline.com.br\/#organization"},"alternateName":"Ubirat\u00e3 Online","potentialAction":[{"@type":"SearchAction","target":{"@type":"EntryPoint","urlTemplate":"https:\/\/ubirataonline.com.br\/?s={search_term_string}"},"query-input":{"@type":"PropertyValueSpecification","valueRequired":true,"valueName":"search_term_string"}}],"inLanguage":"en-US"},{"@type":["Organization","Place"],"@id":"https:\/\/ubirataonline.com.br\/#organization","name":"Ubirat\u00e3 Online Not\u00edcias","alternateName":"Ubirat\u00e3 Online","url":"https:\/\/ubirataonline.com.br\/","logo":{"@id":"https:\/\/ubirataonline.com.br\/nasa-pede-que-o-mundo-se-prepare-para-o-que-vai-acontecer-no-ceu-em-31-05\/#local-main-organization-logo"},"image":{"@id":"https:\/\/ubirataonline.com.br\/nasa-pede-que-o-mundo-se-prepare-para-o-que-vai-acontecer-no-ceu-em-31-05\/#local-main-organization-logo"},"sameAs":["https:\/\/www.facebook.com\/portalubirataonline","https:\/\/x.com\/ubirataonline","https:\/\/mastodon.social\/@ubirataonline","https:\/\/www.facebook.com\/groups\/311144672285604","https:\/\/www.facebook.com\/UBTAOnline","https:\/\/www.instagram.com\/portalubirataonline\/","https:\/\/twitter.com\/ubirataonline"],"description":"Somos um portal de not\u00edcias independente, criado em 5 de janeiro de 2009, com o objetivo de informar, conectar e valorizar a nossa comunidade de Ubirat\u00e3 e toda aregi\u00e3o. Com conte\u00fado atualizado, confi\u00e1vel e relevante, o Ubirat\u00e3 Online \u00e9 o seu espa\u00e7o para ficar por dentro dos principais acontecimentos locais, regionais, Brasil, Mundo e de interesse geral. Nosso compromisso \u00e9 com a verdade, a transpar\u00eancia e o respeito ao leitor.","legalName":"UBIRATA ONLINE NOT\u00cdCIAS","foundingDate":"2009-01-05","numberOfEmployees":{"@type":"QuantitativeValue","minValue":"1","maxValue":"10"},"publishingPrinciples":"https:\/\/ubirataonline.com.br\/faq\/","address":{"@id":"https:\/\/ubirataonline.com.br\/nasa-pede-que-o-mundo-se-prepare-para-o-que-vai-acontecer-no-ceu-em-31-05\/#local-main-place-address"},"geo":{"@type":"GeoCoordinates","latitude":"-24.5361401","longitude":"-52.9921776"},"telephone":["+5544998308235"],"contactPoint":{"@type":"ContactPoint","email":"contato@ubirataonline.com.br"},"openingHoursSpecification":{"@type":"OpeningHoursSpecification","dayOfWeek":["Monday","Tuesday","Wednesday","Thursday","Friday","Saturday","Sunday"],"opens":"00:00","closes":"23:59"},"email":"contato@ubirataonline.com.br","vatID":"47.621.418\/0001-80"},{"@type":"Person","@id":"https:\/\/ubirataonline.com.br\/#\/schema\/person\/372f87bbd3fdd79b8556b84c98d0bc1c","name":"REDA\u00c7\u00c3O: UBIRAT\u00c3 ONLINE - F\u00c1BIO AUGUSTO CELESTINO","pronouns":"Ele","description":"Desde 2003 trabalhando com not\u00edcias.","sameAs":["http:\/\/ubirataoline.com.br","https:\/\/www.facebook.com\/portalubirataonline","https:\/\/www.instagram.com\/ubirataonline_oficial","https:\/\/x.com\/x.com\/ubirataonline"],"honorificPrefix":"Mr.","honorificSuffix":"MD","birthDate":"1980-06-16","gender":"masculino","award":["V\u00e1rios pr\u00eamios de melhor portal da cidade"],"jobTitle":"Diretor","url":"https:\/\/ubirataonline.com.br\/en\/author\/ubirataonline\/"},{"@type":"PostalAddress","@id":"https:\/\/ubirataonline.com.br\/nasa-pede-que-o-mundo-se-prepare-para-o-que-vai-acontecer-no-ceu-em-31-05\/#local-main-place-address","streetAddress":"Rua dos Coqueiros, 104 - Bairro Boa Vista, Rua dos Coqueiros, 104 Bairro Boa Vista","addressLocality":"UBIRATA","postalCode":"85440-000","addressRegion":"PR","addressCountry":"BR"},{"@type":"ImageObject","inLanguage":"en-US","@id":"https:\/\/ubirataonline.com.br\/nasa-pede-que-o-mundo-se-prepare-para-o-que-vai-acontecer-no-ceu-em-31-05\/#local-main-organization-logo","url":"https:\/\/ubirataonline.com.br\/wp-content\/uploads\/2026\/06\/logoubirataonline-1.webp","contentUrl":"https:\/\/ubirataonline.com.br\/wp-content\/uploads\/2026\/06\/logoubirataonline-1.webp","width":500,"height":500,"caption":"Ubirat\u00e3 Online Not\u00edcias"}]},"geo.placename":"UBIRATA","geo.position":{"lat":"-24.5361401","long":"-52.9921776"},"geo.region":"Brazil"},"_links":{"self":[{"href":"https:\/\/ubirataonline.com.br\/en\/wp-json\/wp\/v2\/posts\/123187","targetHints":{"allow":["GET"]}}],"collection":[{"href":"https:\/\/ubirataonline.com.br\/en\/wp-json\/wp\/v2\/posts"}],"about":[{"href":"https:\/\/ubirataonline.com.br\/en\/wp-json\/wp\/v2\/types\/post"}],"author":[{"embeddable":true,"href":"https:\/\/ubirataonline.com.br\/en\/wp-json\/wp\/v2\/users\/1"}],"replies":[{"embeddable":true,"href":"https:\/\/ubirataonline.com.br\/en\/wp-json\/wp\/v2\/comments?post=123187"}],"version-history":[{"count":0,"href":"https:\/\/ubirataonline.com.br\/en\/wp-json\/wp\/v2\/posts\/123187\/revisions"}],"wp:featuredmedia":[{"embeddable":true,"href":"https:\/\/ubirataonline.com.br\/en\/wp-json\/wp\/v2\/media\/123188"}],"wp:attachment":[{"href":"https:\/\/ubirataonline.com.br\/en\/wp-json\/wp\/v2\/media?parent=123187"}],"wp:term":[{"taxonomy":"category","embeddable":true,"href":"https:\/\/ubirataonline.com.br\/en\/wp-json\/wp\/v2\/categories?post=123187"},{"taxonomy":"post_tag","embeddable":true,"href":"https:\/\/ubirataonline.com.br\/en\/wp-json\/wp\/v2\/tags?post=123187"}],"curies":[{"name":"wp","href":"https:\/\/api.w.org\/{rel}","templated":true}]}}