{"id":123358,"date":"2026-05-07T11:57:10","date_gmt":"2026-05-07T14:57:10","guid":{"rendered":"https:\/\/ubirataonline.com.br\/stephen-colbert-reacts-to-byron-allen-replacing-the-late-show-on-cbs\/"},"modified":"2026-05-07T11:57:13","modified_gmt":"2026-05-07T14:57:13","slug":"stephen-colbert-reacts-to-byron-allen-replacing-the-late-show-on-cbs","status":"publish","type":"post","link":"https:\/\/ubirataonline.com.br\/en\/stephen-colbert-reacts-to-byron-allen-replacing-the-late-show-on-cbs\/","title":{"rendered":"Stephen Colbert reacts to Byron Allen replacing &#8216;The Late Show&#8217; on CBS"},"content":{"rendered":"<p><br \/>\n<\/p>\n<div id=\"\">\n<div id=\"videoWrap\" class=\"spacer-large videoWrap\" style=\"position:relative\"><media-video video-id=\"89496907007\" title=\"CBS to replace Stephen Colbert's 'Late Show' with Byron Allen comedy show\" poster=\"https:\/\/www.gannett-cdn.com\/authoring\/authoring-images\/2026\/04\/06\/USAT\/89487077007-3188580-0207.jpg?crop=2999,1687,x0,y156\" util-module-path=\"elements\/media\" placement=\"snow-video-story-priority\"><\/p>\n<div id=\"uwVideoPlaceholder\" slot=\"placeholder\" style=\"z-index:19;width:100%;padding-bottom:56.25%;position:relative\">\n<div class=\"vidplaybtn\" style=\"display:-moz-box;display:-ms-flexbox;display:-webkit-flex;display:flex;background-color:rgba(0,0,0,.4);border:2px solid #fff;border-radius:80px;cursor:pointer;height:80px;width:80px;position:absolute;top:50%;left:50%;transform:translate(-50%,-50%);z-index:10\"><img decoding=\"async\" class=\"vidplayicon\" src=\"https:\/\/www.gannett-cdn.com\/appservices\/universal-web\/universal\/icons\/icon-play-alt-white.svg\" alt=\"play\" style=\"height:40px;margin:auto 18px auto 27px;width:40px\"\/><\/div>\n<\/div>\n<div slot=\"videoDetails\" id=\"videoDetails\" class=\"videoDetails\" style=\"padding-top:8px;padding-bottom:8px\">\n<div id=\"videoDetailsContainer\" class=\"videoDetailsContainer\" hidden=\"\">\n<p>CBS to replace Stephen Colbert&#8217;s &#8216;Late Show&#8217; with Byron Allen comedy show<\/p>\n<p>CBS announced &#8220;Comics Unleashed with Byron Allen&#8221; as &#8220;The Late Show&#8221; replacement starting May 22 after Stephen Colbert says farewell.<\/p>\n<\/div>\n<\/div>\n<p><\/media-video><\/div>\n<p><a href=\"https:\/\/www.usatoday.com\/story\/news\/politics\/2026\/05\/06\/barack-obama-stephen-colbert-presidency-trump\/89960735007\/\" target=\"_blank\" rel=\"noreferrer noopener\">Stephen Colbert<\/a> is revealing he sent a note of congratulations to <a href=\"https:\/\/www.usatoday.com\/story\/entertainment\/tv\/2026\/04\/06\/cbs-stephen-colbert-late-show-replacement\/89486737007\/\" target=\"_blank\" rel=\"noreferrer noopener\">Byron Allen<\/a> after CBS announced that <a href=\"https:\/\/www.usatoday.com\/story\/entertainment\/tv\/2026\/05\/06\/ed-sullivan-theater-history-timeline-late-show\/89757044007\/\" target=\"_blank\" rel=\"noreferrer noopener\">&#8220;The Late Show&#8221;<\/a> will be replaced by <a href=\"https:\/\/www.usatoday.com\/story\/entertainment\/celebrities\/2026\/04\/06\/byron-allen-cbs-late-night\/89490128007\/\" target=\"_blank\" rel=\"noreferrer noopener\">the producer&#8217;s show &#8220;Comics Unleashed.&#8221;<\/a><\/p>\n<partner-banner util-module-path=\"elements\/partner\" class=\"spacer-large\" min-height=\"600\" fluid=\"\" outstream=\"\" momentum=\"\"\/>\n<p>In an interview <a href=\"https:\/\/www.hollywoodreporter.com\/tv\/tv-features\/stephen-colbert-interview-late-show-end-1236585528\/\" target=\"_blank\" rel=\"noreferrer noopener\">with The Hollywood Reporter<\/a> published May 6, the late-night host reacted to news that <a href=\"https:\/\/www.usatoday.com\/story\/entertainment\/tv\/2026\/04\/14\/david-letterman-late-show-replacement-byron-allen\/89604221007\/\" target=\"_blank\" rel=\"noreferrer noopener\">&#8220;Comics Unleashed,&#8221; a comedy talk show<\/a> created by Allen, will take over the 11:35 p.m. time slot on CBS immediately after <a href=\"https:\/\/www.usatoday.com\/story\/entertainment\/tv\/2026\/05\/06\/david-letterman-stephen-colbert-late-show-cancellation-cbs\/89958533007\/\" target=\"_blank\" rel=\"noreferrer noopener\">&#8220;The Late Show with Stephen Colbert&#8221; ends<\/a> later this month.<\/p>\n<p>&#8220;God bless him. I know Byron. We got to know each other last year, actually. He&#8217;s fascinating. You know his history with Carson?&#8221; Colbert told the outlet, referring to the fact that Allen became the youngest comic to perform on &#8220;The Tonight Show Starring Johnny Carson&#8221; when he was 18.<\/p>\n<p>&#8220;Anyway, when I found out, I wrote him the next morning and I said, &#8216;Hey, congrats. I heard you got the time. Good for you. Wouldn&#8217;t it be lovely if you could drop Mr. Carson a note?'&#8221; Colbert joked. Carson, who hosted &#8220;The Tonight Show&#8221; from 1962 to 1992, died in 2005.<\/p>\n<partner-banner util-module-path=\"elements\/partner\" fluid=\"\" bottom=\"\" lazy=\"\" class=\"spacer-large\" min-height=\"390\" outstream=\"\"\/><media-gallery-promo asset-id=\"85266524007\" class=\"column ten-column no-gutter spacer-large\"\/><\/p>\n<p>But when The Hollywood Reporter asked Colbert how he feels about &#8220;The Late Show&#8221; not being replaced by a traditional late-night show, he said simply, &#8220;It&#8217;s none of my business.&#8221;<\/p>\n<p class=\"related-link\"><span class=\"exclude-from-newsgate\"><strong style=\"margin-right:3px\">CBS reveals <\/strong><a href=\"https:\/\/www.usatoday.com\/story\/entertainment\/tv\/2026\/04\/06\/cbs-stephen-colbert-late-show-replacement\/89486737007\/\" rel=\"noreferrer\" target=\"_blank\">its replacement for Stephen Colbert&#8217;s &#8216;Late Show&#8217;<\/a><\/span><\/p>\n<p>CBS <a href=\"https:\/\/www.usatoday.com\/story\/entertainment\/tv\/2025\/07\/17\/stephen-colbert-late-show-ending-may-2026\/85264811007\/\" target=\"_blank\" rel=\"noreferrer noopener\">canceled &#8220;The Late Show with Stephen Colbert&#8221; in July 2025<\/a>, describing the move as a &#8220;financial decision against a challenging backdrop in late night.&#8221; In April, the network confirmed Colbert&#8217;s time slot will be filled by &#8220;Comics Unleashed with Byron Allen.&#8221; The show, which began in 2006, features a rotating series of comedians performing their material in a panel format. &#8220;Comics Unleashed&#8221; has already been airing on CBS after &#8220;The Late Show.&#8221;<\/p>\n<p><media-image image-set=\"https:\/\/www.gannett-cdn.com\/authoring\/authoring-images\/2026\/05\/07\/USAT\/89974701007-3200460-0253-1.jpg bestCrop, https:\/\/www.gannett-cdn.com\/authoring\/authoring-images\/2026\/05\/07\/USAT\/89974701007-3200460-0253-1.jpg?crop=2669,2001,x0,y0 4:3, https:\/\/www.gannett-cdn.com\/authoring\/authoring-images\/2026\/05\/07\/USAT\/89974701007-3200460-0253-1.jpg?crop=1501,2001,x0,y0 3:4, https:\/\/www.gannett-cdn.com\/authoring\/authoring-images\/2026\/05\/07\/USAT\/89974701007-3200460-0253-1.jpg?crop=2999,1687,x0,y0 16:9\" image-alt=\"\" credit=\"Scott Kowalchyk, CBS\" caption=\"Stephen Colbert hosts &quot;The Late Show&quot; on April 16, 2026.\" orientation=\"horizontal\" class=\"spacer-large\" util-module-path=\"elements\/media\"\/><\/p>\n<p>CBS is leasing the time slot to Allen, who noted to <a href=\"https:\/\/www.latimes.com\/entertainment-arts\/business\/story\/2026-04-06\/byron-allen-comics-unleashed-will-replace-cbs-late-night-host-stephen-colbert\" target=\"_blank\" rel=\"noreferrer noopener\">The Los Angeles Times<\/a> last year the economics of &#8220;Comics Unleashed&#8221; are appealing to the network because he covers the production costs. &#8220;It&#8217;s not cheaper,&#8221; he told the Los Angeles Times. &#8220;It&#8217;s zero.&#8221; In April, Paramount TV Media chair George Cheeks told reporters CBS is still developing other late-night ideas, but the one-year deal with Allen allows the network &#8220;to go into immediate profitability in that slot,&#8221; <a href=\"https:\/\/variety.com\/2026\/tv\/news\/cbs-late-night-ideas-profitability-byron-allen-1236722118\/\" target=\"_blank\" rel=\"noreferrer noopener\">according to Variety<\/a>.<\/p>\n<partner-inline util-module-path=\"elements\/partner\" class=\"spacer-large\" placement=\"native-article_link\" sizes=\"[[300, 250], [3, 3]]\" min-height=\"250\" fluid=\"\" outstream=\"\"\/>\n<h2 class=\"presto-h2 wp-block-heading\">Colbert reveals &#8216;white whale&#8217; guest, addresses unhappy &#8216;Lord of the Rings&#8217; fans<\/h2>\n<p>Other topics covered in Colbert&#8217;s Hollywood Reporter interview included the one guest he has wanted to have on &#8220;The Late Show&#8221; more than any other: <a href=\"https:\/\/www.usatoday.com\/story\/news\/nation\/2026\/05\/06\/pope-leo-bank-customer-service-chicago\/89960592007\/\" target=\"_blank\" rel=\"noreferrer noopener\">Pope Leo XIV<\/a>. &#8220;The pope is my white whale,&#8221; he said, adding that he even wrote a letter to the pope asking him, &#8220;Would you please come on my show? We don&#8217;t have to talk about politics.&#8221;<\/p>\n<partner-banner util-module-path=\"elements\/partner\" fluid=\"\" bottom=\"\" lazy=\"\" class=\"spacer-large\" min-height=\"600\" outstream=\"\" momentum=\"\"\/><partner-inline util-module-path=\"elements\/partner\" placement=\"native-article_link\" sizes=\"[[300, 250], [3, 3]]\" min-height=\"250\" fluid=\"\" outstream=\"\"\/>\n<p class=\"related-link\"><span class=\"exclude-from-newsgate\"><strong style=\"margin-right:3px\">Who is Byron Allen? <\/strong><a href=\"https:\/\/www.usatoday.com\/story\/entertainment\/celebrities\/2026\/04\/06\/byron-allen-cbs-late-night\/89490128007\/\" rel=\"noreferrer\" target=\"_blank\">High-powered producer to take over CBS late-night<\/a><\/span><\/p>\n<p>Colbert also touched on a project he has lined up for after &#8220;The Late Show&#8221; ends: <a href=\"https:\/\/www.usatoday.com\/story\/entertainment\/movies\/2026\/03\/25\/stephen-colbert-lord-of-the-rings-movie\/89312703007\/\" target=\"_blank\" rel=\"noreferrer noopener\">Writing a new film in the &#8220;Lord of the Rings&#8221; series<\/a>. He is working on the script with his screenwriter son, as well as Philippa Boyens, who cowrote all the entries in both the &#8220;Lord of the Rings&#8221; and &#8220;Hobbit&#8221; trilogies.<\/p>\n<p>The Hollywood Reporter asked Colbert to respond to &#8220;Lord of the Rings&#8221; devotees who are displeased by his hiring and feel he only got the job because he is a famous fan of the franchise.<\/p>\n<p><media-image image-set=\"https:\/\/www.gannett-cdn.com\/authoring\/authoring-images\/2026\/05\/07\/USAT\/89974715007-3188580-0207-1.jpg bestCrop, https:\/\/www.gannett-cdn.com\/authoring\/authoring-images\/2026\/05\/07\/USAT\/89974715007-3188580-0207-1.jpg?crop=2667,1999,x166,y0 4:3, https:\/\/www.gannett-cdn.com\/authoring\/authoring-images\/2026\/05\/07\/USAT\/89974715007-3188580-0207-1.jpg?crop=1500,1999,x1050,y0 3:4, https:\/\/www.gannett-cdn.com\/authoring\/authoring-images\/2026\/05\/07\/USAT\/89974715007-3188580-0207-1.jpg?crop=2999,1687,x0,y156 16:9\" image-alt=\"\" credit=\"Scott Kowalchyk, CBS\" caption=\"Stephen Colbert hosts &quot;The Late Show&quot; on March 30, 2026.\" orientation=\"horizontal\" class=\"spacer-large\" util-module-path=\"elements\/media\"\/><\/p>\n<p>&#8220;There&#8217;s no value in me addressing that because all you can do as \u2014 I&#8217;ll use a loaded term here \u2014 an artist is follow your heart and the craft that you have learned to try to turn this into something that is not fandom but drama,&#8221; Colbert said. &#8220;And luckily, I don&#8217;t have to do this alone. I have a great Sherpa in Philippa Boyens, who cares about it in the same way I do. And I will just say that every moment has been a joy so far.&#8221;<\/p>\n<p>Colbert is now in his final stretch of &#8220;Late Show&#8221; episodes, with <a href=\"https:\/\/www.usatoday.com\/story\/entertainment\/tv\/2026\/01\/27\/stephen-colbert-late-show-last-episode-end-date\/88381997007\/\" target=\"_blank\" rel=\"noreferrer noopener\">the finale scheduled to air on May 21<\/a>. &#8220;Comics Unleashed&#8221; will immediately take over the slot on CBS beginning the next day. Colbert has not revealed details about his last show, but he has been going all-out in recent weeks with guests including <a href=\"https:\/\/www.usatoday.com\/story\/entertainment\/tv\/2026\/04\/08\/stephen-colbert-oprah-winfrey-late-show-end\/89513238007\/\" target=\"_blank\" rel=\"noreferrer noopener\">Oprah Winfrey<\/a> and <a href=\"https:\/\/www.usatoday.com\/story\/news\/politics\/2026\/05\/06\/barack-obama-stephen-colbert-presidency-trump\/89960735007\/\" target=\"_blank\" rel=\"noreferrer noopener\">former President Barack Obama<\/a>.<\/p>\n<partner-banner util-module-path=\"elements\/partner\" fluid=\"\" bottom=\"\" lazy=\"\" class=\"spacer-large\" min-height=\"390\" outstream=\"\"\/><lit-timestamp class=\"column ten-column no-gutter spacer-small\" slot=\"timestamp\" publishdate=\"2026-05-07 13:35:17.455823164 +0000 UTC\" updatedate=\"2026-05-07 13:35:17.455823164 +0000 UTC\"\/><\/div>\n<p><br \/>\n<br \/><a href=\"https:\/\/www.usatoday.com\/story\/entertainment\/tv\/2026\/05\/07\/stephen-colbert-byron-allen-late-show-replacement-reaction\/89974473007\/\">Source link <\/a><\/p>\n","protected":false},"excerpt":{"rendered":"<p>CBS to replace Stephen Colbert&#8217;s &#8216;Late Show&#8217; with Byron Allen comedy show CBS announced &#8220;Comics Unleashed with Byron Allen&#8221; as &#8220;The Late Show&#8221; replacement starting May 22 after Stephen Colbert says farewell. Stephen Colbert is revealing he sent a note of congratulations to Byron Allen after CBS announced that &#8220;The Late Show&#8221; will be replaced [&hellip;]<\/p>\n","protected":false},"author":1,"featured_media":123359,"comment_status":"closed","ping_status":"","sticky":false,"template":"","format":"standard","meta":{"googlesitekit_rrm_CAow2JLhCw:productID":"","_gspb_post_css":"","maa_idioma":"","maa_pais":"","footnotes":""},"categories":[2725],"tags":[4331,18944,8134,11205,3702,7535,18882,1654,4479],"class_list":["post-123358","post","type-post","status-publish","format-standard","has-post-thumbnail","hentry","category-europe","tag-allen","tag-byron","tag-cbs","tag-colbert","tag-late","tag-reacts","tag-replacing","tag-show","tag-stephen"],"blocksy_meta":[],"yoast_head":"<!-- This site is optimized with the Yoast SEO Premium plugin v27.6 (Yoast SEO v27.6) - https:\/\/yoast.com\/product\/yoast-seo-premium-wordpress\/ -->\n<title>Stephen Colbert reacts to Byron Allen replacing &#039;The Late Show&#039; on CBS - Ubirat\u00e3 Online Not\u00edcias - A realidade ao seu alcance!<\/title>\n<meta name=\"description\" content=\"CBS to replace Stephen Colbert&#039;s &#039;Late Show&#039; with Byron Allen comedy showCBS announced &quot;Comics Unleashed with Byron Allen&quot; as &quot;The Late Show&quot; replacement\" \/>\n<meta name=\"robots\" content=\"index, follow, max-snippet:-1, max-image-preview:large, max-video-preview:-1\" \/>\n<link rel=\"canonical\" href=\"https:\/\/ubirataonline.com.br\/en\/stephen-colbert-reacts-to-byron-allen-replacing-the-late-show-on-cbs\/\" \/>\n<meta property=\"og:locale\" content=\"en_US\" \/>\n<meta property=\"og:type\" content=\"article\" \/>\n<meta property=\"og:title\" content=\"Stephen Colbert reacts to Byron Allen replacing &#039;The Late Show&#039; on CBS\" \/>\n<meta property=\"og:description\" content=\"CBS to replace Stephen Colbert&#039;s &#039;Late Show&#039; with Byron Allen comedy showCBS announced &quot;Comics Unleashed with Byron Allen&quot; as &quot;The Late Show&quot; replacement\" \/>\n<meta property=\"og:url\" content=\"https:\/\/ubirataonline.com.br\/en\/stephen-colbert-reacts-to-byron-allen-replacing-the-late-show-on-cbs\/\" \/>\n<meta property=\"og:site_name\" content=\"Ubirat\u00e3 Online Not\u00edcias - A realidade ao seu alcance!\" \/>\n<meta property=\"article:publisher\" content=\"https:\/\/www.facebook.com\/portalubirataonline\" \/>\n<meta property=\"article:author\" content=\"https:\/\/www.facebook.com\/portalubirataonline\" \/>\n<meta property=\"article:published_time\" content=\"2026-05-07T14:57:10+00:00\" \/>\n<meta property=\"article:modified_time\" content=\"2026-05-07T14:57:13+00:00\" \/>\n<meta property=\"og:image\" content=\"https:\/\/ubirataonline.com.br\/wp-content\/uploads\/2026\/05\/Stephen-Colbert-reacts-to-Byron-Allen-replacing-The-Late-Show.jpg\" \/>\n\t<meta property=\"og:image:width\" content=\"1200\" \/>\n\t<meta property=\"og:image:height\" content=\"675\" \/>\n\t<meta property=\"og:image:type\" content=\"image\/jpeg\" \/>\n<meta name=\"author\" content=\"REDA\u00c7\u00c3O: UBIRAT\u00c3 ONLINE - F\u00c1BIO AUGUSTO CELESTINO\" \/>\n<meta name=\"twitter:card\" content=\"summary_large_image\" \/>\n<meta name=\"twitter:creator\" content=\"@x.com\/ubirataonline\" \/>\n<meta name=\"twitter:site\" content=\"@ubirataonline\" \/>\n<meta name=\"twitter:label1\" content=\"Written by\" \/>\n\t<meta name=\"twitter:data1\" content=\"REDA\u00c7\u00c3O: UBIRAT\u00c3 ONLINE - F\u00c1BIO AUGUSTO CELESTINO\" \/>\n\t<meta name=\"twitter:label2\" content=\"Est. reading time\" \/>\n\t<meta name=\"twitter:data2\" content=\"4 minutes\" \/>\n<script type=\"application\/ld+json\" class=\"yoast-schema-graph\">{\"@context\":\"https:\\\/\\\/schema.org\",\"@graph\":[{\"@type\":\"NewsArticle\",\"@id\":\"https:\\\/\\\/ubirataonline.com.br\\\/stephen-colbert-reacts-to-byron-allen-replacing-the-late-show-on-cbs\\\/#article\",\"isPartOf\":{\"@id\":\"https:\\\/\\\/ubirataonline.com.br\\\/stephen-colbert-reacts-to-byron-allen-replacing-the-late-show-on-cbs\\\/\"},\"author\":{\"name\":\"REDA\u00c7\u00c3O: UBIRAT\u00c3 ONLINE - F\u00c1BIO AUGUSTO CELESTINO\",\"@id\":\"https:\\\/\\\/ubirataonline.com.br\\\/#\\\/schema\\\/person\\\/372f87bbd3fdd79b8556b84c98d0bc1c\"},\"headline\":\"Stephen Colbert reacts to Byron Allen replacing &#8216;The Late Show&#8217; on CBS\",\"datePublished\":\"2026-05-07T14:57:10+00:00\",\"dateModified\":\"2026-05-07T14:57:13+00:00\",\"mainEntityOfPage\":{\"@id\":\"https:\\\/\\\/ubirataonline.com.br\\\/stephen-colbert-reacts-to-byron-allen-replacing-the-late-show-on-cbs\\\/\"},\"wordCount\":752,\"publisher\":{\"@id\":\"https:\\\/\\\/ubirataonline.com.br\\\/#organization\"},\"image\":{\"@id\":\"https:\\\/\\\/ubirataonline.com.br\\\/stephen-colbert-reacts-to-byron-allen-replacing-the-late-show-on-cbs\\\/#primaryimage\"},\"thumbnailUrl\":\"https:\\\/\\\/ubirataonline.com.br\\\/wp-content\\\/uploads\\\/2026\\\/05\\\/Stephen-Colbert-reacts-to-Byron-Allen-replacing-The-Late-Show.jpg\",\"keywords\":[\"Allen\",\"Byron\",\"CBS\",\"Colbert\",\"late\",\"reacts\",\"replacing\",\"Show\",\"Stephen\"],\"articleSection\":[\"Europe\"],\"inLanguage\":\"en-US\",\"copyrightYear\":\"2026\",\"copyrightHolder\":{\"@id\":\"https:\\\/\\\/ubirataonline.com.br\\\/en\\\/#organization\"}},{\"@type\":\"WebPage\",\"@id\":\"https:\\\/\\\/ubirataonline.com.br\\\/stephen-colbert-reacts-to-byron-allen-replacing-the-late-show-on-cbs\\\/\",\"url\":\"https:\\\/\\\/ubirataonline.com.br\\\/stephen-colbert-reacts-to-byron-allen-replacing-the-late-show-on-cbs\\\/\",\"name\":\"Stephen Colbert reacts to Byron Allen replacing 'The Late Show' on CBS - Ubirat\u00e3 Online Not\u00edcias - A realidade ao seu alcance!\",\"isPartOf\":{\"@id\":\"https:\\\/\\\/ubirataonline.com.br\\\/#website\"},\"primaryImageOfPage\":{\"@id\":\"https:\\\/\\\/ubirataonline.com.br\\\/stephen-colbert-reacts-to-byron-allen-replacing-the-late-show-on-cbs\\\/#primaryimage\"},\"image\":{\"@id\":\"https:\\\/\\\/ubirataonline.com.br\\\/stephen-colbert-reacts-to-byron-allen-replacing-the-late-show-on-cbs\\\/#primaryimage\"},\"thumbnailUrl\":\"https:\\\/\\\/ubirataonline.com.br\\\/wp-content\\\/uploads\\\/2026\\\/05\\\/Stephen-Colbert-reacts-to-Byron-Allen-replacing-The-Late-Show.jpg\",\"datePublished\":\"2026-05-07T14:57:10+00:00\",\"dateModified\":\"2026-05-07T14:57:13+00:00\",\"description\":\"CBS to replace Stephen Colbert's 'Late Show' with Byron Allen comedy showCBS announced \\\"Comics Unleashed with Byron Allen\\\" as \\\"The Late Show\\\" replacement\",\"breadcrumb\":{\"@id\":\"https:\\\/\\\/ubirataonline.com.br\\\/stephen-colbert-reacts-to-byron-allen-replacing-the-late-show-on-cbs\\\/#breadcrumb\"},\"inLanguage\":\"en-US\",\"potentialAction\":[{\"@type\":\"ReadAction\",\"target\":[\"https:\\\/\\\/ubirataonline.com.br\\\/stephen-colbert-reacts-to-byron-allen-replacing-the-late-show-on-cbs\\\/\"]}]},{\"@type\":\"ImageObject\",\"inLanguage\":\"en-US\",\"@id\":\"https:\\\/\\\/ubirataonline.com.br\\\/stephen-colbert-reacts-to-byron-allen-replacing-the-late-show-on-cbs\\\/#primaryimage\",\"url\":\"https:\\\/\\\/ubirataonline.com.br\\\/wp-content\\\/uploads\\\/2026\\\/05\\\/Stephen-Colbert-reacts-to-Byron-Allen-replacing-The-Late-Show.jpg\",\"contentUrl\":\"https:\\\/\\\/ubirataonline.com.br\\\/wp-content\\\/uploads\\\/2026\\\/05\\\/Stephen-Colbert-reacts-to-Byron-Allen-replacing-The-Late-Show.jpg\",\"width\":1200,\"height\":675,\"caption\":\"Stephen Colbert reacts to Byron Allen replacing 'The Late Show' on CBS\"},{\"@type\":\"BreadcrumbList\",\"@id\":\"https:\\\/\\\/ubirataonline.com.br\\\/stephen-colbert-reacts-to-byron-allen-replacing-the-late-show-on-cbs\\\/#breadcrumb\",\"itemListElement\":[{\"@type\":\"ListItem\",\"position\":1,\"name\":\"In\u00edcio\",\"item\":\"https:\\\/\\\/ubirataonline.com.br\\\/\"},{\"@type\":\"ListItem\",\"position\":2,\"name\":\"Stephen Colbert reacts to Byron Allen replacing &#8216;The Late Show&#8217; on CBS\"}]},{\"@type\":\"WebSite\",\"@id\":\"https:\\\/\\\/ubirataonline.com.br\\\/#website\",\"url\":\"https:\\\/\\\/ubirataonline.com.br\\\/\",\"name\":\"Ubirat\u00e3 Online Not\u00edcias\",\"description\":\"Not\u00edcias de Ubirat\u00e3, regi\u00e3o, Brasil e mundo, com informa\u00e7\u00e3o atualizada e compromisso com o leitor.\",\"publisher\":{\"@id\":\"https:\\\/\\\/ubirataonline.com.br\\\/#organization\"},\"alternateName\":\"Ubirat\u00e3 Online\",\"potentialAction\":[{\"@type\":\"SearchAction\",\"target\":{\"@type\":\"EntryPoint\",\"urlTemplate\":\"https:\\\/\\\/ubirataonline.com.br\\\/?s={search_term_string}\"},\"query-input\":{\"@type\":\"PropertyValueSpecification\",\"valueRequired\":true,\"valueName\":\"search_term_string\"}}],\"inLanguage\":\"en-US\"},{\"@type\":[\"Organization\",\"Place\"],\"@id\":\"https:\\\/\\\/ubirataonline.com.br\\\/#organization\",\"name\":\"Ubirat\u00e3 Online Not\u00edcias\",\"alternateName\":\"Ubirat\u00e3 Online\",\"url\":\"https:\\\/\\\/ubirataonline.com.br\\\/\",\"logo\":{\"@id\":\"https:\\\/\\\/ubirataonline.com.br\\\/stephen-colbert-reacts-to-byron-allen-replacing-the-late-show-on-cbs\\\/#local-main-organization-logo\"},\"image\":{\"@id\":\"https:\\\/\\\/ubirataonline.com.br\\\/stephen-colbert-reacts-to-byron-allen-replacing-the-late-show-on-cbs\\\/#local-main-organization-logo\"},\"sameAs\":[\"https:\\\/\\\/www.facebook.com\\\/portalubirataonline\",\"https:\\\/\\\/x.com\\\/ubirataonline\",\"https:\\\/\\\/mastodon.social\\\/@ubirataonline\",\"https:\\\/\\\/www.facebook.com\\\/groups\\\/311144672285604\",\"https:\\\/\\\/www.facebook.com\\\/UBTAOnline\",\"https:\\\/\\\/www.instagram.com\\\/portalubirataonline\\\/\",\"https:\\\/\\\/twitter.com\\\/ubirataonline\"],\"description\":\"Somos um portal de not\u00edcias independente, criado em 5 de janeiro de 2009, com o objetivo de informar, conectar e valorizar a nossa comunidade de Ubirat\u00e3 e toda aregi\u00e3o. Com conte\u00fado atualizado, confi\u00e1vel e relevante, o Ubirat\u00e3 Online \u00e9 o seu espa\u00e7o para ficar por dentro dos principais acontecimentos locais, regionais, Brasil, Mundo e de interesse geral. Nosso compromisso \u00e9 com a verdade, a transpar\u00eancia e o respeito ao leitor.\",\"legalName\":\"UBIRATA ONLINE NOT\u00cdCIAS\",\"foundingDate\":\"2009-01-05\",\"numberOfEmployees\":{\"@type\":\"QuantitativeValue\",\"minValue\":\"1\",\"maxValue\":\"10\"},\"publishingPrinciples\":\"https:\\\/\\\/ubirataonline.com.br\\\/faq\\\/\",\"address\":{\"@id\":\"https:\\\/\\\/ubirataonline.com.br\\\/stephen-colbert-reacts-to-byron-allen-replacing-the-late-show-on-cbs\\\/#local-main-place-address\"},\"geo\":{\"@type\":\"GeoCoordinates\",\"latitude\":\"-24.5361401\",\"longitude\":\"-52.9921776\"},\"telephone\":[\"+5544998308235\"],\"contactPoint\":{\"@type\":\"ContactPoint\",\"email\":\"contato@ubirataonline.com.br\"},\"openingHoursSpecification\":{\"@type\":\"OpeningHoursSpecification\",\"dayOfWeek\":[\"Monday\",\"Tuesday\",\"Wednesday\",\"Thursday\",\"Friday\",\"Saturday\",\"Sunday\"],\"opens\":\"00:00\",\"closes\":\"23:59\"},\"email\":\"contato@ubirataonline.com.br\",\"vatID\":\"47.621.418\\\/0001-80\"},{\"@type\":\"Person\",\"@id\":\"https:\\\/\\\/ubirataonline.com.br\\\/#\\\/schema\\\/person\\\/372f87bbd3fdd79b8556b84c98d0bc1c\",\"name\":\"REDA\u00c7\u00c3O: UBIRAT\u00c3 ONLINE - F\u00c1BIO AUGUSTO CELESTINO\",\"pronouns\":\"Ele\",\"description\":\"Desde 2003 trabalhando com not\u00edcias.\",\"sameAs\":[\"http:\\\/\\\/ubirataoline.com.br\",\"https:\\\/\\\/www.facebook.com\\\/portalubirataonline\",\"https:\\\/\\\/www.instagram.com\\\/ubirataonline_oficial\",\"https:\\\/\\\/x.com\\\/x.com\\\/ubirataonline\"],\"honorificPrefix\":\"Mr.\",\"honorificSuffix\":\"MD\",\"birthDate\":\"1980-06-16\",\"gender\":\"masculino\",\"award\":[\"V\u00e1rios pr\u00eamios de melhor portal da cidade\"],\"jobTitle\":\"Diretor\",\"url\":\"https:\\\/\\\/ubirataonline.com.br\\\/en\\\/author\\\/ubirataonline\\\/\"},{\"@type\":\"PostalAddress\",\"@id\":\"https:\\\/\\\/ubirataonline.com.br\\\/stephen-colbert-reacts-to-byron-allen-replacing-the-late-show-on-cbs\\\/#local-main-place-address\",\"streetAddress\":\"Rua dos Coqueiros, 104 - Bairro Boa Vista, Rua dos Coqueiros, 104 Bairro Boa Vista\",\"addressLocality\":\"UBIRATA\",\"postalCode\":\"85440-000\",\"addressRegion\":\"PR\",\"addressCountry\":\"BR\"},{\"@type\":\"ImageObject\",\"inLanguage\":\"en-US\",\"@id\":\"https:\\\/\\\/ubirataonline.com.br\\\/stephen-colbert-reacts-to-byron-allen-replacing-the-late-show-on-cbs\\\/#local-main-organization-logo\",\"url\":\"https:\\\/\\\/ubirataonline.com.br\\\/wp-content\\\/uploads\\\/2026\\\/06\\\/logoubirataonline-1.webp\",\"contentUrl\":\"https:\\\/\\\/ubirataonline.com.br\\\/wp-content\\\/uploads\\\/2026\\\/06\\\/logoubirataonline-1.webp\",\"width\":500,\"height\":500,\"caption\":\"Ubirat\u00e3 Online Not\u00edcias\"}]}<\/script>\n<meta name=\"geo.placename\" content=\"UBIRATA\" \/>\n<meta name=\"geo.position\" content=\"-24.5361401;-52.9921776\" \/>\n<meta name=\"geo.region\" content=\"Brazil\" \/>\n<!-- \/ Yoast SEO Premium plugin. -->","yoast_head_json":{"title":"Stephen Colbert reacts to Byron Allen replacing 'The Late Show' on CBS - Ubirat\u00e3 Online Not\u00edcias - A realidade ao seu alcance!","description":"CBS to replace Stephen Colbert's 'Late Show' with Byron Allen comedy showCBS announced \"Comics Unleashed with Byron Allen\" as \"The Late Show\" replacement","robots":{"index":"index","follow":"follow","max-snippet":"max-snippet:-1","max-image-preview":"max-image-preview:large","max-video-preview":"max-video-preview:-1"},"canonical":"https:\/\/ubirataonline.com.br\/en\/stephen-colbert-reacts-to-byron-allen-replacing-the-late-show-on-cbs\/","og_locale":"en_US","og_type":"article","og_title":"Stephen Colbert reacts to Byron Allen replacing 'The Late Show' on CBS","og_description":"CBS to replace Stephen Colbert's 'Late Show' with Byron Allen comedy showCBS announced \"Comics Unleashed with Byron Allen\" as \"The Late Show\" replacement","og_url":"https:\/\/ubirataonline.com.br\/en\/stephen-colbert-reacts-to-byron-allen-replacing-the-late-show-on-cbs\/","og_site_name":"Ubirat\u00e3 Online Not\u00edcias - A realidade ao seu alcance!","article_publisher":"https:\/\/www.facebook.com\/portalubirataonline","article_author":"https:\/\/www.facebook.com\/portalubirataonline","article_published_time":"2026-05-07T14:57:10+00:00","article_modified_time":"2026-05-07T14:57:13+00:00","og_image":[{"width":1200,"height":675,"url":"https:\/\/ubirataonline.com.br\/wp-content\/uploads\/2026\/05\/Stephen-Colbert-reacts-to-Byron-Allen-replacing-The-Late-Show.jpg","type":"image\/jpeg"}],"author":"REDA\u00c7\u00c3O: UBIRAT\u00c3 ONLINE - F\u00c1BIO AUGUSTO CELESTINO","twitter_card":"summary_large_image","twitter_creator":"@x.com\/ubirataonline","twitter_site":"@ubirataonline","twitter_misc":{"Written by":"REDA\u00c7\u00c3O: UBIRAT\u00c3 ONLINE - F\u00c1BIO AUGUSTO CELESTINO","Est. reading time":"4 minutes"},"schema":{"@context":"https:\/\/schema.org","@graph":[{"@type":"NewsArticle","@id":"https:\/\/ubirataonline.com.br\/stephen-colbert-reacts-to-byron-allen-replacing-the-late-show-on-cbs\/#article","isPartOf":{"@id":"https:\/\/ubirataonline.com.br\/stephen-colbert-reacts-to-byron-allen-replacing-the-late-show-on-cbs\/"},"author":{"name":"REDA\u00c7\u00c3O: UBIRAT\u00c3 ONLINE - F\u00c1BIO AUGUSTO CELESTINO","@id":"https:\/\/ubirataonline.com.br\/#\/schema\/person\/372f87bbd3fdd79b8556b84c98d0bc1c"},"headline":"Stephen Colbert reacts to Byron Allen replacing &#8216;The Late Show&#8217; on CBS","datePublished":"2026-05-07T14:57:10+00:00","dateModified":"2026-05-07T14:57:13+00:00","mainEntityOfPage":{"@id":"https:\/\/ubirataonline.com.br\/stephen-colbert-reacts-to-byron-allen-replacing-the-late-show-on-cbs\/"},"wordCount":752,"publisher":{"@id":"https:\/\/ubirataonline.com.br\/#organization"},"image":{"@id":"https:\/\/ubirataonline.com.br\/stephen-colbert-reacts-to-byron-allen-replacing-the-late-show-on-cbs\/#primaryimage"},"thumbnailUrl":"https:\/\/ubirataonline.com.br\/wp-content\/uploads\/2026\/05\/Stephen-Colbert-reacts-to-Byron-Allen-replacing-The-Late-Show.jpg","keywords":["Allen","Byron","CBS","Colbert","late","reacts","replacing","Show","Stephen"],"articleSection":["Europe"],"inLanguage":"en-US","copyrightYear":"2026","copyrightHolder":{"@id":"https:\/\/ubirataonline.com.br\/en\/#organization"}},{"@type":"WebPage","@id":"https:\/\/ubirataonline.com.br\/stephen-colbert-reacts-to-byron-allen-replacing-the-late-show-on-cbs\/","url":"https:\/\/ubirataonline.com.br\/stephen-colbert-reacts-to-byron-allen-replacing-the-late-show-on-cbs\/","name":"Stephen Colbert reacts to Byron Allen replacing 'The Late Show' on CBS - Ubirat\u00e3 Online Not\u00edcias - A realidade ao seu alcance!","isPartOf":{"@id":"https:\/\/ubirataonline.com.br\/#website"},"primaryImageOfPage":{"@id":"https:\/\/ubirataonline.com.br\/stephen-colbert-reacts-to-byron-allen-replacing-the-late-show-on-cbs\/#primaryimage"},"image":{"@id":"https:\/\/ubirataonline.com.br\/stephen-colbert-reacts-to-byron-allen-replacing-the-late-show-on-cbs\/#primaryimage"},"thumbnailUrl":"https:\/\/ubirataonline.com.br\/wp-content\/uploads\/2026\/05\/Stephen-Colbert-reacts-to-Byron-Allen-replacing-The-Late-Show.jpg","datePublished":"2026-05-07T14:57:10+00:00","dateModified":"2026-05-07T14:57:13+00:00","description":"CBS to replace Stephen Colbert's 'Late Show' with Byron Allen comedy showCBS announced \"Comics Unleashed with Byron Allen\" as \"The Late Show\" replacement","breadcrumb":{"@id":"https:\/\/ubirataonline.com.br\/stephen-colbert-reacts-to-byron-allen-replacing-the-late-show-on-cbs\/#breadcrumb"},"inLanguage":"en-US","potentialAction":[{"@type":"ReadAction","target":["https:\/\/ubirataonline.com.br\/stephen-colbert-reacts-to-byron-allen-replacing-the-late-show-on-cbs\/"]}]},{"@type":"ImageObject","inLanguage":"en-US","@id":"https:\/\/ubirataonline.com.br\/stephen-colbert-reacts-to-byron-allen-replacing-the-late-show-on-cbs\/#primaryimage","url":"https:\/\/ubirataonline.com.br\/wp-content\/uploads\/2026\/05\/Stephen-Colbert-reacts-to-Byron-Allen-replacing-The-Late-Show.jpg","contentUrl":"https:\/\/ubirataonline.com.br\/wp-content\/uploads\/2026\/05\/Stephen-Colbert-reacts-to-Byron-Allen-replacing-The-Late-Show.jpg","width":1200,"height":675,"caption":"Stephen Colbert reacts to Byron Allen replacing 'The Late Show' on CBS"},{"@type":"BreadcrumbList","@id":"https:\/\/ubirataonline.com.br\/stephen-colbert-reacts-to-byron-allen-replacing-the-late-show-on-cbs\/#breadcrumb","itemListElement":[{"@type":"ListItem","position":1,"name":"In\u00edcio","item":"https:\/\/ubirataonline.com.br\/"},{"@type":"ListItem","position":2,"name":"Stephen Colbert reacts to Byron Allen replacing &#8216;The Late Show&#8217; on CBS"}]},{"@type":"WebSite","@id":"https:\/\/ubirataonline.com.br\/#website","url":"https:\/\/ubirataonline.com.br\/","name":"Ubirat\u00e3 Online Not\u00edcias","description":"Not\u00edcias de Ubirat\u00e3, regi\u00e3o, Brasil e mundo, com informa\u00e7\u00e3o atualizada e compromisso com o leitor.","publisher":{"@id":"https:\/\/ubirataonline.com.br\/#organization"},"alternateName":"Ubirat\u00e3 Online","potentialAction":[{"@type":"SearchAction","target":{"@type":"EntryPoint","urlTemplate":"https:\/\/ubirataonline.com.br\/?s={search_term_string}"},"query-input":{"@type":"PropertyValueSpecification","valueRequired":true,"valueName":"search_term_string"}}],"inLanguage":"en-US"},{"@type":["Organization","Place"],"@id":"https:\/\/ubirataonline.com.br\/#organization","name":"Ubirat\u00e3 Online Not\u00edcias","alternateName":"Ubirat\u00e3 Online","url":"https:\/\/ubirataonline.com.br\/","logo":{"@id":"https:\/\/ubirataonline.com.br\/stephen-colbert-reacts-to-byron-allen-replacing-the-late-show-on-cbs\/#local-main-organization-logo"},"image":{"@id":"https:\/\/ubirataonline.com.br\/stephen-colbert-reacts-to-byron-allen-replacing-the-late-show-on-cbs\/#local-main-organization-logo"},"sameAs":["https:\/\/www.facebook.com\/portalubirataonline","https:\/\/x.com\/ubirataonline","https:\/\/mastodon.social\/@ubirataonline","https:\/\/www.facebook.com\/groups\/311144672285604","https:\/\/www.facebook.com\/UBTAOnline","https:\/\/www.instagram.com\/portalubirataonline\/","https:\/\/twitter.com\/ubirataonline"],"description":"Somos um portal de not\u00edcias independente, criado em 5 de janeiro de 2009, com o objetivo de informar, conectar e valorizar a nossa comunidade de Ubirat\u00e3 e toda aregi\u00e3o. Com conte\u00fado atualizado, confi\u00e1vel e relevante, o Ubirat\u00e3 Online \u00e9 o seu espa\u00e7o para ficar por dentro dos principais acontecimentos locais, regionais, Brasil, Mundo e de interesse geral. Nosso compromisso \u00e9 com a verdade, a transpar\u00eancia e o respeito ao leitor.","legalName":"UBIRATA ONLINE NOT\u00cdCIAS","foundingDate":"2009-01-05","numberOfEmployees":{"@type":"QuantitativeValue","minValue":"1","maxValue":"10"},"publishingPrinciples":"https:\/\/ubirataonline.com.br\/faq\/","address":{"@id":"https:\/\/ubirataonline.com.br\/stephen-colbert-reacts-to-byron-allen-replacing-the-late-show-on-cbs\/#local-main-place-address"},"geo":{"@type":"GeoCoordinates","latitude":"-24.5361401","longitude":"-52.9921776"},"telephone":["+5544998308235"],"contactPoint":{"@type":"ContactPoint","email":"contato@ubirataonline.com.br"},"openingHoursSpecification":{"@type":"OpeningHoursSpecification","dayOfWeek":["Monday","Tuesday","Wednesday","Thursday","Friday","Saturday","Sunday"],"opens":"00:00","closes":"23:59"},"email":"contato@ubirataonline.com.br","vatID":"47.621.418\/0001-80"},{"@type":"Person","@id":"https:\/\/ubirataonline.com.br\/#\/schema\/person\/372f87bbd3fdd79b8556b84c98d0bc1c","name":"REDA\u00c7\u00c3O: UBIRAT\u00c3 ONLINE - F\u00c1BIO AUGUSTO CELESTINO","pronouns":"Ele","description":"Desde 2003 trabalhando com not\u00edcias.","sameAs":["http:\/\/ubirataoline.com.br","https:\/\/www.facebook.com\/portalubirataonline","https:\/\/www.instagram.com\/ubirataonline_oficial","https:\/\/x.com\/x.com\/ubirataonline"],"honorificPrefix":"Mr.","honorificSuffix":"MD","birthDate":"1980-06-16","gender":"masculino","award":["V\u00e1rios pr\u00eamios de melhor portal da cidade"],"jobTitle":"Diretor","url":"https:\/\/ubirataonline.com.br\/en\/author\/ubirataonline\/"},{"@type":"PostalAddress","@id":"https:\/\/ubirataonline.com.br\/stephen-colbert-reacts-to-byron-allen-replacing-the-late-show-on-cbs\/#local-main-place-address","streetAddress":"Rua dos Coqueiros, 104 - Bairro Boa Vista, Rua dos Coqueiros, 104 Bairro Boa Vista","addressLocality":"UBIRATA","postalCode":"85440-000","addressRegion":"PR","addressCountry":"BR"},{"@type":"ImageObject","inLanguage":"en-US","@id":"https:\/\/ubirataonline.com.br\/stephen-colbert-reacts-to-byron-allen-replacing-the-late-show-on-cbs\/#local-main-organization-logo","url":"https:\/\/ubirataonline.com.br\/wp-content\/uploads\/2026\/06\/logoubirataonline-1.webp","contentUrl":"https:\/\/ubirataonline.com.br\/wp-content\/uploads\/2026\/06\/logoubirataonline-1.webp","width":500,"height":500,"caption":"Ubirat\u00e3 Online Not\u00edcias"}]},"geo.placename":"UBIRATA","geo.position":{"lat":"-24.5361401","long":"-52.9921776"},"geo.region":"Brazil"},"_links":{"self":[{"href":"https:\/\/ubirataonline.com.br\/en\/wp-json\/wp\/v2\/posts\/123358","targetHints":{"allow":["GET"]}}],"collection":[{"href":"https:\/\/ubirataonline.com.br\/en\/wp-json\/wp\/v2\/posts"}],"about":[{"href":"https:\/\/ubirataonline.com.br\/en\/wp-json\/wp\/v2\/types\/post"}],"author":[{"embeddable":true,"href":"https:\/\/ubirataonline.com.br\/en\/wp-json\/wp\/v2\/users\/1"}],"replies":[{"embeddable":true,"href":"https:\/\/ubirataonline.com.br\/en\/wp-json\/wp\/v2\/comments?post=123358"}],"version-history":[{"count":0,"href":"https:\/\/ubirataonline.com.br\/en\/wp-json\/wp\/v2\/posts\/123358\/revisions"}],"wp:featuredmedia":[{"embeddable":true,"href":"https:\/\/ubirataonline.com.br\/en\/wp-json\/wp\/v2\/media\/123359"}],"wp:attachment":[{"href":"https:\/\/ubirataonline.com.br\/en\/wp-json\/wp\/v2\/media?parent=123358"}],"wp:term":[{"taxonomy":"category","embeddable":true,"href":"https:\/\/ubirataonline.com.br\/en\/wp-json\/wp\/v2\/categories?post=123358"},{"taxonomy":"post_tag","embeddable":true,"href":"https:\/\/ubirataonline.com.br\/en\/wp-json\/wp\/v2\/tags?post=123358"}],"curies":[{"name":"wp","href":"https:\/\/api.w.org\/{rel}","templated":true}]}}