{"id":123370,"date":"2026-05-07T12:06:09","date_gmt":"2026-05-07T15:06:09","guid":{"rendered":"https:\/\/ubirataonline.com.br\/radford-transfer-guard-parker-commits-to-ku-news-sports-jobs\/"},"modified":"2026-05-07T12:06:13","modified_gmt":"2026-05-07T15:06:13","slug":"radford-transfer-guard-parker-commits-to-ku-news-sports-jobs","status":"publish","type":"post","link":"https:\/\/ubirataonline.com.br\/en\/radford-transfer-guard-parker-commits-to-ku-news-sports-jobs\/","title":{"rendered":"Radford transfer guard Parker commits to KU | News, Sports, Jobs"},"content":{"rendered":"<p><\/p>\n<div id=\"article_content\">&#13;<br \/>\n\t\t\t\t\t\t\t\t\t\t\t\t\t\t&#13;<\/p>\n<div class=\"single_article_image_wide\"><\/div>\n<p>&#13;<\/p>\n<p class=\"photo_credit\">photo by: <span>AP Photo\/Chris Seward<\/span><\/p>\n<p>&#13;<\/p>\n<p id=\"caption\">Radford guard Dennis Parker Jr. (11) drives past North Carolina guard Isaiah Denis (5) during the second half of an NCAA college basketball game Tuesday, Nov. 11, 2025, in Chapel Hill, N.C.<\/p>\n<p>\t\t\t\t\t\t\t\t\t\t\t\t\t\t\t<!-- <input type=radio id=\"show\" name=\"group\"><label for=\"show\">SHOW ARTICLE<\/label>\n\t\t\t\t\t\t\t\t\n\n<div class=\"hide_article\"> -->&#13;<\/p>\n<p>Dennis Parker Jr., a 6-foot-6 transfer guard who revitalized his career at Radford last season, announced his commitment to Kansas on The Field of 68\u2019s YouTube channel on Thursday morning.<\/p>\n<p>\u201cAfter great conversations with coach Bill Self and some of the assistants, man, I just felt like it was the perfect fit for me,\u201d Parker said on the livestream.<\/p>\n<p>Parker, a multidimensional scorer, averaged 18.3 points and 5.9 rebounds per game for the Highlanders during the 2025-26 season. He shot 48.4% on 12.7 total attempts per game and 37.7% from deep, at one point scoring 53 points in a game against Coppin State on Dec. 14. <\/p>\n<p>He becomes KU\u2019s fourth transfer addition after Keanu Dawes (Utah), Leroy Blyden Jr. (Toledo) and Christian Reeves (Charleston) and will spend his senior season with the Jayhawks. He played two years as a reserve at N.C. State before making the move to Radford.<\/p>\n<p>A native of Richmond, Virginia, he said he feels as though he is carrying on a tradition of past players from his area heading to KU.<\/p>\n<p>\u201cIt\u2019s so many great guys that come out of (AAU program) Team Loaded and end up at Kansas, like Frank Mason and \u2018Big Dave\u2019 McCormack,\u201d Parker said.<\/p>\n<p>Parker was a four-star prospect and top-100 recruit out of John Marshall High School when he joined the Wolfpack. On the 2023-24 team that made an improbable run to the Final Four, he started 12 of 29 games in which he appeared and posted 4.7 points and 3.2 rebounds per game. His playing time dwindled somewhat the following season, which was the last for head coach Kevin Keatts. (At one point that year, by the way, he played 16 minutes and did not score in a game against KU at Allen Fieldhouse.)<\/p>\n<p>Perhaps the biggest improvement for Parker when he went to Radford \u2014 which was 16-16 and 9-7 in its conference last season \u2014 was his 3-point shooting. He had been just 21-for-75 (28.0%) in his career at N.C. State before going 60-for-159 with the Highlanders.<\/p>\n<p>Parker said Self called him and told him \u201cHey man, if you\u2019re going to come here, we need you to score the ball.\u201d<\/p>\n<p>\u201cThat\u2019s really what it\u2019s going to have to be,\u201d Parker said. \u201cI feel like the pieces of the team that he brought together for this year (are) great, man.\u201d<\/p>\n<p>But he also described himself as a \u201ctwo-way dog,\u201d noting that he had to be a strong defender before he was a talented scorer, and mentioned he had talked to Melvin Council Jr. about the importance of defense in recent days.<\/p>\n<p>Parker is the 12th player on KU\u2019s roster for 2025-26, joining the transfers Blyden, Dawes and Reeves, returners Paul Mbiya and Kohl Rosario and incoming freshmen Davion Adkins, Luke Barnett, Taylen Kinney, Grant Mordini, Trent Perry and Tyran Stokes. The Jayhawks can add as many as three more.<\/p>\n<p>\u201cI\u2019m excited to play with these young dudes,\u201d Parker said. \u201cTo be experienced in college, I\u2019ve seen a Final Four before, so it\u2019s like I can be one of those guys to just be around them and try to just guide them if they need it.\u201d<\/p>\n<p><meta name=\"__sync_contentCategory\" content=\"premium\"\/>&#13;<br \/>\n\t\t\t\t\t\t\t\t\t\t\t\t&#13;<br \/>\n\t\t\t\t\t\t                            &#13;<br \/>\n                            &#13;<br \/>\n                            \t\t\t\t\t\t<!-- Taboola PRE -->&#13;<br \/>\n&#13;\n\t\t\t\t\t<\/div>\n<p><script>\n  !function(f,b,e,v,n,t,s)\n  {if(f.fbq)return;n=f.fbq=function(){n.callMethod?\n  n.callMethod.apply(n,arguments):n.queue.push(arguments)};\n  if(!f._fbq)f._fbq=n;n.push=n;n.loaded=!0;n.version='2.0';\n  n.queue=[];t=b.createElement(e);t.async=!0;\n  t.src=v;s=b.getElementsByTagName(e)[0];\n  s.parentNode.insertBefore(t,s)}(window, document,'script',\n  'https:\/\/connect.facebook.net\/en_US\/fbevents.js');\n  fbq('init', '179482296264296');\n  fbq('track', 'PageView');\n<\/script><\/p>\n<p><a href=\"https:\/\/www2.ljworld.com\/sports\/ku-mens-basketball\/2026\/may\/07\/radford-transfer-guard-parker-commits-to-ku\/\">Source link <\/a><\/p>\n","protected":false},"excerpt":{"rendered":"<p>&#13; &#13; &#13; photo by: AP Photo\/Chris Seward &#13; Radford guard Dennis Parker Jr. (11) drives past North Carolina guard Isaiah Denis (5) during the second half of an NCAA college basketball game Tuesday, Nov. 11, 2025, in Chapel Hill, N.C. &#13; Dennis Parker Jr., a 6-foot-6 transfer guard who revitalized his career at Radford [&hellip;]<\/p>\n","protected":false},"author":1,"featured_media":123371,"comment_status":"closed","ping_status":"","sticky":false,"template":"","format":"standard","meta":{"googlesitekit_rrm_CAow2JLhCw:productID":"","_gspb_post_css":"","maa_idioma":"","maa_pais":"","footnotes":""},"categories":[1],"tags":[12136,5986,12852,3109,8019,33710,3896,9342],"class_list":["post-123370","post","type-post","status-publish","format-standard","has-post-thumbnail","hentry","category-ubirata","tag-commits","tag-guard","tag-jobs","tag-news","tag-parker","tag-radford","tag-sports","tag-transfer"],"blocksy_meta":[],"yoast_head":"<!-- This site is optimized with the Yoast SEO Premium plugin v27.6 (Yoast SEO v27.6) - https:\/\/yoast.com\/product\/yoast-seo-premium-wordpress\/ -->\n<title>Radford transfer guard Parker commits to KU | News, Sports, Jobs - Ubirat\u00e3 Online Not\u00edcias - A realidade ao seu alcance!<\/title>\n<meta name=\"description\" content=\"&#013; &#013; &#013; photo by: AP Photo\/Chris Seward&#013; Radford guard Dennis Parker Jr. (11) drives past North Carolina guard Isaiah Denis (5) during the\" \/>\n<meta name=\"robots\" content=\"index, follow, max-snippet:-1, max-image-preview:large, max-video-preview:-1\" \/>\n<link rel=\"canonical\" href=\"https:\/\/ubirataonline.com.br\/en\/radford-transfer-guard-parker-commits-to-ku-news-sports-jobs\/\" \/>\n<meta property=\"og:locale\" content=\"en_US\" \/>\n<meta property=\"og:type\" content=\"article\" \/>\n<meta property=\"og:title\" content=\"Radford transfer guard Parker commits to KU | News, Sports, Jobs\" \/>\n<meta property=\"og:description\" content=\"&#013; &#013; &#013; photo by: AP Photo\/Chris Seward&#013; Radford guard Dennis Parker Jr. (11) drives past North Carolina guard Isaiah Denis (5) during the\" \/>\n<meta property=\"og:url\" content=\"https:\/\/ubirataonline.com.br\/en\/radford-transfer-guard-parker-commits-to-ku-news-sports-jobs\/\" \/>\n<meta property=\"og:site_name\" content=\"Ubirat\u00e3 Online Not\u00edcias - A realidade ao seu alcance!\" \/>\n<meta property=\"article:publisher\" content=\"https:\/\/www.facebook.com\/portalubirataonline\" \/>\n<meta property=\"article:author\" content=\"https:\/\/www.facebook.com\/portalubirataonline\" \/>\n<meta property=\"article:published_time\" content=\"2026-05-07T15:06:09+00:00\" \/>\n<meta property=\"article:modified_time\" content=\"2026-05-07T15:06:13+00:00\" \/>\n<meta property=\"og:image\" content=\"https:\/\/ubirataonline.com.br\/wp-content\/uploads\/2026\/05\/Radford-transfer-guard-Parker-commits-to-KU-News-Sports.jpg\" \/>\n\t<meta property=\"og:image:width\" content=\"1100\" \/>\n\t<meta property=\"og:image:height\" content=\"733\" \/>\n\t<meta property=\"og:image:type\" content=\"image\/jpeg\" \/>\n<meta name=\"author\" content=\"REDA\u00c7\u00c3O: UBIRAT\u00c3 ONLINE - F\u00c1BIO AUGUSTO CELESTINO\" \/>\n<meta name=\"twitter:card\" content=\"summary_large_image\" \/>\n<meta name=\"twitter:creator\" content=\"@x.com\/ubirataonline\" \/>\n<meta name=\"twitter:site\" content=\"@ubirataonline\" \/>\n<meta name=\"twitter:label1\" content=\"Written by\" \/>\n\t<meta name=\"twitter:data1\" content=\"REDA\u00c7\u00c3O: UBIRAT\u00c3 ONLINE - F\u00c1BIO AUGUSTO CELESTINO\" \/>\n\t<meta name=\"twitter:label2\" content=\"Est. reading time\" \/>\n\t<meta name=\"twitter:data2\" content=\"3 minutes\" \/>\n<script type=\"application\/ld+json\" class=\"yoast-schema-graph\">{\"@context\":\"https:\\\/\\\/schema.org\",\"@graph\":[{\"@type\":\"NewsArticle\",\"@id\":\"https:\\\/\\\/ubirataonline.com.br\\\/radford-transfer-guard-parker-commits-to-ku-news-sports-jobs\\\/#article\",\"isPartOf\":{\"@id\":\"https:\\\/\\\/ubirataonline.com.br\\\/radford-transfer-guard-parker-commits-to-ku-news-sports-jobs\\\/\"},\"author\":{\"name\":\"REDA\u00c7\u00c3O: UBIRAT\u00c3 ONLINE - F\u00c1BIO AUGUSTO CELESTINO\",\"@id\":\"https:\\\/\\\/ubirataonline.com.br\\\/#\\\/schema\\\/person\\\/372f87bbd3fdd79b8556b84c98d0bc1c\"},\"headline\":\"Radford transfer guard Parker commits to KU | News, Sports, Jobs\",\"datePublished\":\"2026-05-07T15:06:09+00:00\",\"dateModified\":\"2026-05-07T15:06:13+00:00\",\"mainEntityOfPage\":{\"@id\":\"https:\\\/\\\/ubirataonline.com.br\\\/radford-transfer-guard-parker-commits-to-ku-news-sports-jobs\\\/\"},\"wordCount\":569,\"publisher\":{\"@id\":\"https:\\\/\\\/ubirataonline.com.br\\\/#organization\"},\"image\":{\"@id\":\"https:\\\/\\\/ubirataonline.com.br\\\/radford-transfer-guard-parker-commits-to-ku-news-sports-jobs\\\/#primaryimage\"},\"thumbnailUrl\":\"https:\\\/\\\/ubirataonline.com.br\\\/wp-content\\\/uploads\\\/2026\\\/05\\\/Radford-transfer-guard-Parker-commits-to-KU-News-Sports.jpg\",\"keywords\":[\"commits\",\"guard\",\"jobs\",\"News\",\"Parker\",\"Radford\",\"Sports\",\"transfer\"],\"articleSection\":[\"Ubirat\u00e3\"],\"inLanguage\":\"en-US\",\"copyrightYear\":\"2026\",\"copyrightHolder\":{\"@id\":\"https:\\\/\\\/ubirataonline.com.br\\\/en\\\/#organization\"}},{\"@type\":\"WebPage\",\"@id\":\"https:\\\/\\\/ubirataonline.com.br\\\/radford-transfer-guard-parker-commits-to-ku-news-sports-jobs\\\/\",\"url\":\"https:\\\/\\\/ubirataonline.com.br\\\/radford-transfer-guard-parker-commits-to-ku-news-sports-jobs\\\/\",\"name\":\"Radford transfer guard Parker commits to KU | News, Sports, Jobs - Ubirat\u00e3 Online Not\u00edcias - A realidade ao seu alcance!\",\"isPartOf\":{\"@id\":\"https:\\\/\\\/ubirataonline.com.br\\\/#website\"},\"primaryImageOfPage\":{\"@id\":\"https:\\\/\\\/ubirataonline.com.br\\\/radford-transfer-guard-parker-commits-to-ku-news-sports-jobs\\\/#primaryimage\"},\"image\":{\"@id\":\"https:\\\/\\\/ubirataonline.com.br\\\/radford-transfer-guard-parker-commits-to-ku-news-sports-jobs\\\/#primaryimage\"},\"thumbnailUrl\":\"https:\\\/\\\/ubirataonline.com.br\\\/wp-content\\\/uploads\\\/2026\\\/05\\\/Radford-transfer-guard-Parker-commits-to-KU-News-Sports.jpg\",\"datePublished\":\"2026-05-07T15:06:09+00:00\",\"dateModified\":\"2026-05-07T15:06:13+00:00\",\"description\":\"&#13; &#13; &#13; photo by: AP Photo\\\/Chris Seward&#13; Radford guard Dennis Parker Jr. (11) drives past North Carolina guard Isaiah Denis (5) during the\",\"breadcrumb\":{\"@id\":\"https:\\\/\\\/ubirataonline.com.br\\\/radford-transfer-guard-parker-commits-to-ku-news-sports-jobs\\\/#breadcrumb\"},\"inLanguage\":\"en-US\",\"potentialAction\":[{\"@type\":\"ReadAction\",\"target\":[\"https:\\\/\\\/ubirataonline.com.br\\\/radford-transfer-guard-parker-commits-to-ku-news-sports-jobs\\\/\"]}]},{\"@type\":\"ImageObject\",\"inLanguage\":\"en-US\",\"@id\":\"https:\\\/\\\/ubirataonline.com.br\\\/radford-transfer-guard-parker-commits-to-ku-news-sports-jobs\\\/#primaryimage\",\"url\":\"https:\\\/\\\/ubirataonline.com.br\\\/wp-content\\\/uploads\\\/2026\\\/05\\\/Radford-transfer-guard-Parker-commits-to-KU-News-Sports.jpg\",\"contentUrl\":\"https:\\\/\\\/ubirataonline.com.br\\\/wp-content\\\/uploads\\\/2026\\\/05\\\/Radford-transfer-guard-Parker-commits-to-KU-News-Sports.jpg\",\"width\":1100,\"height\":733,\"caption\":\"Radford transfer guard Parker commits to KU | News, Sports, Jobs\"},{\"@type\":\"BreadcrumbList\",\"@id\":\"https:\\\/\\\/ubirataonline.com.br\\\/radford-transfer-guard-parker-commits-to-ku-news-sports-jobs\\\/#breadcrumb\",\"itemListElement\":[{\"@type\":\"ListItem\",\"position\":1,\"name\":\"In\u00edcio\",\"item\":\"https:\\\/\\\/ubirataonline.com.br\\\/\"},{\"@type\":\"ListItem\",\"position\":2,\"name\":\"Radford transfer guard Parker commits to KU | News, Sports, Jobs\"}]},{\"@type\":\"WebSite\",\"@id\":\"https:\\\/\\\/ubirataonline.com.br\\\/#website\",\"url\":\"https:\\\/\\\/ubirataonline.com.br\\\/\",\"name\":\"Ubirat\u00e3 Online Not\u00edcias\",\"description\":\"Not\u00edcias de Ubirat\u00e3, regi\u00e3o, Brasil e mundo, com informa\u00e7\u00e3o atualizada e compromisso com o leitor.\",\"publisher\":{\"@id\":\"https:\\\/\\\/ubirataonline.com.br\\\/#organization\"},\"alternateName\":\"Ubirat\u00e3 Online\",\"potentialAction\":[{\"@type\":\"SearchAction\",\"target\":{\"@type\":\"EntryPoint\",\"urlTemplate\":\"https:\\\/\\\/ubirataonline.com.br\\\/?s={search_term_string}\"},\"query-input\":{\"@type\":\"PropertyValueSpecification\",\"valueRequired\":true,\"valueName\":\"search_term_string\"}}],\"inLanguage\":\"en-US\"},{\"@type\":[\"Organization\",\"Place\"],\"@id\":\"https:\\\/\\\/ubirataonline.com.br\\\/#organization\",\"name\":\"Ubirat\u00e3 Online Not\u00edcias\",\"alternateName\":\"Ubirat\u00e3 Online\",\"url\":\"https:\\\/\\\/ubirataonline.com.br\\\/\",\"logo\":{\"@id\":\"https:\\\/\\\/ubirataonline.com.br\\\/radford-transfer-guard-parker-commits-to-ku-news-sports-jobs\\\/#local-main-organization-logo\"},\"image\":{\"@id\":\"https:\\\/\\\/ubirataonline.com.br\\\/radford-transfer-guard-parker-commits-to-ku-news-sports-jobs\\\/#local-main-organization-logo\"},\"sameAs\":[\"https:\\\/\\\/www.facebook.com\\\/portalubirataonline\",\"https:\\\/\\\/x.com\\\/ubirataonline\",\"https:\\\/\\\/mastodon.social\\\/@ubirataonline\",\"https:\\\/\\\/www.facebook.com\\\/groups\\\/311144672285604\",\"https:\\\/\\\/www.facebook.com\\\/UBTAOnline\",\"https:\\\/\\\/www.instagram.com\\\/portalubirataonline\\\/\",\"https:\\\/\\\/twitter.com\\\/ubirataonline\"],\"description\":\"Somos um portal de not\u00edcias independente, criado em 5 de janeiro de 2009, com o objetivo de informar, conectar e valorizar a nossa comunidade de Ubirat\u00e3 e toda aregi\u00e3o. Com conte\u00fado atualizado, confi\u00e1vel e relevante, o Ubirat\u00e3 Online \u00e9 o seu espa\u00e7o para ficar por dentro dos principais acontecimentos locais, regionais, Brasil, Mundo e de interesse geral. Nosso compromisso \u00e9 com a verdade, a transpar\u00eancia e o respeito ao leitor.\",\"legalName\":\"UBIRATA ONLINE NOT\u00cdCIAS\",\"foundingDate\":\"2009-01-05\",\"numberOfEmployees\":{\"@type\":\"QuantitativeValue\",\"minValue\":\"1\",\"maxValue\":\"10\"},\"publishingPrinciples\":\"https:\\\/\\\/ubirataonline.com.br\\\/faq\\\/\",\"address\":{\"@id\":\"https:\\\/\\\/ubirataonline.com.br\\\/radford-transfer-guard-parker-commits-to-ku-news-sports-jobs\\\/#local-main-place-address\"},\"geo\":{\"@type\":\"GeoCoordinates\",\"latitude\":\"-24.5361401\",\"longitude\":\"-52.9921776\"},\"telephone\":[\"+5544998308235\"],\"contactPoint\":{\"@type\":\"ContactPoint\",\"email\":\"contato@ubirataonline.com.br\"},\"openingHoursSpecification\":{\"@type\":\"OpeningHoursSpecification\",\"dayOfWeek\":[\"Monday\",\"Tuesday\",\"Wednesday\",\"Thursday\",\"Friday\",\"Saturday\",\"Sunday\"],\"opens\":\"00:00\",\"closes\":\"23:59\"},\"email\":\"contato@ubirataonline.com.br\",\"vatID\":\"47.621.418\\\/0001-80\"},{\"@type\":\"Person\",\"@id\":\"https:\\\/\\\/ubirataonline.com.br\\\/#\\\/schema\\\/person\\\/372f87bbd3fdd79b8556b84c98d0bc1c\",\"name\":\"REDA\u00c7\u00c3O: UBIRAT\u00c3 ONLINE - F\u00c1BIO AUGUSTO CELESTINO\",\"pronouns\":\"Ele\",\"description\":\"Desde 2003 trabalhando com not\u00edcias.\",\"sameAs\":[\"http:\\\/\\\/ubirataoline.com.br\",\"https:\\\/\\\/www.facebook.com\\\/portalubirataonline\",\"https:\\\/\\\/www.instagram.com\\\/ubirataonline_oficial\",\"https:\\\/\\\/x.com\\\/x.com\\\/ubirataonline\"],\"honorificPrefix\":\"Mr.\",\"honorificSuffix\":\"MD\",\"birthDate\":\"1980-06-16\",\"gender\":\"masculino\",\"award\":[\"V\u00e1rios pr\u00eamios de melhor portal da cidade\"],\"jobTitle\":\"Diretor\",\"url\":\"https:\\\/\\\/ubirataonline.com.br\\\/en\\\/author\\\/ubirataonline\\\/\"},{\"@type\":\"PostalAddress\",\"@id\":\"https:\\\/\\\/ubirataonline.com.br\\\/radford-transfer-guard-parker-commits-to-ku-news-sports-jobs\\\/#local-main-place-address\",\"streetAddress\":\"Rua dos Coqueiros, 104 - Bairro Boa Vista, Rua dos Coqueiros, 104 Bairro Boa Vista\",\"addressLocality\":\"UBIRATA\",\"postalCode\":\"85440-000\",\"addressRegion\":\"PR\",\"addressCountry\":\"BR\"},{\"@type\":\"ImageObject\",\"inLanguage\":\"en-US\",\"@id\":\"https:\\\/\\\/ubirataonline.com.br\\\/radford-transfer-guard-parker-commits-to-ku-news-sports-jobs\\\/#local-main-organization-logo\",\"url\":\"https:\\\/\\\/ubirataonline.com.br\\\/wp-content\\\/uploads\\\/2026\\\/06\\\/logoubirataonline-1.webp\",\"contentUrl\":\"https:\\\/\\\/ubirataonline.com.br\\\/wp-content\\\/uploads\\\/2026\\\/06\\\/logoubirataonline-1.webp\",\"width\":500,\"height\":500,\"caption\":\"Ubirat\u00e3 Online Not\u00edcias\"}]}<\/script>\n<meta name=\"geo.placename\" content=\"UBIRATA\" \/>\n<meta name=\"geo.position\" content=\"-24.5361401;-52.9921776\" \/>\n<meta name=\"geo.region\" content=\"Brazil\" \/>\n<!-- \/ Yoast SEO Premium plugin. -->","yoast_head_json":{"title":"Radford transfer guard Parker commits to KU | News, Sports, Jobs - Ubirat\u00e3 Online Not\u00edcias - A realidade ao seu alcance!","description":"&#13; &#13; &#13; photo by: AP Photo\/Chris Seward&#13; Radford guard Dennis Parker Jr. (11) drives past North Carolina guard Isaiah Denis (5) during the","robots":{"index":"index","follow":"follow","max-snippet":"max-snippet:-1","max-image-preview":"max-image-preview:large","max-video-preview":"max-video-preview:-1"},"canonical":"https:\/\/ubirataonline.com.br\/en\/radford-transfer-guard-parker-commits-to-ku-news-sports-jobs\/","og_locale":"en_US","og_type":"article","og_title":"Radford transfer guard Parker commits to KU | News, Sports, Jobs","og_description":"&#13; &#13; &#13; photo by: AP Photo\/Chris Seward&#13; Radford guard Dennis Parker Jr. (11) drives past North Carolina guard Isaiah Denis (5) during the","og_url":"https:\/\/ubirataonline.com.br\/en\/radford-transfer-guard-parker-commits-to-ku-news-sports-jobs\/","og_site_name":"Ubirat\u00e3 Online Not\u00edcias - A realidade ao seu alcance!","article_publisher":"https:\/\/www.facebook.com\/portalubirataonline","article_author":"https:\/\/www.facebook.com\/portalubirataonline","article_published_time":"2026-05-07T15:06:09+00:00","article_modified_time":"2026-05-07T15:06:13+00:00","og_image":[{"width":1100,"height":733,"url":"https:\/\/ubirataonline.com.br\/wp-content\/uploads\/2026\/05\/Radford-transfer-guard-Parker-commits-to-KU-News-Sports.jpg","type":"image\/jpeg"}],"author":"REDA\u00c7\u00c3O: UBIRAT\u00c3 ONLINE - F\u00c1BIO AUGUSTO CELESTINO","twitter_card":"summary_large_image","twitter_creator":"@x.com\/ubirataonline","twitter_site":"@ubirataonline","twitter_misc":{"Written by":"REDA\u00c7\u00c3O: UBIRAT\u00c3 ONLINE - F\u00c1BIO AUGUSTO CELESTINO","Est. reading time":"3 minutes"},"schema":{"@context":"https:\/\/schema.org","@graph":[{"@type":"NewsArticle","@id":"https:\/\/ubirataonline.com.br\/radford-transfer-guard-parker-commits-to-ku-news-sports-jobs\/#article","isPartOf":{"@id":"https:\/\/ubirataonline.com.br\/radford-transfer-guard-parker-commits-to-ku-news-sports-jobs\/"},"author":{"name":"REDA\u00c7\u00c3O: UBIRAT\u00c3 ONLINE - F\u00c1BIO AUGUSTO CELESTINO","@id":"https:\/\/ubirataonline.com.br\/#\/schema\/person\/372f87bbd3fdd79b8556b84c98d0bc1c"},"headline":"Radford transfer guard Parker commits to KU | News, Sports, Jobs","datePublished":"2026-05-07T15:06:09+00:00","dateModified":"2026-05-07T15:06:13+00:00","mainEntityOfPage":{"@id":"https:\/\/ubirataonline.com.br\/radford-transfer-guard-parker-commits-to-ku-news-sports-jobs\/"},"wordCount":569,"publisher":{"@id":"https:\/\/ubirataonline.com.br\/#organization"},"image":{"@id":"https:\/\/ubirataonline.com.br\/radford-transfer-guard-parker-commits-to-ku-news-sports-jobs\/#primaryimage"},"thumbnailUrl":"https:\/\/ubirataonline.com.br\/wp-content\/uploads\/2026\/05\/Radford-transfer-guard-Parker-commits-to-KU-News-Sports.jpg","keywords":["commits","guard","jobs","News","Parker","Radford","Sports","transfer"],"articleSection":["Ubirat\u00e3"],"inLanguage":"en-US","copyrightYear":"2026","copyrightHolder":{"@id":"https:\/\/ubirataonline.com.br\/en\/#organization"}},{"@type":"WebPage","@id":"https:\/\/ubirataonline.com.br\/radford-transfer-guard-parker-commits-to-ku-news-sports-jobs\/","url":"https:\/\/ubirataonline.com.br\/radford-transfer-guard-parker-commits-to-ku-news-sports-jobs\/","name":"Radford transfer guard Parker commits to KU | News, Sports, Jobs - Ubirat\u00e3 Online Not\u00edcias - A realidade ao seu alcance!","isPartOf":{"@id":"https:\/\/ubirataonline.com.br\/#website"},"primaryImageOfPage":{"@id":"https:\/\/ubirataonline.com.br\/radford-transfer-guard-parker-commits-to-ku-news-sports-jobs\/#primaryimage"},"image":{"@id":"https:\/\/ubirataonline.com.br\/radford-transfer-guard-parker-commits-to-ku-news-sports-jobs\/#primaryimage"},"thumbnailUrl":"https:\/\/ubirataonline.com.br\/wp-content\/uploads\/2026\/05\/Radford-transfer-guard-Parker-commits-to-KU-News-Sports.jpg","datePublished":"2026-05-07T15:06:09+00:00","dateModified":"2026-05-07T15:06:13+00:00","description":"&#13; &#13; &#13; photo by: AP Photo\/Chris Seward&#13; Radford guard Dennis Parker Jr. (11) drives past North Carolina guard Isaiah Denis (5) during the","breadcrumb":{"@id":"https:\/\/ubirataonline.com.br\/radford-transfer-guard-parker-commits-to-ku-news-sports-jobs\/#breadcrumb"},"inLanguage":"en-US","potentialAction":[{"@type":"ReadAction","target":["https:\/\/ubirataonline.com.br\/radford-transfer-guard-parker-commits-to-ku-news-sports-jobs\/"]}]},{"@type":"ImageObject","inLanguage":"en-US","@id":"https:\/\/ubirataonline.com.br\/radford-transfer-guard-parker-commits-to-ku-news-sports-jobs\/#primaryimage","url":"https:\/\/ubirataonline.com.br\/wp-content\/uploads\/2026\/05\/Radford-transfer-guard-Parker-commits-to-KU-News-Sports.jpg","contentUrl":"https:\/\/ubirataonline.com.br\/wp-content\/uploads\/2026\/05\/Radford-transfer-guard-Parker-commits-to-KU-News-Sports.jpg","width":1100,"height":733,"caption":"Radford transfer guard Parker commits to KU | News, Sports, Jobs"},{"@type":"BreadcrumbList","@id":"https:\/\/ubirataonline.com.br\/radford-transfer-guard-parker-commits-to-ku-news-sports-jobs\/#breadcrumb","itemListElement":[{"@type":"ListItem","position":1,"name":"In\u00edcio","item":"https:\/\/ubirataonline.com.br\/"},{"@type":"ListItem","position":2,"name":"Radford transfer guard Parker commits to KU | News, Sports, Jobs"}]},{"@type":"WebSite","@id":"https:\/\/ubirataonline.com.br\/#website","url":"https:\/\/ubirataonline.com.br\/","name":"Ubirat\u00e3 Online Not\u00edcias","description":"Not\u00edcias de Ubirat\u00e3, regi\u00e3o, Brasil e mundo, com informa\u00e7\u00e3o atualizada e compromisso com o leitor.","publisher":{"@id":"https:\/\/ubirataonline.com.br\/#organization"},"alternateName":"Ubirat\u00e3 Online","potentialAction":[{"@type":"SearchAction","target":{"@type":"EntryPoint","urlTemplate":"https:\/\/ubirataonline.com.br\/?s={search_term_string}"},"query-input":{"@type":"PropertyValueSpecification","valueRequired":true,"valueName":"search_term_string"}}],"inLanguage":"en-US"},{"@type":["Organization","Place"],"@id":"https:\/\/ubirataonline.com.br\/#organization","name":"Ubirat\u00e3 Online Not\u00edcias","alternateName":"Ubirat\u00e3 Online","url":"https:\/\/ubirataonline.com.br\/","logo":{"@id":"https:\/\/ubirataonline.com.br\/radford-transfer-guard-parker-commits-to-ku-news-sports-jobs\/#local-main-organization-logo"},"image":{"@id":"https:\/\/ubirataonline.com.br\/radford-transfer-guard-parker-commits-to-ku-news-sports-jobs\/#local-main-organization-logo"},"sameAs":["https:\/\/www.facebook.com\/portalubirataonline","https:\/\/x.com\/ubirataonline","https:\/\/mastodon.social\/@ubirataonline","https:\/\/www.facebook.com\/groups\/311144672285604","https:\/\/www.facebook.com\/UBTAOnline","https:\/\/www.instagram.com\/portalubirataonline\/","https:\/\/twitter.com\/ubirataonline"],"description":"Somos um portal de not\u00edcias independente, criado em 5 de janeiro de 2009, com o objetivo de informar, conectar e valorizar a nossa comunidade de Ubirat\u00e3 e toda aregi\u00e3o. Com conte\u00fado atualizado, confi\u00e1vel e relevante, o Ubirat\u00e3 Online \u00e9 o seu espa\u00e7o para ficar por dentro dos principais acontecimentos locais, regionais, Brasil, Mundo e de interesse geral. Nosso compromisso \u00e9 com a verdade, a transpar\u00eancia e o respeito ao leitor.","legalName":"UBIRATA ONLINE NOT\u00cdCIAS","foundingDate":"2009-01-05","numberOfEmployees":{"@type":"QuantitativeValue","minValue":"1","maxValue":"10"},"publishingPrinciples":"https:\/\/ubirataonline.com.br\/faq\/","address":{"@id":"https:\/\/ubirataonline.com.br\/radford-transfer-guard-parker-commits-to-ku-news-sports-jobs\/#local-main-place-address"},"geo":{"@type":"GeoCoordinates","latitude":"-24.5361401","longitude":"-52.9921776"},"telephone":["+5544998308235"],"contactPoint":{"@type":"ContactPoint","email":"contato@ubirataonline.com.br"},"openingHoursSpecification":{"@type":"OpeningHoursSpecification","dayOfWeek":["Monday","Tuesday","Wednesday","Thursday","Friday","Saturday","Sunday"],"opens":"00:00","closes":"23:59"},"email":"contato@ubirataonline.com.br","vatID":"47.621.418\/0001-80"},{"@type":"Person","@id":"https:\/\/ubirataonline.com.br\/#\/schema\/person\/372f87bbd3fdd79b8556b84c98d0bc1c","name":"REDA\u00c7\u00c3O: UBIRAT\u00c3 ONLINE - F\u00c1BIO AUGUSTO CELESTINO","pronouns":"Ele","description":"Desde 2003 trabalhando com not\u00edcias.","sameAs":["http:\/\/ubirataoline.com.br","https:\/\/www.facebook.com\/portalubirataonline","https:\/\/www.instagram.com\/ubirataonline_oficial","https:\/\/x.com\/x.com\/ubirataonline"],"honorificPrefix":"Mr.","honorificSuffix":"MD","birthDate":"1980-06-16","gender":"masculino","award":["V\u00e1rios pr\u00eamios de melhor portal da cidade"],"jobTitle":"Diretor","url":"https:\/\/ubirataonline.com.br\/en\/author\/ubirataonline\/"},{"@type":"PostalAddress","@id":"https:\/\/ubirataonline.com.br\/radford-transfer-guard-parker-commits-to-ku-news-sports-jobs\/#local-main-place-address","streetAddress":"Rua dos Coqueiros, 104 - Bairro Boa Vista, Rua dos Coqueiros, 104 Bairro Boa Vista","addressLocality":"UBIRATA","postalCode":"85440-000","addressRegion":"PR","addressCountry":"BR"},{"@type":"ImageObject","inLanguage":"en-US","@id":"https:\/\/ubirataonline.com.br\/radford-transfer-guard-parker-commits-to-ku-news-sports-jobs\/#local-main-organization-logo","url":"https:\/\/ubirataonline.com.br\/wp-content\/uploads\/2026\/06\/logoubirataonline-1.webp","contentUrl":"https:\/\/ubirataonline.com.br\/wp-content\/uploads\/2026\/06\/logoubirataonline-1.webp","width":500,"height":500,"caption":"Ubirat\u00e3 Online Not\u00edcias"}]},"geo.placename":"UBIRATA","geo.position":{"lat":"-24.5361401","long":"-52.9921776"},"geo.region":"Brazil"},"_links":{"self":[{"href":"https:\/\/ubirataonline.com.br\/en\/wp-json\/wp\/v2\/posts\/123370","targetHints":{"allow":["GET"]}}],"collection":[{"href":"https:\/\/ubirataonline.com.br\/en\/wp-json\/wp\/v2\/posts"}],"about":[{"href":"https:\/\/ubirataonline.com.br\/en\/wp-json\/wp\/v2\/types\/post"}],"author":[{"embeddable":true,"href":"https:\/\/ubirataonline.com.br\/en\/wp-json\/wp\/v2\/users\/1"}],"replies":[{"embeddable":true,"href":"https:\/\/ubirataonline.com.br\/en\/wp-json\/wp\/v2\/comments?post=123370"}],"version-history":[{"count":0,"href":"https:\/\/ubirataonline.com.br\/en\/wp-json\/wp\/v2\/posts\/123370\/revisions"}],"wp:featuredmedia":[{"embeddable":true,"href":"https:\/\/ubirataonline.com.br\/en\/wp-json\/wp\/v2\/media\/123371"}],"wp:attachment":[{"href":"https:\/\/ubirataonline.com.br\/en\/wp-json\/wp\/v2\/media?parent=123370"}],"wp:term":[{"taxonomy":"category","embeddable":true,"href":"https:\/\/ubirataonline.com.br\/en\/wp-json\/wp\/v2\/categories?post=123370"},{"taxonomy":"post_tag","embeddable":true,"href":"https:\/\/ubirataonline.com.br\/en\/wp-json\/wp\/v2\/tags?post=123370"}],"curies":[{"name":"wp","href":"https:\/\/api.w.org\/{rel}","templated":true}]}}