{"id":123381,"date":"2026-05-07T12:33:18","date_gmt":"2026-05-07T15:33:18","guid":{"rendered":"https:\/\/ubirataonline.com.br\/karoline-leavitt-announces-birth-of-baby-girl\/"},"modified":"2026-05-07T12:33:21","modified_gmt":"2026-05-07T15:33:21","slug":"karoline-leavitt-announces-birth-of-baby-girl","status":"publish","type":"post","link":"https:\/\/ubirataonline.com.br\/en\/karoline-leavitt-announces-birth-of-baby-girl\/","title":{"rendered":"Karoline Leavitt announces birth of baby girl"},"content":{"rendered":"<p><br \/>\n<\/p>\n<div data-editable=\"content\" itemprop=\"articleBody\" data-reorderable=\"content\">\n<p class=\"paragraph-elevate inline-placeholder vossi-paragraph_elevate\" data-uri=\"cms.cnn.com\/_components\/paragraph\/instances\/cmovkysd4002u2apcf0xkcluu@published\" data-editable=\"text\" data-component-name=\"paragraph\" data-article-gutter=\"true\">\n            White House press secretary Karoline Leavitt on Thursday announced the birth of her daughter Viviana, saying she is \u201cperfect and healthy.\u201d\n    <\/p>\n<p class=\"paragraph-elevate inline-placeholder vossi-paragraph_elevate\" data-uri=\"cms.cnn.com\/_components\/paragraph\/instances\/cmovkywf800013b6rs6vvt6qz@published\" data-editable=\"text\" data-component-name=\"paragraph\" data-article-gutter=\"true\">\n            \u201cOn May 1st, Viviana aka \u2018Vivi\u2019 joined our family, and our hearts instantly exploded with love,\u201d Leavitt said <a href=\"https:\/\/www.instagram.com\/p\/DYCkTFqEl43\/?igsh=NWQ2c2N6dDkxNWFr\" target=\"_blank\">in a post<\/a> on Instagram.\n    <\/p>\n<p class=\"paragraph-elevate inline-placeholder vossi-paragraph_elevate\" data-uri=\"cms.cnn.com\/_components\/paragraph\/instances\/cmovkywf800023b6rdjj6smus@published\" data-editable=\"text\" data-component-name=\"paragraph\" data-article-gutter=\"true\">\n            \u201cShe is perfect and healthy, and her big brother is joyfully adjusting to life with his new baby sister. We are enjoying every moment in our blissful newborn bubble,\u201d she added.\n    <\/p>\n<div data-uri=\"cms.cnn.com\/_components\/image\/instances\/cmovlk4ry00003b6rcw68egsn@published\" class=\"image_large-elevate vossi-image_large-elevate  image_large__hide-placeholder\" data-image-variation=\"image_large\" data-name=\"karolineleavitt_1778162771_3891832669420543543_52665462.jpg\" data-component-name=\"image\" data-observe-resizes=\"\" data-breakpoints=\"{\" image_large--eq-extra-small=\"\" data-original-ratio=\"1\" data-original-height=\"1440\" data-original-width=\"1440\" data-url=\"https:\/\/media.cnn.com\/api\/v1\/images\/stellar\/prod\/karolineleavitt-1778162771-3891832669420543543-52665462.jpg?c=original\" data-editable=\"settings\" data-article-gutter=\"true\">\n<div class=\"image_large__container\" data-image-variation=\"image_large\" data-breakpoints=\"{\" image_large--eq-extra-small=\"\">\n       <picture class=\"image_large__picture\"><source height=\"undefined\" width=\"679\" media=\"(max-width: 479px)\" srcset=\"https:\/\/media.cnn.com\/api\/v1\/images\/stellar\/prod\/karolineleavitt-1778162771-3891832669420543543-52665462.jpg?c=original&amp;q=w_679,c_fill\/f_webp\" type=\"image\/webp\"><source height=\"undefined\" width=\"967\" media=\"(min-width: 480px) and (max-width: 767px)\" srcset=\"https:\/\/media.cnn.com\/api\/v1\/images\/stellar\/prod\/karolineleavitt-1778162771-3891832669420543543-52665462.jpg?c=original&amp;q=w_967,c_fill\/f_webp\" type=\"image\/webp\"><source height=\"undefined\" width=\"860\" media=\"(min-width: 768px) and (max-width: 1023px)\" srcset=\"https:\/\/media.cnn.com\/api\/v1\/images\/stellar\/prod\/karolineleavitt-1778162771-3891832669420543543-52665462.jpg?c=original&amp;q=w_860,c_fill\/f_webp\" type=\"image\/webp\"><source height=\"undefined\" width=\"860\" media=\"(min-width: 1024px) and (max-width: 1279px)\" srcset=\"https:\/\/media.cnn.com\/api\/v1\/images\/stellar\/prod\/karolineleavitt-1778162771-3891832669420543543-52665462.jpg?c=original&amp;q=w_860,c_fill\/f_webp\" type=\"image\/webp\"><source height=\"undefined\" width=\"860\" media=\"(min-width: 1280px)\" srcset=\"https:\/\/media.cnn.com\/api\/v1\/images\/stellar\/prod\/karolineleavitt-1778162771-3891832669420543543-52665462.jpg?c=original&amp;q=w_860,c_fill\/f_webp\" type=\"image\/webp\"><\/source><\/source><\/source><\/source><\/source><\/picture>\n    <\/div>\n<\/div>\n<p class=\"paragraph-elevate inline-placeholder vossi-paragraph_elevate\" data-uri=\"cms.cnn.com\/_components\/paragraph\/instances\/cmovkywf800033b6r7du6cw3c@published\" data-editable=\"text\" data-component-name=\"paragraph\" data-article-gutter=\"true\">\n            This is Leavitt\u2019s second child with husband Nicholas Riccio.\n    <\/p>\n<p class=\"paragraph-elevate inline-placeholder vossi-paragraph_elevate\" data-uri=\"cms.cnn.com\/_components\/paragraph\/instances\/cmovlgp3i00013b6rw2xcfbyr@published\" data-editable=\"text\" data-component-name=\"paragraph\" data-article-gutter=\"true\">\n            Less than a week before she gave birth, Leavitt was at the White House Correspondents\u2019 Dinner and entertainer Oz Pearlman, known as \u201cOz the Mentalist,\u201d was attempting to guess her baby\u2019s name. During his reveal, when he guessed the name \u201cVivian,\u201d attendees became aware of a gunman trying to get into the room.\n    <\/p>\n<p class=\"paragraph-elevate inline-placeholder vossi-paragraph_elevate\" data-uri=\"cms.cnn.com\/_components\/paragraph\/instances\/cmovlgpzx00033b6r2grrlv9y@published\" data-editable=\"text\" data-component-name=\"paragraph\" data-article-gutter=\"true\">\n            \u201cThey were asking the name of Karoline\u2019s child that he didn\u2019t know,\u201d President Donald Trump told CBS News\u2019 \u201c60 Minutes\u201d about the incident.\n    <\/p>\n<p class=\"paragraph-elevate inline-placeholder vossi-paragraph_elevate\" data-uri=\"cms.cnn.com\/_components\/paragraph\/instances\/cmovlgpzx00043b6ru1vwari8@published\" data-editable=\"text\" data-component-name=\"paragraph\" data-article-gutter=\"true\">\n            While Leavitt is on maternity leave, Cabinet members have been asked to help brief the press.\n    <\/p>\n<p class=\"paragraph-elevate inline-placeholder vossi-paragraph_elevate\" data-uri=\"cms.cnn.com\/_components\/paragraph\/instances\/cmovlgpzx00053b6re50qyck5@published\" data-editable=\"text\" data-component-name=\"paragraph\" data-article-gutter=\"true\">\n            Secretary of State Marco Rubio made his debut in the press briefing room on Tuesday, with one White House official calling him \u201ca natural\u201d and praising the secretary for his message on Iran.\n    <\/p>\n<p class=\"paragraph-elevate inline-placeholder vossi-paragraph_elevate\" data-uri=\"cms.cnn.com\/_components\/paragraph\/instances\/cmovlgpzx00063b6r9ezsvdfk@published\" data-editable=\"text\" data-component-name=\"paragraph\" data-article-gutter=\"true\">\n            Vice President JD Vance is also expected to make an appearance. Treasury Secretary Scott Bessent and other \u201cTV thoroughbreds\u201d could be tapped and \u201cmaybe even the president himself\u201d could make an appearance, per the official.\n    <\/p>\n<p class=\"paragraph-elevate inline-placeholder vossi-paragraph_elevate\" data-uri=\"cms.cnn.com\/_components\/paragraph\/instances\/cmovkysd4002v2apc2mmlcczg@published\" data-editable=\"text\" data-component-name=\"paragraph\" data-article-gutter=\"true\">\n            <em>This story has been updated with additional context.<\/em>\n    <\/p>\n<p class=\"paragraph-elevate inline-placeholder vossi-paragraph_elevate\" data-uri=\"cms.cnn.com\/_components\/paragraph\/instances\/cmovlneyo000g3b6r05bxx4z0@published\" data-editable=\"text\" data-component-name=\"paragraph\" data-article-gutter=\"true\">\n            <em>Kit Maher contributed to this report.<\/em>\n    <\/p>\n<\/p><\/div>\n<p><script async src=\"\/\/www.instagram.com\/embed.js\"><\/script><br \/>\n<br \/><br \/>\n<br \/><a href=\"https:\/\/www.cnn.com\/2026\/05\/07\/politics\/karoline-leavitt-baby-girl\">Source link <\/a><\/p>","protected":false},"excerpt":{"rendered":"<p>White House press secretary Karoline Leavitt on Thursday announced the birth of her daughter Viviana, saying she is \u201cperfect and healthy.\u201d \u201cOn May 1st, Viviana aka \u2018Vivi\u2019 joined our family, and our hearts instantly exploded with love,\u201d Leavitt said in a post on Instagram. \u201cShe is perfect and healthy, and her big brother is joyfully [&hellip;]<\/p>\n","protected":false},"author":1,"featured_media":123382,"comment_status":"closed","ping_status":"","sticky":false,"template":"","format":"standard","meta":{"googlesitekit_rrm_CAow2JLhCw:productID":"","_gspb_post_css":"","maa_idioma":"","maa_pais":"","footnotes":""},"categories":[1],"tags":[4116,11544,19233,15574,25788,17078],"class_list":["post-123381","post","type-post","status-publish","format-standard","has-post-thumbnail","hentry","category-ubirata","tag-announces","tag-baby","tag-birth","tag-girl","tag-karoline","tag-leavitt"],"blocksy_meta":[],"yoast_head":"<!-- This site is optimized with the Yoast SEO Premium plugin v27.6 (Yoast SEO v27.6) - https:\/\/yoast.com\/product\/yoast-seo-premium-wordpress\/ -->\n<title>Karoline Leavitt announces birth of baby girl - Ubirat\u00e3 Online Not\u00edcias - A realidade ao seu alcance!<\/title>\n<meta name=\"description\" content=\"White House press secretary Karoline Leavitt on Thursday announced the birth of her daughter Viviana, saying she is \u201cperfect and healthy.\u201d \u201cOn May 1st,\" \/>\n<meta name=\"robots\" content=\"index, follow, max-snippet:-1, max-image-preview:large, max-video-preview:-1\" \/>\n<link rel=\"canonical\" href=\"https:\/\/ubirataonline.com.br\/en\/karoline-leavitt-announces-birth-of-baby-girl\/\" \/>\n<meta property=\"og:locale\" content=\"en_US\" \/>\n<meta property=\"og:type\" content=\"article\" \/>\n<meta property=\"og:title\" content=\"Karoline Leavitt announces birth of baby girl\" \/>\n<meta property=\"og:description\" content=\"White House press secretary Karoline Leavitt on Thursday announced the birth of her daughter Viviana, saying she is \u201cperfect and healthy.\u201d \u201cOn May 1st,\" \/>\n<meta property=\"og:url\" content=\"https:\/\/ubirataonline.com.br\/en\/karoline-leavitt-announces-birth-of-baby-girl\/\" \/>\n<meta property=\"og:site_name\" content=\"Ubirat\u00e3 Online Not\u00edcias - A realidade ao seu alcance!\" \/>\n<meta property=\"article:publisher\" content=\"https:\/\/www.facebook.com\/portalubirataonline\" \/>\n<meta property=\"article:author\" content=\"https:\/\/www.facebook.com\/portalubirataonline\" \/>\n<meta property=\"article:published_time\" content=\"2026-05-07T15:33:18+00:00\" \/>\n<meta property=\"article:modified_time\" content=\"2026-05-07T15:33:21+00:00\" \/>\n<meta property=\"og:image\" content=\"https:\/\/ubirataonline.com.br\/wp-content\/uploads\/2026\/05\/Karoline-Leavitt-announces-birth-of-baby-girl.jpg\" \/>\n\t<meta property=\"og:image:width\" content=\"800\" \/>\n\t<meta property=\"og:image:height\" content=\"450\" \/>\n\t<meta property=\"og:image:type\" content=\"image\/jpeg\" \/>\n<meta name=\"author\" content=\"REDA\u00c7\u00c3O: UBIRAT\u00c3 ONLINE - F\u00c1BIO AUGUSTO CELESTINO\" \/>\n<meta name=\"twitter:card\" content=\"summary_large_image\" \/>\n<meta name=\"twitter:creator\" content=\"@x.com\/ubirataonline\" \/>\n<meta name=\"twitter:site\" content=\"@ubirataonline\" \/>\n<meta name=\"twitter:label1\" content=\"Written by\" \/>\n\t<meta name=\"twitter:data1\" content=\"REDA\u00c7\u00c3O: UBIRAT\u00c3 ONLINE - F\u00c1BIO AUGUSTO CELESTINO\" \/>\n\t<meta name=\"twitter:label2\" content=\"Est. reading time\" \/>\n\t<meta name=\"twitter:data2\" content=\"1 minute\" \/>\n<script type=\"application\/ld+json\" class=\"yoast-schema-graph\">{\"@context\":\"https:\\\/\\\/schema.org\",\"@graph\":[{\"@type\":\"NewsArticle\",\"@id\":\"https:\\\/\\\/ubirataonline.com.br\\\/karoline-leavitt-announces-birth-of-baby-girl\\\/#article\",\"isPartOf\":{\"@id\":\"https:\\\/\\\/ubirataonline.com.br\\\/karoline-leavitt-announces-birth-of-baby-girl\\\/\"},\"author\":{\"name\":\"REDA\u00c7\u00c3O: UBIRAT\u00c3 ONLINE - F\u00c1BIO AUGUSTO CELESTINO\",\"@id\":\"https:\\\/\\\/ubirataonline.com.br\\\/#\\\/schema\\\/person\\\/372f87bbd3fdd79b8556b84c98d0bc1c\"},\"headline\":\"Karoline Leavitt announces birth of baby girl\",\"datePublished\":\"2026-05-07T15:33:18+00:00\",\"dateModified\":\"2026-05-07T15:33:21+00:00\",\"mainEntityOfPage\":{\"@id\":\"https:\\\/\\\/ubirataonline.com.br\\\/karoline-leavitt-announces-birth-of-baby-girl\\\/\"},\"wordCount\":272,\"publisher\":{\"@id\":\"https:\\\/\\\/ubirataonline.com.br\\\/#organization\"},\"image\":{\"@id\":\"https:\\\/\\\/ubirataonline.com.br\\\/karoline-leavitt-announces-birth-of-baby-girl\\\/#primaryimage\"},\"thumbnailUrl\":\"https:\\\/\\\/ubirataonline.com.br\\\/wp-content\\\/uploads\\\/2026\\\/05\\\/Karoline-Leavitt-announces-birth-of-baby-girl.jpg\",\"keywords\":[\"announces\",\"Baby\",\"birth\",\"girl\",\"Karoline\",\"Leavitt\"],\"articleSection\":[\"Ubirat\u00e3\"],\"inLanguage\":\"en-US\",\"copyrightYear\":\"2026\",\"copyrightHolder\":{\"@id\":\"https:\\\/\\\/ubirataonline.com.br\\\/en\\\/#organization\"}},{\"@type\":\"WebPage\",\"@id\":\"https:\\\/\\\/ubirataonline.com.br\\\/karoline-leavitt-announces-birth-of-baby-girl\\\/\",\"url\":\"https:\\\/\\\/ubirataonline.com.br\\\/karoline-leavitt-announces-birth-of-baby-girl\\\/\",\"name\":\"Karoline Leavitt announces birth of baby girl - Ubirat\u00e3 Online Not\u00edcias - A realidade ao seu alcance!\",\"isPartOf\":{\"@id\":\"https:\\\/\\\/ubirataonline.com.br\\\/#website\"},\"primaryImageOfPage\":{\"@id\":\"https:\\\/\\\/ubirataonline.com.br\\\/karoline-leavitt-announces-birth-of-baby-girl\\\/#primaryimage\"},\"image\":{\"@id\":\"https:\\\/\\\/ubirataonline.com.br\\\/karoline-leavitt-announces-birth-of-baby-girl\\\/#primaryimage\"},\"thumbnailUrl\":\"https:\\\/\\\/ubirataonline.com.br\\\/wp-content\\\/uploads\\\/2026\\\/05\\\/Karoline-Leavitt-announces-birth-of-baby-girl.jpg\",\"datePublished\":\"2026-05-07T15:33:18+00:00\",\"dateModified\":\"2026-05-07T15:33:21+00:00\",\"description\":\"White House press secretary Karoline Leavitt on Thursday announced the birth of her daughter Viviana, saying she is \u201cperfect and healthy.\u201d \u201cOn May 1st,\",\"breadcrumb\":{\"@id\":\"https:\\\/\\\/ubirataonline.com.br\\\/karoline-leavitt-announces-birth-of-baby-girl\\\/#breadcrumb\"},\"inLanguage\":\"en-US\",\"potentialAction\":[{\"@type\":\"ReadAction\",\"target\":[\"https:\\\/\\\/ubirataonline.com.br\\\/karoline-leavitt-announces-birth-of-baby-girl\\\/\"]}]},{\"@type\":\"ImageObject\",\"inLanguage\":\"en-US\",\"@id\":\"https:\\\/\\\/ubirataonline.com.br\\\/karoline-leavitt-announces-birth-of-baby-girl\\\/#primaryimage\",\"url\":\"https:\\\/\\\/ubirataonline.com.br\\\/wp-content\\\/uploads\\\/2026\\\/05\\\/Karoline-Leavitt-announces-birth-of-baby-girl.jpg\",\"contentUrl\":\"https:\\\/\\\/ubirataonline.com.br\\\/wp-content\\\/uploads\\\/2026\\\/05\\\/Karoline-Leavitt-announces-birth-of-baby-girl.jpg\",\"width\":800,\"height\":450,\"caption\":\"Andrew Harnik\\\/Getty Images\\\/FILE\"},{\"@type\":\"BreadcrumbList\",\"@id\":\"https:\\\/\\\/ubirataonline.com.br\\\/karoline-leavitt-announces-birth-of-baby-girl\\\/#breadcrumb\",\"itemListElement\":[{\"@type\":\"ListItem\",\"position\":1,\"name\":\"In\u00edcio\",\"item\":\"https:\\\/\\\/ubirataonline.com.br\\\/\"},{\"@type\":\"ListItem\",\"position\":2,\"name\":\"Karoline Leavitt announces birth of baby girl\"}]},{\"@type\":\"WebSite\",\"@id\":\"https:\\\/\\\/ubirataonline.com.br\\\/#website\",\"url\":\"https:\\\/\\\/ubirataonline.com.br\\\/\",\"name\":\"Ubirat\u00e3 Online Not\u00edcias\",\"description\":\"Not\u00edcias de Ubirat\u00e3, regi\u00e3o, Brasil e mundo, com informa\u00e7\u00e3o atualizada e compromisso com o leitor.\",\"publisher\":{\"@id\":\"https:\\\/\\\/ubirataonline.com.br\\\/#organization\"},\"alternateName\":\"Ubirat\u00e3 Online\",\"potentialAction\":[{\"@type\":\"SearchAction\",\"target\":{\"@type\":\"EntryPoint\",\"urlTemplate\":\"https:\\\/\\\/ubirataonline.com.br\\\/?s={search_term_string}\"},\"query-input\":{\"@type\":\"PropertyValueSpecification\",\"valueRequired\":true,\"valueName\":\"search_term_string\"}}],\"inLanguage\":\"en-US\"},{\"@type\":[\"Organization\",\"Place\"],\"@id\":\"https:\\\/\\\/ubirataonline.com.br\\\/#organization\",\"name\":\"Ubirat\u00e3 Online Not\u00edcias\",\"alternateName\":\"Ubirat\u00e3 Online\",\"url\":\"https:\\\/\\\/ubirataonline.com.br\\\/\",\"logo\":{\"@id\":\"https:\\\/\\\/ubirataonline.com.br\\\/karoline-leavitt-announces-birth-of-baby-girl\\\/#local-main-organization-logo\"},\"image\":{\"@id\":\"https:\\\/\\\/ubirataonline.com.br\\\/karoline-leavitt-announces-birth-of-baby-girl\\\/#local-main-organization-logo\"},\"sameAs\":[\"https:\\\/\\\/www.facebook.com\\\/portalubirataonline\",\"https:\\\/\\\/x.com\\\/ubirataonline\",\"https:\\\/\\\/mastodon.social\\\/@ubirataonline\",\"https:\\\/\\\/www.facebook.com\\\/groups\\\/311144672285604\",\"https:\\\/\\\/www.facebook.com\\\/UBTAOnline\",\"https:\\\/\\\/www.instagram.com\\\/portalubirataonline\\\/\",\"https:\\\/\\\/twitter.com\\\/ubirataonline\"],\"description\":\"Somos um portal de not\u00edcias independente, criado em 5 de janeiro de 2009, com o objetivo de informar, conectar e valorizar a nossa comunidade de Ubirat\u00e3 e toda aregi\u00e3o. Com conte\u00fado atualizado, confi\u00e1vel e relevante, o Ubirat\u00e3 Online \u00e9 o seu espa\u00e7o para ficar por dentro dos principais acontecimentos locais, regionais, Brasil, Mundo e de interesse geral. Nosso compromisso \u00e9 com a verdade, a transpar\u00eancia e o respeito ao leitor.\",\"legalName\":\"UBIRATA ONLINE NOT\u00cdCIAS\",\"foundingDate\":\"2009-01-05\",\"numberOfEmployees\":{\"@type\":\"QuantitativeValue\",\"minValue\":\"1\",\"maxValue\":\"10\"},\"publishingPrinciples\":\"https:\\\/\\\/ubirataonline.com.br\\\/faq\\\/\",\"address\":{\"@id\":\"https:\\\/\\\/ubirataonline.com.br\\\/karoline-leavitt-announces-birth-of-baby-girl\\\/#local-main-place-address\"},\"geo\":{\"@type\":\"GeoCoordinates\",\"latitude\":\"-24.5361401\",\"longitude\":\"-52.9921776\"},\"telephone\":[\"+5544998308235\"],\"contactPoint\":{\"@type\":\"ContactPoint\",\"email\":\"contato@ubirataonline.com.br\"},\"openingHoursSpecification\":{\"@type\":\"OpeningHoursSpecification\",\"dayOfWeek\":[\"Monday\",\"Tuesday\",\"Wednesday\",\"Thursday\",\"Friday\",\"Saturday\",\"Sunday\"],\"opens\":\"00:00\",\"closes\":\"23:59\"},\"email\":\"contato@ubirataonline.com.br\",\"vatID\":\"47.621.418\\\/0001-80\"},{\"@type\":\"Person\",\"@id\":\"https:\\\/\\\/ubirataonline.com.br\\\/#\\\/schema\\\/person\\\/372f87bbd3fdd79b8556b84c98d0bc1c\",\"name\":\"REDA\u00c7\u00c3O: UBIRAT\u00c3 ONLINE - F\u00c1BIO AUGUSTO CELESTINO\",\"pronouns\":\"Ele\",\"description\":\"Desde 2003 trabalhando com not\u00edcias.\",\"sameAs\":[\"http:\\\/\\\/ubirataoline.com.br\",\"https:\\\/\\\/www.facebook.com\\\/portalubirataonline\",\"https:\\\/\\\/www.instagram.com\\\/ubirataonline_oficial\",\"https:\\\/\\\/x.com\\\/x.com\\\/ubirataonline\"],\"honorificPrefix\":\"Mr.\",\"honorificSuffix\":\"MD\",\"birthDate\":\"1980-06-16\",\"gender\":\"masculino\",\"award\":[\"V\u00e1rios pr\u00eamios de melhor portal da cidade\"],\"jobTitle\":\"Diretor\",\"url\":\"https:\\\/\\\/ubirataonline.com.br\\\/en\\\/author\\\/ubirataonline\\\/\"},{\"@type\":\"PostalAddress\",\"@id\":\"https:\\\/\\\/ubirataonline.com.br\\\/karoline-leavitt-announces-birth-of-baby-girl\\\/#local-main-place-address\",\"streetAddress\":\"Rua dos Coqueiros, 104 - Bairro Boa Vista, Rua dos Coqueiros, 104 Bairro Boa Vista\",\"addressLocality\":\"UBIRATA\",\"postalCode\":\"85440-000\",\"addressRegion\":\"PR\",\"addressCountry\":\"BR\"},{\"@type\":\"ImageObject\",\"inLanguage\":\"en-US\",\"@id\":\"https:\\\/\\\/ubirataonline.com.br\\\/karoline-leavitt-announces-birth-of-baby-girl\\\/#local-main-organization-logo\",\"url\":\"https:\\\/\\\/ubirataonline.com.br\\\/wp-content\\\/uploads\\\/2026\\\/06\\\/logoubirataonline-1.webp\",\"contentUrl\":\"https:\\\/\\\/ubirataonline.com.br\\\/wp-content\\\/uploads\\\/2026\\\/06\\\/logoubirataonline-1.webp\",\"width\":500,\"height\":500,\"caption\":\"Ubirat\u00e3 Online Not\u00edcias\"}]}<\/script>\n<meta name=\"geo.placename\" content=\"UBIRATA\" \/>\n<meta name=\"geo.position\" content=\"-24.5361401;-52.9921776\" \/>\n<meta name=\"geo.region\" content=\"Brazil\" \/>\n<!-- \/ Yoast SEO Premium plugin. -->","yoast_head_json":{"title":"Karoline Leavitt announces birth of baby girl - Ubirat\u00e3 Online Not\u00edcias - A realidade ao seu alcance!","description":"White House press secretary Karoline Leavitt on Thursday announced the birth of her daughter Viviana, saying she is \u201cperfect and healthy.\u201d \u201cOn May 1st,","robots":{"index":"index","follow":"follow","max-snippet":"max-snippet:-1","max-image-preview":"max-image-preview:large","max-video-preview":"max-video-preview:-1"},"canonical":"https:\/\/ubirataonline.com.br\/en\/karoline-leavitt-announces-birth-of-baby-girl\/","og_locale":"en_US","og_type":"article","og_title":"Karoline Leavitt announces birth of baby girl","og_description":"White House press secretary Karoline Leavitt on Thursday announced the birth of her daughter Viviana, saying she is \u201cperfect and healthy.\u201d \u201cOn May 1st,","og_url":"https:\/\/ubirataonline.com.br\/en\/karoline-leavitt-announces-birth-of-baby-girl\/","og_site_name":"Ubirat\u00e3 Online Not\u00edcias - A realidade ao seu alcance!","article_publisher":"https:\/\/www.facebook.com\/portalubirataonline","article_author":"https:\/\/www.facebook.com\/portalubirataonline","article_published_time":"2026-05-07T15:33:18+00:00","article_modified_time":"2026-05-07T15:33:21+00:00","og_image":[{"width":800,"height":450,"url":"https:\/\/ubirataonline.com.br\/wp-content\/uploads\/2026\/05\/Karoline-Leavitt-announces-birth-of-baby-girl.jpg","type":"image\/jpeg"}],"author":"REDA\u00c7\u00c3O: UBIRAT\u00c3 ONLINE - F\u00c1BIO AUGUSTO CELESTINO","twitter_card":"summary_large_image","twitter_creator":"@x.com\/ubirataonline","twitter_site":"@ubirataonline","twitter_misc":{"Written by":"REDA\u00c7\u00c3O: UBIRAT\u00c3 ONLINE - F\u00c1BIO AUGUSTO CELESTINO","Est. reading time":"1 minute"},"schema":{"@context":"https:\/\/schema.org","@graph":[{"@type":"NewsArticle","@id":"https:\/\/ubirataonline.com.br\/karoline-leavitt-announces-birth-of-baby-girl\/#article","isPartOf":{"@id":"https:\/\/ubirataonline.com.br\/karoline-leavitt-announces-birth-of-baby-girl\/"},"author":{"name":"REDA\u00c7\u00c3O: UBIRAT\u00c3 ONLINE - F\u00c1BIO AUGUSTO CELESTINO","@id":"https:\/\/ubirataonline.com.br\/#\/schema\/person\/372f87bbd3fdd79b8556b84c98d0bc1c"},"headline":"Karoline Leavitt announces birth of baby girl","datePublished":"2026-05-07T15:33:18+00:00","dateModified":"2026-05-07T15:33:21+00:00","mainEntityOfPage":{"@id":"https:\/\/ubirataonline.com.br\/karoline-leavitt-announces-birth-of-baby-girl\/"},"wordCount":272,"publisher":{"@id":"https:\/\/ubirataonline.com.br\/#organization"},"image":{"@id":"https:\/\/ubirataonline.com.br\/karoline-leavitt-announces-birth-of-baby-girl\/#primaryimage"},"thumbnailUrl":"https:\/\/ubirataonline.com.br\/wp-content\/uploads\/2026\/05\/Karoline-Leavitt-announces-birth-of-baby-girl.jpg","keywords":["announces","Baby","birth","girl","Karoline","Leavitt"],"articleSection":["Ubirat\u00e3"],"inLanguage":"en-US","copyrightYear":"2026","copyrightHolder":{"@id":"https:\/\/ubirataonline.com.br\/en\/#organization"}},{"@type":"WebPage","@id":"https:\/\/ubirataonline.com.br\/karoline-leavitt-announces-birth-of-baby-girl\/","url":"https:\/\/ubirataonline.com.br\/karoline-leavitt-announces-birth-of-baby-girl\/","name":"Karoline Leavitt announces birth of baby girl - Ubirat\u00e3 Online Not\u00edcias - A realidade ao seu alcance!","isPartOf":{"@id":"https:\/\/ubirataonline.com.br\/#website"},"primaryImageOfPage":{"@id":"https:\/\/ubirataonline.com.br\/karoline-leavitt-announces-birth-of-baby-girl\/#primaryimage"},"image":{"@id":"https:\/\/ubirataonline.com.br\/karoline-leavitt-announces-birth-of-baby-girl\/#primaryimage"},"thumbnailUrl":"https:\/\/ubirataonline.com.br\/wp-content\/uploads\/2026\/05\/Karoline-Leavitt-announces-birth-of-baby-girl.jpg","datePublished":"2026-05-07T15:33:18+00:00","dateModified":"2026-05-07T15:33:21+00:00","description":"White House press secretary Karoline Leavitt on Thursday announced the birth of her daughter Viviana, saying she is \u201cperfect and healthy.\u201d \u201cOn May 1st,","breadcrumb":{"@id":"https:\/\/ubirataonline.com.br\/karoline-leavitt-announces-birth-of-baby-girl\/#breadcrumb"},"inLanguage":"en-US","potentialAction":[{"@type":"ReadAction","target":["https:\/\/ubirataonline.com.br\/karoline-leavitt-announces-birth-of-baby-girl\/"]}]},{"@type":"ImageObject","inLanguage":"en-US","@id":"https:\/\/ubirataonline.com.br\/karoline-leavitt-announces-birth-of-baby-girl\/#primaryimage","url":"https:\/\/ubirataonline.com.br\/wp-content\/uploads\/2026\/05\/Karoline-Leavitt-announces-birth-of-baby-girl.jpg","contentUrl":"https:\/\/ubirataonline.com.br\/wp-content\/uploads\/2026\/05\/Karoline-Leavitt-announces-birth-of-baby-girl.jpg","width":800,"height":450,"caption":"Andrew Harnik\/Getty Images\/FILE"},{"@type":"BreadcrumbList","@id":"https:\/\/ubirataonline.com.br\/karoline-leavitt-announces-birth-of-baby-girl\/#breadcrumb","itemListElement":[{"@type":"ListItem","position":1,"name":"In\u00edcio","item":"https:\/\/ubirataonline.com.br\/"},{"@type":"ListItem","position":2,"name":"Karoline Leavitt announces birth of baby girl"}]},{"@type":"WebSite","@id":"https:\/\/ubirataonline.com.br\/#website","url":"https:\/\/ubirataonline.com.br\/","name":"Ubirat\u00e3 Online Not\u00edcias","description":"Not\u00edcias de Ubirat\u00e3, regi\u00e3o, Brasil e mundo, com informa\u00e7\u00e3o atualizada e compromisso com o leitor.","publisher":{"@id":"https:\/\/ubirataonline.com.br\/#organization"},"alternateName":"Ubirat\u00e3 Online","potentialAction":[{"@type":"SearchAction","target":{"@type":"EntryPoint","urlTemplate":"https:\/\/ubirataonline.com.br\/?s={search_term_string}"},"query-input":{"@type":"PropertyValueSpecification","valueRequired":true,"valueName":"search_term_string"}}],"inLanguage":"en-US"},{"@type":["Organization","Place"],"@id":"https:\/\/ubirataonline.com.br\/#organization","name":"Ubirat\u00e3 Online Not\u00edcias","alternateName":"Ubirat\u00e3 Online","url":"https:\/\/ubirataonline.com.br\/","logo":{"@id":"https:\/\/ubirataonline.com.br\/karoline-leavitt-announces-birth-of-baby-girl\/#local-main-organization-logo"},"image":{"@id":"https:\/\/ubirataonline.com.br\/karoline-leavitt-announces-birth-of-baby-girl\/#local-main-organization-logo"},"sameAs":["https:\/\/www.facebook.com\/portalubirataonline","https:\/\/x.com\/ubirataonline","https:\/\/mastodon.social\/@ubirataonline","https:\/\/www.facebook.com\/groups\/311144672285604","https:\/\/www.facebook.com\/UBTAOnline","https:\/\/www.instagram.com\/portalubirataonline\/","https:\/\/twitter.com\/ubirataonline"],"description":"Somos um portal de not\u00edcias independente, criado em 5 de janeiro de 2009, com o objetivo de informar, conectar e valorizar a nossa comunidade de Ubirat\u00e3 e toda aregi\u00e3o. Com conte\u00fado atualizado, confi\u00e1vel e relevante, o Ubirat\u00e3 Online \u00e9 o seu espa\u00e7o para ficar por dentro dos principais acontecimentos locais, regionais, Brasil, Mundo e de interesse geral. Nosso compromisso \u00e9 com a verdade, a transpar\u00eancia e o respeito ao leitor.","legalName":"UBIRATA ONLINE NOT\u00cdCIAS","foundingDate":"2009-01-05","numberOfEmployees":{"@type":"QuantitativeValue","minValue":"1","maxValue":"10"},"publishingPrinciples":"https:\/\/ubirataonline.com.br\/faq\/","address":{"@id":"https:\/\/ubirataonline.com.br\/karoline-leavitt-announces-birth-of-baby-girl\/#local-main-place-address"},"geo":{"@type":"GeoCoordinates","latitude":"-24.5361401","longitude":"-52.9921776"},"telephone":["+5544998308235"],"contactPoint":{"@type":"ContactPoint","email":"contato@ubirataonline.com.br"},"openingHoursSpecification":{"@type":"OpeningHoursSpecification","dayOfWeek":["Monday","Tuesday","Wednesday","Thursday","Friday","Saturday","Sunday"],"opens":"00:00","closes":"23:59"},"email":"contato@ubirataonline.com.br","vatID":"47.621.418\/0001-80"},{"@type":"Person","@id":"https:\/\/ubirataonline.com.br\/#\/schema\/person\/372f87bbd3fdd79b8556b84c98d0bc1c","name":"REDA\u00c7\u00c3O: UBIRAT\u00c3 ONLINE - F\u00c1BIO AUGUSTO CELESTINO","pronouns":"Ele","description":"Desde 2003 trabalhando com not\u00edcias.","sameAs":["http:\/\/ubirataoline.com.br","https:\/\/www.facebook.com\/portalubirataonline","https:\/\/www.instagram.com\/ubirataonline_oficial","https:\/\/x.com\/x.com\/ubirataonline"],"honorificPrefix":"Mr.","honorificSuffix":"MD","birthDate":"1980-06-16","gender":"masculino","award":["V\u00e1rios pr\u00eamios de melhor portal da cidade"],"jobTitle":"Diretor","url":"https:\/\/ubirataonline.com.br\/en\/author\/ubirataonline\/"},{"@type":"PostalAddress","@id":"https:\/\/ubirataonline.com.br\/karoline-leavitt-announces-birth-of-baby-girl\/#local-main-place-address","streetAddress":"Rua dos Coqueiros, 104 - Bairro Boa Vista, Rua dos Coqueiros, 104 Bairro Boa Vista","addressLocality":"UBIRATA","postalCode":"85440-000","addressRegion":"PR","addressCountry":"BR"},{"@type":"ImageObject","inLanguage":"en-US","@id":"https:\/\/ubirataonline.com.br\/karoline-leavitt-announces-birth-of-baby-girl\/#local-main-organization-logo","url":"https:\/\/ubirataonline.com.br\/wp-content\/uploads\/2026\/06\/logoubirataonline-1.webp","contentUrl":"https:\/\/ubirataonline.com.br\/wp-content\/uploads\/2026\/06\/logoubirataonline-1.webp","width":500,"height":500,"caption":"Ubirat\u00e3 Online Not\u00edcias"}]},"geo.placename":"UBIRATA","geo.position":{"lat":"-24.5361401","long":"-52.9921776"},"geo.region":"Brazil"},"_links":{"self":[{"href":"https:\/\/ubirataonline.com.br\/en\/wp-json\/wp\/v2\/posts\/123381","targetHints":{"allow":["GET"]}}],"collection":[{"href":"https:\/\/ubirataonline.com.br\/en\/wp-json\/wp\/v2\/posts"}],"about":[{"href":"https:\/\/ubirataonline.com.br\/en\/wp-json\/wp\/v2\/types\/post"}],"author":[{"embeddable":true,"href":"https:\/\/ubirataonline.com.br\/en\/wp-json\/wp\/v2\/users\/1"}],"replies":[{"embeddable":true,"href":"https:\/\/ubirataonline.com.br\/en\/wp-json\/wp\/v2\/comments?post=123381"}],"version-history":[{"count":0,"href":"https:\/\/ubirataonline.com.br\/en\/wp-json\/wp\/v2\/posts\/123381\/revisions"}],"wp:featuredmedia":[{"embeddable":true,"href":"https:\/\/ubirataonline.com.br\/en\/wp-json\/wp\/v2\/media\/123382"}],"wp:attachment":[{"href":"https:\/\/ubirataonline.com.br\/en\/wp-json\/wp\/v2\/media?parent=123381"}],"wp:term":[{"taxonomy":"category","embeddable":true,"href":"https:\/\/ubirataonline.com.br\/en\/wp-json\/wp\/v2\/categories?post=123381"},{"taxonomy":"post_tag","embeddable":true,"href":"https:\/\/ubirataonline.com.br\/en\/wp-json\/wp\/v2\/tags?post=123381"}],"curies":[{"name":"wp","href":"https:\/\/api.w.org\/{rel}","templated":true}]}}