{"id":123937,"date":"2026-05-08T01:41:19","date_gmt":"2026-05-08T04:41:19","guid":{"rendered":"https:\/\/ubirataonline.com.br\/jogo-do-flamengo-na-libertadores-e-cancelado-por-atos-de-vandalismo\/"},"modified":"2026-05-08T01:41:22","modified_gmt":"2026-05-08T04:41:22","slug":"jogo-do-flamengo-na-libertadores-e-cancelado-por-atos-de-vandalismo","status":"publish","type":"post","link":"https:\/\/ubirataonline.com.br\/en\/jogo-do-flamengo-na-libertadores-e-cancelado-por-atos-de-vandalismo\/","title":{"rendered":"Jogo do Flamengo na Libertadores \u00e9 cancelado por atos de vandalismo"},"content":{"rendered":"<p><\/p>\n<div id=\"texto\">\n<p>A partida entre Flamengo e Independiente Medell\u00edn (Col\u00f4mbia), pelo Grupo A da Copa Libertadores da Am\u00e9rica, foi cancelada, na noite desta quinta-feira (7), ap\u00f3s torcedores da equipe colombiana realizarem atos de vandalismo no est\u00e1dio Atan\u00e1sio Girardot, em Medell\u00edn.<\/p>\n<p>Diante deste panorama, por determina\u00e7\u00e3o da arbitragem da partida, os jogadores das duas equipes seguiram para os vesti\u00e1rios, onde permaneceram aguardando por 1 hora e 15 minutos at\u00e9 que a Conmebol (Confedera\u00e7\u00e3o Sul-Americana de Futebol) decidiu cancelar o jogo.<\/p>\n<p>Ap\u00f3s a decis\u00e3o da Conmebol o diretor de futebol do Flamengo, Jos\u00e9 Boto, se pronunciou, em um v\u00eddeo publicado nas redes sociais, defendendo o cancelamento da partida e a atribui\u00e7\u00e3o dos pontos ao Rubro-Negro.<\/p>\n<p>\u201c[Estou aqui para] comunicar que a Conmebol decidiu suspender o jogo. O jogo est\u00e1 suspenso, ser\u00e1 aberto um expediente. Como \u00e9 \u00f3bvio, esperamos conquistar os tr\u00eas pontos, porque a responsabilidade n\u00e3o \u00e9 nossa. Os regulamentos s\u00e3o claros, e a equipe mandante n\u00e3o conseguiu a seguran\u00e7a. O pr\u00f3prio presidente [do Independiente Medell\u00edn], que a princ\u00edpio queria jogar com port\u00f5es fechados, tirando todos os torcedores do est\u00e1dio, reconheceu para n\u00f3s que n\u00e3o havia condi\u00e7\u00f5es de seguran\u00e7a nem dentro nem fora do est\u00e1dio. Quero dizer que n\u00f3s quer\u00edamos jogar, mas que quer\u00edamos que fossem oferecidas todas as condi\u00e7\u00f5es de seguran\u00e7a para os nossos jogadores, para nossos torcedores, para n\u00f3s fora do est\u00e1dio quando f\u00f4ssemos para o aeroporto. E essas condi\u00e7\u00f5es de seguran\u00e7a n\u00e3o foram oferecidas e, por isto, veio a decis\u00e3o da Conmebol, que parece a mais correta. Porque, acima de tudo, est\u00e1 a seguran\u00e7a e a integridade f\u00edsica das pessoas\u201d, declarou.<\/p>\n<p>* Mat\u00e9ria atualizada \u00e0s 23h33\u00a0com posi\u00e7\u00e3o oficial do Flamengo.<\/p>\n<p><b>Fonte:<\/b> Ag\u00eancia Brasil<\/p>\n<\/p><\/div>\n<p><a href=\"https:\/\/cgn.inf.br\/noticia\/2100952\/jogo-do-flamengo-na-libertadores-e-cancelado-por-atos-de-vandalismo\">Fonte do Artigo <\/a><\/p>\n","protected":false},"excerpt":{"rendered":"<p>A partida entre Flamengo e Independiente Medell\u00edn (Col\u00f4mbia), pelo Grupo A da Copa Libertadores da Am\u00e9rica, foi cancelada, na noite desta quinta-feira (7), ap\u00f3s torcedores da equipe colombiana realizarem atos de vandalismo no est\u00e1dio Atan\u00e1sio Girardot, em Medell\u00edn. Diante deste panorama, por determina\u00e7\u00e3o da arbitragem da partida, os jogadores das duas equipes seguiram para os [&hellip;]<\/p>\n","protected":false},"author":1,"featured_media":123938,"comment_status":"closed","ping_status":"","sticky":false,"template":"","format":"standard","meta":{"googlesitekit_rrm_CAow2JLhCw:productID":"","_gspb_post_css":"","maa_idioma":"","maa_pais":"","footnotes":""},"categories":[1],"tags":[8030,24398,2688,2901,1583,3211,33860],"class_list":["post-123937","post","type-post","status-publish","format-standard","has-post-thumbnail","hentry","category-ubirata","tag-atos","tag-cancelado","tag-flamengo","tag-jogo","tag-libertadores","tag-por","tag-vandalismo"],"blocksy_meta":[],"yoast_head":"<!-- This site is optimized with the Yoast SEO Premium plugin v27.6 (Yoast SEO v27.6) - https:\/\/yoast.com\/product\/yoast-seo-premium-wordpress\/ -->\n<title>Jogo do Flamengo na Libertadores \u00e9 cancelado por atos de vandalismo - Ubirat\u00e3 Online Not\u00edcias - A realidade ao seu alcance!<\/title>\n<meta name=\"description\" content=\"A partida entre Flamengo e Independiente Medell\u00edn (Col\u00f4mbia), pelo Grupo A da Copa Libertadores da Am\u00e9rica, foi cancelada, na noite desta quinta-feira\" \/>\n<meta name=\"robots\" content=\"index, follow, max-snippet:-1, max-image-preview:large, max-video-preview:-1\" \/>\n<link rel=\"canonical\" href=\"https:\/\/ubirataonline.com.br\/en\/jogo-do-flamengo-na-libertadores-e-cancelado-por-atos-de-vandalismo\/\" \/>\n<meta property=\"og:locale\" content=\"en_US\" \/>\n<meta property=\"og:type\" content=\"article\" \/>\n<meta property=\"og:title\" content=\"Jogo do Flamengo na Libertadores \u00e9 cancelado por atos de vandalismo\" \/>\n<meta property=\"og:description\" content=\"A partida entre Flamengo e Independiente Medell\u00edn (Col\u00f4mbia), pelo Grupo A da Copa Libertadores da Am\u00e9rica, foi cancelada, na noite desta quinta-feira\" \/>\n<meta property=\"og:url\" content=\"https:\/\/ubirataonline.com.br\/en\/jogo-do-flamengo-na-libertadores-e-cancelado-por-atos-de-vandalismo\/\" \/>\n<meta property=\"og:site_name\" content=\"Ubirat\u00e3 Online Not\u00edcias - A realidade ao seu alcance!\" \/>\n<meta property=\"article:publisher\" content=\"https:\/\/www.facebook.com\/portalubirataonline\" \/>\n<meta property=\"article:author\" content=\"https:\/\/www.facebook.com\/portalubirataonline\" \/>\n<meta property=\"article:published_time\" content=\"2026-05-08T04:41:19+00:00\" \/>\n<meta property=\"article:modified_time\" content=\"2026-05-08T04:41:22+00:00\" \/>\n<meta property=\"og:image\" content=\"https:\/\/ubirataonline.com.br\/wp-content\/uploads\/2026\/05\/Jogo-do-Flamengo-na-Libertadores-e-cancelado-por-atos-de.webp.webp\" \/>\n\t<meta property=\"og:image:width\" content=\"1600\" \/>\n\t<meta property=\"og:image:height\" content=\"800\" \/>\n\t<meta property=\"og:image:type\" content=\"image\/webp\" \/>\n<meta name=\"author\" content=\"REDA\u00c7\u00c3O: UBIRAT\u00c3 ONLINE - F\u00c1BIO AUGUSTO CELESTINO\" \/>\n<meta name=\"twitter:card\" content=\"summary_large_image\" \/>\n<meta name=\"twitter:creator\" content=\"@x.com\/ubirataonline\" \/>\n<meta name=\"twitter:site\" content=\"@ubirataonline\" \/>\n<meta name=\"twitter:label1\" content=\"Written by\" \/>\n\t<meta name=\"twitter:data1\" content=\"REDA\u00c7\u00c3O: UBIRAT\u00c3 ONLINE - F\u00c1BIO AUGUSTO CELESTINO\" \/>\n\t<meta name=\"twitter:label2\" content=\"Est. reading time\" \/>\n\t<meta name=\"twitter:data2\" content=\"2 minutes\" \/>\n<script type=\"application\/ld+json\" class=\"yoast-schema-graph\">{\"@context\":\"https:\\\/\\\/schema.org\",\"@graph\":[{\"@type\":\"NewsArticle\",\"@id\":\"https:\\\/\\\/ubirataonline.com.br\\\/jogo-do-flamengo-na-libertadores-e-cancelado-por-atos-de-vandalismo\\\/#article\",\"isPartOf\":{\"@id\":\"https:\\\/\\\/ubirataonline.com.br\\\/jogo-do-flamengo-na-libertadores-e-cancelado-por-atos-de-vandalismo\\\/\"},\"author\":{\"name\":\"REDA\u00c7\u00c3O: UBIRAT\u00c3 ONLINE - F\u00c1BIO AUGUSTO CELESTINO\",\"@id\":\"https:\\\/\\\/ubirataonline.com.br\\\/#\\\/schema\\\/person\\\/372f87bbd3fdd79b8556b84c98d0bc1c\"},\"headline\":\"Jogo do Flamengo na Libertadores \u00e9 cancelado por atos de vandalismo\",\"datePublished\":\"2026-05-08T04:41:19+00:00\",\"dateModified\":\"2026-05-08T04:41:22+00:00\",\"mainEntityOfPage\":{\"@id\":\"https:\\\/\\\/ubirataonline.com.br\\\/jogo-do-flamengo-na-libertadores-e-cancelado-por-atos-de-vandalismo\\\/\"},\"wordCount\":326,\"publisher\":{\"@id\":\"https:\\\/\\\/ubirataonline.com.br\\\/#organization\"},\"image\":{\"@id\":\"https:\\\/\\\/ubirataonline.com.br\\\/jogo-do-flamengo-na-libertadores-e-cancelado-por-atos-de-vandalismo\\\/#primaryimage\"},\"thumbnailUrl\":\"https:\\\/\\\/ubirataonline.com.br\\\/wp-content\\\/uploads\\\/2026\\\/05\\\/Jogo-do-Flamengo-na-Libertadores-e-cancelado-por-atos-de.webp.webp\",\"keywords\":[\"atos\",\"cancelado\",\"Flamengo\",\"jogo\",\"Libertadores\",\"por\",\"vandalismo\"],\"articleSection\":[\"Ubirat\u00e3\"],\"inLanguage\":\"en-US\",\"copyrightYear\":\"2026\",\"copyrightHolder\":{\"@id\":\"https:\\\/\\\/ubirataonline.com.br\\\/en\\\/#organization\"}},{\"@type\":\"WebPage\",\"@id\":\"https:\\\/\\\/ubirataonline.com.br\\\/jogo-do-flamengo-na-libertadores-e-cancelado-por-atos-de-vandalismo\\\/\",\"url\":\"https:\\\/\\\/ubirataonline.com.br\\\/jogo-do-flamengo-na-libertadores-e-cancelado-por-atos-de-vandalismo\\\/\",\"name\":\"Jogo do Flamengo na Libertadores \u00e9 cancelado por atos de vandalismo - Ubirat\u00e3 Online Not\u00edcias - A realidade ao seu alcance!\",\"isPartOf\":{\"@id\":\"https:\\\/\\\/ubirataonline.com.br\\\/#website\"},\"primaryImageOfPage\":{\"@id\":\"https:\\\/\\\/ubirataonline.com.br\\\/jogo-do-flamengo-na-libertadores-e-cancelado-por-atos-de-vandalismo\\\/#primaryimage\"},\"image\":{\"@id\":\"https:\\\/\\\/ubirataonline.com.br\\\/jogo-do-flamengo-na-libertadores-e-cancelado-por-atos-de-vandalismo\\\/#primaryimage\"},\"thumbnailUrl\":\"https:\\\/\\\/ubirataonline.com.br\\\/wp-content\\\/uploads\\\/2026\\\/05\\\/Jogo-do-Flamengo-na-Libertadores-e-cancelado-por-atos-de.webp.webp\",\"datePublished\":\"2026-05-08T04:41:19+00:00\",\"dateModified\":\"2026-05-08T04:41:22+00:00\",\"description\":\"A partida entre Flamengo e Independiente Medell\u00edn (Col\u00f4mbia), pelo Grupo A da Copa Libertadores da Am\u00e9rica, foi cancelada, na noite desta quinta-feira\",\"breadcrumb\":{\"@id\":\"https:\\\/\\\/ubirataonline.com.br\\\/jogo-do-flamengo-na-libertadores-e-cancelado-por-atos-de-vandalismo\\\/#breadcrumb\"},\"inLanguage\":\"en-US\",\"potentialAction\":[{\"@type\":\"ReadAction\",\"target\":[\"https:\\\/\\\/ubirataonline.com.br\\\/jogo-do-flamengo-na-libertadores-e-cancelado-por-atos-de-vandalismo\\\/\"]}]},{\"@type\":\"ImageObject\",\"inLanguage\":\"en-US\",\"@id\":\"https:\\\/\\\/ubirataonline.com.br\\\/jogo-do-flamengo-na-libertadores-e-cancelado-por-atos-de-vandalismo\\\/#primaryimage\",\"url\":\"https:\\\/\\\/ubirataonline.com.br\\\/wp-content\\\/uploads\\\/2026\\\/05\\\/Jogo-do-Flamengo-na-Libertadores-e-cancelado-por-atos-de.webp.webp\",\"contentUrl\":\"https:\\\/\\\/ubirataonline.com.br\\\/wp-content\\\/uploads\\\/2026\\\/05\\\/Jogo-do-Flamengo-na-Libertadores-e-cancelado-por-atos-de.webp.webp\",\"width\":1600,\"height\":800,\"caption\":\"\"},{\"@type\":\"BreadcrumbList\",\"@id\":\"https:\\\/\\\/ubirataonline.com.br\\\/jogo-do-flamengo-na-libertadores-e-cancelado-por-atos-de-vandalismo\\\/#breadcrumb\",\"itemListElement\":[{\"@type\":\"ListItem\",\"position\":1,\"name\":\"In\u00edcio\",\"item\":\"https:\\\/\\\/ubirataonline.com.br\\\/\"},{\"@type\":\"ListItem\",\"position\":2,\"name\":\"Jogo do Flamengo na Libertadores \u00e9 cancelado por atos de vandalismo\"}]},{\"@type\":\"WebSite\",\"@id\":\"https:\\\/\\\/ubirataonline.com.br\\\/#website\",\"url\":\"https:\\\/\\\/ubirataonline.com.br\\\/\",\"name\":\"Ubirat\u00e3 Online Not\u00edcias\",\"description\":\"Not\u00edcias de Ubirat\u00e3, regi\u00e3o, Brasil e mundo, com informa\u00e7\u00e3o atualizada e compromisso com o leitor.\",\"publisher\":{\"@id\":\"https:\\\/\\\/ubirataonline.com.br\\\/#organization\"},\"alternateName\":\"Ubirat\u00e3 Online\",\"potentialAction\":[{\"@type\":\"SearchAction\",\"target\":{\"@type\":\"EntryPoint\",\"urlTemplate\":\"https:\\\/\\\/ubirataonline.com.br\\\/?s={search_term_string}\"},\"query-input\":{\"@type\":\"PropertyValueSpecification\",\"valueRequired\":true,\"valueName\":\"search_term_string\"}}],\"inLanguage\":\"en-US\"},{\"@type\":[\"Organization\",\"Place\"],\"@id\":\"https:\\\/\\\/ubirataonline.com.br\\\/#organization\",\"name\":\"Ubirat\u00e3 Online Not\u00edcias\",\"alternateName\":\"Ubirat\u00e3 Online\",\"url\":\"https:\\\/\\\/ubirataonline.com.br\\\/\",\"logo\":{\"@id\":\"https:\\\/\\\/ubirataonline.com.br\\\/jogo-do-flamengo-na-libertadores-e-cancelado-por-atos-de-vandalismo\\\/#local-main-organization-logo\"},\"image\":{\"@id\":\"https:\\\/\\\/ubirataonline.com.br\\\/jogo-do-flamengo-na-libertadores-e-cancelado-por-atos-de-vandalismo\\\/#local-main-organization-logo\"},\"sameAs\":[\"https:\\\/\\\/www.facebook.com\\\/portalubirataonline\",\"https:\\\/\\\/x.com\\\/ubirataonline\",\"https:\\\/\\\/mastodon.social\\\/@ubirataonline\",\"https:\\\/\\\/www.facebook.com\\\/groups\\\/311144672285604\",\"https:\\\/\\\/www.facebook.com\\\/UBTAOnline\",\"https:\\\/\\\/www.instagram.com\\\/portalubirataonline\\\/\",\"https:\\\/\\\/twitter.com\\\/ubirataonline\"],\"description\":\"Somos um portal de not\u00edcias independente, criado em 5 de janeiro de 2009, com o objetivo de informar, conectar e valorizar a nossa comunidade de Ubirat\u00e3 e toda aregi\u00e3o. Com conte\u00fado atualizado, confi\u00e1vel e relevante, o Ubirat\u00e3 Online \u00e9 o seu espa\u00e7o para ficar por dentro dos principais acontecimentos locais, regionais, Brasil, Mundo e de interesse geral. Nosso compromisso \u00e9 com a verdade, a transpar\u00eancia e o respeito ao leitor.\",\"legalName\":\"UBIRATA ONLINE NOT\u00cdCIAS\",\"foundingDate\":\"2009-01-05\",\"numberOfEmployees\":{\"@type\":\"QuantitativeValue\",\"minValue\":\"1\",\"maxValue\":\"10\"},\"publishingPrinciples\":\"https:\\\/\\\/ubirataonline.com.br\\\/faq\\\/\",\"address\":{\"@id\":\"https:\\\/\\\/ubirataonline.com.br\\\/jogo-do-flamengo-na-libertadores-e-cancelado-por-atos-de-vandalismo\\\/#local-main-place-address\"},\"geo\":{\"@type\":\"GeoCoordinates\",\"latitude\":\"-24.5361401\",\"longitude\":\"-52.9921776\"},\"telephone\":[\"+5544998308235\"],\"contactPoint\":{\"@type\":\"ContactPoint\",\"email\":\"contato@ubirataonline.com.br\"},\"openingHoursSpecification\":{\"@type\":\"OpeningHoursSpecification\",\"dayOfWeek\":[\"Monday\",\"Tuesday\",\"Wednesday\",\"Thursday\",\"Friday\",\"Saturday\",\"Sunday\"],\"opens\":\"00:00\",\"closes\":\"23:59\"},\"email\":\"contato@ubirataonline.com.br\",\"vatID\":\"47.621.418\\\/0001-80\"},{\"@type\":\"Person\",\"@id\":\"https:\\\/\\\/ubirataonline.com.br\\\/#\\\/schema\\\/person\\\/372f87bbd3fdd79b8556b84c98d0bc1c\",\"name\":\"REDA\u00c7\u00c3O: UBIRAT\u00c3 ONLINE - F\u00c1BIO AUGUSTO CELESTINO\",\"pronouns\":\"Ele\",\"description\":\"Desde 2003 trabalhando com not\u00edcias.\",\"sameAs\":[\"http:\\\/\\\/ubirataoline.com.br\",\"https:\\\/\\\/www.facebook.com\\\/portalubirataonline\",\"https:\\\/\\\/www.instagram.com\\\/ubirataonline_oficial\",\"https:\\\/\\\/x.com\\\/x.com\\\/ubirataonline\"],\"honorificPrefix\":\"Mr.\",\"honorificSuffix\":\"MD\",\"birthDate\":\"1980-06-16\",\"gender\":\"masculino\",\"award\":[\"V\u00e1rios pr\u00eamios de melhor portal da cidade\"],\"jobTitle\":\"Diretor\",\"url\":\"https:\\\/\\\/ubirataonline.com.br\\\/en\\\/author\\\/ubirataonline\\\/\"},{\"@type\":\"PostalAddress\",\"@id\":\"https:\\\/\\\/ubirataonline.com.br\\\/jogo-do-flamengo-na-libertadores-e-cancelado-por-atos-de-vandalismo\\\/#local-main-place-address\",\"streetAddress\":\"Rua dos Coqueiros, 104 - Bairro Boa Vista, Rua dos Coqueiros, 104 Bairro Boa Vista\",\"addressLocality\":\"UBIRATA\",\"postalCode\":\"85440-000\",\"addressRegion\":\"PR\",\"addressCountry\":\"BR\"},{\"@type\":\"ImageObject\",\"inLanguage\":\"en-US\",\"@id\":\"https:\\\/\\\/ubirataonline.com.br\\\/jogo-do-flamengo-na-libertadores-e-cancelado-por-atos-de-vandalismo\\\/#local-main-organization-logo\",\"url\":\"https:\\\/\\\/ubirataonline.com.br\\\/wp-content\\\/uploads\\\/2026\\\/06\\\/logoubirataonline-1.webp\",\"contentUrl\":\"https:\\\/\\\/ubirataonline.com.br\\\/wp-content\\\/uploads\\\/2026\\\/06\\\/logoubirataonline-1.webp\",\"width\":500,\"height\":500,\"caption\":\"Ubirat\u00e3 Online Not\u00edcias\"}]}<\/script>\n<meta name=\"geo.placename\" content=\"UBIRATA\" \/>\n<meta name=\"geo.position\" content=\"-24.5361401;-52.9921776\" \/>\n<meta name=\"geo.region\" content=\"Brazil\" \/>\n<!-- \/ Yoast SEO Premium plugin. -->","yoast_head_json":{"title":"Jogo do Flamengo na Libertadores \u00e9 cancelado por atos de vandalismo - Ubirat\u00e3 Online Not\u00edcias - A realidade ao seu alcance!","description":"A partida entre Flamengo e Independiente Medell\u00edn (Col\u00f4mbia), pelo Grupo A da Copa Libertadores da Am\u00e9rica, foi cancelada, na noite desta quinta-feira","robots":{"index":"index","follow":"follow","max-snippet":"max-snippet:-1","max-image-preview":"max-image-preview:large","max-video-preview":"max-video-preview:-1"},"canonical":"https:\/\/ubirataonline.com.br\/en\/jogo-do-flamengo-na-libertadores-e-cancelado-por-atos-de-vandalismo\/","og_locale":"en_US","og_type":"article","og_title":"Jogo do Flamengo na Libertadores \u00e9 cancelado por atos de vandalismo","og_description":"A partida entre Flamengo e Independiente Medell\u00edn (Col\u00f4mbia), pelo Grupo A da Copa Libertadores da Am\u00e9rica, foi cancelada, na noite desta quinta-feira","og_url":"https:\/\/ubirataonline.com.br\/en\/jogo-do-flamengo-na-libertadores-e-cancelado-por-atos-de-vandalismo\/","og_site_name":"Ubirat\u00e3 Online Not\u00edcias - A realidade ao seu alcance!","article_publisher":"https:\/\/www.facebook.com\/portalubirataonline","article_author":"https:\/\/www.facebook.com\/portalubirataonline","article_published_time":"2026-05-08T04:41:19+00:00","article_modified_time":"2026-05-08T04:41:22+00:00","og_image":[{"width":1600,"height":800,"url":"https:\/\/ubirataonline.com.br\/wp-content\/uploads\/2026\/05\/Jogo-do-Flamengo-na-Libertadores-e-cancelado-por-atos-de.webp.webp","type":"image\/webp"}],"author":"REDA\u00c7\u00c3O: UBIRAT\u00c3 ONLINE - F\u00c1BIO AUGUSTO CELESTINO","twitter_card":"summary_large_image","twitter_creator":"@x.com\/ubirataonline","twitter_site":"@ubirataonline","twitter_misc":{"Written by":"REDA\u00c7\u00c3O: UBIRAT\u00c3 ONLINE - F\u00c1BIO AUGUSTO CELESTINO","Est. reading time":"2 minutes"},"schema":{"@context":"https:\/\/schema.org","@graph":[{"@type":"NewsArticle","@id":"https:\/\/ubirataonline.com.br\/jogo-do-flamengo-na-libertadores-e-cancelado-por-atos-de-vandalismo\/#article","isPartOf":{"@id":"https:\/\/ubirataonline.com.br\/jogo-do-flamengo-na-libertadores-e-cancelado-por-atos-de-vandalismo\/"},"author":{"name":"REDA\u00c7\u00c3O: UBIRAT\u00c3 ONLINE - F\u00c1BIO AUGUSTO CELESTINO","@id":"https:\/\/ubirataonline.com.br\/#\/schema\/person\/372f87bbd3fdd79b8556b84c98d0bc1c"},"headline":"Jogo do Flamengo na Libertadores \u00e9 cancelado por atos de vandalismo","datePublished":"2026-05-08T04:41:19+00:00","dateModified":"2026-05-08T04:41:22+00:00","mainEntityOfPage":{"@id":"https:\/\/ubirataonline.com.br\/jogo-do-flamengo-na-libertadores-e-cancelado-por-atos-de-vandalismo\/"},"wordCount":326,"publisher":{"@id":"https:\/\/ubirataonline.com.br\/#organization"},"image":{"@id":"https:\/\/ubirataonline.com.br\/jogo-do-flamengo-na-libertadores-e-cancelado-por-atos-de-vandalismo\/#primaryimage"},"thumbnailUrl":"https:\/\/ubirataonline.com.br\/wp-content\/uploads\/2026\/05\/Jogo-do-Flamengo-na-Libertadores-e-cancelado-por-atos-de.webp.webp","keywords":["atos","cancelado","Flamengo","jogo","Libertadores","por","vandalismo"],"articleSection":["Ubirat\u00e3"],"inLanguage":"en-US","copyrightYear":"2026","copyrightHolder":{"@id":"https:\/\/ubirataonline.com.br\/en\/#organization"}},{"@type":"WebPage","@id":"https:\/\/ubirataonline.com.br\/jogo-do-flamengo-na-libertadores-e-cancelado-por-atos-de-vandalismo\/","url":"https:\/\/ubirataonline.com.br\/jogo-do-flamengo-na-libertadores-e-cancelado-por-atos-de-vandalismo\/","name":"Jogo do Flamengo na Libertadores \u00e9 cancelado por atos de vandalismo - Ubirat\u00e3 Online Not\u00edcias - A realidade ao seu alcance!","isPartOf":{"@id":"https:\/\/ubirataonline.com.br\/#website"},"primaryImageOfPage":{"@id":"https:\/\/ubirataonline.com.br\/jogo-do-flamengo-na-libertadores-e-cancelado-por-atos-de-vandalismo\/#primaryimage"},"image":{"@id":"https:\/\/ubirataonline.com.br\/jogo-do-flamengo-na-libertadores-e-cancelado-por-atos-de-vandalismo\/#primaryimage"},"thumbnailUrl":"https:\/\/ubirataonline.com.br\/wp-content\/uploads\/2026\/05\/Jogo-do-Flamengo-na-Libertadores-e-cancelado-por-atos-de.webp.webp","datePublished":"2026-05-08T04:41:19+00:00","dateModified":"2026-05-08T04:41:22+00:00","description":"A partida entre Flamengo e Independiente Medell\u00edn (Col\u00f4mbia), pelo Grupo A da Copa Libertadores da Am\u00e9rica, foi cancelada, na noite desta quinta-feira","breadcrumb":{"@id":"https:\/\/ubirataonline.com.br\/jogo-do-flamengo-na-libertadores-e-cancelado-por-atos-de-vandalismo\/#breadcrumb"},"inLanguage":"en-US","potentialAction":[{"@type":"ReadAction","target":["https:\/\/ubirataonline.com.br\/jogo-do-flamengo-na-libertadores-e-cancelado-por-atos-de-vandalismo\/"]}]},{"@type":"ImageObject","inLanguage":"en-US","@id":"https:\/\/ubirataonline.com.br\/jogo-do-flamengo-na-libertadores-e-cancelado-por-atos-de-vandalismo\/#primaryimage","url":"https:\/\/ubirataonline.com.br\/wp-content\/uploads\/2026\/05\/Jogo-do-Flamengo-na-Libertadores-e-cancelado-por-atos-de.webp.webp","contentUrl":"https:\/\/ubirataonline.com.br\/wp-content\/uploads\/2026\/05\/Jogo-do-Flamengo-na-Libertadores-e-cancelado-por-atos-de.webp.webp","width":1600,"height":800,"caption":""},{"@type":"BreadcrumbList","@id":"https:\/\/ubirataonline.com.br\/jogo-do-flamengo-na-libertadores-e-cancelado-por-atos-de-vandalismo\/#breadcrumb","itemListElement":[{"@type":"ListItem","position":1,"name":"In\u00edcio","item":"https:\/\/ubirataonline.com.br\/"},{"@type":"ListItem","position":2,"name":"Jogo do Flamengo na Libertadores \u00e9 cancelado por atos de vandalismo"}]},{"@type":"WebSite","@id":"https:\/\/ubirataonline.com.br\/#website","url":"https:\/\/ubirataonline.com.br\/","name":"Ubirat\u00e3 Online Not\u00edcias","description":"Not\u00edcias de Ubirat\u00e3, regi\u00e3o, Brasil e mundo, com informa\u00e7\u00e3o atualizada e compromisso com o leitor.","publisher":{"@id":"https:\/\/ubirataonline.com.br\/#organization"},"alternateName":"Ubirat\u00e3 Online","potentialAction":[{"@type":"SearchAction","target":{"@type":"EntryPoint","urlTemplate":"https:\/\/ubirataonline.com.br\/?s={search_term_string}"},"query-input":{"@type":"PropertyValueSpecification","valueRequired":true,"valueName":"search_term_string"}}],"inLanguage":"en-US"},{"@type":["Organization","Place"],"@id":"https:\/\/ubirataonline.com.br\/#organization","name":"Ubirat\u00e3 Online Not\u00edcias","alternateName":"Ubirat\u00e3 Online","url":"https:\/\/ubirataonline.com.br\/","logo":{"@id":"https:\/\/ubirataonline.com.br\/jogo-do-flamengo-na-libertadores-e-cancelado-por-atos-de-vandalismo\/#local-main-organization-logo"},"image":{"@id":"https:\/\/ubirataonline.com.br\/jogo-do-flamengo-na-libertadores-e-cancelado-por-atos-de-vandalismo\/#local-main-organization-logo"},"sameAs":["https:\/\/www.facebook.com\/portalubirataonline","https:\/\/x.com\/ubirataonline","https:\/\/mastodon.social\/@ubirataonline","https:\/\/www.facebook.com\/groups\/311144672285604","https:\/\/www.facebook.com\/UBTAOnline","https:\/\/www.instagram.com\/portalubirataonline\/","https:\/\/twitter.com\/ubirataonline"],"description":"Somos um portal de not\u00edcias independente, criado em 5 de janeiro de 2009, com o objetivo de informar, conectar e valorizar a nossa comunidade de Ubirat\u00e3 e toda aregi\u00e3o. Com conte\u00fado atualizado, confi\u00e1vel e relevante, o Ubirat\u00e3 Online \u00e9 o seu espa\u00e7o para ficar por dentro dos principais acontecimentos locais, regionais, Brasil, Mundo e de interesse geral. Nosso compromisso \u00e9 com a verdade, a transpar\u00eancia e o respeito ao leitor.","legalName":"UBIRATA ONLINE NOT\u00cdCIAS","foundingDate":"2009-01-05","numberOfEmployees":{"@type":"QuantitativeValue","minValue":"1","maxValue":"10"},"publishingPrinciples":"https:\/\/ubirataonline.com.br\/faq\/","address":{"@id":"https:\/\/ubirataonline.com.br\/jogo-do-flamengo-na-libertadores-e-cancelado-por-atos-de-vandalismo\/#local-main-place-address"},"geo":{"@type":"GeoCoordinates","latitude":"-24.5361401","longitude":"-52.9921776"},"telephone":["+5544998308235"],"contactPoint":{"@type":"ContactPoint","email":"contato@ubirataonline.com.br"},"openingHoursSpecification":{"@type":"OpeningHoursSpecification","dayOfWeek":["Monday","Tuesday","Wednesday","Thursday","Friday","Saturday","Sunday"],"opens":"00:00","closes":"23:59"},"email":"contato@ubirataonline.com.br","vatID":"47.621.418\/0001-80"},{"@type":"Person","@id":"https:\/\/ubirataonline.com.br\/#\/schema\/person\/372f87bbd3fdd79b8556b84c98d0bc1c","name":"REDA\u00c7\u00c3O: UBIRAT\u00c3 ONLINE - F\u00c1BIO AUGUSTO CELESTINO","pronouns":"Ele","description":"Desde 2003 trabalhando com not\u00edcias.","sameAs":["http:\/\/ubirataoline.com.br","https:\/\/www.facebook.com\/portalubirataonline","https:\/\/www.instagram.com\/ubirataonline_oficial","https:\/\/x.com\/x.com\/ubirataonline"],"honorificPrefix":"Mr.","honorificSuffix":"MD","birthDate":"1980-06-16","gender":"masculino","award":["V\u00e1rios pr\u00eamios de melhor portal da cidade"],"jobTitle":"Diretor","url":"https:\/\/ubirataonline.com.br\/en\/author\/ubirataonline\/"},{"@type":"PostalAddress","@id":"https:\/\/ubirataonline.com.br\/jogo-do-flamengo-na-libertadores-e-cancelado-por-atos-de-vandalismo\/#local-main-place-address","streetAddress":"Rua dos Coqueiros, 104 - Bairro Boa Vista, Rua dos Coqueiros, 104 Bairro Boa Vista","addressLocality":"UBIRATA","postalCode":"85440-000","addressRegion":"PR","addressCountry":"BR"},{"@type":"ImageObject","inLanguage":"en-US","@id":"https:\/\/ubirataonline.com.br\/jogo-do-flamengo-na-libertadores-e-cancelado-por-atos-de-vandalismo\/#local-main-organization-logo","url":"https:\/\/ubirataonline.com.br\/wp-content\/uploads\/2026\/06\/logoubirataonline-1.webp","contentUrl":"https:\/\/ubirataonline.com.br\/wp-content\/uploads\/2026\/06\/logoubirataonline-1.webp","width":500,"height":500,"caption":"Ubirat\u00e3 Online Not\u00edcias"}]},"geo.placename":"UBIRATA","geo.position":{"lat":"-24.5361401","long":"-52.9921776"},"geo.region":"Brazil"},"_links":{"self":[{"href":"https:\/\/ubirataonline.com.br\/en\/wp-json\/wp\/v2\/posts\/123937","targetHints":{"allow":["GET"]}}],"collection":[{"href":"https:\/\/ubirataonline.com.br\/en\/wp-json\/wp\/v2\/posts"}],"about":[{"href":"https:\/\/ubirataonline.com.br\/en\/wp-json\/wp\/v2\/types\/post"}],"author":[{"embeddable":true,"href":"https:\/\/ubirataonline.com.br\/en\/wp-json\/wp\/v2\/users\/1"}],"replies":[{"embeddable":true,"href":"https:\/\/ubirataonline.com.br\/en\/wp-json\/wp\/v2\/comments?post=123937"}],"version-history":[{"count":0,"href":"https:\/\/ubirataonline.com.br\/en\/wp-json\/wp\/v2\/posts\/123937\/revisions"}],"wp:featuredmedia":[{"embeddable":true,"href":"https:\/\/ubirataonline.com.br\/en\/wp-json\/wp\/v2\/media\/123938"}],"wp:attachment":[{"href":"https:\/\/ubirataonline.com.br\/en\/wp-json\/wp\/v2\/media?parent=123937"}],"wp:term":[{"taxonomy":"category","embeddable":true,"href":"https:\/\/ubirataonline.com.br\/en\/wp-json\/wp\/v2\/categories?post=123937"},{"taxonomy":"post_tag","embeddable":true,"href":"https:\/\/ubirataonline.com.br\/en\/wp-json\/wp\/v2\/tags?post=123937"}],"curies":[{"name":"wp","href":"https:\/\/api.w.org\/{rel}","templated":true}]}}