{"id":124271,"date":"2026-05-08T12:16:27","date_gmt":"2026-05-08T15:16:27","guid":{"rendered":"https:\/\/ubirataonline.com.br\/zeynep-sonmez-faces-world-number-five-pegula-at-roma-open\/"},"modified":"2026-05-08T12:16:30","modified_gmt":"2026-05-08T15:16:30","slug":"zeynep-sonmez-faces-world-number-five-pegula-at-roma-open","status":"publish","type":"post","link":"https:\/\/ubirataonline.com.br\/en\/zeynep-sonmez-faces-world-number-five-pegula-at-roma-open\/","title":{"rendered":"Zeynep Sonmez Faces World Number Five Pegula at Roma Open"},"content":{"rendered":"<p><br \/>\n<\/p>\n<div>\n<p>Turkish national tennis player Zeynep Sonmez is set to face world number five Jessica Pegula at the <a href=\"https:\/\/www.asatunews.co.id\/en\/tag\/roma-open\" title=\"Roma Open\">Roma Open<\/a> on Friday, May 8, 2026, at 11:00 AM. The match follows Sonmez&#8217;s advancement to the round of 64 after defeating Jennifer Ruggeri 2-1 in the first round.<\/p>\n<p>Sonmez recently achieved a career-high ranking of world number 65 following a successful third-round run at the Madrid Open. The athlete aims to surpass the record held by Cagla Buyukakcay, who reached number 60 in September 2016 to become the highest-ranked Turkish female player.<\/p>\n<p><!-- setelah paragraf 2 --><\/p>\n<p>&#8220;Toprak sezonu ge\u00e7en seneye g\u00f6re daha g\u00fczel ge\u00e7iyor. Benim i\u00e7in daha verimli oldu. Daha fazla ma\u00e7 oynad\u0131m. Ge\u00e7en seneye g\u00f6re biraz daha topra\u011fa haz\u0131rlanma \u015fans\u0131m oldu. Bence biraz daha tecr\u00fcbeliyim. O y\u00fczden \u015fu an her \u015fey yolunda. G\u00fczel ge\u00e7iyor. Umar\u0131m Roma da g\u00fczel ge\u00e7ecek.&#8221; said Zeynep Sonmez, National Tennis Player.<\/p>\n<aside class=\"oduu-widget oduu-posts-related\" role=\"complementary\" aria-label=\"Also Read\">&#13;<\/p>\n<div class=\"oduu-widget-content\">\n<div class=\"oduu-article-item\">\n<div class=\"oduu-article-image\"><\/div>\n<\/p><\/div>\n<\/p><\/div>\n<p>&#13;<br \/>\n            <\/aside>\n<p>The player emphasized her physical health as a primary goal during the demanding clay court season while looking ahead to future events in Paris.<\/p>\n<p>&#8220;O y\u00fczden sa\u011fl\u0131kl\u0131 kalabilmek istiyorum. \u0130lk hedefim bu. Di\u011fer hedefim de m\u00fcmk\u00fcn oldu\u011funca Roland Garros&#8217;a gelene kadar da bol ma\u00e7 yapmak. Ne kadar \u00e7ok ma\u00e7 yaparsam toprakta o kadar iyi.&#8221; stated Sonmez.<\/p>\n<p>Reflecting on her previous experiences, Sonmez noted that she is no longer intimidated by the prospect of competing alongside elite athletes in major tournaments.<\/p>\n<aside class=\"oduu-widget oduu-posts-related\" role=\"complementary\" aria-label=\"Also Read\">&#13;<\/p>\n<div class=\"oduu-widget-content\">\n<div class=\"oduu-article-item\">\n<div class=\"oduu-article-image\">\n                            <img src=\"https:\/\/cdn.asatunews.co.id\/media\/images\/2026\/05\/myqkFYVqQj.jpeg?location=1&amp;width=75&amp;height=75&amp;quality=90\" alt=\"Sorana Cirstea Defeats Tatjana Maria to Reach Italian Open Third Round\" width=\"75\" height=\"75\" loading=\"lazy\" decoding=\"async\" fetchpriority=\"low\"\/>\n                        <\/div>\n<\/p><\/div>\n<\/p><\/div>\n<p>&#13;<br \/>\n            <\/aside>\n<p>&#8220;Ge\u00e7en sene Roland Garros&#8217;da ilk turda yenilmi\u015ftim. Burada da elemede ilk turda yenilmi\u015ftim. Bu sene ana tablo oynuyorum. Umuyorum yani kortta keyif ald\u0131\u011f\u0131m, e\u011flendi\u011fim, biraz daha \u00fcst\u00fcne koyabildi\u011fim, \u00f6nceki ma\u00e7lar\u0131mdan tecr\u00fcbe \u00e7\u0131kar\u0131p daha iyi oynayabildi\u011fim bir turnuva serisi ge\u00e7irmek istiyorum.&#8221; expressed Sonmez.<\/p>\n<p>She mentioned that sharing the environment with top 10 or top 20 players has become a valuable part of her growing professional experience.<\/p>\n<p>&#8220;Tabii ki \u00e7ok g\u00fczel. Ama \u015fimdi bence bu da tecr\u00fcbe. Art\u0131k her turnuvada onlarla beraberim. Eskisi kadar bu bana garip gelmiyor. Bu seviyedeki oyuncularla ayn\u0131 ortam\u0131 payla\u015fmak g\u00fczel bir tecr\u00fcbe oluyor.&#8221; remarked Sonmez.<\/p>\n<aside class=\"oduu-widget oduu-posts-related\" role=\"complementary\" aria-label=\"Also Read\">&#13;<\/p>\n<div class=\"oduu-widget-content\">\n<div class=\"oduu-article-item\">\n<div class=\"oduu-article-image\">\n                            <img src=\"https:\/\/cdn.asatunews.co.id\/media\/images\/2026\/05\/3qEbDDIL5Z.jpeg?location=1&amp;width=75&amp;height=75&amp;quality=90\" alt=\"Kasatkina and Korpatsch Reach Catalonia Open Final\" width=\"75\" height=\"75\" loading=\"lazy\" decoding=\"async\" fetchpriority=\"low\"\/>\n                        <\/div>\n<\/p><\/div>\n<\/p><\/div>\n<p>&#13;<br \/>\n            <\/aside>\n<p>The player also expressed enthusiasm for the upcoming grass season, specifically noting her fondness for the atmosphere at Wimbledon.<\/p>\n<p>&#8220;Wimbledon yani \u015fu an en sevdi\u011fim grand slam. Umuyorum \u00e7ok keyifli ge\u00e7er. \u00c7imde oynamay\u0131 seviyorum. Wimbledon&#8217;un o b\u00fcy\u00fcl\u00fc havas\u0131n\u0131 \u00e7ok seviyorum. O y\u00fczden toprak sezonunun sonras\u0131 i\u00e7in de heyecanl\u0131y\u0131m. Ama ilk hedefim tabii ki toprak sezonunu g\u00fczel, sa\u011fl\u0131kl\u0131 ve ge\u00e7en seneden daha iyi bir \u015fekilde ge\u00e7irmek.&#8221; shared Sonmez.<\/p>\n<p>In discussing the logistical challenges of the tour, the athlete credited her family and professional staff for providing a positive environment during travels through Europe.<\/p>\n<aside class=\"oduu-widget oduu-posts-related\" role=\"complementary\" aria-label=\"Also Read\">&#13;<\/p>\n<div class=\"oduu-widget-content\">\n<div class=\"oduu-article-item\">\n<div class=\"oduu-article-image\">\n                            <img src=\"https:\/\/cdn.asatunews.co.id\/media\/images\/2026\/04\/3J5q0VHBMI.jpeg?location=1&amp;width=75&amp;height=75&amp;quality=90\" alt=\"Catalonia Open Lists Pigossi and Lepchenko Match Without Schedule\" width=\"75\" height=\"75\" loading=\"lazy\" decoding=\"async\" fetchpriority=\"low\"\/>\n                        <\/div>\n<\/p><\/div>\n<\/p><\/div>\n<p>&#13;<br \/>\n            <\/aside>\n<p>&#8220;\u00c7ok g\u00fczel bir tak\u0131m\u0131m var. Ailem, sevdiklerim, hepsi hayat\u0131mda oldu\u011fu i\u00e7in \u00e7ok \u015fansl\u0131y\u0131m. \u015eu an Avrupa&#8217;da oldu\u011fumuz i\u00e7in T\u00fcrkiye&#8217;ye daha yak\u0131n\u0131m. K\u00fclt\u00fcrel olarak da biraz daha benzedi\u011fimiz bir yerdeyim. Onlar\u0131n etkisi oluyor bence. Bence en b\u00fcy\u00fck etken de tak\u0131m\u0131mdaki enerjinin, sinerjinin pozitif olmas\u0131. Hepsi bana destek olmak i\u00e7in burada. Benimle beraber b\u00fct\u00fcn zorluklar\u0131 da g\u00fczellikleri de ya\u015f\u0131yorlar. Her zaman beni \u00f6ncelik olarak koyuyorlar. O y\u00fczden \u00e7ok \u015fansl\u0131y\u0131m. Bence bu s\u00fcre\u00e7te tak\u0131m\u0131m, ailem ve sevdiklerimin deste\u011fi bana en \u00e7ok yard\u0131mc\u0131 olan \u015fey.&#8221; explained Sonmez.<\/p>\n<p>Regarding her recent jump in the world rankings, she noted that she avoids tracking her position daily to prevent mental fatigue.<\/p>\n<p>&#8220;Ben asl\u0131nda s\u0131ralamam\u0131 takip etmiyorum. Genelde tak\u0131m\u0131mdan birisi bana s\u00f6yl\u00fcyor. Bu hafta s\u0131ralaman \u015fu olmu\u015f diye ya da sosyal medyadan g\u00f6r\u00fcyorum. Onu d\u00fczenli bir \u015fekilde takip etmek de bence biraz y\u0131prat\u0131c\u0131, yorucu. O y\u00fczden onu yapmamaya \u00e7al\u0131\u015f\u0131yorum. Ama tabii ki s\u0131ralamada y\u00fckselmek, tenis seviyemin geli\u015fiyor oldu\u011funu hissetmek kortta beni pozitif y\u00f6nde etkiliyor. Hem fiziksel olarak hem de mental olarak b\u00f6yle daha haz\u0131r hissediyorum kendimi bir sonraki seviyeye.&#8221; added Sonmez.<\/p>\n<aside class=\"oduu-widget oduu-posts-related\" role=\"complementary\" aria-label=\"Also Read\">&#13;<\/p>\n<div class=\"oduu-widget-content\">\n<div class=\"oduu-article-item\">\n<div class=\"oduu-article-image\">\n                            <img src=\"https:\/\/cdn.asatunews.co.id\/media\/images\/2026\/04\/FEX1tlozC1.jpeg?location=1&amp;width=75&amp;height=75&amp;quality=90\" alt=\"Unseeded Quarterfinalists Compete for Semifinal Spots at Madrid Open\" width=\"75\" height=\"75\" loading=\"lazy\" decoding=\"async\" fetchpriority=\"low\"\/>\n                        <\/div>\n<\/p><\/div>\n<\/p><\/div>\n<p>&#13;<br \/>\n            <\/aside>\n<p>Her coach, Issam Jellali, who previously worked with Ons Jabeur, expressed confidence in Sonmez&#8217;s ability to compete with top-tier talent after a 10-day training camp in Istanbul.<\/p>\n<p>&#8220;Yakla\u015f\u0131k 10 g\u00fcn \u00e7al\u0131\u015ft\u0131k ve toprak zemine al\u0131\u015ft\u0131k. Daha \u00f6nce bu zeminde oynamakta \u00e7ok rahat de\u011fildi. Ama geli\u015fiyor ve umar\u0131m her sezon, her turnuva daha da iyi olacak&#8221; stated Issam Jellali, Coach.<\/p>\n<p>The coach highlighted the ongoing effort to refine technical aspects such as the forehand and serve to maintain momentum in the professional rankings.<\/p>\n<aside class=\"oduu-widget oduu-posts-related\" role=\"complementary\" aria-label=\"Also Read\">&#13;<\/p>\n<div class=\"oduu-widget-content\">\n<div class=\"oduu-article-item\">\n<div class=\"oduu-article-image\">\n                            <img src=\"https:\/\/cdn.asatunews.co.id\/media\/images\/2026\/04\/piYeFwmpYs.jpeg?location=1&amp;width=75&amp;height=75&amp;quality=90\" alt=\"Mirra Andreeva Reaches Madrid Open Round of 16 After Defeating Galfi\" width=\"75\" height=\"75\" loading=\"lazy\" decoding=\"async\" fetchpriority=\"low\"\/>\n                        <\/div>\n<\/p><\/div>\n<\/p><\/div>\n<p>&#13;<br \/>\n            <\/aside>\n<p>&#8220;Bir antren\u00f6r olarak ve san\u0131r\u0131m oyuncu a\u00e7\u0131s\u0131ndan da her zaman b\u00fcy\u00fck umutlar\u0131m\u0131z ve b\u00fcy\u00fck hedeflerimiz var. Bu y\u00fczden \u00f6ncelikli hedefimiz her hafta geli\u015fmek, daha iyi ve daha g\u00fc\u00e7l\u00fc olmak&#8221; commented Jellali.<\/p>\n<p>Jellali emphasized that the team does not fear facing the world&#8217;s top players and is focused on consistent weekly improvement.<\/p>\n<p>&#8220;\u015eu anda \u00fczerinde \u00e7al\u0131\u015fmam\u0131z gereken \u015feyler var ancak mevcut durumumuzla bile her oyuncuyla rekabet etmeye haz\u0131r\u0131z. Yani ilk 10&#8217;daki ya da ilk 3&#8217;teki oyuncularla oynamaktan \u00e7ekinmiyoruz. Onlarla rekabet edebilece\u011fimize inan\u0131yoruz. Her turnuvada m\u00fcmk\u00fcn oldu\u011funca ileri gitmeye \u00e7al\u0131\u015f\u0131yoruz. Ma\u00e7 ma\u00e7 ilerliyoruz ama ne kadar ileri gidersek o kadar iyi&#8221; noted Jellali.<\/p>\n<p>The coach recognized the weight of national expectations placed on the young player, comparing the situation to his experience with continental stars.<\/p>\n<p>&#8220;Ben de her zaman elimden gelenin en iyisini yapaca\u011f\u0131m. Benzer bir durumu daha \u00f6nce eski oyuncum Ons Jabeur ile ya\u015fam\u0131\u015ft\u0131m. O da bir \u00fclkenin, hatta bir k\u0131tan\u0131n umuduydu. Bu b\u00fcy\u00fck bir sorumluluk ama ayn\u0131 zamanda benim i\u00e7in de g\u00fczel bir meydan okuma.&#8221; concluded Jellali.<\/p>\n<p>                <!-- AdSpaces - Post Content Sticky (After Content) --><\/p><\/div>\n<p><br \/>\n<br \/><a href=\"https:\/\/www.asatunews.co.id\/en\/zeynep-sonmez-faces-pegula-roma\">Source link <\/a><\/p>","protected":false},"excerpt":{"rendered":"<p>Turkish national tennis player Zeynep Sonmez is set to face world number five Jessica Pegula at the Roma Open on Friday, May 8, 2026, at 11:00 AM. The match follows Sonmez&#8217;s advancement to the round of 64 after defeating Jennifer Ruggeri 2-1 in the first round. Sonmez recently achieved a career-high ranking of world number [&hellip;]<\/p>\n","protected":false},"author":1,"featured_media":124272,"comment_status":"closed","ping_status":"","sticky":false,"template":"","format":"standard","meta":{"googlesitekit_rrm_CAow2JLhCw:productID":"","_gspb_post_css":"","maa_idioma":"","maa_pais":"","footnotes":""},"categories":[2725],"tags":[3825,9822,261,5805,1585,23095,4633,17611],"class_list":["post-124271","post","type-post","status-publish","format-standard","has-post-thumbnail","hentry","category-europe","tag-faces","tag-number","tag-open","tag-pegula","tag-roma","tag-sonmez","tag-world","tag-zeynep"],"blocksy_meta":[],"yoast_head":"<!-- This site is optimized with the Yoast SEO Premium plugin v27.6 (Yoast SEO v27.6) - https:\/\/yoast.com\/product\/yoast-seo-premium-wordpress\/ -->\n<title>Zeynep Sonmez Faces World Number Five Pegula at Roma Open - Ubirat\u00e3 Online Not\u00edcias - A realidade ao seu alcance!<\/title>\n<meta name=\"description\" content=\"Turkish national tennis player Zeynep Sonmez is set to face world number five Jessica Pegula at the Roma Open on Friday, May 8, 2026, at 11:00 AM. The\" \/>\n<meta name=\"robots\" content=\"index, follow, max-snippet:-1, max-image-preview:large, max-video-preview:-1\" \/>\n<link rel=\"canonical\" href=\"https:\/\/ubirataonline.com.br\/en\/zeynep-sonmez-faces-world-number-five-pegula-at-roma-open\/\" \/>\n<meta property=\"og:locale\" content=\"en_US\" \/>\n<meta property=\"og:type\" content=\"article\" \/>\n<meta property=\"og:title\" content=\"Zeynep Sonmez Faces World Number Five Pegula at Roma Open\" \/>\n<meta property=\"og:description\" content=\"Turkish national tennis player Zeynep Sonmez is set to face world number five Jessica Pegula at the Roma Open on Friday, May 8, 2026, at 11:00 AM. The\" \/>\n<meta property=\"og:url\" content=\"https:\/\/ubirataonline.com.br\/en\/zeynep-sonmez-faces-world-number-five-pegula-at-roma-open\/\" \/>\n<meta property=\"og:site_name\" content=\"Ubirat\u00e3 Online Not\u00edcias - A realidade ao seu alcance!\" \/>\n<meta property=\"article:publisher\" content=\"https:\/\/www.facebook.com\/portalubirataonline\" \/>\n<meta property=\"article:author\" content=\"https:\/\/www.facebook.com\/portalubirataonline\" \/>\n<meta property=\"article:published_time\" content=\"2026-05-08T15:16:27+00:00\" \/>\n<meta property=\"article:modified_time\" content=\"2026-05-08T15:16:30+00:00\" \/>\n<meta property=\"og:image\" content=\"https:\/\/ubirataonline.com.br\/wp-content\/uploads\/2026\/05\/Zeynep-Sonmez-Faces-World-Number-Five-Pegula-at-Roma-Open.jpeg\" \/>\n\t<meta property=\"og:image:width\" content=\"1200\" \/>\n\t<meta property=\"og:image:height\" content=\"674\" \/>\n\t<meta property=\"og:image:type\" content=\"image\/jpeg\" \/>\n<meta name=\"author\" content=\"REDA\u00c7\u00c3O: UBIRAT\u00c3 ONLINE - F\u00c1BIO AUGUSTO CELESTINO\" \/>\n<meta name=\"twitter:card\" content=\"summary_large_image\" \/>\n<meta name=\"twitter:creator\" content=\"@x.com\/ubirataonline\" \/>\n<meta name=\"twitter:site\" content=\"@ubirataonline\" \/>\n<meta name=\"twitter:label1\" content=\"Written by\" \/>\n\t<meta name=\"twitter:data1\" content=\"REDA\u00c7\u00c3O: UBIRAT\u00c3 ONLINE - F\u00c1BIO AUGUSTO CELESTINO\" \/>\n\t<meta name=\"twitter:label2\" content=\"Est. reading time\" \/>\n\t<meta name=\"twitter:data2\" content=\"5 minutes\" \/>\n<script type=\"application\/ld+json\" class=\"yoast-schema-graph\">{\"@context\":\"https:\\\/\\\/schema.org\",\"@graph\":[{\"@type\":\"NewsArticle\",\"@id\":\"https:\\\/\\\/ubirataonline.com.br\\\/zeynep-sonmez-faces-world-number-five-pegula-at-roma-open\\\/#article\",\"isPartOf\":{\"@id\":\"https:\\\/\\\/ubirataonline.com.br\\\/zeynep-sonmez-faces-world-number-five-pegula-at-roma-open\\\/\"},\"author\":{\"name\":\"REDA\u00c7\u00c3O: UBIRAT\u00c3 ONLINE - F\u00c1BIO AUGUSTO CELESTINO\",\"@id\":\"https:\\\/\\\/ubirataonline.com.br\\\/#\\\/schema\\\/person\\\/372f87bbd3fdd79b8556b84c98d0bc1c\"},\"headline\":\"Zeynep Sonmez Faces World Number Five Pegula at Roma Open\",\"datePublished\":\"2026-05-08T15:16:27+00:00\",\"dateModified\":\"2026-05-08T15:16:30+00:00\",\"mainEntityOfPage\":{\"@id\":\"https:\\\/\\\/ubirataonline.com.br\\\/zeynep-sonmez-faces-world-number-five-pegula-at-roma-open\\\/\"},\"wordCount\":1002,\"publisher\":{\"@id\":\"https:\\\/\\\/ubirataonline.com.br\\\/#organization\"},\"image\":{\"@id\":\"https:\\\/\\\/ubirataonline.com.br\\\/zeynep-sonmez-faces-world-number-five-pegula-at-roma-open\\\/#primaryimage\"},\"thumbnailUrl\":\"https:\\\/\\\/ubirataonline.com.br\\\/wp-content\\\/uploads\\\/2026\\\/05\\\/Zeynep-Sonmez-Faces-World-Number-Five-Pegula-at-Roma-Open.jpeg\",\"keywords\":[\"faces\",\"number\",\"Open\",\"Pegula\",\"Roma\",\"S\u00f6nmez\",\"World\",\"Zeynep\"],\"articleSection\":[\"Europe\"],\"inLanguage\":\"en-US\",\"copyrightYear\":\"2026\",\"copyrightHolder\":{\"@id\":\"https:\\\/\\\/ubirataonline.com.br\\\/en\\\/#organization\"}},{\"@type\":\"WebPage\",\"@id\":\"https:\\\/\\\/ubirataonline.com.br\\\/zeynep-sonmez-faces-world-number-five-pegula-at-roma-open\\\/\",\"url\":\"https:\\\/\\\/ubirataonline.com.br\\\/zeynep-sonmez-faces-world-number-five-pegula-at-roma-open\\\/\",\"name\":\"Zeynep Sonmez Faces World Number Five Pegula at Roma Open - Ubirat\u00e3 Online Not\u00edcias - A realidade ao seu alcance!\",\"isPartOf\":{\"@id\":\"https:\\\/\\\/ubirataonline.com.br\\\/#website\"},\"primaryImageOfPage\":{\"@id\":\"https:\\\/\\\/ubirataonline.com.br\\\/zeynep-sonmez-faces-world-number-five-pegula-at-roma-open\\\/#primaryimage\"},\"image\":{\"@id\":\"https:\\\/\\\/ubirataonline.com.br\\\/zeynep-sonmez-faces-world-number-five-pegula-at-roma-open\\\/#primaryimage\"},\"thumbnailUrl\":\"https:\\\/\\\/ubirataonline.com.br\\\/wp-content\\\/uploads\\\/2026\\\/05\\\/Zeynep-Sonmez-Faces-World-Number-Five-Pegula-at-Roma-Open.jpeg\",\"datePublished\":\"2026-05-08T15:16:27+00:00\",\"dateModified\":\"2026-05-08T15:16:30+00:00\",\"description\":\"Turkish national tennis player Zeynep Sonmez is set to face world number five Jessica Pegula at the Roma Open on Friday, May 8, 2026, at 11:00 AM. The\",\"breadcrumb\":{\"@id\":\"https:\\\/\\\/ubirataonline.com.br\\\/zeynep-sonmez-faces-world-number-five-pegula-at-roma-open\\\/#breadcrumb\"},\"inLanguage\":\"en-US\",\"potentialAction\":[{\"@type\":\"ReadAction\",\"target\":[\"https:\\\/\\\/ubirataonline.com.br\\\/zeynep-sonmez-faces-world-number-five-pegula-at-roma-open\\\/\"]}]},{\"@type\":\"ImageObject\",\"inLanguage\":\"en-US\",\"@id\":\"https:\\\/\\\/ubirataonline.com.br\\\/zeynep-sonmez-faces-world-number-five-pegula-at-roma-open\\\/#primaryimage\",\"url\":\"https:\\\/\\\/ubirataonline.com.br\\\/wp-content\\\/uploads\\\/2026\\\/05\\\/Zeynep-Sonmez-Faces-World-Number-Five-Pegula-at-Roma-Open.jpeg\",\"contentUrl\":\"https:\\\/\\\/ubirataonline.com.br\\\/wp-content\\\/uploads\\\/2026\\\/05\\\/Zeynep-Sonmez-Faces-World-Number-Five-Pegula-at-Roma-Open.jpeg\",\"width\":1200,\"height\":674,\"caption\":\"Zeynep Sonmez Faces World Number Five Pegula at Roma Open\"},{\"@type\":\"BreadcrumbList\",\"@id\":\"https:\\\/\\\/ubirataonline.com.br\\\/zeynep-sonmez-faces-world-number-five-pegula-at-roma-open\\\/#breadcrumb\",\"itemListElement\":[{\"@type\":\"ListItem\",\"position\":1,\"name\":\"In\u00edcio\",\"item\":\"https:\\\/\\\/ubirataonline.com.br\\\/\"},{\"@type\":\"ListItem\",\"position\":2,\"name\":\"Zeynep Sonmez Faces World Number Five Pegula at Roma Open\"}]},{\"@type\":\"WebSite\",\"@id\":\"https:\\\/\\\/ubirataonline.com.br\\\/#website\",\"url\":\"https:\\\/\\\/ubirataonline.com.br\\\/\",\"name\":\"Ubirat\u00e3 Online Not\u00edcias\",\"description\":\"Not\u00edcias de Ubirat\u00e3, regi\u00e3o, Brasil e mundo, com informa\u00e7\u00e3o atualizada e compromisso com o leitor.\",\"publisher\":{\"@id\":\"https:\\\/\\\/ubirataonline.com.br\\\/#organization\"},\"alternateName\":\"Ubirat\u00e3 Online\",\"potentialAction\":[{\"@type\":\"SearchAction\",\"target\":{\"@type\":\"EntryPoint\",\"urlTemplate\":\"https:\\\/\\\/ubirataonline.com.br\\\/?s={search_term_string}\"},\"query-input\":{\"@type\":\"PropertyValueSpecification\",\"valueRequired\":true,\"valueName\":\"search_term_string\"}}],\"inLanguage\":\"en-US\"},{\"@type\":[\"Organization\",\"Place\"],\"@id\":\"https:\\\/\\\/ubirataonline.com.br\\\/#organization\",\"name\":\"Ubirat\u00e3 Online Not\u00edcias\",\"alternateName\":\"Ubirat\u00e3 Online\",\"url\":\"https:\\\/\\\/ubirataonline.com.br\\\/\",\"logo\":{\"@id\":\"https:\\\/\\\/ubirataonline.com.br\\\/zeynep-sonmez-faces-world-number-five-pegula-at-roma-open\\\/#local-main-organization-logo\"},\"image\":{\"@id\":\"https:\\\/\\\/ubirataonline.com.br\\\/zeynep-sonmez-faces-world-number-five-pegula-at-roma-open\\\/#local-main-organization-logo\"},\"sameAs\":[\"https:\\\/\\\/www.facebook.com\\\/portalubirataonline\",\"https:\\\/\\\/x.com\\\/ubirataonline\",\"https:\\\/\\\/mastodon.social\\\/@ubirataonline\",\"https:\\\/\\\/www.facebook.com\\\/groups\\\/311144672285604\",\"https:\\\/\\\/www.facebook.com\\\/UBTAOnline\",\"https:\\\/\\\/www.instagram.com\\\/portalubirataonline\\\/\",\"https:\\\/\\\/twitter.com\\\/ubirataonline\"],\"description\":\"Somos um portal de not\u00edcias independente, criado em 5 de janeiro de 2009, com o objetivo de informar, conectar e valorizar a nossa comunidade de Ubirat\u00e3 e toda aregi\u00e3o. Com conte\u00fado atualizado, confi\u00e1vel e relevante, o Ubirat\u00e3 Online \u00e9 o seu espa\u00e7o para ficar por dentro dos principais acontecimentos locais, regionais, Brasil, Mundo e de interesse geral. Nosso compromisso \u00e9 com a verdade, a transpar\u00eancia e o respeito ao leitor.\",\"legalName\":\"UBIRATA ONLINE NOT\u00cdCIAS\",\"foundingDate\":\"2009-01-05\",\"numberOfEmployees\":{\"@type\":\"QuantitativeValue\",\"minValue\":\"1\",\"maxValue\":\"10\"},\"publishingPrinciples\":\"https:\\\/\\\/ubirataonline.com.br\\\/faq\\\/\",\"address\":{\"@id\":\"https:\\\/\\\/ubirataonline.com.br\\\/zeynep-sonmez-faces-world-number-five-pegula-at-roma-open\\\/#local-main-place-address\"},\"geo\":{\"@type\":\"GeoCoordinates\",\"latitude\":\"-24.5361401\",\"longitude\":\"-52.9921776\"},\"telephone\":[\"+5544998308235\"],\"contactPoint\":{\"@type\":\"ContactPoint\",\"email\":\"contato@ubirataonline.com.br\"},\"openingHoursSpecification\":{\"@type\":\"OpeningHoursSpecification\",\"dayOfWeek\":[\"Monday\",\"Tuesday\",\"Wednesday\",\"Thursday\",\"Friday\",\"Saturday\",\"Sunday\"],\"opens\":\"00:00\",\"closes\":\"23:59\"},\"email\":\"contato@ubirataonline.com.br\",\"vatID\":\"47.621.418\\\/0001-80\"},{\"@type\":\"Person\",\"@id\":\"https:\\\/\\\/ubirataonline.com.br\\\/#\\\/schema\\\/person\\\/372f87bbd3fdd79b8556b84c98d0bc1c\",\"name\":\"REDA\u00c7\u00c3O: UBIRAT\u00c3 ONLINE - F\u00c1BIO AUGUSTO CELESTINO\",\"pronouns\":\"Ele\",\"description\":\"Desde 2003 trabalhando com not\u00edcias.\",\"sameAs\":[\"http:\\\/\\\/ubirataoline.com.br\",\"https:\\\/\\\/www.facebook.com\\\/portalubirataonline\",\"https:\\\/\\\/www.instagram.com\\\/ubirataonline_oficial\",\"https:\\\/\\\/x.com\\\/x.com\\\/ubirataonline\"],\"honorificPrefix\":\"Mr.\",\"honorificSuffix\":\"MD\",\"birthDate\":\"1980-06-16\",\"gender\":\"masculino\",\"award\":[\"V\u00e1rios pr\u00eamios de melhor portal da cidade\"],\"jobTitle\":\"Diretor\",\"url\":\"https:\\\/\\\/ubirataonline.com.br\\\/en\\\/author\\\/ubirataonline\\\/\"},{\"@type\":\"PostalAddress\",\"@id\":\"https:\\\/\\\/ubirataonline.com.br\\\/zeynep-sonmez-faces-world-number-five-pegula-at-roma-open\\\/#local-main-place-address\",\"streetAddress\":\"Rua dos Coqueiros, 104 - Bairro Boa Vista, Rua dos Coqueiros, 104 Bairro Boa Vista\",\"addressLocality\":\"UBIRATA\",\"postalCode\":\"85440-000\",\"addressRegion\":\"PR\",\"addressCountry\":\"BR\"},{\"@type\":\"ImageObject\",\"inLanguage\":\"en-US\",\"@id\":\"https:\\\/\\\/ubirataonline.com.br\\\/zeynep-sonmez-faces-world-number-five-pegula-at-roma-open\\\/#local-main-organization-logo\",\"url\":\"https:\\\/\\\/ubirataonline.com.br\\\/wp-content\\\/uploads\\\/2026\\\/06\\\/logoubirataonline-1.webp\",\"contentUrl\":\"https:\\\/\\\/ubirataonline.com.br\\\/wp-content\\\/uploads\\\/2026\\\/06\\\/logoubirataonline-1.webp\",\"width\":500,\"height\":500,\"caption\":\"Ubirat\u00e3 Online Not\u00edcias\"}]}<\/script>\n<meta name=\"geo.placename\" content=\"UBIRATA\" \/>\n<meta name=\"geo.position\" content=\"-24.5361401;-52.9921776\" \/>\n<meta name=\"geo.region\" content=\"Brazil\" \/>\n<!-- \/ Yoast SEO Premium plugin. -->","yoast_head_json":{"title":"Zeynep Sonmez Faces World Number Five Pegula at Roma Open - Ubirat\u00e3 Online Not\u00edcias - A realidade ao seu alcance!","description":"Turkish national tennis player Zeynep Sonmez is set to face world number five Jessica Pegula at the Roma Open on Friday, May 8, 2026, at 11:00 AM. The","robots":{"index":"index","follow":"follow","max-snippet":"max-snippet:-1","max-image-preview":"max-image-preview:large","max-video-preview":"max-video-preview:-1"},"canonical":"https:\/\/ubirataonline.com.br\/en\/zeynep-sonmez-faces-world-number-five-pegula-at-roma-open\/","og_locale":"en_US","og_type":"article","og_title":"Zeynep Sonmez Faces World Number Five Pegula at Roma Open","og_description":"Turkish national tennis player Zeynep Sonmez is set to face world number five Jessica Pegula at the Roma Open on Friday, May 8, 2026, at 11:00 AM. The","og_url":"https:\/\/ubirataonline.com.br\/en\/zeynep-sonmez-faces-world-number-five-pegula-at-roma-open\/","og_site_name":"Ubirat\u00e3 Online Not\u00edcias - A realidade ao seu alcance!","article_publisher":"https:\/\/www.facebook.com\/portalubirataonline","article_author":"https:\/\/www.facebook.com\/portalubirataonline","article_published_time":"2026-05-08T15:16:27+00:00","article_modified_time":"2026-05-08T15:16:30+00:00","og_image":[{"width":1200,"height":674,"url":"https:\/\/ubirataonline.com.br\/wp-content\/uploads\/2026\/05\/Zeynep-Sonmez-Faces-World-Number-Five-Pegula-at-Roma-Open.jpeg","type":"image\/jpeg"}],"author":"REDA\u00c7\u00c3O: UBIRAT\u00c3 ONLINE - F\u00c1BIO AUGUSTO CELESTINO","twitter_card":"summary_large_image","twitter_creator":"@x.com\/ubirataonline","twitter_site":"@ubirataonline","twitter_misc":{"Written by":"REDA\u00c7\u00c3O: UBIRAT\u00c3 ONLINE - F\u00c1BIO AUGUSTO CELESTINO","Est. reading time":"5 minutes"},"schema":{"@context":"https:\/\/schema.org","@graph":[{"@type":"NewsArticle","@id":"https:\/\/ubirataonline.com.br\/zeynep-sonmez-faces-world-number-five-pegula-at-roma-open\/#article","isPartOf":{"@id":"https:\/\/ubirataonline.com.br\/zeynep-sonmez-faces-world-number-five-pegula-at-roma-open\/"},"author":{"name":"REDA\u00c7\u00c3O: UBIRAT\u00c3 ONLINE - F\u00c1BIO AUGUSTO CELESTINO","@id":"https:\/\/ubirataonline.com.br\/#\/schema\/person\/372f87bbd3fdd79b8556b84c98d0bc1c"},"headline":"Zeynep Sonmez Faces World Number Five Pegula at Roma Open","datePublished":"2026-05-08T15:16:27+00:00","dateModified":"2026-05-08T15:16:30+00:00","mainEntityOfPage":{"@id":"https:\/\/ubirataonline.com.br\/zeynep-sonmez-faces-world-number-five-pegula-at-roma-open\/"},"wordCount":1002,"publisher":{"@id":"https:\/\/ubirataonline.com.br\/#organization"},"image":{"@id":"https:\/\/ubirataonline.com.br\/zeynep-sonmez-faces-world-number-five-pegula-at-roma-open\/#primaryimage"},"thumbnailUrl":"https:\/\/ubirataonline.com.br\/wp-content\/uploads\/2026\/05\/Zeynep-Sonmez-Faces-World-Number-Five-Pegula-at-Roma-Open.jpeg","keywords":["faces","number","Open","Pegula","Roma","S\u00f6nmez","World","Zeynep"],"articleSection":["Europe"],"inLanguage":"en-US","copyrightYear":"2026","copyrightHolder":{"@id":"https:\/\/ubirataonline.com.br\/en\/#organization"}},{"@type":"WebPage","@id":"https:\/\/ubirataonline.com.br\/zeynep-sonmez-faces-world-number-five-pegula-at-roma-open\/","url":"https:\/\/ubirataonline.com.br\/zeynep-sonmez-faces-world-number-five-pegula-at-roma-open\/","name":"Zeynep Sonmez Faces World Number Five Pegula at Roma Open - Ubirat\u00e3 Online Not\u00edcias - A realidade ao seu alcance!","isPartOf":{"@id":"https:\/\/ubirataonline.com.br\/#website"},"primaryImageOfPage":{"@id":"https:\/\/ubirataonline.com.br\/zeynep-sonmez-faces-world-number-five-pegula-at-roma-open\/#primaryimage"},"image":{"@id":"https:\/\/ubirataonline.com.br\/zeynep-sonmez-faces-world-number-five-pegula-at-roma-open\/#primaryimage"},"thumbnailUrl":"https:\/\/ubirataonline.com.br\/wp-content\/uploads\/2026\/05\/Zeynep-Sonmez-Faces-World-Number-Five-Pegula-at-Roma-Open.jpeg","datePublished":"2026-05-08T15:16:27+00:00","dateModified":"2026-05-08T15:16:30+00:00","description":"Turkish national tennis player Zeynep Sonmez is set to face world number five Jessica Pegula at the Roma Open on Friday, May 8, 2026, at 11:00 AM. The","breadcrumb":{"@id":"https:\/\/ubirataonline.com.br\/zeynep-sonmez-faces-world-number-five-pegula-at-roma-open\/#breadcrumb"},"inLanguage":"en-US","potentialAction":[{"@type":"ReadAction","target":["https:\/\/ubirataonline.com.br\/zeynep-sonmez-faces-world-number-five-pegula-at-roma-open\/"]}]},{"@type":"ImageObject","inLanguage":"en-US","@id":"https:\/\/ubirataonline.com.br\/zeynep-sonmez-faces-world-number-five-pegula-at-roma-open\/#primaryimage","url":"https:\/\/ubirataonline.com.br\/wp-content\/uploads\/2026\/05\/Zeynep-Sonmez-Faces-World-Number-Five-Pegula-at-Roma-Open.jpeg","contentUrl":"https:\/\/ubirataonline.com.br\/wp-content\/uploads\/2026\/05\/Zeynep-Sonmez-Faces-World-Number-Five-Pegula-at-Roma-Open.jpeg","width":1200,"height":674,"caption":"Zeynep Sonmez Faces World Number Five Pegula at Roma Open"},{"@type":"BreadcrumbList","@id":"https:\/\/ubirataonline.com.br\/zeynep-sonmez-faces-world-number-five-pegula-at-roma-open\/#breadcrumb","itemListElement":[{"@type":"ListItem","position":1,"name":"In\u00edcio","item":"https:\/\/ubirataonline.com.br\/"},{"@type":"ListItem","position":2,"name":"Zeynep Sonmez Faces World Number Five Pegula at Roma Open"}]},{"@type":"WebSite","@id":"https:\/\/ubirataonline.com.br\/#website","url":"https:\/\/ubirataonline.com.br\/","name":"Ubirat\u00e3 Online Not\u00edcias","description":"Not\u00edcias de Ubirat\u00e3, regi\u00e3o, Brasil e mundo, com informa\u00e7\u00e3o atualizada e compromisso com o leitor.","publisher":{"@id":"https:\/\/ubirataonline.com.br\/#organization"},"alternateName":"Ubirat\u00e3 Online","potentialAction":[{"@type":"SearchAction","target":{"@type":"EntryPoint","urlTemplate":"https:\/\/ubirataonline.com.br\/?s={search_term_string}"},"query-input":{"@type":"PropertyValueSpecification","valueRequired":true,"valueName":"search_term_string"}}],"inLanguage":"en-US"},{"@type":["Organization","Place"],"@id":"https:\/\/ubirataonline.com.br\/#organization","name":"Ubirat\u00e3 Online Not\u00edcias","alternateName":"Ubirat\u00e3 Online","url":"https:\/\/ubirataonline.com.br\/","logo":{"@id":"https:\/\/ubirataonline.com.br\/zeynep-sonmez-faces-world-number-five-pegula-at-roma-open\/#local-main-organization-logo"},"image":{"@id":"https:\/\/ubirataonline.com.br\/zeynep-sonmez-faces-world-number-five-pegula-at-roma-open\/#local-main-organization-logo"},"sameAs":["https:\/\/www.facebook.com\/portalubirataonline","https:\/\/x.com\/ubirataonline","https:\/\/mastodon.social\/@ubirataonline","https:\/\/www.facebook.com\/groups\/311144672285604","https:\/\/www.facebook.com\/UBTAOnline","https:\/\/www.instagram.com\/portalubirataonline\/","https:\/\/twitter.com\/ubirataonline"],"description":"Somos um portal de not\u00edcias independente, criado em 5 de janeiro de 2009, com o objetivo de informar, conectar e valorizar a nossa comunidade de Ubirat\u00e3 e toda aregi\u00e3o. Com conte\u00fado atualizado, confi\u00e1vel e relevante, o Ubirat\u00e3 Online \u00e9 o seu espa\u00e7o para ficar por dentro dos principais acontecimentos locais, regionais, Brasil, Mundo e de interesse geral. Nosso compromisso \u00e9 com a verdade, a transpar\u00eancia e o respeito ao leitor.","legalName":"UBIRATA ONLINE NOT\u00cdCIAS","foundingDate":"2009-01-05","numberOfEmployees":{"@type":"QuantitativeValue","minValue":"1","maxValue":"10"},"publishingPrinciples":"https:\/\/ubirataonline.com.br\/faq\/","address":{"@id":"https:\/\/ubirataonline.com.br\/zeynep-sonmez-faces-world-number-five-pegula-at-roma-open\/#local-main-place-address"},"geo":{"@type":"GeoCoordinates","latitude":"-24.5361401","longitude":"-52.9921776"},"telephone":["+5544998308235"],"contactPoint":{"@type":"ContactPoint","email":"contato@ubirataonline.com.br"},"openingHoursSpecification":{"@type":"OpeningHoursSpecification","dayOfWeek":["Monday","Tuesday","Wednesday","Thursday","Friday","Saturday","Sunday"],"opens":"00:00","closes":"23:59"},"email":"contato@ubirataonline.com.br","vatID":"47.621.418\/0001-80"},{"@type":"Person","@id":"https:\/\/ubirataonline.com.br\/#\/schema\/person\/372f87bbd3fdd79b8556b84c98d0bc1c","name":"REDA\u00c7\u00c3O: UBIRAT\u00c3 ONLINE - F\u00c1BIO AUGUSTO CELESTINO","pronouns":"Ele","description":"Desde 2003 trabalhando com not\u00edcias.","sameAs":["http:\/\/ubirataoline.com.br","https:\/\/www.facebook.com\/portalubirataonline","https:\/\/www.instagram.com\/ubirataonline_oficial","https:\/\/x.com\/x.com\/ubirataonline"],"honorificPrefix":"Mr.","honorificSuffix":"MD","birthDate":"1980-06-16","gender":"masculino","award":["V\u00e1rios pr\u00eamios de melhor portal da cidade"],"jobTitle":"Diretor","url":"https:\/\/ubirataonline.com.br\/en\/author\/ubirataonline\/"},{"@type":"PostalAddress","@id":"https:\/\/ubirataonline.com.br\/zeynep-sonmez-faces-world-number-five-pegula-at-roma-open\/#local-main-place-address","streetAddress":"Rua dos Coqueiros, 104 - Bairro Boa Vista, Rua dos Coqueiros, 104 Bairro Boa Vista","addressLocality":"UBIRATA","postalCode":"85440-000","addressRegion":"PR","addressCountry":"BR"},{"@type":"ImageObject","inLanguage":"en-US","@id":"https:\/\/ubirataonline.com.br\/zeynep-sonmez-faces-world-number-five-pegula-at-roma-open\/#local-main-organization-logo","url":"https:\/\/ubirataonline.com.br\/wp-content\/uploads\/2026\/06\/logoubirataonline-1.webp","contentUrl":"https:\/\/ubirataonline.com.br\/wp-content\/uploads\/2026\/06\/logoubirataonline-1.webp","width":500,"height":500,"caption":"Ubirat\u00e3 Online Not\u00edcias"}]},"geo.placename":"UBIRATA","geo.position":{"lat":"-24.5361401","long":"-52.9921776"},"geo.region":"Brazil"},"_links":{"self":[{"href":"https:\/\/ubirataonline.com.br\/en\/wp-json\/wp\/v2\/posts\/124271","targetHints":{"allow":["GET"]}}],"collection":[{"href":"https:\/\/ubirataonline.com.br\/en\/wp-json\/wp\/v2\/posts"}],"about":[{"href":"https:\/\/ubirataonline.com.br\/en\/wp-json\/wp\/v2\/types\/post"}],"author":[{"embeddable":true,"href":"https:\/\/ubirataonline.com.br\/en\/wp-json\/wp\/v2\/users\/1"}],"replies":[{"embeddable":true,"href":"https:\/\/ubirataonline.com.br\/en\/wp-json\/wp\/v2\/comments?post=124271"}],"version-history":[{"count":0,"href":"https:\/\/ubirataonline.com.br\/en\/wp-json\/wp\/v2\/posts\/124271\/revisions"}],"wp:featuredmedia":[{"embeddable":true,"href":"https:\/\/ubirataonline.com.br\/en\/wp-json\/wp\/v2\/media\/124272"}],"wp:attachment":[{"href":"https:\/\/ubirataonline.com.br\/en\/wp-json\/wp\/v2\/media?parent=124271"}],"wp:term":[{"taxonomy":"category","embeddable":true,"href":"https:\/\/ubirataonline.com.br\/en\/wp-json\/wp\/v2\/categories?post=124271"},{"taxonomy":"post_tag","embeddable":true,"href":"https:\/\/ubirataonline.com.br\/en\/wp-json\/wp\/v2\/tags?post=124271"}],"curies":[{"name":"wp","href":"https:\/\/api.w.org\/{rel}","templated":true}]}}