{"id":124380,"date":"2026-05-08T15:59:18","date_gmt":"2026-05-08T18:59:18","guid":{"rendered":"https:\/\/ubirataonline.com.br\/democrats-john-fetterman-headaches-arent-over\/"},"modified":"2026-05-08T15:59:21","modified_gmt":"2026-05-08T18:59:21","slug":"democrats-john-fetterman-headaches-arent-over","status":"publish","type":"post","link":"https:\/\/ubirataonline.com.br\/en\/democrats-john-fetterman-headaches-arent-over\/","title":{"rendered":"Democrats\u2019 John Fetterman headaches aren\u2019t over"},"content":{"rendered":"<p><\/p>\n<div data-editable=\"content\" itemprop=\"articleBody\" data-reorderable=\"content\">\n<p class=\"paragraph-elevate inline-placeholder vossi-paragraph_elevate\" data-uri=\"cms.cnn.com\/_components\/paragraph\/instances\/cmox0ur2j001w28p3gt1farjv@published\" data-editable=\"text\" data-component-name=\"paragraph\" data-article-gutter=\"true\">\n            A highly unwelcome prospect has crept into Democrats\u2019 heads in recent days: Sen. John Fetterman could complicate their already difficult path to the majority by switching parties.\n    <\/p>\n<p class=\"paragraph-elevate inline-placeholder vossi-paragraph_elevate\" data-uri=\"cms.cnn.com\/_components\/paragraph\/instances\/cmox11xo200023b6rng9s5ore@published\" data-editable=\"text\" data-component-name=\"paragraph\" data-article-gutter=\"true\">\n            The nightmare scenario for Democrats goes like this: They could flip the necessary four seats in the November midterms \u2014 by picking off difficult red states like Alaska and Ohio \u2014 only for Republicans to successfully win over the Pennsylvania Democrat and rob them of the majority. Politico\u2019s Jonathan Martin has reported <a href=\"https:\/\/www.politico.com\/news\/magazine\/2026\/05\/04\/fetterman-switch-parties-republican-00904177\" target=\"_blank\">there\u2019s just such a recruitment effort afoot<\/a> on the right.\n    <\/p>\n<p class=\"paragraph-elevate inline-placeholder vossi-paragraph_elevate\" data-uri=\"cms.cnn.com\/_components\/paragraph\/instances\/cmox11xo300033b6rl2dulcb6@published\" data-editable=\"text\" data-component-name=\"paragraph\" data-article-gutter=\"true\">\n            Fetterman\u2019s <a href=\"https:\/\/www.washingtonpost.com\/opinions\/2026\/05\/07\/sen-john-fetterman-im-not-leaving-democratic-party\/\" target=\"_blank\">Washington Post op-ed<\/a> on Thursday saying he has \u201cno plans to leave\u201d the party should make Democrats feel better \u2014 but not completely.\n    <\/p>\n<p class=\"paragraph-elevate inline-placeholder vossi-paragraph_elevate\" data-uri=\"cms.cnn.com\/_components\/paragraph\/instances\/cmox11xo300043b6rztpcfa52@published\" data-editable=\"text\" data-component-name=\"paragraph\" data-article-gutter=\"true\">\n            Because their Fetterman headaches are going nowhere.\n    <\/p>\n<p class=\"paragraph-elevate inline-placeholder vossi-paragraph_elevate\" data-uri=\"cms.cnn.com\/_components\/paragraph\/instances\/cmox11xo300053b6rmvd7i0v0@published\" data-editable=\"text\" data-component-name=\"paragraph\" data-article-gutter=\"true\">\n            The first-term senator noted that, despite bucking his party on some high-profile issues recently, he still votes overwhelmingly with Democrats and sides with them on issues of abortion, labor, marijuana and labor rights.\n    <\/p>\n<p class=\"paragraph-elevate inline-placeholder vossi-paragraph_elevate\" data-uri=\"cms.cnn.com\/_components\/paragraph\/instances\/cmox11xo300063b6r35pzyhaf@published\" data-editable=\"text\" data-component-name=\"paragraph\" data-article-gutter=\"true\">\n            He criticized his party for what he cast as knee-jerk opposition to whatever President Donald Trump does and suggested it has changed, rather than him.\n    <\/p>\n<p class=\"paragraph-elevate inline-placeholder vossi-paragraph_elevate\" data-uri=\"cms.cnn.com\/_components\/paragraph\/instances\/cmox11xo300073b6r0n1ocbru@published\" data-editable=\"text\" data-component-name=\"paragraph\" data-article-gutter=\"true\">\n            But he concluded: \u201cI\u2019d be a terrible Republican who still votes overwhelmingly with Democrats.\u201d\n    <\/p>\n<p class=\"paragraph-elevate inline-placeholder vossi-paragraph_elevate\" data-uri=\"cms.cnn.com\/_components\/paragraph\/instances\/cmox11xo300083b6r3lb8fby3@published\" data-editable=\"text\" data-component-name=\"paragraph\" data-article-gutter=\"true\">\n            The first thing to note is that while some have cast this as Fetterman rejecting a party switch, he didn\u2019t fully rule it out.\n    <\/p>\n<p class=\"paragraph-elevate inline-placeholder vossi-paragraph_elevate\" data-uri=\"cms.cnn.com\/_components\/paragraph\/instances\/cmox11xo300093b6r4cc15k4h@published\" data-editable=\"text\" data-component-name=\"paragraph\" data-article-gutter=\"true\">\n            Yes, it\u2019s significant that he even felt pressured enough to write this op-ed downplaying the prospect, and Democrats should be heartened that he did.\n    <\/p>\n<p class=\"paragraph-elevate inline-placeholder vossi-paragraph_elevate\" data-uri=\"cms.cnn.com\/_components\/paragraph\/instances\/cmox11xo3000a3b6r0er1n7y0@published\" data-editable=\"text\" data-component-name=\"paragraph\" data-article-gutter=\"true\">\n            But \u201cno plans\u201d is not the same as \u201cno chance,\u201d and politicians often use the former phrasing to keep their options open. If things were to change, Fetterman \u2014 who\u2019s not facing reelection until 2028 \u2014 could say he truthfully wasn\u2019t <em>planning<\/em> on switching parties, but that his plans changed because of XYZ.\n    <\/p>\n<p class=\"paragraph-elevate inline-placeholder vossi-paragraph_elevate\" data-uri=\"cms.cnn.com\/_components\/paragraph\/instances\/cmox11xo3000b3b6r532qvuze@published\" data-editable=\"text\" data-component-name=\"paragraph\" data-article-gutter=\"true\">\n            And plans <em>can<\/em> change, as we learned in a very similar situation in the same state 17 years ago.\n    <\/p>\n<p class=\"paragraph-elevate inline-placeholder vossi-paragraph_elevate\" data-uri=\"cms.cnn.com\/_components\/paragraph\/instances\/cmox11xo3000c3b6rbwsptt0z@published\" data-editable=\"text\" data-component-name=\"paragraph\" data-article-gutter=\"true\">\n            It was March 2009, and prominent Democrats were <a href=\"https:\/\/thehill.com\/homenews\/news\/16314-dems-press-specter-to-switch-sides\/\" target=\"_blank\">publicly lobbying Republican Sen. Arlen Specter<\/a> to join their side. They hoped he would give them a 60th vote and massively important filibuster-proof majority.\n    <\/p>\n<p class=\"paragraph-elevate inline-placeholder vossi-paragraph_elevate\" data-uri=\"cms.cnn.com\/_components\/paragraph\/instances\/cmox11xo3000d3b6r6pk2z93r@published\" data-editable=\"text\" data-component-name=\"paragraph\" data-article-gutter=\"true\">\n            When I sat down with Specter that month, he threw cold water on the idea. He said it was possible he would run for reelection in 2010 as an independent (he was facing a very difficult Republican primary). But he made a principled argument for why the Senate needed a robust minority party and <a href=\"https:\/\/thehill.com\/homenews\/news\/16331-specter-wont-rule-out-run-as-an-independent\/\" target=\"_blank\">said wouldn\u2019t run as a Democrat<\/a>.\n    <\/p>\n<p class=\"paragraph-elevate inline-placeholder vossi-paragraph_elevate\" data-uri=\"cms.cnn.com\/_components\/paragraph\/instances\/cmox11xo3000e3b6rxwgktgbt@published\" data-editable=\"text\" data-component-name=\"paragraph\" data-article-gutter=\"true\">\n            Less than a month and a half later, <a href=\"https:\/\/www.cnn.com\/2009\/POLITICS\/04\/28\/specter.party.switch\/\">Specter became a Democrat<\/a>, making it abundantly clear his party switch was about <a href=\"https:\/\/www.cnn.com\/2009\/POLITICS\/04\/29\/specter.party.switch\/index.html\">political survival<\/a>.\n    <\/p>\n<p class=\"paragraph-elevate inline-placeholder vossi-paragraph_elevate\" data-uri=\"cms.cnn.com\/_components\/paragraph\/instances\/cmox11xo3000f3b6rhmui6cyi@published\" data-editable=\"text\" data-component-name=\"paragraph\" data-article-gutter=\"true\">\n            These two situations are not the same. For starters, Specter, a longtime moderate Republican, had a decent chance of winning a primary as a Democrat. (He wound up losing 54%-46%.) Fetterman probably harbors few illusions about winning a GOP primary.\n    <\/p>\n<p class=\"paragraph-elevate inline-placeholder vossi-paragraph_elevate\" data-uri=\"cms.cnn.com\/_components\/paragraph\/instances\/cmox11xo3000g3b6rbcxwh6lk@published\" data-editable=\"text\" data-component-name=\"paragraph\" data-article-gutter=\"true\">\n            But it might be even more unlikely Fetterman could win a Democratic primary. A recent <a href=\"https:\/\/poll.qu.edu\/poll-release?releaseid=3948\" target=\"_blank\">Quinnipiac University poll<\/a> showed 73% of registered Republicans in the state said they approved of his handling of the job, compared to just 22% of Democrats.\n    <\/p>\n<p class=\"paragraph-elevate inline-placeholder vossi-paragraph_elevate\" data-uri=\"cms.cnn.com\/_components\/paragraph\/instances\/cmox11xo3000h3b6r0xgyimko@published\" data-editable=\"text\" data-component-name=\"paragraph\" data-article-gutter=\"true\">\n            And even if the party switch is off the table, that doesn\u2019t mean the drama is.\n    <\/p>\n<p class=\"paragraph-elevate inline-placeholder vossi-paragraph_elevate\" data-uri=\"cms.cnn.com\/_components\/paragraph\/instances\/cmox11xo3000i3b6rvomnk8xc@published\" data-editable=\"text\" data-component-name=\"paragraph\" data-article-gutter=\"true\">\n            While the Senate has a long history of moderates who quietly vote against their side when it mostly doesn\u2019t matter, Fetterman seems to relish torturing his party by breaking on some very high-profile issues \u2014 and then going on Fox News to talk about it.\n    <\/p>\n<p class=\"paragraph-elevate inline-placeholder vossi-paragraph_elevate\" data-uri=\"cms.cnn.com\/_components\/paragraph\/instances\/cmox11xo3000j3b6r28gcmai7@published\" data-editable=\"text\" data-component-name=\"paragraph\" data-article-gutter=\"true\">\n            That includes the wars with Iran and in Gaza, government shutdowns, Cabinet nominees and other issues.\n    <\/p>\n<p class=\"paragraph-elevate inline-placeholder vossi-paragraph_elevate\" data-uri=\"cms.cnn.com\/_components\/paragraph\/instances\/cmox11xo3000k3b6r1goxb7qk@published\" data-editable=\"text\" data-component-name=\"paragraph\" data-article-gutter=\"true\">\n            And what Fetterman calls his \u201cindependent voice\u201d is also a highly combustible situation for Democrats because of who he is and where he comes from.\n    <\/p>\n<p class=\"paragraph-elevate inline-placeholder vossi-paragraph_elevate\" data-uri=\"cms.cnn.com\/_components\/paragraph\/instances\/cmox11xo3000l3b6refnuhq32@published\" data-editable=\"text\" data-component-name=\"paragraph\" data-article-gutter=\"true\">\n            While Democrats for years bemoaned West Virginia Sen. Joe Manchin\u2019s tendency to cross over and vote with Republicans, he came from one of the reddest states in the country. Democrats should have been glad they got <em>any<\/em> votes from a West Virginia senator.\n    <\/p>\n<p class=\"paragraph-elevate inline-placeholder vossi-paragraph_elevate\" data-uri=\"cms.cnn.com\/_components\/paragraph\/instances\/cmox11xo3000m3b6r9hv9rhy0@published\" data-editable=\"text\" data-component-name=\"paragraph\" data-article-gutter=\"true\">\n            Fetterman, by contrast, comes from a swing state where a standard-issue, anti-Trump Democrat would probably be competitive. That will continue making Democrats <em>mad<\/em>.\n    <\/p>\n<p class=\"paragraph-elevate inline-placeholder vossi-paragraph_elevate\" data-uri=\"cms.cnn.com\/_components\/paragraph\/instances\/cmox11xo3000n3b6rjdm0zem9@published\" data-editable=\"text\" data-component-name=\"paragraph\" data-article-gutter=\"true\">\n            And then there\u2019s the future majority math.\n    <\/p>\n<p class=\"paragraph-elevate inline-placeholder vossi-paragraph_elevate\" data-uri=\"cms.cnn.com\/_components\/paragraph\/instances\/cmox11xo3000o3b6ru5gnu974@published\" data-editable=\"text\" data-component-name=\"paragraph\" data-article-gutter=\"true\">\n            Even if Democrats win a Senate majority this year, it\u2019s likely to be a very narrow one \u2014 probably 51-49, unless the 2026 election is an absolute Democratic rout in which they win a state like Iowa or Texas.\n    <\/p>\n<p class=\"paragraph-elevate inline-placeholder vossi-paragraph_elevate\" data-uri=\"cms.cnn.com\/_components\/paragraph\/instances\/cmox11xo3000p3b6rotg7hlef@published\" data-editable=\"text\" data-component-name=\"paragraph\" data-article-gutter=\"true\">\n            In that scenario, Fetterman could be a very important swing senator. Imagine there\u2019s a Supreme Court vacancy, and Democrats want to keep it open until a new president is elected, like Republicans did in 2016. At that point, they\u2019d need to keep Fetterman onside.\n    <\/p>\n<p class=\"paragraph-elevate inline-placeholder vossi-paragraph_elevate\" data-uri=\"cms.cnn.com\/_components\/paragraph\/instances\/cmox11xo3000q3b6ri20fe38s@published\" data-editable=\"text\" data-component-name=\"paragraph\" data-article-gutter=\"true\">\n            Indeed, the safest play for Democrats right now is to play nice with Fetterman, even if that\u2019s not easy or cathartic.\n    <\/p>\n<p class=\"paragraph-elevate inline-placeholder vossi-paragraph_elevate\" data-uri=\"cms.cnn.com\/_components\/paragraph\/instances\/cmox11xo3000r3b6robcjdryw@published\" data-editable=\"text\" data-component-name=\"paragraph\" data-article-gutter=\"true\">\n            If nothing else, the last few days have reminded them that he could hold some serious cards.\n    <\/p>\n<\/p><\/div>\n<p><a href=\"https:\/\/www.cnn.com\/2026\/05\/08\/politics\/john-fetterman-democrats-headache\">Source link <\/a><\/p>","protected":false},"excerpt":{"rendered":"<p>A highly unwelcome prospect has crept into Democrats\u2019 heads in recent days: Sen. John Fetterman could complicate their already difficult path to the majority by switching parties. The nightmare scenario for Democrats goes like this: They could flip the necessary four seats in the November midterms \u2014 by picking off difficult red states like Alaska [&hellip;]<\/p>\n","protected":false},"author":1,"featured_media":124381,"comment_status":"closed","ping_status":"","sticky":false,"template":"","format":"standard","meta":{"googlesitekit_rrm_CAow2JLhCw:productID":"","_gspb_post_css":"","maa_idioma":"","maa_pais":"","footnotes":""},"categories":[1],"tags":[25475,6888,23297,19029,6225],"class_list":["post-124380","post","type-post","status-publish","format-standard","has-post-thumbnail","hentry","category-ubirata","tag-arent","tag-democrats","tag-fetterman","tag-headaches","tag-john"],"blocksy_meta":[],"yoast_head":"<!-- This site is optimized with the Yoast SEO Premium plugin v27.6 (Yoast SEO v27.6) - https:\/\/yoast.com\/product\/yoast-seo-premium-wordpress\/ -->\n<title>Democrats\u2019 John Fetterman headaches aren\u2019t over - Ubirat\u00e3 Online Not\u00edcias - A realidade ao seu alcance!<\/title>\n<meta name=\"description\" content=\"A highly unwelcome prospect has crept into Democrats\u2019 heads in recent days: Sen. John Fetterman could complicate their already difficult path to the\" \/>\n<meta name=\"robots\" content=\"index, follow, max-snippet:-1, max-image-preview:large, max-video-preview:-1\" \/>\n<link rel=\"canonical\" href=\"https:\/\/ubirataonline.com.br\/en\/democrats-john-fetterman-headaches-arent-over\/\" \/>\n<meta property=\"og:locale\" content=\"en_US\" \/>\n<meta property=\"og:type\" content=\"article\" \/>\n<meta property=\"og:title\" content=\"Democrats\u2019 John Fetterman headaches aren\u2019t over\" \/>\n<meta property=\"og:description\" content=\"A highly unwelcome prospect has crept into Democrats\u2019 heads in recent days: Sen. John Fetterman could complicate their already difficult path to the\" \/>\n<meta property=\"og:url\" content=\"https:\/\/ubirataonline.com.br\/en\/democrats-john-fetterman-headaches-arent-over\/\" \/>\n<meta property=\"og:site_name\" content=\"Ubirat\u00e3 Online Not\u00edcias - A realidade ao seu alcance!\" \/>\n<meta property=\"article:publisher\" content=\"https:\/\/www.facebook.com\/portalubirataonline\" \/>\n<meta property=\"article:author\" content=\"https:\/\/www.facebook.com\/portalubirataonline\" \/>\n<meta property=\"article:published_time\" content=\"2026-05-08T18:59:18+00:00\" \/>\n<meta property=\"article:modified_time\" content=\"2026-05-08T18:59:21+00:00\" \/>\n<meta property=\"og:image\" content=\"https:\/\/ubirataonline.com.br\/wp-content\/uploads\/2026\/05\/Democrats-John-Fetterman-headaches-arent-over.jpg\" \/>\n\t<meta property=\"og:image:width\" content=\"800\" \/>\n\t<meta property=\"og:image:height\" content=\"450\" \/>\n\t<meta property=\"og:image:type\" content=\"image\/jpeg\" \/>\n<meta name=\"author\" content=\"REDA\u00c7\u00c3O: UBIRAT\u00c3 ONLINE - F\u00c1BIO AUGUSTO CELESTINO\" \/>\n<meta name=\"twitter:card\" content=\"summary_large_image\" \/>\n<meta name=\"twitter:creator\" content=\"@x.com\/ubirataonline\" \/>\n<meta name=\"twitter:site\" content=\"@ubirataonline\" \/>\n<meta name=\"twitter:label1\" content=\"Written by\" \/>\n\t<meta name=\"twitter:data1\" content=\"REDA\u00c7\u00c3O: UBIRAT\u00c3 ONLINE - F\u00c1BIO AUGUSTO CELESTINO\" \/>\n\t<meta name=\"twitter:label2\" content=\"Est. reading time\" \/>\n\t<meta name=\"twitter:data2\" content=\"4 minutes\" \/>\n<script type=\"application\/ld+json\" class=\"yoast-schema-graph\">{\"@context\":\"https:\\\/\\\/schema.org\",\"@graph\":[{\"@type\":\"NewsArticle\",\"@id\":\"https:\\\/\\\/ubirataonline.com.br\\\/democrats-john-fetterman-headaches-arent-over\\\/#article\",\"isPartOf\":{\"@id\":\"https:\\\/\\\/ubirataonline.com.br\\\/democrats-john-fetterman-headaches-arent-over\\\/\"},\"author\":{\"name\":\"REDA\u00c7\u00c3O: UBIRAT\u00c3 ONLINE - F\u00c1BIO AUGUSTO CELESTINO\",\"@id\":\"https:\\\/\\\/ubirataonline.com.br\\\/#\\\/schema\\\/person\\\/372f87bbd3fdd79b8556b84c98d0bc1c\"},\"headline\":\"Democrats\u2019 John Fetterman headaches aren\u2019t over\",\"datePublished\":\"2026-05-08T18:59:18+00:00\",\"dateModified\":\"2026-05-08T18:59:21+00:00\",\"mainEntityOfPage\":{\"@id\":\"https:\\\/\\\/ubirataonline.com.br\\\/democrats-john-fetterman-headaches-arent-over\\\/\"},\"wordCount\":815,\"publisher\":{\"@id\":\"https:\\\/\\\/ubirataonline.com.br\\\/#organization\"},\"image\":{\"@id\":\"https:\\\/\\\/ubirataonline.com.br\\\/democrats-john-fetterman-headaches-arent-over\\\/#primaryimage\"},\"thumbnailUrl\":\"https:\\\/\\\/ubirataonline.com.br\\\/wp-content\\\/uploads\\\/2026\\\/05\\\/Democrats-John-Fetterman-headaches-arent-over.jpg\",\"keywords\":[\"arent\",\"Democrats\",\"Fetterman\",\"Headaches\",\"John\"],\"articleSection\":[\"Ubirat\u00e3\"],\"inLanguage\":\"en-US\",\"copyrightYear\":\"2026\",\"copyrightHolder\":{\"@id\":\"https:\\\/\\\/ubirataonline.com.br\\\/en\\\/#organization\"}},{\"@type\":\"WebPage\",\"@id\":\"https:\\\/\\\/ubirataonline.com.br\\\/democrats-john-fetterman-headaches-arent-over\\\/\",\"url\":\"https:\\\/\\\/ubirataonline.com.br\\\/democrats-john-fetterman-headaches-arent-over\\\/\",\"name\":\"Democrats\u2019 John Fetterman headaches aren\u2019t over - Ubirat\u00e3 Online Not\u00edcias - A realidade ao seu alcance!\",\"isPartOf\":{\"@id\":\"https:\\\/\\\/ubirataonline.com.br\\\/#website\"},\"primaryImageOfPage\":{\"@id\":\"https:\\\/\\\/ubirataonline.com.br\\\/democrats-john-fetterman-headaches-arent-over\\\/#primaryimage\"},\"image\":{\"@id\":\"https:\\\/\\\/ubirataonline.com.br\\\/democrats-john-fetterman-headaches-arent-over\\\/#primaryimage\"},\"thumbnailUrl\":\"https:\\\/\\\/ubirataonline.com.br\\\/wp-content\\\/uploads\\\/2026\\\/05\\\/Democrats-John-Fetterman-headaches-arent-over.jpg\",\"datePublished\":\"2026-05-08T18:59:18+00:00\",\"dateModified\":\"2026-05-08T18:59:21+00:00\",\"description\":\"A highly unwelcome prospect has crept into Democrats\u2019 heads in recent days: Sen. John Fetterman could complicate their already difficult path to the\",\"breadcrumb\":{\"@id\":\"https:\\\/\\\/ubirataonline.com.br\\\/democrats-john-fetterman-headaches-arent-over\\\/#breadcrumb\"},\"inLanguage\":\"en-US\",\"potentialAction\":[{\"@type\":\"ReadAction\",\"target\":[\"https:\\\/\\\/ubirataonline.com.br\\\/democrats-john-fetterman-headaches-arent-over\\\/\"]}]},{\"@type\":\"ImageObject\",\"inLanguage\":\"en-US\",\"@id\":\"https:\\\/\\\/ubirataonline.com.br\\\/democrats-john-fetterman-headaches-arent-over\\\/#primaryimage\",\"url\":\"https:\\\/\\\/ubirataonline.com.br\\\/wp-content\\\/uploads\\\/2026\\\/05\\\/Democrats-John-Fetterman-headaches-arent-over.jpg\",\"contentUrl\":\"https:\\\/\\\/ubirataonline.com.br\\\/wp-content\\\/uploads\\\/2026\\\/05\\\/Democrats-John-Fetterman-headaches-arent-over.jpg\",\"width\":800,\"height\":450,\"caption\":\"Kevin Dietsch\\\/Getty Images\\\/File\"},{\"@type\":\"BreadcrumbList\",\"@id\":\"https:\\\/\\\/ubirataonline.com.br\\\/democrats-john-fetterman-headaches-arent-over\\\/#breadcrumb\",\"itemListElement\":[{\"@type\":\"ListItem\",\"position\":1,\"name\":\"In\u00edcio\",\"item\":\"https:\\\/\\\/ubirataonline.com.br\\\/\"},{\"@type\":\"ListItem\",\"position\":2,\"name\":\"Democrats\u2019 John Fetterman headaches aren\u2019t over\"}]},{\"@type\":\"WebSite\",\"@id\":\"https:\\\/\\\/ubirataonline.com.br\\\/#website\",\"url\":\"https:\\\/\\\/ubirataonline.com.br\\\/\",\"name\":\"Ubirat\u00e3 Online Not\u00edcias\",\"description\":\"Not\u00edcias de Ubirat\u00e3, regi\u00e3o, Brasil e mundo, com informa\u00e7\u00e3o atualizada e compromisso com o leitor.\",\"publisher\":{\"@id\":\"https:\\\/\\\/ubirataonline.com.br\\\/#organization\"},\"alternateName\":\"Ubirat\u00e3 Online\",\"potentialAction\":[{\"@type\":\"SearchAction\",\"target\":{\"@type\":\"EntryPoint\",\"urlTemplate\":\"https:\\\/\\\/ubirataonline.com.br\\\/?s={search_term_string}\"},\"query-input\":{\"@type\":\"PropertyValueSpecification\",\"valueRequired\":true,\"valueName\":\"search_term_string\"}}],\"inLanguage\":\"en-US\"},{\"@type\":[\"Organization\",\"Place\"],\"@id\":\"https:\\\/\\\/ubirataonline.com.br\\\/#organization\",\"name\":\"Ubirat\u00e3 Online Not\u00edcias\",\"alternateName\":\"Ubirat\u00e3 Online\",\"url\":\"https:\\\/\\\/ubirataonline.com.br\\\/\",\"logo\":{\"@id\":\"https:\\\/\\\/ubirataonline.com.br\\\/democrats-john-fetterman-headaches-arent-over\\\/#local-main-organization-logo\"},\"image\":{\"@id\":\"https:\\\/\\\/ubirataonline.com.br\\\/democrats-john-fetterman-headaches-arent-over\\\/#local-main-organization-logo\"},\"sameAs\":[\"https:\\\/\\\/www.facebook.com\\\/portalubirataonline\",\"https:\\\/\\\/x.com\\\/ubirataonline\",\"https:\\\/\\\/mastodon.social\\\/@ubirataonline\",\"https:\\\/\\\/www.facebook.com\\\/groups\\\/311144672285604\",\"https:\\\/\\\/www.facebook.com\\\/UBTAOnline\",\"https:\\\/\\\/www.instagram.com\\\/portalubirataonline\\\/\",\"https:\\\/\\\/twitter.com\\\/ubirataonline\"],\"description\":\"Somos um portal de not\u00edcias independente, criado em 5 de janeiro de 2009, com o objetivo de informar, conectar e valorizar a nossa comunidade de Ubirat\u00e3 e toda aregi\u00e3o. Com conte\u00fado atualizado, confi\u00e1vel e relevante, o Ubirat\u00e3 Online \u00e9 o seu espa\u00e7o para ficar por dentro dos principais acontecimentos locais, regionais, Brasil, Mundo e de interesse geral. Nosso compromisso \u00e9 com a verdade, a transpar\u00eancia e o respeito ao leitor.\",\"legalName\":\"UBIRATA ONLINE NOT\u00cdCIAS\",\"foundingDate\":\"2009-01-05\",\"numberOfEmployees\":{\"@type\":\"QuantitativeValue\",\"minValue\":\"1\",\"maxValue\":\"10\"},\"publishingPrinciples\":\"https:\\\/\\\/ubirataonline.com.br\\\/faq\\\/\",\"address\":{\"@id\":\"https:\\\/\\\/ubirataonline.com.br\\\/democrats-john-fetterman-headaches-arent-over\\\/#local-main-place-address\"},\"geo\":{\"@type\":\"GeoCoordinates\",\"latitude\":\"-24.5361401\",\"longitude\":\"-52.9921776\"},\"telephone\":[\"+5544998308235\"],\"contactPoint\":{\"@type\":\"ContactPoint\",\"email\":\"contato@ubirataonline.com.br\"},\"openingHoursSpecification\":{\"@type\":\"OpeningHoursSpecification\",\"dayOfWeek\":[\"Monday\",\"Tuesday\",\"Wednesday\",\"Thursday\",\"Friday\",\"Saturday\",\"Sunday\"],\"opens\":\"00:00\",\"closes\":\"23:59\"},\"email\":\"contato@ubirataonline.com.br\",\"vatID\":\"47.621.418\\\/0001-80\"},{\"@type\":\"Person\",\"@id\":\"https:\\\/\\\/ubirataonline.com.br\\\/#\\\/schema\\\/person\\\/372f87bbd3fdd79b8556b84c98d0bc1c\",\"name\":\"REDA\u00c7\u00c3O: UBIRAT\u00c3 ONLINE - F\u00c1BIO AUGUSTO CELESTINO\",\"pronouns\":\"Ele\",\"description\":\"Desde 2003 trabalhando com not\u00edcias.\",\"sameAs\":[\"http:\\\/\\\/ubirataoline.com.br\",\"https:\\\/\\\/www.facebook.com\\\/portalubirataonline\",\"https:\\\/\\\/www.instagram.com\\\/ubirataonline_oficial\",\"https:\\\/\\\/x.com\\\/x.com\\\/ubirataonline\"],\"honorificPrefix\":\"Mr.\",\"honorificSuffix\":\"MD\",\"birthDate\":\"1980-06-16\",\"gender\":\"masculino\",\"award\":[\"V\u00e1rios pr\u00eamios de melhor portal da cidade\"],\"jobTitle\":\"Diretor\",\"url\":\"https:\\\/\\\/ubirataonline.com.br\\\/en\\\/author\\\/ubirataonline\\\/\"},{\"@type\":\"PostalAddress\",\"@id\":\"https:\\\/\\\/ubirataonline.com.br\\\/democrats-john-fetterman-headaches-arent-over\\\/#local-main-place-address\",\"streetAddress\":\"Rua dos Coqueiros, 104 - Bairro Boa Vista, Rua dos Coqueiros, 104 Bairro Boa Vista\",\"addressLocality\":\"UBIRATA\",\"postalCode\":\"85440-000\",\"addressRegion\":\"PR\",\"addressCountry\":\"BR\"},{\"@type\":\"ImageObject\",\"inLanguage\":\"en-US\",\"@id\":\"https:\\\/\\\/ubirataonline.com.br\\\/democrats-john-fetterman-headaches-arent-over\\\/#local-main-organization-logo\",\"url\":\"https:\\\/\\\/ubirataonline.com.br\\\/wp-content\\\/uploads\\\/2026\\\/06\\\/logoubirataonline-1.webp\",\"contentUrl\":\"https:\\\/\\\/ubirataonline.com.br\\\/wp-content\\\/uploads\\\/2026\\\/06\\\/logoubirataonline-1.webp\",\"width\":500,\"height\":500,\"caption\":\"Ubirat\u00e3 Online Not\u00edcias\"}]}<\/script>\n<meta name=\"geo.placename\" content=\"UBIRATA\" \/>\n<meta name=\"geo.position\" content=\"-24.5361401;-52.9921776\" \/>\n<meta name=\"geo.region\" content=\"Brazil\" \/>\n<!-- \/ Yoast SEO Premium plugin. -->","yoast_head_json":{"title":"Democrats\u2019 John Fetterman headaches aren\u2019t over - Ubirat\u00e3 Online Not\u00edcias - A realidade ao seu alcance!","description":"A highly unwelcome prospect has crept into Democrats\u2019 heads in recent days: Sen. John Fetterman could complicate their already difficult path to the","robots":{"index":"index","follow":"follow","max-snippet":"max-snippet:-1","max-image-preview":"max-image-preview:large","max-video-preview":"max-video-preview:-1"},"canonical":"https:\/\/ubirataonline.com.br\/en\/democrats-john-fetterman-headaches-arent-over\/","og_locale":"en_US","og_type":"article","og_title":"Democrats\u2019 John Fetterman headaches aren\u2019t over","og_description":"A highly unwelcome prospect has crept into Democrats\u2019 heads in recent days: Sen. John Fetterman could complicate their already difficult path to the","og_url":"https:\/\/ubirataonline.com.br\/en\/democrats-john-fetterman-headaches-arent-over\/","og_site_name":"Ubirat\u00e3 Online Not\u00edcias - A realidade ao seu alcance!","article_publisher":"https:\/\/www.facebook.com\/portalubirataonline","article_author":"https:\/\/www.facebook.com\/portalubirataonline","article_published_time":"2026-05-08T18:59:18+00:00","article_modified_time":"2026-05-08T18:59:21+00:00","og_image":[{"width":800,"height":450,"url":"https:\/\/ubirataonline.com.br\/wp-content\/uploads\/2026\/05\/Democrats-John-Fetterman-headaches-arent-over.jpg","type":"image\/jpeg"}],"author":"REDA\u00c7\u00c3O: UBIRAT\u00c3 ONLINE - F\u00c1BIO AUGUSTO CELESTINO","twitter_card":"summary_large_image","twitter_creator":"@x.com\/ubirataonline","twitter_site":"@ubirataonline","twitter_misc":{"Written by":"REDA\u00c7\u00c3O: UBIRAT\u00c3 ONLINE - F\u00c1BIO AUGUSTO CELESTINO","Est. reading time":"4 minutes"},"schema":{"@context":"https:\/\/schema.org","@graph":[{"@type":"NewsArticle","@id":"https:\/\/ubirataonline.com.br\/democrats-john-fetterman-headaches-arent-over\/#article","isPartOf":{"@id":"https:\/\/ubirataonline.com.br\/democrats-john-fetterman-headaches-arent-over\/"},"author":{"name":"REDA\u00c7\u00c3O: UBIRAT\u00c3 ONLINE - F\u00c1BIO AUGUSTO CELESTINO","@id":"https:\/\/ubirataonline.com.br\/#\/schema\/person\/372f87bbd3fdd79b8556b84c98d0bc1c"},"headline":"Democrats\u2019 John Fetterman headaches aren\u2019t over","datePublished":"2026-05-08T18:59:18+00:00","dateModified":"2026-05-08T18:59:21+00:00","mainEntityOfPage":{"@id":"https:\/\/ubirataonline.com.br\/democrats-john-fetterman-headaches-arent-over\/"},"wordCount":815,"publisher":{"@id":"https:\/\/ubirataonline.com.br\/#organization"},"image":{"@id":"https:\/\/ubirataonline.com.br\/democrats-john-fetterman-headaches-arent-over\/#primaryimage"},"thumbnailUrl":"https:\/\/ubirataonline.com.br\/wp-content\/uploads\/2026\/05\/Democrats-John-Fetterman-headaches-arent-over.jpg","keywords":["arent","Democrats","Fetterman","Headaches","John"],"articleSection":["Ubirat\u00e3"],"inLanguage":"en-US","copyrightYear":"2026","copyrightHolder":{"@id":"https:\/\/ubirataonline.com.br\/en\/#organization"}},{"@type":"WebPage","@id":"https:\/\/ubirataonline.com.br\/democrats-john-fetterman-headaches-arent-over\/","url":"https:\/\/ubirataonline.com.br\/democrats-john-fetterman-headaches-arent-over\/","name":"Democrats\u2019 John Fetterman headaches aren\u2019t over - Ubirat\u00e3 Online Not\u00edcias - A realidade ao seu alcance!","isPartOf":{"@id":"https:\/\/ubirataonline.com.br\/#website"},"primaryImageOfPage":{"@id":"https:\/\/ubirataonline.com.br\/democrats-john-fetterman-headaches-arent-over\/#primaryimage"},"image":{"@id":"https:\/\/ubirataonline.com.br\/democrats-john-fetterman-headaches-arent-over\/#primaryimage"},"thumbnailUrl":"https:\/\/ubirataonline.com.br\/wp-content\/uploads\/2026\/05\/Democrats-John-Fetterman-headaches-arent-over.jpg","datePublished":"2026-05-08T18:59:18+00:00","dateModified":"2026-05-08T18:59:21+00:00","description":"A highly unwelcome prospect has crept into Democrats\u2019 heads in recent days: Sen. John Fetterman could complicate their already difficult path to the","breadcrumb":{"@id":"https:\/\/ubirataonline.com.br\/democrats-john-fetterman-headaches-arent-over\/#breadcrumb"},"inLanguage":"en-US","potentialAction":[{"@type":"ReadAction","target":["https:\/\/ubirataonline.com.br\/democrats-john-fetterman-headaches-arent-over\/"]}]},{"@type":"ImageObject","inLanguage":"en-US","@id":"https:\/\/ubirataonline.com.br\/democrats-john-fetterman-headaches-arent-over\/#primaryimage","url":"https:\/\/ubirataonline.com.br\/wp-content\/uploads\/2026\/05\/Democrats-John-Fetterman-headaches-arent-over.jpg","contentUrl":"https:\/\/ubirataonline.com.br\/wp-content\/uploads\/2026\/05\/Democrats-John-Fetterman-headaches-arent-over.jpg","width":800,"height":450,"caption":"Kevin Dietsch\/Getty Images\/File"},{"@type":"BreadcrumbList","@id":"https:\/\/ubirataonline.com.br\/democrats-john-fetterman-headaches-arent-over\/#breadcrumb","itemListElement":[{"@type":"ListItem","position":1,"name":"In\u00edcio","item":"https:\/\/ubirataonline.com.br\/"},{"@type":"ListItem","position":2,"name":"Democrats\u2019 John Fetterman headaches aren\u2019t over"}]},{"@type":"WebSite","@id":"https:\/\/ubirataonline.com.br\/#website","url":"https:\/\/ubirataonline.com.br\/","name":"Ubirat\u00e3 Online Not\u00edcias","description":"Not\u00edcias de Ubirat\u00e3, regi\u00e3o, Brasil e mundo, com informa\u00e7\u00e3o atualizada e compromisso com o leitor.","publisher":{"@id":"https:\/\/ubirataonline.com.br\/#organization"},"alternateName":"Ubirat\u00e3 Online","potentialAction":[{"@type":"SearchAction","target":{"@type":"EntryPoint","urlTemplate":"https:\/\/ubirataonline.com.br\/?s={search_term_string}"},"query-input":{"@type":"PropertyValueSpecification","valueRequired":true,"valueName":"search_term_string"}}],"inLanguage":"en-US"},{"@type":["Organization","Place"],"@id":"https:\/\/ubirataonline.com.br\/#organization","name":"Ubirat\u00e3 Online Not\u00edcias","alternateName":"Ubirat\u00e3 Online","url":"https:\/\/ubirataonline.com.br\/","logo":{"@id":"https:\/\/ubirataonline.com.br\/democrats-john-fetterman-headaches-arent-over\/#local-main-organization-logo"},"image":{"@id":"https:\/\/ubirataonline.com.br\/democrats-john-fetterman-headaches-arent-over\/#local-main-organization-logo"},"sameAs":["https:\/\/www.facebook.com\/portalubirataonline","https:\/\/x.com\/ubirataonline","https:\/\/mastodon.social\/@ubirataonline","https:\/\/www.facebook.com\/groups\/311144672285604","https:\/\/www.facebook.com\/UBTAOnline","https:\/\/www.instagram.com\/portalubirataonline\/","https:\/\/twitter.com\/ubirataonline"],"description":"Somos um portal de not\u00edcias independente, criado em 5 de janeiro de 2009, com o objetivo de informar, conectar e valorizar a nossa comunidade de Ubirat\u00e3 e toda aregi\u00e3o. Com conte\u00fado atualizado, confi\u00e1vel e relevante, o Ubirat\u00e3 Online \u00e9 o seu espa\u00e7o para ficar por dentro dos principais acontecimentos locais, regionais, Brasil, Mundo e de interesse geral. Nosso compromisso \u00e9 com a verdade, a transpar\u00eancia e o respeito ao leitor.","legalName":"UBIRATA ONLINE NOT\u00cdCIAS","foundingDate":"2009-01-05","numberOfEmployees":{"@type":"QuantitativeValue","minValue":"1","maxValue":"10"},"publishingPrinciples":"https:\/\/ubirataonline.com.br\/faq\/","address":{"@id":"https:\/\/ubirataonline.com.br\/democrats-john-fetterman-headaches-arent-over\/#local-main-place-address"},"geo":{"@type":"GeoCoordinates","latitude":"-24.5361401","longitude":"-52.9921776"},"telephone":["+5544998308235"],"contactPoint":{"@type":"ContactPoint","email":"contato@ubirataonline.com.br"},"openingHoursSpecification":{"@type":"OpeningHoursSpecification","dayOfWeek":["Monday","Tuesday","Wednesday","Thursday","Friday","Saturday","Sunday"],"opens":"00:00","closes":"23:59"},"email":"contato@ubirataonline.com.br","vatID":"47.621.418\/0001-80"},{"@type":"Person","@id":"https:\/\/ubirataonline.com.br\/#\/schema\/person\/372f87bbd3fdd79b8556b84c98d0bc1c","name":"REDA\u00c7\u00c3O: UBIRAT\u00c3 ONLINE - F\u00c1BIO AUGUSTO CELESTINO","pronouns":"Ele","description":"Desde 2003 trabalhando com not\u00edcias.","sameAs":["http:\/\/ubirataoline.com.br","https:\/\/www.facebook.com\/portalubirataonline","https:\/\/www.instagram.com\/ubirataonline_oficial","https:\/\/x.com\/x.com\/ubirataonline"],"honorificPrefix":"Mr.","honorificSuffix":"MD","birthDate":"1980-06-16","gender":"masculino","award":["V\u00e1rios pr\u00eamios de melhor portal da cidade"],"jobTitle":"Diretor","url":"https:\/\/ubirataonline.com.br\/en\/author\/ubirataonline\/"},{"@type":"PostalAddress","@id":"https:\/\/ubirataonline.com.br\/democrats-john-fetterman-headaches-arent-over\/#local-main-place-address","streetAddress":"Rua dos Coqueiros, 104 - Bairro Boa Vista, Rua dos Coqueiros, 104 Bairro Boa Vista","addressLocality":"UBIRATA","postalCode":"85440-000","addressRegion":"PR","addressCountry":"BR"},{"@type":"ImageObject","inLanguage":"en-US","@id":"https:\/\/ubirataonline.com.br\/democrats-john-fetterman-headaches-arent-over\/#local-main-organization-logo","url":"https:\/\/ubirataonline.com.br\/wp-content\/uploads\/2026\/06\/logoubirataonline-1.webp","contentUrl":"https:\/\/ubirataonline.com.br\/wp-content\/uploads\/2026\/06\/logoubirataonline-1.webp","width":500,"height":500,"caption":"Ubirat\u00e3 Online Not\u00edcias"}]},"geo.placename":"UBIRATA","geo.position":{"lat":"-24.5361401","long":"-52.9921776"},"geo.region":"Brazil"},"_links":{"self":[{"href":"https:\/\/ubirataonline.com.br\/en\/wp-json\/wp\/v2\/posts\/124380","targetHints":{"allow":["GET"]}}],"collection":[{"href":"https:\/\/ubirataonline.com.br\/en\/wp-json\/wp\/v2\/posts"}],"about":[{"href":"https:\/\/ubirataonline.com.br\/en\/wp-json\/wp\/v2\/types\/post"}],"author":[{"embeddable":true,"href":"https:\/\/ubirataonline.com.br\/en\/wp-json\/wp\/v2\/users\/1"}],"replies":[{"embeddable":true,"href":"https:\/\/ubirataonline.com.br\/en\/wp-json\/wp\/v2\/comments?post=124380"}],"version-history":[{"count":0,"href":"https:\/\/ubirataonline.com.br\/en\/wp-json\/wp\/v2\/posts\/124380\/revisions"}],"wp:featuredmedia":[{"embeddable":true,"href":"https:\/\/ubirataonline.com.br\/en\/wp-json\/wp\/v2\/media\/124381"}],"wp:attachment":[{"href":"https:\/\/ubirataonline.com.br\/en\/wp-json\/wp\/v2\/media?parent=124380"}],"wp:term":[{"taxonomy":"category","embeddable":true,"href":"https:\/\/ubirataonline.com.br\/en\/wp-json\/wp\/v2\/categories?post=124380"},{"taxonomy":"post_tag","embeddable":true,"href":"https:\/\/ubirataonline.com.br\/en\/wp-json\/wp\/v2\/tags?post=124380"}],"curies":[{"name":"wp","href":"https:\/\/api.w.org\/{rel}","templated":true}]}}