{"id":124463,"date":"2026-05-08T18:08:16","date_gmt":"2026-05-08T21:08:16","guid":{"rendered":"https:\/\/ubirataonline.com.br\/fatih-terim-arda-turandan-sonra-acun-ilicaliyi-da-yalniz-birakmadi\/"},"modified":"2026-05-08T18:08:21","modified_gmt":"2026-05-08T21:08:21","slug":"fatih-terim-arda-turandan-sonra-acun-ilicaliyi-da-yalniz-birakmadi","status":"publish","type":"post","link":"https:\/\/ubirataonline.com.br\/en\/fatih-terim-arda-turandan-sonra-acun-ilicaliyi-da-yalniz-birakmadi\/","title":{"rendered":"Fatih Terim Arda Turan&#8217;dan sonra Acun Il\u0131cal\u0131&#8217;y\u0131 da yaln\u0131z b\u0131rakmad\u0131"},"content":{"rendered":"<p><br \/>\n<\/p>\n<div>\n<p>Fatih Terim \u0130ngiltere&#8217;de iki g\u00fcnde \u00f6nce <a href=\"https:\/\/www.yenicaggazetesi.com\/arda-turan-haberleri.htm\" title=\"Arda Turan Haberleri\" target=\"_blank\">Arda Turan<\/a>&#8216;\u0131n ard\u0131ndan da Acun Il\u0131cal\u0131&#8217;n\u0131n kader ma\u00e7\u0131na gitti.<\/p>\n<h2>ARDA TURAN&#8217;IN YARI F\u0130NAL MA\u00c7INI TAK\u0130P ETM\u0130\u015eT\u0130<\/h2>\n<p>T\u00fcrk futbolunun &#8216;\u0130mparator&#8217; lakapl\u0131 efsane teknik direkt\u00f6r\u00fc, d\u00fcn UEFA Konferans Ligi yar\u0131 final r\u00f6van\u015f\u0131nda Arda Turan&#8217;\u0131n \u00e7a\u015fl\u0131\u015ft\u0131rd\u0131\u011f\u0131 Shakhtar Donetsk&#8217;in Crystal Palace ile Selhurst Park&#8217;ta oynad\u0131\u011f\u0131 kar\u015f\u0131la\u015fmay\u0131 trib\u00fcnden takip etmi\u015fti.<\/p>\n<p>Shakhtar Donetsk Londra&#8217;da 2-1 ma\u011flup olarak finale \u00e7\u0131kamasa da ma\u00e7 sonu Arda Turan, eski hocas\u0131 Fatih Terim&#8217;in ziyaretinden dolay\u0131 duydu\u011fu mutlulu\u011fu dile getirmi\u015fti.<\/p>\n<\/p>\n<h2>ACUN ILICALI&#8217;YI DA PLAY-OFF M\u00dcCADELES\u0130NDE YALNIZ BIRAKMADI<\/h2>\n<p>Fatih Terim bug\u00fcn de Acun Il\u0131cal\u0131&#8217;y\u0131 kritik ma\u00e7ta yaln\u0131z b\u0131rakmad\u0131. Championship&#8217;te \u00f6nemli bir ba\u015far\u0131 yakalayarak ad\u0131n\u0131 play-off turuna yazd\u0131ran Acun Il\u0131cal\u0131&#8217;n\u0131n sahibi oldu\u011fu Hull City&#8217;nin evinde Millwall ile kar\u015f\u0131 kar\u015f\u0131ya geldi\u011fi yar\u0131 final ilk ma\u00e7\u0131nda Fatih Terim MKM Stadyumu&#8217;nda yerini ald\u0131.<\/p>\n<p>Fatih Terim&#8217;in Acun Il\u0131cal\u0131 ile yan yana oturarak Hull City-Millwall ma\u00e7\u0131n\u0131 takip etti\u011fi kameralara yans\u0131d\u0131.<\/p>\n<\/p><\/div>\n<p><br \/>\n<br \/><a href=\"https:\/\/www.yenicaggazetesi.com\/fatih-terim-arda-turandan-sonra-acun-ilicaliyi-da-yalniz-birakmadi-1027716h.htm\">Source link <\/a><\/p>","protected":false},"excerpt":{"rendered":"<p>Fatih Terim \u0130ngiltere&#8217;de iki g\u00fcnde \u00f6nce Arda Turan&#8216;\u0131n ard\u0131ndan da Acun Il\u0131cal\u0131&#8217;n\u0131n kader ma\u00e7\u0131na gitti. ARDA TURAN&#8217;IN YARI F\u0130NAL MA\u00c7INI TAK\u0130P ETM\u0130\u015eT\u0130 T\u00fcrk futbolunun &#8216;\u0130mparator&#8217; lakapl\u0131 efsane teknik direkt\u00f6r\u00fc, d\u00fcn UEFA Konferans Ligi yar\u0131 final r\u00f6van\u015f\u0131nda Arda Turan&#8217;\u0131n \u00e7a\u015fl\u0131\u015ft\u0131rd\u0131\u011f\u0131 Shakhtar Donetsk&#8217;in Crystal Palace ile Selhurst Park&#8217;ta oynad\u0131\u011f\u0131 kar\u015f\u0131la\u015fmay\u0131 trib\u00fcnden takip etmi\u015fti. Shakhtar Donetsk Londra&#8217;da 2-1 [&hellip;]<\/p>\n","protected":false},"author":1,"featured_media":124464,"comment_status":"closed","ping_status":"","sticky":false,"template":"","format":"standard","meta":{"googlesitekit_rrm_CAow2JLhCw:productID":"","_gspb_post_css":"","maa_idioma":"","maa_pais":"","footnotes":""},"categories":[1],"tags":[34029,28630,34032,7417,34030,34028,34026,34027,34031],"class_list":["post-124463","post","type-post","status-publish","format-standard","has-post-thumbnail","hentry","category-ubirata","tag-acun","tag-arda","tag-birakmadi","tag-fatih","tag-ilicaliyi","tag-sonra","tag-terim","tag-turandan","tag-yalniz"],"blocksy_meta":[],"yoast_head":"<!-- This site is optimized with the Yoast SEO Premium plugin v27.6 (Yoast SEO v27.6) - https:\/\/yoast.com\/product\/yoast-seo-premium-wordpress\/ -->\n<title>Fatih Terim Arda Turan&#039;dan sonra Acun Il\u0131cal\u0131&#039;y\u0131 da yaln\u0131z b\u0131rakmad\u0131 - Ubirat\u00e3 Online Not\u00edcias - A realidade ao seu alcance!<\/title>\n<meta name=\"description\" content=\"Fatih Terim \u0130ngiltere&#039;de iki g\u00fcnde \u00f6nce Arda Turan&#039;\u0131n ard\u0131ndan da Acun Il\u0131cal\u0131&#039;n\u0131n kader ma\u00e7\u0131na gitti. ARDA TURAN&#039;IN YARI F\u0130NAL MA\u00c7INI TAK\u0130P ETM\u0130\u015eT\u0130 T\u00fcrk\" \/>\n<meta name=\"robots\" content=\"index, follow, max-snippet:-1, max-image-preview:large, max-video-preview:-1\" \/>\n<link rel=\"canonical\" href=\"https:\/\/ubirataonline.com.br\/en\/fatih-terim-arda-turandan-sonra-acun-ilicaliyi-da-yalniz-birakmadi\/\" \/>\n<meta property=\"og:locale\" content=\"en_US\" \/>\n<meta property=\"og:type\" content=\"article\" \/>\n<meta property=\"og:title\" content=\"Fatih Terim Arda Turan&#039;dan sonra Acun Il\u0131cal\u0131&#039;y\u0131 da yaln\u0131z b\u0131rakmad\u0131\" \/>\n<meta property=\"og:description\" content=\"Fatih Terim \u0130ngiltere&#039;de iki g\u00fcnde \u00f6nce Arda Turan&#039;\u0131n ard\u0131ndan da Acun Il\u0131cal\u0131&#039;n\u0131n kader ma\u00e7\u0131na gitti. ARDA TURAN&#039;IN YARI F\u0130NAL MA\u00c7INI TAK\u0130P ETM\u0130\u015eT\u0130 T\u00fcrk\" \/>\n<meta property=\"og:url\" content=\"https:\/\/ubirataonline.com.br\/en\/fatih-terim-arda-turandan-sonra-acun-ilicaliyi-da-yalniz-birakmadi\/\" \/>\n<meta property=\"og:site_name\" content=\"Ubirat\u00e3 Online Not\u00edcias - A realidade ao seu alcance!\" \/>\n<meta property=\"article:publisher\" content=\"https:\/\/www.facebook.com\/portalubirataonline\" \/>\n<meta property=\"article:author\" content=\"https:\/\/www.facebook.com\/portalubirataonline\" \/>\n<meta property=\"article:published_time\" content=\"2026-05-08T21:08:16+00:00\" \/>\n<meta property=\"article:modified_time\" content=\"2026-05-08T21:08:21+00:00\" \/>\n<meta property=\"og:image\" content=\"https:\/\/ubirataonline.com.br\/wp-content\/uploads\/2026\/05\/Fatih-Terim-Arda-Turandan-sonra-Acun-Ilicaliyi-da-yalniz-birakmadi.jpg\" \/>\n\t<meta property=\"og:image:width\" content=\"1280\" \/>\n\t<meta property=\"og:image:height\" content=\"720\" \/>\n\t<meta property=\"og:image:type\" content=\"image\/jpeg\" \/>\n<meta name=\"author\" content=\"REDA\u00c7\u00c3O: UBIRAT\u00c3 ONLINE - F\u00c1BIO AUGUSTO CELESTINO\" \/>\n<meta name=\"twitter:card\" content=\"summary_large_image\" \/>\n<meta name=\"twitter:creator\" content=\"@x.com\/ubirataonline\" \/>\n<meta name=\"twitter:site\" content=\"@ubirataonline\" \/>\n<meta name=\"twitter:label1\" content=\"Written by\" \/>\n\t<meta name=\"twitter:data1\" content=\"REDA\u00c7\u00c3O: UBIRAT\u00c3 ONLINE - F\u00c1BIO AUGUSTO CELESTINO\" \/>\n\t<meta name=\"twitter:label2\" content=\"Est. reading time\" \/>\n\t<meta name=\"twitter:data2\" content=\"1 minute\" \/>\n<script type=\"application\/ld+json\" class=\"yoast-schema-graph\">{\"@context\":\"https:\\\/\\\/schema.org\",\"@graph\":[{\"@type\":\"NewsArticle\",\"@id\":\"https:\\\/\\\/ubirataonline.com.br\\\/fatih-terim-arda-turandan-sonra-acun-ilicaliyi-da-yalniz-birakmadi\\\/#article\",\"isPartOf\":{\"@id\":\"https:\\\/\\\/ubirataonline.com.br\\\/fatih-terim-arda-turandan-sonra-acun-ilicaliyi-da-yalniz-birakmadi\\\/\"},\"author\":{\"name\":\"REDA\u00c7\u00c3O: UBIRAT\u00c3 ONLINE - F\u00c1BIO AUGUSTO CELESTINO\",\"@id\":\"https:\\\/\\\/ubirataonline.com.br\\\/#\\\/schema\\\/person\\\/372f87bbd3fdd79b8556b84c98d0bc1c\"},\"headline\":\"Fatih Terim Arda Turan&#8217;dan sonra Acun Il\u0131cal\u0131&#8217;y\u0131 da yaln\u0131z b\u0131rakmad\u0131\",\"datePublished\":\"2026-05-08T21:08:16+00:00\",\"dateModified\":\"2026-05-08T21:08:21+00:00\",\"mainEntityOfPage\":{\"@id\":\"https:\\\/\\\/ubirataonline.com.br\\\/fatih-terim-arda-turandan-sonra-acun-ilicaliyi-da-yalniz-birakmadi\\\/\"},\"wordCount\":217,\"publisher\":{\"@id\":\"https:\\\/\\\/ubirataonline.com.br\\\/#organization\"},\"image\":{\"@id\":\"https:\\\/\\\/ubirataonline.com.br\\\/fatih-terim-arda-turandan-sonra-acun-ilicaliyi-da-yalniz-birakmadi\\\/#primaryimage\"},\"thumbnailUrl\":\"https:\\\/\\\/ubirataonline.com.br\\\/wp-content\\\/uploads\\\/2026\\\/05\\\/Fatih-Terim-Arda-Turandan-sonra-Acun-Ilicaliyi-da-yalniz-birakmadi.jpg\",\"keywords\":[\"Acun\",\"Arda\",\"b\u0131rakmad\u0131\",\"Fatih\",\"Il\u0131cal\u0131y\u0131\",\"sonra\",\"Terim\",\"Turandan\",\"yaln\u0131z\"],\"articleSection\":[\"Ubirat\u00e3\"],\"inLanguage\":\"en-US\",\"copyrightYear\":\"2026\",\"copyrightHolder\":{\"@id\":\"https:\\\/\\\/ubirataonline.com.br\\\/en\\\/#organization\"}},{\"@type\":\"WebPage\",\"@id\":\"https:\\\/\\\/ubirataonline.com.br\\\/fatih-terim-arda-turandan-sonra-acun-ilicaliyi-da-yalniz-birakmadi\\\/\",\"url\":\"https:\\\/\\\/ubirataonline.com.br\\\/fatih-terim-arda-turandan-sonra-acun-ilicaliyi-da-yalniz-birakmadi\\\/\",\"name\":\"Fatih Terim Arda Turan'dan sonra Acun Il\u0131cal\u0131'y\u0131 da yaln\u0131z b\u0131rakmad\u0131 - Ubirat\u00e3 Online Not\u00edcias - A realidade ao seu alcance!\",\"isPartOf\":{\"@id\":\"https:\\\/\\\/ubirataonline.com.br\\\/#website\"},\"primaryImageOfPage\":{\"@id\":\"https:\\\/\\\/ubirataonline.com.br\\\/fatih-terim-arda-turandan-sonra-acun-ilicaliyi-da-yalniz-birakmadi\\\/#primaryimage\"},\"image\":{\"@id\":\"https:\\\/\\\/ubirataonline.com.br\\\/fatih-terim-arda-turandan-sonra-acun-ilicaliyi-da-yalniz-birakmadi\\\/#primaryimage\"},\"thumbnailUrl\":\"https:\\\/\\\/ubirataonline.com.br\\\/wp-content\\\/uploads\\\/2026\\\/05\\\/Fatih-Terim-Arda-Turandan-sonra-Acun-Ilicaliyi-da-yalniz-birakmadi.jpg\",\"datePublished\":\"2026-05-08T21:08:16+00:00\",\"dateModified\":\"2026-05-08T21:08:21+00:00\",\"description\":\"Fatih Terim \u0130ngiltere'de iki g\u00fcnde \u00f6nce Arda Turan'\u0131n ard\u0131ndan da Acun Il\u0131cal\u0131'n\u0131n kader ma\u00e7\u0131na gitti. ARDA TURAN'IN YARI F\u0130NAL MA\u00c7INI TAK\u0130P ETM\u0130\u015eT\u0130 T\u00fcrk\",\"breadcrumb\":{\"@id\":\"https:\\\/\\\/ubirataonline.com.br\\\/fatih-terim-arda-turandan-sonra-acun-ilicaliyi-da-yalniz-birakmadi\\\/#breadcrumb\"},\"inLanguage\":\"en-US\",\"potentialAction\":[{\"@type\":\"ReadAction\",\"target\":[\"https:\\\/\\\/ubirataonline.com.br\\\/fatih-terim-arda-turandan-sonra-acun-ilicaliyi-da-yalniz-birakmadi\\\/\"]}]},{\"@type\":\"ImageObject\",\"inLanguage\":\"en-US\",\"@id\":\"https:\\\/\\\/ubirataonline.com.br\\\/fatih-terim-arda-turandan-sonra-acun-ilicaliyi-da-yalniz-birakmadi\\\/#primaryimage\",\"url\":\"https:\\\/\\\/ubirataonline.com.br\\\/wp-content\\\/uploads\\\/2026\\\/05\\\/Fatih-Terim-Arda-Turandan-sonra-Acun-Ilicaliyi-da-yalniz-birakmadi.jpg\",\"contentUrl\":\"https:\\\/\\\/ubirataonline.com.br\\\/wp-content\\\/uploads\\\/2026\\\/05\\\/Fatih-Terim-Arda-Turandan-sonra-Acun-Ilicaliyi-da-yalniz-birakmadi.jpg\",\"width\":1280,\"height\":720,\"caption\":\"Fatih Terim Arda Turan'dan sonra Acun Il\u0131cal\u0131'y\u0131 da yaln\u0131z b\u0131rakmad\u0131\"},{\"@type\":\"BreadcrumbList\",\"@id\":\"https:\\\/\\\/ubirataonline.com.br\\\/fatih-terim-arda-turandan-sonra-acun-ilicaliyi-da-yalniz-birakmadi\\\/#breadcrumb\",\"itemListElement\":[{\"@type\":\"ListItem\",\"position\":1,\"name\":\"In\u00edcio\",\"item\":\"https:\\\/\\\/ubirataonline.com.br\\\/\"},{\"@type\":\"ListItem\",\"position\":2,\"name\":\"Fatih Terim Arda Turan&#8217;dan sonra Acun Il\u0131cal\u0131&#8217;y\u0131 da yaln\u0131z b\u0131rakmad\u0131\"}]},{\"@type\":\"WebSite\",\"@id\":\"https:\\\/\\\/ubirataonline.com.br\\\/#website\",\"url\":\"https:\\\/\\\/ubirataonline.com.br\\\/\",\"name\":\"Ubirat\u00e3 Online Not\u00edcias\",\"description\":\"Not\u00edcias de Ubirat\u00e3, regi\u00e3o, Brasil e mundo, com informa\u00e7\u00e3o atualizada e compromisso com o leitor.\",\"publisher\":{\"@id\":\"https:\\\/\\\/ubirataonline.com.br\\\/#organization\"},\"alternateName\":\"Ubirat\u00e3 Online\",\"potentialAction\":[{\"@type\":\"SearchAction\",\"target\":{\"@type\":\"EntryPoint\",\"urlTemplate\":\"https:\\\/\\\/ubirataonline.com.br\\\/?s={search_term_string}\"},\"query-input\":{\"@type\":\"PropertyValueSpecification\",\"valueRequired\":true,\"valueName\":\"search_term_string\"}}],\"inLanguage\":\"en-US\"},{\"@type\":[\"Organization\",\"Place\"],\"@id\":\"https:\\\/\\\/ubirataonline.com.br\\\/#organization\",\"name\":\"Ubirat\u00e3 Online Not\u00edcias\",\"alternateName\":\"Ubirat\u00e3 Online\",\"url\":\"https:\\\/\\\/ubirataonline.com.br\\\/\",\"logo\":{\"@id\":\"https:\\\/\\\/ubirataonline.com.br\\\/fatih-terim-arda-turandan-sonra-acun-ilicaliyi-da-yalniz-birakmadi\\\/#local-main-organization-logo\"},\"image\":{\"@id\":\"https:\\\/\\\/ubirataonline.com.br\\\/fatih-terim-arda-turandan-sonra-acun-ilicaliyi-da-yalniz-birakmadi\\\/#local-main-organization-logo\"},\"sameAs\":[\"https:\\\/\\\/www.facebook.com\\\/portalubirataonline\",\"https:\\\/\\\/x.com\\\/ubirataonline\",\"https:\\\/\\\/mastodon.social\\\/@ubirataonline\",\"https:\\\/\\\/www.facebook.com\\\/groups\\\/311144672285604\",\"https:\\\/\\\/www.facebook.com\\\/UBTAOnline\",\"https:\\\/\\\/www.instagram.com\\\/portalubirataonline\\\/\",\"https:\\\/\\\/twitter.com\\\/ubirataonline\"],\"description\":\"Somos um portal de not\u00edcias independente, criado em 5 de janeiro de 2009, com o objetivo de informar, conectar e valorizar a nossa comunidade de Ubirat\u00e3 e toda aregi\u00e3o. Com conte\u00fado atualizado, confi\u00e1vel e relevante, o Ubirat\u00e3 Online \u00e9 o seu espa\u00e7o para ficar por dentro dos principais acontecimentos locais, regionais, Brasil, Mundo e de interesse geral. Nosso compromisso \u00e9 com a verdade, a transpar\u00eancia e o respeito ao leitor.\",\"legalName\":\"UBIRATA ONLINE NOT\u00cdCIAS\",\"foundingDate\":\"2009-01-05\",\"numberOfEmployees\":{\"@type\":\"QuantitativeValue\",\"minValue\":\"1\",\"maxValue\":\"10\"},\"publishingPrinciples\":\"https:\\\/\\\/ubirataonline.com.br\\\/faq\\\/\",\"address\":{\"@id\":\"https:\\\/\\\/ubirataonline.com.br\\\/fatih-terim-arda-turandan-sonra-acun-ilicaliyi-da-yalniz-birakmadi\\\/#local-main-place-address\"},\"geo\":{\"@type\":\"GeoCoordinates\",\"latitude\":\"-24.5361401\",\"longitude\":\"-52.9921776\"},\"telephone\":[\"+5544998308235\"],\"contactPoint\":{\"@type\":\"ContactPoint\",\"email\":\"contato@ubirataonline.com.br\"},\"openingHoursSpecification\":{\"@type\":\"OpeningHoursSpecification\",\"dayOfWeek\":[\"Monday\",\"Tuesday\",\"Wednesday\",\"Thursday\",\"Friday\",\"Saturday\",\"Sunday\"],\"opens\":\"00:00\",\"closes\":\"23:59\"},\"email\":\"contato@ubirataonline.com.br\",\"vatID\":\"47.621.418\\\/0001-80\"},{\"@type\":\"Person\",\"@id\":\"https:\\\/\\\/ubirataonline.com.br\\\/#\\\/schema\\\/person\\\/372f87bbd3fdd79b8556b84c98d0bc1c\",\"name\":\"REDA\u00c7\u00c3O: UBIRAT\u00c3 ONLINE - F\u00c1BIO AUGUSTO CELESTINO\",\"pronouns\":\"Ele\",\"description\":\"Desde 2003 trabalhando com not\u00edcias.\",\"sameAs\":[\"http:\\\/\\\/ubirataoline.com.br\",\"https:\\\/\\\/www.facebook.com\\\/portalubirataonline\",\"https:\\\/\\\/www.instagram.com\\\/ubirataonline_oficial\",\"https:\\\/\\\/x.com\\\/x.com\\\/ubirataonline\"],\"honorificPrefix\":\"Mr.\",\"honorificSuffix\":\"MD\",\"birthDate\":\"1980-06-16\",\"gender\":\"masculino\",\"award\":[\"V\u00e1rios pr\u00eamios de melhor portal da cidade\"],\"jobTitle\":\"Diretor\",\"url\":\"https:\\\/\\\/ubirataonline.com.br\\\/en\\\/author\\\/ubirataonline\\\/\"},{\"@type\":\"PostalAddress\",\"@id\":\"https:\\\/\\\/ubirataonline.com.br\\\/fatih-terim-arda-turandan-sonra-acun-ilicaliyi-da-yalniz-birakmadi\\\/#local-main-place-address\",\"streetAddress\":\"Rua dos Coqueiros, 104 - Bairro Boa Vista, Rua dos Coqueiros, 104 Bairro Boa Vista\",\"addressLocality\":\"UBIRATA\",\"postalCode\":\"85440-000\",\"addressRegion\":\"PR\",\"addressCountry\":\"BR\"},{\"@type\":\"ImageObject\",\"inLanguage\":\"en-US\",\"@id\":\"https:\\\/\\\/ubirataonline.com.br\\\/fatih-terim-arda-turandan-sonra-acun-ilicaliyi-da-yalniz-birakmadi\\\/#local-main-organization-logo\",\"url\":\"https:\\\/\\\/ubirataonline.com.br\\\/wp-content\\\/uploads\\\/2026\\\/06\\\/logoubirataonline-1.webp\",\"contentUrl\":\"https:\\\/\\\/ubirataonline.com.br\\\/wp-content\\\/uploads\\\/2026\\\/06\\\/logoubirataonline-1.webp\",\"width\":500,\"height\":500,\"caption\":\"Ubirat\u00e3 Online Not\u00edcias\"}]}<\/script>\n<meta name=\"geo.placename\" content=\"UBIRATA\" \/>\n<meta name=\"geo.position\" content=\"-24.5361401;-52.9921776\" \/>\n<meta name=\"geo.region\" content=\"Brazil\" \/>\n<!-- \/ Yoast SEO Premium plugin. -->","yoast_head_json":{"title":"Fatih Terim Arda Turan'dan sonra Acun Il\u0131cal\u0131'y\u0131 da yaln\u0131z b\u0131rakmad\u0131 - Ubirat\u00e3 Online Not\u00edcias - A realidade ao seu alcance!","description":"Fatih Terim \u0130ngiltere'de iki g\u00fcnde \u00f6nce Arda Turan'\u0131n ard\u0131ndan da Acun Il\u0131cal\u0131'n\u0131n kader ma\u00e7\u0131na gitti. ARDA TURAN'IN YARI F\u0130NAL MA\u00c7INI TAK\u0130P ETM\u0130\u015eT\u0130 T\u00fcrk","robots":{"index":"index","follow":"follow","max-snippet":"max-snippet:-1","max-image-preview":"max-image-preview:large","max-video-preview":"max-video-preview:-1"},"canonical":"https:\/\/ubirataonline.com.br\/en\/fatih-terim-arda-turandan-sonra-acun-ilicaliyi-da-yalniz-birakmadi\/","og_locale":"en_US","og_type":"article","og_title":"Fatih Terim Arda Turan'dan sonra Acun Il\u0131cal\u0131'y\u0131 da yaln\u0131z b\u0131rakmad\u0131","og_description":"Fatih Terim \u0130ngiltere'de iki g\u00fcnde \u00f6nce Arda Turan'\u0131n ard\u0131ndan da Acun Il\u0131cal\u0131'n\u0131n kader ma\u00e7\u0131na gitti. ARDA TURAN'IN YARI F\u0130NAL MA\u00c7INI TAK\u0130P ETM\u0130\u015eT\u0130 T\u00fcrk","og_url":"https:\/\/ubirataonline.com.br\/en\/fatih-terim-arda-turandan-sonra-acun-ilicaliyi-da-yalniz-birakmadi\/","og_site_name":"Ubirat\u00e3 Online Not\u00edcias - A realidade ao seu alcance!","article_publisher":"https:\/\/www.facebook.com\/portalubirataonline","article_author":"https:\/\/www.facebook.com\/portalubirataonline","article_published_time":"2026-05-08T21:08:16+00:00","article_modified_time":"2026-05-08T21:08:21+00:00","og_image":[{"width":1280,"height":720,"url":"https:\/\/ubirataonline.com.br\/wp-content\/uploads\/2026\/05\/Fatih-Terim-Arda-Turandan-sonra-Acun-Ilicaliyi-da-yalniz-birakmadi.jpg","type":"image\/jpeg"}],"author":"REDA\u00c7\u00c3O: UBIRAT\u00c3 ONLINE - F\u00c1BIO AUGUSTO CELESTINO","twitter_card":"summary_large_image","twitter_creator":"@x.com\/ubirataonline","twitter_site":"@ubirataonline","twitter_misc":{"Written by":"REDA\u00c7\u00c3O: UBIRAT\u00c3 ONLINE - F\u00c1BIO AUGUSTO CELESTINO","Est. reading time":"1 minute"},"schema":{"@context":"https:\/\/schema.org","@graph":[{"@type":"NewsArticle","@id":"https:\/\/ubirataonline.com.br\/fatih-terim-arda-turandan-sonra-acun-ilicaliyi-da-yalniz-birakmadi\/#article","isPartOf":{"@id":"https:\/\/ubirataonline.com.br\/fatih-terim-arda-turandan-sonra-acun-ilicaliyi-da-yalniz-birakmadi\/"},"author":{"name":"REDA\u00c7\u00c3O: UBIRAT\u00c3 ONLINE - F\u00c1BIO AUGUSTO CELESTINO","@id":"https:\/\/ubirataonline.com.br\/#\/schema\/person\/372f87bbd3fdd79b8556b84c98d0bc1c"},"headline":"Fatih Terim Arda Turan&#8217;dan sonra Acun Il\u0131cal\u0131&#8217;y\u0131 da yaln\u0131z b\u0131rakmad\u0131","datePublished":"2026-05-08T21:08:16+00:00","dateModified":"2026-05-08T21:08:21+00:00","mainEntityOfPage":{"@id":"https:\/\/ubirataonline.com.br\/fatih-terim-arda-turandan-sonra-acun-ilicaliyi-da-yalniz-birakmadi\/"},"wordCount":217,"publisher":{"@id":"https:\/\/ubirataonline.com.br\/#organization"},"image":{"@id":"https:\/\/ubirataonline.com.br\/fatih-terim-arda-turandan-sonra-acun-ilicaliyi-da-yalniz-birakmadi\/#primaryimage"},"thumbnailUrl":"https:\/\/ubirataonline.com.br\/wp-content\/uploads\/2026\/05\/Fatih-Terim-Arda-Turandan-sonra-Acun-Ilicaliyi-da-yalniz-birakmadi.jpg","keywords":["Acun","Arda","b\u0131rakmad\u0131","Fatih","Il\u0131cal\u0131y\u0131","sonra","Terim","Turandan","yaln\u0131z"],"articleSection":["Ubirat\u00e3"],"inLanguage":"en-US","copyrightYear":"2026","copyrightHolder":{"@id":"https:\/\/ubirataonline.com.br\/en\/#organization"}},{"@type":"WebPage","@id":"https:\/\/ubirataonline.com.br\/fatih-terim-arda-turandan-sonra-acun-ilicaliyi-da-yalniz-birakmadi\/","url":"https:\/\/ubirataonline.com.br\/fatih-terim-arda-turandan-sonra-acun-ilicaliyi-da-yalniz-birakmadi\/","name":"Fatih Terim Arda Turan'dan sonra Acun Il\u0131cal\u0131'y\u0131 da yaln\u0131z b\u0131rakmad\u0131 - Ubirat\u00e3 Online Not\u00edcias - A realidade ao seu alcance!","isPartOf":{"@id":"https:\/\/ubirataonline.com.br\/#website"},"primaryImageOfPage":{"@id":"https:\/\/ubirataonline.com.br\/fatih-terim-arda-turandan-sonra-acun-ilicaliyi-da-yalniz-birakmadi\/#primaryimage"},"image":{"@id":"https:\/\/ubirataonline.com.br\/fatih-terim-arda-turandan-sonra-acun-ilicaliyi-da-yalniz-birakmadi\/#primaryimage"},"thumbnailUrl":"https:\/\/ubirataonline.com.br\/wp-content\/uploads\/2026\/05\/Fatih-Terim-Arda-Turandan-sonra-Acun-Ilicaliyi-da-yalniz-birakmadi.jpg","datePublished":"2026-05-08T21:08:16+00:00","dateModified":"2026-05-08T21:08:21+00:00","description":"Fatih Terim \u0130ngiltere'de iki g\u00fcnde \u00f6nce Arda Turan'\u0131n ard\u0131ndan da Acun Il\u0131cal\u0131'n\u0131n kader ma\u00e7\u0131na gitti. ARDA TURAN'IN YARI F\u0130NAL MA\u00c7INI TAK\u0130P ETM\u0130\u015eT\u0130 T\u00fcrk","breadcrumb":{"@id":"https:\/\/ubirataonline.com.br\/fatih-terim-arda-turandan-sonra-acun-ilicaliyi-da-yalniz-birakmadi\/#breadcrumb"},"inLanguage":"en-US","potentialAction":[{"@type":"ReadAction","target":["https:\/\/ubirataonline.com.br\/fatih-terim-arda-turandan-sonra-acun-ilicaliyi-da-yalniz-birakmadi\/"]}]},{"@type":"ImageObject","inLanguage":"en-US","@id":"https:\/\/ubirataonline.com.br\/fatih-terim-arda-turandan-sonra-acun-ilicaliyi-da-yalniz-birakmadi\/#primaryimage","url":"https:\/\/ubirataonline.com.br\/wp-content\/uploads\/2026\/05\/Fatih-Terim-Arda-Turandan-sonra-Acun-Ilicaliyi-da-yalniz-birakmadi.jpg","contentUrl":"https:\/\/ubirataonline.com.br\/wp-content\/uploads\/2026\/05\/Fatih-Terim-Arda-Turandan-sonra-Acun-Ilicaliyi-da-yalniz-birakmadi.jpg","width":1280,"height":720,"caption":"Fatih Terim Arda Turan'dan sonra Acun Il\u0131cal\u0131'y\u0131 da yaln\u0131z b\u0131rakmad\u0131"},{"@type":"BreadcrumbList","@id":"https:\/\/ubirataonline.com.br\/fatih-terim-arda-turandan-sonra-acun-ilicaliyi-da-yalniz-birakmadi\/#breadcrumb","itemListElement":[{"@type":"ListItem","position":1,"name":"In\u00edcio","item":"https:\/\/ubirataonline.com.br\/"},{"@type":"ListItem","position":2,"name":"Fatih Terim Arda Turan&#8217;dan sonra Acun Il\u0131cal\u0131&#8217;y\u0131 da yaln\u0131z b\u0131rakmad\u0131"}]},{"@type":"WebSite","@id":"https:\/\/ubirataonline.com.br\/#website","url":"https:\/\/ubirataonline.com.br\/","name":"Ubirat\u00e3 Online Not\u00edcias","description":"Not\u00edcias de Ubirat\u00e3, regi\u00e3o, Brasil e mundo, com informa\u00e7\u00e3o atualizada e compromisso com o leitor.","publisher":{"@id":"https:\/\/ubirataonline.com.br\/#organization"},"alternateName":"Ubirat\u00e3 Online","potentialAction":[{"@type":"SearchAction","target":{"@type":"EntryPoint","urlTemplate":"https:\/\/ubirataonline.com.br\/?s={search_term_string}"},"query-input":{"@type":"PropertyValueSpecification","valueRequired":true,"valueName":"search_term_string"}}],"inLanguage":"en-US"},{"@type":["Organization","Place"],"@id":"https:\/\/ubirataonline.com.br\/#organization","name":"Ubirat\u00e3 Online Not\u00edcias","alternateName":"Ubirat\u00e3 Online","url":"https:\/\/ubirataonline.com.br\/","logo":{"@id":"https:\/\/ubirataonline.com.br\/fatih-terim-arda-turandan-sonra-acun-ilicaliyi-da-yalniz-birakmadi\/#local-main-organization-logo"},"image":{"@id":"https:\/\/ubirataonline.com.br\/fatih-terim-arda-turandan-sonra-acun-ilicaliyi-da-yalniz-birakmadi\/#local-main-organization-logo"},"sameAs":["https:\/\/www.facebook.com\/portalubirataonline","https:\/\/x.com\/ubirataonline","https:\/\/mastodon.social\/@ubirataonline","https:\/\/www.facebook.com\/groups\/311144672285604","https:\/\/www.facebook.com\/UBTAOnline","https:\/\/www.instagram.com\/portalubirataonline\/","https:\/\/twitter.com\/ubirataonline"],"description":"Somos um portal de not\u00edcias independente, criado em 5 de janeiro de 2009, com o objetivo de informar, conectar e valorizar a nossa comunidade de Ubirat\u00e3 e toda aregi\u00e3o. Com conte\u00fado atualizado, confi\u00e1vel e relevante, o Ubirat\u00e3 Online \u00e9 o seu espa\u00e7o para ficar por dentro dos principais acontecimentos locais, regionais, Brasil, Mundo e de interesse geral. Nosso compromisso \u00e9 com a verdade, a transpar\u00eancia e o respeito ao leitor.","legalName":"UBIRATA ONLINE NOT\u00cdCIAS","foundingDate":"2009-01-05","numberOfEmployees":{"@type":"QuantitativeValue","minValue":"1","maxValue":"10"},"publishingPrinciples":"https:\/\/ubirataonline.com.br\/faq\/","address":{"@id":"https:\/\/ubirataonline.com.br\/fatih-terim-arda-turandan-sonra-acun-ilicaliyi-da-yalniz-birakmadi\/#local-main-place-address"},"geo":{"@type":"GeoCoordinates","latitude":"-24.5361401","longitude":"-52.9921776"},"telephone":["+5544998308235"],"contactPoint":{"@type":"ContactPoint","email":"contato@ubirataonline.com.br"},"openingHoursSpecification":{"@type":"OpeningHoursSpecification","dayOfWeek":["Monday","Tuesday","Wednesday","Thursday","Friday","Saturday","Sunday"],"opens":"00:00","closes":"23:59"},"email":"contato@ubirataonline.com.br","vatID":"47.621.418\/0001-80"},{"@type":"Person","@id":"https:\/\/ubirataonline.com.br\/#\/schema\/person\/372f87bbd3fdd79b8556b84c98d0bc1c","name":"REDA\u00c7\u00c3O: UBIRAT\u00c3 ONLINE - F\u00c1BIO AUGUSTO CELESTINO","pronouns":"Ele","description":"Desde 2003 trabalhando com not\u00edcias.","sameAs":["http:\/\/ubirataoline.com.br","https:\/\/www.facebook.com\/portalubirataonline","https:\/\/www.instagram.com\/ubirataonline_oficial","https:\/\/x.com\/x.com\/ubirataonline"],"honorificPrefix":"Mr.","honorificSuffix":"MD","birthDate":"1980-06-16","gender":"masculino","award":["V\u00e1rios pr\u00eamios de melhor portal da cidade"],"jobTitle":"Diretor","url":"https:\/\/ubirataonline.com.br\/en\/author\/ubirataonline\/"},{"@type":"PostalAddress","@id":"https:\/\/ubirataonline.com.br\/fatih-terim-arda-turandan-sonra-acun-ilicaliyi-da-yalniz-birakmadi\/#local-main-place-address","streetAddress":"Rua dos Coqueiros, 104 - Bairro Boa Vista, Rua dos Coqueiros, 104 Bairro Boa Vista","addressLocality":"UBIRATA","postalCode":"85440-000","addressRegion":"PR","addressCountry":"BR"},{"@type":"ImageObject","inLanguage":"en-US","@id":"https:\/\/ubirataonline.com.br\/fatih-terim-arda-turandan-sonra-acun-ilicaliyi-da-yalniz-birakmadi\/#local-main-organization-logo","url":"https:\/\/ubirataonline.com.br\/wp-content\/uploads\/2026\/06\/logoubirataonline-1.webp","contentUrl":"https:\/\/ubirataonline.com.br\/wp-content\/uploads\/2026\/06\/logoubirataonline-1.webp","width":500,"height":500,"caption":"Ubirat\u00e3 Online Not\u00edcias"}]},"geo.placename":"UBIRATA","geo.position":{"lat":"-24.5361401","long":"-52.9921776"},"geo.region":"Brazil"},"_links":{"self":[{"href":"https:\/\/ubirataonline.com.br\/en\/wp-json\/wp\/v2\/posts\/124463","targetHints":{"allow":["GET"]}}],"collection":[{"href":"https:\/\/ubirataonline.com.br\/en\/wp-json\/wp\/v2\/posts"}],"about":[{"href":"https:\/\/ubirataonline.com.br\/en\/wp-json\/wp\/v2\/types\/post"}],"author":[{"embeddable":true,"href":"https:\/\/ubirataonline.com.br\/en\/wp-json\/wp\/v2\/users\/1"}],"replies":[{"embeddable":true,"href":"https:\/\/ubirataonline.com.br\/en\/wp-json\/wp\/v2\/comments?post=124463"}],"version-history":[{"count":0,"href":"https:\/\/ubirataonline.com.br\/en\/wp-json\/wp\/v2\/posts\/124463\/revisions"}],"wp:featuredmedia":[{"embeddable":true,"href":"https:\/\/ubirataonline.com.br\/en\/wp-json\/wp\/v2\/media\/124464"}],"wp:attachment":[{"href":"https:\/\/ubirataonline.com.br\/en\/wp-json\/wp\/v2\/media?parent=124463"}],"wp:term":[{"taxonomy":"category","embeddable":true,"href":"https:\/\/ubirataonline.com.br\/en\/wp-json\/wp\/v2\/categories?post=124463"},{"taxonomy":"post_tag","embeddable":true,"href":"https:\/\/ubirataonline.com.br\/en\/wp-json\/wp\/v2\/tags?post=124463"}],"curies":[{"name":"wp","href":"https:\/\/api.w.org\/{rel}","templated":true}]}}