{"id":124663,"date":"2026-05-08T23:00:23","date_gmt":"2026-05-09T02:00:23","guid":{"rendered":"https:\/\/ubirataonline.com.br\/fe-tradicao-e-emocao-marcam-jubileu-de-ouro-da-paroquia-nossa-senhora-de-fatima-em-cascavel\/"},"modified":"2026-05-08T23:00:26","modified_gmt":"2026-05-09T02:00:26","slug":"fe-tradicao-e-emocao-marcam-jubileu-de-ouro-da-paroquia-nossa-senhora-de-fatima-em-cascavel","status":"publish","type":"post","link":"https:\/\/ubirataonline.com.br\/en\/fe-tradicao-e-emocao-marcam-jubileu-de-ouro-da-paroquia-nossa-senhora-de-fatima-em-cascavel\/","title":{"rendered":"F\u00e9, tradi\u00e7\u00e3o e emo\u00e7\u00e3o marcam Jubileu de Ouro da Par\u00f3quia Nossa Senhora de F\u00e1tima em Cascavel"},"content":{"rendered":"<p><\/p>\n<div id=\"texto\">\n<p>A comunidade cat\u00f3lica vive dias de celebra\u00e7\u00e3o e emo\u00e7\u00e3o em Cascavel com a quermesse em comemora\u00e7\u00e3o aos 50 anos da Par\u00f3quia Nossa Senhora de F\u00e1tima, no bairro Cancelli. O tradicional evento re\u00fane centenas de fi\u00e9is e visitantes com uma programa\u00e7\u00e3o religiosa especial, gastronomia t\u00edpica e momentos de conviv\u00eancia entre fam\u00edlias e volunt\u00e1rios.<\/p>\n<p>A festa come\u00e7ou na quinta-feira (7) e segue durante os pr\u00f3ximos dias com missas, novenas, atra\u00e7\u00f5es gastron\u00f4micas e atividades para toda a comunidade. Entre os pratos mais procurados est\u00e3o pastel, hamb\u00farguer artesanal, crepe, doces, pudim, bebidas e o j\u00e1 tradicional \u201cP\u00e3o de Nossa Senhora\u201d, s\u00edmbolo da celebra\u00e7\u00e3o. Outro destaque \u00e9 o frango com polenta.<\/p>\n<p>Durante entrevista \u00e0 CGN, o padre Wagno Leandro Ludgero destacou a import\u00e2ncia do momento para a hist\u00f3ria da comunidade.<\/p>\n<blockquote class=\"wp-block-quote\">\n<p>\u201cS\u00e3o 50 anos de evangeliza\u00e7\u00e3o. \u00c9 uma celebra\u00e7\u00e3o muito especial para todos n\u00f3s. Neste s\u00e1bado teremos a presen\u00e7a de Dom Jos\u00e9 justamente na data em que a par\u00f3quia foi instalada h\u00e1 50 anos\u201d, afirmou.<\/p>\n<\/blockquote>\n<p>O sacerdote tamb\u00e9m falou sobre a emo\u00e7\u00e3o pessoal de celebrar a festa.<\/p>\n<blockquote class=\"wp-block-quote\">\n<p>\u201cPara mim s\u00e3o duas emo\u00e7\u00f5es especiais: a devo\u00e7\u00e3o \u00e0 Nossa Senhora de F\u00e1tima e a celebra\u00e7\u00e3o dos 50 anos da par\u00f3quia. Nossa Senhora de F\u00e1tima tomou meu cora\u00e7\u00e3o e eu trouxe essa devo\u00e7\u00e3o comigo para Cascavel\u201d, relatou.<\/p>\n<\/blockquote>\n<p>A programa\u00e7\u00e3o religiosa continua at\u00e9 ter\u00e7a-feira com missas e novenas. J\u00e1 na quarta-feira (13), data que marca a primeira apari\u00e7\u00e3o de Nossa Senhora de F\u00e1tima em Portugal, haver\u00e1 celebra\u00e7\u00f5es especiais com b\u00ean\u00e7\u00e3o da sa\u00fade, un\u00e7\u00e3o dos enfermos, ter\u00e7o na rua e coroa\u00e7\u00e3o de Nossa Senhora.<\/p>\n<p>Al\u00e9m da f\u00e9, o evento tamb\u00e9m \u00e9 marcado pelo trabalho volunt\u00e1rio. Um dos colaboradores mais antigos da comunidade, o senhor Ant\u00f4nio, participa da produ\u00e7\u00e3o do tradicional p\u00e3ozinho h\u00e1 mais de 20 anos.<\/p>\n<blockquote class=\"wp-block-quote\">\n<p>\u201c\u00c9 emocionante participar disso tudo. Aqui \u00e9 um ambiente de fam\u00edlia, de paz e de uni\u00e3o. Nunca vimos confus\u00e3o. \u00c9 um trabalho gratificante, que faz bem para a alma\u201d, contou.<\/p>\n<\/blockquote>\n<p>Outro volunt\u00e1rio, Jaime Luiz, refor\u00e7ou que toda a renda arrecadada ser\u00e1 revertida para os projetos sociais e para as obras de revitaliza\u00e7\u00e3o da igreja.<\/p>\n<blockquote class=\"wp-block-quote\">\n<p>\u201c\u00c9 uma festa feita para acolher a comunidade. Temos alimenta\u00e7\u00e3o, espa\u00e7o para crian\u00e7as e uma programa\u00e7\u00e3o preparada com muito carinho\u201d, explicou.<\/p>\n<\/blockquote>\n<p>A quermesse segue aberta ao p\u00fablico e a expectativa \u00e9 de grande movimento durante todo o fim de semana.<\/p>\n<\/p><\/div>\n<p><a href=\"https:\/\/cgn.inf.br\/noticia\/2101689\/fe-tradicao-e-emocao-marcam-jubileu-de-ouro-da-paroquia-nossa-senhora-de-fatima-em-cascavel\">Fonte do Artigo <\/a><\/p>","protected":false},"excerpt":{"rendered":"<p>A comunidade cat\u00f3lica vive dias de celebra\u00e7\u00e3o e emo\u00e7\u00e3o em Cascavel com a quermesse em comemora\u00e7\u00e3o aos 50 anos da Par\u00f3quia Nossa Senhora de F\u00e1tima, no bairro Cancelli. O tradicional evento re\u00fane centenas de fi\u00e9is e visitantes com uma programa\u00e7\u00e3o religiosa especial, gastronomia t\u00edpica e momentos de conviv\u00eancia entre fam\u00edlias e volunt\u00e1rios. A festa come\u00e7ou [&hellip;]<\/p>\n","protected":false},"author":1,"featured_media":124664,"comment_status":"closed","ping_status":"","sticky":false,"template":"","format":"standard","meta":{"googlesitekit_rrm_CAow2JLhCw:productID":"","_gspb_post_css":"","maa_idioma":"","maa_pais":"","footnotes":""},"categories":[1],"tags":[262,19006,32073,28745,34086,8164,9260,13435,34087,34088,19545],"class_list":["post-124663","post","type-post","status-publish","format-standard","has-post-thumbnail","hentry","category-ubirata","tag-cascavel","tag-emocao","tag-fatima","tag-fe","tag-jubileu","tag-marcam","tag-nossa","tag-ouro","tag-paroquia","tag-senhora","tag-tradicao"],"blocksy_meta":[],"yoast_head":"<!-- This site is optimized with the Yoast SEO Premium plugin v27.6 (Yoast SEO v27.6) - https:\/\/yoast.com\/product\/yoast-seo-premium-wordpress\/ -->\n<title>F\u00e9, tradi\u00e7\u00e3o e emo\u00e7\u00e3o marcam Jubileu de Ouro da Par\u00f3quia Nossa Senhora de F\u00e1tima em Cascavel - Ubirat\u00e3 Online Not\u00edcias - A realidade ao seu alcance!<\/title>\n<meta name=\"description\" content=\"A comunidade cat\u00f3lica vive dias de celebra\u00e7\u00e3o e emo\u00e7\u00e3o em Cascavel com a quermesse em comemora\u00e7\u00e3o aos 50 anos da Par\u00f3quia Nossa Senhora de F\u00e1tima, no\" \/>\n<meta name=\"robots\" content=\"index, follow, max-snippet:-1, max-image-preview:large, max-video-preview:-1\" \/>\n<link rel=\"canonical\" href=\"https:\/\/ubirataonline.com.br\/en\/fe-tradicao-e-emocao-marcam-jubileu-de-ouro-da-paroquia-nossa-senhora-de-fatima-em-cascavel\/\" \/>\n<meta property=\"og:locale\" content=\"en_US\" \/>\n<meta property=\"og:type\" content=\"article\" \/>\n<meta property=\"og:title\" content=\"F\u00e9, tradi\u00e7\u00e3o e emo\u00e7\u00e3o marcam Jubileu de Ouro da Par\u00f3quia Nossa Senhora de F\u00e1tima em Cascavel\" \/>\n<meta property=\"og:description\" content=\"A comunidade cat\u00f3lica vive dias de celebra\u00e7\u00e3o e emo\u00e7\u00e3o em Cascavel com a quermesse em comemora\u00e7\u00e3o aos 50 anos da Par\u00f3quia Nossa Senhora de F\u00e1tima, no\" \/>\n<meta property=\"og:url\" content=\"https:\/\/ubirataonline.com.br\/en\/fe-tradicao-e-emocao-marcam-jubileu-de-ouro-da-paroquia-nossa-senhora-de-fatima-em-cascavel\/\" \/>\n<meta property=\"og:site_name\" content=\"Ubirat\u00e3 Online Not\u00edcias - A realidade ao seu alcance!\" \/>\n<meta property=\"article:publisher\" content=\"https:\/\/www.facebook.com\/portalubirataonline\" \/>\n<meta property=\"article:author\" content=\"https:\/\/www.facebook.com\/portalubirataonline\" \/>\n<meta property=\"article:published_time\" content=\"2026-05-09T02:00:23+00:00\" \/>\n<meta property=\"article:modified_time\" content=\"2026-05-09T02:00:26+00:00\" \/>\n<meta property=\"og:image\" content=\"https:\/\/ubirataonline.com.br\/wp-content\/uploads\/2026\/05\/Fe-tradicao-e-emocao-marcam-Jubileu-de-Ouro-da-Paroquia.jpg\" \/>\n\t<meta property=\"og:image:width\" content=\"1908\" \/>\n\t<meta property=\"og:image:height\" content=\"1074\" \/>\n\t<meta property=\"og:image:type\" content=\"image\/jpeg\" \/>\n<meta name=\"author\" content=\"REDA\u00c7\u00c3O: UBIRAT\u00c3 ONLINE - F\u00c1BIO AUGUSTO CELESTINO\" \/>\n<meta name=\"twitter:card\" content=\"summary_large_image\" \/>\n<meta name=\"twitter:creator\" content=\"@x.com\/ubirataonline\" \/>\n<meta name=\"twitter:site\" content=\"@ubirataonline\" \/>\n<meta name=\"twitter:label1\" content=\"Written by\" \/>\n\t<meta name=\"twitter:data1\" content=\"REDA\u00c7\u00c3O: UBIRAT\u00c3 ONLINE - F\u00c1BIO AUGUSTO CELESTINO\" \/>\n\t<meta name=\"twitter:label2\" content=\"Est. reading time\" \/>\n\t<meta name=\"twitter:data2\" content=\"2 minutes\" \/>\n<script type=\"application\/ld+json\" class=\"yoast-schema-graph\">{\"@context\":\"https:\\\/\\\/schema.org\",\"@graph\":[{\"@type\":\"NewsArticle\",\"@id\":\"https:\\\/\\\/ubirataonline.com.br\\\/fe-tradicao-e-emocao-marcam-jubileu-de-ouro-da-paroquia-nossa-senhora-de-fatima-em-cascavel\\\/#article\",\"isPartOf\":{\"@id\":\"https:\\\/\\\/ubirataonline.com.br\\\/fe-tradicao-e-emocao-marcam-jubileu-de-ouro-da-paroquia-nossa-senhora-de-fatima-em-cascavel\\\/\"},\"author\":{\"name\":\"REDA\u00c7\u00c3O: UBIRAT\u00c3 ONLINE - F\u00c1BIO AUGUSTO CELESTINO\",\"@id\":\"https:\\\/\\\/ubirataonline.com.br\\\/#\\\/schema\\\/person\\\/372f87bbd3fdd79b8556b84c98d0bc1c\"},\"headline\":\"F\u00e9, tradi\u00e7\u00e3o e emo\u00e7\u00e3o marcam Jubileu de Ouro da Par\u00f3quia Nossa Senhora de F\u00e1tima em Cascavel\",\"datePublished\":\"2026-05-09T02:00:23+00:00\",\"dateModified\":\"2026-05-09T02:00:26+00:00\",\"mainEntityOfPage\":{\"@id\":\"https:\\\/\\\/ubirataonline.com.br\\\/fe-tradicao-e-emocao-marcam-jubileu-de-ouro-da-paroquia-nossa-senhora-de-fatima-em-cascavel\\\/\"},\"wordCount\":455,\"publisher\":{\"@id\":\"https:\\\/\\\/ubirataonline.com.br\\\/#organization\"},\"image\":{\"@id\":\"https:\\\/\\\/ubirataonline.com.br\\\/fe-tradicao-e-emocao-marcam-jubileu-de-ouro-da-paroquia-nossa-senhora-de-fatima-em-cascavel\\\/#primaryimage\"},\"thumbnailUrl\":\"https:\\\/\\\/ubirataonline.com.br\\\/wp-content\\\/uploads\\\/2026\\\/05\\\/Fe-tradicao-e-emocao-marcam-Jubileu-de-Ouro-da-Paroquia.jpg\",\"keywords\":[\"cascavel\",\"Emo\u00e7\u00e3o\",\"F\u00e1tima\",\"F\u00e9\",\"Jubileu\",\"marcam\",\"nossa\",\"Ouro\",\"Par\u00f3quia\",\"Senhora\",\"tradi\u00e7\u00e3o\"],\"articleSection\":[\"Ubirat\u00e3\"],\"inLanguage\":\"en-US\",\"copyrightYear\":\"2026\",\"copyrightHolder\":{\"@id\":\"https:\\\/\\\/ubirataonline.com.br\\\/en\\\/#organization\"}},{\"@type\":\"WebPage\",\"@id\":\"https:\\\/\\\/ubirataonline.com.br\\\/fe-tradicao-e-emocao-marcam-jubileu-de-ouro-da-paroquia-nossa-senhora-de-fatima-em-cascavel\\\/\",\"url\":\"https:\\\/\\\/ubirataonline.com.br\\\/fe-tradicao-e-emocao-marcam-jubileu-de-ouro-da-paroquia-nossa-senhora-de-fatima-em-cascavel\\\/\",\"name\":\"F\u00e9, tradi\u00e7\u00e3o e emo\u00e7\u00e3o marcam Jubileu de Ouro da Par\u00f3quia Nossa Senhora de F\u00e1tima em Cascavel - Ubirat\u00e3 Online Not\u00edcias - A realidade ao seu alcance!\",\"isPartOf\":{\"@id\":\"https:\\\/\\\/ubirataonline.com.br\\\/#website\"},\"primaryImageOfPage\":{\"@id\":\"https:\\\/\\\/ubirataonline.com.br\\\/fe-tradicao-e-emocao-marcam-jubileu-de-ouro-da-paroquia-nossa-senhora-de-fatima-em-cascavel\\\/#primaryimage\"},\"image\":{\"@id\":\"https:\\\/\\\/ubirataonline.com.br\\\/fe-tradicao-e-emocao-marcam-jubileu-de-ouro-da-paroquia-nossa-senhora-de-fatima-em-cascavel\\\/#primaryimage\"},\"thumbnailUrl\":\"https:\\\/\\\/ubirataonline.com.br\\\/wp-content\\\/uploads\\\/2026\\\/05\\\/Fe-tradicao-e-emocao-marcam-Jubileu-de-Ouro-da-Paroquia.jpg\",\"datePublished\":\"2026-05-09T02:00:23+00:00\",\"dateModified\":\"2026-05-09T02:00:26+00:00\",\"description\":\"A comunidade cat\u00f3lica vive dias de celebra\u00e7\u00e3o e emo\u00e7\u00e3o em Cascavel com a quermesse em comemora\u00e7\u00e3o aos 50 anos da Par\u00f3quia Nossa Senhora de F\u00e1tima, no\",\"breadcrumb\":{\"@id\":\"https:\\\/\\\/ubirataonline.com.br\\\/fe-tradicao-e-emocao-marcam-jubileu-de-ouro-da-paroquia-nossa-senhora-de-fatima-em-cascavel\\\/#breadcrumb\"},\"inLanguage\":\"en-US\",\"potentialAction\":[{\"@type\":\"ReadAction\",\"target\":[\"https:\\\/\\\/ubirataonline.com.br\\\/fe-tradicao-e-emocao-marcam-jubileu-de-ouro-da-paroquia-nossa-senhora-de-fatima-em-cascavel\\\/\"]}]},{\"@type\":\"ImageObject\",\"inLanguage\":\"en-US\",\"@id\":\"https:\\\/\\\/ubirataonline.com.br\\\/fe-tradicao-e-emocao-marcam-jubileu-de-ouro-da-paroquia-nossa-senhora-de-fatima-em-cascavel\\\/#primaryimage\",\"url\":\"https:\\\/\\\/ubirataonline.com.br\\\/wp-content\\\/uploads\\\/2026\\\/05\\\/Fe-tradicao-e-emocao-marcam-Jubileu-de-Ouro-da-Paroquia.jpg\",\"contentUrl\":\"https:\\\/\\\/ubirataonline.com.br\\\/wp-content\\\/uploads\\\/2026\\\/05\\\/Fe-tradicao-e-emocao-marcam-Jubileu-de-Ouro-da-Paroquia.jpg\",\"width\":1908,\"height\":1074,\"caption\":\"\"},{\"@type\":\"BreadcrumbList\",\"@id\":\"https:\\\/\\\/ubirataonline.com.br\\\/fe-tradicao-e-emocao-marcam-jubileu-de-ouro-da-paroquia-nossa-senhora-de-fatima-em-cascavel\\\/#breadcrumb\",\"itemListElement\":[{\"@type\":\"ListItem\",\"position\":1,\"name\":\"In\u00edcio\",\"item\":\"https:\\\/\\\/ubirataonline.com.br\\\/\"},{\"@type\":\"ListItem\",\"position\":2,\"name\":\"F\u00e9, tradi\u00e7\u00e3o e emo\u00e7\u00e3o marcam Jubileu de Ouro da Par\u00f3quia Nossa Senhora de F\u00e1tima em Cascavel\"}]},{\"@type\":\"WebSite\",\"@id\":\"https:\\\/\\\/ubirataonline.com.br\\\/#website\",\"url\":\"https:\\\/\\\/ubirataonline.com.br\\\/\",\"name\":\"Ubirat\u00e3 Online Not\u00edcias\",\"description\":\"Not\u00edcias de Ubirat\u00e3, regi\u00e3o, Brasil e mundo, com informa\u00e7\u00e3o atualizada e compromisso com o leitor.\",\"publisher\":{\"@id\":\"https:\\\/\\\/ubirataonline.com.br\\\/#organization\"},\"alternateName\":\"Ubirat\u00e3 Online\",\"potentialAction\":[{\"@type\":\"SearchAction\",\"target\":{\"@type\":\"EntryPoint\",\"urlTemplate\":\"https:\\\/\\\/ubirataonline.com.br\\\/?s={search_term_string}\"},\"query-input\":{\"@type\":\"PropertyValueSpecification\",\"valueRequired\":true,\"valueName\":\"search_term_string\"}}],\"inLanguage\":\"en-US\"},{\"@type\":[\"Organization\",\"Place\"],\"@id\":\"https:\\\/\\\/ubirataonline.com.br\\\/#organization\",\"name\":\"Ubirat\u00e3 Online Not\u00edcias\",\"alternateName\":\"Ubirat\u00e3 Online\",\"url\":\"https:\\\/\\\/ubirataonline.com.br\\\/\",\"logo\":{\"@id\":\"https:\\\/\\\/ubirataonline.com.br\\\/fe-tradicao-e-emocao-marcam-jubileu-de-ouro-da-paroquia-nossa-senhora-de-fatima-em-cascavel\\\/#local-main-organization-logo\"},\"image\":{\"@id\":\"https:\\\/\\\/ubirataonline.com.br\\\/fe-tradicao-e-emocao-marcam-jubileu-de-ouro-da-paroquia-nossa-senhora-de-fatima-em-cascavel\\\/#local-main-organization-logo\"},\"sameAs\":[\"https:\\\/\\\/www.facebook.com\\\/portalubirataonline\",\"https:\\\/\\\/x.com\\\/ubirataonline\",\"https:\\\/\\\/mastodon.social\\\/@ubirataonline\",\"https:\\\/\\\/www.facebook.com\\\/groups\\\/311144672285604\",\"https:\\\/\\\/www.facebook.com\\\/UBTAOnline\",\"https:\\\/\\\/www.instagram.com\\\/portalubirataonline\\\/\",\"https:\\\/\\\/twitter.com\\\/ubirataonline\"],\"description\":\"Somos um portal de not\u00edcias independente, criado em 5 de janeiro de 2009, com o objetivo de informar, conectar e valorizar a nossa comunidade de Ubirat\u00e3 e toda aregi\u00e3o. Com conte\u00fado atualizado, confi\u00e1vel e relevante, o Ubirat\u00e3 Online \u00e9 o seu espa\u00e7o para ficar por dentro dos principais acontecimentos locais, regionais, Brasil, Mundo e de interesse geral. Nosso compromisso \u00e9 com a verdade, a transpar\u00eancia e o respeito ao leitor.\",\"legalName\":\"UBIRATA ONLINE NOT\u00cdCIAS\",\"foundingDate\":\"2009-01-05\",\"numberOfEmployees\":{\"@type\":\"QuantitativeValue\",\"minValue\":\"1\",\"maxValue\":\"10\"},\"publishingPrinciples\":\"https:\\\/\\\/ubirataonline.com.br\\\/faq\\\/\",\"address\":{\"@id\":\"https:\\\/\\\/ubirataonline.com.br\\\/fe-tradicao-e-emocao-marcam-jubileu-de-ouro-da-paroquia-nossa-senhora-de-fatima-em-cascavel\\\/#local-main-place-address\"},\"geo\":{\"@type\":\"GeoCoordinates\",\"latitude\":\"-24.5361401\",\"longitude\":\"-52.9921776\"},\"telephone\":[\"+5544998308235\"],\"contactPoint\":{\"@type\":\"ContactPoint\",\"email\":\"contato@ubirataonline.com.br\"},\"openingHoursSpecification\":{\"@type\":\"OpeningHoursSpecification\",\"dayOfWeek\":[\"Monday\",\"Tuesday\",\"Wednesday\",\"Thursday\",\"Friday\",\"Saturday\",\"Sunday\"],\"opens\":\"00:00\",\"closes\":\"23:59\"},\"email\":\"contato@ubirataonline.com.br\",\"vatID\":\"47.621.418\\\/0001-80\"},{\"@type\":\"Person\",\"@id\":\"https:\\\/\\\/ubirataonline.com.br\\\/#\\\/schema\\\/person\\\/372f87bbd3fdd79b8556b84c98d0bc1c\",\"name\":\"REDA\u00c7\u00c3O: UBIRAT\u00c3 ONLINE - F\u00c1BIO AUGUSTO CELESTINO\",\"pronouns\":\"Ele\",\"description\":\"Desde 2003 trabalhando com not\u00edcias.\",\"sameAs\":[\"http:\\\/\\\/ubirataoline.com.br\",\"https:\\\/\\\/www.facebook.com\\\/portalubirataonline\",\"https:\\\/\\\/www.instagram.com\\\/ubirataonline_oficial\",\"https:\\\/\\\/x.com\\\/x.com\\\/ubirataonline\"],\"honorificPrefix\":\"Mr.\",\"honorificSuffix\":\"MD\",\"birthDate\":\"1980-06-16\",\"gender\":\"masculino\",\"award\":[\"V\u00e1rios pr\u00eamios de melhor portal da cidade\"],\"jobTitle\":\"Diretor\",\"url\":\"https:\\\/\\\/ubirataonline.com.br\\\/en\\\/author\\\/ubirataonline\\\/\"},{\"@type\":\"PostalAddress\",\"@id\":\"https:\\\/\\\/ubirataonline.com.br\\\/fe-tradicao-e-emocao-marcam-jubileu-de-ouro-da-paroquia-nossa-senhora-de-fatima-em-cascavel\\\/#local-main-place-address\",\"streetAddress\":\"Rua dos Coqueiros, 104 - Bairro Boa Vista, Rua dos Coqueiros, 104 Bairro Boa Vista\",\"addressLocality\":\"UBIRATA\",\"postalCode\":\"85440-000\",\"addressRegion\":\"PR\",\"addressCountry\":\"BR\"},{\"@type\":\"ImageObject\",\"inLanguage\":\"en-US\",\"@id\":\"https:\\\/\\\/ubirataonline.com.br\\\/fe-tradicao-e-emocao-marcam-jubileu-de-ouro-da-paroquia-nossa-senhora-de-fatima-em-cascavel\\\/#local-main-organization-logo\",\"url\":\"https:\\\/\\\/ubirataonline.com.br\\\/wp-content\\\/uploads\\\/2026\\\/06\\\/logoubirataonline-1.webp\",\"contentUrl\":\"https:\\\/\\\/ubirataonline.com.br\\\/wp-content\\\/uploads\\\/2026\\\/06\\\/logoubirataonline-1.webp\",\"width\":500,\"height\":500,\"caption\":\"Ubirat\u00e3 Online Not\u00edcias\"}]}<\/script>\n<meta name=\"geo.placename\" content=\"UBIRATA\" \/>\n<meta name=\"geo.position\" content=\"-24.5361401;-52.9921776\" \/>\n<meta name=\"geo.region\" content=\"Brazil\" \/>\n<!-- \/ Yoast SEO Premium plugin. -->","yoast_head_json":{"title":"F\u00e9, tradi\u00e7\u00e3o e emo\u00e7\u00e3o marcam Jubileu de Ouro da Par\u00f3quia Nossa Senhora de F\u00e1tima em Cascavel - Ubirat\u00e3 Online Not\u00edcias - A realidade ao seu alcance!","description":"A comunidade cat\u00f3lica vive dias de celebra\u00e7\u00e3o e emo\u00e7\u00e3o em Cascavel com a quermesse em comemora\u00e7\u00e3o aos 50 anos da Par\u00f3quia Nossa Senhora de F\u00e1tima, no","robots":{"index":"index","follow":"follow","max-snippet":"max-snippet:-1","max-image-preview":"max-image-preview:large","max-video-preview":"max-video-preview:-1"},"canonical":"https:\/\/ubirataonline.com.br\/en\/fe-tradicao-e-emocao-marcam-jubileu-de-ouro-da-paroquia-nossa-senhora-de-fatima-em-cascavel\/","og_locale":"en_US","og_type":"article","og_title":"F\u00e9, tradi\u00e7\u00e3o e emo\u00e7\u00e3o marcam Jubileu de Ouro da Par\u00f3quia Nossa Senhora de F\u00e1tima em Cascavel","og_description":"A comunidade cat\u00f3lica vive dias de celebra\u00e7\u00e3o e emo\u00e7\u00e3o em Cascavel com a quermesse em comemora\u00e7\u00e3o aos 50 anos da Par\u00f3quia Nossa Senhora de F\u00e1tima, no","og_url":"https:\/\/ubirataonline.com.br\/en\/fe-tradicao-e-emocao-marcam-jubileu-de-ouro-da-paroquia-nossa-senhora-de-fatima-em-cascavel\/","og_site_name":"Ubirat\u00e3 Online Not\u00edcias - A realidade ao seu alcance!","article_publisher":"https:\/\/www.facebook.com\/portalubirataonline","article_author":"https:\/\/www.facebook.com\/portalubirataonline","article_published_time":"2026-05-09T02:00:23+00:00","article_modified_time":"2026-05-09T02:00:26+00:00","og_image":[{"width":1908,"height":1074,"url":"https:\/\/ubirataonline.com.br\/wp-content\/uploads\/2026\/05\/Fe-tradicao-e-emocao-marcam-Jubileu-de-Ouro-da-Paroquia.jpg","type":"image\/jpeg"}],"author":"REDA\u00c7\u00c3O: UBIRAT\u00c3 ONLINE - F\u00c1BIO AUGUSTO CELESTINO","twitter_card":"summary_large_image","twitter_creator":"@x.com\/ubirataonline","twitter_site":"@ubirataonline","twitter_misc":{"Written by":"REDA\u00c7\u00c3O: UBIRAT\u00c3 ONLINE - F\u00c1BIO AUGUSTO CELESTINO","Est. reading time":"2 minutes"},"schema":{"@context":"https:\/\/schema.org","@graph":[{"@type":"NewsArticle","@id":"https:\/\/ubirataonline.com.br\/fe-tradicao-e-emocao-marcam-jubileu-de-ouro-da-paroquia-nossa-senhora-de-fatima-em-cascavel\/#article","isPartOf":{"@id":"https:\/\/ubirataonline.com.br\/fe-tradicao-e-emocao-marcam-jubileu-de-ouro-da-paroquia-nossa-senhora-de-fatima-em-cascavel\/"},"author":{"name":"REDA\u00c7\u00c3O: UBIRAT\u00c3 ONLINE - F\u00c1BIO AUGUSTO CELESTINO","@id":"https:\/\/ubirataonline.com.br\/#\/schema\/person\/372f87bbd3fdd79b8556b84c98d0bc1c"},"headline":"F\u00e9, tradi\u00e7\u00e3o e emo\u00e7\u00e3o marcam Jubileu de Ouro da Par\u00f3quia Nossa Senhora de F\u00e1tima em Cascavel","datePublished":"2026-05-09T02:00:23+00:00","dateModified":"2026-05-09T02:00:26+00:00","mainEntityOfPage":{"@id":"https:\/\/ubirataonline.com.br\/fe-tradicao-e-emocao-marcam-jubileu-de-ouro-da-paroquia-nossa-senhora-de-fatima-em-cascavel\/"},"wordCount":455,"publisher":{"@id":"https:\/\/ubirataonline.com.br\/#organization"},"image":{"@id":"https:\/\/ubirataonline.com.br\/fe-tradicao-e-emocao-marcam-jubileu-de-ouro-da-paroquia-nossa-senhora-de-fatima-em-cascavel\/#primaryimage"},"thumbnailUrl":"https:\/\/ubirataonline.com.br\/wp-content\/uploads\/2026\/05\/Fe-tradicao-e-emocao-marcam-Jubileu-de-Ouro-da-Paroquia.jpg","keywords":["cascavel","Emo\u00e7\u00e3o","F\u00e1tima","F\u00e9","Jubileu","marcam","nossa","Ouro","Par\u00f3quia","Senhora","tradi\u00e7\u00e3o"],"articleSection":["Ubirat\u00e3"],"inLanguage":"en-US","copyrightYear":"2026","copyrightHolder":{"@id":"https:\/\/ubirataonline.com.br\/en\/#organization"}},{"@type":"WebPage","@id":"https:\/\/ubirataonline.com.br\/fe-tradicao-e-emocao-marcam-jubileu-de-ouro-da-paroquia-nossa-senhora-de-fatima-em-cascavel\/","url":"https:\/\/ubirataonline.com.br\/fe-tradicao-e-emocao-marcam-jubileu-de-ouro-da-paroquia-nossa-senhora-de-fatima-em-cascavel\/","name":"F\u00e9, tradi\u00e7\u00e3o e emo\u00e7\u00e3o marcam Jubileu de Ouro da Par\u00f3quia Nossa Senhora de F\u00e1tima em Cascavel - Ubirat\u00e3 Online Not\u00edcias - A realidade ao seu alcance!","isPartOf":{"@id":"https:\/\/ubirataonline.com.br\/#website"},"primaryImageOfPage":{"@id":"https:\/\/ubirataonline.com.br\/fe-tradicao-e-emocao-marcam-jubileu-de-ouro-da-paroquia-nossa-senhora-de-fatima-em-cascavel\/#primaryimage"},"image":{"@id":"https:\/\/ubirataonline.com.br\/fe-tradicao-e-emocao-marcam-jubileu-de-ouro-da-paroquia-nossa-senhora-de-fatima-em-cascavel\/#primaryimage"},"thumbnailUrl":"https:\/\/ubirataonline.com.br\/wp-content\/uploads\/2026\/05\/Fe-tradicao-e-emocao-marcam-Jubileu-de-Ouro-da-Paroquia.jpg","datePublished":"2026-05-09T02:00:23+00:00","dateModified":"2026-05-09T02:00:26+00:00","description":"A comunidade cat\u00f3lica vive dias de celebra\u00e7\u00e3o e emo\u00e7\u00e3o em Cascavel com a quermesse em comemora\u00e7\u00e3o aos 50 anos da Par\u00f3quia Nossa Senhora de F\u00e1tima, no","breadcrumb":{"@id":"https:\/\/ubirataonline.com.br\/fe-tradicao-e-emocao-marcam-jubileu-de-ouro-da-paroquia-nossa-senhora-de-fatima-em-cascavel\/#breadcrumb"},"inLanguage":"en-US","potentialAction":[{"@type":"ReadAction","target":["https:\/\/ubirataonline.com.br\/fe-tradicao-e-emocao-marcam-jubileu-de-ouro-da-paroquia-nossa-senhora-de-fatima-em-cascavel\/"]}]},{"@type":"ImageObject","inLanguage":"en-US","@id":"https:\/\/ubirataonline.com.br\/fe-tradicao-e-emocao-marcam-jubileu-de-ouro-da-paroquia-nossa-senhora-de-fatima-em-cascavel\/#primaryimage","url":"https:\/\/ubirataonline.com.br\/wp-content\/uploads\/2026\/05\/Fe-tradicao-e-emocao-marcam-Jubileu-de-Ouro-da-Paroquia.jpg","contentUrl":"https:\/\/ubirataonline.com.br\/wp-content\/uploads\/2026\/05\/Fe-tradicao-e-emocao-marcam-Jubileu-de-Ouro-da-Paroquia.jpg","width":1908,"height":1074,"caption":""},{"@type":"BreadcrumbList","@id":"https:\/\/ubirataonline.com.br\/fe-tradicao-e-emocao-marcam-jubileu-de-ouro-da-paroquia-nossa-senhora-de-fatima-em-cascavel\/#breadcrumb","itemListElement":[{"@type":"ListItem","position":1,"name":"In\u00edcio","item":"https:\/\/ubirataonline.com.br\/"},{"@type":"ListItem","position":2,"name":"F\u00e9, tradi\u00e7\u00e3o e emo\u00e7\u00e3o marcam Jubileu de Ouro da Par\u00f3quia Nossa Senhora de F\u00e1tima em Cascavel"}]},{"@type":"WebSite","@id":"https:\/\/ubirataonline.com.br\/#website","url":"https:\/\/ubirataonline.com.br\/","name":"Ubirat\u00e3 Online Not\u00edcias","description":"Not\u00edcias de Ubirat\u00e3, regi\u00e3o, Brasil e mundo, com informa\u00e7\u00e3o atualizada e compromisso com o leitor.","publisher":{"@id":"https:\/\/ubirataonline.com.br\/#organization"},"alternateName":"Ubirat\u00e3 Online","potentialAction":[{"@type":"SearchAction","target":{"@type":"EntryPoint","urlTemplate":"https:\/\/ubirataonline.com.br\/?s={search_term_string}"},"query-input":{"@type":"PropertyValueSpecification","valueRequired":true,"valueName":"search_term_string"}}],"inLanguage":"en-US"},{"@type":["Organization","Place"],"@id":"https:\/\/ubirataonline.com.br\/#organization","name":"Ubirat\u00e3 Online Not\u00edcias","alternateName":"Ubirat\u00e3 Online","url":"https:\/\/ubirataonline.com.br\/","logo":{"@id":"https:\/\/ubirataonline.com.br\/fe-tradicao-e-emocao-marcam-jubileu-de-ouro-da-paroquia-nossa-senhora-de-fatima-em-cascavel\/#local-main-organization-logo"},"image":{"@id":"https:\/\/ubirataonline.com.br\/fe-tradicao-e-emocao-marcam-jubileu-de-ouro-da-paroquia-nossa-senhora-de-fatima-em-cascavel\/#local-main-organization-logo"},"sameAs":["https:\/\/www.facebook.com\/portalubirataonline","https:\/\/x.com\/ubirataonline","https:\/\/mastodon.social\/@ubirataonline","https:\/\/www.facebook.com\/groups\/311144672285604","https:\/\/www.facebook.com\/UBTAOnline","https:\/\/www.instagram.com\/portalubirataonline\/","https:\/\/twitter.com\/ubirataonline"],"description":"Somos um portal de not\u00edcias independente, criado em 5 de janeiro de 2009, com o objetivo de informar, conectar e valorizar a nossa comunidade de Ubirat\u00e3 e toda aregi\u00e3o. Com conte\u00fado atualizado, confi\u00e1vel e relevante, o Ubirat\u00e3 Online \u00e9 o seu espa\u00e7o para ficar por dentro dos principais acontecimentos locais, regionais, Brasil, Mundo e de interesse geral. Nosso compromisso \u00e9 com a verdade, a transpar\u00eancia e o respeito ao leitor.","legalName":"UBIRATA ONLINE NOT\u00cdCIAS","foundingDate":"2009-01-05","numberOfEmployees":{"@type":"QuantitativeValue","minValue":"1","maxValue":"10"},"publishingPrinciples":"https:\/\/ubirataonline.com.br\/faq\/","address":{"@id":"https:\/\/ubirataonline.com.br\/fe-tradicao-e-emocao-marcam-jubileu-de-ouro-da-paroquia-nossa-senhora-de-fatima-em-cascavel\/#local-main-place-address"},"geo":{"@type":"GeoCoordinates","latitude":"-24.5361401","longitude":"-52.9921776"},"telephone":["+5544998308235"],"contactPoint":{"@type":"ContactPoint","email":"contato@ubirataonline.com.br"},"openingHoursSpecification":{"@type":"OpeningHoursSpecification","dayOfWeek":["Monday","Tuesday","Wednesday","Thursday","Friday","Saturday","Sunday"],"opens":"00:00","closes":"23:59"},"email":"contato@ubirataonline.com.br","vatID":"47.621.418\/0001-80"},{"@type":"Person","@id":"https:\/\/ubirataonline.com.br\/#\/schema\/person\/372f87bbd3fdd79b8556b84c98d0bc1c","name":"REDA\u00c7\u00c3O: UBIRAT\u00c3 ONLINE - F\u00c1BIO AUGUSTO CELESTINO","pronouns":"Ele","description":"Desde 2003 trabalhando com not\u00edcias.","sameAs":["http:\/\/ubirataoline.com.br","https:\/\/www.facebook.com\/portalubirataonline","https:\/\/www.instagram.com\/ubirataonline_oficial","https:\/\/x.com\/x.com\/ubirataonline"],"honorificPrefix":"Mr.","honorificSuffix":"MD","birthDate":"1980-06-16","gender":"masculino","award":["V\u00e1rios pr\u00eamios de melhor portal da cidade"],"jobTitle":"Diretor","url":"https:\/\/ubirataonline.com.br\/en\/author\/ubirataonline\/"},{"@type":"PostalAddress","@id":"https:\/\/ubirataonline.com.br\/fe-tradicao-e-emocao-marcam-jubileu-de-ouro-da-paroquia-nossa-senhora-de-fatima-em-cascavel\/#local-main-place-address","streetAddress":"Rua dos Coqueiros, 104 - Bairro Boa Vista, Rua dos Coqueiros, 104 Bairro Boa Vista","addressLocality":"UBIRATA","postalCode":"85440-000","addressRegion":"PR","addressCountry":"BR"},{"@type":"ImageObject","inLanguage":"en-US","@id":"https:\/\/ubirataonline.com.br\/fe-tradicao-e-emocao-marcam-jubileu-de-ouro-da-paroquia-nossa-senhora-de-fatima-em-cascavel\/#local-main-organization-logo","url":"https:\/\/ubirataonline.com.br\/wp-content\/uploads\/2026\/06\/logoubirataonline-1.webp","contentUrl":"https:\/\/ubirataonline.com.br\/wp-content\/uploads\/2026\/06\/logoubirataonline-1.webp","width":500,"height":500,"caption":"Ubirat\u00e3 Online Not\u00edcias"}]},"geo.placename":"UBIRATA","geo.position":{"lat":"-24.5361401","long":"-52.9921776"},"geo.region":"Brazil"},"_links":{"self":[{"href":"https:\/\/ubirataonline.com.br\/en\/wp-json\/wp\/v2\/posts\/124663","targetHints":{"allow":["GET"]}}],"collection":[{"href":"https:\/\/ubirataonline.com.br\/en\/wp-json\/wp\/v2\/posts"}],"about":[{"href":"https:\/\/ubirataonline.com.br\/en\/wp-json\/wp\/v2\/types\/post"}],"author":[{"embeddable":true,"href":"https:\/\/ubirataonline.com.br\/en\/wp-json\/wp\/v2\/users\/1"}],"replies":[{"embeddable":true,"href":"https:\/\/ubirataonline.com.br\/en\/wp-json\/wp\/v2\/comments?post=124663"}],"version-history":[{"count":0,"href":"https:\/\/ubirataonline.com.br\/en\/wp-json\/wp\/v2\/posts\/124663\/revisions"}],"wp:featuredmedia":[{"embeddable":true,"href":"https:\/\/ubirataonline.com.br\/en\/wp-json\/wp\/v2\/media\/124664"}],"wp:attachment":[{"href":"https:\/\/ubirataonline.com.br\/en\/wp-json\/wp\/v2\/media?parent=124663"}],"wp:term":[{"taxonomy":"category","embeddable":true,"href":"https:\/\/ubirataonline.com.br\/en\/wp-json\/wp\/v2\/categories?post=124663"},{"taxonomy":"post_tag","embeddable":true,"href":"https:\/\/ubirataonline.com.br\/en\/wp-json\/wp\/v2\/tags?post=124663"}],"curies":[{"name":"wp","href":"https:\/\/api.w.org\/{rel}","templated":true}]}}