{"id":124672,"date":"2026-05-08T23:16:16","date_gmt":"2026-05-09T02:16:16","guid":{"rendered":"https:\/\/ubirataonline.com.br\/all-about-emily-blunt-and-john-krasinskis-relationship-which-began-with-a-chance-meeting-in-a-restaurant\/"},"modified":"2026-05-08T23:16:18","modified_gmt":"2026-05-09T02:16:18","slug":"all-about-emily-blunt-and-john-krasinskis-relationship-which-began-with-a-chance-meeting-in-a-restaurant","status":"publish","type":"post","link":"https:\/\/ubirataonline.com.br\/en\/all-about-emily-blunt-and-john-krasinskis-relationship-which-began-with-a-chance-meeting-in-a-restaurant\/","title":{"rendered":"All About Emily Blunt and John Krasinski&#8217;s Relationship, Which Began With a Chance Meeting in a Restaurant"},"content":{"rendered":"<p><br \/>\n<\/p>\n<div data-article-body=\"true\">\n<h3 class=\"mb-4 text-lg font-bold\">The Gist<\/h3>\n<ul class=\"mb-4\">\n<li class=\"ml-4 list-disc\">\n<div class=\"\">\n<p class=\"mb-4 text-lg md:leading-8 break-words\">Emily Blunt and John Krasinski met in 2008 and married in 2010.<\/p>\n<\/div>\n<\/li>\n<li class=\"ml-4 list-disc\">\n<div class=\"\">\n<p class=\"mb-4 text-lg md:leading-8 break-words\">They share two daughters named Hazel and Violet, who were born in 2014 and 2016, respectively.<\/p>\n<\/div>\n<\/li>\n<li class=\"ml-4 list-disc\">\n<div class=\"\">\n<p class=\"mb-4 text-lg md:leading-8 break-words\">They&#8217;ve also collaborated on two films together: <em>A Quiet Place<\/em> and<em> A Quiet Place Part II.<\/em><\/p>\n<\/div>\n<\/li>\n<\/ul>\n<p class=\"mb-4 text-lg md:leading-8 break-words\"><a href=\"https:\/\/www.instyle.com\/john-krasinski-sexiest-man-alive-reveal-reaction-8744402\" rel=\"nofollow noopener\" target=\"_blank\" data-ylk=\"elm:link;elmt:article_link;slk:John Krasinski;itc:0;sec:content-canvas\" data-yga=\"{&quot;yLinkElement&quot;:&quot;context_link&quot;,&quot;yModuleName&quot;:&quot;content-canvas&quot;,&quot;yLinkText&quot;:&quot;John Krasinski&quot;}\" class=\"link \">John Krasinski<\/a> is <a href=\"https:\/\/www.instyle.com\/emily-blunt-mikimoto-pearls-diamonds-devil-wears-prada-2-premiere-11954203\" rel=\"nofollow noopener\" target=\"_blank\" data-ylk=\"elm:link;elmt:article_link;slk:Emily Blunt;itc:0;sec:content-canvas\" data-yga=\"{&quot;yLinkElement&quot;:&quot;context_link&quot;,&quot;yModuleName&quot;:&quot;content-canvas&quot;,&quot;yLinkText&quot;:&quot;Emily Blunt&quot;}\" class=\"link \">Emily Blunt<\/a>&#8216;s &#8220;<a href=\"https:\/\/people.com\/movies\/emily-blunt-opens-up-about-her-10-year-marriage-to-john-krasinski-his-support-means-everything\/\" rel=\"nofollow noopener\" target=\"_blank\" data-ylk=\"elm:link;elmt:article_link;slk:vital anchor;itc:0;sec:content-canvas\" data-yga=\"{&quot;yLinkElement&quot;:&quot;context_link&quot;,&quot;yModuleName&quot;:&quot;content-canvas&quot;,&quot;yLinkText&quot;:&quot;vital anchor&quot;}\" class=\"link \">vital anchor<\/a>,&#8221; and not just because he&#8217;s obsessed with <a href=\"https:\/\/www.instyle.com\/every-cameo-in-devil-wears-prada-2-11965627\" rel=\"nofollow noopener\" target=\"_blank\" data-ylk=\"elm:link;elmt:article_link;slk:The Devil Wears Prada;itc:0;sec:content-canvas\" data-yga=\"{&quot;yLinkElement&quot;:&quot;context_link&quot;,&quot;yModuleName&quot;:&quot;content-canvas&quot;,&quot;yLinkText&quot;:&quot;The Devil Wears Prada&quot;}\" class=\"link \"><em>The Devil Wears Prada<\/em><\/a>. The two actors, who met in 2008 and married in 2010, have long been one of Hollywood&#8217;s most loved-up couples. It all started with a chance meeting in a restaurant.<\/p>\n<p class=\"mb-4 text-lg md:leading-8 break-words\">&#8220;I was in a restaurant, he was in the restaurant. I was sitting with a mutual friend. And my friend Gray goes, \u2018Oh my god, that&#8217;s my friend John.\u2019 And that was it,&#8221; Blunt later explained in an interview with <a href=\"https:\/\/www.youtube.com\/watch?v=CU8qwXYH83c\" rel=\"nofollow noopener\" target=\"_blank\" data-ylk=\"elm:link;elmt:article_link;slk:Seth Meyers;itc:0;sec:content-canvas\" data-yga=\"{&quot;yLinkElement&quot;:&quot;context_link&quot;,&quot;yModuleName&quot;:&quot;content-canvas&quot;,&quot;yLinkText&quot;:&quot;Seth Meyers&quot;}\" class=\"link \">Seth Meyers<\/a>. &#8220;He was sitting with our friend Justin Theroux, and he abandoned Justin and came over to us. He just stood there and made me laugh.&#8221;<\/p>\n<figure class=\"relative mb-4\">\n<div class=\"relative\"><button aria-label=\"View larger image\" class=\"group absolute bottom-0 size-full\" data-ylk=\"elm:expand;itc:1;sec:image-lightbox;slk:lightbox-open;\"><span class=\"absolute bottom-3 right-3 rounded-full bg-primary p-3 opacity-100 shadow-elevation-3 transition-opacity duration-300 group-hover:block group-hover:opacity-100 md:p-[17px] lg:bottom-6 lg:right-6 lg:bg-primary\/90 lg:p-5 lg:opacity-0 lg:shadow-none\"><svg xmlns=\"http:\/\/www.w3.org\/2000\/svg\" width=\"24\" height=\"24\" viewbox=\"0 0 24 24\" aria-hidden=\"true\" focusable=\"false\" class=\"flex-none size-4 -scale-x-100 text-primary lg:size-6 [&amp;_path]:fill-current\"><path fill=\"currentColor\" d=\"M3.1 3.1V11h1.8V6.314l5.392 5.393 1.415-1.414L6.313 4.9H11V3.1zm17.8 17.8V13h-1.8v4.686l-5.393-5.393-1.415 1.414 5.393 5.393H13v1.8z\"\/><\/svg><\/span><\/button><dialog aria-label=\"Modal Dialog\" aria-modal=\"true\" class=\"fixed bottom-0 left-0 right-0 top-0 z-4 size-full max-h-none max-w-none bg-primary hidden\"\/><\/div><figcaption class=\"relative text-sm mt-1 pr-2.5\">\n<p><i>John Krasinski and Emily Blunt at the 2010 Critics&#8217; Choice Awards.<br \/>Credit: Getty Images<\/i><\/p>\n<\/figcaption><\/figure>\n<p class=\"mb-4 text-lg md:leading-8 break-words\">Since then, Blunt and Krasinski have welcomed <a href=\"https:\/\/www.instyle.com\/emily-blunt-john-krasinski-kids-11958003\" rel=\"nofollow noopener\" target=\"_blank\" data-ylk=\"elm:link;elmt:article_link;slk:two children;itc:0;sec:content-canvas\" data-yga=\"{&quot;yLinkElement&quot;:&quot;context_link&quot;,&quot;yModuleName&quot;:&quot;content-canvas&quot;,&quot;yLinkText&quot;:&quot;two children&quot;}\" class=\"link \">two children<\/a> together and also made two films together: <em>A Quiet Place<\/em> and <em>A Quiet Place Part II<\/em>. In 2024, Blunt shared her secret to a happy marriage in an red carpet interview, per <a href=\"https:\/\/people.com\/emily-blunt-husband-john-krasinski-relationship-staying-connected-8641617\" rel=\"nofollow noopener\" target=\"_blank\" data-ylk=\"elm:link;elmt:article_link;slk:People;itc:0;sec:content-canvas\" data-yga=\"{&quot;yLinkElement&quot;:&quot;context_link&quot;,&quot;yModuleName&quot;:&quot;content-canvas&quot;,&quot;yLinkText&quot;:&quot;People&quot;}\" class=\"link \"><em>People<\/em><\/a>.<\/p>\n<p class=\"mb-4 text-lg md:leading-8 break-words\">&#8220;Oh my God, we&#8217;re like anyone else, really,&#8221; she said. &#8220;You just have to keep checking in. You just have to stay connected.&#8221;<\/p>\n<figure class=\"relative mb-4\">\n<div class=\"relative\"><img alt=\"Emily Blunt and John Krasinski at the world premiere of 'The Devil Wears Prada 2' in April 2026.Credit: Getty Images\" loading=\"lazy\" width=\"960\" height=\"645\" decoding=\"async\" data-nimg=\"1\" class=\"rounded-lg\" style=\"color:transparent\" src=\"https:\/\/s.yimg.com\/ny\/api\/res\/1.2\/FVS2_AjGBxWKpj8X3eTVYQ--\/YXBwaWQ9aGlnaGxhbmRlcjt3PTk2MDtoPTY0NTtjZj13ZWJw\/https:\/\/media.zenfs.com\/en\/instyle_846\/e3bc9424df0e0d1db608200bacd19274\"\/><button aria-label=\"View larger image\" class=\"group absolute bottom-0 size-full\" data-ylk=\"elm:expand;itc:1;sec:image-lightbox;slk:lightbox-open;\"><span class=\"absolute bottom-3 right-3 rounded-full bg-primary p-3 opacity-100 shadow-elevation-3 transition-opacity duration-300 group-hover:block group-hover:opacity-100 md:p-[17px] lg:bottom-6 lg:right-6 lg:bg-primary\/90 lg:p-5 lg:opacity-0 lg:shadow-none\"><svg xmlns=\"http:\/\/www.w3.org\/2000\/svg\" width=\"24\" height=\"24\" viewbox=\"0 0 24 24\" aria-hidden=\"true\" focusable=\"false\" class=\"flex-none size-4 -scale-x-100 text-primary lg:size-6 [&amp;_path]:fill-current\"><path fill=\"currentColor\" d=\"M3.1 3.1V11h1.8V6.314l5.392 5.393 1.415-1.414L6.313 4.9H11V3.1zm17.8 17.8V13h-1.8v4.686l-5.393-5.393-1.415 1.414 5.393 5.393H13v1.8z\"\/><\/svg><\/span><\/button><dialog aria-label=\"Modal Dialog\" aria-modal=\"true\" class=\"fixed bottom-0 left-0 right-0 top-0 z-4 size-full max-h-none max-w-none bg-primary hidden\"\/><\/div><figcaption class=\"relative text-sm mt-1 pr-2.5\">\n<p><i>Emily Blunt and John Krasinski at the world premiere of &#8216;The Devil Wears Prada 2&#8217; in April 2026.<br \/>Credit: Getty Images<\/i><\/p>\n<\/figcaption><\/figure>\n<p class=\"mb-4 text-lg md:leading-8 break-words\">As for Krasinski&#8217;s love for <a href=\"https:\/\/www.instyle.com\/meryl-streep-milan-fashion-week-miranda-priestly-11820155\" rel=\"nofollow noopener\" target=\"_blank\" data-ylk=\"elm:link;elmt:article_link;slk:Miranda Priestly;itc:0;sec:content-canvas\" data-yga=\"{&quot;yLinkElement&quot;:&quot;context_link&quot;,&quot;yModuleName&quot;:&quot;content-canvas&quot;,&quot;yLinkText&quot;:&quot;Miranda Priestly&quot;}\" class=\"link \">Miranda Priestly<\/a>, <a href=\"https:\/\/www.instyle.com\/emily-blunt-devil-wears-prada-character-now-8641953\" rel=\"nofollow noopener\" target=\"_blank\" data-ylk=\"elm:link;elmt:article_link;slk:Emily Charlton;itc:0;sec:content-canvas\" data-yga=\"{&quot;yLinkElement&quot;:&quot;context_link&quot;,&quot;yModuleName&quot;:&quot;content-canvas&quot;,&quot;yLinkText&quot;:&quot;Emily Charlton&quot;}\" class=\"link \">Emily Charlton<\/a>, and <a href=\"https:\/\/www.instyle.com\/the-devil-wears-prada-2-andy-sachs-pearl-necklace-11965300\" rel=\"nofollow noopener\" target=\"_blank\" data-ylk=\"elm:link;elmt:article_link;slk:Andy Sachs;itc:0;sec:content-canvas\" data-yga=\"{&quot;yLinkElement&quot;:&quot;context_link&quot;,&quot;yModuleName&quot;:&quot;content-canvas&quot;,&quot;yLinkText&quot;:&quot;Andy Sachs&quot;}\" class=\"link \">Andy Sachs<\/a>? Apparently the actor has &#8220;only&#8221; seen the movie roughly 75 times. According to an interview the actor did with <a href=\"https:\/\/www.glamour.com\/story\/john-krasinski-devil-wears-prada-emily-blunt\" rel=\"nofollow noopener\" target=\"_blank\" data-ylk=\"elm:link;elmt:article_link;slk:Glamour;itc:0;sec:content-canvas\" data-yga=\"{&quot;yLinkElement&quot;:&quot;context_link&quot;,&quot;yModuleName&quot;:&quot;content-canvas&quot;,&quot;yLinkText&quot;:&quot;Glamour&quot;}\" class=\"link \"><em>Glamour<\/em><\/a> back in 2016, he confessed to his obsession after she asked if he had seen it.<\/p>\n<p class=\"mb-4 text-lg md:leading-8 break-words\">&#8220;I said, &#8216;Yes,&#8217; and she said, &#8216;How many times?&#8217; And I said, &#8216;A lot.&#8217; She said, &#8216;What&#8217;s a lot?&#8217; And I said, &#8217;75 times,'&#8221; Krasinski said. &#8220;I&#8217;m lucky enough that she stayed with me and didn&#8217;t realize that she had really married her stalker!&#8221;<\/p>\n<p class=\"mb-4 text-lg md:leading-8 break-words\">From their whirlwind romance to what it&#8217;s like working together on set, here&#8217;s everything you need to know about John Krasinski and Emily Blunt&#8217;s rock-solid relationship.<\/p>\n<h2 class=\"mb-4 text-xl font-bold md:text-2xl\">They met at a restaurant in Los Angeles.<\/h2>\n<figure class=\"relative mb-4\">\n<div class=\"relative\"><img alt=\"John Krasinski and Emily Blunt at the 2009 Elle Women in Hollywood Tribute.Credit: Getty Images\" loading=\"lazy\" width=\"960\" height=\"709\" decoding=\"async\" data-nimg=\"1\" class=\"rounded-lg\" style=\"color:transparent\" src=\"https:\/\/s.yimg.com\/ny\/api\/res\/1.2\/KVhueJR2gMx7Kp8WQ6l5vQ--\/YXBwaWQ9aGlnaGxhbmRlcjt3PTk2MDtoPTcwOTtjZj13ZWJw\/https:\/\/media.zenfs.com\/en\/instyle_846\/298acf1e277f5a67c9612c2912e88e3a\"\/><button aria-label=\"View larger image\" class=\"group absolute bottom-0 size-full\" data-ylk=\"elm:expand;itc:1;sec:image-lightbox;slk:lightbox-open;\"><span class=\"absolute bottom-3 right-3 rounded-full bg-primary p-3 opacity-100 shadow-elevation-3 transition-opacity duration-300 group-hover:block group-hover:opacity-100 md:p-[17px] lg:bottom-6 lg:right-6 lg:bg-primary\/90 lg:p-5 lg:opacity-0 lg:shadow-none\"><svg xmlns=\"http:\/\/www.w3.org\/2000\/svg\" width=\"24\" height=\"24\" viewbox=\"0 0 24 24\" aria-hidden=\"true\" focusable=\"false\" class=\"flex-none size-4 -scale-x-100 text-primary lg:size-6 [&amp;_path]:fill-current\"><path fill=\"currentColor\" d=\"M3.1 3.1V11h1.8V6.314l5.392 5.393 1.415-1.414L6.313 4.9H11V3.1zm17.8 17.8V13h-1.8v4.686l-5.393-5.393-1.415 1.414 5.393 5.393H13v1.8z\"\/><\/svg><\/span><\/button><dialog aria-label=\"Modal Dialog\" aria-modal=\"true\" class=\"fixed bottom-0 left-0 right-0 top-0 z-4 size-full max-h-none max-w-none bg-primary hidden\"\/><\/div><figcaption class=\"relative text-sm mt-1 pr-2.5\">\n<p><i>John Krasinski and Emily Blunt at the 2009 Elle Women in Hollywood Tribute.<br \/>Credit: Getty Images<\/i><\/p>\n<\/figcaption><\/figure>\n<p class=\"mb-4 text-lg md:leading-8 break-words\">Blunt and Krasinski&#8217;s rom-com romance began with a chance meeting at a Los Angeles restaurant in November 2008. Both actors were dining there separately with friends. Krasinski&#8217;s secret sauce? He made Blunt laugh.<\/p>\n<p class=\"mb-4 text-lg md:leading-8 break-words\">\u201cIt&#8217;s kind of a sad, lame story,&#8221; she told <a href=\"https:\/\/www.youtube.com\/watch?v=CU8qwXYH83c\" rel=\"nofollow noopener\" target=\"_blank\" data-ylk=\"elm:link;elmt:article_link;slk:Seth Meyers;itc:0;sec:content-canvas\" data-yga=\"{&quot;yLinkElement&quot;:&quot;context_link&quot;,&quot;yModuleName&quot;:&quot;content-canvas&quot;,&quot;yLinkText&quot;:&quot;Seth Meyers&quot;}\" class=\"link \">Seth Meyers<\/a> in 2018. &#8220;I was in a restaurant, he was in the restaurant. I was sitting with a mutual friend. And my friend Gray goes, \u2018Oh my god, that&#8217;s my friend John.\u2019 And that was it. He was sitting with our friend Justin Theroux, and he abandoned Justin and came over to us. He just stood there and made me laugh.\u201d<\/p>\n<p class=\"mb-4 text-lg md:leading-8 break-words\">Krasinski, for his part, later told <a href=\"https:\/\/www.youtube.com\/watch?v=7iN_5byfPs8&amp;ab_channel=TheEllenShow\" rel=\"nofollow noopener\" target=\"_blank\" data-ylk=\"elm:link;elmt:article_link;slk:Ellen DeGeneres;itc:0;sec:content-canvas\" data-yga=\"{&quot;yLinkElement&quot;:&quot;context_link&quot;,&quot;yModuleName&quot;:&quot;content-canvas&quot;,&quot;yLinkText&quot;:&quot;Ellen DeGeneres&quot;}\" class=\"link \">Ellen DeGeneres<\/a> that for him, it was basically love at first sight: &#8220;It&#8217;s one of those things where as soon as you meet someone, you just know.&#8221;<\/p>\n<p class=\"mb-4 text-lg md:leading-8 break-words\">&#8220;I wasn&#8217;t really looking for a relationship,&#8221; he continued. &#8220;Then I met her and I was so nervous. I was like, &#8216;Oh god, I think I&#8217;m going to fall in love with her.&#8217; And as I shook her hand, I went, &#8216;I like you!&#8217; So if anyone&#8217;s looking to pick up a girl, that&#8217;s the way to do it.&#8221;<\/p>\n<h2 class=\"mb-4 text-xl font-bold md:text-2xl\">They tied the knot in 2010.<\/h2>\n<p class=\"mb-4 text-lg md:leading-8 break-words\">In August 2009, less than one year after their meet-cute, Krasinski got down on one knee. &#8220;It was very casual, and I was nervous\u2014the whole nine yards,&#8221; he told <a href=\"https:\/\/www.youtube.com\/watch?v=LnDjdv8N79M&amp;ab_channel=EmilyBluntFan\" rel=\"nofollow noopener\" target=\"_blank\" data-ylk=\"elm:link;elmt:article_link;slk:Access Hollywood.;itc:0;sec:content-canvas\" data-yga=\"{&quot;yLinkElement&quot;:&quot;context_link&quot;,&quot;yModuleName&quot;:&quot;content-canvas&quot;,&quot;yLinkText&quot;:&quot;Access Hollywood.&quot;}\" class=\"link \"><em>Access Hollywood.<\/em><\/a> &#8220;She did cry. After I cried. We both cried. But at the end of the day she said &#8216;Yes,&#8217; which is big, right?&#8221;<\/p>\n<p class=\"mb-4 text-lg md:leading-8 break-words\">The couple tied the knot the following summer. In true Hollywood frontman fashion, <a href=\"https:\/\/www.instyle.com\/george-clooney-amal-clooney-relationship-timeline-8656708\" rel=\"nofollow noopener\" target=\"_blank\" data-ylk=\"elm:link;elmt:article_link;slk:George Clooney;itc:0;sec:content-canvas\" data-yga=\"{&quot;yLinkElement&quot;:&quot;context_link&quot;,&quot;yModuleName&quot;:&quot;content-canvas&quot;,&quot;yLinkText&quot;:&quot;George Clooney&quot;}\" class=\"link \">George Clooney<\/a> lent them his estate in Lake Como, Italy, for their intimate wedding ceremony on July 10, 2010. Blunt wore a custom chiffon Marchesa gown with a diamond and platinum ring from Neil Lane for the occasion. Three years later, she gushed about her husband in an interview with <em>InStyle<\/em>.<\/p>\n<p class=\"mb-4 text-lg md:leading-8 break-words\">\u201cMeeting John really changed my life,&#8221; she said. &#8220;When I feel the support that I have from him, I feel invincible. There&#8217;s someone behind you on your good days and someone in front of you on your bad days.\u201d<\/p>\n<h2 class=\"mb-4 text-xl font-bold md:text-2xl\">They share two daughters.<\/h2>\n<figure class=\"relative mb-4\">\n<div class=\"relative\"><img alt=\"Emily Blunt and John Krasinski at the 2025 US Open with their daughters Hazel and Violet.Credit: Getty Images\" loading=\"lazy\" width=\"960\" height=\"640\" decoding=\"async\" data-nimg=\"1\" class=\"rounded-lg\" style=\"color:transparent\" src=\"https:\/\/s.yimg.com\/ny\/api\/res\/1.2\/p0e6IFKCWfv62uJBP5xRvA--\/YXBwaWQ9aGlnaGxhbmRlcjt3PTk2MDtoPTY0MDtjZj13ZWJw\/https:\/\/media.zenfs.com\/en\/instyle_846\/ac12e43177ecdc270c1150cb1159489b\"\/><button aria-label=\"View larger image\" class=\"group absolute bottom-0 size-full\" data-ylk=\"elm:expand;itc:1;sec:image-lightbox;slk:lightbox-open;\"><span class=\"absolute bottom-3 right-3 rounded-full bg-primary p-3 opacity-100 shadow-elevation-3 transition-opacity duration-300 group-hover:block group-hover:opacity-100 md:p-[17px] lg:bottom-6 lg:right-6 lg:bg-primary\/90 lg:p-5 lg:opacity-0 lg:shadow-none\"><svg xmlns=\"http:\/\/www.w3.org\/2000\/svg\" width=\"24\" height=\"24\" viewbox=\"0 0 24 24\" aria-hidden=\"true\" focusable=\"false\" class=\"flex-none size-4 -scale-x-100 text-primary lg:size-6 [&amp;_path]:fill-current\"><path fill=\"currentColor\" d=\"M3.1 3.1V11h1.8V6.314l5.392 5.393 1.415-1.414L6.313 4.9H11V3.1zm17.8 17.8V13h-1.8v4.686l-5.393-5.393-1.415 1.414 5.393 5.393H13v1.8z\"\/><\/svg><\/span><\/button><dialog aria-label=\"Modal Dialog\" aria-modal=\"true\" class=\"fixed bottom-0 left-0 right-0 top-0 z-4 size-full max-h-none max-w-none bg-primary hidden\"\/><\/div><figcaption class=\"relative text-sm mt-1 pr-2.5\">\n<p><i>Emily Blunt and John Krasinski at the 2025 US Open with their daughters Hazel and Violet.<br \/>Credit: Getty Images<\/i><\/p>\n<\/figcaption><\/figure>\n<p class=\"mb-4 text-lg md:leading-8 break-words\">Blunt and Krasinski became parents for the first time with the birth of their daughter Hazel on February 16, 2014. <em>The Office<\/em> alum shared their happy news on <a href=\"https:\/\/twitter.com\/johnkrasinski\/status\/435115247695704064\" rel=\"nofollow noopener\" target=\"_blank\" data-ylk=\"elm:link;elmt:article_link;slk:X;itc:0;sec:content-canvas\" data-yga=\"{&quot;yLinkElement&quot;:&quot;context_link&quot;,&quot;yModuleName&quot;:&quot;content-canvas&quot;,&quot;yLinkText&quot;:&quot;X&quot;}\" class=\"link \">X<\/a>, formerly known as Twitter: &#8220;Wanted to let the news out directly. Emily and I are so incredibly happy to welcome our daughter Hazel into the world today! Happy bday!&#8221; Little sister Violet arrived two years later, in June 2016.<\/p>\n<p class=\"mb-4 text-lg md:leading-8 break-words\">&#8220;What better way to celebrate the 4th&#8230; than to announce our 4th family member!!!&#8221; Krasinski wrote on <a href=\"https:\/\/twitter.com\/johnkrasinski\/status\/750002523935617024\" rel=\"nofollow noopener\" target=\"_blank\" data-ylk=\"elm:link;elmt:article_link;slk:X;itc:0;sec:content-canvas\" data-yga=\"{&quot;yLinkElement&quot;:&quot;context_link&quot;,&quot;yModuleName&quot;:&quot;content-canvas&quot;,&quot;yLinkText&quot;:&quot;X&quot;}\" class=\"link \">X<\/a>. &#8220;2 weeks ago we met our beautiful daughter Violet #Happy4th.&#8221;<\/p>\n<p class=\"mb-4 text-lg md:leading-8 break-words\">So far, Hazel and Violet have largely avoided the spotlight, however they did make a rare appearance with their parents at the <a href=\"https:\/\/www.instyle.com\/emily-blunt-rare-family-outing-lookalike-red-head-daughters-us-open-11806156\" rel=\"nofollow noopener\" target=\"_blank\" data-ylk=\"elm:link;elmt:article_link;slk:2025 US Open;itc:0;sec:content-canvas\" data-yga=\"{&quot;yLinkElement&quot;:&quot;context_link&quot;,&quot;yModuleName&quot;:&quot;content-canvas&quot;,&quot;yLinkText&quot;:&quot;2025 US Open&quot;}\" class=\"link \">2025 US Open<\/a>. They also have some rather strong opinions about Blunt&#8217;s <em>The Devil Wears Prada<\/em> character: Apparently they think she&#8217;s the &#8220;<a href=\"https:\/\/www.instyle.com\/emily-blunt-daughters-devil-wears-prada-character-8716529\" rel=\"nofollow noopener\" target=\"_blank\" data-ylk=\"elm:link;elmt:article_link;slk:meanest person they've ever met;itc:0;sec:content-canvas\" data-yga=\"{&quot;yLinkElement&quot;:&quot;context_link&quot;,&quot;yModuleName&quot;:&quot;content-canvas&quot;,&quot;yLinkText&quot;:&quot;meanest person they'&quot;}\" class=\"link \">meanest person they&#8217;ve ever met<\/a>.&#8221;<\/p>\n<h2 class=\"mb-4 text-xl font-bold md:text-2xl\">They co-starred in <em>A Quiet Place<\/em> and<em> A Quiet Place Part II<\/em>.<\/h2>\n<figure class=\"relative mb-4\">\n<div class=\"relative\"><img alt=\"Emily Blunt and John Kransinski at a screening of 'A Quiet Place' at the 2018 SCAD Savannah Film Festival.Credit: Getty Images\" loading=\"lazy\" width=\"960\" height=\"701\" decoding=\"async\" data-nimg=\"1\" class=\"rounded-lg\" style=\"color:transparent\" src=\"https:\/\/s.yimg.com\/ny\/api\/res\/1.2\/sGVyRgxuIu52VGG4h3GDYg--\/YXBwaWQ9aGlnaGxhbmRlcjt3PTk2MDtoPTcwMTtjZj13ZWJw\/https:\/\/media.zenfs.com\/en\/instyle_846\/f497566602bf8ed2067ec944a0281ded\"\/><button aria-label=\"View larger image\" class=\"group absolute bottom-0 size-full\" data-ylk=\"elm:expand;itc:1;sec:image-lightbox;slk:lightbox-open;\"><span class=\"absolute bottom-3 right-3 rounded-full bg-primary p-3 opacity-100 shadow-elevation-3 transition-opacity duration-300 group-hover:block group-hover:opacity-100 md:p-[17px] lg:bottom-6 lg:right-6 lg:bg-primary\/90 lg:p-5 lg:opacity-0 lg:shadow-none\"><svg xmlns=\"http:\/\/www.w3.org\/2000\/svg\" width=\"24\" height=\"24\" viewbox=\"0 0 24 24\" aria-hidden=\"true\" focusable=\"false\" class=\"flex-none size-4 -scale-x-100 text-primary lg:size-6 [&amp;_path]:fill-current\"><path fill=\"currentColor\" d=\"M3.1 3.1V11h1.8V6.314l5.392 5.393 1.415-1.414L6.313 4.9H11V3.1zm17.8 17.8V13h-1.8v4.686l-5.393-5.393-1.415 1.414 5.393 5.393H13v1.8z\"\/><\/svg><\/span><\/button><dialog aria-label=\"Modal Dialog\" aria-modal=\"true\" class=\"fixed bottom-0 left-0 right-0 top-0 z-4 size-full max-h-none max-w-none bg-primary hidden\"\/><\/div><figcaption class=\"relative text-sm mt-1 pr-2.5\">\n<p><i>Emily Blunt and John Kransinski at a screening of &#8216;A Quiet Place&#8217; at the 2018 SCAD Savannah Film Festival.<br \/>Credit: Getty Images<\/i><\/p>\n<\/figcaption><\/figure>\n<p class=\"mb-4 text-lg md:leading-8 break-words\">Aside from raising their kids together, Blunt and Krasinski have also collaborated professionally. For their first project together, the couple developed a post-apocalyptic thriller called <a href=\"https:\/\/www.instyle.com\/news\/emily-blunt-john-krasinski-star-together-movie-film-quiet-place\" rel=\"nofollow noopener\" target=\"_blank\" data-ylk=\"elm:link;elmt:article_link;slk:A Quiet Place;itc:0;sec:content-canvas\" data-yga=\"{&quot;yLinkElement&quot;:&quot;context_link&quot;,&quot;yModuleName&quot;:&quot;content-canvas&quot;,&quot;yLinkText&quot;:&quot;A Quiet Place&quot;}\" class=\"link \"><em>A Quiet Place<\/em><\/a>. Krasinski wrote and directed the film; he also played the staring role of Lee Abbott, while Blunt played his wife, Evelyn Abbott.<\/p>\n<p class=\"mb-4 text-lg md:leading-8 break-words\">&#8220;I&#8217;ve never have loved my wife more than after we did this movie,&#8221; he told <a href=\"https:\/\/people.com\/movies\/john-krasinski-emily-blunt-working-together\/\" rel=\"nofollow noopener\" target=\"_blank\" data-ylk=\"elm:link;elmt:article_link;slk:People;itc:0;sec:content-canvas\" data-yga=\"{&quot;yLinkElement&quot;:&quot;context_link&quot;,&quot;yModuleName&quot;:&quot;content-canvas&quot;,&quot;yLinkText&quot;:&quot;People&quot;}\" class=\"link \"><em>People<\/em><\/a> when the movie hit theaters in April 2018. &#8220;For me, it was a trust thing. We trust each other in day-to-day life for sure, but when you trust each other in this way it&#8217;s different.&#8221;<\/p>\n<p class=\"mb-4 text-lg md:leading-8 break-words\">The following January, Blunt won the SAG Award for best supporting actress for her role in the film. &#8220;I am going to share this completely with my husband, John Krasinski, because the entire experience of doing this with you has completely pierced my heart directly,&#8221; she <a href=\"https:\/\/www.youtube.com\/watch?v=Ny_wQ1RDblA\" rel=\"nofollow noopener\" target=\"_blank\" data-ylk=\"elm:link;elmt:article_link;slk:said;itc:0;sec:content-canvas\" data-yga=\"{&quot;yLinkElement&quot;:&quot;context_link&quot;,&quot;yModuleName&quot;:&quot;content-canvas&quot;,&quot;yLinkText&quot;:&quot;said&quot;}\" class=\"link \">said<\/a> during her acceptance speech. &#8220;You are a stunning filmmaker. I am so lucky to be with you and to have done this film with you.&#8221;<\/p>\n<figure class=\"relative mb-4\">\n<div class=\"relative\"><img alt=\"Emily Blunt at the 2019 SAG Awards.Credit: Getty Images\" loading=\"lazy\" width=\"648\" height=\"960\" decoding=\"async\" data-nimg=\"1\" class=\"rounded-lg\" style=\"color:transparent\" src=\"https:\/\/s.yimg.com\/ny\/api\/res\/1.2\/0kX7WZn.0HGu9yFCb1bESQ--\/YXBwaWQ9aGlnaGxhbmRlcjt3PTk2MDtoPTE0MjI7Y2Y9d2VicA--\/https:\/\/media.zenfs.com\/en\/instyle_846\/99e4e6356cfaeaa256db4a8e6bedd990\"\/><button aria-label=\"View larger image\" class=\"group absolute bottom-0 size-full\" data-ylk=\"elm:expand;itc:1;sec:image-lightbox;slk:lightbox-open;\"><span class=\"absolute bottom-3 right-3 rounded-full bg-primary p-3 opacity-100 shadow-elevation-3 transition-opacity duration-300 group-hover:block group-hover:opacity-100 md:p-[17px] lg:bottom-6 lg:right-6 lg:bg-primary\/90 lg:p-5 lg:opacity-0 lg:shadow-none\"><svg xmlns=\"http:\/\/www.w3.org\/2000\/svg\" width=\"24\" height=\"24\" viewbox=\"0 0 24 24\" aria-hidden=\"true\" focusable=\"false\" class=\"flex-none size-4 -scale-x-100 text-primary lg:size-6 [&amp;_path]:fill-current\"><path fill=\"currentColor\" d=\"M3.1 3.1V11h1.8V6.314l5.392 5.393 1.415-1.414L6.313 4.9H11V3.1zm17.8 17.8V13h-1.8v4.686l-5.393-5.393-1.415 1.414 5.393 5.393H13v1.8z\"\/><\/svg><\/span><\/button><dialog aria-label=\"Modal Dialog\" aria-modal=\"true\" class=\"fixed bottom-0 left-0 right-0 top-0 z-4 size-full max-h-none max-w-none bg-primary hidden\"\/><\/div><figcaption class=\"relative text-sm mt-1 pr-2.5\">\n<p><i>Emily Blunt at the 2019 SAG Awards.<br \/>Credit: Getty Images<\/i><\/p>\n<\/figcaption><\/figure>\n<p class=\"mb-4 text-lg md:leading-8 break-words\">The success of <em>A Quiet Place<\/em> was followed by the release of<em> A Quiet Place Part II <\/em>roughly two years later. It blew expectations out of the water, becoming the first film to <a href=\"https:\/\/people.com\/movies\/a-quiet-place-part-ii-becomes-first-film-amid-pandemic-to-surpass-100-million-at-u-s-box-office\/\" rel=\"nofollow noopener\" target=\"_blank\" data-ylk=\"elm:link;elmt:article_link;slk:gross over $100 million;itc:0;sec:content-canvas\" data-yga=\"{&quot;yLinkElement&quot;:&quot;context_link&quot;,&quot;yModuleName&quot;:&quot;content-canvas&quot;,&quot;yLinkText&quot;:&quot;gross over $100 million&quot;}\" class=\"link \">gross over $100 million<\/a> at the box office since the onset of the COVID-19 pandemic.<\/p>\n<p class=\"mb-4 text-lg md:leading-8 break-words\">At the time, Blunt paid a visit to <a href=\"https:\/\/www.youtube.com\/watch?v=9j75SboL3Jo&amp;ab_channel=JimmyKimmelLive\" rel=\"nofollow noopener\" target=\"_blank\" data-ylk=\"elm:link;elmt:article_link;slk:Jimmy Kimmel Live!;itc:0;sec:content-canvas\" data-yga=\"{&quot;yLinkElement&quot;:&quot;context_link&quot;,&quot;yModuleName&quot;:&quot;content-canvas&quot;,&quot;yLinkText&quot;:&quot;Jimmy Kimmel Live!&quot;}\" class=\"link \"><em>Jimmy Kimmel Live!<\/em><\/a> to promote the movie and explained its contemporary relevance: &#8220;In the first movie, their home gets decimated and destroyed. So, the family has to venture out and it&#8217;s this big theme of needing your neighbor to extend their hand to you and yet we&#8217;ve been living in this world of nobody wanting to do that,&#8221; she said, referencing pandemic-era social distancing. &#8220;It has even more prominence now. It&#8217;s sort of surreal.&#8221;<\/p>\n<h2 class=\"mb-4 text-xl font-bold md:text-2xl\">John Krasinski is his wife&#8217;s &#8220;number one fan.&#8221;<\/h2>\n<p class=\"mb-4 text-lg md:leading-8 break-words\">Since tying the knot back in 2010, Krasinski has not been shy about how much he loves and supports his wife. Case in point? An interview with <a href=\"https:\/\/people.com\/celebrity\/john-krasinski-talks-marriage-to-emily-blunt-and-parenthood-to-daughter-hazel\/\" rel=\"nofollow noopener\" target=\"_blank\" data-ylk=\"elm:link;elmt:article_link;slk:People;itc:0;sec:content-canvas\" data-yga=\"{&quot;yLinkElement&quot;:&quot;context_link&quot;,&quot;yModuleName&quot;:&quot;content-canvas&quot;,&quot;yLinkText&quot;:&quot;People&quot;}\" class=\"link \"><em>People<\/em><\/a> at the opening of a fitness studio that took a heartfelt turn back in 2015.<\/p>\n<p class=\"mb-4 text-lg md:leading-8 break-words\">\u201cIt\u2019s really that we just got lucky,\u201d he told <a href=\"https:\/\/people.com\/celebrity\/john-krasinski-talks-marriage-to-emily-blunt-and-parenthood-to-daughter-hazel\/\" rel=\"nofollow noopener\" target=\"_blank\" data-ylk=\"elm:link;elmt:article_link;slk:People;itc:0;sec:content-canvas\" data-yga=\"{&quot;yLinkElement&quot;:&quot;context_link&quot;,&quot;yModuleName&quot;:&quot;content-canvas&quot;,&quot;yLinkText&quot;:&quot;People&quot;}\" class=\"link \"><em>People<\/em><\/a> at the time. \u201cIt\u2019s one of those things, I\u2019m having more fun now than the day I met her, and it\u2019s pretty wild. I don\u2019t know the formula to it, but I think she\u2019s hilarious, extremely talented, and I\u2019m definitely her number one fan.\u201d<\/p>\n<p class=\"mb-4 text-lg md:leading-8 break-words\">Krasinski also gushed about Blunt three years later when she graced the cover of <a href=\"https:\/\/www.vanityfair.com\/hollywood\/2018\/01\/emily-blunt-cover-story\" rel=\"nofollow noopener\" target=\"_blank\" data-ylk=\"elm:link;elmt:article_link;slk:Vanity Fair;itc:0;sec:content-canvas\" data-yga=\"{&quot;yLinkElement&quot;:&quot;context_link&quot;,&quot;yModuleName&quot;:&quot;content-canvas&quot;,&quot;yLinkText&quot;:&quot;Vanity Fair&quot;}\" class=\"link \"><em>Vanity Fair<\/em><\/a> during the press run for <em>Mary Poppins Returns<\/em>. &#8220;The air changes in the room when she starts doing what she does,&#8221; he told the publication<em>.<\/em> &#8220;It&#8217;s so honest and so pure and so powerful. It&#8217;s like a superpower that she can just unlock and do so specifically with not many attempts.&#8221;<\/p>\n<p class=\"mb-4 text-lg md:leading-8 break-words\">Read the original article on <a href=\"https:\/\/www.instyle.com\/inside-emily-blunt-john-krasinski-relationship-11968247\" rel=\"nofollow noopener\" target=\"_blank\" data-ylk=\"elm:link;elmt:article_link;slk:InStyle;itc:0;sec:content-canvas\" data-yga=\"{&quot;yLinkElement&quot;:&quot;context_link&quot;,&quot;yModuleName&quot;:&quot;content-canvas&quot;,&quot;yLinkText&quot;:&quot;InStyle&quot;}\" class=\"link \">InStyle<\/a><\/p>\n<\/div>\n<p><script async src=\"\/\/platform.twitter.com\/widgets.js\" charset=\"utf-8\"><\/script><br \/>\n<br \/><br \/>\n<br \/><a href=\"https:\/\/www.yahoo.com\/entertainment\/celebrity\/articles\/emily-blunt-john-krasinskis-relationship-193548796.html\">Source link <\/a><\/p>\n","protected":false},"excerpt":{"rendered":"<p>The Gist Emily Blunt and John Krasinski met in 2008 and married in 2010. They share two daughters named Hazel and Violet, who were born in 2014 and 2016, respectively. They&#8217;ve also collaborated on two films together: A Quiet Place and A Quiet Place Part II. John Krasinski is Emily Blunt&#8216;s &#8220;vital anchor,&#8221; and not [&hellip;]<\/p>\n","protected":false},"author":1,"featured_media":124673,"comment_status":"closed","ping_status":"","sticky":false,"template":"","format":"standard","meta":{"googlesitekit_rrm_CAow2JLhCw:productID":"","_gspb_post_css":"","maa_idioma":"","maa_pais":"","footnotes":""},"categories":[2725],"tags":[14655,13134,8094,8791,6225,33833,4802,9101,27536],"class_list":["post-124672","post","type-post","status-publish","format-standard","has-post-thumbnail","hentry","category-europe","tag-began","tag-blunt","tag-chance","tag-emily","tag-john","tag-krasinskis","tag-meeting","tag-relationship","tag-restaurant"],"blocksy_meta":[],"yoast_head":"<!-- This site is optimized with the Yoast SEO Premium plugin v27.6 (Yoast SEO v27.6) - https:\/\/yoast.com\/product\/yoast-seo-premium-wordpress\/ -->\n<title>All About Emily Blunt and John Krasinski&#039;s Relationship, Which Began With a Chance Meeting in a Restaurant - Ubirat\u00e3 Online Not\u00edcias - A realidade ao seu alcance!<\/title>\n<meta name=\"description\" content=\"The GistEmily Blunt and John Krasinski met in 2008 and married in 2010.They share two daughters named Hazel and Violet, who were born in 2014 and 2016,\" \/>\n<meta name=\"robots\" content=\"index, follow, max-snippet:-1, max-image-preview:large, max-video-preview:-1\" \/>\n<link rel=\"canonical\" href=\"https:\/\/ubirataonline.com.br\/en\/all-about-emily-blunt-and-john-krasinskis-relationship-which-began-with-a-chance-meeting-in-a-restaurant\/\" \/>\n<meta property=\"og:locale\" content=\"en_US\" \/>\n<meta property=\"og:type\" content=\"article\" \/>\n<meta property=\"og:title\" content=\"All About Emily Blunt and John Krasinski&#039;s Relationship, Which Began With a Chance Meeting in a Restaurant\" \/>\n<meta property=\"og:description\" content=\"The GistEmily Blunt and John Krasinski met in 2008 and married in 2010.They share two daughters named Hazel and Violet, who were born in 2014 and 2016,\" \/>\n<meta property=\"og:url\" content=\"https:\/\/ubirataonline.com.br\/en\/all-about-emily-blunt-and-john-krasinskis-relationship-which-began-with-a-chance-meeting-in-a-restaurant\/\" \/>\n<meta property=\"og:site_name\" content=\"Ubirat\u00e3 Online Not\u00edcias - A realidade ao seu alcance!\" \/>\n<meta property=\"article:publisher\" content=\"https:\/\/www.facebook.com\/portalubirataonline\" \/>\n<meta property=\"article:author\" content=\"https:\/\/www.facebook.com\/portalubirataonline\" \/>\n<meta property=\"article:published_time\" content=\"2026-05-09T02:16:16+00:00\" \/>\n<meta property=\"article:modified_time\" content=\"2026-05-09T02:16:18+00:00\" \/>\n<meta property=\"og:image\" content=\"https:\/\/ubirataonline.com.br\/wp-content\/uploads\/2026\/05\/All-About-Emily-Blunt-and-John-Krasinskis-Relationship-Which-Began.jpeg\" \/>\n\t<meta property=\"og:image:width\" content=\"1200\" \/>\n\t<meta property=\"og:image:height\" content=\"960\" \/>\n\t<meta property=\"og:image:type\" content=\"image\/jpeg\" \/>\n<meta name=\"author\" content=\"REDA\u00c7\u00c3O: UBIRAT\u00c3 ONLINE - F\u00c1BIO AUGUSTO CELESTINO\" \/>\n<meta name=\"twitter:card\" content=\"summary_large_image\" \/>\n<meta name=\"twitter:creator\" content=\"@x.com\/ubirataonline\" \/>\n<meta name=\"twitter:site\" content=\"@ubirataonline\" \/>\n<meta name=\"twitter:label1\" content=\"Written by\" \/>\n\t<meta name=\"twitter:data1\" content=\"REDA\u00c7\u00c3O: UBIRAT\u00c3 ONLINE - F\u00c1BIO AUGUSTO CELESTINO\" \/>\n\t<meta name=\"twitter:label2\" content=\"Est. reading time\" \/>\n\t<meta name=\"twitter:data2\" content=\"7 minutes\" \/>\n<script type=\"application\/ld+json\" class=\"yoast-schema-graph\">{\"@context\":\"https:\\\/\\\/schema.org\",\"@graph\":[{\"@type\":\"NewsArticle\",\"@id\":\"https:\\\/\\\/ubirataonline.com.br\\\/all-about-emily-blunt-and-john-krasinskis-relationship-which-began-with-a-chance-meeting-in-a-restaurant\\\/#article\",\"isPartOf\":{\"@id\":\"https:\\\/\\\/ubirataonline.com.br\\\/all-about-emily-blunt-and-john-krasinskis-relationship-which-began-with-a-chance-meeting-in-a-restaurant\\\/\"},\"author\":{\"name\":\"REDA\u00c7\u00c3O: UBIRAT\u00c3 ONLINE - F\u00c1BIO AUGUSTO CELESTINO\",\"@id\":\"https:\\\/\\\/ubirataonline.com.br\\\/#\\\/schema\\\/person\\\/372f87bbd3fdd79b8556b84c98d0bc1c\"},\"headline\":\"All About Emily Blunt and John Krasinski&#8217;s Relationship, Which Began With a Chance Meeting in a Restaurant\",\"datePublished\":\"2026-05-09T02:16:16+00:00\",\"dateModified\":\"2026-05-09T02:16:18+00:00\",\"mainEntityOfPage\":{\"@id\":\"https:\\\/\\\/ubirataonline.com.br\\\/all-about-emily-blunt-and-john-krasinskis-relationship-which-began-with-a-chance-meeting-in-a-restaurant\\\/\"},\"wordCount\":1488,\"publisher\":{\"@id\":\"https:\\\/\\\/ubirataonline.com.br\\\/#organization\"},\"image\":{\"@id\":\"https:\\\/\\\/ubirataonline.com.br\\\/all-about-emily-blunt-and-john-krasinskis-relationship-which-began-with-a-chance-meeting-in-a-restaurant\\\/#primaryimage\"},\"thumbnailUrl\":\"https:\\\/\\\/ubirataonline.com.br\\\/wp-content\\\/uploads\\\/2026\\\/05\\\/All-About-Emily-Blunt-and-John-Krasinskis-Relationship-Which-Began.jpeg\",\"keywords\":[\"began\",\"Blunt\",\"chance\",\"Emily\",\"John\",\"Krasinskis\",\"meeting\",\"relationship\",\"restaurant\"],\"articleSection\":[\"Europe\"],\"inLanguage\":\"en-US\",\"copyrightYear\":\"2026\",\"copyrightHolder\":{\"@id\":\"https:\\\/\\\/ubirataonline.com.br\\\/en\\\/#organization\"}},{\"@type\":\"WebPage\",\"@id\":\"https:\\\/\\\/ubirataonline.com.br\\\/all-about-emily-blunt-and-john-krasinskis-relationship-which-began-with-a-chance-meeting-in-a-restaurant\\\/\",\"url\":\"https:\\\/\\\/ubirataonline.com.br\\\/all-about-emily-blunt-and-john-krasinskis-relationship-which-began-with-a-chance-meeting-in-a-restaurant\\\/\",\"name\":\"All About Emily Blunt and John Krasinski's Relationship, Which Began With a Chance Meeting in a Restaurant - Ubirat\u00e3 Online Not\u00edcias - A realidade ao seu alcance!\",\"isPartOf\":{\"@id\":\"https:\\\/\\\/ubirataonline.com.br\\\/#website\"},\"primaryImageOfPage\":{\"@id\":\"https:\\\/\\\/ubirataonline.com.br\\\/all-about-emily-blunt-and-john-krasinskis-relationship-which-began-with-a-chance-meeting-in-a-restaurant\\\/#primaryimage\"},\"image\":{\"@id\":\"https:\\\/\\\/ubirataonline.com.br\\\/all-about-emily-blunt-and-john-krasinskis-relationship-which-began-with-a-chance-meeting-in-a-restaurant\\\/#primaryimage\"},\"thumbnailUrl\":\"https:\\\/\\\/ubirataonline.com.br\\\/wp-content\\\/uploads\\\/2026\\\/05\\\/All-About-Emily-Blunt-and-John-Krasinskis-Relationship-Which-Began.jpeg\",\"datePublished\":\"2026-05-09T02:16:16+00:00\",\"dateModified\":\"2026-05-09T02:16:18+00:00\",\"description\":\"The GistEmily Blunt and John Krasinski met in 2008 and married in 2010.They share two daughters named Hazel and Violet, who were born in 2014 and 2016,\",\"breadcrumb\":{\"@id\":\"https:\\\/\\\/ubirataonline.com.br\\\/all-about-emily-blunt-and-john-krasinskis-relationship-which-began-with-a-chance-meeting-in-a-restaurant\\\/#breadcrumb\"},\"inLanguage\":\"en-US\",\"potentialAction\":[{\"@type\":\"ReadAction\",\"target\":[\"https:\\\/\\\/ubirataonline.com.br\\\/all-about-emily-blunt-and-john-krasinskis-relationship-which-began-with-a-chance-meeting-in-a-restaurant\\\/\"]}]},{\"@type\":\"ImageObject\",\"inLanguage\":\"en-US\",\"@id\":\"https:\\\/\\\/ubirataonline.com.br\\\/all-about-emily-blunt-and-john-krasinskis-relationship-which-began-with-a-chance-meeting-in-a-restaurant\\\/#primaryimage\",\"url\":\"https:\\\/\\\/ubirataonline.com.br\\\/wp-content\\\/uploads\\\/2026\\\/05\\\/All-About-Emily-Blunt-and-John-Krasinskis-Relationship-Which-Began.jpeg\",\"contentUrl\":\"https:\\\/\\\/ubirataonline.com.br\\\/wp-content\\\/uploads\\\/2026\\\/05\\\/All-About-Emily-Blunt-and-John-Krasinskis-Relationship-Which-Began.jpeg\",\"width\":1200,\"height\":960,\"caption\":\"John Krasinski and Emily Blunt at her Hollywood Walk of Fame ceremony in April 2026. Credit: Getty Images\"},{\"@type\":\"BreadcrumbList\",\"@id\":\"https:\\\/\\\/ubirataonline.com.br\\\/all-about-emily-blunt-and-john-krasinskis-relationship-which-began-with-a-chance-meeting-in-a-restaurant\\\/#breadcrumb\",\"itemListElement\":[{\"@type\":\"ListItem\",\"position\":1,\"name\":\"In\u00edcio\",\"item\":\"https:\\\/\\\/ubirataonline.com.br\\\/\"},{\"@type\":\"ListItem\",\"position\":2,\"name\":\"All About Emily Blunt and John Krasinski&#8217;s Relationship, Which Began With a Chance Meeting in a Restaurant\"}]},{\"@type\":\"WebSite\",\"@id\":\"https:\\\/\\\/ubirataonline.com.br\\\/#website\",\"url\":\"https:\\\/\\\/ubirataonline.com.br\\\/\",\"name\":\"Ubirat\u00e3 Online Not\u00edcias\",\"description\":\"Not\u00edcias de Ubirat\u00e3, regi\u00e3o, Brasil e mundo, com informa\u00e7\u00e3o atualizada e compromisso com o leitor.\",\"publisher\":{\"@id\":\"https:\\\/\\\/ubirataonline.com.br\\\/#organization\"},\"alternateName\":\"Ubirat\u00e3 Online\",\"potentialAction\":[{\"@type\":\"SearchAction\",\"target\":{\"@type\":\"EntryPoint\",\"urlTemplate\":\"https:\\\/\\\/ubirataonline.com.br\\\/?s={search_term_string}\"},\"query-input\":{\"@type\":\"PropertyValueSpecification\",\"valueRequired\":true,\"valueName\":\"search_term_string\"}}],\"inLanguage\":\"en-US\"},{\"@type\":[\"Organization\",\"Place\"],\"@id\":\"https:\\\/\\\/ubirataonline.com.br\\\/#organization\",\"name\":\"Ubirat\u00e3 Online Not\u00edcias\",\"alternateName\":\"Ubirat\u00e3 Online\",\"url\":\"https:\\\/\\\/ubirataonline.com.br\\\/\",\"logo\":{\"@id\":\"https:\\\/\\\/ubirataonline.com.br\\\/all-about-emily-blunt-and-john-krasinskis-relationship-which-began-with-a-chance-meeting-in-a-restaurant\\\/#local-main-organization-logo\"},\"image\":{\"@id\":\"https:\\\/\\\/ubirataonline.com.br\\\/all-about-emily-blunt-and-john-krasinskis-relationship-which-began-with-a-chance-meeting-in-a-restaurant\\\/#local-main-organization-logo\"},\"sameAs\":[\"https:\\\/\\\/www.facebook.com\\\/portalubirataonline\",\"https:\\\/\\\/x.com\\\/ubirataonline\",\"https:\\\/\\\/mastodon.social\\\/@ubirataonline\",\"https:\\\/\\\/www.facebook.com\\\/groups\\\/311144672285604\",\"https:\\\/\\\/www.facebook.com\\\/UBTAOnline\",\"https:\\\/\\\/www.instagram.com\\\/portalubirataonline\\\/\",\"https:\\\/\\\/twitter.com\\\/ubirataonline\"],\"description\":\"Somos um portal de not\u00edcias independente, criado em 5 de janeiro de 2009, com o objetivo de informar, conectar e valorizar a nossa comunidade de Ubirat\u00e3 e toda aregi\u00e3o. Com conte\u00fado atualizado, confi\u00e1vel e relevante, o Ubirat\u00e3 Online \u00e9 o seu espa\u00e7o para ficar por dentro dos principais acontecimentos locais, regionais, Brasil, Mundo e de interesse geral. Nosso compromisso \u00e9 com a verdade, a transpar\u00eancia e o respeito ao leitor.\",\"legalName\":\"UBIRATA ONLINE NOT\u00cdCIAS\",\"foundingDate\":\"2009-01-05\",\"numberOfEmployees\":{\"@type\":\"QuantitativeValue\",\"minValue\":\"1\",\"maxValue\":\"10\"},\"publishingPrinciples\":\"https:\\\/\\\/ubirataonline.com.br\\\/faq\\\/\",\"address\":{\"@id\":\"https:\\\/\\\/ubirataonline.com.br\\\/all-about-emily-blunt-and-john-krasinskis-relationship-which-began-with-a-chance-meeting-in-a-restaurant\\\/#local-main-place-address\"},\"geo\":{\"@type\":\"GeoCoordinates\",\"latitude\":\"-24.5361401\",\"longitude\":\"-52.9921776\"},\"telephone\":[\"+5544998308235\"],\"contactPoint\":{\"@type\":\"ContactPoint\",\"email\":\"contato@ubirataonline.com.br\"},\"openingHoursSpecification\":{\"@type\":\"OpeningHoursSpecification\",\"dayOfWeek\":[\"Monday\",\"Tuesday\",\"Wednesday\",\"Thursday\",\"Friday\",\"Saturday\",\"Sunday\"],\"opens\":\"00:00\",\"closes\":\"23:59\"},\"email\":\"contato@ubirataonline.com.br\",\"vatID\":\"47.621.418\\\/0001-80\"},{\"@type\":\"Person\",\"@id\":\"https:\\\/\\\/ubirataonline.com.br\\\/#\\\/schema\\\/person\\\/372f87bbd3fdd79b8556b84c98d0bc1c\",\"name\":\"REDA\u00c7\u00c3O: UBIRAT\u00c3 ONLINE - F\u00c1BIO AUGUSTO CELESTINO\",\"pronouns\":\"Ele\",\"description\":\"Desde 2003 trabalhando com not\u00edcias.\",\"sameAs\":[\"http:\\\/\\\/ubirataoline.com.br\",\"https:\\\/\\\/www.facebook.com\\\/portalubirataonline\",\"https:\\\/\\\/www.instagram.com\\\/ubirataonline_oficial\",\"https:\\\/\\\/x.com\\\/x.com\\\/ubirataonline\"],\"honorificPrefix\":\"Mr.\",\"honorificSuffix\":\"MD\",\"birthDate\":\"1980-06-16\",\"gender\":\"masculino\",\"award\":[\"V\u00e1rios pr\u00eamios de melhor portal da cidade\"],\"jobTitle\":\"Diretor\",\"url\":\"https:\\\/\\\/ubirataonline.com.br\\\/en\\\/author\\\/ubirataonline\\\/\"},{\"@type\":\"PostalAddress\",\"@id\":\"https:\\\/\\\/ubirataonline.com.br\\\/all-about-emily-blunt-and-john-krasinskis-relationship-which-began-with-a-chance-meeting-in-a-restaurant\\\/#local-main-place-address\",\"streetAddress\":\"Rua dos Coqueiros, 104 - Bairro Boa Vista, Rua dos Coqueiros, 104 Bairro Boa Vista\",\"addressLocality\":\"UBIRATA\",\"postalCode\":\"85440-000\",\"addressRegion\":\"PR\",\"addressCountry\":\"BR\"},{\"@type\":\"ImageObject\",\"inLanguage\":\"en-US\",\"@id\":\"https:\\\/\\\/ubirataonline.com.br\\\/all-about-emily-blunt-and-john-krasinskis-relationship-which-began-with-a-chance-meeting-in-a-restaurant\\\/#local-main-organization-logo\",\"url\":\"https:\\\/\\\/ubirataonline.com.br\\\/wp-content\\\/uploads\\\/2026\\\/06\\\/logoubirataonline-1.webp\",\"contentUrl\":\"https:\\\/\\\/ubirataonline.com.br\\\/wp-content\\\/uploads\\\/2026\\\/06\\\/logoubirataonline-1.webp\",\"width\":500,\"height\":500,\"caption\":\"Ubirat\u00e3 Online Not\u00edcias\"}]}<\/script>\n<meta name=\"geo.placename\" content=\"UBIRATA\" \/>\n<meta name=\"geo.position\" content=\"-24.5361401;-52.9921776\" \/>\n<meta name=\"geo.region\" content=\"Brazil\" \/>\n<!-- \/ Yoast SEO Premium plugin. -->","yoast_head_json":{"title":"All About Emily Blunt and John Krasinski's Relationship, Which Began With a Chance Meeting in a Restaurant - Ubirat\u00e3 Online Not\u00edcias - A realidade ao seu alcance!","description":"The GistEmily Blunt and John Krasinski met in 2008 and married in 2010.They share two daughters named Hazel and Violet, who were born in 2014 and 2016,","robots":{"index":"index","follow":"follow","max-snippet":"max-snippet:-1","max-image-preview":"max-image-preview:large","max-video-preview":"max-video-preview:-1"},"canonical":"https:\/\/ubirataonline.com.br\/en\/all-about-emily-blunt-and-john-krasinskis-relationship-which-began-with-a-chance-meeting-in-a-restaurant\/","og_locale":"en_US","og_type":"article","og_title":"All About Emily Blunt and John Krasinski's Relationship, Which Began With a Chance Meeting in a Restaurant","og_description":"The GistEmily Blunt and John Krasinski met in 2008 and married in 2010.They share two daughters named Hazel and Violet, who were born in 2014 and 2016,","og_url":"https:\/\/ubirataonline.com.br\/en\/all-about-emily-blunt-and-john-krasinskis-relationship-which-began-with-a-chance-meeting-in-a-restaurant\/","og_site_name":"Ubirat\u00e3 Online Not\u00edcias - A realidade ao seu alcance!","article_publisher":"https:\/\/www.facebook.com\/portalubirataonline","article_author":"https:\/\/www.facebook.com\/portalubirataonline","article_published_time":"2026-05-09T02:16:16+00:00","article_modified_time":"2026-05-09T02:16:18+00:00","og_image":[{"width":1200,"height":960,"url":"https:\/\/ubirataonline.com.br\/wp-content\/uploads\/2026\/05\/All-About-Emily-Blunt-and-John-Krasinskis-Relationship-Which-Began.jpeg","type":"image\/jpeg"}],"author":"REDA\u00c7\u00c3O: UBIRAT\u00c3 ONLINE - F\u00c1BIO AUGUSTO CELESTINO","twitter_card":"summary_large_image","twitter_creator":"@x.com\/ubirataonline","twitter_site":"@ubirataonline","twitter_misc":{"Written by":"REDA\u00c7\u00c3O: UBIRAT\u00c3 ONLINE - F\u00c1BIO AUGUSTO CELESTINO","Est. reading time":"7 minutes"},"schema":{"@context":"https:\/\/schema.org","@graph":[{"@type":"NewsArticle","@id":"https:\/\/ubirataonline.com.br\/all-about-emily-blunt-and-john-krasinskis-relationship-which-began-with-a-chance-meeting-in-a-restaurant\/#article","isPartOf":{"@id":"https:\/\/ubirataonline.com.br\/all-about-emily-blunt-and-john-krasinskis-relationship-which-began-with-a-chance-meeting-in-a-restaurant\/"},"author":{"name":"REDA\u00c7\u00c3O: UBIRAT\u00c3 ONLINE - F\u00c1BIO AUGUSTO CELESTINO","@id":"https:\/\/ubirataonline.com.br\/#\/schema\/person\/372f87bbd3fdd79b8556b84c98d0bc1c"},"headline":"All About Emily Blunt and John Krasinski&#8217;s Relationship, Which Began With a Chance Meeting in a Restaurant","datePublished":"2026-05-09T02:16:16+00:00","dateModified":"2026-05-09T02:16:18+00:00","mainEntityOfPage":{"@id":"https:\/\/ubirataonline.com.br\/all-about-emily-blunt-and-john-krasinskis-relationship-which-began-with-a-chance-meeting-in-a-restaurant\/"},"wordCount":1488,"publisher":{"@id":"https:\/\/ubirataonline.com.br\/#organization"},"image":{"@id":"https:\/\/ubirataonline.com.br\/all-about-emily-blunt-and-john-krasinskis-relationship-which-began-with-a-chance-meeting-in-a-restaurant\/#primaryimage"},"thumbnailUrl":"https:\/\/ubirataonline.com.br\/wp-content\/uploads\/2026\/05\/All-About-Emily-Blunt-and-John-Krasinskis-Relationship-Which-Began.jpeg","keywords":["began","Blunt","chance","Emily","John","Krasinskis","meeting","relationship","restaurant"],"articleSection":["Europe"],"inLanguage":"en-US","copyrightYear":"2026","copyrightHolder":{"@id":"https:\/\/ubirataonline.com.br\/en\/#organization"}},{"@type":"WebPage","@id":"https:\/\/ubirataonline.com.br\/all-about-emily-blunt-and-john-krasinskis-relationship-which-began-with-a-chance-meeting-in-a-restaurant\/","url":"https:\/\/ubirataonline.com.br\/all-about-emily-blunt-and-john-krasinskis-relationship-which-began-with-a-chance-meeting-in-a-restaurant\/","name":"All About Emily Blunt and John Krasinski's Relationship, Which Began With a Chance Meeting in a Restaurant - Ubirat\u00e3 Online Not\u00edcias - A realidade ao seu alcance!","isPartOf":{"@id":"https:\/\/ubirataonline.com.br\/#website"},"primaryImageOfPage":{"@id":"https:\/\/ubirataonline.com.br\/all-about-emily-blunt-and-john-krasinskis-relationship-which-began-with-a-chance-meeting-in-a-restaurant\/#primaryimage"},"image":{"@id":"https:\/\/ubirataonline.com.br\/all-about-emily-blunt-and-john-krasinskis-relationship-which-began-with-a-chance-meeting-in-a-restaurant\/#primaryimage"},"thumbnailUrl":"https:\/\/ubirataonline.com.br\/wp-content\/uploads\/2026\/05\/All-About-Emily-Blunt-and-John-Krasinskis-Relationship-Which-Began.jpeg","datePublished":"2026-05-09T02:16:16+00:00","dateModified":"2026-05-09T02:16:18+00:00","description":"The GistEmily Blunt and John Krasinski met in 2008 and married in 2010.They share two daughters named Hazel and Violet, who were born in 2014 and 2016,","breadcrumb":{"@id":"https:\/\/ubirataonline.com.br\/all-about-emily-blunt-and-john-krasinskis-relationship-which-began-with-a-chance-meeting-in-a-restaurant\/#breadcrumb"},"inLanguage":"en-US","potentialAction":[{"@type":"ReadAction","target":["https:\/\/ubirataonline.com.br\/all-about-emily-blunt-and-john-krasinskis-relationship-which-began-with-a-chance-meeting-in-a-restaurant\/"]}]},{"@type":"ImageObject","inLanguage":"en-US","@id":"https:\/\/ubirataonline.com.br\/all-about-emily-blunt-and-john-krasinskis-relationship-which-began-with-a-chance-meeting-in-a-restaurant\/#primaryimage","url":"https:\/\/ubirataonline.com.br\/wp-content\/uploads\/2026\/05\/All-About-Emily-Blunt-and-John-Krasinskis-Relationship-Which-Began.jpeg","contentUrl":"https:\/\/ubirataonline.com.br\/wp-content\/uploads\/2026\/05\/All-About-Emily-Blunt-and-John-Krasinskis-Relationship-Which-Began.jpeg","width":1200,"height":960,"caption":"John Krasinski and Emily Blunt at her Hollywood Walk of Fame ceremony in April 2026. Credit: Getty Images"},{"@type":"BreadcrumbList","@id":"https:\/\/ubirataonline.com.br\/all-about-emily-blunt-and-john-krasinskis-relationship-which-began-with-a-chance-meeting-in-a-restaurant\/#breadcrumb","itemListElement":[{"@type":"ListItem","position":1,"name":"In\u00edcio","item":"https:\/\/ubirataonline.com.br\/"},{"@type":"ListItem","position":2,"name":"All About Emily Blunt and John Krasinski&#8217;s Relationship, Which Began With a Chance Meeting in a Restaurant"}]},{"@type":"WebSite","@id":"https:\/\/ubirataonline.com.br\/#website","url":"https:\/\/ubirataonline.com.br\/","name":"Ubirat\u00e3 Online Not\u00edcias","description":"Not\u00edcias de Ubirat\u00e3, regi\u00e3o, Brasil e mundo, com informa\u00e7\u00e3o atualizada e compromisso com o leitor.","publisher":{"@id":"https:\/\/ubirataonline.com.br\/#organization"},"alternateName":"Ubirat\u00e3 Online","potentialAction":[{"@type":"SearchAction","target":{"@type":"EntryPoint","urlTemplate":"https:\/\/ubirataonline.com.br\/?s={search_term_string}"},"query-input":{"@type":"PropertyValueSpecification","valueRequired":true,"valueName":"search_term_string"}}],"inLanguage":"en-US"},{"@type":["Organization","Place"],"@id":"https:\/\/ubirataonline.com.br\/#organization","name":"Ubirat\u00e3 Online Not\u00edcias","alternateName":"Ubirat\u00e3 Online","url":"https:\/\/ubirataonline.com.br\/","logo":{"@id":"https:\/\/ubirataonline.com.br\/all-about-emily-blunt-and-john-krasinskis-relationship-which-began-with-a-chance-meeting-in-a-restaurant\/#local-main-organization-logo"},"image":{"@id":"https:\/\/ubirataonline.com.br\/all-about-emily-blunt-and-john-krasinskis-relationship-which-began-with-a-chance-meeting-in-a-restaurant\/#local-main-organization-logo"},"sameAs":["https:\/\/www.facebook.com\/portalubirataonline","https:\/\/x.com\/ubirataonline","https:\/\/mastodon.social\/@ubirataonline","https:\/\/www.facebook.com\/groups\/311144672285604","https:\/\/www.facebook.com\/UBTAOnline","https:\/\/www.instagram.com\/portalubirataonline\/","https:\/\/twitter.com\/ubirataonline"],"description":"Somos um portal de not\u00edcias independente, criado em 5 de janeiro de 2009, com o objetivo de informar, conectar e valorizar a nossa comunidade de Ubirat\u00e3 e toda aregi\u00e3o. Com conte\u00fado atualizado, confi\u00e1vel e relevante, o Ubirat\u00e3 Online \u00e9 o seu espa\u00e7o para ficar por dentro dos principais acontecimentos locais, regionais, Brasil, Mundo e de interesse geral. Nosso compromisso \u00e9 com a verdade, a transpar\u00eancia e o respeito ao leitor.","legalName":"UBIRATA ONLINE NOT\u00cdCIAS","foundingDate":"2009-01-05","numberOfEmployees":{"@type":"QuantitativeValue","minValue":"1","maxValue":"10"},"publishingPrinciples":"https:\/\/ubirataonline.com.br\/faq\/","address":{"@id":"https:\/\/ubirataonline.com.br\/all-about-emily-blunt-and-john-krasinskis-relationship-which-began-with-a-chance-meeting-in-a-restaurant\/#local-main-place-address"},"geo":{"@type":"GeoCoordinates","latitude":"-24.5361401","longitude":"-52.9921776"},"telephone":["+5544998308235"],"contactPoint":{"@type":"ContactPoint","email":"contato@ubirataonline.com.br"},"openingHoursSpecification":{"@type":"OpeningHoursSpecification","dayOfWeek":["Monday","Tuesday","Wednesday","Thursday","Friday","Saturday","Sunday"],"opens":"00:00","closes":"23:59"},"email":"contato@ubirataonline.com.br","vatID":"47.621.418\/0001-80"},{"@type":"Person","@id":"https:\/\/ubirataonline.com.br\/#\/schema\/person\/372f87bbd3fdd79b8556b84c98d0bc1c","name":"REDA\u00c7\u00c3O: UBIRAT\u00c3 ONLINE - F\u00c1BIO AUGUSTO CELESTINO","pronouns":"Ele","description":"Desde 2003 trabalhando com not\u00edcias.","sameAs":["http:\/\/ubirataoline.com.br","https:\/\/www.facebook.com\/portalubirataonline","https:\/\/www.instagram.com\/ubirataonline_oficial","https:\/\/x.com\/x.com\/ubirataonline"],"honorificPrefix":"Mr.","honorificSuffix":"MD","birthDate":"1980-06-16","gender":"masculino","award":["V\u00e1rios pr\u00eamios de melhor portal da cidade"],"jobTitle":"Diretor","url":"https:\/\/ubirataonline.com.br\/en\/author\/ubirataonline\/"},{"@type":"PostalAddress","@id":"https:\/\/ubirataonline.com.br\/all-about-emily-blunt-and-john-krasinskis-relationship-which-began-with-a-chance-meeting-in-a-restaurant\/#local-main-place-address","streetAddress":"Rua dos Coqueiros, 104 - Bairro Boa Vista, Rua dos Coqueiros, 104 Bairro Boa Vista","addressLocality":"UBIRATA","postalCode":"85440-000","addressRegion":"PR","addressCountry":"BR"},{"@type":"ImageObject","inLanguage":"en-US","@id":"https:\/\/ubirataonline.com.br\/all-about-emily-blunt-and-john-krasinskis-relationship-which-began-with-a-chance-meeting-in-a-restaurant\/#local-main-organization-logo","url":"https:\/\/ubirataonline.com.br\/wp-content\/uploads\/2026\/06\/logoubirataonline-1.webp","contentUrl":"https:\/\/ubirataonline.com.br\/wp-content\/uploads\/2026\/06\/logoubirataonline-1.webp","width":500,"height":500,"caption":"Ubirat\u00e3 Online Not\u00edcias"}]},"geo.placename":"UBIRATA","geo.position":{"lat":"-24.5361401","long":"-52.9921776"},"geo.region":"Brazil"},"_links":{"self":[{"href":"https:\/\/ubirataonline.com.br\/en\/wp-json\/wp\/v2\/posts\/124672","targetHints":{"allow":["GET"]}}],"collection":[{"href":"https:\/\/ubirataonline.com.br\/en\/wp-json\/wp\/v2\/posts"}],"about":[{"href":"https:\/\/ubirataonline.com.br\/en\/wp-json\/wp\/v2\/types\/post"}],"author":[{"embeddable":true,"href":"https:\/\/ubirataonline.com.br\/en\/wp-json\/wp\/v2\/users\/1"}],"replies":[{"embeddable":true,"href":"https:\/\/ubirataonline.com.br\/en\/wp-json\/wp\/v2\/comments?post=124672"}],"version-history":[{"count":0,"href":"https:\/\/ubirataonline.com.br\/en\/wp-json\/wp\/v2\/posts\/124672\/revisions"}],"wp:featuredmedia":[{"embeddable":true,"href":"https:\/\/ubirataonline.com.br\/en\/wp-json\/wp\/v2\/media\/124673"}],"wp:attachment":[{"href":"https:\/\/ubirataonline.com.br\/en\/wp-json\/wp\/v2\/media?parent=124672"}],"wp:term":[{"taxonomy":"category","embeddable":true,"href":"https:\/\/ubirataonline.com.br\/en\/wp-json\/wp\/v2\/categories?post=124672"},{"taxonomy":"post_tag","embeddable":true,"href":"https:\/\/ubirataonline.com.br\/en\/wp-json\/wp\/v2\/tags?post=124672"}],"curies":[{"name":"wp","href":"https:\/\/api.w.org\/{rel}","templated":true}]}}