{"id":124675,"date":"2026-05-08T23:20:17","date_gmt":"2026-05-09T02:20:17","guid":{"rendered":"https:\/\/ubirataonline.com.br\/jusquau-dernier-moment-de-sa-vie-paul-belmondo-se-confie-sur-la-belle-relation-que-son-pere-jean-paul-belmondo-entretenait-avec-alain-delon\/"},"modified":"2026-05-08T23:20:21","modified_gmt":"2026-05-09T02:20:21","slug":"jusquau-dernier-moment-de-sa-vie-paul-belmondo-se-confie-sur-la-belle-relation-que-son-pere-jean-paul-belmondo-entretenait-avec-alain-delon","status":"publish","type":"post","link":"https:\/\/ubirataonline.com.br\/en\/jusquau-dernier-moment-de-sa-vie-paul-belmondo-se-confie-sur-la-belle-relation-que-son-pere-jean-paul-belmondo-entretenait-avec-alain-delon\/","title":{"rendered":"&#8220;Jusqu&#8217;au dernier moment de sa vie&#8221; : Paul Belmondo se confie sur la belle relation que son p\u00e8re Jean-Paul Belmondo entretenait avec Alain Delon"},"content":{"rendered":"<p><br \/>\n<\/p>\n<div data-article-body=\"true\">\n<p class=\"mb-4 text-lg md:leading-8 break-words\">Une relation entre deux monstres du cin\u00e9ma fran\u00e7ais qui a toujours fascin\u00e9. Alain Delon et Jean-Paul Belmondo avaient presque fait leurs d\u00e9buts sur grand \u00e9cran ensemble dans <em>Sois belle et tais-toi<\/em> (1958) de Marc All\u00e9gret o\u00f9 ils n&#8217;avaient que des seconds r\u00f4les. Apr\u00e8s leurs r\u00e9v\u00e9lations respectives en 1960 dans <em>\u00c0 bout de souffle <\/em>de Jean-Luc Godard pour l&#8217;un et dans <em>Plein Soleil <\/em>de Ren\u00e9 Cl\u00e9ment pour l&#8217;autre, les deux acteurs deviennent incontournables. Souvent oppos\u00e9s au box-office ou dans la presse, <a href=\"https:\/\/www.femmeactuelle.fr\/actu\/news-actu\/il-etait-une-part-de-moi-alain-delon-aneanti-par-la-disparition-de-jean-paul-belmondo-2130735\" rel=\"nofollow noopener\" target=\"_blank\" data-ylk=\"elm:link;elmt:article_link;slk:ils se sont pourtant toujours dits amis;itc:0;sec:content-canvas\" data-yga=\"{&quot;yLinkElement&quot;:&quot;context_link&quot;,&quot;yModuleName&quot;:&quot;content-canvas&quot;,&quot;yLinkText&quot;:&quot;ils se sont pourtant toujours dits amis&quot;}\" class=\"link\">ils se sont pourtant toujours dits amis<\/a>.<\/p>\n<p class=\"mb-4 text-lg md:leading-8 break-words\">Une amiti\u00e9 que cultivent \u00e9galement leurs fils, Paul Belmondo, 63 ans, et Anthony Delon, 61 ans, <a href=\"https:\/\/fr.style.yahoo.com\/aurait-pu-exploser-anthony-delon-091610030.html\" data-ylk=\"elm:link;elmt:article_link;slk:qui se connaissent depuis toujours;itc:0;sec:content-canvas;outcm:mb_qualified_link;_E:mb_qualified_link;ct:story;\" data-yga=\"{&quot;yLinkElement&quot;:&quot;context_link&quot;,&quot;yModuleName&quot;:&quot;content-canvas&quot;,&quot;yLinkText&quot;:&quot;qui se connaissent depuis toujours&quot;}\" class=\"link  yahoo-link\">qui se connaissent depuis toujours<\/a>. Invit\u00e9 de <em>T\u00e9l\u00e9matin<\/em> sur France 2 pour parler de son r\u00f4le dans la pi\u00e8ce<em> Le Complexe des ins\u00e9parables <\/em>de Simon Diken, actuellement \u00e0 l&#8217;Apollo Th\u00e9\u00e2tre de Paris, le fils de Jean-Paul Belmondo a d&#8217;ailleurs re\u00e7u un message de celui d&#8217;Alain Delon. Le com\u00e9dien a invit\u00e9 son homologue \u00e0 se retrouver dans les coulisses d&#8217;un film ou dans son domicile familial \u00e0 Douchy. <em>&#8220;Je l&#8217;aime beaucoup Anthony, on est amis depuis tr\u00e8s tr\u00e8s longtemps&#8221;<\/em>, conc\u00e8de Paul Belmondo \u00e0 Damien Th\u00e9venot.<\/p>\n<h2 class=\"mb-4 text-xl font-bold md:text-2xl\"><em>&#8220;Ils se respectaient beaucoup&#8221; <\/em>: Paul Belmondo revient sur le d\u00e9saccord entre son p\u00e8re et Alain Delon sur le tournage de <em>Borsalino<\/em><\/h2>\n<p class=\"mb-4 text-lg md:leading-8 break-words\">Une amiti\u00e9 qui est <em>&#8220;un peu comme celle que mon p\u00e8re avait avec son p\u00e8re&#8221;<\/em>, assure le com\u00e9dien. <em>&#8220;On ne se voit pas souvent, mais on prend des nouvelles. Et quand on se voit, on a beaucoup de plaisir \u00e0 se rencontrer&#8221;<\/em>, d\u00e9taille l&#8217;ancien coureur automobile. Il confie que la relation entre son p\u00e8re et Alain Delon est n\u00e9e dans le quartier Saint-Germain-des-Pr\u00e9s \u00e0 Paris, qu&#8217;ils fr\u00e9quentaient tous deux en d\u00e9but de carri\u00e8re. <em>&#8220;Ils faisaient les m\u00eames castings, donc ils se voyaient. <\/em><em><strong>Ils \u00e9taient amis<\/strong><\/em><em>&#8220;, <\/em>affirme-t-il.<\/p>\n<p class=\"mb-4 text-lg md:leading-8 break-words\">Le fils de Jean-Paul Belmondo \u00e9voque <a href=\"https:\/\/www.femmeactuelle.fr\/actu\/news-actu\/alain-delon-et-jean-paul-belmondo-les-incroyables-anecdotes-de-nicole-calfan-sur-le-tournage-de-borsalino-2126511\" rel=\"nofollow noopener\" target=\"_blank\" data-ylk=\"elm:link;elmt:article_link;slk:une &quot;friction&quot; sur le tournage de Borsalino (1970);itc:0;sec:content-canvas\" data-yga=\"{&quot;yLinkElement&quot;:&quot;context_link&quot;,&quot;yModuleName&quot;:&quot;content-canvas&quot;,&quot;yLinkText&quot;:&quot;une &quot;friction&quot; sur le tournage de Borsalino (1970)&quot;}\" class=\"link\">une <em>&#8220;friction&#8221;<\/em> sur le tournage de <em>Borsalino <\/em>(1970)<\/a>, o\u00f9 ils se partageaient l&#8217;affiche, qui n&#8217;a visiblement pas dur\u00e9 longtemps. <em>&#8220;Alain a toujours \u00e9t\u00e9 l\u00e0. <\/em><em><strong>Il est venu jusqu&#8217;au dernier moment de la vie de mon p\u00e8re<\/strong><\/em><em> (&#8230;) Ils s&#8217;aimaient beaucoup, ils se respectaient beaucoup&#8221;<\/em>, conclut-il.<\/p>\n<p class=\"mb-4 text-lg md:leading-8 break-words\"><strong>Ce qu&#8217;il faut retenir :<\/strong><\/p>\n<ul class=\"mb-4\">\n<li class=\"ml-4 list-disc\">\n<div class=\"\">\n<p class=\"mb-4 text-lg md:leading-8 break-words\">Paul Belmondo a re\u00e7u un message d&#8217;Anthony Delon lors de son passage dans <em>T\u00e9l\u00e9matin<\/em>. Amis depuis l&#8217;enfance, ils entretiennent une relation h\u00e9rit\u00e9e de leurs c\u00e9l\u00e8bres p\u00e8res.<\/p>\n<\/div>\n<\/li>\n<li class=\"ml-4 list-disc\">\n<div class=\"\">\n<p class=\"mb-4 text-lg md:leading-8 break-words\">Sur le plateau de France 2, le com\u00e9dien compare leur lien \u00e0 celui qu&#8217;avaient Alain Delon et Jean-Paul Belmondo.<\/p>\n<\/div>\n<\/li>\n<li class=\"ml-4 list-disc\">\n<div class=\"\">\n<p class=\"mb-4 text-lg md:leading-8 break-words\">Il revient aussi sur la <em>&#8220;friction&#8221;<\/em> entre les deux stars pendant le tournage de <em>Borsalino<\/em>. Malgr\u00e9 ce d\u00e9saccord, leur amiti\u00e9 est rest\u00e9e intacte jusqu&#8217;\u00e0 la fin de la vie de Jean-Paul Belmondo.<\/p>\n<\/div>\n<\/li>\n<\/ul>\n<p class=\"mb-4 text-lg md:leading-8 break-words\"><a href=\"https:\/\/www.femmeactuelle.fr\/actu\/news-actu\/il-est-venu-jusqu-au-dernier-moment-de-sa-vie-paul-belmondo-se-confie-sur-la-relation-entre-son-pere-et-alain-delon-2207224\" rel=\"nofollow noopener\" target=\"_blank\" data-ylk=\"elm:link;elmt:article_link;slk:Lire l'article sur le site de Femme Actuelle;itc:0;sec:content-canvas\" data-yga=\"{&quot;yLinkElement&quot;:&quot;context_link&quot;,&quot;yModuleName&quot;:&quot;content-canvas&quot;,&quot;yLinkText&quot;:&quot;Lire l'article sur le site de Femme Actuelle&quot;}\" class=\"link\">Lire l&#8217;article sur le site de Femme Actuelle<\/a><\/p>\n<\/div>\n<p><br \/>\n<br \/><a href=\"https:\/\/fr.style.yahoo.com\/venu-jusquau-dernier-moment-vie-095921470.html\">Source link <\/a><\/p>","protected":false},"excerpt":{"rendered":"<p>Une relation entre deux monstres du cin\u00e9ma fran\u00e7ais qui a toujours fascin\u00e9. Alain Delon et Jean-Paul Belmondo avaient presque fait leurs d\u00e9buts sur grand \u00e9cran ensemble dans Sois belle et tais-toi (1958) de Marc All\u00e9gret o\u00f9 ils n&#8217;avaient que des seconds r\u00f4les. Apr\u00e8s leurs r\u00e9v\u00e9lations respectives en 1960 dans \u00c0 bout de souffle de Jean-Luc [&hellip;]<\/p>\n","protected":false},"author":1,"featured_media":124676,"comment_status":"closed","ping_status":"","sticky":false,"template":"","format":"standard","meta":{"googlesitekit_rrm_CAow2JLhCw:productID":"","_gspb_post_css":"","maa_idioma":"","maa_pais":"","footnotes":""},"categories":[1],"tags":[34102,8126,34097,34095,34096,34103,34094,34101,34100,34093,6672,3160,34099,34098,5296,9023,22168],"class_list":["post-124675","post","type-post","status-publish","format-standard","has-post-thumbnail","hentry","category-ubirata","tag-alain","tag-avec","tag-belle","tag-belmondo","tag-confie","tag-delon","tag-dernier","tag-entretenait","tag-jeanpaul","tag-jusquau","tag-moment","tag-paul","tag-pere","tag-relation","tag-son","tag-sur","tag-vie"],"blocksy_meta":[],"yoast_head":"<!-- This site is optimized with the Yoast SEO Premium plugin v27.6 (Yoast SEO v27.6) - https:\/\/yoast.com\/product\/yoast-seo-premium-wordpress\/ -->\n<title>&quot;Jusqu&#039;au dernier moment de sa vie&quot; : Paul Belmondo se confie sur la belle relation que son p\u00e8re Jean-Paul Belmondo entretenait avec Alain Delon - Ubirat\u00e3 Online Not\u00edcias - A realidade ao seu alcance!<\/title>\n<meta name=\"description\" content=\"Une relation entre deux monstres du cin\u00e9ma fran\u00e7ais qui a toujours fascin\u00e9. Alain Delon et Jean-Paul Belmondo avaient presque fait leurs d\u00e9buts sur grand\" \/>\n<meta name=\"robots\" content=\"index, follow, max-snippet:-1, max-image-preview:large, max-video-preview:-1\" \/>\n<link rel=\"canonical\" href=\"https:\/\/ubirataonline.com.br\/en\/jusquau-dernier-moment-de-sa-vie-paul-belmondo-se-confie-sur-la-belle-relation-que-son-pere-jean-paul-belmondo-entretenait-avec-alain-delon\/\" \/>\n<meta property=\"og:locale\" content=\"en_US\" \/>\n<meta property=\"og:type\" content=\"article\" \/>\n<meta property=\"og:title\" content=\"&quot;Jusqu&#039;au dernier moment de sa vie&quot; : Paul Belmondo se confie sur la belle relation que son p\u00e8re Jean-Paul Belmondo entretenait avec Alain Delon\" \/>\n<meta property=\"og:description\" content=\"Une relation entre deux monstres du cin\u00e9ma fran\u00e7ais qui a toujours fascin\u00e9. Alain Delon et Jean-Paul Belmondo avaient presque fait leurs d\u00e9buts sur grand\" \/>\n<meta property=\"og:url\" content=\"https:\/\/ubirataonline.com.br\/en\/jusquau-dernier-moment-de-sa-vie-paul-belmondo-se-confie-sur-la-belle-relation-que-son-pere-jean-paul-belmondo-entretenait-avec-alain-delon\/\" \/>\n<meta property=\"og:site_name\" content=\"Ubirat\u00e3 Online Not\u00edcias - A realidade ao seu alcance!\" \/>\n<meta property=\"article:publisher\" content=\"https:\/\/www.facebook.com\/portalubirataonline\" \/>\n<meta property=\"article:author\" content=\"https:\/\/www.facebook.com\/portalubirataonline\" \/>\n<meta property=\"article:published_time\" content=\"2026-05-09T02:20:17+00:00\" \/>\n<meta property=\"article:modified_time\" content=\"2026-05-09T02:20:21+00:00\" \/>\n<meta property=\"og:image\" content=\"https:\/\/ubirataonline.com.br\/wp-content\/uploads\/2026\/05\/Jusquau-dernier-moment-de-sa-vie-Paul-Belmondo-se.jpeg\" \/>\n\t<meta property=\"og:image:width\" content=\"1200\" \/>\n\t<meta property=\"og:image:height\" content=\"900\" \/>\n\t<meta property=\"og:image:type\" content=\"image\/jpeg\" \/>\n<meta name=\"author\" content=\"REDA\u00c7\u00c3O: UBIRAT\u00c3 ONLINE - F\u00c1BIO AUGUSTO CELESTINO\" \/>\n<meta name=\"twitter:card\" content=\"summary_large_image\" \/>\n<meta name=\"twitter:creator\" content=\"@x.com\/ubirataonline\" \/>\n<meta name=\"twitter:site\" content=\"@ubirataonline\" \/>\n<meta name=\"twitter:label1\" content=\"Written by\" \/>\n\t<meta name=\"twitter:data1\" content=\"REDA\u00c7\u00c3O: UBIRAT\u00c3 ONLINE - F\u00c1BIO AUGUSTO CELESTINO\" \/>\n\t<meta name=\"twitter:label2\" content=\"Est. reading time\" \/>\n\t<meta name=\"twitter:data2\" content=\"2 minutes\" \/>\n<script type=\"application\/ld+json\" class=\"yoast-schema-graph\">{\"@context\":\"https:\\\/\\\/schema.org\",\"@graph\":[{\"@type\":\"NewsArticle\",\"@id\":\"https:\\\/\\\/ubirataonline.com.br\\\/jusquau-dernier-moment-de-sa-vie-paul-belmondo-se-confie-sur-la-belle-relation-que-son-pere-jean-paul-belmondo-entretenait-avec-alain-delon\\\/#article\",\"isPartOf\":{\"@id\":\"https:\\\/\\\/ubirataonline.com.br\\\/jusquau-dernier-moment-de-sa-vie-paul-belmondo-se-confie-sur-la-belle-relation-que-son-pere-jean-paul-belmondo-entretenait-avec-alain-delon\\\/\"},\"author\":{\"name\":\"REDA\u00c7\u00c3O: UBIRAT\u00c3 ONLINE - F\u00c1BIO AUGUSTO CELESTINO\",\"@id\":\"https:\\\/\\\/ubirataonline.com.br\\\/#\\\/schema\\\/person\\\/372f87bbd3fdd79b8556b84c98d0bc1c\"},\"headline\":\"&#8220;Jusqu&#8217;au dernier moment de sa vie&#8221; : Paul Belmondo se confie sur la belle relation que son p\u00e8re Jean-Paul Belmondo entretenait avec Alain Delon\",\"datePublished\":\"2026-05-09T02:20:17+00:00\",\"dateModified\":\"2026-05-09T02:20:21+00:00\",\"mainEntityOfPage\":{\"@id\":\"https:\\\/\\\/ubirataonline.com.br\\\/jusquau-dernier-moment-de-sa-vie-paul-belmondo-se-confie-sur-la-belle-relation-que-son-pere-jean-paul-belmondo-entretenait-avec-alain-delon\\\/\"},\"wordCount\":513,\"publisher\":{\"@id\":\"https:\\\/\\\/ubirataonline.com.br\\\/#organization\"},\"image\":{\"@id\":\"https:\\\/\\\/ubirataonline.com.br\\\/jusquau-dernier-moment-de-sa-vie-paul-belmondo-se-confie-sur-la-belle-relation-que-son-pere-jean-paul-belmondo-entretenait-avec-alain-delon\\\/#primaryimage\"},\"thumbnailUrl\":\"https:\\\/\\\/ubirataonline.com.br\\\/wp-content\\\/uploads\\\/2026\\\/05\\\/Jusquau-dernier-moment-de-sa-vie-Paul-Belmondo-se.jpeg\",\"keywords\":[\"Alain\",\"avec\",\"belle\",\"Belmondo\",\"confie\",\"Delon\",\"dernier\",\"entretenait\",\"JeanPaul\",\"Jusquau\",\"moment\",\"Paul\",\"p\u00e8re\",\"relation\",\"Son\",\"sur\",\"vie\"],\"articleSection\":[\"Ubirat\u00e3\"],\"inLanguage\":\"en-US\",\"copyrightYear\":\"2026\",\"copyrightHolder\":{\"@id\":\"https:\\\/\\\/ubirataonline.com.br\\\/en\\\/#organization\"}},{\"@type\":\"WebPage\",\"@id\":\"https:\\\/\\\/ubirataonline.com.br\\\/jusquau-dernier-moment-de-sa-vie-paul-belmondo-se-confie-sur-la-belle-relation-que-son-pere-jean-paul-belmondo-entretenait-avec-alain-delon\\\/\",\"url\":\"https:\\\/\\\/ubirataonline.com.br\\\/jusquau-dernier-moment-de-sa-vie-paul-belmondo-se-confie-sur-la-belle-relation-que-son-pere-jean-paul-belmondo-entretenait-avec-alain-delon\\\/\",\"name\":\"\\\"Jusqu'au dernier moment de sa vie\\\" : Paul Belmondo se confie sur la belle relation que son p\u00e8re Jean-Paul Belmondo entretenait avec Alain Delon - Ubirat\u00e3 Online Not\u00edcias - A realidade ao seu alcance!\",\"isPartOf\":{\"@id\":\"https:\\\/\\\/ubirataonline.com.br\\\/#website\"},\"primaryImageOfPage\":{\"@id\":\"https:\\\/\\\/ubirataonline.com.br\\\/jusquau-dernier-moment-de-sa-vie-paul-belmondo-se-confie-sur-la-belle-relation-que-son-pere-jean-paul-belmondo-entretenait-avec-alain-delon\\\/#primaryimage\"},\"image\":{\"@id\":\"https:\\\/\\\/ubirataonline.com.br\\\/jusquau-dernier-moment-de-sa-vie-paul-belmondo-se-confie-sur-la-belle-relation-que-son-pere-jean-paul-belmondo-entretenait-avec-alain-delon\\\/#primaryimage\"},\"thumbnailUrl\":\"https:\\\/\\\/ubirataonline.com.br\\\/wp-content\\\/uploads\\\/2026\\\/05\\\/Jusquau-dernier-moment-de-sa-vie-Paul-Belmondo-se.jpeg\",\"datePublished\":\"2026-05-09T02:20:17+00:00\",\"dateModified\":\"2026-05-09T02:20:21+00:00\",\"description\":\"Une relation entre deux monstres du cin\u00e9ma fran\u00e7ais qui a toujours fascin\u00e9. Alain Delon et Jean-Paul Belmondo avaient presque fait leurs d\u00e9buts sur grand\",\"breadcrumb\":{\"@id\":\"https:\\\/\\\/ubirataonline.com.br\\\/jusquau-dernier-moment-de-sa-vie-paul-belmondo-se-confie-sur-la-belle-relation-que-son-pere-jean-paul-belmondo-entretenait-avec-alain-delon\\\/#breadcrumb\"},\"inLanguage\":\"en-US\",\"potentialAction\":[{\"@type\":\"ReadAction\",\"target\":[\"https:\\\/\\\/ubirataonline.com.br\\\/jusquau-dernier-moment-de-sa-vie-paul-belmondo-se-confie-sur-la-belle-relation-que-son-pere-jean-paul-belmondo-entretenait-avec-alain-delon\\\/\"]}]},{\"@type\":\"ImageObject\",\"inLanguage\":\"en-US\",\"@id\":\"https:\\\/\\\/ubirataonline.com.br\\\/jusquau-dernier-moment-de-sa-vie-paul-belmondo-se-confie-sur-la-belle-relation-que-son-pere-jean-paul-belmondo-entretenait-avec-alain-delon\\\/#primaryimage\",\"url\":\"https:\\\/\\\/ubirataonline.com.br\\\/wp-content\\\/uploads\\\/2026\\\/05\\\/Jusquau-dernier-moment-de-sa-vie-Paul-Belmondo-se.jpeg\",\"contentUrl\":\"https:\\\/\\\/ubirataonline.com.br\\\/wp-content\\\/uploads\\\/2026\\\/05\\\/Jusquau-dernier-moment-de-sa-vie-Paul-Belmondo-se.jpeg\",\"width\":1200,\"height\":900,\"caption\":\"Alain Delon et Jean-Paul Belmondo en 2017 (COADIC GUIREC \\\/ BESTIMAGE)\"},{\"@type\":\"BreadcrumbList\",\"@id\":\"https:\\\/\\\/ubirataonline.com.br\\\/jusquau-dernier-moment-de-sa-vie-paul-belmondo-se-confie-sur-la-belle-relation-que-son-pere-jean-paul-belmondo-entretenait-avec-alain-delon\\\/#breadcrumb\",\"itemListElement\":[{\"@type\":\"ListItem\",\"position\":1,\"name\":\"In\u00edcio\",\"item\":\"https:\\\/\\\/ubirataonline.com.br\\\/\"},{\"@type\":\"ListItem\",\"position\":2,\"name\":\"&#8220;Jusqu&#8217;au dernier moment de sa vie&#8221; : Paul Belmondo se confie sur la belle relation que son p\u00e8re Jean-Paul Belmondo entretenait avec Alain Delon\"}]},{\"@type\":\"WebSite\",\"@id\":\"https:\\\/\\\/ubirataonline.com.br\\\/#website\",\"url\":\"https:\\\/\\\/ubirataonline.com.br\\\/\",\"name\":\"Ubirat\u00e3 Online Not\u00edcias\",\"description\":\"Not\u00edcias de Ubirat\u00e3, regi\u00e3o, Brasil e mundo, com informa\u00e7\u00e3o atualizada e compromisso com o leitor.\",\"publisher\":{\"@id\":\"https:\\\/\\\/ubirataonline.com.br\\\/#organization\"},\"alternateName\":\"Ubirat\u00e3 Online\",\"potentialAction\":[{\"@type\":\"SearchAction\",\"target\":{\"@type\":\"EntryPoint\",\"urlTemplate\":\"https:\\\/\\\/ubirataonline.com.br\\\/?s={search_term_string}\"},\"query-input\":{\"@type\":\"PropertyValueSpecification\",\"valueRequired\":true,\"valueName\":\"search_term_string\"}}],\"inLanguage\":\"en-US\"},{\"@type\":[\"Organization\",\"Place\"],\"@id\":\"https:\\\/\\\/ubirataonline.com.br\\\/#organization\",\"name\":\"Ubirat\u00e3 Online Not\u00edcias\",\"alternateName\":\"Ubirat\u00e3 Online\",\"url\":\"https:\\\/\\\/ubirataonline.com.br\\\/\",\"logo\":{\"@id\":\"https:\\\/\\\/ubirataonline.com.br\\\/jusquau-dernier-moment-de-sa-vie-paul-belmondo-se-confie-sur-la-belle-relation-que-son-pere-jean-paul-belmondo-entretenait-avec-alain-delon\\\/#local-main-organization-logo\"},\"image\":{\"@id\":\"https:\\\/\\\/ubirataonline.com.br\\\/jusquau-dernier-moment-de-sa-vie-paul-belmondo-se-confie-sur-la-belle-relation-que-son-pere-jean-paul-belmondo-entretenait-avec-alain-delon\\\/#local-main-organization-logo\"},\"sameAs\":[\"https:\\\/\\\/www.facebook.com\\\/portalubirataonline\",\"https:\\\/\\\/x.com\\\/ubirataonline\",\"https:\\\/\\\/mastodon.social\\\/@ubirataonline\",\"https:\\\/\\\/www.facebook.com\\\/groups\\\/311144672285604\",\"https:\\\/\\\/www.facebook.com\\\/UBTAOnline\",\"https:\\\/\\\/www.instagram.com\\\/portalubirataonline\\\/\",\"https:\\\/\\\/twitter.com\\\/ubirataonline\"],\"description\":\"Somos um portal de not\u00edcias independente, criado em 5 de janeiro de 2009, com o objetivo de informar, conectar e valorizar a nossa comunidade de Ubirat\u00e3 e toda aregi\u00e3o. Com conte\u00fado atualizado, confi\u00e1vel e relevante, o Ubirat\u00e3 Online \u00e9 o seu espa\u00e7o para ficar por dentro dos principais acontecimentos locais, regionais, Brasil, Mundo e de interesse geral. Nosso compromisso \u00e9 com a verdade, a transpar\u00eancia e o respeito ao leitor.\",\"legalName\":\"UBIRATA ONLINE NOT\u00cdCIAS\",\"foundingDate\":\"2009-01-05\",\"numberOfEmployees\":{\"@type\":\"QuantitativeValue\",\"minValue\":\"1\",\"maxValue\":\"10\"},\"publishingPrinciples\":\"https:\\\/\\\/ubirataonline.com.br\\\/faq\\\/\",\"address\":{\"@id\":\"https:\\\/\\\/ubirataonline.com.br\\\/jusquau-dernier-moment-de-sa-vie-paul-belmondo-se-confie-sur-la-belle-relation-que-son-pere-jean-paul-belmondo-entretenait-avec-alain-delon\\\/#local-main-place-address\"},\"geo\":{\"@type\":\"GeoCoordinates\",\"latitude\":\"-24.5361401\",\"longitude\":\"-52.9921776\"},\"telephone\":[\"+5544998308235\"],\"contactPoint\":{\"@type\":\"ContactPoint\",\"email\":\"contato@ubirataonline.com.br\"},\"openingHoursSpecification\":{\"@type\":\"OpeningHoursSpecification\",\"dayOfWeek\":[\"Monday\",\"Tuesday\",\"Wednesday\",\"Thursday\",\"Friday\",\"Saturday\",\"Sunday\"],\"opens\":\"00:00\",\"closes\":\"23:59\"},\"email\":\"contato@ubirataonline.com.br\",\"vatID\":\"47.621.418\\\/0001-80\"},{\"@type\":\"Person\",\"@id\":\"https:\\\/\\\/ubirataonline.com.br\\\/#\\\/schema\\\/person\\\/372f87bbd3fdd79b8556b84c98d0bc1c\",\"name\":\"REDA\u00c7\u00c3O: UBIRAT\u00c3 ONLINE - F\u00c1BIO AUGUSTO CELESTINO\",\"pronouns\":\"Ele\",\"description\":\"Desde 2003 trabalhando com not\u00edcias.\",\"sameAs\":[\"http:\\\/\\\/ubirataoline.com.br\",\"https:\\\/\\\/www.facebook.com\\\/portalubirataonline\",\"https:\\\/\\\/www.instagram.com\\\/ubirataonline_oficial\",\"https:\\\/\\\/x.com\\\/x.com\\\/ubirataonline\"],\"honorificPrefix\":\"Mr.\",\"honorificSuffix\":\"MD\",\"birthDate\":\"1980-06-16\",\"gender\":\"masculino\",\"award\":[\"V\u00e1rios pr\u00eamios de melhor portal da cidade\"],\"jobTitle\":\"Diretor\",\"url\":\"https:\\\/\\\/ubirataonline.com.br\\\/en\\\/author\\\/ubirataonline\\\/\"},{\"@type\":\"PostalAddress\",\"@id\":\"https:\\\/\\\/ubirataonline.com.br\\\/jusquau-dernier-moment-de-sa-vie-paul-belmondo-se-confie-sur-la-belle-relation-que-son-pere-jean-paul-belmondo-entretenait-avec-alain-delon\\\/#local-main-place-address\",\"streetAddress\":\"Rua dos Coqueiros, 104 - Bairro Boa Vista, Rua dos Coqueiros, 104 Bairro Boa Vista\",\"addressLocality\":\"UBIRATA\",\"postalCode\":\"85440-000\",\"addressRegion\":\"PR\",\"addressCountry\":\"BR\"},{\"@type\":\"ImageObject\",\"inLanguage\":\"en-US\",\"@id\":\"https:\\\/\\\/ubirataonline.com.br\\\/jusquau-dernier-moment-de-sa-vie-paul-belmondo-se-confie-sur-la-belle-relation-que-son-pere-jean-paul-belmondo-entretenait-avec-alain-delon\\\/#local-main-organization-logo\",\"url\":\"https:\\\/\\\/ubirataonline.com.br\\\/wp-content\\\/uploads\\\/2026\\\/06\\\/logoubirataonline-1.webp\",\"contentUrl\":\"https:\\\/\\\/ubirataonline.com.br\\\/wp-content\\\/uploads\\\/2026\\\/06\\\/logoubirataonline-1.webp\",\"width\":500,\"height\":500,\"caption\":\"Ubirat\u00e3 Online Not\u00edcias\"}]}<\/script>\n<meta name=\"geo.placename\" content=\"UBIRATA\" \/>\n<meta name=\"geo.position\" content=\"-24.5361401;-52.9921776\" \/>\n<meta name=\"geo.region\" content=\"Brazil\" \/>\n<!-- \/ Yoast SEO Premium plugin. -->","yoast_head_json":{"title":"\"Jusqu'au dernier moment de sa vie\" : Paul Belmondo se confie sur la belle relation que son p\u00e8re Jean-Paul Belmondo entretenait avec Alain Delon - Ubirat\u00e3 Online Not\u00edcias - A realidade ao seu alcance!","description":"Une relation entre deux monstres du cin\u00e9ma fran\u00e7ais qui a toujours fascin\u00e9. Alain Delon et Jean-Paul Belmondo avaient presque fait leurs d\u00e9buts sur grand","robots":{"index":"index","follow":"follow","max-snippet":"max-snippet:-1","max-image-preview":"max-image-preview:large","max-video-preview":"max-video-preview:-1"},"canonical":"https:\/\/ubirataonline.com.br\/en\/jusquau-dernier-moment-de-sa-vie-paul-belmondo-se-confie-sur-la-belle-relation-que-son-pere-jean-paul-belmondo-entretenait-avec-alain-delon\/","og_locale":"en_US","og_type":"article","og_title":"\"Jusqu'au dernier moment de sa vie\" : Paul Belmondo se confie sur la belle relation que son p\u00e8re Jean-Paul Belmondo entretenait avec Alain Delon","og_description":"Une relation entre deux monstres du cin\u00e9ma fran\u00e7ais qui a toujours fascin\u00e9. Alain Delon et Jean-Paul Belmondo avaient presque fait leurs d\u00e9buts sur grand","og_url":"https:\/\/ubirataonline.com.br\/en\/jusquau-dernier-moment-de-sa-vie-paul-belmondo-se-confie-sur-la-belle-relation-que-son-pere-jean-paul-belmondo-entretenait-avec-alain-delon\/","og_site_name":"Ubirat\u00e3 Online Not\u00edcias - A realidade ao seu alcance!","article_publisher":"https:\/\/www.facebook.com\/portalubirataonline","article_author":"https:\/\/www.facebook.com\/portalubirataonline","article_published_time":"2026-05-09T02:20:17+00:00","article_modified_time":"2026-05-09T02:20:21+00:00","og_image":[{"width":1200,"height":900,"url":"https:\/\/ubirataonline.com.br\/wp-content\/uploads\/2026\/05\/Jusquau-dernier-moment-de-sa-vie-Paul-Belmondo-se.jpeg","type":"image\/jpeg"}],"author":"REDA\u00c7\u00c3O: UBIRAT\u00c3 ONLINE - F\u00c1BIO AUGUSTO CELESTINO","twitter_card":"summary_large_image","twitter_creator":"@x.com\/ubirataonline","twitter_site":"@ubirataonline","twitter_misc":{"Written by":"REDA\u00c7\u00c3O: UBIRAT\u00c3 ONLINE - F\u00c1BIO AUGUSTO CELESTINO","Est. reading time":"2 minutes"},"schema":{"@context":"https:\/\/schema.org","@graph":[{"@type":"NewsArticle","@id":"https:\/\/ubirataonline.com.br\/jusquau-dernier-moment-de-sa-vie-paul-belmondo-se-confie-sur-la-belle-relation-que-son-pere-jean-paul-belmondo-entretenait-avec-alain-delon\/#article","isPartOf":{"@id":"https:\/\/ubirataonline.com.br\/jusquau-dernier-moment-de-sa-vie-paul-belmondo-se-confie-sur-la-belle-relation-que-son-pere-jean-paul-belmondo-entretenait-avec-alain-delon\/"},"author":{"name":"REDA\u00c7\u00c3O: UBIRAT\u00c3 ONLINE - F\u00c1BIO AUGUSTO CELESTINO","@id":"https:\/\/ubirataonline.com.br\/#\/schema\/person\/372f87bbd3fdd79b8556b84c98d0bc1c"},"headline":"&#8220;Jusqu&#8217;au dernier moment de sa vie&#8221; : Paul Belmondo se confie sur la belle relation que son p\u00e8re Jean-Paul Belmondo entretenait avec Alain Delon","datePublished":"2026-05-09T02:20:17+00:00","dateModified":"2026-05-09T02:20:21+00:00","mainEntityOfPage":{"@id":"https:\/\/ubirataonline.com.br\/jusquau-dernier-moment-de-sa-vie-paul-belmondo-se-confie-sur-la-belle-relation-que-son-pere-jean-paul-belmondo-entretenait-avec-alain-delon\/"},"wordCount":513,"publisher":{"@id":"https:\/\/ubirataonline.com.br\/#organization"},"image":{"@id":"https:\/\/ubirataonline.com.br\/jusquau-dernier-moment-de-sa-vie-paul-belmondo-se-confie-sur-la-belle-relation-que-son-pere-jean-paul-belmondo-entretenait-avec-alain-delon\/#primaryimage"},"thumbnailUrl":"https:\/\/ubirataonline.com.br\/wp-content\/uploads\/2026\/05\/Jusquau-dernier-moment-de-sa-vie-Paul-Belmondo-se.jpeg","keywords":["Alain","avec","belle","Belmondo","confie","Delon","dernier","entretenait","JeanPaul","Jusquau","moment","Paul","p\u00e8re","relation","Son","sur","vie"],"articleSection":["Ubirat\u00e3"],"inLanguage":"en-US","copyrightYear":"2026","copyrightHolder":{"@id":"https:\/\/ubirataonline.com.br\/en\/#organization"}},{"@type":"WebPage","@id":"https:\/\/ubirataonline.com.br\/jusquau-dernier-moment-de-sa-vie-paul-belmondo-se-confie-sur-la-belle-relation-que-son-pere-jean-paul-belmondo-entretenait-avec-alain-delon\/","url":"https:\/\/ubirataonline.com.br\/jusquau-dernier-moment-de-sa-vie-paul-belmondo-se-confie-sur-la-belle-relation-que-son-pere-jean-paul-belmondo-entretenait-avec-alain-delon\/","name":"\"Jusqu'au dernier moment de sa vie\" : Paul Belmondo se confie sur la belle relation que son p\u00e8re Jean-Paul Belmondo entretenait avec Alain Delon - Ubirat\u00e3 Online Not\u00edcias - A realidade ao seu alcance!","isPartOf":{"@id":"https:\/\/ubirataonline.com.br\/#website"},"primaryImageOfPage":{"@id":"https:\/\/ubirataonline.com.br\/jusquau-dernier-moment-de-sa-vie-paul-belmondo-se-confie-sur-la-belle-relation-que-son-pere-jean-paul-belmondo-entretenait-avec-alain-delon\/#primaryimage"},"image":{"@id":"https:\/\/ubirataonline.com.br\/jusquau-dernier-moment-de-sa-vie-paul-belmondo-se-confie-sur-la-belle-relation-que-son-pere-jean-paul-belmondo-entretenait-avec-alain-delon\/#primaryimage"},"thumbnailUrl":"https:\/\/ubirataonline.com.br\/wp-content\/uploads\/2026\/05\/Jusquau-dernier-moment-de-sa-vie-Paul-Belmondo-se.jpeg","datePublished":"2026-05-09T02:20:17+00:00","dateModified":"2026-05-09T02:20:21+00:00","description":"Une relation entre deux monstres du cin\u00e9ma fran\u00e7ais qui a toujours fascin\u00e9. Alain Delon et Jean-Paul Belmondo avaient presque fait leurs d\u00e9buts sur grand","breadcrumb":{"@id":"https:\/\/ubirataonline.com.br\/jusquau-dernier-moment-de-sa-vie-paul-belmondo-se-confie-sur-la-belle-relation-que-son-pere-jean-paul-belmondo-entretenait-avec-alain-delon\/#breadcrumb"},"inLanguage":"en-US","potentialAction":[{"@type":"ReadAction","target":["https:\/\/ubirataonline.com.br\/jusquau-dernier-moment-de-sa-vie-paul-belmondo-se-confie-sur-la-belle-relation-que-son-pere-jean-paul-belmondo-entretenait-avec-alain-delon\/"]}]},{"@type":"ImageObject","inLanguage":"en-US","@id":"https:\/\/ubirataonline.com.br\/jusquau-dernier-moment-de-sa-vie-paul-belmondo-se-confie-sur-la-belle-relation-que-son-pere-jean-paul-belmondo-entretenait-avec-alain-delon\/#primaryimage","url":"https:\/\/ubirataonline.com.br\/wp-content\/uploads\/2026\/05\/Jusquau-dernier-moment-de-sa-vie-Paul-Belmondo-se.jpeg","contentUrl":"https:\/\/ubirataonline.com.br\/wp-content\/uploads\/2026\/05\/Jusquau-dernier-moment-de-sa-vie-Paul-Belmondo-se.jpeg","width":1200,"height":900,"caption":"Alain Delon et Jean-Paul Belmondo en 2017 (COADIC GUIREC \/ BESTIMAGE)"},{"@type":"BreadcrumbList","@id":"https:\/\/ubirataonline.com.br\/jusquau-dernier-moment-de-sa-vie-paul-belmondo-se-confie-sur-la-belle-relation-que-son-pere-jean-paul-belmondo-entretenait-avec-alain-delon\/#breadcrumb","itemListElement":[{"@type":"ListItem","position":1,"name":"In\u00edcio","item":"https:\/\/ubirataonline.com.br\/"},{"@type":"ListItem","position":2,"name":"&#8220;Jusqu&#8217;au dernier moment de sa vie&#8221; : Paul Belmondo se confie sur la belle relation que son p\u00e8re Jean-Paul Belmondo entretenait avec Alain Delon"}]},{"@type":"WebSite","@id":"https:\/\/ubirataonline.com.br\/#website","url":"https:\/\/ubirataonline.com.br\/","name":"Ubirat\u00e3 Online Not\u00edcias","description":"Not\u00edcias de Ubirat\u00e3, regi\u00e3o, Brasil e mundo, com informa\u00e7\u00e3o atualizada e compromisso com o leitor.","publisher":{"@id":"https:\/\/ubirataonline.com.br\/#organization"},"alternateName":"Ubirat\u00e3 Online","potentialAction":[{"@type":"SearchAction","target":{"@type":"EntryPoint","urlTemplate":"https:\/\/ubirataonline.com.br\/?s={search_term_string}"},"query-input":{"@type":"PropertyValueSpecification","valueRequired":true,"valueName":"search_term_string"}}],"inLanguage":"en-US"},{"@type":["Organization","Place"],"@id":"https:\/\/ubirataonline.com.br\/#organization","name":"Ubirat\u00e3 Online Not\u00edcias","alternateName":"Ubirat\u00e3 Online","url":"https:\/\/ubirataonline.com.br\/","logo":{"@id":"https:\/\/ubirataonline.com.br\/jusquau-dernier-moment-de-sa-vie-paul-belmondo-se-confie-sur-la-belle-relation-que-son-pere-jean-paul-belmondo-entretenait-avec-alain-delon\/#local-main-organization-logo"},"image":{"@id":"https:\/\/ubirataonline.com.br\/jusquau-dernier-moment-de-sa-vie-paul-belmondo-se-confie-sur-la-belle-relation-que-son-pere-jean-paul-belmondo-entretenait-avec-alain-delon\/#local-main-organization-logo"},"sameAs":["https:\/\/www.facebook.com\/portalubirataonline","https:\/\/x.com\/ubirataonline","https:\/\/mastodon.social\/@ubirataonline","https:\/\/www.facebook.com\/groups\/311144672285604","https:\/\/www.facebook.com\/UBTAOnline","https:\/\/www.instagram.com\/portalubirataonline\/","https:\/\/twitter.com\/ubirataonline"],"description":"Somos um portal de not\u00edcias independente, criado em 5 de janeiro de 2009, com o objetivo de informar, conectar e valorizar a nossa comunidade de Ubirat\u00e3 e toda aregi\u00e3o. Com conte\u00fado atualizado, confi\u00e1vel e relevante, o Ubirat\u00e3 Online \u00e9 o seu espa\u00e7o para ficar por dentro dos principais acontecimentos locais, regionais, Brasil, Mundo e de interesse geral. Nosso compromisso \u00e9 com a verdade, a transpar\u00eancia e o respeito ao leitor.","legalName":"UBIRATA ONLINE NOT\u00cdCIAS","foundingDate":"2009-01-05","numberOfEmployees":{"@type":"QuantitativeValue","minValue":"1","maxValue":"10"},"publishingPrinciples":"https:\/\/ubirataonline.com.br\/faq\/","address":{"@id":"https:\/\/ubirataonline.com.br\/jusquau-dernier-moment-de-sa-vie-paul-belmondo-se-confie-sur-la-belle-relation-que-son-pere-jean-paul-belmondo-entretenait-avec-alain-delon\/#local-main-place-address"},"geo":{"@type":"GeoCoordinates","latitude":"-24.5361401","longitude":"-52.9921776"},"telephone":["+5544998308235"],"contactPoint":{"@type":"ContactPoint","email":"contato@ubirataonline.com.br"},"openingHoursSpecification":{"@type":"OpeningHoursSpecification","dayOfWeek":["Monday","Tuesday","Wednesday","Thursday","Friday","Saturday","Sunday"],"opens":"00:00","closes":"23:59"},"email":"contato@ubirataonline.com.br","vatID":"47.621.418\/0001-80"},{"@type":"Person","@id":"https:\/\/ubirataonline.com.br\/#\/schema\/person\/372f87bbd3fdd79b8556b84c98d0bc1c","name":"REDA\u00c7\u00c3O: UBIRAT\u00c3 ONLINE - F\u00c1BIO AUGUSTO CELESTINO","pronouns":"Ele","description":"Desde 2003 trabalhando com not\u00edcias.","sameAs":["http:\/\/ubirataoline.com.br","https:\/\/www.facebook.com\/portalubirataonline","https:\/\/www.instagram.com\/ubirataonline_oficial","https:\/\/x.com\/x.com\/ubirataonline"],"honorificPrefix":"Mr.","honorificSuffix":"MD","birthDate":"1980-06-16","gender":"masculino","award":["V\u00e1rios pr\u00eamios de melhor portal da cidade"],"jobTitle":"Diretor","url":"https:\/\/ubirataonline.com.br\/en\/author\/ubirataonline\/"},{"@type":"PostalAddress","@id":"https:\/\/ubirataonline.com.br\/jusquau-dernier-moment-de-sa-vie-paul-belmondo-se-confie-sur-la-belle-relation-que-son-pere-jean-paul-belmondo-entretenait-avec-alain-delon\/#local-main-place-address","streetAddress":"Rua dos Coqueiros, 104 - Bairro Boa Vista, Rua dos Coqueiros, 104 Bairro Boa Vista","addressLocality":"UBIRATA","postalCode":"85440-000","addressRegion":"PR","addressCountry":"BR"},{"@type":"ImageObject","inLanguage":"en-US","@id":"https:\/\/ubirataonline.com.br\/jusquau-dernier-moment-de-sa-vie-paul-belmondo-se-confie-sur-la-belle-relation-que-son-pere-jean-paul-belmondo-entretenait-avec-alain-delon\/#local-main-organization-logo","url":"https:\/\/ubirataonline.com.br\/wp-content\/uploads\/2026\/06\/logoubirataonline-1.webp","contentUrl":"https:\/\/ubirataonline.com.br\/wp-content\/uploads\/2026\/06\/logoubirataonline-1.webp","width":500,"height":500,"caption":"Ubirat\u00e3 Online Not\u00edcias"}]},"geo.placename":"UBIRATA","geo.position":{"lat":"-24.5361401","long":"-52.9921776"},"geo.region":"Brazil"},"_links":{"self":[{"href":"https:\/\/ubirataonline.com.br\/en\/wp-json\/wp\/v2\/posts\/124675","targetHints":{"allow":["GET"]}}],"collection":[{"href":"https:\/\/ubirataonline.com.br\/en\/wp-json\/wp\/v2\/posts"}],"about":[{"href":"https:\/\/ubirataonline.com.br\/en\/wp-json\/wp\/v2\/types\/post"}],"author":[{"embeddable":true,"href":"https:\/\/ubirataonline.com.br\/en\/wp-json\/wp\/v2\/users\/1"}],"replies":[{"embeddable":true,"href":"https:\/\/ubirataonline.com.br\/en\/wp-json\/wp\/v2\/comments?post=124675"}],"version-history":[{"count":0,"href":"https:\/\/ubirataonline.com.br\/en\/wp-json\/wp\/v2\/posts\/124675\/revisions"}],"wp:featuredmedia":[{"embeddable":true,"href":"https:\/\/ubirataonline.com.br\/en\/wp-json\/wp\/v2\/media\/124676"}],"wp:attachment":[{"href":"https:\/\/ubirataonline.com.br\/en\/wp-json\/wp\/v2\/media?parent=124675"}],"wp:term":[{"taxonomy":"category","embeddable":true,"href":"https:\/\/ubirataonline.com.br\/en\/wp-json\/wp\/v2\/categories?post=124675"},{"taxonomy":"post_tag","embeddable":true,"href":"https:\/\/ubirataonline.com.br\/en\/wp-json\/wp\/v2\/tags?post=124675"}],"curies":[{"name":"wp","href":"https:\/\/api.w.org\/{rel}","templated":true}]}}