{"id":124690,"date":"2026-05-08T23:36:22","date_gmt":"2026-05-09T02:36:22","guid":{"rendered":"https:\/\/ubirataonline.com.br\/this-brewers-mets-trade-for-mark-vientos-would-fix-power-problem\/"},"modified":"2026-05-08T23:36:25","modified_gmt":"2026-05-09T02:36:25","slug":"this-brewers-mets-trade-for-mark-vientos-would-fix-power-problem","status":"publish","type":"post","link":"https:\/\/ubirataonline.com.br\/en\/this-brewers-mets-trade-for-mark-vientos-would-fix-power-problem\/","title":{"rendered":"This Brewers-Mets Trade for Mark Vientos Would Fix Power Problem"},"content":{"rendered":"<p><br \/>\n<\/p>\n<div q:key=\"QW_9\"><!--qv q:key=QW_6--><!--qv q:id=6z q:key=vcaa:\n\n<p>The Milwaukee Brewers and New York Mets certainly are familiar with one another in the trade market. <\/p>\n\n--><!--qv q:id=70 q:key=lY4S:mL_1--><\/p>\n<p id=\"inline-text-0\" class=\"mt-[18px] md:mt-0 mb-[18px] [&amp;_a]:text-primary my-f-1.5\" q:key=\"0\" q:id=\"71\">The Milwaukee Brewers and New York Mets certainly are familiar with one another in the trade market. <\/p>\n<p><!--\/qv--><!--\/qv--><!--\/qv--><!--qv q:key=QW_6--><!--qv q:id=72 q:key=vcaa:\n\n<p>This past offseason, two sides came together on one of the biggest trades of the offseason. Milwaukee sent Freddy Peralta and Tobias Myers to the Mets in exchange for No. 3 prospect Jett Williams and starter Brandon Sproat, who recently <a href=\"https:\/\/www.si.com\/mlb\/brewers\/onsi\/brandon-sproat-s-buzz-is-growing-louder-with-every-brewers-start-pat3\" target=\"_blank\">graduated from prospect status<\/a> and has been getting better each start for Milwaukee. <\/p>\n\n--><!--qv q:id=73 q:key=lY4S:mL_1--><\/p>\n<p id=\"inline-text-1\" class=\"my-[18px] [&amp;_a]:text-primary my-f-1.5\" q:key=\"0\" q:id=\"74\">This past offseason, two sides came together on one of the biggest trades of the offseason. Milwaukee sent Freddy Peralta and Tobias Myers to the Mets in exchange for No. 3 prospect Jett Williams and starter Brandon Sproat, who recently <a href=\"https:\/\/www.si.com\/mlb\/brewers\/onsi\/brandon-sproat-s-buzz-is-growing-louder-with-every-brewers-start-pat3\" target=\"_blank\">graduated from prospect status<\/a> and has been getting better each start for Milwaukee. <\/p>\n<p><!--\/qv--><!--\/qv--><!--\/qv--><!--qv q:key=QW_6--><!--qv q:id=75 q:key=vcaa:\n\n<p>Milwaukee has been hit hard by injuries so far this season, but it just got Jackson Chourio and Andrew Vaughn back in the mix, which should significantly help the club in the standings from here on out. Chourio and Vaughn will bring much-needed pop to this lineup. Chourio <a href=\"https:\/\/www.si.com\/mlb\/brewers\/onsi\/brewers-hitting-jackpot-with-jackson-chourio-s-return-to-the-lineup-pat3\" target=\"_blank\">recorded six total base hits<\/a> across his first two games of the season and Vaughn <a href=\"https:\/\/www.si.com\/mlb\/brewers\/onsi\/brewers-andrew-vaughn-launches-first-homer-of-2026-pat3\" target=\"_blank\">already has a homer since his return<\/a>.  <\/p>\n\n--><!--qv q:id=76 q:key=lY4S:mL_1--><\/p>\n<p id=\"inline-text-2\" class=\"my-[18px] [&amp;_a]:text-primary my-f-1.5\" q:key=\"0\" q:id=\"77\">Milwaukee has been hit hard by injuries so far this season, but it just got Jackson Chourio and Andrew Vaughn back in the mix, which should significantly help the club in the standings from here on out. Chourio and Vaughn will bring much-needed pop to this lineup. Chourio <a href=\"https:\/\/www.si.com\/mlb\/brewers\/onsi\/brewers-hitting-jackpot-with-jackson-chourio-s-return-to-the-lineup-pat3\" target=\"_blank\">recorded six total base hits<\/a> across his first two games of the season and Vaughn <a href=\"https:\/\/www.si.com\/mlb\/brewers\/onsi\/brewers-andrew-vaughn-launches-first-homer-of-2026-pat3\" target=\"_blank\">already has a homer since his return<\/a>.  <\/p>\n<p><!--\/qv--><!--\/qv--><!--\/qv--><!--qv q:key=QW_6--><!--qv q:id=78 q:key=vcaa:\n\n<p>Milwaukee certainly needs a boost. Right now, the Brewers have the <a href=\"https:\/\/www.mlb.com\/stats\/team\" rel=\"nofollow\" target=\"_blank\">second-fewest homers<\/a> in baseball with just 24 on the season in 35 games played. The Brewers always find ways to win games, but you need power. This was on display last year. Milwaukee won 97 games throughout the regular season, but that wasn&#39;t enough to power the club through the playoffs. The Brewers are getting power back in the form of Chourio and Vaughn and Christian Yelich will also return soon enough, but Milwaukee could use more and the Mets are a team Milwaukee should look at ahead of the 2026 trade deadline. The guy Milwaukee should specifically have interest in is infielder Mark Vientos.<\/p>\n\n--><!--qv q:id=79 q:key=lY4S:mL_1--><\/p>\n<p id=\"inline-text-3\" class=\"my-[18px] [&amp;_a]:text-primary my-f-1.5\" q:key=\"0\" q:id=\"7a\">Milwaukee certainly needs a boost. Right now, the Brewers have the <a href=\"https:\/\/www.mlb.com\/stats\/team\" rel=\"nofollow\" target=\"_blank\">second-fewest homers<\/a> in baseball with just 24 on the season in 35 games played. The Brewers always find ways to win games, but you need power. This was on display last year. Milwaukee won 97 games throughout the regular season, but that wasn&#8217;t enough to power the club through the playoffs. The Brewers are getting power back in the form of Chourio and Vaughn and Christian Yelich will also return soon enough, but Milwaukee could use more and the Mets are a team Milwaukee should look at ahead of the 2026 trade deadline. The guy Milwaukee should specifically have interest in is infielder Mark Vientos.<\/p>\n<p><!--\/qv--><!--\/qv--><!--\/qv--><!--qv q:key=QW_6--><!--qv q:id=7b q:key=vcaa:https:\/\/images2.minutemediacdn.com\/image\/upload\/c_crop,w_7484,h_4209,x_0,y_133\/images\/ImagnImages\/mmsport\/milwaukee_brewers_on_si\/01kr1sah5herfqsfg76w--><!--qv q:id=7c q:key=VjqC:mL_1--><!--qv q:id=7d q:key=deAA:7d_3--><!--qv q:s q:sref=7d q:key=--><!--qv q:id=7e q:key=deAA:7d_2--><!--qv q:s q:sref=7e q:key=--><!--qv q:id=7f q:key=cHU9:7d_1--><!--qv q:id=7g q:key=deAA:e2_0--><!--qv q:id=7h q:key=B0c2:SZ_1--><\/p>\n<figure q:key=\"9m_3\" q:id=\"7i\"><!--qv q:s q:sref=7h q:key=--><!--qv q:s q:sref=7g q:key=--><\/p>\n<div class=\"overflow-hidden undefined\" on:qvisible=\"q-BwlumzYP.js#_hW[0]\" q:id=\"7j\"><picture style=\"aspect-ratio: 16 \/ 9\"><source srcset=\"https:\/\/images2.minutemediacdn.com\/image\/upload\/c_crop,x_0,y_133,w_7484,h_4209\/c_fill,w_360,ar_16:9,f_auto,q_auto,g_auto\/images%2FImagnImages%2Fmmsport%2Fmilwaukee_brewers_on_si%2F01kr1sah5herfqsfg76w.jpg 1x, &#10;    https:\/\/images2.minutemediacdn.com\/image\/upload\/c_crop,x_0,y_133,w_7484,h_4209\/c_fill,w_720,ar_16:9,f_auto,q_auto,g_auto\/images%2FImagnImages%2Fmmsport%2Fmilwaukee_brewers_on_si%2F01kr1sah5herfqsfg76w.jpg 2x, &#10;    https:\/\/images2.minutemediacdn.com\/image\/upload\/c_crop,x_0,y_133,w_7484,h_4209\/c_fill,w_1080,ar_16:9,f_auto,q_auto,g_auto\/images%2FImagnImages%2Fmmsport%2Fmilwaukee_brewers_on_si%2F01kr1sah5herfqsfg76w.jpg 3x\" media=\"(max-width: 719px)\"><source srcset=\"https:\/\/images2.minutemediacdn.com\/image\/upload\/c_crop,x_0,y_133,w_7484,h_4209\/c_fill,w_720,ar_16:9,f_auto,q_auto,g_auto\/images%2FImagnImages%2Fmmsport%2Fmilwaukee_brewers_on_si%2F01kr1sah5herfqsfg76w.jpg 1x,&#10;    https:\/\/images2.minutemediacdn.com\/image\/upload\/c_crop,x_0,y_133,w_7484,h_4209\/c_fill,w_1440,ar_16:9,f_auto,q_auto,g_auto\/images%2FImagnImages%2Fmmsport%2Fmilwaukee_brewers_on_si%2F01kr1sah5herfqsfg76w.jpg 2x, &#10;    https:\/\/images2.minutemediacdn.com\/image\/upload\/c_crop,x_0,y_133,w_7484,h_4209\/c_fill,w_1440,ar_16:9,f_auto,q_auto,g_auto\/images%2FImagnImages%2Fmmsport%2Fmilwaukee_brewers_on_si%2F01kr1sah5herfqsfg76w.jpg 3x\" media=\"(max-width: 1079px)\"><source srcset=\"https:\/\/images2.minutemediacdn.com\/image\/upload\/c_crop,x_0,y_133,w_7484,h_4209\/c_fill,w_720,ar_16:9,f_auto,q_auto,g_auto\/images%2FImagnImages%2Fmmsport%2Fmilwaukee_brewers_on_si%2F01kr1sah5herfqsfg76w.jpg 1x,&#10;    https:\/\/images2.minutemediacdn.com\/image\/upload\/c_crop,x_0,y_133,w_7484,h_4209\/c_fill,w_1440,ar_16:9,f_auto,q_auto,g_auto\/images%2FImagnImages%2Fmmsport%2Fmilwaukee_brewers_on_si%2F01kr1sah5herfqsfg76w.jpg 2x,&#10;    https:\/\/images2.minutemediacdn.com\/image\/upload\/c_crop,x_0,y_133,w_7484,h_4209\/c_fill,w_1440,ar_16:9,f_auto,q_auto,g_auto\/images%2FImagnImages%2Fmmsport%2Fmilwaukee_brewers_on_si%2F01kr1sah5herfqsfg76w.jpg 3x\" media=\"(min-width: 1080px)\"><\/source><\/source><\/source><\/picture><\/div>\n<p><!--\/qv--><!--\/qv--><\/p>\n<p><figcaption q:id=\"7l\">May 3, 2026; Anaheim, California, USA; New York Mets first baseman Mark Vientos (27) gestures after hitting a home run during the eighth inning against the Los Angeles Angels at Angel Stadium. Mandatory Credit: William Liang-Imagn Images | William Liang-Imagn Images<\/figcaption><\/p>\n<\/figure>\n<p><!--\/qv--><!--\/qv--><!--\/qv--><!--\/qv--><!--\/qv--><!--\/qv--><!--\/qv--><!--\/qv--><!--\/qv--><!--\/qv--><!--qv q:key=QW_6--><!--qv q:id=7m q:key=vcaa:\n\n<p>Here&#39;s a mock trade to bring Vientos to Milwaukee with a breakdown.<\/p>\n\n--><!--qv q:id=7n q:key=lY4S:mL_1--><\/p>\n<p id=\"inline-text-5\" class=\"my-[18px] [&amp;_a]:text-primary my-f-1.5\" q:key=\"0\" q:id=\"7o\">Here&#8217;s a mock trade to bring Vientos to Milwaukee with a breakdown.<\/p>\n<p><!--\/qv--><!--\/qv--><!--\/qv--><!--qv q:key=QW_6--><!--qv q:id=7p q:key=vcaa:\n\n<p><em><strong>Milwaukee Brewers Receive:<\/strong><\/em>&nbsp;INF Mark Vientos<\/p>\n\n--><!--qv q:id=7q q:key=lY4S:mL_1--><\/p>\n<p id=\"inline-text-6\" class=\"my-[18px] [&amp;_a]:text-primary my-f-1.5\" q:key=\"0\" q:id=\"7r\"><em><strong>Milwaukee Brewers Receive:<\/strong><\/em>\u00a0INF Mark Vientos<\/p>\n<p><!--\/qv--><!--\/qv--><!--\/qv--><!--qv q:key=QW_6--><!--qv q:id=7s q:key=vcaa:\n\n<p><em><strong>Houston Astros Receive:&nbsp;<\/strong><\/em>RHP Bishop Letson (Milwaukee&#39;s No. 8 prospect), OF Luke Adams (Milwaukee&#39;s No. 12 prospect), LHP Shane Drohan<\/p>\n\n--><!--qv q:id=7t q:key=lY4S:mL_1--><\/p>\n<p id=\"inline-text-7\" class=\"my-[18px] [&amp;_a]:text-primary my-f-1.5\" q:key=\"0\" q:id=\"7u\"><em><strong>Houston Astros Receive:\u00a0<\/strong><\/em>RHP Bishop Letson (Milwaukee&#8217;s No. 8 prospect), OF Luke Adams (Milwaukee&#8217;s No. 12 prospect), LHP Shane Drohan<\/p>\n<p><!--\/qv--><!--\/qv--><!--\/qv--><!--qv q:key=QW_6--><!--qv q:id=7v q:key=vcaa:\n\n<p><em><strong>Breakdown: <\/strong><\/em>Vientos had 17 homers in 2025 and 27 homers in 2024. So far this season, he has four homers and 14 RBIs in 28 games played. He&#39;s under team control through the 2029 season, which is why the package is two prospects and a young MLB-ready hurler. New York&#39;s pitching is a problem, and its roster is aggressively expensive. It needs young, cost-effective hurlers. At some point, Jorge Polanco will return and then playing time won&#39;t be as easy to come by for Vientos. Plus, the Mets have struggled all season to this point. If the Brewers want another slugger, New York is a place to look.<\/p>\n\n--><!--qv q:id=7w q:key=lY4S:mL_1--><\/p>\n<p id=\"inline-text-8\" class=\"my-[18px] [&amp;_a]:text-primary my-f-1.5\" q:key=\"0\" q:id=\"7x\"><em><strong>Breakdown: <\/strong><\/em>Vientos had 17 homers in 2025 and 27 homers in 2024. So far this season, he has four homers and 14 RBIs in 28 games played. He&#8217;s under team control through the 2029 season, which is why the package is two prospects and a young MLB-ready hurler. New York&#8217;s pitching is a problem, and its roster is aggressively expensive. It needs young, cost-effective hurlers. At some point, Jorge Polanco will return and then playing time won&#8217;t be as easy to come by for Vientos. Plus, the Mets have struggled all season to this point. If the Brewers want another slugger, New York is a place to look.<\/p>\n<p><!--\/qv--><!--\/qv--><!--\/qv--><!--qv q:id=7y q:key=1jXG:QW_7--><!--qv q:id=7z q:key=9yVI:Ef_0--><\/p>\n<div on:click=\"q-PR6RmUkK.js#s_Ytib2zHV0Tc[0 1]\" q:key=\"WY_1\" q:id=\"80\"><!--qv q:s q:sref=7z q:key=--><\/p>\n<div data-testid=\"google-news-widget\" class=\"my-5 p-4 flex items-center gap-4 rounded-lg bg-[#F0F0F0]\">\n<div class=\"flex min-w-0 flex-1 items-center gap-3\"><img loading=\"lazy\" decoding=\"async\" width=\"22\" height=\"22\" alt=\"\" src=\"https:\/\/assets.minutemediacdn.com\/platform\/google_discover_icon.svg\" class=\"shrink-0\"\/><span class=\"font-group-big text-black text-[16px]\">Add us as a preferred source on <span class=\"font-bold\">Google<\/span><\/span><\/div>\n<p><a aria-label=\"Follow si.com on Google News\" href=\"https:\/\/www.google.com\/preferences\/source?q=si.com\" target=\"_blank\" rel=\"noopener noreferrer\" class=\"flex h-[30px] w-[30px] shrink-0 items-center justify-center rounded-full bg-primary font-group-large text-sm font-medium text-white transition-colors hover:bg-secondary focus:bg-secondary md:w-auto md:gap-2.5 md:px-4 md:py-[5px]\"><span class=\"hidden pt-[1px] leading-[1.4] md:inline\">Follow<\/span><svg viewbox=\"0 0 4 8\" fill=\"none\" aria-hidden=\"true\" class=\"h-[12px] w-[6px] md:h-[8px] md:w-[4px]\"><path d=\"M0.5 0.5L3.5 4L0.5 7.5\" stroke=\"white\" stroke-width=\"1.5\"\/><\/svg><\/a><\/div>\n<p><!--\/qv--><\/div>\n<p><!--\/qv--><!--\/qv--><\/div>\n<p><br \/>\n<br \/><a href=\"https:\/\/www.si.com\/mlb\/brewers\/onsi\/this-brewers-mets-trade-for-mark-vientos-would-fix-power-problem-pat3\">Source link <\/a><\/p>\n","protected":false},"excerpt":{"rendered":"<p>The Milwaukee Brewers and New York Mets certainly are familiar with one another in the trade market. This past offseason, two sides came together on one of the biggest trades of the offseason. Milwaukee sent Freddy Peralta and Tobias Myers to the Mets in exchange for No. 3 prospect Jett Williams and starter Brandon Sproat, [&hellip;]<\/p>\n","protected":false},"author":1,"featured_media":124691,"comment_status":"closed","ping_status":"","sticky":false,"template":"","format":"standard","meta":{"googlesitekit_rrm_CAow2JLhCw:productID":"","_gspb_post_css":"","maa_idioma":"","maa_pais":"","footnotes":""},"categories":[2725],"tags":[34106,9366,6949,3015,12582,4247,24002],"class_list":["post-124690","post","type-post","status-publish","format-standard","has-post-thumbnail","hentry","category-europe","tag-brewersmets","tag-fix","tag-mark","tag-power","tag-problem","tag-trade","tag-vientos"],"blocksy_meta":[],"yoast_head":"<!-- This site is optimized with the Yoast SEO Premium plugin v27.6 (Yoast SEO v27.6) - https:\/\/yoast.com\/product\/yoast-seo-premium-wordpress\/ -->\n<title>This Brewers-Mets Trade for Mark Vientos Would Fix Power Problem - Ubirat\u00e3 Online Not\u00edcias - A realidade ao seu alcance!<\/title>\n<meta name=\"description\" content=\"The Milwaukee Brewers and New York Mets certainly are familiar with one another in the trade market. This past offseason, two sides came together on one\" \/>\n<meta name=\"robots\" content=\"index, follow, max-snippet:-1, max-image-preview:large, max-video-preview:-1\" \/>\n<link rel=\"canonical\" href=\"https:\/\/ubirataonline.com.br\/en\/this-brewers-mets-trade-for-mark-vientos-would-fix-power-problem\/\" \/>\n<meta property=\"og:locale\" content=\"en_US\" \/>\n<meta property=\"og:type\" content=\"article\" \/>\n<meta property=\"og:title\" content=\"This Brewers-Mets Trade for Mark Vientos Would Fix Power Problem\" \/>\n<meta property=\"og:description\" content=\"The Milwaukee Brewers and New York Mets certainly are familiar with one another in the trade market. This past offseason, two sides came together on one\" \/>\n<meta property=\"og:url\" content=\"https:\/\/ubirataonline.com.br\/en\/this-brewers-mets-trade-for-mark-vientos-would-fix-power-problem\/\" \/>\n<meta property=\"og:site_name\" content=\"Ubirat\u00e3 Online Not\u00edcias - A realidade ao seu alcance!\" \/>\n<meta property=\"article:publisher\" content=\"https:\/\/www.facebook.com\/portalubirataonline\" \/>\n<meta property=\"article:author\" content=\"https:\/\/www.facebook.com\/portalubirataonline\" \/>\n<meta property=\"article:published_time\" content=\"2026-05-09T02:36:22+00:00\" \/>\n<meta property=\"article:modified_time\" content=\"2026-05-09T02:36:25+00:00\" \/>\n<meta property=\"og:image\" content=\"https:\/\/ubirataonline.com.br\/wp-content\/uploads\/2026\/05\/This-Brewers-Mets-Trade-for-Mark-Vientos-Would-Fix-Power-Problem.jpg\" \/>\n\t<meta property=\"og:image:width\" content=\"1440\" \/>\n\t<meta property=\"og:image:height\" content=\"810\" \/>\n\t<meta property=\"og:image:type\" content=\"image\/jpeg\" \/>\n<meta name=\"author\" content=\"REDA\u00c7\u00c3O: UBIRAT\u00c3 ONLINE - F\u00c1BIO AUGUSTO CELESTINO\" \/>\n<meta name=\"twitter:card\" content=\"summary_large_image\" \/>\n<meta name=\"twitter:creator\" content=\"@x.com\/ubirataonline\" \/>\n<meta name=\"twitter:site\" content=\"@ubirataonline\" \/>\n<meta name=\"twitter:label1\" content=\"Written by\" \/>\n\t<meta name=\"twitter:data1\" content=\"REDA\u00c7\u00c3O: UBIRAT\u00c3 ONLINE - F\u00c1BIO AUGUSTO CELESTINO\" \/>\n\t<meta name=\"twitter:label2\" content=\"Est. reading time\" \/>\n\t<meta name=\"twitter:data2\" content=\"2 minutes\" \/>\n<script type=\"application\/ld+json\" class=\"yoast-schema-graph\">{\"@context\":\"https:\\\/\\\/schema.org\",\"@graph\":[{\"@type\":\"NewsArticle\",\"@id\":\"https:\\\/\\\/ubirataonline.com.br\\\/this-brewers-mets-trade-for-mark-vientos-would-fix-power-problem\\\/#article\",\"isPartOf\":{\"@id\":\"https:\\\/\\\/ubirataonline.com.br\\\/this-brewers-mets-trade-for-mark-vientos-would-fix-power-problem\\\/\"},\"author\":{\"name\":\"REDA\u00c7\u00c3O: UBIRAT\u00c3 ONLINE - F\u00c1BIO AUGUSTO CELESTINO\",\"@id\":\"https:\\\/\\\/ubirataonline.com.br\\\/#\\\/schema\\\/person\\\/372f87bbd3fdd79b8556b84c98d0bc1c\"},\"headline\":\"This Brewers-Mets Trade for Mark Vientos Would Fix Power Problem\",\"datePublished\":\"2026-05-09T02:36:22+00:00\",\"dateModified\":\"2026-05-09T02:36:25+00:00\",\"mainEntityOfPage\":{\"@id\":\"https:\\\/\\\/ubirataonline.com.br\\\/this-brewers-mets-trade-for-mark-vientos-would-fix-power-problem\\\/\"},\"wordCount\":455,\"publisher\":{\"@id\":\"https:\\\/\\\/ubirataonline.com.br\\\/#organization\"},\"image\":{\"@id\":\"https:\\\/\\\/ubirataonline.com.br\\\/this-brewers-mets-trade-for-mark-vientos-would-fix-power-problem\\\/#primaryimage\"},\"thumbnailUrl\":\"https:\\\/\\\/ubirataonline.com.br\\\/wp-content\\\/uploads\\\/2026\\\/05\\\/This-Brewers-Mets-Trade-for-Mark-Vientos-Would-Fix-Power-Problem.jpg\",\"keywords\":[\"BrewersMets\",\"fix\",\"Mark\",\"Power\",\"problem\",\"Trade\",\"Vientos\"],\"articleSection\":[\"Europe\"],\"inLanguage\":\"en-US\",\"copyrightYear\":\"2026\",\"copyrightHolder\":{\"@id\":\"https:\\\/\\\/ubirataonline.com.br\\\/en\\\/#organization\"}},{\"@type\":\"WebPage\",\"@id\":\"https:\\\/\\\/ubirataonline.com.br\\\/this-brewers-mets-trade-for-mark-vientos-would-fix-power-problem\\\/\",\"url\":\"https:\\\/\\\/ubirataonline.com.br\\\/this-brewers-mets-trade-for-mark-vientos-would-fix-power-problem\\\/\",\"name\":\"This Brewers-Mets Trade for Mark Vientos Would Fix Power Problem - Ubirat\u00e3 Online Not\u00edcias - A realidade ao seu alcance!\",\"isPartOf\":{\"@id\":\"https:\\\/\\\/ubirataonline.com.br\\\/#website\"},\"primaryImageOfPage\":{\"@id\":\"https:\\\/\\\/ubirataonline.com.br\\\/this-brewers-mets-trade-for-mark-vientos-would-fix-power-problem\\\/#primaryimage\"},\"image\":{\"@id\":\"https:\\\/\\\/ubirataonline.com.br\\\/this-brewers-mets-trade-for-mark-vientos-would-fix-power-problem\\\/#primaryimage\"},\"thumbnailUrl\":\"https:\\\/\\\/ubirataonline.com.br\\\/wp-content\\\/uploads\\\/2026\\\/05\\\/This-Brewers-Mets-Trade-for-Mark-Vientos-Would-Fix-Power-Problem.jpg\",\"datePublished\":\"2026-05-09T02:36:22+00:00\",\"dateModified\":\"2026-05-09T02:36:25+00:00\",\"description\":\"The Milwaukee Brewers and New York Mets certainly are familiar with one another in the trade market. This past offseason, two sides came together on one\",\"breadcrumb\":{\"@id\":\"https:\\\/\\\/ubirataonline.com.br\\\/this-brewers-mets-trade-for-mark-vientos-would-fix-power-problem\\\/#breadcrumb\"},\"inLanguage\":\"en-US\",\"potentialAction\":[{\"@type\":\"ReadAction\",\"target\":[\"https:\\\/\\\/ubirataonline.com.br\\\/this-brewers-mets-trade-for-mark-vientos-would-fix-power-problem\\\/\"]}]},{\"@type\":\"ImageObject\",\"inLanguage\":\"en-US\",\"@id\":\"https:\\\/\\\/ubirataonline.com.br\\\/this-brewers-mets-trade-for-mark-vientos-would-fix-power-problem\\\/#primaryimage\",\"url\":\"https:\\\/\\\/ubirataonline.com.br\\\/wp-content\\\/uploads\\\/2026\\\/05\\\/This-Brewers-Mets-Trade-for-Mark-Vientos-Would-Fix-Power-Problem.jpg\",\"contentUrl\":\"https:\\\/\\\/ubirataonline.com.br\\\/wp-content\\\/uploads\\\/2026\\\/05\\\/This-Brewers-Mets-Trade-for-Mark-Vientos-Would-Fix-Power-Problem.jpg\",\"width\":1440,\"height\":810,\"caption\":\"Apr 26, 2026; New York City, New York, USA; New York Mets first baseman Mark Vientos (27) walks back to the field after striking out with the bases loaded to end the eighth inning against the Colorado Rockies at Citi Field. Mandatory Credit: Wendell Cruz-Imagn Images | Wendell Cruz-Imagn Images\"},{\"@type\":\"BreadcrumbList\",\"@id\":\"https:\\\/\\\/ubirataonline.com.br\\\/this-brewers-mets-trade-for-mark-vientos-would-fix-power-problem\\\/#breadcrumb\",\"itemListElement\":[{\"@type\":\"ListItem\",\"position\":1,\"name\":\"In\u00edcio\",\"item\":\"https:\\\/\\\/ubirataonline.com.br\\\/\"},{\"@type\":\"ListItem\",\"position\":2,\"name\":\"This Brewers-Mets Trade for Mark Vientos Would Fix Power Problem\"}]},{\"@type\":\"WebSite\",\"@id\":\"https:\\\/\\\/ubirataonline.com.br\\\/#website\",\"url\":\"https:\\\/\\\/ubirataonline.com.br\\\/\",\"name\":\"Ubirat\u00e3 Online Not\u00edcias\",\"description\":\"Not\u00edcias de Ubirat\u00e3, regi\u00e3o, Brasil e mundo, com informa\u00e7\u00e3o atualizada e compromisso com o leitor.\",\"publisher\":{\"@id\":\"https:\\\/\\\/ubirataonline.com.br\\\/#organization\"},\"alternateName\":\"Ubirat\u00e3 Online\",\"potentialAction\":[{\"@type\":\"SearchAction\",\"target\":{\"@type\":\"EntryPoint\",\"urlTemplate\":\"https:\\\/\\\/ubirataonline.com.br\\\/?s={search_term_string}\"},\"query-input\":{\"@type\":\"PropertyValueSpecification\",\"valueRequired\":true,\"valueName\":\"search_term_string\"}}],\"inLanguage\":\"en-US\"},{\"@type\":[\"Organization\",\"Place\"],\"@id\":\"https:\\\/\\\/ubirataonline.com.br\\\/#organization\",\"name\":\"Ubirat\u00e3 Online Not\u00edcias\",\"alternateName\":\"Ubirat\u00e3 Online\",\"url\":\"https:\\\/\\\/ubirataonline.com.br\\\/\",\"logo\":{\"@id\":\"https:\\\/\\\/ubirataonline.com.br\\\/this-brewers-mets-trade-for-mark-vientos-would-fix-power-problem\\\/#local-main-organization-logo\"},\"image\":{\"@id\":\"https:\\\/\\\/ubirataonline.com.br\\\/this-brewers-mets-trade-for-mark-vientos-would-fix-power-problem\\\/#local-main-organization-logo\"},\"sameAs\":[\"https:\\\/\\\/www.facebook.com\\\/portalubirataonline\",\"https:\\\/\\\/x.com\\\/ubirataonline\",\"https:\\\/\\\/mastodon.social\\\/@ubirataonline\",\"https:\\\/\\\/www.facebook.com\\\/groups\\\/311144672285604\",\"https:\\\/\\\/www.facebook.com\\\/UBTAOnline\",\"https:\\\/\\\/www.instagram.com\\\/portalubirataonline\\\/\",\"https:\\\/\\\/twitter.com\\\/ubirataonline\"],\"description\":\"Somos um portal de not\u00edcias independente, criado em 5 de janeiro de 2009, com o objetivo de informar, conectar e valorizar a nossa comunidade de Ubirat\u00e3 e toda aregi\u00e3o. Com conte\u00fado atualizado, confi\u00e1vel e relevante, o Ubirat\u00e3 Online \u00e9 o seu espa\u00e7o para ficar por dentro dos principais acontecimentos locais, regionais, Brasil, Mundo e de interesse geral. Nosso compromisso \u00e9 com a verdade, a transpar\u00eancia e o respeito ao leitor.\",\"legalName\":\"UBIRATA ONLINE NOT\u00cdCIAS\",\"foundingDate\":\"2009-01-05\",\"numberOfEmployees\":{\"@type\":\"QuantitativeValue\",\"minValue\":\"1\",\"maxValue\":\"10\"},\"publishingPrinciples\":\"https:\\\/\\\/ubirataonline.com.br\\\/faq\\\/\",\"address\":{\"@id\":\"https:\\\/\\\/ubirataonline.com.br\\\/this-brewers-mets-trade-for-mark-vientos-would-fix-power-problem\\\/#local-main-place-address\"},\"geo\":{\"@type\":\"GeoCoordinates\",\"latitude\":\"-24.5361401\",\"longitude\":\"-52.9921776\"},\"telephone\":[\"+5544998308235\"],\"contactPoint\":{\"@type\":\"ContactPoint\",\"email\":\"contato@ubirataonline.com.br\"},\"openingHoursSpecification\":{\"@type\":\"OpeningHoursSpecification\",\"dayOfWeek\":[\"Monday\",\"Tuesday\",\"Wednesday\",\"Thursday\",\"Friday\",\"Saturday\",\"Sunday\"],\"opens\":\"00:00\",\"closes\":\"23:59\"},\"email\":\"contato@ubirataonline.com.br\",\"vatID\":\"47.621.418\\\/0001-80\"},{\"@type\":\"Person\",\"@id\":\"https:\\\/\\\/ubirataonline.com.br\\\/#\\\/schema\\\/person\\\/372f87bbd3fdd79b8556b84c98d0bc1c\",\"name\":\"REDA\u00c7\u00c3O: UBIRAT\u00c3 ONLINE - F\u00c1BIO AUGUSTO CELESTINO\",\"pronouns\":\"Ele\",\"description\":\"Desde 2003 trabalhando com not\u00edcias.\",\"sameAs\":[\"http:\\\/\\\/ubirataoline.com.br\",\"https:\\\/\\\/www.facebook.com\\\/portalubirataonline\",\"https:\\\/\\\/www.instagram.com\\\/ubirataonline_oficial\",\"https:\\\/\\\/x.com\\\/x.com\\\/ubirataonline\"],\"honorificPrefix\":\"Mr.\",\"honorificSuffix\":\"MD\",\"birthDate\":\"1980-06-16\",\"gender\":\"masculino\",\"award\":[\"V\u00e1rios pr\u00eamios de melhor portal da cidade\"],\"jobTitle\":\"Diretor\",\"url\":\"https:\\\/\\\/ubirataonline.com.br\\\/en\\\/author\\\/ubirataonline\\\/\"},{\"@type\":\"PostalAddress\",\"@id\":\"https:\\\/\\\/ubirataonline.com.br\\\/this-brewers-mets-trade-for-mark-vientos-would-fix-power-problem\\\/#local-main-place-address\",\"streetAddress\":\"Rua dos Coqueiros, 104 - Bairro Boa Vista, Rua dos Coqueiros, 104 Bairro Boa Vista\",\"addressLocality\":\"UBIRATA\",\"postalCode\":\"85440-000\",\"addressRegion\":\"PR\",\"addressCountry\":\"BR\"},{\"@type\":\"ImageObject\",\"inLanguage\":\"en-US\",\"@id\":\"https:\\\/\\\/ubirataonline.com.br\\\/this-brewers-mets-trade-for-mark-vientos-would-fix-power-problem\\\/#local-main-organization-logo\",\"url\":\"https:\\\/\\\/ubirataonline.com.br\\\/wp-content\\\/uploads\\\/2026\\\/06\\\/logoubirataonline-1.webp\",\"contentUrl\":\"https:\\\/\\\/ubirataonline.com.br\\\/wp-content\\\/uploads\\\/2026\\\/06\\\/logoubirataonline-1.webp\",\"width\":500,\"height\":500,\"caption\":\"Ubirat\u00e3 Online Not\u00edcias\"}]}<\/script>\n<meta name=\"geo.placename\" content=\"UBIRATA\" \/>\n<meta name=\"geo.position\" content=\"-24.5361401;-52.9921776\" \/>\n<meta name=\"geo.region\" content=\"Brazil\" \/>\n<!-- \/ Yoast SEO Premium plugin. -->","yoast_head_json":{"title":"This Brewers-Mets Trade for Mark Vientos Would Fix Power Problem - Ubirat\u00e3 Online Not\u00edcias - A realidade ao seu alcance!","description":"The Milwaukee Brewers and New York Mets certainly are familiar with one another in the trade market. This past offseason, two sides came together on one","robots":{"index":"index","follow":"follow","max-snippet":"max-snippet:-1","max-image-preview":"max-image-preview:large","max-video-preview":"max-video-preview:-1"},"canonical":"https:\/\/ubirataonline.com.br\/en\/this-brewers-mets-trade-for-mark-vientos-would-fix-power-problem\/","og_locale":"en_US","og_type":"article","og_title":"This Brewers-Mets Trade for Mark Vientos Would Fix Power Problem","og_description":"The Milwaukee Brewers and New York Mets certainly are familiar with one another in the trade market. This past offseason, two sides came together on one","og_url":"https:\/\/ubirataonline.com.br\/en\/this-brewers-mets-trade-for-mark-vientos-would-fix-power-problem\/","og_site_name":"Ubirat\u00e3 Online Not\u00edcias - A realidade ao seu alcance!","article_publisher":"https:\/\/www.facebook.com\/portalubirataonline","article_author":"https:\/\/www.facebook.com\/portalubirataonline","article_published_time":"2026-05-09T02:36:22+00:00","article_modified_time":"2026-05-09T02:36:25+00:00","og_image":[{"width":1440,"height":810,"url":"https:\/\/ubirataonline.com.br\/wp-content\/uploads\/2026\/05\/This-Brewers-Mets-Trade-for-Mark-Vientos-Would-Fix-Power-Problem.jpg","type":"image\/jpeg"}],"author":"REDA\u00c7\u00c3O: UBIRAT\u00c3 ONLINE - F\u00c1BIO AUGUSTO CELESTINO","twitter_card":"summary_large_image","twitter_creator":"@x.com\/ubirataonline","twitter_site":"@ubirataonline","twitter_misc":{"Written by":"REDA\u00c7\u00c3O: UBIRAT\u00c3 ONLINE - F\u00c1BIO AUGUSTO CELESTINO","Est. reading time":"2 minutes"},"schema":{"@context":"https:\/\/schema.org","@graph":[{"@type":"NewsArticle","@id":"https:\/\/ubirataonline.com.br\/this-brewers-mets-trade-for-mark-vientos-would-fix-power-problem\/#article","isPartOf":{"@id":"https:\/\/ubirataonline.com.br\/this-brewers-mets-trade-for-mark-vientos-would-fix-power-problem\/"},"author":{"name":"REDA\u00c7\u00c3O: UBIRAT\u00c3 ONLINE - F\u00c1BIO AUGUSTO CELESTINO","@id":"https:\/\/ubirataonline.com.br\/#\/schema\/person\/372f87bbd3fdd79b8556b84c98d0bc1c"},"headline":"This Brewers-Mets Trade for Mark Vientos Would Fix Power Problem","datePublished":"2026-05-09T02:36:22+00:00","dateModified":"2026-05-09T02:36:25+00:00","mainEntityOfPage":{"@id":"https:\/\/ubirataonline.com.br\/this-brewers-mets-trade-for-mark-vientos-would-fix-power-problem\/"},"wordCount":455,"publisher":{"@id":"https:\/\/ubirataonline.com.br\/#organization"},"image":{"@id":"https:\/\/ubirataonline.com.br\/this-brewers-mets-trade-for-mark-vientos-would-fix-power-problem\/#primaryimage"},"thumbnailUrl":"https:\/\/ubirataonline.com.br\/wp-content\/uploads\/2026\/05\/This-Brewers-Mets-Trade-for-Mark-Vientos-Would-Fix-Power-Problem.jpg","keywords":["BrewersMets","fix","Mark","Power","problem","Trade","Vientos"],"articleSection":["Europe"],"inLanguage":"en-US","copyrightYear":"2026","copyrightHolder":{"@id":"https:\/\/ubirataonline.com.br\/en\/#organization"}},{"@type":"WebPage","@id":"https:\/\/ubirataonline.com.br\/this-brewers-mets-trade-for-mark-vientos-would-fix-power-problem\/","url":"https:\/\/ubirataonline.com.br\/this-brewers-mets-trade-for-mark-vientos-would-fix-power-problem\/","name":"This Brewers-Mets Trade for Mark Vientos Would Fix Power Problem - Ubirat\u00e3 Online Not\u00edcias - A realidade ao seu alcance!","isPartOf":{"@id":"https:\/\/ubirataonline.com.br\/#website"},"primaryImageOfPage":{"@id":"https:\/\/ubirataonline.com.br\/this-brewers-mets-trade-for-mark-vientos-would-fix-power-problem\/#primaryimage"},"image":{"@id":"https:\/\/ubirataonline.com.br\/this-brewers-mets-trade-for-mark-vientos-would-fix-power-problem\/#primaryimage"},"thumbnailUrl":"https:\/\/ubirataonline.com.br\/wp-content\/uploads\/2026\/05\/This-Brewers-Mets-Trade-for-Mark-Vientos-Would-Fix-Power-Problem.jpg","datePublished":"2026-05-09T02:36:22+00:00","dateModified":"2026-05-09T02:36:25+00:00","description":"The Milwaukee Brewers and New York Mets certainly are familiar with one another in the trade market. This past offseason, two sides came together on one","breadcrumb":{"@id":"https:\/\/ubirataonline.com.br\/this-brewers-mets-trade-for-mark-vientos-would-fix-power-problem\/#breadcrumb"},"inLanguage":"en-US","potentialAction":[{"@type":"ReadAction","target":["https:\/\/ubirataonline.com.br\/this-brewers-mets-trade-for-mark-vientos-would-fix-power-problem\/"]}]},{"@type":"ImageObject","inLanguage":"en-US","@id":"https:\/\/ubirataonline.com.br\/this-brewers-mets-trade-for-mark-vientos-would-fix-power-problem\/#primaryimage","url":"https:\/\/ubirataonline.com.br\/wp-content\/uploads\/2026\/05\/This-Brewers-Mets-Trade-for-Mark-Vientos-Would-Fix-Power-Problem.jpg","contentUrl":"https:\/\/ubirataonline.com.br\/wp-content\/uploads\/2026\/05\/This-Brewers-Mets-Trade-for-Mark-Vientos-Would-Fix-Power-Problem.jpg","width":1440,"height":810,"caption":"Apr 26, 2026; New York City, New York, USA; New York Mets first baseman Mark Vientos (27) walks back to the field after striking out with the bases loaded to end the eighth inning against the Colorado Rockies at Citi Field. Mandatory Credit: Wendell Cruz-Imagn Images | Wendell Cruz-Imagn Images"},{"@type":"BreadcrumbList","@id":"https:\/\/ubirataonline.com.br\/this-brewers-mets-trade-for-mark-vientos-would-fix-power-problem\/#breadcrumb","itemListElement":[{"@type":"ListItem","position":1,"name":"In\u00edcio","item":"https:\/\/ubirataonline.com.br\/"},{"@type":"ListItem","position":2,"name":"This Brewers-Mets Trade for Mark Vientos Would Fix Power Problem"}]},{"@type":"WebSite","@id":"https:\/\/ubirataonline.com.br\/#website","url":"https:\/\/ubirataonline.com.br\/","name":"Ubirat\u00e3 Online Not\u00edcias","description":"Not\u00edcias de Ubirat\u00e3, regi\u00e3o, Brasil e mundo, com informa\u00e7\u00e3o atualizada e compromisso com o leitor.","publisher":{"@id":"https:\/\/ubirataonline.com.br\/#organization"},"alternateName":"Ubirat\u00e3 Online","potentialAction":[{"@type":"SearchAction","target":{"@type":"EntryPoint","urlTemplate":"https:\/\/ubirataonline.com.br\/?s={search_term_string}"},"query-input":{"@type":"PropertyValueSpecification","valueRequired":true,"valueName":"search_term_string"}}],"inLanguage":"en-US"},{"@type":["Organization","Place"],"@id":"https:\/\/ubirataonline.com.br\/#organization","name":"Ubirat\u00e3 Online Not\u00edcias","alternateName":"Ubirat\u00e3 Online","url":"https:\/\/ubirataonline.com.br\/","logo":{"@id":"https:\/\/ubirataonline.com.br\/this-brewers-mets-trade-for-mark-vientos-would-fix-power-problem\/#local-main-organization-logo"},"image":{"@id":"https:\/\/ubirataonline.com.br\/this-brewers-mets-trade-for-mark-vientos-would-fix-power-problem\/#local-main-organization-logo"},"sameAs":["https:\/\/www.facebook.com\/portalubirataonline","https:\/\/x.com\/ubirataonline","https:\/\/mastodon.social\/@ubirataonline","https:\/\/www.facebook.com\/groups\/311144672285604","https:\/\/www.facebook.com\/UBTAOnline","https:\/\/www.instagram.com\/portalubirataonline\/","https:\/\/twitter.com\/ubirataonline"],"description":"Somos um portal de not\u00edcias independente, criado em 5 de janeiro de 2009, com o objetivo de informar, conectar e valorizar a nossa comunidade de Ubirat\u00e3 e toda aregi\u00e3o. Com conte\u00fado atualizado, confi\u00e1vel e relevante, o Ubirat\u00e3 Online \u00e9 o seu espa\u00e7o para ficar por dentro dos principais acontecimentos locais, regionais, Brasil, Mundo e de interesse geral. Nosso compromisso \u00e9 com a verdade, a transpar\u00eancia e o respeito ao leitor.","legalName":"UBIRATA ONLINE NOT\u00cdCIAS","foundingDate":"2009-01-05","numberOfEmployees":{"@type":"QuantitativeValue","minValue":"1","maxValue":"10"},"publishingPrinciples":"https:\/\/ubirataonline.com.br\/faq\/","address":{"@id":"https:\/\/ubirataonline.com.br\/this-brewers-mets-trade-for-mark-vientos-would-fix-power-problem\/#local-main-place-address"},"geo":{"@type":"GeoCoordinates","latitude":"-24.5361401","longitude":"-52.9921776"},"telephone":["+5544998308235"],"contactPoint":{"@type":"ContactPoint","email":"contato@ubirataonline.com.br"},"openingHoursSpecification":{"@type":"OpeningHoursSpecification","dayOfWeek":["Monday","Tuesday","Wednesday","Thursday","Friday","Saturday","Sunday"],"opens":"00:00","closes":"23:59"},"email":"contato@ubirataonline.com.br","vatID":"47.621.418\/0001-80"},{"@type":"Person","@id":"https:\/\/ubirataonline.com.br\/#\/schema\/person\/372f87bbd3fdd79b8556b84c98d0bc1c","name":"REDA\u00c7\u00c3O: UBIRAT\u00c3 ONLINE - F\u00c1BIO AUGUSTO CELESTINO","pronouns":"Ele","description":"Desde 2003 trabalhando com not\u00edcias.","sameAs":["http:\/\/ubirataoline.com.br","https:\/\/www.facebook.com\/portalubirataonline","https:\/\/www.instagram.com\/ubirataonline_oficial","https:\/\/x.com\/x.com\/ubirataonline"],"honorificPrefix":"Mr.","honorificSuffix":"MD","birthDate":"1980-06-16","gender":"masculino","award":["V\u00e1rios pr\u00eamios de melhor portal da cidade"],"jobTitle":"Diretor","url":"https:\/\/ubirataonline.com.br\/en\/author\/ubirataonline\/"},{"@type":"PostalAddress","@id":"https:\/\/ubirataonline.com.br\/this-brewers-mets-trade-for-mark-vientos-would-fix-power-problem\/#local-main-place-address","streetAddress":"Rua dos Coqueiros, 104 - Bairro Boa Vista, Rua dos Coqueiros, 104 Bairro Boa Vista","addressLocality":"UBIRATA","postalCode":"85440-000","addressRegion":"PR","addressCountry":"BR"},{"@type":"ImageObject","inLanguage":"en-US","@id":"https:\/\/ubirataonline.com.br\/this-brewers-mets-trade-for-mark-vientos-would-fix-power-problem\/#local-main-organization-logo","url":"https:\/\/ubirataonline.com.br\/wp-content\/uploads\/2026\/06\/logoubirataonline-1.webp","contentUrl":"https:\/\/ubirataonline.com.br\/wp-content\/uploads\/2026\/06\/logoubirataonline-1.webp","width":500,"height":500,"caption":"Ubirat\u00e3 Online Not\u00edcias"}]},"geo.placename":"UBIRATA","geo.position":{"lat":"-24.5361401","long":"-52.9921776"},"geo.region":"Brazil"},"_links":{"self":[{"href":"https:\/\/ubirataonline.com.br\/en\/wp-json\/wp\/v2\/posts\/124690","targetHints":{"allow":["GET"]}}],"collection":[{"href":"https:\/\/ubirataonline.com.br\/en\/wp-json\/wp\/v2\/posts"}],"about":[{"href":"https:\/\/ubirataonline.com.br\/en\/wp-json\/wp\/v2\/types\/post"}],"author":[{"embeddable":true,"href":"https:\/\/ubirataonline.com.br\/en\/wp-json\/wp\/v2\/users\/1"}],"replies":[{"embeddable":true,"href":"https:\/\/ubirataonline.com.br\/en\/wp-json\/wp\/v2\/comments?post=124690"}],"version-history":[{"count":0,"href":"https:\/\/ubirataonline.com.br\/en\/wp-json\/wp\/v2\/posts\/124690\/revisions"}],"wp:featuredmedia":[{"embeddable":true,"href":"https:\/\/ubirataonline.com.br\/en\/wp-json\/wp\/v2\/media\/124691"}],"wp:attachment":[{"href":"https:\/\/ubirataonline.com.br\/en\/wp-json\/wp\/v2\/media?parent=124690"}],"wp:term":[{"taxonomy":"category","embeddable":true,"href":"https:\/\/ubirataonline.com.br\/en\/wp-json\/wp\/v2\/categories?post=124690"},{"taxonomy":"post_tag","embeddable":true,"href":"https:\/\/ubirataonline.com.br\/en\/wp-json\/wp\/v2\/tags?post=124690"}],"curies":[{"name":"wp","href":"https:\/\/api.w.org\/{rel}","templated":true}]}}