{"id":125179,"date":"2026-05-09T13:11:24","date_gmt":"2026-05-09T16:11:24","guid":{"rendered":"https:\/\/ubirataonline.com.br\/atletico-de-madrid-vs-celta-previa-predicciones-y-alineaciones\/"},"modified":"2026-05-09T13:11:27","modified_gmt":"2026-05-09T16:11:27","slug":"atletico-de-madrid-vs-celta-previa-predicciones-y-alineaciones","status":"publish","type":"post","link":"https:\/\/ubirataonline.com.br\/en\/atletico-de-madrid-vs-celta-previa-predicciones-y-alineaciones\/","title":{"rendered":"Atl\u00e9tico de Madrid vs Celta: previa, predicciones y alineaciones"},"content":{"rendered":"<p><\/p>\n<div q:key=\"QW_9\"><!--qv q:key=QW_6--><!--qv q:id=55 q:key=vcaa:\n\n<p>El <a href=\"https:\/\/www.si.com\/es-us\/futbol\/equipo\/atletico-madrid\" target=\"_blank\"><strong>Atl&eacute;tico de Madrid <\/strong><\/a>y el <strong>Celta de Vigo <\/strong>se miden este s&aacute;bado 9 de mayo en el marco de la 35&deg; jornada de <a href=\"https:\/\/www.si.com\/es-us\/futbol\/la-liga\" target=\"_blank\"><strong>LaLiga<\/strong><\/a> en uno de los encuentros m&aacute;s atractivos de la jornada.<\/p>\n\n--><!--qv q:id=56 q:key=lY4S:mL_1--><\/p>\n<p id=\"inline-text-0\" class=\"mt-[18px] md:mt-0 mb-[18px] [&amp;_a]:text-primary my-f-1.5\" q:key=\"0\" q:id=\"57\">El <a href=\"https:\/\/www.si.com\/es-us\/futbol\/equipo\/atletico-madrid\" target=\"_blank\"><strong>Atl\u00e9tico de Madrid <\/strong><\/a>y el <strong>Celta de Vigo <\/strong>se miden este s\u00e1bado 9 de mayo en el marco de la 35\u00b0 jornada de <a href=\"https:\/\/www.si.com\/es-us\/futbol\/la-liga\" target=\"_blank\"><strong>LaLiga<\/strong><\/a> en uno de los encuentros m\u00e1s atractivos de la jornada.<\/p>\n<p><!--\/qv--><!--\/qv--><!--\/qv--><!--qv q:key=QW_6--><!--qv q:id=58 q:key=vcaa:\n\n<p>El equipo que conduce Diego Simeone llega al partido luego de la dolorosa eliminaci&oacute;n en semifinales de Champions League a manos del Arsenal, una ca&iacute;da que acab&oacute; por sepultar la &uacute;ltima posibilidad de obtener un t&iacute;tulo en esta temporada. El objetivo colchonero pasa ahora por sellar la clasificaci&oacute;n a Champions League, meta que alcanzar&aacute; con un triunfo.<\/p>\n\n--><!--qv q:id=59 q:key=lY4S:mL_1--><\/p>\n<p id=\"inline-text-1\" class=\"my-[18px] [&amp;_a]:text-primary my-f-1.5\" q:key=\"0\" q:id=\"5a\">El equipo que conduce Diego Simeone llega al partido luego de la dolorosa eliminaci\u00f3n en semifinales de Champions League a manos del Arsenal, una ca\u00edda que acab\u00f3 por sepultar la \u00faltima posibilidad de obtener un t\u00edtulo en esta temporada. El objetivo colchonero pasa ahora por sellar la clasificaci\u00f3n a Champions League, meta que alcanzar\u00e1 con un triunfo.<\/p>\n<p><!--\/qv--><!--\/qv--><!--\/qv--><!--qv q:key=QW_6--><!--qv q:id=5b q:key=vcaa:\n\n<p>El Celta, por su parte, visita el Metropolitano con la necesidad de sumar de a tres para consolidar su posici&oacute;n en zona de clasificaci&oacute;n a torneos continentales. Por el momento se ubica en la 6&deg; posici&oacute;n, sacando boleto a la pr&oacute;xima Conference League. Sin embargo, a&uacute;n puede aspirar a superar al Betis, seis puntos por delante y hoy clasificado a la Europa League.<\/p>\n\n--><!--qv q:id=5c q:key=lY4S:mL_1--><\/p>\n<p id=\"inline-text-2\" class=\"my-[18px] [&amp;_a]:text-primary my-f-1.5\" q:key=\"0\" q:id=\"5d\">El Celta, por su parte, visita el Metropolitano con la necesidad de sumar de a tres para consolidar su posici\u00f3n en zona de clasificaci\u00f3n a torneos continentales. Por el momento se ubica en la 6\u00b0 posici\u00f3n, sacando boleto a la pr\u00f3xima Conference League. Sin embargo, a\u00fan puede aspirar a superar al Betis, seis puntos por delante y hoy clasificado a la Europa League.<\/p>\n<p><!--\/qv--><!--\/qv--><!--\/qv--><!--qv q:key=QW_6--><!--qv q:id=5e q:key=vcaa:\n\n<p>A continuaci&oacute;n, toda la informaci&oacute;n para vivir y disfrutar de este gran duelo.<\/p>\n\n--><!--qv q:id=5f q:key=lY4S:mL_1--><\/p>\n<p id=\"inline-text-3\" class=\"my-[18px] [&amp;_a]:text-primary my-f-1.5\" q:key=\"0\" q:id=\"5g\">A continuaci\u00f3n, toda la informaci\u00f3n para vivir y disfrutar de este gran duelo.<\/p>\n<p><!--\/qv--><!--\/qv--><!--\/qv--><!--qv q:key=QW_6--><!--qv q:id=5h q:key=vcaa:4--><!--qv q:id=5i q:key=fOK1:mL_1--><\/p>\n<hr class=\"w-full border-0 my-4 bg-lightGrey h-1\" q:key=\"Xt_0\"\/><!--\/qv--><!--\/qv--><!--\/qv--><!--qv q:key=QW_6--><!--qv q:id=5j q:key=vcaa:\n\n<h2>Pron&oacute;stico SI F&uacute;tbol<\/h2>\n\n--><!--qv q:id=5k q:key=lY4S:mL_1--><\/p>\n<h2 id=\"inline-text-5\" class=\"scroll-mt-24 my-[18px] [&amp;_a]:text-primary my-f-1.5\" q:key=\"0\" q:id=\"5l\">Pron\u00f3stico SI F\u00fatbol<\/h2>\n<p><!--\/qv--><!--\/qv--><!--\/qv--><!--qv q:key=QW_6--><!--qv q:id=5m q:key=vcaa:\n\n<p>Atl&eacute;tico de Madrid juega en casa y sigue siendo un rival dif&iacute;cil de superar, pero la sensaci&oacute;n es que llega a esta recta final sin la misma motivaci&oacute;n que su adversario, que s&iacute; tiene objetivos muy concretos por delante. La clasificaci&oacute;n a Champions est&aacute; pr&aacute;cticamente asegurada, por lo que los jugadores deber&aacute;n encontrar razones m&aacute;s all&aacute; de lo futbol&iacute;stico para aferrarse a una levantada.<\/p>\n\n--><!--qv q:id=5n q:key=lY4S:mL_1--><\/p>\n<p id=\"inline-text-6\" class=\"my-[18px] [&amp;_a]:text-primary my-f-1.5\" q:key=\"0\" q:id=\"5o\">Atl\u00e9tico de Madrid juega en casa y sigue siendo un rival dif\u00edcil de superar, pero la sensaci\u00f3n es que llega a esta recta final sin la misma motivaci\u00f3n que su adversario, que s\u00ed tiene objetivos muy concretos por delante. La clasificaci\u00f3n a Champions est\u00e1 pr\u00e1cticamente asegurada, por lo que los jugadores deber\u00e1n encontrar razones m\u00e1s all\u00e1 de lo futbol\u00edstico para aferrarse a una levantada.<\/p>\n<p><!--\/qv--><!--\/qv--><!--\/qv--><!--qv q:key=QW_6--><!--qv q:id=5p q:key=vcaa:\n\n<p>Celta de Vigo transmite otra energ&iacute;a. Llega m&aacute;s descansado, con una semana completa de preparaci&oacute;n, y todav&iacute;a pelea por meterse en los puestos altos de la tabla. Esa necesidad puede llevarlo a asumir riesgos en ciertos momentos, pero tambi&eacute;n a jugar con una intensidad distinta. El antecedente hist&oacute;rico en Madrid no lo favorece, pero apostamos por un batacazo en el Metropolitano.<\/p>\n\n--><!--qv q:id=5q q:key=lY4S:mL_1--><\/p>\n<p id=\"inline-text-7\" class=\"my-[18px] [&amp;_a]:text-primary my-f-1.5\" q:key=\"0\" q:id=\"5r\">Celta de Vigo transmite otra energ\u00eda. Llega m\u00e1s descansado, con una semana completa de preparaci\u00f3n, y todav\u00eda pelea por meterse en los puestos altos de la tabla. Esa necesidad puede llevarlo a asumir riesgos en ciertos momentos, pero tambi\u00e9n a jugar con una intensidad distinta. El antecedente hist\u00f3rico en Madrid no lo favorece, pero apostamos por un batacazo en el Metropolitano.<\/p>\n<p><!--\/qv--><!--\/qv--><!--\/qv--><!--qv q:key=QW_6--><!--qv q:id=5s q:key=vcaa:\n\n<p><strong>Pron&oacute;stico: Atl&eacute;tico de Madrid 1 - 2 Celta de Vigo<\/strong><\/p>\n\n--><!--qv q:id=5t q:key=lY4S:mL_1--><\/p>\n<p id=\"inline-text-8\" class=\"my-[18px] [&amp;_a]:text-primary my-f-1.5\" q:key=\"0\" q:id=\"5u\"><strong>Pron\u00f3stico: Atl\u00e9tico de Madrid 1 &#8211; 2 Celta de Vigo<\/strong><\/p>\n<p><!--\/qv--><!--\/qv--><!--\/qv--><!--qv q:key=QW_6--><!--qv q:id=5v q:key=vcaa:9--><!--qv q:id=5w q:key=fOK1:mL_1--><\/p>\n<hr class=\"w-full border-0 my-4 bg-lightGrey h-1\" q:key=\"Xt_0\"\/><!--\/qv--><!--\/qv--><!--\/qv--><!--qv q:key=QW_6--><!--qv q:id=5x q:key=vcaa:\n\n<h2>&iquest;A qu&eacute; hora se juega Atl&eacute;tico de Madrid vs Celta de Vigo?<\/h2>\n\n--><!--qv q:id=5y q:key=lY4S:mL_1--><\/p>\n<h2 id=\"inline-text-10\" class=\"scroll-mt-24 my-[18px] [&amp;_a]:text-primary my-f-1.5\" q:key=\"0\" q:id=\"5z\">\u00bfA qu\u00e9 hora se juega Atl\u00e9tico de Madrid vs Celta de Vigo?<\/h2>\n<p><!--\/qv--><!--\/qv--><!--\/qv--><!--qv q:key=QW_6--><!--qv q:id=60 q:key=vcaa:\n\n<ul>\n\n<li><strong>Ciudad<\/strong>: Madrid, Espa&ntilde;a<\/li>\n\n\n\n<li><strong>Estadio<\/strong>: Riyadh Air Metropolitano<\/li>\n\n\n\n<li><strong>Fecha<\/strong>: s&aacute;bado 9 de mayo<\/li>\n\n\n\n<li><strong>Hora<\/strong>: 12:30 E.UU (Este), 10:30 MEX, 18:30 ESP<\/li>\n\n\n\n<li><strong>&Aacute;rbitro<\/strong>: A confirmar<\/li>\n\n<\/ul>\n\n--><!--qv q:id=61 q:key=lY4S:mL_1--><\/p>\n<ul id=\"inline-text-11\" class=\"!list-disc ml-5 my-[18px] [&amp;_a]:text-primary my-f-1.5\" q:key=\"0\" q:id=\"62\">\n<li><strong>Ciudad<\/strong>: Madrid, Espa\u00f1a<\/li>\n<li><strong>Estadio<\/strong>: Riyadh Air Metropolitano<\/li>\n<li><strong>Fecha<\/strong>: s\u00e1bado 9 de mayo<\/li>\n<li><strong>Hora<\/strong>: 12:30 E.UU (Este), 10:30 MEX, 18:30 ESP<\/li>\n<li><strong>\u00c1rbitro<\/strong>: A confirmar<\/li>\n<\/ul>\n<p><!--\/qv--><!--\/qv--><!--\/qv--><!--qv q:key=QW_6--><!--qv q:id=63 q:key=vcaa:\n\n<h2>Historial de enfrentamientos directos entre Atl&eacute;tico de Madrid y Celta de Vigo (&uacute;ltimos cinco partidos)<br \/><\/h2>\n\n--><!--qv q:id=64 q:key=lY4S:mL_1--><\/p>\n<h2 id=\"inline-text-12\" class=\"scroll-mt-24 my-[18px] [&amp;_a]:text-primary my-f-1.5\" q:key=\"0\" q:id=\"65\">Historial de enfrentamientos directos entre Atl\u00e9tico de Madrid y Celta de Vigo (\u00faltimos cinco partidos)<br \/><\/h2>\n<p><!--\/qv--><!--\/qv--><!--\/qv--><!--qv q:key=QW_6--><!--qv q:id=66 q:key=vcaa:\n\n<ul>\n\n<li><strong>Atl&eacute;tico de Madrid<\/strong>: 3<\/li>\n\n\n\n<li><strong>Empate<\/strong>: 2<\/li>\n\n\n\n<li><strong>Celta de Vigo<\/strong>: 0<\/li>\n\n<\/ul>\n\n--><!--qv q:id=67 q:key=lY4S:mL_1--><\/p>\n<ul id=\"inline-text-13\" class=\"!list-disc ml-5 my-[18px] [&amp;_a]:text-primary my-f-1.5\" q:key=\"0\" q:id=\"68\">\n<li><strong>Atl\u00e9tico de Madrid<\/strong>: 3<\/li>\n<li><strong>Empate<\/strong>: 2<\/li>\n<li><strong>Celta de Vigo<\/strong>: 0<\/li>\n<\/ul>\n<p><!--\/qv--><!--\/qv--><!--\/qv--><!--qv q:key=QW_6--><!--qv q:id=69 q:key=vcaa:\n\n<ul>\n\n<li><strong>&Uacute;ltimo partido entre ambos<\/strong>: 05\/10\/2025 - Celta 1-1 Atl&eacute;tico de Madrid - La Liga Jornada 8<\/li>\n\n<\/ul>\n\n--><!--qv q:id=6a q:key=lY4S:mL_1--><\/p>\n<ul id=\"inline-text-14\" class=\"!list-disc ml-5 my-[18px] [&amp;_a]:text-primary my-f-1.5\" q:key=\"0\" q:id=\"6b\">\n<li><strong>\u00daltimo partido entre ambos<\/strong>: 05\/10\/2025 &#8211; Celta 1-1 Atl\u00e9tico de Madrid &#8211; La Liga Jornada 8<\/li>\n<\/ul>\n<p><!--\/qv--><!--\/qv--><!--\/qv--><!--qv q:key=QW_6--><!--qv q:id=6c q:key=vcaa:https:\/\/images2.minutemediacdn.com\/image\/upload\/c_crop,w_1024,h_576,x_0,y_76\/images\/GettyImages\/mmsport\/sports_illustrated_ftbol\/01kr21hrqe6z9wbxx15y--><!--qv q:id=6d q:key=VjqC:mL_1--><!--qv q:id=6e q:key=deAA:7d_3--><!--qv q:s q:sref=6e q:key=--><!--qv q:id=6f q:key=deAA:7d_2--><!--qv q:s q:sref=6f q:key=--><!--qv q:id=6g q:key=cHU9:7d_1--><!--qv q:id=6h q:key=deAA:e2_0--><!--qv q:id=6i q:key=B0c2:SZ_1--><\/p>\n<figure q:key=\"9m_3\" q:id=\"6j\"><!--qv q:s q:sref=6i q:key=--><!--qv q:s q:sref=6h q:key=--><\/p>\n<div class=\"overflow-hidden undefined\" on:qvisible=\"q-BwlumzYP.js#_hW[0]\" q:id=\"6k\"><picture style=\"aspect-ratio: 16 \/ 9\"><source srcset=\"https:\/\/images2.minutemediacdn.com\/image\/upload\/c_crop,x_0,y_76,w_1024,h_576\/c_fill,w_360,ar_16:9,f_auto,q_auto,g_auto\/images%2FGettyImages%2Fmmsport%2Fsports_illustrated_ftbol%2F01kr21hrqe6z9wbxx15y.jpg 1x, &#10;    https:\/\/images2.minutemediacdn.com\/image\/upload\/c_crop,x_0,y_76,w_1024,h_576\/c_fill,w_720,ar_16:9,f_auto,q_auto,g_auto\/images%2FGettyImages%2Fmmsport%2Fsports_illustrated_ftbol%2F01kr21hrqe6z9wbxx15y.jpg 2x, &#10;    https:\/\/images2.minutemediacdn.com\/image\/upload\/c_crop,x_0,y_76,w_1024,h_576\/c_fill,w_1080,ar_16:9,f_auto,q_auto,g_auto\/images%2FGettyImages%2Fmmsport%2Fsports_illustrated_ftbol%2F01kr21hrqe6z9wbxx15y.jpg 3x\" media=\"(max-width: 719px)\"><source srcset=\"https:\/\/images2.minutemediacdn.com\/image\/upload\/c_crop,x_0,y_76,w_1024,h_576\/c_fill,w_720,ar_16:9,f_auto,q_auto,g_auto\/images%2FGettyImages%2Fmmsport%2Fsports_illustrated_ftbol%2F01kr21hrqe6z9wbxx15y.jpg 1x,&#10;    https:\/\/images2.minutemediacdn.com\/image\/upload\/c_crop,x_0,y_76,w_1024,h_576\/c_fill,w_1440,ar_16:9,f_auto,q_auto,g_auto\/images%2FGettyImages%2Fmmsport%2Fsports_illustrated_ftbol%2F01kr21hrqe6z9wbxx15y.jpg 2x, &#10;    https:\/\/images2.minutemediacdn.com\/image\/upload\/c_crop,x_0,y_76,w_1024,h_576\/c_fill,w_1440,ar_16:9,f_auto,q_auto,g_auto\/images%2FGettyImages%2Fmmsport%2Fsports_illustrated_ftbol%2F01kr21hrqe6z9wbxx15y.jpg 3x\" media=\"(max-width: 1079px)\"><source srcset=\"https:\/\/images2.minutemediacdn.com\/image\/upload\/c_crop,x_0,y_76,w_1024,h_576\/c_fill,w_720,ar_16:9,f_auto,q_auto,g_auto\/images%2FGettyImages%2Fmmsport%2Fsports_illustrated_ftbol%2F01kr21hrqe6z9wbxx15y.jpg 1x,&#10;    https:\/\/images2.minutemediacdn.com\/image\/upload\/c_crop,x_0,y_76,w_1024,h_576\/c_fill,w_1440,ar_16:9,f_auto,q_auto,g_auto\/images%2FGettyImages%2Fmmsport%2Fsports_illustrated_ftbol%2F01kr21hrqe6z9wbxx15y.jpg 2x,&#10;    https:\/\/images2.minutemediacdn.com\/image\/upload\/c_crop,x_0,y_76,w_1024,h_576\/c_fill,w_1440,ar_16:9,f_auto,q_auto,g_auto\/images%2FGettyImages%2Fmmsport%2Fsports_illustrated_ftbol%2F01kr21hrqe6z9wbxx15y.jpg 3x\" media=\"(min-width: 1080px)\"><\/source><\/source><\/source><\/picture><\/div>\n<p><!--\/qv--><!--\/qv--><\/p>\n<p><figcaption q:id=\"6m\">FBL-ESP-LIGA-CELTA VIGO-ATLETICO MADRID | MIGUEL RIOPA\/GettyImages<\/figcaption><\/p>\n<\/figure>\n<p><!--\/qv--><!--\/qv--><!--\/qv--><!--\/qv--><!--\/qv--><!--\/qv--><!--\/qv--><!--\/qv--><!--\/qv--><!--\/qv--><!--qv q:key=QW_6--><!--qv q:id=6n q:key=vcaa:\n\n<h2>&Uacute;ltimos 5 partidos<\/h2>\n\n--><!--qv q:id=6o q:key=lY4S:mL_1--><\/p>\n<h2 id=\"inline-text-16\" class=\"scroll-mt-24 my-[18px] [&amp;_a]:text-primary my-f-1.5\" q:key=\"0\" q:id=\"6p\">\u00daltimos 5 partidos<\/h2>\n<p><!--\/qv--><!--\/qv--><!--\/qv--><!--qv q:key=QW_6--><!--qv q:id=6q q:key=vcaa:17--><!--qv q:id=6r q:key=ndZW:mL_1--><\/p>\n<div class=\"overflow-auto max-w-[90vw]\" q:key=\"xt_0\">\n<table class=\"border-collapse text-left w-full\">\n<thead>\n<tr>\n<th class=\"bg-lightGrey py-3 px-10 my-0 mx-auto\" q:key=\"0\">\n<p><strong>Atl\u00e9tico de Madrid<\/strong><\/p>\n<\/th>\n<th class=\"bg-lightGrey py-3 px-10 my-0 mx-auto\" q:key=\"1\">\n<p><strong>Celta de Vigo<\/strong><\/p>\n<\/th>\n<\/tr>\n<\/thead>\n<tbody>\n<tr class=\"border-b-[1px] border-b-lightGrey\" q:key=\"0\">\n<td class=\"py-3 px-10 my-0 mx-auto\" q:key=\"0\">\n<p>Arsenal 1-0 Atl\u00e9tico de Madrid 05\/05\/26<\/p>\n<\/td>\n<td class=\"py-3 px-10 my-0 mx-auto\" q:key=\"1\">\n<p>Celta de Vigo 3-1 Elche 03\/05\/26<\/p>\n<\/td>\n<\/tr>\n<tr class=\"border-b-[1px] border-b-lightGrey\" q:key=\"1\">\n<td class=\"py-3 px-10 my-0 mx-auto\" q:key=\"0\">\n<p>Valencia 0-2 Atl\u00e9tico de Madrid 02\/05\/26<\/p>\n<\/td>\n<td class=\"py-3 px-10 my-0 mx-auto\" q:key=\"1\">\n<p>Villarreal 2-1 Celta de Vigo 26\/04\/26<\/p>\n<\/td>\n<\/tr>\n<tr class=\"border-b-[1px] border-b-lightGrey\" q:key=\"2\">\n<td class=\"py-3 px-10 my-0 mx-auto\" q:key=\"0\">\n<p>Atl\u00e9tico de Madrid 1-1 Arsenal 29\/04\/26<\/p>\n<\/td>\n<td class=\"py-3 px-10 my-0 mx-auto\" q:key=\"1\">\n<p>Barcelona 1-0 Celta de Vigo 22\/04\/26<\/p>\n<\/td>\n<\/tr>\n<tr class=\"border-b-[1px] border-b-lightGrey\" q:key=\"3\">\n<td class=\"py-3 px-10 my-0 mx-auto\" q:key=\"0\">\n<p>Atl\u00e9tico de Madrid 3-2 Athletic 25\/04\/26<\/p>\n<\/td>\n<td class=\"py-3 px-10 my-0 mx-auto\" q:key=\"1\">\n<p>Celta de Vigo 1-3 Friburgo 16\/04\/26<\/p>\n<\/td>\n<\/tr>\n<tr class=\"border-b-[1px] border-b-lightGrey\" q:key=\"4\">\n<td class=\"py-3 px-10 my-0 mx-auto\" q:key=\"0\">\n<p>Elche 3-2 Atl\u00e9tico de Madrid 22\/04\/26<\/p>\n<\/td>\n<td class=\"py-3 px-10 my-0 mx-auto\" q:key=\"1\">\n<p>Celta de Vigo 0-3 Oviedo 12\/04\/26<\/p>\n<\/td>\n<\/tr>\n<\/tbody>\n<\/table>\n<\/div>\n<p><!--\/qv--><!--\/qv--><!--\/qv--><!--qv q:key=QW_6--><!--qv q:id=6s q:key=vcaa:\n\n<h2>&iquest;C&oacute;mo ver el Atl&eacute;tico de Madrid vs Celta de Vigo por Televisi&oacute;n y Streaming online?<\/h2>\n\n--><!--qv q:id=6t q:key=lY4S:mL_1--><\/p>\n<h2 id=\"inline-text-18\" class=\"scroll-mt-24 my-[18px] [&amp;_a]:text-primary my-f-1.5\" q:key=\"0\" q:id=\"6u\">\u00bfC\u00f3mo ver el Atl\u00e9tico de Madrid vs Celta de Vigo por Televisi\u00f3n y Streaming online?<\/h2>\n<p><!--\/qv--><!--\/qv--><!--\/qv--><!--qv q:key=QW_6--><!--qv q:id=6v q:key=vcaa:19--><!--qv q:id=6w q:key=ndZW:mL_1--><\/p>\n<div class=\"overflow-auto max-w-[90vw]\" q:key=\"xt_0\">\n<table class=\"border-collapse text-left w-full\">\n<thead>\n<tr>\n<th class=\"bg-lightGrey py-3 px-10 my-0 mx-auto\" q:key=\"0\">\n<p><strong>Pa\u00eds<\/strong><\/p>\n<\/th>\n<th class=\"bg-lightGrey py-3 px-10 my-0 mx-auto\" q:key=\"1\">\n<p><strong>Canal TV \/ Streaming Online<\/strong><\/p>\n<\/th>\n<\/tr>\n<\/thead>\n<tbody>\n<tr class=\"border-b-[1px] border-b-lightGrey\" q:key=\"0\">\n<td class=\"py-3 px-10 my-0 mx-auto\" q:key=\"0\">\n<p>Estados Unidos<\/p>\n<\/td>\n<td class=\"py-3 px-10 my-0 mx-auto\" q:key=\"1\">\n<p>ESPN Deportes, ESPN Select, fuboTV, ESPN App<\/p>\n<\/td>\n<\/tr>\n<tr class=\"border-b-[1px] border-b-lightGrey\" q:key=\"1\">\n<td class=\"py-3 px-10 my-0 mx-auto\" q:key=\"0\">\n<p>M\u00e9xico<\/p>\n<\/td>\n<td class=\"py-3 px-10 my-0 mx-auto\" q:key=\"1\">\n<p>Sky Sports Mexico, Sky+, izzi<\/p>\n<\/td>\n<\/tr>\n<tr class=\"border-b-[1px] border-b-lightGrey\" q:key=\"2\">\n<td class=\"py-3 px-10 my-0 mx-auto\" q:key=\"0\">\n<p>Espa\u00f1a<\/p>\n<\/td>\n<td class=\"py-3 px-10 my-0 mx-auto\" q:key=\"1\">\n<p>DAZN Spain, DAZN LaLiga, DAZN LaLiga 2, Movistar+, LaLiga TV Bar HD<\/p>\n<\/td>\n<\/tr>\n<\/tbody>\n<\/table>\n<\/div>\n<p><!--\/qv--><!--\/qv--><!--\/qv--><!--qv q:key=QW_6--><!--qv q:id=6x q:key=vcaa:\n\n<h2>&Uacute;ltimas noticias del Atl&eacute;tico de Madrid<\/h2>\n\n--><!--qv q:id=6y q:key=lY4S:mL_1--><\/p>\n<h2 id=\"inline-text-20\" class=\"scroll-mt-24 my-[18px] [&amp;_a]:text-primary my-f-1.5\" q:key=\"0\" q:id=\"6z\">\u00daltimas noticias del Atl\u00e9tico de Madrid<\/h2>\n<p><!--\/qv--><!--\/qv--><!--\/qv--><!--qv q:key=QW_6--><!--qv q:id=70 q:key=vcaa:\n\n<p>El Atl&eacute;tico llega golpeado an&iacute;micamente y con varias dudas importantes en el equipo. Pablo Barrios contin&uacute;a fuera por la lesi&oacute;n muscular sufrida a finales de abril y todo indica que no volver&aacute; a jugar esta temporada. A esa baja se suma la de Nico Gonz&aacute;lez, tambi&eacute;n afectado por un problema muscular que lo mantendr&aacute; alejado de las canchas hasta el cierre del curso.<\/p>\n\n--><!--qv q:id=71 q:key=lY4S:mL_1--><\/p>\n<p id=\"inline-text-21\" class=\"my-[18px] [&amp;_a]:text-primary my-f-1.5\" q:key=\"0\" q:id=\"72\">El Atl\u00e9tico llega golpeado an\u00edmicamente y con varias dudas importantes en el equipo. Pablo Barrios contin\u00faa fuera por la lesi\u00f3n muscular sufrida a finales de abril y todo indica que no volver\u00e1 a jugar esta temporada. A esa baja se suma la de Nico Gonz\u00e1lez, tambi\u00e9n afectado por un problema muscular que lo mantendr\u00e1 alejado de las canchas hasta el cierre del curso.<\/p>\n<p><!--\/qv--><!--\/qv--><!--\/qv--><!--qv q:key=QW_6--><!--qv q:id=73 q:key=vcaa:\n\n<p>Simeone adem&aacute;s est&aacute; pendiente tambi&eacute;n de la evoluci&oacute;n de Juli&aacute;n &Aacute;lvarez. El delantero argentino arrastra molestias en el tobillo y termin&oacute; resentido tras la semifinal en Londres, motivo por el cual fue reemplazado antes del final. Todo apunta a que no ser&aacute; arriesgado desde el inicio frente al Celta. Johnny Cardoso tambi&eacute;n encendi&oacute; las alarmas tras sufrir una peque&ntilde;a molestia en un entrenamiento y sigue bajo evaluaci&oacute;n.<\/p>\n\n--><!--qv q:id=74 q:key=lY4S:mL_1--><\/p>\n<p id=\"inline-text-22\" class=\"my-[18px] [&amp;_a]:text-primary my-f-1.5\" q:key=\"0\" q:id=\"75\">Simeone adem\u00e1s est\u00e1 pendiente tambi\u00e9n de la evoluci\u00f3n de Juli\u00e1n \u00c1lvarez. El delantero argentino arrastra molestias en el tobillo y termin\u00f3 resentido tras la semifinal en Londres, motivo por el cual fue reemplazado antes del final. Todo apunta a que no ser\u00e1 arriesgado desde el inicio frente al Celta. Johnny Cardoso tambi\u00e9n encendi\u00f3 las alarmas tras sufrir una peque\u00f1a molestia en un entrenamiento y sigue bajo evaluaci\u00f3n.<\/p>\n<p><!--\/qv--><!--\/qv--><!--\/qv--><!--qv q:key=QW_6--><!--qv q:id=76 q:key=vcaa:https:\/\/images2.minutemediacdn.com\/image\/upload\/c_crop,w_958,h_538,x_0,y_137\/images\/GettyImages\/mmsport\/sports_illustrated_ftbol\/01kr2f2xr86g4berpz0f--><!--qv q:id=77 q:key=VjqC:mL_1--><!--qv q:id=78 q:key=deAA:7d_3--><!--qv q:s q:sref=78 q:key=--><!--qv q:id=79 q:key=deAA:7d_2--><!--qv q:s q:sref=79 q:key=--><!--qv q:id=7a q:key=cHU9:7d_1--><!--qv q:id=7b q:key=deAA:e2_0--><!--qv q:id=7c q:key=B0c2:SZ_1--><\/p>\n<figure q:key=\"9m_3\" q:id=\"7d\"><!--qv q:s q:sref=7c q:key=--><!--qv q:s q:sref=7b q:key=--><\/p>\n<div class=\"overflow-hidden undefined\" on:qvisible=\"q-BwlumzYP.js#_hW[0]\" q:id=\"7e\"><picture style=\"aspect-ratio: 16 \/ 9\"><source srcset=\"https:\/\/images2.minutemediacdn.com\/image\/upload\/c_crop,x_0,y_137,w_958,h_538\/c_fill,w_360,ar_16:9,f_auto,q_auto,g_auto\/images%2FGettyImages%2Fmmsport%2Fsports_illustrated_ftbol%2F01kr2f2xr86g4berpz0f.jpg 1x, &#10;    https:\/\/images2.minutemediacdn.com\/image\/upload\/c_crop,x_0,y_137,w_958,h_538\/c_fill,w_720,ar_16:9,f_auto,q_auto,g_auto\/images%2FGettyImages%2Fmmsport%2Fsports_illustrated_ftbol%2F01kr2f2xr86g4berpz0f.jpg 2x, &#10;    https:\/\/images2.minutemediacdn.com\/image\/upload\/c_crop,x_0,y_137,w_958,h_538\/c_fill,w_1080,ar_16:9,f_auto,q_auto,g_auto\/images%2FGettyImages%2Fmmsport%2Fsports_illustrated_ftbol%2F01kr2f2xr86g4berpz0f.jpg 3x\" media=\"(max-width: 719px)\"><source srcset=\"https:\/\/images2.minutemediacdn.com\/image\/upload\/c_crop,x_0,y_137,w_958,h_538\/c_fill,w_720,ar_16:9,f_auto,q_auto,g_auto\/images%2FGettyImages%2Fmmsport%2Fsports_illustrated_ftbol%2F01kr2f2xr86g4berpz0f.jpg 1x,&#10;    https:\/\/images2.minutemediacdn.com\/image\/upload\/c_crop,x_0,y_137,w_958,h_538\/c_fill,w_1440,ar_16:9,f_auto,q_auto,g_auto\/images%2FGettyImages%2Fmmsport%2Fsports_illustrated_ftbol%2F01kr2f2xr86g4berpz0f.jpg 2x, &#10;    https:\/\/images2.minutemediacdn.com\/image\/upload\/c_crop,x_0,y_137,w_958,h_538\/c_fill,w_1440,ar_16:9,f_auto,q_auto,g_auto\/images%2FGettyImages%2Fmmsport%2Fsports_illustrated_ftbol%2F01kr2f2xr86g4berpz0f.jpg 3x\" media=\"(max-width: 1079px)\"><source srcset=\"https:\/\/images2.minutemediacdn.com\/image\/upload\/c_crop,x_0,y_137,w_958,h_538\/c_fill,w_720,ar_16:9,f_auto,q_auto,g_auto\/images%2FGettyImages%2Fmmsport%2Fsports_illustrated_ftbol%2F01kr2f2xr86g4berpz0f.jpg 1x,&#10;    https:\/\/images2.minutemediacdn.com\/image\/upload\/c_crop,x_0,y_137,w_958,h_538\/c_fill,w_1440,ar_16:9,f_auto,q_auto,g_auto\/images%2FGettyImages%2Fmmsport%2Fsports_illustrated_ftbol%2F01kr2f2xr86g4berpz0f.jpg 2x,&#10;    https:\/\/images2.minutemediacdn.com\/image\/upload\/c_crop,x_0,y_137,w_958,h_538\/c_fill,w_1440,ar_16:9,f_auto,q_auto,g_auto\/images%2FGettyImages%2Fmmsport%2Fsports_illustrated_ftbol%2F01kr2f2xr86g4berpz0f.jpg 3x\" media=\"(min-width: 1080px)\"><img loading=\"lazy\" decoding=\"async\" src=\"https:\/\/images2.minutemediacdn.com\/image\/upload\/c_crop,x_0,y_137,w_958,h_538\/c_fill,w_16,ar_16:9,f_auto,q_auto,g_auto\/images\/GettyImages\/mmsport\/sports_illustrated_ftbol\/01kr2f2xr86g4berpz0f.jpg\" alt=\"Julian Alvarez\" title=\"Julian Alvarez\" width=\"360\" height=\"203\" class=\"undefined w-full w-full blur-[5px]\" q:id=\"7f\"\/><\/source><\/source><\/source><\/picture><\/div>\n<p><!--\/qv--><!--\/qv--><\/p>\n<p><figcaption q:id=\"7g\">Arsenal FC v Atletico de Madrid &#8211; UEFA Champions League 2025\/26 Semi Final Second Leg | Alex Pantling &#8211; UEFA\/GettyImages<\/figcaption><\/p>\n<\/figure>\n<p><!--\/qv--><!--\/qv--><!--\/qv--><!--\/qv--><!--\/qv--><!--\/qv--><!--\/qv--><!--\/qv--><!--\/qv--><!--\/qv--><!--qv q:key=QW_6--><!--qv q:id=7h q:key=vcaa:\n\n<p><strong>Alineaci&oacute;n posible del Atl&eacute;tico de Madrid (4-5-1):&nbsp;<\/strong>Oblak; Molina, Pubill, Lenglet, Ruggeri; Simeone, Koke, Llorente, Gonzalez; Griezmann, &Aacute;lvarez.<\/p>\n\n--><!--qv q:id=7i q:key=lY4S:mL_1--><\/p>\n<p id=\"inline-text-24\" class=\"my-[18px] [&amp;_a]:text-primary my-f-1.5\" q:key=\"0\" q:id=\"7j\"><strong>Alineaci\u00f3n posible del Atl\u00e9tico de Madrid (4-5-1):\u00a0<\/strong>Oblak; Molina, Pubill, Lenglet, Ruggeri; Simeone, Koke, Llorente, Gonzalez; Griezmann, \u00c1lvarez.<\/p>\n<p><!--\/qv--><!--\/qv--><!--\/qv--><!--qv q:key=QW_6--><!--qv q:id=7k q:key=vcaa:\n\n<h2>&Uacute;ltimas noticias del Celta de Vigo<\/h2>\n\n--><!--qv q:id=7l q:key=lY4S:mL_1--><\/p>\n<h2 id=\"inline-text-25\" class=\"scroll-mt-24 my-[18px] [&amp;_a]:text-primary my-f-1.5\" q:key=\"0\" q:id=\"7m\">\u00daltimas noticias del Celta de Vigo<\/h2>\n<p><!--\/qv--><!--\/qv--><!--\/qv--><!--qv q:key=QW_6--><!--qv q:id=7n q:key=vcaa:\n\n<p>El conjunto gallego llega con menos desgaste f&iacute;sico, aunque tambi&eacute;n con algunas ausencias sensibles. Javier Rueda no podr&aacute; jugar por suspensi&oacute;n despu&eacute;s de acumular cinco tarjetas amarillas, una baja importante en un equipo que suele darle mucho protagonismo a los carrileros.<\/p>\n\n--><!--qv q:id=7o q:key=lY4S:mL_1--><\/p>\n<p id=\"inline-text-26\" class=\"my-[18px] [&amp;_a]:text-primary my-f-1.5\" q:key=\"0\" q:id=\"7p\">El conjunto gallego llega con menos desgaste f\u00edsico, aunque tambi\u00e9n con algunas ausencias sensibles. Javier Rueda no podr\u00e1 jugar por suspensi\u00f3n despu\u00e9s de acumular cinco tarjetas amarillas, una baja importante en un equipo que suele darle mucho protagonismo a los carrileros.<\/p>\n<p><!--\/qv--><!--\/qv--><!--\/qv--><!--qv q:key=QW_6--><!--qv q:id=7q q:key=vcaa:\n\n<p>En la enfermer&iacute;a siguen Miguel Rom&aacute;n y Carl Starfelt. El mediocampista contin&uacute;a recuper&aacute;ndose de la operaci&oacute;n a la que fue sometido en marzo, mientras que el central sueco sigue afectado por una hernia discal y todav&iacute;a no tiene fecha confirmada para volver. Adem&aacute;s, Mat&iacute;as Vecino evoluciona bien de sus molestias f&iacute;sicas, pero su presencia sigue siendo duda y ser&aacute; evaluado hasta &uacute;ltimo momento.<\/p>\n\n--><!--qv q:id=7r q:key=lY4S:mL_1--><\/p>\n<p id=\"inline-text-27\" class=\"my-[18px] [&amp;_a]:text-primary my-f-1.5\" q:key=\"0\" q:id=\"7s\">En la enfermer\u00eda siguen Miguel Rom\u00e1n y Carl Starfelt. El mediocampista contin\u00faa recuper\u00e1ndose de la operaci\u00f3n a la que fue sometido en marzo, mientras que el central sueco sigue afectado por una hernia discal y todav\u00eda no tiene fecha confirmada para volver. Adem\u00e1s, Mat\u00edas Vecino evoluciona bien de sus molestias f\u00edsicas, pero su presencia sigue siendo duda y ser\u00e1 evaluado hasta \u00faltimo momento.<\/p>\n<p><!--\/qv--><!--\/qv--><!--\/qv--><!--qv q:key=QW_6--><!--qv q:id=7t q:key=vcaa:\n\n<p>La buena noticia para Claudio Gir&aacute;ldez pasa por el regreso de &Oacute;scar Mingueza, que apunta a ocupar el lugar de Rueda, y tambi&eacute;n por la vuelta de Borja Iglesias al equipo titular. El delantero atraviesa una temporada muy positiva, con 13 goles en La Liga, y ser&aacute; una de las principales armas ofensivas del Celta en el Metropolitano.<\/p>\n\n--><!--qv q:id=7u q:key=lY4S:mL_1--><\/p>\n<p id=\"inline-text-28\" class=\"my-[18px] [&amp;_a]:text-primary my-f-1.5\" q:key=\"0\" q:id=\"7v\">La buena noticia para Claudio Gir\u00e1ldez pasa por el regreso de \u00d3scar Mingueza, que apunta a ocupar el lugar de Rueda, y tambi\u00e9n por la vuelta de Borja Iglesias al equipo titular. El delantero atraviesa una temporada muy positiva, con 13 goles en La Liga, y ser\u00e1 una de las principales armas ofensivas del Celta en el Metropolitano.<\/p>\n<p><!--\/qv--><!--\/qv--><!--\/qv--><!--qv q:key=QW_6--><!--qv q:id=7w q:key=vcaa:https:\/\/images2.minutemediacdn.com\/image\/upload\/c_crop,w_1024,h_576,x_0,y_36\/images\/GettyImages\/mmsport\/sports_illustrated_ftbol\/01kr2ezez6d2g2n6zea4--><!--qv q:id=7x q:key=VjqC:mL_1--><!--qv q:id=7y q:key=deAA:7d_3--><!--qv q:s q:sref=7y q:key=--><!--qv q:id=7z q:key=deAA:7d_2--><!--qv q:s q:sref=7z q:key=--><!--qv q:id=80 q:key=cHU9:7d_1--><!--qv q:id=81 q:key=deAA:e2_0--><!--qv q:id=82 q:key=B0c2:SZ_1--><\/p>\n<figure q:key=\"9m_3\" q:id=\"83\"><!--qv q:s q:sref=82 q:key=--><!--qv q:s q:sref=81 q:key=--><\/p>\n<div class=\"overflow-hidden undefined\" on:qvisible=\"q-BwlumzYP.js#_hW[0]\" q:id=\"84\"><picture style=\"aspect-ratio: 16 \/ 9\"><source srcset=\"https:\/\/images2.minutemediacdn.com\/image\/upload\/c_crop,x_0,y_36,w_1024,h_576\/c_fill,w_360,ar_16:9,f_auto,q_auto,g_auto\/images%2FGettyImages%2Fmmsport%2Fsports_illustrated_ftbol%2F01kr2ezez6d2g2n6zea4.jpg 1x, &#10;    https:\/\/images2.minutemediacdn.com\/image\/upload\/c_crop,x_0,y_36,w_1024,h_576\/c_fill,w_720,ar_16:9,f_auto,q_auto,g_auto\/images%2FGettyImages%2Fmmsport%2Fsports_illustrated_ftbol%2F01kr2ezez6d2g2n6zea4.jpg 2x, &#10;    https:\/\/images2.minutemediacdn.com\/image\/upload\/c_crop,x_0,y_36,w_1024,h_576\/c_fill,w_1080,ar_16:9,f_auto,q_auto,g_auto\/images%2FGettyImages%2Fmmsport%2Fsports_illustrated_ftbol%2F01kr2ezez6d2g2n6zea4.jpg 3x\" media=\"(max-width: 719px)\"><source srcset=\"https:\/\/images2.minutemediacdn.com\/image\/upload\/c_crop,x_0,y_36,w_1024,h_576\/c_fill,w_720,ar_16:9,f_auto,q_auto,g_auto\/images%2FGettyImages%2Fmmsport%2Fsports_illustrated_ftbol%2F01kr2ezez6d2g2n6zea4.jpg 1x,&#10;    https:\/\/images2.minutemediacdn.com\/image\/upload\/c_crop,x_0,y_36,w_1024,h_576\/c_fill,w_1440,ar_16:9,f_auto,q_auto,g_auto\/images%2FGettyImages%2Fmmsport%2Fsports_illustrated_ftbol%2F01kr2ezez6d2g2n6zea4.jpg 2x, &#10;    https:\/\/images2.minutemediacdn.com\/image\/upload\/c_crop,x_0,y_36,w_1024,h_576\/c_fill,w_1440,ar_16:9,f_auto,q_auto,g_auto\/images%2FGettyImages%2Fmmsport%2Fsports_illustrated_ftbol%2F01kr2ezez6d2g2n6zea4.jpg 3x\" media=\"(max-width: 1079px)\"><source srcset=\"https:\/\/images2.minutemediacdn.com\/image\/upload\/c_crop,x_0,y_36,w_1024,h_576\/c_fill,w_720,ar_16:9,f_auto,q_auto,g_auto\/images%2FGettyImages%2Fmmsport%2Fsports_illustrated_ftbol%2F01kr2ezez6d2g2n6zea4.jpg 1x,&#10;    https:\/\/images2.minutemediacdn.com\/image\/upload\/c_crop,x_0,y_36,w_1024,h_576\/c_fill,w_1440,ar_16:9,f_auto,q_auto,g_auto\/images%2FGettyImages%2Fmmsport%2Fsports_illustrated_ftbol%2F01kr2ezez6d2g2n6zea4.jpg 2x,&#10;    https:\/\/images2.minutemediacdn.com\/image\/upload\/c_crop,x_0,y_36,w_1024,h_576\/c_fill,w_1440,ar_16:9,f_auto,q_auto,g_auto\/images%2FGettyImages%2Fmmsport%2Fsports_illustrated_ftbol%2F01kr2ezez6d2g2n6zea4.jpg 3x\" media=\"(min-width: 1080px)\"><img loading=\"lazy\" decoding=\"async\" src=\"https:\/\/images2.minutemediacdn.com\/image\/upload\/c_crop,x_0,y_36,w_1024,h_576\/c_fill,w_16,ar_16:9,f_auto,q_auto,g_auto\/images\/GettyImages\/mmsport\/sports_illustrated_ftbol\/01kr2ezez6d2g2n6zea4.jpg\" alt=\"Claudio Giraldez\" title=\"Claudio Giraldez\" width=\"360\" height=\"203\" class=\"undefined w-full w-full blur-[5px]\" q:id=\"85\"\/><\/source><\/source><\/source><\/picture><\/div>\n<p><!--\/qv--><!--\/qv--><\/p>\n<p><figcaption q:id=\"86\">Villarreal Cf V Rc Celta De Vigo &#8211; Laliga Ea Sports | Europa Press Sports\/GettyImages<\/figcaption><\/p>\n<\/figure>\n<p><!--\/qv--><!--\/qv--><!--\/qv--><!--\/qv--><!--\/qv--><!--\/qv--><!--\/qv--><!--\/qv--><!--\/qv--><!--\/qv--><!--qv q:key=QW_6--><!--qv q:id=87 q:key=vcaa:\n\n<p><strong>Alineaci&oacute;n posible del Celta (3-4-2-1):&nbsp;<\/strong>Radu; Rodr&iacute;guez, Lago, Alonso; Carreira, L&oacute;pez, Moriba, Mingueza; &Aacute;lvarez, Jutgl&aacute;; Iglesias.<\/p>\n\n--><!--qv q:id=88 q:key=lY4S:mL_1--><\/p>\n<p id=\"inline-text-30\" class=\"my-[18px] [&amp;_a]:text-primary my-f-1.5\" q:key=\"0\" q:id=\"89\"><strong>Alineaci\u00f3n posible del Celta (3-4-2-1):\u00a0<\/strong>Radu; Rodr\u00edguez, Lago, Alonso; Carreira, L\u00f3pez, Moriba, Mingueza; \u00c1lvarez, Jutgl\u00e1; Iglesias.<\/p>\n<p><!--\/qv--><!--\/qv--><!--\/qv--><!--qv q:key=QW_6--><!--qv q:id=8a q:key=vcaa:https:\/\/content-enrichment-service.mmsport.minutesvc.com\/oembed?url=https:\/\/content-enrichment-service.mmsport.minutesvc.com\/properties\/sports_illustrated_ftbol\/embeds\/01jxheq8557mhs8--><!--qv q:id=8b q:key=jBas:mL_1--><\/p>\n<figure on-document:load=\"q-DaJIdKJT.js#s_LZBLIxdhCWU[0 1]\" q:key=\"S2_2\" q:id=\"8c\"\/><!--\/qv--><!--\/qv--><!--\/qv--><!--qv q:id=8d q:key=1jXG:QW_7--><!--qv q:id=8e q:key=9yVI:Ef_0--><\/p>\n<div on:click=\"q-PR6RmUkK.js#s_Ytib2zHV0Tc[0 1]\" q:key=\"WY_1\" q:id=\"8f\"><!--qv q:s q:sref=8e q:key=--><\/p>\n<div data-testid=\"google-news-widget\" class=\"my-5 p-4 flex items-center gap-4 rounded-lg bg-[#F0F0F0]\">\n<div class=\"flex min-w-0 flex-1 items-center gap-3\"><img loading=\"lazy\" decoding=\"async\" width=\"22\" height=\"22\" alt=\"\" src=\"https:\/\/assets.minutemediacdn.com\/platform\/google_discover_icon.svg\" class=\"shrink-0\"\/><span class=\"font-group-big text-black text-[16px]\">Add us as a preferred source on <span class=\"font-bold\">Google<\/span><\/span><\/div>\n<p><a aria-label=\"Follow si.com on Google News\" href=\"https:\/\/www.google.com\/preferences\/source?q=si.com\" target=\"_blank\" rel=\"noopener noreferrer\" class=\"flex h-[30px] w-[30px] shrink-0 items-center justify-center rounded-full bg-primary font-group-large text-sm font-medium text-white transition-colors hover:bg-secondary focus:bg-secondary md:w-auto md:gap-2.5 md:px-4 md:py-[5px]\"><span class=\"hidden pt-[1px] leading-[1.4] md:inline\">Follow<\/span><svg viewbox=\"0 0 4 8\" fill=\"none\" aria-hidden=\"true\" class=\"h-[12px] w-[6px] md:h-[8px] md:w-[4px]\"><path d=\"M0.5 0.5L3.5 4L0.5 7.5\" stroke=\"white\" stroke-width=\"1.5\"\/><\/svg><\/a><\/div>\n<p><!--\/qv--><\/div>\n<p><!--\/qv--><!--\/qv--><\/div>\n<p><a href=\"https:\/\/www.si.com\/es-us\/futbol\/atletico-de-madrid-vs-celta-previa-predicciones-y-alineaciones\">Source link <\/a><\/p>\n","protected":false},"excerpt":{"rendered":"<p>El Atl\u00e9tico de Madrid y el Celta de Vigo se miden este s\u00e1bado 9 de mayo en el marco de la 35\u00b0 jornada de LaLiga en uno de los encuentros m\u00e1s atractivos de la jornada. El equipo que conduce Diego Simeone llega al partido luego de la dolorosa eliminaci\u00f3n en semifinales de Champions League a [&hellip;]<\/p>\n","protected":false},"author":1,"featured_media":125180,"comment_status":"closed","ping_status":"","sticky":false,"template":"","format":"standard","meta":{"googlesitekit_rrm_CAow2JLhCw:productID":"","_gspb_post_css":"","maa_idioma":"","maa_pais":"","footnotes":""},"categories":[1],"tags":[6780,3239,4138,4677,11669,7442],"class_list":["post-125179","post","type-post","status-publish","format-standard","has-post-thumbnail","hentry","category-ubirata","tag-alineaciones","tag-atletico","tag-celta","tag-madrid","tag-predicciones","tag-previa"],"blocksy_meta":[],"yoast_head":"<!-- This site is optimized with the Yoast SEO Premium plugin v27.6 (Yoast SEO v27.6) - https:\/\/yoast.com\/product\/yoast-seo-premium-wordpress\/ -->\n<title>Atl\u00e9tico de Madrid vs Celta: previa, predicciones y alineaciones - Ubirat\u00e3 Online Not\u00edcias - A realidade ao seu alcance!<\/title>\n<meta name=\"description\" content=\"El Atl\u00e9tico de Madrid y el Celta de Vigo se miden este s\u00e1bado 9 de mayo en el marco de la 35\u00b0 jornada de LaLiga en uno de los encuentros m\u00e1s atractivos de\" \/>\n<meta name=\"robots\" content=\"index, follow, max-snippet:-1, max-image-preview:large, max-video-preview:-1\" \/>\n<link rel=\"canonical\" href=\"https:\/\/ubirataonline.com.br\/en\/atletico-de-madrid-vs-celta-previa-predicciones-y-alineaciones\/\" \/>\n<meta property=\"og:locale\" content=\"en_US\" \/>\n<meta property=\"og:type\" content=\"article\" \/>\n<meta property=\"og:title\" content=\"Atl\u00e9tico de Madrid vs Celta: previa, predicciones y alineaciones\" \/>\n<meta property=\"og:description\" content=\"El Atl\u00e9tico de Madrid y el Celta de Vigo se miden este s\u00e1bado 9 de mayo en el marco de la 35\u00b0 jornada de LaLiga en uno de los encuentros m\u00e1s atractivos de\" \/>\n<meta property=\"og:url\" content=\"https:\/\/ubirataonline.com.br\/en\/atletico-de-madrid-vs-celta-previa-predicciones-y-alineaciones\/\" \/>\n<meta property=\"og:site_name\" content=\"Ubirat\u00e3 Online Not\u00edcias - A realidade ao seu alcance!\" \/>\n<meta property=\"article:publisher\" content=\"https:\/\/www.facebook.com\/portalubirataonline\" \/>\n<meta property=\"article:author\" content=\"https:\/\/www.facebook.com\/portalubirataonline\" \/>\n<meta property=\"article:published_time\" content=\"2026-05-09T16:11:24+00:00\" \/>\n<meta property=\"article:modified_time\" content=\"2026-05-09T16:11:27+00:00\" \/>\n<meta property=\"og:image\" content=\"https:\/\/ubirataonline.com.br\/wp-content\/uploads\/2026\/05\/Atletico-de-Madrid-vs-Celta-previa-predicciones-y-alineaciones.jpg\" \/>\n\t<meta property=\"og:image:width\" content=\"1440\" \/>\n\t<meta property=\"og:image:height\" content=\"810\" \/>\n\t<meta property=\"og:image:type\" content=\"image\/jpeg\" \/>\n<meta name=\"author\" content=\"REDA\u00c7\u00c3O: UBIRAT\u00c3 ONLINE - F\u00c1BIO AUGUSTO CELESTINO\" \/>\n<meta name=\"twitter:card\" content=\"summary_large_image\" \/>\n<meta name=\"twitter:creator\" content=\"@x.com\/ubirataonline\" \/>\n<meta name=\"twitter:site\" content=\"@ubirataonline\" \/>\n<meta name=\"twitter:label1\" content=\"Written by\" \/>\n\t<meta name=\"twitter:data1\" content=\"REDA\u00c7\u00c3O: UBIRAT\u00c3 ONLINE - F\u00c1BIO AUGUSTO CELESTINO\" \/>\n\t<meta name=\"twitter:label2\" content=\"Est. reading time\" \/>\n\t<meta name=\"twitter:data2\" content=\"5 minutes\" \/>\n<script type=\"application\/ld+json\" class=\"yoast-schema-graph\">{\"@context\":\"https:\\\/\\\/schema.org\",\"@graph\":[{\"@type\":\"NewsArticle\",\"@id\":\"https:\\\/\\\/ubirataonline.com.br\\\/atletico-de-madrid-vs-celta-previa-predicciones-y-alineaciones\\\/#article\",\"isPartOf\":{\"@id\":\"https:\\\/\\\/ubirataonline.com.br\\\/atletico-de-madrid-vs-celta-previa-predicciones-y-alineaciones\\\/\"},\"author\":{\"name\":\"REDA\u00c7\u00c3O: UBIRAT\u00c3 ONLINE - F\u00c1BIO AUGUSTO CELESTINO\",\"@id\":\"https:\\\/\\\/ubirataonline.com.br\\\/#\\\/schema\\\/person\\\/372f87bbd3fdd79b8556b84c98d0bc1c\"},\"headline\":\"Atl\u00e9tico de Madrid vs Celta: previa, predicciones y alineaciones\",\"datePublished\":\"2026-05-09T16:11:24+00:00\",\"dateModified\":\"2026-05-09T16:11:27+00:00\",\"mainEntityOfPage\":{\"@id\":\"https:\\\/\\\/ubirataonline.com.br\\\/atletico-de-madrid-vs-celta-previa-predicciones-y-alineaciones\\\/\"},\"wordCount\":960,\"publisher\":{\"@id\":\"https:\\\/\\\/ubirataonline.com.br\\\/#organization\"},\"image\":{\"@id\":\"https:\\\/\\\/ubirataonline.com.br\\\/atletico-de-madrid-vs-celta-previa-predicciones-y-alineaciones\\\/#primaryimage\"},\"thumbnailUrl\":\"https:\\\/\\\/ubirataonline.com.br\\\/wp-content\\\/uploads\\\/2026\\\/05\\\/Atletico-de-Madrid-vs-Celta-previa-predicciones-y-alineaciones.jpg\",\"keywords\":[\"alineaciones\",\"Atl\u00e9tico\",\"Celta\",\"Madrid\",\"predicciones\",\"previa\"],\"articleSection\":[\"Ubirat\u00e3\"],\"inLanguage\":\"en-US\",\"copyrightYear\":\"2026\",\"copyrightHolder\":{\"@id\":\"https:\\\/\\\/ubirataonline.com.br\\\/en\\\/#organization\"}},{\"@type\":\"WebPage\",\"@id\":\"https:\\\/\\\/ubirataonline.com.br\\\/atletico-de-madrid-vs-celta-previa-predicciones-y-alineaciones\\\/\",\"url\":\"https:\\\/\\\/ubirataonline.com.br\\\/atletico-de-madrid-vs-celta-previa-predicciones-y-alineaciones\\\/\",\"name\":\"Atl\u00e9tico de Madrid vs Celta: previa, predicciones y alineaciones - Ubirat\u00e3 Online Not\u00edcias - A realidade ao seu alcance!\",\"isPartOf\":{\"@id\":\"https:\\\/\\\/ubirataonline.com.br\\\/#website\"},\"primaryImageOfPage\":{\"@id\":\"https:\\\/\\\/ubirataonline.com.br\\\/atletico-de-madrid-vs-celta-previa-predicciones-y-alineaciones\\\/#primaryimage\"},\"image\":{\"@id\":\"https:\\\/\\\/ubirataonline.com.br\\\/atletico-de-madrid-vs-celta-previa-predicciones-y-alineaciones\\\/#primaryimage\"},\"thumbnailUrl\":\"https:\\\/\\\/ubirataonline.com.br\\\/wp-content\\\/uploads\\\/2026\\\/05\\\/Atletico-de-Madrid-vs-Celta-previa-predicciones-y-alineaciones.jpg\",\"datePublished\":\"2026-05-09T16:11:24+00:00\",\"dateModified\":\"2026-05-09T16:11:27+00:00\",\"description\":\"El Atl\u00e9tico de Madrid y el Celta de Vigo se miden este s\u00e1bado 9 de mayo en el marco de la 35\u00b0 jornada de LaLiga en uno de los encuentros m\u00e1s atractivos de\",\"breadcrumb\":{\"@id\":\"https:\\\/\\\/ubirataonline.com.br\\\/atletico-de-madrid-vs-celta-previa-predicciones-y-alineaciones\\\/#breadcrumb\"},\"inLanguage\":\"en-US\",\"potentialAction\":[{\"@type\":\"ReadAction\",\"target\":[\"https:\\\/\\\/ubirataonline.com.br\\\/atletico-de-madrid-vs-celta-previa-predicciones-y-alineaciones\\\/\"]}]},{\"@type\":\"ImageObject\",\"inLanguage\":\"en-US\",\"@id\":\"https:\\\/\\\/ubirataonline.com.br\\\/atletico-de-madrid-vs-celta-previa-predicciones-y-alineaciones\\\/#primaryimage\",\"url\":\"https:\\\/\\\/ubirataonline.com.br\\\/wp-content\\\/uploads\\\/2026\\\/05\\\/Atletico-de-Madrid-vs-Celta-previa-predicciones-y-alineaciones.jpg\",\"contentUrl\":\"https:\\\/\\\/ubirataonline.com.br\\\/wp-content\\\/uploads\\\/2026\\\/05\\\/Atletico-de-Madrid-vs-Celta-previa-predicciones-y-alineaciones.jpg\",\"width\":1440,\"height\":810,\"caption\":\"RC Celta de Vigo v Atletico de Madrid - LaLiga EA Sports | Jose Manuel Alvarez Rey\\\/GettyImages\"},{\"@type\":\"BreadcrumbList\",\"@id\":\"https:\\\/\\\/ubirataonline.com.br\\\/atletico-de-madrid-vs-celta-previa-predicciones-y-alineaciones\\\/#breadcrumb\",\"itemListElement\":[{\"@type\":\"ListItem\",\"position\":1,\"name\":\"In\u00edcio\",\"item\":\"https:\\\/\\\/ubirataonline.com.br\\\/\"},{\"@type\":\"ListItem\",\"position\":2,\"name\":\"Atl\u00e9tico de Madrid vs Celta: previa, predicciones y alineaciones\"}]},{\"@type\":\"WebSite\",\"@id\":\"https:\\\/\\\/ubirataonline.com.br\\\/#website\",\"url\":\"https:\\\/\\\/ubirataonline.com.br\\\/\",\"name\":\"Ubirat\u00e3 Online Not\u00edcias\",\"description\":\"Not\u00edcias de Ubirat\u00e3, regi\u00e3o, Brasil e mundo, com informa\u00e7\u00e3o atualizada e compromisso com o leitor.\",\"publisher\":{\"@id\":\"https:\\\/\\\/ubirataonline.com.br\\\/#organization\"},\"alternateName\":\"Ubirat\u00e3 Online\",\"potentialAction\":[{\"@type\":\"SearchAction\",\"target\":{\"@type\":\"EntryPoint\",\"urlTemplate\":\"https:\\\/\\\/ubirataonline.com.br\\\/?s={search_term_string}\"},\"query-input\":{\"@type\":\"PropertyValueSpecification\",\"valueRequired\":true,\"valueName\":\"search_term_string\"}}],\"inLanguage\":\"en-US\"},{\"@type\":[\"Organization\",\"Place\"],\"@id\":\"https:\\\/\\\/ubirataonline.com.br\\\/#organization\",\"name\":\"Ubirat\u00e3 Online Not\u00edcias\",\"alternateName\":\"Ubirat\u00e3 Online\",\"url\":\"https:\\\/\\\/ubirataonline.com.br\\\/\",\"logo\":{\"@id\":\"https:\\\/\\\/ubirataonline.com.br\\\/atletico-de-madrid-vs-celta-previa-predicciones-y-alineaciones\\\/#local-main-organization-logo\"},\"image\":{\"@id\":\"https:\\\/\\\/ubirataonline.com.br\\\/atletico-de-madrid-vs-celta-previa-predicciones-y-alineaciones\\\/#local-main-organization-logo\"},\"sameAs\":[\"https:\\\/\\\/www.facebook.com\\\/portalubirataonline\",\"https:\\\/\\\/x.com\\\/ubirataonline\",\"https:\\\/\\\/mastodon.social\\\/@ubirataonline\",\"https:\\\/\\\/www.facebook.com\\\/groups\\\/311144672285604\",\"https:\\\/\\\/www.facebook.com\\\/UBTAOnline\",\"https:\\\/\\\/www.instagram.com\\\/portalubirataonline\\\/\",\"https:\\\/\\\/twitter.com\\\/ubirataonline\"],\"description\":\"Somos um portal de not\u00edcias independente, criado em 5 de janeiro de 2009, com o objetivo de informar, conectar e valorizar a nossa comunidade de Ubirat\u00e3 e toda aregi\u00e3o. Com conte\u00fado atualizado, confi\u00e1vel e relevante, o Ubirat\u00e3 Online \u00e9 o seu espa\u00e7o para ficar por dentro dos principais acontecimentos locais, regionais, Brasil, Mundo e de interesse geral. Nosso compromisso \u00e9 com a verdade, a transpar\u00eancia e o respeito ao leitor.\",\"legalName\":\"UBIRATA ONLINE NOT\u00cdCIAS\",\"foundingDate\":\"2009-01-05\",\"numberOfEmployees\":{\"@type\":\"QuantitativeValue\",\"minValue\":\"1\",\"maxValue\":\"10\"},\"publishingPrinciples\":\"https:\\\/\\\/ubirataonline.com.br\\\/faq\\\/\",\"address\":{\"@id\":\"https:\\\/\\\/ubirataonline.com.br\\\/atletico-de-madrid-vs-celta-previa-predicciones-y-alineaciones\\\/#local-main-place-address\"},\"geo\":{\"@type\":\"GeoCoordinates\",\"latitude\":\"-24.5361401\",\"longitude\":\"-52.9921776\"},\"telephone\":[\"+5544998308235\"],\"contactPoint\":{\"@type\":\"ContactPoint\",\"email\":\"contato@ubirataonline.com.br\"},\"openingHoursSpecification\":{\"@type\":\"OpeningHoursSpecification\",\"dayOfWeek\":[\"Monday\",\"Tuesday\",\"Wednesday\",\"Thursday\",\"Friday\",\"Saturday\",\"Sunday\"],\"opens\":\"00:00\",\"closes\":\"23:59\"},\"email\":\"contato@ubirataonline.com.br\",\"vatID\":\"47.621.418\\\/0001-80\"},{\"@type\":\"Person\",\"@id\":\"https:\\\/\\\/ubirataonline.com.br\\\/#\\\/schema\\\/person\\\/372f87bbd3fdd79b8556b84c98d0bc1c\",\"name\":\"REDA\u00c7\u00c3O: UBIRAT\u00c3 ONLINE - F\u00c1BIO AUGUSTO CELESTINO\",\"pronouns\":\"Ele\",\"description\":\"Desde 2003 trabalhando com not\u00edcias.\",\"sameAs\":[\"http:\\\/\\\/ubirataoline.com.br\",\"https:\\\/\\\/www.facebook.com\\\/portalubirataonline\",\"https:\\\/\\\/www.instagram.com\\\/ubirataonline_oficial\",\"https:\\\/\\\/x.com\\\/x.com\\\/ubirataonline\"],\"honorificPrefix\":\"Mr.\",\"honorificSuffix\":\"MD\",\"birthDate\":\"1980-06-16\",\"gender\":\"masculino\",\"award\":[\"V\u00e1rios pr\u00eamios de melhor portal da cidade\"],\"jobTitle\":\"Diretor\",\"url\":\"https:\\\/\\\/ubirataonline.com.br\\\/en\\\/author\\\/ubirataonline\\\/\"},{\"@type\":\"PostalAddress\",\"@id\":\"https:\\\/\\\/ubirataonline.com.br\\\/atletico-de-madrid-vs-celta-previa-predicciones-y-alineaciones\\\/#local-main-place-address\",\"streetAddress\":\"Rua dos Coqueiros, 104 - Bairro Boa Vista, Rua dos Coqueiros, 104 Bairro Boa Vista\",\"addressLocality\":\"UBIRATA\",\"postalCode\":\"85440-000\",\"addressRegion\":\"PR\",\"addressCountry\":\"BR\"},{\"@type\":\"ImageObject\",\"inLanguage\":\"en-US\",\"@id\":\"https:\\\/\\\/ubirataonline.com.br\\\/atletico-de-madrid-vs-celta-previa-predicciones-y-alineaciones\\\/#local-main-organization-logo\",\"url\":\"https:\\\/\\\/ubirataonline.com.br\\\/wp-content\\\/uploads\\\/2026\\\/06\\\/logoubirataonline-1.webp\",\"contentUrl\":\"https:\\\/\\\/ubirataonline.com.br\\\/wp-content\\\/uploads\\\/2026\\\/06\\\/logoubirataonline-1.webp\",\"width\":500,\"height\":500,\"caption\":\"Ubirat\u00e3 Online Not\u00edcias\"}]}<\/script>\n<meta name=\"geo.placename\" content=\"UBIRATA\" \/>\n<meta name=\"geo.position\" content=\"-24.5361401;-52.9921776\" \/>\n<meta name=\"geo.region\" content=\"Brazil\" \/>\n<!-- \/ Yoast SEO Premium plugin. -->","yoast_head_json":{"title":"Atl\u00e9tico de Madrid vs Celta: previa, predicciones y alineaciones - Ubirat\u00e3 Online Not\u00edcias - A realidade ao seu alcance!","description":"El Atl\u00e9tico de Madrid y el Celta de Vigo se miden este s\u00e1bado 9 de mayo en el marco de la 35\u00b0 jornada de LaLiga en uno de los encuentros m\u00e1s atractivos de","robots":{"index":"index","follow":"follow","max-snippet":"max-snippet:-1","max-image-preview":"max-image-preview:large","max-video-preview":"max-video-preview:-1"},"canonical":"https:\/\/ubirataonline.com.br\/en\/atletico-de-madrid-vs-celta-previa-predicciones-y-alineaciones\/","og_locale":"en_US","og_type":"article","og_title":"Atl\u00e9tico de Madrid vs Celta: previa, predicciones y alineaciones","og_description":"El Atl\u00e9tico de Madrid y el Celta de Vigo se miden este s\u00e1bado 9 de mayo en el marco de la 35\u00b0 jornada de LaLiga en uno de los encuentros m\u00e1s atractivos de","og_url":"https:\/\/ubirataonline.com.br\/en\/atletico-de-madrid-vs-celta-previa-predicciones-y-alineaciones\/","og_site_name":"Ubirat\u00e3 Online Not\u00edcias - A realidade ao seu alcance!","article_publisher":"https:\/\/www.facebook.com\/portalubirataonline","article_author":"https:\/\/www.facebook.com\/portalubirataonline","article_published_time":"2026-05-09T16:11:24+00:00","article_modified_time":"2026-05-09T16:11:27+00:00","og_image":[{"width":1440,"height":810,"url":"https:\/\/ubirataonline.com.br\/wp-content\/uploads\/2026\/05\/Atletico-de-Madrid-vs-Celta-previa-predicciones-y-alineaciones.jpg","type":"image\/jpeg"}],"author":"REDA\u00c7\u00c3O: UBIRAT\u00c3 ONLINE - F\u00c1BIO AUGUSTO CELESTINO","twitter_card":"summary_large_image","twitter_creator":"@x.com\/ubirataonline","twitter_site":"@ubirataonline","twitter_misc":{"Written by":"REDA\u00c7\u00c3O: UBIRAT\u00c3 ONLINE - F\u00c1BIO AUGUSTO CELESTINO","Est. reading time":"5 minutes"},"schema":{"@context":"https:\/\/schema.org","@graph":[{"@type":"NewsArticle","@id":"https:\/\/ubirataonline.com.br\/atletico-de-madrid-vs-celta-previa-predicciones-y-alineaciones\/#article","isPartOf":{"@id":"https:\/\/ubirataonline.com.br\/atletico-de-madrid-vs-celta-previa-predicciones-y-alineaciones\/"},"author":{"name":"REDA\u00c7\u00c3O: UBIRAT\u00c3 ONLINE - F\u00c1BIO AUGUSTO CELESTINO","@id":"https:\/\/ubirataonline.com.br\/#\/schema\/person\/372f87bbd3fdd79b8556b84c98d0bc1c"},"headline":"Atl\u00e9tico de Madrid vs Celta: previa, predicciones y alineaciones","datePublished":"2026-05-09T16:11:24+00:00","dateModified":"2026-05-09T16:11:27+00:00","mainEntityOfPage":{"@id":"https:\/\/ubirataonline.com.br\/atletico-de-madrid-vs-celta-previa-predicciones-y-alineaciones\/"},"wordCount":960,"publisher":{"@id":"https:\/\/ubirataonline.com.br\/#organization"},"image":{"@id":"https:\/\/ubirataonline.com.br\/atletico-de-madrid-vs-celta-previa-predicciones-y-alineaciones\/#primaryimage"},"thumbnailUrl":"https:\/\/ubirataonline.com.br\/wp-content\/uploads\/2026\/05\/Atletico-de-Madrid-vs-Celta-previa-predicciones-y-alineaciones.jpg","keywords":["alineaciones","Atl\u00e9tico","Celta","Madrid","predicciones","previa"],"articleSection":["Ubirat\u00e3"],"inLanguage":"en-US","copyrightYear":"2026","copyrightHolder":{"@id":"https:\/\/ubirataonline.com.br\/en\/#organization"}},{"@type":"WebPage","@id":"https:\/\/ubirataonline.com.br\/atletico-de-madrid-vs-celta-previa-predicciones-y-alineaciones\/","url":"https:\/\/ubirataonline.com.br\/atletico-de-madrid-vs-celta-previa-predicciones-y-alineaciones\/","name":"Atl\u00e9tico de Madrid vs Celta: previa, predicciones y alineaciones - Ubirat\u00e3 Online Not\u00edcias - A realidade ao seu alcance!","isPartOf":{"@id":"https:\/\/ubirataonline.com.br\/#website"},"primaryImageOfPage":{"@id":"https:\/\/ubirataonline.com.br\/atletico-de-madrid-vs-celta-previa-predicciones-y-alineaciones\/#primaryimage"},"image":{"@id":"https:\/\/ubirataonline.com.br\/atletico-de-madrid-vs-celta-previa-predicciones-y-alineaciones\/#primaryimage"},"thumbnailUrl":"https:\/\/ubirataonline.com.br\/wp-content\/uploads\/2026\/05\/Atletico-de-Madrid-vs-Celta-previa-predicciones-y-alineaciones.jpg","datePublished":"2026-05-09T16:11:24+00:00","dateModified":"2026-05-09T16:11:27+00:00","description":"El Atl\u00e9tico de Madrid y el Celta de Vigo se miden este s\u00e1bado 9 de mayo en el marco de la 35\u00b0 jornada de LaLiga en uno de los encuentros m\u00e1s atractivos de","breadcrumb":{"@id":"https:\/\/ubirataonline.com.br\/atletico-de-madrid-vs-celta-previa-predicciones-y-alineaciones\/#breadcrumb"},"inLanguage":"en-US","potentialAction":[{"@type":"ReadAction","target":["https:\/\/ubirataonline.com.br\/atletico-de-madrid-vs-celta-previa-predicciones-y-alineaciones\/"]}]},{"@type":"ImageObject","inLanguage":"en-US","@id":"https:\/\/ubirataonline.com.br\/atletico-de-madrid-vs-celta-previa-predicciones-y-alineaciones\/#primaryimage","url":"https:\/\/ubirataonline.com.br\/wp-content\/uploads\/2026\/05\/Atletico-de-Madrid-vs-Celta-previa-predicciones-y-alineaciones.jpg","contentUrl":"https:\/\/ubirataonline.com.br\/wp-content\/uploads\/2026\/05\/Atletico-de-Madrid-vs-Celta-previa-predicciones-y-alineaciones.jpg","width":1440,"height":810,"caption":"RC Celta de Vigo v Atletico de Madrid - LaLiga EA Sports | Jose Manuel Alvarez Rey\/GettyImages"},{"@type":"BreadcrumbList","@id":"https:\/\/ubirataonline.com.br\/atletico-de-madrid-vs-celta-previa-predicciones-y-alineaciones\/#breadcrumb","itemListElement":[{"@type":"ListItem","position":1,"name":"In\u00edcio","item":"https:\/\/ubirataonline.com.br\/"},{"@type":"ListItem","position":2,"name":"Atl\u00e9tico de Madrid vs Celta: previa, predicciones y alineaciones"}]},{"@type":"WebSite","@id":"https:\/\/ubirataonline.com.br\/#website","url":"https:\/\/ubirataonline.com.br\/","name":"Ubirat\u00e3 Online Not\u00edcias","description":"Not\u00edcias de Ubirat\u00e3, regi\u00e3o, Brasil e mundo, com informa\u00e7\u00e3o atualizada e compromisso com o leitor.","publisher":{"@id":"https:\/\/ubirataonline.com.br\/#organization"},"alternateName":"Ubirat\u00e3 Online","potentialAction":[{"@type":"SearchAction","target":{"@type":"EntryPoint","urlTemplate":"https:\/\/ubirataonline.com.br\/?s={search_term_string}"},"query-input":{"@type":"PropertyValueSpecification","valueRequired":true,"valueName":"search_term_string"}}],"inLanguage":"en-US"},{"@type":["Organization","Place"],"@id":"https:\/\/ubirataonline.com.br\/#organization","name":"Ubirat\u00e3 Online Not\u00edcias","alternateName":"Ubirat\u00e3 Online","url":"https:\/\/ubirataonline.com.br\/","logo":{"@id":"https:\/\/ubirataonline.com.br\/atletico-de-madrid-vs-celta-previa-predicciones-y-alineaciones\/#local-main-organization-logo"},"image":{"@id":"https:\/\/ubirataonline.com.br\/atletico-de-madrid-vs-celta-previa-predicciones-y-alineaciones\/#local-main-organization-logo"},"sameAs":["https:\/\/www.facebook.com\/portalubirataonline","https:\/\/x.com\/ubirataonline","https:\/\/mastodon.social\/@ubirataonline","https:\/\/www.facebook.com\/groups\/311144672285604","https:\/\/www.facebook.com\/UBTAOnline","https:\/\/www.instagram.com\/portalubirataonline\/","https:\/\/twitter.com\/ubirataonline"],"description":"Somos um portal de not\u00edcias independente, criado em 5 de janeiro de 2009, com o objetivo de informar, conectar e valorizar a nossa comunidade de Ubirat\u00e3 e toda aregi\u00e3o. Com conte\u00fado atualizado, confi\u00e1vel e relevante, o Ubirat\u00e3 Online \u00e9 o seu espa\u00e7o para ficar por dentro dos principais acontecimentos locais, regionais, Brasil, Mundo e de interesse geral. Nosso compromisso \u00e9 com a verdade, a transpar\u00eancia e o respeito ao leitor.","legalName":"UBIRATA ONLINE NOT\u00cdCIAS","foundingDate":"2009-01-05","numberOfEmployees":{"@type":"QuantitativeValue","minValue":"1","maxValue":"10"},"publishingPrinciples":"https:\/\/ubirataonline.com.br\/faq\/","address":{"@id":"https:\/\/ubirataonline.com.br\/atletico-de-madrid-vs-celta-previa-predicciones-y-alineaciones\/#local-main-place-address"},"geo":{"@type":"GeoCoordinates","latitude":"-24.5361401","longitude":"-52.9921776"},"telephone":["+5544998308235"],"contactPoint":{"@type":"ContactPoint","email":"contato@ubirataonline.com.br"},"openingHoursSpecification":{"@type":"OpeningHoursSpecification","dayOfWeek":["Monday","Tuesday","Wednesday","Thursday","Friday","Saturday","Sunday"],"opens":"00:00","closes":"23:59"},"email":"contato@ubirataonline.com.br","vatID":"47.621.418\/0001-80"},{"@type":"Person","@id":"https:\/\/ubirataonline.com.br\/#\/schema\/person\/372f87bbd3fdd79b8556b84c98d0bc1c","name":"REDA\u00c7\u00c3O: UBIRAT\u00c3 ONLINE - F\u00c1BIO AUGUSTO CELESTINO","pronouns":"Ele","description":"Desde 2003 trabalhando com not\u00edcias.","sameAs":["http:\/\/ubirataoline.com.br","https:\/\/www.facebook.com\/portalubirataonline","https:\/\/www.instagram.com\/ubirataonline_oficial","https:\/\/x.com\/x.com\/ubirataonline"],"honorificPrefix":"Mr.","honorificSuffix":"MD","birthDate":"1980-06-16","gender":"masculino","award":["V\u00e1rios pr\u00eamios de melhor portal da cidade"],"jobTitle":"Diretor","url":"https:\/\/ubirataonline.com.br\/en\/author\/ubirataonline\/"},{"@type":"PostalAddress","@id":"https:\/\/ubirataonline.com.br\/atletico-de-madrid-vs-celta-previa-predicciones-y-alineaciones\/#local-main-place-address","streetAddress":"Rua dos Coqueiros, 104 - Bairro Boa Vista, Rua dos Coqueiros, 104 Bairro Boa Vista","addressLocality":"UBIRATA","postalCode":"85440-000","addressRegion":"PR","addressCountry":"BR"},{"@type":"ImageObject","inLanguage":"en-US","@id":"https:\/\/ubirataonline.com.br\/atletico-de-madrid-vs-celta-previa-predicciones-y-alineaciones\/#local-main-organization-logo","url":"https:\/\/ubirataonline.com.br\/wp-content\/uploads\/2026\/06\/logoubirataonline-1.webp","contentUrl":"https:\/\/ubirataonline.com.br\/wp-content\/uploads\/2026\/06\/logoubirataonline-1.webp","width":500,"height":500,"caption":"Ubirat\u00e3 Online Not\u00edcias"}]},"geo.placename":"UBIRATA","geo.position":{"lat":"-24.5361401","long":"-52.9921776"},"geo.region":"Brazil"},"_links":{"self":[{"href":"https:\/\/ubirataonline.com.br\/en\/wp-json\/wp\/v2\/posts\/125179","targetHints":{"allow":["GET"]}}],"collection":[{"href":"https:\/\/ubirataonline.com.br\/en\/wp-json\/wp\/v2\/posts"}],"about":[{"href":"https:\/\/ubirataonline.com.br\/en\/wp-json\/wp\/v2\/types\/post"}],"author":[{"embeddable":true,"href":"https:\/\/ubirataonline.com.br\/en\/wp-json\/wp\/v2\/users\/1"}],"replies":[{"embeddable":true,"href":"https:\/\/ubirataonline.com.br\/en\/wp-json\/wp\/v2\/comments?post=125179"}],"version-history":[{"count":0,"href":"https:\/\/ubirataonline.com.br\/en\/wp-json\/wp\/v2\/posts\/125179\/revisions"}],"wp:featuredmedia":[{"embeddable":true,"href":"https:\/\/ubirataonline.com.br\/en\/wp-json\/wp\/v2\/media\/125180"}],"wp:attachment":[{"href":"https:\/\/ubirataonline.com.br\/en\/wp-json\/wp\/v2\/media?parent=125179"}],"wp:term":[{"taxonomy":"category","embeddable":true,"href":"https:\/\/ubirataonline.com.br\/en\/wp-json\/wp\/v2\/categories?post=125179"},{"taxonomy":"post_tag","embeddable":true,"href":"https:\/\/ubirataonline.com.br\/en\/wp-json\/wp\/v2\/tags?post=125179"}],"curies":[{"name":"wp","href":"https:\/\/api.w.org\/{rel}","templated":true}]}}