{"id":125182,"date":"2026-05-09T13:14:20","date_gmt":"2026-05-09T16:14:20","guid":{"rendered":"https:\/\/ubirataonline.com.br\/daniel-ricciardo-confirms-paddock-return-its-going-to-really-hit-me-hard\/"},"modified":"2026-05-09T13:14:23","modified_gmt":"2026-05-09T16:14:23","slug":"daniel-ricciardo-confirms-paddock-return-its-going-to-really-hit-me-hard","status":"publish","type":"post","link":"https:\/\/ubirataonline.com.br\/en\/daniel-ricciardo-confirms-paddock-return-its-going-to-really-hit-me-hard\/","title":{"rendered":"Daniel Ricciardo confirms paddock return: &#8216;It&#8217;s going to really hit me hard&#8217;"},"content":{"rendered":"<p><br \/>\n<\/p>\n<div>\n<p>Daniel Ricciardo has confirmed he will be in attendance at the Indianapolis 500 this year, stating he expects the event to \u201chit me hard\u201d.\n\t\t\t\t\t\t\t<\/p>\n<p>Ricciardo has not raced professionally since his outing at the 2024 Singapore Grand Prix.\n\t\t\t\t\t\t\t<\/p>\n<p>He has since declared that he has retired from racing and is focusing on other projects, including being an ambassador of Ford Racing and launching his own wine.\n\t\t\t\t\t\t\t<\/p>\n<p>The latter product will be advertised during this year&#8217;s Indy 500 in collaboration with Conor Daly, who will race for Dreyer &amp; Reinbold Racing.\n\t\t\t\t\t\t\t<\/p>\n<p>Ricciardo recently appeared on Daly&#8217;s <i>Speed Street <\/i>podcast, where he discussed his attendance at this year&#8217;s race.\n\t\t\t\t\t\t\t<\/p>\n<p>\u201cWhat you&#8217;ve told me about Indy 500, I&#8217;ve probably never been more excited since I was a kid to go to a race and just be a fan at a race,\u201d\u00a0Ricciardo said.\n\t\t\t\t\t\t\t<\/p>\n<p>\u201cTo experience it in the way you speak about it, you&#8217;ve done the European thing, you&#8217;ve travelled the world racing.\n\t\t\t\t\t\t\t<\/p>\n<p>\u201cThis sounds like&#8230; I think it&#8217;s going to really hit me hard. I&#8217;m excited to be a fan.\u201d\n\t\t\t\t\t\t\t<\/p>\n<p>The race will take place on May 24, just a handful of hours before the Canadian Grand Prix.\n\t\t\t\t\t\t\t<\/p>\n<p>Explaining how the idea of attending the race came about, Ricciardo said: \u201cWe started a conversation like &#8216;guys, is there a world we can get Conor more involved?\u00a0\n\t\t\t\t\t\t\t<\/p>\n<p>\u201cAnd then pretty much at the same time, I was speaking to my Dad about Indy 500 and it&#8217;s something he&#8217;s always wanted to do and always wanted to go to.\n\t\t\t\t\t\t\t<\/p>\n<p>\u201cI was like, &#8216;well, let&#8217;s do it in 2026, let&#8217;s go to the race&#8217;.\u201d\n\t\t\t\t\t\t\t<\/p>\n<\/p><\/div>\n<p><br \/>\n<br \/><a href=\"https:\/\/racingnews365.com\/daniel-ricciardo-confirms-paddock-return-its-going-to-really-hit-me-hard\">Source link <\/a><\/p>","protected":false},"excerpt":{"rendered":"<p>Daniel Ricciardo has confirmed he will be in attendance at the Indianapolis 500 this year, stating he expects the event to \u201chit me hard\u201d. Ricciardo has not raced professionally since his outing at the 2024 Singapore Grand Prix. He has since declared that he has retired from racing and is focusing on other projects, including [&hellip;]<\/p>\n","protected":false},"author":1,"featured_media":125183,"comment_status":"closed","ping_status":"","sticky":false,"template":"","format":"standard","meta":{"googlesitekit_rrm_CAow2JLhCw:productID":"","_gspb_post_css":"","maa_idioma":"","maa_pais":"","footnotes":""},"categories":[2725],"tags":[9619,3884,6609,5630,34260,6205,34259],"class_list":["post-125182","post","type-post","status-publish","format-standard","has-post-thumbnail","hentry","category-europe","tag-confirms","tag-daniel","tag-hard","tag-hit","tag-paddock","tag-return","tag-ricciardo"],"blocksy_meta":[],"yoast_head":"<!-- This site is optimized with the Yoast SEO Premium plugin v27.6 (Yoast SEO v27.6) - https:\/\/yoast.com\/product\/yoast-seo-premium-wordpress\/ -->\n<title>Daniel Ricciardo confirms paddock return: &#039;It&#039;s going to really hit me hard&#039; - Ubirat\u00e3 Online Not\u00edcias - A realidade ao seu alcance!<\/title>\n<meta name=\"description\" content=\"Daniel Ricciardo has confirmed he will be in attendance at the Indianapolis 500 this year, stating he expects the event to \u201chit me hard\u201d. Ricciardo has\" \/>\n<meta name=\"robots\" content=\"index, follow, max-snippet:-1, max-image-preview:large, max-video-preview:-1\" \/>\n<link rel=\"canonical\" href=\"https:\/\/ubirataonline.com.br\/en\/daniel-ricciardo-confirms-paddock-return-its-going-to-really-hit-me-hard\/\" \/>\n<meta property=\"og:locale\" content=\"en_US\" \/>\n<meta property=\"og:type\" content=\"article\" \/>\n<meta property=\"og:title\" content=\"Daniel Ricciardo confirms paddock return: &#039;It&#039;s going to really hit me hard&#039;\" \/>\n<meta property=\"og:description\" content=\"Daniel Ricciardo has confirmed he will be in attendance at the Indianapolis 500 this year, stating he expects the event to \u201chit me hard\u201d. Ricciardo has\" \/>\n<meta property=\"og:url\" content=\"https:\/\/ubirataonline.com.br\/en\/daniel-ricciardo-confirms-paddock-return-its-going-to-really-hit-me-hard\/\" \/>\n<meta property=\"og:site_name\" content=\"Ubirat\u00e3 Online Not\u00edcias - A realidade ao seu alcance!\" \/>\n<meta property=\"article:publisher\" content=\"https:\/\/www.facebook.com\/portalubirataonline\" \/>\n<meta property=\"article:author\" content=\"https:\/\/www.facebook.com\/portalubirataonline\" \/>\n<meta property=\"article:published_time\" content=\"2026-05-09T16:14:20+00:00\" \/>\n<meta property=\"article:modified_time\" content=\"2026-05-09T16:14:23+00:00\" \/>\n<meta property=\"og:image\" content=\"https:\/\/ubirataonline.com.br\/wp-content\/uploads\/2026\/05\/Daniel-Ricciardo-confirms-paddock-return-Its-going-to-really-hit.jpg\" \/>\n\t<meta property=\"og:image:width\" content=\"1800\" \/>\n\t<meta property=\"og:image:height\" content=\"945\" \/>\n\t<meta property=\"og:image:type\" content=\"image\/jpeg\" \/>\n<meta name=\"author\" content=\"REDA\u00c7\u00c3O: UBIRAT\u00c3 ONLINE - F\u00c1BIO AUGUSTO CELESTINO\" \/>\n<meta name=\"twitter:card\" content=\"summary_large_image\" \/>\n<meta name=\"twitter:creator\" content=\"@x.com\/ubirataonline\" \/>\n<meta name=\"twitter:site\" content=\"@ubirataonline\" \/>\n<meta name=\"twitter:label1\" content=\"Written by\" \/>\n\t<meta name=\"twitter:data1\" content=\"REDA\u00c7\u00c3O: UBIRAT\u00c3 ONLINE - F\u00c1BIO AUGUSTO CELESTINO\" \/>\n\t<meta name=\"twitter:label2\" content=\"Est. reading time\" \/>\n\t<meta name=\"twitter:data2\" content=\"1 minute\" \/>\n<script type=\"application\/ld+json\" class=\"yoast-schema-graph\">{\"@context\":\"https:\\\/\\\/schema.org\",\"@graph\":[{\"@type\":\"NewsArticle\",\"@id\":\"https:\\\/\\\/ubirataonline.com.br\\\/daniel-ricciardo-confirms-paddock-return-its-going-to-really-hit-me-hard\\\/#article\",\"isPartOf\":{\"@id\":\"https:\\\/\\\/ubirataonline.com.br\\\/daniel-ricciardo-confirms-paddock-return-its-going-to-really-hit-me-hard\\\/\"},\"author\":{\"name\":\"REDA\u00c7\u00c3O: UBIRAT\u00c3 ONLINE - F\u00c1BIO AUGUSTO CELESTINO\",\"@id\":\"https:\\\/\\\/ubirataonline.com.br\\\/#\\\/schema\\\/person\\\/372f87bbd3fdd79b8556b84c98d0bc1c\"},\"headline\":\"Daniel Ricciardo confirms paddock return: &#8216;It&#8217;s going to really hit me hard&#8217;\",\"datePublished\":\"2026-05-09T16:14:20+00:00\",\"dateModified\":\"2026-05-09T16:14:23+00:00\",\"mainEntityOfPage\":{\"@id\":\"https:\\\/\\\/ubirataonline.com.br\\\/daniel-ricciardo-confirms-paddock-return-its-going-to-really-hit-me-hard\\\/\"},\"wordCount\":292,\"publisher\":{\"@id\":\"https:\\\/\\\/ubirataonline.com.br\\\/#organization\"},\"image\":{\"@id\":\"https:\\\/\\\/ubirataonline.com.br\\\/daniel-ricciardo-confirms-paddock-return-its-going-to-really-hit-me-hard\\\/#primaryimage\"},\"thumbnailUrl\":\"https:\\\/\\\/ubirataonline.com.br\\\/wp-content\\\/uploads\\\/2026\\\/05\\\/Daniel-Ricciardo-confirms-paddock-return-Its-going-to-really-hit.jpg\",\"keywords\":[\"confirms\",\"Daniel\",\"hard\",\"hit\",\"paddock\",\"Return\",\"Ricciardo\"],\"articleSection\":[\"Europe\"],\"inLanguage\":\"en-US\",\"copyrightYear\":\"2026\",\"copyrightHolder\":{\"@id\":\"https:\\\/\\\/ubirataonline.com.br\\\/en\\\/#organization\"}},{\"@type\":\"WebPage\",\"@id\":\"https:\\\/\\\/ubirataonline.com.br\\\/daniel-ricciardo-confirms-paddock-return-its-going-to-really-hit-me-hard\\\/\",\"url\":\"https:\\\/\\\/ubirataonline.com.br\\\/daniel-ricciardo-confirms-paddock-return-its-going-to-really-hit-me-hard\\\/\",\"name\":\"Daniel Ricciardo confirms paddock return: 'It's going to really hit me hard' - Ubirat\u00e3 Online Not\u00edcias - A realidade ao seu alcance!\",\"isPartOf\":{\"@id\":\"https:\\\/\\\/ubirataonline.com.br\\\/#website\"},\"primaryImageOfPage\":{\"@id\":\"https:\\\/\\\/ubirataonline.com.br\\\/daniel-ricciardo-confirms-paddock-return-its-going-to-really-hit-me-hard\\\/#primaryimage\"},\"image\":{\"@id\":\"https:\\\/\\\/ubirataonline.com.br\\\/daniel-ricciardo-confirms-paddock-return-its-going-to-really-hit-me-hard\\\/#primaryimage\"},\"thumbnailUrl\":\"https:\\\/\\\/ubirataonline.com.br\\\/wp-content\\\/uploads\\\/2026\\\/05\\\/Daniel-Ricciardo-confirms-paddock-return-Its-going-to-really-hit.jpg\",\"datePublished\":\"2026-05-09T16:14:20+00:00\",\"dateModified\":\"2026-05-09T16:14:23+00:00\",\"description\":\"Daniel Ricciardo has confirmed he will be in attendance at the Indianapolis 500 this year, stating he expects the event to \u201chit me hard\u201d. Ricciardo has\",\"breadcrumb\":{\"@id\":\"https:\\\/\\\/ubirataonline.com.br\\\/daniel-ricciardo-confirms-paddock-return-its-going-to-really-hit-me-hard\\\/#breadcrumb\"},\"inLanguage\":\"en-US\",\"potentialAction\":[{\"@type\":\"ReadAction\",\"target\":[\"https:\\\/\\\/ubirataonline.com.br\\\/daniel-ricciardo-confirms-paddock-return-its-going-to-really-hit-me-hard\\\/\"]}]},{\"@type\":\"ImageObject\",\"inLanguage\":\"en-US\",\"@id\":\"https:\\\/\\\/ubirataonline.com.br\\\/daniel-ricciardo-confirms-paddock-return-its-going-to-really-hit-me-hard\\\/#primaryimage\",\"url\":\"https:\\\/\\\/ubirataonline.com.br\\\/wp-content\\\/uploads\\\/2026\\\/05\\\/Daniel-Ricciardo-confirms-paddock-return-Its-going-to-really-hit.jpg\",\"contentUrl\":\"https:\\\/\\\/ubirataonline.com.br\\\/wp-content\\\/uploads\\\/2026\\\/05\\\/Daniel-Ricciardo-confirms-paddock-return-Its-going-to-really-hit.jpg\",\"width\":1800,\"height\":945,\"caption\":\"Daniel Ricciardo confirms paddock return: 'It's going to really hit me hard'\"},{\"@type\":\"BreadcrumbList\",\"@id\":\"https:\\\/\\\/ubirataonline.com.br\\\/daniel-ricciardo-confirms-paddock-return-its-going-to-really-hit-me-hard\\\/#breadcrumb\",\"itemListElement\":[{\"@type\":\"ListItem\",\"position\":1,\"name\":\"In\u00edcio\",\"item\":\"https:\\\/\\\/ubirataonline.com.br\\\/\"},{\"@type\":\"ListItem\",\"position\":2,\"name\":\"Daniel Ricciardo confirms paddock return: &#8216;It&#8217;s going to really hit me hard&#8217;\"}]},{\"@type\":\"WebSite\",\"@id\":\"https:\\\/\\\/ubirataonline.com.br\\\/#website\",\"url\":\"https:\\\/\\\/ubirataonline.com.br\\\/\",\"name\":\"Ubirat\u00e3 Online Not\u00edcias\",\"description\":\"Not\u00edcias de Ubirat\u00e3, regi\u00e3o, Brasil e mundo, com informa\u00e7\u00e3o atualizada e compromisso com o leitor.\",\"publisher\":{\"@id\":\"https:\\\/\\\/ubirataonline.com.br\\\/#organization\"},\"alternateName\":\"Ubirat\u00e3 Online\",\"potentialAction\":[{\"@type\":\"SearchAction\",\"target\":{\"@type\":\"EntryPoint\",\"urlTemplate\":\"https:\\\/\\\/ubirataonline.com.br\\\/?s={search_term_string}\"},\"query-input\":{\"@type\":\"PropertyValueSpecification\",\"valueRequired\":true,\"valueName\":\"search_term_string\"}}],\"inLanguage\":\"en-US\"},{\"@type\":[\"Organization\",\"Place\"],\"@id\":\"https:\\\/\\\/ubirataonline.com.br\\\/#organization\",\"name\":\"Ubirat\u00e3 Online Not\u00edcias\",\"alternateName\":\"Ubirat\u00e3 Online\",\"url\":\"https:\\\/\\\/ubirataonline.com.br\\\/\",\"logo\":{\"@id\":\"https:\\\/\\\/ubirataonline.com.br\\\/daniel-ricciardo-confirms-paddock-return-its-going-to-really-hit-me-hard\\\/#local-main-organization-logo\"},\"image\":{\"@id\":\"https:\\\/\\\/ubirataonline.com.br\\\/daniel-ricciardo-confirms-paddock-return-its-going-to-really-hit-me-hard\\\/#local-main-organization-logo\"},\"sameAs\":[\"https:\\\/\\\/www.facebook.com\\\/portalubirataonline\",\"https:\\\/\\\/x.com\\\/ubirataonline\",\"https:\\\/\\\/mastodon.social\\\/@ubirataonline\",\"https:\\\/\\\/www.facebook.com\\\/groups\\\/311144672285604\",\"https:\\\/\\\/www.facebook.com\\\/UBTAOnline\",\"https:\\\/\\\/www.instagram.com\\\/portalubirataonline\\\/\",\"https:\\\/\\\/twitter.com\\\/ubirataonline\"],\"description\":\"Somos um portal de not\u00edcias independente, criado em 5 de janeiro de 2009, com o objetivo de informar, conectar e valorizar a nossa comunidade de Ubirat\u00e3 e toda aregi\u00e3o. Com conte\u00fado atualizado, confi\u00e1vel e relevante, o Ubirat\u00e3 Online \u00e9 o seu espa\u00e7o para ficar por dentro dos principais acontecimentos locais, regionais, Brasil, Mundo e de interesse geral. Nosso compromisso \u00e9 com a verdade, a transpar\u00eancia e o respeito ao leitor.\",\"legalName\":\"UBIRATA ONLINE NOT\u00cdCIAS\",\"foundingDate\":\"2009-01-05\",\"numberOfEmployees\":{\"@type\":\"QuantitativeValue\",\"minValue\":\"1\",\"maxValue\":\"10\"},\"publishingPrinciples\":\"https:\\\/\\\/ubirataonline.com.br\\\/faq\\\/\",\"address\":{\"@id\":\"https:\\\/\\\/ubirataonline.com.br\\\/daniel-ricciardo-confirms-paddock-return-its-going-to-really-hit-me-hard\\\/#local-main-place-address\"},\"geo\":{\"@type\":\"GeoCoordinates\",\"latitude\":\"-24.5361401\",\"longitude\":\"-52.9921776\"},\"telephone\":[\"+5544998308235\"],\"contactPoint\":{\"@type\":\"ContactPoint\",\"email\":\"contato@ubirataonline.com.br\"},\"openingHoursSpecification\":{\"@type\":\"OpeningHoursSpecification\",\"dayOfWeek\":[\"Monday\",\"Tuesday\",\"Wednesday\",\"Thursday\",\"Friday\",\"Saturday\",\"Sunday\"],\"opens\":\"00:00\",\"closes\":\"23:59\"},\"email\":\"contato@ubirataonline.com.br\",\"vatID\":\"47.621.418\\\/0001-80\"},{\"@type\":\"Person\",\"@id\":\"https:\\\/\\\/ubirataonline.com.br\\\/#\\\/schema\\\/person\\\/372f87bbd3fdd79b8556b84c98d0bc1c\",\"name\":\"REDA\u00c7\u00c3O: UBIRAT\u00c3 ONLINE - F\u00c1BIO AUGUSTO CELESTINO\",\"pronouns\":\"Ele\",\"description\":\"Desde 2003 trabalhando com not\u00edcias.\",\"sameAs\":[\"http:\\\/\\\/ubirataoline.com.br\",\"https:\\\/\\\/www.facebook.com\\\/portalubirataonline\",\"https:\\\/\\\/www.instagram.com\\\/ubirataonline_oficial\",\"https:\\\/\\\/x.com\\\/x.com\\\/ubirataonline\"],\"honorificPrefix\":\"Mr.\",\"honorificSuffix\":\"MD\",\"birthDate\":\"1980-06-16\",\"gender\":\"masculino\",\"award\":[\"V\u00e1rios pr\u00eamios de melhor portal da cidade\"],\"jobTitle\":\"Diretor\",\"url\":\"https:\\\/\\\/ubirataonline.com.br\\\/en\\\/author\\\/ubirataonline\\\/\"},{\"@type\":\"PostalAddress\",\"@id\":\"https:\\\/\\\/ubirataonline.com.br\\\/daniel-ricciardo-confirms-paddock-return-its-going-to-really-hit-me-hard\\\/#local-main-place-address\",\"streetAddress\":\"Rua dos Coqueiros, 104 - Bairro Boa Vista, Rua dos Coqueiros, 104 Bairro Boa Vista\",\"addressLocality\":\"UBIRATA\",\"postalCode\":\"85440-000\",\"addressRegion\":\"PR\",\"addressCountry\":\"BR\"},{\"@type\":\"ImageObject\",\"inLanguage\":\"en-US\",\"@id\":\"https:\\\/\\\/ubirataonline.com.br\\\/daniel-ricciardo-confirms-paddock-return-its-going-to-really-hit-me-hard\\\/#local-main-organization-logo\",\"url\":\"https:\\\/\\\/ubirataonline.com.br\\\/wp-content\\\/uploads\\\/2026\\\/06\\\/logoubirataonline-1.webp\",\"contentUrl\":\"https:\\\/\\\/ubirataonline.com.br\\\/wp-content\\\/uploads\\\/2026\\\/06\\\/logoubirataonline-1.webp\",\"width\":500,\"height\":500,\"caption\":\"Ubirat\u00e3 Online Not\u00edcias\"}]}<\/script>\n<meta name=\"geo.placename\" content=\"UBIRATA\" \/>\n<meta name=\"geo.position\" content=\"-24.5361401;-52.9921776\" \/>\n<meta name=\"geo.region\" content=\"Brazil\" \/>\n<!-- \/ Yoast SEO Premium plugin. -->","yoast_head_json":{"title":"Daniel Ricciardo confirms paddock return: 'It's going to really hit me hard' - Ubirat\u00e3 Online Not\u00edcias - A realidade ao seu alcance!","description":"Daniel Ricciardo has confirmed he will be in attendance at the Indianapolis 500 this year, stating he expects the event to \u201chit me hard\u201d. Ricciardo has","robots":{"index":"index","follow":"follow","max-snippet":"max-snippet:-1","max-image-preview":"max-image-preview:large","max-video-preview":"max-video-preview:-1"},"canonical":"https:\/\/ubirataonline.com.br\/en\/daniel-ricciardo-confirms-paddock-return-its-going-to-really-hit-me-hard\/","og_locale":"en_US","og_type":"article","og_title":"Daniel Ricciardo confirms paddock return: 'It's going to really hit me hard'","og_description":"Daniel Ricciardo has confirmed he will be in attendance at the Indianapolis 500 this year, stating he expects the event to \u201chit me hard\u201d. Ricciardo has","og_url":"https:\/\/ubirataonline.com.br\/en\/daniel-ricciardo-confirms-paddock-return-its-going-to-really-hit-me-hard\/","og_site_name":"Ubirat\u00e3 Online Not\u00edcias - A realidade ao seu alcance!","article_publisher":"https:\/\/www.facebook.com\/portalubirataonline","article_author":"https:\/\/www.facebook.com\/portalubirataonline","article_published_time":"2026-05-09T16:14:20+00:00","article_modified_time":"2026-05-09T16:14:23+00:00","og_image":[{"width":1800,"height":945,"url":"https:\/\/ubirataonline.com.br\/wp-content\/uploads\/2026\/05\/Daniel-Ricciardo-confirms-paddock-return-Its-going-to-really-hit.jpg","type":"image\/jpeg"}],"author":"REDA\u00c7\u00c3O: UBIRAT\u00c3 ONLINE - F\u00c1BIO AUGUSTO CELESTINO","twitter_card":"summary_large_image","twitter_creator":"@x.com\/ubirataonline","twitter_site":"@ubirataonline","twitter_misc":{"Written by":"REDA\u00c7\u00c3O: UBIRAT\u00c3 ONLINE - F\u00c1BIO AUGUSTO CELESTINO","Est. reading time":"1 minute"},"schema":{"@context":"https:\/\/schema.org","@graph":[{"@type":"NewsArticle","@id":"https:\/\/ubirataonline.com.br\/daniel-ricciardo-confirms-paddock-return-its-going-to-really-hit-me-hard\/#article","isPartOf":{"@id":"https:\/\/ubirataonline.com.br\/daniel-ricciardo-confirms-paddock-return-its-going-to-really-hit-me-hard\/"},"author":{"name":"REDA\u00c7\u00c3O: UBIRAT\u00c3 ONLINE - F\u00c1BIO AUGUSTO CELESTINO","@id":"https:\/\/ubirataonline.com.br\/#\/schema\/person\/372f87bbd3fdd79b8556b84c98d0bc1c"},"headline":"Daniel Ricciardo confirms paddock return: &#8216;It&#8217;s going to really hit me hard&#8217;","datePublished":"2026-05-09T16:14:20+00:00","dateModified":"2026-05-09T16:14:23+00:00","mainEntityOfPage":{"@id":"https:\/\/ubirataonline.com.br\/daniel-ricciardo-confirms-paddock-return-its-going-to-really-hit-me-hard\/"},"wordCount":292,"publisher":{"@id":"https:\/\/ubirataonline.com.br\/#organization"},"image":{"@id":"https:\/\/ubirataonline.com.br\/daniel-ricciardo-confirms-paddock-return-its-going-to-really-hit-me-hard\/#primaryimage"},"thumbnailUrl":"https:\/\/ubirataonline.com.br\/wp-content\/uploads\/2026\/05\/Daniel-Ricciardo-confirms-paddock-return-Its-going-to-really-hit.jpg","keywords":["confirms","Daniel","hard","hit","paddock","Return","Ricciardo"],"articleSection":["Europe"],"inLanguage":"en-US","copyrightYear":"2026","copyrightHolder":{"@id":"https:\/\/ubirataonline.com.br\/en\/#organization"}},{"@type":"WebPage","@id":"https:\/\/ubirataonline.com.br\/daniel-ricciardo-confirms-paddock-return-its-going-to-really-hit-me-hard\/","url":"https:\/\/ubirataonline.com.br\/daniel-ricciardo-confirms-paddock-return-its-going-to-really-hit-me-hard\/","name":"Daniel Ricciardo confirms paddock return: 'It's going to really hit me hard' - Ubirat\u00e3 Online Not\u00edcias - A realidade ao seu alcance!","isPartOf":{"@id":"https:\/\/ubirataonline.com.br\/#website"},"primaryImageOfPage":{"@id":"https:\/\/ubirataonline.com.br\/daniel-ricciardo-confirms-paddock-return-its-going-to-really-hit-me-hard\/#primaryimage"},"image":{"@id":"https:\/\/ubirataonline.com.br\/daniel-ricciardo-confirms-paddock-return-its-going-to-really-hit-me-hard\/#primaryimage"},"thumbnailUrl":"https:\/\/ubirataonline.com.br\/wp-content\/uploads\/2026\/05\/Daniel-Ricciardo-confirms-paddock-return-Its-going-to-really-hit.jpg","datePublished":"2026-05-09T16:14:20+00:00","dateModified":"2026-05-09T16:14:23+00:00","description":"Daniel Ricciardo has confirmed he will be in attendance at the Indianapolis 500 this year, stating he expects the event to \u201chit me hard\u201d. Ricciardo has","breadcrumb":{"@id":"https:\/\/ubirataonline.com.br\/daniel-ricciardo-confirms-paddock-return-its-going-to-really-hit-me-hard\/#breadcrumb"},"inLanguage":"en-US","potentialAction":[{"@type":"ReadAction","target":["https:\/\/ubirataonline.com.br\/daniel-ricciardo-confirms-paddock-return-its-going-to-really-hit-me-hard\/"]}]},{"@type":"ImageObject","inLanguage":"en-US","@id":"https:\/\/ubirataonline.com.br\/daniel-ricciardo-confirms-paddock-return-its-going-to-really-hit-me-hard\/#primaryimage","url":"https:\/\/ubirataonline.com.br\/wp-content\/uploads\/2026\/05\/Daniel-Ricciardo-confirms-paddock-return-Its-going-to-really-hit.jpg","contentUrl":"https:\/\/ubirataonline.com.br\/wp-content\/uploads\/2026\/05\/Daniel-Ricciardo-confirms-paddock-return-Its-going-to-really-hit.jpg","width":1800,"height":945,"caption":"Daniel Ricciardo confirms paddock return: 'It's going to really hit me hard'"},{"@type":"BreadcrumbList","@id":"https:\/\/ubirataonline.com.br\/daniel-ricciardo-confirms-paddock-return-its-going-to-really-hit-me-hard\/#breadcrumb","itemListElement":[{"@type":"ListItem","position":1,"name":"In\u00edcio","item":"https:\/\/ubirataonline.com.br\/"},{"@type":"ListItem","position":2,"name":"Daniel Ricciardo confirms paddock return: &#8216;It&#8217;s going to really hit me hard&#8217;"}]},{"@type":"WebSite","@id":"https:\/\/ubirataonline.com.br\/#website","url":"https:\/\/ubirataonline.com.br\/","name":"Ubirat\u00e3 Online Not\u00edcias","description":"Not\u00edcias de Ubirat\u00e3, regi\u00e3o, Brasil e mundo, com informa\u00e7\u00e3o atualizada e compromisso com o leitor.","publisher":{"@id":"https:\/\/ubirataonline.com.br\/#organization"},"alternateName":"Ubirat\u00e3 Online","potentialAction":[{"@type":"SearchAction","target":{"@type":"EntryPoint","urlTemplate":"https:\/\/ubirataonline.com.br\/?s={search_term_string}"},"query-input":{"@type":"PropertyValueSpecification","valueRequired":true,"valueName":"search_term_string"}}],"inLanguage":"en-US"},{"@type":["Organization","Place"],"@id":"https:\/\/ubirataonline.com.br\/#organization","name":"Ubirat\u00e3 Online Not\u00edcias","alternateName":"Ubirat\u00e3 Online","url":"https:\/\/ubirataonline.com.br\/","logo":{"@id":"https:\/\/ubirataonline.com.br\/daniel-ricciardo-confirms-paddock-return-its-going-to-really-hit-me-hard\/#local-main-organization-logo"},"image":{"@id":"https:\/\/ubirataonline.com.br\/daniel-ricciardo-confirms-paddock-return-its-going-to-really-hit-me-hard\/#local-main-organization-logo"},"sameAs":["https:\/\/www.facebook.com\/portalubirataonline","https:\/\/x.com\/ubirataonline","https:\/\/mastodon.social\/@ubirataonline","https:\/\/www.facebook.com\/groups\/311144672285604","https:\/\/www.facebook.com\/UBTAOnline","https:\/\/www.instagram.com\/portalubirataonline\/","https:\/\/twitter.com\/ubirataonline"],"description":"Somos um portal de not\u00edcias independente, criado em 5 de janeiro de 2009, com o objetivo de informar, conectar e valorizar a nossa comunidade de Ubirat\u00e3 e toda aregi\u00e3o. Com conte\u00fado atualizado, confi\u00e1vel e relevante, o Ubirat\u00e3 Online \u00e9 o seu espa\u00e7o para ficar por dentro dos principais acontecimentos locais, regionais, Brasil, Mundo e de interesse geral. Nosso compromisso \u00e9 com a verdade, a transpar\u00eancia e o respeito ao leitor.","legalName":"UBIRATA ONLINE NOT\u00cdCIAS","foundingDate":"2009-01-05","numberOfEmployees":{"@type":"QuantitativeValue","minValue":"1","maxValue":"10"},"publishingPrinciples":"https:\/\/ubirataonline.com.br\/faq\/","address":{"@id":"https:\/\/ubirataonline.com.br\/daniel-ricciardo-confirms-paddock-return-its-going-to-really-hit-me-hard\/#local-main-place-address"},"geo":{"@type":"GeoCoordinates","latitude":"-24.5361401","longitude":"-52.9921776"},"telephone":["+5544998308235"],"contactPoint":{"@type":"ContactPoint","email":"contato@ubirataonline.com.br"},"openingHoursSpecification":{"@type":"OpeningHoursSpecification","dayOfWeek":["Monday","Tuesday","Wednesday","Thursday","Friday","Saturday","Sunday"],"opens":"00:00","closes":"23:59"},"email":"contato@ubirataonline.com.br","vatID":"47.621.418\/0001-80"},{"@type":"Person","@id":"https:\/\/ubirataonline.com.br\/#\/schema\/person\/372f87bbd3fdd79b8556b84c98d0bc1c","name":"REDA\u00c7\u00c3O: UBIRAT\u00c3 ONLINE - F\u00c1BIO AUGUSTO CELESTINO","pronouns":"Ele","description":"Desde 2003 trabalhando com not\u00edcias.","sameAs":["http:\/\/ubirataoline.com.br","https:\/\/www.facebook.com\/portalubirataonline","https:\/\/www.instagram.com\/ubirataonline_oficial","https:\/\/x.com\/x.com\/ubirataonline"],"honorificPrefix":"Mr.","honorificSuffix":"MD","birthDate":"1980-06-16","gender":"masculino","award":["V\u00e1rios pr\u00eamios de melhor portal da cidade"],"jobTitle":"Diretor","url":"https:\/\/ubirataonline.com.br\/en\/author\/ubirataonline\/"},{"@type":"PostalAddress","@id":"https:\/\/ubirataonline.com.br\/daniel-ricciardo-confirms-paddock-return-its-going-to-really-hit-me-hard\/#local-main-place-address","streetAddress":"Rua dos Coqueiros, 104 - Bairro Boa Vista, Rua dos Coqueiros, 104 Bairro Boa Vista","addressLocality":"UBIRATA","postalCode":"85440-000","addressRegion":"PR","addressCountry":"BR"},{"@type":"ImageObject","inLanguage":"en-US","@id":"https:\/\/ubirataonline.com.br\/daniel-ricciardo-confirms-paddock-return-its-going-to-really-hit-me-hard\/#local-main-organization-logo","url":"https:\/\/ubirataonline.com.br\/wp-content\/uploads\/2026\/06\/logoubirataonline-1.webp","contentUrl":"https:\/\/ubirataonline.com.br\/wp-content\/uploads\/2026\/06\/logoubirataonline-1.webp","width":500,"height":500,"caption":"Ubirat\u00e3 Online Not\u00edcias"}]},"geo.placename":"UBIRATA","geo.position":{"lat":"-24.5361401","long":"-52.9921776"},"geo.region":"Brazil"},"_links":{"self":[{"href":"https:\/\/ubirataonline.com.br\/en\/wp-json\/wp\/v2\/posts\/125182","targetHints":{"allow":["GET"]}}],"collection":[{"href":"https:\/\/ubirataonline.com.br\/en\/wp-json\/wp\/v2\/posts"}],"about":[{"href":"https:\/\/ubirataonline.com.br\/en\/wp-json\/wp\/v2\/types\/post"}],"author":[{"embeddable":true,"href":"https:\/\/ubirataonline.com.br\/en\/wp-json\/wp\/v2\/users\/1"}],"replies":[{"embeddable":true,"href":"https:\/\/ubirataonline.com.br\/en\/wp-json\/wp\/v2\/comments?post=125182"}],"version-history":[{"count":0,"href":"https:\/\/ubirataonline.com.br\/en\/wp-json\/wp\/v2\/posts\/125182\/revisions"}],"wp:featuredmedia":[{"embeddable":true,"href":"https:\/\/ubirataonline.com.br\/en\/wp-json\/wp\/v2\/media\/125183"}],"wp:attachment":[{"href":"https:\/\/ubirataonline.com.br\/en\/wp-json\/wp\/v2\/media?parent=125182"}],"wp:term":[{"taxonomy":"category","embeddable":true,"href":"https:\/\/ubirataonline.com.br\/en\/wp-json\/wp\/v2\/categories?post=125182"},{"taxonomy":"post_tag","embeddable":true,"href":"https:\/\/ubirataonline.com.br\/en\/wp-json\/wp\/v2\/tags?post=125182"}],"curies":[{"name":"wp","href":"https:\/\/api.w.org\/{rel}","templated":true}]}}