{"id":125384,"date":"2026-05-09T18:21:21","date_gmt":"2026-05-09T21:21:21","guid":{"rendered":"https:\/\/ubirataonline.com.br\/rousey-vs-carano-fight-card-adds-late-notice-fighter-to-replace-muhammad-mokaev\/"},"modified":"2026-05-09T18:21:23","modified_gmt":"2026-05-09T21:21:23","slug":"rousey-vs-carano-fight-card-adds-late-notice-fighter-to-replace-muhammad-mokaev","status":"publish","type":"post","link":"https:\/\/ubirataonline.com.br\/en\/rousey-vs-carano-fight-card-adds-late-notice-fighter-to-replace-muhammad-mokaev\/","title":{"rendered":"Rousey vs. Carano fight card adds late-notice fighter to replace Muhammad Mokaev"},"content":{"rendered":"<p><br \/>\n<\/p>\n<div>\n<p class=\"duet--article--dangerously-set-cms-markup duet--article--standard-paragraph _1nfb3k4i _16w9vov1 _16w9vov0 ls9zuh1\">Muhammad Mokaev is out of next weekend\u2019s Rousey vs. Carano event.<\/p>\n<\/div>\n<div>\n<p class=\"duet--article--dangerously-set-cms-markup duet--article--standard-paragraph _1nfb3k4i _16w9vov1 _16w9vov0 ls9zuh1\"><a href=\"https:\/\/x.com\/MostVpromotions\/status\/2053098156510875688?s=20\">Most Valuable promotions announced<\/a> on Saturday that Mokaev is out of his scheduled bout with former ONE champion Adriano Moraes due to \u201cvisa delays.\u201d Stepping in is one of the sport\u2019s best prospects, the 11-0 Phumi Nkuta.<\/p>\n<\/div>\n<div>\n<p class=\"duet--article--dangerously-set-cms-markup duet--article--standard-paragraph _1nfb3k4i _16w9vov1 _16w9vov0 ls9zuh1\">The bout will take place at a catchweight of 130 pounds and takes place as part of the six-fight preliminary card.<\/p>\n<\/div>\n<div>\n<p class=\"duet--article--dangerously-set-cms-markup duet--article--standard-paragraph _1nfb3k4i _16w9vov1 _16w9vov0 ls9zuh1\">Nkuta recently captured the A1 Combat flyweight title in March with a decision win over Namiki Kawahara. Many believe Nkuta has been UFC ready for years, but has still somehow not been fully signed to a major promotion. \u201cTurbo\u201d has also picked up victories for LFA and Bellator throughout his impressive pro run.<\/p>\n<\/div>\n<div>\n<p class=\"duet--article--dangerously-set-cms-markup duet--article--standard-paragraph _1nfb3k4i _16w9vov1 _16w9vov0 ls9zuh1\">Moraes competes for the first time since ending his 18-fight run with ONE Championship \u2014 where he competed against Demetrious Johnson in a trilogy. In their first meeting, Moraes destroyed Johnson with a brutal second-round knockout, but ultimately lost the series after \u201cMighty\u201d won the next two bouts.<\/p>\n<\/div>\n<div>\n<p class=\"duet--article--dangerously-set-cms-markup duet--article--standard-paragraph _1nfb3k4i _16w9vov1 _16w9vov0 ls9zuh1\">MVP\u2019s first MMA event is headlined by Ronda Rousey vs. Gina Carano, and also features a welterweight tilt between Nate Diaz and Mike Perry.<\/p>\n<\/div>\n<p><br \/>\n<br \/><a href=\"https:\/\/www.mmafighting.com\/ufc\/487117\/rousey-vs-carano-fight-card-adds-late-notice-fighter-to-replace-muhammad-mokaev\">Source link <\/a><\/p>","protected":false},"excerpt":{"rendered":"<p>Muhammad Mokaev is out of next weekend\u2019s Rousey vs. Carano event. Most Valuable promotions announced on Saturday that Mokaev is out of his scheduled bout with former ONE champion Adriano Moraes due to \u201cvisa delays.\u201d Stepping in is one of the sport\u2019s best prospects, the 11-0 Phumi Nkuta. The bout will take place at a [&hellip;]<\/p>\n","protected":false},"author":1,"featured_media":125385,"comment_status":"closed","ping_status":"","sticky":false,"template":"","format":"standard","meta":{"googlesitekit_rrm_CAow2JLhCw:productID":"","_gspb_post_css":"","maa_idioma":"","maa_pais":"","footnotes":""},"categories":[2725],"tags":[10756,27134,6213,6090,7933,34327,34328,14607,8429,21933],"class_list":["post-125384","post","type-post","status-publish","format-standard","has-post-thumbnail","hentry","category-europe","tag-adds","tag-carano","tag-card","tag-fight","tag-fighter","tag-latenotice","tag-mokaev","tag-muhammad","tag-replace","tag-rousey"],"blocksy_meta":[],"yoast_head":"<!-- This site is optimized with the Yoast SEO Premium plugin v27.6 (Yoast SEO v27.6) - https:\/\/yoast.com\/product\/yoast-seo-premium-wordpress\/ -->\n<title>Rousey vs. Carano fight card adds late-notice fighter to replace Muhammad Mokaev - Ubirat\u00e3 Online Not\u00edcias - A realidade ao seu alcance!<\/title>\n<meta name=\"description\" content=\"Muhammad Mokaev is out of next weekend\u2019s Rousey vs. Carano event.Most Valuable promotions announced on Saturday that Mokaev is out of his scheduled bout\" \/>\n<meta name=\"robots\" content=\"index, follow, max-snippet:-1, max-image-preview:large, max-video-preview:-1\" \/>\n<link rel=\"canonical\" href=\"https:\/\/ubirataonline.com.br\/en\/rousey-vs-carano-fight-card-adds-late-notice-fighter-to-replace-muhammad-mokaev\/\" \/>\n<meta property=\"og:locale\" content=\"en_US\" \/>\n<meta property=\"og:type\" content=\"article\" \/>\n<meta property=\"og:title\" content=\"Rousey vs. Carano fight card adds late-notice fighter to replace Muhammad Mokaev\" \/>\n<meta property=\"og:description\" content=\"Muhammad Mokaev is out of next weekend\u2019s Rousey vs. Carano event.Most Valuable promotions announced on Saturday that Mokaev is out of his scheduled bout\" \/>\n<meta property=\"og:url\" content=\"https:\/\/ubirataonline.com.br\/en\/rousey-vs-carano-fight-card-adds-late-notice-fighter-to-replace-muhammad-mokaev\/\" \/>\n<meta property=\"og:site_name\" content=\"Ubirat\u00e3 Online Not\u00edcias - A realidade ao seu alcance!\" \/>\n<meta property=\"article:publisher\" content=\"https:\/\/www.facebook.com\/portalubirataonline\" \/>\n<meta property=\"article:author\" content=\"https:\/\/www.facebook.com\/portalubirataonline\" \/>\n<meta property=\"article:published_time\" content=\"2026-05-09T21:21:21+00:00\" \/>\n<meta property=\"article:modified_time\" content=\"2026-05-09T21:21:23+00:00\" \/>\n<meta property=\"og:image\" content=\"https:\/\/ubirataonline.com.br\/wp-content\/uploads\/2026\/05\/Rousey-vs-Carano-fight-card-adds-late-notice-fighter-to-replace.jpg\" \/>\n\t<meta property=\"og:image:width\" content=\"1200\" \/>\n\t<meta property=\"og:image:height\" content=\"624\" \/>\n\t<meta property=\"og:image:type\" content=\"image\/jpeg\" \/>\n<meta name=\"author\" content=\"REDA\u00c7\u00c3O: UBIRAT\u00c3 ONLINE - F\u00c1BIO AUGUSTO CELESTINO\" \/>\n<meta name=\"twitter:card\" content=\"summary_large_image\" \/>\n<meta name=\"twitter:creator\" content=\"@x.com\/ubirataonline\" \/>\n<meta name=\"twitter:site\" content=\"@ubirataonline\" \/>\n<meta name=\"twitter:label1\" content=\"Written by\" \/>\n\t<meta name=\"twitter:data1\" content=\"REDA\u00c7\u00c3O: UBIRAT\u00c3 ONLINE - F\u00c1BIO AUGUSTO CELESTINO\" \/>\n\t<meta name=\"twitter:label2\" content=\"Est. reading time\" \/>\n\t<meta name=\"twitter:data2\" content=\"1 minute\" \/>\n<script type=\"application\/ld+json\" class=\"yoast-schema-graph\">{\"@context\":\"https:\\\/\\\/schema.org\",\"@graph\":[{\"@type\":\"NewsArticle\",\"@id\":\"https:\\\/\\\/ubirataonline.com.br\\\/rousey-vs-carano-fight-card-adds-late-notice-fighter-to-replace-muhammad-mokaev\\\/#article\",\"isPartOf\":{\"@id\":\"https:\\\/\\\/ubirataonline.com.br\\\/rousey-vs-carano-fight-card-adds-late-notice-fighter-to-replace-muhammad-mokaev\\\/\"},\"author\":{\"name\":\"REDA\u00c7\u00c3O: UBIRAT\u00c3 ONLINE - F\u00c1BIO AUGUSTO CELESTINO\",\"@id\":\"https:\\\/\\\/ubirataonline.com.br\\\/#\\\/schema\\\/person\\\/372f87bbd3fdd79b8556b84c98d0bc1c\"},\"headline\":\"Rousey vs. Carano fight card adds late-notice fighter to replace Muhammad Mokaev\",\"datePublished\":\"2026-05-09T21:21:21+00:00\",\"dateModified\":\"2026-05-09T21:21:23+00:00\",\"mainEntityOfPage\":{\"@id\":\"https:\\\/\\\/ubirataonline.com.br\\\/rousey-vs-carano-fight-card-adds-late-notice-fighter-to-replace-muhammad-mokaev\\\/\"},\"wordCount\":211,\"publisher\":{\"@id\":\"https:\\\/\\\/ubirataonline.com.br\\\/#organization\"},\"image\":{\"@id\":\"https:\\\/\\\/ubirataonline.com.br\\\/rousey-vs-carano-fight-card-adds-late-notice-fighter-to-replace-muhammad-mokaev\\\/#primaryimage\"},\"thumbnailUrl\":\"https:\\\/\\\/ubirataonline.com.br\\\/wp-content\\\/uploads\\\/2026\\\/05\\\/Rousey-vs-Carano-fight-card-adds-late-notice-fighter-to-replace.jpg\",\"keywords\":[\"Adds\",\"Carano\",\"Card\",\"fight\",\"Fighter\",\"latenotice\",\"Mokaev\",\"Muhammad\",\"replace\",\"Rousey\"],\"articleSection\":[\"Europe\"],\"inLanguage\":\"en-US\",\"copyrightYear\":\"2026\",\"copyrightHolder\":{\"@id\":\"https:\\\/\\\/ubirataonline.com.br\\\/en\\\/#organization\"}},{\"@type\":\"WebPage\",\"@id\":\"https:\\\/\\\/ubirataonline.com.br\\\/rousey-vs-carano-fight-card-adds-late-notice-fighter-to-replace-muhammad-mokaev\\\/\",\"url\":\"https:\\\/\\\/ubirataonline.com.br\\\/rousey-vs-carano-fight-card-adds-late-notice-fighter-to-replace-muhammad-mokaev\\\/\",\"name\":\"Rousey vs. Carano fight card adds late-notice fighter to replace Muhammad Mokaev - Ubirat\u00e3 Online Not\u00edcias - A realidade ao seu alcance!\",\"isPartOf\":{\"@id\":\"https:\\\/\\\/ubirataonline.com.br\\\/#website\"},\"primaryImageOfPage\":{\"@id\":\"https:\\\/\\\/ubirataonline.com.br\\\/rousey-vs-carano-fight-card-adds-late-notice-fighter-to-replace-muhammad-mokaev\\\/#primaryimage\"},\"image\":{\"@id\":\"https:\\\/\\\/ubirataonline.com.br\\\/rousey-vs-carano-fight-card-adds-late-notice-fighter-to-replace-muhammad-mokaev\\\/#primaryimage\"},\"thumbnailUrl\":\"https:\\\/\\\/ubirataonline.com.br\\\/wp-content\\\/uploads\\\/2026\\\/05\\\/Rousey-vs-Carano-fight-card-adds-late-notice-fighter-to-replace.jpg\",\"datePublished\":\"2026-05-09T21:21:21+00:00\",\"dateModified\":\"2026-05-09T21:21:23+00:00\",\"description\":\"Muhammad Mokaev is out of next weekend\u2019s Rousey vs. Carano event.Most Valuable promotions announced on Saturday that Mokaev is out of his scheduled bout\",\"breadcrumb\":{\"@id\":\"https:\\\/\\\/ubirataonline.com.br\\\/rousey-vs-carano-fight-card-adds-late-notice-fighter-to-replace-muhammad-mokaev\\\/#breadcrumb\"},\"inLanguage\":\"en-US\",\"potentialAction\":[{\"@type\":\"ReadAction\",\"target\":[\"https:\\\/\\\/ubirataonline.com.br\\\/rousey-vs-carano-fight-card-adds-late-notice-fighter-to-replace-muhammad-mokaev\\\/\"]}]},{\"@type\":\"ImageObject\",\"inLanguage\":\"en-US\",\"@id\":\"https:\\\/\\\/ubirataonline.com.br\\\/rousey-vs-carano-fight-card-adds-late-notice-fighter-to-replace-muhammad-mokaev\\\/#primaryimage\",\"url\":\"https:\\\/\\\/ubirataonline.com.br\\\/wp-content\\\/uploads\\\/2026\\\/05\\\/Rousey-vs-Carano-fight-card-adds-late-notice-fighter-to-replace.jpg\",\"contentUrl\":\"https:\\\/\\\/ubirataonline.com.br\\\/wp-content\\\/uploads\\\/2026\\\/05\\\/Rousey-vs-Carano-fight-card-adds-late-notice-fighter-to-replace.jpg\",\"width\":1200,\"height\":624,\"caption\":\"Muhammad Mokaev after beating Manel Kape during Flyweight fight at Co-op Live Arena, Manchester. Picture date: Sunday July 28, 2024. (Photo by Richard Sellers\\\/PA Images via Getty Images)\"},{\"@type\":\"BreadcrumbList\",\"@id\":\"https:\\\/\\\/ubirataonline.com.br\\\/rousey-vs-carano-fight-card-adds-late-notice-fighter-to-replace-muhammad-mokaev\\\/#breadcrumb\",\"itemListElement\":[{\"@type\":\"ListItem\",\"position\":1,\"name\":\"In\u00edcio\",\"item\":\"https:\\\/\\\/ubirataonline.com.br\\\/\"},{\"@type\":\"ListItem\",\"position\":2,\"name\":\"Rousey vs. Carano fight card adds late-notice fighter to replace Muhammad Mokaev\"}]},{\"@type\":\"WebSite\",\"@id\":\"https:\\\/\\\/ubirataonline.com.br\\\/#website\",\"url\":\"https:\\\/\\\/ubirataonline.com.br\\\/\",\"name\":\"Ubirat\u00e3 Online Not\u00edcias\",\"description\":\"Not\u00edcias de Ubirat\u00e3, regi\u00e3o, Brasil e mundo, com informa\u00e7\u00e3o atualizada e compromisso com o leitor.\",\"publisher\":{\"@id\":\"https:\\\/\\\/ubirataonline.com.br\\\/#organization\"},\"alternateName\":\"Ubirat\u00e3 Online\",\"potentialAction\":[{\"@type\":\"SearchAction\",\"target\":{\"@type\":\"EntryPoint\",\"urlTemplate\":\"https:\\\/\\\/ubirataonline.com.br\\\/?s={search_term_string}\"},\"query-input\":{\"@type\":\"PropertyValueSpecification\",\"valueRequired\":true,\"valueName\":\"search_term_string\"}}],\"inLanguage\":\"en-US\"},{\"@type\":[\"Organization\",\"Place\"],\"@id\":\"https:\\\/\\\/ubirataonline.com.br\\\/#organization\",\"name\":\"Ubirat\u00e3 Online Not\u00edcias\",\"alternateName\":\"Ubirat\u00e3 Online\",\"url\":\"https:\\\/\\\/ubirataonline.com.br\\\/\",\"logo\":{\"@id\":\"https:\\\/\\\/ubirataonline.com.br\\\/rousey-vs-carano-fight-card-adds-late-notice-fighter-to-replace-muhammad-mokaev\\\/#local-main-organization-logo\"},\"image\":{\"@id\":\"https:\\\/\\\/ubirataonline.com.br\\\/rousey-vs-carano-fight-card-adds-late-notice-fighter-to-replace-muhammad-mokaev\\\/#local-main-organization-logo\"},\"sameAs\":[\"https:\\\/\\\/www.facebook.com\\\/portalubirataonline\",\"https:\\\/\\\/x.com\\\/ubirataonline\",\"https:\\\/\\\/mastodon.social\\\/@ubirataonline\",\"https:\\\/\\\/www.facebook.com\\\/groups\\\/311144672285604\",\"https:\\\/\\\/www.facebook.com\\\/UBTAOnline\",\"https:\\\/\\\/www.instagram.com\\\/portalubirataonline\\\/\",\"https:\\\/\\\/twitter.com\\\/ubirataonline\"],\"description\":\"Somos um portal de not\u00edcias independente, criado em 5 de janeiro de 2009, com o objetivo de informar, conectar e valorizar a nossa comunidade de Ubirat\u00e3 e toda aregi\u00e3o. Com conte\u00fado atualizado, confi\u00e1vel e relevante, o Ubirat\u00e3 Online \u00e9 o seu espa\u00e7o para ficar por dentro dos principais acontecimentos locais, regionais, Brasil, Mundo e de interesse geral. Nosso compromisso \u00e9 com a verdade, a transpar\u00eancia e o respeito ao leitor.\",\"legalName\":\"UBIRATA ONLINE NOT\u00cdCIAS\",\"foundingDate\":\"2009-01-05\",\"numberOfEmployees\":{\"@type\":\"QuantitativeValue\",\"minValue\":\"1\",\"maxValue\":\"10\"},\"publishingPrinciples\":\"https:\\\/\\\/ubirataonline.com.br\\\/faq\\\/\",\"address\":{\"@id\":\"https:\\\/\\\/ubirataonline.com.br\\\/rousey-vs-carano-fight-card-adds-late-notice-fighter-to-replace-muhammad-mokaev\\\/#local-main-place-address\"},\"geo\":{\"@type\":\"GeoCoordinates\",\"latitude\":\"-24.5361401\",\"longitude\":\"-52.9921776\"},\"telephone\":[\"+5544998308235\"],\"contactPoint\":{\"@type\":\"ContactPoint\",\"email\":\"contato@ubirataonline.com.br\"},\"openingHoursSpecification\":{\"@type\":\"OpeningHoursSpecification\",\"dayOfWeek\":[\"Monday\",\"Tuesday\",\"Wednesday\",\"Thursday\",\"Friday\",\"Saturday\",\"Sunday\"],\"opens\":\"00:00\",\"closes\":\"23:59\"},\"email\":\"contato@ubirataonline.com.br\",\"vatID\":\"47.621.418\\\/0001-80\"},{\"@type\":\"Person\",\"@id\":\"https:\\\/\\\/ubirataonline.com.br\\\/#\\\/schema\\\/person\\\/372f87bbd3fdd79b8556b84c98d0bc1c\",\"name\":\"REDA\u00c7\u00c3O: UBIRAT\u00c3 ONLINE - F\u00c1BIO AUGUSTO CELESTINO\",\"pronouns\":\"Ele\",\"description\":\"Desde 2003 trabalhando com not\u00edcias.\",\"sameAs\":[\"http:\\\/\\\/ubirataoline.com.br\",\"https:\\\/\\\/www.facebook.com\\\/portalubirataonline\",\"https:\\\/\\\/www.instagram.com\\\/ubirataonline_oficial\",\"https:\\\/\\\/x.com\\\/x.com\\\/ubirataonline\"],\"honorificPrefix\":\"Mr.\",\"honorificSuffix\":\"MD\",\"birthDate\":\"1980-06-16\",\"gender\":\"masculino\",\"award\":[\"V\u00e1rios pr\u00eamios de melhor portal da cidade\"],\"jobTitle\":\"Diretor\",\"url\":\"https:\\\/\\\/ubirataonline.com.br\\\/en\\\/author\\\/ubirataonline\\\/\"},{\"@type\":\"PostalAddress\",\"@id\":\"https:\\\/\\\/ubirataonline.com.br\\\/rousey-vs-carano-fight-card-adds-late-notice-fighter-to-replace-muhammad-mokaev\\\/#local-main-place-address\",\"streetAddress\":\"Rua dos Coqueiros, 104 - Bairro Boa Vista, Rua dos Coqueiros, 104 Bairro Boa Vista\",\"addressLocality\":\"UBIRATA\",\"postalCode\":\"85440-000\",\"addressRegion\":\"PR\",\"addressCountry\":\"BR\"},{\"@type\":\"ImageObject\",\"inLanguage\":\"en-US\",\"@id\":\"https:\\\/\\\/ubirataonline.com.br\\\/rousey-vs-carano-fight-card-adds-late-notice-fighter-to-replace-muhammad-mokaev\\\/#local-main-organization-logo\",\"url\":\"https:\\\/\\\/ubirataonline.com.br\\\/wp-content\\\/uploads\\\/2026\\\/06\\\/logoubirataonline-1.webp\",\"contentUrl\":\"https:\\\/\\\/ubirataonline.com.br\\\/wp-content\\\/uploads\\\/2026\\\/06\\\/logoubirataonline-1.webp\",\"width\":500,\"height\":500,\"caption\":\"Ubirat\u00e3 Online Not\u00edcias\"}]}<\/script>\n<meta name=\"geo.placename\" content=\"UBIRATA\" \/>\n<meta name=\"geo.position\" content=\"-24.5361401;-52.9921776\" \/>\n<meta name=\"geo.region\" content=\"Brazil\" \/>\n<!-- \/ Yoast SEO Premium plugin. -->","yoast_head_json":{"title":"Rousey vs. Carano fight card adds late-notice fighter to replace Muhammad Mokaev - Ubirat\u00e3 Online Not\u00edcias - A realidade ao seu alcance!","description":"Muhammad Mokaev is out of next weekend\u2019s Rousey vs. Carano event.Most Valuable promotions announced on Saturday that Mokaev is out of his scheduled bout","robots":{"index":"index","follow":"follow","max-snippet":"max-snippet:-1","max-image-preview":"max-image-preview:large","max-video-preview":"max-video-preview:-1"},"canonical":"https:\/\/ubirataonline.com.br\/en\/rousey-vs-carano-fight-card-adds-late-notice-fighter-to-replace-muhammad-mokaev\/","og_locale":"en_US","og_type":"article","og_title":"Rousey vs. Carano fight card adds late-notice fighter to replace Muhammad Mokaev","og_description":"Muhammad Mokaev is out of next weekend\u2019s Rousey vs. Carano event.Most Valuable promotions announced on Saturday that Mokaev is out of his scheduled bout","og_url":"https:\/\/ubirataonline.com.br\/en\/rousey-vs-carano-fight-card-adds-late-notice-fighter-to-replace-muhammad-mokaev\/","og_site_name":"Ubirat\u00e3 Online Not\u00edcias - A realidade ao seu alcance!","article_publisher":"https:\/\/www.facebook.com\/portalubirataonline","article_author":"https:\/\/www.facebook.com\/portalubirataonline","article_published_time":"2026-05-09T21:21:21+00:00","article_modified_time":"2026-05-09T21:21:23+00:00","og_image":[{"width":1200,"height":624,"url":"https:\/\/ubirataonline.com.br\/wp-content\/uploads\/2026\/05\/Rousey-vs-Carano-fight-card-adds-late-notice-fighter-to-replace.jpg","type":"image\/jpeg"}],"author":"REDA\u00c7\u00c3O: UBIRAT\u00c3 ONLINE - F\u00c1BIO AUGUSTO CELESTINO","twitter_card":"summary_large_image","twitter_creator":"@x.com\/ubirataonline","twitter_site":"@ubirataonline","twitter_misc":{"Written by":"REDA\u00c7\u00c3O: UBIRAT\u00c3 ONLINE - F\u00c1BIO AUGUSTO CELESTINO","Est. reading time":"1 minute"},"schema":{"@context":"https:\/\/schema.org","@graph":[{"@type":"NewsArticle","@id":"https:\/\/ubirataonline.com.br\/rousey-vs-carano-fight-card-adds-late-notice-fighter-to-replace-muhammad-mokaev\/#article","isPartOf":{"@id":"https:\/\/ubirataonline.com.br\/rousey-vs-carano-fight-card-adds-late-notice-fighter-to-replace-muhammad-mokaev\/"},"author":{"name":"REDA\u00c7\u00c3O: UBIRAT\u00c3 ONLINE - F\u00c1BIO AUGUSTO CELESTINO","@id":"https:\/\/ubirataonline.com.br\/#\/schema\/person\/372f87bbd3fdd79b8556b84c98d0bc1c"},"headline":"Rousey vs. Carano fight card adds late-notice fighter to replace Muhammad Mokaev","datePublished":"2026-05-09T21:21:21+00:00","dateModified":"2026-05-09T21:21:23+00:00","mainEntityOfPage":{"@id":"https:\/\/ubirataonline.com.br\/rousey-vs-carano-fight-card-adds-late-notice-fighter-to-replace-muhammad-mokaev\/"},"wordCount":211,"publisher":{"@id":"https:\/\/ubirataonline.com.br\/#organization"},"image":{"@id":"https:\/\/ubirataonline.com.br\/rousey-vs-carano-fight-card-adds-late-notice-fighter-to-replace-muhammad-mokaev\/#primaryimage"},"thumbnailUrl":"https:\/\/ubirataonline.com.br\/wp-content\/uploads\/2026\/05\/Rousey-vs-Carano-fight-card-adds-late-notice-fighter-to-replace.jpg","keywords":["Adds","Carano","Card","fight","Fighter","latenotice","Mokaev","Muhammad","replace","Rousey"],"articleSection":["Europe"],"inLanguage":"en-US","copyrightYear":"2026","copyrightHolder":{"@id":"https:\/\/ubirataonline.com.br\/en\/#organization"}},{"@type":"WebPage","@id":"https:\/\/ubirataonline.com.br\/rousey-vs-carano-fight-card-adds-late-notice-fighter-to-replace-muhammad-mokaev\/","url":"https:\/\/ubirataonline.com.br\/rousey-vs-carano-fight-card-adds-late-notice-fighter-to-replace-muhammad-mokaev\/","name":"Rousey vs. Carano fight card adds late-notice fighter to replace Muhammad Mokaev - Ubirat\u00e3 Online Not\u00edcias - A realidade ao seu alcance!","isPartOf":{"@id":"https:\/\/ubirataonline.com.br\/#website"},"primaryImageOfPage":{"@id":"https:\/\/ubirataonline.com.br\/rousey-vs-carano-fight-card-adds-late-notice-fighter-to-replace-muhammad-mokaev\/#primaryimage"},"image":{"@id":"https:\/\/ubirataonline.com.br\/rousey-vs-carano-fight-card-adds-late-notice-fighter-to-replace-muhammad-mokaev\/#primaryimage"},"thumbnailUrl":"https:\/\/ubirataonline.com.br\/wp-content\/uploads\/2026\/05\/Rousey-vs-Carano-fight-card-adds-late-notice-fighter-to-replace.jpg","datePublished":"2026-05-09T21:21:21+00:00","dateModified":"2026-05-09T21:21:23+00:00","description":"Muhammad Mokaev is out of next weekend\u2019s Rousey vs. Carano event.Most Valuable promotions announced on Saturday that Mokaev is out of his scheduled bout","breadcrumb":{"@id":"https:\/\/ubirataonline.com.br\/rousey-vs-carano-fight-card-adds-late-notice-fighter-to-replace-muhammad-mokaev\/#breadcrumb"},"inLanguage":"en-US","potentialAction":[{"@type":"ReadAction","target":["https:\/\/ubirataonline.com.br\/rousey-vs-carano-fight-card-adds-late-notice-fighter-to-replace-muhammad-mokaev\/"]}]},{"@type":"ImageObject","inLanguage":"en-US","@id":"https:\/\/ubirataonline.com.br\/rousey-vs-carano-fight-card-adds-late-notice-fighter-to-replace-muhammad-mokaev\/#primaryimage","url":"https:\/\/ubirataonline.com.br\/wp-content\/uploads\/2026\/05\/Rousey-vs-Carano-fight-card-adds-late-notice-fighter-to-replace.jpg","contentUrl":"https:\/\/ubirataonline.com.br\/wp-content\/uploads\/2026\/05\/Rousey-vs-Carano-fight-card-adds-late-notice-fighter-to-replace.jpg","width":1200,"height":624,"caption":"Muhammad Mokaev after beating Manel Kape during Flyweight fight at Co-op Live Arena, Manchester. Picture date: Sunday July 28, 2024. (Photo by Richard Sellers\/PA Images via Getty Images)"},{"@type":"BreadcrumbList","@id":"https:\/\/ubirataonline.com.br\/rousey-vs-carano-fight-card-adds-late-notice-fighter-to-replace-muhammad-mokaev\/#breadcrumb","itemListElement":[{"@type":"ListItem","position":1,"name":"In\u00edcio","item":"https:\/\/ubirataonline.com.br\/"},{"@type":"ListItem","position":2,"name":"Rousey vs. Carano fight card adds late-notice fighter to replace Muhammad Mokaev"}]},{"@type":"WebSite","@id":"https:\/\/ubirataonline.com.br\/#website","url":"https:\/\/ubirataonline.com.br\/","name":"Ubirat\u00e3 Online Not\u00edcias","description":"Not\u00edcias de Ubirat\u00e3, regi\u00e3o, Brasil e mundo, com informa\u00e7\u00e3o atualizada e compromisso com o leitor.","publisher":{"@id":"https:\/\/ubirataonline.com.br\/#organization"},"alternateName":"Ubirat\u00e3 Online","potentialAction":[{"@type":"SearchAction","target":{"@type":"EntryPoint","urlTemplate":"https:\/\/ubirataonline.com.br\/?s={search_term_string}"},"query-input":{"@type":"PropertyValueSpecification","valueRequired":true,"valueName":"search_term_string"}}],"inLanguage":"en-US"},{"@type":["Organization","Place"],"@id":"https:\/\/ubirataonline.com.br\/#organization","name":"Ubirat\u00e3 Online Not\u00edcias","alternateName":"Ubirat\u00e3 Online","url":"https:\/\/ubirataonline.com.br\/","logo":{"@id":"https:\/\/ubirataonline.com.br\/rousey-vs-carano-fight-card-adds-late-notice-fighter-to-replace-muhammad-mokaev\/#local-main-organization-logo"},"image":{"@id":"https:\/\/ubirataonline.com.br\/rousey-vs-carano-fight-card-adds-late-notice-fighter-to-replace-muhammad-mokaev\/#local-main-organization-logo"},"sameAs":["https:\/\/www.facebook.com\/portalubirataonline","https:\/\/x.com\/ubirataonline","https:\/\/mastodon.social\/@ubirataonline","https:\/\/www.facebook.com\/groups\/311144672285604","https:\/\/www.facebook.com\/UBTAOnline","https:\/\/www.instagram.com\/portalubirataonline\/","https:\/\/twitter.com\/ubirataonline"],"description":"Somos um portal de not\u00edcias independente, criado em 5 de janeiro de 2009, com o objetivo de informar, conectar e valorizar a nossa comunidade de Ubirat\u00e3 e toda aregi\u00e3o. Com conte\u00fado atualizado, confi\u00e1vel e relevante, o Ubirat\u00e3 Online \u00e9 o seu espa\u00e7o para ficar por dentro dos principais acontecimentos locais, regionais, Brasil, Mundo e de interesse geral. Nosso compromisso \u00e9 com a verdade, a transpar\u00eancia e o respeito ao leitor.","legalName":"UBIRATA ONLINE NOT\u00cdCIAS","foundingDate":"2009-01-05","numberOfEmployees":{"@type":"QuantitativeValue","minValue":"1","maxValue":"10"},"publishingPrinciples":"https:\/\/ubirataonline.com.br\/faq\/","address":{"@id":"https:\/\/ubirataonline.com.br\/rousey-vs-carano-fight-card-adds-late-notice-fighter-to-replace-muhammad-mokaev\/#local-main-place-address"},"geo":{"@type":"GeoCoordinates","latitude":"-24.5361401","longitude":"-52.9921776"},"telephone":["+5544998308235"],"contactPoint":{"@type":"ContactPoint","email":"contato@ubirataonline.com.br"},"openingHoursSpecification":{"@type":"OpeningHoursSpecification","dayOfWeek":["Monday","Tuesday","Wednesday","Thursday","Friday","Saturday","Sunday"],"opens":"00:00","closes":"23:59"},"email":"contato@ubirataonline.com.br","vatID":"47.621.418\/0001-80"},{"@type":"Person","@id":"https:\/\/ubirataonline.com.br\/#\/schema\/person\/372f87bbd3fdd79b8556b84c98d0bc1c","name":"REDA\u00c7\u00c3O: UBIRAT\u00c3 ONLINE - F\u00c1BIO AUGUSTO CELESTINO","pronouns":"Ele","description":"Desde 2003 trabalhando com not\u00edcias.","sameAs":["http:\/\/ubirataoline.com.br","https:\/\/www.facebook.com\/portalubirataonline","https:\/\/www.instagram.com\/ubirataonline_oficial","https:\/\/x.com\/x.com\/ubirataonline"],"honorificPrefix":"Mr.","honorificSuffix":"MD","birthDate":"1980-06-16","gender":"masculino","award":["V\u00e1rios pr\u00eamios de melhor portal da cidade"],"jobTitle":"Diretor","url":"https:\/\/ubirataonline.com.br\/en\/author\/ubirataonline\/"},{"@type":"PostalAddress","@id":"https:\/\/ubirataonline.com.br\/rousey-vs-carano-fight-card-adds-late-notice-fighter-to-replace-muhammad-mokaev\/#local-main-place-address","streetAddress":"Rua dos Coqueiros, 104 - Bairro Boa Vista, Rua dos Coqueiros, 104 Bairro Boa Vista","addressLocality":"UBIRATA","postalCode":"85440-000","addressRegion":"PR","addressCountry":"BR"},{"@type":"ImageObject","inLanguage":"en-US","@id":"https:\/\/ubirataonline.com.br\/rousey-vs-carano-fight-card-adds-late-notice-fighter-to-replace-muhammad-mokaev\/#local-main-organization-logo","url":"https:\/\/ubirataonline.com.br\/wp-content\/uploads\/2026\/06\/logoubirataonline-1.webp","contentUrl":"https:\/\/ubirataonline.com.br\/wp-content\/uploads\/2026\/06\/logoubirataonline-1.webp","width":500,"height":500,"caption":"Ubirat\u00e3 Online Not\u00edcias"}]},"geo.placename":"UBIRATA","geo.position":{"lat":"-24.5361401","long":"-52.9921776"},"geo.region":"Brazil"},"_links":{"self":[{"href":"https:\/\/ubirataonline.com.br\/en\/wp-json\/wp\/v2\/posts\/125384","targetHints":{"allow":["GET"]}}],"collection":[{"href":"https:\/\/ubirataonline.com.br\/en\/wp-json\/wp\/v2\/posts"}],"about":[{"href":"https:\/\/ubirataonline.com.br\/en\/wp-json\/wp\/v2\/types\/post"}],"author":[{"embeddable":true,"href":"https:\/\/ubirataonline.com.br\/en\/wp-json\/wp\/v2\/users\/1"}],"replies":[{"embeddable":true,"href":"https:\/\/ubirataonline.com.br\/en\/wp-json\/wp\/v2\/comments?post=125384"}],"version-history":[{"count":0,"href":"https:\/\/ubirataonline.com.br\/en\/wp-json\/wp\/v2\/posts\/125384\/revisions"}],"wp:featuredmedia":[{"embeddable":true,"href":"https:\/\/ubirataonline.com.br\/en\/wp-json\/wp\/v2\/media\/125385"}],"wp:attachment":[{"href":"https:\/\/ubirataonline.com.br\/en\/wp-json\/wp\/v2\/media?parent=125384"}],"wp:term":[{"taxonomy":"category","embeddable":true,"href":"https:\/\/ubirataonline.com.br\/en\/wp-json\/wp\/v2\/categories?post=125384"},{"taxonomy":"post_tag","embeddable":true,"href":"https:\/\/ubirataonline.com.br\/en\/wp-json\/wp\/v2\/tags?post=125384"}],"curies":[{"name":"wp","href":"https:\/\/api.w.org\/{rel}","templated":true}]}}