{"id":125618,"date":"2026-05-10T00:02:41","date_gmt":"2026-05-10T03:02:41","guid":{"rendered":"https:\/\/ubirataonline.com.br\/what-jared-mccain-admitted-about-his-emotional-exit-from-the-philadelphia-76ers\/"},"modified":"2026-05-10T00:02:50","modified_gmt":"2026-05-10T03:02:50","slug":"what-jared-mccain-admitted-about-his-emotional-exit-from-the-philadelphia-76ers","status":"publish","type":"post","link":"https:\/\/ubirataonline.com.br\/en\/what-jared-mccain-admitted-about-his-emotional-exit-from-the-philadelphia-76ers\/","title":{"rendered":"What Jared McCain admitted about his emotional exit from the Philadelphia 76ers"},"content":{"rendered":"<p><br \/>\n<\/p>\n<div>\n<p><em><a href=\"https:\/\/www.sportingnews.com\/us\/nba\/oklahoma-city-thunder\/news\/what-jared-mccain-admitted-about-his-emotional-exit-philadelphia-76ers\/247dfd6d1f78019f12964505?utm_source=yahoo&amp;utm_medium=referral&amp;utm_campaign=appeared_on\" rel=\"nofollow noopener\" target=\"_blank\" data-ylk=\"slk:What Jared McCain admitted about his emotional exit from the Philadelphia 76ers;elm:context_link;itc:0;sec:content-canvas\" data-yga=\"{&quot;yLinkElement&quot;:&quot;context_link&quot;,&quot;yModuleName&quot;:&quot;content-canvas&quot;,&quot;yLinkText&quot;:&quot;What Jared McCain admitted about his emotional exit from the Philadelphia 76ers&quot;}\" class=\"link\">What Jared McCain admitted about his emotional exit from the Philadelphia 76ers<\/a> originally appeared on <a href=\"https:\/\/www.sportingnews.com\/us?utm_source=yahoo&amp;utm_medium=referral&amp;utm_campaign=appeared_on\" rel=\"nofollow noopener\" target=\"_blank\" data-ylk=\"slk:The Sporting News;elm:context_link;itc:0;sec:content-canvas\" data-yga=\"{&quot;yLinkElement&quot;:&quot;context_link&quot;,&quot;yModuleName&quot;:&quot;content-canvas&quot;,&quot;yLinkText&quot;:&quot;The Sporting News&quot;}\" class=\"link\">The Sporting News<\/a>. Add The Sporting News as a <a href=\"https:\/\/www.google.com\/preferences\/source?q=https:\/\/www.sportingnews.com\" rel=\"nofollow noopener\" target=\"_blank\" data-ylk=\"slk:Preferred Source by clicking here;elm:context_link;itc:0;sec:content-canvas\" data-yga=\"{&quot;yLinkElement&quot;:&quot;context_link&quot;,&quot;yModuleName&quot;:&quot;content-canvas&quot;,&quot;yLinkText&quot;:&quot;Preferred Source by clicking here&quot;}\" class=\"link\">Preferred Source by clicking here<\/a>.<\/em><\/p>\n<p><a class=\"link\" href=\"https:\/\/sports.yahoo.com\/nba\/players\/10276\/\" data-i13n=\"sec:content-canvas;subsec:anchor_text;elm:context_link\" data-ylk=\"slk:Jared McCain;sec:content-canvas;subsec:anchor_text;elm:context_link;itc:0\" data-yga=\"{&quot;yLinkElement&quot;:&quot;context_link&quot;,&quot;yModuleName&quot;:&quot;content-canvas&quot;,&quot;yLinkText&quot;:&quot;Jared McCain&quot;,&quot;ySubModuleName&quot;:&quot;anchor_text&quot;,&quot;yHasCommerce&quot;:false}\">Jared McCain<\/a> scored a playoff career-high 18 points Thursday night in <a class=\"link\" href=\"https:\/\/sports.yahoo.com\/nba\/teams\/oklahoma-city\/\" data-i13n=\"sec:content-canvas;subsec:anchor_text;elm:context_link\" data-ylk=\"slk:Oklahoma City;sec:content-canvas;subsec:anchor_text;elm:context_link;itc:0\" data-yga=\"{&quot;yLinkElement&quot;:&quot;context_link&quot;,&quot;yModuleName&quot;:&quot;content-canvas&quot;,&quot;yLinkText&quot;:&quot;Oklahoma City&quot;,&quot;ySubModuleName&quot;:&quot;anchor_text&quot;,&quot;yHasCommerce&quot;:false}\">Oklahoma City<\/a>&#8216;s 125-107 Game 2 win over the <a href=\"https:\/\/www.sportingnews.com\/us\/nba\/los-angeles-lakers\" rel=\"nofollow noopener\" target=\"_blank\" data-ylk=\"slk:Los Angeles Lakers;elm:context_link;itc:0;sec:content-canvas\" data-yga=\"{&quot;yLinkElement&quot;:&quot;context_link&quot;,&quot;yModuleName&quot;:&quot;content-canvas&quot;,&quot;yLinkText&quot;:&quot;Los Angeles Lakers&quot;}\" class=\"link\">Los Angeles Lakers<\/a>, going 7-for-11 from the field and 4-of-5 from three-point range. The performance added to a postseason run that has made one thing clear: the <a href=\"https:\/\/www.sportingnews.com\/us\/nba\/oklahoma-city-thunder\" rel=\"nofollow noopener\" target=\"_blank\" data-ylk=\"slk:Thunder;elm:context_link;itc:0;sec:content-canvas\" data-yga=\"{&quot;yLinkElement&quot;:&quot;context_link&quot;,&quot;yModuleName&quot;:&quot;content-canvas&quot;,&quot;yLinkText&quot;:&quot;Thunder&quot;}\" class=\"link\">Thunder<\/a> trade-deadline acquisition looks better by the game.<\/p>\n<p>Advertisement<\/p>\n<p>McCain was the 16th overall pick in the 2024 NBA Draft by the <a href=\"https:\/\/www.sportingnews.com\/us\/nba\/philadelphia-76ers\" rel=\"nofollow noopener\" target=\"_blank\" data-ylk=\"slk:Philadelphia 76ers;elm:context_link;itc:0;sec:content-canvas\" data-yga=\"{&quot;yLinkElement&quot;:&quot;context_link&quot;,&quot;yModuleName&quot;:&quot;content-canvas&quot;,&quot;yLinkText&quot;:&quot;Philadelphia 76ers&quot;}\" class=\"link\">Philadelphia 76ers<\/a>, dealt with a torn meniscus in his rookie season, and fell out of the rotation in <a class=\"link\" href=\"https:\/\/sports.yahoo.com\/nba\/teams\/philadelphia\/\" data-i13n=\"sec:content-canvas;subsec:anchor_text;elm:context_link\" data-ylk=\"slk:Philadelphia;sec:content-canvas;subsec:anchor_text;elm:context_link;itc:0\" data-yga=\"{&quot;yLinkElement&quot;:&quot;context_link&quot;,&quot;yModuleName&quot;:&quot;content-canvas&quot;,&quot;yLinkText&quot;:&quot;Philadelphia&quot;,&quot;ySubModuleName&quot;:&quot;anchor_text&quot;,&quot;yHasCommerce&quot;:false}\">Philadelphia<\/a> as injuries piled up in year two.<\/p>\n<p>The Thunder acquired him in February for a first-round pick and three second-round selections. He didn&#8217;t see it coming.<\/p>\n<p>Speaking with the media after Game 2, McCain described the whiplash of that moment.<\/p>\n<p>&#8220;Man, I thank God every day. This is a blessing. When I first got traded, it was heartbreaking at that point. I didn&#8217;t understand what was going on. But coming here, it has been nothing but love. And I&#8217;m so grateful. I share my gratitude with the team, maybe a little too much sometimes. Sometimes I get on their nerves. But I really appreciate them and everything they do for me and my career. It&#8217;s worked out. It&#8217;s a blessing to be here. I&#8217;m truly, truly grateful every single day. Every moment, I thank God every day for being in OKC.&#8221;<\/p>\n<section class=\"consent\"\/>\n<p>Thunder coach Mark Daigneault pointed to a selfless extra pass McCain made to <a class=\"link\" href=\"https:\/\/sports.yahoo.com\/nba\/players\/10304\/\" data-i13n=\"sec:content-canvas;subsec:anchor_text;elm:context_link\" data-ylk=\"slk:Ajay Mitchell;sec:content-canvas;subsec:anchor_text;elm:context_link;itc:0\" data-yga=\"{&quot;yLinkElement&quot;:&quot;context_link&quot;,&quot;yModuleName&quot;:&quot;content-canvas&quot;,&quot;yLinkText&quot;:&quot;Ajay Mitchell&quot;,&quot;ySubModuleName&quot;:&quot;anchor_text&quot;,&quot;yHasCommerce&quot;:false}\">Ajay Mitchell<\/a> in Game 1 as a sign of the qualities OKC&#8217;s locker room rewards most.<\/p>\n<p>Advertisement<\/p>\n<p>&#8220;I just think there\u2019s certain qualities a player has that resonate with this particular locker room. \u201cProfessionalism is one of them. Commitment to your craft is another one. Competitiveness, the willingness to compete and the willingness to play inside of the team. If you do those things on this team, you earn pretty immediate respect.<\/p>\n<p>&#8220;Take, for example, the extra pass McCain made to Mitchell in Game 1. \u201cThis team recognizes that, and you\u2019re part of the club pretty quickly,&#8221; <a href=\"https:\/\/www.aol.com\/articles\/jared-mccain-okc-thunder-already-110228915.html?guccounter=1&amp;guce_referrer=aHR0cHM6Ly93d3cuZ29vZ2xlLmNvbS8&amp;guce_referrer_sig=AQAAAF4XGV2diq8DXuAMzmdRDJgYBTyRvO9JrW7dYzsHQhf3sdmkRmUKZWE7Pd9Q5xLVc7kCsMwWW_xfAkOXzXeDCyqKoH064qRSLaRw64KJ8-D5Lsbl5qHXFx5S4oMjc51eklnLcLkJLM3Z6pGhPrI5LGHAYscQ08DIirPF6VkagY1w\" data-ylk=\"slk:Daigneault said.;elm:context_link;itc:0;sec:content-canvas\" data-yga=\"{&quot;yLinkElement&quot;:&quot;context_link&quot;,&quot;yModuleName&quot;:&quot;content-canvas&quot;,&quot;yLinkText&quot;:&quot;Daigneault said.&quot;}\" class=\"link\">Daigneault said.<\/a><\/p>\n<p>McCain is a player who needed a fresh start, and the timing has been everything to him.<\/p>\n<\/div>\n<p><br \/>\n<br \/><a href=\"https:\/\/sports.yahoo.com\/articles\/jared-mccain-admitted-emotional-exit-152431990.html\">Source link <\/a><\/p>","protected":false},"excerpt":{"rendered":"<p>What Jared McCain admitted about his emotional exit from the Philadelphia 76ers originally appeared on The Sporting News. Add The Sporting News as a Preferred Source by clicking here. Jared McCain scored a playoff career-high 18 points Thursday night in Oklahoma City&#8216;s 125-107 Game 2 win over the Los Angeles Lakers, going 7-for-11 from the [&hellip;]<\/p>\n","protected":false},"author":1,"featured_media":125619,"comment_status":"closed","ping_status":"","sticky":false,"template":"","format":"standard","meta":{"googlesitekit_rrm_CAow2JLhCw:productID":"","_gspb_post_css":"","maa_idioma":"","maa_pais":"","footnotes":""},"categories":[1],"tags":[7344,34401,7240,7153,9599,17426,6249],"class_list":["post-125618","post","type-post","status-publish","format-standard","has-post-thumbnail","hentry","category-ubirata","tag-76ers","tag-admitted","tag-emotional","tag-exit","tag-jared","tag-mccain","tag-philadelphia"],"blocksy_meta":[],"yoast_head":"<!-- This site is optimized with the Yoast SEO Premium plugin v27.6 (Yoast SEO v27.6) - https:\/\/yoast.com\/product\/yoast-seo-premium-wordpress\/ -->\n<title>What Jared McCain admitted about his emotional exit from the Philadelphia 76ers - Ubirat\u00e3 Online Not\u00edcias - A realidade ao seu alcance!<\/title>\n<meta name=\"description\" content=\"What Jared McCain admitted about his emotional exit from the Philadelphia 76ers originally appeared on The Sporting News. Add The Sporting News as a\" \/>\n<meta name=\"robots\" content=\"index, follow, max-snippet:-1, max-image-preview:large, max-video-preview:-1\" \/>\n<link rel=\"canonical\" href=\"https:\/\/ubirataonline.com.br\/en\/what-jared-mccain-admitted-about-his-emotional-exit-from-the-philadelphia-76ers\/\" \/>\n<meta property=\"og:locale\" content=\"en_US\" \/>\n<meta property=\"og:type\" content=\"article\" \/>\n<meta property=\"og:title\" content=\"What Jared McCain admitted about his emotional exit from the Philadelphia 76ers\" \/>\n<meta property=\"og:description\" content=\"What Jared McCain admitted about his emotional exit from the Philadelphia 76ers originally appeared on The Sporting News. Add The Sporting News as a\" \/>\n<meta property=\"og:url\" content=\"https:\/\/ubirataonline.com.br\/en\/what-jared-mccain-admitted-about-his-emotional-exit-from-the-philadelphia-76ers\/\" \/>\n<meta property=\"og:site_name\" content=\"Ubirat\u00e3 Online Not\u00edcias - A realidade ao seu alcance!\" \/>\n<meta property=\"article:publisher\" content=\"https:\/\/www.facebook.com\/portalubirataonline\" \/>\n<meta property=\"article:author\" content=\"https:\/\/www.facebook.com\/portalubirataonline\" \/>\n<meta property=\"article:published_time\" content=\"2026-05-10T03:02:41+00:00\" \/>\n<meta property=\"article:modified_time\" content=\"2026-05-10T03:02:50+00:00\" \/>\n<meta property=\"og:image\" content=\"https:\/\/ubirataonline.com.br\/wp-content\/uploads\/2026\/05\/What-Jared-McCain-admitted-about-his-emotional-exit-from-the.jpeg\" \/>\n\t<meta property=\"og:image:width\" content=\"760\" \/>\n\t<meta property=\"og:image:height\" content=\"427\" \/>\n\t<meta property=\"og:image:type\" content=\"image\/jpeg\" \/>\n<meta name=\"author\" content=\"REDA\u00c7\u00c3O: UBIRAT\u00c3 ONLINE - F\u00c1BIO AUGUSTO CELESTINO\" \/>\n<meta name=\"twitter:card\" content=\"summary_large_image\" \/>\n<meta name=\"twitter:creator\" content=\"@x.com\/ubirataonline\" \/>\n<meta name=\"twitter:site\" content=\"@ubirataonline\" \/>\n<meta name=\"twitter:label1\" content=\"Written by\" \/>\n\t<meta name=\"twitter:data1\" content=\"REDA\u00c7\u00c3O: UBIRAT\u00c3 ONLINE - F\u00c1BIO AUGUSTO CELESTINO\" \/>\n\t<meta name=\"twitter:label2\" content=\"Est. reading time\" \/>\n\t<meta name=\"twitter:data2\" content=\"2 minutes\" \/>\n<script type=\"application\/ld+json\" class=\"yoast-schema-graph\">{\"@context\":\"https:\\\/\\\/schema.org\",\"@graph\":[{\"@type\":\"NewsArticle\",\"@id\":\"https:\\\/\\\/ubirataonline.com.br\\\/what-jared-mccain-admitted-about-his-emotional-exit-from-the-philadelphia-76ers\\\/#article\",\"isPartOf\":{\"@id\":\"https:\\\/\\\/ubirataonline.com.br\\\/what-jared-mccain-admitted-about-his-emotional-exit-from-the-philadelphia-76ers\\\/\"},\"author\":{\"name\":\"REDA\u00c7\u00c3O: UBIRAT\u00c3 ONLINE - F\u00c1BIO AUGUSTO CELESTINO\",\"@id\":\"https:\\\/\\\/ubirataonline.com.br\\\/#\\\/schema\\\/person\\\/372f87bbd3fdd79b8556b84c98d0bc1c\"},\"headline\":\"What Jared McCain admitted about his emotional exit from the Philadelphia 76ers\",\"datePublished\":\"2026-05-10T03:02:41+00:00\",\"dateModified\":\"2026-05-10T03:02:50+00:00\",\"mainEntityOfPage\":{\"@id\":\"https:\\\/\\\/ubirataonline.com.br\\\/what-jared-mccain-admitted-about-his-emotional-exit-from-the-philadelphia-76ers\\\/\"},\"wordCount\":406,\"publisher\":{\"@id\":\"https:\\\/\\\/ubirataonline.com.br\\\/#organization\"},\"image\":{\"@id\":\"https:\\\/\\\/ubirataonline.com.br\\\/what-jared-mccain-admitted-about-his-emotional-exit-from-the-philadelphia-76ers\\\/#primaryimage\"},\"thumbnailUrl\":\"https:\\\/\\\/ubirataonline.com.br\\\/wp-content\\\/uploads\\\/2026\\\/05\\\/What-Jared-McCain-admitted-about-his-emotional-exit-from-the.jpeg\",\"keywords\":[\"76ers\",\"admitted\",\"Emotional\",\"exit\",\"Jared\",\"McCain\",\"Philadelphia\"],\"articleSection\":[\"Ubirat\u00e3\"],\"inLanguage\":\"en-US\",\"copyrightYear\":\"2026\",\"copyrightHolder\":{\"@id\":\"https:\\\/\\\/ubirataonline.com.br\\\/en\\\/#organization\"}},{\"@type\":\"WebPage\",\"@id\":\"https:\\\/\\\/ubirataonline.com.br\\\/what-jared-mccain-admitted-about-his-emotional-exit-from-the-philadelphia-76ers\\\/\",\"url\":\"https:\\\/\\\/ubirataonline.com.br\\\/what-jared-mccain-admitted-about-his-emotional-exit-from-the-philadelphia-76ers\\\/\",\"name\":\"What Jared McCain admitted about his emotional exit from the Philadelphia 76ers - Ubirat\u00e3 Online Not\u00edcias - A realidade ao seu alcance!\",\"isPartOf\":{\"@id\":\"https:\\\/\\\/ubirataonline.com.br\\\/#website\"},\"primaryImageOfPage\":{\"@id\":\"https:\\\/\\\/ubirataonline.com.br\\\/what-jared-mccain-admitted-about-his-emotional-exit-from-the-philadelphia-76ers\\\/#primaryimage\"},\"image\":{\"@id\":\"https:\\\/\\\/ubirataonline.com.br\\\/what-jared-mccain-admitted-about-his-emotional-exit-from-the-philadelphia-76ers\\\/#primaryimage\"},\"thumbnailUrl\":\"https:\\\/\\\/ubirataonline.com.br\\\/wp-content\\\/uploads\\\/2026\\\/05\\\/What-Jared-McCain-admitted-about-his-emotional-exit-from-the.jpeg\",\"datePublished\":\"2026-05-10T03:02:41+00:00\",\"dateModified\":\"2026-05-10T03:02:50+00:00\",\"description\":\"What Jared McCain admitted about his emotional exit from the Philadelphia 76ers originally appeared on The Sporting News. Add The Sporting News as a\",\"breadcrumb\":{\"@id\":\"https:\\\/\\\/ubirataonline.com.br\\\/what-jared-mccain-admitted-about-his-emotional-exit-from-the-philadelphia-76ers\\\/#breadcrumb\"},\"inLanguage\":\"en-US\",\"potentialAction\":[{\"@type\":\"ReadAction\",\"target\":[\"https:\\\/\\\/ubirataonline.com.br\\\/what-jared-mccain-admitted-about-his-emotional-exit-from-the-philadelphia-76ers\\\/\"]}]},{\"@type\":\"ImageObject\",\"inLanguage\":\"en-US\",\"@id\":\"https:\\\/\\\/ubirataonline.com.br\\\/what-jared-mccain-admitted-about-his-emotional-exit-from-the-philadelphia-76ers\\\/#primaryimage\",\"url\":\"https:\\\/\\\/ubirataonline.com.br\\\/wp-content\\\/uploads\\\/2026\\\/05\\\/What-Jared-McCain-admitted-about-his-emotional-exit-from-the.jpeg\",\"contentUrl\":\"https:\\\/\\\/ubirataonline.com.br\\\/wp-content\\\/uploads\\\/2026\\\/05\\\/What-Jared-McCain-admitted-about-his-emotional-exit-from-the.jpeg\",\"width\":760,\"height\":427,\"caption\":\"What Jared McCain admitted about his emotional exit from the Philadelphia 76ers\"},{\"@type\":\"BreadcrumbList\",\"@id\":\"https:\\\/\\\/ubirataonline.com.br\\\/what-jared-mccain-admitted-about-his-emotional-exit-from-the-philadelphia-76ers\\\/#breadcrumb\",\"itemListElement\":[{\"@type\":\"ListItem\",\"position\":1,\"name\":\"In\u00edcio\",\"item\":\"https:\\\/\\\/ubirataonline.com.br\\\/\"},{\"@type\":\"ListItem\",\"position\":2,\"name\":\"What Jared McCain admitted about his emotional exit from the Philadelphia 76ers\"}]},{\"@type\":\"WebSite\",\"@id\":\"https:\\\/\\\/ubirataonline.com.br\\\/#website\",\"url\":\"https:\\\/\\\/ubirataonline.com.br\\\/\",\"name\":\"Ubirat\u00e3 Online Not\u00edcias\",\"description\":\"Not\u00edcias de Ubirat\u00e3, regi\u00e3o, Brasil e mundo, com informa\u00e7\u00e3o atualizada e compromisso com o leitor.\",\"publisher\":{\"@id\":\"https:\\\/\\\/ubirataonline.com.br\\\/#organization\"},\"alternateName\":\"Ubirat\u00e3 Online\",\"potentialAction\":[{\"@type\":\"SearchAction\",\"target\":{\"@type\":\"EntryPoint\",\"urlTemplate\":\"https:\\\/\\\/ubirataonline.com.br\\\/?s={search_term_string}\"},\"query-input\":{\"@type\":\"PropertyValueSpecification\",\"valueRequired\":true,\"valueName\":\"search_term_string\"}}],\"inLanguage\":\"en-US\"},{\"@type\":[\"Organization\",\"Place\"],\"@id\":\"https:\\\/\\\/ubirataonline.com.br\\\/#organization\",\"name\":\"Ubirat\u00e3 Online Not\u00edcias\",\"alternateName\":\"Ubirat\u00e3 Online\",\"url\":\"https:\\\/\\\/ubirataonline.com.br\\\/\",\"logo\":{\"@id\":\"https:\\\/\\\/ubirataonline.com.br\\\/what-jared-mccain-admitted-about-his-emotional-exit-from-the-philadelphia-76ers\\\/#local-main-organization-logo\"},\"image\":{\"@id\":\"https:\\\/\\\/ubirataonline.com.br\\\/what-jared-mccain-admitted-about-his-emotional-exit-from-the-philadelphia-76ers\\\/#local-main-organization-logo\"},\"sameAs\":[\"https:\\\/\\\/www.facebook.com\\\/portalubirataonline\",\"https:\\\/\\\/x.com\\\/ubirataonline\",\"https:\\\/\\\/mastodon.social\\\/@ubirataonline\",\"https:\\\/\\\/www.facebook.com\\\/groups\\\/311144672285604\",\"https:\\\/\\\/www.facebook.com\\\/UBTAOnline\",\"https:\\\/\\\/www.instagram.com\\\/portalubirataonline\\\/\",\"https:\\\/\\\/twitter.com\\\/ubirataonline\"],\"description\":\"Somos um portal de not\u00edcias independente, criado em 5 de janeiro de 2009, com o objetivo de informar, conectar e valorizar a nossa comunidade de Ubirat\u00e3 e toda aregi\u00e3o. Com conte\u00fado atualizado, confi\u00e1vel e relevante, o Ubirat\u00e3 Online \u00e9 o seu espa\u00e7o para ficar por dentro dos principais acontecimentos locais, regionais, Brasil, Mundo e de interesse geral. Nosso compromisso \u00e9 com a verdade, a transpar\u00eancia e o respeito ao leitor.\",\"legalName\":\"UBIRATA ONLINE NOT\u00cdCIAS\",\"foundingDate\":\"2009-01-05\",\"numberOfEmployees\":{\"@type\":\"QuantitativeValue\",\"minValue\":\"1\",\"maxValue\":\"10\"},\"publishingPrinciples\":\"https:\\\/\\\/ubirataonline.com.br\\\/faq\\\/\",\"address\":{\"@id\":\"https:\\\/\\\/ubirataonline.com.br\\\/what-jared-mccain-admitted-about-his-emotional-exit-from-the-philadelphia-76ers\\\/#local-main-place-address\"},\"geo\":{\"@type\":\"GeoCoordinates\",\"latitude\":\"-24.5361401\",\"longitude\":\"-52.9921776\"},\"telephone\":[\"+5544998308235\"],\"contactPoint\":{\"@type\":\"ContactPoint\",\"email\":\"contato@ubirataonline.com.br\"},\"openingHoursSpecification\":{\"@type\":\"OpeningHoursSpecification\",\"dayOfWeek\":[\"Monday\",\"Tuesday\",\"Wednesday\",\"Thursday\",\"Friday\",\"Saturday\",\"Sunday\"],\"opens\":\"00:00\",\"closes\":\"23:59\"},\"email\":\"contato@ubirataonline.com.br\",\"vatID\":\"47.621.418\\\/0001-80\"},{\"@type\":\"Person\",\"@id\":\"https:\\\/\\\/ubirataonline.com.br\\\/#\\\/schema\\\/person\\\/372f87bbd3fdd79b8556b84c98d0bc1c\",\"name\":\"REDA\u00c7\u00c3O: UBIRAT\u00c3 ONLINE - F\u00c1BIO AUGUSTO CELESTINO\",\"pronouns\":\"Ele\",\"description\":\"Desde 2003 trabalhando com not\u00edcias.\",\"sameAs\":[\"http:\\\/\\\/ubirataoline.com.br\",\"https:\\\/\\\/www.facebook.com\\\/portalubirataonline\",\"https:\\\/\\\/www.instagram.com\\\/ubirataonline_oficial\",\"https:\\\/\\\/x.com\\\/x.com\\\/ubirataonline\"],\"honorificPrefix\":\"Mr.\",\"honorificSuffix\":\"MD\",\"birthDate\":\"1980-06-16\",\"gender\":\"masculino\",\"award\":[\"V\u00e1rios pr\u00eamios de melhor portal da cidade\"],\"jobTitle\":\"Diretor\",\"url\":\"https:\\\/\\\/ubirataonline.com.br\\\/en\\\/author\\\/ubirataonline\\\/\"},{\"@type\":\"PostalAddress\",\"@id\":\"https:\\\/\\\/ubirataonline.com.br\\\/what-jared-mccain-admitted-about-his-emotional-exit-from-the-philadelphia-76ers\\\/#local-main-place-address\",\"streetAddress\":\"Rua dos Coqueiros, 104 - Bairro Boa Vista, Rua dos Coqueiros, 104 Bairro Boa Vista\",\"addressLocality\":\"UBIRATA\",\"postalCode\":\"85440-000\",\"addressRegion\":\"PR\",\"addressCountry\":\"BR\"},{\"@type\":\"ImageObject\",\"inLanguage\":\"en-US\",\"@id\":\"https:\\\/\\\/ubirataonline.com.br\\\/what-jared-mccain-admitted-about-his-emotional-exit-from-the-philadelphia-76ers\\\/#local-main-organization-logo\",\"url\":\"https:\\\/\\\/ubirataonline.com.br\\\/wp-content\\\/uploads\\\/2026\\\/06\\\/logoubirataonline-1.webp\",\"contentUrl\":\"https:\\\/\\\/ubirataonline.com.br\\\/wp-content\\\/uploads\\\/2026\\\/06\\\/logoubirataonline-1.webp\",\"width\":500,\"height\":500,\"caption\":\"Ubirat\u00e3 Online Not\u00edcias\"}]}<\/script>\n<meta name=\"geo.placename\" content=\"UBIRATA\" \/>\n<meta name=\"geo.position\" content=\"-24.5361401;-52.9921776\" \/>\n<meta name=\"geo.region\" content=\"Brazil\" \/>\n<!-- \/ Yoast SEO Premium plugin. -->","yoast_head_json":{"title":"What Jared McCain admitted about his emotional exit from the Philadelphia 76ers - Ubirat\u00e3 Online Not\u00edcias - A realidade ao seu alcance!","description":"What Jared McCain admitted about his emotional exit from the Philadelphia 76ers originally appeared on The Sporting News. Add The Sporting News as a","robots":{"index":"index","follow":"follow","max-snippet":"max-snippet:-1","max-image-preview":"max-image-preview:large","max-video-preview":"max-video-preview:-1"},"canonical":"https:\/\/ubirataonline.com.br\/en\/what-jared-mccain-admitted-about-his-emotional-exit-from-the-philadelphia-76ers\/","og_locale":"en_US","og_type":"article","og_title":"What Jared McCain admitted about his emotional exit from the Philadelphia 76ers","og_description":"What Jared McCain admitted about his emotional exit from the Philadelphia 76ers originally appeared on The Sporting News. Add The Sporting News as a","og_url":"https:\/\/ubirataonline.com.br\/en\/what-jared-mccain-admitted-about-his-emotional-exit-from-the-philadelphia-76ers\/","og_site_name":"Ubirat\u00e3 Online Not\u00edcias - A realidade ao seu alcance!","article_publisher":"https:\/\/www.facebook.com\/portalubirataonline","article_author":"https:\/\/www.facebook.com\/portalubirataonline","article_published_time":"2026-05-10T03:02:41+00:00","article_modified_time":"2026-05-10T03:02:50+00:00","og_image":[{"width":760,"height":427,"url":"https:\/\/ubirataonline.com.br\/wp-content\/uploads\/2026\/05\/What-Jared-McCain-admitted-about-his-emotional-exit-from-the.jpeg","type":"image\/jpeg"}],"author":"REDA\u00c7\u00c3O: UBIRAT\u00c3 ONLINE - F\u00c1BIO AUGUSTO CELESTINO","twitter_card":"summary_large_image","twitter_creator":"@x.com\/ubirataonline","twitter_site":"@ubirataonline","twitter_misc":{"Written by":"REDA\u00c7\u00c3O: UBIRAT\u00c3 ONLINE - F\u00c1BIO AUGUSTO CELESTINO","Est. reading time":"2 minutes"},"schema":{"@context":"https:\/\/schema.org","@graph":[{"@type":"NewsArticle","@id":"https:\/\/ubirataonline.com.br\/what-jared-mccain-admitted-about-his-emotional-exit-from-the-philadelphia-76ers\/#article","isPartOf":{"@id":"https:\/\/ubirataonline.com.br\/what-jared-mccain-admitted-about-his-emotional-exit-from-the-philadelphia-76ers\/"},"author":{"name":"REDA\u00c7\u00c3O: UBIRAT\u00c3 ONLINE - F\u00c1BIO AUGUSTO CELESTINO","@id":"https:\/\/ubirataonline.com.br\/#\/schema\/person\/372f87bbd3fdd79b8556b84c98d0bc1c"},"headline":"What Jared McCain admitted about his emotional exit from the Philadelphia 76ers","datePublished":"2026-05-10T03:02:41+00:00","dateModified":"2026-05-10T03:02:50+00:00","mainEntityOfPage":{"@id":"https:\/\/ubirataonline.com.br\/what-jared-mccain-admitted-about-his-emotional-exit-from-the-philadelphia-76ers\/"},"wordCount":406,"publisher":{"@id":"https:\/\/ubirataonline.com.br\/#organization"},"image":{"@id":"https:\/\/ubirataonline.com.br\/what-jared-mccain-admitted-about-his-emotional-exit-from-the-philadelphia-76ers\/#primaryimage"},"thumbnailUrl":"https:\/\/ubirataonline.com.br\/wp-content\/uploads\/2026\/05\/What-Jared-McCain-admitted-about-his-emotional-exit-from-the.jpeg","keywords":["76ers","admitted","Emotional","exit","Jared","McCain","Philadelphia"],"articleSection":["Ubirat\u00e3"],"inLanguage":"en-US","copyrightYear":"2026","copyrightHolder":{"@id":"https:\/\/ubirataonline.com.br\/en\/#organization"}},{"@type":"WebPage","@id":"https:\/\/ubirataonline.com.br\/what-jared-mccain-admitted-about-his-emotional-exit-from-the-philadelphia-76ers\/","url":"https:\/\/ubirataonline.com.br\/what-jared-mccain-admitted-about-his-emotional-exit-from-the-philadelphia-76ers\/","name":"What Jared McCain admitted about his emotional exit from the Philadelphia 76ers - Ubirat\u00e3 Online Not\u00edcias - A realidade ao seu alcance!","isPartOf":{"@id":"https:\/\/ubirataonline.com.br\/#website"},"primaryImageOfPage":{"@id":"https:\/\/ubirataonline.com.br\/what-jared-mccain-admitted-about-his-emotional-exit-from-the-philadelphia-76ers\/#primaryimage"},"image":{"@id":"https:\/\/ubirataonline.com.br\/what-jared-mccain-admitted-about-his-emotional-exit-from-the-philadelphia-76ers\/#primaryimage"},"thumbnailUrl":"https:\/\/ubirataonline.com.br\/wp-content\/uploads\/2026\/05\/What-Jared-McCain-admitted-about-his-emotional-exit-from-the.jpeg","datePublished":"2026-05-10T03:02:41+00:00","dateModified":"2026-05-10T03:02:50+00:00","description":"What Jared McCain admitted about his emotional exit from the Philadelphia 76ers originally appeared on The Sporting News. Add The Sporting News as a","breadcrumb":{"@id":"https:\/\/ubirataonline.com.br\/what-jared-mccain-admitted-about-his-emotional-exit-from-the-philadelphia-76ers\/#breadcrumb"},"inLanguage":"en-US","potentialAction":[{"@type":"ReadAction","target":["https:\/\/ubirataonline.com.br\/what-jared-mccain-admitted-about-his-emotional-exit-from-the-philadelphia-76ers\/"]}]},{"@type":"ImageObject","inLanguage":"en-US","@id":"https:\/\/ubirataonline.com.br\/what-jared-mccain-admitted-about-his-emotional-exit-from-the-philadelphia-76ers\/#primaryimage","url":"https:\/\/ubirataonline.com.br\/wp-content\/uploads\/2026\/05\/What-Jared-McCain-admitted-about-his-emotional-exit-from-the.jpeg","contentUrl":"https:\/\/ubirataonline.com.br\/wp-content\/uploads\/2026\/05\/What-Jared-McCain-admitted-about-his-emotional-exit-from-the.jpeg","width":760,"height":427,"caption":"What Jared McCain admitted about his emotional exit from the Philadelphia 76ers"},{"@type":"BreadcrumbList","@id":"https:\/\/ubirataonline.com.br\/what-jared-mccain-admitted-about-his-emotional-exit-from-the-philadelphia-76ers\/#breadcrumb","itemListElement":[{"@type":"ListItem","position":1,"name":"In\u00edcio","item":"https:\/\/ubirataonline.com.br\/"},{"@type":"ListItem","position":2,"name":"What Jared McCain admitted about his emotional exit from the Philadelphia 76ers"}]},{"@type":"WebSite","@id":"https:\/\/ubirataonline.com.br\/#website","url":"https:\/\/ubirataonline.com.br\/","name":"Ubirat\u00e3 Online Not\u00edcias","description":"Not\u00edcias de Ubirat\u00e3, regi\u00e3o, Brasil e mundo, com informa\u00e7\u00e3o atualizada e compromisso com o leitor.","publisher":{"@id":"https:\/\/ubirataonline.com.br\/#organization"},"alternateName":"Ubirat\u00e3 Online","potentialAction":[{"@type":"SearchAction","target":{"@type":"EntryPoint","urlTemplate":"https:\/\/ubirataonline.com.br\/?s={search_term_string}"},"query-input":{"@type":"PropertyValueSpecification","valueRequired":true,"valueName":"search_term_string"}}],"inLanguage":"en-US"},{"@type":["Organization","Place"],"@id":"https:\/\/ubirataonline.com.br\/#organization","name":"Ubirat\u00e3 Online Not\u00edcias","alternateName":"Ubirat\u00e3 Online","url":"https:\/\/ubirataonline.com.br\/","logo":{"@id":"https:\/\/ubirataonline.com.br\/what-jared-mccain-admitted-about-his-emotional-exit-from-the-philadelphia-76ers\/#local-main-organization-logo"},"image":{"@id":"https:\/\/ubirataonline.com.br\/what-jared-mccain-admitted-about-his-emotional-exit-from-the-philadelphia-76ers\/#local-main-organization-logo"},"sameAs":["https:\/\/www.facebook.com\/portalubirataonline","https:\/\/x.com\/ubirataonline","https:\/\/mastodon.social\/@ubirataonline","https:\/\/www.facebook.com\/groups\/311144672285604","https:\/\/www.facebook.com\/UBTAOnline","https:\/\/www.instagram.com\/portalubirataonline\/","https:\/\/twitter.com\/ubirataonline"],"description":"Somos um portal de not\u00edcias independente, criado em 5 de janeiro de 2009, com o objetivo de informar, conectar e valorizar a nossa comunidade de Ubirat\u00e3 e toda aregi\u00e3o. Com conte\u00fado atualizado, confi\u00e1vel e relevante, o Ubirat\u00e3 Online \u00e9 o seu espa\u00e7o para ficar por dentro dos principais acontecimentos locais, regionais, Brasil, Mundo e de interesse geral. Nosso compromisso \u00e9 com a verdade, a transpar\u00eancia e o respeito ao leitor.","legalName":"UBIRATA ONLINE NOT\u00cdCIAS","foundingDate":"2009-01-05","numberOfEmployees":{"@type":"QuantitativeValue","minValue":"1","maxValue":"10"},"publishingPrinciples":"https:\/\/ubirataonline.com.br\/faq\/","address":{"@id":"https:\/\/ubirataonline.com.br\/what-jared-mccain-admitted-about-his-emotional-exit-from-the-philadelphia-76ers\/#local-main-place-address"},"geo":{"@type":"GeoCoordinates","latitude":"-24.5361401","longitude":"-52.9921776"},"telephone":["+5544998308235"],"contactPoint":{"@type":"ContactPoint","email":"contato@ubirataonline.com.br"},"openingHoursSpecification":{"@type":"OpeningHoursSpecification","dayOfWeek":["Monday","Tuesday","Wednesday","Thursday","Friday","Saturday","Sunday"],"opens":"00:00","closes":"23:59"},"email":"contato@ubirataonline.com.br","vatID":"47.621.418\/0001-80"},{"@type":"Person","@id":"https:\/\/ubirataonline.com.br\/#\/schema\/person\/372f87bbd3fdd79b8556b84c98d0bc1c","name":"REDA\u00c7\u00c3O: UBIRAT\u00c3 ONLINE - F\u00c1BIO AUGUSTO CELESTINO","pronouns":"Ele","description":"Desde 2003 trabalhando com not\u00edcias.","sameAs":["http:\/\/ubirataoline.com.br","https:\/\/www.facebook.com\/portalubirataonline","https:\/\/www.instagram.com\/ubirataonline_oficial","https:\/\/x.com\/x.com\/ubirataonline"],"honorificPrefix":"Mr.","honorificSuffix":"MD","birthDate":"1980-06-16","gender":"masculino","award":["V\u00e1rios pr\u00eamios de melhor portal da cidade"],"jobTitle":"Diretor","url":"https:\/\/ubirataonline.com.br\/en\/author\/ubirataonline\/"},{"@type":"PostalAddress","@id":"https:\/\/ubirataonline.com.br\/what-jared-mccain-admitted-about-his-emotional-exit-from-the-philadelphia-76ers\/#local-main-place-address","streetAddress":"Rua dos Coqueiros, 104 - Bairro Boa Vista, Rua dos Coqueiros, 104 Bairro Boa Vista","addressLocality":"UBIRATA","postalCode":"85440-000","addressRegion":"PR","addressCountry":"BR"},{"@type":"ImageObject","inLanguage":"en-US","@id":"https:\/\/ubirataonline.com.br\/what-jared-mccain-admitted-about-his-emotional-exit-from-the-philadelphia-76ers\/#local-main-organization-logo","url":"https:\/\/ubirataonline.com.br\/wp-content\/uploads\/2026\/06\/logoubirataonline-1.webp","contentUrl":"https:\/\/ubirataonline.com.br\/wp-content\/uploads\/2026\/06\/logoubirataonline-1.webp","width":500,"height":500,"caption":"Ubirat\u00e3 Online Not\u00edcias"}]},"geo.placename":"UBIRATA","geo.position":{"lat":"-24.5361401","long":"-52.9921776"},"geo.region":"Brazil"},"_links":{"self":[{"href":"https:\/\/ubirataonline.com.br\/en\/wp-json\/wp\/v2\/posts\/125618","targetHints":{"allow":["GET"]}}],"collection":[{"href":"https:\/\/ubirataonline.com.br\/en\/wp-json\/wp\/v2\/posts"}],"about":[{"href":"https:\/\/ubirataonline.com.br\/en\/wp-json\/wp\/v2\/types\/post"}],"author":[{"embeddable":true,"href":"https:\/\/ubirataonline.com.br\/en\/wp-json\/wp\/v2\/users\/1"}],"replies":[{"embeddable":true,"href":"https:\/\/ubirataonline.com.br\/en\/wp-json\/wp\/v2\/comments?post=125618"}],"version-history":[{"count":0,"href":"https:\/\/ubirataonline.com.br\/en\/wp-json\/wp\/v2\/posts\/125618\/revisions"}],"wp:featuredmedia":[{"embeddable":true,"href":"https:\/\/ubirataonline.com.br\/en\/wp-json\/wp\/v2\/media\/125619"}],"wp:attachment":[{"href":"https:\/\/ubirataonline.com.br\/en\/wp-json\/wp\/v2\/media?parent=125618"}],"wp:term":[{"taxonomy":"category","embeddable":true,"href":"https:\/\/ubirataonline.com.br\/en\/wp-json\/wp\/v2\/categories?post=125618"},{"taxonomy":"post_tag","embeddable":true,"href":"https:\/\/ubirataonline.com.br\/en\/wp-json\/wp\/v2\/tags?post=125618"}],"curies":[{"name":"wp","href":"https:\/\/api.w.org\/{rel}","templated":true}]}}