{"id":125817,"date":"2026-05-10T06:29:21","date_gmt":"2026-05-10T09:29:21","guid":{"rendered":"https:\/\/ubirataonline.com.br\/10-receitas-faceis-para-o-almoco-de-dia-das-maes\/"},"modified":"2026-05-10T06:29:23","modified_gmt":"2026-05-10T09:29:23","slug":"10-receitas-faceis-para-o-almoco-de-dia-das-maes","status":"publish","type":"post","link":"https:\/\/ubirataonline.com.br\/en\/10-receitas-faceis-para-o-almoco-de-dia-das-maes\/","title":{"rendered":"10 receitas f\u00e1ceis para o almo\u00e7o de Dia das M\u00e3es"},"content":{"rendered":"<p><\/p>\n<div id=\"post-content\">\n<p>O Dia das M\u00e3es \u00e9 a oportunidade perfeita para homenagear aquelas que nos deram amor, cuidado e apoio incondicional ao longo da vida. E uma das melhores maneiras de expressar gratid\u00e3o \u00e9 preparando uma refei\u00e7\u00e3o deliciosa. No entanto, se voc\u00ea ainda n\u00e3o sabe o que preparar, n\u00e3o precisa se preocupar, pois selecionamos 10 receitas pr\u00e1ticas e criativas que v\u00e3o te ajudar a surpreender a sua m\u00e3e. Confira!<\/p>\n<h3 class=\"wp-block-heading\" id=\"h-ingredientes\">Ingredientes<\/h3>\n<ul class=\"wp-block-list\">\n<li>300 g de<strong><a href=\"https:\/\/portaledicase.com\/3-receitas-simples-e-saborosas-com-camarao\/\" target=\"_blank\" rel=\"noreferrer noopener\"> camar\u00e3o<\/a><\/strong> pequeno limpo<\/li>\n<li>4 colheres de sopa de suco de lim\u00e3o<\/li>\n<li>1 dente de alho descascado e amassado <\/li>\n<li>4 colheres de sopa de manteiga<\/li>\n<li>1 cebola descascada e ralada<\/li>\n<li>250 g de macarr\u00e3o tipo penne<\/li>\n<li>Sal, salsinha picada e pimenta-do-reino mo\u00edda a gosto <\/li>\n<li>\u00c1gua<\/li>\n<\/ul>\n<h3 class=\"wp-block-heading\" id=\"h-modo-de-preparo\">Modo de preparo<\/h3>\n<p>Encha uma panela com \u00e1gua e leve ao fogo m\u00e9dio para ferver. Adicione uma colher de sopa de sal e o macarr\u00e3o. Cozinhe at\u00e9 ficar <em>al dente<\/em>. Escorra e reserve. Em um recipiente, coloque o camar\u00e3o, o suco de lim\u00e3o, o alho, o sal e a pimenta-do-reino e misture. Reserve. Em uma panela, coloque 1 colher de sopa de manteiga e leve ao fogo m\u00e9dio para aquecer. Adicione a cebola e refogue at\u00e9 murchar. Acrescente o camar\u00e3o temperado e refogue por 5 minutos. Acrescente o macarr\u00e3o cozido e o restante da manteiga. Misture delicadamente. Finalize com a salsinha e sirva em seguida.<\/p>\n<h3 class=\"wp-block-heading\" id=\"h-ingredientes-0\">Ingredientes<\/h3>\n<ul class=\"wp-block-list\">\n<li>3 colheres de sopa de manteiga<\/li>\n<li>1 dente de alho descascado e amassado<\/li>\n<li>1 x\u00edcara de ch\u00e1 de <strong><a href=\"https:\/\/portaledicase.com\/3-receitas-de-arroz-cremoso-para-domingo\/\" target=\"_blank\" rel=\"noreferrer noopener\">arroz<\/a><\/strong><\/li>\n<li>3 colheres de sopa de amendoim torrado, sem pele e picado<\/li>\n<li>1 colher de ch\u00e1 de sal<\/li>\n<li>2 x\u00edcaras de ch\u00e1 de \u00e1gua fervente<\/li>\n<li>1\/2 x\u00edcara de ch\u00e1 de r\u00facula picada<\/li>\n<\/ul>\n<h3 class=\"wp-block-heading\" id=\"h-modo-de-preparo-0\">Modo de preparo<\/h3>\n<p>Em uma panela, coloque a manteiga e leve ao fogo m\u00e9dio para aquecer. Adicione o alho e doure. Acrescente o arroz e o amendoim e refogue por 1 minuto. Junte o sal e a \u00e1gua fervente e cozinhe por 10 minutos, com a panela parcialmente tampada. Reduza o fogo e cozinhe at\u00e9 secar. Desligue o fogo e tampe a panela por 5 minutos. Por \u00faltimo, coloque a r\u00facula e sirva em seguida. <\/p>\n<h2 class=\"wp-block-heading\" id=\"h-3-frango-ao-molho-de-pimentao\">3. Frango ao molho de piment\u00e3o<\/h2>\n<h3 class=\"wp-block-heading\" id=\"h-ingredientes-1\">Ingredientes<\/h3>\n<ul class=\"wp-block-list\">\n<li>1 colher de sopa de \u00f3leo<\/li>\n<li>1 cebola descascada e picada<\/li>\n<li>1\/2 kg de<strong><a href=\"https:\/\/portaledicase.com\/aprenda-3-receitas-praticas-com-frango\/\" target=\"_blank\" rel=\"noreferrer noopener\"> fil\u00e9 de frango<\/a><\/strong> cortado em cubos<\/li>\n<li>1\/2 x\u00edcara de ch\u00e1 de \u00e1gua<\/li>\n<li>1 colher de ch\u00e1 de sal<\/li>\n<li>1 piment\u00e3o vermelho sem sementes e picado<\/li>\n<li>1 tomate sem sementes e picado<\/li>\n<li>1 x\u00edcara de ch\u00e1 de maionese<\/li>\n<\/ul>\n<h3 class=\"wp-block-heading\" id=\"h-modo-de-preparo-1\">Modo de preparo<\/h3>\n<p>Em uma panela, coloque o \u00f3leo e leve ao fogo m\u00e9dio para aquecer. Adicione a cebola e refogue at\u00e9 murchar. Acrescente o frango e doure. Desligue o fogo e reserve. Em um liquidificador, coloque a \u00e1gua, o piment\u00e3o e o tomate e bata at\u00e9 obter uma consist\u00eancia homog\u00eanea. Transfira a mistura para uma panela, acrescente o frango e leve ao fogo m\u00e9dio para cozinhar por 15 minutos. Por \u00faltimo, coloque a maionese e o sal e misture. Desligue o fogo e sirva em seguida.<\/p>\n<div class=\"wp-block-image\">\n<figure class=\"aligncenter size-large\"><figcaption class=\"wp-element-caption\">Frango recheado com espinafre (Imagem: gowithstock | Shutterstock)<\/figcaption><\/figure>\n<\/p><\/div>\n<h3 class=\"wp-block-heading\" id=\"h-ingredientes-2\">Ingredientes <\/h3>\n<p><strong>Frango <\/strong><\/p>\n<ul class=\"wp-block-list\">\n<li>2 peitos de frango <\/li>\n<li>Azeite de oliva, sal e pimenta-do-reino mo\u00edda a gosto<\/li>\n<li>1 dente de alho descascado e picado<\/li>\n<li>Azeite de oliva para untar <\/li>\n<\/ul>\n<p><strong>Recheio <\/strong><\/p>\n<ul class=\"wp-block-list\">\n<li>1 x\u00edcara de ch\u00e1 de <strong><a href=\"https:\/\/portaledicase.com\/receitas-surpreendentes-com-espinafre-para-o-almoco\/\" target=\"_blank\" rel=\"noreferrer noopener\">folhas de espinafre <\/a><\/strong><\/li>\n<li>1 dente de alho descascado e picado<\/li>\n<li>1 colher de ch\u00e1 de azeite de oliva <\/li>\n<li>Sal e pimenta-do-reino mo\u00edda a gosto<\/li>\n<\/ul>\n<h3 class=\"wp-block-heading\" id=\"h-modo-de-preparo-2\">Modo de preparo <\/h3>\n<p><strong>Recheio <\/strong><\/p>\n<p>Em uma panela, coloque o azeite de oliva e leve ao fogo m\u00e9dio para aquecer. Adicione o alho e doure. Junte as folhas de espinafre e refogue at\u00e9 murcharem. Desligue o fogo e tempere com sal e pimenta-do-reino. Reserve. <\/p>\n<p><strong>Frango <\/strong><\/p>\n<p>Fa\u00e7a um corte lateral nos peitos de frango, formando um bolso. Tempere por fora e por dentro com sal, pimenta-do-reino e alho. Preencha os bolsos com o espinafre refogado e feche com palitos de dente. Em uma frigideira, coloque o azeite de oliva e leve ao fogo m\u00e9dio para aquecer. Disponha os frangos na panela e sele cada lado por 3 minutos. Ap\u00f3s, coloque os frangos em uma assadeira untada com azeite de oliva e leve ao forno preaquecido a 200 \u00b0C por 20 minutos. Retire o frango do forno e fatie. Sirva em seguida.<\/p>\n<p><strong>Dica: <\/strong>sirva com salada.<\/p>\n<h2 class=\"wp-block-heading\" id=\"h-5-cacarola-de-arroz-colorido\">5. Ca\u00e7arola de arroz colorido<\/h2>\n<h3 class=\"wp-block-heading\" id=\"h-ingredientes-3\">Ingredientes <\/h3>\n<ul class=\"wp-block-list\">\n<li>2 x\u00edcaras de ch\u00e1 de arroz<\/li>\n<li>3 x\u00edcaras de ch\u00e1 de frango cozido e desfiado<\/li>\n<li>395 g de milho-verde <\/li>\n<li>1\/2 x\u00edcara de ch\u00e1 de ervilha <\/li>\n<li>1 <strong><a href=\"https:\/\/portaledicase.com\/3-receitas-irresistiveis-com-legumes\/\" target=\"_blank\" rel=\"noreferrer noopener\">cenoura<\/a><\/strong> descascada e ralada<\/li>\n<li>1 cebola descascada e picada<\/li>\n<li>2 dentes de alho descascados e picados<\/li>\n<li>1 tomate sem sementes e picado <\/li>\n<li>1\/2 x\u00edcara de ch\u00e1 de molho de tomate<\/li>\n<li>200 g de requeij\u00e3o cremoso<\/li>\n<li>250 g de creme de leite<\/li>\n<li>1\/2 x\u00edcara de ch\u00e1 de queijo mu\u00e7arela ralado<\/li>\n<li>Queijo parmes\u00e3o ralado para gratinar<\/li>\n<li>Sal, pimenta-do-reino mo\u00edda, salsinha picada e azeite de oliva a gosto<\/li>\n<\/ul>\n<h3 class=\"wp-block-heading\" id=\"h-modo-de-preparo-3\">Modo de preparo <\/h3>\n<p>Em uma panela, coloque o azeite de oliva e leve ao fogo m\u00e9dio para aquecer. Adicione a cebola e o alho e doure. Acrescente o frango desfiado, o tomate, a cenoura, o milho-verde, a ervilha e o molho de tomate e misture. Tempere com sal, pimenta-do-reino e salsinha. Desligue o fogo e transfira para um recipiente. Junte o arroz, o requeij\u00e3o, o creme de leite e o queijo mu\u00e7arela e misture. Transfira para uma assadeira untada com azeite de oliva de oliva e polvilhe com queijo parmes\u00e3o. Leve ao forno preaquecido a 200 \u00b0C por 40 minutos. Sirva em seguida.<\/p>\n<h3 class=\"wp-block-heading\" id=\"h-ingredientes-4\">Ingredientes <\/h3>\n<ul class=\"wp-block-list\">\n<li>1 kg de lombo su\u00edno<\/li>\n<li>2 dentes de alho descascados e amassados<\/li>\n<li>Suco de 1 lim\u00e3o<\/li>\n<li>Sal e pimenta-do-reino mo\u00edda a gosto<\/li>\n<li>2 colheres de sopa de manteiga<\/li>\n<li>1 x\u00edcara de ch\u00e1 de suco concentrado de <strong><a href=\"https:\/\/portaledicase.com\/receitas-de-molhos-com-frutas-para-saladas\/\" target=\"_blank\" rel=\"noreferrer noopener\">maracuj\u00e1<\/a><\/strong><\/li>\n<li>1 colher de ch\u00e1 de amido de milho <\/li>\n<li>1\/2 x\u00edcara de ch\u00e1 de \u00e1gua<\/li>\n<li>2 colheres de sopa de mel<\/li>\n<li>Polpa de 1 maracuj\u00e1<\/li>\n<li>Cheiro-verde picado a gosto<\/li>\n<\/ul>\n<h3 class=\"wp-block-heading\" id=\"h-modo-de-preparo-4\">Modo de preparo <\/h3>\n<p>Em um recipiente, coloque o lombo su\u00edno e tempere com alho, suco de lim\u00e3o, sal e pimenta-do-reino. Em uma panela, coloque a manteiga e leve ao fogo m\u00e9dio para aquecer. Adicione a carne e doure de todos os lados. Desligue o fogo e transfira para uma assadeira. Leve ao forno preaquecido a 200 \u00b0C por 40 minutos, regando com o pr\u00f3prio caldo durante o preparo.<\/p>\n<p>Enquanto isso, em uma panela, coloque o suco concentrado de maracuj\u00e1, o amido de milho, a \u00e1gua, o mel e a polpa do maracuj\u00e1. Misture e cozinhe em fogo baixo at\u00e9 engrossar levemente. Retire o lombo do forno e regue com o molho de maracuj\u00e1. Finalize com o cheiro-verde e sirva em seguida. <\/p>\n<div class=\"wp-block-image\">\n<figure class=\"aligncenter size-large\"><img loading=\"lazy\" decoding=\"async\" width=\"1024\" height=\"683\" src=\"https:\/\/portaledicase.com\/wp-content\/uploads\/2023\/05\/Batata-gratinada-1-1024x683.jpg\" alt=\"Batata gratinada em uma travessa branca sobre uma mesa de madeira. Ao lado, pano xadrez branco e azul \" class=\"wp-image-113377\" srcset=\"https:\/\/portaledicase.com\/wp-content\/uploads\/2023\/05\/Batata-gratinada-1-1024x683.jpg 1024w, https:\/\/portaledicase.com\/wp-content\/uploads\/2023\/05\/Batata-gratinada-1-300x200.jpg 300w, https:\/\/portaledicase.com\/wp-content\/uploads\/2023\/05\/Batata-gratinada-1-768x512.jpg 768w, https:\/\/portaledicase.com\/wp-content\/uploads\/2023\/05\/Batata-gratinada-1-640x427.jpg 640w, https:\/\/portaledicase.com\/wp-content\/uploads\/2023\/05\/Batata-gratinada-1-150x100.jpg 150w, https:\/\/portaledicase.com\/wp-content\/uploads\/2023\/05\/Batata-gratinada-1.jpg 1200w\" sizes=\"auto, (max-width: 1024px) 100vw, 1024px\"\/><figcaption class=\"wp-element-caption\">Batata gratinada (Imagem: from my point of view | Shutterstock)<\/figcaption><\/figure>\n<\/p><\/div>\n<h2 class=\"wp-block-heading\" id=\"h-7-batata-gratinada\">7. Batata gratinada<\/h2>\n<h3 class=\"wp-block-heading\" id=\"h-ingredientes-5\">Ingredientes<\/h3>\n<ul class=\"wp-block-list\">\n<li>1\u00a0kg de<strong><a href=\"https:\/\/portaledicase.com\/confira-receitas-deliciosas-usando-batata\/\" target=\"_blank\" rel=\"noreferrer noopener\">\u00a0batata<\/a><\/strong>\u00a0descascada e cortada em rodelas<\/li>\n<li>250 g de creme de leite\u00a0<\/li>\n<li>200 ml de requeij\u00e3o cremoso<\/li>\n<li>1\/2 x\u00edcara de ch\u00e1 de leite<\/li>\n<li>3 colheres de sopa de manteiga\u00a0<\/li>\n<li>1\/2 x\u00edcara de ch\u00e1 de salsinha picada<\/li>\n<li>Sal e or\u00e9gano a gosto<\/li>\n<li>300 g de queijo mu\u00e7arela\u00a0ralado<\/li>\n<li>\u00c1gua\u00a0para cozinhar <\/li>\n<li>Manteiga para untar\u00a0<\/li>\n<\/ul>\n<h3 class=\"wp-block-heading\" id=\"h-modo-de-preparo-5\">Modo de preparo<\/h3>\n<p>Em uma panela, coloque as batatas, cubra com \u00e1gua e leve ao fogo m\u00e9dio at\u00e9 amolecer levemente. Desligue o fogo, escorra a \u00e1gua e reserve. Em outra panela, coloque a manteiga e leve ao fogo m\u00e9dio para aquecer. Adicione o requeij\u00e3o, o leite e o creme de leite e misture. Tempere com sal, or\u00e9gano e salsinha. Cozinhe at\u00e9 ficar cremoso e desligue o fogo. <\/p>\n<p>Unte uma assadeira com manteiga e fa\u00e7a uma camada com as batatas, disponha o creme sobre elas e espalhe. Repita o processo at\u00e9 preencher toda a assadeira, finalizando com as batatas. Polvilhe com o queijo mu\u00e7arela e leve ao forno preaquecido em temperatura m\u00e9dia por 30 minutos. Sirva em seguida.\u00a0<\/p>\n<h3 class=\"wp-block-heading\" id=\"h-ingredientes-6\">Ingredientes<\/h3>\n<ul class=\"wp-block-list\">\n<li>1\/2 kg de alcatra cortada em bifes m\u00e9dios<\/li>\n<li>1 pitada de sal<\/li>\n<li>1 colher de sopa de \u00f3leo<\/li>\n<li>1 cebola descascada e fatiada <\/li>\n<li>1 x\u00edcara de ch\u00e1 de \u00e1gua fervente <\/li>\n<li>4 colheres de sopa de maionese<\/li>\n<\/ul>\n<h3 class=\"wp-block-heading\" id=\"h-modo-de-preparo-6\">Modo de preparo<\/h3>\n<p>Em um recipiente, coloque a carne e tempere com sal. Reserve. Em uma frigideira, coloque o \u00f3leo e leve ao fogo m\u00e9dio para aquecer. Adicione a cebola e doure. Ap\u00f3s, com uma colher, retire a cebola da panela e reserve. Na mesma frigideira, coloque a \u00e1gua e a <strong><a href=\"https:\/\/portaledicase.com\/4-receitas-leves-e-economicas-com-carne-moida\/\" target=\"_blank\" rel=\"noreferrer noopener\">carne<\/a><\/strong> e cozinhe por 3 minutos de cada lado. Desligue o fogo, transfira a carne para uma travessa e cubra com papel-alum\u00ednio para n\u00e3o esfriar.<\/p>\n<p>Na mesma frigideira da carne, coloque a maionese com o restante do molho do cozimento da carne e leve ao fogo m\u00e9dio at\u00e9 obter uma consist\u00eancia cremosa, mexendo sempre. Desligue o fogo, despeje o molho sobre a carne e finalize com a cebola. Sirva em seguida.<\/p>\n<div class=\"wp-block-image\">\n<figure class=\"aligncenter size-large\"><img loading=\"lazy\" decoding=\"async\" width=\"1024\" height=\"683\" src=\"https:\/\/portaledicase.com\/wp-content\/uploads\/2026\/05\/risoto-de-queijo--1024x683.jpg\" alt=\"Prato branco com risoto de queijo e um garfo de metal acima \" class=\"wp-image-603193\" srcset=\"https:\/\/portaledicase.com\/wp-content\/uploads\/2026\/05\/risoto-de-queijo--1024x683.jpg 1024w, https:\/\/portaledicase.com\/wp-content\/uploads\/2026\/05\/risoto-de-queijo--300x200.jpg 300w, https:\/\/portaledicase.com\/wp-content\/uploads\/2026\/05\/risoto-de-queijo--768x512.jpg 768w, https:\/\/portaledicase.com\/wp-content\/uploads\/2026\/05\/risoto-de-queijo--640x427.jpg 640w, https:\/\/portaledicase.com\/wp-content\/uploads\/2026\/05\/risoto-de-queijo--150x100.jpg 150w, https:\/\/portaledicase.com\/wp-content\/uploads\/2026\/05\/risoto-de-queijo-.jpg 1200w\" sizes=\"auto, (max-width: 1024px) 100vw, 1024px\"\/><figcaption class=\"wp-element-caption\">Risoto simples (Imagem: Estudio Conceito | Shutterstock)<\/figcaption><\/figure>\n<\/p><\/div>\n<h2 class=\"wp-block-heading\" id=\"h-9-risoto-simples\">9. Risoto simples<\/h2>\n<h3 class=\"wp-block-heading\" id=\"h-ingredientes-7\">Ingredientes <\/h3>\n<ul class=\"wp-block-list\">\n<li>1 x\u00edcara de ch\u00e1 de arroz arb\u00f3reo<\/li>\n<li>1\/2 cebola descascada e picada<\/li>\n<li>1 colher de sopa de manteiga<\/li>\n<li>1\/2 x\u00edcara de ch\u00e1 de vinho branco seco <\/li>\n<li>1 l de caldo de legumes quente<\/li>\n<li>100 g de<strong><a href=\"https:\/\/portaledicase.com\/3-receitas-deliciosas-com-queijo\/\" target=\"_blank\" rel=\"noreferrer noopener\"> queijo parmes\u00e3o<\/a><\/strong> ralado<\/li>\n<li>Sal a gosto<\/li>\n<\/ul>\n<h3 class=\"wp-block-heading\" id=\"h-modo-de-preparo-7\">Modo de preparo <\/h3>\n<p>Em uma panela, coloque a manteiga e leve ao fogo m\u00e9dio at\u00e9 derreter. Adicione a cebola e refogue at\u00e9 dourar. Acrescente o arroz, tempere com sal e misture. Junte o vinho branco seco e mexa at\u00e9 evaporar. Aos poucos, coloque o caldo de legumes e, mexendo sempre, cozinhe at\u00e9 o arroz ficar cremoso e cozido. Desligue o fogo e finalize com o queijo parmes\u00e3o. Sirva em seguida. <\/p>\n<h2 class=\"wp-block-heading\" id=\"h-10-cogumelo-recheado\">10. Cogumelo recheado<\/h2>\n<h3 class=\"wp-block-heading\" id=\"h-ingredientes-8\"><strong>Ingredientes <\/strong><\/h3>\n<ul class=\"wp-block-list\">\n<li>8 <strong><a href=\"https:\/\/portaledicase.com\/receitas-proteicas-com-cogumelos\/\" target=\"_blank\" rel=\"noreferrer noopener\">cogumelos<\/a><\/strong> paris higienizados e sem o caule<\/li>\n<li>200 g de queijo gouda cortado em cubos <\/li>\n<li>1 tomate sem sementes e cortado em cubos <\/li>\n<li>200 ml de azeite de oliva <\/li>\n<li>Sal, pimenta-do-reino mo\u00edda e salsinha picada a gosto <\/li>\n<li>Queijo parmes\u00e3o ralado para polvilhar<\/li>\n<li>Azeite de oliva para untar <\/li>\n<\/ul>\n<h3 class=\"wp-block-heading\" id=\"h-modo-de-preparo-8\"><strong>Modo de preparo<\/strong><\/h3>\n<p>Em um recipiente, coloque o queijo gouda e o tomate e tempere com sal, pimenta-do-reino, salsinha e azeite de oliva. Com uma colher, disponha o recheio nos cogumelos e acomode-os em uma assadeira untada com azeite de oliva. Polvilhe com queijo parmes\u00e3o e leve ao forno preaquecido a 180 \u00b0C por 25 minutos. Sirva em seguida.<\/p>\n<section class=\"virals\">\n<article class=\"cardnews cardnews--post cardnews--has-thumbnail cardnews--editorial-noticias\"> <a href=\"https:\/\/www.tribunapr.com.br\/noticias\/parana\/conheca-mel-raro-interior-parana-floradas-especiais-sabor-suave\/?utm_source=noticias-virais-rodape&amp;utm_medium=internal-tribuna&amp;utm_campaign=tribuna\" class=\"cardnews__postlink\"> <\/p>\n<div class=\"cardnews__image\" is-api-thumb=\"\"><img decoding=\"async\" src=\"https:\/\/www.tribunapr.com.br\/wp-content\/uploads\/2026\/04\/06165055\/mel-ortigueira-370x210.jpg\" loading=\"lazy\" alt=\"Conhe\u00e7a o mel raro do interior do Paran\u00e1 que nasce de floradas especiais e tem sabor suave\"\/><\/div>\n<div class=\"cardnews__content cardhome__content\">\n<div class=\"cardnews__content-wrapper\">\n<p> <span style=\"\"> Denomina\u00e7\u00e3o de Origem <\/span> <\/p>\n<p>Conhe\u00e7a o mel raro do interior do Paran\u00e1 que nasce de floradas especiais e tem sabor suave<\/p>\n<\/p><\/div>\n<\/p><\/div>\n<p> <\/a> <\/article>\n<article class=\"cardnews cardnews--post cardnews--has-thumbnail cardnews--editorial-noticias\"> <a href=\"https:\/\/www.tribunapr.com.br\/noticias\/curitiba-regiao\/curitiba-e-a-nova-miami-capital-e-a-que-mais-recebe-cubanos-do-brasil\/?utm_source=noticias-virais-rodape&amp;utm_medium=internal-tribuna&amp;utm_campaign=tribuna\" class=\"cardnews__postlink\"> <\/p>\n<div class=\"cardnews__image\" is-api-thumb=\"\"><img decoding=\"async\" src=\"https:\/\/www.tribunapr.com.br\/wp-content\/uploads\/2026\/04\/02194022\/centro-de-Curitiba-370x210.jpg\" loading=\"lazy\" alt=\"Curitiba \u00e9 a nova Miami: capital paranaense \u00e9 a que mais recebe cubanos do Brasil\"\/><\/div>\n<div class=\"cardnews__content cardhome__content\">\n<div class=\"cardnews__content-wrapper\">\n<p> <span style=\"\"> Imigra\u00e7\u00e3o <\/span> <\/p>\n<p>Curitiba \u00e9 a nova Miami: capital paranaense \u00e9 a que mais recebe cubanos do Brasil<\/p>\n<\/p><\/div>\n<\/p><\/div>\n<p> <\/a> <\/article>\n<article class=\"cardnews cardnews--post cardnews--has-thumbnail cardnews--editorial-noticias\"> <a href=\"https:\/\/www.tribunapr.com.br\/noticias\/parana\/futebol-ajuda-imigrantes-venezuelanos-reconstruir-vinculos-curitiba\/?utm_source=noticias-virais-rodape&amp;utm_medium=internal-tribuna&amp;utm_campaign=tribuna\" class=\"cardnews__postlink\"> <\/p>\n<div class=\"cardnews__image\" is-api-thumb=\"\"><img decoding=\"async\" src=\"https:\/\/www.tribunapr.com.br\/wp-content\/uploads\/2026\/04\/12141044\/liga-venezuela-370x210.jpg\" loading=\"lazy\" alt=\"Futebol ajuda imigrantes venezuelanos a reconstruir v\u00ednculos em Curitiba\"\/><\/div>\n<div class=\"cardnews__content cardhome__content\">\n<div class=\"cardnews__content-wrapper\">\n<p> <span style=\"\"> Paix\u00e3o compartilhada <\/span> <\/p>\n<p>Futebol ajuda imigrantes venezuelanos a reconstruir v\u00ednculos em Curitiba<\/p>\n<\/p><\/div>\n<\/p><\/div>\n<p> <\/a> <\/article>\n<\/section>\n<div id=\"tribuna-follow-cta\">\n<p> <span class=\"cta-title\">Siga a <span class=\"tribuna-color\">Tribuna<\/span> no Google, e acompanhe as \u00faltimas not\u00edcias de Curitiba e regi\u00e3o!<\/span> <\/p>\n<p> <a href=\"https:\/\/profile.google.com\/cp\/CgwvZy8xMmxxajUzM3Mac2h0dHBzOi8vd3d3LnRyaWJ1bmFwci5jb20uYnIvdml2YS92aXRyaW5lL2dpZ2FudGUtZG8tdmVzdHVhcmlvLXJlaW5hdWd1cmEtbG9qYS1lbS1zaG9wcGluZy10cmFkaWNpb25hbC1kZS1jdXJpdGliYS8iElRyaWJ1bmEgZG8gUGFyYW7DoSqAAwrHAWh0dHBzOi8vZW5jcnlwdGVkLXRibjIuZ3N0YXRpYy5jb20vZmF2aWNvbi10Ym4_cT10Ym46QU5kOUdjUVJPbjVDRjR6TzJPbkUwTXZrRlRCRTY2U0g1bGlaVDRaZTV3bWNKeU5GRm1BSnluM01nNU9PR3BXY1pYMzZwYU5HUWtsZ09JVEFLTTNNZVNGbTc1aWp6M3k2ajUtQ3M2b25kX2JUcFFQQkVLd3RsUjBsTmJESnUtVHhrNXQtbFlCNlVpOWZSVVFjT2cSswFodHRwczovL2VuY3J5cHRlZC10Ym4zLmdzdGF0aWMuY29tL2Zhdmljb24tdGJuP3E9dGJuJTNBQU5kOUdjU0FMaWJ2eFF0YXdFMFRueVdWWmVKRS1MZEdRZjVTUi1OZ2RMazhyZzIwVy1nM0JuQ1F4VDNKZFBjRXR2THdBeVRxUDJEdHVycEdVR29CQkxpYzM5al9wSmFxRERaMHNCYW05WEVhSGVsMmZTQmdKdlF4WWVyMw\" target=\"_blank\" title=\"Seguir a Tribuna no Google\">  <\/a> <\/div>\n<\/p><\/div>\n<p><a href=\"https:\/\/www.tribunapr.com.br\/variedades\/10-receitas-faceis-para-o-almoco-de-dia-das-maes\/\">Fonte do Artigo <\/a><\/p>","protected":false},"excerpt":{"rendered":"<p>O Dia das M\u00e3es \u00e9 a oportunidade perfeita para homenagear aquelas que nos deram amor, cuidado e apoio incondicional ao longo da vida. E uma das melhores maneiras de expressar gratid\u00e3o \u00e9 preparando uma refei\u00e7\u00e3o deliciosa. No entanto, se voc\u00ea ainda n\u00e3o sabe o que preparar, n\u00e3o precisa se preocupar, pois selecionamos 10 receitas pr\u00e1ticas [&hellip;]<\/p>\n","protected":false},"author":1,"featured_media":125818,"comment_status":"closed","ping_status":"","sticky":false,"template":"","format":"standard","meta":{"googlesitekit_rrm_CAow2JLhCw:productID":"","_gspb_post_css":"","maa_idioma":"","maa_pais":"","footnotes":""},"categories":[1],"tags":[3672,3489,3101,3740,7294,2904,2678],"class_list":["post-125817","post","type-post","status-publish","format-standard","has-post-thumbnail","hentry","category-ubirata","tag-almoco","tag-das","tag-dia","tag-faceis","tag-maes","tag-para","tag-receitas"],"blocksy_meta":[],"yoast_head":"<!-- This site is optimized with the Yoast SEO Premium plugin v27.6 (Yoast SEO v27.6) - https:\/\/yoast.com\/product\/yoast-seo-premium-wordpress\/ -->\n<title>10 receitas f\u00e1ceis para o almo\u00e7o de Dia das M\u00e3es - Ubirat\u00e3 Online Not\u00edcias - A realidade ao seu alcance!<\/title>\n<meta name=\"description\" content=\"O Dia das M\u00e3es \u00e9 a oportunidade perfeita para homenagear aquelas que nos deram amor, cuidado e apoio incondicional ao longo da vida. E uma das melhores\" \/>\n<meta name=\"robots\" content=\"index, follow, max-snippet:-1, max-image-preview:large, max-video-preview:-1\" \/>\n<link rel=\"canonical\" href=\"https:\/\/ubirataonline.com.br\/en\/10-receitas-faceis-para-o-almoco-de-dia-das-maes\/\" \/>\n<meta property=\"og:locale\" content=\"en_US\" \/>\n<meta property=\"og:type\" content=\"article\" \/>\n<meta property=\"og:title\" content=\"10 receitas f\u00e1ceis para o almo\u00e7o de Dia das M\u00e3es\" \/>\n<meta property=\"og:description\" content=\"O Dia das M\u00e3es \u00e9 a oportunidade perfeita para homenagear aquelas que nos deram amor, cuidado e apoio incondicional ao longo da vida. E uma das melhores\" \/>\n<meta property=\"og:url\" content=\"https:\/\/ubirataonline.com.br\/en\/10-receitas-faceis-para-o-almoco-de-dia-das-maes\/\" \/>\n<meta property=\"og:site_name\" content=\"Ubirat\u00e3 Online Not\u00edcias - A realidade ao seu alcance!\" \/>\n<meta property=\"article:publisher\" content=\"https:\/\/www.facebook.com\/portalubirataonline\" \/>\n<meta property=\"article:author\" content=\"https:\/\/www.facebook.com\/portalubirataonline\" \/>\n<meta property=\"article:published_time\" content=\"2026-05-10T09:29:21+00:00\" \/>\n<meta property=\"article:modified_time\" content=\"2026-05-10T09:29:23+00:00\" \/>\n<meta property=\"og:image\" content=\"https:\/\/ubirataonline.com.br\/wp-content\/uploads\/2026\/05\/10-receitas-faceis-para-o-almoco-de-Dia-das-Maes.jpg\" \/>\n\t<meta property=\"og:image:width\" content=\"1200\" \/>\n\t<meta property=\"og:image:height\" content=\"800\" \/>\n\t<meta property=\"og:image:type\" content=\"image\/jpeg\" \/>\n<meta name=\"author\" content=\"REDA\u00c7\u00c3O: UBIRAT\u00c3 ONLINE - F\u00c1BIO AUGUSTO CELESTINO\" \/>\n<meta name=\"twitter:card\" content=\"summary_large_image\" \/>\n<meta name=\"twitter:creator\" content=\"@x.com\/ubirataonline\" \/>\n<meta name=\"twitter:site\" content=\"@ubirataonline\" \/>\n<meta name=\"twitter:label1\" content=\"Written by\" \/>\n\t<meta name=\"twitter:data1\" content=\"REDA\u00c7\u00c3O: UBIRAT\u00c3 ONLINE - F\u00c1BIO AUGUSTO CELESTINO\" \/>\n\t<meta name=\"twitter:label2\" content=\"Est. reading time\" \/>\n\t<meta name=\"twitter:data2\" content=\"9 minutes\" \/>\n<script type=\"application\/ld+json\" class=\"yoast-schema-graph\">{\"@context\":\"https:\\\/\\\/schema.org\",\"@graph\":[{\"@type\":\"NewsArticle\",\"@id\":\"https:\\\/\\\/ubirataonline.com.br\\\/10-receitas-faceis-para-o-almoco-de-dia-das-maes\\\/#article\",\"isPartOf\":{\"@id\":\"https:\\\/\\\/ubirataonline.com.br\\\/10-receitas-faceis-para-o-almoco-de-dia-das-maes\\\/\"},\"author\":{\"name\":\"REDA\u00c7\u00c3O: UBIRAT\u00c3 ONLINE - F\u00c1BIO AUGUSTO CELESTINO\",\"@id\":\"https:\\\/\\\/ubirataonline.com.br\\\/#\\\/schema\\\/person\\\/372f87bbd3fdd79b8556b84c98d0bc1c\"},\"headline\":\"10 receitas f\u00e1ceis para o almo\u00e7o de Dia das M\u00e3es\",\"datePublished\":\"2026-05-10T09:29:21+00:00\",\"dateModified\":\"2026-05-10T09:29:23+00:00\",\"mainEntityOfPage\":{\"@id\":\"https:\\\/\\\/ubirataonline.com.br\\\/10-receitas-faceis-para-o-almoco-de-dia-das-maes\\\/\"},\"wordCount\":1742,\"publisher\":{\"@id\":\"https:\\\/\\\/ubirataonline.com.br\\\/#organization\"},\"image\":{\"@id\":\"https:\\\/\\\/ubirataonline.com.br\\\/10-receitas-faceis-para-o-almoco-de-dia-das-maes\\\/#primaryimage\"},\"thumbnailUrl\":\"https:\\\/\\\/ubirataonline.com.br\\\/wp-content\\\/uploads\\\/2026\\\/05\\\/10-receitas-faceis-para-o-almoco-de-Dia-das-Maes.jpg\",\"keywords\":[\"almo\u00e7o\",\"das\",\"dia\",\"f\u00e1ceis\",\"m\u00e3es\",\"para\",\"Receitas\"],\"articleSection\":[\"Ubirat\u00e3\"],\"inLanguage\":\"en-US\",\"copyrightYear\":\"2026\",\"copyrightHolder\":{\"@id\":\"https:\\\/\\\/ubirataonline.com.br\\\/en\\\/#organization\"}},{\"@type\":\"WebPage\",\"@id\":\"https:\\\/\\\/ubirataonline.com.br\\\/10-receitas-faceis-para-o-almoco-de-dia-das-maes\\\/\",\"url\":\"https:\\\/\\\/ubirataonline.com.br\\\/10-receitas-faceis-para-o-almoco-de-dia-das-maes\\\/\",\"name\":\"10 receitas f\u00e1ceis para o almo\u00e7o de Dia das M\u00e3es - Ubirat\u00e3 Online Not\u00edcias - A realidade ao seu alcance!\",\"isPartOf\":{\"@id\":\"https:\\\/\\\/ubirataonline.com.br\\\/#website\"},\"primaryImageOfPage\":{\"@id\":\"https:\\\/\\\/ubirataonline.com.br\\\/10-receitas-faceis-para-o-almoco-de-dia-das-maes\\\/#primaryimage\"},\"image\":{\"@id\":\"https:\\\/\\\/ubirataonline.com.br\\\/10-receitas-faceis-para-o-almoco-de-dia-das-maes\\\/#primaryimage\"},\"thumbnailUrl\":\"https:\\\/\\\/ubirataonline.com.br\\\/wp-content\\\/uploads\\\/2026\\\/05\\\/10-receitas-faceis-para-o-almoco-de-Dia-das-Maes.jpg\",\"datePublished\":\"2026-05-10T09:29:21+00:00\",\"dateModified\":\"2026-05-10T09:29:23+00:00\",\"description\":\"O Dia das M\u00e3es \u00e9 a oportunidade perfeita para homenagear aquelas que nos deram amor, cuidado e apoio incondicional ao longo da vida. E uma das melhores\",\"breadcrumb\":{\"@id\":\"https:\\\/\\\/ubirataonline.com.br\\\/10-receitas-faceis-para-o-almoco-de-dia-das-maes\\\/#breadcrumb\"},\"inLanguage\":\"en-US\",\"potentialAction\":[{\"@type\":\"ReadAction\",\"target\":[\"https:\\\/\\\/ubirataonline.com.br\\\/10-receitas-faceis-para-o-almoco-de-dia-das-maes\\\/\"]}]},{\"@type\":\"ImageObject\",\"inLanguage\":\"en-US\",\"@id\":\"https:\\\/\\\/ubirataonline.com.br\\\/10-receitas-faceis-para-o-almoco-de-dia-das-maes\\\/#primaryimage\",\"url\":\"https:\\\/\\\/ubirataonline.com.br\\\/wp-content\\\/uploads\\\/2026\\\/05\\\/10-receitas-faceis-para-o-almoco-de-Dia-das-Maes.jpg\",\"contentUrl\":\"https:\\\/\\\/ubirataonline.com.br\\\/wp-content\\\/uploads\\\/2026\\\/05\\\/10-receitas-faceis-para-o-almoco-de-Dia-das-Maes.jpg\",\"width\":1200,\"height\":800,\"caption\":\"Penne com camar\u00e3o e lim\u00e3o (Imagem: Oksana Mizina | Shutterstock)\"},{\"@type\":\"BreadcrumbList\",\"@id\":\"https:\\\/\\\/ubirataonline.com.br\\\/10-receitas-faceis-para-o-almoco-de-dia-das-maes\\\/#breadcrumb\",\"itemListElement\":[{\"@type\":\"ListItem\",\"position\":1,\"name\":\"In\u00edcio\",\"item\":\"https:\\\/\\\/ubirataonline.com.br\\\/\"},{\"@type\":\"ListItem\",\"position\":2,\"name\":\"10 receitas f\u00e1ceis para o almo\u00e7o de Dia das M\u00e3es\"}]},{\"@type\":\"WebSite\",\"@id\":\"https:\\\/\\\/ubirataonline.com.br\\\/#website\",\"url\":\"https:\\\/\\\/ubirataonline.com.br\\\/\",\"name\":\"Ubirat\u00e3 Online Not\u00edcias\",\"description\":\"Not\u00edcias de Ubirat\u00e3, regi\u00e3o, Brasil e mundo, com informa\u00e7\u00e3o atualizada e compromisso com o leitor.\",\"publisher\":{\"@id\":\"https:\\\/\\\/ubirataonline.com.br\\\/#organization\"},\"alternateName\":\"Ubirat\u00e3 Online\",\"potentialAction\":[{\"@type\":\"SearchAction\",\"target\":{\"@type\":\"EntryPoint\",\"urlTemplate\":\"https:\\\/\\\/ubirataonline.com.br\\\/?s={search_term_string}\"},\"query-input\":{\"@type\":\"PropertyValueSpecification\",\"valueRequired\":true,\"valueName\":\"search_term_string\"}}],\"inLanguage\":\"en-US\"},{\"@type\":[\"Organization\",\"Place\"],\"@id\":\"https:\\\/\\\/ubirataonline.com.br\\\/#organization\",\"name\":\"Ubirat\u00e3 Online Not\u00edcias\",\"alternateName\":\"Ubirat\u00e3 Online\",\"url\":\"https:\\\/\\\/ubirataonline.com.br\\\/\",\"logo\":{\"@id\":\"https:\\\/\\\/ubirataonline.com.br\\\/10-receitas-faceis-para-o-almoco-de-dia-das-maes\\\/#local-main-organization-logo\"},\"image\":{\"@id\":\"https:\\\/\\\/ubirataonline.com.br\\\/10-receitas-faceis-para-o-almoco-de-dia-das-maes\\\/#local-main-organization-logo\"},\"sameAs\":[\"https:\\\/\\\/www.facebook.com\\\/portalubirataonline\",\"https:\\\/\\\/x.com\\\/ubirataonline\",\"https:\\\/\\\/mastodon.social\\\/@ubirataonline\",\"https:\\\/\\\/www.facebook.com\\\/groups\\\/311144672285604\",\"https:\\\/\\\/www.facebook.com\\\/UBTAOnline\",\"https:\\\/\\\/www.instagram.com\\\/portalubirataonline\\\/\",\"https:\\\/\\\/twitter.com\\\/ubirataonline\"],\"description\":\"Somos um portal de not\u00edcias independente, criado em 5 de janeiro de 2009, com o objetivo de informar, conectar e valorizar a nossa comunidade de Ubirat\u00e3 e toda aregi\u00e3o. Com conte\u00fado atualizado, confi\u00e1vel e relevante, o Ubirat\u00e3 Online \u00e9 o seu espa\u00e7o para ficar por dentro dos principais acontecimentos locais, regionais, Brasil, Mundo e de interesse geral. Nosso compromisso \u00e9 com a verdade, a transpar\u00eancia e o respeito ao leitor.\",\"legalName\":\"UBIRATA ONLINE NOT\u00cdCIAS\",\"foundingDate\":\"2009-01-05\",\"numberOfEmployees\":{\"@type\":\"QuantitativeValue\",\"minValue\":\"1\",\"maxValue\":\"10\"},\"publishingPrinciples\":\"https:\\\/\\\/ubirataonline.com.br\\\/faq\\\/\",\"address\":{\"@id\":\"https:\\\/\\\/ubirataonline.com.br\\\/10-receitas-faceis-para-o-almoco-de-dia-das-maes\\\/#local-main-place-address\"},\"geo\":{\"@type\":\"GeoCoordinates\",\"latitude\":\"-24.5361401\",\"longitude\":\"-52.9921776\"},\"telephone\":[\"+5544998308235\"],\"contactPoint\":{\"@type\":\"ContactPoint\",\"email\":\"contato@ubirataonline.com.br\"},\"openingHoursSpecification\":{\"@type\":\"OpeningHoursSpecification\",\"dayOfWeek\":[\"Monday\",\"Tuesday\",\"Wednesday\",\"Thursday\",\"Friday\",\"Saturday\",\"Sunday\"],\"opens\":\"00:00\",\"closes\":\"23:59\"},\"email\":\"contato@ubirataonline.com.br\",\"vatID\":\"47.621.418\\\/0001-80\"},{\"@type\":\"Person\",\"@id\":\"https:\\\/\\\/ubirataonline.com.br\\\/#\\\/schema\\\/person\\\/372f87bbd3fdd79b8556b84c98d0bc1c\",\"name\":\"REDA\u00c7\u00c3O: UBIRAT\u00c3 ONLINE - F\u00c1BIO AUGUSTO CELESTINO\",\"pronouns\":\"Ele\",\"description\":\"Desde 2003 trabalhando com not\u00edcias.\",\"sameAs\":[\"http:\\\/\\\/ubirataoline.com.br\",\"https:\\\/\\\/www.facebook.com\\\/portalubirataonline\",\"https:\\\/\\\/www.instagram.com\\\/ubirataonline_oficial\",\"https:\\\/\\\/x.com\\\/x.com\\\/ubirataonline\"],\"honorificPrefix\":\"Mr.\",\"honorificSuffix\":\"MD\",\"birthDate\":\"1980-06-16\",\"gender\":\"masculino\",\"award\":[\"V\u00e1rios pr\u00eamios de melhor portal da cidade\"],\"jobTitle\":\"Diretor\",\"url\":\"https:\\\/\\\/ubirataonline.com.br\\\/en\\\/author\\\/ubirataonline\\\/\"},{\"@type\":\"PostalAddress\",\"@id\":\"https:\\\/\\\/ubirataonline.com.br\\\/10-receitas-faceis-para-o-almoco-de-dia-das-maes\\\/#local-main-place-address\",\"streetAddress\":\"Rua dos Coqueiros, 104 - Bairro Boa Vista, Rua dos Coqueiros, 104 Bairro Boa Vista\",\"addressLocality\":\"UBIRATA\",\"postalCode\":\"85440-000\",\"addressRegion\":\"PR\",\"addressCountry\":\"BR\"},{\"@type\":\"ImageObject\",\"inLanguage\":\"en-US\",\"@id\":\"https:\\\/\\\/ubirataonline.com.br\\\/10-receitas-faceis-para-o-almoco-de-dia-das-maes\\\/#local-main-organization-logo\",\"url\":\"https:\\\/\\\/ubirataonline.com.br\\\/wp-content\\\/uploads\\\/2026\\\/06\\\/logoubirataonline-1.webp\",\"contentUrl\":\"https:\\\/\\\/ubirataonline.com.br\\\/wp-content\\\/uploads\\\/2026\\\/06\\\/logoubirataonline-1.webp\",\"width\":500,\"height\":500,\"caption\":\"Ubirat\u00e3 Online Not\u00edcias\"}]}<\/script>\n<meta name=\"geo.placename\" content=\"UBIRATA\" \/>\n<meta name=\"geo.position\" content=\"-24.5361401;-52.9921776\" \/>\n<meta name=\"geo.region\" content=\"Brazil\" \/>\n<!-- \/ Yoast SEO Premium plugin. -->","yoast_head_json":{"title":"10 receitas f\u00e1ceis para o almo\u00e7o de Dia das M\u00e3es - Ubirat\u00e3 Online Not\u00edcias - A realidade ao seu alcance!","description":"O Dia das M\u00e3es \u00e9 a oportunidade perfeita para homenagear aquelas que nos deram amor, cuidado e apoio incondicional ao longo da vida. E uma das melhores","robots":{"index":"index","follow":"follow","max-snippet":"max-snippet:-1","max-image-preview":"max-image-preview:large","max-video-preview":"max-video-preview:-1"},"canonical":"https:\/\/ubirataonline.com.br\/en\/10-receitas-faceis-para-o-almoco-de-dia-das-maes\/","og_locale":"en_US","og_type":"article","og_title":"10 receitas f\u00e1ceis para o almo\u00e7o de Dia das M\u00e3es","og_description":"O Dia das M\u00e3es \u00e9 a oportunidade perfeita para homenagear aquelas que nos deram amor, cuidado e apoio incondicional ao longo da vida. E uma das melhores","og_url":"https:\/\/ubirataonline.com.br\/en\/10-receitas-faceis-para-o-almoco-de-dia-das-maes\/","og_site_name":"Ubirat\u00e3 Online Not\u00edcias - A realidade ao seu alcance!","article_publisher":"https:\/\/www.facebook.com\/portalubirataonline","article_author":"https:\/\/www.facebook.com\/portalubirataonline","article_published_time":"2026-05-10T09:29:21+00:00","article_modified_time":"2026-05-10T09:29:23+00:00","og_image":[{"width":1200,"height":800,"url":"https:\/\/ubirataonline.com.br\/wp-content\/uploads\/2026\/05\/10-receitas-faceis-para-o-almoco-de-Dia-das-Maes.jpg","type":"image\/jpeg"}],"author":"REDA\u00c7\u00c3O: UBIRAT\u00c3 ONLINE - F\u00c1BIO AUGUSTO CELESTINO","twitter_card":"summary_large_image","twitter_creator":"@x.com\/ubirataonline","twitter_site":"@ubirataonline","twitter_misc":{"Written by":"REDA\u00c7\u00c3O: UBIRAT\u00c3 ONLINE - F\u00c1BIO AUGUSTO CELESTINO","Est. reading time":"9 minutes"},"schema":{"@context":"https:\/\/schema.org","@graph":[{"@type":"NewsArticle","@id":"https:\/\/ubirataonline.com.br\/10-receitas-faceis-para-o-almoco-de-dia-das-maes\/#article","isPartOf":{"@id":"https:\/\/ubirataonline.com.br\/10-receitas-faceis-para-o-almoco-de-dia-das-maes\/"},"author":{"name":"REDA\u00c7\u00c3O: UBIRAT\u00c3 ONLINE - F\u00c1BIO AUGUSTO CELESTINO","@id":"https:\/\/ubirataonline.com.br\/#\/schema\/person\/372f87bbd3fdd79b8556b84c98d0bc1c"},"headline":"10 receitas f\u00e1ceis para o almo\u00e7o de Dia das M\u00e3es","datePublished":"2026-05-10T09:29:21+00:00","dateModified":"2026-05-10T09:29:23+00:00","mainEntityOfPage":{"@id":"https:\/\/ubirataonline.com.br\/10-receitas-faceis-para-o-almoco-de-dia-das-maes\/"},"wordCount":1742,"publisher":{"@id":"https:\/\/ubirataonline.com.br\/#organization"},"image":{"@id":"https:\/\/ubirataonline.com.br\/10-receitas-faceis-para-o-almoco-de-dia-das-maes\/#primaryimage"},"thumbnailUrl":"https:\/\/ubirataonline.com.br\/wp-content\/uploads\/2026\/05\/10-receitas-faceis-para-o-almoco-de-Dia-das-Maes.jpg","keywords":["almo\u00e7o","das","dia","f\u00e1ceis","m\u00e3es","para","Receitas"],"articleSection":["Ubirat\u00e3"],"inLanguage":"en-US","copyrightYear":"2026","copyrightHolder":{"@id":"https:\/\/ubirataonline.com.br\/en\/#organization"}},{"@type":"WebPage","@id":"https:\/\/ubirataonline.com.br\/10-receitas-faceis-para-o-almoco-de-dia-das-maes\/","url":"https:\/\/ubirataonline.com.br\/10-receitas-faceis-para-o-almoco-de-dia-das-maes\/","name":"10 receitas f\u00e1ceis para o almo\u00e7o de Dia das M\u00e3es - Ubirat\u00e3 Online Not\u00edcias - A realidade ao seu alcance!","isPartOf":{"@id":"https:\/\/ubirataonline.com.br\/#website"},"primaryImageOfPage":{"@id":"https:\/\/ubirataonline.com.br\/10-receitas-faceis-para-o-almoco-de-dia-das-maes\/#primaryimage"},"image":{"@id":"https:\/\/ubirataonline.com.br\/10-receitas-faceis-para-o-almoco-de-dia-das-maes\/#primaryimage"},"thumbnailUrl":"https:\/\/ubirataonline.com.br\/wp-content\/uploads\/2026\/05\/10-receitas-faceis-para-o-almoco-de-Dia-das-Maes.jpg","datePublished":"2026-05-10T09:29:21+00:00","dateModified":"2026-05-10T09:29:23+00:00","description":"O Dia das M\u00e3es \u00e9 a oportunidade perfeita para homenagear aquelas que nos deram amor, cuidado e apoio incondicional ao longo da vida. E uma das melhores","breadcrumb":{"@id":"https:\/\/ubirataonline.com.br\/10-receitas-faceis-para-o-almoco-de-dia-das-maes\/#breadcrumb"},"inLanguage":"en-US","potentialAction":[{"@type":"ReadAction","target":["https:\/\/ubirataonline.com.br\/10-receitas-faceis-para-o-almoco-de-dia-das-maes\/"]}]},{"@type":"ImageObject","inLanguage":"en-US","@id":"https:\/\/ubirataonline.com.br\/10-receitas-faceis-para-o-almoco-de-dia-das-maes\/#primaryimage","url":"https:\/\/ubirataonline.com.br\/wp-content\/uploads\/2026\/05\/10-receitas-faceis-para-o-almoco-de-Dia-das-Maes.jpg","contentUrl":"https:\/\/ubirataonline.com.br\/wp-content\/uploads\/2026\/05\/10-receitas-faceis-para-o-almoco-de-Dia-das-Maes.jpg","width":1200,"height":800,"caption":"Penne com camar\u00e3o e lim\u00e3o (Imagem: Oksana Mizina | Shutterstock)"},{"@type":"BreadcrumbList","@id":"https:\/\/ubirataonline.com.br\/10-receitas-faceis-para-o-almoco-de-dia-das-maes\/#breadcrumb","itemListElement":[{"@type":"ListItem","position":1,"name":"In\u00edcio","item":"https:\/\/ubirataonline.com.br\/"},{"@type":"ListItem","position":2,"name":"10 receitas f\u00e1ceis para o almo\u00e7o de Dia das M\u00e3es"}]},{"@type":"WebSite","@id":"https:\/\/ubirataonline.com.br\/#website","url":"https:\/\/ubirataonline.com.br\/","name":"Ubirat\u00e3 Online Not\u00edcias","description":"Not\u00edcias de Ubirat\u00e3, regi\u00e3o, Brasil e mundo, com informa\u00e7\u00e3o atualizada e compromisso com o leitor.","publisher":{"@id":"https:\/\/ubirataonline.com.br\/#organization"},"alternateName":"Ubirat\u00e3 Online","potentialAction":[{"@type":"SearchAction","target":{"@type":"EntryPoint","urlTemplate":"https:\/\/ubirataonline.com.br\/?s={search_term_string}"},"query-input":{"@type":"PropertyValueSpecification","valueRequired":true,"valueName":"search_term_string"}}],"inLanguage":"en-US"},{"@type":["Organization","Place"],"@id":"https:\/\/ubirataonline.com.br\/#organization","name":"Ubirat\u00e3 Online Not\u00edcias","alternateName":"Ubirat\u00e3 Online","url":"https:\/\/ubirataonline.com.br\/","logo":{"@id":"https:\/\/ubirataonline.com.br\/10-receitas-faceis-para-o-almoco-de-dia-das-maes\/#local-main-organization-logo"},"image":{"@id":"https:\/\/ubirataonline.com.br\/10-receitas-faceis-para-o-almoco-de-dia-das-maes\/#local-main-organization-logo"},"sameAs":["https:\/\/www.facebook.com\/portalubirataonline","https:\/\/x.com\/ubirataonline","https:\/\/mastodon.social\/@ubirataonline","https:\/\/www.facebook.com\/groups\/311144672285604","https:\/\/www.facebook.com\/UBTAOnline","https:\/\/www.instagram.com\/portalubirataonline\/","https:\/\/twitter.com\/ubirataonline"],"description":"Somos um portal de not\u00edcias independente, criado em 5 de janeiro de 2009, com o objetivo de informar, conectar e valorizar a nossa comunidade de Ubirat\u00e3 e toda aregi\u00e3o. Com conte\u00fado atualizado, confi\u00e1vel e relevante, o Ubirat\u00e3 Online \u00e9 o seu espa\u00e7o para ficar por dentro dos principais acontecimentos locais, regionais, Brasil, Mundo e de interesse geral. Nosso compromisso \u00e9 com a verdade, a transpar\u00eancia e o respeito ao leitor.","legalName":"UBIRATA ONLINE NOT\u00cdCIAS","foundingDate":"2009-01-05","numberOfEmployees":{"@type":"QuantitativeValue","minValue":"1","maxValue":"10"},"publishingPrinciples":"https:\/\/ubirataonline.com.br\/faq\/","address":{"@id":"https:\/\/ubirataonline.com.br\/10-receitas-faceis-para-o-almoco-de-dia-das-maes\/#local-main-place-address"},"geo":{"@type":"GeoCoordinates","latitude":"-24.5361401","longitude":"-52.9921776"},"telephone":["+5544998308235"],"contactPoint":{"@type":"ContactPoint","email":"contato@ubirataonline.com.br"},"openingHoursSpecification":{"@type":"OpeningHoursSpecification","dayOfWeek":["Monday","Tuesday","Wednesday","Thursday","Friday","Saturday","Sunday"],"opens":"00:00","closes":"23:59"},"email":"contato@ubirataonline.com.br","vatID":"47.621.418\/0001-80"},{"@type":"Person","@id":"https:\/\/ubirataonline.com.br\/#\/schema\/person\/372f87bbd3fdd79b8556b84c98d0bc1c","name":"REDA\u00c7\u00c3O: UBIRAT\u00c3 ONLINE - F\u00c1BIO AUGUSTO CELESTINO","pronouns":"Ele","description":"Desde 2003 trabalhando com not\u00edcias.","sameAs":["http:\/\/ubirataoline.com.br","https:\/\/www.facebook.com\/portalubirataonline","https:\/\/www.instagram.com\/ubirataonline_oficial","https:\/\/x.com\/x.com\/ubirataonline"],"honorificPrefix":"Mr.","honorificSuffix":"MD","birthDate":"1980-06-16","gender":"masculino","award":["V\u00e1rios pr\u00eamios de melhor portal da cidade"],"jobTitle":"Diretor","url":"https:\/\/ubirataonline.com.br\/en\/author\/ubirataonline\/"},{"@type":"PostalAddress","@id":"https:\/\/ubirataonline.com.br\/10-receitas-faceis-para-o-almoco-de-dia-das-maes\/#local-main-place-address","streetAddress":"Rua dos Coqueiros, 104 - Bairro Boa Vista, Rua dos Coqueiros, 104 Bairro Boa Vista","addressLocality":"UBIRATA","postalCode":"85440-000","addressRegion":"PR","addressCountry":"BR"},{"@type":"ImageObject","inLanguage":"en-US","@id":"https:\/\/ubirataonline.com.br\/10-receitas-faceis-para-o-almoco-de-dia-das-maes\/#local-main-organization-logo","url":"https:\/\/ubirataonline.com.br\/wp-content\/uploads\/2026\/06\/logoubirataonline-1.webp","contentUrl":"https:\/\/ubirataonline.com.br\/wp-content\/uploads\/2026\/06\/logoubirataonline-1.webp","width":500,"height":500,"caption":"Ubirat\u00e3 Online Not\u00edcias"}]},"geo.placename":"UBIRATA","geo.position":{"lat":"-24.5361401","long":"-52.9921776"},"geo.region":"Brazil"},"_links":{"self":[{"href":"https:\/\/ubirataonline.com.br\/en\/wp-json\/wp\/v2\/posts\/125817","targetHints":{"allow":["GET"]}}],"collection":[{"href":"https:\/\/ubirataonline.com.br\/en\/wp-json\/wp\/v2\/posts"}],"about":[{"href":"https:\/\/ubirataonline.com.br\/en\/wp-json\/wp\/v2\/types\/post"}],"author":[{"embeddable":true,"href":"https:\/\/ubirataonline.com.br\/en\/wp-json\/wp\/v2\/users\/1"}],"replies":[{"embeddable":true,"href":"https:\/\/ubirataonline.com.br\/en\/wp-json\/wp\/v2\/comments?post=125817"}],"version-history":[{"count":0,"href":"https:\/\/ubirataonline.com.br\/en\/wp-json\/wp\/v2\/posts\/125817\/revisions"}],"wp:featuredmedia":[{"embeddable":true,"href":"https:\/\/ubirataonline.com.br\/en\/wp-json\/wp\/v2\/media\/125818"}],"wp:attachment":[{"href":"https:\/\/ubirataonline.com.br\/en\/wp-json\/wp\/v2\/media?parent=125817"}],"wp:term":[{"taxonomy":"category","embeddable":true,"href":"https:\/\/ubirataonline.com.br\/en\/wp-json\/wp\/v2\/categories?post=125817"},{"taxonomy":"post_tag","embeddable":true,"href":"https:\/\/ubirataonline.com.br\/en\/wp-json\/wp\/v2\/tags?post=125817"}],"curies":[{"name":"wp","href":"https:\/\/api.w.org\/{rel}","templated":true}]}}