{"id":125864,"date":"2026-05-10T07:44:20","date_gmt":"2026-05-10T10:44:20","guid":{"rendered":"https:\/\/ubirataonline.com.br\/jovem-fica-ferida-apos-briga-generalizada-em-distribuidora-de-bebidas-em-cascavel\/"},"modified":"2026-05-10T07:44:21","modified_gmt":"2026-05-10T10:44:21","slug":"jovem-fica-ferida-apos-briga-generalizada-em-distribuidora-de-bebidas-em-cascavel","status":"publish","type":"post","link":"https:\/\/ubirataonline.com.br\/en\/jovem-fica-ferida-apos-briga-generalizada-em-distribuidora-de-bebidas-em-cascavel\/","title":{"rendered":"Jovem fica ferida ap\u00f3s briga generalizada em distribuidora de bebidas em Cascavel"},"content":{"rendered":"<p><\/p>\n<div id=\"texto\">\n<p>Uma jovem de 19 anos ficou ferida ap\u00f3s se envolver em uma briga generalizada em uma distribuidora de bebidas, em Cascavel, na madrugada deste domingo (10).<\/p>\n<p>Segundo informa\u00e7\u00f5es da Guarda Municipal, a mulher estava no estabelecimento, localizado na Avenida Brasil, quando acabou sendo agredida por v\u00e1rias pessoas.<\/p>\n<p>Conforme a GM, a jovem apresentava contus\u00f5es na cabe\u00e7a, nos bra\u00e7os e nas pernas, al\u00e9m de escoria\u00e7\u00f5es pelo corpo.<\/p>\n<p>Ela recebeu atendimento do Siate e foi encaminhada \u00e0 UPA Tancredo para avalia\u00e7\u00e3o m\u00e9dica.<\/p>\n<p>At\u00e9 o momento, n\u00e3o h\u00e1 informa\u00e7\u00f5es sobre o que teria motivado a confus\u00e3o, nem sobre a identifica\u00e7\u00e3o dos demais envolvidos na briga.<\/p>\n<p>O caso deve ser apurado pelas autoridades.<\/p>\n<\/p><\/div>\n<p><a href=\"https:\/\/cgn.inf.br\/noticia\/2102208\/jovem-fica-ferida-apos-briga-generalizada-em-distribuidora-de-bebidas-em-cascavel\">Fonte do Artigo <\/a><\/p>","protected":false},"excerpt":{"rendered":"<p>Uma jovem de 19 anos ficou ferida ap\u00f3s se envolver em uma briga generalizada em uma distribuidora de bebidas, em Cascavel, na madrugada deste domingo (10). Segundo informa\u00e7\u00f5es da Guarda Municipal, a mulher estava no estabelecimento, localizado na Avenida Brasil, quando acabou sendo agredida por v\u00e1rias pessoas. Conforme a GM, a jovem apresentava contus\u00f5es na [&hellip;]<\/p>\n","protected":false},"author":1,"featured_media":125865,"comment_status":"closed","ping_status":"","sticky":false,"template":"","format":"standard","meta":{"googlesitekit_rrm_CAow2JLhCw:productID":"","_gspb_post_css":"","maa_idioma":"","maa_pais":"","footnotes":""},"categories":[1],"tags":[3140,34496,1636,262,34495,14956,3276,3212,227],"class_list":["post-125864","post","type-post","status-publish","format-standard","has-post-thumbnail","hentry","category-ubirata","tag-apos","tag-bebidas","tag-briga","tag-cascavel","tag-distribuidora","tag-ferida","tag-fica","tag-generalizada","tag-jovem"],"blocksy_meta":[],"yoast_head":"<!-- This site is optimized with the Yoast SEO Premium plugin v27.6 (Yoast SEO v27.6) - https:\/\/yoast.com\/product\/yoast-seo-premium-wordpress\/ -->\n<title>Jovem fica ferida ap\u00f3s briga generalizada em distribuidora de bebidas em Cascavel - Ubirat\u00e3 Online Not\u00edcias - A realidade ao seu alcance!<\/title>\n<meta name=\"description\" content=\"Uma jovem de 19 anos ficou ferida ap\u00f3s se envolver em uma briga generalizada em uma distribuidora de bebidas, em Cascavel, na madrugada deste domingo\" \/>\n<meta name=\"robots\" content=\"index, follow, max-snippet:-1, max-image-preview:large, max-video-preview:-1\" \/>\n<link rel=\"canonical\" href=\"https:\/\/ubirataonline.com.br\/en\/jovem-fica-ferida-apos-briga-generalizada-em-distribuidora-de-bebidas-em-cascavel\/\" \/>\n<meta property=\"og:locale\" content=\"en_US\" \/>\n<meta property=\"og:type\" content=\"article\" \/>\n<meta property=\"og:title\" content=\"Jovem fica ferida ap\u00f3s briga generalizada em distribuidora de bebidas em Cascavel\" \/>\n<meta property=\"og:description\" content=\"Uma jovem de 19 anos ficou ferida ap\u00f3s se envolver em uma briga generalizada em uma distribuidora de bebidas, em Cascavel, na madrugada deste domingo\" \/>\n<meta property=\"og:url\" content=\"https:\/\/ubirataonline.com.br\/en\/jovem-fica-ferida-apos-briga-generalizada-em-distribuidora-de-bebidas-em-cascavel\/\" \/>\n<meta property=\"og:site_name\" content=\"Ubirat\u00e3 Online Not\u00edcias - A realidade ao seu alcance!\" \/>\n<meta property=\"article:publisher\" content=\"https:\/\/www.facebook.com\/portalubirataonline\" \/>\n<meta property=\"article:author\" content=\"https:\/\/www.facebook.com\/portalubirataonline\" \/>\n<meta property=\"article:published_time\" content=\"2026-05-10T10:44:20+00:00\" \/>\n<meta property=\"article:modified_time\" content=\"2026-05-10T10:44:21+00:00\" \/>\n<meta property=\"og:image\" content=\"https:\/\/ubirataonline.com.br\/wp-content\/uploads\/2026\/05\/Jovem-fica-ferida-apos-briga-generalizada-em-distribuidora-de-bebidas.jpeg\" \/>\n\t<meta property=\"og:image:width\" content=\"1280\" \/>\n\t<meta property=\"og:image:height\" content=\"720\" \/>\n\t<meta property=\"og:image:type\" content=\"image\/jpeg\" \/>\n<meta name=\"author\" content=\"REDA\u00c7\u00c3O: UBIRAT\u00c3 ONLINE - F\u00c1BIO AUGUSTO CELESTINO\" \/>\n<meta name=\"twitter:card\" content=\"summary_large_image\" \/>\n<meta name=\"twitter:creator\" content=\"@x.com\/ubirataonline\" \/>\n<meta name=\"twitter:site\" content=\"@ubirataonline\" \/>\n<meta name=\"twitter:label1\" content=\"Written by\" \/>\n\t<meta name=\"twitter:data1\" content=\"REDA\u00c7\u00c3O: UBIRAT\u00c3 ONLINE - F\u00c1BIO AUGUSTO CELESTINO\" \/>\n\t<meta name=\"twitter:label2\" content=\"Est. reading time\" \/>\n\t<meta name=\"twitter:data2\" content=\"1 minute\" \/>\n<script type=\"application\/ld+json\" class=\"yoast-schema-graph\">{\"@context\":\"https:\\\/\\\/schema.org\",\"@graph\":[{\"@type\":\"NewsArticle\",\"@id\":\"https:\\\/\\\/ubirataonline.com.br\\\/jovem-fica-ferida-apos-briga-generalizada-em-distribuidora-de-bebidas-em-cascavel\\\/#article\",\"isPartOf\":{\"@id\":\"https:\\\/\\\/ubirataonline.com.br\\\/jovem-fica-ferida-apos-briga-generalizada-em-distribuidora-de-bebidas-em-cascavel\\\/\"},\"author\":{\"name\":\"REDA\u00c7\u00c3O: UBIRAT\u00c3 ONLINE - F\u00c1BIO AUGUSTO CELESTINO\",\"@id\":\"https:\\\/\\\/ubirataonline.com.br\\\/#\\\/schema\\\/person\\\/372f87bbd3fdd79b8556b84c98d0bc1c\"},\"headline\":\"Jovem fica ferida ap\u00f3s briga generalizada em distribuidora de bebidas em Cascavel\",\"datePublished\":\"2026-05-10T10:44:20+00:00\",\"dateModified\":\"2026-05-10T10:44:21+00:00\",\"mainEntityOfPage\":{\"@id\":\"https:\\\/\\\/ubirataonline.com.br\\\/jovem-fica-ferida-apos-briga-generalizada-em-distribuidora-de-bebidas-em-cascavel\\\/\"},\"wordCount\":136,\"publisher\":{\"@id\":\"https:\\\/\\\/ubirataonline.com.br\\\/#organization\"},\"image\":{\"@id\":\"https:\\\/\\\/ubirataonline.com.br\\\/jovem-fica-ferida-apos-briga-generalizada-em-distribuidora-de-bebidas-em-cascavel\\\/#primaryimage\"},\"thumbnailUrl\":\"https:\\\/\\\/ubirataonline.com.br\\\/wp-content\\\/uploads\\\/2026\\\/05\\\/Jovem-fica-ferida-apos-briga-generalizada-em-distribuidora-de-bebidas.jpeg\",\"keywords\":[\"ap\u00f3s\",\"bebidas\",\"Briga\",\"cascavel\",\"distribuidora\",\"ferida\",\"fica\",\"generalizada\",\"Jovem\"],\"articleSection\":[\"Ubirat\u00e3\"],\"inLanguage\":\"en-US\",\"copyrightYear\":\"2026\",\"copyrightHolder\":{\"@id\":\"https:\\\/\\\/ubirataonline.com.br\\\/en\\\/#organization\"}},{\"@type\":\"WebPage\",\"@id\":\"https:\\\/\\\/ubirataonline.com.br\\\/jovem-fica-ferida-apos-briga-generalizada-em-distribuidora-de-bebidas-em-cascavel\\\/\",\"url\":\"https:\\\/\\\/ubirataonline.com.br\\\/jovem-fica-ferida-apos-briga-generalizada-em-distribuidora-de-bebidas-em-cascavel\\\/\",\"name\":\"Jovem fica ferida ap\u00f3s briga generalizada em distribuidora de bebidas em Cascavel - Ubirat\u00e3 Online Not\u00edcias - A realidade ao seu alcance!\",\"isPartOf\":{\"@id\":\"https:\\\/\\\/ubirataonline.com.br\\\/#website\"},\"primaryImageOfPage\":{\"@id\":\"https:\\\/\\\/ubirataonline.com.br\\\/jovem-fica-ferida-apos-briga-generalizada-em-distribuidora-de-bebidas-em-cascavel\\\/#primaryimage\"},\"image\":{\"@id\":\"https:\\\/\\\/ubirataonline.com.br\\\/jovem-fica-ferida-apos-briga-generalizada-em-distribuidora-de-bebidas-em-cascavel\\\/#primaryimage\"},\"thumbnailUrl\":\"https:\\\/\\\/ubirataonline.com.br\\\/wp-content\\\/uploads\\\/2026\\\/05\\\/Jovem-fica-ferida-apos-briga-generalizada-em-distribuidora-de-bebidas.jpeg\",\"datePublished\":\"2026-05-10T10:44:20+00:00\",\"dateModified\":\"2026-05-10T10:44:21+00:00\",\"description\":\"Uma jovem de 19 anos ficou ferida ap\u00f3s se envolver em uma briga generalizada em uma distribuidora de bebidas, em Cascavel, na madrugada deste domingo\",\"breadcrumb\":{\"@id\":\"https:\\\/\\\/ubirataonline.com.br\\\/jovem-fica-ferida-apos-briga-generalizada-em-distribuidora-de-bebidas-em-cascavel\\\/#breadcrumb\"},\"inLanguage\":\"en-US\",\"potentialAction\":[{\"@type\":\"ReadAction\",\"target\":[\"https:\\\/\\\/ubirataonline.com.br\\\/jovem-fica-ferida-apos-briga-generalizada-em-distribuidora-de-bebidas-em-cascavel\\\/\"]}]},{\"@type\":\"ImageObject\",\"inLanguage\":\"en-US\",\"@id\":\"https:\\\/\\\/ubirataonline.com.br\\\/jovem-fica-ferida-apos-briga-generalizada-em-distribuidora-de-bebidas-em-cascavel\\\/#primaryimage\",\"url\":\"https:\\\/\\\/ubirataonline.com.br\\\/wp-content\\\/uploads\\\/2026\\\/05\\\/Jovem-fica-ferida-apos-briga-generalizada-em-distribuidora-de-bebidas.jpeg\",\"contentUrl\":\"https:\\\/\\\/ubirataonline.com.br\\\/wp-content\\\/uploads\\\/2026\\\/05\\\/Jovem-fica-ferida-apos-briga-generalizada-em-distribuidora-de-bebidas.jpeg\",\"width\":1280,\"height\":720,\"caption\":\"\"},{\"@type\":\"BreadcrumbList\",\"@id\":\"https:\\\/\\\/ubirataonline.com.br\\\/jovem-fica-ferida-apos-briga-generalizada-em-distribuidora-de-bebidas-em-cascavel\\\/#breadcrumb\",\"itemListElement\":[{\"@type\":\"ListItem\",\"position\":1,\"name\":\"In\u00edcio\",\"item\":\"https:\\\/\\\/ubirataonline.com.br\\\/\"},{\"@type\":\"ListItem\",\"position\":2,\"name\":\"Jovem fica ferida ap\u00f3s briga generalizada em distribuidora de bebidas em Cascavel\"}]},{\"@type\":\"WebSite\",\"@id\":\"https:\\\/\\\/ubirataonline.com.br\\\/#website\",\"url\":\"https:\\\/\\\/ubirataonline.com.br\\\/\",\"name\":\"Ubirat\u00e3 Online Not\u00edcias\",\"description\":\"Not\u00edcias de Ubirat\u00e3, regi\u00e3o, Brasil e mundo, com informa\u00e7\u00e3o atualizada e compromisso com o leitor.\",\"publisher\":{\"@id\":\"https:\\\/\\\/ubirataonline.com.br\\\/#organization\"},\"alternateName\":\"Ubirat\u00e3 Online\",\"potentialAction\":[{\"@type\":\"SearchAction\",\"target\":{\"@type\":\"EntryPoint\",\"urlTemplate\":\"https:\\\/\\\/ubirataonline.com.br\\\/?s={search_term_string}\"},\"query-input\":{\"@type\":\"PropertyValueSpecification\",\"valueRequired\":true,\"valueName\":\"search_term_string\"}}],\"inLanguage\":\"en-US\"},{\"@type\":[\"Organization\",\"Place\"],\"@id\":\"https:\\\/\\\/ubirataonline.com.br\\\/#organization\",\"name\":\"Ubirat\u00e3 Online Not\u00edcias\",\"alternateName\":\"Ubirat\u00e3 Online\",\"url\":\"https:\\\/\\\/ubirataonline.com.br\\\/\",\"logo\":{\"@id\":\"https:\\\/\\\/ubirataonline.com.br\\\/jovem-fica-ferida-apos-briga-generalizada-em-distribuidora-de-bebidas-em-cascavel\\\/#local-main-organization-logo\"},\"image\":{\"@id\":\"https:\\\/\\\/ubirataonline.com.br\\\/jovem-fica-ferida-apos-briga-generalizada-em-distribuidora-de-bebidas-em-cascavel\\\/#local-main-organization-logo\"},\"sameAs\":[\"https:\\\/\\\/www.facebook.com\\\/portalubirataonline\",\"https:\\\/\\\/x.com\\\/ubirataonline\",\"https:\\\/\\\/mastodon.social\\\/@ubirataonline\",\"https:\\\/\\\/www.facebook.com\\\/groups\\\/311144672285604\",\"https:\\\/\\\/www.facebook.com\\\/UBTAOnline\",\"https:\\\/\\\/www.instagram.com\\\/portalubirataonline\\\/\",\"https:\\\/\\\/twitter.com\\\/ubirataonline\"],\"description\":\"Somos um portal de not\u00edcias independente, criado em 5 de janeiro de 2009, com o objetivo de informar, conectar e valorizar a nossa comunidade de Ubirat\u00e3 e toda aregi\u00e3o. Com conte\u00fado atualizado, confi\u00e1vel e relevante, o Ubirat\u00e3 Online \u00e9 o seu espa\u00e7o para ficar por dentro dos principais acontecimentos locais, regionais, Brasil, Mundo e de interesse geral. Nosso compromisso \u00e9 com a verdade, a transpar\u00eancia e o respeito ao leitor.\",\"legalName\":\"UBIRATA ONLINE NOT\u00cdCIAS\",\"foundingDate\":\"2009-01-05\",\"numberOfEmployees\":{\"@type\":\"QuantitativeValue\",\"minValue\":\"1\",\"maxValue\":\"10\"},\"publishingPrinciples\":\"https:\\\/\\\/ubirataonline.com.br\\\/faq\\\/\",\"address\":{\"@id\":\"https:\\\/\\\/ubirataonline.com.br\\\/jovem-fica-ferida-apos-briga-generalizada-em-distribuidora-de-bebidas-em-cascavel\\\/#local-main-place-address\"},\"geo\":{\"@type\":\"GeoCoordinates\",\"latitude\":\"-24.5361401\",\"longitude\":\"-52.9921776\"},\"telephone\":[\"+5544998308235\"],\"contactPoint\":{\"@type\":\"ContactPoint\",\"email\":\"contato@ubirataonline.com.br\"},\"openingHoursSpecification\":{\"@type\":\"OpeningHoursSpecification\",\"dayOfWeek\":[\"Monday\",\"Tuesday\",\"Wednesday\",\"Thursday\",\"Friday\",\"Saturday\",\"Sunday\"],\"opens\":\"00:00\",\"closes\":\"23:59\"},\"email\":\"contato@ubirataonline.com.br\",\"vatID\":\"47.621.418\\\/0001-80\"},{\"@type\":\"Person\",\"@id\":\"https:\\\/\\\/ubirataonline.com.br\\\/#\\\/schema\\\/person\\\/372f87bbd3fdd79b8556b84c98d0bc1c\",\"name\":\"REDA\u00c7\u00c3O: UBIRAT\u00c3 ONLINE - F\u00c1BIO AUGUSTO CELESTINO\",\"pronouns\":\"Ele\",\"description\":\"Desde 2003 trabalhando com not\u00edcias.\",\"sameAs\":[\"http:\\\/\\\/ubirataoline.com.br\",\"https:\\\/\\\/www.facebook.com\\\/portalubirataonline\",\"https:\\\/\\\/www.instagram.com\\\/ubirataonline_oficial\",\"https:\\\/\\\/x.com\\\/x.com\\\/ubirataonline\"],\"honorificPrefix\":\"Mr.\",\"honorificSuffix\":\"MD\",\"birthDate\":\"1980-06-16\",\"gender\":\"masculino\",\"award\":[\"V\u00e1rios pr\u00eamios de melhor portal da cidade\"],\"jobTitle\":\"Diretor\",\"url\":\"https:\\\/\\\/ubirataonline.com.br\\\/en\\\/author\\\/ubirataonline\\\/\"},{\"@type\":\"PostalAddress\",\"@id\":\"https:\\\/\\\/ubirataonline.com.br\\\/jovem-fica-ferida-apos-briga-generalizada-em-distribuidora-de-bebidas-em-cascavel\\\/#local-main-place-address\",\"streetAddress\":\"Rua dos Coqueiros, 104 - Bairro Boa Vista, Rua dos Coqueiros, 104 Bairro Boa Vista\",\"addressLocality\":\"UBIRATA\",\"postalCode\":\"85440-000\",\"addressRegion\":\"PR\",\"addressCountry\":\"BR\"},{\"@type\":\"ImageObject\",\"inLanguage\":\"en-US\",\"@id\":\"https:\\\/\\\/ubirataonline.com.br\\\/jovem-fica-ferida-apos-briga-generalizada-em-distribuidora-de-bebidas-em-cascavel\\\/#local-main-organization-logo\",\"url\":\"https:\\\/\\\/ubirataonline.com.br\\\/wp-content\\\/uploads\\\/2026\\\/06\\\/logoubirataonline-1.webp\",\"contentUrl\":\"https:\\\/\\\/ubirataonline.com.br\\\/wp-content\\\/uploads\\\/2026\\\/06\\\/logoubirataonline-1.webp\",\"width\":500,\"height\":500,\"caption\":\"Ubirat\u00e3 Online Not\u00edcias\"}]}<\/script>\n<meta name=\"geo.placename\" content=\"UBIRATA\" \/>\n<meta name=\"geo.position\" content=\"-24.5361401;-52.9921776\" \/>\n<meta name=\"geo.region\" content=\"Brazil\" \/>\n<!-- \/ Yoast SEO Premium plugin. -->","yoast_head_json":{"title":"Jovem fica ferida ap\u00f3s briga generalizada em distribuidora de bebidas em Cascavel - Ubirat\u00e3 Online Not\u00edcias - A realidade ao seu alcance!","description":"Uma jovem de 19 anos ficou ferida ap\u00f3s se envolver em uma briga generalizada em uma distribuidora de bebidas, em Cascavel, na madrugada deste domingo","robots":{"index":"index","follow":"follow","max-snippet":"max-snippet:-1","max-image-preview":"max-image-preview:large","max-video-preview":"max-video-preview:-1"},"canonical":"https:\/\/ubirataonline.com.br\/en\/jovem-fica-ferida-apos-briga-generalizada-em-distribuidora-de-bebidas-em-cascavel\/","og_locale":"en_US","og_type":"article","og_title":"Jovem fica ferida ap\u00f3s briga generalizada em distribuidora de bebidas em Cascavel","og_description":"Uma jovem de 19 anos ficou ferida ap\u00f3s se envolver em uma briga generalizada em uma distribuidora de bebidas, em Cascavel, na madrugada deste domingo","og_url":"https:\/\/ubirataonline.com.br\/en\/jovem-fica-ferida-apos-briga-generalizada-em-distribuidora-de-bebidas-em-cascavel\/","og_site_name":"Ubirat\u00e3 Online Not\u00edcias - A realidade ao seu alcance!","article_publisher":"https:\/\/www.facebook.com\/portalubirataonline","article_author":"https:\/\/www.facebook.com\/portalubirataonline","article_published_time":"2026-05-10T10:44:20+00:00","article_modified_time":"2026-05-10T10:44:21+00:00","og_image":[{"width":1280,"height":720,"url":"https:\/\/ubirataonline.com.br\/wp-content\/uploads\/2026\/05\/Jovem-fica-ferida-apos-briga-generalizada-em-distribuidora-de-bebidas.jpeg","type":"image\/jpeg"}],"author":"REDA\u00c7\u00c3O: UBIRAT\u00c3 ONLINE - F\u00c1BIO AUGUSTO CELESTINO","twitter_card":"summary_large_image","twitter_creator":"@x.com\/ubirataonline","twitter_site":"@ubirataonline","twitter_misc":{"Written by":"REDA\u00c7\u00c3O: UBIRAT\u00c3 ONLINE - F\u00c1BIO AUGUSTO CELESTINO","Est. reading time":"1 minute"},"schema":{"@context":"https:\/\/schema.org","@graph":[{"@type":"NewsArticle","@id":"https:\/\/ubirataonline.com.br\/jovem-fica-ferida-apos-briga-generalizada-em-distribuidora-de-bebidas-em-cascavel\/#article","isPartOf":{"@id":"https:\/\/ubirataonline.com.br\/jovem-fica-ferida-apos-briga-generalizada-em-distribuidora-de-bebidas-em-cascavel\/"},"author":{"name":"REDA\u00c7\u00c3O: UBIRAT\u00c3 ONLINE - F\u00c1BIO AUGUSTO CELESTINO","@id":"https:\/\/ubirataonline.com.br\/#\/schema\/person\/372f87bbd3fdd79b8556b84c98d0bc1c"},"headline":"Jovem fica ferida ap\u00f3s briga generalizada em distribuidora de bebidas em Cascavel","datePublished":"2026-05-10T10:44:20+00:00","dateModified":"2026-05-10T10:44:21+00:00","mainEntityOfPage":{"@id":"https:\/\/ubirataonline.com.br\/jovem-fica-ferida-apos-briga-generalizada-em-distribuidora-de-bebidas-em-cascavel\/"},"wordCount":136,"publisher":{"@id":"https:\/\/ubirataonline.com.br\/#organization"},"image":{"@id":"https:\/\/ubirataonline.com.br\/jovem-fica-ferida-apos-briga-generalizada-em-distribuidora-de-bebidas-em-cascavel\/#primaryimage"},"thumbnailUrl":"https:\/\/ubirataonline.com.br\/wp-content\/uploads\/2026\/05\/Jovem-fica-ferida-apos-briga-generalizada-em-distribuidora-de-bebidas.jpeg","keywords":["ap\u00f3s","bebidas","Briga","cascavel","distribuidora","ferida","fica","generalizada","Jovem"],"articleSection":["Ubirat\u00e3"],"inLanguage":"en-US","copyrightYear":"2026","copyrightHolder":{"@id":"https:\/\/ubirataonline.com.br\/en\/#organization"}},{"@type":"WebPage","@id":"https:\/\/ubirataonline.com.br\/jovem-fica-ferida-apos-briga-generalizada-em-distribuidora-de-bebidas-em-cascavel\/","url":"https:\/\/ubirataonline.com.br\/jovem-fica-ferida-apos-briga-generalizada-em-distribuidora-de-bebidas-em-cascavel\/","name":"Jovem fica ferida ap\u00f3s briga generalizada em distribuidora de bebidas em Cascavel - Ubirat\u00e3 Online Not\u00edcias - A realidade ao seu alcance!","isPartOf":{"@id":"https:\/\/ubirataonline.com.br\/#website"},"primaryImageOfPage":{"@id":"https:\/\/ubirataonline.com.br\/jovem-fica-ferida-apos-briga-generalizada-em-distribuidora-de-bebidas-em-cascavel\/#primaryimage"},"image":{"@id":"https:\/\/ubirataonline.com.br\/jovem-fica-ferida-apos-briga-generalizada-em-distribuidora-de-bebidas-em-cascavel\/#primaryimage"},"thumbnailUrl":"https:\/\/ubirataonline.com.br\/wp-content\/uploads\/2026\/05\/Jovem-fica-ferida-apos-briga-generalizada-em-distribuidora-de-bebidas.jpeg","datePublished":"2026-05-10T10:44:20+00:00","dateModified":"2026-05-10T10:44:21+00:00","description":"Uma jovem de 19 anos ficou ferida ap\u00f3s se envolver em uma briga generalizada em uma distribuidora de bebidas, em Cascavel, na madrugada deste domingo","breadcrumb":{"@id":"https:\/\/ubirataonline.com.br\/jovem-fica-ferida-apos-briga-generalizada-em-distribuidora-de-bebidas-em-cascavel\/#breadcrumb"},"inLanguage":"en-US","potentialAction":[{"@type":"ReadAction","target":["https:\/\/ubirataonline.com.br\/jovem-fica-ferida-apos-briga-generalizada-em-distribuidora-de-bebidas-em-cascavel\/"]}]},{"@type":"ImageObject","inLanguage":"en-US","@id":"https:\/\/ubirataonline.com.br\/jovem-fica-ferida-apos-briga-generalizada-em-distribuidora-de-bebidas-em-cascavel\/#primaryimage","url":"https:\/\/ubirataonline.com.br\/wp-content\/uploads\/2026\/05\/Jovem-fica-ferida-apos-briga-generalizada-em-distribuidora-de-bebidas.jpeg","contentUrl":"https:\/\/ubirataonline.com.br\/wp-content\/uploads\/2026\/05\/Jovem-fica-ferida-apos-briga-generalizada-em-distribuidora-de-bebidas.jpeg","width":1280,"height":720,"caption":""},{"@type":"BreadcrumbList","@id":"https:\/\/ubirataonline.com.br\/jovem-fica-ferida-apos-briga-generalizada-em-distribuidora-de-bebidas-em-cascavel\/#breadcrumb","itemListElement":[{"@type":"ListItem","position":1,"name":"In\u00edcio","item":"https:\/\/ubirataonline.com.br\/"},{"@type":"ListItem","position":2,"name":"Jovem fica ferida ap\u00f3s briga generalizada em distribuidora de bebidas em Cascavel"}]},{"@type":"WebSite","@id":"https:\/\/ubirataonline.com.br\/#website","url":"https:\/\/ubirataonline.com.br\/","name":"Ubirat\u00e3 Online Not\u00edcias","description":"Not\u00edcias de Ubirat\u00e3, regi\u00e3o, Brasil e mundo, com informa\u00e7\u00e3o atualizada e compromisso com o leitor.","publisher":{"@id":"https:\/\/ubirataonline.com.br\/#organization"},"alternateName":"Ubirat\u00e3 Online","potentialAction":[{"@type":"SearchAction","target":{"@type":"EntryPoint","urlTemplate":"https:\/\/ubirataonline.com.br\/?s={search_term_string}"},"query-input":{"@type":"PropertyValueSpecification","valueRequired":true,"valueName":"search_term_string"}}],"inLanguage":"en-US"},{"@type":["Organization","Place"],"@id":"https:\/\/ubirataonline.com.br\/#organization","name":"Ubirat\u00e3 Online Not\u00edcias","alternateName":"Ubirat\u00e3 Online","url":"https:\/\/ubirataonline.com.br\/","logo":{"@id":"https:\/\/ubirataonline.com.br\/jovem-fica-ferida-apos-briga-generalizada-em-distribuidora-de-bebidas-em-cascavel\/#local-main-organization-logo"},"image":{"@id":"https:\/\/ubirataonline.com.br\/jovem-fica-ferida-apos-briga-generalizada-em-distribuidora-de-bebidas-em-cascavel\/#local-main-organization-logo"},"sameAs":["https:\/\/www.facebook.com\/portalubirataonline","https:\/\/x.com\/ubirataonline","https:\/\/mastodon.social\/@ubirataonline","https:\/\/www.facebook.com\/groups\/311144672285604","https:\/\/www.facebook.com\/UBTAOnline","https:\/\/www.instagram.com\/portalubirataonline\/","https:\/\/twitter.com\/ubirataonline"],"description":"Somos um portal de not\u00edcias independente, criado em 5 de janeiro de 2009, com o objetivo de informar, conectar e valorizar a nossa comunidade de Ubirat\u00e3 e toda aregi\u00e3o. Com conte\u00fado atualizado, confi\u00e1vel e relevante, o Ubirat\u00e3 Online \u00e9 o seu espa\u00e7o para ficar por dentro dos principais acontecimentos locais, regionais, Brasil, Mundo e de interesse geral. Nosso compromisso \u00e9 com a verdade, a transpar\u00eancia e o respeito ao leitor.","legalName":"UBIRATA ONLINE NOT\u00cdCIAS","foundingDate":"2009-01-05","numberOfEmployees":{"@type":"QuantitativeValue","minValue":"1","maxValue":"10"},"publishingPrinciples":"https:\/\/ubirataonline.com.br\/faq\/","address":{"@id":"https:\/\/ubirataonline.com.br\/jovem-fica-ferida-apos-briga-generalizada-em-distribuidora-de-bebidas-em-cascavel\/#local-main-place-address"},"geo":{"@type":"GeoCoordinates","latitude":"-24.5361401","longitude":"-52.9921776"},"telephone":["+5544998308235"],"contactPoint":{"@type":"ContactPoint","email":"contato@ubirataonline.com.br"},"openingHoursSpecification":{"@type":"OpeningHoursSpecification","dayOfWeek":["Monday","Tuesday","Wednesday","Thursday","Friday","Saturday","Sunday"],"opens":"00:00","closes":"23:59"},"email":"contato@ubirataonline.com.br","vatID":"47.621.418\/0001-80"},{"@type":"Person","@id":"https:\/\/ubirataonline.com.br\/#\/schema\/person\/372f87bbd3fdd79b8556b84c98d0bc1c","name":"REDA\u00c7\u00c3O: UBIRAT\u00c3 ONLINE - F\u00c1BIO AUGUSTO CELESTINO","pronouns":"Ele","description":"Desde 2003 trabalhando com not\u00edcias.","sameAs":["http:\/\/ubirataoline.com.br","https:\/\/www.facebook.com\/portalubirataonline","https:\/\/www.instagram.com\/ubirataonline_oficial","https:\/\/x.com\/x.com\/ubirataonline"],"honorificPrefix":"Mr.","honorificSuffix":"MD","birthDate":"1980-06-16","gender":"masculino","award":["V\u00e1rios pr\u00eamios de melhor portal da cidade"],"jobTitle":"Diretor","url":"https:\/\/ubirataonline.com.br\/en\/author\/ubirataonline\/"},{"@type":"PostalAddress","@id":"https:\/\/ubirataonline.com.br\/jovem-fica-ferida-apos-briga-generalizada-em-distribuidora-de-bebidas-em-cascavel\/#local-main-place-address","streetAddress":"Rua dos Coqueiros, 104 - Bairro Boa Vista, Rua dos Coqueiros, 104 Bairro Boa Vista","addressLocality":"UBIRATA","postalCode":"85440-000","addressRegion":"PR","addressCountry":"BR"},{"@type":"ImageObject","inLanguage":"en-US","@id":"https:\/\/ubirataonline.com.br\/jovem-fica-ferida-apos-briga-generalizada-em-distribuidora-de-bebidas-em-cascavel\/#local-main-organization-logo","url":"https:\/\/ubirataonline.com.br\/wp-content\/uploads\/2026\/06\/logoubirataonline-1.webp","contentUrl":"https:\/\/ubirataonline.com.br\/wp-content\/uploads\/2026\/06\/logoubirataonline-1.webp","width":500,"height":500,"caption":"Ubirat\u00e3 Online Not\u00edcias"}]},"geo.placename":"UBIRATA","geo.position":{"lat":"-24.5361401","long":"-52.9921776"},"geo.region":"Brazil"},"_links":{"self":[{"href":"https:\/\/ubirataonline.com.br\/en\/wp-json\/wp\/v2\/posts\/125864","targetHints":{"allow":["GET"]}}],"collection":[{"href":"https:\/\/ubirataonline.com.br\/en\/wp-json\/wp\/v2\/posts"}],"about":[{"href":"https:\/\/ubirataonline.com.br\/en\/wp-json\/wp\/v2\/types\/post"}],"author":[{"embeddable":true,"href":"https:\/\/ubirataonline.com.br\/en\/wp-json\/wp\/v2\/users\/1"}],"replies":[{"embeddable":true,"href":"https:\/\/ubirataonline.com.br\/en\/wp-json\/wp\/v2\/comments?post=125864"}],"version-history":[{"count":0,"href":"https:\/\/ubirataonline.com.br\/en\/wp-json\/wp\/v2\/posts\/125864\/revisions"}],"wp:featuredmedia":[{"embeddable":true,"href":"https:\/\/ubirataonline.com.br\/en\/wp-json\/wp\/v2\/media\/125865"}],"wp:attachment":[{"href":"https:\/\/ubirataonline.com.br\/en\/wp-json\/wp\/v2\/media?parent=125864"}],"wp:term":[{"taxonomy":"category","embeddable":true,"href":"https:\/\/ubirataonline.com.br\/en\/wp-json\/wp\/v2\/categories?post=125864"},{"taxonomy":"post_tag","embeddable":true,"href":"https:\/\/ubirataonline.com.br\/en\/wp-json\/wp\/v2\/tags?post=125864"}],"curies":[{"name":"wp","href":"https:\/\/api.w.org\/{rel}","templated":true}]}}