{"id":125918,"date":"2026-05-10T09:00:32","date_gmt":"2026-05-10T12:00:32","guid":{"rendered":"https:\/\/ubirataonline.com.br\/dia-das-maes-3-receitas-de-cafe-da-manha-para-demonstrar-seu-carinho\/"},"modified":"2026-05-10T09:00:34","modified_gmt":"2026-05-10T12:00:34","slug":"dia-das-maes-3-receitas-de-cafe-da-manha-para-demonstrar-seu-carinho","status":"publish","type":"post","link":"https:\/\/ubirataonline.com.br\/en\/dia-das-maes-3-receitas-de-cafe-da-manha-para-demonstrar-seu-carinho\/","title":{"rendered":"Dia das M\u00e3es: 3 receitas de caf\u00e9 da manh\u00e3 para demonstrar seu carinho"},"content":{"rendered":"<p><\/p>\n<div id=\"post-content\">\n<p>O Dia das M\u00e3es convida a gestos que falam com delicadeza, e poucos s\u00e3o t\u00e3o significativos quanto preparar algo especial logo nas primeiras horas do dia. Um caf\u00e9 da manh\u00e3 pensado com aten\u00e7\u00e3o transforma o cotidiano em um momento de afeto, criando uma pausa acolhedora para celebrar quem sempre cuidou de tudo.\u00a0<\/p>\n<p>A seguir, veja 3 receitas de <strong><a href=\"https:\/\/portaledicase.com\/cafe-da-manha-de-domingo-receitas-praticas-e-deliciosas\/\" target=\"_blank\" rel=\"noreferrer noopener\">caf\u00e9 da manh\u00e3<\/a><\/strong> para demonstrar seu carinho no Dia das M\u00e3es!<\/p>\n<h3 class=\"wp-block-heading\" id=\"h-ingredientes\">Ingredientes<\/h3>\n<ul class=\"wp-block-list\">\n<li>2 ovos<\/li>\n<li>1 1\/2 x\u00edcara de ch\u00e1 de leite<\/li>\n<li>2 colheres de sopa de manteiga derretida<\/li>\n<li>2 colheres de sopa de a\u00e7\u00facar<\/li>\n<li>1 colher de ch\u00e1 de ess\u00eancia de baunilha<\/li>\n<li>2 x\u00edcaras de farinha de trigo<\/li>\n<li>1 colher de sopa de fermento em p\u00f3<\/li>\n<li>1 pitada de sal<\/li>\n<li>100 g de <strong><a href=\"https:\/\/portaledicase.com\/sobremesas-especiais-para-o-dia-das-maes\/\">mor<\/a><a href=\"https:\/\/portaledicase.com\/sobremesas-especiais-para-o-dia-das-maes\/\" target=\"_blank\" rel=\"noreferrer noopener\">a<\/a><a href=\"https:\/\/portaledicase.com\/sobremesas-especiais-para-o-dia-das-maes\/\">ngo<\/a><\/strong> para finalizar<\/li>\n<li>Folhas de hortel\u00e3 para decorar<\/li>\n<li>Manteiga para untar<\/li>\n<\/ul>\n<h3 class=\"wp-block-heading\" id=\"h-modo-de-preparo\">Modo de preparo<\/h3>\n<p>Em uma tigela, bata os ovos com o leite, a manteiga, o a\u00e7\u00facar e a ess\u00eancia de baunilha at\u00e9 misturar bem. Acrescente a farinha de trigo aos poucos, mexendo at\u00e9 a massa ficar lisa e sem grumos. Adicione o fermento e a pitada de sal, misturando delicadamente. <\/p>\n<p>Aque\u00e7a uma frigideira antiaderente em fogo baixo e unte levemente com a manteiga. Coloque pequenas por\u00e7\u00f5es de massa na frigideira, formando discos m\u00e9dios. Quando surgirem bolhinhas na superf\u00edcie e as bordas come\u00e7arem a firmar, vire e doure do outro lado. Repita o processo at\u00e9 terminar toda a massa. Sirva as panquecas em um prato, cubra com os morangos e finalize com as folhas de hortel\u00e3. Sirva em seguida.\u00a0<\/p>\n<div class=\"wp-block-image\">\n<figure class=\"aligncenter size-large\"><figcaption class=\"wp-element-caption\">Sandu\u00edche de abacate com ovo (Imagem: istetiana | Shutterstock) <\/figcaption><\/figure>\n<\/p><\/div>\n<h3 class=\"wp-block-heading\" id=\"h-ingredientes-0\">Ingredientes<\/h3>\n<ul class=\"wp-block-list\">\n<li>4 fatias de p\u00e3o integral<\/li>\n<li>1\/2 <strong><a href=\"https:\/\/portaledicase.com\/sanduiches-saudaveis-e-praticos-com-abacate\/\" target=\"_blank\" rel=\"noreferrer noopener\">abacate<\/a><\/strong> maduro picado<\/li>\n<li>2 ovos cozidos e picados<\/li>\n<li>2 colheres de sopa de iogurte natural<\/li>\n<li>1 colher de sopa de suco de lim\u00e3o<\/li>\n<li>1 colher de sopa de cebolinha picada<\/li>\n<li>4 folhas de alface<\/li>\n<li>Sal e pimenta-do-reino mo\u00edda a gosto<\/li>\n<\/ul>\n<h3 class=\"wp-block-heading\" id=\"h-modo-de-preparo-0\">Modo de preparo<\/h3>\n<p>Em uma tigela, coloque o abacate, os ovos, o iogurte natural, o suco de lim\u00e3o, a cebolinha, o sal e a pimenta-do-reino. Misture delicadamente at\u00e9 formar uma pasta. Reserve. Aque\u00e7a uma frigideira antiaderente em fogo m\u00e9dio e doure as fatias de p\u00e3o levemente. Sobre duas fatias de p\u00e3o integral, distribua as folhas de alface. Espalhe o creme de abacate com ovo de forma uniforme. Cubra com as fatias restantes de p\u00e3o integral, pressione levemente e sirva em seguida.<\/p>\n<h3 class=\"wp-block-heading\" id=\"h-ingredientes-1\">Ingredientes<\/h3>\n<p><strong>Massa<\/strong><\/p>\n<ul class=\"wp-block-list\">\n<li>2 <strong><a href=\"https:\/\/portaledicase.com\/receitas-deliciosas-para-o-dia-das-maes\/\" target=\"_blank\" rel=\"noreferrer noopener\">batatas<\/a><\/strong> cozidas e amassadas<\/li>\n<li>1 ovo<\/li>\n<li>1\/2 x\u00edcara de ch\u00e1 de leite morno<\/li>\n<li>3 colheres de sopa de manteiga<\/li>\n<li>2 colheres de sopa de a\u00e7\u00facar<\/li>\n<li>1 colher de ch\u00e1 de sal<\/li>\n<li>10 g de fermento biol\u00f3gico seco<\/li>\n<li>4 x\u00edcaras de ch\u00e1 de farinha de trigo<\/li>\n<li>1 gema de ovo para pincelar<\/li>\n<li>1 colher de sopa de leite para pincelar\u00a0<\/li>\n<li>Manteiga para untar<\/li>\n<li>Farinha de trigo para enfarinhar<\/li>\n<li>250 g de queijo mu\u00e7arela ralado<\/li>\n<\/ul>\n<h3 class=\"wp-block-heading\" id=\"h-modo-de-preparo-1\">Modo de preparo<\/h3>\n<p>Em uma tigela, misture o leite morno, o fermento biol\u00f3gico e o a\u00e7\u00facar. Deixe descansar por 5 minutos. Acrescente o ovo, a manteiga, o sal e a batata amassada. Misture bem. Adicione a farinha de trigo aos poucos, mexendo at\u00e9 formar uma massa macia e levemente grudenta. Em uma superf\u00edcie limpa e enfarinhada com farinha de trigo, sove por cerca de 10 minutos at\u00e9 ficar lisa e el\u00e1stica. Cubra e deixe descansar por 1 hora ou at\u00e9 dobrar de volume. <\/p>\n<p>Divida a massa em por\u00e7\u00f5es iguais, abra cada uma na m\u00e3o e coloque o queijo no centro. Feche modelando bolinhas. Disponha em uma assadeira untada com manteiga, deixando espa\u00e7o entre elas. Cubra e deixe crescer por mais 30 minutos. Misture a gema com o leite e pincele sobre os p\u00e3es. Leve ao forno preaquecido a 180 \u00b0C por 25 a 35 minutos, at\u00e9 dourar. Sirva em seguida.<\/p>\n<section class=\"virals\">\n<article class=\"cardnews cardnews--post cardnews--has-thumbnail cardnews--editorial-noticias\"> <a href=\"https:\/\/www.tribunapr.com.br\/noticias\/parana\/conheca-mel-raro-interior-parana-floradas-especiais-sabor-suave\/?utm_source=noticias-virais-rodape&amp;utm_medium=internal-tribuna&amp;utm_campaign=tribuna\" class=\"cardnews__postlink\"> <\/p>\n<div class=\"cardnews__image\" is-api-thumb=\"\"><img decoding=\"async\" src=\"https:\/\/www.tribunapr.com.br\/wp-content\/uploads\/2026\/04\/06165055\/mel-ortigueira-370x210.jpg\" loading=\"lazy\" alt=\"Conhe\u00e7a o mel raro do interior do Paran\u00e1 que nasce de floradas especiais e tem sabor suave\"\/><\/div>\n<div class=\"cardnews__content cardhome__content\">\n<div class=\"cardnews__content-wrapper\">\n<p> <span style=\"\"> Denomina\u00e7\u00e3o de Origem <\/span> <\/p>\n<p>Conhe\u00e7a o mel raro do interior do Paran\u00e1 que nasce de floradas especiais e tem sabor suave<\/p>\n<\/p><\/div>\n<\/p><\/div>\n<p> <\/a> <\/article>\n<article class=\"cardnews cardnews--post cardnews--has-thumbnail cardnews--editorial-noticias\"> <a href=\"https:\/\/www.tribunapr.com.br\/noticias\/curitiba-regiao\/curitiba-e-a-nova-miami-capital-e-a-que-mais-recebe-cubanos-do-brasil\/?utm_source=noticias-virais-rodape&amp;utm_medium=internal-tribuna&amp;utm_campaign=tribuna\" class=\"cardnews__postlink\"> <\/p>\n<div class=\"cardnews__image\" is-api-thumb=\"\"><img decoding=\"async\" src=\"https:\/\/www.tribunapr.com.br\/wp-content\/uploads\/2026\/04\/02194022\/centro-de-Curitiba-370x210.jpg\" loading=\"lazy\" alt=\"Curitiba \u00e9 a nova Miami: capital paranaense \u00e9 a que mais recebe cubanos do Brasil\"\/><\/div>\n<div class=\"cardnews__content cardhome__content\">\n<div class=\"cardnews__content-wrapper\">\n<p> <span style=\"\"> Imigra\u00e7\u00e3o <\/span> <\/p>\n<p>Curitiba \u00e9 a nova Miami: capital paranaense \u00e9 a que mais recebe cubanos do Brasil<\/p>\n<\/p><\/div>\n<\/p><\/div>\n<p> <\/a> <\/article>\n<article class=\"cardnews cardnews--post cardnews--has-thumbnail cardnews--editorial-noticias\"> <a href=\"https:\/\/www.tribunapr.com.br\/noticias\/parana\/futebol-ajuda-imigrantes-venezuelanos-reconstruir-vinculos-curitiba\/?utm_source=noticias-virais-rodape&amp;utm_medium=internal-tribuna&amp;utm_campaign=tribuna\" class=\"cardnews__postlink\"> <\/p>\n<div class=\"cardnews__image\" is-api-thumb=\"\"><img decoding=\"async\" src=\"https:\/\/www.tribunapr.com.br\/wp-content\/uploads\/2026\/04\/12141044\/liga-venezuela-370x210.jpg\" loading=\"lazy\" alt=\"Futebol ajuda imigrantes venezuelanos a reconstruir v\u00ednculos em Curitiba\"\/><\/div>\n<div class=\"cardnews__content cardhome__content\">\n<div class=\"cardnews__content-wrapper\">\n<p> <span style=\"\"> Paix\u00e3o compartilhada <\/span> <\/p>\n<p>Futebol ajuda imigrantes venezuelanos a reconstruir v\u00ednculos em Curitiba<\/p>\n<\/p><\/div>\n<\/p><\/div>\n<p> <\/a> <\/article>\n<\/section>\n<div id=\"tribuna-follow-cta\">\n<p> <span class=\"cta-title\">Siga a <span class=\"tribuna-color\">Tribuna<\/span> no Google, e acompanhe as \u00faltimas not\u00edcias de Curitiba e regi\u00e3o!<\/span> <\/p>\n<p> <a href=\"https:\/\/profile.google.com\/cp\/CgwvZy8xMmxxajUzM3Mac2h0dHBzOi8vd3d3LnRyaWJ1bmFwci5jb20uYnIvdml2YS92aXRyaW5lL2dpZ2FudGUtZG8tdmVzdHVhcmlvLXJlaW5hdWd1cmEtbG9qYS1lbS1zaG9wcGluZy10cmFkaWNpb25hbC1kZS1jdXJpdGliYS8iElRyaWJ1bmEgZG8gUGFyYW7DoSqAAwrHAWh0dHBzOi8vZW5jcnlwdGVkLXRibjIuZ3N0YXRpYy5jb20vZmF2aWNvbi10Ym4_cT10Ym46QU5kOUdjUVJPbjVDRjR6TzJPbkUwTXZrRlRCRTY2U0g1bGlaVDRaZTV3bWNKeU5GRm1BSnluM01nNU9PR3BXY1pYMzZwYU5HUWtsZ09JVEFLTTNNZVNGbTc1aWp6M3k2ajUtQ3M2b25kX2JUcFFQQkVLd3RsUjBsTmJESnUtVHhrNXQtbFlCNlVpOWZSVVFjT2cSswFodHRwczovL2VuY3J5cHRlZC10Ym4zLmdzdGF0aWMuY29tL2Zhdmljb24tdGJuP3E9dGJuJTNBQU5kOUdjU0FMaWJ2eFF0YXdFMFRueVdWWmVKRS1MZEdRZjVTUi1OZ2RMazhyZzIwVy1nM0JuQ1F4VDNKZFBjRXR2THdBeVRxUDJEdHVycEdVR29CQkxpYzM5al9wSmFxRERaMHNCYW05WEVhSGVsMmZTQmdKdlF4WWVyMw\" target=\"_blank\" title=\"Seguir a Tribuna no Google\">  <\/a> <\/div>\n<\/p><\/div>\n<p><a href=\"https:\/\/www.tribunapr.com.br\/variedades\/dia-das-maes-3-receitas-de-cafe-da-manha-para-demonstrar-seu-carinho\/\">Fonte do Artigo <\/a><\/p>","protected":false},"excerpt":{"rendered":"<p>O Dia das M\u00e3es convida a gestos que falam com delicadeza, e poucos s\u00e3o t\u00e3o significativos quanto preparar algo especial logo nas primeiras horas do dia. Um caf\u00e9 da manh\u00e3 pensado com aten\u00e7\u00e3o transforma o cotidiano em um momento de afeto, criando uma pausa acolhedora para celebrar quem sempre cuidou de tudo.\u00a0 A seguir, veja [&hellip;]<\/p>\n","protected":false},"author":1,"featured_media":125919,"comment_status":"closed","ping_status":"","sticky":false,"template":"","format":"standard","meta":{"googlesitekit_rrm_CAow2JLhCw:productID":"","_gspb_post_css":"","maa_idioma":"","maa_pais":"","footnotes":""},"categories":[1],"tags":[2803,19140,3489,34516,3101,7294,6001,2904,2678,3686],"class_list":["post-125918","post","type-post","status-publish","format-standard","has-post-thumbnail","hentry","category-ubirata","tag-cafe","tag-carinho","tag-das","tag-demonstrar","tag-dia","tag-maes","tag-manha","tag-para","tag-receitas","tag-seu"],"blocksy_meta":[],"yoast_head":"<!-- This site is optimized with the Yoast SEO Premium plugin v27.6 (Yoast SEO v27.6) - https:\/\/yoast.com\/product\/yoast-seo-premium-wordpress\/ -->\n<title>Dia das M\u00e3es: 3 receitas de caf\u00e9 da manh\u00e3 para demonstrar seu carinho - Ubirat\u00e3 Online Not\u00edcias - A realidade ao seu alcance!<\/title>\n<meta name=\"description\" content=\"O Dia das M\u00e3es convida a gestos que falam com delicadeza, e poucos s\u00e3o t\u00e3o significativos quanto preparar algo especial logo nas primeiras horas do dia.\" \/>\n<meta name=\"robots\" content=\"index, follow, max-snippet:-1, max-image-preview:large, max-video-preview:-1\" \/>\n<link rel=\"canonical\" href=\"https:\/\/ubirataonline.com.br\/en\/dia-das-maes-3-receitas-de-cafe-da-manha-para-demonstrar-seu-carinho\/\" \/>\n<meta property=\"og:locale\" content=\"en_US\" \/>\n<meta property=\"og:type\" content=\"article\" \/>\n<meta property=\"og:title\" content=\"Dia das M\u00e3es: 3 receitas de caf\u00e9 da manh\u00e3 para demonstrar seu carinho\" \/>\n<meta property=\"og:description\" content=\"O Dia das M\u00e3es convida a gestos que falam com delicadeza, e poucos s\u00e3o t\u00e3o significativos quanto preparar algo especial logo nas primeiras horas do dia.\" \/>\n<meta property=\"og:url\" content=\"https:\/\/ubirataonline.com.br\/en\/dia-das-maes-3-receitas-de-cafe-da-manha-para-demonstrar-seu-carinho\/\" \/>\n<meta property=\"og:site_name\" content=\"Ubirat\u00e3 Online Not\u00edcias - A realidade ao seu alcance!\" \/>\n<meta property=\"article:publisher\" content=\"https:\/\/www.facebook.com\/portalubirataonline\" \/>\n<meta property=\"article:author\" content=\"https:\/\/www.facebook.com\/portalubirataonline\" \/>\n<meta property=\"article:published_time\" content=\"2026-05-10T12:00:32+00:00\" \/>\n<meta property=\"article:modified_time\" content=\"2026-05-10T12:00:34+00:00\" \/>\n<meta property=\"og:image\" content=\"https:\/\/ubirataonline.com.br\/wp-content\/uploads\/2026\/05\/Dia-das-Maes-3-receitas-de-cafe-da-manha-para.jpg\" \/>\n\t<meta property=\"og:image:width\" content=\"1200\" \/>\n\t<meta property=\"og:image:height\" content=\"800\" \/>\n\t<meta property=\"og:image:type\" content=\"image\/jpeg\" \/>\n<meta name=\"author\" content=\"REDA\u00c7\u00c3O: UBIRAT\u00c3 ONLINE - F\u00c1BIO AUGUSTO CELESTINO\" \/>\n<meta name=\"twitter:card\" content=\"summary_large_image\" \/>\n<meta name=\"twitter:creator\" content=\"@x.com\/ubirataonline\" \/>\n<meta name=\"twitter:site\" content=\"@ubirataonline\" \/>\n<meta name=\"twitter:label1\" content=\"Written by\" \/>\n\t<meta name=\"twitter:data1\" content=\"REDA\u00c7\u00c3O: UBIRAT\u00c3 ONLINE - F\u00c1BIO AUGUSTO CELESTINO\" \/>\n\t<meta name=\"twitter:label2\" content=\"Est. reading time\" \/>\n\t<meta name=\"twitter:data2\" content=\"3 minutes\" \/>\n<script type=\"application\/ld+json\" class=\"yoast-schema-graph\">{\"@context\":\"https:\\\/\\\/schema.org\",\"@graph\":[{\"@type\":\"NewsArticle\",\"@id\":\"https:\\\/\\\/ubirataonline.com.br\\\/dia-das-maes-3-receitas-de-cafe-da-manha-para-demonstrar-seu-carinho\\\/#article\",\"isPartOf\":{\"@id\":\"https:\\\/\\\/ubirataonline.com.br\\\/dia-das-maes-3-receitas-de-cafe-da-manha-para-demonstrar-seu-carinho\\\/\"},\"author\":{\"name\":\"REDA\u00c7\u00c3O: UBIRAT\u00c3 ONLINE - F\u00c1BIO AUGUSTO CELESTINO\",\"@id\":\"https:\\\/\\\/ubirataonline.com.br\\\/#\\\/schema\\\/person\\\/372f87bbd3fdd79b8556b84c98d0bc1c\"},\"headline\":\"Dia das M\u00e3es: 3 receitas de caf\u00e9 da manh\u00e3 para demonstrar seu carinho\",\"datePublished\":\"2026-05-10T12:00:32+00:00\",\"dateModified\":\"2026-05-10T12:00:34+00:00\",\"mainEntityOfPage\":{\"@id\":\"https:\\\/\\\/ubirataonline.com.br\\\/dia-das-maes-3-receitas-de-cafe-da-manha-para-demonstrar-seu-carinho\\\/\"},\"wordCount\":699,\"publisher\":{\"@id\":\"https:\\\/\\\/ubirataonline.com.br\\\/#organization\"},\"image\":{\"@id\":\"https:\\\/\\\/ubirataonline.com.br\\\/dia-das-maes-3-receitas-de-cafe-da-manha-para-demonstrar-seu-carinho\\\/#primaryimage\"},\"thumbnailUrl\":\"https:\\\/\\\/ubirataonline.com.br\\\/wp-content\\\/uploads\\\/2026\\\/05\\\/Dia-das-Maes-3-receitas-de-cafe-da-manha-para.jpg\",\"keywords\":[\"Caf\u00e9\",\"Carinho\",\"das\",\"demonstrar\",\"dia\",\"m\u00e3es\",\"manh\u00e3\",\"para\",\"Receitas\",\"seu\"],\"articleSection\":[\"Ubirat\u00e3\"],\"inLanguage\":\"en-US\",\"copyrightYear\":\"2026\",\"copyrightHolder\":{\"@id\":\"https:\\\/\\\/ubirataonline.com.br\\\/en\\\/#organization\"}},{\"@type\":\"WebPage\",\"@id\":\"https:\\\/\\\/ubirataonline.com.br\\\/dia-das-maes-3-receitas-de-cafe-da-manha-para-demonstrar-seu-carinho\\\/\",\"url\":\"https:\\\/\\\/ubirataonline.com.br\\\/dia-das-maes-3-receitas-de-cafe-da-manha-para-demonstrar-seu-carinho\\\/\",\"name\":\"Dia das M\u00e3es: 3 receitas de caf\u00e9 da manh\u00e3 para demonstrar seu carinho - Ubirat\u00e3 Online Not\u00edcias - A realidade ao seu alcance!\",\"isPartOf\":{\"@id\":\"https:\\\/\\\/ubirataonline.com.br\\\/#website\"},\"primaryImageOfPage\":{\"@id\":\"https:\\\/\\\/ubirataonline.com.br\\\/dia-das-maes-3-receitas-de-cafe-da-manha-para-demonstrar-seu-carinho\\\/#primaryimage\"},\"image\":{\"@id\":\"https:\\\/\\\/ubirataonline.com.br\\\/dia-das-maes-3-receitas-de-cafe-da-manha-para-demonstrar-seu-carinho\\\/#primaryimage\"},\"thumbnailUrl\":\"https:\\\/\\\/ubirataonline.com.br\\\/wp-content\\\/uploads\\\/2026\\\/05\\\/Dia-das-Maes-3-receitas-de-cafe-da-manha-para.jpg\",\"datePublished\":\"2026-05-10T12:00:32+00:00\",\"dateModified\":\"2026-05-10T12:00:34+00:00\",\"description\":\"O Dia das M\u00e3es convida a gestos que falam com delicadeza, e poucos s\u00e3o t\u00e3o significativos quanto preparar algo especial logo nas primeiras horas do dia.\",\"breadcrumb\":{\"@id\":\"https:\\\/\\\/ubirataonline.com.br\\\/dia-das-maes-3-receitas-de-cafe-da-manha-para-demonstrar-seu-carinho\\\/#breadcrumb\"},\"inLanguage\":\"en-US\",\"potentialAction\":[{\"@type\":\"ReadAction\",\"target\":[\"https:\\\/\\\/ubirataonline.com.br\\\/dia-das-maes-3-receitas-de-cafe-da-manha-para-demonstrar-seu-carinho\\\/\"]}]},{\"@type\":\"ImageObject\",\"inLanguage\":\"en-US\",\"@id\":\"https:\\\/\\\/ubirataonline.com.br\\\/dia-das-maes-3-receitas-de-cafe-da-manha-para-demonstrar-seu-carinho\\\/#primaryimage\",\"url\":\"https:\\\/\\\/ubirataonline.com.br\\\/wp-content\\\/uploads\\\/2026\\\/05\\\/Dia-das-Maes-3-receitas-de-cafe-da-manha-para.jpg\",\"contentUrl\":\"https:\\\/\\\/ubirataonline.com.br\\\/wp-content\\\/uploads\\\/2026\\\/05\\\/Dia-das-Maes-3-receitas-de-cafe-da-manha-para.jpg\",\"width\":1200,\"height\":800,\"caption\":\"Panquecas com morango (Imagem: Ollinka | Shutterstock)\"},{\"@type\":\"BreadcrumbList\",\"@id\":\"https:\\\/\\\/ubirataonline.com.br\\\/dia-das-maes-3-receitas-de-cafe-da-manha-para-demonstrar-seu-carinho\\\/#breadcrumb\",\"itemListElement\":[{\"@type\":\"ListItem\",\"position\":1,\"name\":\"In\u00edcio\",\"item\":\"https:\\\/\\\/ubirataonline.com.br\\\/\"},{\"@type\":\"ListItem\",\"position\":2,\"name\":\"Dia das M\u00e3es: 3 receitas de caf\u00e9 da manh\u00e3 para demonstrar seu carinho\"}]},{\"@type\":\"WebSite\",\"@id\":\"https:\\\/\\\/ubirataonline.com.br\\\/#website\",\"url\":\"https:\\\/\\\/ubirataonline.com.br\\\/\",\"name\":\"Ubirat\u00e3 Online Not\u00edcias\",\"description\":\"Not\u00edcias de Ubirat\u00e3, regi\u00e3o, Brasil e mundo, com informa\u00e7\u00e3o atualizada e compromisso com o leitor.\",\"publisher\":{\"@id\":\"https:\\\/\\\/ubirataonline.com.br\\\/#organization\"},\"alternateName\":\"Ubirat\u00e3 Online\",\"potentialAction\":[{\"@type\":\"SearchAction\",\"target\":{\"@type\":\"EntryPoint\",\"urlTemplate\":\"https:\\\/\\\/ubirataonline.com.br\\\/?s={search_term_string}\"},\"query-input\":{\"@type\":\"PropertyValueSpecification\",\"valueRequired\":true,\"valueName\":\"search_term_string\"}}],\"inLanguage\":\"en-US\"},{\"@type\":[\"Organization\",\"Place\"],\"@id\":\"https:\\\/\\\/ubirataonline.com.br\\\/#organization\",\"name\":\"Ubirat\u00e3 Online Not\u00edcias\",\"alternateName\":\"Ubirat\u00e3 Online\",\"url\":\"https:\\\/\\\/ubirataonline.com.br\\\/\",\"logo\":{\"@id\":\"https:\\\/\\\/ubirataonline.com.br\\\/dia-das-maes-3-receitas-de-cafe-da-manha-para-demonstrar-seu-carinho\\\/#local-main-organization-logo\"},\"image\":{\"@id\":\"https:\\\/\\\/ubirataonline.com.br\\\/dia-das-maes-3-receitas-de-cafe-da-manha-para-demonstrar-seu-carinho\\\/#local-main-organization-logo\"},\"sameAs\":[\"https:\\\/\\\/www.facebook.com\\\/portalubirataonline\",\"https:\\\/\\\/x.com\\\/ubirataonline\",\"https:\\\/\\\/mastodon.social\\\/@ubirataonline\",\"https:\\\/\\\/www.facebook.com\\\/groups\\\/311144672285604\",\"https:\\\/\\\/www.facebook.com\\\/UBTAOnline\",\"https:\\\/\\\/www.instagram.com\\\/portalubirataonline\\\/\",\"https:\\\/\\\/twitter.com\\\/ubirataonline\"],\"description\":\"Somos um portal de not\u00edcias independente, criado em 5 de janeiro de 2009, com o objetivo de informar, conectar e valorizar a nossa comunidade de Ubirat\u00e3 e toda aregi\u00e3o. Com conte\u00fado atualizado, confi\u00e1vel e relevante, o Ubirat\u00e3 Online \u00e9 o seu espa\u00e7o para ficar por dentro dos principais acontecimentos locais, regionais, Brasil, Mundo e de interesse geral. Nosso compromisso \u00e9 com a verdade, a transpar\u00eancia e o respeito ao leitor.\",\"legalName\":\"UBIRATA ONLINE NOT\u00cdCIAS\",\"foundingDate\":\"2009-01-05\",\"numberOfEmployees\":{\"@type\":\"QuantitativeValue\",\"minValue\":\"1\",\"maxValue\":\"10\"},\"publishingPrinciples\":\"https:\\\/\\\/ubirataonline.com.br\\\/faq\\\/\",\"address\":{\"@id\":\"https:\\\/\\\/ubirataonline.com.br\\\/dia-das-maes-3-receitas-de-cafe-da-manha-para-demonstrar-seu-carinho\\\/#local-main-place-address\"},\"geo\":{\"@type\":\"GeoCoordinates\",\"latitude\":\"-24.5361401\",\"longitude\":\"-52.9921776\"},\"telephone\":[\"+5544998308235\"],\"contactPoint\":{\"@type\":\"ContactPoint\",\"email\":\"contato@ubirataonline.com.br\"},\"openingHoursSpecification\":{\"@type\":\"OpeningHoursSpecification\",\"dayOfWeek\":[\"Monday\",\"Tuesday\",\"Wednesday\",\"Thursday\",\"Friday\",\"Saturday\",\"Sunday\"],\"opens\":\"00:00\",\"closes\":\"23:59\"},\"email\":\"contato@ubirataonline.com.br\",\"vatID\":\"47.621.418\\\/0001-80\"},{\"@type\":\"Person\",\"@id\":\"https:\\\/\\\/ubirataonline.com.br\\\/#\\\/schema\\\/person\\\/372f87bbd3fdd79b8556b84c98d0bc1c\",\"name\":\"REDA\u00c7\u00c3O: UBIRAT\u00c3 ONLINE - F\u00c1BIO AUGUSTO CELESTINO\",\"pronouns\":\"Ele\",\"description\":\"Desde 2003 trabalhando com not\u00edcias.\",\"sameAs\":[\"http:\\\/\\\/ubirataoline.com.br\",\"https:\\\/\\\/www.facebook.com\\\/portalubirataonline\",\"https:\\\/\\\/www.instagram.com\\\/ubirataonline_oficial\",\"https:\\\/\\\/x.com\\\/x.com\\\/ubirataonline\"],\"honorificPrefix\":\"Mr.\",\"honorificSuffix\":\"MD\",\"birthDate\":\"1980-06-16\",\"gender\":\"masculino\",\"award\":[\"V\u00e1rios pr\u00eamios de melhor portal da cidade\"],\"jobTitle\":\"Diretor\",\"url\":\"https:\\\/\\\/ubirataonline.com.br\\\/en\\\/author\\\/ubirataonline\\\/\"},{\"@type\":\"PostalAddress\",\"@id\":\"https:\\\/\\\/ubirataonline.com.br\\\/dia-das-maes-3-receitas-de-cafe-da-manha-para-demonstrar-seu-carinho\\\/#local-main-place-address\",\"streetAddress\":\"Rua dos Coqueiros, 104 - Bairro Boa Vista, Rua dos Coqueiros, 104 Bairro Boa Vista\",\"addressLocality\":\"UBIRATA\",\"postalCode\":\"85440-000\",\"addressRegion\":\"PR\",\"addressCountry\":\"BR\"},{\"@type\":\"ImageObject\",\"inLanguage\":\"en-US\",\"@id\":\"https:\\\/\\\/ubirataonline.com.br\\\/dia-das-maes-3-receitas-de-cafe-da-manha-para-demonstrar-seu-carinho\\\/#local-main-organization-logo\",\"url\":\"https:\\\/\\\/ubirataonline.com.br\\\/wp-content\\\/uploads\\\/2026\\\/06\\\/logoubirataonline-1.webp\",\"contentUrl\":\"https:\\\/\\\/ubirataonline.com.br\\\/wp-content\\\/uploads\\\/2026\\\/06\\\/logoubirataonline-1.webp\",\"width\":500,\"height\":500,\"caption\":\"Ubirat\u00e3 Online Not\u00edcias\"}]}<\/script>\n<meta name=\"geo.placename\" content=\"UBIRATA\" \/>\n<meta name=\"geo.position\" content=\"-24.5361401;-52.9921776\" \/>\n<meta name=\"geo.region\" content=\"Brazil\" \/>\n<!-- \/ Yoast SEO Premium plugin. -->","yoast_head_json":{"title":"Dia das M\u00e3es: 3 receitas de caf\u00e9 da manh\u00e3 para demonstrar seu carinho - Ubirat\u00e3 Online Not\u00edcias - A realidade ao seu alcance!","description":"O Dia das M\u00e3es convida a gestos que falam com delicadeza, e poucos s\u00e3o t\u00e3o significativos quanto preparar algo especial logo nas primeiras horas do dia.","robots":{"index":"index","follow":"follow","max-snippet":"max-snippet:-1","max-image-preview":"max-image-preview:large","max-video-preview":"max-video-preview:-1"},"canonical":"https:\/\/ubirataonline.com.br\/en\/dia-das-maes-3-receitas-de-cafe-da-manha-para-demonstrar-seu-carinho\/","og_locale":"en_US","og_type":"article","og_title":"Dia das M\u00e3es: 3 receitas de caf\u00e9 da manh\u00e3 para demonstrar seu carinho","og_description":"O Dia das M\u00e3es convida a gestos que falam com delicadeza, e poucos s\u00e3o t\u00e3o significativos quanto preparar algo especial logo nas primeiras horas do dia.","og_url":"https:\/\/ubirataonline.com.br\/en\/dia-das-maes-3-receitas-de-cafe-da-manha-para-demonstrar-seu-carinho\/","og_site_name":"Ubirat\u00e3 Online Not\u00edcias - A realidade ao seu alcance!","article_publisher":"https:\/\/www.facebook.com\/portalubirataonline","article_author":"https:\/\/www.facebook.com\/portalubirataonline","article_published_time":"2026-05-10T12:00:32+00:00","article_modified_time":"2026-05-10T12:00:34+00:00","og_image":[{"width":1200,"height":800,"url":"https:\/\/ubirataonline.com.br\/wp-content\/uploads\/2026\/05\/Dia-das-Maes-3-receitas-de-cafe-da-manha-para.jpg","type":"image\/jpeg"}],"author":"REDA\u00c7\u00c3O: UBIRAT\u00c3 ONLINE - F\u00c1BIO AUGUSTO CELESTINO","twitter_card":"summary_large_image","twitter_creator":"@x.com\/ubirataonline","twitter_site":"@ubirataonline","twitter_misc":{"Written by":"REDA\u00c7\u00c3O: UBIRAT\u00c3 ONLINE - F\u00c1BIO AUGUSTO CELESTINO","Est. reading time":"3 minutes"},"schema":{"@context":"https:\/\/schema.org","@graph":[{"@type":"NewsArticle","@id":"https:\/\/ubirataonline.com.br\/dia-das-maes-3-receitas-de-cafe-da-manha-para-demonstrar-seu-carinho\/#article","isPartOf":{"@id":"https:\/\/ubirataonline.com.br\/dia-das-maes-3-receitas-de-cafe-da-manha-para-demonstrar-seu-carinho\/"},"author":{"name":"REDA\u00c7\u00c3O: UBIRAT\u00c3 ONLINE - F\u00c1BIO AUGUSTO CELESTINO","@id":"https:\/\/ubirataonline.com.br\/#\/schema\/person\/372f87bbd3fdd79b8556b84c98d0bc1c"},"headline":"Dia das M\u00e3es: 3 receitas de caf\u00e9 da manh\u00e3 para demonstrar seu carinho","datePublished":"2026-05-10T12:00:32+00:00","dateModified":"2026-05-10T12:00:34+00:00","mainEntityOfPage":{"@id":"https:\/\/ubirataonline.com.br\/dia-das-maes-3-receitas-de-cafe-da-manha-para-demonstrar-seu-carinho\/"},"wordCount":699,"publisher":{"@id":"https:\/\/ubirataonline.com.br\/#organization"},"image":{"@id":"https:\/\/ubirataonline.com.br\/dia-das-maes-3-receitas-de-cafe-da-manha-para-demonstrar-seu-carinho\/#primaryimage"},"thumbnailUrl":"https:\/\/ubirataonline.com.br\/wp-content\/uploads\/2026\/05\/Dia-das-Maes-3-receitas-de-cafe-da-manha-para.jpg","keywords":["Caf\u00e9","Carinho","das","demonstrar","dia","m\u00e3es","manh\u00e3","para","Receitas","seu"],"articleSection":["Ubirat\u00e3"],"inLanguage":"en-US","copyrightYear":"2026","copyrightHolder":{"@id":"https:\/\/ubirataonline.com.br\/en\/#organization"}},{"@type":"WebPage","@id":"https:\/\/ubirataonline.com.br\/dia-das-maes-3-receitas-de-cafe-da-manha-para-demonstrar-seu-carinho\/","url":"https:\/\/ubirataonline.com.br\/dia-das-maes-3-receitas-de-cafe-da-manha-para-demonstrar-seu-carinho\/","name":"Dia das M\u00e3es: 3 receitas de caf\u00e9 da manh\u00e3 para demonstrar seu carinho - Ubirat\u00e3 Online Not\u00edcias - A realidade ao seu alcance!","isPartOf":{"@id":"https:\/\/ubirataonline.com.br\/#website"},"primaryImageOfPage":{"@id":"https:\/\/ubirataonline.com.br\/dia-das-maes-3-receitas-de-cafe-da-manha-para-demonstrar-seu-carinho\/#primaryimage"},"image":{"@id":"https:\/\/ubirataonline.com.br\/dia-das-maes-3-receitas-de-cafe-da-manha-para-demonstrar-seu-carinho\/#primaryimage"},"thumbnailUrl":"https:\/\/ubirataonline.com.br\/wp-content\/uploads\/2026\/05\/Dia-das-Maes-3-receitas-de-cafe-da-manha-para.jpg","datePublished":"2026-05-10T12:00:32+00:00","dateModified":"2026-05-10T12:00:34+00:00","description":"O Dia das M\u00e3es convida a gestos que falam com delicadeza, e poucos s\u00e3o t\u00e3o significativos quanto preparar algo especial logo nas primeiras horas do dia.","breadcrumb":{"@id":"https:\/\/ubirataonline.com.br\/dia-das-maes-3-receitas-de-cafe-da-manha-para-demonstrar-seu-carinho\/#breadcrumb"},"inLanguage":"en-US","potentialAction":[{"@type":"ReadAction","target":["https:\/\/ubirataonline.com.br\/dia-das-maes-3-receitas-de-cafe-da-manha-para-demonstrar-seu-carinho\/"]}]},{"@type":"ImageObject","inLanguage":"en-US","@id":"https:\/\/ubirataonline.com.br\/dia-das-maes-3-receitas-de-cafe-da-manha-para-demonstrar-seu-carinho\/#primaryimage","url":"https:\/\/ubirataonline.com.br\/wp-content\/uploads\/2026\/05\/Dia-das-Maes-3-receitas-de-cafe-da-manha-para.jpg","contentUrl":"https:\/\/ubirataonline.com.br\/wp-content\/uploads\/2026\/05\/Dia-das-Maes-3-receitas-de-cafe-da-manha-para.jpg","width":1200,"height":800,"caption":"Panquecas com morango (Imagem: Ollinka | Shutterstock)"},{"@type":"BreadcrumbList","@id":"https:\/\/ubirataonline.com.br\/dia-das-maes-3-receitas-de-cafe-da-manha-para-demonstrar-seu-carinho\/#breadcrumb","itemListElement":[{"@type":"ListItem","position":1,"name":"In\u00edcio","item":"https:\/\/ubirataonline.com.br\/"},{"@type":"ListItem","position":2,"name":"Dia das M\u00e3es: 3 receitas de caf\u00e9 da manh\u00e3 para demonstrar seu carinho"}]},{"@type":"WebSite","@id":"https:\/\/ubirataonline.com.br\/#website","url":"https:\/\/ubirataonline.com.br\/","name":"Ubirat\u00e3 Online Not\u00edcias","description":"Not\u00edcias de Ubirat\u00e3, regi\u00e3o, Brasil e mundo, com informa\u00e7\u00e3o atualizada e compromisso com o leitor.","publisher":{"@id":"https:\/\/ubirataonline.com.br\/#organization"},"alternateName":"Ubirat\u00e3 Online","potentialAction":[{"@type":"SearchAction","target":{"@type":"EntryPoint","urlTemplate":"https:\/\/ubirataonline.com.br\/?s={search_term_string}"},"query-input":{"@type":"PropertyValueSpecification","valueRequired":true,"valueName":"search_term_string"}}],"inLanguage":"en-US"},{"@type":["Organization","Place"],"@id":"https:\/\/ubirataonline.com.br\/#organization","name":"Ubirat\u00e3 Online Not\u00edcias","alternateName":"Ubirat\u00e3 Online","url":"https:\/\/ubirataonline.com.br\/","logo":{"@id":"https:\/\/ubirataonline.com.br\/dia-das-maes-3-receitas-de-cafe-da-manha-para-demonstrar-seu-carinho\/#local-main-organization-logo"},"image":{"@id":"https:\/\/ubirataonline.com.br\/dia-das-maes-3-receitas-de-cafe-da-manha-para-demonstrar-seu-carinho\/#local-main-organization-logo"},"sameAs":["https:\/\/www.facebook.com\/portalubirataonline","https:\/\/x.com\/ubirataonline","https:\/\/mastodon.social\/@ubirataonline","https:\/\/www.facebook.com\/groups\/311144672285604","https:\/\/www.facebook.com\/UBTAOnline","https:\/\/www.instagram.com\/portalubirataonline\/","https:\/\/twitter.com\/ubirataonline"],"description":"Somos um portal de not\u00edcias independente, criado em 5 de janeiro de 2009, com o objetivo de informar, conectar e valorizar a nossa comunidade de Ubirat\u00e3 e toda aregi\u00e3o. Com conte\u00fado atualizado, confi\u00e1vel e relevante, o Ubirat\u00e3 Online \u00e9 o seu espa\u00e7o para ficar por dentro dos principais acontecimentos locais, regionais, Brasil, Mundo e de interesse geral. Nosso compromisso \u00e9 com a verdade, a transpar\u00eancia e o respeito ao leitor.","legalName":"UBIRATA ONLINE NOT\u00cdCIAS","foundingDate":"2009-01-05","numberOfEmployees":{"@type":"QuantitativeValue","minValue":"1","maxValue":"10"},"publishingPrinciples":"https:\/\/ubirataonline.com.br\/faq\/","address":{"@id":"https:\/\/ubirataonline.com.br\/dia-das-maes-3-receitas-de-cafe-da-manha-para-demonstrar-seu-carinho\/#local-main-place-address"},"geo":{"@type":"GeoCoordinates","latitude":"-24.5361401","longitude":"-52.9921776"},"telephone":["+5544998308235"],"contactPoint":{"@type":"ContactPoint","email":"contato@ubirataonline.com.br"},"openingHoursSpecification":{"@type":"OpeningHoursSpecification","dayOfWeek":["Monday","Tuesday","Wednesday","Thursday","Friday","Saturday","Sunday"],"opens":"00:00","closes":"23:59"},"email":"contato@ubirataonline.com.br","vatID":"47.621.418\/0001-80"},{"@type":"Person","@id":"https:\/\/ubirataonline.com.br\/#\/schema\/person\/372f87bbd3fdd79b8556b84c98d0bc1c","name":"REDA\u00c7\u00c3O: UBIRAT\u00c3 ONLINE - F\u00c1BIO AUGUSTO CELESTINO","pronouns":"Ele","description":"Desde 2003 trabalhando com not\u00edcias.","sameAs":["http:\/\/ubirataoline.com.br","https:\/\/www.facebook.com\/portalubirataonline","https:\/\/www.instagram.com\/ubirataonline_oficial","https:\/\/x.com\/x.com\/ubirataonline"],"honorificPrefix":"Mr.","honorificSuffix":"MD","birthDate":"1980-06-16","gender":"masculino","award":["V\u00e1rios pr\u00eamios de melhor portal da cidade"],"jobTitle":"Diretor","url":"https:\/\/ubirataonline.com.br\/en\/author\/ubirataonline\/"},{"@type":"PostalAddress","@id":"https:\/\/ubirataonline.com.br\/dia-das-maes-3-receitas-de-cafe-da-manha-para-demonstrar-seu-carinho\/#local-main-place-address","streetAddress":"Rua dos Coqueiros, 104 - Bairro Boa Vista, Rua dos Coqueiros, 104 Bairro Boa Vista","addressLocality":"UBIRATA","postalCode":"85440-000","addressRegion":"PR","addressCountry":"BR"},{"@type":"ImageObject","inLanguage":"en-US","@id":"https:\/\/ubirataonline.com.br\/dia-das-maes-3-receitas-de-cafe-da-manha-para-demonstrar-seu-carinho\/#local-main-organization-logo","url":"https:\/\/ubirataonline.com.br\/wp-content\/uploads\/2026\/06\/logoubirataonline-1.webp","contentUrl":"https:\/\/ubirataonline.com.br\/wp-content\/uploads\/2026\/06\/logoubirataonline-1.webp","width":500,"height":500,"caption":"Ubirat\u00e3 Online Not\u00edcias"}]},"geo.placename":"UBIRATA","geo.position":{"lat":"-24.5361401","long":"-52.9921776"},"geo.region":"Brazil"},"_links":{"self":[{"href":"https:\/\/ubirataonline.com.br\/en\/wp-json\/wp\/v2\/posts\/125918","targetHints":{"allow":["GET"]}}],"collection":[{"href":"https:\/\/ubirataonline.com.br\/en\/wp-json\/wp\/v2\/posts"}],"about":[{"href":"https:\/\/ubirataonline.com.br\/en\/wp-json\/wp\/v2\/types\/post"}],"author":[{"embeddable":true,"href":"https:\/\/ubirataonline.com.br\/en\/wp-json\/wp\/v2\/users\/1"}],"replies":[{"embeddable":true,"href":"https:\/\/ubirataonline.com.br\/en\/wp-json\/wp\/v2\/comments?post=125918"}],"version-history":[{"count":0,"href":"https:\/\/ubirataonline.com.br\/en\/wp-json\/wp\/v2\/posts\/125918\/revisions"}],"wp:featuredmedia":[{"embeddable":true,"href":"https:\/\/ubirataonline.com.br\/en\/wp-json\/wp\/v2\/media\/125919"}],"wp:attachment":[{"href":"https:\/\/ubirataonline.com.br\/en\/wp-json\/wp\/v2\/media?parent=125918"}],"wp:term":[{"taxonomy":"category","embeddable":true,"href":"https:\/\/ubirataonline.com.br\/en\/wp-json\/wp\/v2\/categories?post=125918"},{"taxonomy":"post_tag","embeddable":true,"href":"https:\/\/ubirataonline.com.br\/en\/wp-json\/wp\/v2\/tags?post=125918"}],"curies":[{"name":"wp","href":"https:\/\/api.w.org\/{rel}","templated":true}]}}