{"id":125928,"date":"2026-05-10T09:18:26","date_gmt":"2026-05-10T12:18:26","guid":{"rendered":"https:\/\/ubirataonline.com.br\/fabio-di-giannantonio-commits-to-ktm-and-opens-the-door-for-nicolo-bulega-at-vr46\/"},"modified":"2026-05-10T09:18:28","modified_gmt":"2026-05-10T12:18:28","slug":"fabio-di-giannantonio-commits-to-ktm-and-opens-the-door-for-nicolo-bulega-at-vr46","status":"publish","type":"post","link":"https:\/\/ubirataonline.com.br\/en\/fabio-di-giannantonio-commits-to-ktm-and-opens-the-door-for-nicolo-bulega-at-vr46\/","title":{"rendered":"Fabio di Giannantonio commits to KTM and opens the door for Nicolo Bulega at VR46"},"content":{"rendered":"<p><br \/>\n<\/p>\n<div data-position=\"embed\" data-series=\"motogp\" data-autoplay=\"0\" data-mute=\"0\">\n<p><a href=\"https:\/\/www.motorsport.com\/driver\/fabio-di-giannantonio\/289790\/\" target=\"_blank\" rel=\"noopener\">Fabio Di Giannantonio<\/a> has reached an agreement to race for the factory KTM team in the 2027 MotoGP season &#8211; opening the door for Nicolo Bulega at VR46.<\/p>\n<p>The 27-year-old, who until now had been contracted by Ducati while racing for VR46, had set Friday of the French Grand Prix weekend as the deadline to receive an offer from the Italian manufacturer that satisfied his financial demands.<\/p>\n<p>But\u00a0Ducati and <a href=\"https:\/\/www.motorsport.com\/driver\/valentino-rossi\/770\/\" target=\"_blank\" rel=\"noopener\">Valentino Rossi<\/a>\u2019s team asked the rider for more time to make a decision and instead of doing so, di Giannantonio has accepted\u00a0KTM\u2019s offer to become a factory rider alongside <a href=\"https:\/\/www.motorsport.com\/driver\/alex-marquez\/20860\/\" target=\"_blank\" rel=\"noopener\">Alex Marquez<\/a>.<\/p>\n<p>The Italian&#8217;s dream was to become a factory rider for a manufacturer and, in parallel, increase his annual salary to around \u20ac2million. These are two ambitions that are fulfilled by signing for\u00a0KTM, a move that was finalised on Saturday night in the Le Mans paddock at this weekend&#8217;s grand prix.<\/p>\n<section class=\"\" contenteditable=\"false\" draggable=\"true\" data-widget=\"image\" data-width=\"1200\" data-height=\"798\" data-link=\"\" data-id=\"72518429\" data-title=\"Fabio Di Giannantonio, VR46 Racing Team\" data-author=\"Pierre-Louis Le Mou\u00ebllic\" data-custom=\"false\" data-src=\"https:\/\/cdn.motorsport.com\/images\/mgl\/0R7w84M2\/s8\/fabio-di-giannantonio-vr46-rac.jpg\" data-show-title=\"true\" data-show-author=\"true\"><picture><source srcset=\"https:\/\/cdn.motorsport.com\/images\/mgl\/0R7w84M2\/s200\/fabio-di-giannantonio-vr46-rac.webp 200w, https:\/\/cdn.motorsport.com\/images\/mgl\/0R7w84M2\/s300\/fabio-di-giannantonio-vr46-rac.webp 300w, https:\/\/cdn.motorsport.com\/images\/mgl\/0R7w84M2\/s400\/fabio-di-giannantonio-vr46-rac.webp 400w, https:\/\/cdn.motorsport.com\/images\/mgl\/0R7w84M2\/s500\/fabio-di-giannantonio-vr46-rac.webp 500w, https:\/\/cdn.motorsport.com\/images\/mgl\/0R7w84M2\/s600\/fabio-di-giannantonio-vr46-rac.webp 600w, https:\/\/cdn.motorsport.com\/images\/mgl\/0R7w84M2\/s700\/fabio-di-giannantonio-vr46-rac.webp 700w, https:\/\/cdn.motorsport.com\/images\/mgl\/0R7w84M2\/s800\/fabio-di-giannantonio-vr46-rac.webp 800w, https:\/\/cdn.motorsport.com\/images\/mgl\/0R7w84M2\/s900\/fabio-di-giannantonio-vr46-rac.webp 900w, https:\/\/cdn.motorsport.com\/images\/mgl\/0R7w84M2\/s1000\/fabio-di-giannantonio-vr46-rac.webp 1000w, https:\/\/cdn.motorsport.com\/images\/mgl\/0R7w84M2\/s1100\/fabio-di-giannantonio-vr46-rac.webp 1100w, https:\/\/cdn.motorsport.com\/images\/mgl\/0R7w84M2\/s1200\/fabio-di-giannantonio-vr46-rac.webp 1200w\" type=\"image\/webp\" sizes=\"(min-width: 650px) 700px\"><source srcset=\"https:\/\/cdn.motorsport.com\/images\/mgl\/0R7w84M2\/s200\/fabio-di-giannantonio-vr46-rac.jpg 200w, https:\/\/cdn.motorsport.com\/images\/mgl\/0R7w84M2\/s300\/fabio-di-giannantonio-vr46-rac.jpg 300w, https:\/\/cdn.motorsport.com\/images\/mgl\/0R7w84M2\/s400\/fabio-di-giannantonio-vr46-rac.jpg 400w, https:\/\/cdn.motorsport.com\/images\/mgl\/0R7w84M2\/s500\/fabio-di-giannantonio-vr46-rac.jpg 500w, https:\/\/cdn.motorsport.com\/images\/mgl\/0R7w84M2\/s600\/fabio-di-giannantonio-vr46-rac.jpg 600w, https:\/\/cdn.motorsport.com\/images\/mgl\/0R7w84M2\/s700\/fabio-di-giannantonio-vr46-rac.jpg 700w, https:\/\/cdn.motorsport.com\/images\/mgl\/0R7w84M2\/s800\/fabio-di-giannantonio-vr46-rac.jpg 800w, https:\/\/cdn.motorsport.com\/images\/mgl\/0R7w84M2\/s900\/fabio-di-giannantonio-vr46-rac.jpg 900w, https:\/\/cdn.motorsport.com\/images\/mgl\/0R7w84M2\/s1000\/fabio-di-giannantonio-vr46-rac.jpg 1000w, https:\/\/cdn.motorsport.com\/images\/mgl\/0R7w84M2\/s1100\/fabio-di-giannantonio-vr46-rac.jpg 1100w, https:\/\/cdn.motorsport.com\/images\/mgl\/0R7w84M2\/s1200\/fabio-di-giannantonio-vr46-rac.jpg 1200w\" type=\"image\/jpeg\" sizes=\"(min-width: 650px) 700px\"><\/source><\/source><\/picture>\n<p class=\"title\">Fabio Di Giannantonio, VR46 Racing Team<\/p>\n<p class=\"photographer\">Photo by: Pierre-Louis Le Mou\u00ebllic<\/p>\n<\/section>\n<h2>Bulega and Marini, VR46\u2019s two options<\/h2>\n<p>VR46 must now look for a second rider next year to partner Fermin Aldeguer. Aldeguer, who is contracted by Ducati as a factory rider, will leave Gresini to move to the Tavullia team\u2019s garage.<\/p>\n<p>Motorsport.com understands that the options for that second position are Bulega and\u00a0<a href=\"https:\/\/www.motorsport.com\/driver\/luca-marini\/201096\/\" target=\"_blank\" rel=\"noopener\">Luca Marini<\/a>. The former, a Ducati factory rider in the World Superbike Championship, has a contract that also makes him a test rider in MotoGP, with \u201cthe promise\u201d of an eventual move to the premier class.<\/p>\n<p>\u201cIf Diggia does not continue with us, our main option to replace him is Nicolo,\u201d commented a source at Ducati, which would take care of the salaries of the two VR46 riders.<\/p>\n<p>However, there is one detail that could complicate Bulega\u2019s arrival in MotoGP, which is Marini\u2019s situation. If Rossi\u2019s half-brother does not manage to continue at Honda or does not find another destination on the premier class grid, the team could bring him back for next season. But that would mean having to take charge of the rider\u2019s salary and pay Ducati for the full bike.<\/p>\n<h2>Photos from French GP &#8211; Saturday<\/h2>\n<div class=\"article-fullwidth-gallery article-fullwidth-gallery-12765 article-fullwidth-gallery--slide\" data-gallery-type=\"regular\" data-id=\"12765\">\n<div class=\"article-fullwidth-gallery_items\">\n                                    <a href=\"http:\/\/www.motorsport.com\/motogp\/galleries\/french-gp-saturday-in-photos\/12765\/#72516391\" class=\"article-fullwidth-gallery_item current\" data-name=\"gal-12765-jorge-martin-aprilia-racing-team-72516391\">&#13;<\/p>\n<div class=\"article-fullwidth-gallery_img-wrapper\">\n<picture class=\"ms-item__picture\" data-photo-id=\"72516391\" data-detail-url=\"\/motogp\/photos\/jorge-martin-aprilia-racing-team-72516391\/72516391\/\"><source type=\"image\/webp\" srcset=\"https:\/\/cdn-9.motorsport.com\/images\/mgl\/6O79gOW6\/s200\/jorge-martin-aprilia-racing-te.webp 200w, https:\/\/cdn-9.motorsport.com\/images\/mgl\/6O79gOW6\/s300\/jorge-martin-aprilia-racing-te.webp 300w, https:\/\/cdn-9.motorsport.com\/images\/mgl\/6O79gOW6\/s400\/jorge-martin-aprilia-racing-te.webp 400w, https:\/\/cdn-9.motorsport.com\/images\/mgl\/6O79gOW6\/s500\/jorge-martin-aprilia-racing-te.webp 500w, https:\/\/cdn-9.motorsport.com\/images\/mgl\/6O79gOW6\/s600\/jorge-martin-aprilia-racing-te.webp 600w, https:\/\/cdn-9.motorsport.com\/images\/mgl\/6O79gOW6\/s700\/jorge-martin-aprilia-racing-te.webp 700w, https:\/\/cdn-9.motorsport.com\/images\/mgl\/6O79gOW6\/s800\/jorge-martin-aprilia-racing-te.webp 800w, https:\/\/cdn-9.motorsport.com\/images\/mgl\/6O79gOW6\/s900\/jorge-martin-aprilia-racing-te.webp 900w, https:\/\/cdn-9.motorsport.com\/images\/mgl\/6O79gOW6\/s1000\/jorge-martin-aprilia-racing-te.webp 1000w, https:\/\/cdn-9.motorsport.com\/images\/mgl\/6O79gOW6\/s1100\/jorge-martin-aprilia-racing-te.webp 1100w, https:\/\/cdn-9.motorsport.com\/images\/mgl\/6O79gOW6\/s1200\/jorge-martin-aprilia-racing-te.webp 1200w\" sizes=\"(min-width:650px) 700px\"\/><img decoding=\"async\" loading=\"lazy\" width=\"700\" height=\"466\" class=\"ms-item__img ms-item__img--3_2\" src=\"https:\/\/cdn-4.motorsport.com\/images\/mgl\/6O79gOW6\/s700\/jorge-martin-aprilia-racing-te.webp\" alt=\"Jorge Martin, Aprilia Racing Team\"\/>\n    <\/picture>\n<\/p><\/div>\n<p>&#13;<br \/>\n&#13;<\/p>\n<h2 class=\"article-fullwidth-gallery_title\">French GP &#8211; Saturday, in photos<\/h2>\n<p>&#13;<br \/>\n                &#13;<br \/>\n                                            <\/a><br \/>\n                                                <a href=\"http:\/\/www.motorsport.com\/motogp\/galleries\/french-gp-saturday-in-photos\/12765\/#72513858\" class=\"article-fullwidth-gallery_item\" data-name=\"gal-12765-marc-marquez-ducati-team-72513858\">&#13;<\/p>\n<div class=\"article-fullwidth-gallery_img-wrapper\">\n<picture class=\"ms-item__picture\" data-photo-id=\"72513858\" data-detail-url=\"\/motogp\/photos\/marc-marquez-ducati-team-72513858\/72513858\/\"><source type=\"image\/webp\" srcset=\"https:\/\/cdn-5.motorsport.com\/images\/mgl\/25d3XqM0\/s200\/marc-marquez-ducati-team.webp 200w, https:\/\/cdn-5.motorsport.com\/images\/mgl\/25d3XqM0\/s300\/marc-marquez-ducati-team.webp 300w, https:\/\/cdn-5.motorsport.com\/images\/mgl\/25d3XqM0\/s400\/marc-marquez-ducati-team.webp 400w, https:\/\/cdn-5.motorsport.com\/images\/mgl\/25d3XqM0\/s500\/marc-marquez-ducati-team.webp 500w, https:\/\/cdn-5.motorsport.com\/images\/mgl\/25d3XqM0\/s600\/marc-marquez-ducati-team.webp 600w, https:\/\/cdn-5.motorsport.com\/images\/mgl\/25d3XqM0\/s700\/marc-marquez-ducati-team.webp 700w, https:\/\/cdn-5.motorsport.com\/images\/mgl\/25d3XqM0\/s800\/marc-marquez-ducati-team.webp 800w, https:\/\/cdn-5.motorsport.com\/images\/mgl\/25d3XqM0\/s900\/marc-marquez-ducati-team.webp 900w, https:\/\/cdn-5.motorsport.com\/images\/mgl\/25d3XqM0\/s1000\/marc-marquez-ducati-team.webp 1000w, https:\/\/cdn-5.motorsport.com\/images\/mgl\/25d3XqM0\/s1100\/marc-marquez-ducati-team.webp 1100w, https:\/\/cdn-5.motorsport.com\/images\/mgl\/25d3XqM0\/s1200\/marc-marquez-ducati-team.webp 1200w\" sizes=\"(min-width:650px) 700px\"\/><img decoding=\"async\" loading=\"lazy\" width=\"700\" height=\"466\" class=\"ms-item__img ms-item__img--3_2\" src=\"https:\/\/cdn-5.motorsport.com\/images\/mgl\/25d3XqM0\/s700\/marc-marquez-ducati-team.webp\" alt=\"Marc Marquez, Ducati Team\"\/>\n    <\/picture>\n<\/p><\/div>\n<p>&#13;<br \/>\n&#13;<\/p>\n<h2 class=\"article-fullwidth-gallery_title\">French GP &#8211; Saturday, in photos<\/h2>\n<p>&#13;<br \/>\n                &#13;<br \/>\n                                            <\/a><br \/>\n                                                <a href=\"http:\/\/www.motorsport.com\/motogp\/galleries\/french-gp-saturday-in-photos\/12765\/#72513871\" class=\"article-fullwidth-gallery_item\" data-name=\"gal-12765-enea-bastianini-red-bull-ktm-tech-3-72513871\">&#13;<\/p>\n<div class=\"article-fullwidth-gallery_img-wrapper\">\n<picture class=\"ms-item__picture\" data-photo-id=\"72513871\" data-detail-url=\"\/motogp\/photos\/enea-bastianini-red-bull-ktm-tech-3-72513871\/72513871\/\"><source type=\"image\/webp\" srcset=\"https:\/\/cdn-8.motorsport.com\/images\/mgl\/2dE7WkDY\/s200\/enea-bastianini-red-bull-ktm-t.webp 200w, https:\/\/cdn-8.motorsport.com\/images\/mgl\/2dE7WkDY\/s300\/enea-bastianini-red-bull-ktm-t.webp 300w, https:\/\/cdn-8.motorsport.com\/images\/mgl\/2dE7WkDY\/s400\/enea-bastianini-red-bull-ktm-t.webp 400w, https:\/\/cdn-8.motorsport.com\/images\/mgl\/2dE7WkDY\/s500\/enea-bastianini-red-bull-ktm-t.webp 500w, https:\/\/cdn-8.motorsport.com\/images\/mgl\/2dE7WkDY\/s600\/enea-bastianini-red-bull-ktm-t.webp 600w, https:\/\/cdn-8.motorsport.com\/images\/mgl\/2dE7WkDY\/s700\/enea-bastianini-red-bull-ktm-t.webp 700w, https:\/\/cdn-8.motorsport.com\/images\/mgl\/2dE7WkDY\/s800\/enea-bastianini-red-bull-ktm-t.webp 800w, https:\/\/cdn-8.motorsport.com\/images\/mgl\/2dE7WkDY\/s900\/enea-bastianini-red-bull-ktm-t.webp 900w, https:\/\/cdn-8.motorsport.com\/images\/mgl\/2dE7WkDY\/s1000\/enea-bastianini-red-bull-ktm-t.webp 1000w, https:\/\/cdn-8.motorsport.com\/images\/mgl\/2dE7WkDY\/s1100\/enea-bastianini-red-bull-ktm-t.webp 1100w, https:\/\/cdn-8.motorsport.com\/images\/mgl\/2dE7WkDY\/s1200\/enea-bastianini-red-bull-ktm-t.webp 1200w\" sizes=\"(min-width:650px) 700px\"\/><img decoding=\"async\" loading=\"lazy\" width=\"700\" height=\"466\" class=\"ms-item__img ms-item__img--3_2\" src=\"https:\/\/cdn-8.motorsport.com\/images\/mgl\/2dE7WkDY\/s700\/enea-bastianini-red-bull-ktm-t.webp\" alt=\"Enea Bastianini, Red Bull KTM Tech 3\"\/>\n    <\/picture>\n<\/p><\/div>\n<p>&#13;<br \/>\n&#13;<\/p>\n<h2 class=\"article-fullwidth-gallery_title\">French GP &#8211; Saturday, in photos<\/h2>\n<p>&#13;<br \/>\n                &#13;<br \/>\n                                            <\/a><br \/>\n                                                <a href=\"http:\/\/www.motorsport.com\/motogp\/galleries\/french-gp-saturday-in-photos\/12765\/#72521334\" class=\"article-fullwidth-gallery_item\" data-name=\"gal-12765-fabio-di-giannantonio-vr46-racing-team-72521334\">&#13;<\/p>\n<div class=\"article-fullwidth-gallery_img-wrapper\">\n<picture class=\"ms-item__picture\" data-photo-id=\"72521334\" data-detail-url=\"\/motogp\/photos\/fabio-di-giannantonio-vr46-racing-team-72521334\/72521334\/\"><source type=\"image\/webp\" srcset=\"https:\/\/cdn-2.motorsport.com\/images\/mgl\/6b8jxOn2\/s200\/fabio-di-giannantonio-vr46-rac.webp 200w, https:\/\/cdn-2.motorsport.com\/images\/mgl\/6b8jxOn2\/s300\/fabio-di-giannantonio-vr46-rac.webp 300w, https:\/\/cdn-2.motorsport.com\/images\/mgl\/6b8jxOn2\/s400\/fabio-di-giannantonio-vr46-rac.webp 400w, https:\/\/cdn-2.motorsport.com\/images\/mgl\/6b8jxOn2\/s500\/fabio-di-giannantonio-vr46-rac.webp 500w, https:\/\/cdn-2.motorsport.com\/images\/mgl\/6b8jxOn2\/s600\/fabio-di-giannantonio-vr46-rac.webp 600w, https:\/\/cdn-2.motorsport.com\/images\/mgl\/6b8jxOn2\/s700\/fabio-di-giannantonio-vr46-rac.webp 700w, https:\/\/cdn-2.motorsport.com\/images\/mgl\/6b8jxOn2\/s800\/fabio-di-giannantonio-vr46-rac.webp 800w, https:\/\/cdn-2.motorsport.com\/images\/mgl\/6b8jxOn2\/s900\/fabio-di-giannantonio-vr46-rac.webp 900w, https:\/\/cdn-2.motorsport.com\/images\/mgl\/6b8jxOn2\/s1000\/fabio-di-giannantonio-vr46-rac.webp 1000w, https:\/\/cdn-2.motorsport.com\/images\/mgl\/6b8jxOn2\/s1100\/fabio-di-giannantonio-vr46-rac.webp 1100w, https:\/\/cdn-2.motorsport.com\/images\/mgl\/6b8jxOn2\/s1200\/fabio-di-giannantonio-vr46-rac.webp 1200w\" sizes=\"(min-width:650px) 700px\"\/><img decoding=\"async\" loading=\"lazy\" width=\"700\" height=\"466\" class=\"ms-item__img ms-item__img--3_2\" src=\"https:\/\/cdn-8.motorsport.com\/images\/mgl\/6b8jxOn2\/s700\/fabio-di-giannantonio-vr46-rac.webp\" alt=\"Fabio Di Giannantonio, VR46 Racing Team\"\/>\n    <\/picture>\n<\/p><\/div>\n<p>&#13;<br \/>\n&#13;<\/p>\n<h2 class=\"article-fullwidth-gallery_title\">French GP &#8211; Saturday, in photos<\/h2>\n<p>&#13;<br \/>\n                &#13;<br \/>\n                                            <\/a><br \/>\n                                                <a href=\"http:\/\/www.motorsport.com\/motogp\/galleries\/french-gp-saturday-in-photos\/12765\/#72513876\" class=\"article-fullwidth-gallery_item\" data-name=\"gal-12765-marco-bezzecchi-aprilia-racing-72513876\">&#13;<\/p>\n<div class=\"article-fullwidth-gallery_img-wrapper\">\n<picture class=\"ms-item__picture\" data-photo-id=\"72513876\" data-detail-url=\"\/motogp\/photos\/marco-bezzecchi-aprilia-racing-72513876\/72513876\/\"><source type=\"image\/webp\" srcset=\"https:\/\/cdn-1.motorsport.com\/images\/mgl\/2eZgWKlY\/s200\/marco-bezzecchi-aprilia-racing.webp 200w, https:\/\/cdn-1.motorsport.com\/images\/mgl\/2eZgWKlY\/s300\/marco-bezzecchi-aprilia-racing.webp 300w, https:\/\/cdn-1.motorsport.com\/images\/mgl\/2eZgWKlY\/s400\/marco-bezzecchi-aprilia-racing.webp 400w, https:\/\/cdn-1.motorsport.com\/images\/mgl\/2eZgWKlY\/s500\/marco-bezzecchi-aprilia-racing.webp 500w, https:\/\/cdn-1.motorsport.com\/images\/mgl\/2eZgWKlY\/s600\/marco-bezzecchi-aprilia-racing.webp 600w, https:\/\/cdn-1.motorsport.com\/images\/mgl\/2eZgWKlY\/s700\/marco-bezzecchi-aprilia-racing.webp 700w, https:\/\/cdn-1.motorsport.com\/images\/mgl\/2eZgWKlY\/s800\/marco-bezzecchi-aprilia-racing.webp 800w, https:\/\/cdn-1.motorsport.com\/images\/mgl\/2eZgWKlY\/s900\/marco-bezzecchi-aprilia-racing.webp 900w, https:\/\/cdn-1.motorsport.com\/images\/mgl\/2eZgWKlY\/s1000\/marco-bezzecchi-aprilia-racing.webp 1000w, https:\/\/cdn-1.motorsport.com\/images\/mgl\/2eZgWKlY\/s1100\/marco-bezzecchi-aprilia-racing.webp 1100w, https:\/\/cdn-1.motorsport.com\/images\/mgl\/2eZgWKlY\/s1200\/marco-bezzecchi-aprilia-racing.webp 1200w\" sizes=\"(min-width:650px) 700px\"\/><img decoding=\"async\" loading=\"lazy\" width=\"700\" height=\"466\" class=\"ms-item__img ms-item__img--3_2\" src=\"https:\/\/cdn-9.motorsport.com\/images\/mgl\/2eZgWKlY\/s700\/marco-bezzecchi-aprilia-racing.webp\" alt=\"Marco Bezzecchi, Aprilia Racing\"\/>\n    <\/picture>\n<\/p><\/div>\n<p>&#13;<br \/>\n&#13;<\/p>\n<h2 class=\"article-fullwidth-gallery_title\">French GP &#8211; Saturday, in photos<\/h2>\n<p>&#13;<br \/>\n                &#13;<br \/>\n                                            <\/a><br \/>\n                                                <a href=\"http:\/\/www.motorsport.com\/motogp\/galleries\/french-gp-saturday-in-photos\/12765\/#72521314\" class=\"article-fullwidth-gallery_item\" data-name=\"gal-12765-pedro-acosta-red-bull-ktm-factory-racing-72521314\">&#13;<\/p>\n<div class=\"article-fullwidth-gallery_img-wrapper\">\n<picture class=\"ms-item__picture\" data-photo-id=\"72521314\" data-detail-url=\"\/motogp\/photos\/pedro-acosta-red-bull-ktm-factory-racing-72521314\/72521314\/\"><source type=\"image\/webp\" srcset=\"https:\/\/cdn-1.motorsport.com\/images\/mgl\/0Ld5qMm0\/s200\/pedro-acosta-red-bull-ktm-fact.webp 200w, https:\/\/cdn-1.motorsport.com\/images\/mgl\/0Ld5qMm0\/s300\/pedro-acosta-red-bull-ktm-fact.webp 300w, https:\/\/cdn-1.motorsport.com\/images\/mgl\/0Ld5qMm0\/s400\/pedro-acosta-red-bull-ktm-fact.webp 400w, https:\/\/cdn-1.motorsport.com\/images\/mgl\/0Ld5qMm0\/s500\/pedro-acosta-red-bull-ktm-fact.webp 500w, https:\/\/cdn-1.motorsport.com\/images\/mgl\/0Ld5qMm0\/s600\/pedro-acosta-red-bull-ktm-fact.webp 600w, https:\/\/cdn-1.motorsport.com\/images\/mgl\/0Ld5qMm0\/s700\/pedro-acosta-red-bull-ktm-fact.webp 700w, https:\/\/cdn-1.motorsport.com\/images\/mgl\/0Ld5qMm0\/s800\/pedro-acosta-red-bull-ktm-fact.webp 800w, https:\/\/cdn-1.motorsport.com\/images\/mgl\/0Ld5qMm0\/s900\/pedro-acosta-red-bull-ktm-fact.webp 900w, https:\/\/cdn-1.motorsport.com\/images\/mgl\/0Ld5qMm0\/s1000\/pedro-acosta-red-bull-ktm-fact.webp 1000w, https:\/\/cdn-1.motorsport.com\/images\/mgl\/0Ld5qMm0\/s1100\/pedro-acosta-red-bull-ktm-fact.webp 1100w, https:\/\/cdn-1.motorsport.com\/images\/mgl\/0Ld5qMm0\/s1200\/pedro-acosta-red-bull-ktm-fact.webp 1200w\" sizes=\"(min-width:650px) 700px\"\/><img decoding=\"async\" loading=\"lazy\" width=\"700\" height=\"466\" class=\"ms-item__img ms-item__img--3_2\" src=\"https:\/\/cdn-7.motorsport.com\/images\/mgl\/0Ld5qMm0\/s700\/pedro-acosta-red-bull-ktm-fact.webp\" alt=\"Pedro Acosta, Red Bull KTM Factory Racing\"\/>\n    <\/picture>\n<\/p><\/div>\n<p>&#13;<br \/>\n&#13;<\/p>\n<h2 class=\"article-fullwidth-gallery_title\">French GP &#8211; Saturday, in photos<\/h2>\n<p>&#13;<br \/>\n                &#13;<br \/>\n                                            <\/a><br \/>\n                                                <a href=\"http:\/\/www.motorsport.com\/motogp\/galleries\/french-gp-saturday-in-photos\/12765\/#72521325\" class=\"article-fullwidth-gallery_item\" data-name=\"gal-12765-toprak-razgatlioglu-pramac-racing-72521325\">&#13;<\/p>\n<div class=\"article-fullwidth-gallery_img-wrapper\">\n<picture class=\"ms-item__picture\" data-photo-id=\"72521325\" data-detail-url=\"\/motogp\/photos\/toprak-razgatlioglu-pramac-racing-72521325\/72521325\/\"><source type=\"image\/webp\" srcset=\"https:\/\/cdn-5.motorsport.com\/images\/mgl\/2y7A5kg6\/s200\/toprak-razgatlioglu-pramac-rac.webp 200w, https:\/\/cdn-5.motorsport.com\/images\/mgl\/2y7A5kg6\/s300\/toprak-razgatlioglu-pramac-rac.webp 300w, https:\/\/cdn-5.motorsport.com\/images\/mgl\/2y7A5kg6\/s400\/toprak-razgatlioglu-pramac-rac.webp 400w, https:\/\/cdn-5.motorsport.com\/images\/mgl\/2y7A5kg6\/s500\/toprak-razgatlioglu-pramac-rac.webp 500w, https:\/\/cdn-5.motorsport.com\/images\/mgl\/2y7A5kg6\/s600\/toprak-razgatlioglu-pramac-rac.webp 600w, https:\/\/cdn-5.motorsport.com\/images\/mgl\/2y7A5kg6\/s700\/toprak-razgatlioglu-pramac-rac.webp 700w, https:\/\/cdn-5.motorsport.com\/images\/mgl\/2y7A5kg6\/s800\/toprak-razgatlioglu-pramac-rac.webp 800w, https:\/\/cdn-5.motorsport.com\/images\/mgl\/2y7A5kg6\/s900\/toprak-razgatlioglu-pramac-rac.webp 900w, https:\/\/cdn-5.motorsport.com\/images\/mgl\/2y7A5kg6\/s1000\/toprak-razgatlioglu-pramac-rac.webp 1000w, https:\/\/cdn-5.motorsport.com\/images\/mgl\/2y7A5kg6\/s1100\/toprak-razgatlioglu-pramac-rac.webp 1100w, https:\/\/cdn-5.motorsport.com\/images\/mgl\/2y7A5kg6\/s1200\/toprak-razgatlioglu-pramac-rac.webp 1200w\" sizes=\"(min-width:650px) 700px\"\/><img decoding=\"async\" loading=\"lazy\" width=\"700\" height=\"466\" class=\"ms-item__img ms-item__img--3_2\" src=\"https:\/\/cdn-7.motorsport.com\/images\/mgl\/2y7A5kg6\/s700\/toprak-razgatlioglu-pramac-rac.webp\" alt=\"Toprak Razgatlioglu, Pramac Racing\"\/>\n    <\/picture>\n<\/p><\/div>\n<p>&#13;<br \/>\n&#13;<\/p>\n<h2 class=\"article-fullwidth-gallery_title\">French GP &#8211; Saturday, in photos<\/h2>\n<p>&#13;<br \/>\n                &#13;<br \/>\n                                            <\/a><br \/>\n                                                <a href=\"http:\/\/www.motorsport.com\/motogp\/galleries\/french-gp-saturday-in-photos\/12765\/#72514462\" class=\"article-fullwidth-gallery_item\" data-name=\"gal-12765-fabio-quartararo-yamaha-factory-racing-72514462\">&#13;<\/p>\n<div class=\"article-fullwidth-gallery_img-wrapper\">\n<picture class=\"ms-item__picture\" data-photo-id=\"72514462\" data-detail-url=\"\/motogp\/photos\/fabio-quartararo-yamaha-factory-racing-72514462\/72514462\/\"><source type=\"image\/webp\" srcset=\"https:\/\/cdn-9.motorsport.com\/images\/mgl\/YN7wkvj6\/s200\/fabio-quartararo-yamaha-factor.webp 200w, https:\/\/cdn-9.motorsport.com\/images\/mgl\/YN7wkvj6\/s300\/fabio-quartararo-yamaha-factor.webp 300w, https:\/\/cdn-9.motorsport.com\/images\/mgl\/YN7wkvj6\/s400\/fabio-quartararo-yamaha-factor.webp 400w, https:\/\/cdn-9.motorsport.com\/images\/mgl\/YN7wkvj6\/s500\/fabio-quartararo-yamaha-factor.webp 500w, https:\/\/cdn-9.motorsport.com\/images\/mgl\/YN7wkvj6\/s600\/fabio-quartararo-yamaha-factor.webp 600w, https:\/\/cdn-9.motorsport.com\/images\/mgl\/YN7wkvj6\/s700\/fabio-quartararo-yamaha-factor.webp 700w, https:\/\/cdn-9.motorsport.com\/images\/mgl\/YN7wkvj6\/s800\/fabio-quartararo-yamaha-factor.webp 800w, https:\/\/cdn-9.motorsport.com\/images\/mgl\/YN7wkvj6\/s900\/fabio-quartararo-yamaha-factor.webp 900w, https:\/\/cdn-9.motorsport.com\/images\/mgl\/YN7wkvj6\/s1000\/fabio-quartararo-yamaha-factor.webp 1000w, https:\/\/cdn-9.motorsport.com\/images\/mgl\/YN7wkvj6\/s1100\/fabio-quartararo-yamaha-factor.webp 1100w, https:\/\/cdn-9.motorsport.com\/images\/mgl\/YN7wkvj6\/s1200\/fabio-quartararo-yamaha-factor.webp 1200w\" sizes=\"(min-width:650px) 700px\"\/><img decoding=\"async\" loading=\"lazy\" width=\"700\" height=\"466\" class=\"ms-item__img ms-item__img--3_2\" src=\"https:\/\/cdn-1.motorsport.com\/images\/mgl\/YN7wkvj6\/s700\/fabio-quartararo-yamaha-factor.webp\" alt=\"Fabio Quartararo, Yamaha Factory Racing\"\/>\n    <\/picture>\n<\/p><\/div>\n<p>&#13;<br \/>\n&#13;<\/p>\n<h2 class=\"article-fullwidth-gallery_title\">French GP &#8211; Saturday, in photos<\/h2>\n<p>&#13;<br \/>\n                &#13;<br \/>\n                                            <\/a><br \/>\n                                                <a href=\"http:\/\/www.motorsport.com\/motogp\/galleries\/french-gp-saturday-in-photos\/12765\/#72514924\" class=\"article-fullwidth-gallery_item\" data-name=\"gal-12765-francesco-bagnaia-ducati-team--72514924\">&#13;<\/p>\n<div class=\"article-fullwidth-gallery_img-wrapper\">\n<picture class=\"ms-item__picture\" data-photo-id=\"72514924\" data-detail-url=\"\/motogp\/photos\/francesco-bagnaia-ducati-team--72514924\/72514924\/\"><source type=\"image\/webp\" srcset=\"https:\/\/cdn-7.motorsport.com\/images\/mgl\/YvKQ9BZ6\/s200\/francesco-bagnaia-ducati-team.webp 200w, https:\/\/cdn-7.motorsport.com\/images\/mgl\/YvKQ9BZ6\/s300\/francesco-bagnaia-ducati-team.webp 300w, https:\/\/cdn-7.motorsport.com\/images\/mgl\/YvKQ9BZ6\/s400\/francesco-bagnaia-ducati-team.webp 400w, https:\/\/cdn-7.motorsport.com\/images\/mgl\/YvKQ9BZ6\/s500\/francesco-bagnaia-ducati-team.webp 500w, https:\/\/cdn-7.motorsport.com\/images\/mgl\/YvKQ9BZ6\/s600\/francesco-bagnaia-ducati-team.webp 600w, https:\/\/cdn-7.motorsport.com\/images\/mgl\/YvKQ9BZ6\/s700\/francesco-bagnaia-ducati-team.webp 700w, https:\/\/cdn-7.motorsport.com\/images\/mgl\/YvKQ9BZ6\/s800\/francesco-bagnaia-ducati-team.webp 800w, https:\/\/cdn-7.motorsport.com\/images\/mgl\/YvKQ9BZ6\/s900\/francesco-bagnaia-ducati-team.webp 900w, https:\/\/cdn-7.motorsport.com\/images\/mgl\/YvKQ9BZ6\/s1000\/francesco-bagnaia-ducati-team.webp 1000w, https:\/\/cdn-7.motorsport.com\/images\/mgl\/YvKQ9BZ6\/s1100\/francesco-bagnaia-ducati-team.webp 1100w, https:\/\/cdn-7.motorsport.com\/images\/mgl\/YvKQ9BZ6\/s1200\/francesco-bagnaia-ducati-team.webp 1200w\" sizes=\"(min-width:650px) 700px\"\/><img decoding=\"async\" loading=\"lazy\" width=\"700\" height=\"466\" class=\"ms-item__img ms-item__img--3_2\" src=\"https:\/\/cdn-1.motorsport.com\/images\/mgl\/YvKQ9BZ6\/s700\/francesco-bagnaia-ducati-team.webp\" alt=\"Francesco Bagnaia, Ducati Team \"\/>\n    <\/picture>\n<\/p><\/div>\n<p>&#13;<br \/>\n&#13;<\/p>\n<h2 class=\"article-fullwidth-gallery_title\">French GP &#8211; Saturday, in photos<\/h2>\n<p>&#13;<br \/>\n                &#13;<br \/>\n                                            <\/a><br \/>\n                                                <a href=\"http:\/\/www.motorsport.com\/motogp\/galleries\/french-gp-saturday-in-photos\/12765\/#72521322\" class=\"article-fullwidth-gallery_item\" data-name=\"gal-12765-pedro-acosta-red-bull-ktm-factory-racing-72521322\">&#13;<\/p>\n<div class=\"article-fullwidth-gallery_img-wrapper\">\n<picture class=\"ms-item__picture\" data-photo-id=\"72521322\" data-detail-url=\"\/motogp\/photos\/pedro-acosta-red-bull-ktm-factory-racing-72521322\/72521322\/\"><source type=\"image\/webp\" srcset=\"https:\/\/cdn-7.motorsport.com\/images\/mgl\/YE9w3jpY\/s200\/pedro-acosta-red-bull-ktm-fact.webp 200w, https:\/\/cdn-7.motorsport.com\/images\/mgl\/YE9w3jpY\/s300\/pedro-acosta-red-bull-ktm-fact.webp 300w, https:\/\/cdn-7.motorsport.com\/images\/mgl\/YE9w3jpY\/s400\/pedro-acosta-red-bull-ktm-fact.webp 400w, https:\/\/cdn-7.motorsport.com\/images\/mgl\/YE9w3jpY\/s500\/pedro-acosta-red-bull-ktm-fact.webp 500w, https:\/\/cdn-7.motorsport.com\/images\/mgl\/YE9w3jpY\/s600\/pedro-acosta-red-bull-ktm-fact.webp 600w, https:\/\/cdn-7.motorsport.com\/images\/mgl\/YE9w3jpY\/s700\/pedro-acosta-red-bull-ktm-fact.webp 700w, https:\/\/cdn-7.motorsport.com\/images\/mgl\/YE9w3jpY\/s800\/pedro-acosta-red-bull-ktm-fact.webp 800w, https:\/\/cdn-7.motorsport.com\/images\/mgl\/YE9w3jpY\/s900\/pedro-acosta-red-bull-ktm-fact.webp 900w, https:\/\/cdn-7.motorsport.com\/images\/mgl\/YE9w3jpY\/s1000\/pedro-acosta-red-bull-ktm-fact.webp 1000w, https:\/\/cdn-7.motorsport.com\/images\/mgl\/YE9w3jpY\/s1100\/pedro-acosta-red-bull-ktm-fact.webp 1100w, https:\/\/cdn-7.motorsport.com\/images\/mgl\/YE9w3jpY\/s1200\/pedro-acosta-red-bull-ktm-fact.webp 1200w\" sizes=\"(min-width:650px) 700px\"\/><img decoding=\"async\" loading=\"lazy\" width=\"700\" height=\"466\" class=\"ms-item__img ms-item__img--3_2\" src=\"https:\/\/cdn-3.motorsport.com\/images\/mgl\/YE9w3jpY\/s700\/pedro-acosta-red-bull-ktm-fact.webp\" alt=\"Pedro Acosta, Red Bull KTM Factory Racing\"\/>\n    <\/picture>\n<\/p><\/div>\n<p>&#13;<br \/>\n&#13;<\/p>\n<h2 class=\"article-fullwidth-gallery_title\">French GP &#8211; Saturday, in photos<\/h2>\n<p>&#13;<br \/>\n                &#13;<br \/>\n                                            <\/a><br \/>\n                                                <a href=\"http:\/\/www.motorsport.com\/motogp\/galleries\/french-gp-saturday-in-photos\/12765\/#72513873\" class=\"article-fullwidth-gallery_item\" data-name=\"gal-12765-ai-ogura-trackhouse-racing-72513873\">&#13;<\/p>\n<div class=\"article-fullwidth-gallery_img-wrapper\">\n<picture class=\"ms-item__picture\" data-photo-id=\"72513873\" data-detail-url=\"\/motogp\/photos\/ai-ogura-trackhouse-racing-72513873\/72513873\/\"><source type=\"image\/webp\" srcset=\"https:\/\/cdn-8.motorsport.com\/images\/mgl\/0qgPW5pY\/s200\/ai-ogura-trackhouse-racing.webp 200w, https:\/\/cdn-8.motorsport.com\/images\/mgl\/0qgPW5pY\/s300\/ai-ogura-trackhouse-racing.webp 300w, https:\/\/cdn-8.motorsport.com\/images\/mgl\/0qgPW5pY\/s400\/ai-ogura-trackhouse-racing.webp 400w, https:\/\/cdn-8.motorsport.com\/images\/mgl\/0qgPW5pY\/s500\/ai-ogura-trackhouse-racing.webp 500w, https:\/\/cdn-8.motorsport.com\/images\/mgl\/0qgPW5pY\/s600\/ai-ogura-trackhouse-racing.webp 600w, https:\/\/cdn-8.motorsport.com\/images\/mgl\/0qgPW5pY\/s700\/ai-ogura-trackhouse-racing.webp 700w, https:\/\/cdn-8.motorsport.com\/images\/mgl\/0qgPW5pY\/s800\/ai-ogura-trackhouse-racing.webp 800w, https:\/\/cdn-8.motorsport.com\/images\/mgl\/0qgPW5pY\/s900\/ai-ogura-trackhouse-racing.webp 900w, https:\/\/cdn-8.motorsport.com\/images\/mgl\/0qgPW5pY\/s1000\/ai-ogura-trackhouse-racing.webp 1000w, https:\/\/cdn-8.motorsport.com\/images\/mgl\/0qgPW5pY\/s1100\/ai-ogura-trackhouse-racing.webp 1100w, https:\/\/cdn-8.motorsport.com\/images\/mgl\/0qgPW5pY\/s1200\/ai-ogura-trackhouse-racing.webp 1200w\" sizes=\"(min-width:650px) 700px\"\/><img decoding=\"async\" loading=\"lazy\" width=\"700\" height=\"466\" class=\"ms-item__img ms-item__img--3_2\" src=\"https:\/\/cdn-4.motorsport.com\/images\/mgl\/0qgPW5pY\/s700\/ai-ogura-trackhouse-racing.webp\" alt=\"Ai Ogura, Trackhouse Racing\"\/>\n    <\/picture>\n<\/p><\/div>\n<p>&#13;<br \/>\n&#13;<\/p>\n<h2 class=\"article-fullwidth-gallery_title\">French GP &#8211; Saturday, in photos<\/h2>\n<p>&#13;<br \/>\n                &#13;<br \/>\n                                            <\/a><br \/>\n                                                <a href=\"http:\/\/www.motorsport.com\/motogp\/galleries\/french-gp-saturday-in-photos\/12765\/#72513886\" class=\"article-fullwidth-gallery_item\" data-name=\"gal-12765-francesco-bagnaia-ducati-team-72513886\">&#13;<\/p>\n<div class=\"article-fullwidth-gallery_img-wrapper\">\n<picture class=\"ms-item__picture\" data-photo-id=\"72513886\" data-detail-url=\"\/motogp\/photos\/francesco-bagnaia-ducati-team-72513886\/72513886\/\"><source type=\"image\/webp\" srcset=\"https:\/\/cdn-2.motorsport.com\/images\/mgl\/24QeVx5Y\/s200\/francesco-bagnaia-ducati-team.webp 200w, https:\/\/cdn-2.motorsport.com\/images\/mgl\/24QeVx5Y\/s300\/francesco-bagnaia-ducati-team.webp 300w, https:\/\/cdn-2.motorsport.com\/images\/mgl\/24QeVx5Y\/s400\/francesco-bagnaia-ducati-team.webp 400w, https:\/\/cdn-2.motorsport.com\/images\/mgl\/24QeVx5Y\/s500\/francesco-bagnaia-ducati-team.webp 500w, https:\/\/cdn-2.motorsport.com\/images\/mgl\/24QeVx5Y\/s600\/francesco-bagnaia-ducati-team.webp 600w, https:\/\/cdn-2.motorsport.com\/images\/mgl\/24QeVx5Y\/s700\/francesco-bagnaia-ducati-team.webp 700w, https:\/\/cdn-2.motorsport.com\/images\/mgl\/24QeVx5Y\/s800\/francesco-bagnaia-ducati-team.webp 800w, https:\/\/cdn-2.motorsport.com\/images\/mgl\/24QeVx5Y\/s900\/francesco-bagnaia-ducati-team.webp 900w, https:\/\/cdn-2.motorsport.com\/images\/mgl\/24QeVx5Y\/s1000\/francesco-bagnaia-ducati-team.webp 1000w, https:\/\/cdn-2.motorsport.com\/images\/mgl\/24QeVx5Y\/s1100\/francesco-bagnaia-ducati-team.webp 1100w, https:\/\/cdn-2.motorsport.com\/images\/mgl\/24QeVx5Y\/s1200\/francesco-bagnaia-ducati-team.webp 1200w\" sizes=\"(min-width:650px) 700px\"\/><img decoding=\"async\" loading=\"lazy\" width=\"700\" height=\"466\" class=\"ms-item__img ms-item__img--3_2\" src=\"https:\/\/cdn-1.motorsport.com\/images\/mgl\/24QeVx5Y\/s700\/francesco-bagnaia-ducati-team.webp\" alt=\"Francesco Bagnaia, Ducati Team\"\/>\n    <\/picture>\n<\/p><\/div>\n<p>&#13;<br \/>\n&#13;<\/p>\n<h2 class=\"article-fullwidth-gallery_title\">French GP &#8211; Saturday, in photos<\/h2>\n<p>&#13;<br \/>\n                &#13;<br \/>\n                                            <\/a><br \/>\n                                                <a href=\"http:\/\/www.motorsport.com\/motogp\/galleries\/french-gp-saturday-in-photos\/12765\/#72513855\" class=\"article-fullwidth-gallery_item\" data-name=\"gal-12765-johann-zarco-team-lcr-honda-72513855\">&#13;<\/p>\n<div class=\"article-fullwidth-gallery_img-wrapper\">\n<picture class=\"ms-item__picture\" data-photo-id=\"72513855\" data-detail-url=\"\/motogp\/photos\/johann-zarco-team-lcr-honda-72513855\/72513855\/\"><source type=\"image\/webp\" srcset=\"https:\/\/cdn-1.motorsport.com\/images\/mgl\/0ZqAo7M6\/s200\/johann-zarco-team-lcr-honda.webp 200w, https:\/\/cdn-1.motorsport.com\/images\/mgl\/0ZqAo7M6\/s300\/johann-zarco-team-lcr-honda.webp 300w, https:\/\/cdn-1.motorsport.com\/images\/mgl\/0ZqAo7M6\/s400\/johann-zarco-team-lcr-honda.webp 400w, https:\/\/cdn-1.motorsport.com\/images\/mgl\/0ZqAo7M6\/s500\/johann-zarco-team-lcr-honda.webp 500w, https:\/\/cdn-1.motorsport.com\/images\/mgl\/0ZqAo7M6\/s600\/johann-zarco-team-lcr-honda.webp 600w, https:\/\/cdn-1.motorsport.com\/images\/mgl\/0ZqAo7M6\/s700\/johann-zarco-team-lcr-honda.webp 700w, https:\/\/cdn-1.motorsport.com\/images\/mgl\/0ZqAo7M6\/s800\/johann-zarco-team-lcr-honda.webp 800w, https:\/\/cdn-1.motorsport.com\/images\/mgl\/0ZqAo7M6\/s900\/johann-zarco-team-lcr-honda.webp 900w, https:\/\/cdn-1.motorsport.com\/images\/mgl\/0ZqAo7M6\/s1000\/johann-zarco-team-lcr-honda.webp 1000w, https:\/\/cdn-1.motorsport.com\/images\/mgl\/0ZqAo7M6\/s1100\/johann-zarco-team-lcr-honda.webp 1100w, https:\/\/cdn-1.motorsport.com\/images\/mgl\/0ZqAo7M6\/s1200\/johann-zarco-team-lcr-honda.webp 1200w\" sizes=\"(min-width:650px) 700px\"\/><img decoding=\"async\" loading=\"lazy\" width=\"700\" height=\"466\" class=\"ms-item__img ms-item__img--3_2\" src=\"https:\/\/cdn-5.motorsport.com\/images\/mgl\/0ZqAo7M6\/s700\/johann-zarco-team-lcr-honda.webp\" alt=\"Johann Zarco, LCR Honda Team\"\/>\n    <\/picture>\n<\/p><\/div>\n<p>&#13;<br \/>\n&#13;<\/p>\n<h2 class=\"article-fullwidth-gallery_title\">French GP &#8211; Saturday, in photos<\/h2>\n<p>&#13;<br \/>\n                &#13;<br \/>\n                                            <\/a><br \/>\n                                                <a href=\"http:\/\/www.motorsport.com\/motogp\/galleries\/french-gp-saturday-in-photos\/12765\/#72514443\" class=\"article-fullwidth-gallery_item\" data-name=\"gal-12765-marc-marquez-ducati-team-72514443\">&#13;<\/p>\n<div class=\"article-fullwidth-gallery_img-wrapper\">\n<picture class=\"ms-item__picture\" data-photo-id=\"72514443\" data-detail-url=\"\/motogp\/photos\/marc-marquez-ducati-team-72514443\/72514443\/\"><source type=\"image\/webp\" srcset=\"https:\/\/cdn-4.motorsport.com\/images\/mgl\/6x7ZjL5Y\/s200\/marc-marquez-ducati-team.webp 200w, https:\/\/cdn-4.motorsport.com\/images\/mgl\/6x7ZjL5Y\/s300\/marc-marquez-ducati-team.webp 300w, https:\/\/cdn-4.motorsport.com\/images\/mgl\/6x7ZjL5Y\/s400\/marc-marquez-ducati-team.webp 400w, https:\/\/cdn-4.motorsport.com\/images\/mgl\/6x7ZjL5Y\/s500\/marc-marquez-ducati-team.webp 500w, https:\/\/cdn-4.motorsport.com\/images\/mgl\/6x7ZjL5Y\/s600\/marc-marquez-ducati-team.webp 600w, https:\/\/cdn-4.motorsport.com\/images\/mgl\/6x7ZjL5Y\/s700\/marc-marquez-ducati-team.webp 700w, https:\/\/cdn-4.motorsport.com\/images\/mgl\/6x7ZjL5Y\/s800\/marc-marquez-ducati-team.webp 800w, https:\/\/cdn-4.motorsport.com\/images\/mgl\/6x7ZjL5Y\/s900\/marc-marquez-ducati-team.webp 900w, https:\/\/cdn-4.motorsport.com\/images\/mgl\/6x7ZjL5Y\/s1000\/marc-marquez-ducati-team.webp 1000w, https:\/\/cdn-4.motorsport.com\/images\/mgl\/6x7ZjL5Y\/s1100\/marc-marquez-ducati-team.webp 1100w, https:\/\/cdn-4.motorsport.com\/images\/mgl\/6x7ZjL5Y\/s1200\/marc-marquez-ducati-team.webp 1200w\" sizes=\"(min-width:650px) 700px\"\/><img decoding=\"async\" loading=\"lazy\" width=\"700\" height=\"466\" class=\"ms-item__img ms-item__img--3_2\" src=\"https:\/\/cdn-1.motorsport.com\/images\/mgl\/6x7ZjL5Y\/s700\/marc-marquez-ducati-team.webp\" alt=\"Marc Marquez, Ducati Team\"\/>\n    <\/picture>\n<\/p><\/div>\n<p>&#13;<br \/>\n&#13;<\/p>\n<h2 class=\"article-fullwidth-gallery_title\">French GP &#8211; Saturday, in photos<\/h2>\n<p>&#13;<br \/>\n                &#13;<br \/>\n                                            <\/a><br \/>\n                                                <a href=\"http:\/\/www.motorsport.com\/motogp\/galleries\/french-gp-saturday-in-photos\/12765\/#72515161\" class=\"article-fullwidth-gallery_item\" data-name=\"gal-12765-toprak-razgatlioglu-pramac-racing-72515161\">&#13;<\/p>\n<div class=\"article-fullwidth-gallery_img-wrapper\">\n<picture class=\"ms-item__picture\" data-photo-id=\"72515161\" data-detail-url=\"\/motogp\/photos\/toprak-razgatlioglu-pramac-racing-72515161\/72515161\/\"><source type=\"image\/webp\" srcset=\"https:\/\/cdn-4.motorsport.com\/images\/mgl\/0ZqAjwR6\/s200\/toprak-razgatlioglu-pramac-rac.webp 200w, https:\/\/cdn-4.motorsport.com\/images\/mgl\/0ZqAjwR6\/s300\/toprak-razgatlioglu-pramac-rac.webp 300w, https:\/\/cdn-4.motorsport.com\/images\/mgl\/0ZqAjwR6\/s400\/toprak-razgatlioglu-pramac-rac.webp 400w, https:\/\/cdn-4.motorsport.com\/images\/mgl\/0ZqAjwR6\/s500\/toprak-razgatlioglu-pramac-rac.webp 500w, https:\/\/cdn-4.motorsport.com\/images\/mgl\/0ZqAjwR6\/s600\/toprak-razgatlioglu-pramac-rac.webp 600w, https:\/\/cdn-4.motorsport.com\/images\/mgl\/0ZqAjwR6\/s700\/toprak-razgatlioglu-pramac-rac.webp 700w, https:\/\/cdn-4.motorsport.com\/images\/mgl\/0ZqAjwR6\/s800\/toprak-razgatlioglu-pramac-rac.webp 800w, https:\/\/cdn-4.motorsport.com\/images\/mgl\/0ZqAjwR6\/s900\/toprak-razgatlioglu-pramac-rac.webp 900w, https:\/\/cdn-4.motorsport.com\/images\/mgl\/0ZqAjwR6\/s1000\/toprak-razgatlioglu-pramac-rac.webp 1000w, https:\/\/cdn-4.motorsport.com\/images\/mgl\/0ZqAjwR6\/s1100\/toprak-razgatlioglu-pramac-rac.webp 1100w, https:\/\/cdn-4.motorsport.com\/images\/mgl\/0ZqAjwR6\/s1200\/toprak-razgatlioglu-pramac-rac.webp 1200w\" sizes=\"(min-width:650px) 700px\"\/><img decoding=\"async\" loading=\"lazy\" width=\"700\" height=\"466\" class=\"ms-item__img ms-item__img--3_2\" src=\"https:\/\/cdn-7.motorsport.com\/images\/mgl\/0ZqAjwR6\/s700\/toprak-razgatlioglu-pramac-rac.webp\" alt=\"Toprak Razgatlioglu, Pramac Racing\"\/>\n    <\/picture>\n<\/p><\/div>\n<p>&#13;<br \/>\n&#13;<\/p>\n<h2 class=\"article-fullwidth-gallery_title\">French GP &#8211; Saturday, in photos<\/h2>\n<p>&#13;<br \/>\n                &#13;<br \/>\n                                            <\/a><br \/>\n                                                <a href=\"http:\/\/www.motorsport.com\/motogp\/galleries\/french-gp-saturday-in-photos\/12765\/#72514445\" class=\"article-fullwidth-gallery_item\" data-name=\"gal-12765-francesco-bagnaia-ducati-team-72514445\">&#13;<\/p>\n<div class=\"article-fullwidth-gallery_img-wrapper\">\n<picture class=\"ms-item__picture\" data-photo-id=\"72514445\" data-detail-url=\"\/motogp\/photos\/francesco-bagnaia-ducati-team-72514445\/72514445\/\"><source type=\"image\/webp\" srcset=\"https:\/\/cdn-9.motorsport.com\/images\/mgl\/63QmraE2\/s200\/francesco-bagnaia-ducati-team.webp 200w, https:\/\/cdn-9.motorsport.com\/images\/mgl\/63QmraE2\/s300\/francesco-bagnaia-ducati-team.webp 300w, https:\/\/cdn-9.motorsport.com\/images\/mgl\/63QmraE2\/s400\/francesco-bagnaia-ducati-team.webp 400w, https:\/\/cdn-9.motorsport.com\/images\/mgl\/63QmraE2\/s500\/francesco-bagnaia-ducati-team.webp 500w, https:\/\/cdn-9.motorsport.com\/images\/mgl\/63QmraE2\/s600\/francesco-bagnaia-ducati-team.webp 600w, https:\/\/cdn-9.motorsport.com\/images\/mgl\/63QmraE2\/s700\/francesco-bagnaia-ducati-team.webp 700w, https:\/\/cdn-9.motorsport.com\/images\/mgl\/63QmraE2\/s800\/francesco-bagnaia-ducati-team.webp 800w, https:\/\/cdn-9.motorsport.com\/images\/mgl\/63QmraE2\/s900\/francesco-bagnaia-ducati-team.webp 900w, https:\/\/cdn-9.motorsport.com\/images\/mgl\/63QmraE2\/s1000\/francesco-bagnaia-ducati-team.webp 1000w, https:\/\/cdn-9.motorsport.com\/images\/mgl\/63QmraE2\/s1100\/francesco-bagnaia-ducati-team.webp 1100w, https:\/\/cdn-9.motorsport.com\/images\/mgl\/63QmraE2\/s1200\/francesco-bagnaia-ducati-team.webp 1200w\" sizes=\"(min-width:650px) 700px\"\/><img decoding=\"async\" loading=\"lazy\" width=\"700\" height=\"466\" class=\"ms-item__img ms-item__img--3_2\" src=\"https:\/\/cdn-5.motorsport.com\/images\/mgl\/63QmraE2\/s700\/francesco-bagnaia-ducati-team.webp\" alt=\"Francesco Bagnaia, Ducati Team\"\/>\n    <\/picture>\n<\/p><\/div>\n<p>&#13;<br \/>\n&#13;<\/p>\n<h2 class=\"article-fullwidth-gallery_title\">French GP &#8211; Saturday, in photos<\/h2>\n<p>&#13;<br \/>\n                &#13;<br \/>\n                                            <\/a><br \/>\n                                                <a href=\"http:\/\/www.motorsport.com\/motogp\/galleries\/french-gp-saturday-in-photos\/12765\/#72513874\" class=\"article-fullwidth-gallery_item\" data-name=\"gal-12765-joan-mir-honda-hrc-72513874\">&#13;<\/p>\n<div class=\"article-fullwidth-gallery_img-wrapper\">\n<picture class=\"ms-item__picture\" data-photo-id=\"72513874\" data-detail-url=\"\/motogp\/photos\/joan-mir-honda-hrc-72513874\/72513874\/\"><source type=\"image\/webp\" srcset=\"https:\/\/cdn-8.motorsport.com\/images\/mgl\/2GdwoXlY\/s200\/joan-mir-honda-hrc.webp 200w, https:\/\/cdn-8.motorsport.com\/images\/mgl\/2GdwoXlY\/s300\/joan-mir-honda-hrc.webp 300w, https:\/\/cdn-8.motorsport.com\/images\/mgl\/2GdwoXlY\/s400\/joan-mir-honda-hrc.webp 400w, https:\/\/cdn-8.motorsport.com\/images\/mgl\/2GdwoXlY\/s500\/joan-mir-honda-hrc.webp 500w, https:\/\/cdn-8.motorsport.com\/images\/mgl\/2GdwoXlY\/s600\/joan-mir-honda-hrc.webp 600w, https:\/\/cdn-8.motorsport.com\/images\/mgl\/2GdwoXlY\/s700\/joan-mir-honda-hrc.webp 700w, https:\/\/cdn-8.motorsport.com\/images\/mgl\/2GdwoXlY\/s800\/joan-mir-honda-hrc.webp 800w, https:\/\/cdn-8.motorsport.com\/images\/mgl\/2GdwoXlY\/s900\/joan-mir-honda-hrc.webp 900w, https:\/\/cdn-8.motorsport.com\/images\/mgl\/2GdwoXlY\/s1000\/joan-mir-honda-hrc.webp 1000w, https:\/\/cdn-8.motorsport.com\/images\/mgl\/2GdwoXlY\/s1100\/joan-mir-honda-hrc.webp 1100w, https:\/\/cdn-8.motorsport.com\/images\/mgl\/2GdwoXlY\/s1200\/joan-mir-honda-hrc.webp 1200w\" sizes=\"(min-width:650px) 700px\"\/><img decoding=\"async\" loading=\"lazy\" width=\"700\" height=\"466\" class=\"ms-item__img ms-item__img--3_2\" src=\"https:\/\/cdn-8.motorsport.com\/images\/mgl\/2GdwoXlY\/s700\/joan-mir-honda-hrc.webp\" alt=\"Joan Mir, Honda HRC\"\/>\n    <\/picture>\n<\/p><\/div>\n<p>&#13;<br \/>\n&#13;<\/p>\n<h2 class=\"article-fullwidth-gallery_title\">French GP &#8211; Saturday, in photos<\/h2>\n<p>&#13;<br \/>\n                &#13;<br \/>\n                                            <\/a><br \/>\n                                                <a href=\"http:\/\/www.motorsport.com\/motogp\/galleries\/french-gp-saturday-in-photos\/12765\/#72514015\" class=\"article-fullwidth-gallery_item\" data-name=\"gal-12765-marco-bezzecchi-aprilia-racing-72514015\">&#13;<\/p>\n<div class=\"article-fullwidth-gallery_img-wrapper\">\n<picture class=\"ms-item__picture\" data-photo-id=\"72514015\" data-detail-url=\"\/motogp\/photos\/marco-bezzecchi-aprilia-racing-72514015\/72514015\/\"><source type=\"image\/webp\" srcset=\"https:\/\/cdn-5.motorsport.com\/images\/mgl\/YBVobovY\/s200\/marco-bezzecchi-aprilia-racing.webp 200w, https:\/\/cdn-5.motorsport.com\/images\/mgl\/YBVobovY\/s300\/marco-bezzecchi-aprilia-racing.webp 300w, https:\/\/cdn-5.motorsport.com\/images\/mgl\/YBVobovY\/s400\/marco-bezzecchi-aprilia-racing.webp 400w, https:\/\/cdn-5.motorsport.com\/images\/mgl\/YBVobovY\/s500\/marco-bezzecchi-aprilia-racing.webp 500w, https:\/\/cdn-5.motorsport.com\/images\/mgl\/YBVobovY\/s600\/marco-bezzecchi-aprilia-racing.webp 600w, https:\/\/cdn-5.motorsport.com\/images\/mgl\/YBVobovY\/s700\/marco-bezzecchi-aprilia-racing.webp 700w, https:\/\/cdn-5.motorsport.com\/images\/mgl\/YBVobovY\/s800\/marco-bezzecchi-aprilia-racing.webp 800w, https:\/\/cdn-5.motorsport.com\/images\/mgl\/YBVobovY\/s900\/marco-bezzecchi-aprilia-racing.webp 900w, https:\/\/cdn-5.motorsport.com\/images\/mgl\/YBVobovY\/s1000\/marco-bezzecchi-aprilia-racing.webp 1000w, https:\/\/cdn-5.motorsport.com\/images\/mgl\/YBVobovY\/s1100\/marco-bezzecchi-aprilia-racing.webp 1100w, https:\/\/cdn-5.motorsport.com\/images\/mgl\/YBVobovY\/s1200\/marco-bezzecchi-aprilia-racing.webp 1200w\" sizes=\"(min-width:650px) 700px\"\/><img decoding=\"async\" loading=\"lazy\" width=\"700\" height=\"466\" class=\"ms-item__img ms-item__img--3_2\" src=\"https:\/\/cdn-1.motorsport.com\/images\/mgl\/YBVobovY\/s700\/marco-bezzecchi-aprilia-racing.webp\" alt=\"Marco Bezzecchi, Aprilia Racing\"\/>\n    <\/picture>\n<\/p><\/div>\n<p>&#13;<br \/>\n&#13;<\/p>\n<h2 class=\"article-fullwidth-gallery_title\">French GP &#8211; Saturday, in photos<\/h2>\n<p>&#13;<br \/>\n                &#13;<br \/>\n                                            <\/a><br \/>\n                                                <a href=\"http:\/\/www.motorsport.com\/motogp\/galleries\/french-gp-saturday-in-photos\/12765\/#72514017\" class=\"article-fullwidth-gallery_item\" data-name=\"gal-12765-fabio-di-giannantonio-vr46-racing-team-72514017\">&#13;<\/p>\n<div class=\"article-fullwidth-gallery_img-wrapper\">\n<picture class=\"ms-item__picture\" data-photo-id=\"72514017\" data-detail-url=\"\/motogp\/photos\/fabio-di-giannantonio-vr46-racing-team-72514017\/72514017\/\"><source type=\"image\/webp\" srcset=\"https:\/\/cdn-3.motorsport.com\/images\/mgl\/0ZqAjAM6\/s200\/fabio-di-giannantonio-vr46-rac.webp 200w, https:\/\/cdn-3.motorsport.com\/images\/mgl\/0ZqAjAM6\/s300\/fabio-di-giannantonio-vr46-rac.webp 300w, https:\/\/cdn-3.motorsport.com\/images\/mgl\/0ZqAjAM6\/s400\/fabio-di-giannantonio-vr46-rac.webp 400w, https:\/\/cdn-3.motorsport.com\/images\/mgl\/0ZqAjAM6\/s500\/fabio-di-giannantonio-vr46-rac.webp 500w, https:\/\/cdn-3.motorsport.com\/images\/mgl\/0ZqAjAM6\/s600\/fabio-di-giannantonio-vr46-rac.webp 600w, https:\/\/cdn-3.motorsport.com\/images\/mgl\/0ZqAjAM6\/s700\/fabio-di-giannantonio-vr46-rac.webp 700w, https:\/\/cdn-3.motorsport.com\/images\/mgl\/0ZqAjAM6\/s800\/fabio-di-giannantonio-vr46-rac.webp 800w, https:\/\/cdn-3.motorsport.com\/images\/mgl\/0ZqAjAM6\/s900\/fabio-di-giannantonio-vr46-rac.webp 900w, https:\/\/cdn-3.motorsport.com\/images\/mgl\/0ZqAjAM6\/s1000\/fabio-di-giannantonio-vr46-rac.webp 1000w, https:\/\/cdn-3.motorsport.com\/images\/mgl\/0ZqAjAM6\/s1100\/fabio-di-giannantonio-vr46-rac.webp 1100w, https:\/\/cdn-3.motorsport.com\/images\/mgl\/0ZqAjAM6\/s1200\/fabio-di-giannantonio-vr46-rac.webp 1200w\" sizes=\"(min-width:650px) 700px\"\/><img decoding=\"async\" loading=\"lazy\" width=\"700\" height=\"466\" class=\"ms-item__img ms-item__img--3_2\" src=\"https:\/\/cdn-9.motorsport.com\/images\/mgl\/0ZqAjAM6\/s700\/fabio-di-giannantonio-vr46-rac.webp\" alt=\"Fabio Di Giannantonio, VR46 Racing Team\"\/>\n    <\/picture>\n<\/p><\/div>\n<p>&#13;<br \/>\n&#13;<\/p>\n<h2 class=\"article-fullwidth-gallery_title\">French GP &#8211; Saturday, in photos<\/h2>\n<p>&#13;<br \/>\n                &#13;<br \/>\n                                            <\/a><br \/>\n                                                <a href=\"http:\/\/www.motorsport.com\/motogp\/galleries\/french-gp-saturday-in-photos\/12765\/#72513980\" class=\"article-fullwidth-gallery_item\" data-name=\"gal-12765-marc-marquez-ducati-team-72513980\">&#13;<\/p>\n<div class=\"article-fullwidth-gallery_img-wrapper\">\n<picture class=\"ms-item__picture\" data-photo-id=\"72513980\" data-detail-url=\"\/motogp\/photos\/marc-marquez-ducati-team-72513980\/72513980\/\"><source type=\"image\/webp\" srcset=\"https:\/\/cdn-3.motorsport.com\/images\/mgl\/6Vy7D77Y\/s200\/marc-marquez-ducati-team.webp 200w, https:\/\/cdn-3.motorsport.com\/images\/mgl\/6Vy7D77Y\/s300\/marc-marquez-ducati-team.webp 300w, https:\/\/cdn-3.motorsport.com\/images\/mgl\/6Vy7D77Y\/s400\/marc-marquez-ducati-team.webp 400w, https:\/\/cdn-3.motorsport.com\/images\/mgl\/6Vy7D77Y\/s500\/marc-marquez-ducati-team.webp 500w, https:\/\/cdn-3.motorsport.com\/images\/mgl\/6Vy7D77Y\/s600\/marc-marquez-ducati-team.webp 600w, https:\/\/cdn-3.motorsport.com\/images\/mgl\/6Vy7D77Y\/s700\/marc-marquez-ducati-team.webp 700w, https:\/\/cdn-3.motorsport.com\/images\/mgl\/6Vy7D77Y\/s800\/marc-marquez-ducati-team.webp 800w, https:\/\/cdn-3.motorsport.com\/images\/mgl\/6Vy7D77Y\/s900\/marc-marquez-ducati-team.webp 900w, https:\/\/cdn-3.motorsport.com\/images\/mgl\/6Vy7D77Y\/s1000\/marc-marquez-ducati-team.webp 1000w, https:\/\/cdn-3.motorsport.com\/images\/mgl\/6Vy7D77Y\/s1100\/marc-marquez-ducati-team.webp 1100w, https:\/\/cdn-3.motorsport.com\/images\/mgl\/6Vy7D77Y\/s1200\/marc-marquez-ducati-team.webp 1200w\" sizes=\"(min-width:650px) 700px\"\/><img decoding=\"async\" loading=\"lazy\" width=\"700\" height=\"466\" class=\"ms-item__img ms-item__img--3_2\" src=\"https:\/\/cdn-5.motorsport.com\/images\/mgl\/6Vy7D77Y\/s700\/marc-marquez-ducati-team.webp\" alt=\"Marc Marquez, Ducati Team\"\/>\n    <\/picture>\n<\/p><\/div>\n<p>&#13;<br \/>\n&#13;<\/p>\n<h2 class=\"article-fullwidth-gallery_title\">French GP &#8211; Saturday, in photos<\/h2>\n<p>&#13;<br \/>\n                &#13;<br \/>\n                                            <\/a><br \/>\n                                                <a href=\"http:\/\/www.motorsport.com\/motogp\/galleries\/french-gp-saturday-in-photos\/12765\/#72514012\" class=\"article-fullwidth-gallery_item\" data-name=\"gal-12765-fabio-quartararo-yamaha-factory-racing-72514012\">&#13;<\/p>\n<div class=\"article-fullwidth-gallery_img-wrapper\">\n<picture class=\"ms-item__picture\" data-photo-id=\"72514012\" data-detail-url=\"\/motogp\/photos\/fabio-quartararo-yamaha-factory-racing-72514012\/72514012\/\"><source type=\"image\/webp\" srcset=\"https:\/\/cdn-7.motorsport.com\/images\/mgl\/6zoJVJ70\/s200\/fabio-quartararo-yamaha-factor.webp 200w, https:\/\/cdn-7.motorsport.com\/images\/mgl\/6zoJVJ70\/s300\/fabio-quartararo-yamaha-factor.webp 300w, https:\/\/cdn-7.motorsport.com\/images\/mgl\/6zoJVJ70\/s400\/fabio-quartararo-yamaha-factor.webp 400w, https:\/\/cdn-7.motorsport.com\/images\/mgl\/6zoJVJ70\/s500\/fabio-quartararo-yamaha-factor.webp 500w, https:\/\/cdn-7.motorsport.com\/images\/mgl\/6zoJVJ70\/s600\/fabio-quartararo-yamaha-factor.webp 600w, https:\/\/cdn-7.motorsport.com\/images\/mgl\/6zoJVJ70\/s700\/fabio-quartararo-yamaha-factor.webp 700w, https:\/\/cdn-7.motorsport.com\/images\/mgl\/6zoJVJ70\/s800\/fabio-quartararo-yamaha-factor.webp 800w, https:\/\/cdn-7.motorsport.com\/images\/mgl\/6zoJVJ70\/s900\/fabio-quartararo-yamaha-factor.webp 900w, https:\/\/cdn-7.motorsport.com\/images\/mgl\/6zoJVJ70\/s1000\/fabio-quartararo-yamaha-factor.webp 1000w, https:\/\/cdn-7.motorsport.com\/images\/mgl\/6zoJVJ70\/s1100\/fabio-quartararo-yamaha-factor.webp 1100w, https:\/\/cdn-7.motorsport.com\/images\/mgl\/6zoJVJ70\/s1200\/fabio-quartararo-yamaha-factor.webp 1200w\" sizes=\"(min-width:650px) 700px\"\/><img decoding=\"async\" loading=\"lazy\" width=\"700\" height=\"466\" class=\"ms-item__img ms-item__img--3_2\" src=\"https:\/\/cdn-4.motorsport.com\/images\/mgl\/6zoJVJ70\/s700\/fabio-quartararo-yamaha-factor.webp\" alt=\"Fabio Quartararo, Yamaha Factory Racing\"\/>\n    <\/picture>\n<\/p><\/div>\n<p>&#13;<br \/>\n&#13;<\/p>\n<h2 class=\"article-fullwidth-gallery_title\">French GP &#8211; Saturday, in photos<\/h2>\n<p>&#13;<br \/>\n                &#13;<br \/>\n                                            <\/a><br \/>\n                                                <a href=\"http:\/\/www.motorsport.com\/motogp\/galleries\/french-gp-saturday-in-photos\/12765\/#72514466\" class=\"article-fullwidth-gallery_item\" data-name=\"gal-12765-fabio-quartararo-yamaha-factory-racing-72514466\">&#13;<\/p>\n<div class=\"article-fullwidth-gallery_img-wrapper\">\n<picture class=\"ms-item__picture\" data-photo-id=\"72514466\" data-detail-url=\"\/motogp\/photos\/fabio-quartararo-yamaha-factory-racing-72514466\/72514466\/\"><source type=\"image\/webp\" srcset=\"https:\/\/cdn-9.motorsport.com\/images\/mgl\/0kZAeXj6\/s200\/fabio-quartararo-yamaha-factor.webp 200w, https:\/\/cdn-9.motorsport.com\/images\/mgl\/0kZAeXj6\/s300\/fabio-quartararo-yamaha-factor.webp 300w, https:\/\/cdn-9.motorsport.com\/images\/mgl\/0kZAeXj6\/s400\/fabio-quartararo-yamaha-factor.webp 400w, https:\/\/cdn-9.motorsport.com\/images\/mgl\/0kZAeXj6\/s500\/fabio-quartararo-yamaha-factor.webp 500w, https:\/\/cdn-9.motorsport.com\/images\/mgl\/0kZAeXj6\/s600\/fabio-quartararo-yamaha-factor.webp 600w, https:\/\/cdn-9.motorsport.com\/images\/mgl\/0kZAeXj6\/s700\/fabio-quartararo-yamaha-factor.webp 700w, https:\/\/cdn-9.motorsport.com\/images\/mgl\/0kZAeXj6\/s800\/fabio-quartararo-yamaha-factor.webp 800w, https:\/\/cdn-9.motorsport.com\/images\/mgl\/0kZAeXj6\/s900\/fabio-quartararo-yamaha-factor.webp 900w, https:\/\/cdn-9.motorsport.com\/images\/mgl\/0kZAeXj6\/s1000\/fabio-quartararo-yamaha-factor.webp 1000w, https:\/\/cdn-9.motorsport.com\/images\/mgl\/0kZAeXj6\/s1100\/fabio-quartararo-yamaha-factor.webp 1100w, https:\/\/cdn-9.motorsport.com\/images\/mgl\/0kZAeXj6\/s1200\/fabio-quartararo-yamaha-factor.webp 1200w\" sizes=\"(min-width:650px) 700px\"\/><img decoding=\"async\" loading=\"lazy\" width=\"700\" height=\"466\" class=\"ms-item__img ms-item__img--3_2\" src=\"https:\/\/cdn-8.motorsport.com\/images\/mgl\/0kZAeXj6\/s700\/fabio-quartararo-yamaha-factor.webp\" alt=\"Fabio Quartararo, Yamaha Factory Racing\"\/>\n    <\/picture>\n<\/p><\/div>\n<p>&#13;<br \/>\n&#13;<\/p>\n<h2 class=\"article-fullwidth-gallery_title\">French GP &#8211; Saturday, in photos<\/h2>\n<p>&#13;<br \/>\n                &#13;<br \/>\n                                            <\/a><br \/>\n                                                <a href=\"http:\/\/www.motorsport.com\/motogp\/galleries\/french-gp-saturday-in-photos\/12765\/#72514011\" class=\"article-fullwidth-gallery_item\" data-name=\"gal-12765-marc-marquez-ducati-team-72514011\">&#13;<\/p>\n<div class=\"article-fullwidth-gallery_img-wrapper\">\n<picture class=\"ms-item__picture\" data-photo-id=\"72514011\" data-detail-url=\"\/motogp\/photos\/marc-marquez-ducati-team-72514011\/72514011\/\"><source type=\"image\/webp\" srcset=\"https:\/\/cdn-4.motorsport.com\/images\/mgl\/6grBNB7Y\/s200\/marc-marquez-ducati-team.webp 200w, https:\/\/cdn-4.motorsport.com\/images\/mgl\/6grBNB7Y\/s300\/marc-marquez-ducati-team.webp 300w, https:\/\/cdn-4.motorsport.com\/images\/mgl\/6grBNB7Y\/s400\/marc-marquez-ducati-team.webp 400w, https:\/\/cdn-4.motorsport.com\/images\/mgl\/6grBNB7Y\/s500\/marc-marquez-ducati-team.webp 500w, https:\/\/cdn-4.motorsport.com\/images\/mgl\/6grBNB7Y\/s600\/marc-marquez-ducati-team.webp 600w, https:\/\/cdn-4.motorsport.com\/images\/mgl\/6grBNB7Y\/s700\/marc-marquez-ducati-team.webp 700w, https:\/\/cdn-4.motorsport.com\/images\/mgl\/6grBNB7Y\/s800\/marc-marquez-ducati-team.webp 800w, https:\/\/cdn-4.motorsport.com\/images\/mgl\/6grBNB7Y\/s900\/marc-marquez-ducati-team.webp 900w, https:\/\/cdn-4.motorsport.com\/images\/mgl\/6grBNB7Y\/s1000\/marc-marquez-ducati-team.webp 1000w, https:\/\/cdn-4.motorsport.com\/images\/mgl\/6grBNB7Y\/s1100\/marc-marquez-ducati-team.webp 1100w, https:\/\/cdn-4.motorsport.com\/images\/mgl\/6grBNB7Y\/s1200\/marc-marquez-ducati-team.webp 1200w\" sizes=\"(min-width:650px) 700px\"\/><img decoding=\"async\" loading=\"lazy\" width=\"700\" height=\"466\" class=\"ms-item__img ms-item__img--3_2\" src=\"https:\/\/cdn-2.motorsport.com\/images\/mgl\/6grBNB7Y\/s700\/marc-marquez-ducati-team.webp\" alt=\"Marc Marquez, Ducati Team\"\/>\n    <\/picture>\n<\/p><\/div>\n<p>&#13;<br \/>\n&#13;<\/p>\n<h2 class=\"article-fullwidth-gallery_title\">French GP &#8211; Saturday, in photos<\/h2>\n<p>&#13;<br \/>\n                &#13;<br \/>\n                                            <\/a><br \/>\n                                                <a href=\"http:\/\/www.motorsport.com\/motogp\/galleries\/french-gp-saturday-in-photos\/12765\/#72521326\" class=\"article-fullwidth-gallery_item\" data-name=\"gal-12765-ai-ogura-trackhouse-racing-72521326\">&#13;<\/p>\n<div class=\"article-fullwidth-gallery_img-wrapper\">\n<picture class=\"ms-item__picture\" data-photo-id=\"72521326\" data-detail-url=\"\/motogp\/photos\/ai-ogura-trackhouse-racing-72521326\/72521326\/\"><source type=\"image\/webp\" srcset=\"https:\/\/cdn-5.motorsport.com\/images\/mgl\/6DGqxROY\/s200\/ai-ogura-trackhouse-racing.webp 200w, https:\/\/cdn-5.motorsport.com\/images\/mgl\/6DGqxROY\/s300\/ai-ogura-trackhouse-racing.webp 300w, https:\/\/cdn-5.motorsport.com\/images\/mgl\/6DGqxROY\/s400\/ai-ogura-trackhouse-racing.webp 400w, https:\/\/cdn-5.motorsport.com\/images\/mgl\/6DGqxROY\/s500\/ai-ogura-trackhouse-racing.webp 500w, https:\/\/cdn-5.motorsport.com\/images\/mgl\/6DGqxROY\/s600\/ai-ogura-trackhouse-racing.webp 600w, https:\/\/cdn-5.motorsport.com\/images\/mgl\/6DGqxROY\/s700\/ai-ogura-trackhouse-racing.webp 700w, https:\/\/cdn-5.motorsport.com\/images\/mgl\/6DGqxROY\/s800\/ai-ogura-trackhouse-racing.webp 800w, https:\/\/cdn-5.motorsport.com\/images\/mgl\/6DGqxROY\/s900\/ai-ogura-trackhouse-racing.webp 900w, https:\/\/cdn-5.motorsport.com\/images\/mgl\/6DGqxROY\/s1000\/ai-ogura-trackhouse-racing.webp 1000w, https:\/\/cdn-5.motorsport.com\/images\/mgl\/6DGqxROY\/s1100\/ai-ogura-trackhouse-racing.webp 1100w, https:\/\/cdn-5.motorsport.com\/images\/mgl\/6DGqxROY\/s1200\/ai-ogura-trackhouse-racing.webp 1200w\" sizes=\"(min-width:650px) 700px\"\/><img decoding=\"async\" loading=\"lazy\" width=\"700\" height=\"466\" class=\"ms-item__img ms-item__img--3_2\" src=\"https:\/\/cdn-7.motorsport.com\/images\/mgl\/6DGqxROY\/s700\/ai-ogura-trackhouse-racing.webp\" alt=\"Ai Ogura, Trackhouse Racing\"\/>\n    <\/picture>\n<\/p><\/div>\n<p>&#13;<br \/>\n&#13;<\/p>\n<h2 class=\"article-fullwidth-gallery_title\">French GP &#8211; Saturday, in photos<\/h2>\n<p>&#13;<br \/>\n                &#13;<br \/>\n                                            <\/a><br \/>\n                                                <a href=\"http:\/\/www.motorsport.com\/motogp\/galleries\/french-gp-saturday-in-photos\/12765\/#72513983\" class=\"article-fullwidth-gallery_item\" data-name=\"gal-12765-fabio-quartararo-yamaha-factory-racing-72513983\">&#13;<\/p>\n<div class=\"article-fullwidth-gallery_img-wrapper\">\n<picture class=\"ms-item__picture\" data-photo-id=\"72513983\" data-detail-url=\"\/motogp\/photos\/fabio-quartararo-yamaha-factory-racing-72513983\/72513983\/\"><source type=\"image\/webp\" srcset=\"https:\/\/cdn-3.motorsport.com\/images\/mgl\/6b8jxjp2\/s200\/fabio-quartararo-yamaha-factor.webp 200w, https:\/\/cdn-3.motorsport.com\/images\/mgl\/6b8jxjp2\/s300\/fabio-quartararo-yamaha-factor.webp 300w, https:\/\/cdn-3.motorsport.com\/images\/mgl\/6b8jxjp2\/s400\/fabio-quartararo-yamaha-factor.webp 400w, https:\/\/cdn-3.motorsport.com\/images\/mgl\/6b8jxjp2\/s500\/fabio-quartararo-yamaha-factor.webp 500w, https:\/\/cdn-3.motorsport.com\/images\/mgl\/6b8jxjp2\/s600\/fabio-quartararo-yamaha-factor.webp 600w, https:\/\/cdn-3.motorsport.com\/images\/mgl\/6b8jxjp2\/s700\/fabio-quartararo-yamaha-factor.webp 700w, https:\/\/cdn-3.motorsport.com\/images\/mgl\/6b8jxjp2\/s800\/fabio-quartararo-yamaha-factor.webp 800w, https:\/\/cdn-3.motorsport.com\/images\/mgl\/6b8jxjp2\/s900\/fabio-quartararo-yamaha-factor.webp 900w, https:\/\/cdn-3.motorsport.com\/images\/mgl\/6b8jxjp2\/s1000\/fabio-quartararo-yamaha-factor.webp 1000w, https:\/\/cdn-3.motorsport.com\/images\/mgl\/6b8jxjp2\/s1100\/fabio-quartararo-yamaha-factor.webp 1100w, https:\/\/cdn-3.motorsport.com\/images\/mgl\/6b8jxjp2\/s1200\/fabio-quartararo-yamaha-factor.webp 1200w\" sizes=\"(min-width:650px) 700px\"\/><img decoding=\"async\" loading=\"lazy\" width=\"700\" height=\"466\" class=\"ms-item__img ms-item__img--3_2\" src=\"https:\/\/cdn-2.motorsport.com\/images\/mgl\/6b8jxjp2\/s700\/fabio-quartararo-yamaha-factor.webp\" alt=\"Fabio Quartararo, Yamaha Factory Racing\"\/>\n    <\/picture>\n<\/p><\/div>\n<p>&#13;<br \/>\n&#13;<\/p>\n<h2 class=\"article-fullwidth-gallery_title\">French GP &#8211; Saturday, in photos<\/h2>\n<p>&#13;<br \/>\n                &#13;<br \/>\n                                            <\/a><br \/>\n                                                <a href=\"http:\/\/www.motorsport.com\/motogp\/galleries\/french-gp-saturday-in-photos\/12765\/#72514464\" class=\"article-fullwidth-gallery_item\" data-name=\"gal-12765-marc-marquez-ducati-team-72514464\">&#13;<\/p>\n<div class=\"article-fullwidth-gallery_img-wrapper\">\n<picture class=\"ms-item__picture\" data-photo-id=\"72514464\" data-detail-url=\"\/motogp\/photos\/marc-marquez-ducati-team-72514464\/72514464\/\"><source type=\"image\/webp\" srcset=\"https:\/\/cdn-8.motorsport.com\/images\/mgl\/2eZg7x1Y\/s200\/marc-marquez-ducati-team.webp 200w, https:\/\/cdn-8.motorsport.com\/images\/mgl\/2eZg7x1Y\/s300\/marc-marquez-ducati-team.webp 300w, https:\/\/cdn-8.motorsport.com\/images\/mgl\/2eZg7x1Y\/s400\/marc-marquez-ducati-team.webp 400w, https:\/\/cdn-8.motorsport.com\/images\/mgl\/2eZg7x1Y\/s500\/marc-marquez-ducati-team.webp 500w, https:\/\/cdn-8.motorsport.com\/images\/mgl\/2eZg7x1Y\/s600\/marc-marquez-ducati-team.webp 600w, https:\/\/cdn-8.motorsport.com\/images\/mgl\/2eZg7x1Y\/s700\/marc-marquez-ducati-team.webp 700w, https:\/\/cdn-8.motorsport.com\/images\/mgl\/2eZg7x1Y\/s800\/marc-marquez-ducati-team.webp 800w, https:\/\/cdn-8.motorsport.com\/images\/mgl\/2eZg7x1Y\/s900\/marc-marquez-ducati-team.webp 900w, https:\/\/cdn-8.motorsport.com\/images\/mgl\/2eZg7x1Y\/s1000\/marc-marquez-ducati-team.webp 1000w, https:\/\/cdn-8.motorsport.com\/images\/mgl\/2eZg7x1Y\/s1100\/marc-marquez-ducati-team.webp 1100w, https:\/\/cdn-8.motorsport.com\/images\/mgl\/2eZg7x1Y\/s1200\/marc-marquez-ducati-team.webp 1200w\" sizes=\"(min-width:650px) 700px\"\/><img decoding=\"async\" loading=\"lazy\" width=\"700\" height=\"466\" class=\"ms-item__img ms-item__img--3_2\" src=\"https:\/\/cdn-2.motorsport.com\/images\/mgl\/2eZg7x1Y\/s700\/marc-marquez-ducati-team.webp\" alt=\"Marc Marquez, Ducati Team\"\/>\n    <\/picture>\n<\/p><\/div>\n<p>&#13;<br \/>\n&#13;<\/p>\n<h2 class=\"article-fullwidth-gallery_title\">French GP &#8211; Saturday, in photos<\/h2>\n<p>&#13;<br \/>\n                &#13;<br \/>\n                                            <\/a><br \/>\n                                                <a href=\"http:\/\/www.motorsport.com\/motogp\/galleries\/french-gp-saturday-in-photos\/12765\/#72515157\" class=\"article-fullwidth-gallery_item\" data-name=\"gal-12765-marc-marquez-ducati-team-72515157\">&#13;<\/p>\n<div class=\"article-fullwidth-gallery_img-wrapper\">\n<picture class=\"ms-item__picture\" data-photo-id=\"72515157\" data-detail-url=\"\/motogp\/photos\/marc-marquez-ducati-team-72515157\/72515157\/\"><source type=\"image\/webp\" srcset=\"https:\/\/cdn-4.motorsport.com\/images\/mgl\/0rVxEAP0\/s200\/marc-marquez-ducati-team.webp 200w, https:\/\/cdn-4.motorsport.com\/images\/mgl\/0rVxEAP0\/s300\/marc-marquez-ducati-team.webp 300w, https:\/\/cdn-4.motorsport.com\/images\/mgl\/0rVxEAP0\/s400\/marc-marquez-ducati-team.webp 400w, https:\/\/cdn-4.motorsport.com\/images\/mgl\/0rVxEAP0\/s500\/marc-marquez-ducati-team.webp 500w, https:\/\/cdn-4.motorsport.com\/images\/mgl\/0rVxEAP0\/s600\/marc-marquez-ducati-team.webp 600w, https:\/\/cdn-4.motorsport.com\/images\/mgl\/0rVxEAP0\/s700\/marc-marquez-ducati-team.webp 700w, https:\/\/cdn-4.motorsport.com\/images\/mgl\/0rVxEAP0\/s800\/marc-marquez-ducati-team.webp 800w, https:\/\/cdn-4.motorsport.com\/images\/mgl\/0rVxEAP0\/s900\/marc-marquez-ducati-team.webp 900w, https:\/\/cdn-4.motorsport.com\/images\/mgl\/0rVxEAP0\/s1000\/marc-marquez-ducati-team.webp 1000w, https:\/\/cdn-4.motorsport.com\/images\/mgl\/0rVxEAP0\/s1100\/marc-marquez-ducati-team.webp 1100w, https:\/\/cdn-4.motorsport.com\/images\/mgl\/0rVxEAP0\/s1200\/marc-marquez-ducati-team.webp 1200w\" sizes=\"(min-width:650px) 700px\"\/><img decoding=\"async\" loading=\"lazy\" width=\"700\" height=\"466\" class=\"ms-item__img ms-item__img--3_2\" src=\"https:\/\/cdn-5.motorsport.com\/images\/mgl\/0rVxEAP0\/s700\/marc-marquez-ducati-team.webp\" alt=\"Marc Marquez, Ducati Team\"\/>\n    <\/picture>\n<\/p><\/div>\n<p>&#13;<br \/>\n&#13;<\/p>\n<h2 class=\"article-fullwidth-gallery_title\">French GP &#8211; Saturday, in photos<\/h2>\n<p>&#13;<br \/>\n                &#13;<br \/>\n                                            <\/a><br \/>\n                                                <a href=\"http:\/\/www.motorsport.com\/motogp\/galleries\/french-gp-saturday-in-photos\/12765\/#72515159\" class=\"article-fullwidth-gallery_item\" data-name=\"gal-12765-johann-zarco-team-lcr-honda-72515159\">&#13;<\/p>\n<div class=\"article-fullwidth-gallery_img-wrapper\">\n<picture class=\"ms-item__picture\" data-photo-id=\"72515159\" data-detail-url=\"\/motogp\/photos\/johann-zarco-team-lcr-honda-72515159\/72515159\/\"><source type=\"image\/webp\" srcset=\"https:\/\/cdn-4.motorsport.com\/images\/mgl\/YBVobZMY\/s200\/johann-zarco-team-lcr-honda.webp 200w, https:\/\/cdn-4.motorsport.com\/images\/mgl\/YBVobZMY\/s300\/johann-zarco-team-lcr-honda.webp 300w, https:\/\/cdn-4.motorsport.com\/images\/mgl\/YBVobZMY\/s400\/johann-zarco-team-lcr-honda.webp 400w, https:\/\/cdn-4.motorsport.com\/images\/mgl\/YBVobZMY\/s500\/johann-zarco-team-lcr-honda.webp 500w, https:\/\/cdn-4.motorsport.com\/images\/mgl\/YBVobZMY\/s600\/johann-zarco-team-lcr-honda.webp 600w, https:\/\/cdn-4.motorsport.com\/images\/mgl\/YBVobZMY\/s700\/johann-zarco-team-lcr-honda.webp 700w, https:\/\/cdn-4.motorsport.com\/images\/mgl\/YBVobZMY\/s800\/johann-zarco-team-lcr-honda.webp 800w, https:\/\/cdn-4.motorsport.com\/images\/mgl\/YBVobZMY\/s900\/johann-zarco-team-lcr-honda.webp 900w, https:\/\/cdn-4.motorsport.com\/images\/mgl\/YBVobZMY\/s1000\/johann-zarco-team-lcr-honda.webp 1000w, https:\/\/cdn-4.motorsport.com\/images\/mgl\/YBVobZMY\/s1100\/johann-zarco-team-lcr-honda.webp 1100w, https:\/\/cdn-4.motorsport.com\/images\/mgl\/YBVobZMY\/s1200\/johann-zarco-team-lcr-honda.webp 1200w\" sizes=\"(min-width:650px) 700px\"\/><img decoding=\"async\" loading=\"lazy\" width=\"700\" height=\"466\" class=\"ms-item__img ms-item__img--3_2\" src=\"https:\/\/cdn-8.motorsport.com\/images\/mgl\/YBVobZMY\/s700\/johann-zarco-team-lcr-honda.webp\" alt=\"Johann Zarco, LCR Honda Team\"\/>\n    <\/picture>\n<\/p><\/div>\n<p>&#13;<br \/>\n&#13;<\/p>\n<h2 class=\"article-fullwidth-gallery_title\">French GP &#8211; Saturday, in photos<\/h2>\n<p>&#13;<br \/>\n                &#13;<br \/>\n                                            <\/a><br \/>\n                                                <a href=\"http:\/\/www.motorsport.com\/motogp\/galleries\/french-gp-saturday-in-photos\/12765\/#72515158\" class=\"article-fullwidth-gallery_item\" data-name=\"gal-12765-pedro-acosta-red-bull-ktm-factory-racing-72515158\">&#13;<\/p>\n<div class=\"article-fullwidth-gallery_img-wrapper\">\n<picture class=\"ms-item__picture\" data-photo-id=\"72515158\" data-detail-url=\"\/motogp\/photos\/pedro-acosta-red-bull-ktm-factory-racing-72515158\/72515158\/\"><source type=\"image\/webp\" srcset=\"https:\/\/cdn-8.motorsport.com\/images\/mgl\/68VWDQQ2\/s200\/pedro-acosta-red-bull-ktm-fact.webp 200w, https:\/\/cdn-8.motorsport.com\/images\/mgl\/68VWDQQ2\/s300\/pedro-acosta-red-bull-ktm-fact.webp 300w, https:\/\/cdn-8.motorsport.com\/images\/mgl\/68VWDQQ2\/s400\/pedro-acosta-red-bull-ktm-fact.webp 400w, https:\/\/cdn-8.motorsport.com\/images\/mgl\/68VWDQQ2\/s500\/pedro-acosta-red-bull-ktm-fact.webp 500w, https:\/\/cdn-8.motorsport.com\/images\/mgl\/68VWDQQ2\/s600\/pedro-acosta-red-bull-ktm-fact.webp 600w, https:\/\/cdn-8.motorsport.com\/images\/mgl\/68VWDQQ2\/s700\/pedro-acosta-red-bull-ktm-fact.webp 700w, https:\/\/cdn-8.motorsport.com\/images\/mgl\/68VWDQQ2\/s800\/pedro-acosta-red-bull-ktm-fact.webp 800w, https:\/\/cdn-8.motorsport.com\/images\/mgl\/68VWDQQ2\/s900\/pedro-acosta-red-bull-ktm-fact.webp 900w, https:\/\/cdn-8.motorsport.com\/images\/mgl\/68VWDQQ2\/s1000\/pedro-acosta-red-bull-ktm-fact.webp 1000w, https:\/\/cdn-8.motorsport.com\/images\/mgl\/68VWDQQ2\/s1100\/pedro-acosta-red-bull-ktm-fact.webp 1100w, https:\/\/cdn-8.motorsport.com\/images\/mgl\/68VWDQQ2\/s1200\/pedro-acosta-red-bull-ktm-fact.webp 1200w\" sizes=\"(min-width:650px) 700px\"\/><img decoding=\"async\" loading=\"lazy\" width=\"700\" height=\"466\" class=\"ms-item__img ms-item__img--3_2\" src=\"https:\/\/cdn-2.motorsport.com\/images\/mgl\/68VWDQQ2\/s700\/pedro-acosta-red-bull-ktm-fact.webp\" alt=\"Pedro Acosta, Red Bull KTM Factory Racing\"\/>\n    <\/picture>\n<\/p><\/div>\n<p>&#13;<br \/>\n&#13;<\/p>\n<h2 class=\"article-fullwidth-gallery_title\">French GP &#8211; Saturday, in photos<\/h2>\n<p>&#13;<br \/>\n                &#13;<br \/>\n                                            <\/a><br \/>\n                                                <a href=\"http:\/\/www.motorsport.com\/motogp\/galleries\/french-gp-saturday-in-photos\/12765\/#72514018\" class=\"article-fullwidth-gallery_item\" data-name=\"gal-12765-francesco-bagnaia-ducati-team-72514018\">&#13;<\/p>\n<div class=\"article-fullwidth-gallery_img-wrapper\">\n<picture class=\"ms-item__picture\" data-photo-id=\"72514018\" data-detail-url=\"\/motogp\/photos\/francesco-bagnaia-ducati-team-72514018\/72514018\/\"><source type=\"image\/webp\" srcset=\"https:\/\/cdn-7.motorsport.com\/images\/mgl\/6DGqxq9Y\/s200\/francesco-bagnaia-ducati-team.webp 200w, https:\/\/cdn-7.motorsport.com\/images\/mgl\/6DGqxq9Y\/s300\/francesco-bagnaia-ducati-team.webp 300w, https:\/\/cdn-7.motorsport.com\/images\/mgl\/6DGqxq9Y\/s400\/francesco-bagnaia-ducati-team.webp 400w, https:\/\/cdn-7.motorsport.com\/images\/mgl\/6DGqxq9Y\/s500\/francesco-bagnaia-ducati-team.webp 500w, https:\/\/cdn-7.motorsport.com\/images\/mgl\/6DGqxq9Y\/s600\/francesco-bagnaia-ducati-team.webp 600w, https:\/\/cdn-7.motorsport.com\/images\/mgl\/6DGqxq9Y\/s700\/francesco-bagnaia-ducati-team.webp 700w, https:\/\/cdn-7.motorsport.com\/images\/mgl\/6DGqxq9Y\/s800\/francesco-bagnaia-ducati-team.webp 800w, https:\/\/cdn-7.motorsport.com\/images\/mgl\/6DGqxq9Y\/s900\/francesco-bagnaia-ducati-team.webp 900w, https:\/\/cdn-7.motorsport.com\/images\/mgl\/6DGqxq9Y\/s1000\/francesco-bagnaia-ducati-team.webp 1000w, https:\/\/cdn-7.motorsport.com\/images\/mgl\/6DGqxq9Y\/s1100\/francesco-bagnaia-ducati-team.webp 1100w, https:\/\/cdn-7.motorsport.com\/images\/mgl\/6DGqxq9Y\/s1200\/francesco-bagnaia-ducati-team.webp 1200w\" sizes=\"(min-width:650px) 700px\"\/><img decoding=\"async\" loading=\"lazy\" width=\"700\" height=\"466\" class=\"ms-item__img ms-item__img--3_2\" src=\"https:\/\/cdn-3.motorsport.com\/images\/mgl\/6DGqxq9Y\/s700\/francesco-bagnaia-ducati-team.webp\" alt=\"Francesco Bagnaia, Ducati Team\"\/>\n    <\/picture>\n<\/p><\/div>\n<p>&#13;<br \/>\n&#13;<\/p>\n<h2 class=\"article-fullwidth-gallery_title\">French GP &#8211; Saturday, in photos<\/h2>\n<p>&#13;<br \/>\n                &#13;<br \/>\n                                            <\/a><br \/>\n                                                <a href=\"http:\/\/www.motorsport.com\/motogp\/galleries\/french-gp-saturday-in-photos\/12765\/#72513771\" class=\"article-fullwidth-gallery_item\" data-name=\"gal-12765-francesco-bagnaia-ducati-team-72513771\">&#13;<\/p>\n<div class=\"article-fullwidth-gallery_img-wrapper\">\n<picture class=\"ms-item__picture\" data-photo-id=\"72513771\" data-detail-url=\"\/motogp\/photos\/francesco-bagnaia-ducati-team-72513771\/72513771\/\"><source type=\"image\/webp\" srcset=\"https:\/\/cdn-2.motorsport.com\/images\/mgl\/6DGqkJwY\/s200\/francesco-bagnaia-ducati-team.webp 200w, https:\/\/cdn-2.motorsport.com\/images\/mgl\/6DGqkJwY\/s300\/francesco-bagnaia-ducati-team.webp 300w, https:\/\/cdn-2.motorsport.com\/images\/mgl\/6DGqkJwY\/s400\/francesco-bagnaia-ducati-team.webp 400w, https:\/\/cdn-2.motorsport.com\/images\/mgl\/6DGqkJwY\/s500\/francesco-bagnaia-ducati-team.webp 500w, https:\/\/cdn-2.motorsport.com\/images\/mgl\/6DGqkJwY\/s600\/francesco-bagnaia-ducati-team.webp 600w, https:\/\/cdn-2.motorsport.com\/images\/mgl\/6DGqkJwY\/s700\/francesco-bagnaia-ducati-team.webp 700w, https:\/\/cdn-2.motorsport.com\/images\/mgl\/6DGqkJwY\/s800\/francesco-bagnaia-ducati-team.webp 800w, https:\/\/cdn-2.motorsport.com\/images\/mgl\/6DGqkJwY\/s900\/francesco-bagnaia-ducati-team.webp 900w, https:\/\/cdn-2.motorsport.com\/images\/mgl\/6DGqkJwY\/s1000\/francesco-bagnaia-ducati-team.webp 1000w, https:\/\/cdn-2.motorsport.com\/images\/mgl\/6DGqkJwY\/s1100\/francesco-bagnaia-ducati-team.webp 1100w, https:\/\/cdn-2.motorsport.com\/images\/mgl\/6DGqkJwY\/s1200\/francesco-bagnaia-ducati-team.webp 1200w\" sizes=\"(min-width:650px) 700px\"\/><img decoding=\"async\" loading=\"lazy\" width=\"700\" height=\"466\" class=\"ms-item__img ms-item__img--3_2\" src=\"https:\/\/cdn-1.motorsport.com\/images\/mgl\/6DGqkJwY\/s700\/francesco-bagnaia-ducati-team.webp\" alt=\"Francesco Bagnaia, Ducati Team\"\/>\n    <\/picture>\n<\/p><\/div>\n<p>&#13;<br \/>\n&#13;<\/p>\n<h2 class=\"article-fullwidth-gallery_title\">French GP &#8211; Saturday, in photos<\/h2>\n<p>&#13;<br \/>\n                &#13;<br \/>\n                                            <\/a><br \/>\n                                                <a href=\"http:\/\/www.motorsport.com\/motogp\/galleries\/french-gp-saturday-in-photos\/12765\/#72513774\" class=\"article-fullwidth-gallery_item\" data-name=\"gal-12765-francesco-bagnaia-ducati-team-marc-marquez-ducati-team-72513774\">&#13;<\/p>\n<div class=\"article-fullwidth-gallery_img-wrapper\">\n<picture class=\"ms-item__picture\" data-photo-id=\"72513774\" data-detail-url=\"\/motogp\/photos\/francesco-bagnaia-ducati-team-marc-marquez-ducati-team-72513774\/72513774\/\"><source type=\"image\/webp\" srcset=\"https:\/\/cdn-3.motorsport.com\/images\/mgl\/25d3XqJ0\/s200\/francesco-bagnaia-ducati-team-.webp 200w, https:\/\/cdn-3.motorsport.com\/images\/mgl\/25d3XqJ0\/s300\/francesco-bagnaia-ducati-team-.webp 300w, https:\/\/cdn-3.motorsport.com\/images\/mgl\/25d3XqJ0\/s400\/francesco-bagnaia-ducati-team-.webp 400w, https:\/\/cdn-3.motorsport.com\/images\/mgl\/25d3XqJ0\/s500\/francesco-bagnaia-ducati-team-.webp 500w, https:\/\/cdn-3.motorsport.com\/images\/mgl\/25d3XqJ0\/s600\/francesco-bagnaia-ducati-team-.webp 600w, https:\/\/cdn-3.motorsport.com\/images\/mgl\/25d3XqJ0\/s700\/francesco-bagnaia-ducati-team-.webp 700w, https:\/\/cdn-3.motorsport.com\/images\/mgl\/25d3XqJ0\/s800\/francesco-bagnaia-ducati-team-.webp 800w, https:\/\/cdn-3.motorsport.com\/images\/mgl\/25d3XqJ0\/s900\/francesco-bagnaia-ducati-team-.webp 900w, https:\/\/cdn-3.motorsport.com\/images\/mgl\/25d3XqJ0\/s1000\/francesco-bagnaia-ducati-team-.webp 1000w, https:\/\/cdn-3.motorsport.com\/images\/mgl\/25d3XqJ0\/s1100\/francesco-bagnaia-ducati-team-.webp 1100w, https:\/\/cdn-3.motorsport.com\/images\/mgl\/25d3XqJ0\/s1200\/francesco-bagnaia-ducati-team-.webp 1200w\" sizes=\"(min-width:650px) 700px\"\/><img decoding=\"async\" loading=\"lazy\" width=\"700\" height=\"466\" class=\"ms-item__img ms-item__img--3_2\" src=\"https:\/\/cdn-5.motorsport.com\/images\/mgl\/25d3XqJ0\/s700\/francesco-bagnaia-ducati-team-.webp\" alt=\"Francesco Bagnaia, Ducati Team, Marc Marquez, Ducati Team\"\/>\n    <\/picture>\n<\/p><\/div>\n<p>&#13;<br \/>\n&#13;<\/p>\n<h2 class=\"article-fullwidth-gallery_title\">French GP &#8211; Saturday, in photos<\/h2>\n<p>&#13;<br \/>\n                &#13;<br \/>\n                                            <\/a><br \/>\n                                                <a href=\"http:\/\/www.motorsport.com\/motogp\/galleries\/french-gp-saturday-in-photos\/12765\/#72514024\" class=\"article-fullwidth-gallery_item\" data-name=\"gal-12765-marco-bezzecchi-aprilia-racing-72514024\">&#13;<\/p>\n<div class=\"article-fullwidth-gallery_img-wrapper\">\n<picture class=\"ms-item__picture\" data-photo-id=\"72514024\" data-detail-url=\"\/motogp\/photos\/marco-bezzecchi-aprilia-racing-72514024\/72514024\/\"><source type=\"image\/webp\" srcset=\"https:\/\/cdn-7.motorsport.com\/images\/mgl\/25d3B3M0\/s200\/marco-bezzecchi-aprilia-racing.webp 200w, https:\/\/cdn-7.motorsport.com\/images\/mgl\/25d3B3M0\/s300\/marco-bezzecchi-aprilia-racing.webp 300w, https:\/\/cdn-7.motorsport.com\/images\/mgl\/25d3B3M0\/s400\/marco-bezzecchi-aprilia-racing.webp 400w, https:\/\/cdn-7.motorsport.com\/images\/mgl\/25d3B3M0\/s500\/marco-bezzecchi-aprilia-racing.webp 500w, https:\/\/cdn-7.motorsport.com\/images\/mgl\/25d3B3M0\/s600\/marco-bezzecchi-aprilia-racing.webp 600w, https:\/\/cdn-7.motorsport.com\/images\/mgl\/25d3B3M0\/s700\/marco-bezzecchi-aprilia-racing.webp 700w, https:\/\/cdn-7.motorsport.com\/images\/mgl\/25d3B3M0\/s800\/marco-bezzecchi-aprilia-racing.webp 800w, https:\/\/cdn-7.motorsport.com\/images\/mgl\/25d3B3M0\/s900\/marco-bezzecchi-aprilia-racing.webp 900w, https:\/\/cdn-7.motorsport.com\/images\/mgl\/25d3B3M0\/s1000\/marco-bezzecchi-aprilia-racing.webp 1000w, https:\/\/cdn-7.motorsport.com\/images\/mgl\/25d3B3M0\/s1100\/marco-bezzecchi-aprilia-racing.webp 1100w, https:\/\/cdn-7.motorsport.com\/images\/mgl\/25d3B3M0\/s1200\/marco-bezzecchi-aprilia-racing.webp 1200w\" sizes=\"(min-width:650px) 700px\"\/><img decoding=\"async\" loading=\"lazy\" width=\"700\" height=\"466\" class=\"ms-item__img ms-item__img--3_2\" src=\"https:\/\/cdn-1.motorsport.com\/images\/mgl\/25d3B3M0\/s700\/marco-bezzecchi-aprilia-racing.webp\" alt=\"Marco Bezzecchi, Aprilia Racing\"\/>\n    <\/picture>\n<\/p><\/div>\n<p>&#13;<br \/>\n&#13;<\/p>\n<h2 class=\"article-fullwidth-gallery_title\">French GP &#8211; Saturday, in photos<\/h2>\n<p>&#13;<br \/>\n                &#13;<br \/>\n                                            <\/a><br \/>\n                                                <a href=\"http:\/\/www.motorsport.com\/motogp\/galleries\/french-gp-saturday-in-photos\/12765\/#72514025\" class=\"article-fullwidth-gallery_item\" data-name=\"gal-12765-marc-marquez-ducati-team-72514025\">&#13;<\/p>\n<div class=\"article-fullwidth-gallery_img-wrapper\">\n<picture class=\"ms-item__picture\" data-photo-id=\"72514025\" data-detail-url=\"\/motogp\/photos\/marc-marquez-ducati-team-72514025\/72514025\/\"><source type=\"image\/webp\" srcset=\"https:\/\/cdn-7.motorsport.com\/images\/mgl\/0rVxEPP0\/s200\/marc-marquez-ducati-team.webp 200w, https:\/\/cdn-7.motorsport.com\/images\/mgl\/0rVxEPP0\/s300\/marc-marquez-ducati-team.webp 300w, https:\/\/cdn-7.motorsport.com\/images\/mgl\/0rVxEPP0\/s400\/marc-marquez-ducati-team.webp 400w, https:\/\/cdn-7.motorsport.com\/images\/mgl\/0rVxEPP0\/s500\/marc-marquez-ducati-team.webp 500w, https:\/\/cdn-7.motorsport.com\/images\/mgl\/0rVxEPP0\/s600\/marc-marquez-ducati-team.webp 600w, https:\/\/cdn-7.motorsport.com\/images\/mgl\/0rVxEPP0\/s700\/marc-marquez-ducati-team.webp 700w, https:\/\/cdn-7.motorsport.com\/images\/mgl\/0rVxEPP0\/s800\/marc-marquez-ducati-team.webp 800w, https:\/\/cdn-7.motorsport.com\/images\/mgl\/0rVxEPP0\/s900\/marc-marquez-ducati-team.webp 900w, https:\/\/cdn-7.motorsport.com\/images\/mgl\/0rVxEPP0\/s1000\/marc-marquez-ducati-team.webp 1000w, https:\/\/cdn-7.motorsport.com\/images\/mgl\/0rVxEPP0\/s1100\/marc-marquez-ducati-team.webp 1100w, https:\/\/cdn-7.motorsport.com\/images\/mgl\/0rVxEPP0\/s1200\/marc-marquez-ducati-team.webp 1200w\" sizes=\"(min-width:650px) 700px\"\/><img decoding=\"async\" loading=\"lazy\" width=\"700\" height=\"466\" class=\"ms-item__img ms-item__img--3_2\" src=\"https:\/\/cdn-9.motorsport.com\/images\/mgl\/0rVxEPP0\/s700\/marc-marquez-ducati-team.webp\" alt=\"Marc Marquez, Ducati Team\"\/>\n    <\/picture>\n<\/p><\/div>\n<p>&#13;<br \/>\n&#13;<\/p>\n<h2 class=\"article-fullwidth-gallery_title\">French GP &#8211; Saturday, in photos<\/h2>\n<p>&#13;<br \/>\n                &#13;<br \/>\n                                            <\/a><br \/>\n                                                <a href=\"http:\/\/www.motorsport.com\/motogp\/galleries\/french-gp-saturday-in-photos\/12765\/#72514444\" class=\"article-fullwidth-gallery_item\" data-name=\"gal-12765-francesco-bagnaia-ducati-team-marc-marquez-ducati-team-72514444\">&#13;<\/p>\n<div class=\"article-fullwidth-gallery_img-wrapper\">\n<picture class=\"ms-item__picture\" data-photo-id=\"72514444\" data-detail-url=\"\/motogp\/photos\/francesco-bagnaia-ducati-team-marc-marquez-ducati-team-72514444\/72514444\/\"><source type=\"image\/webp\" srcset=\"https:\/\/cdn-6.motorsport.com\/images\/mgl\/6b8jxZ32\/s200\/francesco-bagnaia-ducati-team-.webp 200w, https:\/\/cdn-6.motorsport.com\/images\/mgl\/6b8jxZ32\/s300\/francesco-bagnaia-ducati-team-.webp 300w, https:\/\/cdn-6.motorsport.com\/images\/mgl\/6b8jxZ32\/s400\/francesco-bagnaia-ducati-team-.webp 400w, https:\/\/cdn-6.motorsport.com\/images\/mgl\/6b8jxZ32\/s500\/francesco-bagnaia-ducati-team-.webp 500w, https:\/\/cdn-6.motorsport.com\/images\/mgl\/6b8jxZ32\/s600\/francesco-bagnaia-ducati-team-.webp 600w, https:\/\/cdn-6.motorsport.com\/images\/mgl\/6b8jxZ32\/s700\/francesco-bagnaia-ducati-team-.webp 700w, https:\/\/cdn-6.motorsport.com\/images\/mgl\/6b8jxZ32\/s800\/francesco-bagnaia-ducati-team-.webp 800w, https:\/\/cdn-6.motorsport.com\/images\/mgl\/6b8jxZ32\/s900\/francesco-bagnaia-ducati-team-.webp 900w, https:\/\/cdn-6.motorsport.com\/images\/mgl\/6b8jxZ32\/s1000\/francesco-bagnaia-ducati-team-.webp 1000w, https:\/\/cdn-6.motorsport.com\/images\/mgl\/6b8jxZ32\/s1100\/francesco-bagnaia-ducati-team-.webp 1100w, https:\/\/cdn-6.motorsport.com\/images\/mgl\/6b8jxZ32\/s1200\/francesco-bagnaia-ducati-team-.webp 1200w\" sizes=\"(min-width:650px) 700px\"\/><img decoding=\"async\" loading=\"lazy\" width=\"700\" height=\"466\" class=\"ms-item__img ms-item__img--3_2\" src=\"https:\/\/cdn-1.motorsport.com\/images\/mgl\/6b8jxZ32\/s700\/francesco-bagnaia-ducati-team-.webp\" alt=\"Francesco Bagnaia, Ducati Team, Marc Marquez, Ducati Team\"\/>\n    <\/picture>\n<\/p><\/div>\n<p>&#13;<br \/>\n&#13;<\/p>\n<h2 class=\"article-fullwidth-gallery_title\">French GP &#8211; Saturday, in photos<\/h2>\n<p>&#13;<br \/>\n                &#13;<br \/>\n                                            <\/a><br \/>\n                                                <a href=\"http:\/\/www.motorsport.com\/motogp\/galleries\/french-gp-saturday-in-photos\/12765\/#72521333\" class=\"article-fullwidth-gallery_item\" data-name=\"gal-12765-gresini-racing-grid-girl-72521333\">&#13;<\/p>\n<div class=\"article-fullwidth-gallery_img-wrapper\">\n<picture class=\"ms-item__picture\" data-photo-id=\"72521333\" data-detail-url=\"\/motogp\/photos\/gresini-racing-grid-girl-72521333\/72521333\/\"><source type=\"image\/webp\" srcset=\"https:\/\/cdn-6.motorsport.com\/images\/mgl\/YXyp9No6\/s200\/gresini-racing-grid-girl.webp 200w, https:\/\/cdn-6.motorsport.com\/images\/mgl\/YXyp9No6\/s300\/gresini-racing-grid-girl.webp 300w, https:\/\/cdn-6.motorsport.com\/images\/mgl\/YXyp9No6\/s400\/gresini-racing-grid-girl.webp 400w, https:\/\/cdn-6.motorsport.com\/images\/mgl\/YXyp9No6\/s500\/gresini-racing-grid-girl.webp 500w, https:\/\/cdn-6.motorsport.com\/images\/mgl\/YXyp9No6\/s600\/gresini-racing-grid-girl.webp 600w, https:\/\/cdn-6.motorsport.com\/images\/mgl\/YXyp9No6\/s700\/gresini-racing-grid-girl.webp 700w, https:\/\/cdn-6.motorsport.com\/images\/mgl\/YXyp9No6\/s800\/gresini-racing-grid-girl.webp 800w, https:\/\/cdn-6.motorsport.com\/images\/mgl\/YXyp9No6\/s900\/gresini-racing-grid-girl.webp 900w, https:\/\/cdn-6.motorsport.com\/images\/mgl\/YXyp9No6\/s1000\/gresini-racing-grid-girl.webp 1000w, https:\/\/cdn-6.motorsport.com\/images\/mgl\/YXyp9No6\/s1100\/gresini-racing-grid-girl.webp 1100w, https:\/\/cdn-6.motorsport.com\/images\/mgl\/YXyp9No6\/s1200\/gresini-racing-grid-girl.webp 1200w\" sizes=\"(min-width:650px) 700px\"\/><img decoding=\"async\" loading=\"lazy\" width=\"700\" height=\"466\" class=\"ms-item__img ms-item__img--3_2\" src=\"https:\/\/cdn-6.motorsport.com\/images\/mgl\/YXyp9No6\/s700\/gresini-racing-grid-girl.webp\" alt=\"Gresini Racing grid girl\"\/>\n    <\/picture>\n<\/p><\/div>\n<p>&#13;<br \/>\n&#13;<\/p>\n<h2 class=\"article-fullwidth-gallery_title\">French GP &#8211; Saturday, in photos<\/h2>\n<p>&#13;<br \/>\n                &#13;<br \/>\n                                            <\/a><br \/>\n                                                <a href=\"http:\/\/www.motorsport.com\/motogp\/galleries\/french-gp-saturday-in-photos\/12765\/#72521341\" class=\"article-fullwidth-gallery_item\" data-name=\"gal-12765-marc-marquez-ducati-team-72521341\">&#13;<\/p>\n<div class=\"article-fullwidth-gallery_img-wrapper\">\n<picture class=\"ms-item__picture\" data-photo-id=\"72521341\" data-detail-url=\"\/motogp\/photos\/marc-marquez-ducati-team-72521341\/72521341\/\"><source type=\"image\/webp\" srcset=\"https:\/\/cdn-3.motorsport.com\/images\/mgl\/0mXRGO56\/s200\/marc-marquez-ducati-team.webp 200w, https:\/\/cdn-3.motorsport.com\/images\/mgl\/0mXRGO56\/s300\/marc-marquez-ducati-team.webp 300w, https:\/\/cdn-3.motorsport.com\/images\/mgl\/0mXRGO56\/s400\/marc-marquez-ducati-team.webp 400w, https:\/\/cdn-3.motorsport.com\/images\/mgl\/0mXRGO56\/s500\/marc-marquez-ducati-team.webp 500w, https:\/\/cdn-3.motorsport.com\/images\/mgl\/0mXRGO56\/s600\/marc-marquez-ducati-team.webp 600w, https:\/\/cdn-3.motorsport.com\/images\/mgl\/0mXRGO56\/s700\/marc-marquez-ducati-team.webp 700w, https:\/\/cdn-3.motorsport.com\/images\/mgl\/0mXRGO56\/s800\/marc-marquez-ducati-team.webp 800w, https:\/\/cdn-3.motorsport.com\/images\/mgl\/0mXRGO56\/s900\/marc-marquez-ducati-team.webp 900w, https:\/\/cdn-3.motorsport.com\/images\/mgl\/0mXRGO56\/s1000\/marc-marquez-ducati-team.webp 1000w, https:\/\/cdn-3.motorsport.com\/images\/mgl\/0mXRGO56\/s1100\/marc-marquez-ducati-team.webp 1100w, https:\/\/cdn-3.motorsport.com\/images\/mgl\/0mXRGO56\/s1200\/marc-marquez-ducati-team.webp 1200w\" sizes=\"(min-width:650px) 700px\"\/><img decoding=\"async\" loading=\"lazy\" width=\"700\" height=\"466\" class=\"ms-item__img ms-item__img--3_2\" src=\"https:\/\/cdn-3.motorsport.com\/images\/mgl\/0mXRGO56\/s700\/marc-marquez-ducati-team.webp\" alt=\"Marc Marquez, Ducati Team\"\/>\n    <\/picture>\n<\/p><\/div>\n<p>&#13;<br \/>\n&#13;<\/p>\n<h2 class=\"article-fullwidth-gallery_title\">French GP &#8211; Saturday, in photos<\/h2>\n<p>&#13;<br \/>\n                &#13;<br \/>\n                                            <\/a><br \/>\n                                                <a href=\"http:\/\/www.motorsport.com\/motogp\/galleries\/french-gp-saturday-in-photos\/12765\/#72521332\" class=\"article-fullwidth-gallery_item\" data-name=\"gal-12765-francesco-bagnaia-ducati-team-72521332\">&#13;<\/p>\n<div class=\"article-fullwidth-gallery_img-wrapper\">\n<picture class=\"ms-item__picture\" data-photo-id=\"72521332\" data-detail-url=\"\/motogp\/photos\/francesco-bagnaia-ducati-team-72521332\/72521332\/\"><source type=\"image\/webp\" srcset=\"https:\/\/cdn-4.motorsport.com\/images\/mgl\/01QdvBv0\/s200\/francesco-bagnaia-ducati-team.webp 200w, https:\/\/cdn-4.motorsport.com\/images\/mgl\/01QdvBv0\/s300\/francesco-bagnaia-ducati-team.webp 300w, https:\/\/cdn-4.motorsport.com\/images\/mgl\/01QdvBv0\/s400\/francesco-bagnaia-ducati-team.webp 400w, https:\/\/cdn-4.motorsport.com\/images\/mgl\/01QdvBv0\/s500\/francesco-bagnaia-ducati-team.webp 500w, https:\/\/cdn-4.motorsport.com\/images\/mgl\/01QdvBv0\/s600\/francesco-bagnaia-ducati-team.webp 600w, https:\/\/cdn-4.motorsport.com\/images\/mgl\/01QdvBv0\/s700\/francesco-bagnaia-ducati-team.webp 700w, https:\/\/cdn-4.motorsport.com\/images\/mgl\/01QdvBv0\/s800\/francesco-bagnaia-ducati-team.webp 800w, https:\/\/cdn-4.motorsport.com\/images\/mgl\/01QdvBv0\/s900\/francesco-bagnaia-ducati-team.webp 900w, https:\/\/cdn-4.motorsport.com\/images\/mgl\/01QdvBv0\/s1000\/francesco-bagnaia-ducati-team.webp 1000w, https:\/\/cdn-4.motorsport.com\/images\/mgl\/01QdvBv0\/s1100\/francesco-bagnaia-ducati-team.webp 1100w, https:\/\/cdn-4.motorsport.com\/images\/mgl\/01QdvBv0\/s1200\/francesco-bagnaia-ducati-team.webp 1200w\" sizes=\"(min-width:650px) 700px\"\/><img decoding=\"async\" loading=\"lazy\" width=\"700\" height=\"466\" class=\"ms-item__img ms-item__img--3_2\" src=\"https:\/\/cdn-1.motorsport.com\/images\/mgl\/01QdvBv0\/s700\/francesco-bagnaia-ducati-team.webp\" alt=\"Francesco Bagnaia, Ducati Team\"\/>\n    <\/picture>\n<\/p><\/div>\n<p>&#13;<br \/>\n&#13;<\/p>\n<h2 class=\"article-fullwidth-gallery_title\">French GP &#8211; Saturday, in photos<\/h2>\n<p>&#13;<br \/>\n                &#13;<br \/>\n                                            <\/a><br \/>\n                                                <a href=\"http:\/\/www.motorsport.com\/motogp\/galleries\/french-gp-saturday-in-photos\/12765\/#72516167\" class=\"article-fullwidth-gallery_item\" data-name=\"gal-12765-start-action-72516167\">&#13;<\/p>\n<div class=\"article-fullwidth-gallery_img-wrapper\">\n<picture class=\"ms-item__picture\" data-photo-id=\"72516167\" data-detail-url=\"\/motogp\/photos\/start-action-72516167\/72516167\/\"><source type=\"image\/webp\" srcset=\"https:\/\/cdn-7.motorsport.com\/images\/mgl\/6Al7O3kY\/s200\/start-action.webp 200w, https:\/\/cdn-7.motorsport.com\/images\/mgl\/6Al7O3kY\/s300\/start-action.webp 300w, https:\/\/cdn-7.motorsport.com\/images\/mgl\/6Al7O3kY\/s400\/start-action.webp 400w, https:\/\/cdn-7.motorsport.com\/images\/mgl\/6Al7O3kY\/s500\/start-action.webp 500w, https:\/\/cdn-7.motorsport.com\/images\/mgl\/6Al7O3kY\/s600\/start-action.webp 600w, https:\/\/cdn-7.motorsport.com\/images\/mgl\/6Al7O3kY\/s700\/start-action.webp 700w, https:\/\/cdn-7.motorsport.com\/images\/mgl\/6Al7O3kY\/s800\/start-action.webp 800w, https:\/\/cdn-7.motorsport.com\/images\/mgl\/6Al7O3kY\/s900\/start-action.webp 900w, https:\/\/cdn-7.motorsport.com\/images\/mgl\/6Al7O3kY\/s1000\/start-action.webp 1000w, https:\/\/cdn-7.motorsport.com\/images\/mgl\/6Al7O3kY\/s1100\/start-action.webp 1100w, https:\/\/cdn-7.motorsport.com\/images\/mgl\/6Al7O3kY\/s1200\/start-action.webp 1200w\" sizes=\"(min-width:650px) 700px\"\/><img decoding=\"async\" loading=\"lazy\" width=\"700\" height=\"466\" class=\"ms-item__img ms-item__img--3_2\" src=\"https:\/\/cdn-5.motorsport.com\/images\/mgl\/6Al7O3kY\/s700\/start-action.webp\" alt=\"Start action\"\/>\n    <\/picture>\n<\/p><\/div>\n<p>&#13;<br \/>\n&#13;<\/p>\n<h2 class=\"article-fullwidth-gallery_title\">French GP &#8211; Saturday, in photos<\/h2>\n<p>&#13;<br \/>\n                &#13;<br \/>\n                                            <\/a><br \/>\n                                                <a href=\"http:\/\/www.motorsport.com\/motogp\/galleries\/french-gp-saturday-in-photos\/12765\/#72515264\" class=\"article-fullwidth-gallery_item\" data-name=\"gal-12765-start-action-72515264\">&#13;<\/p>\n<div class=\"article-fullwidth-gallery_img-wrapper\">\n<picture class=\"ms-item__picture\" data-photo-id=\"72515264\" data-detail-url=\"\/motogp\/photos\/start-action-72515264\/72515264\/\"><source type=\"image\/webp\" srcset=\"https:\/\/cdn-6.motorsport.com\/images\/mgl\/2y7A5DK6\/s200\/start-action.webp 200w, https:\/\/cdn-6.motorsport.com\/images\/mgl\/2y7A5DK6\/s300\/start-action.webp 300w, https:\/\/cdn-6.motorsport.com\/images\/mgl\/2y7A5DK6\/s400\/start-action.webp 400w, https:\/\/cdn-6.motorsport.com\/images\/mgl\/2y7A5DK6\/s500\/start-action.webp 500w, https:\/\/cdn-6.motorsport.com\/images\/mgl\/2y7A5DK6\/s600\/start-action.webp 600w, https:\/\/cdn-6.motorsport.com\/images\/mgl\/2y7A5DK6\/s700\/start-action.webp 700w, https:\/\/cdn-6.motorsport.com\/images\/mgl\/2y7A5DK6\/s800\/start-action.webp 800w, https:\/\/cdn-6.motorsport.com\/images\/mgl\/2y7A5DK6\/s900\/start-action.webp 900w, https:\/\/cdn-6.motorsport.com\/images\/mgl\/2y7A5DK6\/s1000\/start-action.webp 1000w, https:\/\/cdn-6.motorsport.com\/images\/mgl\/2y7A5DK6\/s1100\/start-action.webp 1100w, https:\/\/cdn-6.motorsport.com\/images\/mgl\/2y7A5DK6\/s1200\/start-action.webp 1200w\" sizes=\"(min-width:650px) 700px\"\/><img decoding=\"async\" loading=\"lazy\" width=\"700\" height=\"466\" class=\"ms-item__img ms-item__img--3_2\" src=\"https:\/\/cdn-2.motorsport.com\/images\/mgl\/2y7A5DK6\/s700\/start-action.webp\" alt=\"Start action\"\/>\n    <\/picture>\n<\/p><\/div>\n<p>&#13;<br \/>\n&#13;<\/p>\n<h2 class=\"article-fullwidth-gallery_title\">French GP &#8211; Saturday, in photos<\/h2>\n<p>&#13;<br \/>\n                &#13;<br \/>\n                                            <\/a><br \/>\n                                                <a href=\"http:\/\/www.motorsport.com\/motogp\/galleries\/french-gp-saturday-in-photos\/12765\/#72515265\" class=\"article-fullwidth-gallery_item\" data-name=\"gal-12765-start-action-72515265\">&#13;<\/p>\n<div class=\"article-fullwidth-gallery_img-wrapper\">\n<picture class=\"ms-item__picture\" data-photo-id=\"72515265\" data-detail-url=\"\/motogp\/photos\/start-action-72515265\/72515265\/\"><source type=\"image\/webp\" srcset=\"https:\/\/cdn-8.motorsport.com\/images\/mgl\/Y9lLyvq2\/s200\/start-action.webp 200w, https:\/\/cdn-8.motorsport.com\/images\/mgl\/Y9lLyvq2\/s300\/start-action.webp 300w, https:\/\/cdn-8.motorsport.com\/images\/mgl\/Y9lLyvq2\/s400\/start-action.webp 400w, https:\/\/cdn-8.motorsport.com\/images\/mgl\/Y9lLyvq2\/s500\/start-action.webp 500w, https:\/\/cdn-8.motorsport.com\/images\/mgl\/Y9lLyvq2\/s600\/start-action.webp 600w, https:\/\/cdn-8.motorsport.com\/images\/mgl\/Y9lLyvq2\/s700\/start-action.webp 700w, https:\/\/cdn-8.motorsport.com\/images\/mgl\/Y9lLyvq2\/s800\/start-action.webp 800w, https:\/\/cdn-8.motorsport.com\/images\/mgl\/Y9lLyvq2\/s900\/start-action.webp 900w, https:\/\/cdn-8.motorsport.com\/images\/mgl\/Y9lLyvq2\/s1000\/start-action.webp 1000w, https:\/\/cdn-8.motorsport.com\/images\/mgl\/Y9lLyvq2\/s1100\/start-action.webp 1100w, https:\/\/cdn-8.motorsport.com\/images\/mgl\/Y9lLyvq2\/s1200\/start-action.webp 1200w\" sizes=\"(min-width:650px) 700px\"\/><img decoding=\"async\" loading=\"lazy\" width=\"700\" height=\"466\" class=\"ms-item__img ms-item__img--3_2\" src=\"https:\/\/cdn-9.motorsport.com\/images\/mgl\/Y9lLyvq2\/s700\/start-action.webp\" alt=\"Start action\"\/>\n    <\/picture>\n<\/p><\/div>\n<p>&#13;<br \/>\n&#13;<\/p>\n<h2 class=\"article-fullwidth-gallery_title\">French GP &#8211; Saturday, in photos<\/h2>\n<p>&#13;<br \/>\n                &#13;<br \/>\n                                            <\/a><br \/>\n                                                <a href=\"http:\/\/www.motorsport.com\/motogp\/galleries\/french-gp-saturday-in-photos\/12765\/#72515281\" class=\"article-fullwidth-gallery_item\" data-name=\"gal-12765-jorge-martin-aprilia-racing-team-marco-bezzecchi-aprilia-racing-72515281\">&#13;<\/p>\n<div class=\"article-fullwidth-gallery_img-wrapper\">\n<picture class=\"ms-item__picture\" data-photo-id=\"72515281\" data-detail-url=\"\/motogp\/photos\/jorge-martin-aprilia-racing-team-marco-bezzecchi-aprilia-racing-72515281\/72515281\/\"><source type=\"image\/webp\" srcset=\"https:\/\/cdn-2.motorsport.com\/images\/mgl\/25d3Bel0\/s200\/jorge-martin-aprilia-racing-te.webp 200w, https:\/\/cdn-2.motorsport.com\/images\/mgl\/25d3Bel0\/s300\/jorge-martin-aprilia-racing-te.webp 300w, https:\/\/cdn-2.motorsport.com\/images\/mgl\/25d3Bel0\/s400\/jorge-martin-aprilia-racing-te.webp 400w, https:\/\/cdn-2.motorsport.com\/images\/mgl\/25d3Bel0\/s500\/jorge-martin-aprilia-racing-te.webp 500w, https:\/\/cdn-2.motorsport.com\/images\/mgl\/25d3Bel0\/s600\/jorge-martin-aprilia-racing-te.webp 600w, https:\/\/cdn-2.motorsport.com\/images\/mgl\/25d3Bel0\/s700\/jorge-martin-aprilia-racing-te.webp 700w, https:\/\/cdn-2.motorsport.com\/images\/mgl\/25d3Bel0\/s800\/jorge-martin-aprilia-racing-te.webp 800w, https:\/\/cdn-2.motorsport.com\/images\/mgl\/25d3Bel0\/s900\/jorge-martin-aprilia-racing-te.webp 900w, https:\/\/cdn-2.motorsport.com\/images\/mgl\/25d3Bel0\/s1000\/jorge-martin-aprilia-racing-te.webp 1000w, https:\/\/cdn-2.motorsport.com\/images\/mgl\/25d3Bel0\/s1100\/jorge-martin-aprilia-racing-te.webp 1100w, https:\/\/cdn-2.motorsport.com\/images\/mgl\/25d3Bel0\/s1200\/jorge-martin-aprilia-racing-te.webp 1200w\" sizes=\"(min-width:650px) 700px\"\/><img decoding=\"async\" loading=\"lazy\" width=\"700\" height=\"466\" class=\"ms-item__img ms-item__img--3_2\" src=\"https:\/\/cdn-7.motorsport.com\/images\/mgl\/25d3Bel0\/s700\/jorge-martin-aprilia-racing-te.webp\" alt=\"Jorge Martin, Aprilia Racing Team, Marco Bezzecchi, Aprilia Racing\"\/>\n    <\/picture>\n<\/p><\/div>\n<p>&#13;<br \/>\n&#13;<\/p>\n<h2 class=\"article-fullwidth-gallery_title\">French GP &#8211; Saturday, in photos<\/h2>\n<p>&#13;<br \/>\n                &#13;<br \/>\n                                            <\/a><br \/>\n                                                <a href=\"http:\/\/www.motorsport.com\/motogp\/galleries\/french-gp-saturday-in-photos\/12765\/#72516168\" class=\"article-fullwidth-gallery_item\" data-name=\"gal-12765-start-action-72516168\">&#13;<\/p>\n<div class=\"article-fullwidth-gallery_img-wrapper\">\n<picture class=\"ms-item__picture\" data-photo-id=\"72516168\" data-detail-url=\"\/motogp\/photos\/start-action-72516168\/72516168\/\"><source type=\"image\/webp\" srcset=\"https:\/\/cdn-5.motorsport.com\/images\/mgl\/6lmdkD80\/s200\/start-action.webp 200w, https:\/\/cdn-5.motorsport.com\/images\/mgl\/6lmdkD80\/s300\/start-action.webp 300w, https:\/\/cdn-5.motorsport.com\/images\/mgl\/6lmdkD80\/s400\/start-action.webp 400w, https:\/\/cdn-5.motorsport.com\/images\/mgl\/6lmdkD80\/s500\/start-action.webp 500w, https:\/\/cdn-5.motorsport.com\/images\/mgl\/6lmdkD80\/s600\/start-action.webp 600w, https:\/\/cdn-5.motorsport.com\/images\/mgl\/6lmdkD80\/s700\/start-action.webp 700w, https:\/\/cdn-5.motorsport.com\/images\/mgl\/6lmdkD80\/s800\/start-action.webp 800w, https:\/\/cdn-5.motorsport.com\/images\/mgl\/6lmdkD80\/s900\/start-action.webp 900w, https:\/\/cdn-5.motorsport.com\/images\/mgl\/6lmdkD80\/s1000\/start-action.webp 1000w, https:\/\/cdn-5.motorsport.com\/images\/mgl\/6lmdkD80\/s1100\/start-action.webp 1100w, https:\/\/cdn-5.motorsport.com\/images\/mgl\/6lmdkD80\/s1200\/start-action.webp 1200w\" sizes=\"(min-width:650px) 700px\"\/><img decoding=\"async\" loading=\"lazy\" width=\"700\" height=\"466\" class=\"ms-item__img ms-item__img--3_2\" src=\"https:\/\/cdn-3.motorsport.com\/images\/mgl\/6lmdkD80\/s700\/start-action.webp\" alt=\"Start action\"\/>\n    <\/picture>\n<\/p><\/div>\n<p>&#13;<br \/>\n&#13;<\/p>\n<h2 class=\"article-fullwidth-gallery_title\">French GP &#8211; Saturday, in photos<\/h2>\n<p>&#13;<br \/>\n                &#13;<br \/>\n                                            <\/a><br \/>\n                                                <a href=\"http:\/\/www.motorsport.com\/motogp\/galleries\/french-gp-saturday-in-photos\/12765\/#72516069\" class=\"article-fullwidth-gallery_item\" data-name=\"gal-12765-jorge-martin-aprilia-racing-team-72516069\">&#13;<\/p>\n<div class=\"article-fullwidth-gallery_img-wrapper\">\n<picture class=\"ms-item__picture\" data-photo-id=\"72516069\" data-detail-url=\"\/motogp\/photos\/jorge-martin-aprilia-racing-team-72516069\/72516069\/\"><source type=\"image\/webp\" srcset=\"https:\/\/cdn-7.motorsport.com\/images\/mgl\/0qgPBQ4Y\/s200\/jorge-martin-aprilia-racing-te.webp 200w, https:\/\/cdn-7.motorsport.com\/images\/mgl\/0qgPBQ4Y\/s300\/jorge-martin-aprilia-racing-te.webp 300w, https:\/\/cdn-7.motorsport.com\/images\/mgl\/0qgPBQ4Y\/s400\/jorge-martin-aprilia-racing-te.webp 400w, https:\/\/cdn-7.motorsport.com\/images\/mgl\/0qgPBQ4Y\/s500\/jorge-martin-aprilia-racing-te.webp 500w, https:\/\/cdn-7.motorsport.com\/images\/mgl\/0qgPBQ4Y\/s600\/jorge-martin-aprilia-racing-te.webp 600w, https:\/\/cdn-7.motorsport.com\/images\/mgl\/0qgPBQ4Y\/s700\/jorge-martin-aprilia-racing-te.webp 700w, https:\/\/cdn-7.motorsport.com\/images\/mgl\/0qgPBQ4Y\/s800\/jorge-martin-aprilia-racing-te.webp 800w, https:\/\/cdn-7.motorsport.com\/images\/mgl\/0qgPBQ4Y\/s900\/jorge-martin-aprilia-racing-te.webp 900w, https:\/\/cdn-7.motorsport.com\/images\/mgl\/0qgPBQ4Y\/s1000\/jorge-martin-aprilia-racing-te.webp 1000w, https:\/\/cdn-7.motorsport.com\/images\/mgl\/0qgPBQ4Y\/s1100\/jorge-martin-aprilia-racing-te.webp 1100w, https:\/\/cdn-7.motorsport.com\/images\/mgl\/0qgPBQ4Y\/s1200\/jorge-martin-aprilia-racing-te.webp 1200w\" sizes=\"(min-width:650px) 700px\"\/><img decoding=\"async\" loading=\"lazy\" width=\"700\" height=\"466\" class=\"ms-item__img ms-item__img--3_2\" src=\"https:\/\/cdn-2.motorsport.com\/images\/mgl\/0qgPBQ4Y\/s700\/jorge-martin-aprilia-racing-te.webp\" alt=\"Jorge Martin, Aprilia Racing Team\"\/>\n    <\/picture>\n<\/p><\/div>\n<p>&#13;<br \/>\n&#13;<\/p>\n<h2 class=\"article-fullwidth-gallery_title\">French GP &#8211; Saturday, in photos<\/h2>\n<p>&#13;<br \/>\n                &#13;<br \/>\n                                            <\/a><br \/>\n                                                <a href=\"http:\/\/www.motorsport.com\/motogp\/galleries\/french-gp-saturday-in-photos\/12765\/#72521346\" class=\"article-fullwidth-gallery_item\" data-name=\"gal-12765-marc-marquez-ducati-team-72521346\">&#13;<\/p>\n<div class=\"article-fullwidth-gallery_img-wrapper\">\n<picture class=\"ms-item__picture\" data-photo-id=\"72521346\" data-detail-url=\"\/motogp\/photos\/marc-marquez-ducati-team-72521346\/72521346\/\"><source type=\"image\/webp\" srcset=\"https:\/\/cdn-5.motorsport.com\/images\/mgl\/2dE7MbZY\/s200\/marc-marquez-ducati-team.webp 200w, https:\/\/cdn-5.motorsport.com\/images\/mgl\/2dE7MbZY\/s300\/marc-marquez-ducati-team.webp 300w, https:\/\/cdn-5.motorsport.com\/images\/mgl\/2dE7MbZY\/s400\/marc-marquez-ducati-team.webp 400w, https:\/\/cdn-5.motorsport.com\/images\/mgl\/2dE7MbZY\/s500\/marc-marquez-ducati-team.webp 500w, https:\/\/cdn-5.motorsport.com\/images\/mgl\/2dE7MbZY\/s600\/marc-marquez-ducati-team.webp 600w, https:\/\/cdn-5.motorsport.com\/images\/mgl\/2dE7MbZY\/s700\/marc-marquez-ducati-team.webp 700w, https:\/\/cdn-5.motorsport.com\/images\/mgl\/2dE7MbZY\/s800\/marc-marquez-ducati-team.webp 800w, https:\/\/cdn-5.motorsport.com\/images\/mgl\/2dE7MbZY\/s900\/marc-marquez-ducati-team.webp 900w, https:\/\/cdn-5.motorsport.com\/images\/mgl\/2dE7MbZY\/s1000\/marc-marquez-ducati-team.webp 1000w, https:\/\/cdn-5.motorsport.com\/images\/mgl\/2dE7MbZY\/s1100\/marc-marquez-ducati-team.webp 1100w, https:\/\/cdn-5.motorsport.com\/images\/mgl\/2dE7MbZY\/s1200\/marc-marquez-ducati-team.webp 1200w\" sizes=\"(min-width:650px) 700px\"\/><img decoding=\"async\" loading=\"lazy\" width=\"700\" height=\"466\" class=\"ms-item__img ms-item__img--3_2\" src=\"https:\/\/cdn-5.motorsport.com\/images\/mgl\/2dE7MbZY\/s700\/marc-marquez-ducati-team.webp\" alt=\"Marc Marquez, Ducati Team\"\/>\n    <\/picture>\n<\/p><\/div>\n<p>&#13;<br \/>\n&#13;<\/p>\n<h2 class=\"article-fullwidth-gallery_title\">French GP &#8211; Saturday, in photos<\/h2>\n<p>&#13;<br \/>\n                &#13;<br \/>\n                                            <\/a><br \/>\n                                                <a href=\"http:\/\/www.motorsport.com\/motogp\/galleries\/french-gp-saturday-in-photos\/12765\/#72521347\" class=\"article-fullwidth-gallery_item\" data-name=\"gal-12765-toprak-razgatlioglu-pramac-racing-72521347\">&#13;<\/p>\n<div class=\"article-fullwidth-gallery_img-wrapper\">\n<picture class=\"ms-item__picture\" data-photo-id=\"72521347\" data-detail-url=\"\/motogp\/photos\/toprak-razgatlioglu-pramac-racing-72521347\/72521347\/\"><source type=\"image\/webp\" srcset=\"https:\/\/cdn-5.motorsport.com\/images\/mgl\/0kZAepA6\/s200\/toprak-razgatlioglu-pramac-rac.webp 200w, https:\/\/cdn-5.motorsport.com\/images\/mgl\/0kZAepA6\/s300\/toprak-razgatlioglu-pramac-rac.webp 300w, https:\/\/cdn-5.motorsport.com\/images\/mgl\/0kZAepA6\/s400\/toprak-razgatlioglu-pramac-rac.webp 400w, https:\/\/cdn-5.motorsport.com\/images\/mgl\/0kZAepA6\/s500\/toprak-razgatlioglu-pramac-rac.webp 500w, https:\/\/cdn-5.motorsport.com\/images\/mgl\/0kZAepA6\/s600\/toprak-razgatlioglu-pramac-rac.webp 600w, https:\/\/cdn-5.motorsport.com\/images\/mgl\/0kZAepA6\/s700\/toprak-razgatlioglu-pramac-rac.webp 700w, https:\/\/cdn-5.motorsport.com\/images\/mgl\/0kZAepA6\/s800\/toprak-razgatlioglu-pramac-rac.webp 800w, https:\/\/cdn-5.motorsport.com\/images\/mgl\/0kZAepA6\/s900\/toprak-razgatlioglu-pramac-rac.webp 900w, https:\/\/cdn-5.motorsport.com\/images\/mgl\/0kZAepA6\/s1000\/toprak-razgatlioglu-pramac-rac.webp 1000w, https:\/\/cdn-5.motorsport.com\/images\/mgl\/0kZAepA6\/s1100\/toprak-razgatlioglu-pramac-rac.webp 1100w, https:\/\/cdn-5.motorsport.com\/images\/mgl\/0kZAepA6\/s1200\/toprak-razgatlioglu-pramac-rac.webp 1200w\" sizes=\"(min-width:650px) 700px\"\/><img decoding=\"async\" loading=\"lazy\" width=\"700\" height=\"466\" class=\"ms-item__img ms-item__img--3_2\" src=\"https:\/\/cdn-3.motorsport.com\/images\/mgl\/0kZAepA6\/s700\/toprak-razgatlioglu-pramac-rac.webp\" alt=\"Toprak Razgatlioglu, Pramac Racing\"\/>\n    <\/picture>\n<\/p><\/div>\n<p>&#13;<br \/>\n&#13;<\/p>\n<h2 class=\"article-fullwidth-gallery_title\">French GP &#8211; Saturday, in photos<\/h2>\n<p>&#13;<br \/>\n                &#13;<br \/>\n                                            <\/a><br \/>\n                                                <a href=\"http:\/\/www.motorsport.com\/motogp\/galleries\/french-gp-saturday-in-photos\/12765\/#72516170\" class=\"article-fullwidth-gallery_item\" data-name=\"gal-12765-franco-morbidelli-vr46-racing-team-crash-72516170\">&#13;<\/p>\n<div class=\"article-fullwidth-gallery_img-wrapper\">\n<picture class=\"ms-item__picture\" data-photo-id=\"72516170\" data-detail-url=\"\/motogp\/photos\/franco-morbidelli-vr46-racing-team-crash-72516170\/72516170\/\"><source type=\"image\/webp\" srcset=\"https:\/\/cdn-2.motorsport.com\/images\/mgl\/6n7AzPg0\/s200\/franco-morbidelli-vr46-racing-.webp 200w, https:\/\/cdn-2.motorsport.com\/images\/mgl\/6n7AzPg0\/s300\/franco-morbidelli-vr46-racing-.webp 300w, https:\/\/cdn-2.motorsport.com\/images\/mgl\/6n7AzPg0\/s400\/franco-morbidelli-vr46-racing-.webp 400w, https:\/\/cdn-2.motorsport.com\/images\/mgl\/6n7AzPg0\/s500\/franco-morbidelli-vr46-racing-.webp 500w, https:\/\/cdn-2.motorsport.com\/images\/mgl\/6n7AzPg0\/s600\/franco-morbidelli-vr46-racing-.webp 600w, https:\/\/cdn-2.motorsport.com\/images\/mgl\/6n7AzPg0\/s700\/franco-morbidelli-vr46-racing-.webp 700w, https:\/\/cdn-2.motorsport.com\/images\/mgl\/6n7AzPg0\/s800\/franco-morbidelli-vr46-racing-.webp 800w, https:\/\/cdn-2.motorsport.com\/images\/mgl\/6n7AzPg0\/s900\/franco-morbidelli-vr46-racing-.webp 900w, https:\/\/cdn-2.motorsport.com\/images\/mgl\/6n7AzPg0\/s1000\/franco-morbidelli-vr46-racing-.webp 1000w, https:\/\/cdn-2.motorsport.com\/images\/mgl\/6n7AzPg0\/s1100\/franco-morbidelli-vr46-racing-.webp 1100w, https:\/\/cdn-2.motorsport.com\/images\/mgl\/6n7AzPg0\/s1200\/franco-morbidelli-vr46-racing-.webp 1200w\" sizes=\"(min-width:650px) 700px\"\/><img decoding=\"async\" loading=\"lazy\" width=\"700\" height=\"466\" class=\"ms-item__img ms-item__img--3_2\" src=\"https:\/\/cdn-4.motorsport.com\/images\/mgl\/6n7AzPg0\/s700\/franco-morbidelli-vr46-racing-.webp\" alt=\"Franco Morbidelli, VR46 Racing Team crash\"\/>\n    <\/picture>\n<\/p><\/div>\n<p>&#13;<br \/>\n&#13;<\/p>\n<h2 class=\"article-fullwidth-gallery_title\">French GP &#8211; Saturday, in photos<\/h2>\n<p>&#13;<br \/>\n                &#13;<br \/>\n                                            <\/a><br \/>\n                                                <a href=\"http:\/\/www.motorsport.com\/motogp\/galleries\/french-gp-saturday-in-photos\/12765\/#72516172\" class=\"article-fullwidth-gallery_item\" data-name=\"gal-12765-franco-morbidelli-vr46-racing-team-crash-72516172\">&#13;<\/p>\n<div class=\"article-fullwidth-gallery_img-wrapper\">\n<picture class=\"ms-item__picture\" data-photo-id=\"72516172\" data-detail-url=\"\/motogp\/photos\/franco-morbidelli-vr46-racing-team-crash-72516172\/72516172\/\"><source type=\"image\/webp\" srcset=\"https:\/\/cdn-7.motorsport.com\/images\/mgl\/YWKwyDeY\/s200\/franco-morbidelli-vr46-racing-.webp 200w, https:\/\/cdn-7.motorsport.com\/images\/mgl\/YWKwyDeY\/s300\/franco-morbidelli-vr46-racing-.webp 300w, https:\/\/cdn-7.motorsport.com\/images\/mgl\/YWKwyDeY\/s400\/franco-morbidelli-vr46-racing-.webp 400w, https:\/\/cdn-7.motorsport.com\/images\/mgl\/YWKwyDeY\/s500\/franco-morbidelli-vr46-racing-.webp 500w, https:\/\/cdn-7.motorsport.com\/images\/mgl\/YWKwyDeY\/s600\/franco-morbidelli-vr46-racing-.webp 600w, https:\/\/cdn-7.motorsport.com\/images\/mgl\/YWKwyDeY\/s700\/franco-morbidelli-vr46-racing-.webp 700w, https:\/\/cdn-7.motorsport.com\/images\/mgl\/YWKwyDeY\/s800\/franco-morbidelli-vr46-racing-.webp 800w, https:\/\/cdn-7.motorsport.com\/images\/mgl\/YWKwyDeY\/s900\/franco-morbidelli-vr46-racing-.webp 900w, https:\/\/cdn-7.motorsport.com\/images\/mgl\/YWKwyDeY\/s1000\/franco-morbidelli-vr46-racing-.webp 1000w, https:\/\/cdn-7.motorsport.com\/images\/mgl\/YWKwyDeY\/s1100\/franco-morbidelli-vr46-racing-.webp 1100w, https:\/\/cdn-7.motorsport.com\/images\/mgl\/YWKwyDeY\/s1200\/franco-morbidelli-vr46-racing-.webp 1200w\" sizes=\"(min-width:650px) 700px\"\/><img decoding=\"async\" loading=\"lazy\" width=\"700\" height=\"466\" class=\"ms-item__img ms-item__img--3_2\" src=\"https:\/\/cdn-2.motorsport.com\/images\/mgl\/YWKwyDeY\/s700\/franco-morbidelli-vr46-racing-.webp\" alt=\"Franco Morbidelli, VR46 Racing Team crash\"\/>\n    <\/picture>\n<\/p><\/div>\n<p>&#13;<br \/>\n&#13;<\/p>\n<h2 class=\"article-fullwidth-gallery_title\">French GP &#8211; Saturday, in photos<\/h2>\n<p>&#13;<br \/>\n                &#13;<br \/>\n                                            <\/a><br \/>\n                                                <a href=\"http:\/\/www.motorsport.com\/motogp\/galleries\/french-gp-saturday-in-photos\/12765\/#72516063\" class=\"article-fullwidth-gallery_item\" data-name=\"gal-12765-francesco-bagnaia-ducati-team-marco-bezzecchi-aprilia-racing-72516063\">&#13;<\/p>\n<div class=\"article-fullwidth-gallery_img-wrapper\">\n<picture class=\"ms-item__picture\" data-photo-id=\"72516063\" data-detail-url=\"\/motogp\/photos\/francesco-bagnaia-ducati-team-marco-bezzecchi-aprilia-racing-72516063\/72516063\/\"><source type=\"image\/webp\" srcset=\"https:\/\/cdn-3.motorsport.com\/images\/mgl\/YMX3eDl2\/s200\/francesco-bagnaia-ducati-team-.webp 200w, https:\/\/cdn-3.motorsport.com\/images\/mgl\/YMX3eDl2\/s300\/francesco-bagnaia-ducati-team-.webp 300w, https:\/\/cdn-3.motorsport.com\/images\/mgl\/YMX3eDl2\/s400\/francesco-bagnaia-ducati-team-.webp 400w, https:\/\/cdn-3.motorsport.com\/images\/mgl\/YMX3eDl2\/s500\/francesco-bagnaia-ducati-team-.webp 500w, https:\/\/cdn-3.motorsport.com\/images\/mgl\/YMX3eDl2\/s600\/francesco-bagnaia-ducati-team-.webp 600w, https:\/\/cdn-3.motorsport.com\/images\/mgl\/YMX3eDl2\/s700\/francesco-bagnaia-ducati-team-.webp 700w, https:\/\/cdn-3.motorsport.com\/images\/mgl\/YMX3eDl2\/s800\/francesco-bagnaia-ducati-team-.webp 800w, https:\/\/cdn-3.motorsport.com\/images\/mgl\/YMX3eDl2\/s900\/francesco-bagnaia-ducati-team-.webp 900w, https:\/\/cdn-3.motorsport.com\/images\/mgl\/YMX3eDl2\/s1000\/francesco-bagnaia-ducati-team-.webp 1000w, https:\/\/cdn-3.motorsport.com\/images\/mgl\/YMX3eDl2\/s1100\/francesco-bagnaia-ducati-team-.webp 1100w, https:\/\/cdn-3.motorsport.com\/images\/mgl\/YMX3eDl2\/s1200\/francesco-bagnaia-ducati-team-.webp 1200w\" sizes=\"(min-width:650px) 700px\"\/><img decoding=\"async\" loading=\"lazy\" width=\"700\" height=\"466\" class=\"ms-item__img ms-item__img--3_2\" src=\"https:\/\/cdn-9.motorsport.com\/images\/mgl\/YMX3eDl2\/s700\/francesco-bagnaia-ducati-team-.webp\" alt=\"Francesco Bagnaia, Ducati Team, Marco Bezzecchi, Aprilia Racing\"\/>\n    <\/picture>\n<\/p><\/div>\n<p>&#13;<br \/>\n&#13;<\/p>\n<h2 class=\"article-fullwidth-gallery_title\">French GP &#8211; Saturday, in photos<\/h2>\n<p>&#13;<br \/>\n                &#13;<br \/>\n                                            <\/a><br \/>\n                                                <a href=\"http:\/\/www.motorsport.com\/motogp\/galleries\/french-gp-saturday-in-photos\/12765\/#72521343\" class=\"article-fullwidth-gallery_item\" data-name=\"gal-12765-pedro-acosta-red-bull-ktm-factory-racing-72521343\">&#13;<\/p>\n<div class=\"article-fullwidth-gallery_img-wrapper\">\n<picture class=\"ms-item__picture\" data-photo-id=\"72521343\" data-detail-url=\"\/motogp\/photos\/pedro-acosta-red-bull-ktm-factory-racing-72521343\/72521343\/\"><source type=\"image\/webp\" srcset=\"https:\/\/cdn-9.motorsport.com\/images\/mgl\/2wlERqeY\/s200\/pedro-acosta-red-bull-ktm-fact.webp 200w, https:\/\/cdn-9.motorsport.com\/images\/mgl\/2wlERqeY\/s300\/pedro-acosta-red-bull-ktm-fact.webp 300w, https:\/\/cdn-9.motorsport.com\/images\/mgl\/2wlERqeY\/s400\/pedro-acosta-red-bull-ktm-fact.webp 400w, https:\/\/cdn-9.motorsport.com\/images\/mgl\/2wlERqeY\/s500\/pedro-acosta-red-bull-ktm-fact.webp 500w, https:\/\/cdn-9.motorsport.com\/images\/mgl\/2wlERqeY\/s600\/pedro-acosta-red-bull-ktm-fact.webp 600w, https:\/\/cdn-9.motorsport.com\/images\/mgl\/2wlERqeY\/s700\/pedro-acosta-red-bull-ktm-fact.webp 700w, https:\/\/cdn-9.motorsport.com\/images\/mgl\/2wlERqeY\/s800\/pedro-acosta-red-bull-ktm-fact.webp 800w, https:\/\/cdn-9.motorsport.com\/images\/mgl\/2wlERqeY\/s900\/pedro-acosta-red-bull-ktm-fact.webp 900w, https:\/\/cdn-9.motorsport.com\/images\/mgl\/2wlERqeY\/s1000\/pedro-acosta-red-bull-ktm-fact.webp 1000w, https:\/\/cdn-9.motorsport.com\/images\/mgl\/2wlERqeY\/s1100\/pedro-acosta-red-bull-ktm-fact.webp 1100w, https:\/\/cdn-9.motorsport.com\/images\/mgl\/2wlERqeY\/s1200\/pedro-acosta-red-bull-ktm-fact.webp 1200w\" sizes=\"(min-width:650px) 700px\"\/><img decoding=\"async\" loading=\"lazy\" width=\"700\" height=\"466\" class=\"ms-item__img ms-item__img--3_2\" src=\"https:\/\/cdn-5.motorsport.com\/images\/mgl\/2wlERqeY\/s700\/pedro-acosta-red-bull-ktm-fact.webp\" alt=\"Pedro Acosta, Red Bull KTM Factory Racing\"\/>\n    <\/picture>\n<\/p><\/div>\n<p>&#13;<br \/>\n&#13;<\/p>\n<h2 class=\"article-fullwidth-gallery_title\">French GP &#8211; Saturday, in photos<\/h2>\n<p>&#13;<br \/>\n                &#13;<br \/>\n                                            <\/a><br \/>\n                                                <a href=\"http:\/\/www.motorsport.com\/motogp\/galleries\/french-gp-saturday-in-photos\/12765\/#72516387\" class=\"article-fullwidth-gallery_item\" data-name=\"gal-12765-jorge-martin-aprilia-racing-team-72516387\">&#13;<\/p>\n<div class=\"article-fullwidth-gallery_img-wrapper\">\n<picture class=\"ms-item__picture\" data-photo-id=\"72516387\" data-detail-url=\"\/motogp\/photos\/jorge-martin-aprilia-racing-team-72516387\/72516387\/\"><source type=\"image\/webp\" srcset=\"https:\/\/cdn-1.motorsport.com\/images\/mgl\/25d3Bk90\/s200\/jorge-martin-aprilia-racing-te.webp 200w, https:\/\/cdn-1.motorsport.com\/images\/mgl\/25d3Bk90\/s300\/jorge-martin-aprilia-racing-te.webp 300w, https:\/\/cdn-1.motorsport.com\/images\/mgl\/25d3Bk90\/s400\/jorge-martin-aprilia-racing-te.webp 400w, https:\/\/cdn-1.motorsport.com\/images\/mgl\/25d3Bk90\/s500\/jorge-martin-aprilia-racing-te.webp 500w, https:\/\/cdn-1.motorsport.com\/images\/mgl\/25d3Bk90\/s600\/jorge-martin-aprilia-racing-te.webp 600w, https:\/\/cdn-1.motorsport.com\/images\/mgl\/25d3Bk90\/s700\/jorge-martin-aprilia-racing-te.webp 700w, https:\/\/cdn-1.motorsport.com\/images\/mgl\/25d3Bk90\/s800\/jorge-martin-aprilia-racing-te.webp 800w, https:\/\/cdn-1.motorsport.com\/images\/mgl\/25d3Bk90\/s900\/jorge-martin-aprilia-racing-te.webp 900w, https:\/\/cdn-1.motorsport.com\/images\/mgl\/25d3Bk90\/s1000\/jorge-martin-aprilia-racing-te.webp 1000w, https:\/\/cdn-1.motorsport.com\/images\/mgl\/25d3Bk90\/s1100\/jorge-martin-aprilia-racing-te.webp 1100w, https:\/\/cdn-1.motorsport.com\/images\/mgl\/25d3Bk90\/s1200\/jorge-martin-aprilia-racing-te.webp 1200w\" sizes=\"(min-width:650px) 700px\"\/><img decoding=\"async\" loading=\"lazy\" width=\"700\" height=\"466\" class=\"ms-item__img ms-item__img--3_2\" src=\"https:\/\/cdn-3.motorsport.com\/images\/mgl\/25d3Bk90\/s700\/jorge-martin-aprilia-racing-te.webp\" alt=\"Jorge Martin, Aprilia Racing Team\"\/>\n    <\/picture>\n<\/p><\/div>\n<p>&#13;<br \/>\n&#13;<\/p>\n<h2 class=\"article-fullwidth-gallery_title\">French GP &#8211; Saturday, in photos<\/h2>\n<p>&#13;<br \/>\n                &#13;<br \/>\n                                            <\/a><br \/>\n                                                <a href=\"http:\/\/www.motorsport.com\/motogp\/galleries\/french-gp-saturday-in-photos\/12765\/#72516175\" class=\"article-fullwidth-gallery_item\" data-name=\"gal-12765-marc-marquez-ducati-team-crash-72516175\">&#13;<\/p>\n<div class=\"article-fullwidth-gallery_img-wrapper\">\n<picture class=\"ms-item__picture\" data-photo-id=\"72516175\" data-detail-url=\"\/motogp\/photos\/marc-marquez-ducati-team-crash-72516175\/72516175\/\"><source type=\"image\/webp\" srcset=\"https:\/\/cdn-4.motorsport.com\/images\/mgl\/0JXwdbNY\/s200\/marc-marquez-ducati-team-crash.webp 200w, https:\/\/cdn-4.motorsport.com\/images\/mgl\/0JXwdbNY\/s300\/marc-marquez-ducati-team-crash.webp 300w, https:\/\/cdn-4.motorsport.com\/images\/mgl\/0JXwdbNY\/s400\/marc-marquez-ducati-team-crash.webp 400w, https:\/\/cdn-4.motorsport.com\/images\/mgl\/0JXwdbNY\/s500\/marc-marquez-ducati-team-crash.webp 500w, https:\/\/cdn-4.motorsport.com\/images\/mgl\/0JXwdbNY\/s600\/marc-marquez-ducati-team-crash.webp 600w, https:\/\/cdn-4.motorsport.com\/images\/mgl\/0JXwdbNY\/s700\/marc-marquez-ducati-team-crash.webp 700w, https:\/\/cdn-4.motorsport.com\/images\/mgl\/0JXwdbNY\/s800\/marc-marquez-ducati-team-crash.webp 800w, https:\/\/cdn-4.motorsport.com\/images\/mgl\/0JXwdbNY\/s900\/marc-marquez-ducati-team-crash.webp 900w, https:\/\/cdn-4.motorsport.com\/images\/mgl\/0JXwdbNY\/s1000\/marc-marquez-ducati-team-crash.webp 1000w, https:\/\/cdn-4.motorsport.com\/images\/mgl\/0JXwdbNY\/s1100\/marc-marquez-ducati-team-crash.webp 1100w, https:\/\/cdn-4.motorsport.com\/images\/mgl\/0JXwdbNY\/s1200\/marc-marquez-ducati-team-crash.webp 1200w\" sizes=\"(min-width:650px) 700px\"\/><img decoding=\"async\" loading=\"lazy\" width=\"700\" height=\"466\" class=\"ms-item__img ms-item__img--3_2\" src=\"https:\/\/cdn-1.motorsport.com\/images\/mgl\/0JXwdbNY\/s700\/marc-marquez-ducati-team-crash.webp\" alt=\"Marc Marquez, Ducati Team crash\"\/>\n    <\/picture>\n<\/p><\/div>\n<p>&#13;<br \/>\n&#13;<\/p>\n<h2 class=\"article-fullwidth-gallery_title\">French GP &#8211; Saturday, in photos<\/h2>\n<p>&#13;<br \/>\n                &#13;<br \/>\n                                            <\/a><br \/>\n                                                <a href=\"http:\/\/www.motorsport.com\/motogp\/galleries\/french-gp-saturday-in-photos\/12765\/#72516176\" class=\"article-fullwidth-gallery_item\" data-name=\"gal-12765-marc-marquez-ducati-team-crash-72516176\">&#13;<\/p>\n<div class=\"article-fullwidth-gallery_img-wrapper\">\n<picture class=\"ms-item__picture\" data-photo-id=\"72516176\" data-detail-url=\"\/motogp\/photos\/marc-marquez-ducati-team-crash-72516176\/72516176\/\"><source type=\"image\/webp\" srcset=\"https:\/\/cdn-4.motorsport.com\/images\/mgl\/0arKpMk2\/s200\/marc-marquez-ducati-team-crash.webp 200w, https:\/\/cdn-4.motorsport.com\/images\/mgl\/0arKpMk2\/s300\/marc-marquez-ducati-team-crash.webp 300w, https:\/\/cdn-4.motorsport.com\/images\/mgl\/0arKpMk2\/s400\/marc-marquez-ducati-team-crash.webp 400w, https:\/\/cdn-4.motorsport.com\/images\/mgl\/0arKpMk2\/s500\/marc-marquez-ducati-team-crash.webp 500w, https:\/\/cdn-4.motorsport.com\/images\/mgl\/0arKpMk2\/s600\/marc-marquez-ducati-team-crash.webp 600w, https:\/\/cdn-4.motorsport.com\/images\/mgl\/0arKpMk2\/s700\/marc-marquez-ducati-team-crash.webp 700w, https:\/\/cdn-4.motorsport.com\/images\/mgl\/0arKpMk2\/s800\/marc-marquez-ducati-team-crash.webp 800w, https:\/\/cdn-4.motorsport.com\/images\/mgl\/0arKpMk2\/s900\/marc-marquez-ducati-team-crash.webp 900w, https:\/\/cdn-4.motorsport.com\/images\/mgl\/0arKpMk2\/s1000\/marc-marquez-ducati-team-crash.webp 1000w, https:\/\/cdn-4.motorsport.com\/images\/mgl\/0arKpMk2\/s1100\/marc-marquez-ducati-team-crash.webp 1100w, https:\/\/cdn-4.motorsport.com\/images\/mgl\/0arKpMk2\/s1200\/marc-marquez-ducati-team-crash.webp 1200w\" sizes=\"(min-width:650px) 700px\"\/><img decoding=\"async\" loading=\"lazy\" width=\"700\" height=\"466\" class=\"ms-item__img ms-item__img--3_2\" src=\"https:\/\/cdn-4.motorsport.com\/images\/mgl\/0arKpMk2\/s700\/marc-marquez-ducati-team-crash.webp\" alt=\"Marc Marquez, Ducati Team crash\"\/>\n    <\/picture>\n<\/p><\/div>\n<p>&#13;<br \/>\n&#13;<\/p>\n<h2 class=\"article-fullwidth-gallery_title\">French GP &#8211; Saturday, in photos<\/h2>\n<p>&#13;<br \/>\n                &#13;<br \/>\n                                            <\/a><br \/>\n                                                <a href=\"http:\/\/www.motorsport.com\/motogp\/galleries\/french-gp-saturday-in-photos\/12765\/#72516177\" class=\"article-fullwidth-gallery_item\" data-name=\"gal-12765-marc-marquez-ducati-team-crash-72516177\">&#13;<\/p>\n<div class=\"article-fullwidth-gallery_img-wrapper\">\n<picture class=\"ms-item__picture\" data-photo-id=\"72516177\" data-detail-url=\"\/motogp\/photos\/marc-marquez-ducati-team-crash-72516177\/72516177\/\"><source type=\"image\/webp\" srcset=\"https:\/\/cdn-5.motorsport.com\/images\/mgl\/6grBNMlY\/s200\/marc-marquez-ducati-team-crash.webp 200w, https:\/\/cdn-5.motorsport.com\/images\/mgl\/6grBNMlY\/s300\/marc-marquez-ducati-team-crash.webp 300w, https:\/\/cdn-5.motorsport.com\/images\/mgl\/6grBNMlY\/s400\/marc-marquez-ducati-team-crash.webp 400w, https:\/\/cdn-5.motorsport.com\/images\/mgl\/6grBNMlY\/s500\/marc-marquez-ducati-team-crash.webp 500w, https:\/\/cdn-5.motorsport.com\/images\/mgl\/6grBNMlY\/s600\/marc-marquez-ducati-team-crash.webp 600w, https:\/\/cdn-5.motorsport.com\/images\/mgl\/6grBNMlY\/s700\/marc-marquez-ducati-team-crash.webp 700w, https:\/\/cdn-5.motorsport.com\/images\/mgl\/6grBNMlY\/s800\/marc-marquez-ducati-team-crash.webp 800w, https:\/\/cdn-5.motorsport.com\/images\/mgl\/6grBNMlY\/s900\/marc-marquez-ducati-team-crash.webp 900w, https:\/\/cdn-5.motorsport.com\/images\/mgl\/6grBNMlY\/s1000\/marc-marquez-ducati-team-crash.webp 1000w, https:\/\/cdn-5.motorsport.com\/images\/mgl\/6grBNMlY\/s1100\/marc-marquez-ducati-team-crash.webp 1100w, https:\/\/cdn-5.motorsport.com\/images\/mgl\/6grBNMlY\/s1200\/marc-marquez-ducati-team-crash.webp 1200w\" sizes=\"(min-width:650px) 700px\"\/><img decoding=\"async\" loading=\"lazy\" width=\"700\" height=\"466\" class=\"ms-item__img ms-item__img--3_2\" src=\"https:\/\/cdn-6.motorsport.com\/images\/mgl\/6grBNMlY\/s700\/marc-marquez-ducati-team-crash.webp\" alt=\"Marc Marquez, Ducati Team crash\"\/>\n    <\/picture>\n<\/p><\/div>\n<p>&#13;<br \/>\n&#13;<\/p>\n<h2 class=\"article-fullwidth-gallery_title\">French GP &#8211; Saturday, in photos<\/h2>\n<p>&#13;<br \/>\n                &#13;<br \/>\n                                            <\/a><br \/>\n                                                <a href=\"http:\/\/www.motorsport.com\/motogp\/galleries\/french-gp-saturday-in-photos\/12765\/#72516178\" class=\"article-fullwidth-gallery_item\" data-name=\"gal-12765-marc-marquez-ducati-team-crash-72516178\">&#13;<\/p>\n<div class=\"article-fullwidth-gallery_img-wrapper\">\n<picture class=\"ms-item__picture\" data-photo-id=\"72516178\" data-detail-url=\"\/motogp\/photos\/marc-marquez-ducati-team-crash-72516178\/72516178\/\"><source type=\"image\/webp\" srcset=\"https:\/\/cdn-4.motorsport.com\/images\/mgl\/6zoJVMJ0\/s200\/marc-marquez-ducati-team-crash.webp 200w, https:\/\/cdn-4.motorsport.com\/images\/mgl\/6zoJVMJ0\/s300\/marc-marquez-ducati-team-crash.webp 300w, https:\/\/cdn-4.motorsport.com\/images\/mgl\/6zoJVMJ0\/s400\/marc-marquez-ducati-team-crash.webp 400w, https:\/\/cdn-4.motorsport.com\/images\/mgl\/6zoJVMJ0\/s500\/marc-marquez-ducati-team-crash.webp 500w, https:\/\/cdn-4.motorsport.com\/images\/mgl\/6zoJVMJ0\/s600\/marc-marquez-ducati-team-crash.webp 600w, https:\/\/cdn-4.motorsport.com\/images\/mgl\/6zoJVMJ0\/s700\/marc-marquez-ducati-team-crash.webp 700w, https:\/\/cdn-4.motorsport.com\/images\/mgl\/6zoJVMJ0\/s800\/marc-marquez-ducati-team-crash.webp 800w, https:\/\/cdn-4.motorsport.com\/images\/mgl\/6zoJVMJ0\/s900\/marc-marquez-ducati-team-crash.webp 900w, https:\/\/cdn-4.motorsport.com\/images\/mgl\/6zoJVMJ0\/s1000\/marc-marquez-ducati-team-crash.webp 1000w, https:\/\/cdn-4.motorsport.com\/images\/mgl\/6zoJVMJ0\/s1100\/marc-marquez-ducati-team-crash.webp 1100w, https:\/\/cdn-4.motorsport.com\/images\/mgl\/6zoJVMJ0\/s1200\/marc-marquez-ducati-team-crash.webp 1200w\" sizes=\"(min-width:650px) 700px\"\/><img decoding=\"async\" loading=\"lazy\" width=\"700\" height=\"466\" class=\"ms-item__img ms-item__img--3_2\" src=\"https:\/\/cdn-5.motorsport.com\/images\/mgl\/6zoJVMJ0\/s700\/marc-marquez-ducati-team-crash.webp\" alt=\"Marc Marquez, Ducati Team crash\"\/>\n    <\/picture>\n<\/p><\/div>\n<p>&#13;<br \/>\n&#13;<\/p>\n<h2 class=\"article-fullwidth-gallery_title\">French GP &#8211; Saturday, in photos<\/h2>\n<p>&#13;<br \/>\n                &#13;<br \/>\n                                            <\/a><br \/>\n                                                <a href=\"http:\/\/www.motorsport.com\/motogp\/galleries\/french-gp-saturday-in-photos\/12765\/#72516165\" class=\"article-fullwidth-gallery_item\" data-name=\"gal-12765-luigi-dalligna-ducati-team-72516165\">&#13;<\/p>\n<div class=\"article-fullwidth-gallery_img-wrapper\">\n<picture class=\"ms-item__picture\" data-photo-id=\"72516165\" data-detail-url=\"\/motogp\/photos\/luigi-dalligna-ducati-team-72516165\/72516165\/\"><source type=\"image\/webp\" srcset=\"https:\/\/cdn-6.motorsport.com\/images\/mgl\/2Gdw7joY\/s200\/luigi-dall-igna-ducati-team.webp 200w, https:\/\/cdn-6.motorsport.com\/images\/mgl\/2Gdw7joY\/s300\/luigi-dall-igna-ducati-team.webp 300w, https:\/\/cdn-6.motorsport.com\/images\/mgl\/2Gdw7joY\/s400\/luigi-dall-igna-ducati-team.webp 400w, https:\/\/cdn-6.motorsport.com\/images\/mgl\/2Gdw7joY\/s500\/luigi-dall-igna-ducati-team.webp 500w, https:\/\/cdn-6.motorsport.com\/images\/mgl\/2Gdw7joY\/s600\/luigi-dall-igna-ducati-team.webp 600w, https:\/\/cdn-6.motorsport.com\/images\/mgl\/2Gdw7joY\/s700\/luigi-dall-igna-ducati-team.webp 700w, https:\/\/cdn-6.motorsport.com\/images\/mgl\/2Gdw7joY\/s800\/luigi-dall-igna-ducati-team.webp 800w, https:\/\/cdn-6.motorsport.com\/images\/mgl\/2Gdw7joY\/s900\/luigi-dall-igna-ducati-team.webp 900w, https:\/\/cdn-6.motorsport.com\/images\/mgl\/2Gdw7joY\/s1000\/luigi-dall-igna-ducati-team.webp 1000w, https:\/\/cdn-6.motorsport.com\/images\/mgl\/2Gdw7joY\/s1100\/luigi-dall-igna-ducati-team.webp 1100w, https:\/\/cdn-6.motorsport.com\/images\/mgl\/2Gdw7joY\/s1200\/luigi-dall-igna-ducati-team.webp 1200w\" sizes=\"(min-width:650px) 700px\"\/><img decoding=\"async\" loading=\"lazy\" width=\"700\" height=\"466\" class=\"ms-item__img ms-item__img--3_2\" src=\"https:\/\/cdn-2.motorsport.com\/images\/mgl\/2Gdw7joY\/s700\/luigi-dall-igna-ducati-team.webp\" alt=\"Luigi Dall'Igna, Ducati Team\"\/>\n    <\/picture>\n<\/p><\/div>\n<p>&#13;<br \/>\n&#13;<\/p>\n<h2 class=\"article-fullwidth-gallery_title\">French GP &#8211; Saturday, in photos<\/h2>\n<p>&#13;<br \/>\n                &#13;<br \/>\n                                            <\/a><br \/>\n                                                <a href=\"http:\/\/www.motorsport.com\/motogp\/galleries\/french-gp-saturday-in-photos\/12765\/#72516174\" class=\"article-fullwidth-gallery_item\" data-name=\"gal-12765-fabio-quartararo-yamaha-factory-racing-72516174\">&#13;<\/p>\n<div class=\"article-fullwidth-gallery_img-wrapper\">\n<picture class=\"ms-item__picture\" data-photo-id=\"72516174\" data-detail-url=\"\/motogp\/photos\/fabio-quartararo-yamaha-factory-racing-72516174\/72516174\/\"><source type=\"image\/webp\" srcset=\"https:\/\/cdn-6.motorsport.com\/images\/mgl\/24Qe8MPY\/s200\/fabio-quartararo-yamaha-factor.webp 200w, https:\/\/cdn-6.motorsport.com\/images\/mgl\/24Qe8MPY\/s300\/fabio-quartararo-yamaha-factor.webp 300w, https:\/\/cdn-6.motorsport.com\/images\/mgl\/24Qe8MPY\/s400\/fabio-quartararo-yamaha-factor.webp 400w, https:\/\/cdn-6.motorsport.com\/images\/mgl\/24Qe8MPY\/s500\/fabio-quartararo-yamaha-factor.webp 500w, https:\/\/cdn-6.motorsport.com\/images\/mgl\/24Qe8MPY\/s600\/fabio-quartararo-yamaha-factor.webp 600w, https:\/\/cdn-6.motorsport.com\/images\/mgl\/24Qe8MPY\/s700\/fabio-quartararo-yamaha-factor.webp 700w, https:\/\/cdn-6.motorsport.com\/images\/mgl\/24Qe8MPY\/s800\/fabio-quartararo-yamaha-factor.webp 800w, https:\/\/cdn-6.motorsport.com\/images\/mgl\/24Qe8MPY\/s900\/fabio-quartararo-yamaha-factor.webp 900w, https:\/\/cdn-6.motorsport.com\/images\/mgl\/24Qe8MPY\/s1000\/fabio-quartararo-yamaha-factor.webp 1000w, https:\/\/cdn-6.motorsport.com\/images\/mgl\/24Qe8MPY\/s1100\/fabio-quartararo-yamaha-factor.webp 1100w, https:\/\/cdn-6.motorsport.com\/images\/mgl\/24Qe8MPY\/s1200\/fabio-quartararo-yamaha-factor.webp 1200w\" sizes=\"(min-width:650px) 700px\"\/><img decoding=\"async\" loading=\"lazy\" width=\"700\" height=\"466\" class=\"ms-item__img ms-item__img--3_2\" src=\"https:\/\/cdn-9.motorsport.com\/images\/mgl\/24Qe8MPY\/s700\/fabio-quartararo-yamaha-factor.webp\" alt=\"Fabio Quartararo, Yamaha Factory Racing\"\/>\n    <\/picture>\n<\/p><\/div>\n<p>&#13;<br \/>\n&#13;<\/p>\n<h2 class=\"article-fullwidth-gallery_title\">French GP &#8211; Saturday, in photos<\/h2>\n<p>&#13;<br \/>\n                &#13;<br \/>\n                                            <\/a><br \/>\n                                                <a href=\"http:\/\/www.motorsport.com\/motogp\/galleries\/french-gp-saturday-in-photos\/12765\/#72516397\" class=\"article-fullwidth-gallery_item\" data-name=\"gal-12765-jorge-martin-aprilia-racing-team-72516397\">&#13;<\/p>\n<div class=\"article-fullwidth-gallery_img-wrapper\">\n<picture class=\"ms-item__picture\" data-photo-id=\"72516397\" data-detail-url=\"\/motogp\/photos\/jorge-martin-aprilia-racing-team-72516397\/72516397\/\"><source type=\"image\/webp\" srcset=\"https:\/\/cdn-3.motorsport.com\/images\/mgl\/27NQZ7x0\/s200\/jorge-martin-aprilia-racing-te.webp 200w, https:\/\/cdn-3.motorsport.com\/images\/mgl\/27NQZ7x0\/s300\/jorge-martin-aprilia-racing-te.webp 300w, https:\/\/cdn-3.motorsport.com\/images\/mgl\/27NQZ7x0\/s400\/jorge-martin-aprilia-racing-te.webp 400w, https:\/\/cdn-3.motorsport.com\/images\/mgl\/27NQZ7x0\/s500\/jorge-martin-aprilia-racing-te.webp 500w, https:\/\/cdn-3.motorsport.com\/images\/mgl\/27NQZ7x0\/s600\/jorge-martin-aprilia-racing-te.webp 600w, https:\/\/cdn-3.motorsport.com\/images\/mgl\/27NQZ7x0\/s700\/jorge-martin-aprilia-racing-te.webp 700w, https:\/\/cdn-3.motorsport.com\/images\/mgl\/27NQZ7x0\/s800\/jorge-martin-aprilia-racing-te.webp 800w, https:\/\/cdn-3.motorsport.com\/images\/mgl\/27NQZ7x0\/s900\/jorge-martin-aprilia-racing-te.webp 900w, https:\/\/cdn-3.motorsport.com\/images\/mgl\/27NQZ7x0\/s1000\/jorge-martin-aprilia-racing-te.webp 1000w, https:\/\/cdn-3.motorsport.com\/images\/mgl\/27NQZ7x0\/s1100\/jorge-martin-aprilia-racing-te.webp 1100w, https:\/\/cdn-3.motorsport.com\/images\/mgl\/27NQZ7x0\/s1200\/jorge-martin-aprilia-racing-te.webp 1200w\" sizes=\"(min-width:650px) 700px\"\/><img decoding=\"async\" loading=\"lazy\" width=\"700\" height=\"466\" class=\"ms-item__img ms-item__img--3_2\" src=\"https:\/\/cdn-8.motorsport.com\/images\/mgl\/27NQZ7x0\/s700\/jorge-martin-aprilia-racing-te.webp\" alt=\"Jorge Martin, Aprilia Racing Team\"\/>\n    <\/picture>\n<\/p><\/div>\n<p>&#13;<br \/>\n&#13;<\/p>\n<h2 class=\"article-fullwidth-gallery_title\">French GP &#8211; Saturday, in photos<\/h2>\n<p>&#13;<br \/>\n                &#13;<br \/>\n                                            <\/a><br \/>\n                                                <a href=\"http:\/\/www.motorsport.com\/motogp\/galleries\/french-gp-saturday-in-photos\/12765\/#72516181\" class=\"article-fullwidth-gallery_item\" data-name=\"gal-12765-jorge-martin-aprilia-racing-72516181\">&#13;<\/p>\n<div class=\"article-fullwidth-gallery_img-wrapper\">\n<picture class=\"ms-item__picture\" data-photo-id=\"72516181\" data-detail-url=\"\/motogp\/photos\/jorge-martin-aprilia-racing-72516181\/72516181\/\"><source type=\"image\/webp\" srcset=\"https:\/\/cdn-7.motorsport.com\/images\/mgl\/YBVobMMY\/s200\/jorge-martin-aprilia-racing.webp 200w, https:\/\/cdn-7.motorsport.com\/images\/mgl\/YBVobMMY\/s300\/jorge-martin-aprilia-racing.webp 300w, https:\/\/cdn-7.motorsport.com\/images\/mgl\/YBVobMMY\/s400\/jorge-martin-aprilia-racing.webp 400w, https:\/\/cdn-7.motorsport.com\/images\/mgl\/YBVobMMY\/s500\/jorge-martin-aprilia-racing.webp 500w, https:\/\/cdn-7.motorsport.com\/images\/mgl\/YBVobMMY\/s600\/jorge-martin-aprilia-racing.webp 600w, https:\/\/cdn-7.motorsport.com\/images\/mgl\/YBVobMMY\/s700\/jorge-martin-aprilia-racing.webp 700w, https:\/\/cdn-7.motorsport.com\/images\/mgl\/YBVobMMY\/s800\/jorge-martin-aprilia-racing.webp 800w, https:\/\/cdn-7.motorsport.com\/images\/mgl\/YBVobMMY\/s900\/jorge-martin-aprilia-racing.webp 900w, https:\/\/cdn-7.motorsport.com\/images\/mgl\/YBVobMMY\/s1000\/jorge-martin-aprilia-racing.webp 1000w, https:\/\/cdn-7.motorsport.com\/images\/mgl\/YBVobMMY\/s1100\/jorge-martin-aprilia-racing.webp 1100w, https:\/\/cdn-7.motorsport.com\/images\/mgl\/YBVobMMY\/s1200\/jorge-martin-aprilia-racing.webp 1200w\" sizes=\"(min-width:650px) 700px\"\/><img decoding=\"async\" loading=\"lazy\" width=\"700\" height=\"466\" class=\"ms-item__img ms-item__img--3_2\" src=\"https:\/\/cdn-9.motorsport.com\/images\/mgl\/YBVobMMY\/s700\/jorge-martin-aprilia-racing.webp\" alt=\"Jorge Martin, Aprilia Racing\"\/>\n    <\/picture>\n<\/p><\/div>\n<p>&#13;<br \/>\n&#13;<\/p>\n<h2 class=\"article-fullwidth-gallery_title\">French GP &#8211; Saturday, in photos<\/h2>\n<p>&#13;<br \/>\n                &#13;<br \/>\n                                            <\/a><br \/>\n                                                <a href=\"http:\/\/www.motorsport.com\/motogp\/galleries\/french-gp-saturday-in-photos\/12765\/#72516182\" class=\"article-fullwidth-gallery_item\" data-name=\"gal-12765-jorge-martin-aprilia-racing-72516182\">&#13;<\/p>\n<div class=\"article-fullwidth-gallery_img-wrapper\">\n<picture class=\"ms-item__picture\" data-photo-id=\"72516182\" data-detail-url=\"\/motogp\/photos\/jorge-martin-aprilia-racing-72516182\/72516182\/\"><source type=\"image\/webp\" srcset=\"https:\/\/cdn-3.motorsport.com\/images\/mgl\/YE9w3eMY\/s200\/jorge-martin-aprilia-racing.webp 200w, https:\/\/cdn-3.motorsport.com\/images\/mgl\/YE9w3eMY\/s300\/jorge-martin-aprilia-racing.webp 300w, https:\/\/cdn-3.motorsport.com\/images\/mgl\/YE9w3eMY\/s400\/jorge-martin-aprilia-racing.webp 400w, https:\/\/cdn-3.motorsport.com\/images\/mgl\/YE9w3eMY\/s500\/jorge-martin-aprilia-racing.webp 500w, https:\/\/cdn-3.motorsport.com\/images\/mgl\/YE9w3eMY\/s600\/jorge-martin-aprilia-racing.webp 600w, https:\/\/cdn-3.motorsport.com\/images\/mgl\/YE9w3eMY\/s700\/jorge-martin-aprilia-racing.webp 700w, https:\/\/cdn-3.motorsport.com\/images\/mgl\/YE9w3eMY\/s800\/jorge-martin-aprilia-racing.webp 800w, https:\/\/cdn-3.motorsport.com\/images\/mgl\/YE9w3eMY\/s900\/jorge-martin-aprilia-racing.webp 900w, https:\/\/cdn-3.motorsport.com\/images\/mgl\/YE9w3eMY\/s1000\/jorge-martin-aprilia-racing.webp 1000w, https:\/\/cdn-3.motorsport.com\/images\/mgl\/YE9w3eMY\/s1100\/jorge-martin-aprilia-racing.webp 1100w, https:\/\/cdn-3.motorsport.com\/images\/mgl\/YE9w3eMY\/s1200\/jorge-martin-aprilia-racing.webp 1200w\" sizes=\"(min-width:650px) 700px\"\/><img decoding=\"async\" loading=\"lazy\" width=\"700\" height=\"466\" class=\"ms-item__img ms-item__img--3_2\" src=\"https:\/\/cdn-6.motorsport.com\/images\/mgl\/YE9w3eMY\/s700\/jorge-martin-aprilia-racing.webp\" alt=\"Jorge Martin, Aprilia Racing\"\/>\n    <\/picture>\n<\/p><\/div>\n<p>&#13;<br \/>\n&#13;<\/p>\n<h2 class=\"article-fullwidth-gallery_title\">French GP &#8211; Saturday, in photos<\/h2>\n<p>&#13;<br \/>\n                &#13;<br \/>\n                                            <\/a><br \/>\n                                                <a href=\"http:\/\/www.motorsport.com\/motogp\/galleries\/french-gp-saturday-in-photos\/12765\/#72516386\" class=\"article-fullwidth-gallery_item\" data-name=\"gal-12765-jorge-martin-aprilia-racing-team-72516386\">&#13;<\/p>\n<div class=\"article-fullwidth-gallery_img-wrapper\">\n<picture class=\"ms-item__picture\" data-photo-id=\"72516386\" data-detail-url=\"\/motogp\/photos\/jorge-martin-aprilia-racing-team-72516386\/72516386\/\"><source type=\"image\/webp\" srcset=\"https:\/\/cdn-9.motorsport.com\/images\/mgl\/2jEDqKk0\/s200\/jorge-martin-aprilia-racing-te.webp 200w, https:\/\/cdn-9.motorsport.com\/images\/mgl\/2jEDqKk0\/s300\/jorge-martin-aprilia-racing-te.webp 300w, https:\/\/cdn-9.motorsport.com\/images\/mgl\/2jEDqKk0\/s400\/jorge-martin-aprilia-racing-te.webp 400w, https:\/\/cdn-9.motorsport.com\/images\/mgl\/2jEDqKk0\/s500\/jorge-martin-aprilia-racing-te.webp 500w, https:\/\/cdn-9.motorsport.com\/images\/mgl\/2jEDqKk0\/s600\/jorge-martin-aprilia-racing-te.webp 600w, https:\/\/cdn-9.motorsport.com\/images\/mgl\/2jEDqKk0\/s700\/jorge-martin-aprilia-racing-te.webp 700w, https:\/\/cdn-9.motorsport.com\/images\/mgl\/2jEDqKk0\/s800\/jorge-martin-aprilia-racing-te.webp 800w, https:\/\/cdn-9.motorsport.com\/images\/mgl\/2jEDqKk0\/s900\/jorge-martin-aprilia-racing-te.webp 900w, https:\/\/cdn-9.motorsport.com\/images\/mgl\/2jEDqKk0\/s1000\/jorge-martin-aprilia-racing-te.webp 1000w, https:\/\/cdn-9.motorsport.com\/images\/mgl\/2jEDqKk0\/s1100\/jorge-martin-aprilia-racing-te.webp 1100w, https:\/\/cdn-9.motorsport.com\/images\/mgl\/2jEDqKk0\/s1200\/jorge-martin-aprilia-racing-te.webp 1200w\" sizes=\"(min-width:650px) 700px\"\/><img decoding=\"async\" loading=\"lazy\" width=\"700\" height=\"466\" class=\"ms-item__img ms-item__img--3_2\" src=\"https:\/\/cdn-2.motorsport.com\/images\/mgl\/2jEDqKk0\/s700\/jorge-martin-aprilia-racing-te.webp\" alt=\"Jorge Martin, Aprilia Racing Team\"\/>\n    <\/picture>\n<\/p><\/div>\n<p>&#13;<br \/>\n&#13;<\/p>\n<h2 class=\"article-fullwidth-gallery_title\">French GP &#8211; Saturday, in photos<\/h2>\n<p>&#13;<br \/>\n                &#13;<br \/>\n                                            <\/a><br \/>\n                                                <a href=\"http:\/\/www.motorsport.com\/motogp\/galleries\/french-gp-saturday-in-photos\/12765\/#72516376\" class=\"article-fullwidth-gallery_item\" data-name=\"gal-12765-jorge-martin-aprilia-racing-team-72516376\">&#13;<\/p>\n<div class=\"article-fullwidth-gallery_img-wrapper\">\n<picture class=\"ms-item__picture\" data-photo-id=\"72516376\" data-detail-url=\"\/motogp\/photos\/jorge-martin-aprilia-racing-team-72516376\/72516376\/\"><source type=\"image\/webp\" srcset=\"https:\/\/cdn-2.motorsport.com\/images\/mgl\/6zoJVML0\/s200\/jorge-martin-aprilia-racing-te.webp 200w, https:\/\/cdn-2.motorsport.com\/images\/mgl\/6zoJVML0\/s300\/jorge-martin-aprilia-racing-te.webp 300w, https:\/\/cdn-2.motorsport.com\/images\/mgl\/6zoJVML0\/s400\/jorge-martin-aprilia-racing-te.webp 400w, https:\/\/cdn-2.motorsport.com\/images\/mgl\/6zoJVML0\/s500\/jorge-martin-aprilia-racing-te.webp 500w, https:\/\/cdn-2.motorsport.com\/images\/mgl\/6zoJVML0\/s600\/jorge-martin-aprilia-racing-te.webp 600w, https:\/\/cdn-2.motorsport.com\/images\/mgl\/6zoJVML0\/s700\/jorge-martin-aprilia-racing-te.webp 700w, https:\/\/cdn-2.motorsport.com\/images\/mgl\/6zoJVML0\/s800\/jorge-martin-aprilia-racing-te.webp 800w, https:\/\/cdn-2.motorsport.com\/images\/mgl\/6zoJVML0\/s900\/jorge-martin-aprilia-racing-te.webp 900w, https:\/\/cdn-2.motorsport.com\/images\/mgl\/6zoJVML0\/s1000\/jorge-martin-aprilia-racing-te.webp 1000w, https:\/\/cdn-2.motorsport.com\/images\/mgl\/6zoJVML0\/s1100\/jorge-martin-aprilia-racing-te.webp 1100w, https:\/\/cdn-2.motorsport.com\/images\/mgl\/6zoJVML0\/s1200\/jorge-martin-aprilia-racing-te.webp 1200w\" sizes=\"(min-width:650px) 700px\"\/><img decoding=\"async\" loading=\"lazy\" width=\"700\" height=\"466\" class=\"ms-item__img ms-item__img--3_2\" src=\"https:\/\/cdn-9.motorsport.com\/images\/mgl\/6zoJVML0\/s700\/jorge-martin-aprilia-racing-te.webp\" alt=\"Jorge Martin, Aprilia Racing Team\"\/>\n    <\/picture>\n<\/p><\/div>\n<p>&#13;<br \/>\n&#13;<\/p>\n<h2 class=\"article-fullwidth-gallery_title\">French GP &#8211; Saturday, in photos<\/h2>\n<p>&#13;<br \/>\n                &#13;<br \/>\n                                            <\/a><br \/>\n                                                <a href=\"http:\/\/www.motorsport.com\/motogp\/galleries\/french-gp-saturday-in-photos\/12765\/#72516377\" class=\"article-fullwidth-gallery_item\" data-name=\"gal-12765-jorge-martin-aprilia-racing-team-72516377\">&#13;<\/p>\n<div class=\"article-fullwidth-gallery_img-wrapper\">\n<picture class=\"ms-item__picture\" data-photo-id=\"72516377\" data-detail-url=\"\/motogp\/photos\/jorge-martin-aprilia-racing-team-72516377\/72516377\/\"><source type=\"image\/webp\" srcset=\"https:\/\/cdn-3.motorsport.com\/images\/mgl\/0rVxEKd0\/s200\/jorge-martin-aprilia-racing-te.webp 200w, https:\/\/cdn-3.motorsport.com\/images\/mgl\/0rVxEKd0\/s300\/jorge-martin-aprilia-racing-te.webp 300w, https:\/\/cdn-3.motorsport.com\/images\/mgl\/0rVxEKd0\/s400\/jorge-martin-aprilia-racing-te.webp 400w, https:\/\/cdn-3.motorsport.com\/images\/mgl\/0rVxEKd0\/s500\/jorge-martin-aprilia-racing-te.webp 500w, https:\/\/cdn-3.motorsport.com\/images\/mgl\/0rVxEKd0\/s600\/jorge-martin-aprilia-racing-te.webp 600w, https:\/\/cdn-3.motorsport.com\/images\/mgl\/0rVxEKd0\/s700\/jorge-martin-aprilia-racing-te.webp 700w, https:\/\/cdn-3.motorsport.com\/images\/mgl\/0rVxEKd0\/s800\/jorge-martin-aprilia-racing-te.webp 800w, https:\/\/cdn-3.motorsport.com\/images\/mgl\/0rVxEKd0\/s900\/jorge-martin-aprilia-racing-te.webp 900w, https:\/\/cdn-3.motorsport.com\/images\/mgl\/0rVxEKd0\/s1000\/jorge-martin-aprilia-racing-te.webp 1000w, https:\/\/cdn-3.motorsport.com\/images\/mgl\/0rVxEKd0\/s1100\/jorge-martin-aprilia-racing-te.webp 1100w, https:\/\/cdn-3.motorsport.com\/images\/mgl\/0rVxEKd0\/s1200\/jorge-martin-aprilia-racing-te.webp 1200w\" sizes=\"(min-width:650px) 700px\"\/><img decoding=\"async\" loading=\"lazy\" width=\"700\" height=\"466\" class=\"ms-item__img ms-item__img--3_2\" src=\"https:\/\/cdn-7.motorsport.com\/images\/mgl\/0rVxEKd0\/s700\/jorge-martin-aprilia-racing-te.webp\" alt=\"Jorge Martin, Aprilia Racing Team\"\/>\n    <\/picture>\n<\/p><\/div>\n<p>&#13;<br \/>\n&#13;<\/p>\n<h2 class=\"article-fullwidth-gallery_title\">French GP &#8211; Saturday, in photos<\/h2>\n<p>&#13;<br \/>\n                &#13;<br \/>\n                                            <\/a><br \/>\n                                                <a href=\"http:\/\/www.motorsport.com\/motogp\/galleries\/french-gp-saturday-in-photos\/12765\/#72521348\" class=\"article-fullwidth-gallery_item\" data-name=\"gal-12765-freddie-spencer-72521348\">&#13;<\/p>\n<div class=\"article-fullwidth-gallery_img-wrapper\">\n<picture class=\"ms-item__picture\" data-photo-id=\"72521348\" data-detail-url=\"\/motogp\/photos\/freddie-spencer-72521348\/72521348\/\"><source type=\"image\/webp\" srcset=\"https:\/\/cdn-3.motorsport.com\/images\/mgl\/YK13wXb0\/s200\/freddie-spencer.webp 200w, https:\/\/cdn-3.motorsport.com\/images\/mgl\/YK13wXb0\/s300\/freddie-spencer.webp 300w, https:\/\/cdn-3.motorsport.com\/images\/mgl\/YK13wXb0\/s400\/freddie-spencer.webp 400w, https:\/\/cdn-3.motorsport.com\/images\/mgl\/YK13wXb0\/s500\/freddie-spencer.webp 500w, https:\/\/cdn-3.motorsport.com\/images\/mgl\/YK13wXb0\/s600\/freddie-spencer.webp 600w, https:\/\/cdn-3.motorsport.com\/images\/mgl\/YK13wXb0\/s700\/freddie-spencer.webp 700w, https:\/\/cdn-3.motorsport.com\/images\/mgl\/YK13wXb0\/s800\/freddie-spencer.webp 800w, https:\/\/cdn-3.motorsport.com\/images\/mgl\/YK13wXb0\/s900\/freddie-spencer.webp 900w, https:\/\/cdn-3.motorsport.com\/images\/mgl\/YK13wXb0\/s1000\/freddie-spencer.webp 1000w, https:\/\/cdn-3.motorsport.com\/images\/mgl\/YK13wXb0\/s1100\/freddie-spencer.webp 1100w, https:\/\/cdn-3.motorsport.com\/images\/mgl\/YK13wXb0\/s1200\/freddie-spencer.webp 1200w\" sizes=\"(min-width:650px) 700px\"\/><img decoding=\"async\" loading=\"lazy\" width=\"700\" height=\"466\" class=\"ms-item__img ms-item__img--3_2\" src=\"https:\/\/cdn-3.motorsport.com\/images\/mgl\/YK13wXb0\/s700\/freddie-spencer.webp\" alt=\"Freddie Spencer\"\/>\n    <\/picture>\n<\/p><\/div>\n<p>&#13;<br \/>\n&#13;<\/p>\n<h2 class=\"article-fullwidth-gallery_title\">French GP &#8211; Saturday, in photos<\/h2>\n<p>&#13;<br \/>\n                &#13;<br \/>\n                                            <\/a><br \/>\n                                                <a href=\"http:\/\/www.motorsport.com\/motogp\/galleries\/french-gp-saturday-in-photos\/12765\/#72521351\" class=\"article-fullwidth-gallery_item\" data-name=\"gal-12765-freddie-spencer-72521351\">&#13;<\/p>\n<div class=\"article-fullwidth-gallery_img-wrapper\">\n<picture class=\"ms-item__picture\" data-photo-id=\"72521351\" data-detail-url=\"\/motogp\/photos\/freddie-spencer-72521351\/72521351\/\"><source type=\"image\/webp\" srcset=\"https:\/\/cdn-6.motorsport.com\/images\/mgl\/6Al7OBEY\/s200\/freddie-spencer.webp 200w, https:\/\/cdn-6.motorsport.com\/images\/mgl\/6Al7OBEY\/s300\/freddie-spencer.webp 300w, https:\/\/cdn-6.motorsport.com\/images\/mgl\/6Al7OBEY\/s400\/freddie-spencer.webp 400w, https:\/\/cdn-6.motorsport.com\/images\/mgl\/6Al7OBEY\/s500\/freddie-spencer.webp 500w, https:\/\/cdn-6.motorsport.com\/images\/mgl\/6Al7OBEY\/s600\/freddie-spencer.webp 600w, https:\/\/cdn-6.motorsport.com\/images\/mgl\/6Al7OBEY\/s700\/freddie-spencer.webp 700w, https:\/\/cdn-6.motorsport.com\/images\/mgl\/6Al7OBEY\/s800\/freddie-spencer.webp 800w, https:\/\/cdn-6.motorsport.com\/images\/mgl\/6Al7OBEY\/s900\/freddie-spencer.webp 900w, https:\/\/cdn-6.motorsport.com\/images\/mgl\/6Al7OBEY\/s1000\/freddie-spencer.webp 1000w, https:\/\/cdn-6.motorsport.com\/images\/mgl\/6Al7OBEY\/s1100\/freddie-spencer.webp 1100w, https:\/\/cdn-6.motorsport.com\/images\/mgl\/6Al7OBEY\/s1200\/freddie-spencer.webp 1200w\" sizes=\"(min-width:650px) 700px\"\/><img decoding=\"async\" loading=\"lazy\" width=\"700\" height=\"466\" class=\"ms-item__img ms-item__img--3_2\" src=\"https:\/\/cdn-9.motorsport.com\/images\/mgl\/6Al7OBEY\/s700\/freddie-spencer.webp\" alt=\"Freddie Spencer\"\/>\n    <\/picture>\n<\/p><\/div>\n<p>&#13;<br \/>\n&#13;<\/p>\n<h2 class=\"article-fullwidth-gallery_title\">French GP &#8211; Saturday, in photos<\/h2>\n<p>&#13;<br \/>\n                &#13;<br \/>\n                                            <\/a><br \/>\n                                                <a href=\"http:\/\/www.motorsport.com\/motogp\/galleries\/french-gp-saturday-in-photos\/12765\/#72521352\" class=\"article-fullwidth-gallery_item\" data-name=\"gal-12765-freddie-spencer-72521352\">&#13;<\/p>\n<div class=\"article-fullwidth-gallery_img-wrapper\">\n<picture class=\"ms-item__picture\" data-photo-id=\"72521352\" data-detail-url=\"\/motogp\/photos\/freddie-spencer-72521352\/72521352\/\"><source type=\"image\/webp\" srcset=\"https:\/\/cdn-6.motorsport.com\/images\/mgl\/YvKQ9zx6\/s200\/freddie-spencer.webp 200w, https:\/\/cdn-6.motorsport.com\/images\/mgl\/YvKQ9zx6\/s300\/freddie-spencer.webp 300w, https:\/\/cdn-6.motorsport.com\/images\/mgl\/YvKQ9zx6\/s400\/freddie-spencer.webp 400w, https:\/\/cdn-6.motorsport.com\/images\/mgl\/YvKQ9zx6\/s500\/freddie-spencer.webp 500w, https:\/\/cdn-6.motorsport.com\/images\/mgl\/YvKQ9zx6\/s600\/freddie-spencer.webp 600w, https:\/\/cdn-6.motorsport.com\/images\/mgl\/YvKQ9zx6\/s700\/freddie-spencer.webp 700w, https:\/\/cdn-6.motorsport.com\/images\/mgl\/YvKQ9zx6\/s800\/freddie-spencer.webp 800w, https:\/\/cdn-6.motorsport.com\/images\/mgl\/YvKQ9zx6\/s900\/freddie-spencer.webp 900w, https:\/\/cdn-6.motorsport.com\/images\/mgl\/YvKQ9zx6\/s1000\/freddie-spencer.webp 1000w, https:\/\/cdn-6.motorsport.com\/images\/mgl\/YvKQ9zx6\/s1100\/freddie-spencer.webp 1100w, https:\/\/cdn-6.motorsport.com\/images\/mgl\/YvKQ9zx6\/s1200\/freddie-spencer.webp 1200w\" sizes=\"(min-width:650px) 700px\"\/><img decoding=\"async\" loading=\"lazy\" width=\"700\" height=\"466\" class=\"ms-item__img ms-item__img--3_2\" src=\"https:\/\/cdn-7.motorsport.com\/images\/mgl\/YvKQ9zx6\/s700\/freddie-spencer.webp\" alt=\"Freddie Spencer\"\/>\n    <\/picture>\n<\/p><\/div>\n<p>&#13;<br \/>\n&#13;<\/p>\n<h2 class=\"article-fullwidth-gallery_title\">French GP &#8211; Saturday, in photos<\/h2>\n<p>&#13;<br \/>\n                &#13;<br \/>\n                                            <\/a><br \/>\n                                                <a href=\"http:\/\/www.motorsport.com\/motogp\/galleries\/french-gp-saturday-in-photos\/12765\/#72521353\" class=\"article-fullwidth-gallery_item\" data-name=\"gal-12765-fabio-quartararo-yamaha-factory-racing-72521353\">&#13;<\/p>\n<div class=\"article-fullwidth-gallery_img-wrapper\">\n<picture class=\"ms-item__picture\" data-photo-id=\"72521353\" data-detail-url=\"\/motogp\/photos\/fabio-quartararo-yamaha-factory-racing-72521353\/72521353\/\"><source type=\"image\/webp\" srcset=\"https:\/\/cdn-8.motorsport.com\/images\/mgl\/6n7Azpm0\/s200\/fabio-quartararo-yamaha-factor.webp 200w, https:\/\/cdn-8.motorsport.com\/images\/mgl\/6n7Azpm0\/s300\/fabio-quartararo-yamaha-factor.webp 300w, https:\/\/cdn-8.motorsport.com\/images\/mgl\/6n7Azpm0\/s400\/fabio-quartararo-yamaha-factor.webp 400w, https:\/\/cdn-8.motorsport.com\/images\/mgl\/6n7Azpm0\/s500\/fabio-quartararo-yamaha-factor.webp 500w, https:\/\/cdn-8.motorsport.com\/images\/mgl\/6n7Azpm0\/s600\/fabio-quartararo-yamaha-factor.webp 600w, https:\/\/cdn-8.motorsport.com\/images\/mgl\/6n7Azpm0\/s700\/fabio-quartararo-yamaha-factor.webp 700w, https:\/\/cdn-8.motorsport.com\/images\/mgl\/6n7Azpm0\/s800\/fabio-quartararo-yamaha-factor.webp 800w, https:\/\/cdn-8.motorsport.com\/images\/mgl\/6n7Azpm0\/s900\/fabio-quartararo-yamaha-factor.webp 900w, https:\/\/cdn-8.motorsport.com\/images\/mgl\/6n7Azpm0\/s1000\/fabio-quartararo-yamaha-factor.webp 1000w, https:\/\/cdn-8.motorsport.com\/images\/mgl\/6n7Azpm0\/s1100\/fabio-quartararo-yamaha-factor.webp 1100w, https:\/\/cdn-8.motorsport.com\/images\/mgl\/6n7Azpm0\/s1200\/fabio-quartararo-yamaha-factor.webp 1200w\" sizes=\"(min-width:650px) 700px\"\/><img decoding=\"async\" loading=\"lazy\" width=\"700\" height=\"466\" class=\"ms-item__img ms-item__img--3_2\" src=\"https:\/\/cdn-1.motorsport.com\/images\/mgl\/6n7Azpm0\/s700\/fabio-quartararo-yamaha-factor.webp\" alt=\"Fabio Quartararo, Yamaha Factory Racing\"\/>\n    <\/picture>\n<\/p><\/div>\n<p>&#13;<br \/>\n&#13;<\/p>\n<h2 class=\"article-fullwidth-gallery_title\">French GP &#8211; Saturday, in photos<\/h2>\n<p>&#13;<br \/>\n                &#13;<br \/>\n                                            <\/a><br \/>\n                                                <a href=\"http:\/\/www.motorsport.com\/motogp\/galleries\/french-gp-saturday-in-photos\/12765\/#72521356\" class=\"article-fullwidth-gallery_item\" data-name=\"gal-12765-bike-of-fabio-quartararo-yamaha-factory-racing-72521356\">&#13;<\/p>\n<div class=\"article-fullwidth-gallery_img-wrapper\">\n<picture class=\"ms-item__picture\" data-photo-id=\"72521356\" data-detail-url=\"\/motogp\/photos\/bike-of-fabio-quartararo-yamaha-factory-racing-72521356\/72521356\/\"><source type=\"image\/webp\" srcset=\"https:\/\/cdn-7.motorsport.com\/images\/mgl\/YP7rzEB2\/s200\/bike-of-fabio-quartararo-yamah.webp 200w, https:\/\/cdn-7.motorsport.com\/images\/mgl\/YP7rzEB2\/s300\/bike-of-fabio-quartararo-yamah.webp 300w, https:\/\/cdn-7.motorsport.com\/images\/mgl\/YP7rzEB2\/s400\/bike-of-fabio-quartararo-yamah.webp 400w, https:\/\/cdn-7.motorsport.com\/images\/mgl\/YP7rzEB2\/s500\/bike-of-fabio-quartararo-yamah.webp 500w, https:\/\/cdn-7.motorsport.com\/images\/mgl\/YP7rzEB2\/s600\/bike-of-fabio-quartararo-yamah.webp 600w, https:\/\/cdn-7.motorsport.com\/images\/mgl\/YP7rzEB2\/s700\/bike-of-fabio-quartararo-yamah.webp 700w, https:\/\/cdn-7.motorsport.com\/images\/mgl\/YP7rzEB2\/s800\/bike-of-fabio-quartararo-yamah.webp 800w, https:\/\/cdn-7.motorsport.com\/images\/mgl\/YP7rzEB2\/s900\/bike-of-fabio-quartararo-yamah.webp 900w, https:\/\/cdn-7.motorsport.com\/images\/mgl\/YP7rzEB2\/s1000\/bike-of-fabio-quartararo-yamah.webp 1000w, https:\/\/cdn-7.motorsport.com\/images\/mgl\/YP7rzEB2\/s1100\/bike-of-fabio-quartararo-yamah.webp 1100w, https:\/\/cdn-7.motorsport.com\/images\/mgl\/YP7rzEB2\/s1200\/bike-of-fabio-quartararo-yamah.webp 1200w\" sizes=\"(min-width:650px) 700px\"\/><img decoding=\"async\" loading=\"lazy\" width=\"700\" height=\"466\" class=\"ms-item__img ms-item__img--3_2\" src=\"https:\/\/cdn-1.motorsport.com\/images\/mgl\/YP7rzEB2\/s700\/bike-of-fabio-quartararo-yamah.webp\" alt=\"Fabio Quartararo's Bike, Yamaha Factory Racing\"\/>\n    <\/picture>\n<\/p><\/div>\n<p>&#13;<br \/>\n&#13;<\/p>\n<h2 class=\"article-fullwidth-gallery_title\">French GP &#8211; Saturday, in photos<\/h2>\n<p>&#13;<br \/>\n                &#13;<br \/>\n                                            <\/a><br \/>\n                                                <a href=\"http:\/\/www.motorsport.com\/motogp\/galleries\/french-gp-saturday-in-photos\/12765\/#72521357\" class=\"article-fullwidth-gallery_item\" data-name=\"gal-12765-fabio-quartararo-yamaha-factory-racing-72521357\">&#13;<\/p>\n<div class=\"article-fullwidth-gallery_img-wrapper\">\n<picture class=\"ms-item__picture\" data-photo-id=\"72521357\" data-detail-url=\"\/motogp\/photos\/fabio-quartararo-yamaha-factory-racing-72521357\/72521357\/\"><source type=\"image\/webp\" srcset=\"https:\/\/cdn-5.motorsport.com\/images\/mgl\/0Ld5qzm0\/s200\/fabio-quartararo-yamaha-factor.webp 200w, https:\/\/cdn-5.motorsport.com\/images\/mgl\/0Ld5qzm0\/s300\/fabio-quartararo-yamaha-factor.webp 300w, https:\/\/cdn-5.motorsport.com\/images\/mgl\/0Ld5qzm0\/s400\/fabio-quartararo-yamaha-factor.webp 400w, https:\/\/cdn-5.motorsport.com\/images\/mgl\/0Ld5qzm0\/s500\/fabio-quartararo-yamaha-factor.webp 500w, https:\/\/cdn-5.motorsport.com\/images\/mgl\/0Ld5qzm0\/s600\/fabio-quartararo-yamaha-factor.webp 600w, https:\/\/cdn-5.motorsport.com\/images\/mgl\/0Ld5qzm0\/s700\/fabio-quartararo-yamaha-factor.webp 700w, https:\/\/cdn-5.motorsport.com\/images\/mgl\/0Ld5qzm0\/s800\/fabio-quartararo-yamaha-factor.webp 800w, https:\/\/cdn-5.motorsport.com\/images\/mgl\/0Ld5qzm0\/s900\/fabio-quartararo-yamaha-factor.webp 900w, https:\/\/cdn-5.motorsport.com\/images\/mgl\/0Ld5qzm0\/s1000\/fabio-quartararo-yamaha-factor.webp 1000w, https:\/\/cdn-5.motorsport.com\/images\/mgl\/0Ld5qzm0\/s1100\/fabio-quartararo-yamaha-factor.webp 1100w, https:\/\/cdn-5.motorsport.com\/images\/mgl\/0Ld5qzm0\/s1200\/fabio-quartararo-yamaha-factor.webp 1200w\" sizes=\"(min-width:650px) 700px\"\/><img decoding=\"async\" loading=\"lazy\" width=\"700\" height=\"466\" class=\"ms-item__img ms-item__img--3_2\" src=\"https:\/\/cdn-1.motorsport.com\/images\/mgl\/0Ld5qzm0\/s700\/fabio-quartararo-yamaha-factor.webp\" alt=\"Fabio Quartararo, Yamaha Factory Racing\"\/>\n    <\/picture>\n<\/p><\/div>\n<p>&#13;<br \/>\n&#13;<\/p>\n<h2 class=\"article-fullwidth-gallery_title\">French GP &#8211; Saturday, in photos<\/h2>\n<p>&#13;<br \/>\n                &#13;<br \/>\n                                            <\/a><\/p><\/div>\n<\/div>\n<section class=\"relatedContent\" contenteditable=\"false\" draggable=\"true\" data-widget=\"related-content\" data-widget-size=\"content\" data-params=\"%7B%22type_id%22%3A0%2C%22title_id%22%3A%220_0%22%2C%22items%22%3A%5B%7B%22article_edition_id%22%3A%2210819498%22%2C%22title%22%3A%22Trackhouse%20boss%20Davide%20Brivio%20quits%20for%20factory%20Honda%20MotoGP%20role%20in%202027%22%2C%22alias%22%3A%22trackhouse-boss-davide-brivio-quits-for-factory-honda-role%22%2C%22front_url%22%3A%22https%3A%2F%2Fwww.motorsport.com%2Fmotogp%2Fnews%2Ftrackhouse-boss-davide-brivio-quits-for-factory-honda-role%2F10819498%2F%22%2C%22series%22%3A%22MotoGP%22%2C%22photo%22%3A%22%2F%2Fcdn.motorsport.com%2Fimages%2Famp%2FY9lLpK82%2Fs2%2Fdavide-brivio-trackhouse-racin-2.jpg%22%7D%2C%7B%22article_edition_id%22%3A%2210819452%22%2C%22title%22%3A%22Marc%20Marquez%20injured%2C%20will%20miss%20at%20least%20two%20races%2C%20after%20French%20GP%20highside%22%2C%22alias%22%3A%22marc-marquez-injury-french-gp%22%2C%22front_url%22%3A%22https%3A%2F%2Fwww.motorsport.com%2Fmotogp%2Fnews%2Fmarc-marquez-injury-french-gp%2F10819452%2F%22%2C%22series%22%3A%22MotoGP%22%2C%22photo%22%3A%22%2F%2Fcdn.motorsport.com%2Fimages%2Famp%2F0arKpMk2%2Fs2%2Fmarc-marquez-ducati-team-crash.jpg%22%7D%5D%7D\"><span class=\"relatedContent__title\">Read Also:<\/span><\/p>\n<\/section>\n<p><msnt-survey-promo class=\"msnt-survey-promo bg-palette-bg-surface2 font-secondary py-3.5 px-4 hidden flex flex-col gap-2 text-palette-fg-soft border border-border-300\" style=\"border-left-width: 6px;\"><\/p>\n<h2 class=\"text-4.5 leading-5.5 m-0 p-0 font-primary font-bold flex items-center gap-1.5\">\n            <svg class=\"w-6 h-6\" aria-hidden=\"true\">\n                <use xlink:href=\"http:\/\/www.motorsport.com\/design\/dist\/critical\/icons\/sprite-common-11-02a475dce372952dd75699d74da01e0c.svg#speakerphone\"\/>\n            <\/svg><\/p>\n<p>            <span>We want your opinion!<\/span><br \/>\n        <\/h2>\n<div class=\"text-body-lg\">\n<p class=\"mt-auto\">What would you like to see on Motorsport.com?<\/p>\n<p>            <a href=\"#\" class=\"ms-link text-link font-bold\">Take our 5 minute survey.<\/a>\n        <\/div>\n<p class=\"mt-1 text-body\">&#8211; The Motorsport.com Team<\/p>\n<p><\/msnt-survey-promo><\/p><\/div>\n<p><br \/>\n<br \/><a href=\"https:\/\/www.motorsport.com\/motogp\/news\/fabio-di-giannantonio-commits-to-ktm-and-opens-the-door-for-nicolo-bulega-at-vr46\/10819639\/\">Source link <\/a><\/p>","protected":false},"excerpt":{"rendered":"<p>Fabio Di Giannantonio has reached an agreement to race for the factory KTM team in the 2027 MotoGP season &#8211; opening the door for Nicolo Bulega at VR46. The 27-year-old, who until now had been contracted by Ducati while racing for VR46, had set Friday of the French Grand Prix weekend as the deadline to [&hellip;]<\/p>\n","protected":false},"author":1,"featured_media":125929,"comment_status":"closed","ping_status":"","sticky":false,"template":"","format":"standard","meta":{"googlesitekit_rrm_CAow2JLhCw:productID":"","_gspb_post_css":"","maa_idioma":"","maa_pais":"","footnotes":""},"categories":[1],"tags":[34521,12136,29628,9139,34518,34519,34520,10892,34522],"class_list":["post-125928","post","type-post","status-publish","format-standard","has-post-thumbnail","hentry","category-ubirata","tag-bulega","tag-commits","tag-door","tag-fabio","tag-giannantonio","tag-ktm","tag-nicolo","tag-opens","tag-vr46"],"blocksy_meta":[],"yoast_head":"<!-- This site is optimized with the Yoast SEO Premium plugin v27.6 (Yoast SEO v27.6) - https:\/\/yoast.com\/product\/yoast-seo-premium-wordpress\/ -->\n<title>Fabio di Giannantonio commits to KTM and opens the door for Nicolo Bulega at VR46 - Ubirat\u00e3 Online Not\u00edcias - A realidade ao seu alcance!<\/title>\n<meta name=\"description\" content=\"Fabio Di Giannantonio has reached an agreement to race for the factory KTM team in the 2027 MotoGP season - opening the door for Nicolo Bulega at VR46.\" \/>\n<meta name=\"robots\" content=\"index, follow, max-snippet:-1, max-image-preview:large, max-video-preview:-1\" \/>\n<link rel=\"canonical\" href=\"https:\/\/ubirataonline.com.br\/en\/fabio-di-giannantonio-commits-to-ktm-and-opens-the-door-for-nicolo-bulega-at-vr46\/\" \/>\n<meta property=\"og:locale\" content=\"en_US\" \/>\n<meta property=\"og:type\" content=\"article\" \/>\n<meta property=\"og:title\" content=\"Fabio di Giannantonio commits to KTM and opens the door for Nicolo Bulega at VR46\" \/>\n<meta property=\"og:description\" content=\"Fabio Di Giannantonio has reached an agreement to race for the factory KTM team in the 2027 MotoGP season - opening the door for Nicolo Bulega at VR46.\" \/>\n<meta property=\"og:url\" content=\"https:\/\/ubirataonline.com.br\/en\/fabio-di-giannantonio-commits-to-ktm-and-opens-the-door-for-nicolo-bulega-at-vr46\/\" \/>\n<meta property=\"og:site_name\" content=\"Ubirat\u00e3 Online Not\u00edcias - A realidade ao seu alcance!\" \/>\n<meta property=\"article:publisher\" content=\"https:\/\/www.facebook.com\/portalubirataonline\" \/>\n<meta property=\"article:author\" content=\"https:\/\/www.facebook.com\/portalubirataonline\" \/>\n<meta property=\"article:published_time\" content=\"2026-05-10T12:18:26+00:00\" \/>\n<meta property=\"article:modified_time\" content=\"2026-05-10T12:18:28+00:00\" \/>\n<meta property=\"og:image\" content=\"https:\/\/ubirataonline.com.br\/wp-content\/uploads\/2026\/05\/Fabio-di-Giannantonio-commits-to-KTM-and-opens-the-door.jpg\" \/>\n\t<meta property=\"og:image:width\" content=\"1200\" \/>\n\t<meta property=\"og:image:height\" content=\"801\" \/>\n\t<meta property=\"og:image:type\" content=\"image\/jpeg\" \/>\n<meta name=\"author\" content=\"REDA\u00c7\u00c3O: UBIRAT\u00c3 ONLINE - F\u00c1BIO AUGUSTO CELESTINO\" \/>\n<meta name=\"twitter:card\" content=\"summary_large_image\" \/>\n<meta name=\"twitter:creator\" content=\"@x.com\/ubirataonline\" \/>\n<meta name=\"twitter:site\" content=\"@ubirataonline\" \/>\n<meta name=\"twitter:label1\" content=\"Written by\" \/>\n\t<meta name=\"twitter:data1\" content=\"REDA\u00c7\u00c3O: UBIRAT\u00c3 ONLINE - F\u00c1BIO AUGUSTO CELESTINO\" \/>\n\t<meta name=\"twitter:label2\" content=\"Est. reading time\" \/>\n\t<meta name=\"twitter:data2\" content=\"4 minutes\" \/>\n<script type=\"application\/ld+json\" class=\"yoast-schema-graph\">{\"@context\":\"https:\\\/\\\/schema.org\",\"@graph\":[{\"@type\":\"NewsArticle\",\"@id\":\"https:\\\/\\\/ubirataonline.com.br\\\/fabio-di-giannantonio-commits-to-ktm-and-opens-the-door-for-nicolo-bulega-at-vr46\\\/#article\",\"isPartOf\":{\"@id\":\"https:\\\/\\\/ubirataonline.com.br\\\/fabio-di-giannantonio-commits-to-ktm-and-opens-the-door-for-nicolo-bulega-at-vr46\\\/\"},\"author\":{\"name\":\"REDA\u00c7\u00c3O: UBIRAT\u00c3 ONLINE - F\u00c1BIO AUGUSTO CELESTINO\",\"@id\":\"https:\\\/\\\/ubirataonline.com.br\\\/#\\\/schema\\\/person\\\/372f87bbd3fdd79b8556b84c98d0bc1c\"},\"headline\":\"Fabio di Giannantonio commits to KTM and opens the door for Nicolo Bulega at VR46\",\"datePublished\":\"2026-05-10T12:18:26+00:00\",\"dateModified\":\"2026-05-10T12:18:28+00:00\",\"mainEntityOfPage\":{\"@id\":\"https:\\\/\\\/ubirataonline.com.br\\\/fabio-di-giannantonio-commits-to-ktm-and-opens-the-door-for-nicolo-bulega-at-vr46\\\/\"},\"wordCount\":823,\"publisher\":{\"@id\":\"https:\\\/\\\/ubirataonline.com.br\\\/#organization\"},\"image\":{\"@id\":\"https:\\\/\\\/ubirataonline.com.br\\\/fabio-di-giannantonio-commits-to-ktm-and-opens-the-door-for-nicolo-bulega-at-vr46\\\/#primaryimage\"},\"thumbnailUrl\":\"https:\\\/\\\/ubirataonline.com.br\\\/wp-content\\\/uploads\\\/2026\\\/05\\\/Fabio-di-Giannantonio-commits-to-KTM-and-opens-the-door.jpg\",\"keywords\":[\"Bulega\",\"commits\",\"door\",\"F\u00e1bio\",\"Giannantonio\",\"KTM\",\"Nicolo\",\"opens\",\"VR46\"],\"articleSection\":[\"Ubirat\u00e3\"],\"inLanguage\":\"en-US\",\"copyrightYear\":\"2026\",\"copyrightHolder\":{\"@id\":\"https:\\\/\\\/ubirataonline.com.br\\\/en\\\/#organization\"}},{\"@type\":\"WebPage\",\"@id\":\"https:\\\/\\\/ubirataonline.com.br\\\/fabio-di-giannantonio-commits-to-ktm-and-opens-the-door-for-nicolo-bulega-at-vr46\\\/\",\"url\":\"https:\\\/\\\/ubirataonline.com.br\\\/fabio-di-giannantonio-commits-to-ktm-and-opens-the-door-for-nicolo-bulega-at-vr46\\\/\",\"name\":\"Fabio di Giannantonio commits to KTM and opens the door for Nicolo Bulega at VR46 - Ubirat\u00e3 Online Not\u00edcias - A realidade ao seu alcance!\",\"isPartOf\":{\"@id\":\"https:\\\/\\\/ubirataonline.com.br\\\/#website\"},\"primaryImageOfPage\":{\"@id\":\"https:\\\/\\\/ubirataonline.com.br\\\/fabio-di-giannantonio-commits-to-ktm-and-opens-the-door-for-nicolo-bulega-at-vr46\\\/#primaryimage\"},\"image\":{\"@id\":\"https:\\\/\\\/ubirataonline.com.br\\\/fabio-di-giannantonio-commits-to-ktm-and-opens-the-door-for-nicolo-bulega-at-vr46\\\/#primaryimage\"},\"thumbnailUrl\":\"https:\\\/\\\/ubirataonline.com.br\\\/wp-content\\\/uploads\\\/2026\\\/05\\\/Fabio-di-Giannantonio-commits-to-KTM-and-opens-the-door.jpg\",\"datePublished\":\"2026-05-10T12:18:26+00:00\",\"dateModified\":\"2026-05-10T12:18:28+00:00\",\"description\":\"Fabio Di Giannantonio has reached an agreement to race for the factory KTM team in the 2027 MotoGP season - opening the door for Nicolo Bulega at VR46.\",\"breadcrumb\":{\"@id\":\"https:\\\/\\\/ubirataonline.com.br\\\/fabio-di-giannantonio-commits-to-ktm-and-opens-the-door-for-nicolo-bulega-at-vr46\\\/#breadcrumb\"},\"inLanguage\":\"en-US\",\"potentialAction\":[{\"@type\":\"ReadAction\",\"target\":[\"https:\\\/\\\/ubirataonline.com.br\\\/fabio-di-giannantonio-commits-to-ktm-and-opens-the-door-for-nicolo-bulega-at-vr46\\\/\"]}]},{\"@type\":\"ImageObject\",\"inLanguage\":\"en-US\",\"@id\":\"https:\\\/\\\/ubirataonline.com.br\\\/fabio-di-giannantonio-commits-to-ktm-and-opens-the-door-for-nicolo-bulega-at-vr46\\\/#primaryimage\",\"url\":\"https:\\\/\\\/ubirataonline.com.br\\\/wp-content\\\/uploads\\\/2026\\\/05\\\/Fabio-di-Giannantonio-commits-to-KTM-and-opens-the-door.jpg\",\"contentUrl\":\"https:\\\/\\\/ubirataonline.com.br\\\/wp-content\\\/uploads\\\/2026\\\/05\\\/Fabio-di-Giannantonio-commits-to-KTM-and-opens-the-door.jpg\",\"width\":1200,\"height\":801,\"caption\":\"Fabio di Giannantonio commits to KTM and opens the door for Nicolo Bulega at VR46\"},{\"@type\":\"BreadcrumbList\",\"@id\":\"https:\\\/\\\/ubirataonline.com.br\\\/fabio-di-giannantonio-commits-to-ktm-and-opens-the-door-for-nicolo-bulega-at-vr46\\\/#breadcrumb\",\"itemListElement\":[{\"@type\":\"ListItem\",\"position\":1,\"name\":\"In\u00edcio\",\"item\":\"https:\\\/\\\/ubirataonline.com.br\\\/\"},{\"@type\":\"ListItem\",\"position\":2,\"name\":\"Fabio di Giannantonio commits to KTM and opens the door for Nicolo Bulega at VR46\"}]},{\"@type\":\"WebSite\",\"@id\":\"https:\\\/\\\/ubirataonline.com.br\\\/#website\",\"url\":\"https:\\\/\\\/ubirataonline.com.br\\\/\",\"name\":\"Ubirat\u00e3 Online Not\u00edcias\",\"description\":\"Not\u00edcias de Ubirat\u00e3, regi\u00e3o, Brasil e mundo, com informa\u00e7\u00e3o atualizada e compromisso com o leitor.\",\"publisher\":{\"@id\":\"https:\\\/\\\/ubirataonline.com.br\\\/#organization\"},\"alternateName\":\"Ubirat\u00e3 Online\",\"potentialAction\":[{\"@type\":\"SearchAction\",\"target\":{\"@type\":\"EntryPoint\",\"urlTemplate\":\"https:\\\/\\\/ubirataonline.com.br\\\/?s={search_term_string}\"},\"query-input\":{\"@type\":\"PropertyValueSpecification\",\"valueRequired\":true,\"valueName\":\"search_term_string\"}}],\"inLanguage\":\"en-US\"},{\"@type\":[\"Organization\",\"Place\"],\"@id\":\"https:\\\/\\\/ubirataonline.com.br\\\/#organization\",\"name\":\"Ubirat\u00e3 Online Not\u00edcias\",\"alternateName\":\"Ubirat\u00e3 Online\",\"url\":\"https:\\\/\\\/ubirataonline.com.br\\\/\",\"logo\":{\"@id\":\"https:\\\/\\\/ubirataonline.com.br\\\/fabio-di-giannantonio-commits-to-ktm-and-opens-the-door-for-nicolo-bulega-at-vr46\\\/#local-main-organization-logo\"},\"image\":{\"@id\":\"https:\\\/\\\/ubirataonline.com.br\\\/fabio-di-giannantonio-commits-to-ktm-and-opens-the-door-for-nicolo-bulega-at-vr46\\\/#local-main-organization-logo\"},\"sameAs\":[\"https:\\\/\\\/www.facebook.com\\\/portalubirataonline\",\"https:\\\/\\\/x.com\\\/ubirataonline\",\"https:\\\/\\\/mastodon.social\\\/@ubirataonline\",\"https:\\\/\\\/www.facebook.com\\\/groups\\\/311144672285604\",\"https:\\\/\\\/www.facebook.com\\\/UBTAOnline\",\"https:\\\/\\\/www.instagram.com\\\/portalubirataonline\\\/\",\"https:\\\/\\\/twitter.com\\\/ubirataonline\"],\"description\":\"Somos um portal de not\u00edcias independente, criado em 5 de janeiro de 2009, com o objetivo de informar, conectar e valorizar a nossa comunidade de Ubirat\u00e3 e toda aregi\u00e3o. Com conte\u00fado atualizado, confi\u00e1vel e relevante, o Ubirat\u00e3 Online \u00e9 o seu espa\u00e7o para ficar por dentro dos principais acontecimentos locais, regionais, Brasil, Mundo e de interesse geral. Nosso compromisso \u00e9 com a verdade, a transpar\u00eancia e o respeito ao leitor.\",\"legalName\":\"UBIRATA ONLINE NOT\u00cdCIAS\",\"foundingDate\":\"2009-01-05\",\"numberOfEmployees\":{\"@type\":\"QuantitativeValue\",\"minValue\":\"1\",\"maxValue\":\"10\"},\"publishingPrinciples\":\"https:\\\/\\\/ubirataonline.com.br\\\/faq\\\/\",\"address\":{\"@id\":\"https:\\\/\\\/ubirataonline.com.br\\\/fabio-di-giannantonio-commits-to-ktm-and-opens-the-door-for-nicolo-bulega-at-vr46\\\/#local-main-place-address\"},\"geo\":{\"@type\":\"GeoCoordinates\",\"latitude\":\"-24.5361401\",\"longitude\":\"-52.9921776\"},\"telephone\":[\"+5544998308235\"],\"contactPoint\":{\"@type\":\"ContactPoint\",\"email\":\"contato@ubirataonline.com.br\"},\"openingHoursSpecification\":{\"@type\":\"OpeningHoursSpecification\",\"dayOfWeek\":[\"Monday\",\"Tuesday\",\"Wednesday\",\"Thursday\",\"Friday\",\"Saturday\",\"Sunday\"],\"opens\":\"00:00\",\"closes\":\"23:59\"},\"email\":\"contato@ubirataonline.com.br\",\"vatID\":\"47.621.418\\\/0001-80\"},{\"@type\":\"Person\",\"@id\":\"https:\\\/\\\/ubirataonline.com.br\\\/#\\\/schema\\\/person\\\/372f87bbd3fdd79b8556b84c98d0bc1c\",\"name\":\"REDA\u00c7\u00c3O: UBIRAT\u00c3 ONLINE - F\u00c1BIO AUGUSTO CELESTINO\",\"pronouns\":\"Ele\",\"description\":\"Desde 2003 trabalhando com not\u00edcias.\",\"sameAs\":[\"http:\\\/\\\/ubirataoline.com.br\",\"https:\\\/\\\/www.facebook.com\\\/portalubirataonline\",\"https:\\\/\\\/www.instagram.com\\\/ubirataonline_oficial\",\"https:\\\/\\\/x.com\\\/x.com\\\/ubirataonline\"],\"honorificPrefix\":\"Mr.\",\"honorificSuffix\":\"MD\",\"birthDate\":\"1980-06-16\",\"gender\":\"masculino\",\"award\":[\"V\u00e1rios pr\u00eamios de melhor portal da cidade\"],\"jobTitle\":\"Diretor\",\"url\":\"https:\\\/\\\/ubirataonline.com.br\\\/en\\\/author\\\/ubirataonline\\\/\"},{\"@type\":\"PostalAddress\",\"@id\":\"https:\\\/\\\/ubirataonline.com.br\\\/fabio-di-giannantonio-commits-to-ktm-and-opens-the-door-for-nicolo-bulega-at-vr46\\\/#local-main-place-address\",\"streetAddress\":\"Rua dos Coqueiros, 104 - Bairro Boa Vista, Rua dos Coqueiros, 104 Bairro Boa Vista\",\"addressLocality\":\"UBIRATA\",\"postalCode\":\"85440-000\",\"addressRegion\":\"PR\",\"addressCountry\":\"BR\"},{\"@type\":\"ImageObject\",\"inLanguage\":\"en-US\",\"@id\":\"https:\\\/\\\/ubirataonline.com.br\\\/fabio-di-giannantonio-commits-to-ktm-and-opens-the-door-for-nicolo-bulega-at-vr46\\\/#local-main-organization-logo\",\"url\":\"https:\\\/\\\/ubirataonline.com.br\\\/wp-content\\\/uploads\\\/2026\\\/06\\\/logoubirataonline-1.webp\",\"contentUrl\":\"https:\\\/\\\/ubirataonline.com.br\\\/wp-content\\\/uploads\\\/2026\\\/06\\\/logoubirataonline-1.webp\",\"width\":500,\"height\":500,\"caption\":\"Ubirat\u00e3 Online Not\u00edcias\"}]}<\/script>\n<meta name=\"geo.placename\" content=\"UBIRATA\" \/>\n<meta name=\"geo.position\" content=\"-24.5361401;-52.9921776\" \/>\n<meta name=\"geo.region\" content=\"Brazil\" \/>\n<!-- \/ Yoast SEO Premium plugin. -->","yoast_head_json":{"title":"Fabio di Giannantonio commits to KTM and opens the door for Nicolo Bulega at VR46 - Ubirat\u00e3 Online Not\u00edcias - A realidade ao seu alcance!","description":"Fabio Di Giannantonio has reached an agreement to race for the factory KTM team in the 2027 MotoGP season - opening the door for Nicolo Bulega at VR46.","robots":{"index":"index","follow":"follow","max-snippet":"max-snippet:-1","max-image-preview":"max-image-preview:large","max-video-preview":"max-video-preview:-1"},"canonical":"https:\/\/ubirataonline.com.br\/en\/fabio-di-giannantonio-commits-to-ktm-and-opens-the-door-for-nicolo-bulega-at-vr46\/","og_locale":"en_US","og_type":"article","og_title":"Fabio di Giannantonio commits to KTM and opens the door for Nicolo Bulega at VR46","og_description":"Fabio Di Giannantonio has reached an agreement to race for the factory KTM team in the 2027 MotoGP season - opening the door for Nicolo Bulega at VR46.","og_url":"https:\/\/ubirataonline.com.br\/en\/fabio-di-giannantonio-commits-to-ktm-and-opens-the-door-for-nicolo-bulega-at-vr46\/","og_site_name":"Ubirat\u00e3 Online Not\u00edcias - A realidade ao seu alcance!","article_publisher":"https:\/\/www.facebook.com\/portalubirataonline","article_author":"https:\/\/www.facebook.com\/portalubirataonline","article_published_time":"2026-05-10T12:18:26+00:00","article_modified_time":"2026-05-10T12:18:28+00:00","og_image":[{"width":1200,"height":801,"url":"https:\/\/ubirataonline.com.br\/wp-content\/uploads\/2026\/05\/Fabio-di-Giannantonio-commits-to-KTM-and-opens-the-door.jpg","type":"image\/jpeg"}],"author":"REDA\u00c7\u00c3O: UBIRAT\u00c3 ONLINE - F\u00c1BIO AUGUSTO CELESTINO","twitter_card":"summary_large_image","twitter_creator":"@x.com\/ubirataonline","twitter_site":"@ubirataonline","twitter_misc":{"Written by":"REDA\u00c7\u00c3O: UBIRAT\u00c3 ONLINE - F\u00c1BIO AUGUSTO CELESTINO","Est. reading time":"4 minutes"},"schema":{"@context":"https:\/\/schema.org","@graph":[{"@type":"NewsArticle","@id":"https:\/\/ubirataonline.com.br\/fabio-di-giannantonio-commits-to-ktm-and-opens-the-door-for-nicolo-bulega-at-vr46\/#article","isPartOf":{"@id":"https:\/\/ubirataonline.com.br\/fabio-di-giannantonio-commits-to-ktm-and-opens-the-door-for-nicolo-bulega-at-vr46\/"},"author":{"name":"REDA\u00c7\u00c3O: UBIRAT\u00c3 ONLINE - F\u00c1BIO AUGUSTO CELESTINO","@id":"https:\/\/ubirataonline.com.br\/#\/schema\/person\/372f87bbd3fdd79b8556b84c98d0bc1c"},"headline":"Fabio di Giannantonio commits to KTM and opens the door for Nicolo Bulega at VR46","datePublished":"2026-05-10T12:18:26+00:00","dateModified":"2026-05-10T12:18:28+00:00","mainEntityOfPage":{"@id":"https:\/\/ubirataonline.com.br\/fabio-di-giannantonio-commits-to-ktm-and-opens-the-door-for-nicolo-bulega-at-vr46\/"},"wordCount":823,"publisher":{"@id":"https:\/\/ubirataonline.com.br\/#organization"},"image":{"@id":"https:\/\/ubirataonline.com.br\/fabio-di-giannantonio-commits-to-ktm-and-opens-the-door-for-nicolo-bulega-at-vr46\/#primaryimage"},"thumbnailUrl":"https:\/\/ubirataonline.com.br\/wp-content\/uploads\/2026\/05\/Fabio-di-Giannantonio-commits-to-KTM-and-opens-the-door.jpg","keywords":["Bulega","commits","door","F\u00e1bio","Giannantonio","KTM","Nicolo","opens","VR46"],"articleSection":["Ubirat\u00e3"],"inLanguage":"en-US","copyrightYear":"2026","copyrightHolder":{"@id":"https:\/\/ubirataonline.com.br\/en\/#organization"}},{"@type":"WebPage","@id":"https:\/\/ubirataonline.com.br\/fabio-di-giannantonio-commits-to-ktm-and-opens-the-door-for-nicolo-bulega-at-vr46\/","url":"https:\/\/ubirataonline.com.br\/fabio-di-giannantonio-commits-to-ktm-and-opens-the-door-for-nicolo-bulega-at-vr46\/","name":"Fabio di Giannantonio commits to KTM and opens the door for Nicolo Bulega at VR46 - Ubirat\u00e3 Online Not\u00edcias - A realidade ao seu alcance!","isPartOf":{"@id":"https:\/\/ubirataonline.com.br\/#website"},"primaryImageOfPage":{"@id":"https:\/\/ubirataonline.com.br\/fabio-di-giannantonio-commits-to-ktm-and-opens-the-door-for-nicolo-bulega-at-vr46\/#primaryimage"},"image":{"@id":"https:\/\/ubirataonline.com.br\/fabio-di-giannantonio-commits-to-ktm-and-opens-the-door-for-nicolo-bulega-at-vr46\/#primaryimage"},"thumbnailUrl":"https:\/\/ubirataonline.com.br\/wp-content\/uploads\/2026\/05\/Fabio-di-Giannantonio-commits-to-KTM-and-opens-the-door.jpg","datePublished":"2026-05-10T12:18:26+00:00","dateModified":"2026-05-10T12:18:28+00:00","description":"Fabio Di Giannantonio has reached an agreement to race for the factory KTM team in the 2027 MotoGP season - opening the door for Nicolo Bulega at VR46.","breadcrumb":{"@id":"https:\/\/ubirataonline.com.br\/fabio-di-giannantonio-commits-to-ktm-and-opens-the-door-for-nicolo-bulega-at-vr46\/#breadcrumb"},"inLanguage":"en-US","potentialAction":[{"@type":"ReadAction","target":["https:\/\/ubirataonline.com.br\/fabio-di-giannantonio-commits-to-ktm-and-opens-the-door-for-nicolo-bulega-at-vr46\/"]}]},{"@type":"ImageObject","inLanguage":"en-US","@id":"https:\/\/ubirataonline.com.br\/fabio-di-giannantonio-commits-to-ktm-and-opens-the-door-for-nicolo-bulega-at-vr46\/#primaryimage","url":"https:\/\/ubirataonline.com.br\/wp-content\/uploads\/2026\/05\/Fabio-di-Giannantonio-commits-to-KTM-and-opens-the-door.jpg","contentUrl":"https:\/\/ubirataonline.com.br\/wp-content\/uploads\/2026\/05\/Fabio-di-Giannantonio-commits-to-KTM-and-opens-the-door.jpg","width":1200,"height":801,"caption":"Fabio di Giannantonio commits to KTM and opens the door for Nicolo Bulega at VR46"},{"@type":"BreadcrumbList","@id":"https:\/\/ubirataonline.com.br\/fabio-di-giannantonio-commits-to-ktm-and-opens-the-door-for-nicolo-bulega-at-vr46\/#breadcrumb","itemListElement":[{"@type":"ListItem","position":1,"name":"In\u00edcio","item":"https:\/\/ubirataonline.com.br\/"},{"@type":"ListItem","position":2,"name":"Fabio di Giannantonio commits to KTM and opens the door for Nicolo Bulega at VR46"}]},{"@type":"WebSite","@id":"https:\/\/ubirataonline.com.br\/#website","url":"https:\/\/ubirataonline.com.br\/","name":"Ubirat\u00e3 Online Not\u00edcias","description":"Not\u00edcias de Ubirat\u00e3, regi\u00e3o, Brasil e mundo, com informa\u00e7\u00e3o atualizada e compromisso com o leitor.","publisher":{"@id":"https:\/\/ubirataonline.com.br\/#organization"},"alternateName":"Ubirat\u00e3 Online","potentialAction":[{"@type":"SearchAction","target":{"@type":"EntryPoint","urlTemplate":"https:\/\/ubirataonline.com.br\/?s={search_term_string}"},"query-input":{"@type":"PropertyValueSpecification","valueRequired":true,"valueName":"search_term_string"}}],"inLanguage":"en-US"},{"@type":["Organization","Place"],"@id":"https:\/\/ubirataonline.com.br\/#organization","name":"Ubirat\u00e3 Online Not\u00edcias","alternateName":"Ubirat\u00e3 Online","url":"https:\/\/ubirataonline.com.br\/","logo":{"@id":"https:\/\/ubirataonline.com.br\/fabio-di-giannantonio-commits-to-ktm-and-opens-the-door-for-nicolo-bulega-at-vr46\/#local-main-organization-logo"},"image":{"@id":"https:\/\/ubirataonline.com.br\/fabio-di-giannantonio-commits-to-ktm-and-opens-the-door-for-nicolo-bulega-at-vr46\/#local-main-organization-logo"},"sameAs":["https:\/\/www.facebook.com\/portalubirataonline","https:\/\/x.com\/ubirataonline","https:\/\/mastodon.social\/@ubirataonline","https:\/\/www.facebook.com\/groups\/311144672285604","https:\/\/www.facebook.com\/UBTAOnline","https:\/\/www.instagram.com\/portalubirataonline\/","https:\/\/twitter.com\/ubirataonline"],"description":"Somos um portal de not\u00edcias independente, criado em 5 de janeiro de 2009, com o objetivo de informar, conectar e valorizar a nossa comunidade de Ubirat\u00e3 e toda aregi\u00e3o. Com conte\u00fado atualizado, confi\u00e1vel e relevante, o Ubirat\u00e3 Online \u00e9 o seu espa\u00e7o para ficar por dentro dos principais acontecimentos locais, regionais, Brasil, Mundo e de interesse geral. Nosso compromisso \u00e9 com a verdade, a transpar\u00eancia e o respeito ao leitor.","legalName":"UBIRATA ONLINE NOT\u00cdCIAS","foundingDate":"2009-01-05","numberOfEmployees":{"@type":"QuantitativeValue","minValue":"1","maxValue":"10"},"publishingPrinciples":"https:\/\/ubirataonline.com.br\/faq\/","address":{"@id":"https:\/\/ubirataonline.com.br\/fabio-di-giannantonio-commits-to-ktm-and-opens-the-door-for-nicolo-bulega-at-vr46\/#local-main-place-address"},"geo":{"@type":"GeoCoordinates","latitude":"-24.5361401","longitude":"-52.9921776"},"telephone":["+5544998308235"],"contactPoint":{"@type":"ContactPoint","email":"contato@ubirataonline.com.br"},"openingHoursSpecification":{"@type":"OpeningHoursSpecification","dayOfWeek":["Monday","Tuesday","Wednesday","Thursday","Friday","Saturday","Sunday"],"opens":"00:00","closes":"23:59"},"email":"contato@ubirataonline.com.br","vatID":"47.621.418\/0001-80"},{"@type":"Person","@id":"https:\/\/ubirataonline.com.br\/#\/schema\/person\/372f87bbd3fdd79b8556b84c98d0bc1c","name":"REDA\u00c7\u00c3O: UBIRAT\u00c3 ONLINE - F\u00c1BIO AUGUSTO CELESTINO","pronouns":"Ele","description":"Desde 2003 trabalhando com not\u00edcias.","sameAs":["http:\/\/ubirataoline.com.br","https:\/\/www.facebook.com\/portalubirataonline","https:\/\/www.instagram.com\/ubirataonline_oficial","https:\/\/x.com\/x.com\/ubirataonline"],"honorificPrefix":"Mr.","honorificSuffix":"MD","birthDate":"1980-06-16","gender":"masculino","award":["V\u00e1rios pr\u00eamios de melhor portal da cidade"],"jobTitle":"Diretor","url":"https:\/\/ubirataonline.com.br\/en\/author\/ubirataonline\/"},{"@type":"PostalAddress","@id":"https:\/\/ubirataonline.com.br\/fabio-di-giannantonio-commits-to-ktm-and-opens-the-door-for-nicolo-bulega-at-vr46\/#local-main-place-address","streetAddress":"Rua dos Coqueiros, 104 - Bairro Boa Vista, Rua dos Coqueiros, 104 Bairro Boa Vista","addressLocality":"UBIRATA","postalCode":"85440-000","addressRegion":"PR","addressCountry":"BR"},{"@type":"ImageObject","inLanguage":"en-US","@id":"https:\/\/ubirataonline.com.br\/fabio-di-giannantonio-commits-to-ktm-and-opens-the-door-for-nicolo-bulega-at-vr46\/#local-main-organization-logo","url":"https:\/\/ubirataonline.com.br\/wp-content\/uploads\/2026\/06\/logoubirataonline-1.webp","contentUrl":"https:\/\/ubirataonline.com.br\/wp-content\/uploads\/2026\/06\/logoubirataonline-1.webp","width":500,"height":500,"caption":"Ubirat\u00e3 Online Not\u00edcias"}]},"geo.placename":"UBIRATA","geo.position":{"lat":"-24.5361401","long":"-52.9921776"},"geo.region":"Brazil"},"_links":{"self":[{"href":"https:\/\/ubirataonline.com.br\/en\/wp-json\/wp\/v2\/posts\/125928","targetHints":{"allow":["GET"]}}],"collection":[{"href":"https:\/\/ubirataonline.com.br\/en\/wp-json\/wp\/v2\/posts"}],"about":[{"href":"https:\/\/ubirataonline.com.br\/en\/wp-json\/wp\/v2\/types\/post"}],"author":[{"embeddable":true,"href":"https:\/\/ubirataonline.com.br\/en\/wp-json\/wp\/v2\/users\/1"}],"replies":[{"embeddable":true,"href":"https:\/\/ubirataonline.com.br\/en\/wp-json\/wp\/v2\/comments?post=125928"}],"version-history":[{"count":0,"href":"https:\/\/ubirataonline.com.br\/en\/wp-json\/wp\/v2\/posts\/125928\/revisions"}],"wp:featuredmedia":[{"embeddable":true,"href":"https:\/\/ubirataonline.com.br\/en\/wp-json\/wp\/v2\/media\/125929"}],"wp:attachment":[{"href":"https:\/\/ubirataonline.com.br\/en\/wp-json\/wp\/v2\/media?parent=125928"}],"wp:term":[{"taxonomy":"category","embeddable":true,"href":"https:\/\/ubirataonline.com.br\/en\/wp-json\/wp\/v2\/categories?post=125928"},{"taxonomy":"post_tag","embeddable":true,"href":"https:\/\/ubirataonline.com.br\/en\/wp-json\/wp\/v2\/tags?post=125928"}],"curies":[{"name":"wp","href":"https:\/\/api.w.org\/{rel}","templated":true}]}}