{"id":126052,"date":"2026-05-10T12:40:20","date_gmt":"2026-05-10T15:40:20","guid":{"rendered":"https:\/\/ubirataonline.com.br\/%f0%9f%94%b4-parma-v-roma-%e2%9c%85-official-dybala-and-soule-start-pellegrino-%e2%9d%8c\/"},"modified":"2026-05-10T12:40:23","modified_gmt":"2026-05-10T15:40:23","slug":"%f0%9f%94%b4-parma-v-roma-%e2%9c%85-official-dybala-and-soule-start-pellegrino-%e2%9d%8c","status":"publish","type":"post","link":"https:\/\/ubirataonline.com.br\/en\/%f0%9f%94%b4-parma-v-roma-%e2%9c%85-official-dybala-and-soule-start-pellegrino-%e2%9d%8c\/","title":{"rendered":"&#x1f534; Parma v Roma | &#x2705; Official: Dybala and Soul\u00e9 start, Pellegrino &#x274c;"},"content":{"rendered":"<p><br \/>\n<\/p>\n<div>\n<p><strong>At 18:00<\/strong> <strong>Parma host Roma<\/strong> in a crucial match for the European race: the Giallorossi need a win to stay on the heels of <a class=\"link\" href=\"https:\/\/sports.yahoo.com\/soccer\/teams\/juventus\/\" data-i13n=\"sec:content-canvas;subsec:anchor_text;elm:context_link\" data-ylk=\"slk:Juventus;sec:content-canvas;subsec:anchor_text;elm:context_link;itc:0\" data-yga=\"{&quot;yLinkElement&quot;:&quot;context_link&quot;,&quot;yModuleName&quot;:&quot;content-canvas&quot;,&quot;yLinkText&quot;:&quot;Juventus&quot;,&quot;ySubModuleName&quot;:&quot;anchor_text&quot;,&quot;yHasCommerce&quot;:false}\">Juventus<\/a> and <a class=\"link\" href=\"https:\/\/sports.yahoo.com\/soccer\/teams\/como\/\" data-i13n=\"sec:content-canvas;subsec:anchor_text;elm:context_link\" data-ylk=\"slk:Como;sec:content-canvas;subsec:anchor_text;elm:context_link;itc:0\" data-yga=\"{&quot;yLinkElement&quot;:&quot;context_link&quot;,&quot;yModuleName&quot;:&quot;content-canvas&quot;,&quot;yLinkText&quot;:&quot;Como&quot;,&quot;ySubModuleName&quot;:&quot;anchor_text&quot;,&quot;yHasCommerce&quot;:false}\">Como<\/a>, a result that would also put pressure on <a class=\"link\" href=\"https:\/\/sports.yahoo.com\/soccer\/teams\/milan\/\" data-i13n=\"sec:content-canvas;subsec:anchor_text;elm:context_link\" data-ylk=\"slk:Milan;sec:content-canvas;subsec:anchor_text;elm:context_link;itc:0\" data-yga=\"{&quot;yLinkElement&quot;:&quot;context_link&quot;,&quot;yModuleName&quot;:&quot;content-canvas&quot;,&quot;yLinkText&quot;:&quot;Milan&quot;,&quot;ySubModuleName&quot;:&quot;anchor_text&quot;,&quot;yHasCommerce&quot;:false}\">Milan<\/a>, who are facing <a class=\"link\" href=\"https:\/\/sports.yahoo.com\/soccer\/teams\/atalanta\/\" data-i13n=\"sec:content-canvas;subsec:anchor_text;elm:context_link\" data-ylk=\"slk:Atalanta;sec:content-canvas;subsec:anchor_text;elm:context_link;itc:0\" data-yga=\"{&quot;yLinkElement&quot;:&quot;context_link&quot;,&quot;yModuleName&quot;:&quot;content-canvas&quot;,&quot;yLinkText&quot;:&quot;Atalanta&quot;,&quot;ySubModuleName&quot;:&quot;anchor_text&quot;,&quot;yHasCommerce&quot;:false}\">Atalanta<\/a>.<\/p>\n<p>The Ducali, meanwhile, are playing to finish the season in the best possible way and bounce back from their last defeat against <a class=\"link\" href=\"https:\/\/sports.yahoo.com\/soccer\/teams\/inter\/\" data-i13n=\"sec:content-canvas;subsec:anchor_text;elm:context_link\" data-ylk=\"slk:Inter;sec:content-canvas;subsec:anchor_text;elm:context_link;itc:0\" data-yga=\"{&quot;yLinkElement&quot;:&quot;context_link&quot;,&quot;yModuleName&quot;:&quot;content-canvas&quot;,&quot;yLinkText&quot;:&quot;Inter&quot;,&quot;ySubModuleName&quot;:&quot;anchor_text&quot;,&quot;yHasCommerce&quot;:false}\">Inter<\/a>, which handed the Scudetto to the Nerazzurri.<\/p>\n<p>Advertisement<\/p>\n<p><strong><em>&#x1f534;Article constantly updated: click the match card above for live text commentary.<\/em><\/strong><\/p>\n<h2 class=\"heading\">&#x2705; The OFFICIAL lineups<\/h2>\n<p><strong>PARMA\u00a0(5-3-2):<\/strong> Suzuki; <a class=\"link\" href=\"https:\/\/sports.yahoo.com\/soccer\/players\/1535448\/\" data-i13n=\"sec:content-canvas;subsec:anchor_text;elm:context_link\" data-ylk=\"slk:Delprato;sec:content-canvas;subsec:anchor_text;elm:context_link;itc:0\" data-yga=\"{&quot;yLinkElement&quot;:&quot;context_link&quot;,&quot;yModuleName&quot;:&quot;content-canvas&quot;,&quot;yLinkText&quot;:&quot;Delprato&quot;,&quot;ySubModuleName&quot;:&quot;anchor_text&quot;,&quot;yHasCommerce&quot;:false}\">Delprato<\/a>, <a class=\"link\" href=\"https:\/\/sports.yahoo.com\/soccer\/players\/4029543\/\" data-i13n=\"sec:content-canvas;subsec:anchor_text;elm:context_link\" data-ylk=\"slk:Troilo;sec:content-canvas;subsec:anchor_text;elm:context_link;itc:0\" data-yga=\"{&quot;yLinkElement&quot;:&quot;context_link&quot;,&quot;yModuleName&quot;:&quot;content-canvas&quot;,&quot;yLinkText&quot;:&quot;Troilo&quot;,&quot;ySubModuleName&quot;:&quot;anchor_text&quot;,&quot;yHasCommerce&quot;:false}\">Troilo<\/a>, <a class=\"link\" href=\"https:\/\/sports.yahoo.com\/soccer\/players\/3006863\/\" data-i13n=\"sec:content-canvas;subsec:anchor_text;elm:context_link\" data-ylk=\"slk:Circati;sec:content-canvas;subsec:anchor_text;elm:context_link;itc:0\" data-yga=\"{&quot;yLinkElement&quot;:&quot;context_link&quot;,&quot;yModuleName&quot;:&quot;content-canvas&quot;,&quot;yLinkText&quot;:&quot;Circati&quot;,&quot;ySubModuleName&quot;:&quot;anchor_text&quot;,&quot;yHasCommerce&quot;:false}\">Circati<\/a>, Valenti, Valeri; Keita, <a class=\"link\" href=\"https:\/\/sports.yahoo.com\/soccer\/players\/1792809\/\" data-i13n=\"sec:content-canvas;subsec:anchor_text;elm:context_link\" data-ylk=\"slk:Nicolussi Caviglia;sec:content-canvas;subsec:anchor_text;elm:context_link;itc:0\" data-yga=\"{&quot;yLinkElement&quot;:&quot;context_link&quot;,&quot;yModuleName&quot;:&quot;content-canvas&quot;,&quot;yLinkText&quot;:&quot;Nicolussi Caviglia&quot;,&quot;ySubModuleName&quot;:&quot;anchor_text&quot;,&quot;yHasCommerce&quot;:false}\">Nicolussi Caviglia<\/a>, <a class=\"link\" href=\"https:\/\/sports.yahoo.com\/soccer\/players\/3892886\/\" data-i13n=\"sec:content-canvas;subsec:anchor_text;elm:context_link\" data-ylk=\"slk:Ordonez;sec:content-canvas;subsec:anchor_text;elm:context_link;itc:0\" data-yga=\"{&quot;yLinkElement&quot;:&quot;context_link&quot;,&quot;yModuleName&quot;:&quot;content-canvas&quot;,&quot;yLinkText&quot;:&quot;Ordonez&quot;,&quot;ySubModuleName&quot;:&quot;anchor_text&quot;,&quot;yHasCommerce&quot;:false}\">Ordonez<\/a>; Strefezza, Elphege.<\/p>\n<p><strong>ROMA: (3-4-2-1):<\/strong>\u00a0<a class=\"link\" href=\"https:\/\/sports.yahoo.com\/soccer\/players\/822379\/\" data-i13n=\"sec:content-canvas;subsec:anchor_text;elm:context_link\" data-ylk=\"slk:Svilar;sec:content-canvas;subsec:anchor_text;elm:context_link;itc:0\" data-yga=\"{&quot;yLinkElement&quot;:&quot;context_link&quot;,&quot;yModuleName&quot;:&quot;content-canvas&quot;,&quot;yLinkText&quot;:&quot;Svilar&quot;,&quot;ySubModuleName&quot;:&quot;anchor_text&quot;,&quot;yHasCommerce&quot;:false}\">Svilar<\/a>; Mancini, N&#8217;Dicka, Hermoso; Celik, <a class=\"link\" href=\"https:\/\/sports.yahoo.com\/soccer\/players\/372525\/\" data-i13n=\"sec:content-canvas;subsec:anchor_text;elm:context_link\" data-ylk=\"slk:Cristante;sec:content-canvas;subsec:anchor_text;elm:context_link;itc:0\" data-yga=\"{&quot;yLinkElement&quot;:&quot;context_link&quot;,&quot;yModuleName&quot;:&quot;content-canvas&quot;,&quot;yLinkText&quot;:&quot;Cristante&quot;,&quot;ySubModuleName&quot;:&quot;anchor_text&quot;,&quot;yHasCommerce&quot;:false}\">Cristante<\/a>, Kon\u00e9, Wesley; Soul\u00e9, Dybala; <a class=\"link\" href=\"https:\/\/sports.yahoo.com\/soccer\/players\/1258473\/\" data-i13n=\"sec:content-canvas;subsec:anchor_text;elm:context_link\" data-ylk=\"slk:Malen;sec:content-canvas;subsec:anchor_text;elm:context_link;itc:0\" data-yga=\"{&quot;yLinkElement&quot;:&quot;context_link&quot;,&quot;yModuleName&quot;:&quot;content-canvas&quot;,&quot;yLinkText&quot;:&quot;Malen&quot;,&quot;ySubModuleName&quot;:&quot;anchor_text&quot;,&quot;yHasCommerce&quot;:false}\">Malen<\/a>.<\/p>\n<p>Dybala starts in Serie A again after 105 days since the last time, which was the match against Milan on 25 January.<\/p>\n<p><em>This article was translated into English by Artificial Intelligence. <a href=\"https:\/\/onefootball.com\/it\/notizie\/parma-roma-ufficiali-le-scelte-su-dybala-e-soule-pellegrino-42844734\" rel=\"nofollow noopener\" target=\"_blank\" data-ylk=\"slk:You can read the original version in &#x1f1ee;&#x1f1f9; here.;elm:context_link;itc:0;sec:content-canvas\" data-yga=\"{&quot;yLinkElement&quot;:&quot;context_link&quot;,&quot;yModuleName&quot;:&quot;content-canvas&quot;,&quot;yLinkText&quot;:&quot;You can read the original version in &#x1f1ee;&#x1f1f9; here.&quot;}\" class=\"link\">You can read the original version in &#x1f1ee;&#x1f1f9; here.<\/a><\/em><\/p>\n<\/div>\n<p><br \/>\n<br \/><a href=\"https:\/\/sports.yahoo.com\/articles\/parma-v-roma-official-dybala-150400337.html\">Source link <\/a><\/p>","protected":false},"excerpt":{"rendered":"<p>At 18:00 Parma host Roma in a crucial match for the European race: the Giallorossi need a win to stay on the heels of Juventus and Como, a result that would also put pressure on Milan, who are facing Atalanta. The Ducali, meanwhile, are playing to finish the season in the best possible way and [&hellip;]<\/p>\n","protected":false},"author":1,"featured_media":126053,"comment_status":"closed","ping_status":"","sticky":false,"template":"","format":"standard","meta":{"googlesitekit_rrm_CAow2JLhCw:productID":"","_gspb_post_css":"","maa_idioma":"","maa_pais":"","footnotes":""},"categories":[2725],"tags":[34490,7511,5208,34258,1585,34565,4220],"class_list":["post-126052","post","type-post","status-publish","format-standard","has-post-thumbnail","hentry","category-europe","tag-dybala","tag-official","tag-parma","tag-pellegrino","tag-roma","tag-soule","tag-start"],"blocksy_meta":[],"yoast_head":"<!-- This site is optimized with the Yoast SEO Premium plugin v27.6 (Yoast SEO v27.6) - https:\/\/yoast.com\/product\/yoast-seo-premium-wordpress\/ -->\n<title>&#x1f534; Parma v Roma | &#x2705; Official: Dybala and Soul\u00e9 start, Pellegrino &#x274c; - Ubirat\u00e3 Online Not\u00edcias - A realidade ao seu alcance!<\/title>\n<meta name=\"description\" content=\"At 18:00 Parma host Roma in a crucial match for the European race: the Giallorossi need a win to stay on the heels of Juventus and Como, a result that\" \/>\n<meta name=\"robots\" content=\"index, follow, max-snippet:-1, max-image-preview:large, max-video-preview:-1\" \/>\n<link rel=\"canonical\" href=\"https:\/\/ubirataonline.com.br\/en\/\ud83d\udd34-parma-v-roma-\u2705-official-dybala-and-soule-start-pellegrino-\u274c\/\" \/>\n<meta property=\"og:locale\" content=\"en_US\" \/>\n<meta property=\"og:type\" content=\"article\" \/>\n<meta property=\"og:title\" content=\"&#x1f534; Parma v Roma | &#x2705; Official: Dybala and Soul\u00e9 start, Pellegrino &#x274c;\" \/>\n<meta property=\"og:description\" content=\"At 18:00 Parma host Roma in a crucial match for the European race: the Giallorossi need a win to stay on the heels of Juventus and Como, a result that\" \/>\n<meta property=\"og:url\" content=\"https:\/\/ubirataonline.com.br\/en\/\ud83d\udd34-parma-v-roma-\u2705-official-dybala-and-soule-start-pellegrino-\u274c\/\" \/>\n<meta property=\"og:site_name\" content=\"Ubirat\u00e3 Online Not\u00edcias - A realidade ao seu alcance!\" \/>\n<meta property=\"article:publisher\" content=\"https:\/\/www.facebook.com\/portalubirataonline\" \/>\n<meta property=\"article:author\" content=\"https:\/\/www.facebook.com\/portalubirataonline\" \/>\n<meta property=\"article:published_time\" content=\"2026-05-10T15:40:20+00:00\" \/>\n<meta property=\"article:modified_time\" content=\"2026-05-10T15:40:23+00:00\" \/>\n<meta property=\"og:image\" content=\"https:\/\/ubirataonline.com.br\/wp-content\/uploads\/2026\/05\/Parma-v-Roma-Official-Dybala-and-Soule-start-Pellegrino.jpeg\" \/>\n\t<meta property=\"og:image:width\" content=\"1200\" \/>\n\t<meta property=\"og:image:height\" content=\"800\" \/>\n\t<meta property=\"og:image:type\" content=\"image\/jpeg\" \/>\n<meta name=\"author\" content=\"REDA\u00c7\u00c3O: UBIRAT\u00c3 ONLINE - F\u00c1BIO AUGUSTO CELESTINO\" \/>\n<meta name=\"twitter:card\" content=\"summary_large_image\" \/>\n<meta name=\"twitter:creator\" content=\"@x.com\/ubirataonline\" \/>\n<meta name=\"twitter:site\" content=\"@ubirataonline\" \/>\n<meta name=\"twitter:label1\" content=\"Written by\" \/>\n\t<meta name=\"twitter:data1\" content=\"REDA\u00c7\u00c3O: UBIRAT\u00c3 ONLINE - F\u00c1BIO AUGUSTO CELESTINO\" \/>\n\t<meta name=\"twitter:label2\" content=\"Est. reading time\" \/>\n\t<meta name=\"twitter:data2\" content=\"1 minute\" \/>\n<script type=\"application\/ld+json\" class=\"yoast-schema-graph\">{\"@context\":\"https:\\\/\\\/schema.org\",\"@graph\":[{\"@type\":\"NewsArticle\",\"@id\":\"https:\\\/\\\/ubirataonline.com.br\\\/%f0%9f%94%b4-parma-v-roma-%e2%9c%85-official-dybala-and-soule-start-pellegrino-%e2%9d%8c\\\/#article\",\"isPartOf\":{\"@id\":\"https:\\\/\\\/ubirataonline.com.br\\\/%f0%9f%94%b4-parma-v-roma-%e2%9c%85-official-dybala-and-soule-start-pellegrino-%e2%9d%8c\\\/\"},\"author\":{\"name\":\"REDA\u00c7\u00c3O: UBIRAT\u00c3 ONLINE - F\u00c1BIO AUGUSTO CELESTINO\",\"@id\":\"https:\\\/\\\/ubirataonline.com.br\\\/#\\\/schema\\\/person\\\/372f87bbd3fdd79b8556b84c98d0bc1c\"},\"headline\":\"&#x1f534; Parma v Roma | &#x2705; Official: Dybala and Soul\u00e9 start, Pellegrino &#x274c;\",\"datePublished\":\"2026-05-10T15:40:20+00:00\",\"dateModified\":\"2026-05-10T15:40:23+00:00\",\"mainEntityOfPage\":{\"@id\":\"https:\\\/\\\/ubirataonline.com.br\\\/%f0%9f%94%b4-parma-v-roma-%e2%9c%85-official-dybala-and-soule-start-pellegrino-%e2%9d%8c\\\/\"},\"wordCount\":180,\"publisher\":{\"@id\":\"https:\\\/\\\/ubirataonline.com.br\\\/#organization\"},\"image\":{\"@id\":\"https:\\\/\\\/ubirataonline.com.br\\\/%f0%9f%94%b4-parma-v-roma-%e2%9c%85-official-dybala-and-soule-start-pellegrino-%e2%9d%8c\\\/#primaryimage\"},\"thumbnailUrl\":\"https:\\\/\\\/ubirataonline.com.br\\\/wp-content\\\/uploads\\\/2026\\\/05\\\/Parma-v-Roma-Official-Dybala-and-Soule-start-Pellegrino.jpeg\",\"keywords\":[\"Dybala\",\"official\",\"Parma\",\"Pellegrino\",\"Roma\",\"Soul\u00e9\",\"Start\"],\"articleSection\":[\"Europe\"],\"inLanguage\":\"en-US\",\"copyrightYear\":\"2026\",\"copyrightHolder\":{\"@id\":\"https:\\\/\\\/ubirataonline.com.br\\\/en\\\/#organization\"}},{\"@type\":\"WebPage\",\"@id\":\"https:\\\/\\\/ubirataonline.com.br\\\/%f0%9f%94%b4-parma-v-roma-%e2%9c%85-official-dybala-and-soule-start-pellegrino-%e2%9d%8c\\\/\",\"url\":\"https:\\\/\\\/ubirataonline.com.br\\\/%f0%9f%94%b4-parma-v-roma-%e2%9c%85-official-dybala-and-soule-start-pellegrino-%e2%9d%8c\\\/\",\"name\":\"&#x1f534; Parma v Roma | &#x2705; Official: Dybala and Soul\u00e9 start, Pellegrino &#x274c; - Ubirat\u00e3 Online Not\u00edcias - A realidade ao seu alcance!\",\"isPartOf\":{\"@id\":\"https:\\\/\\\/ubirataonline.com.br\\\/#website\"},\"primaryImageOfPage\":{\"@id\":\"https:\\\/\\\/ubirataonline.com.br\\\/%f0%9f%94%b4-parma-v-roma-%e2%9c%85-official-dybala-and-soule-start-pellegrino-%e2%9d%8c\\\/#primaryimage\"},\"image\":{\"@id\":\"https:\\\/\\\/ubirataonline.com.br\\\/%f0%9f%94%b4-parma-v-roma-%e2%9c%85-official-dybala-and-soule-start-pellegrino-%e2%9d%8c\\\/#primaryimage\"},\"thumbnailUrl\":\"https:\\\/\\\/ubirataonline.com.br\\\/wp-content\\\/uploads\\\/2026\\\/05\\\/Parma-v-Roma-Official-Dybala-and-Soule-start-Pellegrino.jpeg\",\"datePublished\":\"2026-05-10T15:40:20+00:00\",\"dateModified\":\"2026-05-10T15:40:23+00:00\",\"description\":\"At 18:00 Parma host Roma in a crucial match for the European race: the Giallorossi need a win to stay on the heels of Juventus and Como, a result that\",\"breadcrumb\":{\"@id\":\"https:\\\/\\\/ubirataonline.com.br\\\/%f0%9f%94%b4-parma-v-roma-%e2%9c%85-official-dybala-and-soule-start-pellegrino-%e2%9d%8c\\\/#breadcrumb\"},\"inLanguage\":\"en-US\",\"potentialAction\":[{\"@type\":\"ReadAction\",\"target\":[\"https:\\\/\\\/ubirataonline.com.br\\\/%f0%9f%94%b4-parma-v-roma-%e2%9c%85-official-dybala-and-soule-start-pellegrino-%e2%9d%8c\\\/\"]}]},{\"@type\":\"ImageObject\",\"inLanguage\":\"en-US\",\"@id\":\"https:\\\/\\\/ubirataonline.com.br\\\/%f0%9f%94%b4-parma-v-roma-%e2%9c%85-official-dybala-and-soule-start-pellegrino-%e2%9d%8c\\\/#primaryimage\",\"url\":\"https:\\\/\\\/ubirataonline.com.br\\\/wp-content\\\/uploads\\\/2026\\\/05\\\/Parma-v-Roma-Official-Dybala-and-Soule-start-Pellegrino.jpeg\",\"contentUrl\":\"https:\\\/\\\/ubirataonline.com.br\\\/wp-content\\\/uploads\\\/2026\\\/05\\\/Parma-v-Roma-Official-Dybala-and-Soule-start-Pellegrino.jpeg\",\"width\":1200,\"height\":800,\"caption\":\"&#x1f534; Parma v Roma | &#x2705; Official: Dybala and Soul\u00e9 start, Pellegrino &#x274c;\"},{\"@type\":\"BreadcrumbList\",\"@id\":\"https:\\\/\\\/ubirataonline.com.br\\\/%f0%9f%94%b4-parma-v-roma-%e2%9c%85-official-dybala-and-soule-start-pellegrino-%e2%9d%8c\\\/#breadcrumb\",\"itemListElement\":[{\"@type\":\"ListItem\",\"position\":1,\"name\":\"In\u00edcio\",\"item\":\"https:\\\/\\\/ubirataonline.com.br\\\/\"},{\"@type\":\"ListItem\",\"position\":2,\"name\":\"&#x1f534; Parma v Roma | &#x2705; Official: Dybala and Soul\u00e9 start, Pellegrino &#x274c;\"}]},{\"@type\":\"WebSite\",\"@id\":\"https:\\\/\\\/ubirataonline.com.br\\\/#website\",\"url\":\"https:\\\/\\\/ubirataonline.com.br\\\/\",\"name\":\"Ubirat\u00e3 Online Not\u00edcias\",\"description\":\"Not\u00edcias de Ubirat\u00e3, regi\u00e3o, Brasil e mundo, com informa\u00e7\u00e3o atualizada e compromisso com o leitor.\",\"publisher\":{\"@id\":\"https:\\\/\\\/ubirataonline.com.br\\\/#organization\"},\"alternateName\":\"Ubirat\u00e3 Online\",\"potentialAction\":[{\"@type\":\"SearchAction\",\"target\":{\"@type\":\"EntryPoint\",\"urlTemplate\":\"https:\\\/\\\/ubirataonline.com.br\\\/?s={search_term_string}\"},\"query-input\":{\"@type\":\"PropertyValueSpecification\",\"valueRequired\":true,\"valueName\":\"search_term_string\"}}],\"inLanguage\":\"en-US\"},{\"@type\":[\"Organization\",\"Place\"],\"@id\":\"https:\\\/\\\/ubirataonline.com.br\\\/#organization\",\"name\":\"Ubirat\u00e3 Online Not\u00edcias\",\"alternateName\":\"Ubirat\u00e3 Online\",\"url\":\"https:\\\/\\\/ubirataonline.com.br\\\/\",\"logo\":{\"@id\":\"https:\\\/\\\/ubirataonline.com.br\\\/%f0%9f%94%b4-parma-v-roma-%e2%9c%85-official-dybala-and-soule-start-pellegrino-%e2%9d%8c\\\/#local-main-organization-logo\"},\"image\":{\"@id\":\"https:\\\/\\\/ubirataonline.com.br\\\/%f0%9f%94%b4-parma-v-roma-%e2%9c%85-official-dybala-and-soule-start-pellegrino-%e2%9d%8c\\\/#local-main-organization-logo\"},\"sameAs\":[\"https:\\\/\\\/www.facebook.com\\\/portalubirataonline\",\"https:\\\/\\\/x.com\\\/ubirataonline\",\"https:\\\/\\\/mastodon.social\\\/@ubirataonline\",\"https:\\\/\\\/www.facebook.com\\\/groups\\\/311144672285604\",\"https:\\\/\\\/www.facebook.com\\\/UBTAOnline\",\"https:\\\/\\\/www.instagram.com\\\/portalubirataonline\\\/\",\"https:\\\/\\\/twitter.com\\\/ubirataonline\"],\"description\":\"Somos um portal de not\u00edcias independente, criado em 5 de janeiro de 2009, com o objetivo de informar, conectar e valorizar a nossa comunidade de Ubirat\u00e3 e toda aregi\u00e3o. Com conte\u00fado atualizado, confi\u00e1vel e relevante, o Ubirat\u00e3 Online \u00e9 o seu espa\u00e7o para ficar por dentro dos principais acontecimentos locais, regionais, Brasil, Mundo e de interesse geral. Nosso compromisso \u00e9 com a verdade, a transpar\u00eancia e o respeito ao leitor.\",\"legalName\":\"UBIRATA ONLINE NOT\u00cdCIAS\",\"foundingDate\":\"2009-01-05\",\"numberOfEmployees\":{\"@type\":\"QuantitativeValue\",\"minValue\":\"1\",\"maxValue\":\"10\"},\"publishingPrinciples\":\"https:\\\/\\\/ubirataonline.com.br\\\/faq\\\/\",\"address\":{\"@id\":\"https:\\\/\\\/ubirataonline.com.br\\\/%f0%9f%94%b4-parma-v-roma-%e2%9c%85-official-dybala-and-soule-start-pellegrino-%e2%9d%8c\\\/#local-main-place-address\"},\"geo\":{\"@type\":\"GeoCoordinates\",\"latitude\":\"-24.5361401\",\"longitude\":\"-52.9921776\"},\"telephone\":[\"+5544998308235\"],\"contactPoint\":{\"@type\":\"ContactPoint\",\"email\":\"contato@ubirataonline.com.br\"},\"openingHoursSpecification\":{\"@type\":\"OpeningHoursSpecification\",\"dayOfWeek\":[\"Monday\",\"Tuesday\",\"Wednesday\",\"Thursday\",\"Friday\",\"Saturday\",\"Sunday\"],\"opens\":\"00:00\",\"closes\":\"23:59\"},\"email\":\"contato@ubirataonline.com.br\",\"vatID\":\"47.621.418\\\/0001-80\"},{\"@type\":\"Person\",\"@id\":\"https:\\\/\\\/ubirataonline.com.br\\\/#\\\/schema\\\/person\\\/372f87bbd3fdd79b8556b84c98d0bc1c\",\"name\":\"REDA\u00c7\u00c3O: UBIRAT\u00c3 ONLINE - F\u00c1BIO AUGUSTO CELESTINO\",\"pronouns\":\"Ele\",\"description\":\"Desde 2003 trabalhando com not\u00edcias.\",\"sameAs\":[\"http:\\\/\\\/ubirataoline.com.br\",\"https:\\\/\\\/www.facebook.com\\\/portalubirataonline\",\"https:\\\/\\\/www.instagram.com\\\/ubirataonline_oficial\",\"https:\\\/\\\/x.com\\\/x.com\\\/ubirataonline\"],\"honorificPrefix\":\"Mr.\",\"honorificSuffix\":\"MD\",\"birthDate\":\"1980-06-16\",\"gender\":\"masculino\",\"award\":[\"V\u00e1rios pr\u00eamios de melhor portal da cidade\"],\"jobTitle\":\"Diretor\",\"url\":\"https:\\\/\\\/ubirataonline.com.br\\\/en\\\/author\\\/ubirataonline\\\/\"},{\"@type\":\"PostalAddress\",\"@id\":\"https:\\\/\\\/ubirataonline.com.br\\\/%f0%9f%94%b4-parma-v-roma-%e2%9c%85-official-dybala-and-soule-start-pellegrino-%e2%9d%8c\\\/#local-main-place-address\",\"streetAddress\":\"Rua dos Coqueiros, 104 - Bairro Boa Vista, Rua dos Coqueiros, 104 Bairro Boa Vista\",\"addressLocality\":\"UBIRATA\",\"postalCode\":\"85440-000\",\"addressRegion\":\"PR\",\"addressCountry\":\"BR\"},{\"@type\":\"ImageObject\",\"inLanguage\":\"en-US\",\"@id\":\"https:\\\/\\\/ubirataonline.com.br\\\/%f0%9f%94%b4-parma-v-roma-%e2%9c%85-official-dybala-and-soule-start-pellegrino-%e2%9d%8c\\\/#local-main-organization-logo\",\"url\":\"https:\\\/\\\/ubirataonline.com.br\\\/wp-content\\\/uploads\\\/2026\\\/06\\\/logoubirataonline-1.webp\",\"contentUrl\":\"https:\\\/\\\/ubirataonline.com.br\\\/wp-content\\\/uploads\\\/2026\\\/06\\\/logoubirataonline-1.webp\",\"width\":500,\"height\":500,\"caption\":\"Ubirat\u00e3 Online Not\u00edcias\"}]}<\/script>\n<meta name=\"geo.placename\" content=\"UBIRATA\" \/>\n<meta name=\"geo.position\" content=\"-24.5361401;-52.9921776\" \/>\n<meta name=\"geo.region\" content=\"Brazil\" \/>\n<!-- \/ Yoast SEO Premium plugin. -->","yoast_head_json":{"title":"&#x1f534; Parma v Roma | &#x2705; Official: Dybala and Soul\u00e9 start, Pellegrino &#x274c; - Ubirat\u00e3 Online Not\u00edcias - A realidade ao seu alcance!","description":"At 18:00 Parma host Roma in a crucial match for the European race: the Giallorossi need a win to stay on the heels of Juventus and Como, a result that","robots":{"index":"index","follow":"follow","max-snippet":"max-snippet:-1","max-image-preview":"max-image-preview:large","max-video-preview":"max-video-preview:-1"},"canonical":"https:\/\/ubirataonline.com.br\/en\/\ud83d\udd34-parma-v-roma-\u2705-official-dybala-and-soule-start-pellegrino-\u274c\/","og_locale":"en_US","og_type":"article","og_title":"&#x1f534; Parma v Roma | &#x2705; Official: Dybala and Soul\u00e9 start, Pellegrino &#x274c;","og_description":"At 18:00 Parma host Roma in a crucial match for the European race: the Giallorossi need a win to stay on the heels of Juventus and Como, a result that","og_url":"https:\/\/ubirataonline.com.br\/en\/\ud83d\udd34-parma-v-roma-\u2705-official-dybala-and-soule-start-pellegrino-\u274c\/","og_site_name":"Ubirat\u00e3 Online Not\u00edcias - A realidade ao seu alcance!","article_publisher":"https:\/\/www.facebook.com\/portalubirataonline","article_author":"https:\/\/www.facebook.com\/portalubirataonline","article_published_time":"2026-05-10T15:40:20+00:00","article_modified_time":"2026-05-10T15:40:23+00:00","og_image":[{"width":1200,"height":800,"url":"https:\/\/ubirataonline.com.br\/wp-content\/uploads\/2026\/05\/Parma-v-Roma-Official-Dybala-and-Soule-start-Pellegrino.jpeg","type":"image\/jpeg"}],"author":"REDA\u00c7\u00c3O: UBIRAT\u00c3 ONLINE - F\u00c1BIO AUGUSTO CELESTINO","twitter_card":"summary_large_image","twitter_creator":"@x.com\/ubirataonline","twitter_site":"@ubirataonline","twitter_misc":{"Written by":"REDA\u00c7\u00c3O: UBIRAT\u00c3 ONLINE - F\u00c1BIO AUGUSTO CELESTINO","Est. reading time":"1 minute"},"schema":{"@context":"https:\/\/schema.org","@graph":[{"@type":"NewsArticle","@id":"https:\/\/ubirataonline.com.br\/%f0%9f%94%b4-parma-v-roma-%e2%9c%85-official-dybala-and-soule-start-pellegrino-%e2%9d%8c\/#article","isPartOf":{"@id":"https:\/\/ubirataonline.com.br\/%f0%9f%94%b4-parma-v-roma-%e2%9c%85-official-dybala-and-soule-start-pellegrino-%e2%9d%8c\/"},"author":{"name":"REDA\u00c7\u00c3O: UBIRAT\u00c3 ONLINE - F\u00c1BIO AUGUSTO CELESTINO","@id":"https:\/\/ubirataonline.com.br\/#\/schema\/person\/372f87bbd3fdd79b8556b84c98d0bc1c"},"headline":"&#x1f534; Parma v Roma | &#x2705; Official: Dybala and Soul\u00e9 start, Pellegrino &#x274c;","datePublished":"2026-05-10T15:40:20+00:00","dateModified":"2026-05-10T15:40:23+00:00","mainEntityOfPage":{"@id":"https:\/\/ubirataonline.com.br\/%f0%9f%94%b4-parma-v-roma-%e2%9c%85-official-dybala-and-soule-start-pellegrino-%e2%9d%8c\/"},"wordCount":180,"publisher":{"@id":"https:\/\/ubirataonline.com.br\/#organization"},"image":{"@id":"https:\/\/ubirataonline.com.br\/%f0%9f%94%b4-parma-v-roma-%e2%9c%85-official-dybala-and-soule-start-pellegrino-%e2%9d%8c\/#primaryimage"},"thumbnailUrl":"https:\/\/ubirataonline.com.br\/wp-content\/uploads\/2026\/05\/Parma-v-Roma-Official-Dybala-and-Soule-start-Pellegrino.jpeg","keywords":["Dybala","official","Parma","Pellegrino","Roma","Soul\u00e9","Start"],"articleSection":["Europe"],"inLanguage":"en-US","copyrightYear":"2026","copyrightHolder":{"@id":"https:\/\/ubirataonline.com.br\/en\/#organization"}},{"@type":"WebPage","@id":"https:\/\/ubirataonline.com.br\/%f0%9f%94%b4-parma-v-roma-%e2%9c%85-official-dybala-and-soule-start-pellegrino-%e2%9d%8c\/","url":"https:\/\/ubirataonline.com.br\/%f0%9f%94%b4-parma-v-roma-%e2%9c%85-official-dybala-and-soule-start-pellegrino-%e2%9d%8c\/","name":"&#x1f534; Parma v Roma | &#x2705; Official: Dybala and Soul\u00e9 start, Pellegrino &#x274c; - Ubirat\u00e3 Online Not\u00edcias - A realidade ao seu alcance!","isPartOf":{"@id":"https:\/\/ubirataonline.com.br\/#website"},"primaryImageOfPage":{"@id":"https:\/\/ubirataonline.com.br\/%f0%9f%94%b4-parma-v-roma-%e2%9c%85-official-dybala-and-soule-start-pellegrino-%e2%9d%8c\/#primaryimage"},"image":{"@id":"https:\/\/ubirataonline.com.br\/%f0%9f%94%b4-parma-v-roma-%e2%9c%85-official-dybala-and-soule-start-pellegrino-%e2%9d%8c\/#primaryimage"},"thumbnailUrl":"https:\/\/ubirataonline.com.br\/wp-content\/uploads\/2026\/05\/Parma-v-Roma-Official-Dybala-and-Soule-start-Pellegrino.jpeg","datePublished":"2026-05-10T15:40:20+00:00","dateModified":"2026-05-10T15:40:23+00:00","description":"At 18:00 Parma host Roma in a crucial match for the European race: the Giallorossi need a win to stay on the heels of Juventus and Como, a result that","breadcrumb":{"@id":"https:\/\/ubirataonline.com.br\/%f0%9f%94%b4-parma-v-roma-%e2%9c%85-official-dybala-and-soule-start-pellegrino-%e2%9d%8c\/#breadcrumb"},"inLanguage":"en-US","potentialAction":[{"@type":"ReadAction","target":["https:\/\/ubirataonline.com.br\/%f0%9f%94%b4-parma-v-roma-%e2%9c%85-official-dybala-and-soule-start-pellegrino-%e2%9d%8c\/"]}]},{"@type":"ImageObject","inLanguage":"en-US","@id":"https:\/\/ubirataonline.com.br\/%f0%9f%94%b4-parma-v-roma-%e2%9c%85-official-dybala-and-soule-start-pellegrino-%e2%9d%8c\/#primaryimage","url":"https:\/\/ubirataonline.com.br\/wp-content\/uploads\/2026\/05\/Parma-v-Roma-Official-Dybala-and-Soule-start-Pellegrino.jpeg","contentUrl":"https:\/\/ubirataonline.com.br\/wp-content\/uploads\/2026\/05\/Parma-v-Roma-Official-Dybala-and-Soule-start-Pellegrino.jpeg","width":1200,"height":800,"caption":"&#x1f534; Parma v Roma | &#x2705; Official: Dybala and Soul\u00e9 start, Pellegrino &#x274c;"},{"@type":"BreadcrumbList","@id":"https:\/\/ubirataonline.com.br\/%f0%9f%94%b4-parma-v-roma-%e2%9c%85-official-dybala-and-soule-start-pellegrino-%e2%9d%8c\/#breadcrumb","itemListElement":[{"@type":"ListItem","position":1,"name":"In\u00edcio","item":"https:\/\/ubirataonline.com.br\/"},{"@type":"ListItem","position":2,"name":"&#x1f534; Parma v Roma | &#x2705; Official: Dybala and Soul\u00e9 start, Pellegrino &#x274c;"}]},{"@type":"WebSite","@id":"https:\/\/ubirataonline.com.br\/#website","url":"https:\/\/ubirataonline.com.br\/","name":"Ubirat\u00e3 Online Not\u00edcias","description":"Not\u00edcias de Ubirat\u00e3, regi\u00e3o, Brasil e mundo, com informa\u00e7\u00e3o atualizada e compromisso com o leitor.","publisher":{"@id":"https:\/\/ubirataonline.com.br\/#organization"},"alternateName":"Ubirat\u00e3 Online","potentialAction":[{"@type":"SearchAction","target":{"@type":"EntryPoint","urlTemplate":"https:\/\/ubirataonline.com.br\/?s={search_term_string}"},"query-input":{"@type":"PropertyValueSpecification","valueRequired":true,"valueName":"search_term_string"}}],"inLanguage":"en-US"},{"@type":["Organization","Place"],"@id":"https:\/\/ubirataonline.com.br\/#organization","name":"Ubirat\u00e3 Online Not\u00edcias","alternateName":"Ubirat\u00e3 Online","url":"https:\/\/ubirataonline.com.br\/","logo":{"@id":"https:\/\/ubirataonline.com.br\/%f0%9f%94%b4-parma-v-roma-%e2%9c%85-official-dybala-and-soule-start-pellegrino-%e2%9d%8c\/#local-main-organization-logo"},"image":{"@id":"https:\/\/ubirataonline.com.br\/%f0%9f%94%b4-parma-v-roma-%e2%9c%85-official-dybala-and-soule-start-pellegrino-%e2%9d%8c\/#local-main-organization-logo"},"sameAs":["https:\/\/www.facebook.com\/portalubirataonline","https:\/\/x.com\/ubirataonline","https:\/\/mastodon.social\/@ubirataonline","https:\/\/www.facebook.com\/groups\/311144672285604","https:\/\/www.facebook.com\/UBTAOnline","https:\/\/www.instagram.com\/portalubirataonline\/","https:\/\/twitter.com\/ubirataonline"],"description":"Somos um portal de not\u00edcias independente, criado em 5 de janeiro de 2009, com o objetivo de informar, conectar e valorizar a nossa comunidade de Ubirat\u00e3 e toda aregi\u00e3o. Com conte\u00fado atualizado, confi\u00e1vel e relevante, o Ubirat\u00e3 Online \u00e9 o seu espa\u00e7o para ficar por dentro dos principais acontecimentos locais, regionais, Brasil, Mundo e de interesse geral. Nosso compromisso \u00e9 com a verdade, a transpar\u00eancia e o respeito ao leitor.","legalName":"UBIRATA ONLINE NOT\u00cdCIAS","foundingDate":"2009-01-05","numberOfEmployees":{"@type":"QuantitativeValue","minValue":"1","maxValue":"10"},"publishingPrinciples":"https:\/\/ubirataonline.com.br\/faq\/","address":{"@id":"https:\/\/ubirataonline.com.br\/%f0%9f%94%b4-parma-v-roma-%e2%9c%85-official-dybala-and-soule-start-pellegrino-%e2%9d%8c\/#local-main-place-address"},"geo":{"@type":"GeoCoordinates","latitude":"-24.5361401","longitude":"-52.9921776"},"telephone":["+5544998308235"],"contactPoint":{"@type":"ContactPoint","email":"contato@ubirataonline.com.br"},"openingHoursSpecification":{"@type":"OpeningHoursSpecification","dayOfWeek":["Monday","Tuesday","Wednesday","Thursday","Friday","Saturday","Sunday"],"opens":"00:00","closes":"23:59"},"email":"contato@ubirataonline.com.br","vatID":"47.621.418\/0001-80"},{"@type":"Person","@id":"https:\/\/ubirataonline.com.br\/#\/schema\/person\/372f87bbd3fdd79b8556b84c98d0bc1c","name":"REDA\u00c7\u00c3O: UBIRAT\u00c3 ONLINE - F\u00c1BIO AUGUSTO CELESTINO","pronouns":"Ele","description":"Desde 2003 trabalhando com not\u00edcias.","sameAs":["http:\/\/ubirataoline.com.br","https:\/\/www.facebook.com\/portalubirataonline","https:\/\/www.instagram.com\/ubirataonline_oficial","https:\/\/x.com\/x.com\/ubirataonline"],"honorificPrefix":"Mr.","honorificSuffix":"MD","birthDate":"1980-06-16","gender":"masculino","award":["V\u00e1rios pr\u00eamios de melhor portal da cidade"],"jobTitle":"Diretor","url":"https:\/\/ubirataonline.com.br\/en\/author\/ubirataonline\/"},{"@type":"PostalAddress","@id":"https:\/\/ubirataonline.com.br\/%f0%9f%94%b4-parma-v-roma-%e2%9c%85-official-dybala-and-soule-start-pellegrino-%e2%9d%8c\/#local-main-place-address","streetAddress":"Rua dos Coqueiros, 104 - Bairro Boa Vista, Rua dos Coqueiros, 104 Bairro Boa Vista","addressLocality":"UBIRATA","postalCode":"85440-000","addressRegion":"PR","addressCountry":"BR"},{"@type":"ImageObject","inLanguage":"en-US","@id":"https:\/\/ubirataonline.com.br\/%f0%9f%94%b4-parma-v-roma-%e2%9c%85-official-dybala-and-soule-start-pellegrino-%e2%9d%8c\/#local-main-organization-logo","url":"https:\/\/ubirataonline.com.br\/wp-content\/uploads\/2026\/06\/logoubirataonline-1.webp","contentUrl":"https:\/\/ubirataonline.com.br\/wp-content\/uploads\/2026\/06\/logoubirataonline-1.webp","width":500,"height":500,"caption":"Ubirat\u00e3 Online Not\u00edcias"}]},"geo.placename":"UBIRATA","geo.position":{"lat":"-24.5361401","long":"-52.9921776"},"geo.region":"Brazil"},"_links":{"self":[{"href":"https:\/\/ubirataonline.com.br\/en\/wp-json\/wp\/v2\/posts\/126052","targetHints":{"allow":["GET"]}}],"collection":[{"href":"https:\/\/ubirataonline.com.br\/en\/wp-json\/wp\/v2\/posts"}],"about":[{"href":"https:\/\/ubirataonline.com.br\/en\/wp-json\/wp\/v2\/types\/post"}],"author":[{"embeddable":true,"href":"https:\/\/ubirataonline.com.br\/en\/wp-json\/wp\/v2\/users\/1"}],"replies":[{"embeddable":true,"href":"https:\/\/ubirataonline.com.br\/en\/wp-json\/wp\/v2\/comments?post=126052"}],"version-history":[{"count":0,"href":"https:\/\/ubirataonline.com.br\/en\/wp-json\/wp\/v2\/posts\/126052\/revisions"}],"wp:featuredmedia":[{"embeddable":true,"href":"https:\/\/ubirataonline.com.br\/en\/wp-json\/wp\/v2\/media\/126053"}],"wp:attachment":[{"href":"https:\/\/ubirataonline.com.br\/en\/wp-json\/wp\/v2\/media?parent=126052"}],"wp:term":[{"taxonomy":"category","embeddable":true,"href":"https:\/\/ubirataonline.com.br\/en\/wp-json\/wp\/v2\/categories?post=126052"},{"taxonomy":"post_tag","embeddable":true,"href":"https:\/\/ubirataonline.com.br\/en\/wp-json\/wp\/v2\/tags?post=126052"}],"curies":[{"name":"wp","href":"https:\/\/api.w.org\/{rel}","templated":true}]}}