{"id":126055,"date":"2026-05-10T12:42:29","date_gmt":"2026-05-10T15:42:29","guid":{"rendered":"https:\/\/ubirataonline.com.br\/coup-gegen-den-fc-bayern-was-ist-hier-los\/"},"modified":"2026-05-10T12:42:32","modified_gmt":"2026-05-10T15:42:32","slug":"coup-gegen-den-fc-bayern-was-ist-hier-los","status":"publish","type":"post","link":"https:\/\/ubirataonline.com.br\/en\/coup-gegen-den-fc-bayern-was-ist-hier-los\/","title":{"rendered":"Coup gegen den FC Bayern: &#8220;Was ist hier los?&#8221;"},"content":{"rendered":"<p><br \/>\n<\/p>\n<div>\n<div id=\"article-author-area\" class=\"sc-bgqQcB AZUAe\">\n<p><span font-size=\"22px\" font-weight=\"normal\" class=\"sc-fFGjHI gjlSky\" data-speakable=\"article-abstract\" display=\"inline,none,none\" font-family=\"'sport1Bold', Sport1-Bold-Fallback\" color=\"#000000\" data-testid=\"article-abstract\">Der 1. FC Heidenheim darf im Kampf um den Klassenerhalt wieder hoffen. Im Interview mit SPORT1 erl\u00e4utert Hennes Behrens die Gr\u00fcnde f\u00fcr den Aufschwung.<\/span><\/p>\n<\/div>\n<div data-testid=\"article-text\" class=\"jsx-225176012 article-text mb-6 mx-[12px] tn:mx-[24px] sm:mx-[36px]\">\n<p>Die Hoffnung ist endg\u00fcltig zur\u00fcck: Der <a href=\"https:\/\/www.sport1.de\/team\/1-fc-heidenheim-1846\/opta_2891\">1. FC Heidenheim<\/a> galt schon als sicherer Absteiger und k\u00f6nnte nun doch noch die Klasse halten. Nach den Niederlagen der Konkurrenz aus Wolfsburg und St. Pauli w\u00fcrde der FCH mit einem Sieg am Sonntag beim <a href=\"https:\/\/www.sport1.de\/team\/1-fc-koeln\/opta_387\">1. FC K\u00f6ln<\/a> (17:30 Uhr im <a href=\"https:\/\/www.sport1.de\/daten\/fussball\/bundesliga\/live-ticker\/opta_2569340\/uebersicht\">LIVETICKER<\/a>) nach Punkten mit dem noch vor ihm liegenden Duo gleichziehen.<\/p>\n<\/div>\n<div data-testid=\"article-text\" class=\"jsx-225176012 article-text mb-6 mx-[12px] tn:mx-[24px] sm:mx-[36px]\">\n<p>Dass die Heidenheimer noch Chancen auf den Klassenerhalt haben, liegt aber vor allem an ihnen selbst. Sp\u00e4testens seit dem spektakul\u00e4ren <a href=\"https:\/\/www.sport1.de\/daten\/fussball\/bundesliga\/live-ticker\/opta_2569324\/ticker\">3:3 beim FC Bayern<\/a> ist der Glaube in Heidenheim wieder da \u2013 und mittendrin: Hennes Behrens.<\/p>\n<\/div>\n<div data-testid=\"article-text\" class=\"jsx-225176012 article-text mb-6 mx-[12px] tn:mx-[24px] sm:mx-[36px]\">\n<p>Der 21 Jahre alte Au\u00dfenverteidiger, der bis Saisonende von der <a href=\"https:\/\/www.sport1.de\/team\/tsg-hoffenheim\/opta_1902\">TSG Hoffenheim<\/a> ausgeliehen ist und anschlie\u00dfend zun\u00e4chst dorthin zur\u00fcckkehren wird, ist unter Trainer Frank Schmidt l\u00e4ngst zum Stammspieler gereift.<\/p>\n<\/div>\n<div data-testid=\"article-text\" class=\"jsx-225176012 article-text mb-6 mx-[12px] tn:mx-[24px] sm:mx-[36px]\">\n<p>Trotz seines jungen Alters tritt Behrens bemerkenswert selbstbewusst auf und spricht vor dem Spiel in K\u00f6ln im exklusiven <strong>SPORT1<\/strong>-Interview \u00fcber Nervosit\u00e4t in der Allianz Arena, den neuen Glauben im Team \u2013 und warum das \u201eKribbeln\u201c im Tabellenkeller auch guttun kann.<\/p>\n<\/div>\n<p><h2>\u201eWenn es nicht mehr kribbelt, stimmt etwas nicht\u201c<\/h2>\n<\/p>\n<div data-testid=\"article-text\" class=\"jsx-225176012 article-text mb-6 mx-[12px] tn:mx-[24px] sm:mx-[36px]\">\n<p><strong>SPORT1: <\/strong>Herr Behrens, wie oft schauen Sie aktuell wirklich auf die <a href=\"https:\/\/www.sport1.de\/team\/1-fc-heidenheim-1846\/opta_2891\/tabelle\">Tabelle<\/a>?<\/p>\n<\/div>\n<div data-testid=\"article-text\" class=\"jsx-225176012 article-text mb-6 mx-[12px] tn:mx-[24px] sm:mx-[36px]\">\n<p><strong>Hennes Behrens:<\/strong> Rund um das Bayern-Spiel schon ein bisschen h\u00e4ufiger als davor. Aber nicht so, dass ich jeden Tag drauf schaue und mir st\u00e4ndig Gedanken mache, was w\u00e4re, wenn \u2026<\/p>\n<\/div>\n<div data-testid=\"article-text\" class=\"jsx-225176012 article-text mb-6 mx-[12px] tn:mx-[24px] sm:mx-[36px]\">\n<p><strong>SPORT1:<\/strong> Ist der Fokus trotzdem konsequent oder gibt es auch mal Kopfkino?<\/p>\n<\/div>\n<div data-testid=\"article-text\" class=\"jsx-225176012 article-text mb-6 mx-[12px] tn:mx-[24px] sm:mx-[36px]\">\n<p><strong>Behrens:<\/strong> Solche Gedanken gibt es nat\u00fcrlich. Das ist normal. Aber wir haben in der Mannschaft einen guten Fokus. Auch gegen die Bayern war es unser Ziel, uns auf unser eigenes Spiel zu konzentrieren.<\/p>\n<\/div>\n<div data-testid=\"article-text\" class=\"jsx-225176012 article-text mb-6 mx-[12px] tn:mx-[24px] sm:mx-[36px]\">\n<p><strong>SPORT1: <\/strong>Ganz ausblenden l\u00e4sst sich die Tabelle offenbar nicht.<\/p>\n<\/div>\n<div data-testid=\"article-text\" class=\"jsx-225176012 article-text mb-6 mx-[12px] tn:mx-[24px] sm:mx-[36px]\">\n<p><strong>Behrens: <\/strong>Nein, das geht nicht. Wenn es nicht mehr kribbelt, stimmt etwas nicht. Dieses Kribbeln hilft \u2013 es tut gut zu wissen, dass es noch um etwas geht.<\/p>\n<\/div>\n<div data-testid=\"article-text\" class=\"jsx-225176012 article-text mb-6 mx-[12px] tn:mx-[24px] sm:mx-[36px]\">\n<p><strong>SPORT1: <\/strong>F\u00fcr manche Spieler scheint der Tabellenblick eher hilfreich als st\u00f6rend zu sein.<\/p>\n<\/div>\n<div data-testid=\"article-text\" class=\"jsx-225176012 article-text mb-6 mx-[12px] tn:mx-[24px] sm:mx-[36px]\">\n<p><strong>Behrens: <\/strong>Genau. F\u00fcr manche ist das sogar ein zus\u00e4tzlicher Push.<\/p>\n<\/div>\n<p><h2>\u201eIch will meinen Idealen treu bleiben\u201c<\/h2>\n<\/p>\n<div data-testid=\"article-text\" class=\"jsx-225176012 article-text mb-6 mx-[12px] tn:mx-[24px] sm:mx-[36px]\">\n<p><strong>SPORT1:<\/strong> Sie sind erst 21, Stammspieler im Abstiegskampf \u2013 merken Sie eine Entwicklung bei sich?<\/p>\n<\/div>\n<div data-testid=\"article-text\" class=\"jsx-225176012 article-text mb-6 mx-[12px] tn:mx-[24px] sm:mx-[36px]\">\n<p><strong>Behrens:<\/strong> Ich will meinen Idealen treu bleiben und so bleiben, wie ich bin. Aber klar: Mit Verantwortung w\u00e4chst man. In den vergangenen Wochen habe ich schon gemerkt, dass ich in meiner Zeit beim FCH reifer geworden bin.<\/p>\n<\/div>\n<div data-testid=\"article-text\" class=\"jsx-225176012 article-text mb-6 mx-[12px] tn:mx-[24px] sm:mx-[36px]\">\n<p><strong>SPORT1:<\/strong> Was sind Ihre Ideale?<\/p>\n<\/div>\n<div data-testid=\"article-text\" class=\"jsx-225176012 article-text mb-6 mx-[12px] tn:mx-[24px] sm:mx-[36px]\">\n<p><strong>Behrens: <\/strong>Locker bleiben, Spa\u00df behalten, sich nicht verkrampfen \u2013 egal in welcher Situation. Es ist mein Job, aber eben auch Fu\u00dfball.<\/p>\n<\/div>\n<div data-testid=\"article-text\" class=\"jsx-225176012 article-text mb-6 mx-[12px] tn:mx-[24px] sm:mx-[36px]\">\n<p><strong>SPORT1: <\/strong>Spielen Sie heute anders als noch vor ein paar Wochen?<\/p>\n<\/div>\n<div data-testid=\"article-text\" class=\"jsx-225176012 article-text mb-6 mx-[12px] tn:mx-[24px] sm:mx-[36px]\">\n<p><strong>Behrens:<\/strong> Ja, ich bin klarer und stabiler geworden. Am Anfang hatte ich noch zu viele einfache Ballverluste. Das habe ich besser in den Griff bekommen \u2013 auch wenn Fehler nat\u00fcrlich dazugeh\u00f6ren.<\/p>\n<\/div>\n<div data-testid=\"article-text\" class=\"jsx-225176012 article-text mb-6 mx-[12px] tn:mx-[24px] sm:mx-[36px]\">\n<p><strong>SPORT1: <\/strong>Sp\u00fcren Sie Nervosit\u00e4t, etwa in der Allianz Arena?<\/p>\n<\/div>\n<div data-testid=\"article-text\" class=\"jsx-225176012 article-text mb-6 mx-[12px] tn:mx-[24px] sm:mx-[36px]\">\n<p><strong>Behrens:<\/strong> Klar, das ist normal \u2013 gerade in der Bundesliga und in meinem Alter. Aber das Team hat mir von Anfang an viel Vertrauen gegeben, das hilft enorm.<\/p>\n<\/div>\n<p><h2>\u201eIch bin auch als Mensch gewachsen\u201c<\/h2>\n<\/p>\n<div data-testid=\"article-text\" class=\"jsx-225176012 article-text mb-6 mx-[12px] tn:mx-[24px] sm:mx-[36px]\">\n<p><strong>SPORT1: <\/strong>Ihre Leihe von Hoffenheim nach Heidenheim \u2013 ist sie aufgegangen?<\/p>\n<\/div>\n<div data-testid=\"article-text\" class=\"jsx-225176012 article-text mb-6 mx-[12px] tn:mx-[24px] sm:mx-[36px]\">\n<p><strong>Behrens: <\/strong>F\u00fcr mich perfekt. Besser h\u00e4tte ich es mir kaum vorstellen k\u00f6nnen \u2013 sportlich wie menschlich.<\/p>\n<\/div>\n<div data-testid=\"article-text\" class=\"jsx-225176012 article-text mb-6 mx-[12px] tn:mx-[24px] sm:mx-[36px]\">\n<p><strong>SPORT1: <\/strong>Was genau macht es f\u00fcr Sie so perfekt?<\/p>\n<\/div>\n<div data-testid=\"article-text\" class=\"jsx-225176012 article-text mb-6 mx-[12px] tn:mx-[24px] sm:mx-[36px]\">\n<p><strong>Behrens: <\/strong>Hier bekomme ich das Vertrauen, das ich vorher nicht hatte, und spiele jede Woche \u2013 das hat mir gefehlt. Ich bin auch als Mensch gewachsen. Das ist extrem wichtig.<\/p>\n<\/div>\n<div data-testid=\"article-text\" class=\"jsx-225176012 article-text mb-6 mx-[12px] tn:mx-[24px] sm:mx-[36px]\">\n<p><strong>SPORT1:<\/strong> Ist Frank Schmidt der perfekte Trainer f\u00fcr Sie?<\/p>\n<\/div>\n<div data-testid=\"article-text\" class=\"jsx-225176012 article-text mb-6 mx-[12px] tn:mx-[24px] sm:mx-[36px]\">\n<p><strong>Behrens: <\/strong>Ja. Vertrauen ist entscheidend \u2013 und das bekomme ich hier jeden Tag.<\/p>\n<\/div>\n<div data-testid=\"article-text\" class=\"jsx-225176012 article-text mb-6 mx-[12px] tn:mx-[24px] sm:mx-[36px]\">\n<p><strong>SPORT1: <\/strong>Wirkt das Team seit Schmidts klaren Worten zur 2. Liga gel\u00f6ster?<\/p>\n<\/div>\n<div data-testid=\"article-text\" class=\"jsx-225176012 article-text mb-6 mx-[12px] tn:mx-[24px] sm:mx-[36px]\">\n<p><strong>Behrens: <\/strong>Das spielt sicher eine Rolle, aber nicht nur. Wir wirken insgesamt freier, spielen guten Fu\u00dfball und halten als Team zusammen. Der Druck ist ein St\u00fcck weit raus \u2013 das hilft uns.<\/p>\n<\/div>\n<p><h2>\u201eIm Nachhinein war es ein ganz wichtiger Z\u00e4hler\u201c<\/h2>\n<\/p>\n<div data-testid=\"article-text\" class=\"jsx-225176012 article-text mb-6 mx-[12px] tn:mx-[24px] sm:mx-[36px]\">\n<p><strong>SPORT1: <\/strong>Wann haben Sie im Bayern-Spiel gemerkt, dass etwas m\u00f6glich ist?<\/p>\n<\/div>\n<div data-testid=\"article-text\" class=\"jsx-225176012 article-text mb-6 mx-[12px] tn:mx-[24px] sm:mx-[36px]\">\n<p><strong>Behrens: <\/strong>Beim 2:0 haben wir zum ersten Mal gedacht: Was ist hier los? Das kann heute wirklich passieren. Wir haben stark verteidigt, Bayern hatte zwar mehr Ballbesitz, aber wir hatten die klareren Chancen. Umso bitterer war das 2:1 kurz vor der Pause.<\/p>\n<\/div>\n<div data-testid=\"article-text\" class=\"jsx-225176012 article-text mb-6 mx-[12px] tn:mx-[24px] sm:mx-[36px]\">\n<p><strong>SPORT1: <\/strong>F\u00fchlte sich das 3:3 am Ende wie zwei verlorene Punkte an?<\/p>\n<\/div>\n<div data-testid=\"article-text\" class=\"jsx-225176012 article-text mb-6 mx-[12px] tn:mx-[24px] sm:mx-[36px]\">\n<p><strong>Behrens:<\/strong> Vor dem Spiel h\u00e4tten wir den Punkt sofort genommen. Nach dem Verlauf f\u00fchlte es sich kurzzeitig nach zwei verlorenen Punkten an \u2013 im Nachhinein war es aber ein ganz wichtiger Z\u00e4hler!<\/p>\n<\/div>\n<div data-testid=\"article-text\" class=\"jsx-225176012 article-text mb-6 mx-[12px] tn:mx-[24px] sm:mx-[36px]\">\n<p><strong>SPORT1: <\/strong>Die Hoffnung auf Platz 16 ist wieder deutlich pr\u00e4sent.<\/p>\n<\/div>\n<div data-testid=\"article-text\" class=\"jsx-225176012 article-text mb-6 mx-[12px] tn:mx-[24px] sm:mx-[36px]\">\n<p><strong>Behrens: <\/strong>Ja, absolut. Eigentlich schon seit dem Union-Sieg, jetzt aber noch einmal deutlich mehr \u2013 auch weil wir zuletzt konstant gepunktet haben.<\/p>\n<\/div>\n<div data-testid=\"article-text\" class=\"jsx-225176012 article-text mb-6 mx-[12px] tn:mx-[24px] sm:mx-[36px]\">\n<p><strong>SPORT1: <\/strong>War die Mannschaft vorher zu verkrampft?<\/p>\n<\/div>\n<div data-testid=\"article-text\" class=\"jsx-225176012 article-text mb-6 mx-[12px] tn:mx-[24px] sm:mx-[36px]\">\n<p><strong>Behrens: <\/strong>Eher in einer Negativspirale. Viel lief gegen uns, die Abstimmung hat nicht gepasst. Die Spiele gegen <a href=\"https:\/\/www.sport1.de\/team\/vfb-stuttgart\/opta_169\">Stuttgart <\/a>und <a href=\"https:\/\/www.sport1.de\/team\/bayer-04-leverkusen\/opta_164\">Leverkusen<\/a> (jeweils 3:3, <em>Anm. d. Red.<\/em>) haben uns wieder Auftrieb gegeben.<\/p>\n<\/div>\n<div data-testid=\"article-text\" class=\"jsx-225176012 article-text mb-6 mx-[12px] tn:mx-[24px] sm:mx-[36px]\">\n<p><strong>SPORT1: <\/strong>Wie war die Stimmung nach dem Bayern-Spiel?<\/p>\n<\/div>\n<div data-testid=\"article-text\" class=\"jsx-225176012 article-text mb-6 mx-[12px] tn:mx-[24px] sm:mx-[36px]\">\n<p><strong>Behrens: <\/strong>Gemischt. Entt\u00e4uschung wegen des sp\u00e4ten Gegentors, aber auch Stolz auf die Leistung. Es war trotzdem ein besonderes Erlebnis zu sehen, wie wir dort als Team aufgetreten sind.<\/p>\n<\/div>\n<div data-testid=\"article-text\" class=\"jsx-225176012 article-text mb-6 mx-[12px] tn:mx-[24px] sm:mx-[36px]\">\n<p><strong>SPORT1: <\/strong>Wer wird in der Kabine laut?<\/p>\n<\/div>\n<div data-testid=\"article-text\" class=\"jsx-225176012 article-text mb-6 mx-[12px] tn:mx-[24px] sm:mx-[36px]\">\n<p><strong>Behrens: <\/strong>Vor allem die Erfahrenen wie unser Kapit\u00e4n Patrick Mainka oder \u201eDorschi\u201c (<em>Mittelfeldspieler Niklas Dorsch, d. Red.<\/em>) Aber grunds\u00e4tzlich sind wir alle kommunikativ.<\/p>\n<\/div>\n<div data-testid=\"article-text\" class=\"jsx-225176012 article-text mb-6 mx-[12px] tn:mx-[24px] sm:mx-[36px]\">\n<p><strong>Behrens: <\/strong>Ich sage meine Meinung, versuche aber ruhig und positiv zu bleiben \u2013 das ist mir wichtig.<\/p>\n<\/div>\n<p><h2>\u201eMein Fokus liegt komplett auf dem 1. FC Heidenheim\u201c<\/h2>\n<\/p>\n<div data-testid=\"article-text\" class=\"jsx-225176012 article-text mb-6 mx-[12px] tn:mx-[24px] sm:mx-[36px]\">\n<p><strong>SPORT1: <\/strong>Blick Richtung Sommer: Wie gehen Sie mit Interesse anderer Klubs um?<\/p>\n<\/div>\n<div data-testid=\"article-text\" class=\"jsx-225176012 article-text mb-6 mx-[12px] tn:mx-[24px] sm:mx-[36px]\">\n<p><strong>Behrens: <\/strong>Mein Fokus liegt komplett auf dem 1. FC Heidenheim. Ich m\u00f6chte weiter Bundesliga spielen. Alles andere regelt mein Berater. Aber nat\u00fcrlich ist Interesse auch eine Best\u00e4tigung.<\/p>\n<\/div>\n<div data-testid=\"article-text\" class=\"jsx-225176012 article-text mb-6 mx-[12px] tn:mx-[24px] sm:mx-[36px]\">\n<p><strong>SPORT1: <\/strong>Was m\u00fcsste passieren, damit Sie sagen: Ich bleibe in Heidenheim?<\/p>\n<\/div>\n<div data-testid=\"article-text\" class=\"jsx-225176012 article-text mb-6 mx-[12px] tn:mx-[24px] sm:mx-[36px]\">\n<p><strong>Behrens: <\/strong>Ich f\u00fchle mich sehr wohl. Alles Weitere wird man sehen. Ich bin schlie\u00dflich noch bei der TSG Hoffenheim unter Vertrag.<\/p>\n<\/div>\n<div data-testid=\"article-text\" class=\"jsx-225176012 article-text mb-6 mx-[12px] tn:mx-[24px] sm:mx-[36px]\">\n<p><strong>SPORT1: <\/strong>Wie unterst\u00fctzt Sie Frank Schmidt aktuell?<\/p>\n<\/div>\n<div data-testid=\"article-text\" class=\"jsx-225176012 article-text mb-6 mx-[12px] tn:mx-[24px] sm:mx-[36px]\">\n<p><strong>Behrens: <\/strong>Vor allem durch Vertrauen und Wertsch\u00e4tzung. Das hilft mir, frei aufzuspielen.<\/p>\n<\/div>\n<div data-testid=\"article-text\" class=\"jsx-225176012 article-text mb-6 mx-[12px] tn:mx-[24px] sm:mx-[36px]\">\n<p><strong>SPORT1: <\/strong>Der FCH-Vorstandsvorsitzende Holger Sanwald zeigte sich zuletzt im <strong>Doppelpass\u00a0<\/strong>auf <strong>SPORT1<\/strong> skeptisch dar\u00fcber, dass Frank Schmidt seinen Vertrag \u00fcber 2027 hinaus noch einmal verl\u00e4ngern wird. Unabh\u00e4ngig davon, ob Sie in Heidenheim bleiben: Wie sehen Sie es?<\/p>\n<\/div>\n<div data-testid=\"article-text\" class=\"jsx-225176012 article-text mb-6 mx-[12px] tn:mx-[24px] sm:mx-[36px]\">\n<p><strong>Behrens: <\/strong>Alle w\u00fcnschen sich, dass er noch lange im Verein bleibt. Er ist enorm wichtig f\u00fcr den Klub.<\/p>\n<\/div>\n<div data-testid=\"article-text\" class=\"jsx-225176012 article-text mb-6 mx-[12px] tn:mx-[24px] sm:mx-[36px]\">\n<p><strong>SPORT1: <\/strong>Was w\u00fcrden Sie am Saisonende gern \u00fcber sich lesen?<\/p>\n<\/div>\n<div data-testid=\"article-text\" class=\"jsx-225176012 article-text mb-6 mx-[12px] tn:mx-[24px] sm:mx-[36px]\">\n<p><strong>Behrens: <\/strong>Dass wir es geschafft haben, die Klasse zu halten \u2013 und dass mein Traum Bundesliga Wirklichkeit geworden ist.<\/p>\n<\/div>\n<\/div>\n<p><br \/>\n<br \/><a href=\"https:\/\/www.sport1.de\/news\/fussball\/bundesliga\/2026\/05\/coup-gegen-den-fc-bayern-was-ist-hier-los\">Source link <\/a><\/p>\n","protected":false},"excerpt":{"rendered":"<p>Der 1. FC Heidenheim darf im Kampf um den Klassenerhalt wieder hoffen. Im Interview mit SPORT1 erl\u00e4utert Hennes Behrens die Gr\u00fcnde f\u00fcr den Aufschwung. Die Hoffnung ist endg\u00fcltig zur\u00fcck: Der 1. FC Heidenheim galt schon als sicherer Absteiger und k\u00f6nnte nun doch noch die Klasse halten. Nach den Niederlagen der Konkurrenz aus Wolfsburg und St. [&hellip;]<\/p>\n","protected":false},"author":1,"featured_media":126056,"comment_status":"closed","ping_status":"","sticky":false,"template":"","format":"standard","meta":{"googlesitekit_rrm_CAow2JLhCw:productID":"","_gspb_post_css":"","maa_idioma":"","maa_pais":"","footnotes":""},"categories":[1],"tags":[2918,31886,8448,8442,34566,7389,2979],"class_list":["post-126055","post","type-post","status-publish","format-standard","has-post-thumbnail","hentry","category-ubirata","tag-bayern","tag-coup","tag-den","tag-gegen","tag-hier","tag-ist","tag-los"],"blocksy_meta":[],"yoast_head":"<!-- This site is optimized with the Yoast SEO Premium plugin v27.6 (Yoast SEO v27.6) - https:\/\/yoast.com\/product\/yoast-seo-premium-wordpress\/ -->\n<title>Coup gegen den FC Bayern: &quot;Was ist hier los?&quot; - Ubirat\u00e3 Online Not\u00edcias - A realidade ao seu alcance!<\/title>\n<meta name=\"description\" content=\"Der 1. FC Heidenheim darf im Kampf um den Klassenerhalt wieder hoffen. Im Interview mit SPORT1 erl\u00e4utert Hennes Behrens die Gr\u00fcnde f\u00fcr den Aufschwung.Die\" \/>\n<meta name=\"robots\" content=\"index, follow, max-snippet:-1, max-image-preview:large, max-video-preview:-1\" \/>\n<link rel=\"canonical\" href=\"https:\/\/ubirataonline.com.br\/en\/coup-gegen-den-fc-bayern-was-ist-hier-los\/\" \/>\n<meta property=\"og:locale\" content=\"en_US\" \/>\n<meta property=\"og:type\" content=\"article\" \/>\n<meta property=\"og:title\" content=\"Coup gegen den FC Bayern: &quot;Was ist hier los?&quot;\" \/>\n<meta property=\"og:description\" content=\"Der 1. FC Heidenheim darf im Kampf um den Klassenerhalt wieder hoffen. Im Interview mit SPORT1 erl\u00e4utert Hennes Behrens die Gr\u00fcnde f\u00fcr den Aufschwung.Die\" \/>\n<meta property=\"og:url\" content=\"https:\/\/ubirataonline.com.br\/en\/coup-gegen-den-fc-bayern-was-ist-hier-los\/\" \/>\n<meta property=\"og:site_name\" content=\"Ubirat\u00e3 Online Not\u00edcias - A realidade ao seu alcance!\" \/>\n<meta property=\"article:publisher\" content=\"https:\/\/www.facebook.com\/portalubirataonline\" \/>\n<meta property=\"article:author\" content=\"https:\/\/www.facebook.com\/portalubirataonline\" \/>\n<meta property=\"article:published_time\" content=\"2026-05-10T15:42:29+00:00\" \/>\n<meta property=\"article:modified_time\" content=\"2026-05-10T15:42:32+00:00\" \/>\n<meta property=\"og:image\" content=\"https:\/\/ubirataonline.com.br\/wp-content\/uploads\/2026\/05\/Coup-gegen-den-FC-Bayern-Was-ist-hier-los.jpeg\" \/>\n\t<meta property=\"og:image:width\" content=\"1200\" \/>\n\t<meta property=\"og:image:height\" content=\"630\" \/>\n\t<meta property=\"og:image:type\" content=\"image\/jpeg\" \/>\n<meta name=\"author\" content=\"REDA\u00c7\u00c3O: UBIRAT\u00c3 ONLINE - F\u00c1BIO AUGUSTO CELESTINO\" \/>\n<meta name=\"twitter:card\" content=\"summary_large_image\" \/>\n<meta name=\"twitter:creator\" content=\"@x.com\/ubirataonline\" \/>\n<meta name=\"twitter:site\" content=\"@ubirataonline\" \/>\n<meta name=\"twitter:label1\" content=\"Written by\" \/>\n\t<meta name=\"twitter:data1\" content=\"REDA\u00c7\u00c3O: UBIRAT\u00c3 ONLINE - F\u00c1BIO AUGUSTO CELESTINO\" \/>\n\t<meta name=\"twitter:label2\" content=\"Est. reading time\" \/>\n\t<meta name=\"twitter:data2\" content=\"6 minutes\" \/>\n<script type=\"application\/ld+json\" class=\"yoast-schema-graph\">{\"@context\":\"https:\\\/\\\/schema.org\",\"@graph\":[{\"@type\":\"NewsArticle\",\"@id\":\"https:\\\/\\\/ubirataonline.com.br\\\/coup-gegen-den-fc-bayern-was-ist-hier-los\\\/#article\",\"isPartOf\":{\"@id\":\"https:\\\/\\\/ubirataonline.com.br\\\/coup-gegen-den-fc-bayern-was-ist-hier-los\\\/\"},\"author\":{\"name\":\"REDA\u00c7\u00c3O: UBIRAT\u00c3 ONLINE - F\u00c1BIO AUGUSTO CELESTINO\",\"@id\":\"https:\\\/\\\/ubirataonline.com.br\\\/#\\\/schema\\\/person\\\/372f87bbd3fdd79b8556b84c98d0bc1c\"},\"headline\":\"Coup gegen den FC Bayern: &#8220;Was ist hier los?&#8221;\",\"datePublished\":\"2026-05-10T15:42:29+00:00\",\"dateModified\":\"2026-05-10T15:42:32+00:00\",\"mainEntityOfPage\":{\"@id\":\"https:\\\/\\\/ubirataonline.com.br\\\/coup-gegen-den-fc-bayern-was-ist-hier-los\\\/\"},\"wordCount\":1129,\"publisher\":{\"@id\":\"https:\\\/\\\/ubirataonline.com.br\\\/#organization\"},\"image\":{\"@id\":\"https:\\\/\\\/ubirataonline.com.br\\\/coup-gegen-den-fc-bayern-was-ist-hier-los\\\/#primaryimage\"},\"thumbnailUrl\":\"https:\\\/\\\/ubirataonline.com.br\\\/wp-content\\\/uploads\\\/2026\\\/05\\\/Coup-gegen-den-FC-Bayern-Was-ist-hier-los.jpeg\",\"keywords\":[\"Bayern\",\"coup\",\"den\",\"gegen\",\"hier\",\"Ist\",\"Los\"],\"articleSection\":[\"Ubirat\u00e3\"],\"inLanguage\":\"en-US\",\"copyrightYear\":\"2026\",\"copyrightHolder\":{\"@id\":\"https:\\\/\\\/ubirataonline.com.br\\\/en\\\/#organization\"}},{\"@type\":\"WebPage\",\"@id\":\"https:\\\/\\\/ubirataonline.com.br\\\/coup-gegen-den-fc-bayern-was-ist-hier-los\\\/\",\"url\":\"https:\\\/\\\/ubirataonline.com.br\\\/coup-gegen-den-fc-bayern-was-ist-hier-los\\\/\",\"name\":\"Coup gegen den FC Bayern: \\\"Was ist hier los?\\\" - Ubirat\u00e3 Online Not\u00edcias - A realidade ao seu alcance!\",\"isPartOf\":{\"@id\":\"https:\\\/\\\/ubirataonline.com.br\\\/#website\"},\"primaryImageOfPage\":{\"@id\":\"https:\\\/\\\/ubirataonline.com.br\\\/coup-gegen-den-fc-bayern-was-ist-hier-los\\\/#primaryimage\"},\"image\":{\"@id\":\"https:\\\/\\\/ubirataonline.com.br\\\/coup-gegen-den-fc-bayern-was-ist-hier-los\\\/#primaryimage\"},\"thumbnailUrl\":\"https:\\\/\\\/ubirataonline.com.br\\\/wp-content\\\/uploads\\\/2026\\\/05\\\/Coup-gegen-den-FC-Bayern-Was-ist-hier-los.jpeg\",\"datePublished\":\"2026-05-10T15:42:29+00:00\",\"dateModified\":\"2026-05-10T15:42:32+00:00\",\"description\":\"Der 1. FC Heidenheim darf im Kampf um den Klassenerhalt wieder hoffen. Im Interview mit SPORT1 erl\u00e4utert Hennes Behrens die Gr\u00fcnde f\u00fcr den Aufschwung.Die\",\"breadcrumb\":{\"@id\":\"https:\\\/\\\/ubirataonline.com.br\\\/coup-gegen-den-fc-bayern-was-ist-hier-los\\\/#breadcrumb\"},\"inLanguage\":\"en-US\",\"potentialAction\":[{\"@type\":\"ReadAction\",\"target\":[\"https:\\\/\\\/ubirataonline.com.br\\\/coup-gegen-den-fc-bayern-was-ist-hier-los\\\/\"]}]},{\"@type\":\"ImageObject\",\"inLanguage\":\"en-US\",\"@id\":\"https:\\\/\\\/ubirataonline.com.br\\\/coup-gegen-den-fc-bayern-was-ist-hier-los\\\/#primaryimage\",\"url\":\"https:\\\/\\\/ubirataonline.com.br\\\/wp-content\\\/uploads\\\/2026\\\/05\\\/Coup-gegen-den-FC-Bayern-Was-ist-hier-los.jpeg\",\"contentUrl\":\"https:\\\/\\\/ubirataonline.com.br\\\/wp-content\\\/uploads\\\/2026\\\/05\\\/Coup-gegen-den-FC-Bayern-Was-ist-hier-los.jpeg\",\"width\":1200,\"height\":630,\"caption\":\"Coup gegen den FC Bayern: \\\"Was ist hier los?\\\"\"},{\"@type\":\"BreadcrumbList\",\"@id\":\"https:\\\/\\\/ubirataonline.com.br\\\/coup-gegen-den-fc-bayern-was-ist-hier-los\\\/#breadcrumb\",\"itemListElement\":[{\"@type\":\"ListItem\",\"position\":1,\"name\":\"In\u00edcio\",\"item\":\"https:\\\/\\\/ubirataonline.com.br\\\/\"},{\"@type\":\"ListItem\",\"position\":2,\"name\":\"Coup gegen den FC Bayern: &#8220;Was ist hier los?&#8221;\"}]},{\"@type\":\"WebSite\",\"@id\":\"https:\\\/\\\/ubirataonline.com.br\\\/#website\",\"url\":\"https:\\\/\\\/ubirataonline.com.br\\\/\",\"name\":\"Ubirat\u00e3 Online Not\u00edcias\",\"description\":\"Not\u00edcias de Ubirat\u00e3, regi\u00e3o, Brasil e mundo, com informa\u00e7\u00e3o atualizada e compromisso com o leitor.\",\"publisher\":{\"@id\":\"https:\\\/\\\/ubirataonline.com.br\\\/#organization\"},\"alternateName\":\"Ubirat\u00e3 Online\",\"potentialAction\":[{\"@type\":\"SearchAction\",\"target\":{\"@type\":\"EntryPoint\",\"urlTemplate\":\"https:\\\/\\\/ubirataonline.com.br\\\/?s={search_term_string}\"},\"query-input\":{\"@type\":\"PropertyValueSpecification\",\"valueRequired\":true,\"valueName\":\"search_term_string\"}}],\"inLanguage\":\"en-US\"},{\"@type\":[\"Organization\",\"Place\"],\"@id\":\"https:\\\/\\\/ubirataonline.com.br\\\/#organization\",\"name\":\"Ubirat\u00e3 Online Not\u00edcias\",\"alternateName\":\"Ubirat\u00e3 Online\",\"url\":\"https:\\\/\\\/ubirataonline.com.br\\\/\",\"logo\":{\"@id\":\"https:\\\/\\\/ubirataonline.com.br\\\/coup-gegen-den-fc-bayern-was-ist-hier-los\\\/#local-main-organization-logo\"},\"image\":{\"@id\":\"https:\\\/\\\/ubirataonline.com.br\\\/coup-gegen-den-fc-bayern-was-ist-hier-los\\\/#local-main-organization-logo\"},\"sameAs\":[\"https:\\\/\\\/www.facebook.com\\\/portalubirataonline\",\"https:\\\/\\\/x.com\\\/ubirataonline\",\"https:\\\/\\\/mastodon.social\\\/@ubirataonline\",\"https:\\\/\\\/www.facebook.com\\\/groups\\\/311144672285604\",\"https:\\\/\\\/www.facebook.com\\\/UBTAOnline\",\"https:\\\/\\\/www.instagram.com\\\/portalubirataonline\\\/\",\"https:\\\/\\\/twitter.com\\\/ubirataonline\"],\"description\":\"Somos um portal de not\u00edcias independente, criado em 5 de janeiro de 2009, com o objetivo de informar, conectar e valorizar a nossa comunidade de Ubirat\u00e3 e toda aregi\u00e3o. Com conte\u00fado atualizado, confi\u00e1vel e relevante, o Ubirat\u00e3 Online \u00e9 o seu espa\u00e7o para ficar por dentro dos principais acontecimentos locais, regionais, Brasil, Mundo e de interesse geral. Nosso compromisso \u00e9 com a verdade, a transpar\u00eancia e o respeito ao leitor.\",\"legalName\":\"UBIRATA ONLINE NOT\u00cdCIAS\",\"foundingDate\":\"2009-01-05\",\"numberOfEmployees\":{\"@type\":\"QuantitativeValue\",\"minValue\":\"1\",\"maxValue\":\"10\"},\"publishingPrinciples\":\"https:\\\/\\\/ubirataonline.com.br\\\/faq\\\/\",\"address\":{\"@id\":\"https:\\\/\\\/ubirataonline.com.br\\\/coup-gegen-den-fc-bayern-was-ist-hier-los\\\/#local-main-place-address\"},\"geo\":{\"@type\":\"GeoCoordinates\",\"latitude\":\"-24.5361401\",\"longitude\":\"-52.9921776\"},\"telephone\":[\"+5544998308235\"],\"contactPoint\":{\"@type\":\"ContactPoint\",\"email\":\"contato@ubirataonline.com.br\"},\"openingHoursSpecification\":{\"@type\":\"OpeningHoursSpecification\",\"dayOfWeek\":[\"Monday\",\"Tuesday\",\"Wednesday\",\"Thursday\",\"Friday\",\"Saturday\",\"Sunday\"],\"opens\":\"00:00\",\"closes\":\"23:59\"},\"email\":\"contato@ubirataonline.com.br\",\"vatID\":\"47.621.418\\\/0001-80\"},{\"@type\":\"Person\",\"@id\":\"https:\\\/\\\/ubirataonline.com.br\\\/#\\\/schema\\\/person\\\/372f87bbd3fdd79b8556b84c98d0bc1c\",\"name\":\"REDA\u00c7\u00c3O: UBIRAT\u00c3 ONLINE - F\u00c1BIO AUGUSTO CELESTINO\",\"pronouns\":\"Ele\",\"description\":\"Desde 2003 trabalhando com not\u00edcias.\",\"sameAs\":[\"http:\\\/\\\/ubirataoline.com.br\",\"https:\\\/\\\/www.facebook.com\\\/portalubirataonline\",\"https:\\\/\\\/www.instagram.com\\\/ubirataonline_oficial\",\"https:\\\/\\\/x.com\\\/x.com\\\/ubirataonline\"],\"honorificPrefix\":\"Mr.\",\"honorificSuffix\":\"MD\",\"birthDate\":\"1980-06-16\",\"gender\":\"masculino\",\"award\":[\"V\u00e1rios pr\u00eamios de melhor portal da cidade\"],\"jobTitle\":\"Diretor\",\"url\":\"https:\\\/\\\/ubirataonline.com.br\\\/en\\\/author\\\/ubirataonline\\\/\"},{\"@type\":\"PostalAddress\",\"@id\":\"https:\\\/\\\/ubirataonline.com.br\\\/coup-gegen-den-fc-bayern-was-ist-hier-los\\\/#local-main-place-address\",\"streetAddress\":\"Rua dos Coqueiros, 104 - Bairro Boa Vista, Rua dos Coqueiros, 104 Bairro Boa Vista\",\"addressLocality\":\"UBIRATA\",\"postalCode\":\"85440-000\",\"addressRegion\":\"PR\",\"addressCountry\":\"BR\"},{\"@type\":\"ImageObject\",\"inLanguage\":\"en-US\",\"@id\":\"https:\\\/\\\/ubirataonline.com.br\\\/coup-gegen-den-fc-bayern-was-ist-hier-los\\\/#local-main-organization-logo\",\"url\":\"https:\\\/\\\/ubirataonline.com.br\\\/wp-content\\\/uploads\\\/2026\\\/06\\\/logoubirataonline-1.webp\",\"contentUrl\":\"https:\\\/\\\/ubirataonline.com.br\\\/wp-content\\\/uploads\\\/2026\\\/06\\\/logoubirataonline-1.webp\",\"width\":500,\"height\":500,\"caption\":\"Ubirat\u00e3 Online Not\u00edcias\"}]}<\/script>\n<meta name=\"geo.placename\" content=\"UBIRATA\" \/>\n<meta name=\"geo.position\" content=\"-24.5361401;-52.9921776\" \/>\n<meta name=\"geo.region\" content=\"Brazil\" \/>\n<!-- \/ Yoast SEO Premium plugin. -->","yoast_head_json":{"title":"Coup gegen den FC Bayern: \"Was ist hier los?\" - Ubirat\u00e3 Online Not\u00edcias - A realidade ao seu alcance!","description":"Der 1. FC Heidenheim darf im Kampf um den Klassenerhalt wieder hoffen. Im Interview mit SPORT1 erl\u00e4utert Hennes Behrens die Gr\u00fcnde f\u00fcr den Aufschwung.Die","robots":{"index":"index","follow":"follow","max-snippet":"max-snippet:-1","max-image-preview":"max-image-preview:large","max-video-preview":"max-video-preview:-1"},"canonical":"https:\/\/ubirataonline.com.br\/en\/coup-gegen-den-fc-bayern-was-ist-hier-los\/","og_locale":"en_US","og_type":"article","og_title":"Coup gegen den FC Bayern: \"Was ist hier los?\"","og_description":"Der 1. FC Heidenheim darf im Kampf um den Klassenerhalt wieder hoffen. Im Interview mit SPORT1 erl\u00e4utert Hennes Behrens die Gr\u00fcnde f\u00fcr den Aufschwung.Die","og_url":"https:\/\/ubirataonline.com.br\/en\/coup-gegen-den-fc-bayern-was-ist-hier-los\/","og_site_name":"Ubirat\u00e3 Online Not\u00edcias - A realidade ao seu alcance!","article_publisher":"https:\/\/www.facebook.com\/portalubirataonline","article_author":"https:\/\/www.facebook.com\/portalubirataonline","article_published_time":"2026-05-10T15:42:29+00:00","article_modified_time":"2026-05-10T15:42:32+00:00","og_image":[{"width":1200,"height":630,"url":"https:\/\/ubirataonline.com.br\/wp-content\/uploads\/2026\/05\/Coup-gegen-den-FC-Bayern-Was-ist-hier-los.jpeg","type":"image\/jpeg"}],"author":"REDA\u00c7\u00c3O: UBIRAT\u00c3 ONLINE - F\u00c1BIO AUGUSTO CELESTINO","twitter_card":"summary_large_image","twitter_creator":"@x.com\/ubirataonline","twitter_site":"@ubirataonline","twitter_misc":{"Written by":"REDA\u00c7\u00c3O: UBIRAT\u00c3 ONLINE - F\u00c1BIO AUGUSTO CELESTINO","Est. reading time":"6 minutes"},"schema":{"@context":"https:\/\/schema.org","@graph":[{"@type":"NewsArticle","@id":"https:\/\/ubirataonline.com.br\/coup-gegen-den-fc-bayern-was-ist-hier-los\/#article","isPartOf":{"@id":"https:\/\/ubirataonline.com.br\/coup-gegen-den-fc-bayern-was-ist-hier-los\/"},"author":{"name":"REDA\u00c7\u00c3O: UBIRAT\u00c3 ONLINE - F\u00c1BIO AUGUSTO CELESTINO","@id":"https:\/\/ubirataonline.com.br\/#\/schema\/person\/372f87bbd3fdd79b8556b84c98d0bc1c"},"headline":"Coup gegen den FC Bayern: &#8220;Was ist hier los?&#8221;","datePublished":"2026-05-10T15:42:29+00:00","dateModified":"2026-05-10T15:42:32+00:00","mainEntityOfPage":{"@id":"https:\/\/ubirataonline.com.br\/coup-gegen-den-fc-bayern-was-ist-hier-los\/"},"wordCount":1129,"publisher":{"@id":"https:\/\/ubirataonline.com.br\/#organization"},"image":{"@id":"https:\/\/ubirataonline.com.br\/coup-gegen-den-fc-bayern-was-ist-hier-los\/#primaryimage"},"thumbnailUrl":"https:\/\/ubirataonline.com.br\/wp-content\/uploads\/2026\/05\/Coup-gegen-den-FC-Bayern-Was-ist-hier-los.jpeg","keywords":["Bayern","coup","den","gegen","hier","Ist","Los"],"articleSection":["Ubirat\u00e3"],"inLanguage":"en-US","copyrightYear":"2026","copyrightHolder":{"@id":"https:\/\/ubirataonline.com.br\/en\/#organization"}},{"@type":"WebPage","@id":"https:\/\/ubirataonline.com.br\/coup-gegen-den-fc-bayern-was-ist-hier-los\/","url":"https:\/\/ubirataonline.com.br\/coup-gegen-den-fc-bayern-was-ist-hier-los\/","name":"Coup gegen den FC Bayern: \"Was ist hier los?\" - Ubirat\u00e3 Online Not\u00edcias - A realidade ao seu alcance!","isPartOf":{"@id":"https:\/\/ubirataonline.com.br\/#website"},"primaryImageOfPage":{"@id":"https:\/\/ubirataonline.com.br\/coup-gegen-den-fc-bayern-was-ist-hier-los\/#primaryimage"},"image":{"@id":"https:\/\/ubirataonline.com.br\/coup-gegen-den-fc-bayern-was-ist-hier-los\/#primaryimage"},"thumbnailUrl":"https:\/\/ubirataonline.com.br\/wp-content\/uploads\/2026\/05\/Coup-gegen-den-FC-Bayern-Was-ist-hier-los.jpeg","datePublished":"2026-05-10T15:42:29+00:00","dateModified":"2026-05-10T15:42:32+00:00","description":"Der 1. FC Heidenheim darf im Kampf um den Klassenerhalt wieder hoffen. Im Interview mit SPORT1 erl\u00e4utert Hennes Behrens die Gr\u00fcnde f\u00fcr den Aufschwung.Die","breadcrumb":{"@id":"https:\/\/ubirataonline.com.br\/coup-gegen-den-fc-bayern-was-ist-hier-los\/#breadcrumb"},"inLanguage":"en-US","potentialAction":[{"@type":"ReadAction","target":["https:\/\/ubirataonline.com.br\/coup-gegen-den-fc-bayern-was-ist-hier-los\/"]}]},{"@type":"ImageObject","inLanguage":"en-US","@id":"https:\/\/ubirataonline.com.br\/coup-gegen-den-fc-bayern-was-ist-hier-los\/#primaryimage","url":"https:\/\/ubirataonline.com.br\/wp-content\/uploads\/2026\/05\/Coup-gegen-den-FC-Bayern-Was-ist-hier-los.jpeg","contentUrl":"https:\/\/ubirataonline.com.br\/wp-content\/uploads\/2026\/05\/Coup-gegen-den-FC-Bayern-Was-ist-hier-los.jpeg","width":1200,"height":630,"caption":"Coup gegen den FC Bayern: \"Was ist hier los?\""},{"@type":"BreadcrumbList","@id":"https:\/\/ubirataonline.com.br\/coup-gegen-den-fc-bayern-was-ist-hier-los\/#breadcrumb","itemListElement":[{"@type":"ListItem","position":1,"name":"In\u00edcio","item":"https:\/\/ubirataonline.com.br\/"},{"@type":"ListItem","position":2,"name":"Coup gegen den FC Bayern: &#8220;Was ist hier los?&#8221;"}]},{"@type":"WebSite","@id":"https:\/\/ubirataonline.com.br\/#website","url":"https:\/\/ubirataonline.com.br\/","name":"Ubirat\u00e3 Online Not\u00edcias","description":"Not\u00edcias de Ubirat\u00e3, regi\u00e3o, Brasil e mundo, com informa\u00e7\u00e3o atualizada e compromisso com o leitor.","publisher":{"@id":"https:\/\/ubirataonline.com.br\/#organization"},"alternateName":"Ubirat\u00e3 Online","potentialAction":[{"@type":"SearchAction","target":{"@type":"EntryPoint","urlTemplate":"https:\/\/ubirataonline.com.br\/?s={search_term_string}"},"query-input":{"@type":"PropertyValueSpecification","valueRequired":true,"valueName":"search_term_string"}}],"inLanguage":"en-US"},{"@type":["Organization","Place"],"@id":"https:\/\/ubirataonline.com.br\/#organization","name":"Ubirat\u00e3 Online Not\u00edcias","alternateName":"Ubirat\u00e3 Online","url":"https:\/\/ubirataonline.com.br\/","logo":{"@id":"https:\/\/ubirataonline.com.br\/coup-gegen-den-fc-bayern-was-ist-hier-los\/#local-main-organization-logo"},"image":{"@id":"https:\/\/ubirataonline.com.br\/coup-gegen-den-fc-bayern-was-ist-hier-los\/#local-main-organization-logo"},"sameAs":["https:\/\/www.facebook.com\/portalubirataonline","https:\/\/x.com\/ubirataonline","https:\/\/mastodon.social\/@ubirataonline","https:\/\/www.facebook.com\/groups\/311144672285604","https:\/\/www.facebook.com\/UBTAOnline","https:\/\/www.instagram.com\/portalubirataonline\/","https:\/\/twitter.com\/ubirataonline"],"description":"Somos um portal de not\u00edcias independente, criado em 5 de janeiro de 2009, com o objetivo de informar, conectar e valorizar a nossa comunidade de Ubirat\u00e3 e toda aregi\u00e3o. Com conte\u00fado atualizado, confi\u00e1vel e relevante, o Ubirat\u00e3 Online \u00e9 o seu espa\u00e7o para ficar por dentro dos principais acontecimentos locais, regionais, Brasil, Mundo e de interesse geral. Nosso compromisso \u00e9 com a verdade, a transpar\u00eancia e o respeito ao leitor.","legalName":"UBIRATA ONLINE NOT\u00cdCIAS","foundingDate":"2009-01-05","numberOfEmployees":{"@type":"QuantitativeValue","minValue":"1","maxValue":"10"},"publishingPrinciples":"https:\/\/ubirataonline.com.br\/faq\/","address":{"@id":"https:\/\/ubirataonline.com.br\/coup-gegen-den-fc-bayern-was-ist-hier-los\/#local-main-place-address"},"geo":{"@type":"GeoCoordinates","latitude":"-24.5361401","longitude":"-52.9921776"},"telephone":["+5544998308235"],"contactPoint":{"@type":"ContactPoint","email":"contato@ubirataonline.com.br"},"openingHoursSpecification":{"@type":"OpeningHoursSpecification","dayOfWeek":["Monday","Tuesday","Wednesday","Thursday","Friday","Saturday","Sunday"],"opens":"00:00","closes":"23:59"},"email":"contato@ubirataonline.com.br","vatID":"47.621.418\/0001-80"},{"@type":"Person","@id":"https:\/\/ubirataonline.com.br\/#\/schema\/person\/372f87bbd3fdd79b8556b84c98d0bc1c","name":"REDA\u00c7\u00c3O: UBIRAT\u00c3 ONLINE - F\u00c1BIO AUGUSTO CELESTINO","pronouns":"Ele","description":"Desde 2003 trabalhando com not\u00edcias.","sameAs":["http:\/\/ubirataoline.com.br","https:\/\/www.facebook.com\/portalubirataonline","https:\/\/www.instagram.com\/ubirataonline_oficial","https:\/\/x.com\/x.com\/ubirataonline"],"honorificPrefix":"Mr.","honorificSuffix":"MD","birthDate":"1980-06-16","gender":"masculino","award":["V\u00e1rios pr\u00eamios de melhor portal da cidade"],"jobTitle":"Diretor","url":"https:\/\/ubirataonline.com.br\/en\/author\/ubirataonline\/"},{"@type":"PostalAddress","@id":"https:\/\/ubirataonline.com.br\/coup-gegen-den-fc-bayern-was-ist-hier-los\/#local-main-place-address","streetAddress":"Rua dos Coqueiros, 104 - Bairro Boa Vista, Rua dos Coqueiros, 104 Bairro Boa Vista","addressLocality":"UBIRATA","postalCode":"85440-000","addressRegion":"PR","addressCountry":"BR"},{"@type":"ImageObject","inLanguage":"en-US","@id":"https:\/\/ubirataonline.com.br\/coup-gegen-den-fc-bayern-was-ist-hier-los\/#local-main-organization-logo","url":"https:\/\/ubirataonline.com.br\/wp-content\/uploads\/2026\/06\/logoubirataonline-1.webp","contentUrl":"https:\/\/ubirataonline.com.br\/wp-content\/uploads\/2026\/06\/logoubirataonline-1.webp","width":500,"height":500,"caption":"Ubirat\u00e3 Online Not\u00edcias"}]},"geo.placename":"UBIRATA","geo.position":{"lat":"-24.5361401","long":"-52.9921776"},"geo.region":"Brazil"},"_links":{"self":[{"href":"https:\/\/ubirataonline.com.br\/en\/wp-json\/wp\/v2\/posts\/126055","targetHints":{"allow":["GET"]}}],"collection":[{"href":"https:\/\/ubirataonline.com.br\/en\/wp-json\/wp\/v2\/posts"}],"about":[{"href":"https:\/\/ubirataonline.com.br\/en\/wp-json\/wp\/v2\/types\/post"}],"author":[{"embeddable":true,"href":"https:\/\/ubirataonline.com.br\/en\/wp-json\/wp\/v2\/users\/1"}],"replies":[{"embeddable":true,"href":"https:\/\/ubirataonline.com.br\/en\/wp-json\/wp\/v2\/comments?post=126055"}],"version-history":[{"count":0,"href":"https:\/\/ubirataonline.com.br\/en\/wp-json\/wp\/v2\/posts\/126055\/revisions"}],"wp:featuredmedia":[{"embeddable":true,"href":"https:\/\/ubirataonline.com.br\/en\/wp-json\/wp\/v2\/media\/126056"}],"wp:attachment":[{"href":"https:\/\/ubirataonline.com.br\/en\/wp-json\/wp\/v2\/media?parent=126055"}],"wp:term":[{"taxonomy":"category","embeddable":true,"href":"https:\/\/ubirataonline.com.br\/en\/wp-json\/wp\/v2\/categories?post=126055"},{"taxonomy":"post_tag","embeddable":true,"href":"https:\/\/ubirataonline.com.br\/en\/wp-json\/wp\/v2\/tags?post=126055"}],"curies":[{"name":"wp","href":"https:\/\/api.w.org\/{rel}","templated":true}]}}