{"id":126061,"date":"2026-05-10T12:45:21","date_gmt":"2026-05-10T15:45:21","guid":{"rendered":"https:\/\/ubirataonline.com.br\/ruth-rocha-e-celebrada-em-mostra-ha-50-anos-publicava-seu-1o-livro\/"},"modified":"2026-05-10T12:45:24","modified_gmt":"2026-05-10T15:45:24","slug":"ruth-rocha-e-celebrada-em-mostra-ha-50-anos-publicava-seu-1o-livro","status":"publish","type":"post","link":"https:\/\/ubirataonline.com.br\/en\/ruth-rocha-e-celebrada-em-mostra-ha-50-anos-publicava-seu-1o-livro\/","title":{"rendered":"Ruth Rocha \u00e9 celebrada em mostra; h\u00e1 50 anos publicava seu 1\u00ba livro"},"content":{"rendered":"<p><\/p>\n<div id=\"texto\">\n<p>Refer\u00eancia da literatura infantojuvenil brasileira, Ruth Rocha tem sua vida e obra celebradas na 73\u00aa Ocupa\u00e7\u00e3o do Ita\u00fa Cultural, em S\u00e3o Paulo. Mostra foi inaugurada neste s\u00e1bado (9), com a presen\u00e7a da escritora, e fica em cartaz at\u00e9 2 de agosto.<\/p>\n<p>A exposi\u00e7\u00e3o se junta \u00e0s comemora\u00e7\u00f5es dos 95 anos da autora e das cinco d\u00e9cadas da publica\u00e7\u00e3o de seu primeiro livro, Palavras, Muitas Palavras, e do best-seller Marcelo, marmelo, martelo \u2013 que tem mais de 50 edi\u00e7\u00f5es -, ambos de 1976.<\/p>\n<p>\u201cQuero agradecer a todos os meus leitores, que fizeram a minha vida\u201d, disse Ruth no evento de abertura, diante de um p\u00fablico de adultos, jovens e crian\u00e7as.<\/p>\n<p>Na mostra, gavetas e nichos revelam livros originais, mon\u00f3culos com fotos de fam\u00edlia e v\u00eddeos que resgatam mem\u00f3rias da autora.<\/p>\n<p>O espa\u00e7o expositivo funciona como um dicion\u00e1rio biogr\u00e1fico. Na letra B, de borboleta, est\u00e1 um de seus livros, Romeu e Julieta, no qual duas borboletas de cores diferentes n\u00e3o podem brincar juntas, em uma alus\u00e3o ao racismo. Na letra C, de canto, h\u00e1 um v\u00eddeo in\u00e9dito de Ruth cantando com a filha, Mariana, em janeiro de 2025. Pulando para a E, de Eduardo, tem uma homenagem ao marido e parceiro de vida, com fotos do casamento de 1956.<\/p>\n<p> \u201cO artista precisa muito ser valorizado. Ele precisa perceber o valor que d\u00e3o a ele, porque \u00e9 do que ele depende, \u00e9 de ser valorizado. Uma homenagem grande como essa, uma homenagem \u2018barulhenta\u2019 como essa, \u00e9 uma homenagem que valoriza muito a gente. Deixa a gente com uma no\u00e7\u00e3o de que valeu a pena tudo o que a gente fez\u201d, disse Ruth \u00e0 imprensa.<\/p>\n<p>A gerente do N\u00facleo de Curadorias e Programa\u00e7\u00e3o Art\u00edstica do Ita\u00fa Cultural, Galiana Brasil, disse que a Ocupa\u00e7\u00e3o Ruth Rocha \u00e9 uma oportunidade de apresentar a autora para mais gera\u00e7\u00f5es e promover um reencontro com os leitores que cresceram com ela e foram formados a partir dessa literatura.<\/p>\n<p>\u201c\u00c9 importante dizer que a gente pensou muito do ponto de vista da crian\u00e7a, no sentido dos acessos, das alturas, das intera\u00e7\u00f5es que o espa\u00e7o promove, \u00e9 como se fosse um brinquedo, um grande brinquedo. Tem cerca de 160 livros f\u00edsicos delas, com a inten\u00e7\u00e3o da ocupa\u00e7\u00e3o tamb\u00e9m, seduzir, brincar bastante com a crian\u00e7a e depois a ideia \u00e9 que possam pegar, ler, entrar em contato fisicamente, corporalmente com esses livros\u201d, explicou Galiana.<\/p>\n<p>\u00a0<\/p>\n<p>Ruth Rocha \u00e9 uma refer\u00eancia da\u00a0literatura infantojuvenil brasileira,\u00a0Foto: Arquivo pessoal.<\/p>\n<p>Outro destaque \u00e9 o anivers\u00e1rio de um dos personagens mais conhecidos de Ruth.<\/p>\n<p> \u201cTem uma homenagem bonita, s\u00e3o 50 anos de Marcelo, ent\u00e3o \u00e9 um pouco fazer uma festinha de anivers\u00e1rio. O carrinho de rolim\u00e3 est\u00e1 l\u00e1, tem um espa\u00e7o com intera\u00e7\u00e3o para as crian\u00e7as poderem inventar novas palavras a partir da proposta dela\u201d, disse.<\/p>\n<p>Em uma esp\u00e9cie de linha do tempo, \u00e9 poss\u00edvel acompanhar em diversas edi\u00e7\u00f5es expostas em sequ\u00eancia a evolu\u00e7\u00e3o de Marcelo por meio dos tra\u00e7os de diferentes ilustradores ao longo destas cinco d\u00e9cadas. H\u00e1 tamb\u00e9m uma nuvem de ideias, onde crian\u00e7as podem renomear objetos, inspiradas no personagem, que procura uma l\u00f3gica para os nomes das coisas.<\/p>\n<p>Galiana ressaltou que a curadoria fez um mergulho no acervo da autora, que \u00e9 muito preservado. \u201cTem um acervo fotogr\u00e1fico muito bonito da fam\u00edlia, desses av\u00f3s que ela tanto fala como os primeiros contadores de hist\u00f3ria\u201d, disse. Ela citou ainda a import\u00e2ncia da revista Recreio na trajet\u00f3ria profissional de Ruth e os depoimentos da Ana Maria Machado e Pedro Bandeira, autores contempor\u00e2neos de Ruth, e que est\u00e3o dispon\u00edveis na mostra.<\/p>\n<h2>Fam\u00edlia e literatura<\/h2>\n<p>\u00a0<\/p>\n<p>Bras\u00edlia DF \u2013 09\/05\/2026 \u2013 A rela\u00e7\u00e3o de Ruth Rocha (foto) com a irm\u00e3 Rilda ganhou uma representa\u00e7\u00e3o especial na exposi\u00e7\u00e3o. Foto: Arquivo pessoal. \u2013 Foto: Arquivo pessoal.<\/p>\n<p>Os pais e av\u00f3s da autora s\u00e3o lembrados na exposi\u00e7\u00e3o, por meio de fotografias e at\u00e9 por uma carta, cujo manuscrito foi reproduzido e est\u00e1 acess\u00edvel ao p\u00fablico. Ruth ressaltou a import\u00e2ncia da fam\u00edlia, n\u00e3o apenas por meio de apoio e incentivo \u00e0 leitura e \u00e0 escrita, mas como inspira\u00e7\u00e3o para suas obras. Segundo ela, o conv\u00edvio com as crian\u00e7as da fam\u00edlia foi fundamental na sua cria\u00e7\u00e3o liter\u00e1ria.<\/p>\n<p> \u201cEu tenho tr\u00eas irm\u00e3os mais novos, e esse conv\u00edvio com eles crian\u00e7as tamb\u00e9m significou muito para mim. Eu tive uma rela\u00e7\u00e3o com eles muito amorosa, e depois, mais tarde, tive minha filha e sobrinhas muito queridas\u201d, relatou.<\/p>\n<p>\u201cEnt\u00e3o, eu acho que isso tudo influi para a gente criar. Eles mexem com alguma coisa l\u00e1 dentro que d\u00e1 vontade de conversar, d\u00e1 vontade de explicar, d\u00e1 vontade de contar. Eu tive muito contato com crian\u00e7as e crian\u00e7as muito especiais\u201d, completou.<\/p>\n<p>A rela\u00e7\u00e3o com a irm\u00e3 Rilda, 97 anos, ganhou uma representa\u00e7\u00e3o especial na exposi\u00e7\u00e3o. No espa\u00e7o central, est\u00e3o dois telefones antigos, chamado telefone de disco. Quando retirados do gancho, eles transmitem narra\u00e7\u00f5es de hist\u00f3rias de Ruth em sua pr\u00f3pria voz. Essa \u00e9 uma representa\u00e7\u00e3o de um ritual di\u00e1rio entre a escritora e a irm\u00e3, que se falam e contam hist\u00f3rias por meio de liga\u00e7\u00f5es telef\u00f4nicas.<\/p>\n<p>O visitante tamb\u00e9m encontrar\u00e1 as caixas de hist\u00f3ria, que s\u00e3o mini teatros com cenas de contos da autora, vis\u00edveis por uma pequena abertura frontal. Elas s\u00e3o acompanhadas de \u00e1udios do \u00e1lbum Mil p\u00e1ssaros, um projeto da dupla Palavra Cantada em parceria com Ruth.<\/p>\n<p>Uma rampa conduz para o espa\u00e7o Ruth para Ler, que remete a uma biblioteca, com tatames e almofadas. Esse \u00e9 um convite para que as pessoas sentem no ch\u00e3o e possam ler juntas. Ali tamb\u00e9m \u00e9 exibida a m\u00e1quina de escrever original de Ruth Rocha e sete cadernos de anota\u00e7\u00f5es pessoais, entre fac-s\u00edmiles e originais, al\u00e9m dos livros da autora dispon\u00edveis para manuseio.<\/p>\n<p>Com mais de 200 t\u00edtulos publicados, a obra de Ruth Rocha perpassa a inf\u00e2ncia de v\u00e1rias gera\u00e7\u00f5es, e continua levando crian\u00e7as e jovens a se afei\u00e7oar aos livros e \u00e0 literatura. A autora sensibiliza leitores, ao longo de sua carreira, em temas que v\u00e3o do medo \u00e0 liberdade.<\/p>\n<p> \u201cEu sou uma pessoa intuitiva, sabe? Eu n\u00e3o sou uma pessoa muito planejadora. Eu, quando come\u00e7o um livro, geralmente eu tenho o come\u00e7o e tenho o fim. Porque sem fim a gente n\u00e3o vai, n\u00e9? Eu tenho que ter um fim. Depois eu recheio de uma maneira, cada um de um jeito, cada um com uma import\u00e2ncia, cada um com um significado at\u00e9 para mim, sabe? Mas eu sou muito intuitiva para escrever\u201d, disse Ruth sobre seu processo de cria\u00e7\u00e3o.<\/p>\n<p>Ela contou ainda, de forma bem humorada, como era seu tempo para escrever. \u201cEu sou desorganizada, e eu escrevia, atualmente n\u00e3o ando escrevendo mais, mas eu escrevia muito de noite, porque eu trabalhava fora, eu trabalhei toda a minha vida em empresa, ent\u00e3o eu tinha pouco tempo. Eu trabalhava muito de madrugada, de domingo, de s\u00e1bado, eu aproveitava muito o meu tempo, mas n\u00e3o sou organizada n\u00e3o, sou bem desorganizada.\u201d<\/p>\n<p><b>Fonte:<\/b> Ag\u00eancia Brasil<\/p>\n<\/p><\/div>\n<p><a href=\"https:\/\/cgn.inf.br\/noticia\/2102375\/ruth-rocha-e-celebrada-em-mostra-ha-50-anos-publicava-seu-1o-livro\">Fonte do Artigo <\/a><\/p>","protected":false},"excerpt":{"rendered":"<p>Refer\u00eancia da literatura infantojuvenil brasileira, Ruth Rocha tem sua vida e obra celebradas na 73\u00aa Ocupa\u00e7\u00e3o do Ita\u00fa Cultural, em S\u00e3o Paulo. Mostra foi inaugurada neste s\u00e1bado (9), com a presen\u00e7a da escritora, e fica em cartaz at\u00e9 2 de agosto. A exposi\u00e7\u00e3o se junta \u00e0s comemora\u00e7\u00f5es dos 95 anos da autora e das cinco [&hellip;]<\/p>\n","protected":false},"author":1,"featured_media":126062,"comment_status":"closed","ping_status":"","sticky":false,"template":"","format":"standard","meta":{"googlesitekit_rrm_CAow2JLhCw:productID":"","_gspb_post_css":"","maa_idioma":"","maa_pais":"","footnotes":""},"categories":[1],"tags":[5618,3141,7007,8252,4572,3302,34567,23635,27118,3686],"class_list":["post-126061","post","type-post","status-publish","format-standard","has-post-thumbnail","hentry","category-ubirata","tag-1o","tag-anos","tag-celebrada","tag-ha","tag-livro","tag-mostra","tag-publicava","tag-rocha","tag-ruth","tag-seu"],"blocksy_meta":[],"yoast_head":"<!-- This site is optimized with the Yoast SEO Premium plugin v27.6 (Yoast SEO v27.6) - https:\/\/yoast.com\/product\/yoast-seo-premium-wordpress\/ -->\n<title>Ruth Rocha \u00e9 celebrada em mostra; h\u00e1 50 anos publicava seu 1\u00ba livro - Ubirat\u00e3 Online Not\u00edcias - A realidade ao seu alcance!<\/title>\n<meta name=\"description\" content=\"Refer\u00eancia da literatura infantojuvenil brasileira, Ruth Rocha tem sua vida e obra celebradas na 73\u00aa Ocupa\u00e7\u00e3o do Ita\u00fa Cultural, em S\u00e3o Paulo. Mostra foi\" \/>\n<meta name=\"robots\" content=\"index, follow, max-snippet:-1, max-image-preview:large, max-video-preview:-1\" \/>\n<link rel=\"canonical\" href=\"https:\/\/ubirataonline.com.br\/en\/ruth-rocha-e-celebrada-em-mostra-ha-50-anos-publicava-seu-1o-livro\/\" \/>\n<meta property=\"og:locale\" content=\"en_US\" \/>\n<meta property=\"og:type\" content=\"article\" \/>\n<meta property=\"og:title\" content=\"Ruth Rocha \u00e9 celebrada em mostra; h\u00e1 50 anos publicava seu 1\u00ba livro\" \/>\n<meta property=\"og:description\" content=\"Refer\u00eancia da literatura infantojuvenil brasileira, Ruth Rocha tem sua vida e obra celebradas na 73\u00aa Ocupa\u00e7\u00e3o do Ita\u00fa Cultural, em S\u00e3o Paulo. Mostra foi\" \/>\n<meta property=\"og:url\" content=\"https:\/\/ubirataonline.com.br\/en\/ruth-rocha-e-celebrada-em-mostra-ha-50-anos-publicava-seu-1o-livro\/\" \/>\n<meta property=\"og:site_name\" content=\"Ubirat\u00e3 Online Not\u00edcias - A realidade ao seu alcance!\" \/>\n<meta property=\"article:publisher\" content=\"https:\/\/www.facebook.com\/portalubirataonline\" \/>\n<meta property=\"article:author\" content=\"https:\/\/www.facebook.com\/portalubirataonline\" \/>\n<meta property=\"article:published_time\" content=\"2026-05-10T15:45:21+00:00\" \/>\n<meta property=\"article:modified_time\" content=\"2026-05-10T15:45:24+00:00\" \/>\n<meta property=\"og:image\" content=\"https:\/\/ubirataonline.com.br\/wp-content\/uploads\/2026\/05\/Ruth-Rocha-e-celebrada-em-mostra-ha-50-anos-publicava.jpg\" \/>\n\t<meta property=\"og:image:width\" content=\"1600\" \/>\n\t<meta property=\"og:image:height\" content=\"800\" \/>\n\t<meta property=\"og:image:type\" content=\"image\/jpeg\" \/>\n<meta name=\"author\" content=\"REDA\u00c7\u00c3O: UBIRAT\u00c3 ONLINE - F\u00c1BIO AUGUSTO CELESTINO\" \/>\n<meta name=\"twitter:card\" content=\"summary_large_image\" \/>\n<meta name=\"twitter:creator\" content=\"@x.com\/ubirataonline\" \/>\n<meta name=\"twitter:site\" content=\"@ubirataonline\" \/>\n<meta name=\"twitter:label1\" content=\"Written by\" \/>\n\t<meta name=\"twitter:data1\" content=\"REDA\u00c7\u00c3O: UBIRAT\u00c3 ONLINE - F\u00c1BIO AUGUSTO CELESTINO\" \/>\n\t<meta name=\"twitter:label2\" content=\"Est. reading time\" \/>\n\t<meta name=\"twitter:data2\" content=\"6 minutes\" \/>\n<script type=\"application\/ld+json\" class=\"yoast-schema-graph\">{\"@context\":\"https:\\\/\\\/schema.org\",\"@graph\":[{\"@type\":\"NewsArticle\",\"@id\":\"https:\\\/\\\/ubirataonline.com.br\\\/ruth-rocha-e-celebrada-em-mostra-ha-50-anos-publicava-seu-1o-livro\\\/#article\",\"isPartOf\":{\"@id\":\"https:\\\/\\\/ubirataonline.com.br\\\/ruth-rocha-e-celebrada-em-mostra-ha-50-anos-publicava-seu-1o-livro\\\/\"},\"author\":{\"name\":\"REDA\u00c7\u00c3O: UBIRAT\u00c3 ONLINE - F\u00c1BIO AUGUSTO CELESTINO\",\"@id\":\"https:\\\/\\\/ubirataonline.com.br\\\/#\\\/schema\\\/person\\\/372f87bbd3fdd79b8556b84c98d0bc1c\"},\"headline\":\"Ruth Rocha \u00e9 celebrada em mostra; h\u00e1 50 anos publicava seu 1\u00ba livro\",\"datePublished\":\"2026-05-10T15:45:21+00:00\",\"dateModified\":\"2026-05-10T15:45:24+00:00\",\"mainEntityOfPage\":{\"@id\":\"https:\\\/\\\/ubirataonline.com.br\\\/ruth-rocha-e-celebrada-em-mostra-ha-50-anos-publicava-seu-1o-livro\\\/\"},\"wordCount\":1249,\"publisher\":{\"@id\":\"https:\\\/\\\/ubirataonline.com.br\\\/#organization\"},\"image\":{\"@id\":\"https:\\\/\\\/ubirataonline.com.br\\\/ruth-rocha-e-celebrada-em-mostra-ha-50-anos-publicava-seu-1o-livro\\\/#primaryimage\"},\"thumbnailUrl\":\"https:\\\/\\\/ubirataonline.com.br\\\/wp-content\\\/uploads\\\/2026\\\/05\\\/Ruth-Rocha-e-celebrada-em-mostra-ha-50-anos-publicava.jpg\",\"keywords\":[\"1\u00ba\",\"anos\",\"celebrada\",\"h\u00e1\",\"livro\",\"mostra\",\"publicava\",\"Rocha\",\"Ruth\",\"seu\"],\"articleSection\":[\"Ubirat\u00e3\"],\"inLanguage\":\"en-US\",\"copyrightYear\":\"2026\",\"copyrightHolder\":{\"@id\":\"https:\\\/\\\/ubirataonline.com.br\\\/en\\\/#organization\"}},{\"@type\":\"WebPage\",\"@id\":\"https:\\\/\\\/ubirataonline.com.br\\\/ruth-rocha-e-celebrada-em-mostra-ha-50-anos-publicava-seu-1o-livro\\\/\",\"url\":\"https:\\\/\\\/ubirataonline.com.br\\\/ruth-rocha-e-celebrada-em-mostra-ha-50-anos-publicava-seu-1o-livro\\\/\",\"name\":\"Ruth Rocha \u00e9 celebrada em mostra; h\u00e1 50 anos publicava seu 1\u00ba livro - Ubirat\u00e3 Online Not\u00edcias - A realidade ao seu alcance!\",\"isPartOf\":{\"@id\":\"https:\\\/\\\/ubirataonline.com.br\\\/#website\"},\"primaryImageOfPage\":{\"@id\":\"https:\\\/\\\/ubirataonline.com.br\\\/ruth-rocha-e-celebrada-em-mostra-ha-50-anos-publicava-seu-1o-livro\\\/#primaryimage\"},\"image\":{\"@id\":\"https:\\\/\\\/ubirataonline.com.br\\\/ruth-rocha-e-celebrada-em-mostra-ha-50-anos-publicava-seu-1o-livro\\\/#primaryimage\"},\"thumbnailUrl\":\"https:\\\/\\\/ubirataonline.com.br\\\/wp-content\\\/uploads\\\/2026\\\/05\\\/Ruth-Rocha-e-celebrada-em-mostra-ha-50-anos-publicava.jpg\",\"datePublished\":\"2026-05-10T15:45:21+00:00\",\"dateModified\":\"2026-05-10T15:45:24+00:00\",\"description\":\"Refer\u00eancia da literatura infantojuvenil brasileira, Ruth Rocha tem sua vida e obra celebradas na 73\u00aa Ocupa\u00e7\u00e3o do Ita\u00fa Cultural, em S\u00e3o Paulo. Mostra foi\",\"breadcrumb\":{\"@id\":\"https:\\\/\\\/ubirataonline.com.br\\\/ruth-rocha-e-celebrada-em-mostra-ha-50-anos-publicava-seu-1o-livro\\\/#breadcrumb\"},\"inLanguage\":\"en-US\",\"potentialAction\":[{\"@type\":\"ReadAction\",\"target\":[\"https:\\\/\\\/ubirataonline.com.br\\\/ruth-rocha-e-celebrada-em-mostra-ha-50-anos-publicava-seu-1o-livro\\\/\"]}]},{\"@type\":\"ImageObject\",\"inLanguage\":\"en-US\",\"@id\":\"https:\\\/\\\/ubirataonline.com.br\\\/ruth-rocha-e-celebrada-em-mostra-ha-50-anos-publicava-seu-1o-livro\\\/#primaryimage\",\"url\":\"https:\\\/\\\/ubirataonline.com.br\\\/wp-content\\\/uploads\\\/2026\\\/05\\\/Ruth-Rocha-e-celebrada-em-mostra-ha-50-anos-publicava.jpg\",\"contentUrl\":\"https:\\\/\\\/ubirataonline.com.br\\\/wp-content\\\/uploads\\\/2026\\\/05\\\/Ruth-Rocha-e-celebrada-em-mostra-ha-50-anos-publicava.jpg\",\"width\":1600,\"height\":800,\"caption\":\"\"},{\"@type\":\"BreadcrumbList\",\"@id\":\"https:\\\/\\\/ubirataonline.com.br\\\/ruth-rocha-e-celebrada-em-mostra-ha-50-anos-publicava-seu-1o-livro\\\/#breadcrumb\",\"itemListElement\":[{\"@type\":\"ListItem\",\"position\":1,\"name\":\"In\u00edcio\",\"item\":\"https:\\\/\\\/ubirataonline.com.br\\\/\"},{\"@type\":\"ListItem\",\"position\":2,\"name\":\"Ruth Rocha \u00e9 celebrada em mostra; h\u00e1 50 anos publicava seu 1\u00ba livro\"}]},{\"@type\":\"WebSite\",\"@id\":\"https:\\\/\\\/ubirataonline.com.br\\\/#website\",\"url\":\"https:\\\/\\\/ubirataonline.com.br\\\/\",\"name\":\"Ubirat\u00e3 Online Not\u00edcias\",\"description\":\"Not\u00edcias de Ubirat\u00e3, regi\u00e3o, Brasil e mundo, com informa\u00e7\u00e3o atualizada e compromisso com o leitor.\",\"publisher\":{\"@id\":\"https:\\\/\\\/ubirataonline.com.br\\\/#organization\"},\"alternateName\":\"Ubirat\u00e3 Online\",\"potentialAction\":[{\"@type\":\"SearchAction\",\"target\":{\"@type\":\"EntryPoint\",\"urlTemplate\":\"https:\\\/\\\/ubirataonline.com.br\\\/?s={search_term_string}\"},\"query-input\":{\"@type\":\"PropertyValueSpecification\",\"valueRequired\":true,\"valueName\":\"search_term_string\"}}],\"inLanguage\":\"en-US\"},{\"@type\":[\"Organization\",\"Place\"],\"@id\":\"https:\\\/\\\/ubirataonline.com.br\\\/#organization\",\"name\":\"Ubirat\u00e3 Online Not\u00edcias\",\"alternateName\":\"Ubirat\u00e3 Online\",\"url\":\"https:\\\/\\\/ubirataonline.com.br\\\/\",\"logo\":{\"@id\":\"https:\\\/\\\/ubirataonline.com.br\\\/ruth-rocha-e-celebrada-em-mostra-ha-50-anos-publicava-seu-1o-livro\\\/#local-main-organization-logo\"},\"image\":{\"@id\":\"https:\\\/\\\/ubirataonline.com.br\\\/ruth-rocha-e-celebrada-em-mostra-ha-50-anos-publicava-seu-1o-livro\\\/#local-main-organization-logo\"},\"sameAs\":[\"https:\\\/\\\/www.facebook.com\\\/portalubirataonline\",\"https:\\\/\\\/x.com\\\/ubirataonline\",\"https:\\\/\\\/mastodon.social\\\/@ubirataonline\",\"https:\\\/\\\/www.facebook.com\\\/groups\\\/311144672285604\",\"https:\\\/\\\/www.facebook.com\\\/UBTAOnline\",\"https:\\\/\\\/www.instagram.com\\\/portalubirataonline\\\/\",\"https:\\\/\\\/twitter.com\\\/ubirataonline\"],\"description\":\"Somos um portal de not\u00edcias independente, criado em 5 de janeiro de 2009, com o objetivo de informar, conectar e valorizar a nossa comunidade de Ubirat\u00e3 e toda aregi\u00e3o. Com conte\u00fado atualizado, confi\u00e1vel e relevante, o Ubirat\u00e3 Online \u00e9 o seu espa\u00e7o para ficar por dentro dos principais acontecimentos locais, regionais, Brasil, Mundo e de interesse geral. Nosso compromisso \u00e9 com a verdade, a transpar\u00eancia e o respeito ao leitor.\",\"legalName\":\"UBIRATA ONLINE NOT\u00cdCIAS\",\"foundingDate\":\"2009-01-05\",\"numberOfEmployees\":{\"@type\":\"QuantitativeValue\",\"minValue\":\"1\",\"maxValue\":\"10\"},\"publishingPrinciples\":\"https:\\\/\\\/ubirataonline.com.br\\\/faq\\\/\",\"address\":{\"@id\":\"https:\\\/\\\/ubirataonline.com.br\\\/ruth-rocha-e-celebrada-em-mostra-ha-50-anos-publicava-seu-1o-livro\\\/#local-main-place-address\"},\"geo\":{\"@type\":\"GeoCoordinates\",\"latitude\":\"-24.5361401\",\"longitude\":\"-52.9921776\"},\"telephone\":[\"+5544998308235\"],\"contactPoint\":{\"@type\":\"ContactPoint\",\"email\":\"contato@ubirataonline.com.br\"},\"openingHoursSpecification\":{\"@type\":\"OpeningHoursSpecification\",\"dayOfWeek\":[\"Monday\",\"Tuesday\",\"Wednesday\",\"Thursday\",\"Friday\",\"Saturday\",\"Sunday\"],\"opens\":\"00:00\",\"closes\":\"23:59\"},\"email\":\"contato@ubirataonline.com.br\",\"vatID\":\"47.621.418\\\/0001-80\"},{\"@type\":\"Person\",\"@id\":\"https:\\\/\\\/ubirataonline.com.br\\\/#\\\/schema\\\/person\\\/372f87bbd3fdd79b8556b84c98d0bc1c\",\"name\":\"REDA\u00c7\u00c3O: UBIRAT\u00c3 ONLINE - F\u00c1BIO AUGUSTO CELESTINO\",\"pronouns\":\"Ele\",\"description\":\"Desde 2003 trabalhando com not\u00edcias.\",\"sameAs\":[\"http:\\\/\\\/ubirataoline.com.br\",\"https:\\\/\\\/www.facebook.com\\\/portalubirataonline\",\"https:\\\/\\\/www.instagram.com\\\/ubirataonline_oficial\",\"https:\\\/\\\/x.com\\\/x.com\\\/ubirataonline\"],\"honorificPrefix\":\"Mr.\",\"honorificSuffix\":\"MD\",\"birthDate\":\"1980-06-16\",\"gender\":\"masculino\",\"award\":[\"V\u00e1rios pr\u00eamios de melhor portal da cidade\"],\"jobTitle\":\"Diretor\",\"url\":\"https:\\\/\\\/ubirataonline.com.br\\\/en\\\/author\\\/ubirataonline\\\/\"},{\"@type\":\"PostalAddress\",\"@id\":\"https:\\\/\\\/ubirataonline.com.br\\\/ruth-rocha-e-celebrada-em-mostra-ha-50-anos-publicava-seu-1o-livro\\\/#local-main-place-address\",\"streetAddress\":\"Rua dos Coqueiros, 104 - Bairro Boa Vista, Rua dos Coqueiros, 104 Bairro Boa Vista\",\"addressLocality\":\"UBIRATA\",\"postalCode\":\"85440-000\",\"addressRegion\":\"PR\",\"addressCountry\":\"BR\"},{\"@type\":\"ImageObject\",\"inLanguage\":\"en-US\",\"@id\":\"https:\\\/\\\/ubirataonline.com.br\\\/ruth-rocha-e-celebrada-em-mostra-ha-50-anos-publicava-seu-1o-livro\\\/#local-main-organization-logo\",\"url\":\"https:\\\/\\\/ubirataonline.com.br\\\/wp-content\\\/uploads\\\/2026\\\/06\\\/logoubirataonline-1.webp\",\"contentUrl\":\"https:\\\/\\\/ubirataonline.com.br\\\/wp-content\\\/uploads\\\/2026\\\/06\\\/logoubirataonline-1.webp\",\"width\":500,\"height\":500,\"caption\":\"Ubirat\u00e3 Online Not\u00edcias\"}]}<\/script>\n<meta name=\"geo.placename\" content=\"UBIRATA\" \/>\n<meta name=\"geo.position\" content=\"-24.5361401;-52.9921776\" \/>\n<meta name=\"geo.region\" content=\"Brazil\" \/>\n<!-- \/ Yoast SEO Premium plugin. -->","yoast_head_json":{"title":"Ruth Rocha \u00e9 celebrada em mostra; h\u00e1 50 anos publicava seu 1\u00ba livro - Ubirat\u00e3 Online Not\u00edcias - A realidade ao seu alcance!","description":"Refer\u00eancia da literatura infantojuvenil brasileira, Ruth Rocha tem sua vida e obra celebradas na 73\u00aa Ocupa\u00e7\u00e3o do Ita\u00fa Cultural, em S\u00e3o Paulo. Mostra foi","robots":{"index":"index","follow":"follow","max-snippet":"max-snippet:-1","max-image-preview":"max-image-preview:large","max-video-preview":"max-video-preview:-1"},"canonical":"https:\/\/ubirataonline.com.br\/en\/ruth-rocha-e-celebrada-em-mostra-ha-50-anos-publicava-seu-1o-livro\/","og_locale":"en_US","og_type":"article","og_title":"Ruth Rocha \u00e9 celebrada em mostra; h\u00e1 50 anos publicava seu 1\u00ba livro","og_description":"Refer\u00eancia da literatura infantojuvenil brasileira, Ruth Rocha tem sua vida e obra celebradas na 73\u00aa Ocupa\u00e7\u00e3o do Ita\u00fa Cultural, em S\u00e3o Paulo. Mostra foi","og_url":"https:\/\/ubirataonline.com.br\/en\/ruth-rocha-e-celebrada-em-mostra-ha-50-anos-publicava-seu-1o-livro\/","og_site_name":"Ubirat\u00e3 Online Not\u00edcias - A realidade ao seu alcance!","article_publisher":"https:\/\/www.facebook.com\/portalubirataonline","article_author":"https:\/\/www.facebook.com\/portalubirataonline","article_published_time":"2026-05-10T15:45:21+00:00","article_modified_time":"2026-05-10T15:45:24+00:00","og_image":[{"width":1600,"height":800,"url":"https:\/\/ubirataonline.com.br\/wp-content\/uploads\/2026\/05\/Ruth-Rocha-e-celebrada-em-mostra-ha-50-anos-publicava.jpg","type":"image\/jpeg"}],"author":"REDA\u00c7\u00c3O: UBIRAT\u00c3 ONLINE - F\u00c1BIO AUGUSTO CELESTINO","twitter_card":"summary_large_image","twitter_creator":"@x.com\/ubirataonline","twitter_site":"@ubirataonline","twitter_misc":{"Written by":"REDA\u00c7\u00c3O: UBIRAT\u00c3 ONLINE - F\u00c1BIO AUGUSTO CELESTINO","Est. reading time":"6 minutes"},"schema":{"@context":"https:\/\/schema.org","@graph":[{"@type":"NewsArticle","@id":"https:\/\/ubirataonline.com.br\/ruth-rocha-e-celebrada-em-mostra-ha-50-anos-publicava-seu-1o-livro\/#article","isPartOf":{"@id":"https:\/\/ubirataonline.com.br\/ruth-rocha-e-celebrada-em-mostra-ha-50-anos-publicava-seu-1o-livro\/"},"author":{"name":"REDA\u00c7\u00c3O: UBIRAT\u00c3 ONLINE - F\u00c1BIO AUGUSTO CELESTINO","@id":"https:\/\/ubirataonline.com.br\/#\/schema\/person\/372f87bbd3fdd79b8556b84c98d0bc1c"},"headline":"Ruth Rocha \u00e9 celebrada em mostra; h\u00e1 50 anos publicava seu 1\u00ba livro","datePublished":"2026-05-10T15:45:21+00:00","dateModified":"2026-05-10T15:45:24+00:00","mainEntityOfPage":{"@id":"https:\/\/ubirataonline.com.br\/ruth-rocha-e-celebrada-em-mostra-ha-50-anos-publicava-seu-1o-livro\/"},"wordCount":1249,"publisher":{"@id":"https:\/\/ubirataonline.com.br\/#organization"},"image":{"@id":"https:\/\/ubirataonline.com.br\/ruth-rocha-e-celebrada-em-mostra-ha-50-anos-publicava-seu-1o-livro\/#primaryimage"},"thumbnailUrl":"https:\/\/ubirataonline.com.br\/wp-content\/uploads\/2026\/05\/Ruth-Rocha-e-celebrada-em-mostra-ha-50-anos-publicava.jpg","keywords":["1\u00ba","anos","celebrada","h\u00e1","livro","mostra","publicava","Rocha","Ruth","seu"],"articleSection":["Ubirat\u00e3"],"inLanguage":"en-US","copyrightYear":"2026","copyrightHolder":{"@id":"https:\/\/ubirataonline.com.br\/en\/#organization"}},{"@type":"WebPage","@id":"https:\/\/ubirataonline.com.br\/ruth-rocha-e-celebrada-em-mostra-ha-50-anos-publicava-seu-1o-livro\/","url":"https:\/\/ubirataonline.com.br\/ruth-rocha-e-celebrada-em-mostra-ha-50-anos-publicava-seu-1o-livro\/","name":"Ruth Rocha \u00e9 celebrada em mostra; h\u00e1 50 anos publicava seu 1\u00ba livro - Ubirat\u00e3 Online Not\u00edcias - A realidade ao seu alcance!","isPartOf":{"@id":"https:\/\/ubirataonline.com.br\/#website"},"primaryImageOfPage":{"@id":"https:\/\/ubirataonline.com.br\/ruth-rocha-e-celebrada-em-mostra-ha-50-anos-publicava-seu-1o-livro\/#primaryimage"},"image":{"@id":"https:\/\/ubirataonline.com.br\/ruth-rocha-e-celebrada-em-mostra-ha-50-anos-publicava-seu-1o-livro\/#primaryimage"},"thumbnailUrl":"https:\/\/ubirataonline.com.br\/wp-content\/uploads\/2026\/05\/Ruth-Rocha-e-celebrada-em-mostra-ha-50-anos-publicava.jpg","datePublished":"2026-05-10T15:45:21+00:00","dateModified":"2026-05-10T15:45:24+00:00","description":"Refer\u00eancia da literatura infantojuvenil brasileira, Ruth Rocha tem sua vida e obra celebradas na 73\u00aa Ocupa\u00e7\u00e3o do Ita\u00fa Cultural, em S\u00e3o Paulo. Mostra foi","breadcrumb":{"@id":"https:\/\/ubirataonline.com.br\/ruth-rocha-e-celebrada-em-mostra-ha-50-anos-publicava-seu-1o-livro\/#breadcrumb"},"inLanguage":"en-US","potentialAction":[{"@type":"ReadAction","target":["https:\/\/ubirataonline.com.br\/ruth-rocha-e-celebrada-em-mostra-ha-50-anos-publicava-seu-1o-livro\/"]}]},{"@type":"ImageObject","inLanguage":"en-US","@id":"https:\/\/ubirataonline.com.br\/ruth-rocha-e-celebrada-em-mostra-ha-50-anos-publicava-seu-1o-livro\/#primaryimage","url":"https:\/\/ubirataonline.com.br\/wp-content\/uploads\/2026\/05\/Ruth-Rocha-e-celebrada-em-mostra-ha-50-anos-publicava.jpg","contentUrl":"https:\/\/ubirataonline.com.br\/wp-content\/uploads\/2026\/05\/Ruth-Rocha-e-celebrada-em-mostra-ha-50-anos-publicava.jpg","width":1600,"height":800,"caption":""},{"@type":"BreadcrumbList","@id":"https:\/\/ubirataonline.com.br\/ruth-rocha-e-celebrada-em-mostra-ha-50-anos-publicava-seu-1o-livro\/#breadcrumb","itemListElement":[{"@type":"ListItem","position":1,"name":"In\u00edcio","item":"https:\/\/ubirataonline.com.br\/"},{"@type":"ListItem","position":2,"name":"Ruth Rocha \u00e9 celebrada em mostra; h\u00e1 50 anos publicava seu 1\u00ba livro"}]},{"@type":"WebSite","@id":"https:\/\/ubirataonline.com.br\/#website","url":"https:\/\/ubirataonline.com.br\/","name":"Ubirat\u00e3 Online Not\u00edcias","description":"Not\u00edcias de Ubirat\u00e3, regi\u00e3o, Brasil e mundo, com informa\u00e7\u00e3o atualizada e compromisso com o leitor.","publisher":{"@id":"https:\/\/ubirataonline.com.br\/#organization"},"alternateName":"Ubirat\u00e3 Online","potentialAction":[{"@type":"SearchAction","target":{"@type":"EntryPoint","urlTemplate":"https:\/\/ubirataonline.com.br\/?s={search_term_string}"},"query-input":{"@type":"PropertyValueSpecification","valueRequired":true,"valueName":"search_term_string"}}],"inLanguage":"en-US"},{"@type":["Organization","Place"],"@id":"https:\/\/ubirataonline.com.br\/#organization","name":"Ubirat\u00e3 Online Not\u00edcias","alternateName":"Ubirat\u00e3 Online","url":"https:\/\/ubirataonline.com.br\/","logo":{"@id":"https:\/\/ubirataonline.com.br\/ruth-rocha-e-celebrada-em-mostra-ha-50-anos-publicava-seu-1o-livro\/#local-main-organization-logo"},"image":{"@id":"https:\/\/ubirataonline.com.br\/ruth-rocha-e-celebrada-em-mostra-ha-50-anos-publicava-seu-1o-livro\/#local-main-organization-logo"},"sameAs":["https:\/\/www.facebook.com\/portalubirataonline","https:\/\/x.com\/ubirataonline","https:\/\/mastodon.social\/@ubirataonline","https:\/\/www.facebook.com\/groups\/311144672285604","https:\/\/www.facebook.com\/UBTAOnline","https:\/\/www.instagram.com\/portalubirataonline\/","https:\/\/twitter.com\/ubirataonline"],"description":"Somos um portal de not\u00edcias independente, criado em 5 de janeiro de 2009, com o objetivo de informar, conectar e valorizar a nossa comunidade de Ubirat\u00e3 e toda aregi\u00e3o. Com conte\u00fado atualizado, confi\u00e1vel e relevante, o Ubirat\u00e3 Online \u00e9 o seu espa\u00e7o para ficar por dentro dos principais acontecimentos locais, regionais, Brasil, Mundo e de interesse geral. Nosso compromisso \u00e9 com a verdade, a transpar\u00eancia e o respeito ao leitor.","legalName":"UBIRATA ONLINE NOT\u00cdCIAS","foundingDate":"2009-01-05","numberOfEmployees":{"@type":"QuantitativeValue","minValue":"1","maxValue":"10"},"publishingPrinciples":"https:\/\/ubirataonline.com.br\/faq\/","address":{"@id":"https:\/\/ubirataonline.com.br\/ruth-rocha-e-celebrada-em-mostra-ha-50-anos-publicava-seu-1o-livro\/#local-main-place-address"},"geo":{"@type":"GeoCoordinates","latitude":"-24.5361401","longitude":"-52.9921776"},"telephone":["+5544998308235"],"contactPoint":{"@type":"ContactPoint","email":"contato@ubirataonline.com.br"},"openingHoursSpecification":{"@type":"OpeningHoursSpecification","dayOfWeek":["Monday","Tuesday","Wednesday","Thursday","Friday","Saturday","Sunday"],"opens":"00:00","closes":"23:59"},"email":"contato@ubirataonline.com.br","vatID":"47.621.418\/0001-80"},{"@type":"Person","@id":"https:\/\/ubirataonline.com.br\/#\/schema\/person\/372f87bbd3fdd79b8556b84c98d0bc1c","name":"REDA\u00c7\u00c3O: UBIRAT\u00c3 ONLINE - F\u00c1BIO AUGUSTO CELESTINO","pronouns":"Ele","description":"Desde 2003 trabalhando com not\u00edcias.","sameAs":["http:\/\/ubirataoline.com.br","https:\/\/www.facebook.com\/portalubirataonline","https:\/\/www.instagram.com\/ubirataonline_oficial","https:\/\/x.com\/x.com\/ubirataonline"],"honorificPrefix":"Mr.","honorificSuffix":"MD","birthDate":"1980-06-16","gender":"masculino","award":["V\u00e1rios pr\u00eamios de melhor portal da cidade"],"jobTitle":"Diretor","url":"https:\/\/ubirataonline.com.br\/en\/author\/ubirataonline\/"},{"@type":"PostalAddress","@id":"https:\/\/ubirataonline.com.br\/ruth-rocha-e-celebrada-em-mostra-ha-50-anos-publicava-seu-1o-livro\/#local-main-place-address","streetAddress":"Rua dos Coqueiros, 104 - Bairro Boa Vista, Rua dos Coqueiros, 104 Bairro Boa Vista","addressLocality":"UBIRATA","postalCode":"85440-000","addressRegion":"PR","addressCountry":"BR"},{"@type":"ImageObject","inLanguage":"en-US","@id":"https:\/\/ubirataonline.com.br\/ruth-rocha-e-celebrada-em-mostra-ha-50-anos-publicava-seu-1o-livro\/#local-main-organization-logo","url":"https:\/\/ubirataonline.com.br\/wp-content\/uploads\/2026\/06\/logoubirataonline-1.webp","contentUrl":"https:\/\/ubirataonline.com.br\/wp-content\/uploads\/2026\/06\/logoubirataonline-1.webp","width":500,"height":500,"caption":"Ubirat\u00e3 Online Not\u00edcias"}]},"geo.placename":"UBIRATA","geo.position":{"lat":"-24.5361401","long":"-52.9921776"},"geo.region":"Brazil"},"_links":{"self":[{"href":"https:\/\/ubirataonline.com.br\/en\/wp-json\/wp\/v2\/posts\/126061","targetHints":{"allow":["GET"]}}],"collection":[{"href":"https:\/\/ubirataonline.com.br\/en\/wp-json\/wp\/v2\/posts"}],"about":[{"href":"https:\/\/ubirataonline.com.br\/en\/wp-json\/wp\/v2\/types\/post"}],"author":[{"embeddable":true,"href":"https:\/\/ubirataonline.com.br\/en\/wp-json\/wp\/v2\/users\/1"}],"replies":[{"embeddable":true,"href":"https:\/\/ubirataonline.com.br\/en\/wp-json\/wp\/v2\/comments?post=126061"}],"version-history":[{"count":0,"href":"https:\/\/ubirataonline.com.br\/en\/wp-json\/wp\/v2\/posts\/126061\/revisions"}],"wp:featuredmedia":[{"embeddable":true,"href":"https:\/\/ubirataonline.com.br\/en\/wp-json\/wp\/v2\/media\/126062"}],"wp:attachment":[{"href":"https:\/\/ubirataonline.com.br\/en\/wp-json\/wp\/v2\/media?parent=126061"}],"wp:term":[{"taxonomy":"category","embeddable":true,"href":"https:\/\/ubirataonline.com.br\/en\/wp-json\/wp\/v2\/categories?post=126061"},{"taxonomy":"post_tag","embeddable":true,"href":"https:\/\/ubirataonline.com.br\/en\/wp-json\/wp\/v2\/tags?post=126061"}],"curies":[{"name":"wp","href":"https:\/\/api.w.org\/{rel}","templated":true}]}}