{"id":126079,"date":"2026-05-10T13:11:22","date_gmt":"2026-05-10T16:11:22","guid":{"rendered":"https:\/\/ubirataonline.com.br\/una-casa-vinculada-al-gobernador-con-licencia-de-sinaloa-recibe-varios-disparos\/"},"modified":"2026-05-10T13:11:24","modified_gmt":"2026-05-10T16:11:24","slug":"una-casa-vinculada-al-gobernador-con-licencia-de-sinaloa-recibe-varios-disparos","status":"publish","type":"post","link":"https:\/\/ubirataonline.com.br\/en\/una-casa-vinculada-al-gobernador-con-licencia-de-sinaloa-recibe-varios-disparos\/","title":{"rendered":"Una casa vinculada al gobernador con licencia de Sinaloa recibe varios disparos"},"content":{"rendered":"<p><br \/>\n<\/p>\n<div id=\"content\">\n<div class=\"navs-container\">\n<p>IE 11 no es compatible. Para una experiencia \u00f3ptima, visite nuestro sitio en otro navegador.<button type=\"button\" aria-label=\"close\" class=\"alert-banner__close-button icon icon-close\"\/><\/p>\n<\/div>\n<div>\n<div class=\"video-page\" data-testid=\"video-page\">\n<div class=\"video-page__video\">\n<div class=\"video-page__main\">\n<div class=\"video-page__player\" data-testid=\"video-page__player\">\n<div class=\"styles_gridStackWrapper__Z_AMc styles_videoContainer___xc7B video-container paused\" data-testid=\"gamma-video-player-autoplay\">\n<div class=\"styles_gridStackWrapper__Z_AMc videoSlate styles_videoSlate__IvkAP\"><picture class=\"\" data-testid=\"picture\" data-flavor=\"focal\"><source media=\"(min-width: 1240px)\" srcset=\"https:\/\/media-cldnry.s-nbcnews.com\/image\/upload\/t_focal-860x484,f_auto,q_auto:best\/telemundocms\/MPX\/image\/NBCU_Telemundo\/866\/455\/45831075882-1080pnbcstations.jpg\"\/><source media=\"(min-width: 758px)\" srcset=\"https:\/\/media-cldnry.s-nbcnews.com\/image\/upload\/t_focal-1000x563,f_auto,q_auto:best\/telemundocms\/MPX\/image\/NBCU_Telemundo\/866\/455\/45831075882-1080pnbcstations.jpg\"\/><source media=\"(min-width: 320px)\" srcset=\"https:\/\/media-cldnry.s-nbcnews.com\/image\/upload\/t_focal-760x428,f_auto,q_auto:best\/telemundocms\/MPX\/image\/NBCU_Telemundo\/866\/455\/45831075882-1080pnbcstations.jpg\"\/><\/picture><\/div>\n<\/div>\n<\/div>\n<div class=\"video-page__drawer\"><button class=\"styles_prevButton___kn9P styles_disabled__TOBLY\" type=\"button\" data-testid=\"prev-button\"><span class=\"icon icon-back\"\/><\/button><\/p>\n<div class=\"styles_playlistDrawer__ttvMO\" data-testid=\"playlist-drawer\">\n<section class=\"styles_playlist__AdfYR\">\n<ul class=\"styles_videos__IxbCG\">\n<li class=\"styles_video__WPPDb\">\n<div class=\"playlist-drawer__video\" data-testid=\"playlist-drawer-video\">\n<p>SIGUIENTE<\/p>\n<div class=\"playlist-drawer__thumbnail\"><picture class=\"playlist-drawer__thumbnail\" data-testid=\"picture\" data-flavor=\"focal\"><source media=\"(min-width: 1000px)\" srcset=\"https:\/\/media1.s-nbcnews.com\/j\/rockcms\/2026-04\/514377\/tood-lyons-renuncia-70381a_cc07f96637ed14b4ce473f8739df28e4ed13e0e6.focal-280x140.jpg\"\/><source media=\"(min-width: 758px)\" srcset=\"https:\/\/media1.s-nbcnews.com\/j\/rockcms\/2026-04\/514377\/tood-lyons-renuncia-70381a_cc07f96637ed14b4ce473f8739df28e4ed13e0e6.focal-760x380.jpg\"\/><source media=\"(min-width: 320px)\" srcset=\"https:\/\/media1.s-nbcnews.com\/j\/rockcms\/2026-04\/514377\/tood-lyons-renuncia-70381a_cc07f96637ed14b4ce473f8739df28e4ed13e0e6.focal-520x260.jpg\"\/><img decoding=\"async\" loading=\"lazy\" src=\"https:\/\/media1.s-nbcnews.com\/j\/rockcms\/2026-04\/514377\/tood-lyons-renuncia-70381a_cc07f96637ed14b4ce473f8739df28e4ed13e0e6.focal-520x260.jpg\" alt=\"\"\/><\/picture><\/div>\n<p><h2 class=\"playlist-drawer__title\" data-testid=\"playlist-title\">Renuncia el director interino de ICE, Todd Lyons, en medio de una ola de cr\u00edticas<\/h2>\n<p><span class=\"playlist-drawer__duration founders-mono\" data-testid=\"playlist-duration\">00:34<\/span><\/p>\n<\/div>\n<\/li>\n<li class=\"styles_video__WPPDb\">\n<div class=\"playlist-drawer__video\" data-testid=\"playlist-drawer-video\">\n<div class=\"playlist-drawer__thumbnail\"><picture class=\"playlist-drawer__thumbnail\" data-testid=\"picture\" data-flavor=\"focal\"><source media=\"(min-width: 1000px)\" srcset=\"https:\/\/res.cloudinary.com\/nbcnewsdigital-prod\/image\/upload\/t_focal-280x140,f_auto,q_auto:best\/\/v1\/telemundocms\/MPX\/image\/NBCU_Telemundo\/296\/787\/45317518899-1080pnbcstations\"\/><source media=\"(min-width: 758px)\" srcset=\"https:\/\/res.cloudinary.com\/nbcnewsdigital-prod\/image\/upload\/t_focal-760x380,f_auto,q_auto:best\/\/v1\/telemundocms\/MPX\/image\/NBCU_Telemundo\/296\/787\/45317518899-1080pnbcstations\"\/><source media=\"(min-width: 320px)\" srcset=\"https:\/\/res.cloudinary.com\/nbcnewsdigital-prod\/image\/upload\/t_focal-520x260,f_auto,q_auto:best\/\/v1\/telemundocms\/MPX\/image\/NBCU_Telemundo\/296\/787\/45317518899-1080pnbcstations\"\/><img decoding=\"async\" loading=\"lazy\" src=\"https:\/\/res.cloudinary.com\/nbcnewsdigital-prod\/image\/upload\/t_focal-520x260,f_auto,q_auto:best\/\/v1\/telemundocms\/MPX\/image\/NBCU_Telemundo\/296\/787\/45317518899-1080pnbcstations\" alt=\"\"\/><\/picture><\/div>\n<p><h2 class=\"playlist-drawer__title\" data-testid=\"playlist-title\">En video: Dos camiones se estrellan de frente en una carretera de California<\/h2>\n<p><span class=\"playlist-drawer__duration founders-mono\" data-testid=\"playlist-duration\">00:46<\/span><\/p>\n<\/div>\n<\/li>\n<li class=\"styles_video__WPPDb\">\n<div class=\"playlist-drawer__video\" data-testid=\"playlist-drawer-video\">\n<div class=\"playlist-drawer__thumbnail\"><picture class=\"playlist-drawer__thumbnail\" data-testid=\"picture\" data-flavor=\"focal\"><source media=\"(min-width: 1000px)\" srcset=\"https:\/\/media-cldnry.s-nbcnews.com\/image\/upload\/t_focal-280x140,f_auto,q_auto:best\/telemundocms\/MPX\/image\/NBCU_Telemundo\/293\/859\/45317408599-1080pnbcstations.jpg\"\/><source media=\"(min-width: 758px)\" srcset=\"https:\/\/media-cldnry.s-nbcnews.com\/image\/upload\/t_focal-760x380,f_auto,q_auto:best\/telemundocms\/MPX\/image\/NBCU_Telemundo\/293\/859\/45317408599-1080pnbcstations.jpg\"\/><source media=\"(min-width: 320px)\" srcset=\"https:\/\/media-cldnry.s-nbcnews.com\/image\/upload\/t_focal-520x260,f_auto,q_auto:best\/telemundocms\/MPX\/image\/NBCU_Telemundo\/293\/859\/45317408599-1080pnbcstations.jpg\"\/><img decoding=\"async\" loading=\"lazy\" src=\"https:\/\/media-cldnry.s-nbcnews.com\/image\/upload\/t_focal-520x260,f_auto,q_auto:best\/telemundocms\/MPX\/image\/NBCU_Telemundo\/293\/859\/45317408599-1080pnbcstations.jpg\" alt=\"\"\/><\/picture><\/div>\n<p><h2 class=\"playlist-drawer__title\" data-testid=\"playlist-title\">Arrestan al cantante D4vd por la muerte de la adolescente Celeste Rivas en California<\/h2>\n<p><span class=\"playlist-drawer__duration founders-mono\" data-testid=\"playlist-duration\">00:27<\/span><\/p>\n<\/div>\n<\/li>\n<li class=\"styles_video__WPPDb\">\n<div class=\"playlist-drawer__video\" data-testid=\"playlist-drawer-video\">\n<div class=\"playlist-drawer__thumbnail\"><picture class=\"playlist-drawer__thumbnail\" data-testid=\"picture\" data-flavor=\"focal\"><source media=\"(min-width: 1000px)\" srcset=\"https:\/\/media-cldnry.s-nbcnews.com\/image\/upload\/t_focal-280x140,f_auto,q_auto:best\/telemundocms\/MPX\/image\/NBCU_Telemundo\/298\/239\/45317788081-1080pnbcstations.jpg\"\/><source media=\"(min-width: 758px)\" srcset=\"https:\/\/media-cldnry.s-nbcnews.com\/image\/upload\/t_focal-760x380,f_auto,q_auto:best\/telemundocms\/MPX\/image\/NBCU_Telemundo\/298\/239\/45317788081-1080pnbcstations.jpg\"\/><source media=\"(min-width: 320px)\" srcset=\"https:\/\/media-cldnry.s-nbcnews.com\/image\/upload\/t_focal-520x260,f_auto,q_auto:best\/telemundocms\/MPX\/image\/NBCU_Telemundo\/298\/239\/45317788081-1080pnbcstations.jpg\"\/><img decoding=\"async\" loading=\"lazy\" src=\"https:\/\/media-cldnry.s-nbcnews.com\/image\/upload\/t_focal-520x260,f_auto,q_auto:best\/telemundocms\/MPX\/image\/NBCU_Telemundo\/298\/239\/45317788081-1080pnbcstations.jpg\" alt=\"\"\/><\/picture><\/div>\n<p><h2 class=\"playlist-drawer__title\" data-testid=\"playlist-title\">Denuncian abuso de poder de guardias nacionales en M\u00e9xico<\/h2>\n<p><span class=\"playlist-drawer__duration founders-mono\" data-testid=\"playlist-duration\">02:18<\/span><\/p>\n<\/div>\n<\/li>\n<li class=\"styles_video__WPPDb\">\n<div class=\"playlist-drawer__video\" data-testid=\"playlist-drawer-video\">\n<div class=\"playlist-drawer__thumbnail\"><picture class=\"playlist-drawer__thumbnail\" data-testid=\"picture\" data-flavor=\"focal\"><source media=\"(min-width: 1000px)\" srcset=\"https:\/\/media-cldnry.s-nbcnews.com\/image\/upload\/t_focal-280x140,f_auto,q_auto:best\/telemundocms\/MPX\/image\/NBCU_Telemundo\/570\/711\/45393649492-1080pnbcstations.jpg\"\/><source media=\"(min-width: 758px)\" srcset=\"https:\/\/media-cldnry.s-nbcnews.com\/image\/upload\/t_focal-760x380,f_auto,q_auto:best\/telemundocms\/MPX\/image\/NBCU_Telemundo\/570\/711\/45393649492-1080pnbcstations.jpg\"\/><source media=\"(min-width: 320px)\" srcset=\"https:\/\/media-cldnry.s-nbcnews.com\/image\/upload\/t_focal-520x260,f_auto,q_auto:best\/telemundocms\/MPX\/image\/NBCU_Telemundo\/570\/711\/45393649492-1080pnbcstations.jpg\"\/><img decoding=\"async\" loading=\"lazy\" src=\"https:\/\/media-cldnry.s-nbcnews.com\/image\/upload\/t_focal-520x260,f_auto,q_auto:best\/telemundocms\/MPX\/image\/NBCU_Telemundo\/570\/711\/45393649492-1080pnbcstations.jpg\" alt=\"\"\/><\/picture><\/div>\n<p><h2 class=\"playlist-drawer__title\" data-testid=\"playlist-title\">Autoridades mexicanas admiten que un derrame de petr\u00f3leo fue provocado por una serie de errores<\/h2>\n<p><span class=\"playlist-drawer__duration founders-mono\" data-testid=\"playlist-duration\">00:28<\/span><\/p>\n<\/div>\n<\/li>\n<li class=\"styles_video__WPPDb\">\n<div class=\"playlist-drawer__video\" data-testid=\"playlist-drawer-video\">\n<div class=\"playlist-drawer__thumbnail\"><picture class=\"playlist-drawer__thumbnail\" data-testid=\"picture\" data-flavor=\"focal\"><source media=\"(min-width: 1000px)\" srcset=\"https:\/\/media-cldnry.s-nbcnews.com\/image\/upload\/t_focal-280x140,f_auto,q_auto:best\/telemundocms\/MPX\/image\/NBCU_Telemundo\/293\/359\/45317342467-1080pnbcstations.jpg\"\/><source media=\"(min-width: 758px)\" srcset=\"https:\/\/media-cldnry.s-nbcnews.com\/image\/upload\/t_focal-760x380,f_auto,q_auto:best\/telemundocms\/MPX\/image\/NBCU_Telemundo\/293\/359\/45317342467-1080pnbcstations.jpg\"\/><source media=\"(min-width: 320px)\" srcset=\"https:\/\/media-cldnry.s-nbcnews.com\/image\/upload\/t_focal-520x260,f_auto,q_auto:best\/telemundocms\/MPX\/image\/NBCU_Telemundo\/293\/359\/45317342467-1080pnbcstations.jpg\"\/><img decoding=\"async\" loading=\"lazy\" src=\"https:\/\/media-cldnry.s-nbcnews.com\/image\/upload\/t_focal-520x260,f_auto,q_auto:best\/telemundocms\/MPX\/image\/NBCU_Telemundo\/293\/359\/45317342467-1080pnbcstations.jpg\" alt=\"\"\/><\/picture><\/div>\n<p><h2 class=\"playlist-drawer__title\" data-testid=\"playlist-title\">La tregua entre Israel y el L\u00edbano puede extenderse si progresan las negociaciones<\/h2>\n<p><span class=\"playlist-drawer__duration founders-mono\" data-testid=\"playlist-duration\">00:22<\/span><\/p>\n<\/div>\n<\/li>\n<li class=\"styles_video__WPPDb\">\n<div class=\"playlist-drawer__video\" data-testid=\"playlist-drawer-video\">\n<div class=\"playlist-drawer__thumbnail\"><picture class=\"playlist-drawer__thumbnail\" data-testid=\"picture\" data-flavor=\"focal\"><source media=\"(min-width: 1000px)\" srcset=\"https:\/\/media-cldnry.s-nbcnews.com\/image\/upload\/t_focal-280x140,f_auto,q_auto:best\/telemundocms\/MPX\/image\/NBCU_Telemundo\/294\/835\/45317326001-1080pnbcstations.jpg\"\/><source media=\"(min-width: 758px)\" srcset=\"https:\/\/media-cldnry.s-nbcnews.com\/image\/upload\/t_focal-760x380,f_auto,q_auto:best\/telemundocms\/MPX\/image\/NBCU_Telemundo\/294\/835\/45317326001-1080pnbcstations.jpg\"\/><source media=\"(min-width: 320px)\" srcset=\"https:\/\/media-cldnry.s-nbcnews.com\/image\/upload\/t_focal-520x260,f_auto,q_auto:best\/telemundocms\/MPX\/image\/NBCU_Telemundo\/294\/835\/45317326001-1080pnbcstations.jpg\"\/><img decoding=\"async\" loading=\"lazy\" src=\"https:\/\/media-cldnry.s-nbcnews.com\/image\/upload\/t_focal-520x260,f_auto,q_auto:best\/telemundocms\/MPX\/image\/NBCU_Telemundo\/294\/835\/45317326001-1080pnbcstations.jpg\" alt=\"\"\/><\/picture><\/div>\n<p><h2 class=\"playlist-drawer__title\" data-testid=\"playlist-title\">Una encuesta revela que cada vez m\u00e1s hombres j\u00f3venes se interesan por la religi\u00f3n en EE.UU.<\/h2>\n<p><span class=\"playlist-drawer__duration founders-mono\" data-testid=\"playlist-duration\">01:55<\/span><\/p>\n<\/div>\n<\/li>\n<li class=\"styles_video__WPPDb\">\n<div class=\"playlist-drawer__video\" data-testid=\"playlist-drawer-video\">\n<div class=\"playlist-drawer__thumbnail\"><picture class=\"playlist-drawer__thumbnail\" data-testid=\"picture\" data-flavor=\"focal\"><source media=\"(min-width: 1000px)\" srcset=\"https:\/\/media-cldnry.s-nbcnews.com\/image\/upload\/t_focal-280x140,f_auto,q_auto:best\/telemundocms\/MPX\/image\/NBCU_Telemundo\/291\/907\/45317286917-1080pnbcstations.jpg\"\/><source media=\"(min-width: 758px)\" srcset=\"https:\/\/media-cldnry.s-nbcnews.com\/image\/upload\/t_focal-760x380,f_auto,q_auto:best\/telemundocms\/MPX\/image\/NBCU_Telemundo\/291\/907\/45317286917-1080pnbcstations.jpg\"\/><source media=\"(min-width: 320px)\" srcset=\"https:\/\/media-cldnry.s-nbcnews.com\/image\/upload\/t_focal-520x260,f_auto,q_auto:best\/telemundocms\/MPX\/image\/NBCU_Telemundo\/291\/907\/45317286917-1080pnbcstations.jpg\"\/><img decoding=\"async\" loading=\"lazy\" src=\"https:\/\/media-cldnry.s-nbcnews.com\/image\/upload\/t_focal-520x260,f_auto,q_auto:best\/telemundocms\/MPX\/image\/NBCU_Telemundo\/291\/907\/45317286917-1080pnbcstations.jpg\" alt=\"\"\/><\/picture><\/div>\n<p><h2 class=\"playlist-drawer__title\" data-testid=\"playlist-title\">Juez ordena al campamento Mystic no demoler las caba\u00f1as donde murieron las ni\u00f1as en la inundaci\u00f3n<\/h2>\n<p><span class=\"playlist-drawer__duration founders-mono\" data-testid=\"playlist-duration\"\/><\/p>\n<\/div>\n<\/li>\n<li class=\"styles_video__WPPDb\">\n<div class=\"playlist-drawer__video\" data-testid=\"playlist-drawer-video\">\n<div class=\"playlist-drawer__thumbnail\"><picture class=\"playlist-drawer__thumbnail\" data-testid=\"picture\" data-flavor=\"focal\"><source media=\"(min-width: 1000px)\" srcset=\"https:\/\/res.cloudinary.com\/nbcnewsdigital-prod\/image\/upload\/t_focal-280x140,f_auto,q_auto:best\/s--ebJrkrF8--\/f_auto\/q_auto\/v1\/telemundocms\/MPX\/image\/NBCU_Telemundo\/293\/859\/45317268888-1080pnbcstations?_a=BAAAV6Bs\"\/><source media=\"(min-width: 758px)\" srcset=\"https:\/\/res.cloudinary.com\/nbcnewsdigital-prod\/image\/upload\/t_focal-760x380,f_auto,q_auto:best\/s--ebJrkrF8--\/f_auto\/q_auto\/v1\/telemundocms\/MPX\/image\/NBCU_Telemundo\/293\/859\/45317268888-1080pnbcstations?_a=BAAAV6Bs\"\/><source media=\"(min-width: 320px)\" srcset=\"https:\/\/res.cloudinary.com\/nbcnewsdigital-prod\/image\/upload\/t_focal-520x260,f_auto,q_auto:best\/s--ebJrkrF8--\/f_auto\/q_auto\/v1\/telemundocms\/MPX\/image\/NBCU_Telemundo\/293\/859\/45317268888-1080pnbcstations?_a=BAAAV6Bs\"\/><img decoding=\"async\" loading=\"lazy\" src=\"https:\/\/res.cloudinary.com\/nbcnewsdigital-prod\/image\/upload\/t_focal-520x260,f_auto,q_auto:best\/s--ebJrkrF8--\/f_auto\/q_auto\/v1\/telemundocms\/MPX\/image\/NBCU_Telemundo\/293\/859\/45317268888-1080pnbcstations?_a=BAAAV6Bs\" alt=\"\"\/><\/picture><\/div>\n<p><h2 class=\"playlist-drawer__title\" data-testid=\"playlist-title\">Autoridades ligan el homicidio-suicidio del exvicegobernador de Virginia a un &#8220;divorcio complicado&#8221;<\/h2>\n<p><span class=\"playlist-drawer__duration founders-mono\" data-testid=\"playlist-duration\"\/><\/p>\n<\/div>\n<\/li>\n<li class=\"styles_video__WPPDb\">\n<div class=\"playlist-drawer__video\" data-testid=\"playlist-drawer-video\">\n<div class=\"playlist-drawer__thumbnail\"><picture class=\"playlist-drawer__thumbnail\" data-testid=\"picture\" data-flavor=\"focal\"><source media=\"(min-width: 1000px)\" srcset=\"https:\/\/media-cldnry.s-nbcnews.com\/image\/upload\/t_focal-280x140,f_auto,q_auto:best\/telemundocms\/MPX\/image\/NBCU_Telemundo\/295\/311\/45317233048-1080pnbcstations.jpg\"\/><source media=\"(min-width: 758px)\" srcset=\"https:\/\/media-cldnry.s-nbcnews.com\/image\/upload\/t_focal-760x380,f_auto,q_auto:best\/telemundocms\/MPX\/image\/NBCU_Telemundo\/295\/311\/45317233048-1080pnbcstations.jpg\"\/><source media=\"(min-width: 320px)\" srcset=\"https:\/\/media-cldnry.s-nbcnews.com\/image\/upload\/t_focal-520x260,f_auto,q_auto:best\/telemundocms\/MPX\/image\/NBCU_Telemundo\/295\/311\/45317233048-1080pnbcstations.jpg\"\/><img decoding=\"async\" loading=\"lazy\" src=\"https:\/\/media-cldnry.s-nbcnews.com\/image\/upload\/t_focal-520x260,f_auto,q_auto:best\/telemundocms\/MPX\/image\/NBCU_Telemundo\/295\/311\/45317233048-1080pnbcstations.jpg\" alt=\"\"\/><\/picture><\/div>\n<p><h2 class=\"playlist-drawer__title\" data-testid=\"playlist-title\">Tras denuncias de abusos, trasladan a ni\u00f1os inmigrantes de un albergue federal<\/h2>\n<p><span class=\"playlist-drawer__duration founders-mono\" data-testid=\"playlist-duration\"\/><\/p>\n<\/div>\n<\/li>\n<li class=\"styles_video__WPPDb\">\n<div class=\"playlist-drawer__video\" data-testid=\"playlist-drawer-video\">\n<div class=\"playlist-drawer__thumbnail\"><picture class=\"playlist-drawer__thumbnail\" data-testid=\"picture\" data-flavor=\"focal\"><source media=\"(min-width: 1000px)\" srcset=\"https:\/\/media-cldnry.s-nbcnews.com\/image\/upload\/t_focal-280x140,f_auto,q_auto:best\/telemundocms\/MPX\/image\/NBCU_Telemundo\/295\/310\/45317167319-1080pnbcstations.jpg\"\/><source media=\"(min-width: 758px)\" srcset=\"https:\/\/media-cldnry.s-nbcnews.com\/image\/upload\/t_focal-760x380,f_auto,q_auto:best\/telemundocms\/MPX\/image\/NBCU_Telemundo\/295\/310\/45317167319-1080pnbcstations.jpg\"\/><source media=\"(min-width: 320px)\" srcset=\"https:\/\/media-cldnry.s-nbcnews.com\/image\/upload\/t_focal-520x260,f_auto,q_auto:best\/telemundocms\/MPX\/image\/NBCU_Telemundo\/295\/310\/45317167319-1080pnbcstations.jpg\"\/><img decoding=\"async\" loading=\"lazy\" src=\"https:\/\/media-cldnry.s-nbcnews.com\/image\/upload\/t_focal-520x260,f_auto,q_auto:best\/telemundocms\/MPX\/image\/NBCU_Telemundo\/295\/310\/45317167319-1080pnbcstations.jpg\" alt=\"\"\/><\/picture><\/div>\n<p><h2 class=\"playlist-drawer__title\" data-testid=\"playlist-title\">El doctor venezolano Ezequiel V\u00e9liz comparte el calvario que vivi\u00f3 en un centro de detenci\u00f3n<\/h2>\n<p><span class=\"playlist-drawer__duration founders-mono\" data-testid=\"playlist-duration\"\/><\/p>\n<\/div>\n<\/li>\n<li class=\"styles_video__WPPDb\">\n<div class=\"playlist-drawer__video\" data-testid=\"playlist-drawer-video\">\n<div class=\"playlist-drawer__thumbnail\"><picture class=\"playlist-drawer__thumbnail\" data-testid=\"picture\" data-flavor=\"focal\"><source media=\"(min-width: 1000px)\" srcset=\"https:\/\/media1.s-nbcnews.com\/j\/rockcms\/2026-04\/514323\/Mdico-liberado-por-ICE-009310_99890be24110fe9da72e4ed5c17ed529e5b4e17a.focal-280x140.jpg\"\/><source media=\"(min-width: 758px)\" srcset=\"https:\/\/media1.s-nbcnews.com\/j\/rockcms\/2026-04\/514323\/Mdico-liberado-por-ICE-009310_99890be24110fe9da72e4ed5c17ed529e5b4e17a.focal-760x380.jpg\"\/><source media=\"(min-width: 320px)\" srcset=\"https:\/\/media1.s-nbcnews.com\/j\/rockcms\/2026-04\/514323\/Mdico-liberado-por-ICE-009310_99890be24110fe9da72e4ed5c17ed529e5b4e17a.focal-520x260.jpg\"\/><img decoding=\"async\" loading=\"lazy\" src=\"https:\/\/media1.s-nbcnews.com\/j\/rockcms\/2026-04\/514323\/Mdico-liberado-por-ICE-009310_99890be24110fe9da72e4ed5c17ed529e5b4e17a.focal-520x260.jpg\" alt=\"\"\/><\/picture><\/div>\n<p><h2 class=\"playlist-drawer__title\" data-testid=\"playlist-title\">El m\u00e9dico venezolano liberado narra lo que vivi\u00f3 en el centro de detenci\u00f3n de ICE en Texas<\/h2>\n<p><span class=\"playlist-drawer__duration founders-mono\" data-testid=\"playlist-duration\"\/><\/p>\n<\/div>\n<\/li>\n<li class=\"styles_video__WPPDb\">\n<div class=\"playlist-drawer__video\" data-testid=\"playlist-drawer-video\">\n<div class=\"playlist-drawer__thumbnail\"><picture class=\"playlist-drawer__thumbnail\" data-testid=\"picture\" data-flavor=\"focal\"><source media=\"(min-width: 1000px)\" srcset=\"https:\/\/media-cldnry.s-nbcnews.com\/image\/upload\/t_focal-280x140,f_auto,q_auto:best\/telemundocms\/prod\/image\/307\/23\/HD_TVE_NTNOCHE_04162026_thumb_1_800x450_2496771139580.jpg\"\/><source media=\"(min-width: 758px)\" srcset=\"https:\/\/media-cldnry.s-nbcnews.com\/image\/upload\/t_focal-760x380,f_auto,q_auto:best\/telemundocms\/prod\/image\/307\/23\/HD_TVE_NTNOCHE_04162026_thumb_1_800x450_2496771139580.jpg\"\/><source media=\"(min-width: 320px)\" srcset=\"https:\/\/media-cldnry.s-nbcnews.com\/image\/upload\/t_focal-520x260,f_auto,q_auto:best\/telemundocms\/prod\/image\/307\/23\/HD_TVE_NTNOCHE_04162026_thumb_1_800x450_2496771139580.jpg\"\/><img decoding=\"async\" loading=\"lazy\" src=\"https:\/\/media-cldnry.s-nbcnews.com\/image\/upload\/t_focal-520x260,f_auto,q_auto:best\/telemundocms\/prod\/image\/307\/23\/HD_TVE_NTNOCHE_04162026_thumb_1_800x450_2496771139580.jpg\" alt=\"\"\/><\/picture><\/div>\n<p><h2 class=\"playlist-drawer__title\" data-testid=\"playlist-title\">Noticias Telemundo en la Noche 04\/16<\/h2>\n<p><span class=\"playlist-drawer__duration founders-mono\" data-testid=\"playlist-duration\">18:14<\/span><\/p>\n<\/div>\n<\/li>\n<li class=\"styles_video__WPPDb\">\n<div class=\"playlist-drawer__video\" data-testid=\"playlist-drawer-video\">\n<div class=\"playlist-drawer__thumbnail\"><picture class=\"playlist-drawer__thumbnail\" data-testid=\"picture\" data-flavor=\"focal\"><source media=\"(min-width: 1000px)\" srcset=\"https:\/\/media-cldnry.s-nbcnews.com\/image\/upload\/t_focal-280x140,f_auto,q_auto:best\/telemundocms\/prod\/image\/450\/167\/HD_TVE_NTNOCHE_04092026_thumb_1_800x450_2495848003948.jpg\"\/><source media=\"(min-width: 758px)\" srcset=\"https:\/\/media-cldnry.s-nbcnews.com\/image\/upload\/t_focal-760x380,f_auto,q_auto:best\/telemundocms\/prod\/image\/450\/167\/HD_TVE_NTNOCHE_04092026_thumb_1_800x450_2495848003948.jpg\"\/><source media=\"(min-width: 320px)\" srcset=\"https:\/\/media-cldnry.s-nbcnews.com\/image\/upload\/t_focal-520x260,f_auto,q_auto:best\/telemundocms\/prod\/image\/450\/167\/HD_TVE_NTNOCHE_04092026_thumb_1_800x450_2495848003948.jpg\"\/><img decoding=\"async\" loading=\"lazy\" src=\"https:\/\/media-cldnry.s-nbcnews.com\/image\/upload\/t_focal-520x260,f_auto,q_auto:best\/telemundocms\/prod\/image\/450\/167\/HD_TVE_NTNOCHE_04092026_thumb_1_800x450_2495848003948.jpg\" alt=\"\"\/><\/picture><\/div>\n<p><h2 class=\"playlist-drawer__title\" data-testid=\"playlist-title\">Noticias Telemundo en la Noche 04\/09<\/h2>\n<p><span class=\"playlist-drawer__duration founders-mono\" data-testid=\"playlist-duration\">18:38<\/span><\/p>\n<\/div>\n<\/li>\n<li class=\"styles_video__WPPDb\">\n<div class=\"playlist-drawer__video\" data-testid=\"playlist-drawer-video\">\n<div class=\"playlist-drawer__thumbnail\"><picture class=\"playlist-drawer__thumbnail\" data-testid=\"picture\" data-flavor=\"focal\"><source media=\"(min-width: 1000px)\" srcset=\"https:\/\/media-cldnry.s-nbcnews.com\/image\/upload\/t_focal-280x140,f_auto,q_auto:best\/telemundocms\/MPX\/image\/NBCU_Telemundo\/297\/263\/45317929524-1080pnbcstations.jpg\"\/><source media=\"(min-width: 758px)\" srcset=\"https:\/\/media-cldnry.s-nbcnews.com\/image\/upload\/t_focal-760x380,f_auto,q_auto:best\/telemundocms\/MPX\/image\/NBCU_Telemundo\/297\/263\/45317929524-1080pnbcstations.jpg\"\/><source media=\"(min-width: 320px)\" srcset=\"https:\/\/media-cldnry.s-nbcnews.com\/image\/upload\/t_focal-520x260,f_auto,q_auto:best\/telemundocms\/MPX\/image\/NBCU_Telemundo\/297\/263\/45317929524-1080pnbcstations.jpg\"\/><img decoding=\"async\" loading=\"lazy\" src=\"https:\/\/media-cldnry.s-nbcnews.com\/image\/upload\/t_focal-520x260,f_auto,q_auto:best\/telemundocms\/MPX\/image\/NBCU_Telemundo\/297\/263\/45317929524-1080pnbcstations.jpg\" alt=\"\"\/><\/picture><\/div>\n<p><h2 class=\"playlist-drawer__title\" data-testid=\"playlist-title\">Vea el impresionante momento en que un auto choca contra una tienda de ropa en Oklahoma<\/h2>\n<p><span class=\"playlist-drawer__duration founders-mono\" data-testid=\"playlist-duration\"\/><\/p>\n<\/div>\n<\/li>\n<li class=\"styles_video__WPPDb\">\n<div class=\"playlist-drawer__video\" data-testid=\"playlist-drawer-video\">\n<div class=\"playlist-drawer__thumbnail\"><picture class=\"playlist-drawer__thumbnail\" data-testid=\"picture\" data-flavor=\"focal\"><source media=\"(min-width: 1000px)\" srcset=\"https:\/\/media1.s-nbcnews.com\/j\/rockcms\/2026-04\/514325\/oso-polar-en-tina-6ee3c5_ca7f7df0f0891c7485e95704e3909e76a1fb97d4.focal-280x140.jpg\"\/><source media=\"(min-width: 758px)\" srcset=\"https:\/\/media1.s-nbcnews.com\/j\/rockcms\/2026-04\/514325\/oso-polar-en-tina-6ee3c5_ca7f7df0f0891c7485e95704e3909e76a1fb97d4.focal-760x380.jpg\"\/><source media=\"(min-width: 320px)\" srcset=\"https:\/\/media1.s-nbcnews.com\/j\/rockcms\/2026-04\/514325\/oso-polar-en-tina-6ee3c5_ca7f7df0f0891c7485e95704e3909e76a1fb97d4.focal-520x260.jpg\"\/><img decoding=\"async\" loading=\"lazy\" src=\"https:\/\/media1.s-nbcnews.com\/j\/rockcms\/2026-04\/514325\/oso-polar-en-tina-6ee3c5_ca7f7df0f0891c7485e95704e3909e76a1fb97d4.focal-520x260.jpg\" alt=\"\"\/><\/picture><\/div>\n<p><h2 class=\"playlist-drawer__title\" data-testid=\"playlist-title\">Este oso polar se refresca con un helado ba\u00f1o en el zool\u00f3gico de Oregon<\/h2>\n<p><span class=\"playlist-drawer__duration founders-mono\" data-testid=\"playlist-duration\">00:22<\/span><\/p>\n<\/div>\n<\/li>\n<li class=\"styles_video__WPPDb\">\n<div class=\"playlist-drawer__video\" data-testid=\"playlist-drawer-video\">\n<div class=\"playlist-drawer__thumbnail\"><picture class=\"playlist-drawer__thumbnail\" data-testid=\"picture\" data-flavor=\"focal\"><source media=\"(min-width: 1000px)\" srcset=\"https:\/\/media-cldnry.s-nbcnews.com\/image\/upload\/t_focal-280x140,f_auto,q_auto:best\/telemundocms\/MPX\/image\/NBCU_Telemundo\/299\/215\/45317742650-1080pnbcstations.jpg\"\/><source media=\"(min-width: 758px)\" srcset=\"https:\/\/media-cldnry.s-nbcnews.com\/image\/upload\/t_focal-760x380,f_auto,q_auto:best\/telemundocms\/MPX\/image\/NBCU_Telemundo\/299\/215\/45317742650-1080pnbcstations.jpg\"\/><source media=\"(min-width: 320px)\" srcset=\"https:\/\/media-cldnry.s-nbcnews.com\/image\/upload\/t_focal-520x260,f_auto,q_auto:best\/telemundocms\/MPX\/image\/NBCU_Telemundo\/299\/215\/45317742650-1080pnbcstations.jpg\"\/><img decoding=\"async\" loading=\"lazy\" src=\"https:\/\/media-cldnry.s-nbcnews.com\/image\/upload\/t_focal-520x260,f_auto,q_auto:best\/telemundocms\/MPX\/image\/NBCU_Telemundo\/299\/215\/45317742650-1080pnbcstations.jpg\" alt=\"\"\/><\/picture><\/div>\n<p><h2 class=\"playlist-drawer__title\" data-testid=\"playlist-title\">Esta pareja de inmigrantes de mexicanos fund\u00f3 un puesto de tacos que pasar\u00e1 a la historia<\/h2>\n<p><span class=\"playlist-drawer__duration founders-mono\" data-testid=\"playlist-duration\"\/><\/p>\n<\/div>\n<\/li>\n<li class=\"styles_video__WPPDb\">\n<div class=\"playlist-drawer__video\" data-testid=\"playlist-drawer-video\">\n<div class=\"playlist-drawer__thumbnail\"><picture class=\"playlist-drawer__thumbnail\" data-testid=\"picture\" data-flavor=\"focal\"><source media=\"(min-width: 1000px)\" srcset=\"https:\/\/media-cldnry.s-nbcnews.com\/image\/upload\/t_focal-280x140,f_auto,q_auto:best\/telemundocms\/MPX\/image\/NBCU_Telemundo\/295\/311\/45317644313-1080pnbcstations.jpg\"\/><source media=\"(min-width: 758px)\" srcset=\"https:\/\/media-cldnry.s-nbcnews.com\/image\/upload\/t_focal-760x380,f_auto,q_auto:best\/telemundocms\/MPX\/image\/NBCU_Telemundo\/295\/311\/45317644313-1080pnbcstations.jpg\"\/><source media=\"(min-width: 320px)\" srcset=\"https:\/\/media-cldnry.s-nbcnews.com\/image\/upload\/t_focal-520x260,f_auto,q_auto:best\/telemundocms\/MPX\/image\/NBCU_Telemundo\/295\/311\/45317644313-1080pnbcstations.jpg\"\/><img decoding=\"async\" loading=\"lazy\" src=\"https:\/\/media-cldnry.s-nbcnews.com\/image\/upload\/t_focal-520x260,f_auto,q_auto:best\/telemundocms\/MPX\/image\/NBCU_Telemundo\/295\/311\/45317644313-1080pnbcstations.jpg\" alt=\"\"\/><\/picture><\/div>\n<p><h2 class=\"playlist-drawer__title\" data-testid=\"playlist-title\">Rescatan en M\u00e9xico a un reci\u00e9n nacido que vendido por su propia madre<\/h2>\n<p><span class=\"playlist-drawer__duration founders-mono\" data-testid=\"playlist-duration\"\/><\/p>\n<\/div>\n<\/li>\n<li class=\"styles_video__WPPDb\">\n<div class=\"playlist-drawer__video\" data-testid=\"playlist-drawer-video\">\n<div class=\"playlist-drawer__thumbnail\"><picture class=\"playlist-drawer__thumbnail\" data-testid=\"picture\" data-flavor=\"focal\"><source media=\"(min-width: 1000px)\" srcset=\"https:\/\/media-cldnry.s-nbcnews.com\/image\/upload\/t_focal-280x140,f_auto,q_auto:best\/telemundocms\/MPX\/image\/NBCU_Telemundo\/296\/287\/45317549218-1080pnbcstations.jpg\"\/><source media=\"(min-width: 758px)\" srcset=\"https:\/\/media-cldnry.s-nbcnews.com\/image\/upload\/t_focal-760x380,f_auto,q_auto:best\/telemundocms\/MPX\/image\/NBCU_Telemundo\/296\/287\/45317549218-1080pnbcstations.jpg\"\/><source media=\"(min-width: 320px)\" srcset=\"https:\/\/media-cldnry.s-nbcnews.com\/image\/upload\/t_focal-520x260,f_auto,q_auto:best\/telemundocms\/MPX\/image\/NBCU_Telemundo\/296\/287\/45317549218-1080pnbcstations.jpg\"\/><img decoding=\"async\" loading=\"lazy\" src=\"https:\/\/media-cldnry.s-nbcnews.com\/image\/upload\/t_focal-520x260,f_auto,q_auto:best\/telemundocms\/MPX\/image\/NBCU_Telemundo\/296\/287\/45317549218-1080pnbcstations.jpg\" alt=\"\"\/><\/picture><\/div>\n<p><h2 class=\"playlist-drawer__title\" data-testid=\"playlist-title\">Rescatan en Kentucky a un beb\u00e9 tras una persecuci\u00f3n policial<\/h2>\n<p><span class=\"playlist-drawer__duration founders-mono\" data-testid=\"playlist-duration\">00:17<\/span><\/p>\n<\/div>\n<\/li>\n<li class=\"styles_video__WPPDb\">\n<div class=\"playlist-drawer__video\" data-testid=\"playlist-drawer-video\">\n<div class=\"playlist-drawer__thumbnail\"><picture class=\"playlist-drawer__thumbnail\" data-testid=\"picture\" data-flavor=\"focal\"><source media=\"(min-width: 1000px)\" srcset=\"https:\/\/media-cldnry.s-nbcnews.com\/image\/upload\/t_focal-280x140,f_auto,q_auto:best\/telemundocms\/MPX\/image\/NBCU_Telemundo\/294\/335\/45317365208-1080pnbcstations.jpg\"\/><source media=\"(min-width: 758px)\" srcset=\"https:\/\/media-cldnry.s-nbcnews.com\/image\/upload\/t_focal-760x380,f_auto,q_auto:best\/telemundocms\/MPX\/image\/NBCU_Telemundo\/294\/335\/45317365208-1080pnbcstations.jpg\"\/><source media=\"(min-width: 320px)\" srcset=\"https:\/\/media-cldnry.s-nbcnews.com\/image\/upload\/t_focal-520x260,f_auto,q_auto:best\/telemundocms\/MPX\/image\/NBCU_Telemundo\/294\/335\/45317365208-1080pnbcstations.jpg\"\/><img decoding=\"async\" loading=\"lazy\" src=\"https:\/\/media-cldnry.s-nbcnews.com\/image\/upload\/t_focal-520x260,f_auto,q_auto:best\/telemundocms\/MPX\/image\/NBCU_Telemundo\/294\/335\/45317365208-1080pnbcstations.jpg\" alt=\"\"\/><\/picture><\/div>\n<p><h2 class=\"playlist-drawer__title\" data-testid=\"playlist-title\">Decenas de pasajeros se ven obligados a caminar por las v\u00edas del metro en M\u00e9xico<\/h2>\n<p><span class=\"playlist-drawer__duration founders-mono\" data-testid=\"playlist-duration\">00:19<\/span><\/p>\n<\/div>\n<\/li>\n<\/ul>\n<\/section>\n<\/div>\n<p><button class=\"styles_nextButton__vNvjX\" type=\"button\" data-testid=\"next-button\"><span class=\"icon icon-back\"\/><\/button><\/div>\n<\/div>\n<div class=\"layout-grid-container\">\n<div class=\"video-details__info\" data-testid=\"video-details\">\n<div class=\"video-details__title-and-share-and-dek\">\n<div class=\"video-details__dek\">\n<p class=\"video-details__dek-text\"><span class=\"video-details__dek-description\">La residencia, que est\u00e1 abandonada desde hace m\u00e1s de 10 a\u00f1os, seg\u00fan autoridades, estuvo vinculada a Rub\u00e9n Rocha Moya, quien pidi\u00f3 pausar su actividad pol\u00edtica al ser acusado en EE.UU. de presuntos nexos con el narcotr\u00e1fico. No se reportaron heridos.<\/span><span class=\"video-details__by-line\">May. 10, 2026<\/span><\/p>\n<\/div>\n<p><button class=\"video-details__dek-read-more\" type=\"button\">Lee<!-- --> <!-- -->M\u00e1s<\/button><\/div>\n<\/div>\n<\/div>\n<\/div>\n<div class=\"video-page__carousel\" data-testid=\"video-page-playlist\"><button class=\"styles_prevButton___kn9P styles_disabled__TOBLY\" type=\"button\" data-testid=\"prev-button\"><span class=\"icon icon-back\"\/><\/button><\/p>\n<div class=\"styles_playlistDrawer__ttvMO\" data-testid=\"playlist-drawer\">\n<section class=\"styles_playlist__AdfYR\">\n<ul class=\"styles_videos__IxbCG\">\n<li class=\"styles_video__WPPDb\">\n<div class=\"playlist-drawer__video\" data-testid=\"playlist-drawer-video\">\n<p>SIGUIENTE<\/p>\n<div class=\"playlist-drawer__thumbnail\"><picture class=\"playlist-drawer__thumbnail\" data-testid=\"picture\" data-flavor=\"focal\"><source media=\"(min-width: 1000px)\" srcset=\"https:\/\/media1.s-nbcnews.com\/j\/rockcms\/2026-04\/514377\/tood-lyons-renuncia-70381a_cc07f96637ed14b4ce473f8739df28e4ed13e0e6.focal-280x140.jpg\"\/><source media=\"(min-width: 758px)\" srcset=\"https:\/\/media1.s-nbcnews.com\/j\/rockcms\/2026-04\/514377\/tood-lyons-renuncia-70381a_cc07f96637ed14b4ce473f8739df28e4ed13e0e6.focal-760x380.jpg\"\/><source media=\"(min-width: 320px)\" srcset=\"https:\/\/media1.s-nbcnews.com\/j\/rockcms\/2026-04\/514377\/tood-lyons-renuncia-70381a_cc07f96637ed14b4ce473f8739df28e4ed13e0e6.focal-520x260.jpg\"\/><img decoding=\"async\" loading=\"lazy\" src=\"https:\/\/media1.s-nbcnews.com\/j\/rockcms\/2026-04\/514377\/tood-lyons-renuncia-70381a_cc07f96637ed14b4ce473f8739df28e4ed13e0e6.focal-520x260.jpg\" alt=\"\"\/><\/picture><\/div>\n<p><h2 class=\"playlist-drawer__title\" data-testid=\"playlist-title\">Renuncia el director interino de ICE, Todd Lyons, en medio de una ola de cr\u00edticas<\/h2>\n<p><span class=\"playlist-drawer__duration founders-mono\" data-testid=\"playlist-duration\">00:34<\/span><\/p>\n<\/div>\n<\/li>\n<li class=\"styles_video__WPPDb\">\n<div class=\"playlist-drawer__video\" data-testid=\"playlist-drawer-video\">\n<div class=\"playlist-drawer__thumbnail\"><picture class=\"playlist-drawer__thumbnail\" data-testid=\"picture\" data-flavor=\"focal\"><source media=\"(min-width: 1000px)\" srcset=\"https:\/\/res.cloudinary.com\/nbcnewsdigital-prod\/image\/upload\/t_focal-280x140,f_auto,q_auto:best\/\/v1\/telemundocms\/MPX\/image\/NBCU_Telemundo\/296\/787\/45317518899-1080pnbcstations\"\/><source media=\"(min-width: 758px)\" srcset=\"https:\/\/res.cloudinary.com\/nbcnewsdigital-prod\/image\/upload\/t_focal-760x380,f_auto,q_auto:best\/\/v1\/telemundocms\/MPX\/image\/NBCU_Telemundo\/296\/787\/45317518899-1080pnbcstations\"\/><source media=\"(min-width: 320px)\" srcset=\"https:\/\/res.cloudinary.com\/nbcnewsdigital-prod\/image\/upload\/t_focal-520x260,f_auto,q_auto:best\/\/v1\/telemundocms\/MPX\/image\/NBCU_Telemundo\/296\/787\/45317518899-1080pnbcstations\"\/><img decoding=\"async\" loading=\"lazy\" src=\"https:\/\/res.cloudinary.com\/nbcnewsdigital-prod\/image\/upload\/t_focal-520x260,f_auto,q_auto:best\/\/v1\/telemundocms\/MPX\/image\/NBCU_Telemundo\/296\/787\/45317518899-1080pnbcstations\" alt=\"\"\/><\/picture><\/div>\n<p><h2 class=\"playlist-drawer__title\" data-testid=\"playlist-title\">En video: Dos camiones se estrellan de frente en una carretera de California<\/h2>\n<p><span class=\"playlist-drawer__duration founders-mono\" data-testid=\"playlist-duration\">00:46<\/span><\/p>\n<\/div>\n<\/li>\n<li class=\"styles_video__WPPDb\">\n<div class=\"playlist-drawer__video\" data-testid=\"playlist-drawer-video\">\n<div class=\"playlist-drawer__thumbnail\"><picture class=\"playlist-drawer__thumbnail\" data-testid=\"picture\" data-flavor=\"focal\"><source media=\"(min-width: 1000px)\" srcset=\"https:\/\/media-cldnry.s-nbcnews.com\/image\/upload\/t_focal-280x140,f_auto,q_auto:best\/telemundocms\/MPX\/image\/NBCU_Telemundo\/293\/859\/45317408599-1080pnbcstations.jpg\"\/><source media=\"(min-width: 758px)\" srcset=\"https:\/\/media-cldnry.s-nbcnews.com\/image\/upload\/t_focal-760x380,f_auto,q_auto:best\/telemundocms\/MPX\/image\/NBCU_Telemundo\/293\/859\/45317408599-1080pnbcstations.jpg\"\/><source media=\"(min-width: 320px)\" srcset=\"https:\/\/media-cldnry.s-nbcnews.com\/image\/upload\/t_focal-520x260,f_auto,q_auto:best\/telemundocms\/MPX\/image\/NBCU_Telemundo\/293\/859\/45317408599-1080pnbcstations.jpg\"\/><img decoding=\"async\" loading=\"lazy\" src=\"https:\/\/media-cldnry.s-nbcnews.com\/image\/upload\/t_focal-520x260,f_auto,q_auto:best\/telemundocms\/MPX\/image\/NBCU_Telemundo\/293\/859\/45317408599-1080pnbcstations.jpg\" alt=\"\"\/><\/picture><\/div>\n<p><h2 class=\"playlist-drawer__title\" data-testid=\"playlist-title\">Arrestan al cantante D4vd por la muerte de la adolescente Celeste Rivas en California<\/h2>\n<p><span class=\"playlist-drawer__duration founders-mono\" data-testid=\"playlist-duration\">00:27<\/span><\/p>\n<\/div>\n<\/li>\n<li class=\"styles_video__WPPDb\">\n<div class=\"playlist-drawer__video\" data-testid=\"playlist-drawer-video\">\n<div class=\"playlist-drawer__thumbnail\"><picture class=\"playlist-drawer__thumbnail\" data-testid=\"picture\" data-flavor=\"focal\"><source media=\"(min-width: 1000px)\" srcset=\"https:\/\/media-cldnry.s-nbcnews.com\/image\/upload\/t_focal-280x140,f_auto,q_auto:best\/telemundocms\/MPX\/image\/NBCU_Telemundo\/298\/239\/45317788081-1080pnbcstations.jpg\"\/><source media=\"(min-width: 758px)\" srcset=\"https:\/\/media-cldnry.s-nbcnews.com\/image\/upload\/t_focal-760x380,f_auto,q_auto:best\/telemundocms\/MPX\/image\/NBCU_Telemundo\/298\/239\/45317788081-1080pnbcstations.jpg\"\/><source media=\"(min-width: 320px)\" srcset=\"https:\/\/media-cldnry.s-nbcnews.com\/image\/upload\/t_focal-520x260,f_auto,q_auto:best\/telemundocms\/MPX\/image\/NBCU_Telemundo\/298\/239\/45317788081-1080pnbcstations.jpg\"\/><img decoding=\"async\" loading=\"lazy\" src=\"https:\/\/media-cldnry.s-nbcnews.com\/image\/upload\/t_focal-520x260,f_auto,q_auto:best\/telemundocms\/MPX\/image\/NBCU_Telemundo\/298\/239\/45317788081-1080pnbcstations.jpg\" alt=\"\"\/><\/picture><\/div>\n<p><h2 class=\"playlist-drawer__title\" data-testid=\"playlist-title\">Denuncian abuso de poder de guardias nacionales en M\u00e9xico<\/h2>\n<p><span class=\"playlist-drawer__duration founders-mono\" data-testid=\"playlist-duration\">02:18<\/span><\/p>\n<\/div>\n<\/li>\n<li class=\"styles_video__WPPDb\">\n<div class=\"playlist-drawer__video\" data-testid=\"playlist-drawer-video\">\n<div class=\"playlist-drawer__thumbnail\"><picture class=\"playlist-drawer__thumbnail\" data-testid=\"picture\" data-flavor=\"focal\"><source media=\"(min-width: 1000px)\" srcset=\"https:\/\/media-cldnry.s-nbcnews.com\/image\/upload\/t_focal-280x140,f_auto,q_auto:best\/telemundocms\/MPX\/image\/NBCU_Telemundo\/570\/711\/45393649492-1080pnbcstations.jpg\"\/><source media=\"(min-width: 758px)\" srcset=\"https:\/\/media-cldnry.s-nbcnews.com\/image\/upload\/t_focal-760x380,f_auto,q_auto:best\/telemundocms\/MPX\/image\/NBCU_Telemundo\/570\/711\/45393649492-1080pnbcstations.jpg\"\/><source media=\"(min-width: 320px)\" srcset=\"https:\/\/media-cldnry.s-nbcnews.com\/image\/upload\/t_focal-520x260,f_auto,q_auto:best\/telemundocms\/MPX\/image\/NBCU_Telemundo\/570\/711\/45393649492-1080pnbcstations.jpg\"\/><img decoding=\"async\" loading=\"lazy\" src=\"https:\/\/media-cldnry.s-nbcnews.com\/image\/upload\/t_focal-520x260,f_auto,q_auto:best\/telemundocms\/MPX\/image\/NBCU_Telemundo\/570\/711\/45393649492-1080pnbcstations.jpg\" alt=\"\"\/><\/picture><\/div>\n<p><h2 class=\"playlist-drawer__title\" data-testid=\"playlist-title\">Autoridades mexicanas admiten que un derrame de petr\u00f3leo fue provocado por una serie de errores<\/h2>\n<p><span class=\"playlist-drawer__duration founders-mono\" data-testid=\"playlist-duration\">00:28<\/span><\/p>\n<\/div>\n<\/li>\n<li class=\"styles_video__WPPDb\">\n<div class=\"playlist-drawer__video\" data-testid=\"playlist-drawer-video\">\n<div class=\"playlist-drawer__thumbnail\"><picture class=\"playlist-drawer__thumbnail\" data-testid=\"picture\" data-flavor=\"focal\"><source media=\"(min-width: 1000px)\" srcset=\"https:\/\/media-cldnry.s-nbcnews.com\/image\/upload\/t_focal-280x140,f_auto,q_auto:best\/telemundocms\/MPX\/image\/NBCU_Telemundo\/293\/359\/45317342467-1080pnbcstations.jpg\"\/><source media=\"(min-width: 758px)\" srcset=\"https:\/\/media-cldnry.s-nbcnews.com\/image\/upload\/t_focal-760x380,f_auto,q_auto:best\/telemundocms\/MPX\/image\/NBCU_Telemundo\/293\/359\/45317342467-1080pnbcstations.jpg\"\/><source media=\"(min-width: 320px)\" srcset=\"https:\/\/media-cldnry.s-nbcnews.com\/image\/upload\/t_focal-520x260,f_auto,q_auto:best\/telemundocms\/MPX\/image\/NBCU_Telemundo\/293\/359\/45317342467-1080pnbcstations.jpg\"\/><img decoding=\"async\" loading=\"lazy\" src=\"https:\/\/media-cldnry.s-nbcnews.com\/image\/upload\/t_focal-520x260,f_auto,q_auto:best\/telemundocms\/MPX\/image\/NBCU_Telemundo\/293\/359\/45317342467-1080pnbcstations.jpg\" alt=\"\"\/><\/picture><\/div>\n<p><h2 class=\"playlist-drawer__title\" data-testid=\"playlist-title\">La tregua entre Israel y el L\u00edbano puede extenderse si progresan las negociaciones<\/h2>\n<p><span class=\"playlist-drawer__duration founders-mono\" data-testid=\"playlist-duration\">00:22<\/span><\/p>\n<\/div>\n<\/li>\n<li class=\"styles_video__WPPDb\">\n<div class=\"playlist-drawer__video\" data-testid=\"playlist-drawer-video\">\n<div class=\"playlist-drawer__thumbnail\"><picture class=\"playlist-drawer__thumbnail\" data-testid=\"picture\" data-flavor=\"focal\"><source media=\"(min-width: 1000px)\" srcset=\"https:\/\/media-cldnry.s-nbcnews.com\/image\/upload\/t_focal-280x140,f_auto,q_auto:best\/telemundocms\/MPX\/image\/NBCU_Telemundo\/294\/835\/45317326001-1080pnbcstations.jpg\"\/><source media=\"(min-width: 758px)\" srcset=\"https:\/\/media-cldnry.s-nbcnews.com\/image\/upload\/t_focal-760x380,f_auto,q_auto:best\/telemundocms\/MPX\/image\/NBCU_Telemundo\/294\/835\/45317326001-1080pnbcstations.jpg\"\/><source media=\"(min-width: 320px)\" srcset=\"https:\/\/media-cldnry.s-nbcnews.com\/image\/upload\/t_focal-520x260,f_auto,q_auto:best\/telemundocms\/MPX\/image\/NBCU_Telemundo\/294\/835\/45317326001-1080pnbcstations.jpg\"\/><img decoding=\"async\" loading=\"lazy\" src=\"https:\/\/media-cldnry.s-nbcnews.com\/image\/upload\/t_focal-520x260,f_auto,q_auto:best\/telemundocms\/MPX\/image\/NBCU_Telemundo\/294\/835\/45317326001-1080pnbcstations.jpg\" alt=\"\"\/><\/picture><\/div>\n<p><h2 class=\"playlist-drawer__title\" data-testid=\"playlist-title\">Una encuesta revela que cada vez m\u00e1s hombres j\u00f3venes se interesan por la religi\u00f3n en EE.UU.<\/h2>\n<p><span class=\"playlist-drawer__duration founders-mono\" data-testid=\"playlist-duration\">01:55<\/span><\/p>\n<\/div>\n<\/li>\n<li class=\"styles_video__WPPDb\">\n<div class=\"playlist-drawer__video\" data-testid=\"playlist-drawer-video\">\n<div class=\"playlist-drawer__thumbnail\"><picture class=\"playlist-drawer__thumbnail\" data-testid=\"picture\" data-flavor=\"focal\"><source media=\"(min-width: 1000px)\" srcset=\"https:\/\/media-cldnry.s-nbcnews.com\/image\/upload\/t_focal-280x140,f_auto,q_auto:best\/telemundocms\/MPX\/image\/NBCU_Telemundo\/291\/907\/45317286917-1080pnbcstations.jpg\"\/><source media=\"(min-width: 758px)\" srcset=\"https:\/\/media-cldnry.s-nbcnews.com\/image\/upload\/t_focal-760x380,f_auto,q_auto:best\/telemundocms\/MPX\/image\/NBCU_Telemundo\/291\/907\/45317286917-1080pnbcstations.jpg\"\/><source media=\"(min-width: 320px)\" srcset=\"https:\/\/media-cldnry.s-nbcnews.com\/image\/upload\/t_focal-520x260,f_auto,q_auto:best\/telemundocms\/MPX\/image\/NBCU_Telemundo\/291\/907\/45317286917-1080pnbcstations.jpg\"\/><img decoding=\"async\" loading=\"lazy\" src=\"https:\/\/media-cldnry.s-nbcnews.com\/image\/upload\/t_focal-520x260,f_auto,q_auto:best\/telemundocms\/MPX\/image\/NBCU_Telemundo\/291\/907\/45317286917-1080pnbcstations.jpg\" alt=\"\"\/><\/picture><\/div>\n<p><h2 class=\"playlist-drawer__title\" data-testid=\"playlist-title\">Juez ordena al campamento Mystic no demoler las caba\u00f1as donde murieron las ni\u00f1as en la inundaci\u00f3n<\/h2>\n<p><span class=\"playlist-drawer__duration founders-mono\" data-testid=\"playlist-duration\"\/><\/p>\n<\/div>\n<\/li>\n<li class=\"styles_video__WPPDb\">\n<div class=\"playlist-drawer__video\" data-testid=\"playlist-drawer-video\">\n<div class=\"playlist-drawer__thumbnail\"><picture class=\"playlist-drawer__thumbnail\" data-testid=\"picture\" data-flavor=\"focal\"><source media=\"(min-width: 1000px)\" srcset=\"https:\/\/res.cloudinary.com\/nbcnewsdigital-prod\/image\/upload\/t_focal-280x140,f_auto,q_auto:best\/s--ebJrkrF8--\/f_auto\/q_auto\/v1\/telemundocms\/MPX\/image\/NBCU_Telemundo\/293\/859\/45317268888-1080pnbcstations?_a=BAAAV6Bs\"\/><source media=\"(min-width: 758px)\" srcset=\"https:\/\/res.cloudinary.com\/nbcnewsdigital-prod\/image\/upload\/t_focal-760x380,f_auto,q_auto:best\/s--ebJrkrF8--\/f_auto\/q_auto\/v1\/telemundocms\/MPX\/image\/NBCU_Telemundo\/293\/859\/45317268888-1080pnbcstations?_a=BAAAV6Bs\"\/><source media=\"(min-width: 320px)\" srcset=\"https:\/\/res.cloudinary.com\/nbcnewsdigital-prod\/image\/upload\/t_focal-520x260,f_auto,q_auto:best\/s--ebJrkrF8--\/f_auto\/q_auto\/v1\/telemundocms\/MPX\/image\/NBCU_Telemundo\/293\/859\/45317268888-1080pnbcstations?_a=BAAAV6Bs\"\/><img decoding=\"async\" loading=\"lazy\" src=\"https:\/\/res.cloudinary.com\/nbcnewsdigital-prod\/image\/upload\/t_focal-520x260,f_auto,q_auto:best\/s--ebJrkrF8--\/f_auto\/q_auto\/v1\/telemundocms\/MPX\/image\/NBCU_Telemundo\/293\/859\/45317268888-1080pnbcstations?_a=BAAAV6Bs\" alt=\"\"\/><\/picture><\/div>\n<p><h2 class=\"playlist-drawer__title\" data-testid=\"playlist-title\">Autoridades ligan el homicidio-suicidio del exvicegobernador de Virginia a un &#8220;divorcio complicado&#8221;<\/h2>\n<p><span class=\"playlist-drawer__duration founders-mono\" data-testid=\"playlist-duration\"\/><\/p>\n<\/div>\n<\/li>\n<li class=\"styles_video__WPPDb\">\n<div class=\"playlist-drawer__video\" data-testid=\"playlist-drawer-video\">\n<div class=\"playlist-drawer__thumbnail\"><picture class=\"playlist-drawer__thumbnail\" data-testid=\"picture\" data-flavor=\"focal\"><source media=\"(min-width: 1000px)\" srcset=\"https:\/\/media-cldnry.s-nbcnews.com\/image\/upload\/t_focal-280x140,f_auto,q_auto:best\/telemundocms\/MPX\/image\/NBCU_Telemundo\/295\/311\/45317233048-1080pnbcstations.jpg\"\/><source media=\"(min-width: 758px)\" srcset=\"https:\/\/media-cldnry.s-nbcnews.com\/image\/upload\/t_focal-760x380,f_auto,q_auto:best\/telemundocms\/MPX\/image\/NBCU_Telemundo\/295\/311\/45317233048-1080pnbcstations.jpg\"\/><source media=\"(min-width: 320px)\" srcset=\"https:\/\/media-cldnry.s-nbcnews.com\/image\/upload\/t_focal-520x260,f_auto,q_auto:best\/telemundocms\/MPX\/image\/NBCU_Telemundo\/295\/311\/45317233048-1080pnbcstations.jpg\"\/><img decoding=\"async\" loading=\"lazy\" src=\"https:\/\/media-cldnry.s-nbcnews.com\/image\/upload\/t_focal-520x260,f_auto,q_auto:best\/telemundocms\/MPX\/image\/NBCU_Telemundo\/295\/311\/45317233048-1080pnbcstations.jpg\" alt=\"\"\/><\/picture><\/div>\n<p><h2 class=\"playlist-drawer__title\" data-testid=\"playlist-title\">Tras denuncias de abusos, trasladan a ni\u00f1os inmigrantes de un albergue federal<\/h2>\n<p><span class=\"playlist-drawer__duration founders-mono\" data-testid=\"playlist-duration\"\/><\/p>\n<\/div>\n<\/li>\n<li class=\"styles_video__WPPDb\">\n<div class=\"playlist-drawer__video\" data-testid=\"playlist-drawer-video\">\n<div class=\"playlist-drawer__thumbnail\"><picture class=\"playlist-drawer__thumbnail\" data-testid=\"picture\" data-flavor=\"focal\"><source media=\"(min-width: 1000px)\" srcset=\"https:\/\/media-cldnry.s-nbcnews.com\/image\/upload\/t_focal-280x140,f_auto,q_auto:best\/telemundocms\/MPX\/image\/NBCU_Telemundo\/295\/310\/45317167319-1080pnbcstations.jpg\"\/><source media=\"(min-width: 758px)\" srcset=\"https:\/\/media-cldnry.s-nbcnews.com\/image\/upload\/t_focal-760x380,f_auto,q_auto:best\/telemundocms\/MPX\/image\/NBCU_Telemundo\/295\/310\/45317167319-1080pnbcstations.jpg\"\/><source media=\"(min-width: 320px)\" srcset=\"https:\/\/media-cldnry.s-nbcnews.com\/image\/upload\/t_focal-520x260,f_auto,q_auto:best\/telemundocms\/MPX\/image\/NBCU_Telemundo\/295\/310\/45317167319-1080pnbcstations.jpg\"\/><img decoding=\"async\" loading=\"lazy\" src=\"https:\/\/media-cldnry.s-nbcnews.com\/image\/upload\/t_focal-520x260,f_auto,q_auto:best\/telemundocms\/MPX\/image\/NBCU_Telemundo\/295\/310\/45317167319-1080pnbcstations.jpg\" alt=\"\"\/><\/picture><\/div>\n<p><h2 class=\"playlist-drawer__title\" data-testid=\"playlist-title\">El doctor venezolano Ezequiel V\u00e9liz comparte el calvario que vivi\u00f3 en un centro de detenci\u00f3n<\/h2>\n<p><span class=\"playlist-drawer__duration founders-mono\" data-testid=\"playlist-duration\"\/><\/p>\n<\/div>\n<\/li>\n<li class=\"styles_video__WPPDb\">\n<div class=\"playlist-drawer__video\" data-testid=\"playlist-drawer-video\">\n<div class=\"playlist-drawer__thumbnail\"><picture class=\"playlist-drawer__thumbnail\" data-testid=\"picture\" data-flavor=\"focal\"><source media=\"(min-width: 1000px)\" srcset=\"https:\/\/media1.s-nbcnews.com\/j\/rockcms\/2026-04\/514323\/Mdico-liberado-por-ICE-009310_99890be24110fe9da72e4ed5c17ed529e5b4e17a.focal-280x140.jpg\"\/><source media=\"(min-width: 758px)\" srcset=\"https:\/\/media1.s-nbcnews.com\/j\/rockcms\/2026-04\/514323\/Mdico-liberado-por-ICE-009310_99890be24110fe9da72e4ed5c17ed529e5b4e17a.focal-760x380.jpg\"\/><source media=\"(min-width: 320px)\" srcset=\"https:\/\/media1.s-nbcnews.com\/j\/rockcms\/2026-04\/514323\/Mdico-liberado-por-ICE-009310_99890be24110fe9da72e4ed5c17ed529e5b4e17a.focal-520x260.jpg\"\/><img decoding=\"async\" loading=\"lazy\" src=\"https:\/\/media1.s-nbcnews.com\/j\/rockcms\/2026-04\/514323\/Mdico-liberado-por-ICE-009310_99890be24110fe9da72e4ed5c17ed529e5b4e17a.focal-520x260.jpg\" alt=\"\"\/><\/picture><\/div>\n<p><h2 class=\"playlist-drawer__title\" data-testid=\"playlist-title\">El m\u00e9dico venezolano liberado narra lo que vivi\u00f3 en el centro de detenci\u00f3n de ICE en Texas<\/h2>\n<p><span class=\"playlist-drawer__duration founders-mono\" data-testid=\"playlist-duration\"\/><\/p>\n<\/div>\n<\/li>\n<li class=\"styles_video__WPPDb\">\n<div class=\"playlist-drawer__video\" data-testid=\"playlist-drawer-video\">\n<div class=\"playlist-drawer__thumbnail\"><picture class=\"playlist-drawer__thumbnail\" data-testid=\"picture\" data-flavor=\"focal\"><source media=\"(min-width: 1000px)\" srcset=\"https:\/\/media-cldnry.s-nbcnews.com\/image\/upload\/t_focal-280x140,f_auto,q_auto:best\/telemundocms\/prod\/image\/307\/23\/HD_TVE_NTNOCHE_04162026_thumb_1_800x450_2496771139580.jpg\"\/><source media=\"(min-width: 758px)\" srcset=\"https:\/\/media-cldnry.s-nbcnews.com\/image\/upload\/t_focal-760x380,f_auto,q_auto:best\/telemundocms\/prod\/image\/307\/23\/HD_TVE_NTNOCHE_04162026_thumb_1_800x450_2496771139580.jpg\"\/><source media=\"(min-width: 320px)\" srcset=\"https:\/\/media-cldnry.s-nbcnews.com\/image\/upload\/t_focal-520x260,f_auto,q_auto:best\/telemundocms\/prod\/image\/307\/23\/HD_TVE_NTNOCHE_04162026_thumb_1_800x450_2496771139580.jpg\"\/><img decoding=\"async\" loading=\"lazy\" src=\"https:\/\/media-cldnry.s-nbcnews.com\/image\/upload\/t_focal-520x260,f_auto,q_auto:best\/telemundocms\/prod\/image\/307\/23\/HD_TVE_NTNOCHE_04162026_thumb_1_800x450_2496771139580.jpg\" alt=\"\"\/><\/picture><\/div>\n<p><h2 class=\"playlist-drawer__title\" data-testid=\"playlist-title\">Noticias Telemundo en la Noche 04\/16<\/h2>\n<p><span class=\"playlist-drawer__duration founders-mono\" data-testid=\"playlist-duration\">18:14<\/span><\/p>\n<\/div>\n<\/li>\n<li class=\"styles_video__WPPDb\">\n<div class=\"playlist-drawer__video\" data-testid=\"playlist-drawer-video\">\n<div class=\"playlist-drawer__thumbnail\"><picture class=\"playlist-drawer__thumbnail\" data-testid=\"picture\" data-flavor=\"focal\"><source media=\"(min-width: 1000px)\" srcset=\"https:\/\/media-cldnry.s-nbcnews.com\/image\/upload\/t_focal-280x140,f_auto,q_auto:best\/telemundocms\/prod\/image\/450\/167\/HD_TVE_NTNOCHE_04092026_thumb_1_800x450_2495848003948.jpg\"\/><source media=\"(min-width: 758px)\" srcset=\"https:\/\/media-cldnry.s-nbcnews.com\/image\/upload\/t_focal-760x380,f_auto,q_auto:best\/telemundocms\/prod\/image\/450\/167\/HD_TVE_NTNOCHE_04092026_thumb_1_800x450_2495848003948.jpg\"\/><source media=\"(min-width: 320px)\" srcset=\"https:\/\/media-cldnry.s-nbcnews.com\/image\/upload\/t_focal-520x260,f_auto,q_auto:best\/telemundocms\/prod\/image\/450\/167\/HD_TVE_NTNOCHE_04092026_thumb_1_800x450_2495848003948.jpg\"\/><img decoding=\"async\" loading=\"lazy\" src=\"https:\/\/media-cldnry.s-nbcnews.com\/image\/upload\/t_focal-520x260,f_auto,q_auto:best\/telemundocms\/prod\/image\/450\/167\/HD_TVE_NTNOCHE_04092026_thumb_1_800x450_2495848003948.jpg\" alt=\"\"\/><\/picture><\/div>\n<p><h2 class=\"playlist-drawer__title\" data-testid=\"playlist-title\">Noticias Telemundo en la Noche 04\/09<\/h2>\n<p><span class=\"playlist-drawer__duration founders-mono\" data-testid=\"playlist-duration\">18:38<\/span><\/p>\n<\/div>\n<\/li>\n<li class=\"styles_video__WPPDb\">\n<div class=\"playlist-drawer__video\" data-testid=\"playlist-drawer-video\">\n<div class=\"playlist-drawer__thumbnail\"><picture class=\"playlist-drawer__thumbnail\" data-testid=\"picture\" data-flavor=\"focal\"><source media=\"(min-width: 1000px)\" srcset=\"https:\/\/media-cldnry.s-nbcnews.com\/image\/upload\/t_focal-280x140,f_auto,q_auto:best\/telemundocms\/MPX\/image\/NBCU_Telemundo\/297\/263\/45317929524-1080pnbcstations.jpg\"\/><source media=\"(min-width: 758px)\" srcset=\"https:\/\/media-cldnry.s-nbcnews.com\/image\/upload\/t_focal-760x380,f_auto,q_auto:best\/telemundocms\/MPX\/image\/NBCU_Telemundo\/297\/263\/45317929524-1080pnbcstations.jpg\"\/><source media=\"(min-width: 320px)\" srcset=\"https:\/\/media-cldnry.s-nbcnews.com\/image\/upload\/t_focal-520x260,f_auto,q_auto:best\/telemundocms\/MPX\/image\/NBCU_Telemundo\/297\/263\/45317929524-1080pnbcstations.jpg\"\/><img decoding=\"async\" loading=\"lazy\" src=\"https:\/\/media-cldnry.s-nbcnews.com\/image\/upload\/t_focal-520x260,f_auto,q_auto:best\/telemundocms\/MPX\/image\/NBCU_Telemundo\/297\/263\/45317929524-1080pnbcstations.jpg\" alt=\"\"\/><\/picture><\/div>\n<p><h2 class=\"playlist-drawer__title\" data-testid=\"playlist-title\">Vea el impresionante momento en que un auto choca contra una tienda de ropa en Oklahoma<\/h2>\n<p><span class=\"playlist-drawer__duration founders-mono\" data-testid=\"playlist-duration\"\/><\/p>\n<\/div>\n<\/li>\n<li class=\"styles_video__WPPDb\">\n<div class=\"playlist-drawer__video\" data-testid=\"playlist-drawer-video\">\n<div class=\"playlist-drawer__thumbnail\"><picture class=\"playlist-drawer__thumbnail\" data-testid=\"picture\" data-flavor=\"focal\"><source media=\"(min-width: 1000px)\" srcset=\"https:\/\/media1.s-nbcnews.com\/j\/rockcms\/2026-04\/514325\/oso-polar-en-tina-6ee3c5_ca7f7df0f0891c7485e95704e3909e76a1fb97d4.focal-280x140.jpg\"\/><source media=\"(min-width: 758px)\" srcset=\"https:\/\/media1.s-nbcnews.com\/j\/rockcms\/2026-04\/514325\/oso-polar-en-tina-6ee3c5_ca7f7df0f0891c7485e95704e3909e76a1fb97d4.focal-760x380.jpg\"\/><source media=\"(min-width: 320px)\" srcset=\"https:\/\/media1.s-nbcnews.com\/j\/rockcms\/2026-04\/514325\/oso-polar-en-tina-6ee3c5_ca7f7df0f0891c7485e95704e3909e76a1fb97d4.focal-520x260.jpg\"\/><img decoding=\"async\" loading=\"lazy\" src=\"https:\/\/media1.s-nbcnews.com\/j\/rockcms\/2026-04\/514325\/oso-polar-en-tina-6ee3c5_ca7f7df0f0891c7485e95704e3909e76a1fb97d4.focal-520x260.jpg\" alt=\"\"\/><\/picture><\/div>\n<p><h2 class=\"playlist-drawer__title\" data-testid=\"playlist-title\">Este oso polar se refresca con un helado ba\u00f1o en el zool\u00f3gico de Oregon<\/h2>\n<p><span class=\"playlist-drawer__duration founders-mono\" data-testid=\"playlist-duration\">00:22<\/span><\/p>\n<\/div>\n<\/li>\n<li class=\"styles_video__WPPDb\">\n<div class=\"playlist-drawer__video\" data-testid=\"playlist-drawer-video\">\n<div class=\"playlist-drawer__thumbnail\"><picture class=\"playlist-drawer__thumbnail\" data-testid=\"picture\" data-flavor=\"focal\"><source media=\"(min-width: 1000px)\" srcset=\"https:\/\/media-cldnry.s-nbcnews.com\/image\/upload\/t_focal-280x140,f_auto,q_auto:best\/telemundocms\/MPX\/image\/NBCU_Telemundo\/299\/215\/45317742650-1080pnbcstations.jpg\"\/><source media=\"(min-width: 758px)\" srcset=\"https:\/\/media-cldnry.s-nbcnews.com\/image\/upload\/t_focal-760x380,f_auto,q_auto:best\/telemundocms\/MPX\/image\/NBCU_Telemundo\/299\/215\/45317742650-1080pnbcstations.jpg\"\/><source media=\"(min-width: 320px)\" srcset=\"https:\/\/media-cldnry.s-nbcnews.com\/image\/upload\/t_focal-520x260,f_auto,q_auto:best\/telemundocms\/MPX\/image\/NBCU_Telemundo\/299\/215\/45317742650-1080pnbcstations.jpg\"\/><img decoding=\"async\" loading=\"lazy\" src=\"https:\/\/media-cldnry.s-nbcnews.com\/image\/upload\/t_focal-520x260,f_auto,q_auto:best\/telemundocms\/MPX\/image\/NBCU_Telemundo\/299\/215\/45317742650-1080pnbcstations.jpg\" alt=\"\"\/><\/picture><\/div>\n<p><h2 class=\"playlist-drawer__title\" data-testid=\"playlist-title\">Esta pareja de inmigrantes de mexicanos fund\u00f3 un puesto de tacos que pasar\u00e1 a la historia<\/h2>\n<p><span class=\"playlist-drawer__duration founders-mono\" data-testid=\"playlist-duration\"\/><\/p>\n<\/div>\n<\/li>\n<li class=\"styles_video__WPPDb\">\n<div class=\"playlist-drawer__video\" data-testid=\"playlist-drawer-video\">\n<div class=\"playlist-drawer__thumbnail\"><picture class=\"playlist-drawer__thumbnail\" data-testid=\"picture\" data-flavor=\"focal\"><source media=\"(min-width: 1000px)\" srcset=\"https:\/\/media-cldnry.s-nbcnews.com\/image\/upload\/t_focal-280x140,f_auto,q_auto:best\/telemundocms\/MPX\/image\/NBCU_Telemundo\/295\/311\/45317644313-1080pnbcstations.jpg\"\/><source media=\"(min-width: 758px)\" srcset=\"https:\/\/media-cldnry.s-nbcnews.com\/image\/upload\/t_focal-760x380,f_auto,q_auto:best\/telemundocms\/MPX\/image\/NBCU_Telemundo\/295\/311\/45317644313-1080pnbcstations.jpg\"\/><source media=\"(min-width: 320px)\" srcset=\"https:\/\/media-cldnry.s-nbcnews.com\/image\/upload\/t_focal-520x260,f_auto,q_auto:best\/telemundocms\/MPX\/image\/NBCU_Telemundo\/295\/311\/45317644313-1080pnbcstations.jpg\"\/><img decoding=\"async\" loading=\"lazy\" src=\"https:\/\/media-cldnry.s-nbcnews.com\/image\/upload\/t_focal-520x260,f_auto,q_auto:best\/telemundocms\/MPX\/image\/NBCU_Telemundo\/295\/311\/45317644313-1080pnbcstations.jpg\" alt=\"\"\/><\/picture><\/div>\n<p><h2 class=\"playlist-drawer__title\" data-testid=\"playlist-title\">Rescatan en M\u00e9xico a un reci\u00e9n nacido que vendido por su propia madre<\/h2>\n<p><span class=\"playlist-drawer__duration founders-mono\" data-testid=\"playlist-duration\"\/><\/p>\n<\/div>\n<\/li>\n<li class=\"styles_video__WPPDb\">\n<div class=\"playlist-drawer__video\" data-testid=\"playlist-drawer-video\">\n<div class=\"playlist-drawer__thumbnail\"><picture class=\"playlist-drawer__thumbnail\" data-testid=\"picture\" data-flavor=\"focal\"><source media=\"(min-width: 1000px)\" srcset=\"https:\/\/media-cldnry.s-nbcnews.com\/image\/upload\/t_focal-280x140,f_auto,q_auto:best\/telemundocms\/MPX\/image\/NBCU_Telemundo\/296\/287\/45317549218-1080pnbcstations.jpg\"\/><source media=\"(min-width: 758px)\" srcset=\"https:\/\/media-cldnry.s-nbcnews.com\/image\/upload\/t_focal-760x380,f_auto,q_auto:best\/telemundocms\/MPX\/image\/NBCU_Telemundo\/296\/287\/45317549218-1080pnbcstations.jpg\"\/><source media=\"(min-width: 320px)\" srcset=\"https:\/\/media-cldnry.s-nbcnews.com\/image\/upload\/t_focal-520x260,f_auto,q_auto:best\/telemundocms\/MPX\/image\/NBCU_Telemundo\/296\/287\/45317549218-1080pnbcstations.jpg\"\/><img decoding=\"async\" loading=\"lazy\" src=\"https:\/\/media-cldnry.s-nbcnews.com\/image\/upload\/t_focal-520x260,f_auto,q_auto:best\/telemundocms\/MPX\/image\/NBCU_Telemundo\/296\/287\/45317549218-1080pnbcstations.jpg\" alt=\"\"\/><\/picture><\/div>\n<p><h2 class=\"playlist-drawer__title\" data-testid=\"playlist-title\">Rescatan en Kentucky a un beb\u00e9 tras una persecuci\u00f3n policial<\/h2>\n<p><span class=\"playlist-drawer__duration founders-mono\" data-testid=\"playlist-duration\">00:17<\/span><\/p>\n<\/div>\n<\/li>\n<li class=\"styles_video__WPPDb\">\n<div class=\"playlist-drawer__video\" data-testid=\"playlist-drawer-video\">\n<div class=\"playlist-drawer__thumbnail\"><picture class=\"playlist-drawer__thumbnail\" data-testid=\"picture\" data-flavor=\"focal\"><source media=\"(min-width: 1000px)\" srcset=\"https:\/\/media-cldnry.s-nbcnews.com\/image\/upload\/t_focal-280x140,f_auto,q_auto:best\/telemundocms\/MPX\/image\/NBCU_Telemundo\/294\/335\/45317365208-1080pnbcstations.jpg\"\/><source media=\"(min-width: 758px)\" srcset=\"https:\/\/media-cldnry.s-nbcnews.com\/image\/upload\/t_focal-760x380,f_auto,q_auto:best\/telemundocms\/MPX\/image\/NBCU_Telemundo\/294\/335\/45317365208-1080pnbcstations.jpg\"\/><source media=\"(min-width: 320px)\" srcset=\"https:\/\/media-cldnry.s-nbcnews.com\/image\/upload\/t_focal-520x260,f_auto,q_auto:best\/telemundocms\/MPX\/image\/NBCU_Telemundo\/294\/335\/45317365208-1080pnbcstations.jpg\"\/><img decoding=\"async\" loading=\"lazy\" src=\"https:\/\/media-cldnry.s-nbcnews.com\/image\/upload\/t_focal-520x260,f_auto,q_auto:best\/telemundocms\/MPX\/image\/NBCU_Telemundo\/294\/335\/45317365208-1080pnbcstations.jpg\" alt=\"\"\/><\/picture><\/div>\n<p><h2 class=\"playlist-drawer__title\" data-testid=\"playlist-title\">Decenas de pasajeros se ven obligados a caminar por las v\u00edas del metro en M\u00e9xico<\/h2>\n<p><span class=\"playlist-drawer__duration founders-mono\" data-testid=\"playlist-duration\">00:19<\/span><\/p>\n<\/div>\n<\/li>\n<\/ul>\n<\/section>\n<\/div>\n<p><button class=\"styles_nextButton__vNvjX\" type=\"button\" data-testid=\"next-button\"><span class=\"icon icon-back\"\/><\/button><\/div>\n<\/div>\n<\/div>\n<\/div>\n<p><br \/>\n<br \/><a href=\"https:\/\/www.telemundo.com\/noticias\/noticias-telemundo-en-la-noche\/internacional\/video\/una-casa-vinculada-al-gobernador-con-licencia-de-sinaloa-recibe-varios-disparos-tmvo13180559\">Source link <\/a><\/p>","protected":false},"excerpt":{"rendered":"<p>IE 11 no es compatible. Para una experiencia \u00f3ptima, visite nuestro sitio en otro navegador. SIGUIENTE Renuncia el director interino de ICE, Todd Lyons, en medio de una ola de cr\u00edticas 00:34 En video: Dos camiones se estrellan de frente en una carretera de California 00:46 Arrestan al cantante D4vd por la muerte de la [&hellip;]<\/p>\n","protected":false},"author":1,"featured_media":126080,"comment_status":"closed","ping_status":"","sticky":false,"template":"","format":"standard","meta":{"googlesitekit_rrm_CAow2JLhCw:productID":"","_gspb_post_css":"","maa_idioma":"","maa_pais":"","footnotes":""},"categories":[1],"tags":[2861,5500,16032,32433,34570,18832,32434,3734,3872,34569],"class_list":["post-126079","post","type-post","status-publish","format-standard","has-post-thumbnail","hentry","category-ubirata","tag-casa","tag-con","tag-disparos","tag-gobernador","tag-licencia","tag-recibe","tag-sinaloa","tag-una","tag-varios","tag-vinculada"],"blocksy_meta":[],"yoast_head":"<!-- This site is optimized with the Yoast SEO Premium plugin v27.6 (Yoast SEO v27.6) - https:\/\/yoast.com\/product\/yoast-seo-premium-wordpress\/ -->\n<title>Una casa vinculada al gobernador con licencia de Sinaloa recibe varios disparos - Ubirat\u00e3 Online Not\u00edcias - A realidade ao seu alcance!<\/title>\n<meta name=\"description\" content=\"IE 11 no es compatible. Para una experiencia \u00f3ptima, visite nuestro sitio en otro navegador.SIGUIENTERenuncia el director interino de ICE, Todd Lyons, en\" \/>\n<meta name=\"robots\" content=\"index, follow, max-snippet:-1, max-image-preview:large, max-video-preview:-1\" \/>\n<link rel=\"canonical\" href=\"https:\/\/ubirataonline.com.br\/en\/una-casa-vinculada-al-gobernador-con-licencia-de-sinaloa-recibe-varios-disparos\/\" \/>\n<meta property=\"og:locale\" content=\"en_US\" \/>\n<meta property=\"og:type\" content=\"article\" \/>\n<meta property=\"og:title\" content=\"Una casa vinculada al gobernador con licencia de Sinaloa recibe varios disparos\" \/>\n<meta property=\"og:description\" content=\"IE 11 no es compatible. Para una experiencia \u00f3ptima, visite nuestro sitio en otro navegador.SIGUIENTERenuncia el director interino de ICE, Todd Lyons, en\" \/>\n<meta property=\"og:url\" content=\"https:\/\/ubirataonline.com.br\/en\/una-casa-vinculada-al-gobernador-con-licencia-de-sinaloa-recibe-varios-disparos\/\" \/>\n<meta property=\"og:site_name\" content=\"Ubirat\u00e3 Online Not\u00edcias - A realidade ao seu alcance!\" \/>\n<meta property=\"article:publisher\" content=\"https:\/\/www.facebook.com\/portalubirataonline\" \/>\n<meta property=\"article:author\" content=\"https:\/\/www.facebook.com\/portalubirataonline\" \/>\n<meta property=\"article:published_time\" content=\"2026-05-10T16:11:22+00:00\" \/>\n<meta property=\"article:modified_time\" content=\"2026-05-10T16:11:24+00:00\" \/>\n<meta property=\"og:image\" content=\"https:\/\/ubirataonline.com.br\/wp-content\/uploads\/2026\/05\/Una-casa-vinculada-al-gobernador-con-licencia-de-Sinaloa-recibe.jpg\" \/>\n\t<meta property=\"og:image:width\" content=\"1200\" \/>\n\t<meta property=\"og:image:height\" content=\"630\" \/>\n\t<meta property=\"og:image:type\" content=\"image\/jpeg\" \/>\n<meta name=\"author\" content=\"REDA\u00c7\u00c3O: UBIRAT\u00c3 ONLINE - F\u00c1BIO AUGUSTO CELESTINO\" \/>\n<meta name=\"twitter:card\" content=\"summary_large_image\" \/>\n<meta name=\"twitter:creator\" content=\"@x.com\/ubirataonline\" \/>\n<meta name=\"twitter:site\" content=\"@ubirataonline\" \/>\n<meta name=\"twitter:label1\" content=\"Written by\" \/>\n\t<meta name=\"twitter:data1\" content=\"REDA\u00c7\u00c3O: UBIRAT\u00c3 ONLINE - F\u00c1BIO AUGUSTO CELESTINO\" \/>\n\t<meta name=\"twitter:label2\" content=\"Est. reading time\" \/>\n\t<meta name=\"twitter:data2\" content=\"3 minutes\" \/>\n<script type=\"application\/ld+json\" class=\"yoast-schema-graph\">{\"@context\":\"https:\\\/\\\/schema.org\",\"@graph\":[{\"@type\":\"NewsArticle\",\"@id\":\"https:\\\/\\\/ubirataonline.com.br\\\/una-casa-vinculada-al-gobernador-con-licencia-de-sinaloa-recibe-varios-disparos\\\/#article\",\"isPartOf\":{\"@id\":\"https:\\\/\\\/ubirataonline.com.br\\\/una-casa-vinculada-al-gobernador-con-licencia-de-sinaloa-recibe-varios-disparos\\\/\"},\"author\":{\"name\":\"REDA\u00c7\u00c3O: UBIRAT\u00c3 ONLINE - F\u00c1BIO AUGUSTO CELESTINO\",\"@id\":\"https:\\\/\\\/ubirataonline.com.br\\\/#\\\/schema\\\/person\\\/372f87bbd3fdd79b8556b84c98d0bc1c\"},\"headline\":\"Una casa vinculada al gobernador con licencia de Sinaloa recibe varios disparos\",\"datePublished\":\"2026-05-10T16:11:22+00:00\",\"dateModified\":\"2026-05-10T16:11:24+00:00\",\"mainEntityOfPage\":{\"@id\":\"https:\\\/\\\/ubirataonline.com.br\\\/una-casa-vinculada-al-gobernador-con-licencia-de-sinaloa-recibe-varios-disparos\\\/\"},\"wordCount\":652,\"publisher\":{\"@id\":\"https:\\\/\\\/ubirataonline.com.br\\\/#organization\"},\"image\":{\"@id\":\"https:\\\/\\\/ubirataonline.com.br\\\/una-casa-vinculada-al-gobernador-con-licencia-de-sinaloa-recibe-varios-disparos\\\/#primaryimage\"},\"thumbnailUrl\":\"https:\\\/\\\/ubirataonline.com.br\\\/wp-content\\\/uploads\\\/2026\\\/05\\\/Una-casa-vinculada-al-gobernador-con-licencia-de-Sinaloa-recibe.jpg\",\"keywords\":[\"Casa\",\"con\",\"disparos\",\"gobernador\",\"licencia\",\"recibe\",\"Sinaloa\",\"una\",\"v\u00e1rios\",\"vinculada\"],\"articleSection\":[\"Ubirat\u00e3\"],\"inLanguage\":\"en-US\",\"copyrightYear\":\"2026\",\"copyrightHolder\":{\"@id\":\"https:\\\/\\\/ubirataonline.com.br\\\/en\\\/#organization\"}},{\"@type\":\"WebPage\",\"@id\":\"https:\\\/\\\/ubirataonline.com.br\\\/una-casa-vinculada-al-gobernador-con-licencia-de-sinaloa-recibe-varios-disparos\\\/\",\"url\":\"https:\\\/\\\/ubirataonline.com.br\\\/una-casa-vinculada-al-gobernador-con-licencia-de-sinaloa-recibe-varios-disparos\\\/\",\"name\":\"Una casa vinculada al gobernador con licencia de Sinaloa recibe varios disparos - Ubirat\u00e3 Online Not\u00edcias - A realidade ao seu alcance!\",\"isPartOf\":{\"@id\":\"https:\\\/\\\/ubirataonline.com.br\\\/#website\"},\"primaryImageOfPage\":{\"@id\":\"https:\\\/\\\/ubirataonline.com.br\\\/una-casa-vinculada-al-gobernador-con-licencia-de-sinaloa-recibe-varios-disparos\\\/#primaryimage\"},\"image\":{\"@id\":\"https:\\\/\\\/ubirataonline.com.br\\\/una-casa-vinculada-al-gobernador-con-licencia-de-sinaloa-recibe-varios-disparos\\\/#primaryimage\"},\"thumbnailUrl\":\"https:\\\/\\\/ubirataonline.com.br\\\/wp-content\\\/uploads\\\/2026\\\/05\\\/Una-casa-vinculada-al-gobernador-con-licencia-de-Sinaloa-recibe.jpg\",\"datePublished\":\"2026-05-10T16:11:22+00:00\",\"dateModified\":\"2026-05-10T16:11:24+00:00\",\"description\":\"IE 11 no es compatible. Para una experiencia \u00f3ptima, visite nuestro sitio en otro navegador.SIGUIENTERenuncia el director interino de ICE, Todd Lyons, en\",\"breadcrumb\":{\"@id\":\"https:\\\/\\\/ubirataonline.com.br\\\/una-casa-vinculada-al-gobernador-con-licencia-de-sinaloa-recibe-varios-disparos\\\/#breadcrumb\"},\"inLanguage\":\"en-US\",\"potentialAction\":[{\"@type\":\"ReadAction\",\"target\":[\"https:\\\/\\\/ubirataonline.com.br\\\/una-casa-vinculada-al-gobernador-con-licencia-de-sinaloa-recibe-varios-disparos\\\/\"]}]},{\"@type\":\"ImageObject\",\"inLanguage\":\"en-US\",\"@id\":\"https:\\\/\\\/ubirataonline.com.br\\\/una-casa-vinculada-al-gobernador-con-licencia-de-sinaloa-recibe-varios-disparos\\\/#primaryimage\",\"url\":\"https:\\\/\\\/ubirataonline.com.br\\\/wp-content\\\/uploads\\\/2026\\\/05\\\/Una-casa-vinculada-al-gobernador-con-licencia-de-Sinaloa-recibe.jpg\",\"contentUrl\":\"https:\\\/\\\/ubirataonline.com.br\\\/wp-content\\\/uploads\\\/2026\\\/05\\\/Una-casa-vinculada-al-gobernador-con-licencia-de-Sinaloa-recibe.jpg\",\"width\":1200,\"height\":630,\"caption\":\"Una casa vinculada al gobernador con licencia de Sinaloa recibe varios disparos\"},{\"@type\":\"BreadcrumbList\",\"@id\":\"https:\\\/\\\/ubirataonline.com.br\\\/una-casa-vinculada-al-gobernador-con-licencia-de-sinaloa-recibe-varios-disparos\\\/#breadcrumb\",\"itemListElement\":[{\"@type\":\"ListItem\",\"position\":1,\"name\":\"In\u00edcio\",\"item\":\"https:\\\/\\\/ubirataonline.com.br\\\/\"},{\"@type\":\"ListItem\",\"position\":2,\"name\":\"Una casa vinculada al gobernador con licencia de Sinaloa recibe varios disparos\"}]},{\"@type\":\"WebSite\",\"@id\":\"https:\\\/\\\/ubirataonline.com.br\\\/#website\",\"url\":\"https:\\\/\\\/ubirataonline.com.br\\\/\",\"name\":\"Ubirat\u00e3 Online Not\u00edcias\",\"description\":\"Not\u00edcias de Ubirat\u00e3, regi\u00e3o, Brasil e mundo, com informa\u00e7\u00e3o atualizada e compromisso com o leitor.\",\"publisher\":{\"@id\":\"https:\\\/\\\/ubirataonline.com.br\\\/#organization\"},\"alternateName\":\"Ubirat\u00e3 Online\",\"potentialAction\":[{\"@type\":\"SearchAction\",\"target\":{\"@type\":\"EntryPoint\",\"urlTemplate\":\"https:\\\/\\\/ubirataonline.com.br\\\/?s={search_term_string}\"},\"query-input\":{\"@type\":\"PropertyValueSpecification\",\"valueRequired\":true,\"valueName\":\"search_term_string\"}}],\"inLanguage\":\"en-US\"},{\"@type\":[\"Organization\",\"Place\"],\"@id\":\"https:\\\/\\\/ubirataonline.com.br\\\/#organization\",\"name\":\"Ubirat\u00e3 Online Not\u00edcias\",\"alternateName\":\"Ubirat\u00e3 Online\",\"url\":\"https:\\\/\\\/ubirataonline.com.br\\\/\",\"logo\":{\"@id\":\"https:\\\/\\\/ubirataonline.com.br\\\/una-casa-vinculada-al-gobernador-con-licencia-de-sinaloa-recibe-varios-disparos\\\/#local-main-organization-logo\"},\"image\":{\"@id\":\"https:\\\/\\\/ubirataonline.com.br\\\/una-casa-vinculada-al-gobernador-con-licencia-de-sinaloa-recibe-varios-disparos\\\/#local-main-organization-logo\"},\"sameAs\":[\"https:\\\/\\\/www.facebook.com\\\/portalubirataonline\",\"https:\\\/\\\/x.com\\\/ubirataonline\",\"https:\\\/\\\/mastodon.social\\\/@ubirataonline\",\"https:\\\/\\\/www.facebook.com\\\/groups\\\/311144672285604\",\"https:\\\/\\\/www.facebook.com\\\/UBTAOnline\",\"https:\\\/\\\/www.instagram.com\\\/portalubirataonline\\\/\",\"https:\\\/\\\/twitter.com\\\/ubirataonline\"],\"description\":\"Somos um portal de not\u00edcias independente, criado em 5 de janeiro de 2009, com o objetivo de informar, conectar e valorizar a nossa comunidade de Ubirat\u00e3 e toda aregi\u00e3o. Com conte\u00fado atualizado, confi\u00e1vel e relevante, o Ubirat\u00e3 Online \u00e9 o seu espa\u00e7o para ficar por dentro dos principais acontecimentos locais, regionais, Brasil, Mundo e de interesse geral. Nosso compromisso \u00e9 com a verdade, a transpar\u00eancia e o respeito ao leitor.\",\"legalName\":\"UBIRATA ONLINE NOT\u00cdCIAS\",\"foundingDate\":\"2009-01-05\",\"numberOfEmployees\":{\"@type\":\"QuantitativeValue\",\"minValue\":\"1\",\"maxValue\":\"10\"},\"publishingPrinciples\":\"https:\\\/\\\/ubirataonline.com.br\\\/faq\\\/\",\"address\":{\"@id\":\"https:\\\/\\\/ubirataonline.com.br\\\/una-casa-vinculada-al-gobernador-con-licencia-de-sinaloa-recibe-varios-disparos\\\/#local-main-place-address\"},\"geo\":{\"@type\":\"GeoCoordinates\",\"latitude\":\"-24.5361401\",\"longitude\":\"-52.9921776\"},\"telephone\":[\"+5544998308235\"],\"contactPoint\":{\"@type\":\"ContactPoint\",\"email\":\"contato@ubirataonline.com.br\"},\"openingHoursSpecification\":{\"@type\":\"OpeningHoursSpecification\",\"dayOfWeek\":[\"Monday\",\"Tuesday\",\"Wednesday\",\"Thursday\",\"Friday\",\"Saturday\",\"Sunday\"],\"opens\":\"00:00\",\"closes\":\"23:59\"},\"email\":\"contato@ubirataonline.com.br\",\"vatID\":\"47.621.418\\\/0001-80\"},{\"@type\":\"Person\",\"@id\":\"https:\\\/\\\/ubirataonline.com.br\\\/#\\\/schema\\\/person\\\/372f87bbd3fdd79b8556b84c98d0bc1c\",\"name\":\"REDA\u00c7\u00c3O: UBIRAT\u00c3 ONLINE - F\u00c1BIO AUGUSTO CELESTINO\",\"pronouns\":\"Ele\",\"description\":\"Desde 2003 trabalhando com not\u00edcias.\",\"sameAs\":[\"http:\\\/\\\/ubirataoline.com.br\",\"https:\\\/\\\/www.facebook.com\\\/portalubirataonline\",\"https:\\\/\\\/www.instagram.com\\\/ubirataonline_oficial\",\"https:\\\/\\\/x.com\\\/x.com\\\/ubirataonline\"],\"honorificPrefix\":\"Mr.\",\"honorificSuffix\":\"MD\",\"birthDate\":\"1980-06-16\",\"gender\":\"masculino\",\"award\":[\"V\u00e1rios pr\u00eamios de melhor portal da cidade\"],\"jobTitle\":\"Diretor\",\"url\":\"https:\\\/\\\/ubirataonline.com.br\\\/en\\\/author\\\/ubirataonline\\\/\"},{\"@type\":\"PostalAddress\",\"@id\":\"https:\\\/\\\/ubirataonline.com.br\\\/una-casa-vinculada-al-gobernador-con-licencia-de-sinaloa-recibe-varios-disparos\\\/#local-main-place-address\",\"streetAddress\":\"Rua dos Coqueiros, 104 - Bairro Boa Vista, Rua dos Coqueiros, 104 Bairro Boa Vista\",\"addressLocality\":\"UBIRATA\",\"postalCode\":\"85440-000\",\"addressRegion\":\"PR\",\"addressCountry\":\"BR\"},{\"@type\":\"ImageObject\",\"inLanguage\":\"en-US\",\"@id\":\"https:\\\/\\\/ubirataonline.com.br\\\/una-casa-vinculada-al-gobernador-con-licencia-de-sinaloa-recibe-varios-disparos\\\/#local-main-organization-logo\",\"url\":\"https:\\\/\\\/ubirataonline.com.br\\\/wp-content\\\/uploads\\\/2026\\\/06\\\/logoubirataonline-1.webp\",\"contentUrl\":\"https:\\\/\\\/ubirataonline.com.br\\\/wp-content\\\/uploads\\\/2026\\\/06\\\/logoubirataonline-1.webp\",\"width\":500,\"height\":500,\"caption\":\"Ubirat\u00e3 Online Not\u00edcias\"}]}<\/script>\n<meta name=\"geo.placename\" content=\"UBIRATA\" \/>\n<meta name=\"geo.position\" content=\"-24.5361401;-52.9921776\" \/>\n<meta name=\"geo.region\" content=\"Brazil\" \/>\n<!-- \/ Yoast SEO Premium plugin. -->","yoast_head_json":{"title":"Una casa vinculada al gobernador con licencia de Sinaloa recibe varios disparos - Ubirat\u00e3 Online Not\u00edcias - A realidade ao seu alcance!","description":"IE 11 no es compatible. Para una experiencia \u00f3ptima, visite nuestro sitio en otro navegador.SIGUIENTERenuncia el director interino de ICE, Todd Lyons, en","robots":{"index":"index","follow":"follow","max-snippet":"max-snippet:-1","max-image-preview":"max-image-preview:large","max-video-preview":"max-video-preview:-1"},"canonical":"https:\/\/ubirataonline.com.br\/en\/una-casa-vinculada-al-gobernador-con-licencia-de-sinaloa-recibe-varios-disparos\/","og_locale":"en_US","og_type":"article","og_title":"Una casa vinculada al gobernador con licencia de Sinaloa recibe varios disparos","og_description":"IE 11 no es compatible. Para una experiencia \u00f3ptima, visite nuestro sitio en otro navegador.SIGUIENTERenuncia el director interino de ICE, Todd Lyons, en","og_url":"https:\/\/ubirataonline.com.br\/en\/una-casa-vinculada-al-gobernador-con-licencia-de-sinaloa-recibe-varios-disparos\/","og_site_name":"Ubirat\u00e3 Online Not\u00edcias - A realidade ao seu alcance!","article_publisher":"https:\/\/www.facebook.com\/portalubirataonline","article_author":"https:\/\/www.facebook.com\/portalubirataonline","article_published_time":"2026-05-10T16:11:22+00:00","article_modified_time":"2026-05-10T16:11:24+00:00","og_image":[{"width":1200,"height":630,"url":"https:\/\/ubirataonline.com.br\/wp-content\/uploads\/2026\/05\/Una-casa-vinculada-al-gobernador-con-licencia-de-Sinaloa-recibe.jpg","type":"image\/jpeg"}],"author":"REDA\u00c7\u00c3O: UBIRAT\u00c3 ONLINE - F\u00c1BIO AUGUSTO CELESTINO","twitter_card":"summary_large_image","twitter_creator":"@x.com\/ubirataonline","twitter_site":"@ubirataonline","twitter_misc":{"Written by":"REDA\u00c7\u00c3O: UBIRAT\u00c3 ONLINE - F\u00c1BIO AUGUSTO CELESTINO","Est. reading time":"3 minutes"},"schema":{"@context":"https:\/\/schema.org","@graph":[{"@type":"NewsArticle","@id":"https:\/\/ubirataonline.com.br\/una-casa-vinculada-al-gobernador-con-licencia-de-sinaloa-recibe-varios-disparos\/#article","isPartOf":{"@id":"https:\/\/ubirataonline.com.br\/una-casa-vinculada-al-gobernador-con-licencia-de-sinaloa-recibe-varios-disparos\/"},"author":{"name":"REDA\u00c7\u00c3O: UBIRAT\u00c3 ONLINE - F\u00c1BIO AUGUSTO CELESTINO","@id":"https:\/\/ubirataonline.com.br\/#\/schema\/person\/372f87bbd3fdd79b8556b84c98d0bc1c"},"headline":"Una casa vinculada al gobernador con licencia de Sinaloa recibe varios disparos","datePublished":"2026-05-10T16:11:22+00:00","dateModified":"2026-05-10T16:11:24+00:00","mainEntityOfPage":{"@id":"https:\/\/ubirataonline.com.br\/una-casa-vinculada-al-gobernador-con-licencia-de-sinaloa-recibe-varios-disparos\/"},"wordCount":652,"publisher":{"@id":"https:\/\/ubirataonline.com.br\/#organization"},"image":{"@id":"https:\/\/ubirataonline.com.br\/una-casa-vinculada-al-gobernador-con-licencia-de-sinaloa-recibe-varios-disparos\/#primaryimage"},"thumbnailUrl":"https:\/\/ubirataonline.com.br\/wp-content\/uploads\/2026\/05\/Una-casa-vinculada-al-gobernador-con-licencia-de-Sinaloa-recibe.jpg","keywords":["Casa","con","disparos","gobernador","licencia","recibe","Sinaloa","una","v\u00e1rios","vinculada"],"articleSection":["Ubirat\u00e3"],"inLanguage":"en-US","copyrightYear":"2026","copyrightHolder":{"@id":"https:\/\/ubirataonline.com.br\/en\/#organization"}},{"@type":"WebPage","@id":"https:\/\/ubirataonline.com.br\/una-casa-vinculada-al-gobernador-con-licencia-de-sinaloa-recibe-varios-disparos\/","url":"https:\/\/ubirataonline.com.br\/una-casa-vinculada-al-gobernador-con-licencia-de-sinaloa-recibe-varios-disparos\/","name":"Una casa vinculada al gobernador con licencia de Sinaloa recibe varios disparos - Ubirat\u00e3 Online Not\u00edcias - A realidade ao seu alcance!","isPartOf":{"@id":"https:\/\/ubirataonline.com.br\/#website"},"primaryImageOfPage":{"@id":"https:\/\/ubirataonline.com.br\/una-casa-vinculada-al-gobernador-con-licencia-de-sinaloa-recibe-varios-disparos\/#primaryimage"},"image":{"@id":"https:\/\/ubirataonline.com.br\/una-casa-vinculada-al-gobernador-con-licencia-de-sinaloa-recibe-varios-disparos\/#primaryimage"},"thumbnailUrl":"https:\/\/ubirataonline.com.br\/wp-content\/uploads\/2026\/05\/Una-casa-vinculada-al-gobernador-con-licencia-de-Sinaloa-recibe.jpg","datePublished":"2026-05-10T16:11:22+00:00","dateModified":"2026-05-10T16:11:24+00:00","description":"IE 11 no es compatible. Para una experiencia \u00f3ptima, visite nuestro sitio en otro navegador.SIGUIENTERenuncia el director interino de ICE, Todd Lyons, en","breadcrumb":{"@id":"https:\/\/ubirataonline.com.br\/una-casa-vinculada-al-gobernador-con-licencia-de-sinaloa-recibe-varios-disparos\/#breadcrumb"},"inLanguage":"en-US","potentialAction":[{"@type":"ReadAction","target":["https:\/\/ubirataonline.com.br\/una-casa-vinculada-al-gobernador-con-licencia-de-sinaloa-recibe-varios-disparos\/"]}]},{"@type":"ImageObject","inLanguage":"en-US","@id":"https:\/\/ubirataonline.com.br\/una-casa-vinculada-al-gobernador-con-licencia-de-sinaloa-recibe-varios-disparos\/#primaryimage","url":"https:\/\/ubirataonline.com.br\/wp-content\/uploads\/2026\/05\/Una-casa-vinculada-al-gobernador-con-licencia-de-Sinaloa-recibe.jpg","contentUrl":"https:\/\/ubirataonline.com.br\/wp-content\/uploads\/2026\/05\/Una-casa-vinculada-al-gobernador-con-licencia-de-Sinaloa-recibe.jpg","width":1200,"height":630,"caption":"Una casa vinculada al gobernador con licencia de Sinaloa recibe varios disparos"},{"@type":"BreadcrumbList","@id":"https:\/\/ubirataonline.com.br\/una-casa-vinculada-al-gobernador-con-licencia-de-sinaloa-recibe-varios-disparos\/#breadcrumb","itemListElement":[{"@type":"ListItem","position":1,"name":"In\u00edcio","item":"https:\/\/ubirataonline.com.br\/"},{"@type":"ListItem","position":2,"name":"Una casa vinculada al gobernador con licencia de Sinaloa recibe varios disparos"}]},{"@type":"WebSite","@id":"https:\/\/ubirataonline.com.br\/#website","url":"https:\/\/ubirataonline.com.br\/","name":"Ubirat\u00e3 Online Not\u00edcias","description":"Not\u00edcias de Ubirat\u00e3, regi\u00e3o, Brasil e mundo, com informa\u00e7\u00e3o atualizada e compromisso com o leitor.","publisher":{"@id":"https:\/\/ubirataonline.com.br\/#organization"},"alternateName":"Ubirat\u00e3 Online","potentialAction":[{"@type":"SearchAction","target":{"@type":"EntryPoint","urlTemplate":"https:\/\/ubirataonline.com.br\/?s={search_term_string}"},"query-input":{"@type":"PropertyValueSpecification","valueRequired":true,"valueName":"search_term_string"}}],"inLanguage":"en-US"},{"@type":["Organization","Place"],"@id":"https:\/\/ubirataonline.com.br\/#organization","name":"Ubirat\u00e3 Online Not\u00edcias","alternateName":"Ubirat\u00e3 Online","url":"https:\/\/ubirataonline.com.br\/","logo":{"@id":"https:\/\/ubirataonline.com.br\/una-casa-vinculada-al-gobernador-con-licencia-de-sinaloa-recibe-varios-disparos\/#local-main-organization-logo"},"image":{"@id":"https:\/\/ubirataonline.com.br\/una-casa-vinculada-al-gobernador-con-licencia-de-sinaloa-recibe-varios-disparos\/#local-main-organization-logo"},"sameAs":["https:\/\/www.facebook.com\/portalubirataonline","https:\/\/x.com\/ubirataonline","https:\/\/mastodon.social\/@ubirataonline","https:\/\/www.facebook.com\/groups\/311144672285604","https:\/\/www.facebook.com\/UBTAOnline","https:\/\/www.instagram.com\/portalubirataonline\/","https:\/\/twitter.com\/ubirataonline"],"description":"Somos um portal de not\u00edcias independente, criado em 5 de janeiro de 2009, com o objetivo de informar, conectar e valorizar a nossa comunidade de Ubirat\u00e3 e toda aregi\u00e3o. Com conte\u00fado atualizado, confi\u00e1vel e relevante, o Ubirat\u00e3 Online \u00e9 o seu espa\u00e7o para ficar por dentro dos principais acontecimentos locais, regionais, Brasil, Mundo e de interesse geral. Nosso compromisso \u00e9 com a verdade, a transpar\u00eancia e o respeito ao leitor.","legalName":"UBIRATA ONLINE NOT\u00cdCIAS","foundingDate":"2009-01-05","numberOfEmployees":{"@type":"QuantitativeValue","minValue":"1","maxValue":"10"},"publishingPrinciples":"https:\/\/ubirataonline.com.br\/faq\/","address":{"@id":"https:\/\/ubirataonline.com.br\/una-casa-vinculada-al-gobernador-con-licencia-de-sinaloa-recibe-varios-disparos\/#local-main-place-address"},"geo":{"@type":"GeoCoordinates","latitude":"-24.5361401","longitude":"-52.9921776"},"telephone":["+5544998308235"],"contactPoint":{"@type":"ContactPoint","email":"contato@ubirataonline.com.br"},"openingHoursSpecification":{"@type":"OpeningHoursSpecification","dayOfWeek":["Monday","Tuesday","Wednesday","Thursday","Friday","Saturday","Sunday"],"opens":"00:00","closes":"23:59"},"email":"contato@ubirataonline.com.br","vatID":"47.621.418\/0001-80"},{"@type":"Person","@id":"https:\/\/ubirataonline.com.br\/#\/schema\/person\/372f87bbd3fdd79b8556b84c98d0bc1c","name":"REDA\u00c7\u00c3O: UBIRAT\u00c3 ONLINE - F\u00c1BIO AUGUSTO CELESTINO","pronouns":"Ele","description":"Desde 2003 trabalhando com not\u00edcias.","sameAs":["http:\/\/ubirataoline.com.br","https:\/\/www.facebook.com\/portalubirataonline","https:\/\/www.instagram.com\/ubirataonline_oficial","https:\/\/x.com\/x.com\/ubirataonline"],"honorificPrefix":"Mr.","honorificSuffix":"MD","birthDate":"1980-06-16","gender":"masculino","award":["V\u00e1rios pr\u00eamios de melhor portal da cidade"],"jobTitle":"Diretor","url":"https:\/\/ubirataonline.com.br\/en\/author\/ubirataonline\/"},{"@type":"PostalAddress","@id":"https:\/\/ubirataonline.com.br\/una-casa-vinculada-al-gobernador-con-licencia-de-sinaloa-recibe-varios-disparos\/#local-main-place-address","streetAddress":"Rua dos Coqueiros, 104 - Bairro Boa Vista, Rua dos Coqueiros, 104 Bairro Boa Vista","addressLocality":"UBIRATA","postalCode":"85440-000","addressRegion":"PR","addressCountry":"BR"},{"@type":"ImageObject","inLanguage":"en-US","@id":"https:\/\/ubirataonline.com.br\/una-casa-vinculada-al-gobernador-con-licencia-de-sinaloa-recibe-varios-disparos\/#local-main-organization-logo","url":"https:\/\/ubirataonline.com.br\/wp-content\/uploads\/2026\/06\/logoubirataonline-1.webp","contentUrl":"https:\/\/ubirataonline.com.br\/wp-content\/uploads\/2026\/06\/logoubirataonline-1.webp","width":500,"height":500,"caption":"Ubirat\u00e3 Online Not\u00edcias"}]},"geo.placename":"UBIRATA","geo.position":{"lat":"-24.5361401","long":"-52.9921776"},"geo.region":"Brazil"},"_links":{"self":[{"href":"https:\/\/ubirataonline.com.br\/en\/wp-json\/wp\/v2\/posts\/126079","targetHints":{"allow":["GET"]}}],"collection":[{"href":"https:\/\/ubirataonline.com.br\/en\/wp-json\/wp\/v2\/posts"}],"about":[{"href":"https:\/\/ubirataonline.com.br\/en\/wp-json\/wp\/v2\/types\/post"}],"author":[{"embeddable":true,"href":"https:\/\/ubirataonline.com.br\/en\/wp-json\/wp\/v2\/users\/1"}],"replies":[{"embeddable":true,"href":"https:\/\/ubirataonline.com.br\/en\/wp-json\/wp\/v2\/comments?post=126079"}],"version-history":[{"count":0,"href":"https:\/\/ubirataonline.com.br\/en\/wp-json\/wp\/v2\/posts\/126079\/revisions"}],"wp:featuredmedia":[{"embeddable":true,"href":"https:\/\/ubirataonline.com.br\/en\/wp-json\/wp\/v2\/media\/126080"}],"wp:attachment":[{"href":"https:\/\/ubirataonline.com.br\/en\/wp-json\/wp\/v2\/media?parent=126079"}],"wp:term":[{"taxonomy":"category","embeddable":true,"href":"https:\/\/ubirataonline.com.br\/en\/wp-json\/wp\/v2\/categories?post=126079"},{"taxonomy":"post_tag","embeddable":true,"href":"https:\/\/ubirataonline.com.br\/en\/wp-json\/wp\/v2\/tags?post=126079"}],"curies":[{"name":"wp","href":"https:\/\/api.w.org\/{rel}","templated":true}]}}