{"id":126275,"date":"2026-05-10T18:03:20","date_gmt":"2026-05-10T21:03:20","guid":{"rendered":"https:\/\/ubirataonline.com.br\/%f0%9f%93%8b-santos-named-to-host-rb-bragantino-and-pull-clear-of-the-bottom-four\/"},"modified":"2026-05-10T18:03:24","modified_gmt":"2026-05-10T21:03:24","slug":"%f0%9f%93%8b-santos-named-to-host-rb-bragantino-and-pull-clear-of-the-bottom-four","status":"publish","type":"post","link":"https:\/\/ubirataonline.com.br\/en\/%f0%9f%93%8b-santos-named-to-host-rb-bragantino-and-pull-clear-of-the-bottom-four\/","title":{"rendered":"&#x1f4cb; Santos named to host RB Bragantino and pull clear of the bottom four"},"content":{"rendered":"<p><br \/>\n<\/p>\n<div>\n<p>This Sunday (10), Santos host RB Bragantino at Vila Belmiro at 6:30 p.m. (Bras\u00edlia time) for the 15th round of the 2026 Brasileir\u00e3o.<\/p>\n<p>Peixe are languishing in 16th place with 15 points and want to get back to winning ways after three rounds to avoid the risk of dropping into the relegation zone.<\/p>\n<p>Advertisement<\/p>\n<p>Massa Bruta, meanwhile, sit in seventh place with 20 points and have their sights set on the top five.<\/p>\n<p>RB Bragantino head into the clash on a high after a 6-0 thrashing of Blooming in Bolivia in the Copa Sudamericana.<\/p>\n<p>Compared to the last match (a 1-1 draw with Recoleta, also in the continental tournament), coach Cuca opted to bring in Di\u00f3genes (goalkeeper), Adonis Fr\u00edas and <a class=\"link\" href=\"https:\/\/sports.yahoo.com\/soccer\/players\/3892885\/\" data-i13n=\"sec:content-canvas;subsec:anchor_text;elm:context_link\" data-ylk=\"slk:Barreal;sec:content-canvas;subsec:anchor_text;elm:context_link;itc:0\" data-yga=\"{&quot;yLinkElement&quot;:&quot;context_link&quot;,&quot;yModuleName&quot;:&quot;content-canvas&quot;,&quot;yLinkText&quot;:&quot;Barreal&quot;,&quot;ySubModuleName&quot;:&quot;anchor_text&quot;,&quot;yHasCommerce&quot;:false}\">Barreal<\/a> in place of Gabriel Braz\u00e3o, Jo\u00e3o Ananias and <a class=\"link\" href=\"https:\/\/sports.yahoo.com\/soccer\/players\/403093\/\" data-i13n=\"sec:content-canvas;subsec:anchor_text;elm:context_link\" data-ylk=\"slk:Gabriel Barbosa;sec:content-canvas;subsec:anchor_text;elm:context_link;itc:0\" data-yga=\"{&quot;yLinkElement&quot;:&quot;context_link&quot;,&quot;yModuleName&quot;:&quot;content-canvas&quot;,&quot;yLinkText&quot;:&quot;Gabriel Barbosa&quot;,&quot;ySubModuleName&quot;:&quot;anchor_text&quot;,&quot;yHasCommerce&quot;:false}\">Gabriel Barbosa<\/a>, respectively, for Santos.<\/p>\n<h2 class=\"heading\">&#x1f4cb; Check out RB Bragantino&#8217;s lineup<\/h2>\n<section class=\"consent\"\/>\n<h2 class=\"heading\">&#x1f4cb; Check out Santos&#8217; lineup<\/h2>\n<section class=\"consent\"\/>\n<p><em>This article was translated into English by Artificial Intelligence. <a href=\"https:\/\/onefootball.com\/pt-br\/noticias\/santos-escalado-para-receber-o-rb-bragantino-e-tentar-se-afastar-do-z-4-42846275\" rel=\"nofollow noopener\" target=\"_blank\" data-ylk=\"slk:You can read the original version in &#x1f1e7;&#x1f1f7; here.;elm:context_link;itc:0;sec:content-canvas\" data-yga=\"{&quot;yLinkElement&quot;:&quot;context_link&quot;,&quot;yModuleName&quot;:&quot;content-canvas&quot;,&quot;yLinkText&quot;:&quot;You can read the original version in &#x1f1e7;&#x1f1f7; here.&quot;}\" class=\"link\">You can read the original version in &#x1f1e7;&#x1f1f7; here.<\/a><\/em><\/p>\n<\/div>\n<p><br \/>\n<br \/><a href=\"https:\/\/sports.yahoo.com\/articles\/santos-named-host-rb-bragantino-203300316.html\">Source link <\/a><\/p>","protected":false},"excerpt":{"rendered":"<p>This Sunday (10), Santos host RB Bragantino at Vila Belmiro at 6:30 p.m. (Bras\u00edlia time) for the 15th round of the 2026 Brasileir\u00e3o. Peixe are languishing in 16th place with 15 points and want to get back to winning ways after three rounds to avoid the risk of dropping into the relegation zone. Advertisement Massa [&hellip;]<\/p>\n","protected":false},"author":1,"featured_media":126276,"comment_status":"closed","ping_status":"","sticky":false,"template":"","format":"standard","meta":{"googlesitekit_rrm_CAow2JLhCw:productID":"","_gspb_post_css":"","maa_idioma":"","maa_pais":"","footnotes":""},"categories":[1],"tags":[6258,19841,5589,6293,6518,12606,4720],"class_list":["post-126275","post","type-post","status-publish","format-standard","has-post-thumbnail","hentry","category-ubirata","tag-bottom","tag-bragantino","tag-clear","tag-host","tag-named","tag-pull","tag-santos"],"blocksy_meta":[],"yoast_head":"<!-- This site is optimized with the Yoast SEO Premium plugin v27.6 (Yoast SEO v27.6) - https:\/\/yoast.com\/product\/yoast-seo-premium-wordpress\/ -->\n<title>&#x1f4cb; Santos named to host RB Bragantino and pull clear of the bottom four - Ubirat\u00e3 Online Not\u00edcias - A realidade ao seu alcance!<\/title>\n<meta name=\"description\" content=\"This Sunday (10), Santos host RB Bragantino at Vila Belmiro at 6:30 p.m. (Bras\u00edlia time) for the 15th round of the 2026 Brasileir\u00e3o.Peixe are languishing\" \/>\n<meta name=\"robots\" content=\"index, follow, max-snippet:-1, max-image-preview:large, max-video-preview:-1\" \/>\n<link rel=\"canonical\" href=\"https:\/\/ubirataonline.com.br\/en\/\ud83d\udccb-santos-named-to-host-rb-bragantino-and-pull-clear-of-the-bottom-four\/\" \/>\n<meta property=\"og:locale\" content=\"en_US\" \/>\n<meta property=\"og:type\" content=\"article\" \/>\n<meta property=\"og:title\" content=\"&#x1f4cb; Santos named to host RB Bragantino and pull clear of the bottom four\" \/>\n<meta property=\"og:description\" content=\"This Sunday (10), Santos host RB Bragantino at Vila Belmiro at 6:30 p.m. (Bras\u00edlia time) for the 15th round of the 2026 Brasileir\u00e3o.Peixe are languishing\" \/>\n<meta property=\"og:url\" content=\"https:\/\/ubirataonline.com.br\/en\/\ud83d\udccb-santos-named-to-host-rb-bragantino-and-pull-clear-of-the-bottom-four\/\" \/>\n<meta property=\"og:site_name\" content=\"Ubirat\u00e3 Online Not\u00edcias - A realidade ao seu alcance!\" \/>\n<meta property=\"article:publisher\" content=\"https:\/\/www.facebook.com\/portalubirataonline\" \/>\n<meta property=\"article:author\" content=\"https:\/\/www.facebook.com\/portalubirataonline\" \/>\n<meta property=\"article:published_time\" content=\"2026-05-10T21:03:20+00:00\" \/>\n<meta property=\"article:modified_time\" content=\"2026-05-10T21:03:24+00:00\" \/>\n<meta property=\"og:image\" content=\"https:\/\/ubirataonline.com.br\/wp-content\/uploads\/2026\/05\/Santos-named-to-host-RB-Bragantino-and-pull-clear-of.jpeg\" \/>\n\t<meta property=\"og:image:width\" content=\"1024\" \/>\n\t<meta property=\"og:image:height\" content=\"683\" \/>\n\t<meta property=\"og:image:type\" content=\"image\/jpeg\" \/>\n<meta name=\"author\" content=\"REDA\u00c7\u00c3O: UBIRAT\u00c3 ONLINE - F\u00c1BIO AUGUSTO CELESTINO\" \/>\n<meta name=\"twitter:card\" content=\"summary_large_image\" \/>\n<meta name=\"twitter:creator\" content=\"@x.com\/ubirataonline\" \/>\n<meta name=\"twitter:site\" content=\"@ubirataonline\" \/>\n<meta name=\"twitter:label1\" content=\"Written by\" \/>\n\t<meta name=\"twitter:data1\" content=\"REDA\u00c7\u00c3O: UBIRAT\u00c3 ONLINE - F\u00c1BIO AUGUSTO CELESTINO\" \/>\n\t<meta name=\"twitter:label2\" content=\"Est. reading time\" \/>\n\t<meta name=\"twitter:data2\" content=\"1 minute\" \/>\n<script type=\"application\/ld+json\" class=\"yoast-schema-graph\">{\"@context\":\"https:\\\/\\\/schema.org\",\"@graph\":[{\"@type\":\"NewsArticle\",\"@id\":\"https:\\\/\\\/ubirataonline.com.br\\\/%f0%9f%93%8b-santos-named-to-host-rb-bragantino-and-pull-clear-of-the-bottom-four\\\/#article\",\"isPartOf\":{\"@id\":\"https:\\\/\\\/ubirataonline.com.br\\\/%f0%9f%93%8b-santos-named-to-host-rb-bragantino-and-pull-clear-of-the-bottom-four\\\/\"},\"author\":{\"name\":\"REDA\u00c7\u00c3O: UBIRAT\u00c3 ONLINE - F\u00c1BIO AUGUSTO CELESTINO\",\"@id\":\"https:\\\/\\\/ubirataonline.com.br\\\/#\\\/schema\\\/person\\\/372f87bbd3fdd79b8556b84c98d0bc1c\"},\"headline\":\"&#x1f4cb; Santos named to host RB Bragantino and pull clear of the bottom four\",\"datePublished\":\"2026-05-10T21:03:20+00:00\",\"dateModified\":\"2026-05-10T21:03:24+00:00\",\"mainEntityOfPage\":{\"@id\":\"https:\\\/\\\/ubirataonline.com.br\\\/%f0%9f%93%8b-santos-named-to-host-rb-bragantino-and-pull-clear-of-the-bottom-four\\\/\"},\"wordCount\":195,\"publisher\":{\"@id\":\"https:\\\/\\\/ubirataonline.com.br\\\/#organization\"},\"image\":{\"@id\":\"https:\\\/\\\/ubirataonline.com.br\\\/%f0%9f%93%8b-santos-named-to-host-rb-bragantino-and-pull-clear-of-the-bottom-four\\\/#primaryimage\"},\"thumbnailUrl\":\"https:\\\/\\\/ubirataonline.com.br\\\/wp-content\\\/uploads\\\/2026\\\/05\\\/Santos-named-to-host-RB-Bragantino-and-pull-clear-of.jpeg\",\"keywords\":[\"Bottom\",\"Bragantino\",\"clear\",\"host\",\"Named\",\"pull\",\"Santos\"],\"articleSection\":[\"Ubirat\u00e3\"],\"inLanguage\":\"en-US\",\"copyrightYear\":\"2026\",\"copyrightHolder\":{\"@id\":\"https:\\\/\\\/ubirataonline.com.br\\\/en\\\/#organization\"}},{\"@type\":\"WebPage\",\"@id\":\"https:\\\/\\\/ubirataonline.com.br\\\/%f0%9f%93%8b-santos-named-to-host-rb-bragantino-and-pull-clear-of-the-bottom-four\\\/\",\"url\":\"https:\\\/\\\/ubirataonline.com.br\\\/%f0%9f%93%8b-santos-named-to-host-rb-bragantino-and-pull-clear-of-the-bottom-four\\\/\",\"name\":\"&#x1f4cb; Santos named to host RB Bragantino and pull clear of the bottom four - Ubirat\u00e3 Online Not\u00edcias - A realidade ao seu alcance!\",\"isPartOf\":{\"@id\":\"https:\\\/\\\/ubirataonline.com.br\\\/#website\"},\"primaryImageOfPage\":{\"@id\":\"https:\\\/\\\/ubirataonline.com.br\\\/%f0%9f%93%8b-santos-named-to-host-rb-bragantino-and-pull-clear-of-the-bottom-four\\\/#primaryimage\"},\"image\":{\"@id\":\"https:\\\/\\\/ubirataonline.com.br\\\/%f0%9f%93%8b-santos-named-to-host-rb-bragantino-and-pull-clear-of-the-bottom-four\\\/#primaryimage\"},\"thumbnailUrl\":\"https:\\\/\\\/ubirataonline.com.br\\\/wp-content\\\/uploads\\\/2026\\\/05\\\/Santos-named-to-host-RB-Bragantino-and-pull-clear-of.jpeg\",\"datePublished\":\"2026-05-10T21:03:20+00:00\",\"dateModified\":\"2026-05-10T21:03:24+00:00\",\"description\":\"This Sunday (10), Santos host RB Bragantino at Vila Belmiro at 6:30 p.m. (Bras\u00edlia time) for the 15th round of the 2026 Brasileir\u00e3o.Peixe are languishing\",\"breadcrumb\":{\"@id\":\"https:\\\/\\\/ubirataonline.com.br\\\/%f0%9f%93%8b-santos-named-to-host-rb-bragantino-and-pull-clear-of-the-bottom-four\\\/#breadcrumb\"},\"inLanguage\":\"en-US\",\"potentialAction\":[{\"@type\":\"ReadAction\",\"target\":[\"https:\\\/\\\/ubirataonline.com.br\\\/%f0%9f%93%8b-santos-named-to-host-rb-bragantino-and-pull-clear-of-the-bottom-four\\\/\"]}]},{\"@type\":\"ImageObject\",\"inLanguage\":\"en-US\",\"@id\":\"https:\\\/\\\/ubirataonline.com.br\\\/%f0%9f%93%8b-santos-named-to-host-rb-bragantino-and-pull-clear-of-the-bottom-four\\\/#primaryimage\",\"url\":\"https:\\\/\\\/ubirataonline.com.br\\\/wp-content\\\/uploads\\\/2026\\\/05\\\/Santos-named-to-host-RB-Bragantino-and-pull-clear-of.jpeg\",\"contentUrl\":\"https:\\\/\\\/ubirataonline.com.br\\\/wp-content\\\/uploads\\\/2026\\\/05\\\/Santos-named-to-host-RB-Bragantino-and-pull-clear-of.jpeg\",\"width\":1024,\"height\":683,\"caption\":\"&#x1f4cb; Santos named to host RB Bragantino and pull clear of the bottom four\"},{\"@type\":\"BreadcrumbList\",\"@id\":\"https:\\\/\\\/ubirataonline.com.br\\\/%f0%9f%93%8b-santos-named-to-host-rb-bragantino-and-pull-clear-of-the-bottom-four\\\/#breadcrumb\",\"itemListElement\":[{\"@type\":\"ListItem\",\"position\":1,\"name\":\"In\u00edcio\",\"item\":\"https:\\\/\\\/ubirataonline.com.br\\\/\"},{\"@type\":\"ListItem\",\"position\":2,\"name\":\"&#x1f4cb; Santos named to host RB Bragantino and pull clear of the bottom four\"}]},{\"@type\":\"WebSite\",\"@id\":\"https:\\\/\\\/ubirataonline.com.br\\\/#website\",\"url\":\"https:\\\/\\\/ubirataonline.com.br\\\/\",\"name\":\"Ubirat\u00e3 Online Not\u00edcias\",\"description\":\"Not\u00edcias de Ubirat\u00e3, regi\u00e3o, Brasil e mundo, com informa\u00e7\u00e3o atualizada e compromisso com o leitor.\",\"publisher\":{\"@id\":\"https:\\\/\\\/ubirataonline.com.br\\\/#organization\"},\"alternateName\":\"Ubirat\u00e3 Online\",\"potentialAction\":[{\"@type\":\"SearchAction\",\"target\":{\"@type\":\"EntryPoint\",\"urlTemplate\":\"https:\\\/\\\/ubirataonline.com.br\\\/?s={search_term_string}\"},\"query-input\":{\"@type\":\"PropertyValueSpecification\",\"valueRequired\":true,\"valueName\":\"search_term_string\"}}],\"inLanguage\":\"en-US\"},{\"@type\":[\"Organization\",\"Place\"],\"@id\":\"https:\\\/\\\/ubirataonline.com.br\\\/#organization\",\"name\":\"Ubirat\u00e3 Online Not\u00edcias\",\"alternateName\":\"Ubirat\u00e3 Online\",\"url\":\"https:\\\/\\\/ubirataonline.com.br\\\/\",\"logo\":{\"@id\":\"https:\\\/\\\/ubirataonline.com.br\\\/%f0%9f%93%8b-santos-named-to-host-rb-bragantino-and-pull-clear-of-the-bottom-four\\\/#local-main-organization-logo\"},\"image\":{\"@id\":\"https:\\\/\\\/ubirataonline.com.br\\\/%f0%9f%93%8b-santos-named-to-host-rb-bragantino-and-pull-clear-of-the-bottom-four\\\/#local-main-organization-logo\"},\"sameAs\":[\"https:\\\/\\\/www.facebook.com\\\/portalubirataonline\",\"https:\\\/\\\/x.com\\\/ubirataonline\",\"https:\\\/\\\/mastodon.social\\\/@ubirataonline\",\"https:\\\/\\\/www.facebook.com\\\/groups\\\/311144672285604\",\"https:\\\/\\\/www.facebook.com\\\/UBTAOnline\",\"https:\\\/\\\/www.instagram.com\\\/portalubirataonline\\\/\",\"https:\\\/\\\/twitter.com\\\/ubirataonline\"],\"description\":\"Somos um portal de not\u00edcias independente, criado em 5 de janeiro de 2009, com o objetivo de informar, conectar e valorizar a nossa comunidade de Ubirat\u00e3 e toda aregi\u00e3o. Com conte\u00fado atualizado, confi\u00e1vel e relevante, o Ubirat\u00e3 Online \u00e9 o seu espa\u00e7o para ficar por dentro dos principais acontecimentos locais, regionais, Brasil, Mundo e de interesse geral. Nosso compromisso \u00e9 com a verdade, a transpar\u00eancia e o respeito ao leitor.\",\"legalName\":\"UBIRATA ONLINE NOT\u00cdCIAS\",\"foundingDate\":\"2009-01-05\",\"numberOfEmployees\":{\"@type\":\"QuantitativeValue\",\"minValue\":\"1\",\"maxValue\":\"10\"},\"publishingPrinciples\":\"https:\\\/\\\/ubirataonline.com.br\\\/faq\\\/\",\"address\":{\"@id\":\"https:\\\/\\\/ubirataonline.com.br\\\/%f0%9f%93%8b-santos-named-to-host-rb-bragantino-and-pull-clear-of-the-bottom-four\\\/#local-main-place-address\"},\"geo\":{\"@type\":\"GeoCoordinates\",\"latitude\":\"-24.5361401\",\"longitude\":\"-52.9921776\"},\"telephone\":[\"+5544998308235\"],\"contactPoint\":{\"@type\":\"ContactPoint\",\"email\":\"contato@ubirataonline.com.br\"},\"openingHoursSpecification\":{\"@type\":\"OpeningHoursSpecification\",\"dayOfWeek\":[\"Monday\",\"Tuesday\",\"Wednesday\",\"Thursday\",\"Friday\",\"Saturday\",\"Sunday\"],\"opens\":\"00:00\",\"closes\":\"23:59\"},\"email\":\"contato@ubirataonline.com.br\",\"vatID\":\"47.621.418\\\/0001-80\"},{\"@type\":\"Person\",\"@id\":\"https:\\\/\\\/ubirataonline.com.br\\\/#\\\/schema\\\/person\\\/372f87bbd3fdd79b8556b84c98d0bc1c\",\"name\":\"REDA\u00c7\u00c3O: UBIRAT\u00c3 ONLINE - F\u00c1BIO AUGUSTO CELESTINO\",\"pronouns\":\"Ele\",\"description\":\"Desde 2003 trabalhando com not\u00edcias.\",\"sameAs\":[\"http:\\\/\\\/ubirataoline.com.br\",\"https:\\\/\\\/www.facebook.com\\\/portalubirataonline\",\"https:\\\/\\\/www.instagram.com\\\/ubirataonline_oficial\",\"https:\\\/\\\/x.com\\\/x.com\\\/ubirataonline\"],\"honorificPrefix\":\"Mr.\",\"honorificSuffix\":\"MD\",\"birthDate\":\"1980-06-16\",\"gender\":\"masculino\",\"award\":[\"V\u00e1rios pr\u00eamios de melhor portal da cidade\"],\"jobTitle\":\"Diretor\",\"url\":\"https:\\\/\\\/ubirataonline.com.br\\\/en\\\/author\\\/ubirataonline\\\/\"},{\"@type\":\"PostalAddress\",\"@id\":\"https:\\\/\\\/ubirataonline.com.br\\\/%f0%9f%93%8b-santos-named-to-host-rb-bragantino-and-pull-clear-of-the-bottom-four\\\/#local-main-place-address\",\"streetAddress\":\"Rua dos Coqueiros, 104 - Bairro Boa Vista, Rua dos Coqueiros, 104 Bairro Boa Vista\",\"addressLocality\":\"UBIRATA\",\"postalCode\":\"85440-000\",\"addressRegion\":\"PR\",\"addressCountry\":\"BR\"},{\"@type\":\"ImageObject\",\"inLanguage\":\"en-US\",\"@id\":\"https:\\\/\\\/ubirataonline.com.br\\\/%f0%9f%93%8b-santos-named-to-host-rb-bragantino-and-pull-clear-of-the-bottom-four\\\/#local-main-organization-logo\",\"url\":\"https:\\\/\\\/ubirataonline.com.br\\\/wp-content\\\/uploads\\\/2026\\\/06\\\/logoubirataonline-1.webp\",\"contentUrl\":\"https:\\\/\\\/ubirataonline.com.br\\\/wp-content\\\/uploads\\\/2026\\\/06\\\/logoubirataonline-1.webp\",\"width\":500,\"height\":500,\"caption\":\"Ubirat\u00e3 Online Not\u00edcias\"}]}<\/script>\n<meta name=\"geo.placename\" content=\"UBIRATA\" \/>\n<meta name=\"geo.position\" content=\"-24.5361401;-52.9921776\" \/>\n<meta name=\"geo.region\" content=\"Brazil\" \/>\n<!-- \/ Yoast SEO Premium plugin. -->","yoast_head_json":{"title":"&#x1f4cb; Santos named to host RB Bragantino and pull clear of the bottom four - Ubirat\u00e3 Online Not\u00edcias - A realidade ao seu alcance!","description":"This Sunday (10), Santos host RB Bragantino at Vila Belmiro at 6:30 p.m. (Bras\u00edlia time) for the 15th round of the 2026 Brasileir\u00e3o.Peixe are languishing","robots":{"index":"index","follow":"follow","max-snippet":"max-snippet:-1","max-image-preview":"max-image-preview:large","max-video-preview":"max-video-preview:-1"},"canonical":"https:\/\/ubirataonline.com.br\/en\/\ud83d\udccb-santos-named-to-host-rb-bragantino-and-pull-clear-of-the-bottom-four\/","og_locale":"en_US","og_type":"article","og_title":"&#x1f4cb; Santos named to host RB Bragantino and pull clear of the bottom four","og_description":"This Sunday (10), Santos host RB Bragantino at Vila Belmiro at 6:30 p.m. (Bras\u00edlia time) for the 15th round of the 2026 Brasileir\u00e3o.Peixe are languishing","og_url":"https:\/\/ubirataonline.com.br\/en\/\ud83d\udccb-santos-named-to-host-rb-bragantino-and-pull-clear-of-the-bottom-four\/","og_site_name":"Ubirat\u00e3 Online Not\u00edcias - A realidade ao seu alcance!","article_publisher":"https:\/\/www.facebook.com\/portalubirataonline","article_author":"https:\/\/www.facebook.com\/portalubirataonline","article_published_time":"2026-05-10T21:03:20+00:00","article_modified_time":"2026-05-10T21:03:24+00:00","og_image":[{"width":1024,"height":683,"url":"https:\/\/ubirataonline.com.br\/wp-content\/uploads\/2026\/05\/Santos-named-to-host-RB-Bragantino-and-pull-clear-of.jpeg","type":"image\/jpeg"}],"author":"REDA\u00c7\u00c3O: UBIRAT\u00c3 ONLINE - F\u00c1BIO AUGUSTO CELESTINO","twitter_card":"summary_large_image","twitter_creator":"@x.com\/ubirataonline","twitter_site":"@ubirataonline","twitter_misc":{"Written by":"REDA\u00c7\u00c3O: UBIRAT\u00c3 ONLINE - F\u00c1BIO AUGUSTO CELESTINO","Est. reading time":"1 minute"},"schema":{"@context":"https:\/\/schema.org","@graph":[{"@type":"NewsArticle","@id":"https:\/\/ubirataonline.com.br\/%f0%9f%93%8b-santos-named-to-host-rb-bragantino-and-pull-clear-of-the-bottom-four\/#article","isPartOf":{"@id":"https:\/\/ubirataonline.com.br\/%f0%9f%93%8b-santos-named-to-host-rb-bragantino-and-pull-clear-of-the-bottom-four\/"},"author":{"name":"REDA\u00c7\u00c3O: UBIRAT\u00c3 ONLINE - F\u00c1BIO AUGUSTO CELESTINO","@id":"https:\/\/ubirataonline.com.br\/#\/schema\/person\/372f87bbd3fdd79b8556b84c98d0bc1c"},"headline":"&#x1f4cb; Santos named to host RB Bragantino and pull clear of the bottom four","datePublished":"2026-05-10T21:03:20+00:00","dateModified":"2026-05-10T21:03:24+00:00","mainEntityOfPage":{"@id":"https:\/\/ubirataonline.com.br\/%f0%9f%93%8b-santos-named-to-host-rb-bragantino-and-pull-clear-of-the-bottom-four\/"},"wordCount":195,"publisher":{"@id":"https:\/\/ubirataonline.com.br\/#organization"},"image":{"@id":"https:\/\/ubirataonline.com.br\/%f0%9f%93%8b-santos-named-to-host-rb-bragantino-and-pull-clear-of-the-bottom-four\/#primaryimage"},"thumbnailUrl":"https:\/\/ubirataonline.com.br\/wp-content\/uploads\/2026\/05\/Santos-named-to-host-RB-Bragantino-and-pull-clear-of.jpeg","keywords":["Bottom","Bragantino","clear","host","Named","pull","Santos"],"articleSection":["Ubirat\u00e3"],"inLanguage":"en-US","copyrightYear":"2026","copyrightHolder":{"@id":"https:\/\/ubirataonline.com.br\/en\/#organization"}},{"@type":"WebPage","@id":"https:\/\/ubirataonline.com.br\/%f0%9f%93%8b-santos-named-to-host-rb-bragantino-and-pull-clear-of-the-bottom-four\/","url":"https:\/\/ubirataonline.com.br\/%f0%9f%93%8b-santos-named-to-host-rb-bragantino-and-pull-clear-of-the-bottom-four\/","name":"&#x1f4cb; Santos named to host RB Bragantino and pull clear of the bottom four - Ubirat\u00e3 Online Not\u00edcias - A realidade ao seu alcance!","isPartOf":{"@id":"https:\/\/ubirataonline.com.br\/#website"},"primaryImageOfPage":{"@id":"https:\/\/ubirataonline.com.br\/%f0%9f%93%8b-santos-named-to-host-rb-bragantino-and-pull-clear-of-the-bottom-four\/#primaryimage"},"image":{"@id":"https:\/\/ubirataonline.com.br\/%f0%9f%93%8b-santos-named-to-host-rb-bragantino-and-pull-clear-of-the-bottom-four\/#primaryimage"},"thumbnailUrl":"https:\/\/ubirataonline.com.br\/wp-content\/uploads\/2026\/05\/Santos-named-to-host-RB-Bragantino-and-pull-clear-of.jpeg","datePublished":"2026-05-10T21:03:20+00:00","dateModified":"2026-05-10T21:03:24+00:00","description":"This Sunday (10), Santos host RB Bragantino at Vila Belmiro at 6:30 p.m. (Bras\u00edlia time) for the 15th round of the 2026 Brasileir\u00e3o.Peixe are languishing","breadcrumb":{"@id":"https:\/\/ubirataonline.com.br\/%f0%9f%93%8b-santos-named-to-host-rb-bragantino-and-pull-clear-of-the-bottom-four\/#breadcrumb"},"inLanguage":"en-US","potentialAction":[{"@type":"ReadAction","target":["https:\/\/ubirataonline.com.br\/%f0%9f%93%8b-santos-named-to-host-rb-bragantino-and-pull-clear-of-the-bottom-four\/"]}]},{"@type":"ImageObject","inLanguage":"en-US","@id":"https:\/\/ubirataonline.com.br\/%f0%9f%93%8b-santos-named-to-host-rb-bragantino-and-pull-clear-of-the-bottom-four\/#primaryimage","url":"https:\/\/ubirataonline.com.br\/wp-content\/uploads\/2026\/05\/Santos-named-to-host-RB-Bragantino-and-pull-clear-of.jpeg","contentUrl":"https:\/\/ubirataonline.com.br\/wp-content\/uploads\/2026\/05\/Santos-named-to-host-RB-Bragantino-and-pull-clear-of.jpeg","width":1024,"height":683,"caption":"&#x1f4cb; Santos named to host RB Bragantino and pull clear of the bottom four"},{"@type":"BreadcrumbList","@id":"https:\/\/ubirataonline.com.br\/%f0%9f%93%8b-santos-named-to-host-rb-bragantino-and-pull-clear-of-the-bottom-four\/#breadcrumb","itemListElement":[{"@type":"ListItem","position":1,"name":"In\u00edcio","item":"https:\/\/ubirataonline.com.br\/"},{"@type":"ListItem","position":2,"name":"&#x1f4cb; Santos named to host RB Bragantino and pull clear of the bottom four"}]},{"@type":"WebSite","@id":"https:\/\/ubirataonline.com.br\/#website","url":"https:\/\/ubirataonline.com.br\/","name":"Ubirat\u00e3 Online Not\u00edcias","description":"Not\u00edcias de Ubirat\u00e3, regi\u00e3o, Brasil e mundo, com informa\u00e7\u00e3o atualizada e compromisso com o leitor.","publisher":{"@id":"https:\/\/ubirataonline.com.br\/#organization"},"alternateName":"Ubirat\u00e3 Online","potentialAction":[{"@type":"SearchAction","target":{"@type":"EntryPoint","urlTemplate":"https:\/\/ubirataonline.com.br\/?s={search_term_string}"},"query-input":{"@type":"PropertyValueSpecification","valueRequired":true,"valueName":"search_term_string"}}],"inLanguage":"en-US"},{"@type":["Organization","Place"],"@id":"https:\/\/ubirataonline.com.br\/#organization","name":"Ubirat\u00e3 Online Not\u00edcias","alternateName":"Ubirat\u00e3 Online","url":"https:\/\/ubirataonline.com.br\/","logo":{"@id":"https:\/\/ubirataonline.com.br\/%f0%9f%93%8b-santos-named-to-host-rb-bragantino-and-pull-clear-of-the-bottom-four\/#local-main-organization-logo"},"image":{"@id":"https:\/\/ubirataonline.com.br\/%f0%9f%93%8b-santos-named-to-host-rb-bragantino-and-pull-clear-of-the-bottom-four\/#local-main-organization-logo"},"sameAs":["https:\/\/www.facebook.com\/portalubirataonline","https:\/\/x.com\/ubirataonline","https:\/\/mastodon.social\/@ubirataonline","https:\/\/www.facebook.com\/groups\/311144672285604","https:\/\/www.facebook.com\/UBTAOnline","https:\/\/www.instagram.com\/portalubirataonline\/","https:\/\/twitter.com\/ubirataonline"],"description":"Somos um portal de not\u00edcias independente, criado em 5 de janeiro de 2009, com o objetivo de informar, conectar e valorizar a nossa comunidade de Ubirat\u00e3 e toda aregi\u00e3o. Com conte\u00fado atualizado, confi\u00e1vel e relevante, o Ubirat\u00e3 Online \u00e9 o seu espa\u00e7o para ficar por dentro dos principais acontecimentos locais, regionais, Brasil, Mundo e de interesse geral. Nosso compromisso \u00e9 com a verdade, a transpar\u00eancia e o respeito ao leitor.","legalName":"UBIRATA ONLINE NOT\u00cdCIAS","foundingDate":"2009-01-05","numberOfEmployees":{"@type":"QuantitativeValue","minValue":"1","maxValue":"10"},"publishingPrinciples":"https:\/\/ubirataonline.com.br\/faq\/","address":{"@id":"https:\/\/ubirataonline.com.br\/%f0%9f%93%8b-santos-named-to-host-rb-bragantino-and-pull-clear-of-the-bottom-four\/#local-main-place-address"},"geo":{"@type":"GeoCoordinates","latitude":"-24.5361401","longitude":"-52.9921776"},"telephone":["+5544998308235"],"contactPoint":{"@type":"ContactPoint","email":"contato@ubirataonline.com.br"},"openingHoursSpecification":{"@type":"OpeningHoursSpecification","dayOfWeek":["Monday","Tuesday","Wednesday","Thursday","Friday","Saturday","Sunday"],"opens":"00:00","closes":"23:59"},"email":"contato@ubirataonline.com.br","vatID":"47.621.418\/0001-80"},{"@type":"Person","@id":"https:\/\/ubirataonline.com.br\/#\/schema\/person\/372f87bbd3fdd79b8556b84c98d0bc1c","name":"REDA\u00c7\u00c3O: UBIRAT\u00c3 ONLINE - F\u00c1BIO AUGUSTO CELESTINO","pronouns":"Ele","description":"Desde 2003 trabalhando com not\u00edcias.","sameAs":["http:\/\/ubirataoline.com.br","https:\/\/www.facebook.com\/portalubirataonline","https:\/\/www.instagram.com\/ubirataonline_oficial","https:\/\/x.com\/x.com\/ubirataonline"],"honorificPrefix":"Mr.","honorificSuffix":"MD","birthDate":"1980-06-16","gender":"masculino","award":["V\u00e1rios pr\u00eamios de melhor portal da cidade"],"jobTitle":"Diretor","url":"https:\/\/ubirataonline.com.br\/en\/author\/ubirataonline\/"},{"@type":"PostalAddress","@id":"https:\/\/ubirataonline.com.br\/%f0%9f%93%8b-santos-named-to-host-rb-bragantino-and-pull-clear-of-the-bottom-four\/#local-main-place-address","streetAddress":"Rua dos Coqueiros, 104 - Bairro Boa Vista, Rua dos Coqueiros, 104 Bairro Boa Vista","addressLocality":"UBIRATA","postalCode":"85440-000","addressRegion":"PR","addressCountry":"BR"},{"@type":"ImageObject","inLanguage":"en-US","@id":"https:\/\/ubirataonline.com.br\/%f0%9f%93%8b-santos-named-to-host-rb-bragantino-and-pull-clear-of-the-bottom-four\/#local-main-organization-logo","url":"https:\/\/ubirataonline.com.br\/wp-content\/uploads\/2026\/06\/logoubirataonline-1.webp","contentUrl":"https:\/\/ubirataonline.com.br\/wp-content\/uploads\/2026\/06\/logoubirataonline-1.webp","width":500,"height":500,"caption":"Ubirat\u00e3 Online Not\u00edcias"}]},"geo.placename":"UBIRATA","geo.position":{"lat":"-24.5361401","long":"-52.9921776"},"geo.region":"Brazil"},"_links":{"self":[{"href":"https:\/\/ubirataonline.com.br\/en\/wp-json\/wp\/v2\/posts\/126275","targetHints":{"allow":["GET"]}}],"collection":[{"href":"https:\/\/ubirataonline.com.br\/en\/wp-json\/wp\/v2\/posts"}],"about":[{"href":"https:\/\/ubirataonline.com.br\/en\/wp-json\/wp\/v2\/types\/post"}],"author":[{"embeddable":true,"href":"https:\/\/ubirataonline.com.br\/en\/wp-json\/wp\/v2\/users\/1"}],"replies":[{"embeddable":true,"href":"https:\/\/ubirataonline.com.br\/en\/wp-json\/wp\/v2\/comments?post=126275"}],"version-history":[{"count":0,"href":"https:\/\/ubirataonline.com.br\/en\/wp-json\/wp\/v2\/posts\/126275\/revisions"}],"wp:featuredmedia":[{"embeddable":true,"href":"https:\/\/ubirataonline.com.br\/en\/wp-json\/wp\/v2\/media\/126276"}],"wp:attachment":[{"href":"https:\/\/ubirataonline.com.br\/en\/wp-json\/wp\/v2\/media?parent=126275"}],"wp:term":[{"taxonomy":"category","embeddable":true,"href":"https:\/\/ubirataonline.com.br\/en\/wp-json\/wp\/v2\/categories?post=126275"},{"taxonomy":"post_tag","embeddable":true,"href":"https:\/\/ubirataonline.com.br\/en\/wp-json\/wp\/v2\/tags?post=126275"}],"curies":[{"name":"wp","href":"https:\/\/api.w.org\/{rel}","templated":true}]}}