{"id":126996,"date":"2026-05-11T15:04:18","date_gmt":"2026-05-11T18:04:18","guid":{"rendered":"https:\/\/ubirataonline.com.br\/epic-fury-has-navy-rethinking-carrier-deployment-tempo\/"},"modified":"2026-05-11T15:04:20","modified_gmt":"2026-05-11T18:04:20","slug":"epic-fury-has-navy-rethinking-carrier-deployment-tempo","status":"publish","type":"post","link":"https:\/\/ubirataonline.com.br\/en\/epic-fury-has-navy-rethinking-carrier-deployment-tempo\/","title":{"rendered":"Epic Fury has Navy rethinking carrier deployment tempo"},"content":{"rendered":"<p><br \/>\n<\/p>\n<div id=\"\">\n<p class=\"Paragraph-sc-1tqpf5s-0 bFwqVI body-paragraph body-paragraph\">With the aircraft carrier USS Gerald R. Ford en route home from what has become the <a href=\"https:\/\/www.militarytimes.com\/news\/your-navy\/2026\/04\/15\/uss-gerald-r-ford-breaks-record-for-longest-post-vietnam-deployment\/?dicbo=v2-QRAcWmr&amp;contentFeatureId=f0fmoahPVC2AbfL-2-1-8&amp;contentQuery=%7B%22includeSections%22%3A%22%2Fhome%22%2C%22excludeSections%22%3A%22%22%2C%22feedSize%22%3A10%2C%22feedOffset%22%3A115%7D\" target=\"_blank\" rel=\"noreferrer\" title=\"https:\/\/www.militarytimes.com\/news\/your-navy\/2026\/04\/15\/uss-gerald-r-ford-breaks-record-for-longest-post-vietnam-deployment\/?dicbo=v2-QRAcWmr&amp;contentFeatureId=f0fmoahPVC2AbfL-2-1-8&amp;contentQuery=%7B%22includeSections%22%3A%22%2Fhome%22%2C%22excludeSections%22%3A%22%22%2C%22feedSize%22%3A10%2C%22feedOffset%22%3A115%7D\">longest U.S. Navy float since Vietnam<\/a>, the service is reconsidering how to sustain a wartime fighting force.<\/p>\n<p class=\"Paragraph-sc-1tqpf5s-0 bFwqVI body-paragraph body-paragraph\">That\u2019s according to Master Chief Petty Officer of the Navy John Perryman, who addressed service needs and quality of life concerns at a forum hosted by Military Officers Association of America this month.<\/p>\n<p class=\"Paragraph-sc-1tqpf5s-0 bFwqVI body-paragraph body-paragraph\">With the back-to-back operational demands of the military intervention to capture and extract Venezuelan president Nicolas Maduro in January, followed by the airstrikes on and subsequent naval blockade of Iran, and amid ongoing drug interdiction operations around South and Central America, older force generation models are proving less effective, he said.<\/p>\n<p class=\"Paragraph-sc-1tqpf5s-0 bFwqVI body-paragraph body-paragraph\">\u201cSo, one of the things we\u2019ve learned is we\u2019re going to have to come up with a different force generation model,\u201d Perryman said. \u201c&#8230; And so we think we can do better in our force generation model to generate the readiness that we know the department is going to consume. And so \u2026 let\u2019s take a step back and really evaluate what that should look like.\u201d<\/p>\n<p class=\"Paragraph-sc-1tqpf5s-0 bFwqVI body-paragraph body-paragraph\">Throughout his career, he said, the force generation model had largely been based on a peacetime mindset. <\/p>\n<p class=\"Paragraph-sc-1tqpf5s-0 bFwqVI body-paragraph body-paragraph\">\u201cIt\u2019s like this conveyor belt that\u2019s very prescriptive, and it executes on time,\u201d he said.<\/p>\n<p class=\"Paragraph-sc-1tqpf5s-0 bFwqVI body-paragraph body-paragraph\">For example, Perryman said, carrier strike groups deploy on three-year centers, meaning they cycle through training, deployment and maintenance every three years. <\/p>\n<p class=\"Paragraph-sc-1tqpf5s-0 bFwqVI body-paragraph body-paragraph\">As recently as 2020, then-Chief of Naval Operations <a href=\"https:\/\/news.usni.org\/2020\/03\/02\/cno-gilday-defends-36-month-carrier-cycle-says-navy-has-never-missed-a-deployment\" target=\"_blank\" rel=\"\">Adm. Michael Gilday defended<\/a> this structure amid proposals for change from then-Defense Secretary Mark Esper, saying the Navy had \u201cmade and are projecting into the future to continue to meet every commitment, every deployment that we\u2019ve been directed to do.\u201d<\/p>\n<p class=\"Paragraph-sc-1tqpf5s-0 bFwqVI body-paragraph body-paragraph\">But the deployment of the Ford, which will have been deployed for more than 330 days when it\u2019s slated to pull into port in Norfolk, Va., at the end of this month, has reopened the debate about how the Navy, which has historically had five- to seven-month pumps, should structure deployments and time at home, Perryman said. <\/p>\n<p class=\"Paragraph-sc-1tqpf5s-0 bFwqVI body-paragraph body-paragraph\">The Navy, he said, was considering challenges ranging from acquiring enough spare parts, to building in appropriate time for reset and training.<\/p>\n<p class=\"Paragraph-sc-1tqpf5s-0 bFwqVI body-paragraph body-paragraph\">\u201cSo really that\u2019s what we\u2019re taking away from this. And we\u2019ve started to do, I think, some pretty transformative work in that area,\u201d he said.<\/p>\n<p class=\"Paragraph-sc-1tqpf5s-0 bFwqVI body-paragraph body-paragraph\">The Navy in late April marked a first in more than two decades with three aircraft carriers operating simultaneously in the waters surrounding the Middle East.<\/p>\n<div class=\"InterstitialLink-sc-1hqz4g0-1 hkskXA\">\n<h6 class=\"ClampedBox-sc-1pg0sor-0 Heading__H1-sc-i0amlx-0 eCEXUq gzoeOA ChannelHeading-sc-1c6we3j-0 OverlineHeading-sc-18ofnig-0 lozVnJ edrCUm a-heading6 ChannelHeading-sc-1c6we3j-0 OverlineHeading-sc-18ofnig-0 lozVnJ edrCUm a-heading6\" style=\"--f-w:inherit\">RELATED<\/h6>\n<article itemscope=\"\" style=\"--isOverlay:'';--isExpanding:'';--isCard:'';--isInset:'';--isLandscape:inherit;--isFluidImage:'';--isFixedHeight:inherit;--isCollapsing:'';--cardHInset:var(--horizontalGap);--cardVInset:var(--atype-space-s);--fontScale:var(--atype-scale-up-0, 1em);--relatedMargin:var(--horizontalGap);--floatDirection:left;--floatLeft:0;--floatRight:inherit;--floatMargin:0 max(var(--cardVInset), var(--atype-space-xs, 1rem)) 0 0;--flexDirection:inherit;--cg:max(var(--cardVInset), var(--atype-space-xs, 1rem));--aspectRatio:1:1;--imageWidth:800px;--landscapeImagePercent:50;--landscapeImageWidth:50%\" itemtype=\"http:\/\/schema.org\/Article\" data-story-url=\"https:\/\/www.navytimes.com\/news\/your-military\/2026\/04\/24\/threes-company-trio-of-us-carriers-operating-in-middle-east-for-first-time-in-decades\/\" data-story-id=\"3HVH5TC6R5D3FLMH2DXGSXQXJA\" data-feature-id=\"false\" data-story-index=\"1\" data-promo-type=\"image\" class=\"View__Article-sc-88btjd-1 jZpGZb View__StoryView-sc-88btjd-5 bjUdUx o-storyCard --up-0 --landscape       --story\">\n<div class=\"View__PromoWrapper-sc-88btjd-4 bSzZeZ o-storyCard__promo\">\n<div class=\"View__MediaWrapper-sc-88btjd-0 bHCoNl o-storyCard__media o-storyCard__media a-heading6\">\n<figure class=\"LazyMedia-sc-1vxvan1-0 bqGhpp f-lazyMedia navy-times fuq f-lazyMedia navy-times fuq\" label=\"[object Object]\" type=\"story\" style=\"--focal-point-x:inherit;--focal-point-y:inherit;--bg-image:inherit;--a-r:100.00%;--a-r-s:100.00%;--imagePosition:inherit;--t-p:0;--r-p:var(--aspectRatio);--writing-mode:vertical-lr;--float:left;--l-h:6;--l-h-s:3;--paddingContent:unset;--w:auto;--h:auto\"><picture><\/picture><\/figure>\n<\/div>\n<\/div>\n<\/article>\n<\/div>\n<p class=\"Paragraph-sc-1tqpf5s-0 bFwqVI body-paragraph body-paragraph\">Perryman\u2019s comments advance a proposition by Chief of Naval Operations Adm. Daryl Caudle in late April at the Modern Day Marine Symposium. Caudle suggested transitioning amphibious ships, also on a 36-month deployment cycle, to a 50- or 52-month cycle that would incorporate two deployments. <\/p>\n<p class=\"Paragraph-sc-1tqpf5s-0 bFwqVI body-paragraph body-paragraph\">By getting two deployments out of the same training and maintenance phase, Caudle suggested the Navy could \u201creduce the overhead \u2026 [and] gain some efficiency,\u201d <a href=\"https:\/\/breakingdefense.com\/2026\/04\/navy-marine-corps-weighing-force-generation-model-revamp-for-amphibs\/\" target=\"_blank\" rel=\"\">Breaking Defense<\/a> reported.<\/p>\n<h2 class=\"heading__StyledHeading-sc-123v3ct-0 cdpXGR a-heading2\">Army, Air Force reevaluate demands<\/h2>\n<p class=\"Paragraph-sc-1tqpf5s-0 bFwqVI body-paragraph body-paragraph\">Other senior enlisted leaders who spoke alongside Perryman also described the difficulty of adapting to operational demands and an uncertain timeline.<\/p>\n<p class=\"Paragraph-sc-1tqpf5s-0 bFwqVI body-paragraph body-paragraph\">Sergeant Major of the Army Michael Weimer said his service was working to develop \u201ctrue readiness measurements\u201d while also \u201ctrying to manage the current op tempo.\u201d<\/p>\n<p class=\"Paragraph-sc-1tqpf5s-0 bFwqVI body-paragraph body-paragraph\">At home, he said, the Army was working to modernize training ranges and align training more closely with current threats.<\/p>\n<p class=\"Paragraph-sc-1tqpf5s-0 bFwqVI body-paragraph body-paragraph\">Chief Master Sergeant of the Air Force David Wolfe said months of air sorties had left the service with \u201ctired folks out there and some tired equipment that needs our attention.\u201d<\/p>\n<p class=\"Paragraph-sc-1tqpf5s-0 bFwqVI body-paragraph body-paragraph\">\u201cAnother thing we\u2019ve learned is that when you put the resources and the parts forward with the aircraft, the aircraft fly at an amazingly high rate, right,\u201d he said. <\/p>\n<p class=\"Paragraph-sc-1tqpf5s-0 bFwqVI body-paragraph body-paragraph\">\u201cSo we\u2019ve got some work to do in that department with, you know, stable and predictable budgets and making sure that we\u2019ve got the parts and the resources that we need in the places that we need them,\u201d Wolfe added. \u201cWe need to do a better job of that in garrison, when we\u2019re getting ready for whatever is to come, whatever we\u2019re asked to do.\u201d<\/p>\n<p class=\"Paragraph-sc-1tqpf5s-0 bFwqVI body-paragraph body-paragraph\">But all the enlisted leaders emphasized their troops were performing well. The senior enlisted adviser to the Chairman of the Joint Chiefs of Staff, David Isom, said the number of troops who had returned to duty after combat injuries was \u201coff the charts.\u201d<\/p>\n<p class=\"Paragraph-sc-1tqpf5s-0 bFwqVI body-paragraph body-paragraph\">Isom added that he\u2019d visited the sailors onboard the deployed carrier Ford and found them \u201cmotivated, excited, mission-focused.\u201d<\/p>\n<p class=\"Paragraph-sc-1tqpf5s-0 bFwqVI body-paragraph body-paragraph\">\u201cI think that kind of inspiration keeps people coming back and inspires the next generation,\u201d he said. \u201cAnd we do see a lot of propensity to serve.\u201d<\/p>\n<\/div>\n<p><br \/>\n<br \/><a href=\"https:\/\/www.navytimes.com\/news\/your-navy\/2026\/05\/11\/epic-fury-has-navy-rethinking-carrier-deployment-tempo\/\">Source link <\/a><\/p>\n","protected":false},"excerpt":{"rendered":"<p>With the aircraft carrier USS Gerald R. Ford en route home from what has become the longest U.S. Navy float since Vietnam, the service is reconsidering how to sustain a wartime fighting force. That\u2019s according to Master Chief Petty Officer of the Navy John Perryman, who addressed service needs and quality of life concerns at [&hellip;]<\/p>\n","protected":false},"author":1,"featured_media":126997,"comment_status":"closed","ping_status":"","sticky":false,"template":"","format":"standard","meta":{"googlesitekit_rrm_CAow2JLhCw:productID":"","_gspb_post_css":"","maa_idioma":"","maa_pais":"","footnotes":""},"categories":[1],"tags":[27356,28985,11023,17470,7931,31607,4769],"class_list":["post-126996","post","type-post","status-publish","format-standard","has-post-thumbnail","hentry","category-ubirata","tag-carrier","tag-deployment","tag-epic","tag-fury","tag-navy","tag-rethinking","tag-tempo"],"blocksy_meta":[],"yoast_head":"<!-- This site is optimized with the Yoast SEO Premium plugin v27.6 (Yoast SEO v27.6) - https:\/\/yoast.com\/product\/yoast-seo-premium-wordpress\/ -->\n<title>Epic Fury has Navy rethinking carrier deployment tempo - Ubirat\u00e3 Online Not\u00edcias - A realidade ao seu alcance!<\/title>\n<meta name=\"description\" content=\"With the aircraft carrier USS Gerald R. Ford en route home from what has become the longest U.S. Navy float since Vietnam, the service is reconsidering\" \/>\n<meta name=\"robots\" content=\"index, follow, max-snippet:-1, max-image-preview:large, max-video-preview:-1\" \/>\n<link rel=\"canonical\" href=\"https:\/\/ubirataonline.com.br\/en\/epic-fury-has-navy-rethinking-carrier-deployment-tempo\/\" \/>\n<meta property=\"og:locale\" content=\"en_US\" \/>\n<meta property=\"og:type\" content=\"article\" \/>\n<meta property=\"og:title\" content=\"Epic Fury has Navy rethinking carrier deployment tempo\" \/>\n<meta property=\"og:description\" content=\"With the aircraft carrier USS Gerald R. Ford en route home from what has become the longest U.S. Navy float since Vietnam, the service is reconsidering\" \/>\n<meta property=\"og:url\" content=\"https:\/\/ubirataonline.com.br\/en\/epic-fury-has-navy-rethinking-carrier-deployment-tempo\/\" \/>\n<meta property=\"og:site_name\" content=\"Ubirat\u00e3 Online Not\u00edcias - A realidade ao seu alcance!\" \/>\n<meta property=\"article:publisher\" content=\"https:\/\/www.facebook.com\/portalubirataonline\" \/>\n<meta property=\"article:author\" content=\"https:\/\/www.facebook.com\/portalubirataonline\" \/>\n<meta property=\"article:published_time\" content=\"2026-05-11T18:04:18+00:00\" \/>\n<meta property=\"article:modified_time\" content=\"2026-05-11T18:04:20+00:00\" \/>\n<meta property=\"og:image\" content=\"https:\/\/ubirataonline.com.br\/wp-content\/uploads\/2026\/05\/Epic-Fury-has-Navy-rethinking-carrier-deployment-tempo.jpg\" \/>\n\t<meta property=\"og:image:width\" content=\"1200\" \/>\n\t<meta property=\"og:image:height\" content=\"927\" \/>\n\t<meta property=\"og:image:type\" content=\"image\/jpeg\" \/>\n<meta name=\"author\" content=\"REDA\u00c7\u00c3O: UBIRAT\u00c3 ONLINE - F\u00c1BIO AUGUSTO CELESTINO\" \/>\n<meta name=\"twitter:card\" content=\"summary_large_image\" \/>\n<meta name=\"twitter:creator\" content=\"@x.com\/ubirataonline\" \/>\n<meta name=\"twitter:site\" content=\"@ubirataonline\" \/>\n<meta name=\"twitter:label1\" content=\"Written by\" \/>\n\t<meta name=\"twitter:data1\" content=\"REDA\u00c7\u00c3O: UBIRAT\u00c3 ONLINE - F\u00c1BIO AUGUSTO CELESTINO\" \/>\n\t<meta name=\"twitter:label2\" content=\"Est. reading time\" \/>\n\t<meta name=\"twitter:data2\" content=\"4 minutes\" \/>\n<script type=\"application\/ld+json\" class=\"yoast-schema-graph\">{\"@context\":\"https:\\\/\\\/schema.org\",\"@graph\":[{\"@type\":\"NewsArticle\",\"@id\":\"https:\\\/\\\/ubirataonline.com.br\\\/epic-fury-has-navy-rethinking-carrier-deployment-tempo\\\/#article\",\"isPartOf\":{\"@id\":\"https:\\\/\\\/ubirataonline.com.br\\\/epic-fury-has-navy-rethinking-carrier-deployment-tempo\\\/\"},\"author\":{\"name\":\"REDA\u00c7\u00c3O: UBIRAT\u00c3 ONLINE - F\u00c1BIO AUGUSTO CELESTINO\",\"@id\":\"https:\\\/\\\/ubirataonline.com.br\\\/#\\\/schema\\\/person\\\/372f87bbd3fdd79b8556b84c98d0bc1c\"},\"headline\":\"Epic Fury has Navy rethinking carrier deployment tempo\",\"datePublished\":\"2026-05-11T18:04:18+00:00\",\"dateModified\":\"2026-05-11T18:04:20+00:00\",\"mainEntityOfPage\":{\"@id\":\"https:\\\/\\\/ubirataonline.com.br\\\/epic-fury-has-navy-rethinking-carrier-deployment-tempo\\\/\"},\"wordCount\":799,\"publisher\":{\"@id\":\"https:\\\/\\\/ubirataonline.com.br\\\/#organization\"},\"image\":{\"@id\":\"https:\\\/\\\/ubirataonline.com.br\\\/epic-fury-has-navy-rethinking-carrier-deployment-tempo\\\/#primaryimage\"},\"thumbnailUrl\":\"https:\\\/\\\/ubirataonline.com.br\\\/wp-content\\\/uploads\\\/2026\\\/05\\\/Epic-Fury-has-Navy-rethinking-carrier-deployment-tempo.jpg\",\"keywords\":[\"carrier\",\"deployment\",\"epic\",\"fury\",\"Navy\",\"Rethinking\",\"tempo\"],\"articleSection\":[\"Ubirat\u00e3\"],\"inLanguage\":\"en-US\",\"copyrightYear\":\"2026\",\"copyrightHolder\":{\"@id\":\"https:\\\/\\\/ubirataonline.com.br\\\/en\\\/#organization\"}},{\"@type\":\"WebPage\",\"@id\":\"https:\\\/\\\/ubirataonline.com.br\\\/epic-fury-has-navy-rethinking-carrier-deployment-tempo\\\/\",\"url\":\"https:\\\/\\\/ubirataonline.com.br\\\/epic-fury-has-navy-rethinking-carrier-deployment-tempo\\\/\",\"name\":\"Epic Fury has Navy rethinking carrier deployment tempo - Ubirat\u00e3 Online Not\u00edcias - A realidade ao seu alcance!\",\"isPartOf\":{\"@id\":\"https:\\\/\\\/ubirataonline.com.br\\\/#website\"},\"primaryImageOfPage\":{\"@id\":\"https:\\\/\\\/ubirataonline.com.br\\\/epic-fury-has-navy-rethinking-carrier-deployment-tempo\\\/#primaryimage\"},\"image\":{\"@id\":\"https:\\\/\\\/ubirataonline.com.br\\\/epic-fury-has-navy-rethinking-carrier-deployment-tempo\\\/#primaryimage\"},\"thumbnailUrl\":\"https:\\\/\\\/ubirataonline.com.br\\\/wp-content\\\/uploads\\\/2026\\\/05\\\/Epic-Fury-has-Navy-rethinking-carrier-deployment-tempo.jpg\",\"datePublished\":\"2026-05-11T18:04:18+00:00\",\"dateModified\":\"2026-05-11T18:04:20+00:00\",\"description\":\"With the aircraft carrier USS Gerald R. Ford en route home from what has become the longest U.S. Navy float since Vietnam, the service is reconsidering\",\"breadcrumb\":{\"@id\":\"https:\\\/\\\/ubirataonline.com.br\\\/epic-fury-has-navy-rethinking-carrier-deployment-tempo\\\/#breadcrumb\"},\"inLanguage\":\"en-US\",\"potentialAction\":[{\"@type\":\"ReadAction\",\"target\":[\"https:\\\/\\\/ubirataonline.com.br\\\/epic-fury-has-navy-rethinking-carrier-deployment-tempo\\\/\"]}]},{\"@type\":\"ImageObject\",\"inLanguage\":\"en-US\",\"@id\":\"https:\\\/\\\/ubirataonline.com.br\\\/epic-fury-has-navy-rethinking-carrier-deployment-tempo\\\/#primaryimage\",\"url\":\"https:\\\/\\\/ubirataonline.com.br\\\/wp-content\\\/uploads\\\/2026\\\/05\\\/Epic-Fury-has-Navy-rethinking-carrier-deployment-tempo.jpg\",\"contentUrl\":\"https:\\\/\\\/ubirataonline.com.br\\\/wp-content\\\/uploads\\\/2026\\\/05\\\/Epic-Fury-has-Navy-rethinking-carrier-deployment-tempo.jpg\",\"width\":1200,\"height\":927,\"caption\":\"The USS Gerald R. Ford arrives at the NATO Marathi Pier Complex in Souda Bay, Crete, Greece, during a scheduled port visit on Feb. 23, 2026. (MCS3 Hannah Donahue\\\/U.S. Navy)\"},{\"@type\":\"BreadcrumbList\",\"@id\":\"https:\\\/\\\/ubirataonline.com.br\\\/epic-fury-has-navy-rethinking-carrier-deployment-tempo\\\/#breadcrumb\",\"itemListElement\":[{\"@type\":\"ListItem\",\"position\":1,\"name\":\"In\u00edcio\",\"item\":\"https:\\\/\\\/ubirataonline.com.br\\\/\"},{\"@type\":\"ListItem\",\"position\":2,\"name\":\"Epic Fury has Navy rethinking carrier deployment tempo\"}]},{\"@type\":\"WebSite\",\"@id\":\"https:\\\/\\\/ubirataonline.com.br\\\/#website\",\"url\":\"https:\\\/\\\/ubirataonline.com.br\\\/\",\"name\":\"Ubirat\u00e3 Online Not\u00edcias\",\"description\":\"Not\u00edcias de Ubirat\u00e3, regi\u00e3o, Brasil e mundo, com informa\u00e7\u00e3o atualizada e compromisso com o leitor.\",\"publisher\":{\"@id\":\"https:\\\/\\\/ubirataonline.com.br\\\/#organization\"},\"alternateName\":\"Ubirat\u00e3 Online\",\"potentialAction\":[{\"@type\":\"SearchAction\",\"target\":{\"@type\":\"EntryPoint\",\"urlTemplate\":\"https:\\\/\\\/ubirataonline.com.br\\\/?s={search_term_string}\"},\"query-input\":{\"@type\":\"PropertyValueSpecification\",\"valueRequired\":true,\"valueName\":\"search_term_string\"}}],\"inLanguage\":\"en-US\"},{\"@type\":[\"Organization\",\"Place\"],\"@id\":\"https:\\\/\\\/ubirataonline.com.br\\\/#organization\",\"name\":\"Ubirat\u00e3 Online Not\u00edcias\",\"alternateName\":\"Ubirat\u00e3 Online\",\"url\":\"https:\\\/\\\/ubirataonline.com.br\\\/\",\"logo\":{\"@id\":\"https:\\\/\\\/ubirataonline.com.br\\\/epic-fury-has-navy-rethinking-carrier-deployment-tempo\\\/#local-main-organization-logo\"},\"image\":{\"@id\":\"https:\\\/\\\/ubirataonline.com.br\\\/epic-fury-has-navy-rethinking-carrier-deployment-tempo\\\/#local-main-organization-logo\"},\"sameAs\":[\"https:\\\/\\\/www.facebook.com\\\/portalubirataonline\",\"https:\\\/\\\/x.com\\\/ubirataonline\",\"https:\\\/\\\/mastodon.social\\\/@ubirataonline\",\"https:\\\/\\\/www.facebook.com\\\/groups\\\/311144672285604\",\"https:\\\/\\\/www.facebook.com\\\/UBTAOnline\",\"https:\\\/\\\/www.instagram.com\\\/portalubirataonline\\\/\",\"https:\\\/\\\/twitter.com\\\/ubirataonline\"],\"description\":\"Somos um portal de not\u00edcias independente, criado em 5 de janeiro de 2009, com o objetivo de informar, conectar e valorizar a nossa comunidade de Ubirat\u00e3 e toda aregi\u00e3o. Com conte\u00fado atualizado, confi\u00e1vel e relevante, o Ubirat\u00e3 Online \u00e9 o seu espa\u00e7o para ficar por dentro dos principais acontecimentos locais, regionais, Brasil, Mundo e de interesse geral. Nosso compromisso \u00e9 com a verdade, a transpar\u00eancia e o respeito ao leitor.\",\"legalName\":\"UBIRATA ONLINE NOT\u00cdCIAS\",\"foundingDate\":\"2009-01-05\",\"numberOfEmployees\":{\"@type\":\"QuantitativeValue\",\"minValue\":\"1\",\"maxValue\":\"10\"},\"publishingPrinciples\":\"https:\\\/\\\/ubirataonline.com.br\\\/faq\\\/\",\"address\":{\"@id\":\"https:\\\/\\\/ubirataonline.com.br\\\/epic-fury-has-navy-rethinking-carrier-deployment-tempo\\\/#local-main-place-address\"},\"geo\":{\"@type\":\"GeoCoordinates\",\"latitude\":\"-24.5361401\",\"longitude\":\"-52.9921776\"},\"telephone\":[\"+5544998308235\"],\"contactPoint\":{\"@type\":\"ContactPoint\",\"email\":\"contato@ubirataonline.com.br\"},\"openingHoursSpecification\":{\"@type\":\"OpeningHoursSpecification\",\"dayOfWeek\":[\"Monday\",\"Tuesday\",\"Wednesday\",\"Thursday\",\"Friday\",\"Saturday\",\"Sunday\"],\"opens\":\"00:00\",\"closes\":\"23:59\"},\"email\":\"contato@ubirataonline.com.br\",\"vatID\":\"47.621.418\\\/0001-80\"},{\"@type\":\"Person\",\"@id\":\"https:\\\/\\\/ubirataonline.com.br\\\/#\\\/schema\\\/person\\\/372f87bbd3fdd79b8556b84c98d0bc1c\",\"name\":\"REDA\u00c7\u00c3O: UBIRAT\u00c3 ONLINE - F\u00c1BIO AUGUSTO CELESTINO\",\"pronouns\":\"Ele\",\"description\":\"Desde 2003 trabalhando com not\u00edcias.\",\"sameAs\":[\"http:\\\/\\\/ubirataoline.com.br\",\"https:\\\/\\\/www.facebook.com\\\/portalubirataonline\",\"https:\\\/\\\/www.instagram.com\\\/ubirataonline_oficial\",\"https:\\\/\\\/x.com\\\/x.com\\\/ubirataonline\"],\"honorificPrefix\":\"Mr.\",\"honorificSuffix\":\"MD\",\"birthDate\":\"1980-06-16\",\"gender\":\"masculino\",\"award\":[\"V\u00e1rios pr\u00eamios de melhor portal da cidade\"],\"jobTitle\":\"Diretor\",\"url\":\"https:\\\/\\\/ubirataonline.com.br\\\/en\\\/author\\\/ubirataonline\\\/\"},{\"@type\":\"PostalAddress\",\"@id\":\"https:\\\/\\\/ubirataonline.com.br\\\/epic-fury-has-navy-rethinking-carrier-deployment-tempo\\\/#local-main-place-address\",\"streetAddress\":\"Rua dos Coqueiros, 104 - Bairro Boa Vista, Rua dos Coqueiros, 104 Bairro Boa Vista\",\"addressLocality\":\"UBIRATA\",\"postalCode\":\"85440-000\",\"addressRegion\":\"PR\",\"addressCountry\":\"BR\"},{\"@type\":\"ImageObject\",\"inLanguage\":\"en-US\",\"@id\":\"https:\\\/\\\/ubirataonline.com.br\\\/epic-fury-has-navy-rethinking-carrier-deployment-tempo\\\/#local-main-organization-logo\",\"url\":\"https:\\\/\\\/ubirataonline.com.br\\\/wp-content\\\/uploads\\\/2026\\\/06\\\/logoubirataonline-1.webp\",\"contentUrl\":\"https:\\\/\\\/ubirataonline.com.br\\\/wp-content\\\/uploads\\\/2026\\\/06\\\/logoubirataonline-1.webp\",\"width\":500,\"height\":500,\"caption\":\"Ubirat\u00e3 Online Not\u00edcias\"}]}<\/script>\n<meta name=\"geo.placename\" content=\"UBIRATA\" \/>\n<meta name=\"geo.position\" content=\"-24.5361401;-52.9921776\" \/>\n<meta name=\"geo.region\" content=\"Brazil\" \/>\n<!-- \/ Yoast SEO Premium plugin. -->","yoast_head_json":{"title":"Epic Fury has Navy rethinking carrier deployment tempo - Ubirat\u00e3 Online Not\u00edcias - A realidade ao seu alcance!","description":"With the aircraft carrier USS Gerald R. Ford en route home from what has become the longest U.S. Navy float since Vietnam, the service is reconsidering","robots":{"index":"index","follow":"follow","max-snippet":"max-snippet:-1","max-image-preview":"max-image-preview:large","max-video-preview":"max-video-preview:-1"},"canonical":"https:\/\/ubirataonline.com.br\/en\/epic-fury-has-navy-rethinking-carrier-deployment-tempo\/","og_locale":"en_US","og_type":"article","og_title":"Epic Fury has Navy rethinking carrier deployment tempo","og_description":"With the aircraft carrier USS Gerald R. Ford en route home from what has become the longest U.S. Navy float since Vietnam, the service is reconsidering","og_url":"https:\/\/ubirataonline.com.br\/en\/epic-fury-has-navy-rethinking-carrier-deployment-tempo\/","og_site_name":"Ubirat\u00e3 Online Not\u00edcias - A realidade ao seu alcance!","article_publisher":"https:\/\/www.facebook.com\/portalubirataonline","article_author":"https:\/\/www.facebook.com\/portalubirataonline","article_published_time":"2026-05-11T18:04:18+00:00","article_modified_time":"2026-05-11T18:04:20+00:00","og_image":[{"width":1200,"height":927,"url":"https:\/\/ubirataonline.com.br\/wp-content\/uploads\/2026\/05\/Epic-Fury-has-Navy-rethinking-carrier-deployment-tempo.jpg","type":"image\/jpeg"}],"author":"REDA\u00c7\u00c3O: UBIRAT\u00c3 ONLINE - F\u00c1BIO AUGUSTO CELESTINO","twitter_card":"summary_large_image","twitter_creator":"@x.com\/ubirataonline","twitter_site":"@ubirataonline","twitter_misc":{"Written by":"REDA\u00c7\u00c3O: UBIRAT\u00c3 ONLINE - F\u00c1BIO AUGUSTO CELESTINO","Est. reading time":"4 minutes"},"schema":{"@context":"https:\/\/schema.org","@graph":[{"@type":"NewsArticle","@id":"https:\/\/ubirataonline.com.br\/epic-fury-has-navy-rethinking-carrier-deployment-tempo\/#article","isPartOf":{"@id":"https:\/\/ubirataonline.com.br\/epic-fury-has-navy-rethinking-carrier-deployment-tempo\/"},"author":{"name":"REDA\u00c7\u00c3O: UBIRAT\u00c3 ONLINE - F\u00c1BIO AUGUSTO CELESTINO","@id":"https:\/\/ubirataonline.com.br\/#\/schema\/person\/372f87bbd3fdd79b8556b84c98d0bc1c"},"headline":"Epic Fury has Navy rethinking carrier deployment tempo","datePublished":"2026-05-11T18:04:18+00:00","dateModified":"2026-05-11T18:04:20+00:00","mainEntityOfPage":{"@id":"https:\/\/ubirataonline.com.br\/epic-fury-has-navy-rethinking-carrier-deployment-tempo\/"},"wordCount":799,"publisher":{"@id":"https:\/\/ubirataonline.com.br\/#organization"},"image":{"@id":"https:\/\/ubirataonline.com.br\/epic-fury-has-navy-rethinking-carrier-deployment-tempo\/#primaryimage"},"thumbnailUrl":"https:\/\/ubirataonline.com.br\/wp-content\/uploads\/2026\/05\/Epic-Fury-has-Navy-rethinking-carrier-deployment-tempo.jpg","keywords":["carrier","deployment","epic","fury","Navy","Rethinking","tempo"],"articleSection":["Ubirat\u00e3"],"inLanguage":"en-US","copyrightYear":"2026","copyrightHolder":{"@id":"https:\/\/ubirataonline.com.br\/en\/#organization"}},{"@type":"WebPage","@id":"https:\/\/ubirataonline.com.br\/epic-fury-has-navy-rethinking-carrier-deployment-tempo\/","url":"https:\/\/ubirataonline.com.br\/epic-fury-has-navy-rethinking-carrier-deployment-tempo\/","name":"Epic Fury has Navy rethinking carrier deployment tempo - Ubirat\u00e3 Online Not\u00edcias - A realidade ao seu alcance!","isPartOf":{"@id":"https:\/\/ubirataonline.com.br\/#website"},"primaryImageOfPage":{"@id":"https:\/\/ubirataonline.com.br\/epic-fury-has-navy-rethinking-carrier-deployment-tempo\/#primaryimage"},"image":{"@id":"https:\/\/ubirataonline.com.br\/epic-fury-has-navy-rethinking-carrier-deployment-tempo\/#primaryimage"},"thumbnailUrl":"https:\/\/ubirataonline.com.br\/wp-content\/uploads\/2026\/05\/Epic-Fury-has-Navy-rethinking-carrier-deployment-tempo.jpg","datePublished":"2026-05-11T18:04:18+00:00","dateModified":"2026-05-11T18:04:20+00:00","description":"With the aircraft carrier USS Gerald R. Ford en route home from what has become the longest U.S. Navy float since Vietnam, the service is reconsidering","breadcrumb":{"@id":"https:\/\/ubirataonline.com.br\/epic-fury-has-navy-rethinking-carrier-deployment-tempo\/#breadcrumb"},"inLanguage":"en-US","potentialAction":[{"@type":"ReadAction","target":["https:\/\/ubirataonline.com.br\/epic-fury-has-navy-rethinking-carrier-deployment-tempo\/"]}]},{"@type":"ImageObject","inLanguage":"en-US","@id":"https:\/\/ubirataonline.com.br\/epic-fury-has-navy-rethinking-carrier-deployment-tempo\/#primaryimage","url":"https:\/\/ubirataonline.com.br\/wp-content\/uploads\/2026\/05\/Epic-Fury-has-Navy-rethinking-carrier-deployment-tempo.jpg","contentUrl":"https:\/\/ubirataonline.com.br\/wp-content\/uploads\/2026\/05\/Epic-Fury-has-Navy-rethinking-carrier-deployment-tempo.jpg","width":1200,"height":927,"caption":"The USS Gerald R. Ford arrives at the NATO Marathi Pier Complex in Souda Bay, Crete, Greece, during a scheduled port visit on Feb. 23, 2026. (MCS3 Hannah Donahue\/U.S. Navy)"},{"@type":"BreadcrumbList","@id":"https:\/\/ubirataonline.com.br\/epic-fury-has-navy-rethinking-carrier-deployment-tempo\/#breadcrumb","itemListElement":[{"@type":"ListItem","position":1,"name":"In\u00edcio","item":"https:\/\/ubirataonline.com.br\/"},{"@type":"ListItem","position":2,"name":"Epic Fury has Navy rethinking carrier deployment tempo"}]},{"@type":"WebSite","@id":"https:\/\/ubirataonline.com.br\/#website","url":"https:\/\/ubirataonline.com.br\/","name":"Ubirat\u00e3 Online Not\u00edcias","description":"Not\u00edcias de Ubirat\u00e3, regi\u00e3o, Brasil e mundo, com informa\u00e7\u00e3o atualizada e compromisso com o leitor.","publisher":{"@id":"https:\/\/ubirataonline.com.br\/#organization"},"alternateName":"Ubirat\u00e3 Online","potentialAction":[{"@type":"SearchAction","target":{"@type":"EntryPoint","urlTemplate":"https:\/\/ubirataonline.com.br\/?s={search_term_string}"},"query-input":{"@type":"PropertyValueSpecification","valueRequired":true,"valueName":"search_term_string"}}],"inLanguage":"en-US"},{"@type":["Organization","Place"],"@id":"https:\/\/ubirataonline.com.br\/#organization","name":"Ubirat\u00e3 Online Not\u00edcias","alternateName":"Ubirat\u00e3 Online","url":"https:\/\/ubirataonline.com.br\/","logo":{"@id":"https:\/\/ubirataonline.com.br\/epic-fury-has-navy-rethinking-carrier-deployment-tempo\/#local-main-organization-logo"},"image":{"@id":"https:\/\/ubirataonline.com.br\/epic-fury-has-navy-rethinking-carrier-deployment-tempo\/#local-main-organization-logo"},"sameAs":["https:\/\/www.facebook.com\/portalubirataonline","https:\/\/x.com\/ubirataonline","https:\/\/mastodon.social\/@ubirataonline","https:\/\/www.facebook.com\/groups\/311144672285604","https:\/\/www.facebook.com\/UBTAOnline","https:\/\/www.instagram.com\/portalubirataonline\/","https:\/\/twitter.com\/ubirataonline"],"description":"Somos um portal de not\u00edcias independente, criado em 5 de janeiro de 2009, com o objetivo de informar, conectar e valorizar a nossa comunidade de Ubirat\u00e3 e toda aregi\u00e3o. Com conte\u00fado atualizado, confi\u00e1vel e relevante, o Ubirat\u00e3 Online \u00e9 o seu espa\u00e7o para ficar por dentro dos principais acontecimentos locais, regionais, Brasil, Mundo e de interesse geral. Nosso compromisso \u00e9 com a verdade, a transpar\u00eancia e o respeito ao leitor.","legalName":"UBIRATA ONLINE NOT\u00cdCIAS","foundingDate":"2009-01-05","numberOfEmployees":{"@type":"QuantitativeValue","minValue":"1","maxValue":"10"},"publishingPrinciples":"https:\/\/ubirataonline.com.br\/faq\/","address":{"@id":"https:\/\/ubirataonline.com.br\/epic-fury-has-navy-rethinking-carrier-deployment-tempo\/#local-main-place-address"},"geo":{"@type":"GeoCoordinates","latitude":"-24.5361401","longitude":"-52.9921776"},"telephone":["+5544998308235"],"contactPoint":{"@type":"ContactPoint","email":"contato@ubirataonline.com.br"},"openingHoursSpecification":{"@type":"OpeningHoursSpecification","dayOfWeek":["Monday","Tuesday","Wednesday","Thursday","Friday","Saturday","Sunday"],"opens":"00:00","closes":"23:59"},"email":"contato@ubirataonline.com.br","vatID":"47.621.418\/0001-80"},{"@type":"Person","@id":"https:\/\/ubirataonline.com.br\/#\/schema\/person\/372f87bbd3fdd79b8556b84c98d0bc1c","name":"REDA\u00c7\u00c3O: UBIRAT\u00c3 ONLINE - F\u00c1BIO AUGUSTO CELESTINO","pronouns":"Ele","description":"Desde 2003 trabalhando com not\u00edcias.","sameAs":["http:\/\/ubirataoline.com.br","https:\/\/www.facebook.com\/portalubirataonline","https:\/\/www.instagram.com\/ubirataonline_oficial","https:\/\/x.com\/x.com\/ubirataonline"],"honorificPrefix":"Mr.","honorificSuffix":"MD","birthDate":"1980-06-16","gender":"masculino","award":["V\u00e1rios pr\u00eamios de melhor portal da cidade"],"jobTitle":"Diretor","url":"https:\/\/ubirataonline.com.br\/en\/author\/ubirataonline\/"},{"@type":"PostalAddress","@id":"https:\/\/ubirataonline.com.br\/epic-fury-has-navy-rethinking-carrier-deployment-tempo\/#local-main-place-address","streetAddress":"Rua dos Coqueiros, 104 - Bairro Boa Vista, Rua dos Coqueiros, 104 Bairro Boa Vista","addressLocality":"UBIRATA","postalCode":"85440-000","addressRegion":"PR","addressCountry":"BR"},{"@type":"ImageObject","inLanguage":"en-US","@id":"https:\/\/ubirataonline.com.br\/epic-fury-has-navy-rethinking-carrier-deployment-tempo\/#local-main-organization-logo","url":"https:\/\/ubirataonline.com.br\/wp-content\/uploads\/2026\/06\/logoubirataonline-1.webp","contentUrl":"https:\/\/ubirataonline.com.br\/wp-content\/uploads\/2026\/06\/logoubirataonline-1.webp","width":500,"height":500,"caption":"Ubirat\u00e3 Online Not\u00edcias"}]},"geo.placename":"UBIRATA","geo.position":{"lat":"-24.5361401","long":"-52.9921776"},"geo.region":"Brazil"},"_links":{"self":[{"href":"https:\/\/ubirataonline.com.br\/en\/wp-json\/wp\/v2\/posts\/126996","targetHints":{"allow":["GET"]}}],"collection":[{"href":"https:\/\/ubirataonline.com.br\/en\/wp-json\/wp\/v2\/posts"}],"about":[{"href":"https:\/\/ubirataonline.com.br\/en\/wp-json\/wp\/v2\/types\/post"}],"author":[{"embeddable":true,"href":"https:\/\/ubirataonline.com.br\/en\/wp-json\/wp\/v2\/users\/1"}],"replies":[{"embeddable":true,"href":"https:\/\/ubirataonline.com.br\/en\/wp-json\/wp\/v2\/comments?post=126996"}],"version-history":[{"count":0,"href":"https:\/\/ubirataonline.com.br\/en\/wp-json\/wp\/v2\/posts\/126996\/revisions"}],"wp:featuredmedia":[{"embeddable":true,"href":"https:\/\/ubirataonline.com.br\/en\/wp-json\/wp\/v2\/media\/126997"}],"wp:attachment":[{"href":"https:\/\/ubirataonline.com.br\/en\/wp-json\/wp\/v2\/media?parent=126996"}],"wp:term":[{"taxonomy":"category","embeddable":true,"href":"https:\/\/ubirataonline.com.br\/en\/wp-json\/wp\/v2\/categories?post=126996"},{"taxonomy":"post_tag","embeddable":true,"href":"https:\/\/ubirataonline.com.br\/en\/wp-json\/wp\/v2\/tags?post=126996"}],"curies":[{"name":"wp","href":"https:\/\/api.w.org\/{rel}","templated":true}]}}