{"id":127335,"date":"2026-05-11T22:49:02","date_gmt":"2026-05-12T01:49:02","guid":{"rendered":"https:\/\/ubirataonline.com.br\/curitiba-e-quatro-cidades-da-rmc-podem-ter-falta-de-agua-ate-terca\/"},"modified":"2026-05-11T22:49:05","modified_gmt":"2026-05-12T01:49:05","slug":"curitiba-e-quatro-cidades-da-rmc-podem-ter-falta-de-agua-ate-terca","status":"publish","type":"post","link":"https:\/\/ubirataonline.com.br\/en\/curitiba-e-quatro-cidades-da-rmc-podem-ter-falta-de-agua-ate-terca\/","title":{"rendered":"Curitiba e quatro cidades da RMC podem ter falta de \u00e1gua at\u00e9 ter\u00e7a"},"content":{"rendered":"<p><\/p>\n<div id=\"post-content\">\n<p>Bairros de Curitiba, Campina Grande do Sul, Colombo, Pinhais e Quatro Barras podem ficar sem \u00e1gua entre esta segunda-feira (11\/05) e ter\u00e7a-feira (12\/05). De acordo com a Companhia de Saneamento do Paran\u00e1 (Sanepar) equipes precisaram realizar, no fim da tarde desta segunda, um ajuste operacional na Esta\u00e7\u00e3o de Tratamento de \u00c1gua (ETA) Ira\u00ed, localizada em Pinhais.\u00a0<\/p>\n<p>Segundo a Sanepar, a previs\u00e3o \u00e9 de que o servi\u00e7o de abastecimento seja normalizado at\u00e9 a tarde de ter\u00e7a-feira (12\/05). <\/p>\n<p>Os bairros que podem ser afetados s\u00e3o:<\/p>\n<ul class=\"wp-block-list\">\n<li><strong>Curitiba: <\/strong>Bacacheri, Bairro Alto, Jardim Social, Tarum\u00e3, Cap\u00e3o da Imbuia e Atuba;<\/li>\n<li><strong>Campina Grande do Sul: <\/strong>Jardim Graciosa, Jardim Ipanema, Jardim Nezita, Jardim Paulista, Jardim Santa F\u00e9, Jardim Nossa Sra. das Gra\u00e7as, Timbu Velho, Vila Cosme, Eug\u00eania Maria, Joana Ol\u00edmpia e Moradias Timbu;<\/li>\n<li><strong>Colombo: <\/strong>Atuba;<\/li>\n<li><strong>Pinhais: <\/strong>Atuba, Emiliano Perneta, Centro, Vargem Grande, Pineville, Weiss\u00f3polis, Est\u00e2ncia Pinhais, Alto Tarum\u00e3 e Jardim Claudia;<\/li>\n<li><strong>Quatro Barras: <\/strong>Graciosa, Nossa Sra. das Gra\u00e7as e Jardim Menino Deus.<\/li>\n<\/ul>\n<p>Podem ficar sem \u00e1gua durante este per\u00edodo principalmente os clientes que n\u00e3o t\u00eam caixa d\u2019\u00e1gua no im\u00f3vel. <\/p>\n<h2 class=\"wp-block-heading\" id=\"h-atendimento-sanepar\">Atendimento Sanepar<\/h2>\n<p>Clientes podem entrar em contato com o Servi\u00e7o de Atendimento da Sanepar pelo telefone 0800 200 0115, pelo e-mail atendimentoaocliente@sanepar.com.br ou ainda pelo WhatsApp (41) 99544-0115. Ao entrar em contato, tenha em m\u00e3os a conta de \u00e1gua ou o n\u00famero de matr\u00edcula.<\/p>\n<section class=\"virals\">\n<article class=\"cardnews cardnews--post cardnews--has-thumbnail cardnews--editorial-noticias\"> <a href=\"https:\/\/www.tribunapr.com.br\/noticias\/parana\/conheca-mel-raro-interior-parana-floradas-especiais-sabor-suave\/?utm_source=noticias-virais-rodape&amp;utm_medium=internal-tribuna&amp;utm_campaign=tribuna\" class=\"cardnews__postlink\"> <\/p>\n<div class=\"cardnews__image\" is-api-thumb=\"\"><\/div>\n<div class=\"cardnews__content cardhome__content\">\n<div class=\"cardnews__content-wrapper\">\n<p> <span style=\"\"> Denomina\u00e7\u00e3o de Origem <\/span> <\/p>\n<p>Conhe\u00e7a o mel raro do interior do Paran\u00e1 que nasce de floradas especiais e tem sabor suave<\/p>\n<\/p><\/div>\n<\/p><\/div>\n<p> <\/a> <\/article>\n<article class=\"cardnews cardnews--post cardnews--has-thumbnail cardnews--editorial-noticias\"> <a href=\"https:\/\/www.tribunapr.com.br\/noticias\/curitiba-regiao\/curitiba-e-a-nova-miami-capital-e-a-que-mais-recebe-cubanos-do-brasil\/?utm_source=noticias-virais-rodape&amp;utm_medium=internal-tribuna&amp;utm_campaign=tribuna\" class=\"cardnews__postlink\"> <\/p>\n<div class=\"cardnews__image\" is-api-thumb=\"\"><img decoding=\"async\" src=\"https:\/\/www.tribunapr.com.br\/wp-content\/uploads\/2026\/04\/02194022\/centro-de-Curitiba-370x210.jpg\" loading=\"lazy\" alt=\"Curitiba \u00e9 a nova Miami: capital paranaense \u00e9 a que mais recebe cubanos do Brasil\"\/><\/div>\n<div class=\"cardnews__content cardhome__content\">\n<div class=\"cardnews__content-wrapper\">\n<p> <span style=\"\"> Imigra\u00e7\u00e3o <\/span> <\/p>\n<p>Curitiba \u00e9 a nova Miami: capital paranaense \u00e9 a que mais recebe cubanos do Brasil<\/p>\n<\/p><\/div>\n<\/p><\/div>\n<p> <\/a> <\/article>\n<article class=\"cardnews cardnews--post cardnews--has-thumbnail cardnews--editorial-noticias\"> <a href=\"https:\/\/www.tribunapr.com.br\/noticias\/parana\/futebol-ajuda-imigrantes-venezuelanos-reconstruir-vinculos-curitiba\/?utm_source=noticias-virais-rodape&amp;utm_medium=internal-tribuna&amp;utm_campaign=tribuna\" class=\"cardnews__postlink\"> <\/p>\n<div class=\"cardnews__image\" is-api-thumb=\"\"><img decoding=\"async\" src=\"https:\/\/www.tribunapr.com.br\/wp-content\/uploads\/2026\/04\/12141044\/liga-venezuela-370x210.jpg\" loading=\"lazy\" alt=\"Futebol ajuda imigrantes venezuelanos a reconstruir v\u00ednculos em Curitiba\"\/><\/div>\n<div class=\"cardnews__content cardhome__content\">\n<div class=\"cardnews__content-wrapper\">\n<p> <span style=\"\"> Paix\u00e3o compartilhada <\/span> <\/p>\n<p>Futebol ajuda imigrantes venezuelanos a reconstruir v\u00ednculos em Curitiba<\/p>\n<\/p><\/div>\n<\/p><\/div>\n<p> <\/a> <\/article>\n<\/section>\n<div id=\"tribuna-follow-cta\">\n<p> <span class=\"cta-title\">Siga a <span class=\"tribuna-color\">Tribuna<\/span> no Google, e acompanhe as \u00faltimas not\u00edcias de Curitiba e regi\u00e3o!<\/span> <\/p>\n<p> <a href=\"https:\/\/profile.google.com\/cp\/CgwvZy8xMmxxajUzM3Mac2h0dHBzOi8vd3d3LnRyaWJ1bmFwci5jb20uYnIvdml2YS92aXRyaW5lL2dpZ2FudGUtZG8tdmVzdHVhcmlvLXJlaW5hdWd1cmEtbG9qYS1lbS1zaG9wcGluZy10cmFkaWNpb25hbC1kZS1jdXJpdGliYS8iElRyaWJ1bmEgZG8gUGFyYW7DoSqAAwrHAWh0dHBzOi8vZW5jcnlwdGVkLXRibjIuZ3N0YXRpYy5jb20vZmF2aWNvbi10Ym4_cT10Ym46QU5kOUdjUVJPbjVDRjR6TzJPbkUwTXZrRlRCRTY2U0g1bGlaVDRaZTV3bWNKeU5GRm1BSnluM01nNU9PR3BXY1pYMzZwYU5HUWtsZ09JVEFLTTNNZVNGbTc1aWp6M3k2ajUtQ3M2b25kX2JUcFFQQkVLd3RsUjBsTmJESnUtVHhrNXQtbFlCNlVpOWZSVVFjT2cSswFodHRwczovL2VuY3J5cHRlZC10Ym4zLmdzdGF0aWMuY29tL2Zhdmljb24tdGJuP3E9dGJuJTNBQU5kOUdjU0FMaWJ2eFF0YXdFMFRueVdWWmVKRS1MZEdRZjVTUi1OZ2RMazhyZzIwVy1nM0JuQ1F4VDNKZFBjRXR2THdBeVRxUDJEdHVycEdVR29CQkxpYzM5al9wSmFxRERaMHNCYW05WEVhSGVsMmZTQmdKdlF4WWVyMw\" target=\"_blank\" title=\"Seguir a Tribuna no Google\">  <\/a> <\/div>\n<\/p><\/div>\n<p><a href=\"https:\/\/www.tribunapr.com.br\/noticias\/curitiba-regiao\/bairros-de-curitiba-e-da-rmc-podem-ficar-sem-agua-ate-terca-feira\/\">Fonte do Artigo <\/a><\/p>","protected":false},"excerpt":{"rendered":"<p>Bairros de Curitiba, Campina Grande do Sul, Colombo, Pinhais e Quatro Barras podem ficar sem \u00e1gua entre esta segunda-feira (11\/05) e ter\u00e7a-feira (12\/05). De acordo com a Companhia de Saneamento do Paran\u00e1 (Sanepar) equipes precisaram realizar, no fim da tarde desta segunda, um ajuste operacional na Esta\u00e7\u00e3o de Tratamento de \u00c1gua (ETA) Ira\u00ed, localizada em [&hellip;]<\/p>\n","protected":false},"author":1,"featured_media":127336,"comment_status":"closed","ping_status":"","sticky":false,"template":"","format":"standard","meta":{"googlesitekit_rrm_CAow2JLhCw:productID":"","_gspb_post_css":"","maa_idioma":"","maa_pais":"","footnotes":""},"categories":[1],"tags":[9123,3452,5651,151,4823,3838,5732,3200,3192,5744],"class_list":["post-127335","post","type-post","status-publish","format-standard","has-post-thumbnail","hentry","category-ubirata","tag-agua","tag-ate","tag-cidades","tag-curitiba","tag-falta","tag-podem","tag-quatro","tag-rmc","tag-ter","tag-terca"],"blocksy_meta":[],"yoast_head":"<!-- This site is optimized with the Yoast SEO Premium plugin v27.6 (Yoast SEO v27.6) - https:\/\/yoast.com\/product\/yoast-seo-premium-wordpress\/ -->\n<title>Curitiba e quatro cidades da RMC podem ter falta de \u00e1gua at\u00e9 ter\u00e7a - Ubirat\u00e3 Online Not\u00edcias - A realidade ao seu alcance!<\/title>\n<meta name=\"description\" content=\"Bairros de Curitiba, Campina Grande do Sul, Colombo, Pinhais e Quatro Barras podem ficar sem \u00e1gua entre esta segunda-feira (11\/05) e ter\u00e7a-feira (12\/05).\" \/>\n<meta name=\"robots\" content=\"index, follow, max-snippet:-1, max-image-preview:large, max-video-preview:-1\" \/>\n<link rel=\"canonical\" href=\"https:\/\/ubirataonline.com.br\/en\/curitiba-e-quatro-cidades-da-rmc-podem-ter-falta-de-agua-ate-terca\/\" \/>\n<meta property=\"og:locale\" content=\"en_US\" \/>\n<meta property=\"og:type\" content=\"article\" \/>\n<meta property=\"og:title\" content=\"Curitiba e quatro cidades da RMC podem ter falta de \u00e1gua at\u00e9 ter\u00e7a\" \/>\n<meta property=\"og:description\" content=\"Bairros de Curitiba, Campina Grande do Sul, Colombo, Pinhais e Quatro Barras podem ficar sem \u00e1gua entre esta segunda-feira (11\/05) e ter\u00e7a-feira (12\/05).\" \/>\n<meta property=\"og:url\" content=\"https:\/\/ubirataonline.com.br\/en\/curitiba-e-quatro-cidades-da-rmc-podem-ter-falta-de-agua-ate-terca\/\" \/>\n<meta property=\"og:site_name\" content=\"Ubirat\u00e3 Online Not\u00edcias - A realidade ao seu alcance!\" \/>\n<meta property=\"article:publisher\" content=\"https:\/\/www.facebook.com\/portalubirataonline\" \/>\n<meta property=\"article:author\" content=\"https:\/\/www.facebook.com\/portalubirataonline\" \/>\n<meta property=\"article:published_time\" content=\"2026-05-12T01:49:02+00:00\" \/>\n<meta property=\"article:modified_time\" content=\"2026-05-12T01:49:05+00:00\" \/>\n<meta property=\"og:image\" content=\"https:\/\/ubirataonline.com.br\/wp-content\/uploads\/2026\/05\/Curitiba-e-quatro-cidades-da-RMC-podem-ter-falta-de.jpg\" \/>\n\t<meta property=\"og:image:width\" content=\"2000\" \/>\n\t<meta property=\"og:image:height\" content=\"1332\" \/>\n\t<meta property=\"og:image:type\" content=\"image\/jpeg\" \/>\n<meta name=\"author\" content=\"REDA\u00c7\u00c3O: UBIRAT\u00c3 ONLINE - F\u00c1BIO AUGUSTO CELESTINO\" \/>\n<meta name=\"twitter:card\" content=\"summary_large_image\" \/>\n<meta name=\"twitter:creator\" content=\"@x.com\/ubirataonline\" \/>\n<meta name=\"twitter:site\" content=\"@ubirataonline\" \/>\n<meta name=\"twitter:label1\" content=\"Written by\" \/>\n\t<meta name=\"twitter:data1\" content=\"REDA\u00c7\u00c3O: UBIRAT\u00c3 ONLINE - F\u00c1BIO AUGUSTO CELESTINO\" \/>\n\t<meta name=\"twitter:label2\" content=\"Est. reading time\" \/>\n\t<meta name=\"twitter:data2\" content=\"2 minutes\" \/>\n<script type=\"application\/ld+json\" class=\"yoast-schema-graph\">{\"@context\":\"https:\\\/\\\/schema.org\",\"@graph\":[{\"@type\":\"NewsArticle\",\"@id\":\"https:\\\/\\\/ubirataonline.com.br\\\/curitiba-e-quatro-cidades-da-rmc-podem-ter-falta-de-agua-ate-terca\\\/#article\",\"isPartOf\":{\"@id\":\"https:\\\/\\\/ubirataonline.com.br\\\/curitiba-e-quatro-cidades-da-rmc-podem-ter-falta-de-agua-ate-terca\\\/\"},\"author\":{\"name\":\"REDA\u00c7\u00c3O: UBIRAT\u00c3 ONLINE - F\u00c1BIO AUGUSTO CELESTINO\",\"@id\":\"https:\\\/\\\/ubirataonline.com.br\\\/#\\\/schema\\\/person\\\/372f87bbd3fdd79b8556b84c98d0bc1c\"},\"headline\":\"Curitiba e quatro cidades da RMC podem ter falta de \u00e1gua at\u00e9 ter\u00e7a\",\"datePublished\":\"2026-05-12T01:49:02+00:00\",\"dateModified\":\"2026-05-12T01:49:05+00:00\",\"mainEntityOfPage\":{\"@id\":\"https:\\\/\\\/ubirataonline.com.br\\\/curitiba-e-quatro-cidades-da-rmc-podem-ter-falta-de-agua-ate-terca\\\/\"},\"wordCount\":316,\"publisher\":{\"@id\":\"https:\\\/\\\/ubirataonline.com.br\\\/#organization\"},\"image\":{\"@id\":\"https:\\\/\\\/ubirataonline.com.br\\\/curitiba-e-quatro-cidades-da-rmc-podem-ter-falta-de-agua-ate-terca\\\/#primaryimage\"},\"thumbnailUrl\":\"https:\\\/\\\/ubirataonline.com.br\\\/wp-content\\\/uploads\\\/2026\\\/05\\\/Curitiba-e-quatro-cidades-da-RMC-podem-ter-falta-de.jpg\",\"keywords\":[\"\u00e1gua\",\"at\u00e9\",\"cidades\",\"Curitiba\",\"falta\",\"podem\",\"quatro\",\"RMC\",\"ter\",\"ter\u00e7a\"],\"articleSection\":[\"Ubirat\u00e3\"],\"inLanguage\":\"en-US\",\"copyrightYear\":\"2026\",\"copyrightHolder\":{\"@id\":\"https:\\\/\\\/ubirataonline.com.br\\\/en\\\/#organization\"}},{\"@type\":\"WebPage\",\"@id\":\"https:\\\/\\\/ubirataonline.com.br\\\/curitiba-e-quatro-cidades-da-rmc-podem-ter-falta-de-agua-ate-terca\\\/\",\"url\":\"https:\\\/\\\/ubirataonline.com.br\\\/curitiba-e-quatro-cidades-da-rmc-podem-ter-falta-de-agua-ate-terca\\\/\",\"name\":\"Curitiba e quatro cidades da RMC podem ter falta de \u00e1gua at\u00e9 ter\u00e7a - Ubirat\u00e3 Online Not\u00edcias - A realidade ao seu alcance!\",\"isPartOf\":{\"@id\":\"https:\\\/\\\/ubirataonline.com.br\\\/#website\"},\"primaryImageOfPage\":{\"@id\":\"https:\\\/\\\/ubirataonline.com.br\\\/curitiba-e-quatro-cidades-da-rmc-podem-ter-falta-de-agua-ate-terca\\\/#primaryimage\"},\"image\":{\"@id\":\"https:\\\/\\\/ubirataonline.com.br\\\/curitiba-e-quatro-cidades-da-rmc-podem-ter-falta-de-agua-ate-terca\\\/#primaryimage\"},\"thumbnailUrl\":\"https:\\\/\\\/ubirataonline.com.br\\\/wp-content\\\/uploads\\\/2026\\\/05\\\/Curitiba-e-quatro-cidades-da-RMC-podem-ter-falta-de.jpg\",\"datePublished\":\"2026-05-12T01:49:02+00:00\",\"dateModified\":\"2026-05-12T01:49:05+00:00\",\"description\":\"Bairros de Curitiba, Campina Grande do Sul, Colombo, Pinhais e Quatro Barras podem ficar sem \u00e1gua entre esta segunda-feira (11\\\/05) e ter\u00e7a-feira (12\\\/05).\",\"breadcrumb\":{\"@id\":\"https:\\\/\\\/ubirataonline.com.br\\\/curitiba-e-quatro-cidades-da-rmc-podem-ter-falta-de-agua-ate-terca\\\/#breadcrumb\"},\"inLanguage\":\"en-US\",\"potentialAction\":[{\"@type\":\"ReadAction\",\"target\":[\"https:\\\/\\\/ubirataonline.com.br\\\/curitiba-e-quatro-cidades-da-rmc-podem-ter-falta-de-agua-ate-terca\\\/\"]}]},{\"@type\":\"ImageObject\",\"inLanguage\":\"en-US\",\"@id\":\"https:\\\/\\\/ubirataonline.com.br\\\/curitiba-e-quatro-cidades-da-rmc-podem-ter-falta-de-agua-ate-terca\\\/#primaryimage\",\"url\":\"https:\\\/\\\/ubirataonline.com.br\\\/wp-content\\\/uploads\\\/2026\\\/05\\\/Curitiba-e-quatro-cidades-da-RMC-podem-ter-falta-de.jpg\",\"contentUrl\":\"https:\\\/\\\/ubirataonline.com.br\\\/wp-content\\\/uploads\\\/2026\\\/05\\\/Curitiba-e-quatro-cidades-da-RMC-podem-ter-falta-de.jpg\",\"width\":2000,\"height\":1332,\"caption\":\"Foto: \u00c1tila Alberti | Tribuna do Paran\u00e1 | Arquivo\"},{\"@type\":\"BreadcrumbList\",\"@id\":\"https:\\\/\\\/ubirataonline.com.br\\\/curitiba-e-quatro-cidades-da-rmc-podem-ter-falta-de-agua-ate-terca\\\/#breadcrumb\",\"itemListElement\":[{\"@type\":\"ListItem\",\"position\":1,\"name\":\"In\u00edcio\",\"item\":\"https:\\\/\\\/ubirataonline.com.br\\\/\"},{\"@type\":\"ListItem\",\"position\":2,\"name\":\"Curitiba e quatro cidades da RMC podem ter falta de \u00e1gua at\u00e9 ter\u00e7a\"}]},{\"@type\":\"WebSite\",\"@id\":\"https:\\\/\\\/ubirataonline.com.br\\\/#website\",\"url\":\"https:\\\/\\\/ubirataonline.com.br\\\/\",\"name\":\"Ubirat\u00e3 Online Not\u00edcias\",\"description\":\"Not\u00edcias de Ubirat\u00e3, regi\u00e3o, Brasil e mundo, com informa\u00e7\u00e3o atualizada e compromisso com o leitor.\",\"publisher\":{\"@id\":\"https:\\\/\\\/ubirataonline.com.br\\\/#organization\"},\"alternateName\":\"Ubirat\u00e3 Online\",\"potentialAction\":[{\"@type\":\"SearchAction\",\"target\":{\"@type\":\"EntryPoint\",\"urlTemplate\":\"https:\\\/\\\/ubirataonline.com.br\\\/?s={search_term_string}\"},\"query-input\":{\"@type\":\"PropertyValueSpecification\",\"valueRequired\":true,\"valueName\":\"search_term_string\"}}],\"inLanguage\":\"en-US\"},{\"@type\":[\"Organization\",\"Place\"],\"@id\":\"https:\\\/\\\/ubirataonline.com.br\\\/#organization\",\"name\":\"Ubirat\u00e3 Online Not\u00edcias\",\"alternateName\":\"Ubirat\u00e3 Online\",\"url\":\"https:\\\/\\\/ubirataonline.com.br\\\/\",\"logo\":{\"@id\":\"https:\\\/\\\/ubirataonline.com.br\\\/curitiba-e-quatro-cidades-da-rmc-podem-ter-falta-de-agua-ate-terca\\\/#local-main-organization-logo\"},\"image\":{\"@id\":\"https:\\\/\\\/ubirataonline.com.br\\\/curitiba-e-quatro-cidades-da-rmc-podem-ter-falta-de-agua-ate-terca\\\/#local-main-organization-logo\"},\"sameAs\":[\"https:\\\/\\\/www.facebook.com\\\/portalubirataonline\",\"https:\\\/\\\/x.com\\\/ubirataonline\",\"https:\\\/\\\/mastodon.social\\\/@ubirataonline\",\"https:\\\/\\\/www.facebook.com\\\/groups\\\/311144672285604\",\"https:\\\/\\\/www.facebook.com\\\/UBTAOnline\",\"https:\\\/\\\/www.instagram.com\\\/portalubirataonline\\\/\",\"https:\\\/\\\/twitter.com\\\/ubirataonline\"],\"description\":\"Somos um portal de not\u00edcias independente, criado em 5 de janeiro de 2009, com o objetivo de informar, conectar e valorizar a nossa comunidade de Ubirat\u00e3 e toda aregi\u00e3o. Com conte\u00fado atualizado, confi\u00e1vel e relevante, o Ubirat\u00e3 Online \u00e9 o seu espa\u00e7o para ficar por dentro dos principais acontecimentos locais, regionais, Brasil, Mundo e de interesse geral. Nosso compromisso \u00e9 com a verdade, a transpar\u00eancia e o respeito ao leitor.\",\"legalName\":\"UBIRATA ONLINE NOT\u00cdCIAS\",\"foundingDate\":\"2009-01-05\",\"numberOfEmployees\":{\"@type\":\"QuantitativeValue\",\"minValue\":\"1\",\"maxValue\":\"10\"},\"publishingPrinciples\":\"https:\\\/\\\/ubirataonline.com.br\\\/faq\\\/\",\"address\":{\"@id\":\"https:\\\/\\\/ubirataonline.com.br\\\/curitiba-e-quatro-cidades-da-rmc-podem-ter-falta-de-agua-ate-terca\\\/#local-main-place-address\"},\"geo\":{\"@type\":\"GeoCoordinates\",\"latitude\":\"-24.5361401\",\"longitude\":\"-52.9921776\"},\"telephone\":[\"+5544998308235\"],\"contactPoint\":{\"@type\":\"ContactPoint\",\"email\":\"contato@ubirataonline.com.br\"},\"openingHoursSpecification\":{\"@type\":\"OpeningHoursSpecification\",\"dayOfWeek\":[\"Monday\",\"Tuesday\",\"Wednesday\",\"Thursday\",\"Friday\",\"Saturday\",\"Sunday\"],\"opens\":\"00:00\",\"closes\":\"23:59\"},\"email\":\"contato@ubirataonline.com.br\",\"vatID\":\"47.621.418\\\/0001-80\"},{\"@type\":\"Person\",\"@id\":\"https:\\\/\\\/ubirataonline.com.br\\\/#\\\/schema\\\/person\\\/372f87bbd3fdd79b8556b84c98d0bc1c\",\"name\":\"REDA\u00c7\u00c3O: UBIRAT\u00c3 ONLINE - F\u00c1BIO AUGUSTO CELESTINO\",\"pronouns\":\"Ele\",\"description\":\"Desde 2003 trabalhando com not\u00edcias.\",\"sameAs\":[\"http:\\\/\\\/ubirataoline.com.br\",\"https:\\\/\\\/www.facebook.com\\\/portalubirataonline\",\"https:\\\/\\\/www.instagram.com\\\/ubirataonline_oficial\",\"https:\\\/\\\/x.com\\\/x.com\\\/ubirataonline\"],\"honorificPrefix\":\"Mr.\",\"honorificSuffix\":\"MD\",\"birthDate\":\"1980-06-16\",\"gender\":\"masculino\",\"award\":[\"V\u00e1rios pr\u00eamios de melhor portal da cidade\"],\"jobTitle\":\"Diretor\",\"url\":\"https:\\\/\\\/ubirataonline.com.br\\\/en\\\/author\\\/ubirataonline\\\/\"},{\"@type\":\"PostalAddress\",\"@id\":\"https:\\\/\\\/ubirataonline.com.br\\\/curitiba-e-quatro-cidades-da-rmc-podem-ter-falta-de-agua-ate-terca\\\/#local-main-place-address\",\"streetAddress\":\"Rua dos Coqueiros, 104 - Bairro Boa Vista, Rua dos Coqueiros, 104 Bairro Boa Vista\",\"addressLocality\":\"UBIRATA\",\"postalCode\":\"85440-000\",\"addressRegion\":\"PR\",\"addressCountry\":\"BR\"},{\"@type\":\"ImageObject\",\"inLanguage\":\"en-US\",\"@id\":\"https:\\\/\\\/ubirataonline.com.br\\\/curitiba-e-quatro-cidades-da-rmc-podem-ter-falta-de-agua-ate-terca\\\/#local-main-organization-logo\",\"url\":\"https:\\\/\\\/ubirataonline.com.br\\\/wp-content\\\/uploads\\\/2026\\\/06\\\/logoubirataonline-1.webp\",\"contentUrl\":\"https:\\\/\\\/ubirataonline.com.br\\\/wp-content\\\/uploads\\\/2026\\\/06\\\/logoubirataonline-1.webp\",\"width\":500,\"height\":500,\"caption\":\"Ubirat\u00e3 Online Not\u00edcias\"}]}<\/script>\n<meta name=\"geo.placename\" content=\"UBIRATA\" \/>\n<meta name=\"geo.position\" content=\"-24.5361401;-52.9921776\" \/>\n<meta name=\"geo.region\" content=\"Brazil\" \/>\n<!-- \/ Yoast SEO Premium plugin. -->","yoast_head_json":{"title":"Curitiba e quatro cidades da RMC podem ter falta de \u00e1gua at\u00e9 ter\u00e7a - Ubirat\u00e3 Online Not\u00edcias - A realidade ao seu alcance!","description":"Bairros de Curitiba, Campina Grande do Sul, Colombo, Pinhais e Quatro Barras podem ficar sem \u00e1gua entre esta segunda-feira (11\/05) e ter\u00e7a-feira (12\/05).","robots":{"index":"index","follow":"follow","max-snippet":"max-snippet:-1","max-image-preview":"max-image-preview:large","max-video-preview":"max-video-preview:-1"},"canonical":"https:\/\/ubirataonline.com.br\/en\/curitiba-e-quatro-cidades-da-rmc-podem-ter-falta-de-agua-ate-terca\/","og_locale":"en_US","og_type":"article","og_title":"Curitiba e quatro cidades da RMC podem ter falta de \u00e1gua at\u00e9 ter\u00e7a","og_description":"Bairros de Curitiba, Campina Grande do Sul, Colombo, Pinhais e Quatro Barras podem ficar sem \u00e1gua entre esta segunda-feira (11\/05) e ter\u00e7a-feira (12\/05).","og_url":"https:\/\/ubirataonline.com.br\/en\/curitiba-e-quatro-cidades-da-rmc-podem-ter-falta-de-agua-ate-terca\/","og_site_name":"Ubirat\u00e3 Online Not\u00edcias - A realidade ao seu alcance!","article_publisher":"https:\/\/www.facebook.com\/portalubirataonline","article_author":"https:\/\/www.facebook.com\/portalubirataonline","article_published_time":"2026-05-12T01:49:02+00:00","article_modified_time":"2026-05-12T01:49:05+00:00","og_image":[{"width":2000,"height":1332,"url":"https:\/\/ubirataonline.com.br\/wp-content\/uploads\/2026\/05\/Curitiba-e-quatro-cidades-da-RMC-podem-ter-falta-de.jpg","type":"image\/jpeg"}],"author":"REDA\u00c7\u00c3O: UBIRAT\u00c3 ONLINE - F\u00c1BIO AUGUSTO CELESTINO","twitter_card":"summary_large_image","twitter_creator":"@x.com\/ubirataonline","twitter_site":"@ubirataonline","twitter_misc":{"Written by":"REDA\u00c7\u00c3O: UBIRAT\u00c3 ONLINE - F\u00c1BIO AUGUSTO CELESTINO","Est. reading time":"2 minutes"},"schema":{"@context":"https:\/\/schema.org","@graph":[{"@type":"NewsArticle","@id":"https:\/\/ubirataonline.com.br\/curitiba-e-quatro-cidades-da-rmc-podem-ter-falta-de-agua-ate-terca\/#article","isPartOf":{"@id":"https:\/\/ubirataonline.com.br\/curitiba-e-quatro-cidades-da-rmc-podem-ter-falta-de-agua-ate-terca\/"},"author":{"name":"REDA\u00c7\u00c3O: UBIRAT\u00c3 ONLINE - F\u00c1BIO AUGUSTO CELESTINO","@id":"https:\/\/ubirataonline.com.br\/#\/schema\/person\/372f87bbd3fdd79b8556b84c98d0bc1c"},"headline":"Curitiba e quatro cidades da RMC podem ter falta de \u00e1gua at\u00e9 ter\u00e7a","datePublished":"2026-05-12T01:49:02+00:00","dateModified":"2026-05-12T01:49:05+00:00","mainEntityOfPage":{"@id":"https:\/\/ubirataonline.com.br\/curitiba-e-quatro-cidades-da-rmc-podem-ter-falta-de-agua-ate-terca\/"},"wordCount":316,"publisher":{"@id":"https:\/\/ubirataonline.com.br\/#organization"},"image":{"@id":"https:\/\/ubirataonline.com.br\/curitiba-e-quatro-cidades-da-rmc-podem-ter-falta-de-agua-ate-terca\/#primaryimage"},"thumbnailUrl":"https:\/\/ubirataonline.com.br\/wp-content\/uploads\/2026\/05\/Curitiba-e-quatro-cidades-da-RMC-podem-ter-falta-de.jpg","keywords":["\u00e1gua","at\u00e9","cidades","Curitiba","falta","podem","quatro","RMC","ter","ter\u00e7a"],"articleSection":["Ubirat\u00e3"],"inLanguage":"en-US","copyrightYear":"2026","copyrightHolder":{"@id":"https:\/\/ubirataonline.com.br\/en\/#organization"}},{"@type":"WebPage","@id":"https:\/\/ubirataonline.com.br\/curitiba-e-quatro-cidades-da-rmc-podem-ter-falta-de-agua-ate-terca\/","url":"https:\/\/ubirataonline.com.br\/curitiba-e-quatro-cidades-da-rmc-podem-ter-falta-de-agua-ate-terca\/","name":"Curitiba e quatro cidades da RMC podem ter falta de \u00e1gua at\u00e9 ter\u00e7a - Ubirat\u00e3 Online Not\u00edcias - A realidade ao seu alcance!","isPartOf":{"@id":"https:\/\/ubirataonline.com.br\/#website"},"primaryImageOfPage":{"@id":"https:\/\/ubirataonline.com.br\/curitiba-e-quatro-cidades-da-rmc-podem-ter-falta-de-agua-ate-terca\/#primaryimage"},"image":{"@id":"https:\/\/ubirataonline.com.br\/curitiba-e-quatro-cidades-da-rmc-podem-ter-falta-de-agua-ate-terca\/#primaryimage"},"thumbnailUrl":"https:\/\/ubirataonline.com.br\/wp-content\/uploads\/2026\/05\/Curitiba-e-quatro-cidades-da-RMC-podem-ter-falta-de.jpg","datePublished":"2026-05-12T01:49:02+00:00","dateModified":"2026-05-12T01:49:05+00:00","description":"Bairros de Curitiba, Campina Grande do Sul, Colombo, Pinhais e Quatro Barras podem ficar sem \u00e1gua entre esta segunda-feira (11\/05) e ter\u00e7a-feira (12\/05).","breadcrumb":{"@id":"https:\/\/ubirataonline.com.br\/curitiba-e-quatro-cidades-da-rmc-podem-ter-falta-de-agua-ate-terca\/#breadcrumb"},"inLanguage":"en-US","potentialAction":[{"@type":"ReadAction","target":["https:\/\/ubirataonline.com.br\/curitiba-e-quatro-cidades-da-rmc-podem-ter-falta-de-agua-ate-terca\/"]}]},{"@type":"ImageObject","inLanguage":"en-US","@id":"https:\/\/ubirataonline.com.br\/curitiba-e-quatro-cidades-da-rmc-podem-ter-falta-de-agua-ate-terca\/#primaryimage","url":"https:\/\/ubirataonline.com.br\/wp-content\/uploads\/2026\/05\/Curitiba-e-quatro-cidades-da-RMC-podem-ter-falta-de.jpg","contentUrl":"https:\/\/ubirataonline.com.br\/wp-content\/uploads\/2026\/05\/Curitiba-e-quatro-cidades-da-RMC-podem-ter-falta-de.jpg","width":2000,"height":1332,"caption":"Foto: \u00c1tila Alberti | Tribuna do Paran\u00e1 | Arquivo"},{"@type":"BreadcrumbList","@id":"https:\/\/ubirataonline.com.br\/curitiba-e-quatro-cidades-da-rmc-podem-ter-falta-de-agua-ate-terca\/#breadcrumb","itemListElement":[{"@type":"ListItem","position":1,"name":"In\u00edcio","item":"https:\/\/ubirataonline.com.br\/"},{"@type":"ListItem","position":2,"name":"Curitiba e quatro cidades da RMC podem ter falta de \u00e1gua at\u00e9 ter\u00e7a"}]},{"@type":"WebSite","@id":"https:\/\/ubirataonline.com.br\/#website","url":"https:\/\/ubirataonline.com.br\/","name":"Ubirat\u00e3 Online Not\u00edcias","description":"Not\u00edcias de Ubirat\u00e3, regi\u00e3o, Brasil e mundo, com informa\u00e7\u00e3o atualizada e compromisso com o leitor.","publisher":{"@id":"https:\/\/ubirataonline.com.br\/#organization"},"alternateName":"Ubirat\u00e3 Online","potentialAction":[{"@type":"SearchAction","target":{"@type":"EntryPoint","urlTemplate":"https:\/\/ubirataonline.com.br\/?s={search_term_string}"},"query-input":{"@type":"PropertyValueSpecification","valueRequired":true,"valueName":"search_term_string"}}],"inLanguage":"en-US"},{"@type":["Organization","Place"],"@id":"https:\/\/ubirataonline.com.br\/#organization","name":"Ubirat\u00e3 Online Not\u00edcias","alternateName":"Ubirat\u00e3 Online","url":"https:\/\/ubirataonline.com.br\/","logo":{"@id":"https:\/\/ubirataonline.com.br\/curitiba-e-quatro-cidades-da-rmc-podem-ter-falta-de-agua-ate-terca\/#local-main-organization-logo"},"image":{"@id":"https:\/\/ubirataonline.com.br\/curitiba-e-quatro-cidades-da-rmc-podem-ter-falta-de-agua-ate-terca\/#local-main-organization-logo"},"sameAs":["https:\/\/www.facebook.com\/portalubirataonline","https:\/\/x.com\/ubirataonline","https:\/\/mastodon.social\/@ubirataonline","https:\/\/www.facebook.com\/groups\/311144672285604","https:\/\/www.facebook.com\/UBTAOnline","https:\/\/www.instagram.com\/portalubirataonline\/","https:\/\/twitter.com\/ubirataonline"],"description":"Somos um portal de not\u00edcias independente, criado em 5 de janeiro de 2009, com o objetivo de informar, conectar e valorizar a nossa comunidade de Ubirat\u00e3 e toda aregi\u00e3o. Com conte\u00fado atualizado, confi\u00e1vel e relevante, o Ubirat\u00e3 Online \u00e9 o seu espa\u00e7o para ficar por dentro dos principais acontecimentos locais, regionais, Brasil, Mundo e de interesse geral. Nosso compromisso \u00e9 com a verdade, a transpar\u00eancia e o respeito ao leitor.","legalName":"UBIRATA ONLINE NOT\u00cdCIAS","foundingDate":"2009-01-05","numberOfEmployees":{"@type":"QuantitativeValue","minValue":"1","maxValue":"10"},"publishingPrinciples":"https:\/\/ubirataonline.com.br\/faq\/","address":{"@id":"https:\/\/ubirataonline.com.br\/curitiba-e-quatro-cidades-da-rmc-podem-ter-falta-de-agua-ate-terca\/#local-main-place-address"},"geo":{"@type":"GeoCoordinates","latitude":"-24.5361401","longitude":"-52.9921776"},"telephone":["+5544998308235"],"contactPoint":{"@type":"ContactPoint","email":"contato@ubirataonline.com.br"},"openingHoursSpecification":{"@type":"OpeningHoursSpecification","dayOfWeek":["Monday","Tuesday","Wednesday","Thursday","Friday","Saturday","Sunday"],"opens":"00:00","closes":"23:59"},"email":"contato@ubirataonline.com.br","vatID":"47.621.418\/0001-80"},{"@type":"Person","@id":"https:\/\/ubirataonline.com.br\/#\/schema\/person\/372f87bbd3fdd79b8556b84c98d0bc1c","name":"REDA\u00c7\u00c3O: UBIRAT\u00c3 ONLINE - F\u00c1BIO AUGUSTO CELESTINO","pronouns":"Ele","description":"Desde 2003 trabalhando com not\u00edcias.","sameAs":["http:\/\/ubirataoline.com.br","https:\/\/www.facebook.com\/portalubirataonline","https:\/\/www.instagram.com\/ubirataonline_oficial","https:\/\/x.com\/x.com\/ubirataonline"],"honorificPrefix":"Mr.","honorificSuffix":"MD","birthDate":"1980-06-16","gender":"masculino","award":["V\u00e1rios pr\u00eamios de melhor portal da cidade"],"jobTitle":"Diretor","url":"https:\/\/ubirataonline.com.br\/en\/author\/ubirataonline\/"},{"@type":"PostalAddress","@id":"https:\/\/ubirataonline.com.br\/curitiba-e-quatro-cidades-da-rmc-podem-ter-falta-de-agua-ate-terca\/#local-main-place-address","streetAddress":"Rua dos Coqueiros, 104 - Bairro Boa Vista, Rua dos Coqueiros, 104 Bairro Boa Vista","addressLocality":"UBIRATA","postalCode":"85440-000","addressRegion":"PR","addressCountry":"BR"},{"@type":"ImageObject","inLanguage":"en-US","@id":"https:\/\/ubirataonline.com.br\/curitiba-e-quatro-cidades-da-rmc-podem-ter-falta-de-agua-ate-terca\/#local-main-organization-logo","url":"https:\/\/ubirataonline.com.br\/wp-content\/uploads\/2026\/06\/logoubirataonline-1.webp","contentUrl":"https:\/\/ubirataonline.com.br\/wp-content\/uploads\/2026\/06\/logoubirataonline-1.webp","width":500,"height":500,"caption":"Ubirat\u00e3 Online Not\u00edcias"}]},"geo.placename":"UBIRATA","geo.position":{"lat":"-24.5361401","long":"-52.9921776"},"geo.region":"Brazil"},"_links":{"self":[{"href":"https:\/\/ubirataonline.com.br\/en\/wp-json\/wp\/v2\/posts\/127335","targetHints":{"allow":["GET"]}}],"collection":[{"href":"https:\/\/ubirataonline.com.br\/en\/wp-json\/wp\/v2\/posts"}],"about":[{"href":"https:\/\/ubirataonline.com.br\/en\/wp-json\/wp\/v2\/types\/post"}],"author":[{"embeddable":true,"href":"https:\/\/ubirataonline.com.br\/en\/wp-json\/wp\/v2\/users\/1"}],"replies":[{"embeddable":true,"href":"https:\/\/ubirataonline.com.br\/en\/wp-json\/wp\/v2\/comments?post=127335"}],"version-history":[{"count":0,"href":"https:\/\/ubirataonline.com.br\/en\/wp-json\/wp\/v2\/posts\/127335\/revisions"}],"wp:featuredmedia":[{"embeddable":true,"href":"https:\/\/ubirataonline.com.br\/en\/wp-json\/wp\/v2\/media\/127336"}],"wp:attachment":[{"href":"https:\/\/ubirataonline.com.br\/en\/wp-json\/wp\/v2\/media?parent=127335"}],"wp:term":[{"taxonomy":"category","embeddable":true,"href":"https:\/\/ubirataonline.com.br\/en\/wp-json\/wp\/v2\/categories?post=127335"},{"taxonomy":"post_tag","embeddable":true,"href":"https:\/\/ubirataonline.com.br\/en\/wp-json\/wp\/v2\/tags?post=127335"}],"curies":[{"name":"wp","href":"https:\/\/api.w.org\/{rel}","templated":true}]}}