{"id":127442,"date":"2026-05-12T01:24:34","date_gmt":"2026-05-12T04:24:34","guid":{"rendered":"https:\/\/ubirataonline.com.br\/lakers-adou-thieros-postseason-opportunity-is-an-audition-for-next-year\/"},"modified":"2026-05-12T01:24:37","modified_gmt":"2026-05-12T04:24:37","slug":"lakers-adou-thieros-postseason-opportunity-is-an-audition-for-next-year","status":"publish","type":"post","link":"https:\/\/ubirataonline.com.br\/en\/lakers-adou-thieros-postseason-opportunity-is-an-audition-for-next-year\/","title":{"rendered":"Lakers\u2019 Adou Thiero\u2019s postseason opportunity is an audition for next year"},"content":{"rendered":"<p><\/p>\n<div>\n<p>As <a class=\"link \" href=\"https:\/\/sports.yahoo.com\/nba\/players\/10488\/\" data-i13n=\"sec:content-canvas;subsec:anchor_text;elm:context_link\" data-ylk=\"slk:Adou Thiero;sec:content-canvas;subsec:anchor_text;elm:context_link;itc:0\" data-yga=\"{&quot;yLinkElement&quot;:&quot;context_link&quot;,&quot;yModuleName&quot;:&quot;content-canvas&quot;,&quot;yLinkText&quot;:&quot;Adou Thiero&quot;,&quot;ySubModuleName&quot;:&quot;anchor_text&quot;,&quot;yHasCommerce&quot;:false}\">Adou Thiero<\/a> was standing in front of the scorer\u2019s table at Paycom Center in <a class=\"link \" href=\"https:\/\/sports.yahoo.com\/nba\/teams\/oklahoma-city\/\" data-i13n=\"sec:content-canvas;subsec:anchor_text;elm:context_link\" data-ylk=\"slk:Oklahoma City;sec:content-canvas;subsec:anchor_text;elm:context_link;itc:0\" data-yga=\"{&quot;yLinkElement&quot;:&quot;context_link&quot;,&quot;yModuleName&quot;:&quot;content-canvas&quot;,&quot;yLinkText&quot;:&quot;Oklahoma City&quot;,&quot;ySubModuleName&quot;:&quot;anchor_text&quot;,&quot;yHasCommerce&quot;:false}\">Oklahoma City<\/a> early in the second quarter of the <a href=\"https:\/\/sports.yahoo.com\/articles\/lakers-fall-thunder-game-2-045200259.html\" data-ylk=\"slk:Lakers\u2019 Game 2 loss to the Thunder;elm:context_link;itc:0;sec:content-canvas;outcm:mb_qualified_link;_E:mb_qualified_link;ct:story;\" data-yga=\"{&quot;yLinkElement&quot;:&quot;context_link&quot;,&quot;yModuleName&quot;:&quot;content-canvas&quot;,&quot;yLinkText&quot;:&quot;Lakers\u2019 Game 2 loss to the Thunder&quot;}\" class=\"link  yahoo-link\">Lakers\u2019 Game 2 loss to the Thunder<\/a>, a familiar face followed Thiero\u2019s path with a message.<\/p>\n<p><a href=\"https:\/\/sports.yahoo.com\/articles\/lakers-star-luka-doncic-breaks-165646027.html\" data-ylk=\"slk:Luka Doncic;elm:context_link;itc:0;sec:content-canvas;outcm:mb_qualified_link;_E:mb_qualified_link;ct:story;\" data-yga=\"{&quot;yLinkElement&quot;:&quot;context_link&quot;,&quot;yModuleName&quot;:&quot;content-canvas&quot;,&quot;yLinkText&quot;:&quot;Luka Doncic&quot;}\" class=\"link  yahoo-link\">Luka Doncic<\/a>, the team\u2019s star player who\u2019s been sidelined since April 2 because of a strained left hamstring, made the walk from his seat on the Lakers\u2019 bench to the scorer\u2019s table before putting his arm to Thiero.<\/p>\n<p>Advertisement<\/p>\n<p>Doncic was there to give the Lakers rookie pieces of advice before getting his first opportunity of being in the Lakers\u2019 playoff rotation after <a href=\"https:\/\/sports.yahoo.com\/articles\/jarred-vanderbilt-left-game-1-024236362.html\" data-ylk=\"slk:Jarred Vanderbilt suffered an open right pinky dislocation;elm:context_link;itc:0;sec:content-canvas;outcm:mb_qualified_link;_E:mb_qualified_link;ct:story;\" data-yga=\"{&quot;yLinkElement&quot;:&quot;context_link&quot;,&quot;yModuleName&quot;:&quot;content-canvas&quot;,&quot;yLinkText&quot;:&quot;Jarred Vanderbilt suffered an open right pinky dislocation&quot;}\" class=\"link  yahoo-link\">Jarred Vanderbilt suffered an open right pinky dislocation<\/a>, opening up playing time.<\/p>\n<p>\u201cHe just told me to go out there and play hard, just do what I do and don\u2019t overthink anything,\u201d Thiero said of Doncic\u2019s message. \u201cJust kept it simple and trying to lighten the pressure on me.\u201d<\/p>\n<figure class=\"content-figure\">\n<div class=\"content-image\"><\/div><figcaption class=\"fig-caption\">\n<p>Lakers rookie Adou Thiero has found himself in the rotation in Games 2 and 3 against the Thunder. NBAE via Getty Images<\/p>\n<\/figcaption><\/figure>\n<p>During a loss that didn\u2019t provide many bright spots for the Lakers, outside of <a href=\"https:\/\/sports.yahoo.com\/articles\/austin-reaves-deserves-credit-way-191620773.html\" data-ylk=\"slk:Austin Reaves bouncing back;elm:context_link;itc:0;sec:content-canvas;outcm:mb_qualified_link;_E:mb_qualified_link;ct:story;\" data-yga=\"{&quot;yLinkElement&quot;:&quot;context_link&quot;,&quot;yModuleName&quot;:&quot;content-canvas&quot;,&quot;yLinkText&quot;:&quot;Austin Reaves bouncing back&quot;}\" class=\"link  yahoo-link\">Austin Reaves bouncing back<\/a> from a <a href=\"https:\/\/sports.yahoo.com\/articles\/austin-reaves-needs-step-game-132708234.html\" data-ylk=\"slk:rough Game 1 to kick off the series;elm:context_link;itc:0;sec:content-canvas;outcm:mb_qualified_link;_E:mb_qualified_link;ct:story;\" data-yga=\"{&quot;yLinkElement&quot;:&quot;context_link&quot;,&quot;yModuleName&quot;:&quot;content-canvas&quot;,&quot;yLinkText&quot;:&quot;rough Game 1 to kick off the series&quot;}\" class=\"link  yahoo-link\">rough Game 1 to kick off the series<\/a>, Thiero provided what the coaching staff was looking for.<\/p>\n<p>Advertisement<\/p>\n<p>He had three rebounds in his six-minute shift in the quarter.<\/p>\n<p>He hustled.<\/p>\n<p>He was energetic.<\/p>\n<p>He was physical.<\/p>\n<p>All of the areas the Thunder have had the edge over the Lakers entering Monday\u2019s Game 4 at Crypto.com Arena.<\/p>\n<p>\u201cHigh energy and physicality,\u201d coach <a class=\"link \" href=\"https:\/\/sports.yahoo.com\/nba\/players\/4139\/\" data-i13n=\"sec:content-canvas;subsec:anchor_text;elm:context_link\" data-ylk=\"slk:JJ Redick;sec:content-canvas;subsec:anchor_text;elm:context_link;itc:0\" data-yga=\"{&quot;yLinkElement&quot;:&quot;context_link&quot;,&quot;yModuleName&quot;:&quot;content-canvas&quot;,&quot;yLinkText&quot;:&quot;JJ Redick&quot;,&quot;ySubModuleName&quot;:&quot;anchor_text&quot;,&quot;yHasCommerce&quot;:false}\">JJ Redick<\/a> said of what\u2019s expected of Thiero. \u201cThought he played well.\u201d<\/p>\n<p>The good impression led to more playing time for Thiero in <a href=\"https:\/\/sports.yahoo.com\/articles\/lakers-blown-thunder-game-3-031311984.html\" data-ylk=\"slk:Saturday\u2019s Game 3 loss;elm:context_link;itc:0;sec:content-canvas;outcm:mb_qualified_link;_E:mb_qualified_link;ct:story;\" data-yga=\"{&quot;yLinkElement&quot;:&quot;context_link&quot;,&quot;yModuleName&quot;:&quot;content-canvas&quot;,&quot;yLinkText&quot;:&quot;Saturday\u2019s Game 3 loss&quot;}\" class=\"link  yahoo-link\">Saturday\u2019s Game 3 loss<\/a>.<\/p>\n<p>Thiero had a team-high eight rebounds in 13 minutes \u2013 five defensive rebounds and three offensive boards \u2013 and four points.<\/p>\n<p>\u201c[I] prayed for moments like these and worked for moments like these,\u201d Thiero said, \u201cJust to get that opportunity has been special; go out there and do what I can for the guys.\u201d<\/p>\n<figure class=\"content-figure\">\n<div class=\"content-image\"><img alt=\"After spending the majority of the season in the G League, Adou Thiero now finds himself defending the reigning MVP in &lt;a class=&quot;link &quot; href=&quot;https:\/\/sports.yahoo.com\/nba\/players\/6022\/&quot; data-i13n=&quot;sec:content-canvas;subsec:anchor_text;elm:context_link&quot; data-ylk=&quot;slk:Shai Gilgeous-Alexander;sec:content-canvas;subsec:anchor_text;elm:context_link;itc:0&quot; data-yga=&quot;{&quot;yLinkElement&quot;:&quot;context_link&quot;,&quot;yModuleName&quot;:&quot;content-canvas&quot;,&quot;yLinkText&quot;:&quot;Shai Gilgeous-Alexander&quot;,&quot;ySubModuleName&quot;:&quot;anchor_text&quot;,&quot;yHasCommerce&quot;:false}&quot;&gt;Shai Gilgeous-Alexander&lt;\/a&gt; in the postseason. Jayne Kamin-Oncea-Imagn Images\" loading=\"lazy\" width=\"960\" height=\"639\" decoding=\"async\" data-nimg=\"1\" class=\"standard-img\" style=\"color:transparent\" src=\"https:\/\/s.yimg.com\/ny\/api\/res\/1.2\/.H.nefnUyJ89Ef1Cq91yDg--\/YXBwaWQ9aGlnaGxhbmRlcjt3PTk2MDtoPTYzOTtjZj13ZWJw\/https:\/\/media.zenfs.com\/en\/ny_post_sports_articles_389\/a3d0eec6f42b4151955b69e19efe451b\"\/><button aria-label=\"View larger image\" class=\"lightbox-btn\" data-ylk=\"elm:expand;itc:1;sec:image-lightbox;slk:lightbox-open;\"><span class=\"lightbox-expand\"><svg viewbox=\"0 0 22 22\" aria-hidden=\"true\" class=\"size-4 lg:size-6\" width=\"22\" height=\"22\"><path d=\"M12.372.92c0-.506.41-.916.915-.916L21 0l-.004 7.712a.917.917 0 0 1-1.832 0V3.183l-6.827 6.828-1.349-1.348 6.828-6.828h-4.529a.915.915 0 0 1-.915-.915M1.835 17.816l6.828-6.828 1.349 1.349-6.829 6.827h4.529a.915.915 0 0 1 0 1.831L0 21l.004-7.713a.916.916 0 0 1 1.831 0z\"\/><\/svg><\/span><\/button><dialog aria-label=\"Image Lightbox\" class=\"lightbox-overlay\" aria-modal=\"true\"\/><\/div><figcaption class=\"fig-caption\">\n<div style=\"max-height:none;overflow:visible\">After spending the majority of the season in the G League, Adou Thiero now finds himself defending the reigning MVP in <a class=\"link \" href=\"https:\/\/sports.yahoo.com\/nba\/players\/6022\/\" data-i13n=\"sec:content-canvas;subsec:anchor_text;elm:context_link\" data-ylk=\"slk:Shai Gilgeous-Alexander;sec:content-canvas;subsec:anchor_text;elm:context_link;itc:0\" data-yga=\"{&quot;yLinkElement&quot;:&quot;context_link&quot;,&quot;yModuleName&quot;:&quot;content-canvas&quot;,&quot;yLinkText&quot;:&quot;Shai Gilgeous-Alexander&quot;,&quot;ySubModuleName&quot;:&quot;anchor_text&quot;,&quot;yHasCommerce&quot;:false}\">Shai Gilgeous-Alexander<\/a> in the postseason. Jayne Kamin-Oncea-Imagn Images<\/div>\n<\/figcaption><\/figure>\n<p>Thiero has felt the shift in focus and energy during the 19 combined minutes he played in Game 2 and Game 3 compared to when he\u2019d get playing time in the regular season.<\/p>\n<p>Advertisement<\/p>\n<p>\u201cIt\u2019s definitely very intense,\u201d Thiero said. \u201cYou got a loud atmosphere. Everybody is into it. Every possession, leave it all out there. It\u2019s very intense. I felt the change in pace and everything as soon as I got out there.\u201d<\/p>\n<p>Thiero\u2019s inexperience showed when he was called for a moving screen while trying to initiate a dribble handoff with <a class=\"link \" href=\"https:\/\/sports.yahoo.com\/nba\/players\/6171\/\" data-i13n=\"sec:content-canvas;subsec:anchor_text;elm:context_link\" data-ylk=\"slk:Rui Hachimura;sec:content-canvas;subsec:anchor_text;elm:context_link;itc:0\" data-yga=\"{&quot;yLinkElement&quot;:&quot;context_link&quot;,&quot;yModuleName&quot;:&quot;content-canvas&quot;,&quot;yLinkText&quot;:&quot;Rui Hachimura&quot;,&quot;ySubModuleName&quot;:&quot;anchor_text&quot;,&quot;yHasCommerce&quot;:false}\">Rui Hachimura<\/a> late in the third quarter.<\/p>\n<p>Or other moments when he passed up shots, with his energy and hustle masking the fact the No. 36 pick in the 2025 draft only played 149 minutes across 25 regular season games before the playoffs.<\/p>\n<p>\u201cThey told me I did a lot of good things, but there\u2019s still a lot of things I need to work on, which, granted, I haven\u2019t gotten that many reps. But still gotta be disciplined with what we\u2019re doing as a team and keep picking up our principles.\u201d<\/p>\n<p>Advertisement<\/p>\n<p>But if the Lakers hope to compete with teams like the Thunder, or even the Spurs, in the future, they need to develop players like Thiero into quality rotation players.<\/p>\n<figure class=\"content-figure\">\n<div class=\"content-image\"><img alt=\"Thiero had only played 149 minutes across 25 regular season games before the playoffs.&lt;br&gt; NBAE via Getty Images\" loading=\"lazy\" width=\"682\" height=\"1023\" decoding=\"async\" data-nimg=\"1\" class=\"standard-img\" style=\"color:transparent\" src=\"https:\/\/s.yimg.com\/ny\/api\/res\/1.2\/5B7KNnL9U79SnFy92shb6g--\/YXBwaWQ9aGlnaGxhbmRlcjt3PTk2MDtoPTE0NDA7Y2Y9d2VicA--\/https:\/\/media.zenfs.com\/en\/ny_post_sports_articles_389\/8a3f889833eb28af386744aa0c5fc6c2\"\/><\/div><figcaption class=\"fig-caption\">\n<p>Thiero had only played 149 minutes across 25 regular season games before the playoffs.<br \/>NBAE via Getty Images<\/p>\n<\/figcaption><\/figure>\n<p>Thiero, a 6-foot-8, 220-pound forward who impresses with his leaping ability and athleticism, not only represents what the Lakers lacked for most of the season, but also an advantage the Thunder and Spurs have over the Lakers.<\/p>\n<p>The Lakers have lacked inexpensive, younger talent that they\u2019ve developed who can be counted on to step up when needed.<\/p>\n<p>Austin Reaves was once that player, but is 27, now five years into his NBA career and is set for a big pay day this offseason.<\/p>\n<p>Advertisement<\/p>\n<p><a class=\"link \" href=\"https:\/\/sports.yahoo.com\/nba\/players\/6725\/\" data-i13n=\"sec:content-canvas;subsec:anchor_text;elm:context_link\" data-ylk=\"slk:Max Christie;sec:content-canvas;subsec:anchor_text;elm:context_link;itc:0\" data-yga=\"{&quot;yLinkElement&quot;:&quot;context_link&quot;,&quot;yModuleName&quot;:&quot;content-canvas&quot;,&quot;yLinkText&quot;:&quot;Max Christie&quot;,&quot;ySubModuleName&quot;:&quot;anchor_text&quot;,&quot;yHasCommerce&quot;:false}\">Max Christie<\/a>, who the Lakers drafted in the second round in 2022, was turning into that type of player before they included him in the trade for Doncic last winter.<\/p>\n<p>Both of the Lakers\u2019 draft picks from 2023, Jalen Hood-Schifino and <a class=\"link \" href=\"https:\/\/sports.yahoo.com\/nba\/players\/10079\/\" data-i13n=\"sec:content-canvas;subsec:anchor_text;elm:context_link\" data-ylk=\"slk:Maxwell Lewis;sec:content-canvas;subsec:anchor_text;elm:context_link;itc:0\" data-yga=\"{&quot;yLinkElement&quot;:&quot;context_link&quot;,&quot;yModuleName&quot;:&quot;content-canvas&quot;,&quot;yLinkText&quot;:&quot;Maxwell Lewis&quot;,&quot;ySubModuleName&quot;:&quot;anchor_text&quot;,&quot;yHasCommerce&quot;:false}\">Maxwell Lewis<\/a>, are no longer in the NBA.<\/p>\n<p>Their 2024 picks, <a class=\"link \" href=\"https:\/\/sports.yahoo.com\/nba\/players\/10291\/\" data-i13n=\"sec:content-canvas;subsec:anchor_text;elm:context_link\" data-ylk=\"slk:Dalton Knecht;sec:content-canvas;subsec:anchor_text;elm:context_link;itc:0\" data-yga=\"{&quot;yLinkElement&quot;:&quot;context_link&quot;,&quot;yModuleName&quot;:&quot;content-canvas&quot;,&quot;yLinkText&quot;:&quot;Dalton Knecht&quot;,&quot;ySubModuleName&quot;:&quot;anchor_text&quot;,&quot;yHasCommerce&quot;:false}\">Dalton Knecht<\/a> and <a class=\"link \" href=\"https:\/\/sports.yahoo.com\/nba\/players\/10339\/\" data-i13n=\"sec:content-canvas;subsec:anchor_text;elm:context_link\" data-ylk=\"slk:Bronny James;sec:content-canvas;subsec:anchor_text;elm:context_link;itc:0\" data-yga=\"{&quot;yLinkElement&quot;:&quot;context_link&quot;,&quot;yModuleName&quot;:&quot;content-canvas&quot;,&quot;yLinkText&quot;:&quot;Bronny James&quot;,&quot;ySubModuleName&quot;:&quot;anchor_text&quot;,&quot;yHasCommerce&quot;:false}\">Bronny James<\/a>, have only played against the Thunder when the game results were essentially decided. James was in the rotation during the first round against the Rockets while Reaves was sidelined.<\/p>\n<figure class=\"content-figure\">\n<div class=\"content-image\"><img alt=\"Selected with the 36th pick in the 2025 draft, the Lakers need to see if Thiero can emerge as a part of their rotation next season. AP\" loading=\"lazy\" width=\"683\" height=\"1024\" decoding=\"async\" data-nimg=\"1\" class=\"standard-img\" style=\"color:transparent\" src=\"https:\/\/s.yimg.com\/ny\/api\/res\/1.2\/_ZJxaPBXY3c7d.z36MqblQ--\/YXBwaWQ9aGlnaGxhbmRlcjt3PTk2MDtoPTE0Mzk7Y2Y9d2VicA--\/https:\/\/media.zenfs.com\/en\/ny_post_sports_articles_389\/9c7725fdfbccbcab7eb76a303168aae4\"\/><\/div><figcaption class=\"fig-caption\">\n<p>Selected with the 36th pick in the 2025 draft, the Lakers need to see if Thiero can emerge as a part of their rotation next season. AP<\/p>\n<\/figcaption><\/figure>\n<p>Compare that to the Thunder, who have multiple younger players on rookie scale contracts or inexpensive deals (<a class=\"link \" href=\"https:\/\/sports.yahoo.com\/nba\/players\/10107\/\" data-i13n=\"sec:content-canvas;subsec:anchor_text;elm:context_link\" data-ylk=\"slk:Cason Wallace;sec:content-canvas;subsec:anchor_text;elm:context_link;itc:0\" data-yga=\"{&quot;yLinkElement&quot;:&quot;context_link&quot;,&quot;yModuleName&quot;:&quot;content-canvas&quot;,&quot;yLinkText&quot;:&quot;Cason Wallace&quot;,&quot;ySubModuleName&quot;:&quot;anchor_text&quot;,&quot;yHasCommerce&quot;:false}\">Cason Wallace<\/a>, <a class=\"link \" href=\"https:\/\/sports.yahoo.com\/nba\/players\/10276\/\" data-i13n=\"sec:content-canvas;subsec:anchor_text;elm:context_link\" data-ylk=\"slk:Jared McCain;sec:content-canvas;subsec:anchor_text;elm:context_link;itc:0\" data-yga=\"{&quot;yLinkElement&quot;:&quot;context_link&quot;,&quot;yModuleName&quot;:&quot;content-canvas&quot;,&quot;yLinkText&quot;:&quot;Jared McCain&quot;,&quot;ySubModuleName&quot;:&quot;anchor_text&quot;,&quot;yHasCommerce&quot;:false}\">Jared McCain<\/a>, <a class=\"link \" href=\"https:\/\/sports.yahoo.com\/nba\/players\/10304\/\" data-i13n=\"sec:content-canvas;subsec:anchor_text;elm:context_link\" data-ylk=\"slk:Ajay Mitchell;sec:content-canvas;subsec:anchor_text;elm:context_link;itc:0\" data-yga=\"{&quot;yLinkElement&quot;:&quot;context_link&quot;,&quot;yModuleName&quot;:&quot;content-canvas&quot;,&quot;yLinkText&quot;:&quot;Ajay Mitchell&quot;,&quot;ySubModuleName&quot;:&quot;anchor_text&quot;,&quot;yHasCommerce&quot;:false}\">Ajay Mitchell<\/a>)) who have contributed to the 3-0 series lead they had going into Monday, and it\u2019s clear the Lakers are missing out on an important factor for team building.<\/p>\n<p>It\u2019s why they need Thiero to get this playing time.<\/p>\n<p>And for the Lakers sake, hopefully grow from it.<\/p>\n<\/div>\n<p><a href=\"https:\/\/sports.yahoo.com\/articles\/lakers-adou-thiero-postseason-opportunity-211650612.html\">Source link <\/a><\/p>\n","protected":false},"excerpt":{"rendered":"<p>As Adou Thiero was standing in front of the scorer\u2019s table at Paycom Center in Oklahoma City early in the second quarter of the Lakers\u2019 Game 2 loss to the Thunder, a familiar face followed Thiero\u2019s path with a message. Luka Doncic, the team\u2019s star player who\u2019s been sidelined since April 2 because of a [&hellip;]<\/p>\n","protected":false},"author":1,"featured_media":127443,"comment_status":"closed","ping_status":"","sticky":false,"template":"","format":"standard","meta":{"googlesitekit_rrm_CAow2JLhCw:productID":"","_gspb_post_css":"","maa_idioma":"","maa_pais":"","footnotes":""},"categories":[1],"tags":[34971,10738,5282,3824,21490,34972,7858],"class_list":["post-127442","post","type-post","status-publish","format-standard","has-post-thumbnail","hentry","category-ubirata","tag-adou","tag-audition","tag-lakers","tag-opportunity","tag-postseason","tag-thieros","tag-year"],"blocksy_meta":[],"yoast_head":"<!-- This site is optimized with the Yoast SEO Premium plugin v27.6 (Yoast SEO v27.6) - https:\/\/yoast.com\/product\/yoast-seo-premium-wordpress\/ -->\n<title>Lakers\u2019 Adou Thiero\u2019s postseason opportunity is an audition for next year - Ubirat\u00e3 Online Not\u00edcias - A realidade ao seu alcance!<\/title>\n<meta name=\"description\" content=\"As Adou Thiero was standing in front of the scorer\u2019s table at Paycom Center in Oklahoma City early in the second quarter of the Lakers\u2019 Game 2 loss to the\" \/>\n<meta name=\"robots\" content=\"index, follow, max-snippet:-1, max-image-preview:large, max-video-preview:-1\" \/>\n<link rel=\"canonical\" href=\"https:\/\/ubirataonline.com.br\/en\/lakers-adou-thieros-postseason-opportunity-is-an-audition-for-next-year\/\" \/>\n<meta property=\"og:locale\" content=\"en_US\" \/>\n<meta property=\"og:type\" content=\"article\" \/>\n<meta property=\"og:title\" content=\"Lakers\u2019 Adou Thiero\u2019s postseason opportunity is an audition for next year\" \/>\n<meta property=\"og:description\" content=\"As Adou Thiero was standing in front of the scorer\u2019s table at Paycom Center in Oklahoma City early in the second quarter of the Lakers\u2019 Game 2 loss to the\" \/>\n<meta property=\"og:url\" content=\"https:\/\/ubirataonline.com.br\/en\/lakers-adou-thieros-postseason-opportunity-is-an-audition-for-next-year\/\" \/>\n<meta property=\"og:site_name\" content=\"Ubirat\u00e3 Online Not\u00edcias - A realidade ao seu alcance!\" \/>\n<meta property=\"article:publisher\" content=\"https:\/\/www.facebook.com\/portalubirataonline\" \/>\n<meta property=\"article:author\" content=\"https:\/\/www.facebook.com\/portalubirataonline\" \/>\n<meta property=\"article:published_time\" content=\"2026-05-12T04:24:34+00:00\" \/>\n<meta property=\"article:modified_time\" content=\"2026-05-12T04:24:37+00:00\" \/>\n<meta property=\"og:image\" content=\"https:\/\/ubirataonline.com.br\/wp-content\/uploads\/2026\/05\/Lakers-Adou-Thieros-postseason-opportunity-is-an-audition-for-next.jpeg\" \/>\n\t<meta property=\"og:image:width\" content=\"1200\" \/>\n\t<meta property=\"og:image:height\" content=\"800\" \/>\n\t<meta property=\"og:image:type\" content=\"image\/jpeg\" \/>\n<meta name=\"author\" content=\"REDA\u00c7\u00c3O: UBIRAT\u00c3 ONLINE - F\u00c1BIO AUGUSTO CELESTINO\" \/>\n<meta name=\"twitter:card\" content=\"summary_large_image\" \/>\n<meta name=\"twitter:creator\" content=\"@x.com\/ubirataonline\" \/>\n<meta name=\"twitter:site\" content=\"@ubirataonline\" \/>\n<meta name=\"twitter:label1\" content=\"Written by\" \/>\n\t<meta name=\"twitter:data1\" content=\"REDA\u00c7\u00c3O: UBIRAT\u00c3 ONLINE - F\u00c1BIO AUGUSTO CELESTINO\" \/>\n\t<meta name=\"twitter:label2\" content=\"Est. reading time\" \/>\n\t<meta name=\"twitter:data2\" content=\"4 minutes\" \/>\n<script type=\"application\/ld+json\" class=\"yoast-schema-graph\">{\"@context\":\"https:\\\/\\\/schema.org\",\"@graph\":[{\"@type\":\"NewsArticle\",\"@id\":\"https:\\\/\\\/ubirataonline.com.br\\\/lakers-adou-thieros-postseason-opportunity-is-an-audition-for-next-year\\\/#article\",\"isPartOf\":{\"@id\":\"https:\\\/\\\/ubirataonline.com.br\\\/lakers-adou-thieros-postseason-opportunity-is-an-audition-for-next-year\\\/\"},\"author\":{\"name\":\"REDA\u00c7\u00c3O: UBIRAT\u00c3 ONLINE - F\u00c1BIO AUGUSTO CELESTINO\",\"@id\":\"https:\\\/\\\/ubirataonline.com.br\\\/#\\\/schema\\\/person\\\/372f87bbd3fdd79b8556b84c98d0bc1c\"},\"headline\":\"Lakers\u2019 Adou Thiero\u2019s postseason opportunity is an audition for next year\",\"datePublished\":\"2026-05-12T04:24:34+00:00\",\"dateModified\":\"2026-05-12T04:24:37+00:00\",\"mainEntityOfPage\":{\"@id\":\"https:\\\/\\\/ubirataonline.com.br\\\/lakers-adou-thieros-postseason-opportunity-is-an-audition-for-next-year\\\/\"},\"wordCount\":878,\"publisher\":{\"@id\":\"https:\\\/\\\/ubirataonline.com.br\\\/#organization\"},\"image\":{\"@id\":\"https:\\\/\\\/ubirataonline.com.br\\\/lakers-adou-thieros-postseason-opportunity-is-an-audition-for-next-year\\\/#primaryimage\"},\"thumbnailUrl\":\"https:\\\/\\\/ubirataonline.com.br\\\/wp-content\\\/uploads\\\/2026\\\/05\\\/Lakers-Adou-Thieros-postseason-opportunity-is-an-audition-for-next.jpeg\",\"keywords\":[\"Adou\",\"audition\",\"Lakers\",\"opportunity\",\"postseason\",\"Thieros\",\"Year\"],\"articleSection\":[\"Ubirat\u00e3\"],\"inLanguage\":\"en-US\",\"copyrightYear\":\"2026\",\"copyrightHolder\":{\"@id\":\"https:\\\/\\\/ubirataonline.com.br\\\/en\\\/#organization\"}},{\"@type\":\"WebPage\",\"@id\":\"https:\\\/\\\/ubirataonline.com.br\\\/lakers-adou-thieros-postseason-opportunity-is-an-audition-for-next-year\\\/\",\"url\":\"https:\\\/\\\/ubirataonline.com.br\\\/lakers-adou-thieros-postseason-opportunity-is-an-audition-for-next-year\\\/\",\"name\":\"Lakers\u2019 Adou Thiero\u2019s postseason opportunity is an audition for next year - Ubirat\u00e3 Online Not\u00edcias - A realidade ao seu alcance!\",\"isPartOf\":{\"@id\":\"https:\\\/\\\/ubirataonline.com.br\\\/#website\"},\"primaryImageOfPage\":{\"@id\":\"https:\\\/\\\/ubirataonline.com.br\\\/lakers-adou-thieros-postseason-opportunity-is-an-audition-for-next-year\\\/#primaryimage\"},\"image\":{\"@id\":\"https:\\\/\\\/ubirataonline.com.br\\\/lakers-adou-thieros-postseason-opportunity-is-an-audition-for-next-year\\\/#primaryimage\"},\"thumbnailUrl\":\"https:\\\/\\\/ubirataonline.com.br\\\/wp-content\\\/uploads\\\/2026\\\/05\\\/Lakers-Adou-Thieros-postseason-opportunity-is-an-audition-for-next.jpeg\",\"datePublished\":\"2026-05-12T04:24:34+00:00\",\"dateModified\":\"2026-05-12T04:24:37+00:00\",\"description\":\"As Adou Thiero was standing in front of the scorer\u2019s table at Paycom Center in Oklahoma City early in the second quarter of the Lakers\u2019 Game 2 loss to the\",\"breadcrumb\":{\"@id\":\"https:\\\/\\\/ubirataonline.com.br\\\/lakers-adou-thieros-postseason-opportunity-is-an-audition-for-next-year\\\/#breadcrumb\"},\"inLanguage\":\"en-US\",\"potentialAction\":[{\"@type\":\"ReadAction\",\"target\":[\"https:\\\/\\\/ubirataonline.com.br\\\/lakers-adou-thieros-postseason-opportunity-is-an-audition-for-next-year\\\/\"]}]},{\"@type\":\"ImageObject\",\"inLanguage\":\"en-US\",\"@id\":\"https:\\\/\\\/ubirataonline.com.br\\\/lakers-adou-thieros-postseason-opportunity-is-an-audition-for-next-year\\\/#primaryimage\",\"url\":\"https:\\\/\\\/ubirataonline.com.br\\\/wp-content\\\/uploads\\\/2026\\\/05\\\/Lakers-Adou-Thieros-postseason-opportunity-is-an-audition-for-next.jpeg\",\"contentUrl\":\"https:\\\/\\\/ubirataonline.com.br\\\/wp-content\\\/uploads\\\/2026\\\/05\\\/Lakers-Adou-Thieros-postseason-opportunity-is-an-audition-for-next.jpeg\",\"width\":1200,\"height\":800,\"caption\":\"Lakers\u2019 Adou Thiero\u2019s postseason opportunity is an audition for next year\"},{\"@type\":\"BreadcrumbList\",\"@id\":\"https:\\\/\\\/ubirataonline.com.br\\\/lakers-adou-thieros-postseason-opportunity-is-an-audition-for-next-year\\\/#breadcrumb\",\"itemListElement\":[{\"@type\":\"ListItem\",\"position\":1,\"name\":\"In\u00edcio\",\"item\":\"https:\\\/\\\/ubirataonline.com.br\\\/\"},{\"@type\":\"ListItem\",\"position\":2,\"name\":\"Lakers\u2019 Adou Thiero\u2019s postseason opportunity is an audition for next year\"}]},{\"@type\":\"WebSite\",\"@id\":\"https:\\\/\\\/ubirataonline.com.br\\\/#website\",\"url\":\"https:\\\/\\\/ubirataonline.com.br\\\/\",\"name\":\"Ubirat\u00e3 Online Not\u00edcias\",\"description\":\"Not\u00edcias de Ubirat\u00e3, regi\u00e3o, Brasil e mundo, com informa\u00e7\u00e3o atualizada e compromisso com o leitor.\",\"publisher\":{\"@id\":\"https:\\\/\\\/ubirataonline.com.br\\\/#organization\"},\"alternateName\":\"Ubirat\u00e3 Online\",\"potentialAction\":[{\"@type\":\"SearchAction\",\"target\":{\"@type\":\"EntryPoint\",\"urlTemplate\":\"https:\\\/\\\/ubirataonline.com.br\\\/?s={search_term_string}\"},\"query-input\":{\"@type\":\"PropertyValueSpecification\",\"valueRequired\":true,\"valueName\":\"search_term_string\"}}],\"inLanguage\":\"en-US\"},{\"@type\":[\"Organization\",\"Place\"],\"@id\":\"https:\\\/\\\/ubirataonline.com.br\\\/#organization\",\"name\":\"Ubirat\u00e3 Online Not\u00edcias\",\"alternateName\":\"Ubirat\u00e3 Online\",\"url\":\"https:\\\/\\\/ubirataonline.com.br\\\/\",\"logo\":{\"@id\":\"https:\\\/\\\/ubirataonline.com.br\\\/lakers-adou-thieros-postseason-opportunity-is-an-audition-for-next-year\\\/#local-main-organization-logo\"},\"image\":{\"@id\":\"https:\\\/\\\/ubirataonline.com.br\\\/lakers-adou-thieros-postseason-opportunity-is-an-audition-for-next-year\\\/#local-main-organization-logo\"},\"sameAs\":[\"https:\\\/\\\/www.facebook.com\\\/portalubirataonline\",\"https:\\\/\\\/x.com\\\/ubirataonline\",\"https:\\\/\\\/mastodon.social\\\/@ubirataonline\",\"https:\\\/\\\/www.facebook.com\\\/groups\\\/311144672285604\",\"https:\\\/\\\/www.facebook.com\\\/UBTAOnline\",\"https:\\\/\\\/www.instagram.com\\\/portalubirataonline\\\/\",\"https:\\\/\\\/twitter.com\\\/ubirataonline\"],\"description\":\"Somos um portal de not\u00edcias independente, criado em 5 de janeiro de 2009, com o objetivo de informar, conectar e valorizar a nossa comunidade de Ubirat\u00e3 e toda aregi\u00e3o. Com conte\u00fado atualizado, confi\u00e1vel e relevante, o Ubirat\u00e3 Online \u00e9 o seu espa\u00e7o para ficar por dentro dos principais acontecimentos locais, regionais, Brasil, Mundo e de interesse geral. Nosso compromisso \u00e9 com a verdade, a transpar\u00eancia e o respeito ao leitor.\",\"legalName\":\"UBIRATA ONLINE NOT\u00cdCIAS\",\"foundingDate\":\"2009-01-05\",\"numberOfEmployees\":{\"@type\":\"QuantitativeValue\",\"minValue\":\"1\",\"maxValue\":\"10\"},\"publishingPrinciples\":\"https:\\\/\\\/ubirataonline.com.br\\\/faq\\\/\",\"address\":{\"@id\":\"https:\\\/\\\/ubirataonline.com.br\\\/lakers-adou-thieros-postseason-opportunity-is-an-audition-for-next-year\\\/#local-main-place-address\"},\"geo\":{\"@type\":\"GeoCoordinates\",\"latitude\":\"-24.5361401\",\"longitude\":\"-52.9921776\"},\"telephone\":[\"+5544998308235\"],\"contactPoint\":{\"@type\":\"ContactPoint\",\"email\":\"contato@ubirataonline.com.br\"},\"openingHoursSpecification\":{\"@type\":\"OpeningHoursSpecification\",\"dayOfWeek\":[\"Monday\",\"Tuesday\",\"Wednesday\",\"Thursday\",\"Friday\",\"Saturday\",\"Sunday\"],\"opens\":\"00:00\",\"closes\":\"23:59\"},\"email\":\"contato@ubirataonline.com.br\",\"vatID\":\"47.621.418\\\/0001-80\"},{\"@type\":\"Person\",\"@id\":\"https:\\\/\\\/ubirataonline.com.br\\\/#\\\/schema\\\/person\\\/372f87bbd3fdd79b8556b84c98d0bc1c\",\"name\":\"REDA\u00c7\u00c3O: UBIRAT\u00c3 ONLINE - F\u00c1BIO AUGUSTO CELESTINO\",\"pronouns\":\"Ele\",\"description\":\"Desde 2003 trabalhando com not\u00edcias.\",\"sameAs\":[\"http:\\\/\\\/ubirataoline.com.br\",\"https:\\\/\\\/www.facebook.com\\\/portalubirataonline\",\"https:\\\/\\\/www.instagram.com\\\/ubirataonline_oficial\",\"https:\\\/\\\/x.com\\\/x.com\\\/ubirataonline\"],\"honorificPrefix\":\"Mr.\",\"honorificSuffix\":\"MD\",\"birthDate\":\"1980-06-16\",\"gender\":\"masculino\",\"award\":[\"V\u00e1rios pr\u00eamios de melhor portal da cidade\"],\"jobTitle\":\"Diretor\",\"url\":\"https:\\\/\\\/ubirataonline.com.br\\\/en\\\/author\\\/ubirataonline\\\/\"},{\"@type\":\"PostalAddress\",\"@id\":\"https:\\\/\\\/ubirataonline.com.br\\\/lakers-adou-thieros-postseason-opportunity-is-an-audition-for-next-year\\\/#local-main-place-address\",\"streetAddress\":\"Rua dos Coqueiros, 104 - Bairro Boa Vista, Rua dos Coqueiros, 104 Bairro Boa Vista\",\"addressLocality\":\"UBIRATA\",\"postalCode\":\"85440-000\",\"addressRegion\":\"PR\",\"addressCountry\":\"BR\"},{\"@type\":\"ImageObject\",\"inLanguage\":\"en-US\",\"@id\":\"https:\\\/\\\/ubirataonline.com.br\\\/lakers-adou-thieros-postseason-opportunity-is-an-audition-for-next-year\\\/#local-main-organization-logo\",\"url\":\"https:\\\/\\\/ubirataonline.com.br\\\/wp-content\\\/uploads\\\/2026\\\/06\\\/logoubirataonline-1.webp\",\"contentUrl\":\"https:\\\/\\\/ubirataonline.com.br\\\/wp-content\\\/uploads\\\/2026\\\/06\\\/logoubirataonline-1.webp\",\"width\":500,\"height\":500,\"caption\":\"Ubirat\u00e3 Online Not\u00edcias\"}]}<\/script>\n<meta name=\"geo.placename\" content=\"UBIRATA\" \/>\n<meta name=\"geo.position\" content=\"-24.5361401;-52.9921776\" \/>\n<meta name=\"geo.region\" content=\"Brazil\" \/>\n<!-- \/ Yoast SEO Premium plugin. -->","yoast_head_json":{"title":"Lakers\u2019 Adou Thiero\u2019s postseason opportunity is an audition for next year - Ubirat\u00e3 Online Not\u00edcias - A realidade ao seu alcance!","description":"As Adou Thiero was standing in front of the scorer\u2019s table at Paycom Center in Oklahoma City early in the second quarter of the Lakers\u2019 Game 2 loss to the","robots":{"index":"index","follow":"follow","max-snippet":"max-snippet:-1","max-image-preview":"max-image-preview:large","max-video-preview":"max-video-preview:-1"},"canonical":"https:\/\/ubirataonline.com.br\/en\/lakers-adou-thieros-postseason-opportunity-is-an-audition-for-next-year\/","og_locale":"en_US","og_type":"article","og_title":"Lakers\u2019 Adou Thiero\u2019s postseason opportunity is an audition for next year","og_description":"As Adou Thiero was standing in front of the scorer\u2019s table at Paycom Center in Oklahoma City early in the second quarter of the Lakers\u2019 Game 2 loss to the","og_url":"https:\/\/ubirataonline.com.br\/en\/lakers-adou-thieros-postseason-opportunity-is-an-audition-for-next-year\/","og_site_name":"Ubirat\u00e3 Online Not\u00edcias - A realidade ao seu alcance!","article_publisher":"https:\/\/www.facebook.com\/portalubirataonline","article_author":"https:\/\/www.facebook.com\/portalubirataonline","article_published_time":"2026-05-12T04:24:34+00:00","article_modified_time":"2026-05-12T04:24:37+00:00","og_image":[{"width":1200,"height":800,"url":"https:\/\/ubirataonline.com.br\/wp-content\/uploads\/2026\/05\/Lakers-Adou-Thieros-postseason-opportunity-is-an-audition-for-next.jpeg","type":"image\/jpeg"}],"author":"REDA\u00c7\u00c3O: UBIRAT\u00c3 ONLINE - F\u00c1BIO AUGUSTO CELESTINO","twitter_card":"summary_large_image","twitter_creator":"@x.com\/ubirataonline","twitter_site":"@ubirataonline","twitter_misc":{"Written by":"REDA\u00c7\u00c3O: UBIRAT\u00c3 ONLINE - F\u00c1BIO AUGUSTO CELESTINO","Est. reading time":"4 minutes"},"schema":{"@context":"https:\/\/schema.org","@graph":[{"@type":"NewsArticle","@id":"https:\/\/ubirataonline.com.br\/lakers-adou-thieros-postseason-opportunity-is-an-audition-for-next-year\/#article","isPartOf":{"@id":"https:\/\/ubirataonline.com.br\/lakers-adou-thieros-postseason-opportunity-is-an-audition-for-next-year\/"},"author":{"name":"REDA\u00c7\u00c3O: UBIRAT\u00c3 ONLINE - F\u00c1BIO AUGUSTO CELESTINO","@id":"https:\/\/ubirataonline.com.br\/#\/schema\/person\/372f87bbd3fdd79b8556b84c98d0bc1c"},"headline":"Lakers\u2019 Adou Thiero\u2019s postseason opportunity is an audition for next year","datePublished":"2026-05-12T04:24:34+00:00","dateModified":"2026-05-12T04:24:37+00:00","mainEntityOfPage":{"@id":"https:\/\/ubirataonline.com.br\/lakers-adou-thieros-postseason-opportunity-is-an-audition-for-next-year\/"},"wordCount":878,"publisher":{"@id":"https:\/\/ubirataonline.com.br\/#organization"},"image":{"@id":"https:\/\/ubirataonline.com.br\/lakers-adou-thieros-postseason-opportunity-is-an-audition-for-next-year\/#primaryimage"},"thumbnailUrl":"https:\/\/ubirataonline.com.br\/wp-content\/uploads\/2026\/05\/Lakers-Adou-Thieros-postseason-opportunity-is-an-audition-for-next.jpeg","keywords":["Adou","audition","Lakers","opportunity","postseason","Thieros","Year"],"articleSection":["Ubirat\u00e3"],"inLanguage":"en-US","copyrightYear":"2026","copyrightHolder":{"@id":"https:\/\/ubirataonline.com.br\/en\/#organization"}},{"@type":"WebPage","@id":"https:\/\/ubirataonline.com.br\/lakers-adou-thieros-postseason-opportunity-is-an-audition-for-next-year\/","url":"https:\/\/ubirataonline.com.br\/lakers-adou-thieros-postseason-opportunity-is-an-audition-for-next-year\/","name":"Lakers\u2019 Adou Thiero\u2019s postseason opportunity is an audition for next year - Ubirat\u00e3 Online Not\u00edcias - A realidade ao seu alcance!","isPartOf":{"@id":"https:\/\/ubirataonline.com.br\/#website"},"primaryImageOfPage":{"@id":"https:\/\/ubirataonline.com.br\/lakers-adou-thieros-postseason-opportunity-is-an-audition-for-next-year\/#primaryimage"},"image":{"@id":"https:\/\/ubirataonline.com.br\/lakers-adou-thieros-postseason-opportunity-is-an-audition-for-next-year\/#primaryimage"},"thumbnailUrl":"https:\/\/ubirataonline.com.br\/wp-content\/uploads\/2026\/05\/Lakers-Adou-Thieros-postseason-opportunity-is-an-audition-for-next.jpeg","datePublished":"2026-05-12T04:24:34+00:00","dateModified":"2026-05-12T04:24:37+00:00","description":"As Adou Thiero was standing in front of the scorer\u2019s table at Paycom Center in Oklahoma City early in the second quarter of the Lakers\u2019 Game 2 loss to the","breadcrumb":{"@id":"https:\/\/ubirataonline.com.br\/lakers-adou-thieros-postseason-opportunity-is-an-audition-for-next-year\/#breadcrumb"},"inLanguage":"en-US","potentialAction":[{"@type":"ReadAction","target":["https:\/\/ubirataonline.com.br\/lakers-adou-thieros-postseason-opportunity-is-an-audition-for-next-year\/"]}]},{"@type":"ImageObject","inLanguage":"en-US","@id":"https:\/\/ubirataonline.com.br\/lakers-adou-thieros-postseason-opportunity-is-an-audition-for-next-year\/#primaryimage","url":"https:\/\/ubirataonline.com.br\/wp-content\/uploads\/2026\/05\/Lakers-Adou-Thieros-postseason-opportunity-is-an-audition-for-next.jpeg","contentUrl":"https:\/\/ubirataonline.com.br\/wp-content\/uploads\/2026\/05\/Lakers-Adou-Thieros-postseason-opportunity-is-an-audition-for-next.jpeg","width":1200,"height":800,"caption":"Lakers\u2019 Adou Thiero\u2019s postseason opportunity is an audition for next year"},{"@type":"BreadcrumbList","@id":"https:\/\/ubirataonline.com.br\/lakers-adou-thieros-postseason-opportunity-is-an-audition-for-next-year\/#breadcrumb","itemListElement":[{"@type":"ListItem","position":1,"name":"In\u00edcio","item":"https:\/\/ubirataonline.com.br\/"},{"@type":"ListItem","position":2,"name":"Lakers\u2019 Adou Thiero\u2019s postseason opportunity is an audition for next year"}]},{"@type":"WebSite","@id":"https:\/\/ubirataonline.com.br\/#website","url":"https:\/\/ubirataonline.com.br\/","name":"Ubirat\u00e3 Online Not\u00edcias","description":"Not\u00edcias de Ubirat\u00e3, regi\u00e3o, Brasil e mundo, com informa\u00e7\u00e3o atualizada e compromisso com o leitor.","publisher":{"@id":"https:\/\/ubirataonline.com.br\/#organization"},"alternateName":"Ubirat\u00e3 Online","potentialAction":[{"@type":"SearchAction","target":{"@type":"EntryPoint","urlTemplate":"https:\/\/ubirataonline.com.br\/?s={search_term_string}"},"query-input":{"@type":"PropertyValueSpecification","valueRequired":true,"valueName":"search_term_string"}}],"inLanguage":"en-US"},{"@type":["Organization","Place"],"@id":"https:\/\/ubirataonline.com.br\/#organization","name":"Ubirat\u00e3 Online Not\u00edcias","alternateName":"Ubirat\u00e3 Online","url":"https:\/\/ubirataonline.com.br\/","logo":{"@id":"https:\/\/ubirataonline.com.br\/lakers-adou-thieros-postseason-opportunity-is-an-audition-for-next-year\/#local-main-organization-logo"},"image":{"@id":"https:\/\/ubirataonline.com.br\/lakers-adou-thieros-postseason-opportunity-is-an-audition-for-next-year\/#local-main-organization-logo"},"sameAs":["https:\/\/www.facebook.com\/portalubirataonline","https:\/\/x.com\/ubirataonline","https:\/\/mastodon.social\/@ubirataonline","https:\/\/www.facebook.com\/groups\/311144672285604","https:\/\/www.facebook.com\/UBTAOnline","https:\/\/www.instagram.com\/portalubirataonline\/","https:\/\/twitter.com\/ubirataonline"],"description":"Somos um portal de not\u00edcias independente, criado em 5 de janeiro de 2009, com o objetivo de informar, conectar e valorizar a nossa comunidade de Ubirat\u00e3 e toda aregi\u00e3o. Com conte\u00fado atualizado, confi\u00e1vel e relevante, o Ubirat\u00e3 Online \u00e9 o seu espa\u00e7o para ficar por dentro dos principais acontecimentos locais, regionais, Brasil, Mundo e de interesse geral. Nosso compromisso \u00e9 com a verdade, a transpar\u00eancia e o respeito ao leitor.","legalName":"UBIRATA ONLINE NOT\u00cdCIAS","foundingDate":"2009-01-05","numberOfEmployees":{"@type":"QuantitativeValue","minValue":"1","maxValue":"10"},"publishingPrinciples":"https:\/\/ubirataonline.com.br\/faq\/","address":{"@id":"https:\/\/ubirataonline.com.br\/lakers-adou-thieros-postseason-opportunity-is-an-audition-for-next-year\/#local-main-place-address"},"geo":{"@type":"GeoCoordinates","latitude":"-24.5361401","longitude":"-52.9921776"},"telephone":["+5544998308235"],"contactPoint":{"@type":"ContactPoint","email":"contato@ubirataonline.com.br"},"openingHoursSpecification":{"@type":"OpeningHoursSpecification","dayOfWeek":["Monday","Tuesday","Wednesday","Thursday","Friday","Saturday","Sunday"],"opens":"00:00","closes":"23:59"},"email":"contato@ubirataonline.com.br","vatID":"47.621.418\/0001-80"},{"@type":"Person","@id":"https:\/\/ubirataonline.com.br\/#\/schema\/person\/372f87bbd3fdd79b8556b84c98d0bc1c","name":"REDA\u00c7\u00c3O: UBIRAT\u00c3 ONLINE - F\u00c1BIO AUGUSTO CELESTINO","pronouns":"Ele","description":"Desde 2003 trabalhando com not\u00edcias.","sameAs":["http:\/\/ubirataoline.com.br","https:\/\/www.facebook.com\/portalubirataonline","https:\/\/www.instagram.com\/ubirataonline_oficial","https:\/\/x.com\/x.com\/ubirataonline"],"honorificPrefix":"Mr.","honorificSuffix":"MD","birthDate":"1980-06-16","gender":"masculino","award":["V\u00e1rios pr\u00eamios de melhor portal da cidade"],"jobTitle":"Diretor","url":"https:\/\/ubirataonline.com.br\/en\/author\/ubirataonline\/"},{"@type":"PostalAddress","@id":"https:\/\/ubirataonline.com.br\/lakers-adou-thieros-postseason-opportunity-is-an-audition-for-next-year\/#local-main-place-address","streetAddress":"Rua dos Coqueiros, 104 - Bairro Boa Vista, Rua dos Coqueiros, 104 Bairro Boa Vista","addressLocality":"UBIRATA","postalCode":"85440-000","addressRegion":"PR","addressCountry":"BR"},{"@type":"ImageObject","inLanguage":"en-US","@id":"https:\/\/ubirataonline.com.br\/lakers-adou-thieros-postseason-opportunity-is-an-audition-for-next-year\/#local-main-organization-logo","url":"https:\/\/ubirataonline.com.br\/wp-content\/uploads\/2026\/06\/logoubirataonline-1.webp","contentUrl":"https:\/\/ubirataonline.com.br\/wp-content\/uploads\/2026\/06\/logoubirataonline-1.webp","width":500,"height":500,"caption":"Ubirat\u00e3 Online Not\u00edcias"}]},"geo.placename":"UBIRATA","geo.position":{"lat":"-24.5361401","long":"-52.9921776"},"geo.region":"Brazil"},"_links":{"self":[{"href":"https:\/\/ubirataonline.com.br\/en\/wp-json\/wp\/v2\/posts\/127442","targetHints":{"allow":["GET"]}}],"collection":[{"href":"https:\/\/ubirataonline.com.br\/en\/wp-json\/wp\/v2\/posts"}],"about":[{"href":"https:\/\/ubirataonline.com.br\/en\/wp-json\/wp\/v2\/types\/post"}],"author":[{"embeddable":true,"href":"https:\/\/ubirataonline.com.br\/en\/wp-json\/wp\/v2\/users\/1"}],"replies":[{"embeddable":true,"href":"https:\/\/ubirataonline.com.br\/en\/wp-json\/wp\/v2\/comments?post=127442"}],"version-history":[{"count":0,"href":"https:\/\/ubirataonline.com.br\/en\/wp-json\/wp\/v2\/posts\/127442\/revisions"}],"wp:featuredmedia":[{"embeddable":true,"href":"https:\/\/ubirataonline.com.br\/en\/wp-json\/wp\/v2\/media\/127443"}],"wp:attachment":[{"href":"https:\/\/ubirataonline.com.br\/en\/wp-json\/wp\/v2\/media?parent=127442"}],"wp:term":[{"taxonomy":"category","embeddable":true,"href":"https:\/\/ubirataonline.com.br\/en\/wp-json\/wp\/v2\/categories?post=127442"},{"taxonomy":"post_tag","embeddable":true,"href":"https:\/\/ubirataonline.com.br\/en\/wp-json\/wp\/v2\/tags?post=127442"}],"curies":[{"name":"wp","href":"https:\/\/api.w.org\/{rel}","templated":true}]}}