{"id":127466,"date":"2026-05-12T02:09:23","date_gmt":"2026-05-12T05:09:23","guid":{"rendered":"https:\/\/ubirataonline.com.br\/jared-mccain-admits-trade-from-76ers-to-thunder-was-heartbreaking-at-the-time\/"},"modified":"2026-05-12T02:09:27","modified_gmt":"2026-05-12T05:09:27","slug":"jared-mccain-admits-trade-from-76ers-to-thunder-was-heartbreaking-at-the-time","status":"publish","type":"post","link":"https:\/\/ubirataonline.com.br\/en\/jared-mccain-admits-trade-from-76ers-to-thunder-was-heartbreaking-at-the-time\/","title":{"rendered":"Jared McCain admits trade from 76ers to Thunder was &#8216;heartbreaking&#8217; at the time"},"content":{"rendered":"<p><\/p>\n<div>\n<p>It\u2019s been a tale of two very different experiences for the <a class=\"link\" href=\"https:\/\/sports.yahoo.com\/nba\/teams\/philadelphia\/\" data-i13n=\"sec:content-canvas;subsec:anchor_text;elm:context_link\" data-ylk=\"slk:Philadelphia 76ers;sec:content-canvas;subsec:anchor_text;elm:context_link;itc:0\" data-yga=\"{&quot;yLinkElement&quot;:&quot;context_link&quot;,&quot;yModuleName&quot;:&quot;content-canvas&quot;,&quot;yLinkText&quot;:&quot;Philadelphia 76ers&quot;,&quot;ySubModuleName&quot;:&quot;anchor_text&quot;,&quot;yHasCommerce&quot;:false}\">Philadelphia 76ers<\/a> and <a class=\"link\" href=\"https:\/\/sports.yahoo.com\/nba\/teams\/oklahoma-city\/\" data-i13n=\"sec:content-canvas;subsec:anchor_text;elm:context_link\" data-ylk=\"slk:Oklahoma City Thunder;sec:content-canvas;subsec:anchor_text;elm:context_link;itc:0\" data-yga=\"{&quot;yLinkElement&quot;:&quot;context_link&quot;,&quot;yModuleName&quot;:&quot;content-canvas&quot;,&quot;yLinkText&quot;:&quot;Oklahoma City Thunder&quot;,&quot;ySubModuleName&quot;:&quot;anchor_text&quot;,&quot;yHasCommerce&quot;:false}\">Oklahoma City Thunder<\/a> in the NBA playoffs so far. The 76ers have fought hard to stay alive, rallying from a 3-1 deficit in the first round before falling behind 0-2 to the <a class=\"link\" href=\"https:\/\/sports.yahoo.com\/nba\/teams\/new-york\/\" data-i13n=\"sec:content-canvas;subsec:anchor_text;elm:context_link\" data-ylk=\"slk:New York Knicks;sec:content-canvas;subsec:anchor_text;elm:context_link;itc:0\" data-yga=\"{&quot;yLinkElement&quot;:&quot;context_link&quot;,&quot;yModuleName&quot;:&quot;content-canvas&quot;,&quot;yLinkText&quot;:&quot;New York Knicks&quot;,&quot;ySubModuleName&quot;:&quot;anchor_text&quot;,&quot;yHasCommerce&quot;:false}\">New York Knicks<\/a> in the second round.<\/p>\n<p>The Thunder, meanwhile, have cruised through their matchups. Through six playoff games, they\u2019re undefeated and major threats to repeat as champions.<\/p>\n<p>Advertisement<\/p>\n<p>Midseason acquisition <a class=\"link\" href=\"https:\/\/sports.yahoo.com\/nba\/players\/10276\/\" data-i13n=\"sec:content-canvas;subsec:anchor_text;elm:context_link\" data-ylk=\"slk:Jared McCain;sec:content-canvas;subsec:anchor_text;elm:context_link;itc:0\" data-yga=\"{&quot;yLinkElement&quot;:&quot;context_link&quot;,&quot;yModuleName&quot;:&quot;content-canvas&quot;,&quot;yLinkText&quot;:&quot;Jared McCain&quot;,&quot;ySubModuleName&quot;:&quot;anchor_text&quot;,&quot;yHasCommerce&quot;:false}\">Jared McCain<\/a> has played a significant role in the team\u2019s success, particularly against the <a class=\"link\" href=\"https:\/\/sports.yahoo.com\/nba\/teams\/la-lakers\/\" data-i13n=\"sec:content-canvas;subsec:anchor_text;elm:context_link\" data-ylk=\"slk:Los Angeles Lakers;sec:content-canvas;subsec:anchor_text;elm:context_link;itc:0\" data-yga=\"{&quot;yLinkElement&quot;:&quot;context_link&quot;,&quot;yModuleName&quot;:&quot;content-canvas&quot;,&quot;yLinkText&quot;:&quot;Los Angeles Lakers&quot;,&quot;ySubModuleName&quot;:&quot;anchor_text&quot;,&quot;yHasCommerce&quot;:false}\">Los Angeles Lakers<\/a>. Following a strong Game 1 where he dropped 12 points in 15 minutes against the Lakers, he was even better in Game 2, dropping 18 points to help lead the Thunder to another win.<\/p>\n<p>Both of McCain\u2019s performances came in a reserve role with the Thunder, something the 76ers could have used after leaning on star <a class=\"link\" href=\"https:\/\/sports.yahoo.com\/nba\/players\/6413\/\" data-i13n=\"sec:content-canvas;subsec:anchor_text;elm:context_link\" data-ylk=\"slk:Tyrese Maxey;sec:content-canvas;subsec:anchor_text;elm:context_link;itc:0\" data-yga=\"{&quot;yLinkElement&quot;:&quot;context_link&quot;,&quot;yModuleName&quot;:&quot;content-canvas&quot;,&quot;yLinkText&quot;:&quot;Tyrese Maxey&quot;,&quot;ySubModuleName&quot;:&quot;anchor_text&quot;,&quot;yHasCommerce&quot;:false}\">Tyrese Maxey<\/a> for 47 minutes in a Game 2 loss to the Knicks on Wednesday.<\/p>\n<p>The 76ers, of course, actually did have that before trading McCain away to the Thunder at the deadline.<\/p>\n<p>McCain spoke about that deal following his strong performance in Game 2, admitting he felt the trade was \u201cheartbreaking\u201d initially.<\/p>\n<section class=\"consent\"\/>\n<p>Obviously, McCain doesn\u2019t feel that way now. He called the trade a \u201cblessing\u201d in retrospect and talked glowingly about his Thunder teammates.<\/p>\n<p>Advertisement<\/p>\n<p>It hasn\u2019t necessarily been the smoothest ride for McCain in <a class=\"link\" href=\"https:\/\/sports.yahoo.com\/nba\/teams\/oklahoma-city\/\" data-i13n=\"sec:content-canvas;subsec:anchor_text;elm:context_link\" data-ylk=\"slk:Oklahoma City;sec:content-canvas;subsec:anchor_text;elm:context_link;itc:0\" data-yga=\"{&quot;yLinkElement&quot;:&quot;context_link&quot;,&quot;yModuleName&quot;:&quot;content-canvas&quot;,&quot;yLinkText&quot;:&quot;Oklahoma City&quot;,&quot;ySubModuleName&quot;:&quot;anchor_text&quot;,&quot;yHasCommerce&quot;:false}\">Oklahoma City<\/a>. Toward the end of the regular season \u2014 and even during the team\u2019s first-round matchup against the <a class=\"link\" href=\"https:\/\/sports.yahoo.com\/nba\/teams\/phoenix\/\" data-i13n=\"sec:content-canvas;subsec:anchor_text;elm:context_link\" data-ylk=\"slk:Phoenix Suns;sec:content-canvas;subsec:anchor_text;elm:context_link;itc:0\" data-yga=\"{&quot;yLinkElement&quot;:&quot;context_link&quot;,&quot;yModuleName&quot;:&quot;content-canvas&quot;,&quot;yLinkText&quot;:&quot;Phoenix Suns&quot;,&quot;ySubModuleName&quot;:&quot;anchor_text&quot;,&quot;yHasCommerce&quot;:false}\">Phoenix Suns<\/a> \u2014 McCain saw limited playing time thanks to the Thunder\u2019s already excellent rotation.<\/p>\n<p>But when he\u2019s gotten opportunities, McCain has provided a scoring boost off the bench.<\/p>\n<p>At the time of the trade, 76ers president of basketball operations Daryl Morey said he felt confident that the team was \u201cselling high\u201d when it traded McCain. The traded netted the 76ers a first-round pick this year (via <a class=\"link\" href=\"https:\/\/sports.yahoo.com\/nba\/teams\/houston\/\" data-i13n=\"sec:content-canvas;subsec:anchor_text;elm:context_link\" data-ylk=\"slk:Houston;sec:content-canvas;subsec:anchor_text;elm:context_link;itc:0\" data-yga=\"{&quot;yLinkElement&quot;:&quot;context_link&quot;,&quot;yModuleName&quot;:&quot;content-canvas&quot;,&quot;yLinkText&quot;:&quot;Houston&quot;,&quot;ySubModuleName&quot;:&quot;anchor_text&quot;,&quot;yHasCommerce&quot;:false}\">Houston<\/a>) and two future second-rounders. At the end of McCain\u2019s interview Thursday, Prime analyst <a class=\"link\" href=\"https:\/\/sports.yahoo.com\/nba\/players\/4561\/\" data-i13n=\"sec:content-canvas;subsec:anchor_text;elm:context_link\" data-ylk=\"slk:Blake Griffin;sec:content-canvas;subsec:anchor_text;elm:context_link;itc:0\" data-yga=\"{&quot;yLinkElement&quot;:&quot;context_link&quot;,&quot;yModuleName&quot;:&quot;content-canvas&quot;,&quot;yLinkText&quot;:&quot;Blake Griffin&quot;,&quot;ySubModuleName&quot;:&quot;anchor_text&quot;,&quot;yHasCommerce&quot;:false}\">Blake Griffin<\/a> jokingly shouted out, \u201c<a class=\"link\" href=\"https:\/\/www.youtube.com\/watch?v=DKPwu9S2W-U\" data-i13n=\"cpos:1;pos:1\" rel=\"sponsored\" target=\"_blank\" data-ylk=\"slk:They didn\u2019t sell high enough;cpos:1;pos:1;elm:context_link;itc:0;sec:content-canvas\" data-yga=\"{&quot;yLinkPosition&quot;:&quot;1&quot;,&quot;yLinkElement&quot;:&quot;context_link&quot;,&quot;yPosition&quot;:&quot;1&quot;,&quot;yModuleName&quot;:&quot;content-canvas&quot;,&quot;yLinkText&quot;:&quot;They didn\u2019t sell high enough&quot;,&quot;yHasCommerce&quot;:false}\">They didn\u2019t sell high enough<\/a>,\u201d prompting a laugh and a \u201cshoutout Philly\u201d from McCain.<\/p>\n<p>Advertisement<\/p>\n<p>It was a sequence that is unlikely to go over well with 76ers fans, who just saw their favorite team\u2019s lack of depth get exposed in Game 2.<\/p>\n<\/div>\n<p><a href=\"https:\/\/sports.yahoo.com\/nba\/article\/jared-mccain-admits-trade-from-76ers-to-thunder-was-heartbreaking-at-the-time-133612897.html\">Source link <\/a><\/p>","protected":false},"excerpt":{"rendered":"<p>It\u2019s been a tale of two very different experiences for the Philadelphia 76ers and Oklahoma City Thunder in the NBA playoffs so far. The 76ers have fought hard to stay alive, rallying from a 3-1 deficit in the first round before falling behind 0-2 to the New York Knicks in the second round. The Thunder, [&hellip;]<\/p>\n","protected":false},"author":1,"featured_media":127467,"comment_status":"closed","ping_status":"","sticky":false,"template":"","format":"standard","meta":{"googlesitekit_rrm_CAow2JLhCw:productID":"","_gspb_post_css":"","maa_idioma":"","maa_pais":"","footnotes":""},"categories":[1],"tags":[7344,10866,20781,9599,17426,3726,3395,4247],"class_list":["post-127466","post","type-post","status-publish","format-standard","has-post-thumbnail","hentry","category-ubirata","tag-76ers","tag-admits","tag-heartbreaking","tag-jared","tag-mccain","tag-thunder","tag-time","tag-trade"],"blocksy_meta":[],"yoast_head":"<!-- This site is optimized with the Yoast SEO Premium plugin v27.6 (Yoast SEO v27.6) - https:\/\/yoast.com\/product\/yoast-seo-premium-wordpress\/ -->\n<title>Jared McCain admits trade from 76ers to Thunder was &#039;heartbreaking&#039; at the time - Ubirat\u00e3 Online Not\u00edcias - A realidade ao seu alcance!<\/title>\n<meta name=\"description\" content=\"It\u2019s been a tale of two very different experiences for the Philadelphia 76ers and Oklahoma City Thunder in the NBA playoffs so far. The 76ers have fought\" \/>\n<meta name=\"robots\" content=\"index, follow, max-snippet:-1, max-image-preview:large, max-video-preview:-1\" \/>\n<link rel=\"canonical\" href=\"https:\/\/ubirataonline.com.br\/en\/jared-mccain-admits-trade-from-76ers-to-thunder-was-heartbreaking-at-the-time\/\" \/>\n<meta property=\"og:locale\" content=\"en_US\" \/>\n<meta property=\"og:type\" content=\"article\" \/>\n<meta property=\"og:title\" content=\"Jared McCain admits trade from 76ers to Thunder was &#039;heartbreaking&#039; at the time\" \/>\n<meta property=\"og:description\" content=\"It\u2019s been a tale of two very different experiences for the Philadelphia 76ers and Oklahoma City Thunder in the NBA playoffs so far. The 76ers have fought\" \/>\n<meta property=\"og:url\" content=\"https:\/\/ubirataonline.com.br\/en\/jared-mccain-admits-trade-from-76ers-to-thunder-was-heartbreaking-at-the-time\/\" \/>\n<meta property=\"og:site_name\" content=\"Ubirat\u00e3 Online Not\u00edcias - A realidade ao seu alcance!\" \/>\n<meta property=\"article:publisher\" content=\"https:\/\/www.facebook.com\/portalubirataonline\" \/>\n<meta property=\"article:author\" content=\"https:\/\/www.facebook.com\/portalubirataonline\" \/>\n<meta property=\"article:published_time\" content=\"2026-05-12T05:09:23+00:00\" \/>\n<meta property=\"article:modified_time\" content=\"2026-05-12T05:09:27+00:00\" \/>\n<meta property=\"og:image\" content=\"https:\/\/ubirataonline.com.br\/wp-content\/uploads\/2026\/05\/Jared-McCain-admits-trade-from-76ers-to-Thunder-was-heartbreaking.jpeg\" \/>\n\t<meta property=\"og:image:width\" content=\"1200\" \/>\n\t<meta property=\"og:image:height\" content=\"800\" \/>\n\t<meta property=\"og:image:type\" content=\"image\/jpeg\" \/>\n<meta name=\"author\" content=\"REDA\u00c7\u00c3O: UBIRAT\u00c3 ONLINE - F\u00c1BIO AUGUSTO CELESTINO\" \/>\n<meta name=\"twitter:card\" content=\"summary_large_image\" \/>\n<meta name=\"twitter:creator\" content=\"@x.com\/ubirataonline\" \/>\n<meta name=\"twitter:site\" content=\"@ubirataonline\" \/>\n<meta name=\"twitter:label1\" content=\"Written by\" \/>\n\t<meta name=\"twitter:data1\" content=\"REDA\u00c7\u00c3O: UBIRAT\u00c3 ONLINE - F\u00c1BIO AUGUSTO CELESTINO\" \/>\n\t<meta name=\"twitter:label2\" content=\"Est. reading time\" \/>\n\t<meta name=\"twitter:data2\" content=\"2 minutes\" \/>\n<script type=\"application\/ld+json\" class=\"yoast-schema-graph\">{\"@context\":\"https:\\\/\\\/schema.org\",\"@graph\":[{\"@type\":\"NewsArticle\",\"@id\":\"https:\\\/\\\/ubirataonline.com.br\\\/jared-mccain-admits-trade-from-76ers-to-thunder-was-heartbreaking-at-the-time\\\/#article\",\"isPartOf\":{\"@id\":\"https:\\\/\\\/ubirataonline.com.br\\\/jared-mccain-admits-trade-from-76ers-to-thunder-was-heartbreaking-at-the-time\\\/\"},\"author\":{\"name\":\"REDA\u00c7\u00c3O: UBIRAT\u00c3 ONLINE - F\u00c1BIO AUGUSTO CELESTINO\",\"@id\":\"https:\\\/\\\/ubirataonline.com.br\\\/#\\\/schema\\\/person\\\/372f87bbd3fdd79b8556b84c98d0bc1c\"},\"headline\":\"Jared McCain admits trade from 76ers to Thunder was &#8216;heartbreaking&#8217; at the time\",\"datePublished\":\"2026-05-12T05:09:23+00:00\",\"dateModified\":\"2026-05-12T05:09:27+00:00\",\"mainEntityOfPage\":{\"@id\":\"https:\\\/\\\/ubirataonline.com.br\\\/jared-mccain-admits-trade-from-76ers-to-thunder-was-heartbreaking-at-the-time\\\/\"},\"wordCount\":400,\"publisher\":{\"@id\":\"https:\\\/\\\/ubirataonline.com.br\\\/#organization\"},\"image\":{\"@id\":\"https:\\\/\\\/ubirataonline.com.br\\\/jared-mccain-admits-trade-from-76ers-to-thunder-was-heartbreaking-at-the-time\\\/#primaryimage\"},\"thumbnailUrl\":\"https:\\\/\\\/ubirataonline.com.br\\\/wp-content\\\/uploads\\\/2026\\\/05\\\/Jared-McCain-admits-trade-from-76ers-to-Thunder-was-heartbreaking.jpeg\",\"keywords\":[\"76ers\",\"Admits\",\"heartbreaking\",\"Jared\",\"McCain\",\"Thunder\",\"time\",\"Trade\"],\"articleSection\":[\"Ubirat\u00e3\"],\"inLanguage\":\"en-US\",\"copyrightYear\":\"2026\",\"copyrightHolder\":{\"@id\":\"https:\\\/\\\/ubirataonline.com.br\\\/en\\\/#organization\"}},{\"@type\":\"WebPage\",\"@id\":\"https:\\\/\\\/ubirataonline.com.br\\\/jared-mccain-admits-trade-from-76ers-to-thunder-was-heartbreaking-at-the-time\\\/\",\"url\":\"https:\\\/\\\/ubirataonline.com.br\\\/jared-mccain-admits-trade-from-76ers-to-thunder-was-heartbreaking-at-the-time\\\/\",\"name\":\"Jared McCain admits trade from 76ers to Thunder was 'heartbreaking' at the time - Ubirat\u00e3 Online Not\u00edcias - A realidade ao seu alcance!\",\"isPartOf\":{\"@id\":\"https:\\\/\\\/ubirataonline.com.br\\\/#website\"},\"primaryImageOfPage\":{\"@id\":\"https:\\\/\\\/ubirataonline.com.br\\\/jared-mccain-admits-trade-from-76ers-to-thunder-was-heartbreaking-at-the-time\\\/#primaryimage\"},\"image\":{\"@id\":\"https:\\\/\\\/ubirataonline.com.br\\\/jared-mccain-admits-trade-from-76ers-to-thunder-was-heartbreaking-at-the-time\\\/#primaryimage\"},\"thumbnailUrl\":\"https:\\\/\\\/ubirataonline.com.br\\\/wp-content\\\/uploads\\\/2026\\\/05\\\/Jared-McCain-admits-trade-from-76ers-to-Thunder-was-heartbreaking.jpeg\",\"datePublished\":\"2026-05-12T05:09:23+00:00\",\"dateModified\":\"2026-05-12T05:09:27+00:00\",\"description\":\"It\u2019s been a tale of two very different experiences for the Philadelphia 76ers and Oklahoma City Thunder in the NBA playoffs so far. The 76ers have fought\",\"breadcrumb\":{\"@id\":\"https:\\\/\\\/ubirataonline.com.br\\\/jared-mccain-admits-trade-from-76ers-to-thunder-was-heartbreaking-at-the-time\\\/#breadcrumb\"},\"inLanguage\":\"en-US\",\"potentialAction\":[{\"@type\":\"ReadAction\",\"target\":[\"https:\\\/\\\/ubirataonline.com.br\\\/jared-mccain-admits-trade-from-76ers-to-thunder-was-heartbreaking-at-the-time\\\/\"]}]},{\"@type\":\"ImageObject\",\"inLanguage\":\"en-US\",\"@id\":\"https:\\\/\\\/ubirataonline.com.br\\\/jared-mccain-admits-trade-from-76ers-to-thunder-was-heartbreaking-at-the-time\\\/#primaryimage\",\"url\":\"https:\\\/\\\/ubirataonline.com.br\\\/wp-content\\\/uploads\\\/2026\\\/05\\\/Jared-McCain-admits-trade-from-76ers-to-Thunder-was-heartbreaking.jpeg\",\"contentUrl\":\"https:\\\/\\\/ubirataonline.com.br\\\/wp-content\\\/uploads\\\/2026\\\/05\\\/Jared-McCain-admits-trade-from-76ers-to-Thunder-was-heartbreaking.jpeg\",\"width\":1200,\"height\":800,\"caption\":\"Jared McCain admits trade from 76ers to Thunder was 'heartbreaking' at the time\"},{\"@type\":\"BreadcrumbList\",\"@id\":\"https:\\\/\\\/ubirataonline.com.br\\\/jared-mccain-admits-trade-from-76ers-to-thunder-was-heartbreaking-at-the-time\\\/#breadcrumb\",\"itemListElement\":[{\"@type\":\"ListItem\",\"position\":1,\"name\":\"In\u00edcio\",\"item\":\"https:\\\/\\\/ubirataonline.com.br\\\/\"},{\"@type\":\"ListItem\",\"position\":2,\"name\":\"Jared McCain admits trade from 76ers to Thunder was &#8216;heartbreaking&#8217; at the time\"}]},{\"@type\":\"WebSite\",\"@id\":\"https:\\\/\\\/ubirataonline.com.br\\\/#website\",\"url\":\"https:\\\/\\\/ubirataonline.com.br\\\/\",\"name\":\"Ubirat\u00e3 Online Not\u00edcias\",\"description\":\"Not\u00edcias de Ubirat\u00e3, regi\u00e3o, Brasil e mundo, com informa\u00e7\u00e3o atualizada e compromisso com o leitor.\",\"publisher\":{\"@id\":\"https:\\\/\\\/ubirataonline.com.br\\\/#organization\"},\"alternateName\":\"Ubirat\u00e3 Online\",\"potentialAction\":[{\"@type\":\"SearchAction\",\"target\":{\"@type\":\"EntryPoint\",\"urlTemplate\":\"https:\\\/\\\/ubirataonline.com.br\\\/?s={search_term_string}\"},\"query-input\":{\"@type\":\"PropertyValueSpecification\",\"valueRequired\":true,\"valueName\":\"search_term_string\"}}],\"inLanguage\":\"en-US\"},{\"@type\":[\"Organization\",\"Place\"],\"@id\":\"https:\\\/\\\/ubirataonline.com.br\\\/#organization\",\"name\":\"Ubirat\u00e3 Online Not\u00edcias\",\"alternateName\":\"Ubirat\u00e3 Online\",\"url\":\"https:\\\/\\\/ubirataonline.com.br\\\/\",\"logo\":{\"@id\":\"https:\\\/\\\/ubirataonline.com.br\\\/jared-mccain-admits-trade-from-76ers-to-thunder-was-heartbreaking-at-the-time\\\/#local-main-organization-logo\"},\"image\":{\"@id\":\"https:\\\/\\\/ubirataonline.com.br\\\/jared-mccain-admits-trade-from-76ers-to-thunder-was-heartbreaking-at-the-time\\\/#local-main-organization-logo\"},\"sameAs\":[\"https:\\\/\\\/www.facebook.com\\\/portalubirataonline\",\"https:\\\/\\\/x.com\\\/ubirataonline\",\"https:\\\/\\\/mastodon.social\\\/@ubirataonline\",\"https:\\\/\\\/www.facebook.com\\\/groups\\\/311144672285604\",\"https:\\\/\\\/www.facebook.com\\\/UBTAOnline\",\"https:\\\/\\\/www.instagram.com\\\/portalubirataonline\\\/\",\"https:\\\/\\\/twitter.com\\\/ubirataonline\"],\"description\":\"Somos um portal de not\u00edcias independente, criado em 5 de janeiro de 2009, com o objetivo de informar, conectar e valorizar a nossa comunidade de Ubirat\u00e3 e toda aregi\u00e3o. Com conte\u00fado atualizado, confi\u00e1vel e relevante, o Ubirat\u00e3 Online \u00e9 o seu espa\u00e7o para ficar por dentro dos principais acontecimentos locais, regionais, Brasil, Mundo e de interesse geral. Nosso compromisso \u00e9 com a verdade, a transpar\u00eancia e o respeito ao leitor.\",\"legalName\":\"UBIRATA ONLINE NOT\u00cdCIAS\",\"foundingDate\":\"2009-01-05\",\"numberOfEmployees\":{\"@type\":\"QuantitativeValue\",\"minValue\":\"1\",\"maxValue\":\"10\"},\"publishingPrinciples\":\"https:\\\/\\\/ubirataonline.com.br\\\/faq\\\/\",\"address\":{\"@id\":\"https:\\\/\\\/ubirataonline.com.br\\\/jared-mccain-admits-trade-from-76ers-to-thunder-was-heartbreaking-at-the-time\\\/#local-main-place-address\"},\"geo\":{\"@type\":\"GeoCoordinates\",\"latitude\":\"-24.5361401\",\"longitude\":\"-52.9921776\"},\"telephone\":[\"+5544998308235\"],\"contactPoint\":{\"@type\":\"ContactPoint\",\"email\":\"contato@ubirataonline.com.br\"},\"openingHoursSpecification\":{\"@type\":\"OpeningHoursSpecification\",\"dayOfWeek\":[\"Monday\",\"Tuesday\",\"Wednesday\",\"Thursday\",\"Friday\",\"Saturday\",\"Sunday\"],\"opens\":\"00:00\",\"closes\":\"23:59\"},\"email\":\"contato@ubirataonline.com.br\",\"vatID\":\"47.621.418\\\/0001-80\"},{\"@type\":\"Person\",\"@id\":\"https:\\\/\\\/ubirataonline.com.br\\\/#\\\/schema\\\/person\\\/372f87bbd3fdd79b8556b84c98d0bc1c\",\"name\":\"REDA\u00c7\u00c3O: UBIRAT\u00c3 ONLINE - F\u00c1BIO AUGUSTO CELESTINO\",\"pronouns\":\"Ele\",\"description\":\"Desde 2003 trabalhando com not\u00edcias.\",\"sameAs\":[\"http:\\\/\\\/ubirataoline.com.br\",\"https:\\\/\\\/www.facebook.com\\\/portalubirataonline\",\"https:\\\/\\\/www.instagram.com\\\/ubirataonline_oficial\",\"https:\\\/\\\/x.com\\\/x.com\\\/ubirataonline\"],\"honorificPrefix\":\"Mr.\",\"honorificSuffix\":\"MD\",\"birthDate\":\"1980-06-16\",\"gender\":\"masculino\",\"award\":[\"V\u00e1rios pr\u00eamios de melhor portal da cidade\"],\"jobTitle\":\"Diretor\",\"url\":\"https:\\\/\\\/ubirataonline.com.br\\\/en\\\/author\\\/ubirataonline\\\/\"},{\"@type\":\"PostalAddress\",\"@id\":\"https:\\\/\\\/ubirataonline.com.br\\\/jared-mccain-admits-trade-from-76ers-to-thunder-was-heartbreaking-at-the-time\\\/#local-main-place-address\",\"streetAddress\":\"Rua dos Coqueiros, 104 - Bairro Boa Vista, Rua dos Coqueiros, 104 Bairro Boa Vista\",\"addressLocality\":\"UBIRATA\",\"postalCode\":\"85440-000\",\"addressRegion\":\"PR\",\"addressCountry\":\"BR\"},{\"@type\":\"ImageObject\",\"inLanguage\":\"en-US\",\"@id\":\"https:\\\/\\\/ubirataonline.com.br\\\/jared-mccain-admits-trade-from-76ers-to-thunder-was-heartbreaking-at-the-time\\\/#local-main-organization-logo\",\"url\":\"https:\\\/\\\/ubirataonline.com.br\\\/wp-content\\\/uploads\\\/2026\\\/06\\\/logoubirataonline-1.webp\",\"contentUrl\":\"https:\\\/\\\/ubirataonline.com.br\\\/wp-content\\\/uploads\\\/2026\\\/06\\\/logoubirataonline-1.webp\",\"width\":500,\"height\":500,\"caption\":\"Ubirat\u00e3 Online Not\u00edcias\"}]}<\/script>\n<meta name=\"geo.placename\" content=\"UBIRATA\" \/>\n<meta name=\"geo.position\" content=\"-24.5361401;-52.9921776\" \/>\n<meta name=\"geo.region\" content=\"Brazil\" \/>\n<!-- \/ Yoast SEO Premium plugin. -->","yoast_head_json":{"title":"Jared McCain admits trade from 76ers to Thunder was 'heartbreaking' at the time - Ubirat\u00e3 Online Not\u00edcias - A realidade ao seu alcance!","description":"It\u2019s been a tale of two very different experiences for the Philadelphia 76ers and Oklahoma City Thunder in the NBA playoffs so far. The 76ers have fought","robots":{"index":"index","follow":"follow","max-snippet":"max-snippet:-1","max-image-preview":"max-image-preview:large","max-video-preview":"max-video-preview:-1"},"canonical":"https:\/\/ubirataonline.com.br\/en\/jared-mccain-admits-trade-from-76ers-to-thunder-was-heartbreaking-at-the-time\/","og_locale":"en_US","og_type":"article","og_title":"Jared McCain admits trade from 76ers to Thunder was 'heartbreaking' at the time","og_description":"It\u2019s been a tale of two very different experiences for the Philadelphia 76ers and Oklahoma City Thunder in the NBA playoffs so far. The 76ers have fought","og_url":"https:\/\/ubirataonline.com.br\/en\/jared-mccain-admits-trade-from-76ers-to-thunder-was-heartbreaking-at-the-time\/","og_site_name":"Ubirat\u00e3 Online Not\u00edcias - A realidade ao seu alcance!","article_publisher":"https:\/\/www.facebook.com\/portalubirataonline","article_author":"https:\/\/www.facebook.com\/portalubirataonline","article_published_time":"2026-05-12T05:09:23+00:00","article_modified_time":"2026-05-12T05:09:27+00:00","og_image":[{"width":1200,"height":800,"url":"https:\/\/ubirataonline.com.br\/wp-content\/uploads\/2026\/05\/Jared-McCain-admits-trade-from-76ers-to-Thunder-was-heartbreaking.jpeg","type":"image\/jpeg"}],"author":"REDA\u00c7\u00c3O: UBIRAT\u00c3 ONLINE - F\u00c1BIO AUGUSTO CELESTINO","twitter_card":"summary_large_image","twitter_creator":"@x.com\/ubirataonline","twitter_site":"@ubirataonline","twitter_misc":{"Written by":"REDA\u00c7\u00c3O: UBIRAT\u00c3 ONLINE - F\u00c1BIO AUGUSTO CELESTINO","Est. reading time":"2 minutes"},"schema":{"@context":"https:\/\/schema.org","@graph":[{"@type":"NewsArticle","@id":"https:\/\/ubirataonline.com.br\/jared-mccain-admits-trade-from-76ers-to-thunder-was-heartbreaking-at-the-time\/#article","isPartOf":{"@id":"https:\/\/ubirataonline.com.br\/jared-mccain-admits-trade-from-76ers-to-thunder-was-heartbreaking-at-the-time\/"},"author":{"name":"REDA\u00c7\u00c3O: UBIRAT\u00c3 ONLINE - F\u00c1BIO AUGUSTO CELESTINO","@id":"https:\/\/ubirataonline.com.br\/#\/schema\/person\/372f87bbd3fdd79b8556b84c98d0bc1c"},"headline":"Jared McCain admits trade from 76ers to Thunder was &#8216;heartbreaking&#8217; at the time","datePublished":"2026-05-12T05:09:23+00:00","dateModified":"2026-05-12T05:09:27+00:00","mainEntityOfPage":{"@id":"https:\/\/ubirataonline.com.br\/jared-mccain-admits-trade-from-76ers-to-thunder-was-heartbreaking-at-the-time\/"},"wordCount":400,"publisher":{"@id":"https:\/\/ubirataonline.com.br\/#organization"},"image":{"@id":"https:\/\/ubirataonline.com.br\/jared-mccain-admits-trade-from-76ers-to-thunder-was-heartbreaking-at-the-time\/#primaryimage"},"thumbnailUrl":"https:\/\/ubirataonline.com.br\/wp-content\/uploads\/2026\/05\/Jared-McCain-admits-trade-from-76ers-to-Thunder-was-heartbreaking.jpeg","keywords":["76ers","Admits","heartbreaking","Jared","McCain","Thunder","time","Trade"],"articleSection":["Ubirat\u00e3"],"inLanguage":"en-US","copyrightYear":"2026","copyrightHolder":{"@id":"https:\/\/ubirataonline.com.br\/en\/#organization"}},{"@type":"WebPage","@id":"https:\/\/ubirataonline.com.br\/jared-mccain-admits-trade-from-76ers-to-thunder-was-heartbreaking-at-the-time\/","url":"https:\/\/ubirataonline.com.br\/jared-mccain-admits-trade-from-76ers-to-thunder-was-heartbreaking-at-the-time\/","name":"Jared McCain admits trade from 76ers to Thunder was 'heartbreaking' at the time - Ubirat\u00e3 Online Not\u00edcias - A realidade ao seu alcance!","isPartOf":{"@id":"https:\/\/ubirataonline.com.br\/#website"},"primaryImageOfPage":{"@id":"https:\/\/ubirataonline.com.br\/jared-mccain-admits-trade-from-76ers-to-thunder-was-heartbreaking-at-the-time\/#primaryimage"},"image":{"@id":"https:\/\/ubirataonline.com.br\/jared-mccain-admits-trade-from-76ers-to-thunder-was-heartbreaking-at-the-time\/#primaryimage"},"thumbnailUrl":"https:\/\/ubirataonline.com.br\/wp-content\/uploads\/2026\/05\/Jared-McCain-admits-trade-from-76ers-to-Thunder-was-heartbreaking.jpeg","datePublished":"2026-05-12T05:09:23+00:00","dateModified":"2026-05-12T05:09:27+00:00","description":"It\u2019s been a tale of two very different experiences for the Philadelphia 76ers and Oklahoma City Thunder in the NBA playoffs so far. The 76ers have fought","breadcrumb":{"@id":"https:\/\/ubirataonline.com.br\/jared-mccain-admits-trade-from-76ers-to-thunder-was-heartbreaking-at-the-time\/#breadcrumb"},"inLanguage":"en-US","potentialAction":[{"@type":"ReadAction","target":["https:\/\/ubirataonline.com.br\/jared-mccain-admits-trade-from-76ers-to-thunder-was-heartbreaking-at-the-time\/"]}]},{"@type":"ImageObject","inLanguage":"en-US","@id":"https:\/\/ubirataonline.com.br\/jared-mccain-admits-trade-from-76ers-to-thunder-was-heartbreaking-at-the-time\/#primaryimage","url":"https:\/\/ubirataonline.com.br\/wp-content\/uploads\/2026\/05\/Jared-McCain-admits-trade-from-76ers-to-Thunder-was-heartbreaking.jpeg","contentUrl":"https:\/\/ubirataonline.com.br\/wp-content\/uploads\/2026\/05\/Jared-McCain-admits-trade-from-76ers-to-Thunder-was-heartbreaking.jpeg","width":1200,"height":800,"caption":"Jared McCain admits trade from 76ers to Thunder was 'heartbreaking' at the time"},{"@type":"BreadcrumbList","@id":"https:\/\/ubirataonline.com.br\/jared-mccain-admits-trade-from-76ers-to-thunder-was-heartbreaking-at-the-time\/#breadcrumb","itemListElement":[{"@type":"ListItem","position":1,"name":"In\u00edcio","item":"https:\/\/ubirataonline.com.br\/"},{"@type":"ListItem","position":2,"name":"Jared McCain admits trade from 76ers to Thunder was &#8216;heartbreaking&#8217; at the time"}]},{"@type":"WebSite","@id":"https:\/\/ubirataonline.com.br\/#website","url":"https:\/\/ubirataonline.com.br\/","name":"Ubirat\u00e3 Online Not\u00edcias","description":"Not\u00edcias de Ubirat\u00e3, regi\u00e3o, Brasil e mundo, com informa\u00e7\u00e3o atualizada e compromisso com o leitor.","publisher":{"@id":"https:\/\/ubirataonline.com.br\/#organization"},"alternateName":"Ubirat\u00e3 Online","potentialAction":[{"@type":"SearchAction","target":{"@type":"EntryPoint","urlTemplate":"https:\/\/ubirataonline.com.br\/?s={search_term_string}"},"query-input":{"@type":"PropertyValueSpecification","valueRequired":true,"valueName":"search_term_string"}}],"inLanguage":"en-US"},{"@type":["Organization","Place"],"@id":"https:\/\/ubirataonline.com.br\/#organization","name":"Ubirat\u00e3 Online Not\u00edcias","alternateName":"Ubirat\u00e3 Online","url":"https:\/\/ubirataonline.com.br\/","logo":{"@id":"https:\/\/ubirataonline.com.br\/jared-mccain-admits-trade-from-76ers-to-thunder-was-heartbreaking-at-the-time\/#local-main-organization-logo"},"image":{"@id":"https:\/\/ubirataonline.com.br\/jared-mccain-admits-trade-from-76ers-to-thunder-was-heartbreaking-at-the-time\/#local-main-organization-logo"},"sameAs":["https:\/\/www.facebook.com\/portalubirataonline","https:\/\/x.com\/ubirataonline","https:\/\/mastodon.social\/@ubirataonline","https:\/\/www.facebook.com\/groups\/311144672285604","https:\/\/www.facebook.com\/UBTAOnline","https:\/\/www.instagram.com\/portalubirataonline\/","https:\/\/twitter.com\/ubirataonline"],"description":"Somos um portal de not\u00edcias independente, criado em 5 de janeiro de 2009, com o objetivo de informar, conectar e valorizar a nossa comunidade de Ubirat\u00e3 e toda aregi\u00e3o. Com conte\u00fado atualizado, confi\u00e1vel e relevante, o Ubirat\u00e3 Online \u00e9 o seu espa\u00e7o para ficar por dentro dos principais acontecimentos locais, regionais, Brasil, Mundo e de interesse geral. Nosso compromisso \u00e9 com a verdade, a transpar\u00eancia e o respeito ao leitor.","legalName":"UBIRATA ONLINE NOT\u00cdCIAS","foundingDate":"2009-01-05","numberOfEmployees":{"@type":"QuantitativeValue","minValue":"1","maxValue":"10"},"publishingPrinciples":"https:\/\/ubirataonline.com.br\/faq\/","address":{"@id":"https:\/\/ubirataonline.com.br\/jared-mccain-admits-trade-from-76ers-to-thunder-was-heartbreaking-at-the-time\/#local-main-place-address"},"geo":{"@type":"GeoCoordinates","latitude":"-24.5361401","longitude":"-52.9921776"},"telephone":["+5544998308235"],"contactPoint":{"@type":"ContactPoint","email":"contato@ubirataonline.com.br"},"openingHoursSpecification":{"@type":"OpeningHoursSpecification","dayOfWeek":["Monday","Tuesday","Wednesday","Thursday","Friday","Saturday","Sunday"],"opens":"00:00","closes":"23:59"},"email":"contato@ubirataonline.com.br","vatID":"47.621.418\/0001-80"},{"@type":"Person","@id":"https:\/\/ubirataonline.com.br\/#\/schema\/person\/372f87bbd3fdd79b8556b84c98d0bc1c","name":"REDA\u00c7\u00c3O: UBIRAT\u00c3 ONLINE - F\u00c1BIO AUGUSTO CELESTINO","pronouns":"Ele","description":"Desde 2003 trabalhando com not\u00edcias.","sameAs":["http:\/\/ubirataoline.com.br","https:\/\/www.facebook.com\/portalubirataonline","https:\/\/www.instagram.com\/ubirataonline_oficial","https:\/\/x.com\/x.com\/ubirataonline"],"honorificPrefix":"Mr.","honorificSuffix":"MD","birthDate":"1980-06-16","gender":"masculino","award":["V\u00e1rios pr\u00eamios de melhor portal da cidade"],"jobTitle":"Diretor","url":"https:\/\/ubirataonline.com.br\/en\/author\/ubirataonline\/"},{"@type":"PostalAddress","@id":"https:\/\/ubirataonline.com.br\/jared-mccain-admits-trade-from-76ers-to-thunder-was-heartbreaking-at-the-time\/#local-main-place-address","streetAddress":"Rua dos Coqueiros, 104 - Bairro Boa Vista, Rua dos Coqueiros, 104 Bairro Boa Vista","addressLocality":"UBIRATA","postalCode":"85440-000","addressRegion":"PR","addressCountry":"BR"},{"@type":"ImageObject","inLanguage":"en-US","@id":"https:\/\/ubirataonline.com.br\/jared-mccain-admits-trade-from-76ers-to-thunder-was-heartbreaking-at-the-time\/#local-main-organization-logo","url":"https:\/\/ubirataonline.com.br\/wp-content\/uploads\/2026\/06\/logoubirataonline-1.webp","contentUrl":"https:\/\/ubirataonline.com.br\/wp-content\/uploads\/2026\/06\/logoubirataonline-1.webp","width":500,"height":500,"caption":"Ubirat\u00e3 Online Not\u00edcias"}]},"geo.placename":"UBIRATA","geo.position":{"lat":"-24.5361401","long":"-52.9921776"},"geo.region":"Brazil"},"_links":{"self":[{"href":"https:\/\/ubirataonline.com.br\/en\/wp-json\/wp\/v2\/posts\/127466","targetHints":{"allow":["GET"]}}],"collection":[{"href":"https:\/\/ubirataonline.com.br\/en\/wp-json\/wp\/v2\/posts"}],"about":[{"href":"https:\/\/ubirataonline.com.br\/en\/wp-json\/wp\/v2\/types\/post"}],"author":[{"embeddable":true,"href":"https:\/\/ubirataonline.com.br\/en\/wp-json\/wp\/v2\/users\/1"}],"replies":[{"embeddable":true,"href":"https:\/\/ubirataonline.com.br\/en\/wp-json\/wp\/v2\/comments?post=127466"}],"version-history":[{"count":0,"href":"https:\/\/ubirataonline.com.br\/en\/wp-json\/wp\/v2\/posts\/127466\/revisions"}],"wp:featuredmedia":[{"embeddable":true,"href":"https:\/\/ubirataonline.com.br\/en\/wp-json\/wp\/v2\/media\/127467"}],"wp:attachment":[{"href":"https:\/\/ubirataonline.com.br\/en\/wp-json\/wp\/v2\/media?parent=127466"}],"wp:term":[{"taxonomy":"category","embeddable":true,"href":"https:\/\/ubirataonline.com.br\/en\/wp-json\/wp\/v2\/categories?post=127466"},{"taxonomy":"post_tag","embeddable":true,"href":"https:\/\/ubirataonline.com.br\/en\/wp-json\/wp\/v2\/tags?post=127466"}],"curies":[{"name":"wp","href":"https:\/\/api.w.org\/{rel}","templated":true}]}}