{"id":127573,"date":"2026-05-12T04:56:23","date_gmt":"2026-05-12T07:56:23","guid":{"rendered":"https:\/\/ubirataonline.com.br\/development-of-super-el-nino-is-accelerating-how-it-will-impact-us-weather\/"},"modified":"2026-05-12T04:56:25","modified_gmt":"2026-05-12T07:56:25","slug":"development-of-super-el-nino-is-accelerating-how-it-will-impact-us-weather","status":"publish","type":"post","link":"https:\/\/ubirataonline.com.br\/en\/development-of-super-el-nino-is-accelerating-how-it-will-impact-us-weather\/","title":{"rendered":"Development of Super El Ni\u00f1o is accelerating. How it will impact US weather"},"content":{"rendered":"<p><\/p>\n<div>\n<div class=\"featured featured-video video-ct\">\n<div class=\"video-wrapper\">\n<div class=\"info\">\n<div class=\"caption\">\n<p class=\"sub-text\">FOX Weather Hurricane Specialist Bryan Norcross breaks down how a brewing Super El Ni\u00f1o will impact this hurricane season in both the Atlantic and Pacific basins. Plus, Bryan also previews new AI tools FOX Weather will use to help track cyclones this year.<\/p>\n<\/div>\n<\/div>\n<\/div>\n<\/div>\n<p data-v-438398f6=\"\">Recent data from the <a data-omtr-intcmp=\"fxw_weather-news_article_main-content_article-body_2_2\" href=\"https:\/\/www.foxweather.com\/category\/ocean\" target=\"_blank\" rel=\"noopener\">Pacific Ocean<\/a> shows that the transition to what is expected to be a &#8220;<a data-omtr-intcmp=\"fxw_weather-news_article_main-content_article-body_2_3\" href=\"https:\/\/www.foxweather.com\/learn\/super-el-nino\" target=\"_blank\" rel=\"noopener\">Super El Ni\u00f1o<\/a>&#8221; <a data-omtr-intcmp=\"fxw_weather-news_article_main-content_article-body_2_4\" href=\"https:\/\/www.foxweather.com\/category\/climate\" target=\"_blank\" rel=\"noopener\">climate<\/a> pattern is accelerating, which could suppress the upcoming Atlantic <a data-omtr-intcmp=\"fxw_weather-news_article_main-content_article-body_2_5\" href=\"https:\/\/www.foxweather.com\/category\/hurricanes\" target=\"_blank\" rel=\"noopener\">hurricane<\/a> season and also spell a wet <a data-omtr-intcmp=\"fxw_weather-news_article_main-content_article-body_2_6\" href=\"https:\/\/www.foxweather.com\/category\/winter\" target=\"_blank\" rel=\"noopener\">winter<\/a> for the entire Southern Tier of the <a data-omtr-intcmp=\"fxw_weather-news_article_main-content_article-body_2_7\" href=\"https:\/\/www.foxweather.com\/category\/us\" target=\"_blank\" rel=\"noopener\">U.S.<\/a><\/p>\n<p data-v-438398f6=\"\"><a data-omtr-intcmp=\"fxw_weather-news_article_main-content_article-body_2_8\" href=\"https:\/\/www.foxweather.com\/weather-news\/european-forecast-super-el-nino-strongest-ever-ocean-pacific-atlantic-hurricane-season\" target=\"_blank\" rel=\"noopener\"><strong>NEW DATA REVEALS 100% CHANCE OF STRONG \u2018SUPER\u2019 EL NI\u00d1O FORMING THIS YEAR<\/strong><\/a><\/p>\n<div class=\"featured featured-image component-center\">\n<div class=\"m\"><picture><source media=\"(max-width: 767px)\" srcset=\"https:\/\/images.foxweather.com\/static.foxweather.com\/www.foxweather.com\/content\/uploads\/2023\/06\/288\/162\/Screen-Shot-2023-06-20-at-3.27.33-PM.png?ve=1&amp;tl=1, https:\/\/images.foxweather.com\/static.foxweather.com\/www.foxweather.com\/content\/uploads\/2023\/06\/576\/324\/Screen-Shot-2023-06-20-at-3.27.33-PM.png?ve=1&amp;tl=1 2x\"><source media=\"(min-width: 768px) and (max-width: 1023px)\" srcset=\"https:\/\/images.foxweather.com\/static.foxweather.com\/www.foxweather.com\/content\/uploads\/2023\/06\/720\/405\/Screen-Shot-2023-06-20-at-3.27.33-PM.png?ve=1&amp;tl=1, https:\/\/images.foxweather.com\/static.foxweather.com\/www.foxweather.com\/content\/uploads\/2023\/06\/1440\/810\/Screen-Shot-2023-06-20-at-3.27.33-PM.png?ve=1&amp;tl=1 2x\"><source media=\"(min-width: 1024px)\" srcset=\"https:\/\/images.foxweather.com\/static.foxweather.com\/www.foxweather.com\/content\/uploads\/2023\/06\/668\/376\/Screen-Shot-2023-06-20-at-3.27.33-PM.png?ve=1&amp;tl=1, https:\/\/images.foxweather.com\/static.foxweather.com\/www.foxweather.com\/content\/uploads\/2023\/06\/1336\/752\/Screen-Shot-2023-06-20-at-3.27.33-PM.png?ve=1&amp;tl=1 2x\"><\/source><\/source><\/source><\/picture><\/div>\n<div class=\"info\">\n<div class=\"caption\">\n<p class=\"title\">Tropical Storm Bret as it makes its way west.<\/p>\n<p class=\"sub-text\"><strong> (NOAA)<\/strong><\/p>\n<\/div>\n<\/div>\n<\/div>\n<p data-v-438398f6=\"\">Water <a data-omtr-intcmp=\"fxw_weather-news_article_main-content_article-body_2_9\" href=\"https:\/\/www.foxweather.com\/weather-forecast\/current-temperature-map\" target=\"_blank\" rel=\"noopener\">temperatures<\/a> in the central Pacific <a data-omtr-intcmp=\"fxw_weather-news_article_main-content_article-body_2_10\" href=\"https:\/\/www.foxweather.com\/category\/ocean\" target=\"_blank\" rel=\"noopener\">Ocean<\/a> have already begun to warm to the 0.5 degrees Celsius threshold, the benchmark qualification for <a data-omtr-intcmp=\"fxw_weather-news_article_main-content_article-body_2_11\" href=\"https:\/\/www.foxweather.com\/category\/el-nino\" target=\"_blank\" rel=\"noopener\">El Ni\u00f1o<\/a>, which is expected to completely develop sometime this <a data-omtr-intcmp=\"fxw_weather-news_article_main-content_article-body_2_12\" href=\"https:\/\/www.foxweather.com\/category\/summer\" target=\"_blank\" rel=\"noopener\">summer<\/a>.<\/p>\n<p data-v-438398f6=\"\"><a data-omtr-intcmp=\"fxw_weather-news_article_main-content_article-body_2_13\" href=\"https:\/\/www.foxweather.com\/weather-news\/potential-tropical-development-eastern-pacific-hurricane-season-may-2026\" target=\"_blank\" rel=\"noopener\"><strong>WARM WATERS AND POTENTIAL SUPER EL NI\u00d1O COULD &#8216;SUPERCHARGE&#8217; START TO EASTERN PACIFIC HURRICANE SEASON<\/strong><\/a><\/p>\n<div class=\"featured featured-video video-ct\">\n<div class=\"video-wrapper\">\n<div class=\"info\">\n<div class=\"caption\">\n<p class=\"sub-text\">The main headline heading into this season is the rapidly developing El Ni\u00f1o. Typically, El Ni\u00f1o impacts the Atlantic basin by increasing upper-level wind shear, which creates a more hostile environment for storm development and can reduce the overall number of tropical systems. Meanwhile, the Eastern Pacific hurricane season begins Friday where El Ni\u00f1o is forecast to increase tropical activity.<\/p>\n<\/div>\n<\/div>\n<\/div>\n<\/div>\n<p data-v-438398f6=\"\">El Ni\u00f1o is one of three phases of a climate cycle called the <a data-omtr-intcmp=\"fxw_weather-news_article_main-content_article-body_2_15\" href=\"https:\/\/www.climate.gov\/news-features\/blogs\/enso\/what-el-ni%C3%B1o%E2%80%93southern-oscillation-enso-nutshell#&amp;_intcmp=fxw_learn_article_main-content_article-body_2_2\" target=\"_blank\" rel=\"noopener noreferrer\"><u>El Ni\u00f1o-Southern Oscillation (ENSO)<\/u><\/a>. It describes natural temperature changes in the central <a data-omtr-intcmp=\"fxw_weather-news_article_main-content_article-body_2_16\" href=\"https:\/\/www.foxweather.com\/category\/ocean\" target=\"_blank\" rel=\"noopener noreferrer\"><u>Pacific Ocean<\/u><\/a> that alter <a data-omtr-intcmp=\"fxw_weather-news_article_main-content_article-body_2_17\" href=\"https:\/\/www.foxweather.com\/category\/atmosphere\" target=\"_blank\" rel=\"noopener noreferrer\"><u>atmospheric<\/u><\/a> circulation and can greatly influence <a data-omtr-intcmp=\"fxw_weather-news_article_main-content_article-body_2_18\" href=\"https:\/\/www.foxweather.com\/category\/world\" target=\"_blank\" rel=\"noopener noreferrer\"><u>global<\/u><\/a> weather.<\/p>\n<p data-v-438398f6=\"\"><a data-omtr-intcmp=\"fxw_weather-news_article_main-content_article-body_2_19\" href=\"https:\/\/www.foxweather.com\/learn\/el-nino-la-nina-climate-explainer\" target=\"_blank\" rel=\"noopener\"><strong><u>WHAT ARE EL NINO AND LA NINA CLIMATE PATTERNS?<\/u><\/strong><\/a><\/p>\n<p data-v-438398f6=\"\">El Ni\u00f1o describes warmer than average water across the equatorial Pacific, while <a data-omtr-intcmp=\"fxw_weather-news_article_main-content_article-body_2_20\" href=\"https:\/\/www.foxweather.com\/category\/la-nina\" target=\"_blank\" rel=\"noopener noreferrer\"><u>La Ni\u00f1a<\/u><\/a> describes colder than average water conditions, and ENSO neutral refers to a state where <a data-omtr-intcmp=\"fxw_weather-news_article_main-content_article-body_2_21\" href=\"https:\/\/www.foxweather.com\/weather-forecast\/current-temperature-map\" target=\"_blank\" rel=\"noopener noreferrer\"><u>temperatures<\/u><\/a> are close to average.<\/p>\n<div data-v-b8684aba=\"\">\n<div class=\"freeform-content\"><img decoding=\"async\" width=\"100%\" src=\"https:\/\/media.foxweather.com\/weather\/ENSO%20Regions%20SST.png\"\/><figcaption>El Ni\u00f1o region<br \/><strong>(FOX Weather)<\/strong><\/figcaption><hr\/>\n<p>\u00a0<\/div>\n<\/div>\n<p data-v-438398f6=\"\">During El Ni\u00f1o, above-average water temperatures in the central and eastern Pacific <a data-omtr-intcmp=\"fxw_weather-news_article_main-content_article-body_2_22\" href=\"https:\/\/www.foxweather.com\/category\/ocean\" target=\"_blank\" rel=\"noopener\"><u>Ocean<\/u><\/a> produce strong <a data-omtr-intcmp=\"fxw_weather-news_article_main-content_article-body_2_23\" href=\"https:\/\/www.foxweather.com\/category\/wind\" target=\"_blank\" rel=\"noopener\">winds<\/a> that hinder tropical development in the Atlantic and enhance development in the Eastern Pacific, where <a data-omtr-intcmp=\"fxw_weather-news_article_main-content_article-body_2_24\" href=\"https:\/\/www.foxweather.com\/category\/hurricanes\" target=\"_blank\" rel=\"noopener\">hurricane<\/a> season begins this Friday.<\/p>\n<div class=\"featured featured-image component-center\">\n<div class=\"m\"><picture><source media=\"(max-width: 767px)\" srcset=\"https:\/\/images.foxweather.com\/static.foxweather.com\/www.foxweather.com\/content\/uploads\/2026\/04\/288\/162\/el-nino-hurricane-effect-png.png?ve=1&amp;tl=1, https:\/\/images.foxweather.com\/static.foxweather.com\/www.foxweather.com\/content\/uploads\/2026\/04\/576\/324\/el-nino-hurricane-effect-png.png?ve=1&amp;tl=1 2x\"><source media=\"(min-width: 768px) and (max-width: 1023px)\" srcset=\"https:\/\/images.foxweather.com\/static.foxweather.com\/www.foxweather.com\/content\/uploads\/2026\/04\/720\/405\/el-nino-hurricane-effect-png.png?ve=1&amp;tl=1, https:\/\/images.foxweather.com\/static.foxweather.com\/www.foxweather.com\/content\/uploads\/2026\/04\/1440\/810\/el-nino-hurricane-effect-png.png?ve=1&amp;tl=1 2x\"><source media=\"(min-width: 1024px)\" srcset=\"https:\/\/images.foxweather.com\/static.foxweather.com\/www.foxweather.com\/content\/uploads\/2026\/04\/668\/376\/el-nino-hurricane-effect-png.png?ve=1&amp;tl=1, https:\/\/images.foxweather.com\/static.foxweather.com\/www.foxweather.com\/content\/uploads\/2026\/04\/1336\/752\/el-nino-hurricane-effect-png.png?ve=1&amp;tl=1 2x\"><img loading=\"lazy\" decoding=\"async\" width=\"668\" height=\"376\" src=\"https:\/\/images.foxweather.com\/static.foxweather.com\/www.foxweather.com\/content\/uploads\/2026\/04\/668\/376\/el-nino-hurricane-effect-png.png?ve=1&amp;tl=1\" alt=\"\"\/><\/source><\/source><\/source><\/picture><\/div>\n<div class=\"info\">\n<div class=\"caption\">\n<p class=\"title\">El Ni\u00f1o impact on hurricane season.<\/p>\n<p class=\"sub-text\"><strong> (FOX Weather \/ FOX Weather)<\/strong><\/p>\n<\/div>\n<\/div>\n<\/div>\n<p data-v-438398f6=\"\">Furthermore, computer forecast models suggest that this summer&#8217;s El Ni\u00f1o will not only likely be a &#8220;Super El Ni\u00f1o&#8221; \u2014 which is declared when water temperatures in the Central Pacific reach at least 2 degrees Celsius \u2014 but also one of the strongest El Ni\u00f1o events ever observed.<\/p>\n<p data-v-438398f6=\"\"><a data-omtr-intcmp=\"fxw_weather-news_article_main-content_article-body_2_25\" href=\"https:\/\/www.foxweather.com\/weather-news\/el-nino-looms-atlantic-hurricane-season-one-month-away\" target=\"_blank\" rel=\"noopener\"><strong><u>EL NI\u00d1O EXPECTED TO DRIVE ATLANTIC STORM ACTIVITY AS COUNTDOWN TO HURRICANE SEASON BEGINS<\/u><\/strong><\/a><\/p>\n<p data-v-438398f6=\"\">While sea surface temperatures are beginning to reach 0.5 degrees Celsius in the Central Pacific, these are just instantaneous observations.<\/p>\n<p data-v-438398f6=\"\">The most dramatic changes are occurring 100 to 200 meters below the surface.<\/p>\n<div data-v-b8684aba=\"\">\n<div class=\"freeform-content\"><img decoding=\"async\" width=\"100%\" src=\"https:\/\/media.foxweather.com\/weather\/Pacific%20Cross%20Section.png\"\/><figcaption>Cross-section of the Pacific Ocean<br \/><strong>(FOX Weather)<\/strong><\/figcaption><hr\/>\n<p>\u00a0<\/div>\n<\/div>\n<p data-v-438398f6=\"\">According to the <a data-omtr-intcmp=\"fxw_weather-news_article_main-content_article-body_2_26\" href=\"https:\/\/www.foxweather.com\/local-weather\" target=\"_blank\" rel=\"noopener\">FOX Forecast Center<\/a>, a massive pool of warm water that has been building in the Western Pacific is now &#8220;sloshing&#8221; eastward.<\/p>\n<p data-v-438398f6=\"\">Driven by winds from the west and several other physical factors, this warm water will reach the El Ni\u00f1o zone sometime this <a data-omtr-intcmp=\"fxw_weather-news_article_main-content_article-body_2_27\" href=\"https:\/\/www.foxweather.com\/category\/summer\" target=\"_blank\" rel=\"noopener\">summer<\/a>, further increasing temperatures.<\/p>\n<p data-v-438398f6=\"\"><a data-omtr-intcmp=\"fxw_weather-news_article_main-content_article-body_2_28\" href=\"https:\/\/www.foxweather.com\/how-to-watch-fox-weather-on-tv\" target=\"_blank\" rel=\"noopener\"><strong><u>HOW TO WATCH FOX WEATHER<\/u><\/strong><\/a><\/p>\n<p data-v-438398f6=\"\">There is currently a very high probability that El Ni\u00f1o conditions will persist through the end of 2026.<\/p>\n<p data-v-438398f6=\"\">As El Ni\u00f1o strengthens, it will begin to &#8220;bend&#8221; the Pacific <a data-omtr-intcmp=\"fxw_weather-news_article_main-content_article-body_2_29\" href=\"https:\/\/www.foxweather.com\/learn\/what-is-the-jet-stream\" target=\"_blank\" rel=\"noopener\">jet stream<\/a>, which acts as an <a data-omtr-intcmp=\"fxw_weather-news_article_main-content_article-body_2_30\" href=\"https:\/\/www.foxweather.com\/category\/atmosphere\" target=\"_blank\" rel=\"noopener\">atmospheric<\/a> conveyor belt for storms and is responsible for most of the <a data-omtr-intcmp=\"fxw_weather-news_article_main-content_article-body_2_31\" href=\"https:\/\/www.foxweather.com\/category\/precipitation\" target=\"_blank\" rel=\"noopener\">rain<\/a> seen across the Lower 48.<\/p>\n<div data-v-b8684aba=\"\">\n<div class=\"freeform-content\"><img decoding=\"async\" width=\"100%\" src=\"https:\/\/media.foxweather.com\/weather\/NMME%20Seasonal%20Precip%20Forecast3.png\"\/><figcaption>Long-rage forecast (Green indicates above average precipitation)<br \/><strong>(FOX Weather)<\/strong><\/figcaption><hr\/>\n<p>\u00a0<\/div>\n<\/div>\n<p data-v-438398f6=\"\">Long-range forecast models predict that El Ni\u00f1o will strengthen the jet stream and shift it southward, leading to a wetter-than-average pattern for <a data-omtr-intcmp=\"fxw_weather-news_article_main-content_article-body_2_32\" href=\"https:\/\/www.foxweather.com\/category\/california\" target=\"_blank\" rel=\"noopener\">California<\/a> and the South in the second half of the year and through the <a data-omtr-intcmp=\"fxw_weather-news_article_main-content_article-body_2_33\" href=\"https:\/\/www.foxweather.com\/category\/winter\" target=\"_blank\" rel=\"noopener\">winter<\/a> months.<\/p>\n<p data-v-438398f6=\"\"><a data-omtr-intcmp=\"fxw_weather-news_article_main-content_article-body_2_34\" href=\"https:\/\/www.foxweather.com\/watch\/play-5b98b2ec6000a15\"><strong>HOW TO FIND YOUR HURRICANE EVACUATION ZONE<\/strong><\/a><\/p>\n<p data-v-438398f6=\"\">While such a strong El Ni\u00f1o is expected to virtually shut down hurricane formation in the open waters of the Atlantic this year, the stormy pattern for the southern U.S. could actually generate tropical activity in the northern Gulf and along the <a data-omtr-intcmp=\"fxw_weather-news_article_main-content_article-body_2_35\" href=\"https:\/\/www.foxweather.com\/category\/southeast\" target=\"_blank\" rel=\"noopener\">Southeast<\/a> coast.<\/p>\n<p data-v-438398f6=\"\">In fact, the long-range European forecast model predicts near-normal tropical activity close to the <a data-omtr-intcmp=\"fxw_weather-news_article_main-content_article-body_2_36\" href=\"https:\/\/www.foxweather.com\/category\/us\" target=\"_blank\" rel=\"noopener\">U.S.<\/a> mainland.<\/p>\n<div class=\"featured featured-image component-center\">\n<div class=\"m\"><picture><source media=\"(max-width: 767px)\" srcset=\"https:\/\/images.foxweather.com\/static.foxweather.com\/www.foxweather.com\/content\/uploads\/2026\/05\/288\/162\/atlantic-tropical-development-areas.png?ve=1&amp;tl=1, https:\/\/images.foxweather.com\/static.foxweather.com\/www.foxweather.com\/content\/uploads\/2026\/05\/576\/324\/atlantic-tropical-development-areas.png?ve=1&amp;tl=1 2x\"><source media=\"(min-width: 768px) and (max-width: 1023px)\" srcset=\"https:\/\/images.foxweather.com\/static.foxweather.com\/www.foxweather.com\/content\/uploads\/2026\/05\/720\/405\/atlantic-tropical-development-areas.png?ve=1&amp;tl=1, https:\/\/images.foxweather.com\/static.foxweather.com\/www.foxweather.com\/content\/uploads\/2026\/05\/1440\/810\/atlantic-tropical-development-areas.png?ve=1&amp;tl=1 2x\"><source media=\"(min-width: 1024px)\" srcset=\"https:\/\/images.foxweather.com\/static.foxweather.com\/www.foxweather.com\/content\/uploads\/2026\/05\/668\/376\/atlantic-tropical-development-areas.png?ve=1&amp;tl=1, https:\/\/images.foxweather.com\/static.foxweather.com\/www.foxweather.com\/content\/uploads\/2026\/05\/1336\/752\/atlantic-tropical-development-areas.png?ve=1&amp;tl=1 2x\"><img loading=\"lazy\" decoding=\"async\" width=\"668\" height=\"376\" src=\"https:\/\/images.foxweather.com\/static.foxweather.com\/www.foxweather.com\/content\/uploads\/2026\/05\/668\/376\/atlantic-tropical-development-areas.png?ve=1&amp;tl=1\" alt=\"Where tropical systems form plays a role in their track and development.\"\/><\/source><\/source><\/source><\/picture><\/div>\n<div class=\"info\">\n<div class=\"caption\">\n<p class=\"title\">Where tropical systems form plays a role in their track and development.<\/p>\n<p class=\"sub-text\"><strong> (FOX Weather \/ FOX Weather)<\/strong><\/p>\n<\/div>\n<\/div>\n<\/div>\n<p data-v-438398f6=\"\">Both the FOX Forecast Center and <a data-omtr-intcmp=\"fxw_weather-news_article_main-content_article-body_2_37\" href=\"https:\/\/www.foxweather.com\/person\/n\/bryan-norcross\" target=\"_blank\" rel=\"noopener\"><u>FOX Weather Hurricane Specialist Bryan Norcross<\/u><\/a> cautioned that it only takes one storm to cause major impacts.<\/p>\n<p data-v-438398f6=\"\">The Atlantic hurricane season lasts from June 1 to Nov. 30.<\/p>\n<p data-v-438398f6=\"\">Meanwhile, this El Ni\u00f1o is expected to supercharge the Eastern Pacific Hurricane season, which begins this Friday and where sea surface temperatures are already 2 to 3 degrees above average.<\/p>\n<\/div>\n<p><a href=\"https:\/\/www.foxweather.com\/weather-news\/super-el-nino-development-accelerating-atlantic-pacific-southern-us\">Source link <\/a><\/p>","protected":false},"excerpt":{"rendered":"<p>FOX Weather Hurricane Specialist Bryan Norcross breaks down how a brewing Super El Ni\u00f1o will impact this hurricane season in both the Atlantic and Pacific basins. Plus, Bryan also previews new AI tools FOX Weather will use to help track cyclones this year. Recent data from the Pacific Ocean shows that the transition to what [&hellip;]<\/p>\n","protected":false},"author":1,"featured_media":127574,"comment_status":"closed","ping_status":"","sticky":false,"template":"","format":"standard","meta":{"googlesitekit_rrm_CAow2JLhCw:productID":"","_gspb_post_css":"","maa_idioma":"","maa_pais":"","footnotes":""},"categories":[1],"tags":[35019,8042,6200,16992,7158,7670],"class_list":["post-127573","post","type-post","status-publish","format-standard","has-post-thumbnail","hentry","category-ubirata","tag-accelerating","tag-development","tag-impact","tag-nino","tag-super","tag-weather"],"blocksy_meta":[],"yoast_head":"<!-- This site is optimized with the Yoast SEO Premium plugin v27.6 (Yoast SEO v27.6) - https:\/\/yoast.com\/product\/yoast-seo-premium-wordpress\/ -->\n<title>Development of Super El Ni\u00f1o is accelerating. How it will impact US weather - Ubirat\u00e3 Online Not\u00edcias - A realidade ao seu alcance!<\/title>\n<meta name=\"description\" content=\"FOX Weather Hurricane Specialist Bryan Norcross breaks down how a brewing Super El Ni\u00f1o will impact this hurricane season in both the Atlantic and Pacific\" \/>\n<meta name=\"robots\" content=\"index, follow, max-snippet:-1, max-image-preview:large, max-video-preview:-1\" \/>\n<link rel=\"canonical\" href=\"https:\/\/ubirataonline.com.br\/en\/development-of-super-el-nino-is-accelerating-how-it-will-impact-us-weather\/\" \/>\n<meta property=\"og:locale\" content=\"en_US\" \/>\n<meta property=\"og:type\" content=\"article\" \/>\n<meta property=\"og:title\" content=\"Development of Super El Ni\u00f1o is accelerating. How it will impact US weather\" \/>\n<meta property=\"og:description\" content=\"FOX Weather Hurricane Specialist Bryan Norcross breaks down how a brewing Super El Ni\u00f1o will impact this hurricane season in both the Atlantic and Pacific\" \/>\n<meta property=\"og:url\" content=\"https:\/\/ubirataonline.com.br\/en\/development-of-super-el-nino-is-accelerating-how-it-will-impact-us-weather\/\" \/>\n<meta property=\"og:site_name\" content=\"Ubirat\u00e3 Online Not\u00edcias - A realidade ao seu alcance!\" \/>\n<meta property=\"article:publisher\" content=\"https:\/\/www.facebook.com\/portalubirataonline\" \/>\n<meta property=\"article:author\" content=\"https:\/\/www.facebook.com\/portalubirataonline\" \/>\n<meta property=\"article:published_time\" content=\"2026-05-12T07:56:23+00:00\" \/>\n<meta property=\"article:modified_time\" content=\"2026-05-12T07:56:25+00:00\" \/>\n<meta property=\"og:image\" content=\"https:\/\/ubirataonline.com.br\/wp-content\/uploads\/2026\/05\/Development-of-Super-El-Nino-is-accelerating-How-it-will.jpg\" \/>\n\t<meta property=\"og:image:width\" content=\"1024\" \/>\n\t<meta property=\"og:image:height\" content=\"512\" \/>\n\t<meta property=\"og:image:type\" content=\"image\/jpeg\" \/>\n<meta name=\"author\" content=\"REDA\u00c7\u00c3O: UBIRAT\u00c3 ONLINE - F\u00c1BIO AUGUSTO CELESTINO\" \/>\n<meta name=\"twitter:card\" content=\"summary_large_image\" \/>\n<meta name=\"twitter:creator\" content=\"@x.com\/ubirataonline\" \/>\n<meta name=\"twitter:site\" content=\"@ubirataonline\" \/>\n<meta name=\"twitter:label1\" content=\"Written by\" \/>\n\t<meta name=\"twitter:data1\" content=\"REDA\u00c7\u00c3O: UBIRAT\u00c3 ONLINE - F\u00c1BIO AUGUSTO CELESTINO\" \/>\n\t<meta name=\"twitter:label2\" content=\"Est. reading time\" \/>\n\t<meta name=\"twitter:data2\" content=\"4 minutes\" \/>\n<script type=\"application\/ld+json\" class=\"yoast-schema-graph\">{\"@context\":\"https:\\\/\\\/schema.org\",\"@graph\":[{\"@type\":\"NewsArticle\",\"@id\":\"https:\\\/\\\/ubirataonline.com.br\\\/development-of-super-el-nino-is-accelerating-how-it-will-impact-us-weather\\\/#article\",\"isPartOf\":{\"@id\":\"https:\\\/\\\/ubirataonline.com.br\\\/development-of-super-el-nino-is-accelerating-how-it-will-impact-us-weather\\\/\"},\"author\":{\"name\":\"REDA\u00c7\u00c3O: UBIRAT\u00c3 ONLINE - F\u00c1BIO AUGUSTO CELESTINO\",\"@id\":\"https:\\\/\\\/ubirataonline.com.br\\\/#\\\/schema\\\/person\\\/372f87bbd3fdd79b8556b84c98d0bc1c\"},\"headline\":\"Development of Super El Ni\u00f1o is accelerating. How it will impact US weather\",\"datePublished\":\"2026-05-12T07:56:23+00:00\",\"dateModified\":\"2026-05-12T07:56:25+00:00\",\"mainEntityOfPage\":{\"@id\":\"https:\\\/\\\/ubirataonline.com.br\\\/development-of-super-el-nino-is-accelerating-how-it-will-impact-us-weather\\\/\"},\"wordCount\":785,\"publisher\":{\"@id\":\"https:\\\/\\\/ubirataonline.com.br\\\/#organization\"},\"image\":{\"@id\":\"https:\\\/\\\/ubirataonline.com.br\\\/development-of-super-el-nino-is-accelerating-how-it-will-impact-us-weather\\\/#primaryimage\"},\"thumbnailUrl\":\"https:\\\/\\\/ubirataonline.com.br\\\/wp-content\\\/uploads\\\/2026\\\/05\\\/Development-of-Super-El-Nino-is-accelerating-How-it-will.jpg\",\"keywords\":[\"accelerating\",\"development\",\"Impact\",\"ni\u00f1o\",\"Super\",\"weather\"],\"articleSection\":[\"Ubirat\u00e3\"],\"inLanguage\":\"en-US\",\"copyrightYear\":\"2026\",\"copyrightHolder\":{\"@id\":\"https:\\\/\\\/ubirataonline.com.br\\\/en\\\/#organization\"}},{\"@type\":\"WebPage\",\"@id\":\"https:\\\/\\\/ubirataonline.com.br\\\/development-of-super-el-nino-is-accelerating-how-it-will-impact-us-weather\\\/\",\"url\":\"https:\\\/\\\/ubirataonline.com.br\\\/development-of-super-el-nino-is-accelerating-how-it-will-impact-us-weather\\\/\",\"name\":\"Development of Super El Ni\u00f1o is accelerating. How it will impact US weather - Ubirat\u00e3 Online Not\u00edcias - A realidade ao seu alcance!\",\"isPartOf\":{\"@id\":\"https:\\\/\\\/ubirataonline.com.br\\\/#website\"},\"primaryImageOfPage\":{\"@id\":\"https:\\\/\\\/ubirataonline.com.br\\\/development-of-super-el-nino-is-accelerating-how-it-will-impact-us-weather\\\/#primaryimage\"},\"image\":{\"@id\":\"https:\\\/\\\/ubirataonline.com.br\\\/development-of-super-el-nino-is-accelerating-how-it-will-impact-us-weather\\\/#primaryimage\"},\"thumbnailUrl\":\"https:\\\/\\\/ubirataonline.com.br\\\/wp-content\\\/uploads\\\/2026\\\/05\\\/Development-of-Super-El-Nino-is-accelerating-How-it-will.jpg\",\"datePublished\":\"2026-05-12T07:56:23+00:00\",\"dateModified\":\"2026-05-12T07:56:25+00:00\",\"description\":\"FOX Weather Hurricane Specialist Bryan Norcross breaks down how a brewing Super El Ni\u00f1o will impact this hurricane season in both the Atlantic and Pacific\",\"breadcrumb\":{\"@id\":\"https:\\\/\\\/ubirataonline.com.br\\\/development-of-super-el-nino-is-accelerating-how-it-will-impact-us-weather\\\/#breadcrumb\"},\"inLanguage\":\"en-US\",\"potentialAction\":[{\"@type\":\"ReadAction\",\"target\":[\"https:\\\/\\\/ubirataonline.com.br\\\/development-of-super-el-nino-is-accelerating-how-it-will-impact-us-weather\\\/\"]}]},{\"@type\":\"ImageObject\",\"inLanguage\":\"en-US\",\"@id\":\"https:\\\/\\\/ubirataonline.com.br\\\/development-of-super-el-nino-is-accelerating-how-it-will-impact-us-weather\\\/#primaryimage\",\"url\":\"https:\\\/\\\/ubirataonline.com.br\\\/wp-content\\\/uploads\\\/2026\\\/05\\\/Development-of-Super-El-Nino-is-accelerating-How-it-will.jpg\",\"contentUrl\":\"https:\\\/\\\/ubirataonline.com.br\\\/wp-content\\\/uploads\\\/2026\\\/05\\\/Development-of-Super-El-Nino-is-accelerating-How-it-will.jpg\",\"width\":1024,\"height\":512,\"caption\":\"El Ni\u00f1o region (FOX Weather)\"},{\"@type\":\"BreadcrumbList\",\"@id\":\"https:\\\/\\\/ubirataonline.com.br\\\/development-of-super-el-nino-is-accelerating-how-it-will-impact-us-weather\\\/#breadcrumb\",\"itemListElement\":[{\"@type\":\"ListItem\",\"position\":1,\"name\":\"In\u00edcio\",\"item\":\"https:\\\/\\\/ubirataonline.com.br\\\/\"},{\"@type\":\"ListItem\",\"position\":2,\"name\":\"Development of Super El Ni\u00f1o is accelerating. How it will impact US weather\"}]},{\"@type\":\"WebSite\",\"@id\":\"https:\\\/\\\/ubirataonline.com.br\\\/#website\",\"url\":\"https:\\\/\\\/ubirataonline.com.br\\\/\",\"name\":\"Ubirat\u00e3 Online Not\u00edcias\",\"description\":\"Not\u00edcias de Ubirat\u00e3, regi\u00e3o, Brasil e mundo, com informa\u00e7\u00e3o atualizada e compromisso com o leitor.\",\"publisher\":{\"@id\":\"https:\\\/\\\/ubirataonline.com.br\\\/#organization\"},\"alternateName\":\"Ubirat\u00e3 Online\",\"potentialAction\":[{\"@type\":\"SearchAction\",\"target\":{\"@type\":\"EntryPoint\",\"urlTemplate\":\"https:\\\/\\\/ubirataonline.com.br\\\/?s={search_term_string}\"},\"query-input\":{\"@type\":\"PropertyValueSpecification\",\"valueRequired\":true,\"valueName\":\"search_term_string\"}}],\"inLanguage\":\"en-US\"},{\"@type\":[\"Organization\",\"Place\"],\"@id\":\"https:\\\/\\\/ubirataonline.com.br\\\/#organization\",\"name\":\"Ubirat\u00e3 Online Not\u00edcias\",\"alternateName\":\"Ubirat\u00e3 Online\",\"url\":\"https:\\\/\\\/ubirataonline.com.br\\\/\",\"logo\":{\"@id\":\"https:\\\/\\\/ubirataonline.com.br\\\/development-of-super-el-nino-is-accelerating-how-it-will-impact-us-weather\\\/#local-main-organization-logo\"},\"image\":{\"@id\":\"https:\\\/\\\/ubirataonline.com.br\\\/development-of-super-el-nino-is-accelerating-how-it-will-impact-us-weather\\\/#local-main-organization-logo\"},\"sameAs\":[\"https:\\\/\\\/www.facebook.com\\\/portalubirataonline\",\"https:\\\/\\\/x.com\\\/ubirataonline\",\"https:\\\/\\\/mastodon.social\\\/@ubirataonline\",\"https:\\\/\\\/www.facebook.com\\\/groups\\\/311144672285604\",\"https:\\\/\\\/www.facebook.com\\\/UBTAOnline\",\"https:\\\/\\\/www.instagram.com\\\/portalubirataonline\\\/\",\"https:\\\/\\\/twitter.com\\\/ubirataonline\"],\"description\":\"Somos um portal de not\u00edcias independente, criado em 5 de janeiro de 2009, com o objetivo de informar, conectar e valorizar a nossa comunidade de Ubirat\u00e3 e toda aregi\u00e3o. Com conte\u00fado atualizado, confi\u00e1vel e relevante, o Ubirat\u00e3 Online \u00e9 o seu espa\u00e7o para ficar por dentro dos principais acontecimentos locais, regionais, Brasil, Mundo e de interesse geral. Nosso compromisso \u00e9 com a verdade, a transpar\u00eancia e o respeito ao leitor.\",\"legalName\":\"UBIRATA ONLINE NOT\u00cdCIAS\",\"foundingDate\":\"2009-01-05\",\"numberOfEmployees\":{\"@type\":\"QuantitativeValue\",\"minValue\":\"1\",\"maxValue\":\"10\"},\"publishingPrinciples\":\"https:\\\/\\\/ubirataonline.com.br\\\/faq\\\/\",\"address\":{\"@id\":\"https:\\\/\\\/ubirataonline.com.br\\\/development-of-super-el-nino-is-accelerating-how-it-will-impact-us-weather\\\/#local-main-place-address\"},\"geo\":{\"@type\":\"GeoCoordinates\",\"latitude\":\"-24.5361401\",\"longitude\":\"-52.9921776\"},\"telephone\":[\"+5544998308235\"],\"contactPoint\":{\"@type\":\"ContactPoint\",\"email\":\"contato@ubirataonline.com.br\"},\"openingHoursSpecification\":{\"@type\":\"OpeningHoursSpecification\",\"dayOfWeek\":[\"Monday\",\"Tuesday\",\"Wednesday\",\"Thursday\",\"Friday\",\"Saturday\",\"Sunday\"],\"opens\":\"00:00\",\"closes\":\"23:59\"},\"email\":\"contato@ubirataonline.com.br\",\"vatID\":\"47.621.418\\\/0001-80\"},{\"@type\":\"Person\",\"@id\":\"https:\\\/\\\/ubirataonline.com.br\\\/#\\\/schema\\\/person\\\/372f87bbd3fdd79b8556b84c98d0bc1c\",\"name\":\"REDA\u00c7\u00c3O: UBIRAT\u00c3 ONLINE - F\u00c1BIO AUGUSTO CELESTINO\",\"pronouns\":\"Ele\",\"description\":\"Desde 2003 trabalhando com not\u00edcias.\",\"sameAs\":[\"http:\\\/\\\/ubirataoline.com.br\",\"https:\\\/\\\/www.facebook.com\\\/portalubirataonline\",\"https:\\\/\\\/www.instagram.com\\\/ubirataonline_oficial\",\"https:\\\/\\\/x.com\\\/x.com\\\/ubirataonline\"],\"honorificPrefix\":\"Mr.\",\"honorificSuffix\":\"MD\",\"birthDate\":\"1980-06-16\",\"gender\":\"masculino\",\"award\":[\"V\u00e1rios pr\u00eamios de melhor portal da cidade\"],\"jobTitle\":\"Diretor\",\"url\":\"https:\\\/\\\/ubirataonline.com.br\\\/en\\\/author\\\/ubirataonline\\\/\"},{\"@type\":\"PostalAddress\",\"@id\":\"https:\\\/\\\/ubirataonline.com.br\\\/development-of-super-el-nino-is-accelerating-how-it-will-impact-us-weather\\\/#local-main-place-address\",\"streetAddress\":\"Rua dos Coqueiros, 104 - Bairro Boa Vista, Rua dos Coqueiros, 104 Bairro Boa Vista\",\"addressLocality\":\"UBIRATA\",\"postalCode\":\"85440-000\",\"addressRegion\":\"PR\",\"addressCountry\":\"BR\"},{\"@type\":\"ImageObject\",\"inLanguage\":\"en-US\",\"@id\":\"https:\\\/\\\/ubirataonline.com.br\\\/development-of-super-el-nino-is-accelerating-how-it-will-impact-us-weather\\\/#local-main-organization-logo\",\"url\":\"https:\\\/\\\/ubirataonline.com.br\\\/wp-content\\\/uploads\\\/2026\\\/06\\\/logoubirataonline-1.webp\",\"contentUrl\":\"https:\\\/\\\/ubirataonline.com.br\\\/wp-content\\\/uploads\\\/2026\\\/06\\\/logoubirataonline-1.webp\",\"width\":500,\"height\":500,\"caption\":\"Ubirat\u00e3 Online Not\u00edcias\"}]}<\/script>\n<meta name=\"geo.placename\" content=\"UBIRATA\" \/>\n<meta name=\"geo.position\" content=\"-24.5361401;-52.9921776\" \/>\n<meta name=\"geo.region\" content=\"Brazil\" \/>\n<!-- \/ Yoast SEO Premium plugin. -->","yoast_head_json":{"title":"Development of Super El Ni\u00f1o is accelerating. How it will impact US weather - Ubirat\u00e3 Online Not\u00edcias - A realidade ao seu alcance!","description":"FOX Weather Hurricane Specialist Bryan Norcross breaks down how a brewing Super El Ni\u00f1o will impact this hurricane season in both the Atlantic and Pacific","robots":{"index":"index","follow":"follow","max-snippet":"max-snippet:-1","max-image-preview":"max-image-preview:large","max-video-preview":"max-video-preview:-1"},"canonical":"https:\/\/ubirataonline.com.br\/en\/development-of-super-el-nino-is-accelerating-how-it-will-impact-us-weather\/","og_locale":"en_US","og_type":"article","og_title":"Development of Super El Ni\u00f1o is accelerating. How it will impact US weather","og_description":"FOX Weather Hurricane Specialist Bryan Norcross breaks down how a brewing Super El Ni\u00f1o will impact this hurricane season in both the Atlantic and Pacific","og_url":"https:\/\/ubirataonline.com.br\/en\/development-of-super-el-nino-is-accelerating-how-it-will-impact-us-weather\/","og_site_name":"Ubirat\u00e3 Online Not\u00edcias - A realidade ao seu alcance!","article_publisher":"https:\/\/www.facebook.com\/portalubirataonline","article_author":"https:\/\/www.facebook.com\/portalubirataonline","article_published_time":"2026-05-12T07:56:23+00:00","article_modified_time":"2026-05-12T07:56:25+00:00","og_image":[{"width":1024,"height":512,"url":"https:\/\/ubirataonline.com.br\/wp-content\/uploads\/2026\/05\/Development-of-Super-El-Nino-is-accelerating-How-it-will.jpg","type":"image\/jpeg"}],"author":"REDA\u00c7\u00c3O: UBIRAT\u00c3 ONLINE - F\u00c1BIO AUGUSTO CELESTINO","twitter_card":"summary_large_image","twitter_creator":"@x.com\/ubirataonline","twitter_site":"@ubirataonline","twitter_misc":{"Written by":"REDA\u00c7\u00c3O: UBIRAT\u00c3 ONLINE - F\u00c1BIO AUGUSTO CELESTINO","Est. reading time":"4 minutes"},"schema":{"@context":"https:\/\/schema.org","@graph":[{"@type":"NewsArticle","@id":"https:\/\/ubirataonline.com.br\/development-of-super-el-nino-is-accelerating-how-it-will-impact-us-weather\/#article","isPartOf":{"@id":"https:\/\/ubirataonline.com.br\/development-of-super-el-nino-is-accelerating-how-it-will-impact-us-weather\/"},"author":{"name":"REDA\u00c7\u00c3O: UBIRAT\u00c3 ONLINE - F\u00c1BIO AUGUSTO CELESTINO","@id":"https:\/\/ubirataonline.com.br\/#\/schema\/person\/372f87bbd3fdd79b8556b84c98d0bc1c"},"headline":"Development of Super El Ni\u00f1o is accelerating. How it will impact US weather","datePublished":"2026-05-12T07:56:23+00:00","dateModified":"2026-05-12T07:56:25+00:00","mainEntityOfPage":{"@id":"https:\/\/ubirataonline.com.br\/development-of-super-el-nino-is-accelerating-how-it-will-impact-us-weather\/"},"wordCount":785,"publisher":{"@id":"https:\/\/ubirataonline.com.br\/#organization"},"image":{"@id":"https:\/\/ubirataonline.com.br\/development-of-super-el-nino-is-accelerating-how-it-will-impact-us-weather\/#primaryimage"},"thumbnailUrl":"https:\/\/ubirataonline.com.br\/wp-content\/uploads\/2026\/05\/Development-of-Super-El-Nino-is-accelerating-How-it-will.jpg","keywords":["accelerating","development","Impact","ni\u00f1o","Super","weather"],"articleSection":["Ubirat\u00e3"],"inLanguage":"en-US","copyrightYear":"2026","copyrightHolder":{"@id":"https:\/\/ubirataonline.com.br\/en\/#organization"}},{"@type":"WebPage","@id":"https:\/\/ubirataonline.com.br\/development-of-super-el-nino-is-accelerating-how-it-will-impact-us-weather\/","url":"https:\/\/ubirataonline.com.br\/development-of-super-el-nino-is-accelerating-how-it-will-impact-us-weather\/","name":"Development of Super El Ni\u00f1o is accelerating. How it will impact US weather - Ubirat\u00e3 Online Not\u00edcias - A realidade ao seu alcance!","isPartOf":{"@id":"https:\/\/ubirataonline.com.br\/#website"},"primaryImageOfPage":{"@id":"https:\/\/ubirataonline.com.br\/development-of-super-el-nino-is-accelerating-how-it-will-impact-us-weather\/#primaryimage"},"image":{"@id":"https:\/\/ubirataonline.com.br\/development-of-super-el-nino-is-accelerating-how-it-will-impact-us-weather\/#primaryimage"},"thumbnailUrl":"https:\/\/ubirataonline.com.br\/wp-content\/uploads\/2026\/05\/Development-of-Super-El-Nino-is-accelerating-How-it-will.jpg","datePublished":"2026-05-12T07:56:23+00:00","dateModified":"2026-05-12T07:56:25+00:00","description":"FOX Weather Hurricane Specialist Bryan Norcross breaks down how a brewing Super El Ni\u00f1o will impact this hurricane season in both the Atlantic and Pacific","breadcrumb":{"@id":"https:\/\/ubirataonline.com.br\/development-of-super-el-nino-is-accelerating-how-it-will-impact-us-weather\/#breadcrumb"},"inLanguage":"en-US","potentialAction":[{"@type":"ReadAction","target":["https:\/\/ubirataonline.com.br\/development-of-super-el-nino-is-accelerating-how-it-will-impact-us-weather\/"]}]},{"@type":"ImageObject","inLanguage":"en-US","@id":"https:\/\/ubirataonline.com.br\/development-of-super-el-nino-is-accelerating-how-it-will-impact-us-weather\/#primaryimage","url":"https:\/\/ubirataonline.com.br\/wp-content\/uploads\/2026\/05\/Development-of-Super-El-Nino-is-accelerating-How-it-will.jpg","contentUrl":"https:\/\/ubirataonline.com.br\/wp-content\/uploads\/2026\/05\/Development-of-Super-El-Nino-is-accelerating-How-it-will.jpg","width":1024,"height":512,"caption":"El Ni\u00f1o region (FOX Weather)"},{"@type":"BreadcrumbList","@id":"https:\/\/ubirataonline.com.br\/development-of-super-el-nino-is-accelerating-how-it-will-impact-us-weather\/#breadcrumb","itemListElement":[{"@type":"ListItem","position":1,"name":"In\u00edcio","item":"https:\/\/ubirataonline.com.br\/"},{"@type":"ListItem","position":2,"name":"Development of Super El Ni\u00f1o is accelerating. How it will impact US weather"}]},{"@type":"WebSite","@id":"https:\/\/ubirataonline.com.br\/#website","url":"https:\/\/ubirataonline.com.br\/","name":"Ubirat\u00e3 Online Not\u00edcias","description":"Not\u00edcias de Ubirat\u00e3, regi\u00e3o, Brasil e mundo, com informa\u00e7\u00e3o atualizada e compromisso com o leitor.","publisher":{"@id":"https:\/\/ubirataonline.com.br\/#organization"},"alternateName":"Ubirat\u00e3 Online","potentialAction":[{"@type":"SearchAction","target":{"@type":"EntryPoint","urlTemplate":"https:\/\/ubirataonline.com.br\/?s={search_term_string}"},"query-input":{"@type":"PropertyValueSpecification","valueRequired":true,"valueName":"search_term_string"}}],"inLanguage":"en-US"},{"@type":["Organization","Place"],"@id":"https:\/\/ubirataonline.com.br\/#organization","name":"Ubirat\u00e3 Online Not\u00edcias","alternateName":"Ubirat\u00e3 Online","url":"https:\/\/ubirataonline.com.br\/","logo":{"@id":"https:\/\/ubirataonline.com.br\/development-of-super-el-nino-is-accelerating-how-it-will-impact-us-weather\/#local-main-organization-logo"},"image":{"@id":"https:\/\/ubirataonline.com.br\/development-of-super-el-nino-is-accelerating-how-it-will-impact-us-weather\/#local-main-organization-logo"},"sameAs":["https:\/\/www.facebook.com\/portalubirataonline","https:\/\/x.com\/ubirataonline","https:\/\/mastodon.social\/@ubirataonline","https:\/\/www.facebook.com\/groups\/311144672285604","https:\/\/www.facebook.com\/UBTAOnline","https:\/\/www.instagram.com\/portalubirataonline\/","https:\/\/twitter.com\/ubirataonline"],"description":"Somos um portal de not\u00edcias independente, criado em 5 de janeiro de 2009, com o objetivo de informar, conectar e valorizar a nossa comunidade de Ubirat\u00e3 e toda aregi\u00e3o. Com conte\u00fado atualizado, confi\u00e1vel e relevante, o Ubirat\u00e3 Online \u00e9 o seu espa\u00e7o para ficar por dentro dos principais acontecimentos locais, regionais, Brasil, Mundo e de interesse geral. Nosso compromisso \u00e9 com a verdade, a transpar\u00eancia e o respeito ao leitor.","legalName":"UBIRATA ONLINE NOT\u00cdCIAS","foundingDate":"2009-01-05","numberOfEmployees":{"@type":"QuantitativeValue","minValue":"1","maxValue":"10"},"publishingPrinciples":"https:\/\/ubirataonline.com.br\/faq\/","address":{"@id":"https:\/\/ubirataonline.com.br\/development-of-super-el-nino-is-accelerating-how-it-will-impact-us-weather\/#local-main-place-address"},"geo":{"@type":"GeoCoordinates","latitude":"-24.5361401","longitude":"-52.9921776"},"telephone":["+5544998308235"],"contactPoint":{"@type":"ContactPoint","email":"contato@ubirataonline.com.br"},"openingHoursSpecification":{"@type":"OpeningHoursSpecification","dayOfWeek":["Monday","Tuesday","Wednesday","Thursday","Friday","Saturday","Sunday"],"opens":"00:00","closes":"23:59"},"email":"contato@ubirataonline.com.br","vatID":"47.621.418\/0001-80"},{"@type":"Person","@id":"https:\/\/ubirataonline.com.br\/#\/schema\/person\/372f87bbd3fdd79b8556b84c98d0bc1c","name":"REDA\u00c7\u00c3O: UBIRAT\u00c3 ONLINE - F\u00c1BIO AUGUSTO CELESTINO","pronouns":"Ele","description":"Desde 2003 trabalhando com not\u00edcias.","sameAs":["http:\/\/ubirataoline.com.br","https:\/\/www.facebook.com\/portalubirataonline","https:\/\/www.instagram.com\/ubirataonline_oficial","https:\/\/x.com\/x.com\/ubirataonline"],"honorificPrefix":"Mr.","honorificSuffix":"MD","birthDate":"1980-06-16","gender":"masculino","award":["V\u00e1rios pr\u00eamios de melhor portal da cidade"],"jobTitle":"Diretor","url":"https:\/\/ubirataonline.com.br\/en\/author\/ubirataonline\/"},{"@type":"PostalAddress","@id":"https:\/\/ubirataonline.com.br\/development-of-super-el-nino-is-accelerating-how-it-will-impact-us-weather\/#local-main-place-address","streetAddress":"Rua dos Coqueiros, 104 - Bairro Boa Vista, Rua dos Coqueiros, 104 Bairro Boa Vista","addressLocality":"UBIRATA","postalCode":"85440-000","addressRegion":"PR","addressCountry":"BR"},{"@type":"ImageObject","inLanguage":"en-US","@id":"https:\/\/ubirataonline.com.br\/development-of-super-el-nino-is-accelerating-how-it-will-impact-us-weather\/#local-main-organization-logo","url":"https:\/\/ubirataonline.com.br\/wp-content\/uploads\/2026\/06\/logoubirataonline-1.webp","contentUrl":"https:\/\/ubirataonline.com.br\/wp-content\/uploads\/2026\/06\/logoubirataonline-1.webp","width":500,"height":500,"caption":"Ubirat\u00e3 Online Not\u00edcias"}]},"geo.placename":"UBIRATA","geo.position":{"lat":"-24.5361401","long":"-52.9921776"},"geo.region":"Brazil"},"_links":{"self":[{"href":"https:\/\/ubirataonline.com.br\/en\/wp-json\/wp\/v2\/posts\/127573","targetHints":{"allow":["GET"]}}],"collection":[{"href":"https:\/\/ubirataonline.com.br\/en\/wp-json\/wp\/v2\/posts"}],"about":[{"href":"https:\/\/ubirataonline.com.br\/en\/wp-json\/wp\/v2\/types\/post"}],"author":[{"embeddable":true,"href":"https:\/\/ubirataonline.com.br\/en\/wp-json\/wp\/v2\/users\/1"}],"replies":[{"embeddable":true,"href":"https:\/\/ubirataonline.com.br\/en\/wp-json\/wp\/v2\/comments?post=127573"}],"version-history":[{"count":0,"href":"https:\/\/ubirataonline.com.br\/en\/wp-json\/wp\/v2\/posts\/127573\/revisions"}],"wp:featuredmedia":[{"embeddable":true,"href":"https:\/\/ubirataonline.com.br\/en\/wp-json\/wp\/v2\/media\/127574"}],"wp:attachment":[{"href":"https:\/\/ubirataonline.com.br\/en\/wp-json\/wp\/v2\/media?parent=127573"}],"wp:term":[{"taxonomy":"category","embeddable":true,"href":"https:\/\/ubirataonline.com.br\/en\/wp-json\/wp\/v2\/categories?post=127573"},{"taxonomy":"post_tag","embeddable":true,"href":"https:\/\/ubirataonline.com.br\/en\/wp-json\/wp\/v2\/tags?post=127573"}],"curies":[{"name":"wp","href":"https:\/\/api.w.org\/{rel}","templated":true}]}}