{"id":127579,"date":"2026-05-12T05:05:53","date_gmt":"2026-05-12T08:05:53","guid":{"rendered":"https:\/\/ubirataonline.com.br\/prefeitura-amplia-estrutura-de-pontos-de-onibus-e-preve-adequacoes-em-calcadas\/"},"modified":"2026-05-12T05:05:55","modified_gmt":"2026-05-12T08:05:55","slug":"prefeitura-amplia-estrutura-de-pontos-de-onibus-e-preve-adequacoes-em-calcadas","status":"publish","type":"post","link":"https:\/\/ubirataonline.com.br\/en\/prefeitura-amplia-estrutura-de-pontos-de-onibus-e-preve-adequacoes-em-calcadas\/","title":{"rendered":"Prefeitura amplia estrutura de pontos de \u00f4nibus e prev\u00ea adequa\u00e7\u00f5es em cal\u00e7adas"},"content":{"rendered":"<p><\/p>\n<div id=\"texto\">\n<p>A Prefeitura de Cascavel oficializou um novo investimento voltado \u00e0 mobilidade urbana e \u00e0 acessibilidade no munic\u00edpio. O projeto prev\u00ea a instala\u00e7\u00e3o de novos abrigos em pontos de parada de \u00f4nibus, al\u00e9m da execu\u00e7\u00e3o de adequa\u00e7\u00f5es nas cal\u00e7adas do entorno imediato das estruturas em diversas regi\u00f5es da cidade.<\/p>\n<h2 class=\"wp-block-heading\" id=\"h-projeto-preve-instalacao-de-122-novos-abrigos\">Projeto prev\u00ea instala\u00e7\u00e3o de 122 novos abrigos<\/h2>\n<p>Conforme o extrato da Ata de Registro de Pre\u00e7os n\u00ba 095\/2026, oriunda da Concorr\u00eancia n\u00ba 033\/2025, os servi\u00e7os ser\u00e3o executados pela empresa Biosfera Saneamento Ambiental Ltda, veencedora do processo licitat\u00f3rio realizado pela administra\u00e7\u00e3o municipal.<\/p>\n<p>O contrato contempla a instala\u00e7\u00e3o de 122 abrigos de \u00f4nibus dentro do per\u00edmetro urbano de Cascavel. Para esta etapa, o investimento previsto \u00e9 de R$ 2.049.600,00.<\/p>\n<figure class=\"wp-block-image size-large\"><figcaption class=\"wp-element-caption\">Registro de ponto de \u00f4nibus em Cascavel utilizado para contextualiza\u00e7\u00e3o da mat\u00e9ria sobre novos abrigos e melhorias de acessibilidade.<br \/><\/figcaption><\/figure>\n<h2 class=\"wp-block-heading\" id=\"h-calcadas-terao-adequacoes-de-acessibilidade\">Cal\u00e7adas ter\u00e3o adequa\u00e7\u00f5es de acessibilidade<\/h2>\n<p>Al\u00e9m das estruturas de parada, tamb\u00e9m est\u00e1 prevista a execu\u00e7\u00e3o de cal\u00e7adas acess\u00edveis no entorno imediato dos pontos de \u00f4nibus, buscando garantir melhores condi\u00e7\u00f5es de mobilidade, seguran\u00e7a e acessibilidade aos usu\u00e1rios do transporte coletivo. Para as adequa\u00e7\u00f5es nas cal\u00e7adas, o investimento previsto \u00e9 de R$ 3.904.000,00.<\/p>\n<p>A iniciativa integra o planejamento da administra\u00e7\u00e3o municipal voltado \u00e0 moderniza\u00e7\u00e3o da infraestrutura urbana e amplia\u00e7\u00e3o da acessibilidade em espa\u00e7os p\u00fablicos, beneficiando principalmente idosos, pessoas com defici\u00eancia, estudantes e trabalhadores que utilizam diariamente o transporte coletivo.<\/p>\n<figure class=\"wp-block-image size-large\"><img loading=\"lazy\" decoding=\"async\" width=\"1024\" height=\"576\" src=\"https:\/\/cdn.cgn.inf.br\/fotos-cgn\/2026\/05\/12042543\/pontodeonibusedital-1024x576.jpg\" alt=\"\" class=\"wp-image-2103449\" srcset=\"https:\/\/cdn.cgn.inf.br\/fotos-cgn\/2026\/05\/12042543\/pontodeonibusedital-1024x576.jpg 1024w, https:\/\/cdn.cgn.inf.br\/fotos-cgn\/2026\/05\/12042543\/pontodeonibusedital-300x169.jpg 300w, https:\/\/cdn.cgn.inf.br\/fotos-cgn\/2026\/05\/12042543\/pontodeonibusedital-768x432.jpg 768w, https:\/\/cdn.cgn.inf.br\/fotos-cgn\/2026\/05\/12042543\/pontodeonibusedital-880x495.jpg 880w, https:\/\/cdn.cgn.inf.br\/fotos-cgn\/2026\/05\/12042543\/pontodeonibusedital-500x281.jpg 500w, https:\/\/cdn.cgn.inf.br\/fotos-cgn\/2026\/05\/12042543\/pontodeonibusedital-325x183.jpg 325w, https:\/\/cdn.cgn.inf.br\/fotos-cgn\/2026\/05\/12042543\/pontodeonibusedital.jpg 1280w\" sizes=\"auto, (max-width: 1024px) 100vw, 1024px\"\/><\/figure>\n<h2 class=\"wp-block-heading\" id=\"h-contrato-possui-vigencia-de-12-meses\">Contrato possui vig\u00eancia de 12 meses<\/h2>\n<p>Somando os dois servi\u00e7os, o contrato firmado pelo Munic\u00edpio alcan\u00e7a R$ 5.953.600,00.<\/p>\n<p>A ata possui vig\u00eancia de 12 meses e foi assinada oficialmente no dia 7 de maio de 2026 pelo prefeito Renato Silva e pela representante da empresa contratada Tamara Niada Boeira.<\/p>\n<figure class=\"wp-block-image size-large\"><img loading=\"lazy\" decoding=\"async\" width=\"1024\" height=\"576\" src=\"https:\/\/cdn.cgn.inf.br\/fotos-cgn\/2026\/05\/12043019\/WhatsApp-Image-2026-05-12-at-04.14.15-1024x576.jpeg\" alt=\"\" class=\"wp-image-2103450\" srcset=\"https:\/\/cdn.cgn.inf.br\/fotos-cgn\/2026\/05\/12043019\/WhatsApp-Image-2026-05-12-at-04.14.15-1024x576.jpeg 1024w, https:\/\/cdn.cgn.inf.br\/fotos-cgn\/2026\/05\/12043019\/WhatsApp-Image-2026-05-12-at-04.14.15-300x169.jpeg 300w, https:\/\/cdn.cgn.inf.br\/fotos-cgn\/2026\/05\/12043019\/WhatsApp-Image-2026-05-12-at-04.14.15-768x432.jpeg 768w, https:\/\/cdn.cgn.inf.br\/fotos-cgn\/2026\/05\/12043019\/WhatsApp-Image-2026-05-12-at-04.14.15-880x495.jpeg 880w, https:\/\/cdn.cgn.inf.br\/fotos-cgn\/2026\/05\/12043019\/WhatsApp-Image-2026-05-12-at-04.14.15-500x281.jpeg 500w, https:\/\/cdn.cgn.inf.br\/fotos-cgn\/2026\/05\/12043019\/WhatsApp-Image-2026-05-12-at-04.14.15-325x183.jpeg 325w, https:\/\/cdn.cgn.inf.br\/fotos-cgn\/2026\/05\/12043019\/WhatsApp-Image-2026-05-12-at-04.14.15.jpeg 1280w\" sizes=\"auto, (max-width: 1024px) 100vw, 1024px\"\/><\/figure>\n<\/p><\/div>\n<p><a href=\"https:\/\/cgn.inf.br\/noticia\/2103444\/prefeitura-amplia-estrutura-de-pontos-de-onibus-e-preve-adequacoes-em-calcadas\">Fonte do Artigo <\/a><\/p>","protected":false},"excerpt":{"rendered":"<p>A Prefeitura de Cascavel oficializou um novo investimento voltado \u00e0 mobilidade urbana e \u00e0 acessibilidade no munic\u00edpio. O projeto prev\u00ea a instala\u00e7\u00e3o de novos abrigos em pontos de parada de \u00f4nibus, al\u00e9m da execu\u00e7\u00e3o de adequa\u00e7\u00f5es nas cal\u00e7adas do entorno imediato das estruturas em diversas regi\u00f5es da cidade. Projeto prev\u00ea instala\u00e7\u00e3o de 122 novos abrigos [&hellip;]<\/p>\n","protected":false},"author":1,"featured_media":127580,"comment_status":"closed","ping_status":"","sticky":false,"template":"","format":"standard","meta":{"googlesitekit_rrm_CAow2JLhCw:productID":"","_gspb_post_css":"","maa_idioma":"","maa_pais":"","footnotes":""},"categories":[1],"tags":[35020,8844,35021,3292,154,7447,4374,8231],"class_list":["post-127579","post","type-post","status-publish","format-standard","has-post-thumbnail","hentry","category-ubirata","tag-adequacoes","tag-amplia","tag-calcadas","tag-estrutura","tag-onibus","tag-pontos","tag-prefeitura","tag-preve"],"blocksy_meta":[],"yoast_head":"<!-- This site is optimized with the Yoast SEO Premium plugin v27.6 (Yoast SEO v27.6) - https:\/\/yoast.com\/product\/yoast-seo-premium-wordpress\/ -->\n<title>Prefeitura amplia estrutura de pontos de \u00f4nibus e prev\u00ea adequa\u00e7\u00f5es em cal\u00e7adas - Ubirat\u00e3 Online Not\u00edcias - A realidade ao seu alcance!<\/title>\n<meta name=\"description\" content=\"A Prefeitura de Cascavel oficializou um novo investimento voltado \u00e0 mobilidade urbana e \u00e0 acessibilidade no munic\u00edpio. O projeto prev\u00ea a instala\u00e7\u00e3o de\" \/>\n<meta name=\"robots\" content=\"index, follow, max-snippet:-1, max-image-preview:large, max-video-preview:-1\" \/>\n<link rel=\"canonical\" href=\"https:\/\/ubirataonline.com.br\/en\/prefeitura-amplia-estrutura-de-pontos-de-onibus-e-preve-adequacoes-em-calcadas\/\" \/>\n<meta property=\"og:locale\" content=\"en_US\" \/>\n<meta property=\"og:type\" content=\"article\" \/>\n<meta property=\"og:title\" content=\"Prefeitura amplia estrutura de pontos de \u00f4nibus e prev\u00ea adequa\u00e7\u00f5es em cal\u00e7adas\" \/>\n<meta property=\"og:description\" content=\"A Prefeitura de Cascavel oficializou um novo investimento voltado \u00e0 mobilidade urbana e \u00e0 acessibilidade no munic\u00edpio. O projeto prev\u00ea a instala\u00e7\u00e3o de\" \/>\n<meta property=\"og:url\" content=\"https:\/\/ubirataonline.com.br\/en\/prefeitura-amplia-estrutura-de-pontos-de-onibus-e-preve-adequacoes-em-calcadas\/\" \/>\n<meta property=\"og:site_name\" content=\"Ubirat\u00e3 Online Not\u00edcias - A realidade ao seu alcance!\" \/>\n<meta property=\"article:publisher\" content=\"https:\/\/www.facebook.com\/portalubirataonline\" \/>\n<meta property=\"article:author\" content=\"https:\/\/www.facebook.com\/portalubirataonline\" \/>\n<meta property=\"article:published_time\" content=\"2026-05-12T08:05:53+00:00\" \/>\n<meta property=\"article:modified_time\" content=\"2026-05-12T08:05:55+00:00\" \/>\n<meta property=\"og:image\" content=\"https:\/\/ubirataonline.com.br\/wp-content\/uploads\/2026\/05\/Prefeitura-amplia-estrutura-de-pontos-de-onibus-e-preve-adequacoes.jpeg\" \/>\n\t<meta property=\"og:image:width\" content=\"1280\" \/>\n\t<meta property=\"og:image:height\" content=\"720\" \/>\n\t<meta property=\"og:image:type\" content=\"image\/jpeg\" \/>\n<meta name=\"author\" content=\"REDA\u00c7\u00c3O: UBIRAT\u00c3 ONLINE - F\u00c1BIO AUGUSTO CELESTINO\" \/>\n<meta name=\"twitter:card\" content=\"summary_large_image\" \/>\n<meta name=\"twitter:creator\" content=\"@x.com\/ubirataonline\" \/>\n<meta name=\"twitter:site\" content=\"@ubirataonline\" \/>\n<meta name=\"twitter:label1\" content=\"Written by\" \/>\n\t<meta name=\"twitter:data1\" content=\"REDA\u00c7\u00c3O: UBIRAT\u00c3 ONLINE - F\u00c1BIO AUGUSTO CELESTINO\" \/>\n\t<meta name=\"twitter:label2\" content=\"Est. reading time\" \/>\n\t<meta name=\"twitter:data2\" content=\"1 minute\" \/>\n<script type=\"application\/ld+json\" class=\"yoast-schema-graph\">{\"@context\":\"https:\\\/\\\/schema.org\",\"@graph\":[{\"@type\":\"NewsArticle\",\"@id\":\"https:\\\/\\\/ubirataonline.com.br\\\/prefeitura-amplia-estrutura-de-pontos-de-onibus-e-preve-adequacoes-em-calcadas\\\/#article\",\"isPartOf\":{\"@id\":\"https:\\\/\\\/ubirataonline.com.br\\\/prefeitura-amplia-estrutura-de-pontos-de-onibus-e-preve-adequacoes-em-calcadas\\\/\"},\"author\":{\"name\":\"REDA\u00c7\u00c3O: UBIRAT\u00c3 ONLINE - F\u00c1BIO AUGUSTO CELESTINO\",\"@id\":\"https:\\\/\\\/ubirataonline.com.br\\\/#\\\/schema\\\/person\\\/372f87bbd3fdd79b8556b84c98d0bc1c\"},\"headline\":\"Prefeitura amplia estrutura de pontos de \u00f4nibus e prev\u00ea adequa\u00e7\u00f5es em cal\u00e7adas\",\"datePublished\":\"2026-05-12T08:05:53+00:00\",\"dateModified\":\"2026-05-12T08:05:55+00:00\",\"mainEntityOfPage\":{\"@id\":\"https:\\\/\\\/ubirataonline.com.br\\\/prefeitura-amplia-estrutura-de-pontos-de-onibus-e-preve-adequacoes-em-calcadas\\\/\"},\"wordCount\":313,\"publisher\":{\"@id\":\"https:\\\/\\\/ubirataonline.com.br\\\/#organization\"},\"image\":{\"@id\":\"https:\\\/\\\/ubirataonline.com.br\\\/prefeitura-amplia-estrutura-de-pontos-de-onibus-e-preve-adequacoes-em-calcadas\\\/#primaryimage\"},\"thumbnailUrl\":\"https:\\\/\\\/ubirataonline.com.br\\\/wp-content\\\/uploads\\\/2026\\\/05\\\/Prefeitura-amplia-estrutura-de-pontos-de-onibus-e-preve-adequacoes.jpeg\",\"keywords\":[\"adequa\u00e7\u00f5es\",\"amplia\",\"cal\u00e7adas\",\"estrutura\",\"\u00f4nibus\",\"Pontos\",\"prefeitura\",\"prev\u00ea\"],\"articleSection\":[\"Ubirat\u00e3\"],\"inLanguage\":\"en-US\",\"copyrightYear\":\"2026\",\"copyrightHolder\":{\"@id\":\"https:\\\/\\\/ubirataonline.com.br\\\/en\\\/#organization\"}},{\"@type\":\"WebPage\",\"@id\":\"https:\\\/\\\/ubirataonline.com.br\\\/prefeitura-amplia-estrutura-de-pontos-de-onibus-e-preve-adequacoes-em-calcadas\\\/\",\"url\":\"https:\\\/\\\/ubirataonline.com.br\\\/prefeitura-amplia-estrutura-de-pontos-de-onibus-e-preve-adequacoes-em-calcadas\\\/\",\"name\":\"Prefeitura amplia estrutura de pontos de \u00f4nibus e prev\u00ea adequa\u00e7\u00f5es em cal\u00e7adas - Ubirat\u00e3 Online Not\u00edcias - A realidade ao seu alcance!\",\"isPartOf\":{\"@id\":\"https:\\\/\\\/ubirataonline.com.br\\\/#website\"},\"primaryImageOfPage\":{\"@id\":\"https:\\\/\\\/ubirataonline.com.br\\\/prefeitura-amplia-estrutura-de-pontos-de-onibus-e-preve-adequacoes-em-calcadas\\\/#primaryimage\"},\"image\":{\"@id\":\"https:\\\/\\\/ubirataonline.com.br\\\/prefeitura-amplia-estrutura-de-pontos-de-onibus-e-preve-adequacoes-em-calcadas\\\/#primaryimage\"},\"thumbnailUrl\":\"https:\\\/\\\/ubirataonline.com.br\\\/wp-content\\\/uploads\\\/2026\\\/05\\\/Prefeitura-amplia-estrutura-de-pontos-de-onibus-e-preve-adequacoes.jpeg\",\"datePublished\":\"2026-05-12T08:05:53+00:00\",\"dateModified\":\"2026-05-12T08:05:55+00:00\",\"description\":\"A Prefeitura de Cascavel oficializou um novo investimento voltado \u00e0 mobilidade urbana e \u00e0 acessibilidade no munic\u00edpio. O projeto prev\u00ea a instala\u00e7\u00e3o de\",\"breadcrumb\":{\"@id\":\"https:\\\/\\\/ubirataonline.com.br\\\/prefeitura-amplia-estrutura-de-pontos-de-onibus-e-preve-adequacoes-em-calcadas\\\/#breadcrumb\"},\"inLanguage\":\"en-US\",\"potentialAction\":[{\"@type\":\"ReadAction\",\"target\":[\"https:\\\/\\\/ubirataonline.com.br\\\/prefeitura-amplia-estrutura-de-pontos-de-onibus-e-preve-adequacoes-em-calcadas\\\/\"]}]},{\"@type\":\"ImageObject\",\"inLanguage\":\"en-US\",\"@id\":\"https:\\\/\\\/ubirataonline.com.br\\\/prefeitura-amplia-estrutura-de-pontos-de-onibus-e-preve-adequacoes-em-calcadas\\\/#primaryimage\",\"url\":\"https:\\\/\\\/ubirataonline.com.br\\\/wp-content\\\/uploads\\\/2026\\\/05\\\/Prefeitura-amplia-estrutura-de-pontos-de-onibus-e-preve-adequacoes.jpeg\",\"contentUrl\":\"https:\\\/\\\/ubirataonline.com.br\\\/wp-content\\\/uploads\\\/2026\\\/05\\\/Prefeitura-amplia-estrutura-de-pontos-de-onibus-e-preve-adequacoes.jpeg\",\"width\":1280,\"height\":720,\"caption\":\"\"},{\"@type\":\"BreadcrumbList\",\"@id\":\"https:\\\/\\\/ubirataonline.com.br\\\/prefeitura-amplia-estrutura-de-pontos-de-onibus-e-preve-adequacoes-em-calcadas\\\/#breadcrumb\",\"itemListElement\":[{\"@type\":\"ListItem\",\"position\":1,\"name\":\"In\u00edcio\",\"item\":\"https:\\\/\\\/ubirataonline.com.br\\\/\"},{\"@type\":\"ListItem\",\"position\":2,\"name\":\"Prefeitura amplia estrutura de pontos de \u00f4nibus e prev\u00ea adequa\u00e7\u00f5es em cal\u00e7adas\"}]},{\"@type\":\"WebSite\",\"@id\":\"https:\\\/\\\/ubirataonline.com.br\\\/#website\",\"url\":\"https:\\\/\\\/ubirataonline.com.br\\\/\",\"name\":\"Ubirat\u00e3 Online Not\u00edcias\",\"description\":\"Not\u00edcias de Ubirat\u00e3, regi\u00e3o, Brasil e mundo, com informa\u00e7\u00e3o atualizada e compromisso com o leitor.\",\"publisher\":{\"@id\":\"https:\\\/\\\/ubirataonline.com.br\\\/#organization\"},\"alternateName\":\"Ubirat\u00e3 Online\",\"potentialAction\":[{\"@type\":\"SearchAction\",\"target\":{\"@type\":\"EntryPoint\",\"urlTemplate\":\"https:\\\/\\\/ubirataonline.com.br\\\/?s={search_term_string}\"},\"query-input\":{\"@type\":\"PropertyValueSpecification\",\"valueRequired\":true,\"valueName\":\"search_term_string\"}}],\"inLanguage\":\"en-US\"},{\"@type\":[\"Organization\",\"Place\"],\"@id\":\"https:\\\/\\\/ubirataonline.com.br\\\/#organization\",\"name\":\"Ubirat\u00e3 Online Not\u00edcias\",\"alternateName\":\"Ubirat\u00e3 Online\",\"url\":\"https:\\\/\\\/ubirataonline.com.br\\\/\",\"logo\":{\"@id\":\"https:\\\/\\\/ubirataonline.com.br\\\/prefeitura-amplia-estrutura-de-pontos-de-onibus-e-preve-adequacoes-em-calcadas\\\/#local-main-organization-logo\"},\"image\":{\"@id\":\"https:\\\/\\\/ubirataonline.com.br\\\/prefeitura-amplia-estrutura-de-pontos-de-onibus-e-preve-adequacoes-em-calcadas\\\/#local-main-organization-logo\"},\"sameAs\":[\"https:\\\/\\\/www.facebook.com\\\/portalubirataonline\",\"https:\\\/\\\/x.com\\\/ubirataonline\",\"https:\\\/\\\/mastodon.social\\\/@ubirataonline\",\"https:\\\/\\\/www.facebook.com\\\/groups\\\/311144672285604\",\"https:\\\/\\\/www.facebook.com\\\/UBTAOnline\",\"https:\\\/\\\/www.instagram.com\\\/portalubirataonline\\\/\",\"https:\\\/\\\/twitter.com\\\/ubirataonline\"],\"description\":\"Somos um portal de not\u00edcias independente, criado em 5 de janeiro de 2009, com o objetivo de informar, conectar e valorizar a nossa comunidade de Ubirat\u00e3 e toda aregi\u00e3o. Com conte\u00fado atualizado, confi\u00e1vel e relevante, o Ubirat\u00e3 Online \u00e9 o seu espa\u00e7o para ficar por dentro dos principais acontecimentos locais, regionais, Brasil, Mundo e de interesse geral. Nosso compromisso \u00e9 com a verdade, a transpar\u00eancia e o respeito ao leitor.\",\"legalName\":\"UBIRATA ONLINE NOT\u00cdCIAS\",\"foundingDate\":\"2009-01-05\",\"numberOfEmployees\":{\"@type\":\"QuantitativeValue\",\"minValue\":\"1\",\"maxValue\":\"10\"},\"publishingPrinciples\":\"https:\\\/\\\/ubirataonline.com.br\\\/faq\\\/\",\"address\":{\"@id\":\"https:\\\/\\\/ubirataonline.com.br\\\/prefeitura-amplia-estrutura-de-pontos-de-onibus-e-preve-adequacoes-em-calcadas\\\/#local-main-place-address\"},\"geo\":{\"@type\":\"GeoCoordinates\",\"latitude\":\"-24.5361401\",\"longitude\":\"-52.9921776\"},\"telephone\":[\"+5544998308235\"],\"contactPoint\":{\"@type\":\"ContactPoint\",\"email\":\"contato@ubirataonline.com.br\"},\"openingHoursSpecification\":{\"@type\":\"OpeningHoursSpecification\",\"dayOfWeek\":[\"Monday\",\"Tuesday\",\"Wednesday\",\"Thursday\",\"Friday\",\"Saturday\",\"Sunday\"],\"opens\":\"00:00\",\"closes\":\"23:59\"},\"email\":\"contato@ubirataonline.com.br\",\"vatID\":\"47.621.418\\\/0001-80\"},{\"@type\":\"Person\",\"@id\":\"https:\\\/\\\/ubirataonline.com.br\\\/#\\\/schema\\\/person\\\/372f87bbd3fdd79b8556b84c98d0bc1c\",\"name\":\"REDA\u00c7\u00c3O: UBIRAT\u00c3 ONLINE - F\u00c1BIO AUGUSTO CELESTINO\",\"pronouns\":\"Ele\",\"description\":\"Desde 2003 trabalhando com not\u00edcias.\",\"sameAs\":[\"http:\\\/\\\/ubirataoline.com.br\",\"https:\\\/\\\/www.facebook.com\\\/portalubirataonline\",\"https:\\\/\\\/www.instagram.com\\\/ubirataonline_oficial\",\"https:\\\/\\\/x.com\\\/x.com\\\/ubirataonline\"],\"honorificPrefix\":\"Mr.\",\"honorificSuffix\":\"MD\",\"birthDate\":\"1980-06-16\",\"gender\":\"masculino\",\"award\":[\"V\u00e1rios pr\u00eamios de melhor portal da cidade\"],\"jobTitle\":\"Diretor\",\"url\":\"https:\\\/\\\/ubirataonline.com.br\\\/en\\\/author\\\/ubirataonline\\\/\"},{\"@type\":\"PostalAddress\",\"@id\":\"https:\\\/\\\/ubirataonline.com.br\\\/prefeitura-amplia-estrutura-de-pontos-de-onibus-e-preve-adequacoes-em-calcadas\\\/#local-main-place-address\",\"streetAddress\":\"Rua dos Coqueiros, 104 - Bairro Boa Vista, Rua dos Coqueiros, 104 Bairro Boa Vista\",\"addressLocality\":\"UBIRATA\",\"postalCode\":\"85440-000\",\"addressRegion\":\"PR\",\"addressCountry\":\"BR\"},{\"@type\":\"ImageObject\",\"inLanguage\":\"en-US\",\"@id\":\"https:\\\/\\\/ubirataonline.com.br\\\/prefeitura-amplia-estrutura-de-pontos-de-onibus-e-preve-adequacoes-em-calcadas\\\/#local-main-organization-logo\",\"url\":\"https:\\\/\\\/ubirataonline.com.br\\\/wp-content\\\/uploads\\\/2026\\\/06\\\/logoubirataonline-1.webp\",\"contentUrl\":\"https:\\\/\\\/ubirataonline.com.br\\\/wp-content\\\/uploads\\\/2026\\\/06\\\/logoubirataonline-1.webp\",\"width\":500,\"height\":500,\"caption\":\"Ubirat\u00e3 Online Not\u00edcias\"}]}<\/script>\n<meta name=\"geo.placename\" content=\"UBIRATA\" \/>\n<meta name=\"geo.position\" content=\"-24.5361401;-52.9921776\" \/>\n<meta name=\"geo.region\" content=\"Brazil\" \/>\n<!-- \/ Yoast SEO Premium plugin. -->","yoast_head_json":{"title":"Prefeitura amplia estrutura de pontos de \u00f4nibus e prev\u00ea adequa\u00e7\u00f5es em cal\u00e7adas - Ubirat\u00e3 Online Not\u00edcias - A realidade ao seu alcance!","description":"A Prefeitura de Cascavel oficializou um novo investimento voltado \u00e0 mobilidade urbana e \u00e0 acessibilidade no munic\u00edpio. O projeto prev\u00ea a instala\u00e7\u00e3o de","robots":{"index":"index","follow":"follow","max-snippet":"max-snippet:-1","max-image-preview":"max-image-preview:large","max-video-preview":"max-video-preview:-1"},"canonical":"https:\/\/ubirataonline.com.br\/en\/prefeitura-amplia-estrutura-de-pontos-de-onibus-e-preve-adequacoes-em-calcadas\/","og_locale":"en_US","og_type":"article","og_title":"Prefeitura amplia estrutura de pontos de \u00f4nibus e prev\u00ea adequa\u00e7\u00f5es em cal\u00e7adas","og_description":"A Prefeitura de Cascavel oficializou um novo investimento voltado \u00e0 mobilidade urbana e \u00e0 acessibilidade no munic\u00edpio. O projeto prev\u00ea a instala\u00e7\u00e3o de","og_url":"https:\/\/ubirataonline.com.br\/en\/prefeitura-amplia-estrutura-de-pontos-de-onibus-e-preve-adequacoes-em-calcadas\/","og_site_name":"Ubirat\u00e3 Online Not\u00edcias - A realidade ao seu alcance!","article_publisher":"https:\/\/www.facebook.com\/portalubirataonline","article_author":"https:\/\/www.facebook.com\/portalubirataonline","article_published_time":"2026-05-12T08:05:53+00:00","article_modified_time":"2026-05-12T08:05:55+00:00","og_image":[{"width":1280,"height":720,"url":"https:\/\/ubirataonline.com.br\/wp-content\/uploads\/2026\/05\/Prefeitura-amplia-estrutura-de-pontos-de-onibus-e-preve-adequacoes.jpeg","type":"image\/jpeg"}],"author":"REDA\u00c7\u00c3O: UBIRAT\u00c3 ONLINE - F\u00c1BIO AUGUSTO CELESTINO","twitter_card":"summary_large_image","twitter_creator":"@x.com\/ubirataonline","twitter_site":"@ubirataonline","twitter_misc":{"Written by":"REDA\u00c7\u00c3O: UBIRAT\u00c3 ONLINE - F\u00c1BIO AUGUSTO CELESTINO","Est. reading time":"1 minute"},"schema":{"@context":"https:\/\/schema.org","@graph":[{"@type":"NewsArticle","@id":"https:\/\/ubirataonline.com.br\/prefeitura-amplia-estrutura-de-pontos-de-onibus-e-preve-adequacoes-em-calcadas\/#article","isPartOf":{"@id":"https:\/\/ubirataonline.com.br\/prefeitura-amplia-estrutura-de-pontos-de-onibus-e-preve-adequacoes-em-calcadas\/"},"author":{"name":"REDA\u00c7\u00c3O: UBIRAT\u00c3 ONLINE - F\u00c1BIO AUGUSTO CELESTINO","@id":"https:\/\/ubirataonline.com.br\/#\/schema\/person\/372f87bbd3fdd79b8556b84c98d0bc1c"},"headline":"Prefeitura amplia estrutura de pontos de \u00f4nibus e prev\u00ea adequa\u00e7\u00f5es em cal\u00e7adas","datePublished":"2026-05-12T08:05:53+00:00","dateModified":"2026-05-12T08:05:55+00:00","mainEntityOfPage":{"@id":"https:\/\/ubirataonline.com.br\/prefeitura-amplia-estrutura-de-pontos-de-onibus-e-preve-adequacoes-em-calcadas\/"},"wordCount":313,"publisher":{"@id":"https:\/\/ubirataonline.com.br\/#organization"},"image":{"@id":"https:\/\/ubirataonline.com.br\/prefeitura-amplia-estrutura-de-pontos-de-onibus-e-preve-adequacoes-em-calcadas\/#primaryimage"},"thumbnailUrl":"https:\/\/ubirataonline.com.br\/wp-content\/uploads\/2026\/05\/Prefeitura-amplia-estrutura-de-pontos-de-onibus-e-preve-adequacoes.jpeg","keywords":["adequa\u00e7\u00f5es","amplia","cal\u00e7adas","estrutura","\u00f4nibus","Pontos","prefeitura","prev\u00ea"],"articleSection":["Ubirat\u00e3"],"inLanguage":"en-US","copyrightYear":"2026","copyrightHolder":{"@id":"https:\/\/ubirataonline.com.br\/en\/#organization"}},{"@type":"WebPage","@id":"https:\/\/ubirataonline.com.br\/prefeitura-amplia-estrutura-de-pontos-de-onibus-e-preve-adequacoes-em-calcadas\/","url":"https:\/\/ubirataonline.com.br\/prefeitura-amplia-estrutura-de-pontos-de-onibus-e-preve-adequacoes-em-calcadas\/","name":"Prefeitura amplia estrutura de pontos de \u00f4nibus e prev\u00ea adequa\u00e7\u00f5es em cal\u00e7adas - Ubirat\u00e3 Online Not\u00edcias - A realidade ao seu alcance!","isPartOf":{"@id":"https:\/\/ubirataonline.com.br\/#website"},"primaryImageOfPage":{"@id":"https:\/\/ubirataonline.com.br\/prefeitura-amplia-estrutura-de-pontos-de-onibus-e-preve-adequacoes-em-calcadas\/#primaryimage"},"image":{"@id":"https:\/\/ubirataonline.com.br\/prefeitura-amplia-estrutura-de-pontos-de-onibus-e-preve-adequacoes-em-calcadas\/#primaryimage"},"thumbnailUrl":"https:\/\/ubirataonline.com.br\/wp-content\/uploads\/2026\/05\/Prefeitura-amplia-estrutura-de-pontos-de-onibus-e-preve-adequacoes.jpeg","datePublished":"2026-05-12T08:05:53+00:00","dateModified":"2026-05-12T08:05:55+00:00","description":"A Prefeitura de Cascavel oficializou um novo investimento voltado \u00e0 mobilidade urbana e \u00e0 acessibilidade no munic\u00edpio. O projeto prev\u00ea a instala\u00e7\u00e3o de","breadcrumb":{"@id":"https:\/\/ubirataonline.com.br\/prefeitura-amplia-estrutura-de-pontos-de-onibus-e-preve-adequacoes-em-calcadas\/#breadcrumb"},"inLanguage":"en-US","potentialAction":[{"@type":"ReadAction","target":["https:\/\/ubirataonline.com.br\/prefeitura-amplia-estrutura-de-pontos-de-onibus-e-preve-adequacoes-em-calcadas\/"]}]},{"@type":"ImageObject","inLanguage":"en-US","@id":"https:\/\/ubirataonline.com.br\/prefeitura-amplia-estrutura-de-pontos-de-onibus-e-preve-adequacoes-em-calcadas\/#primaryimage","url":"https:\/\/ubirataonline.com.br\/wp-content\/uploads\/2026\/05\/Prefeitura-amplia-estrutura-de-pontos-de-onibus-e-preve-adequacoes.jpeg","contentUrl":"https:\/\/ubirataonline.com.br\/wp-content\/uploads\/2026\/05\/Prefeitura-amplia-estrutura-de-pontos-de-onibus-e-preve-adequacoes.jpeg","width":1280,"height":720,"caption":""},{"@type":"BreadcrumbList","@id":"https:\/\/ubirataonline.com.br\/prefeitura-amplia-estrutura-de-pontos-de-onibus-e-preve-adequacoes-em-calcadas\/#breadcrumb","itemListElement":[{"@type":"ListItem","position":1,"name":"In\u00edcio","item":"https:\/\/ubirataonline.com.br\/"},{"@type":"ListItem","position":2,"name":"Prefeitura amplia estrutura de pontos de \u00f4nibus e prev\u00ea adequa\u00e7\u00f5es em cal\u00e7adas"}]},{"@type":"WebSite","@id":"https:\/\/ubirataonline.com.br\/#website","url":"https:\/\/ubirataonline.com.br\/","name":"Ubirat\u00e3 Online Not\u00edcias","description":"Not\u00edcias de Ubirat\u00e3, regi\u00e3o, Brasil e mundo, com informa\u00e7\u00e3o atualizada e compromisso com o leitor.","publisher":{"@id":"https:\/\/ubirataonline.com.br\/#organization"},"alternateName":"Ubirat\u00e3 Online","potentialAction":[{"@type":"SearchAction","target":{"@type":"EntryPoint","urlTemplate":"https:\/\/ubirataonline.com.br\/?s={search_term_string}"},"query-input":{"@type":"PropertyValueSpecification","valueRequired":true,"valueName":"search_term_string"}}],"inLanguage":"en-US"},{"@type":["Organization","Place"],"@id":"https:\/\/ubirataonline.com.br\/#organization","name":"Ubirat\u00e3 Online Not\u00edcias","alternateName":"Ubirat\u00e3 Online","url":"https:\/\/ubirataonline.com.br\/","logo":{"@id":"https:\/\/ubirataonline.com.br\/prefeitura-amplia-estrutura-de-pontos-de-onibus-e-preve-adequacoes-em-calcadas\/#local-main-organization-logo"},"image":{"@id":"https:\/\/ubirataonline.com.br\/prefeitura-amplia-estrutura-de-pontos-de-onibus-e-preve-adequacoes-em-calcadas\/#local-main-organization-logo"},"sameAs":["https:\/\/www.facebook.com\/portalubirataonline","https:\/\/x.com\/ubirataonline","https:\/\/mastodon.social\/@ubirataonline","https:\/\/www.facebook.com\/groups\/311144672285604","https:\/\/www.facebook.com\/UBTAOnline","https:\/\/www.instagram.com\/portalubirataonline\/","https:\/\/twitter.com\/ubirataonline"],"description":"Somos um portal de not\u00edcias independente, criado em 5 de janeiro de 2009, com o objetivo de informar, conectar e valorizar a nossa comunidade de Ubirat\u00e3 e toda aregi\u00e3o. Com conte\u00fado atualizado, confi\u00e1vel e relevante, o Ubirat\u00e3 Online \u00e9 o seu espa\u00e7o para ficar por dentro dos principais acontecimentos locais, regionais, Brasil, Mundo e de interesse geral. Nosso compromisso \u00e9 com a verdade, a transpar\u00eancia e o respeito ao leitor.","legalName":"UBIRATA ONLINE NOT\u00cdCIAS","foundingDate":"2009-01-05","numberOfEmployees":{"@type":"QuantitativeValue","minValue":"1","maxValue":"10"},"publishingPrinciples":"https:\/\/ubirataonline.com.br\/faq\/","address":{"@id":"https:\/\/ubirataonline.com.br\/prefeitura-amplia-estrutura-de-pontos-de-onibus-e-preve-adequacoes-em-calcadas\/#local-main-place-address"},"geo":{"@type":"GeoCoordinates","latitude":"-24.5361401","longitude":"-52.9921776"},"telephone":["+5544998308235"],"contactPoint":{"@type":"ContactPoint","email":"contato@ubirataonline.com.br"},"openingHoursSpecification":{"@type":"OpeningHoursSpecification","dayOfWeek":["Monday","Tuesday","Wednesday","Thursday","Friday","Saturday","Sunday"],"opens":"00:00","closes":"23:59"},"email":"contato@ubirataonline.com.br","vatID":"47.621.418\/0001-80"},{"@type":"Person","@id":"https:\/\/ubirataonline.com.br\/#\/schema\/person\/372f87bbd3fdd79b8556b84c98d0bc1c","name":"REDA\u00c7\u00c3O: UBIRAT\u00c3 ONLINE - F\u00c1BIO AUGUSTO CELESTINO","pronouns":"Ele","description":"Desde 2003 trabalhando com not\u00edcias.","sameAs":["http:\/\/ubirataoline.com.br","https:\/\/www.facebook.com\/portalubirataonline","https:\/\/www.instagram.com\/ubirataonline_oficial","https:\/\/x.com\/x.com\/ubirataonline"],"honorificPrefix":"Mr.","honorificSuffix":"MD","birthDate":"1980-06-16","gender":"masculino","award":["V\u00e1rios pr\u00eamios de melhor portal da cidade"],"jobTitle":"Diretor","url":"https:\/\/ubirataonline.com.br\/en\/author\/ubirataonline\/"},{"@type":"PostalAddress","@id":"https:\/\/ubirataonline.com.br\/prefeitura-amplia-estrutura-de-pontos-de-onibus-e-preve-adequacoes-em-calcadas\/#local-main-place-address","streetAddress":"Rua dos Coqueiros, 104 - Bairro Boa Vista, Rua dos Coqueiros, 104 Bairro Boa Vista","addressLocality":"UBIRATA","postalCode":"85440-000","addressRegion":"PR","addressCountry":"BR"},{"@type":"ImageObject","inLanguage":"en-US","@id":"https:\/\/ubirataonline.com.br\/prefeitura-amplia-estrutura-de-pontos-de-onibus-e-preve-adequacoes-em-calcadas\/#local-main-organization-logo","url":"https:\/\/ubirataonline.com.br\/wp-content\/uploads\/2026\/06\/logoubirataonline-1.webp","contentUrl":"https:\/\/ubirataonline.com.br\/wp-content\/uploads\/2026\/06\/logoubirataonline-1.webp","width":500,"height":500,"caption":"Ubirat\u00e3 Online Not\u00edcias"}]},"geo.placename":"UBIRATA","geo.position":{"lat":"-24.5361401","long":"-52.9921776"},"geo.region":"Brazil"},"_links":{"self":[{"href":"https:\/\/ubirataonline.com.br\/en\/wp-json\/wp\/v2\/posts\/127579","targetHints":{"allow":["GET"]}}],"collection":[{"href":"https:\/\/ubirataonline.com.br\/en\/wp-json\/wp\/v2\/posts"}],"about":[{"href":"https:\/\/ubirataonline.com.br\/en\/wp-json\/wp\/v2\/types\/post"}],"author":[{"embeddable":true,"href":"https:\/\/ubirataonline.com.br\/en\/wp-json\/wp\/v2\/users\/1"}],"replies":[{"embeddable":true,"href":"https:\/\/ubirataonline.com.br\/en\/wp-json\/wp\/v2\/comments?post=127579"}],"version-history":[{"count":0,"href":"https:\/\/ubirataonline.com.br\/en\/wp-json\/wp\/v2\/posts\/127579\/revisions"}],"wp:featuredmedia":[{"embeddable":true,"href":"https:\/\/ubirataonline.com.br\/en\/wp-json\/wp\/v2\/media\/127580"}],"wp:attachment":[{"href":"https:\/\/ubirataonline.com.br\/en\/wp-json\/wp\/v2\/media?parent=127579"}],"wp:term":[{"taxonomy":"category","embeddable":true,"href":"https:\/\/ubirataonline.com.br\/en\/wp-json\/wp\/v2\/categories?post=127579"},{"taxonomy":"post_tag","embeddable":true,"href":"https:\/\/ubirataonline.com.br\/en\/wp-json\/wp\/v2\/tags?post=127579"}],"curies":[{"name":"wp","href":"https:\/\/api.w.org\/{rel}","templated":true}]}}